{"id":4674,"date":"2020-06-18T15:11:44","date_gmt":"2020-06-18T13:11:44","guid":{"rendered":"https:\/\/instytutpolski.pl\/bucuresti\/?p=4674"},"modified":"2020-07-14T12:59:44","modified_gmt":"2020-07-14T10:59:44","slug":"arta-in-perioada-pandemiei-cultural-management-academy-2020","status":"publish","type":"post","link":"https:\/\/instytutpolski.pl\/bucuresti\/2020\/06\/18\/arta-in-perioada-pandemiei-cultural-management-academy-2020\/","title":{"rendered":"Arta \u00een perioada pandemiei &#8211; Cultural Management Academy 2020"},"content":{"rendered":"\n<p lang=\"en-US\"><span style=\"font-family: Times New Roman, serif\"><span style=\"font-size: medium\"><span style=\"color: #000000\"><span style=\"font-family: Calibri, sans-serif\">Edi<\/span><\/span><span style=\"color: #000000\"><span style=\"font-family: Calibri, sans-serif\">\u021b<\/span><\/span><span style=\"color: #000000\"><span style=\"font-family: Calibri, sans-serif\">ia din acest an a programului va avea loc, \u00een formul\u0103 online, \u00een perioada 27 iulie &#8211; 1 august 2020, sub sloganul \u201eLaboratorul corpului absent. Scenarii de readaptare \u00een artele performative\u201d.<\/span><\/span><\/span><\/span><\/p>\n<p lang=\"en-US\"><span style=\"font-family: Times New Roman, serif\"><span style=\"font-size: medium\"><span style=\"color: #000000\"><span style=\"font-family: Calibri, sans-serif\">\u00cen timpul academiei, lectori cu experien<\/span><\/span><span style=\"color: #000000\"><span style=\"font-family: Calibri, sans-serif\">\u021b<\/span><\/span><span style=\"color: #000000\"><span style=\"font-family: Calibri, sans-serif\">\u0103 din diferite <\/span><\/span><span style=\"color: #000000\"><span style=\"font-family: Calibri, sans-serif\">\u021b<\/span><\/span><span style=\"color: #000000\"><span style=\"font-family: Calibri, sans-serif\">\u0103ri europene \u00ee<\/span><\/span><span style=\"color: #000000\"><span style=\"font-family: Calibri, sans-serif\">\u0219<\/span><\/span><span style=\"color: #000000\"><span style=\"font-family: Calibri, sans-serif\">i \u00eemp\u0103rt\u0103<\/span><\/span><span style=\"color: #000000\"><span style=\"font-family: Calibri, sans-serif\">\u0219<\/span><\/span><span style=\"color: #000000\"><span style=\"font-family: Calibri, sans-serif\">esc cuno<\/span><\/span><span style=\"color: #000000\"><span style=\"font-family: Calibri, sans-serif\">\u0219<\/span><\/span><span style=\"color: #000000\"><span style=\"font-family: Calibri, sans-serif\">tin<\/span><\/span><span style=\"color: #000000\"><span style=\"font-family: Calibri, sans-serif\">\u021b<\/span><\/span><span style=\"color: #000000\"><span style=\"font-family: Calibri, sans-serif\">ele cu participan<\/span><\/span><span style=\"color: #000000\"><span style=\"font-family: Calibri, sans-serif\">\u021b<\/span><\/span><span style=\"color: #000000\"><span style=\"font-family: Calibri, sans-serif\">ii la cursuri. Avantajul programului este formula sa cameral\u0103 &#8211; num\u0103rul de participan<\/span><\/span><span style=\"color: #000000\"><span style=\"font-family: Calibri, sans-serif\">\u021b<\/span><\/span><span style=\"color: #000000\"><span style=\"font-family: Calibri, sans-serif\">i la fiecare edi<\/span><\/span><span style=\"color: #000000\"><span style=\"font-family: Calibri, sans-serif\">\u021b<\/span><\/span><span style=\"color: #000000\"><span style=\"font-family: Calibri, sans-serif\">ie nu dep\u0103<\/span><\/span><span style=\"color: #000000\"><span style=\"font-family: Calibri, sans-serif\">\u0219<\/span><\/span><span style=\"color: #000000\"><span style=\"font-family: Calibri, sans-serif\">e<\/span><\/span><span style=\"color: #000000\"><span style=\"font-family: Calibri, sans-serif\">\u0219<\/span><\/span><span style=\"color: #000000\"><span style=\"font-family: Calibri, sans-serif\">te 15 persoane.<\/span><\/span><\/span><\/span><\/p>\n<p lang=\"en-US\"><span style=\"font-family: Times New Roman, serif\"><span style=\"font-size: medium\"><span style=\"color: #000000\"><span style=\"font-family: Calibri, sans-serif\">Academia Managementului Cultural este un proiect ini<\/span><\/span><span style=\"color: #000000\"><span style=\"font-family: Calibri, sans-serif\">\u021b<\/span><\/span><span style=\"color: #000000\"><span style=\"font-family: Calibri, sans-serif\">iat \u00een Rom\u00e2nia, \u00een anul 2017, de c\u0103tre clusterul re<\/span><\/span><span style=\"color: #000000\"><span style=\"font-family: Calibri, sans-serif\">\u021b<\/span><\/span><span style=\"color: #000000\"><span style=\"font-family: Calibri, sans-serif\">elei europene de institute de cultur\u0103 EUNIC Rom\u00e2nia, organizat de Goethe-Institut din Bucure<\/span><\/span><span style=\"color: #000000\"><span style=\"font-family: Calibri, sans-serif\">\u0219<\/span><\/span><span style=\"color: #000000\"><span style=\"font-family: Calibri, sans-serif\">ti <\/span><\/span><span style=\"color: #000000\"><span style=\"font-family: Calibri, sans-serif\">\u0219<\/span><\/span><span style=\"color: #000000\"><span style=\"font-family: Calibri, sans-serif\">i Asocia<\/span><\/span><span style=\"color: #000000\"><span style=\"font-family: Calibri, sans-serif\">\u021b<\/span><\/span><span style=\"color: #000000\"><span style=\"font-family: Calibri, sans-serif\">ia Colectiv A, <\/span><\/span><span style=\"color: #000000\"><span style=\"font-family: Calibri, sans-serif\">iar<\/span><\/span><span style=\"color: #000000\"><span style=\"font-family: Calibri, sans-serif\"> \u00een 2020 co-finan<\/span><\/span><span style=\"color: #000000\"><span style=\"font-family: Calibri, sans-serif\">\u021b<\/span><\/span><span style=\"color: #000000\"><span style=\"font-family: Calibri, sans-serif\">at de AFCN <\/span><\/span><span style=\"color: #000000\"><span style=\"font-family: Calibri, sans-serif\">\u0219<\/span><\/span><span style=\"color: #000000\"><span style=\"font-family: Calibri, sans-serif\">i membrii EUNIC.<\/span><\/span><\/span><\/span><\/p>\n<p lang=\"en-US\"><span style=\"font-family: Times New Roman, serif\"><span style=\"font-size: medium\"><span style=\"color: #000000\"><span style=\"font-family: Calibri, sans-serif\">P\u00e2n\u0103 \u00een anul 2019, academia a avut caracterul unui program regional postuniversitar, adresat managerilor de cultur\u0103 din diferite <\/span><\/span><span style=\"color: #000000\"><span style=\"font-family: Calibri, sans-serif\">\u021b<\/span><\/span><span style=\"color: #000000\"><span style=\"font-family: Calibri, sans-serif\">\u0103ri. Anul acesta, ea se adreseaz\u0103 rom\u00e2nilor <\/span><\/span><span style=\"color: #000000\"><span style=\"font-family: Calibri, sans-serif\">\u0219<\/span><\/span><span style=\"color: #000000\"><span style=\"font-family: Calibri, sans-serif\">i moldovenilor, iar din cauza pandemiei cu coronavirus va fi organizat\u0103 integral \u00een sistem online.<\/span><\/span><\/span><\/span><\/p>\n<p lang=\"en-US\"><span style=\"font-family: Times New Roman, serif\"><span style=\"font-size: medium\"><span style=\"color: #000000\"><span style=\"font-family: Calibri, sans-serif\">Institutul Polonez din Bucure<\/span><\/span><span style=\"color: #000000\"><span style=\"font-family: Calibri, sans-serif\">\u0219<\/span><\/span><span style=\"color: #000000\"><span style=\"font-family: Calibri, sans-serif\">ti finan<\/span><\/span><span style=\"color: #000000\"><span style=\"font-family: Calibri, sans-serif\">\u021b<\/span><\/span><span style=\"color: #000000\"><span style=\"font-family: Calibri, sans-serif\">eaz\u0103 participarea lectorilor polonezi \u00eenc\u0103 de la prima edi<\/span><\/span><span style=\"color: #000000\"><span style=\"font-family: Calibri, sans-serif\">\u021b<\/span><\/span><span style=\"color: #000000\"><span style=\"font-family: Calibri, sans-serif\">ie a programului.<\/span><\/span><\/span><\/span><\/p>\n<p lang=\"en-US\"><span style=\"font-family: Calibri, sans-serif\"><span style=\"font-size: medium\">Detalii \u015fi formularul de aplicare: <a href=\"https:\/\/colectiva.ro\/proiecte\/cultural-management-academy\/inscrie-te\/\" target=\"_blank\" rel=\"noopener noreferrer\">https:\/\/colectiva.ro\/proiecte\/cultural-management-academy\/inscrie-te\/<\/a><\/span><\/span><\/p>\n","protected":false},"excerpt":{"rendered":"<p>Edi\u021bia din acest an a programului va avea loc, \u00een formul\u0103 online, \u00een perioada 27 iulie &#8211; 1 august 2020, sub sloganul \u201eLaboratorul corpului absent. Scenarii de readaptare \u00een artele performative\u201d. \u00cen timpul academiei, lectori cu experien\u021b\u0103 din diferite \u021b\u0103ri europene \u00ee\u0219i \u00eemp\u0103rt\u0103\u0219esc cuno\u0219tin\u021bele cu participan\u021bii la cursuri. Avantajul programului este formula sa cameral\u0103 &#8211; [&hellip;]<\/p>\n","protected":false},"author":42,"featured_media":4671,"comment_status":"open","ping_status":"open","sticky":false,"template":"","format":"standard","meta":{"inline_featured_image":false,"_monsterinsights_skip_tracking":false,"_monsterinsights_sitenote_active":false,"_monsterinsights_sitenote_note":"","_monsterinsights_sitenote_category":0,"footnotes":""},"categories":[16,94,100],"tags":[],"class_list":["post-4674","post","type-post","status-publish","format-standard","has-post-thumbnail","hentry","category-arte-vizuale","category-evenimente","category-stiri-ro"],"yoast_head":"<!-- This site is optimized with the Yoast SEO plugin v24.6 - https:\/\/yoast.com\/wordpress\/plugins\/seo\/ -->\n<title>Arta \u00een perioada pandemiei - Cultural Management Academy 2020 - Instytut Polski w Bukareszcie<\/title>\n<meta name=\"robots\" content=\"index, follow, max-snippet:-1, max-image-preview:large, max-video-preview:-1\" \/>\n<link rel=\"canonical\" href=\"https:\/\/instytutpolski.pl\/bucuresti\/2020\/06\/18\/arta-in-perioada-pandemiei-cultural-management-academy-2020\/\" \/>\n<meta property=\"og:locale\" content=\"pl_PL\" \/>\n<meta property=\"og:type\" content=\"article\" \/>\n<meta property=\"og:title\" content=\"Arta \u00een perioada pandemiei - Cultural Management Academy 2020 - Instytut Polski w Bukareszcie\" \/>\n<meta property=\"og:description\" content=\"Edi\u021bia din acest an a programului va avea loc, \u00een formul\u0103 online, \u00een perioada 27 iulie &#8211; 1 august 2020, sub sloganul \u201eLaboratorul corpului absent. Scenarii de readaptare \u00een artele performative\u201d. \u00cen timpul academiei, lectori cu experien\u021b\u0103 din diferite \u021b\u0103ri europene \u00ee\u0219i \u00eemp\u0103rt\u0103\u0219esc cuno\u0219tin\u021bele cu participan\u021bii la cursuri. Avantajul programului este formula sa cameral\u0103 &#8211; [&hellip;]\" \/>\n<meta property=\"og:url\" content=\"https:\/\/instytutpolski.pl\/bucuresti\/2020\/06\/18\/arta-in-perioada-pandemiei-cultural-management-academy-2020\/\" \/>\n<meta property=\"og:site_name\" content=\"Instytut Polski w Bukareszcie\" \/>\n<meta property=\"article:published_time\" content=\"2020-06-18T13:11:44+00:00\" \/>\n<meta property=\"article:modified_time\" content=\"2020-07-14T10:59:44+00:00\" \/>\n<meta property=\"og:image\" content=\"https:\/\/instytutpolski.pl\/bucuresti\/wp-content\/uploads\/sites\/11\/2020\/06\/CMA-O-RO-Website-Banner-Medium.jpg\" \/>\n\t<meta property=\"og:image:width\" content=\"1920\" \/>\n\t<meta property=\"og:image:height\" content=\"730\" \/>\n\t<meta property=\"og:image:type\" content=\"image\/jpeg\" \/>\n<meta name=\"author\" content=\"rutkowskip\" \/>\n<meta name=\"twitter:card\" content=\"summary_large_image\" \/>\n<meta name=\"twitter:label1\" content=\"Napisane przez\" \/>\n\t<meta name=\"twitter:data1\" content=\"rutkowskip\" \/>\n\t<meta name=\"twitter:label2\" content=\"Szacowany czas czytania\" \/>\n\t<meta name=\"twitter:data2\" content=\"1 minuta\" \/>\n<script type=\"application\/ld+json\" class=\"yoast-schema-graph\">{\"@context\":\"https:\/\/schema.org\",\"@graph\":[{\"@type\":\"event\",\"@id\":\"https:\/\/instytutpolski.pl\/bucuresti\/2020\/06\/18\/arta-in-perioada-pandemiei-cultural-management-academy-2020\/\",\"url\":\"https:\/\/instytutpolski.pl\/bucuresti\/2020\/06\/18\/arta-in-perioada-pandemiei-cultural-management-academy-2020\/\",\"name\":\"Arta \u00een perioada pandemiei - Cultural Management Academy 2020\",\"isPartOf\":{\"@id\":\"https:\/\/instytutpolski.pl\/bucuresti\/#website\"},\"primaryImageOfPage\":{\"@id\":\"https:\/\/instytutpolski.pl\/bucuresti\/2020\/06\/18\/arta-in-perioada-pandemiei-cultural-management-academy-2020\/#primaryimage\"},\"image\":[\"https:\/\/instytutpolski.pl\/bucuresti\/wp-content\/uploads\/sites\/11\/2020\/06\/CMA-O-RO-Website-Banner-Medium.jpg\",\"https:\/\/instytutpolski.pl\/bucuresti\/wp-content\/uploads\/sites\/11\/2020\/06\/CMA-O-RO-Website-Banner-Medium-300x114.jpg\",\"https:\/\/instytutpolski.pl\/bucuresti\/wp-content\/uploads\/sites\/11\/2020\/06\/CMA-O-RO-Website-Banner-Medium-1024x389.jpg\",\"https:\/\/instytutpolski.pl\/bucuresti\/wp-content\/uploads\/sites\/11\/2020\/06\/CMA-O-RO-Website-Banner-Medium.jpg\"],\"thumbnailUrl\":\"https:\/\/instytutpolski.pl\/bucuresti\/wp-content\/uploads\/sites\/11\/2020\/06\/CMA-O-RO-Website-Banner-Medium.jpg\",\"datePublished\":\"2020-06-18T13:11:44+02:00\",\"dateModified\":\"2020-07-14T10:59:44+02:00\",\"author\":{\"@id\":\"https:\/\/instytutpolski.pl\/bucuresti\/#\/schema\/person\/980fdccff6ea3f1cab069becadecca5b\"},\"breadcrumb\":{\"@id\":\"https:\/\/instytutpolski.pl\/bucuresti\/2020\/06\/18\/arta-in-perioada-pandemiei-cultural-management-academy-2020\/#breadcrumb\"},\"inLanguage\":\"pl-PL\",\"potentialAction\":[{\"@type\":\"ReadAction\",\"target\":[\"https:\/\/instytutpolski.pl\/bucuresti\/2020\/06\/18\/arta-in-perioada-pandemiei-cultural-management-academy-2020\/\"]}],\"@context\":\"https:\/\/schema.org\",\"startDate\":\"2020-06-18\",\"endDate\":\"2020-07-05\",\"eventStatus\":\"EventScheduled\",\"eventAttendanceMode\":\"OfflineEventAttendanceMode\",\"location\":{\"@type\":\"place\",\"name\":\"\",\"address\":\"\",\"geo\":{\"@type\":\"GeoCoordinates\",\"latitude\":\"\",\"longitude\":\"\"}},\"description\":\"Edi\u021bia din acest an a programului va avea loc, \u00een formul\u0103 online, \u00een perioada 27 iulie - 1 august 2020, sub sloganul \u201eLaboratorul corpului absent. Scenarii de readaptare \u00een artele performative\u201d.\\n\u00cen timpul academiei, lectori cu experien\u021b\u0103 din diferite \u021b\u0103ri europene \u00ee\u0219i \u00eemp\u0103rt\u0103\u0219esc cuno\u0219tin\u021bele cu participan\u021bii la cursuri. Avantajul programului este formula sa cameral\u0103 - num\u0103rul de participan\u021bi la fiecare edi\u021bie nu dep\u0103\u0219e\u0219te 15 persoane.\\nAcademia Managementului Cultural este un proiect ini\u021biat \u00een Rom\u00e2nia, \u00een anul 2017, de c\u0103tre clusterul re\u021belei europene de institute de cultur\u0103 EUNIC Rom\u00e2nia, organizat de Goethe-Institut din Bucure\u0219ti \u0219i Asocia\u021bia Colectiv A, iar \u00een 2020 co-finan\u021bat de AFCN \u0219i membrii EUNIC.\\nP\u00e2n\u0103 \u00een anul 2019, academia a avut caracterul unui program regional postuniversitar, adresat managerilor de cultur\u0103 din diferite \u021b\u0103ri. Anul acesta, ea se adreseaz\u0103 rom\u00e2nilor \u0219i moldovenilor, iar din cauza pandemiei cu coronavirus va fi organizat\u0103 integral \u00een sistem online.\\nInstitutul Polonez din Bucure\u0219ti finan\u021beaz\u0103 participarea lectorilor polonezi \u00eenc\u0103 de la prima edi\u021bie a programului.\\nDetalii \u015fi formularul de aplicare: https:\/\/colectiva.ro\/proiecte\/cultural-management-academy\/inscrie-te\/\"},{\"@type\":\"ImageObject\",\"inLanguage\":\"pl-PL\",\"@id\":\"https:\/\/instytutpolski.pl\/bucuresti\/2020\/06\/18\/arta-in-perioada-pandemiei-cultural-management-academy-2020\/#primaryimage\",\"url\":\"https:\/\/instytutpolski.pl\/bucuresti\/wp-content\/uploads\/sites\/11\/2020\/06\/CMA-O-RO-Website-Banner-Medium.jpg\",\"contentUrl\":\"https:\/\/instytutpolski.pl\/bucuresti\/wp-content\/uploads\/sites\/11\/2020\/06\/CMA-O-RO-Website-Banner-Medium.jpg\",\"width\":1920,\"height\":730},{\"@type\":\"BreadcrumbList\",\"@id\":\"https:\/\/instytutpolski.pl\/bucuresti\/2020\/06\/18\/arta-in-perioada-pandemiei-cultural-management-academy-2020\/#breadcrumb\",\"itemListElement\":[{\"@type\":\"ListItem\",\"position\":1,\"name\":\"Home\",\"item\":\"https:\/\/instytutpolski.pl\/bucuresti\/\"},{\"@type\":\"ListItem\",\"position\":2,\"name\":\"Arta \u00een perioada pandemiei &#8211; Cultural Management Academy 2020\"}]},{\"@type\":\"WebSite\",\"@id\":\"https:\/\/instytutpolski.pl\/bucuresti\/#website\",\"url\":\"https:\/\/instytutpolski.pl\/bucuresti\/\",\"name\":\"Instytut Polski w Bukareszcie\",\"description\":\"Instytuty Polskie\",\"potentialAction\":[{\"@type\":\"SearchAction\",\"target\":{\"@type\":\"EntryPoint\",\"urlTemplate\":\"https:\/\/instytutpolski.pl\/bucuresti\/?s={search_term_string}\"},\"query-input\":{\"@type\":\"PropertyValueSpecification\",\"valueRequired\":true,\"valueName\":\"search_term_string\"}}],\"inLanguage\":\"pl-PL\"},{\"@type\":\"Person\",\"@id\":\"https:\/\/instytutpolski.pl\/bucuresti\/#\/schema\/person\/980fdccff6ea3f1cab069becadecca5b\",\"name\":\"rutkowskip\",\"image\":{\"@type\":\"ImageObject\",\"inLanguage\":\"pl-PL\",\"@id\":\"https:\/\/instytutpolski.pl\/bucuresti\/#\/schema\/person\/image\/\",\"url\":\"https:\/\/secure.gravatar.com\/avatar\/a44cb0329dc71f58530e0890a10f5e4d?s=96&d=mm&r=g\",\"contentUrl\":\"https:\/\/secure.gravatar.com\/avatar\/a44cb0329dc71f58530e0890a10f5e4d?s=96&d=mm&r=g\",\"caption\":\"rutkowskip\"},\"url\":\"https:\/\/instytutpolski.pl\/bucuresti\/author\/rutkowskip\/\"}]}<\/script>\n<!-- \/ Yoast SEO plugin. -->","yoast_head_json":{"title":"Arta \u00een perioada pandemiei - Cultural Management Academy 2020 - Instytut Polski w Bukareszcie","robots":{"index":"index","follow":"follow","max-snippet":"max-snippet:-1","max-image-preview":"max-image-preview:large","max-video-preview":"max-video-preview:-1"},"canonical":"https:\/\/instytutpolski.pl\/bucuresti\/2020\/06\/18\/arta-in-perioada-pandemiei-cultural-management-academy-2020\/","og_locale":"pl_PL","og_type":"article","og_title":"Arta \u00een perioada pandemiei - Cultural Management Academy 2020 - Instytut Polski w Bukareszcie","og_description":"Edi\u021bia din acest an a programului va avea loc, \u00een formul\u0103 online, \u00een perioada 27 iulie &#8211; 1 august 2020, sub sloganul \u201eLaboratorul corpului absent. Scenarii de readaptare \u00een artele performative\u201d. \u00cen timpul academiei, lectori cu experien\u021b\u0103 din diferite \u021b\u0103ri europene \u00ee\u0219i \u00eemp\u0103rt\u0103\u0219esc cuno\u0219tin\u021bele cu participan\u021bii la cursuri. Avantajul programului este formula sa cameral\u0103 &#8211; [&hellip;]","og_url":"https:\/\/instytutpolski.pl\/bucuresti\/2020\/06\/18\/arta-in-perioada-pandemiei-cultural-management-academy-2020\/","og_site_name":"Instytut Polski w Bukareszcie","article_published_time":"2020-06-18T13:11:44+00:00","article_modified_time":"2020-07-14T10:59:44+00:00","og_image":[{"width":1920,"height":730,"url":"https:\/\/instytutpolski.pl\/bucuresti\/wp-content\/uploads\/sites\/11\/2020\/06\/CMA-O-RO-Website-Banner-Medium.jpg","type":"image\/jpeg"}],"author":"rutkowskip","twitter_card":"summary_large_image","twitter_misc":{"Napisane przez":"rutkowskip","Szacowany czas czytania":"1 minuta"},"schema":{"@context":"https:\/\/schema.org","@graph":[{"@type":"event","@id":"https:\/\/instytutpolski.pl\/bucuresti\/2020\/06\/18\/arta-in-perioada-pandemiei-cultural-management-academy-2020\/","url":"https:\/\/instytutpolski.pl\/bucuresti\/2020\/06\/18\/arta-in-perioada-pandemiei-cultural-management-academy-2020\/","name":"Arta \u00een perioada pandemiei - Cultural Management Academy 2020","isPartOf":{"@id":"https:\/\/instytutpolski.pl\/bucuresti\/#website"},"primaryImageOfPage":{"@id":"https:\/\/instytutpolski.pl\/bucuresti\/2020\/06\/18\/arta-in-perioada-pandemiei-cultural-management-academy-2020\/#primaryimage"},"image":["https:\/\/instytutpolski.pl\/bucuresti\/wp-content\/uploads\/sites\/11\/2020\/06\/CMA-O-RO-Website-Banner-Medium.jpg","https:\/\/instytutpolski.pl\/bucuresti\/wp-content\/uploads\/sites\/11\/2020\/06\/CMA-O-RO-Website-Banner-Medium-300x114.jpg","https:\/\/instytutpolski.pl\/bucuresti\/wp-content\/uploads\/sites\/11\/2020\/06\/CMA-O-RO-Website-Banner-Medium-1024x389.jpg","https:\/\/instytutpolski.pl\/bucuresti\/wp-content\/uploads\/sites\/11\/2020\/06\/CMA-O-RO-Website-Banner-Medium.jpg"],"thumbnailUrl":"https:\/\/instytutpolski.pl\/bucuresti\/wp-content\/uploads\/sites\/11\/2020\/06\/CMA-O-RO-Website-Banner-Medium.jpg","datePublished":"2020-06-18T13:11:44+02:00","dateModified":"2020-07-14T10:59:44+02:00","author":{"@id":"https:\/\/instytutpolski.pl\/bucuresti\/#\/schema\/person\/980fdccff6ea3f1cab069becadecca5b"},"breadcrumb":{"@id":"https:\/\/instytutpolski.pl\/bucuresti\/2020\/06\/18\/arta-in-perioada-pandemiei-cultural-management-academy-2020\/#breadcrumb"},"inLanguage":"pl-PL","potentialAction":[{"@type":"ReadAction","target":["https:\/\/instytutpolski.pl\/bucuresti\/2020\/06\/18\/arta-in-perioada-pandemiei-cultural-management-academy-2020\/"]}],"@context":"https:\/\/schema.org","startDate":"2020-06-18","endDate":"2020-07-05","eventStatus":"EventScheduled","eventAttendanceMode":"OfflineEventAttendanceMode","location":{"@type":"place","name":"","address":"","geo":{"@type":"GeoCoordinates","latitude":"","longitude":""}},"description":"Edi\u021bia din acest an a programului va avea loc, \u00een formul\u0103 online, \u00een perioada 27 iulie - 1 august 2020, sub sloganul \u201eLaboratorul corpului absent. Scenarii de readaptare \u00een artele performative\u201d.\n\u00cen timpul academiei, lectori cu experien\u021b\u0103 din diferite \u021b\u0103ri europene \u00ee\u0219i \u00eemp\u0103rt\u0103\u0219esc cuno\u0219tin\u021bele cu participan\u021bii la cursuri. Avantajul programului este formula sa cameral\u0103 - num\u0103rul de participan\u021bi la fiecare edi\u021bie nu dep\u0103\u0219e\u0219te 15 persoane.\nAcademia Managementului Cultural este un proiect ini\u021biat \u00een Rom\u00e2nia, \u00een anul 2017, de c\u0103tre clusterul re\u021belei europene de institute de cultur\u0103 EUNIC Rom\u00e2nia, organizat de Goethe-Institut din Bucure\u0219ti \u0219i Asocia\u021bia Colectiv A, iar \u00een 2020 co-finan\u021bat de AFCN \u0219i membrii EUNIC.\nP\u00e2n\u0103 \u00een anul 2019, academia a avut caracterul unui program regional postuniversitar, adresat managerilor de cultur\u0103 din diferite \u021b\u0103ri. Anul acesta, ea se adreseaz\u0103 rom\u00e2nilor \u0219i moldovenilor, iar din cauza pandemiei cu coronavirus va fi organizat\u0103 integral \u00een sistem online.\nInstitutul Polonez din Bucure\u0219ti finan\u021beaz\u0103 participarea lectorilor polonezi \u00eenc\u0103 de la prima edi\u021bie a programului.\nDetalii \u015fi formularul de aplicare: https:\/\/colectiva.ro\/proiecte\/cultural-management-academy\/inscrie-te\/"},{"@type":"ImageObject","inLanguage":"pl-PL","@id":"https:\/\/instytutpolski.pl\/bucuresti\/2020\/06\/18\/arta-in-perioada-pandemiei-cultural-management-academy-2020\/#primaryimage","url":"https:\/\/instytutpolski.pl\/bucuresti\/wp-content\/uploads\/sites\/11\/2020\/06\/CMA-O-RO-Website-Banner-Medium.jpg","contentUrl":"https:\/\/instytutpolski.pl\/bucuresti\/wp-content\/uploads\/sites\/11\/2020\/06\/CMA-O-RO-Website-Banner-Medium.jpg","width":1920,"height":730},{"@type":"BreadcrumbList","@id":"https:\/\/instytutpolski.pl\/bucuresti\/2020\/06\/18\/arta-in-perioada-pandemiei-cultural-management-academy-2020\/#breadcrumb","itemListElement":[{"@type":"ListItem","position":1,"name":"Home","item":"https:\/\/instytutpolski.pl\/bucuresti\/"},{"@type":"ListItem","position":2,"name":"Arta \u00een perioada pandemiei &#8211; Cultural Management Academy 2020"}]},{"@type":"WebSite","@id":"https:\/\/instytutpolski.pl\/bucuresti\/#website","url":"https:\/\/instytutpolski.pl\/bucuresti\/","name":"Instytut Polski w Bukareszcie","description":"Instytuty Polskie","potentialAction":[{"@type":"SearchAction","target":{"@type":"EntryPoint","urlTemplate":"https:\/\/instytutpolski.pl\/bucuresti\/?s={search_term_string}"},"query-input":{"@type":"PropertyValueSpecification","valueRequired":true,"valueName":"search_term_string"}}],"inLanguage":"pl-PL"},{"@type":"Person","@id":"https:\/\/instytutpolski.pl\/bucuresti\/#\/schema\/person\/980fdccff6ea3f1cab069becadecca5b","name":"rutkowskip","image":{"@type":"ImageObject","inLanguage":"pl-PL","@id":"https:\/\/instytutpolski.pl\/bucuresti\/#\/schema\/person\/image\/","url":"https:\/\/secure.gravatar.com\/avatar\/a44cb0329dc71f58530e0890a10f5e4d?s=96&d=mm&r=g","contentUrl":"https:\/\/secure.gravatar.com\/avatar\/a44cb0329dc71f58530e0890a10f5e4d?s=96&d=mm&r=g","caption":"rutkowskip"},"url":"https:\/\/instytutpolski.pl\/bucuresti\/author\/rutkowskip\/"}]}},"_links":{"self":[{"href":"https:\/\/instytutpolski.pl\/bucuresti\/wp-json\/wp\/v2\/posts\/4674","targetHints":{"allow":["GET"]}}],"collection":[{"href":"https:\/\/instytutpolski.pl\/bucuresti\/wp-json\/wp\/v2\/posts"}],"about":[{"href":"https:\/\/instytutpolski.pl\/bucuresti\/wp-json\/wp\/v2\/types\/post"}],"author":[{"embeddable":true,"href":"https:\/\/instytutpolski.pl\/bucuresti\/wp-json\/wp\/v2\/users\/42"}],"replies":[{"embeddable":true,"href":"https:\/\/instytutpolski.pl\/bucuresti\/wp-json\/wp\/v2\/comments?post=4674"}],"version-history":[{"count":5,"href":"https:\/\/instytutpolski.pl\/bucuresti\/wp-json\/wp\/v2\/posts\/4674\/revisions"}],"predecessor-version":[{"id":4856,"href":"https:\/\/instytutpolski.pl\/bucuresti\/wp-json\/wp\/v2\/posts\/4674\/revisions\/4856"}],"wp:featuredmedia":[{"embeddable":true,"href":"https:\/\/instytutpolski.pl\/bucuresti\/wp-json\/wp\/v2\/media\/4671"}],"wp:attachment":[{"href":"https:\/\/instytutpolski.pl\/bucuresti\/wp-json\/wp\/v2\/media?parent=4674"}],"wp:term":[{"taxonomy":"category","embeddable":true,"href":"https:\/\/instytutpolski.pl\/bucuresti\/wp-json\/wp\/v2\/categories?post=4674"},{"taxonomy":"post_tag","embeddable":true,"href":"https:\/\/instytutpolski.pl\/bucuresti\/wp-json\/wp\/v2\/tags?post=4674"}],"curies":[{"name":"wp","href":"https:\/\/api.w.org\/{rel}","templated":true}]}}