{"id":5594,"date":"2020-10-01T09:38:06","date_gmt":"2020-10-01T07:38:06","guid":{"rendered":"https:\/\/instytutpolski.pl\/bucuresti\/?p=5594"},"modified":"2020-10-01T17:42:02","modified_gmt":"2020-10-01T15:42:02","slug":"despre-arta-poloneza-neoavangardista","status":"publish","type":"post","link":"https:\/\/instytutpolski.pl\/bucuresti\/2020\/10\/01\/despre-arta-poloneza-neoavangardista\/","title":{"rendered":"Despre arta polonez\u0103 neoavangardist\u0103 &#8211; seminar online"},"content":{"rendered":"\n<p>Zofia Kulik este o sculptori\u021b\u0103 polonez\u0103, performer, fotograf\u0103, autoare de colaje \u0219i instala\u021bii. \u00centre 1970-1987, a colaborat cu Przemys\u0142aw Kwiek, infiin\u021b\u00e2nd duo-ul artistic KwieKulik. \u00cempreun\u0103, au documentat activit\u0103\u021bile arti\u0219tilor polonezi neo-avangardi\u0219ti, cre\u00e2nd o arhiv\u0103 impresionant\u0103.<\/p>\n<p>J\u00f3zef Robakowski se ocup\u0103 de art\u0103 contemporan\u0103, multimedia, fotografie \u0219i regie, din anii 60. Este autorul unor filme, imagini, instala\u021bii, serii de fotografii \u0219i ac\u021biuni colective. Din anii 70, a \u00eenceput s\u0103 creeze \u00een domeniul artei video. Mai mult, J\u00f3zef Robakowski este implicat \u00een documentarea \u0219i \u00eenregistrarea diferitelor tipuri de evenimente artistice, precum legendarul festival de punk din Jarocin, din anii 80 sau ac\u021biunile mi\u0219c\u0103rii anticomuniste subterane de happening, \u201ePomara\u0144czowa Alternatywa\u201d.<\/p>\n<p>Dr. Tomasz Za\u0142uski lucreaz\u0103 la Catedra de Cercet\u0103ri Culturale a Institutului de Cultur\u0103 Contemporan\u0103 din cadrul Academiei de Arte Frumoase \u201eW\u0142adys\u0142aw Strzemi\u0144ski\u201d. Se ocup\u0103, printre altele, de documentarea artei \u0219i culturii artistice, precum \u0219i de arheologia noilor medii \u00een practicile artistice.<\/p>\n<p>\u201eUNPAGED. HOW TO REVISIT HISTORY FROM A PLURAL PERSPECTIVE?\u201d \u00a0reprezint\u0103 cea de-a doua edi\u021bie a seriei regionale de seminarii dedicate arhivelor \u0219i document\u0103rii activit\u0103\u021bilor artistice ale creatorilor de art\u0103 contemporan\u0103 din Europa Central\u0103 \u0219i de Est, organizat\u0103 de Institutul Prezentului. Anul acesta, va avea loc online, \u00eentre 8-10 octombrie 2020.<\/p>\n<p>\u00censcrieri la seminar: <a href=\"https:\/\/forms.gle\/zxAGy57Dbb1BsCem8\">https:\/\/forms.gle\/zxAGy57Dbb1BsCem8<\/a><\/p>\n<p>Detalii: <a href=\"https:\/\/institutulprezentului.ro\/en\/event\/the-unpaged-how-to-revisit-history-from-a-plural-perspective-seminars\/\">https:\/\/institutulprezentului.ro\/en\/event\/the-unpaged-how-to-revisit-history-from-a-plural-perspective-seminars\/<\/a><\/p>\n","protected":false},"excerpt":{"rendered":"<p>Zofia Kulik este o sculptori\u021b\u0103 polonez\u0103, performer, fotograf\u0103, autoare de colaje \u0219i instala\u021bii. \u00centre 1970-1987, a colaborat cu Przemys\u0142aw Kwiek, infiin\u021b\u00e2nd duo-ul artistic KwieKulik. \u00cempreun\u0103, au documentat activit\u0103\u021bile arti\u0219tilor polonezi neo-avangardi\u0219ti, cre\u00e2nd o arhiv\u0103 impresionant\u0103. J\u00f3zef Robakowski se ocup\u0103 de art\u0103 contemporan\u0103, multimedia, fotografie \u0219i regie, din anii 60. Este autorul unor filme, imagini, instala\u021bii, [&hellip;]<\/p>\n","protected":false},"author":42,"featured_media":5590,"comment_status":"open","ping_status":"open","sticky":true,"template":"","format":"standard","meta":{"inline_featured_image":false,"_monsterinsights_skip_tracking":false,"_monsterinsights_sitenote_active":false,"_monsterinsights_sitenote_note":"","_monsterinsights_sitenote_category":0,"footnotes":""},"categories":[16],"tags":[],"class_list":["post-5594","post","type-post","status-publish","format-standard","has-post-thumbnail","hentry","category-arte-vizuale"],"yoast_head":"<!-- This site is optimized with the Yoast SEO plugin v24.6 - https:\/\/yoast.com\/wordpress\/plugins\/seo\/ -->\n<title>Despre arta polonez\u0103 neoavangardist\u0103 - seminar online - Instytut Polski w Bukareszcie<\/title>\n<meta name=\"robots\" content=\"index, follow, max-snippet:-1, max-image-preview:large, max-video-preview:-1\" \/>\n<link rel=\"canonical\" href=\"https:\/\/instytutpolski.pl\/bucuresti\/2020\/10\/01\/despre-arta-poloneza-neoavangardista\/\" \/>\n<meta property=\"og:locale\" content=\"pl_PL\" \/>\n<meta property=\"og:type\" content=\"article\" \/>\n<meta property=\"og:title\" content=\"Despre arta polonez\u0103 neoavangardist\u0103 - seminar online - Instytut Polski w Bukareszcie\" \/>\n<meta property=\"og:description\" content=\"Zofia Kulik este o sculptori\u021b\u0103 polonez\u0103, performer, fotograf\u0103, autoare de colaje \u0219i instala\u021bii. \u00centre 1970-1987, a colaborat cu Przemys\u0142aw Kwiek, infiin\u021b\u00e2nd duo-ul artistic KwieKulik. \u00cempreun\u0103, au documentat activit\u0103\u021bile arti\u0219tilor polonezi neo-avangardi\u0219ti, cre\u00e2nd o arhiv\u0103 impresionant\u0103. J\u00f3zef Robakowski se ocup\u0103 de art\u0103 contemporan\u0103, multimedia, fotografie \u0219i regie, din anii 60. Este autorul unor filme, imagini, instala\u021bii, [&hellip;]\" \/>\n<meta property=\"og:url\" content=\"https:\/\/instytutpolski.pl\/bucuresti\/2020\/10\/01\/despre-arta-poloneza-neoavangardista\/\" \/>\n<meta property=\"og:site_name\" content=\"Instytut Polski w Bukareszcie\" \/>\n<meta property=\"article:published_time\" content=\"2020-10-01T07:38:06+00:00\" \/>\n<meta property=\"article:modified_time\" content=\"2020-10-01T15:42:02+00:00\" \/>\n<meta property=\"og:image\" content=\"https:\/\/instytutpolski.pl\/bucuresti\/wp-content\/uploads\/sites\/11\/2020\/10\/4.jpg\" \/>\n\t<meta property=\"og:image:width\" content=\"1640\" \/>\n\t<meta property=\"og:image:height\" content=\"624\" \/>\n\t<meta property=\"og:image:type\" content=\"image\/jpeg\" \/>\n<meta name=\"author\" content=\"rutkowskip\" \/>\n<meta name=\"twitter:card\" content=\"summary_large_image\" \/>\n<meta name=\"twitter:label1\" content=\"Napisane przez\" \/>\n\t<meta name=\"twitter:data1\" content=\"rutkowskip\" \/>\n\t<meta name=\"twitter:label2\" content=\"Szacowany czas czytania\" \/>\n\t<meta name=\"twitter:data2\" content=\"1 minuta\" \/>\n<script type=\"application\/ld+json\" class=\"yoast-schema-graph\">{\"@context\":\"https:\/\/schema.org\",\"@graph\":[{\"@type\":\"event\",\"@id\":\"https:\/\/instytutpolski.pl\/bucuresti\/2020\/10\/01\/despre-arta-poloneza-neoavangardista\/\",\"url\":\"https:\/\/instytutpolski.pl\/bucuresti\/2020\/10\/01\/despre-arta-poloneza-neoavangardista\/\",\"name\":\"Despre arta polonez\u0103 neoavangardist\u0103 - seminar online\",\"isPartOf\":{\"@id\":\"https:\/\/instytutpolski.pl\/bucuresti\/#website\"},\"primaryImageOfPage\":{\"@id\":\"https:\/\/instytutpolski.pl\/bucuresti\/2020\/10\/01\/despre-arta-poloneza-neoavangardista\/#primaryimage\"},\"image\":[\"https:\/\/instytutpolski.pl\/bucuresti\/wp-content\/uploads\/sites\/11\/2020\/10\/4.jpg\",\"https:\/\/instytutpolski.pl\/bucuresti\/wp-content\/uploads\/sites\/11\/2020\/10\/4-300x114.jpg\",\"https:\/\/instytutpolski.pl\/bucuresti\/wp-content\/uploads\/sites\/11\/2020\/10\/4-1024x390.jpg\",\"https:\/\/instytutpolski.pl\/bucuresti\/wp-content\/uploads\/sites\/11\/2020\/10\/4.jpg\"],\"thumbnailUrl\":\"https:\/\/instytutpolski.pl\/bucuresti\/wp-content\/uploads\/sites\/11\/2020\/10\/4.jpg\",\"datePublished\":\"2020-10-01T07:38:06+02:00\",\"dateModified\":\"2020-10-01T15:42:02+02:00\",\"author\":{\"@id\":\"https:\/\/instytutpolski.pl\/bucuresti\/#\/schema\/person\/980fdccff6ea3f1cab069becadecca5b\"},\"breadcrumb\":{\"@id\":\"https:\/\/instytutpolski.pl\/bucuresti\/2020\/10\/01\/despre-arta-poloneza-neoavangardista\/#breadcrumb\"},\"inLanguage\":\"pl-PL\",\"potentialAction\":[{\"@type\":\"ReadAction\",\"target\":[\"https:\/\/instytutpolski.pl\/bucuresti\/2020\/10\/01\/despre-arta-poloneza-neoavangardista\/\"]}],\"@context\":\"https:\/\/schema.org\",\"startDate\":\"2020-10-09T05:00:00+02:00\",\"endDate\":\"2020-10-10T07:00:00+02:00\",\"eventStatus\":\"EventScheduled\",\"eventAttendanceMode\":\"OnlineEventAttendanceMode\",\"location\":{\"@type\":\"VirtualLocation\",\"url\":\"\"},\"description\":\"Zofia Kulik este o sculptori\u021b\u0103 polonez\u0103, performer, fotograf\u0103, autoare de colaje \u0219i instala\u021bii. \u00centre 1970-1987, a colaborat cu Przemys\u0142aw Kwiek, infiin\u021b\u00e2nd duo-ul artistic KwieKulik. \u00cempreun\u0103, au documentat activit\u0103\u021bile arti\u0219tilor polonezi neo-avangardi\u0219ti, cre\u00e2nd o arhiv\u0103 impresionant\u0103.\\nJ\u00f3zef Robakowski se ocup\u0103 de art\u0103 contemporan\u0103, multimedia, fotografie \u0219i regie, din anii 60. Este autorul unor filme, imagini, instala\u021bii, serii de fotografii \u0219i ac\u021biuni colective. Din anii 70, a \u00eenceput s\u0103 creeze \u00een domeniul artei video. Mai mult, J\u00f3zef Robakowski este implicat \u00een documentarea \u0219i \u00eenregistrarea diferitelor tipuri de evenimente artistice, precum legendarul festival de punk din Jarocin, din anii 80 sau ac\u021biunile mi\u0219c\u0103rii anticomuniste subterane de happening, \u201ePomara\u0144czowa Alternatywa\u201d.\\nDr. Tomasz Za\u0142uski lucreaz\u0103 la Catedra de Cercet\u0103ri Culturale a Institutului de Cultur\u0103 Contemporan\u0103 din cadrul Academiei de Arte Frumoase \u201eW\u0142adys\u0142aw Strzemi\u0144ski\u201d. Se ocup\u0103, printre altele, de documentarea artei \u0219i culturii artistice, precum \u0219i de arheologia noilor medii \u00een practicile artistice.\\n\u201eUNPAGED. HOW TO REVISIT HISTORY FROM A PLURAL PERSPECTIVE?\u201d \u00a0reprezint\u0103 cea de-a doua edi\u021bie a seriei regionale de seminarii dedicate arhivelor \u0219i document\u0103rii activit\u0103\u021bilor artistice ale creatorilor de art\u0103 contemporan\u0103 din Europa Central\u0103 \u0219i de Est, organizat\u0103 de Institutul Prezentului. Anul acesta, va avea loc online, \u00eentre 8-10 octombrie 2020.\\n\u00censcrieri la seminar: https:\/\/forms.gle\/zxAGy57Dbb1BsCem8\\nDetalii: https:\/\/institutulprezentului.ro\/en\/event\/the-unpaged-how-to-revisit-history-from-a-plural-perspective-seminars\/\"},{\"@type\":\"ImageObject\",\"inLanguage\":\"pl-PL\",\"@id\":\"https:\/\/instytutpolski.pl\/bucuresti\/2020\/10\/01\/despre-arta-poloneza-neoavangardista\/#primaryimage\",\"url\":\"https:\/\/instytutpolski.pl\/bucuresti\/wp-content\/uploads\/sites\/11\/2020\/10\/4.jpg\",\"contentUrl\":\"https:\/\/instytutpolski.pl\/bucuresti\/wp-content\/uploads\/sites\/11\/2020\/10\/4.jpg\",\"width\":1640,\"height\":624},{\"@type\":\"BreadcrumbList\",\"@id\":\"https:\/\/instytutpolski.pl\/bucuresti\/2020\/10\/01\/despre-arta-poloneza-neoavangardista\/#breadcrumb\",\"itemListElement\":[{\"@type\":\"ListItem\",\"position\":1,\"name\":\"Home\",\"item\":\"https:\/\/instytutpolski.pl\/bucuresti\/\"},{\"@type\":\"ListItem\",\"position\":2,\"name\":\"Despre arta polonez\u0103 neoavangardist\u0103 &#8211; seminar online\"}]},{\"@type\":\"WebSite\",\"@id\":\"https:\/\/instytutpolski.pl\/bucuresti\/#website\",\"url\":\"https:\/\/instytutpolski.pl\/bucuresti\/\",\"name\":\"Instytut Polski w Bukareszcie\",\"description\":\"Instytuty Polskie\",\"potentialAction\":[{\"@type\":\"SearchAction\",\"target\":{\"@type\":\"EntryPoint\",\"urlTemplate\":\"https:\/\/instytutpolski.pl\/bucuresti\/?s={search_term_string}\"},\"query-input\":{\"@type\":\"PropertyValueSpecification\",\"valueRequired\":true,\"valueName\":\"search_term_string\"}}],\"inLanguage\":\"pl-PL\"},{\"@type\":\"Person\",\"@id\":\"https:\/\/instytutpolski.pl\/bucuresti\/#\/schema\/person\/980fdccff6ea3f1cab069becadecca5b\",\"name\":\"rutkowskip\",\"image\":{\"@type\":\"ImageObject\",\"inLanguage\":\"pl-PL\",\"@id\":\"https:\/\/instytutpolski.pl\/bucuresti\/#\/schema\/person\/image\/\",\"url\":\"https:\/\/secure.gravatar.com\/avatar\/a44cb0329dc71f58530e0890a10f5e4d?s=96&d=mm&r=g\",\"contentUrl\":\"https:\/\/secure.gravatar.com\/avatar\/a44cb0329dc71f58530e0890a10f5e4d?s=96&d=mm&r=g\",\"caption\":\"rutkowskip\"},\"url\":\"https:\/\/instytutpolski.pl\/bucuresti\/author\/rutkowskip\/\"}]}<\/script>\n<!-- \/ Yoast SEO plugin. -->","yoast_head_json":{"title":"Despre arta polonez\u0103 neoavangardist\u0103 - seminar online - Instytut Polski w Bukareszcie","robots":{"index":"index","follow":"follow","max-snippet":"max-snippet:-1","max-image-preview":"max-image-preview:large","max-video-preview":"max-video-preview:-1"},"canonical":"https:\/\/instytutpolski.pl\/bucuresti\/2020\/10\/01\/despre-arta-poloneza-neoavangardista\/","og_locale":"pl_PL","og_type":"article","og_title":"Despre arta polonez\u0103 neoavangardist\u0103 - seminar online - Instytut Polski w Bukareszcie","og_description":"Zofia Kulik este o sculptori\u021b\u0103 polonez\u0103, performer, fotograf\u0103, autoare de colaje \u0219i instala\u021bii. \u00centre 1970-1987, a colaborat cu Przemys\u0142aw Kwiek, infiin\u021b\u00e2nd duo-ul artistic KwieKulik. \u00cempreun\u0103, au documentat activit\u0103\u021bile arti\u0219tilor polonezi neo-avangardi\u0219ti, cre\u00e2nd o arhiv\u0103 impresionant\u0103. J\u00f3zef Robakowski se ocup\u0103 de art\u0103 contemporan\u0103, multimedia, fotografie \u0219i regie, din anii 60. Este autorul unor filme, imagini, instala\u021bii, [&hellip;]","og_url":"https:\/\/instytutpolski.pl\/bucuresti\/2020\/10\/01\/despre-arta-poloneza-neoavangardista\/","og_site_name":"Instytut Polski w Bukareszcie","article_published_time":"2020-10-01T07:38:06+00:00","article_modified_time":"2020-10-01T15:42:02+00:00","og_image":[{"width":1640,"height":624,"url":"https:\/\/instytutpolski.pl\/bucuresti\/wp-content\/uploads\/sites\/11\/2020\/10\/4.jpg","type":"image\/jpeg"}],"author":"rutkowskip","twitter_card":"summary_large_image","twitter_misc":{"Napisane przez":"rutkowskip","Szacowany czas czytania":"1 minuta"},"schema":{"@context":"https:\/\/schema.org","@graph":[{"@type":"event","@id":"https:\/\/instytutpolski.pl\/bucuresti\/2020\/10\/01\/despre-arta-poloneza-neoavangardista\/","url":"https:\/\/instytutpolski.pl\/bucuresti\/2020\/10\/01\/despre-arta-poloneza-neoavangardista\/","name":"Despre arta polonez\u0103 neoavangardist\u0103 - seminar online","isPartOf":{"@id":"https:\/\/instytutpolski.pl\/bucuresti\/#website"},"primaryImageOfPage":{"@id":"https:\/\/instytutpolski.pl\/bucuresti\/2020\/10\/01\/despre-arta-poloneza-neoavangardista\/#primaryimage"},"image":["https:\/\/instytutpolski.pl\/bucuresti\/wp-content\/uploads\/sites\/11\/2020\/10\/4.jpg","https:\/\/instytutpolski.pl\/bucuresti\/wp-content\/uploads\/sites\/11\/2020\/10\/4-300x114.jpg","https:\/\/instytutpolski.pl\/bucuresti\/wp-content\/uploads\/sites\/11\/2020\/10\/4-1024x390.jpg","https:\/\/instytutpolski.pl\/bucuresti\/wp-content\/uploads\/sites\/11\/2020\/10\/4.jpg"],"thumbnailUrl":"https:\/\/instytutpolski.pl\/bucuresti\/wp-content\/uploads\/sites\/11\/2020\/10\/4.jpg","datePublished":"2020-10-01T07:38:06+02:00","dateModified":"2020-10-01T15:42:02+02:00","author":{"@id":"https:\/\/instytutpolski.pl\/bucuresti\/#\/schema\/person\/980fdccff6ea3f1cab069becadecca5b"},"breadcrumb":{"@id":"https:\/\/instytutpolski.pl\/bucuresti\/2020\/10\/01\/despre-arta-poloneza-neoavangardista\/#breadcrumb"},"inLanguage":"pl-PL","potentialAction":[{"@type":"ReadAction","target":["https:\/\/instytutpolski.pl\/bucuresti\/2020\/10\/01\/despre-arta-poloneza-neoavangardista\/"]}],"@context":"https:\/\/schema.org","startDate":"2020-10-09T05:00:00+02:00","endDate":"2020-10-10T07:00:00+02:00","eventStatus":"EventScheduled","eventAttendanceMode":"OnlineEventAttendanceMode","location":{"@type":"VirtualLocation","url":""},"description":"Zofia Kulik este o sculptori\u021b\u0103 polonez\u0103, performer, fotograf\u0103, autoare de colaje \u0219i instala\u021bii. \u00centre 1970-1987, a colaborat cu Przemys\u0142aw Kwiek, infiin\u021b\u00e2nd duo-ul artistic KwieKulik. \u00cempreun\u0103, au documentat activit\u0103\u021bile arti\u0219tilor polonezi neo-avangardi\u0219ti, cre\u00e2nd o arhiv\u0103 impresionant\u0103.\nJ\u00f3zef Robakowski se ocup\u0103 de art\u0103 contemporan\u0103, multimedia, fotografie \u0219i regie, din anii 60. Este autorul unor filme, imagini, instala\u021bii, serii de fotografii \u0219i ac\u021biuni colective. Din anii 70, a \u00eenceput s\u0103 creeze \u00een domeniul artei video. Mai mult, J\u00f3zef Robakowski este implicat \u00een documentarea \u0219i \u00eenregistrarea diferitelor tipuri de evenimente artistice, precum legendarul festival de punk din Jarocin, din anii 80 sau ac\u021biunile mi\u0219c\u0103rii anticomuniste subterane de happening, \u201ePomara\u0144czowa Alternatywa\u201d.\nDr. Tomasz Za\u0142uski lucreaz\u0103 la Catedra de Cercet\u0103ri Culturale a Institutului de Cultur\u0103 Contemporan\u0103 din cadrul Academiei de Arte Frumoase \u201eW\u0142adys\u0142aw Strzemi\u0144ski\u201d. Se ocup\u0103, printre altele, de documentarea artei \u0219i culturii artistice, precum \u0219i de arheologia noilor medii \u00een practicile artistice.\n\u201eUNPAGED. HOW TO REVISIT HISTORY FROM A PLURAL PERSPECTIVE?\u201d \u00a0reprezint\u0103 cea de-a doua edi\u021bie a seriei regionale de seminarii dedicate arhivelor \u0219i document\u0103rii activit\u0103\u021bilor artistice ale creatorilor de art\u0103 contemporan\u0103 din Europa Central\u0103 \u0219i de Est, organizat\u0103 de Institutul Prezentului. Anul acesta, va avea loc online, \u00eentre 8-10 octombrie 2020.\n\u00censcrieri la seminar: https:\/\/forms.gle\/zxAGy57Dbb1BsCem8\nDetalii: https:\/\/institutulprezentului.ro\/en\/event\/the-unpaged-how-to-revisit-history-from-a-plural-perspective-seminars\/"},{"@type":"ImageObject","inLanguage":"pl-PL","@id":"https:\/\/instytutpolski.pl\/bucuresti\/2020\/10\/01\/despre-arta-poloneza-neoavangardista\/#primaryimage","url":"https:\/\/instytutpolski.pl\/bucuresti\/wp-content\/uploads\/sites\/11\/2020\/10\/4.jpg","contentUrl":"https:\/\/instytutpolski.pl\/bucuresti\/wp-content\/uploads\/sites\/11\/2020\/10\/4.jpg","width":1640,"height":624},{"@type":"BreadcrumbList","@id":"https:\/\/instytutpolski.pl\/bucuresti\/2020\/10\/01\/despre-arta-poloneza-neoavangardista\/#breadcrumb","itemListElement":[{"@type":"ListItem","position":1,"name":"Home","item":"https:\/\/instytutpolski.pl\/bucuresti\/"},{"@type":"ListItem","position":2,"name":"Despre arta polonez\u0103 neoavangardist\u0103 &#8211; seminar online"}]},{"@type":"WebSite","@id":"https:\/\/instytutpolski.pl\/bucuresti\/#website","url":"https:\/\/instytutpolski.pl\/bucuresti\/","name":"Instytut Polski w Bukareszcie","description":"Instytuty Polskie","potentialAction":[{"@type":"SearchAction","target":{"@type":"EntryPoint","urlTemplate":"https:\/\/instytutpolski.pl\/bucuresti\/?s={search_term_string}"},"query-input":{"@type":"PropertyValueSpecification","valueRequired":true,"valueName":"search_term_string"}}],"inLanguage":"pl-PL"},{"@type":"Person","@id":"https:\/\/instytutpolski.pl\/bucuresti\/#\/schema\/person\/980fdccff6ea3f1cab069becadecca5b","name":"rutkowskip","image":{"@type":"ImageObject","inLanguage":"pl-PL","@id":"https:\/\/instytutpolski.pl\/bucuresti\/#\/schema\/person\/image\/","url":"https:\/\/secure.gravatar.com\/avatar\/a44cb0329dc71f58530e0890a10f5e4d?s=96&d=mm&r=g","contentUrl":"https:\/\/secure.gravatar.com\/avatar\/a44cb0329dc71f58530e0890a10f5e4d?s=96&d=mm&r=g","caption":"rutkowskip"},"url":"https:\/\/instytutpolski.pl\/bucuresti\/author\/rutkowskip\/"}]}},"_links":{"self":[{"href":"https:\/\/instytutpolski.pl\/bucuresti\/wp-json\/wp\/v2\/posts\/5594","targetHints":{"allow":["GET"]}}],"collection":[{"href":"https:\/\/instytutpolski.pl\/bucuresti\/wp-json\/wp\/v2\/posts"}],"about":[{"href":"https:\/\/instytutpolski.pl\/bucuresti\/wp-json\/wp\/v2\/types\/post"}],"author":[{"embeddable":true,"href":"https:\/\/instytutpolski.pl\/bucuresti\/wp-json\/wp\/v2\/users\/42"}],"replies":[{"embeddable":true,"href":"https:\/\/instytutpolski.pl\/bucuresti\/wp-json\/wp\/v2\/comments?post=5594"}],"version-history":[{"count":4,"href":"https:\/\/instytutpolski.pl\/bucuresti\/wp-json\/wp\/v2\/posts\/5594\/revisions"}],"predecessor-version":[{"id":5610,"href":"https:\/\/instytutpolski.pl\/bucuresti\/wp-json\/wp\/v2\/posts\/5594\/revisions\/5610"}],"wp:featuredmedia":[{"embeddable":true,"href":"https:\/\/instytutpolski.pl\/bucuresti\/wp-json\/wp\/v2\/media\/5590"}],"wp:attachment":[{"href":"https:\/\/instytutpolski.pl\/bucuresti\/wp-json\/wp\/v2\/media?parent=5594"}],"wp:term":[{"taxonomy":"category","embeddable":true,"href":"https:\/\/instytutpolski.pl\/bucuresti\/wp-json\/wp\/v2\/categories?post=5594"},{"taxonomy":"post_tag","embeddable":true,"href":"https:\/\/instytutpolski.pl\/bucuresti\/wp-json\/wp\/v2\/tags?post=5594"}],"curies":[{"name":"wp","href":"https:\/\/api.w.org\/{rel}","templated":true}]}}