{"id":6859,"date":"2021-06-16T09:31:04","date_gmt":"2021-06-16T07:31:04","guid":{"rendered":"https:\/\/instytutpolski.pl\/bucuresti\/?p=6859"},"modified":"2022-02-10T14:30:59","modified_gmt":"2022-02-10T13:30:59","slug":"polski-teatr-wspolczesny-w-czasopismie-scena-ro","status":"publish","type":"post","link":"https:\/\/instytutpolski.pl\/bucuresti\/pl\/2021\/06\/16\/polski-teatr-wspolczesny-w-czasopismie-scena-ro\/","title":{"rendered":"Polski Teatr Wsp\u00f3\u0142czesny w czasopi\u015bmie Scena.ro"},"content":{"rendered":"\n<p>Numer zawiera wywiad z Bartoszem i Ma\u0142gorzat\u0105 Szyd\u0142owskimi, za\u0142o\u017cycielami i Teatru \u0141a\u017ania Nowa w Krakowie, funkcjonuj\u0105cego w post-industrialnej dzielnicy Nowa Huta. W sekcji znajdziemy r\u00f3wnie\u017c rozmow\u0119 z Micha\u0142em Borczuchem, jednym z najbardziej rozpoznawalnych re\u017cyser\u00f3w m\u0142odszego pokolenia, autorem takich spektakli jak \u201eWszystko o mojej matce\u201d, \u201eKino moralnego niepokoju\u201d czy \u201eMoja walka\u201d. Niezwykle ciekawym zjawiskiem na polskiej scenie teatralnej jest Teatr 21. Jego za\u0142o\u017cycielka, re\u017cyserka Justyna Sobczyk opowiada o tworzeniu spektakli z aktorami z niepe\u0142nosprawno\u015bciami i o funkcjonowaniu teatru niezale\u017cnego w pandemii. W kolejnym artykule krytyczka teatralna Katarzyna Niedurny przybli\u017ca rumu\u0144skim mi\u0142o\u015bnikom teatru najnowsze dzie\u0142a polskiej dramaturgii. W numerze znajdziemy r\u00f3wnie\u017c refleksje re\u017cyserki Ilinki Stihi pracuj\u0105cej nad s\u0142uchowiskiem radiowym na podstawie \u201eSolaris\u201d Stanis\u0142awa Lema. Naczelna redaktorka Scena.ro Cristina Modreanu przeprowadzi\u0142a wywiad z Dorot\u0105 Buchwald, koordynatork\u0105 Encyklopedii Polskiego Teatru. Ca\u0142o\u015b\u0107 sekcji po\u015bwi\u0119conej polskiemu teatrowi wsp\u00f3\u0142czesnemu zamyka kr\u00f3tkie podsumowanie dwudziestu lat dzia\u0142alno\u015bci Instytutu Polskiego w sztukach performatywnych.<\/p>\n<p>\u00a0<\/p>\n<p>Ca\u0142o\u015b\u0107 materia\u0142u zosta\u0142a przygotowana i opracowana przez Oan\u0119 Cristea Grigorescu, dziennikark\u0119 i krytyczk\u0119 teatraln\u0105, nagrodzon\u0105 w ubieg\u0142ym roku presti\u017cow\u0105 nagrod\u0105 UNITER.<\/p>\n<p>\u201eZale\u017ca\u0142o nam na tym, aby w Sekcji przedstawi\u0107 trendy estetyczne i kondycj\u0119 polskiego teatru w ci\u0105gu ostatnich lat\u201d \u2013 podsumowuje Oana Cristea Grigorescu.<\/p>\n","protected":false},"excerpt":{"rendered":"<p>Numer zawiera wywiad z Bartoszem i Ma\u0142gorzat\u0105 Szyd\u0142owskimi, za\u0142o\u017cycielami i Teatru \u0141a\u017ania Nowa w Krakowie, funkcjonuj\u0105cego w post-industrialnej dzielnicy Nowa Huta. W sekcji znajdziemy r\u00f3wnie\u017c rozmow\u0119 z Micha\u0142em Borczuchem, jednym z najbardziej rozpoznawalnych re\u017cyser\u00f3w m\u0142odszego pokolenia, autorem takich spektakli jak \u201eWszystko o mojej matce\u201d, \u201eKino moralnego niepokoju\u201d czy \u201eMoja walka\u201d. Niezwykle ciekawym zjawiskiem na polskiej [&hellip;]<\/p>\n","protected":false},"author":42,"featured_media":6866,"comment_status":"open","ping_status":"open","sticky":false,"template":"","format":"standard","meta":{"inline_featured_image":false,"_monsterinsights_skip_tracking":false,"_monsterinsights_sitenote_active":false,"_monsterinsights_sitenote_note":"","_monsterinsights_sitenote_category":0,"footnotes":""},"categories":[142],"tags":[],"class_list":["post-6859","post","type-post","status-publish","format-standard","has-post-thumbnail","hentry","category-teatr"],"yoast_head":"<!-- This site is optimized with the Yoast SEO plugin v24.6 - https:\/\/yoast.com\/wordpress\/plugins\/seo\/ -->\n<title>Polski Teatr Wsp\u00f3\u0142czesny w czasopi\u015bmie Scena.ro - Instytut Polski w Bukareszcie<\/title>\n<meta name=\"robots\" content=\"index, follow, max-snippet:-1, max-image-preview:large, max-video-preview:-1\" \/>\n<link rel=\"canonical\" href=\"https:\/\/instytutpolski.pl\/bucuresti\/pl\/2021\/06\/16\/polski-teatr-wspolczesny-w-czasopismie-scena-ro\/\" \/>\n<meta property=\"og:locale\" content=\"pl_PL\" \/>\n<meta property=\"og:type\" content=\"article\" \/>\n<meta property=\"og:title\" content=\"Polski Teatr Wsp\u00f3\u0142czesny w czasopi\u015bmie Scena.ro - Instytut Polski w Bukareszcie\" \/>\n<meta property=\"og:description\" content=\"Numer zawiera wywiad z Bartoszem i Ma\u0142gorzat\u0105 Szyd\u0142owskimi, za\u0142o\u017cycielami i Teatru \u0141a\u017ania Nowa w Krakowie, funkcjonuj\u0105cego w post-industrialnej dzielnicy Nowa Huta. W sekcji znajdziemy r\u00f3wnie\u017c rozmow\u0119 z Micha\u0142em Borczuchem, jednym z najbardziej rozpoznawalnych re\u017cyser\u00f3w m\u0142odszego pokolenia, autorem takich spektakli jak \u201eWszystko o mojej matce\u201d, \u201eKino moralnego niepokoju\u201d czy \u201eMoja walka\u201d. Niezwykle ciekawym zjawiskiem na polskiej [&hellip;]\" \/>\n<meta property=\"og:url\" content=\"https:\/\/instytutpolski.pl\/bucuresti\/pl\/2021\/06\/16\/polski-teatr-wspolczesny-w-czasopismie-scena-ro\/\" \/>\n<meta property=\"og:site_name\" content=\"Instytut Polski w Bukareszcie\" \/>\n<meta property=\"article:published_time\" content=\"2021-06-16T07:31:04+00:00\" \/>\n<meta property=\"article:modified_time\" content=\"2022-02-10T13:30:59+00:00\" \/>\n<meta property=\"og:image\" content=\"https:\/\/instytutpolski.pl\/bucuresti\/wp-content\/uploads\/sites\/11\/2021\/06\/IMG_20210616_102552-scaled.jpg\" \/>\n\t<meta property=\"og:image:width\" content=\"2560\" \/>\n\t<meta property=\"og:image:height\" content=\"1920\" \/>\n\t<meta property=\"og:image:type\" content=\"image\/jpeg\" \/>\n<meta name=\"author\" content=\"rutkowskip\" \/>\n<meta name=\"twitter:card\" content=\"summary_large_image\" \/>\n<meta name=\"twitter:label1\" content=\"Napisane przez\" \/>\n\t<meta name=\"twitter:data1\" content=\"rutkowskip\" \/>\n\t<meta name=\"twitter:label2\" content=\"Szacowany czas czytania\" \/>\n\t<meta name=\"twitter:data2\" content=\"2 minuty\" \/>\n<script type=\"application\/ld+json\" class=\"yoast-schema-graph\">{\"@context\":\"https:\/\/schema.org\",\"@graph\":[{\"@type\":\"event\",\"@id\":\"https:\/\/instytutpolski.pl\/bucuresti\/pl\/2021\/06\/16\/polski-teatr-wspolczesny-w-czasopismie-scena-ro\/\",\"url\":\"https:\/\/instytutpolski.pl\/bucuresti\/pl\/2021\/06\/16\/polski-teatr-wspolczesny-w-czasopismie-scena-ro\/\",\"name\":\"Polski Teatr Wsp\u00f3\u0142czesny w czasopi\u015bmie Scena.ro\",\"isPartOf\":{\"@id\":\"https:\/\/instytutpolski.pl\/bucuresti\/#website\"},\"primaryImageOfPage\":{\"@id\":\"https:\/\/instytutpolski.pl\/bucuresti\/pl\/2021\/06\/16\/polski-teatr-wspolczesny-w-czasopismie-scena-ro\/#primaryimage\"},\"image\":[\"https:\/\/instytutpolski.pl\/bucuresti\/wp-content\/uploads\/sites\/11\/2021\/06\/IMG_20210616_102552-scaled.jpg\",\"https:\/\/instytutpolski.pl\/bucuresti\/wp-content\/uploads\/sites\/11\/2021\/06\/IMG_20210616_102552-300x225.jpg\",\"https:\/\/instytutpolski.pl\/bucuresti\/wp-content\/uploads\/sites\/11\/2021\/06\/IMG_20210616_102552-1024x768.jpg\",\"https:\/\/instytutpolski.pl\/bucuresti\/wp-content\/uploads\/sites\/11\/2021\/06\/IMG_20210616_102552-scaled.jpg\"],\"thumbnailUrl\":\"https:\/\/instytutpolski.pl\/bucuresti\/wp-content\/uploads\/sites\/11\/2021\/06\/IMG_20210616_102552-scaled.jpg\",\"datePublished\":\"2021-06-16T07:31:04+02:00\",\"dateModified\":\"2022-02-10T13:30:59+02:00\",\"author\":{\"@id\":\"https:\/\/instytutpolski.pl\/bucuresti\/#\/schema\/person\/980fdccff6ea3f1cab069becadecca5b\"},\"breadcrumb\":{\"@id\":\"https:\/\/instytutpolski.pl\/bucuresti\/pl\/2021\/06\/16\/polski-teatr-wspolczesny-w-czasopismie-scena-ro\/#breadcrumb\"},\"inLanguage\":\"pl-PL\",\"potentialAction\":[{\"@type\":\"ReadAction\",\"target\":[\"https:\/\/instytutpolski.pl\/bucuresti\/pl\/2021\/06\/16\/polski-teatr-wspolczesny-w-czasopismie-scena-ro\/\"]}],\"@context\":\"https:\/\/schema.org\",\"startDate\":\"2021-06-16\",\"endDate\":\"2021-06-16\",\"eventStatus\":\"EventScheduled\",\"eventAttendanceMode\":\"OfflineEventAttendanceMode\",\"location\":{\"@type\":\"place\",\"name\":\"\",\"address\":\"\",\"geo\":{\"@type\":\"GeoCoordinates\",\"latitude\":\"\",\"longitude\":\"\"}},\"description\":\"Numer zawiera wywiad z Bartoszem i Ma\u0142gorzat\u0105 Szyd\u0142owskimi, za\u0142o\u017cycielami i Teatru \u0141a\u017ania Nowa w Krakowie, funkcjonuj\u0105cego w post-industrialnej dzielnicy Nowa Huta. W sekcji znajdziemy r\u00f3wnie\u017c rozmow\u0119 z Micha\u0142em Borczuchem, jednym z najbardziej rozpoznawalnych re\u017cyser\u00f3w m\u0142odszego pokolenia, autorem takich spektakli jak \u201eWszystko o mojej matce\u201d, \u201eKino moralnego niepokoju\u201d czy \u201eMoja walka\u201d. Niezwykle ciekawym zjawiskiem na polskiej scenie teatralnej jest Teatr 21. Jego za\u0142o\u017cycielka, re\u017cyserka Justyna Sobczyk opowiada o tworzeniu spektakli z aktorami z niepe\u0142nosprawno\u015bciami i o funkcjonowaniu teatru niezale\u017cnego w pandemii. W kolejnym artykule krytyczka teatralna Katarzyna Niedurny przybli\u017ca rumu\u0144skim mi\u0142o\u015bnikom teatru najnowsze dzie\u0142a polskiej dramaturgii. W numerze znajdziemy r\u00f3wnie\u017c refleksje re\u017cyserki Ilinki Stihi pracuj\u0105cej nad s\u0142uchowiskiem radiowym na podstawie \u201eSolaris\u201d Stanis\u0142awa Lema. Naczelna redaktorka Scena.ro Cristina Modreanu przeprowadzi\u0142a wywiad z Dorot\u0105 Buchwald, koordynatork\u0105 Encyklopedii Polskiego Teatru. Ca\u0142o\u015b\u0107 sekcji po\u015bwi\u0119conej polskiemu teatrowi wsp\u00f3\u0142czesnemu zamyka kr\u00f3tkie podsumowanie dwudziestu lat dzia\u0142alno\u015bci Instytutu Polskiego w sztukach performatywnych.\\n\u00a0\\nCa\u0142o\u015b\u0107 materia\u0142u zosta\u0142a przygotowana i opracowana przez Oan\u0119 Cristea Grigorescu, dziennikark\u0119 i krytyczk\u0119 teatraln\u0105, nagrodzon\u0105 w ubieg\u0142ym roku presti\u017cow\u0105 nagrod\u0105 UNITER.\\n\u201eZale\u017ca\u0142o nam na tym, aby w Sekcji przedstawi\u0107 trendy estetyczne i kondycj\u0119 polskiego teatru w ci\u0105gu ostatnich lat\u201d \u2013 podsumowuje Oana Cristea Grigorescu.\"},{\"@type\":\"ImageObject\",\"inLanguage\":\"pl-PL\",\"@id\":\"https:\/\/instytutpolski.pl\/bucuresti\/pl\/2021\/06\/16\/polski-teatr-wspolczesny-w-czasopismie-scena-ro\/#primaryimage\",\"url\":\"https:\/\/instytutpolski.pl\/bucuresti\/wp-content\/uploads\/sites\/11\/2021\/06\/IMG_20210616_102552-scaled.jpg\",\"contentUrl\":\"https:\/\/instytutpolski.pl\/bucuresti\/wp-content\/uploads\/sites\/11\/2021\/06\/IMG_20210616_102552-scaled.jpg\",\"width\":2560,\"height\":1920,\"caption\":\"rpt\"},{\"@type\":\"BreadcrumbList\",\"@id\":\"https:\/\/instytutpolski.pl\/bucuresti\/pl\/2021\/06\/16\/polski-teatr-wspolczesny-w-czasopismie-scena-ro\/#breadcrumb\",\"itemListElement\":[{\"@type\":\"ListItem\",\"position\":1,\"name\":\"Home\",\"item\":\"https:\/\/instytutpolski.pl\/bucuresti\/\"},{\"@type\":\"ListItem\",\"position\":2,\"name\":\"Polski Teatr Wsp\u00f3\u0142czesny w czasopi\u015bmie Scena.ro\"}]},{\"@type\":\"WebSite\",\"@id\":\"https:\/\/instytutpolski.pl\/bucuresti\/#website\",\"url\":\"https:\/\/instytutpolski.pl\/bucuresti\/\",\"name\":\"Instytut Polski w Bukareszcie\",\"description\":\"Instytuty Polskie\",\"potentialAction\":[{\"@type\":\"SearchAction\",\"target\":{\"@type\":\"EntryPoint\",\"urlTemplate\":\"https:\/\/instytutpolski.pl\/bucuresti\/?s={search_term_string}\"},\"query-input\":{\"@type\":\"PropertyValueSpecification\",\"valueRequired\":true,\"valueName\":\"search_term_string\"}}],\"inLanguage\":\"pl-PL\"},{\"@type\":\"Person\",\"@id\":\"https:\/\/instytutpolski.pl\/bucuresti\/#\/schema\/person\/980fdccff6ea3f1cab069becadecca5b\",\"name\":\"rutkowskip\",\"image\":{\"@type\":\"ImageObject\",\"inLanguage\":\"pl-PL\",\"@id\":\"https:\/\/instytutpolski.pl\/bucuresti\/#\/schema\/person\/image\/\",\"url\":\"https:\/\/secure.gravatar.com\/avatar\/a44cb0329dc71f58530e0890a10f5e4d?s=96&d=mm&r=g\",\"contentUrl\":\"https:\/\/secure.gravatar.com\/avatar\/a44cb0329dc71f58530e0890a10f5e4d?s=96&d=mm&r=g\",\"caption\":\"rutkowskip\"},\"url\":\"https:\/\/instytutpolski.pl\/bucuresti\/author\/rutkowskip\/\"}]}<\/script>\n<!-- \/ Yoast SEO plugin. -->","yoast_head_json":{"title":"Polski Teatr Wsp\u00f3\u0142czesny w czasopi\u015bmie Scena.ro - Instytut Polski w Bukareszcie","robots":{"index":"index","follow":"follow","max-snippet":"max-snippet:-1","max-image-preview":"max-image-preview:large","max-video-preview":"max-video-preview:-1"},"canonical":"https:\/\/instytutpolski.pl\/bucuresti\/pl\/2021\/06\/16\/polski-teatr-wspolczesny-w-czasopismie-scena-ro\/","og_locale":"pl_PL","og_type":"article","og_title":"Polski Teatr Wsp\u00f3\u0142czesny w czasopi\u015bmie Scena.ro - Instytut Polski w Bukareszcie","og_description":"Numer zawiera wywiad z Bartoszem i Ma\u0142gorzat\u0105 Szyd\u0142owskimi, za\u0142o\u017cycielami i Teatru \u0141a\u017ania Nowa w Krakowie, funkcjonuj\u0105cego w post-industrialnej dzielnicy Nowa Huta. W sekcji znajdziemy r\u00f3wnie\u017c rozmow\u0119 z Micha\u0142em Borczuchem, jednym z najbardziej rozpoznawalnych re\u017cyser\u00f3w m\u0142odszego pokolenia, autorem takich spektakli jak \u201eWszystko o mojej matce\u201d, \u201eKino moralnego niepokoju\u201d czy \u201eMoja walka\u201d. Niezwykle ciekawym zjawiskiem na polskiej [&hellip;]","og_url":"https:\/\/instytutpolski.pl\/bucuresti\/pl\/2021\/06\/16\/polski-teatr-wspolczesny-w-czasopismie-scena-ro\/","og_site_name":"Instytut Polski w Bukareszcie","article_published_time":"2021-06-16T07:31:04+00:00","article_modified_time":"2022-02-10T13:30:59+00:00","og_image":[{"width":2560,"height":1920,"url":"https:\/\/instytutpolski.pl\/bucuresti\/wp-content\/uploads\/sites\/11\/2021\/06\/IMG_20210616_102552-scaled.jpg","type":"image\/jpeg"}],"author":"rutkowskip","twitter_card":"summary_large_image","twitter_misc":{"Napisane przez":"rutkowskip","Szacowany czas czytania":"2 minuty"},"schema":{"@context":"https:\/\/schema.org","@graph":[{"@type":"event","@id":"https:\/\/instytutpolski.pl\/bucuresti\/pl\/2021\/06\/16\/polski-teatr-wspolczesny-w-czasopismie-scena-ro\/","url":"https:\/\/instytutpolski.pl\/bucuresti\/pl\/2021\/06\/16\/polski-teatr-wspolczesny-w-czasopismie-scena-ro\/","name":"Polski Teatr Wsp\u00f3\u0142czesny w czasopi\u015bmie Scena.ro","isPartOf":{"@id":"https:\/\/instytutpolski.pl\/bucuresti\/#website"},"primaryImageOfPage":{"@id":"https:\/\/instytutpolski.pl\/bucuresti\/pl\/2021\/06\/16\/polski-teatr-wspolczesny-w-czasopismie-scena-ro\/#primaryimage"},"image":["https:\/\/instytutpolski.pl\/bucuresti\/wp-content\/uploads\/sites\/11\/2021\/06\/IMG_20210616_102552-scaled.jpg","https:\/\/instytutpolski.pl\/bucuresti\/wp-content\/uploads\/sites\/11\/2021\/06\/IMG_20210616_102552-300x225.jpg","https:\/\/instytutpolski.pl\/bucuresti\/wp-content\/uploads\/sites\/11\/2021\/06\/IMG_20210616_102552-1024x768.jpg","https:\/\/instytutpolski.pl\/bucuresti\/wp-content\/uploads\/sites\/11\/2021\/06\/IMG_20210616_102552-scaled.jpg"],"thumbnailUrl":"https:\/\/instytutpolski.pl\/bucuresti\/wp-content\/uploads\/sites\/11\/2021\/06\/IMG_20210616_102552-scaled.jpg","datePublished":"2021-06-16T07:31:04+02:00","dateModified":"2022-02-10T13:30:59+02:00","author":{"@id":"https:\/\/instytutpolski.pl\/bucuresti\/#\/schema\/person\/980fdccff6ea3f1cab069becadecca5b"},"breadcrumb":{"@id":"https:\/\/instytutpolski.pl\/bucuresti\/pl\/2021\/06\/16\/polski-teatr-wspolczesny-w-czasopismie-scena-ro\/#breadcrumb"},"inLanguage":"pl-PL","potentialAction":[{"@type":"ReadAction","target":["https:\/\/instytutpolski.pl\/bucuresti\/pl\/2021\/06\/16\/polski-teatr-wspolczesny-w-czasopismie-scena-ro\/"]}],"@context":"https:\/\/schema.org","startDate":"2021-06-16","endDate":"2021-06-16","eventStatus":"EventScheduled","eventAttendanceMode":"OfflineEventAttendanceMode","location":{"@type":"place","name":"","address":"","geo":{"@type":"GeoCoordinates","latitude":"","longitude":""}},"description":"Numer zawiera wywiad z Bartoszem i Ma\u0142gorzat\u0105 Szyd\u0142owskimi, za\u0142o\u017cycielami i Teatru \u0141a\u017ania Nowa w Krakowie, funkcjonuj\u0105cego w post-industrialnej dzielnicy Nowa Huta. W sekcji znajdziemy r\u00f3wnie\u017c rozmow\u0119 z Micha\u0142em Borczuchem, jednym z najbardziej rozpoznawalnych re\u017cyser\u00f3w m\u0142odszego pokolenia, autorem takich spektakli jak \u201eWszystko o mojej matce\u201d, \u201eKino moralnego niepokoju\u201d czy \u201eMoja walka\u201d. Niezwykle ciekawym zjawiskiem na polskiej scenie teatralnej jest Teatr 21. Jego za\u0142o\u017cycielka, re\u017cyserka Justyna Sobczyk opowiada o tworzeniu spektakli z aktorami z niepe\u0142nosprawno\u015bciami i o funkcjonowaniu teatru niezale\u017cnego w pandemii. W kolejnym artykule krytyczka teatralna Katarzyna Niedurny przybli\u017ca rumu\u0144skim mi\u0142o\u015bnikom teatru najnowsze dzie\u0142a polskiej dramaturgii. W numerze znajdziemy r\u00f3wnie\u017c refleksje re\u017cyserki Ilinki Stihi pracuj\u0105cej nad s\u0142uchowiskiem radiowym na podstawie \u201eSolaris\u201d Stanis\u0142awa Lema. Naczelna redaktorka Scena.ro Cristina Modreanu przeprowadzi\u0142a wywiad z Dorot\u0105 Buchwald, koordynatork\u0105 Encyklopedii Polskiego Teatru. Ca\u0142o\u015b\u0107 sekcji po\u015bwi\u0119conej polskiemu teatrowi wsp\u00f3\u0142czesnemu zamyka kr\u00f3tkie podsumowanie dwudziestu lat dzia\u0142alno\u015bci Instytutu Polskiego w sztukach performatywnych.\n\u00a0\nCa\u0142o\u015b\u0107 materia\u0142u zosta\u0142a przygotowana i opracowana przez Oan\u0119 Cristea Grigorescu, dziennikark\u0119 i krytyczk\u0119 teatraln\u0105, nagrodzon\u0105 w ubieg\u0142ym roku presti\u017cow\u0105 nagrod\u0105 UNITER.\n\u201eZale\u017ca\u0142o nam na tym, aby w Sekcji przedstawi\u0107 trendy estetyczne i kondycj\u0119 polskiego teatru w ci\u0105gu ostatnich lat\u201d \u2013 podsumowuje Oana Cristea Grigorescu."},{"@type":"ImageObject","inLanguage":"pl-PL","@id":"https:\/\/instytutpolski.pl\/bucuresti\/pl\/2021\/06\/16\/polski-teatr-wspolczesny-w-czasopismie-scena-ro\/#primaryimage","url":"https:\/\/instytutpolski.pl\/bucuresti\/wp-content\/uploads\/sites\/11\/2021\/06\/IMG_20210616_102552-scaled.jpg","contentUrl":"https:\/\/instytutpolski.pl\/bucuresti\/wp-content\/uploads\/sites\/11\/2021\/06\/IMG_20210616_102552-scaled.jpg","width":2560,"height":1920,"caption":"rpt"},{"@type":"BreadcrumbList","@id":"https:\/\/instytutpolski.pl\/bucuresti\/pl\/2021\/06\/16\/polski-teatr-wspolczesny-w-czasopismie-scena-ro\/#breadcrumb","itemListElement":[{"@type":"ListItem","position":1,"name":"Home","item":"https:\/\/instytutpolski.pl\/bucuresti\/"},{"@type":"ListItem","position":2,"name":"Polski Teatr Wsp\u00f3\u0142czesny w czasopi\u015bmie Scena.ro"}]},{"@type":"WebSite","@id":"https:\/\/instytutpolski.pl\/bucuresti\/#website","url":"https:\/\/instytutpolski.pl\/bucuresti\/","name":"Instytut Polski w Bukareszcie","description":"Instytuty Polskie","potentialAction":[{"@type":"SearchAction","target":{"@type":"EntryPoint","urlTemplate":"https:\/\/instytutpolski.pl\/bucuresti\/?s={search_term_string}"},"query-input":{"@type":"PropertyValueSpecification","valueRequired":true,"valueName":"search_term_string"}}],"inLanguage":"pl-PL"},{"@type":"Person","@id":"https:\/\/instytutpolski.pl\/bucuresti\/#\/schema\/person\/980fdccff6ea3f1cab069becadecca5b","name":"rutkowskip","image":{"@type":"ImageObject","inLanguage":"pl-PL","@id":"https:\/\/instytutpolski.pl\/bucuresti\/#\/schema\/person\/image\/","url":"https:\/\/secure.gravatar.com\/avatar\/a44cb0329dc71f58530e0890a10f5e4d?s=96&d=mm&r=g","contentUrl":"https:\/\/secure.gravatar.com\/avatar\/a44cb0329dc71f58530e0890a10f5e4d?s=96&d=mm&r=g","caption":"rutkowskip"},"url":"https:\/\/instytutpolski.pl\/bucuresti\/author\/rutkowskip\/"}]}},"_links":{"self":[{"href":"https:\/\/instytutpolski.pl\/bucuresti\/wp-json\/wp\/v2\/posts\/6859","targetHints":{"allow":["GET"]}}],"collection":[{"href":"https:\/\/instytutpolski.pl\/bucuresti\/wp-json\/wp\/v2\/posts"}],"about":[{"href":"https:\/\/instytutpolski.pl\/bucuresti\/wp-json\/wp\/v2\/types\/post"}],"author":[{"embeddable":true,"href":"https:\/\/instytutpolski.pl\/bucuresti\/wp-json\/wp\/v2\/users\/42"}],"replies":[{"embeddable":true,"href":"https:\/\/instytutpolski.pl\/bucuresti\/wp-json\/wp\/v2\/comments?post=6859"}],"version-history":[{"count":9,"href":"https:\/\/instytutpolski.pl\/bucuresti\/wp-json\/wp\/v2\/posts\/6859\/revisions"}],"predecessor-version":[{"id":7453,"href":"https:\/\/instytutpolski.pl\/bucuresti\/wp-json\/wp\/v2\/posts\/6859\/revisions\/7453"}],"wp:featuredmedia":[{"embeddable":true,"href":"https:\/\/instytutpolski.pl\/bucuresti\/wp-json\/wp\/v2\/media\/6866"}],"wp:attachment":[{"href":"https:\/\/instytutpolski.pl\/bucuresti\/wp-json\/wp\/v2\/media?parent=6859"}],"wp:term":[{"taxonomy":"category","embeddable":true,"href":"https:\/\/instytutpolski.pl\/bucuresti\/wp-json\/wp\/v2\/categories?post=6859"},{"taxonomy":"post_tag","embeddable":true,"href":"https:\/\/instytutpolski.pl\/bucuresti\/wp-json\/wp\/v2\/tags?post=6859"}],"curies":[{"name":"wp","href":"https:\/\/api.w.org\/{rel}","templated":true}]}}