{"id":6959,"date":"2021-07-14T15:36:13","date_gmt":"2021-07-14T13:36:13","guid":{"rendered":"https:\/\/instytutpolski.pl\/bucuresti\/?p=6959"},"modified":"2022-02-10T13:59:12","modified_gmt":"2022-02-10T12:59:12","slug":"e-book-z-basniami-ludowymi-z-regionu-karpat","status":"publish","type":"post","link":"https:\/\/instytutpolski.pl\/bucuresti\/pl\/2021\/07\/14\/e-book-z-basniami-ludowymi-z-regionu-karpat\/","title":{"rendered":"E-book z ba\u015bniami ludowymi z regionu Karpat"},"content":{"rendered":"\n<p>Mo\u017cna go przeczyta\u0107 (w j\u0119zyku rumu\u0144skim) i pobra\u0107 <a href=\"https:\/\/issuu.com\/institutul.polonez\/docs\/floarea_de_feriga_online_final\" target=\"_blank\" rel=\"noopener\">TUTAJ<\/a><br \/>Ba\u015bnie zosta\u0142y opowiedziane wsp\u00f3\u0142czesnym j\u0119zykiem przez Marin\u0119 Ilie, wyk\u0142adowczyni\u0119 na Katedrze Polonistyki Uniwersytetu w Bukareszcie i zilustrowane przez polsk\u0105 artystk\u0119 Kamil\u0119 Paw\u0142uck\u0105-G\u00f3reck\u0105. <br \/>W przygotowaniu e-booka uczestniczy\u0142 tak\u017ce Atelierul de grafica, kt\u00f3ry odpowiada za layout oraz W\u0119gierski Instytut Kultury, t\u0142umaczka Ewa Rossi i Centrum Czeskie, kt\u00f3rzy wsparli proces wyboru i t\u0142umaczenia tekst\u00f3w.<br \/>Ksi\u0105\u017cka powsta\u0142a z inicjatywy Instytutu Polskiego w Bukareszcie z okazji 30. rocznicy powstania Grupy Wyszehradzkiej, w czasie polskiej prezydencji w grupie.<\/p>\n","protected":false},"excerpt":{"rendered":"<p>Mo\u017cna go przeczyta\u0107 (w j\u0119zyku rumu\u0144skim) i pobra\u0107 TUTAJBa\u015bnie zosta\u0142y opowiedziane wsp\u00f3\u0142czesnym j\u0119zykiem przez Marin\u0119 Ilie, wyk\u0142adowczyni\u0119 na Katedrze Polonistyki Uniwersytetu w Bukareszcie i zilustrowane przez polsk\u0105 artystk\u0119 Kamil\u0119 Paw\u0142uck\u0105-G\u00f3reck\u0105. W przygotowaniu e-booka uczestniczy\u0142 tak\u017ce Atelierul de grafica, kt\u00f3ry odpowiada za layout oraz W\u0119gierski Instytut Kultury, t\u0142umaczka Ewa Rossi i Centrum Czeskie, kt\u00f3rzy wsparli proces [&hellip;]<\/p>\n","protected":false},"author":43,"featured_media":6955,"comment_status":"open","ping_status":"open","sticky":true,"template":"","format":"standard","meta":{"inline_featured_image":false,"_monsterinsights_skip_tracking":false,"_monsterinsights_sitenote_active":false,"_monsterinsights_sitenote_note":"","_monsterinsights_sitenote_category":0,"footnotes":""},"categories":[7,43],"tags":[],"class_list":["post-6959","post","type-post","status-publish","format-standard","has-post-thumbnail","hentry","category-inne","category-sztuki-wizualne"],"yoast_head":"<!-- This site is optimized with the Yoast SEO plugin v24.6 - https:\/\/yoast.com\/wordpress\/plugins\/seo\/ -->\n<title>E-book z ba\u015bniami ludowymi z regionu Karpat - Instytut Polski w Bukareszcie<\/title>\n<meta name=\"robots\" content=\"index, follow, max-snippet:-1, max-image-preview:large, max-video-preview:-1\" \/>\n<link rel=\"canonical\" href=\"https:\/\/instytutpolski.pl\/bucuresti\/pl\/2021\/07\/14\/e-book-z-basniami-ludowymi-z-regionu-karpat\/\" \/>\n<meta property=\"og:locale\" content=\"pl_PL\" \/>\n<meta property=\"og:type\" content=\"article\" \/>\n<meta property=\"og:title\" content=\"E-book z ba\u015bniami ludowymi z regionu Karpat - Instytut Polski w Bukareszcie\" \/>\n<meta property=\"og:description\" content=\"Mo\u017cna go przeczyta\u0107 (w j\u0119zyku rumu\u0144skim) i pobra\u0107 TUTAJBa\u015bnie zosta\u0142y opowiedziane wsp\u00f3\u0142czesnym j\u0119zykiem przez Marin\u0119 Ilie, wyk\u0142adowczyni\u0119 na Katedrze Polonistyki Uniwersytetu w Bukareszcie i zilustrowane przez polsk\u0105 artystk\u0119 Kamil\u0119 Paw\u0142uck\u0105-G\u00f3reck\u0105. W przygotowaniu e-booka uczestniczy\u0142 tak\u017ce Atelierul de grafica, kt\u00f3ry odpowiada za layout oraz W\u0119gierski Instytut Kultury, t\u0142umaczka Ewa Rossi i Centrum Czeskie, kt\u00f3rzy wsparli proces [&hellip;]\" \/>\n<meta property=\"og:url\" content=\"https:\/\/instytutpolski.pl\/bucuresti\/pl\/2021\/07\/14\/e-book-z-basniami-ludowymi-z-regionu-karpat\/\" \/>\n<meta property=\"og:site_name\" content=\"Instytut Polski w Bukareszcie\" \/>\n<meta property=\"article:published_time\" content=\"2021-07-14T13:36:13+00:00\" \/>\n<meta property=\"article:modified_time\" content=\"2022-02-10T12:59:12+00:00\" \/>\n<meta property=\"og:image\" content=\"https:\/\/instytutpolski.pl\/bucuresti\/wp-content\/uploads\/sites\/11\/2021\/07\/strona-ebook.png\" \/>\n\t<meta property=\"og:image:width\" content=\"1920\" \/>\n\t<meta property=\"og:image:height\" content=\"1080\" \/>\n\t<meta property=\"og:image:type\" content=\"image\/png\" \/>\n<meta name=\"author\" content=\"nicolaua\" \/>\n<meta name=\"twitter:card\" content=\"summary_large_image\" \/>\n<meta name=\"twitter:label1\" content=\"Napisane przez\" \/>\n\t<meta name=\"twitter:data1\" content=\"nicolaua\" \/>\n\t<meta name=\"twitter:label2\" content=\"Szacowany czas czytania\" \/>\n\t<meta name=\"twitter:data2\" content=\"1 minuta\" \/>\n<script type=\"application\/ld+json\" class=\"yoast-schema-graph\">{\"@context\":\"https:\/\/schema.org\",\"@graph\":[{\"@type\":\"event\",\"@id\":\"https:\/\/instytutpolski.pl\/bucuresti\/pl\/2021\/07\/14\/e-book-z-basniami-ludowymi-z-regionu-karpat\/\",\"url\":\"https:\/\/instytutpolski.pl\/bucuresti\/pl\/2021\/07\/14\/e-book-z-basniami-ludowymi-z-regionu-karpat\/\",\"name\":\"E-book z ba\u015bniami ludowymi z regionu Karpat\",\"isPartOf\":{\"@id\":\"https:\/\/instytutpolski.pl\/bucuresti\/#website\"},\"primaryImageOfPage\":{\"@id\":\"https:\/\/instytutpolski.pl\/bucuresti\/pl\/2021\/07\/14\/e-book-z-basniami-ludowymi-z-regionu-karpat\/#primaryimage\"},\"image\":[\"https:\/\/instytutpolski.pl\/bucuresti\/wp-content\/uploads\/sites\/11\/2021\/07\/strona-ebook.png\",\"https:\/\/instytutpolski.pl\/bucuresti\/wp-content\/uploads\/sites\/11\/2021\/07\/strona-ebook-300x169.png\",\"https:\/\/instytutpolski.pl\/bucuresti\/wp-content\/uploads\/sites\/11\/2021\/07\/strona-ebook-1024x576.png\",\"https:\/\/instytutpolski.pl\/bucuresti\/wp-content\/uploads\/sites\/11\/2021\/07\/strona-ebook.png\"],\"thumbnailUrl\":\"https:\/\/instytutpolski.pl\/bucuresti\/wp-content\/uploads\/sites\/11\/2021\/07\/strona-ebook.png\",\"datePublished\":\"2021-07-14T13:36:13+02:00\",\"dateModified\":\"2022-02-10T12:59:12+02:00\",\"author\":{\"@id\":\"https:\/\/instytutpolski.pl\/bucuresti\/#\/schema\/person\/a1d5ab39dce466455f60589721519864\"},\"breadcrumb\":{\"@id\":\"https:\/\/instytutpolski.pl\/bucuresti\/pl\/2021\/07\/14\/e-book-z-basniami-ludowymi-z-regionu-karpat\/#breadcrumb\"},\"inLanguage\":\"pl-PL\",\"potentialAction\":[{\"@type\":\"ReadAction\",\"target\":[\"https:\/\/instytutpolski.pl\/bucuresti\/pl\/2021\/07\/14\/e-book-z-basniami-ludowymi-z-regionu-karpat\/\"]}],\"@context\":\"https:\/\/schema.org\",\"startDate\":\"2021-07-14\",\"endDate\":\"2021-09-30\",\"eventStatus\":\"EventScheduled\",\"eventAttendanceMode\":\"OfflineEventAttendanceMode\",\"location\":{\"@type\":\"place\",\"name\":\"\",\"address\":\"\",\"geo\":{\"@type\":\"GeoCoordinates\",\"latitude\":\"\",\"longitude\":\"\"}},\"description\":\"Mo\u017cna go przeczyta\u0107 (w j\u0119zyku rumu\u0144skim) i pobra\u0107 TUTAJBa\u015bnie zosta\u0142y opowiedziane wsp\u00f3\u0142czesnym j\u0119zykiem przez Marin\u0119 Ilie, wyk\u0142adowczyni\u0119 na Katedrze Polonistyki Uniwersytetu w Bukareszcie i zilustrowane przez polsk\u0105 artystk\u0119 Kamil\u0119 Paw\u0142uck\u0105-G\u00f3reck\u0105. W przygotowaniu e-booka uczestniczy\u0142 tak\u017ce Atelierul de grafica, kt\u00f3ry odpowiada za layout oraz W\u0119gierski Instytut Kultury, t\u0142umaczka Ewa Rossi i Centrum Czeskie, kt\u00f3rzy wsparli proces wyboru i t\u0142umaczenia tekst\u00f3w.Ksi\u0105\u017cka powsta\u0142a z inicjatywy Instytutu Polskiego w Bukareszcie z okazji 30. rocznicy powstania Grupy Wyszehradzkiej, w czasie polskiej prezydencji w grupie.\"},{\"@type\":\"ImageObject\",\"inLanguage\":\"pl-PL\",\"@id\":\"https:\/\/instytutpolski.pl\/bucuresti\/pl\/2021\/07\/14\/e-book-z-basniami-ludowymi-z-regionu-karpat\/#primaryimage\",\"url\":\"https:\/\/instytutpolski.pl\/bucuresti\/wp-content\/uploads\/sites\/11\/2021\/07\/strona-ebook.png\",\"contentUrl\":\"https:\/\/instytutpolski.pl\/bucuresti\/wp-content\/uploads\/sites\/11\/2021\/07\/strona-ebook.png\",\"width\":1920,\"height\":1080},{\"@type\":\"BreadcrumbList\",\"@id\":\"https:\/\/instytutpolski.pl\/bucuresti\/pl\/2021\/07\/14\/e-book-z-basniami-ludowymi-z-regionu-karpat\/#breadcrumb\",\"itemListElement\":[{\"@type\":\"ListItem\",\"position\":1,\"name\":\"Home\",\"item\":\"https:\/\/instytutpolski.pl\/bucuresti\/\"},{\"@type\":\"ListItem\",\"position\":2,\"name\":\"E-book z ba\u015bniami ludowymi z regionu Karpat\"}]},{\"@type\":\"WebSite\",\"@id\":\"https:\/\/instytutpolski.pl\/bucuresti\/#website\",\"url\":\"https:\/\/instytutpolski.pl\/bucuresti\/\",\"name\":\"Instytut Polski w Bukareszcie\",\"description\":\"Instytuty Polskie\",\"potentialAction\":[{\"@type\":\"SearchAction\",\"target\":{\"@type\":\"EntryPoint\",\"urlTemplate\":\"https:\/\/instytutpolski.pl\/bucuresti\/?s={search_term_string}\"},\"query-input\":{\"@type\":\"PropertyValueSpecification\",\"valueRequired\":true,\"valueName\":\"search_term_string\"}}],\"inLanguage\":\"pl-PL\"},{\"@type\":\"Person\",\"@id\":\"https:\/\/instytutpolski.pl\/bucuresti\/#\/schema\/person\/a1d5ab39dce466455f60589721519864\",\"name\":\"nicolaua\",\"image\":{\"@type\":\"ImageObject\",\"inLanguage\":\"pl-PL\",\"@id\":\"https:\/\/instytutpolski.pl\/bucuresti\/#\/schema\/person\/image\/\",\"url\":\"https:\/\/secure.gravatar.com\/avatar\/5029b942a8ac0a6a935e5655abff56ef?s=96&d=mm&r=g\",\"contentUrl\":\"https:\/\/secure.gravatar.com\/avatar\/5029b942a8ac0a6a935e5655abff56ef?s=96&d=mm&r=g\",\"caption\":\"nicolaua\"},\"url\":\"https:\/\/instytutpolski.pl\/bucuresti\/author\/nicolaua\/\"}]}<\/script>\n<!-- \/ Yoast SEO plugin. -->","yoast_head_json":{"title":"E-book z ba\u015bniami ludowymi z regionu Karpat - Instytut Polski w Bukareszcie","robots":{"index":"index","follow":"follow","max-snippet":"max-snippet:-1","max-image-preview":"max-image-preview:large","max-video-preview":"max-video-preview:-1"},"canonical":"https:\/\/instytutpolski.pl\/bucuresti\/pl\/2021\/07\/14\/e-book-z-basniami-ludowymi-z-regionu-karpat\/","og_locale":"pl_PL","og_type":"article","og_title":"E-book z ba\u015bniami ludowymi z regionu Karpat - Instytut Polski w Bukareszcie","og_description":"Mo\u017cna go przeczyta\u0107 (w j\u0119zyku rumu\u0144skim) i pobra\u0107 TUTAJBa\u015bnie zosta\u0142y opowiedziane wsp\u00f3\u0142czesnym j\u0119zykiem przez Marin\u0119 Ilie, wyk\u0142adowczyni\u0119 na Katedrze Polonistyki Uniwersytetu w Bukareszcie i zilustrowane przez polsk\u0105 artystk\u0119 Kamil\u0119 Paw\u0142uck\u0105-G\u00f3reck\u0105. W przygotowaniu e-booka uczestniczy\u0142 tak\u017ce Atelierul de grafica, kt\u00f3ry odpowiada za layout oraz W\u0119gierski Instytut Kultury, t\u0142umaczka Ewa Rossi i Centrum Czeskie, kt\u00f3rzy wsparli proces [&hellip;]","og_url":"https:\/\/instytutpolski.pl\/bucuresti\/pl\/2021\/07\/14\/e-book-z-basniami-ludowymi-z-regionu-karpat\/","og_site_name":"Instytut Polski w Bukareszcie","article_published_time":"2021-07-14T13:36:13+00:00","article_modified_time":"2022-02-10T12:59:12+00:00","og_image":[{"width":1920,"height":1080,"url":"https:\/\/instytutpolski.pl\/bucuresti\/wp-content\/uploads\/sites\/11\/2021\/07\/strona-ebook.png","type":"image\/png"}],"author":"nicolaua","twitter_card":"summary_large_image","twitter_misc":{"Napisane przez":"nicolaua","Szacowany czas czytania":"1 minuta"},"schema":{"@context":"https:\/\/schema.org","@graph":[{"@type":"event","@id":"https:\/\/instytutpolski.pl\/bucuresti\/pl\/2021\/07\/14\/e-book-z-basniami-ludowymi-z-regionu-karpat\/","url":"https:\/\/instytutpolski.pl\/bucuresti\/pl\/2021\/07\/14\/e-book-z-basniami-ludowymi-z-regionu-karpat\/","name":"E-book z ba\u015bniami ludowymi z regionu Karpat","isPartOf":{"@id":"https:\/\/instytutpolski.pl\/bucuresti\/#website"},"primaryImageOfPage":{"@id":"https:\/\/instytutpolski.pl\/bucuresti\/pl\/2021\/07\/14\/e-book-z-basniami-ludowymi-z-regionu-karpat\/#primaryimage"},"image":["https:\/\/instytutpolski.pl\/bucuresti\/wp-content\/uploads\/sites\/11\/2021\/07\/strona-ebook.png","https:\/\/instytutpolski.pl\/bucuresti\/wp-content\/uploads\/sites\/11\/2021\/07\/strona-ebook-300x169.png","https:\/\/instytutpolski.pl\/bucuresti\/wp-content\/uploads\/sites\/11\/2021\/07\/strona-ebook-1024x576.png","https:\/\/instytutpolski.pl\/bucuresti\/wp-content\/uploads\/sites\/11\/2021\/07\/strona-ebook.png"],"thumbnailUrl":"https:\/\/instytutpolski.pl\/bucuresti\/wp-content\/uploads\/sites\/11\/2021\/07\/strona-ebook.png","datePublished":"2021-07-14T13:36:13+02:00","dateModified":"2022-02-10T12:59:12+02:00","author":{"@id":"https:\/\/instytutpolski.pl\/bucuresti\/#\/schema\/person\/a1d5ab39dce466455f60589721519864"},"breadcrumb":{"@id":"https:\/\/instytutpolski.pl\/bucuresti\/pl\/2021\/07\/14\/e-book-z-basniami-ludowymi-z-regionu-karpat\/#breadcrumb"},"inLanguage":"pl-PL","potentialAction":[{"@type":"ReadAction","target":["https:\/\/instytutpolski.pl\/bucuresti\/pl\/2021\/07\/14\/e-book-z-basniami-ludowymi-z-regionu-karpat\/"]}],"@context":"https:\/\/schema.org","startDate":"2021-07-14","endDate":"2021-09-30","eventStatus":"EventScheduled","eventAttendanceMode":"OfflineEventAttendanceMode","location":{"@type":"place","name":"","address":"","geo":{"@type":"GeoCoordinates","latitude":"","longitude":""}},"description":"Mo\u017cna go przeczyta\u0107 (w j\u0119zyku rumu\u0144skim) i pobra\u0107 TUTAJBa\u015bnie zosta\u0142y opowiedziane wsp\u00f3\u0142czesnym j\u0119zykiem przez Marin\u0119 Ilie, wyk\u0142adowczyni\u0119 na Katedrze Polonistyki Uniwersytetu w Bukareszcie i zilustrowane przez polsk\u0105 artystk\u0119 Kamil\u0119 Paw\u0142uck\u0105-G\u00f3reck\u0105. W przygotowaniu e-booka uczestniczy\u0142 tak\u017ce Atelierul de grafica, kt\u00f3ry odpowiada za layout oraz W\u0119gierski Instytut Kultury, t\u0142umaczka Ewa Rossi i Centrum Czeskie, kt\u00f3rzy wsparli proces wyboru i t\u0142umaczenia tekst\u00f3w.Ksi\u0105\u017cka powsta\u0142a z inicjatywy Instytutu Polskiego w Bukareszcie z okazji 30. rocznicy powstania Grupy Wyszehradzkiej, w czasie polskiej prezydencji w grupie."},{"@type":"ImageObject","inLanguage":"pl-PL","@id":"https:\/\/instytutpolski.pl\/bucuresti\/pl\/2021\/07\/14\/e-book-z-basniami-ludowymi-z-regionu-karpat\/#primaryimage","url":"https:\/\/instytutpolski.pl\/bucuresti\/wp-content\/uploads\/sites\/11\/2021\/07\/strona-ebook.png","contentUrl":"https:\/\/instytutpolski.pl\/bucuresti\/wp-content\/uploads\/sites\/11\/2021\/07\/strona-ebook.png","width":1920,"height":1080},{"@type":"BreadcrumbList","@id":"https:\/\/instytutpolski.pl\/bucuresti\/pl\/2021\/07\/14\/e-book-z-basniami-ludowymi-z-regionu-karpat\/#breadcrumb","itemListElement":[{"@type":"ListItem","position":1,"name":"Home","item":"https:\/\/instytutpolski.pl\/bucuresti\/"},{"@type":"ListItem","position":2,"name":"E-book z ba\u015bniami ludowymi z regionu Karpat"}]},{"@type":"WebSite","@id":"https:\/\/instytutpolski.pl\/bucuresti\/#website","url":"https:\/\/instytutpolski.pl\/bucuresti\/","name":"Instytut Polski w Bukareszcie","description":"Instytuty Polskie","potentialAction":[{"@type":"SearchAction","target":{"@type":"EntryPoint","urlTemplate":"https:\/\/instytutpolski.pl\/bucuresti\/?s={search_term_string}"},"query-input":{"@type":"PropertyValueSpecification","valueRequired":true,"valueName":"search_term_string"}}],"inLanguage":"pl-PL"},{"@type":"Person","@id":"https:\/\/instytutpolski.pl\/bucuresti\/#\/schema\/person\/a1d5ab39dce466455f60589721519864","name":"nicolaua","image":{"@type":"ImageObject","inLanguage":"pl-PL","@id":"https:\/\/instytutpolski.pl\/bucuresti\/#\/schema\/person\/image\/","url":"https:\/\/secure.gravatar.com\/avatar\/5029b942a8ac0a6a935e5655abff56ef?s=96&d=mm&r=g","contentUrl":"https:\/\/secure.gravatar.com\/avatar\/5029b942a8ac0a6a935e5655abff56ef?s=96&d=mm&r=g","caption":"nicolaua"},"url":"https:\/\/instytutpolski.pl\/bucuresti\/author\/nicolaua\/"}]}},"_links":{"self":[{"href":"https:\/\/instytutpolski.pl\/bucuresti\/wp-json\/wp\/v2\/posts\/6959","targetHints":{"allow":["GET"]}}],"collection":[{"href":"https:\/\/instytutpolski.pl\/bucuresti\/wp-json\/wp\/v2\/posts"}],"about":[{"href":"https:\/\/instytutpolski.pl\/bucuresti\/wp-json\/wp\/v2\/types\/post"}],"author":[{"embeddable":true,"href":"https:\/\/instytutpolski.pl\/bucuresti\/wp-json\/wp\/v2\/users\/43"}],"replies":[{"embeddable":true,"href":"https:\/\/instytutpolski.pl\/bucuresti\/wp-json\/wp\/v2\/comments?post=6959"}],"version-history":[{"count":8,"href":"https:\/\/instytutpolski.pl\/bucuresti\/wp-json\/wp\/v2\/posts\/6959\/revisions"}],"predecessor-version":[{"id":7662,"href":"https:\/\/instytutpolski.pl\/bucuresti\/wp-json\/wp\/v2\/posts\/6959\/revisions\/7662"}],"wp:featuredmedia":[{"embeddable":true,"href":"https:\/\/instytutpolski.pl\/bucuresti\/wp-json\/wp\/v2\/media\/6955"}],"wp:attachment":[{"href":"https:\/\/instytutpolski.pl\/bucuresti\/wp-json\/wp\/v2\/media?parent=6959"}],"wp:term":[{"taxonomy":"category","embeddable":true,"href":"https:\/\/instytutpolski.pl\/bucuresti\/wp-json\/wp\/v2\/categories?post=6959"},{"taxonomy":"post_tag","embeddable":true,"href":"https:\/\/instytutpolski.pl\/bucuresti\/wp-json\/wp\/v2\/tags?post=6959"}],"curies":[{"name":"wp","href":"https:\/\/api.w.org\/{rel}","templated":true}]}}