{"id":7132,"date":"2021-08-30T09:50:18","date_gmt":"2021-08-30T07:50:18","guid":{"rendered":"https:\/\/instytutpolski.pl\/bucuresti\/?p=7132"},"modified":"2021-09-10T13:17:26","modified_gmt":"2021-09-10T11:17:26","slug":"polski-teatr-w-piatra-neamt","status":"publish","type":"post","link":"https:\/\/instytutpolski.pl\/bucuresti\/pl\/2021\/08\/30\/polski-teatr-w-piatra-neamt\/","title":{"rendered":"Polski teatr w Piatra Neam\u021b"},"content":{"rendered":"\n<p>\u201eMuzeum rumu\u0144skiego Holokaustu. Opowie\u015b\u0107, kt\u00f3ra lepiej niech zostanie niewypowiedziana\u201d to ostatnia cz\u0119\u015b\u0107 \u201eTryptyku o przemocy\u201d Jakuba Skrzywanka, zapocz\u0105tkowanego szeroko dyskutowanym r\u00f3wnie\u017c na arenie mi\u0119dzynarodowej spektaklem \u201eMein Kampf\u201d.<\/p>\n<p>Bohaterem przedstawienia jest posta\u0107 Karola Koperfyngela (g\u0142\u00f3wnej postaci powie\u015bci \u201ePalacz zw\u0142ok\u201d czeskiego pisarza Ladislava Fuksa\u201d), kt\u00f3ry opowiada o historii Holokaustu w Rumunii ze swojej perspektywy. R\u00f3wnie\u017c ten temat jest osi\u0105 powojennego dialogu pomi\u0119dzy Mihailem Sebastianem i Mirce\u0105 Eliade podczas spotkania, kt\u00f3re nigdy nie mia\u0142o miejsca.<\/p>\n<p>Premiera spektaklu Jakuba Skrzywanka przygotowanego w z ekip\u0105 Teatru M\u0142odych w Piatra Neam\u021b by\u0142a planowana na 2020 r., ale ze wzgl\u0119du na pandemi\u0119 zosta\u0142a prze\u0142o\u017cona.<\/p>\n<p>\u201eMuzeum rumu\u0144skiego Holokaustu. Opowie\u015b\u0107, kt\u00f3ra lepiej niech zostanie niewypowiedziana\u201d zostanie zaprezentowany w niedziel\u0119, 5 wrze\u015bnia o godz. 17.00 w Teatrze M\u0142odych w Piatra Neam\u021b.<\/p>\n<p>Jakub Skrzywanek jest uznanym przedstawicielem m\u0142odego pokolenia polskich re\u017cyser\u00f3w, tw\u00f3rc\u0105 instalacji performatywnych oraz kurator programowy Teatru Wsp\u00f3\u0142czesnego w Szczecinie . W 2019 r. w Teatrze Powszechnym w Warszawie zaprezentowa\u0142 pierwsz\u0105 cz\u0119\u015b\u0107 \u201eTryptyku o przemocy\u201d \u2013 adaptacj\u0119 \u201eMein Kampf\u201d, kt\u00f3ra go\u015bci na wielu mi\u0119dzynarodowych festiwalach teatralnych. Drug\u0105 cz\u0119\u015b\u0107 tryptyku stanowi spektakl \u201eKaspar Hauser\u201d, przygotowany w Teatrze Wsp\u00f3\u0142czesnym w Szczecinie.\u00a0 \u00a0<\/p>\n<p>R\u00f3wnie\u017c w niedziel\u0119, 5 wrze\u015bnia o godz. 15.00, w Muzeum Sztuki w Piatra Neam\u021b odb\u0119dzie si\u0119 dyskusja po\u015bwi\u0119cona polskiemu teatrowi wsp\u00f3\u0142czesnemu, kt\u00f3remu zosta\u0142a po\u015bwi\u0119cona sekcja 52. Numeru czasopisma teatralnego Scena.ro. W spotkaniu wezm\u0105 udzia\u0142 redaktorka sekcji, krytyczka teatralna Oana Cristea Grigorescu i przedstawiciel Instytutu Polskiego w Bukareszcie Pawe\u0142 Rutkowski.<\/p>\n<p>Szczeg\u00f3\u0142y:<\/p>\n<div class=\"\" data-block=\"true\" data-editor=\"1nu8n\" data-offset-key=\"873p2-0-0\">\n<div class=\"_1mf _1mj\" data-offset-key=\"873p2-0-0\"><span data-offset-key=\"873p2-0-0\">&#x1f449; <\/span><span class=\"py34i1dx\"><span data-offset-key=\"873p2-1-0\">https:\/\/www.facebook.com\/events\/954184088648158<\/span><\/span><\/div>\n<\/div>\n<div class=\"\" data-block=\"true\" data-editor=\"1nu8n\" data-offset-key=\"fsber-0-0\">\n<div class=\"_1mf _1mj\" data-offset-key=\"fsber-0-0\"><span data-offset-key=\"fsber-0-0\">\u00a0<\/span><\/div>\n<\/div>\n<div class=\"\" data-block=\"true\" data-editor=\"1nu8n\" data-offset-key=\"3i4ag-0-0\">\n<div class=\"_1mf _1mj\" data-offset-key=\"3i4ag-0-0\"><span data-offset-key=\"3i4ag-0-0\">&#x1f449; <\/span><span class=\"py34i1dx\"><span data-offset-key=\"3i4ag-1-0\">https:\/\/www.facebook.com\/events\/892821838303583<\/span><\/span><\/div>\n<div data-offset-key=\"3i4ag-0-0\">\u00a0<\/div>\n<\/div>\n<div data-offset-key=\"3i4ag-0-0\"><span data-offset-key=\"3i4ag-0-0\">&#x1f449; <\/span>https:\/\/www.facebook.com\/events\/510852503349561<\/div>\n<div class=\"\" data-block=\"true\" data-editor=\"1nu8n\" data-offset-key=\"cc20f-0-0\">\n<div class=\"_1mf _1mj\" data-offset-key=\"cc20f-0-0\"><span data-offset-key=\"cc20f-0-0\">\u00a0<\/span><\/div>\n<\/div>\n<div class=\"\" data-block=\"true\" data-editor=\"1nu8n\" data-offset-key=\"3uts0-0-0\">\n<div class=\"_1mf _1mj\" data-offset-key=\"3uts0-0-0\"><span data-offset-key=\"3uts0-0-0\">Bilety:<\/span><\/div>\n<div data-offset-key=\"3uts0-0-0\">\u00a0<\/div>\n<\/div>\n<div class=\"\" data-block=\"true\" data-editor=\"1nu8n\" data-offset-key=\"9vn9p-0-0\">\n<div class=\"_1mf _1mj\" data-offset-key=\"9vn9p-0-0\"><span data-offset-key=\"9vn9p-0-0\">&#x1f449; <\/span><span class=\"py34i1dx\"><span data-offset-key=\"9vn9p-1-0\">www.bilete.ro\/categorii\/teatru\/teatrul-tineretului-piatra-neamt<\/span><\/span><\/div>\n<\/div>\n","protected":false},"excerpt":{"rendered":"<p>\u201eMuzeum rumu\u0144skiego Holokaustu. Opowie\u015b\u0107, kt\u00f3ra lepiej niech zostanie niewypowiedziana\u201d to ostatnia cz\u0119\u015b\u0107 \u201eTryptyku o przemocy\u201d Jakuba Skrzywanka, zapocz\u0105tkowanego szeroko dyskutowanym r\u00f3wnie\u017c na arenie mi\u0119dzynarodowej spektaklem \u201eMein Kampf\u201d. Bohaterem przedstawienia jest posta\u0107 Karola Koperfyngela (g\u0142\u00f3wnej postaci powie\u015bci \u201ePalacz zw\u0142ok\u201d czeskiego pisarza Ladislava Fuksa\u201d), kt\u00f3ry opowiada o historii Holokaustu w Rumunii ze swojej perspektywy. R\u00f3wnie\u017c ten temat [&hellip;]<\/p>\n","protected":false},"author":42,"featured_media":7129,"comment_status":"open","ping_status":"open","sticky":false,"template":"","format":"standard","meta":{"inline_featured_image":false,"_monsterinsights_skip_tracking":false,"_monsterinsights_sitenote_active":false,"_monsterinsights_sitenote_note":"","_monsterinsights_sitenote_category":0,"footnotes":""},"categories":[142],"tags":[],"class_list":["post-7132","post","type-post","status-publish","format-standard","has-post-thumbnail","hentry","category-teatr"],"yoast_head":"<!-- This site is optimized with the Yoast SEO plugin v24.6 - https:\/\/yoast.com\/wordpress\/plugins\/seo\/ -->\n<title>Polski teatr w Piatra Neam\u021b - Instytut Polski w Bukareszcie<\/title>\n<meta name=\"robots\" content=\"index, follow, max-snippet:-1, max-image-preview:large, max-video-preview:-1\" \/>\n<link rel=\"canonical\" href=\"https:\/\/instytutpolski.pl\/bucuresti\/pl\/2021\/08\/30\/polski-teatr-w-piatra-neamt\/\" \/>\n<meta property=\"og:locale\" content=\"pl_PL\" \/>\n<meta property=\"og:type\" content=\"article\" \/>\n<meta property=\"og:title\" content=\"Polski teatr w Piatra Neam\u021b - Instytut Polski w Bukareszcie\" \/>\n<meta property=\"og:description\" content=\"\u201eMuzeum rumu\u0144skiego Holokaustu. Opowie\u015b\u0107, kt\u00f3ra lepiej niech zostanie niewypowiedziana\u201d to ostatnia cz\u0119\u015b\u0107 \u201eTryptyku o przemocy\u201d Jakuba Skrzywanka, zapocz\u0105tkowanego szeroko dyskutowanym r\u00f3wnie\u017c na arenie mi\u0119dzynarodowej spektaklem \u201eMein Kampf\u201d. Bohaterem przedstawienia jest posta\u0107 Karola Koperfyngela (g\u0142\u00f3wnej postaci powie\u015bci \u201ePalacz zw\u0142ok\u201d czeskiego pisarza Ladislava Fuksa\u201d), kt\u00f3ry opowiada o historii Holokaustu w Rumunii ze swojej perspektywy. R\u00f3wnie\u017c ten temat [&hellip;]\" \/>\n<meta property=\"og:url\" content=\"https:\/\/instytutpolski.pl\/bucuresti\/pl\/2021\/08\/30\/polski-teatr-w-piatra-neamt\/\" \/>\n<meta property=\"og:site_name\" content=\"Instytut Polski w Bukareszcie\" \/>\n<meta property=\"article:published_time\" content=\"2021-08-30T07:50:18+00:00\" \/>\n<meta property=\"article:modified_time\" content=\"2021-09-10T11:17:26+00:00\" \/>\n<meta property=\"og:image\" content=\"https:\/\/instytutpolski.pl\/bucuresti\/wp-content\/uploads\/sites\/11\/2021\/08\/Afis-FTPN-final.png\" \/>\n\t<meta property=\"og:image:width\" content=\"1181\" \/>\n\t<meta property=\"og:image:height\" content=\"1687\" \/>\n\t<meta property=\"og:image:type\" content=\"image\/png\" \/>\n<meta name=\"author\" content=\"rutkowskip\" \/>\n<meta name=\"twitter:card\" content=\"summary_large_image\" \/>\n<meta name=\"twitter:label1\" content=\"Napisane przez\" \/>\n\t<meta name=\"twitter:data1\" content=\"rutkowskip\" \/>\n\t<meta name=\"twitter:label2\" content=\"Szacowany czas czytania\" \/>\n\t<meta name=\"twitter:data2\" content=\"1 minuta\" \/>\n<script type=\"application\/ld+json\" class=\"yoast-schema-graph\">{\"@context\":\"https:\/\/schema.org\",\"@graph\":[{\"@type\":\"event\",\"@id\":\"https:\/\/instytutpolski.pl\/bucuresti\/pl\/2021\/08\/30\/polski-teatr-w-piatra-neamt\/\",\"url\":\"https:\/\/instytutpolski.pl\/bucuresti\/pl\/2021\/08\/30\/polski-teatr-w-piatra-neamt\/\",\"name\":\"Polski teatr w Piatra Neam\u021b\",\"isPartOf\":{\"@id\":\"https:\/\/instytutpolski.pl\/bucuresti\/#website\"},\"primaryImageOfPage\":{\"@id\":\"https:\/\/instytutpolski.pl\/bucuresti\/pl\/2021\/08\/30\/polski-teatr-w-piatra-neamt\/#primaryimage\"},\"image\":[\"https:\/\/instytutpolski.pl\/bucuresti\/wp-content\/uploads\/sites\/11\/2021\/08\/Afis-FTPN-final.png\",\"https:\/\/instytutpolski.pl\/bucuresti\/wp-content\/uploads\/sites\/11\/2021\/08\/Afis-FTPN-final-210x300.png\",\"https:\/\/instytutpolski.pl\/bucuresti\/wp-content\/uploads\/sites\/11\/2021\/08\/Afis-FTPN-final-717x1024.png\",\"https:\/\/instytutpolski.pl\/bucuresti\/wp-content\/uploads\/sites\/11\/2021\/08\/Afis-FTPN-final.png\"],\"thumbnailUrl\":\"https:\/\/instytutpolski.pl\/bucuresti\/wp-content\/uploads\/sites\/11\/2021\/08\/Afis-FTPN-final.png\",\"datePublished\":\"2021-08-30T07:50:18+02:00\",\"dateModified\":\"2021-09-10T11:17:26+02:00\",\"author\":{\"@id\":\"https:\/\/instytutpolski.pl\/bucuresti\/#\/schema\/person\/980fdccff6ea3f1cab069becadecca5b\"},\"breadcrumb\":{\"@id\":\"https:\/\/instytutpolski.pl\/bucuresti\/pl\/2021\/08\/30\/polski-teatr-w-piatra-neamt\/#breadcrumb\"},\"inLanguage\":\"pl-PL\",\"potentialAction\":[{\"@type\":\"ReadAction\",\"target\":[\"https:\/\/instytutpolski.pl\/bucuresti\/pl\/2021\/08\/30\/polski-teatr-w-piatra-neamt\/\"]}],\"@context\":\"https:\/\/schema.org\",\"startDate\":\"2021-09-05\",\"endDate\":\"2021-09-05\",\"eventStatus\":\"EventScheduled\",\"eventAttendanceMode\":\"OfflineEventAttendanceMode\",\"location\":{\"@type\":\"place\",\"name\":\"\",\"address\":\"\",\"geo\":{\"@type\":\"GeoCoordinates\",\"latitude\":\"\",\"longitude\":\"\"}},\"description\":\"\u201eMuzeum rumu\u0144skiego Holokaustu. Opowie\u015b\u0107, kt\u00f3ra lepiej niech zostanie niewypowiedziana\u201d to ostatnia cz\u0119\u015b\u0107 \u201eTryptyku o przemocy\u201d Jakuba Skrzywanka, zapocz\u0105tkowanego szeroko dyskutowanym r\u00f3wnie\u017c na arenie mi\u0119dzynarodowej spektaklem \u201eMein Kampf\u201d.\\nBohaterem przedstawienia jest posta\u0107 Karola Koperfyngela (g\u0142\u00f3wnej postaci powie\u015bci \u201ePalacz zw\u0142ok\u201d czeskiego pisarza Ladislava Fuksa\u201d), kt\u00f3ry opowiada o historii Holokaustu w Rumunii ze swojej perspektywy. R\u00f3wnie\u017c ten temat jest osi\u0105 powojennego dialogu pomi\u0119dzy Mihailem Sebastianem i Mirce\u0105 Eliade podczas spotkania, kt\u00f3re nigdy nie mia\u0142o miejsca.\\nPremiera spektaklu Jakuba Skrzywanka przygotowanego w z ekip\u0105 Teatru M\u0142odych w Piatra Neam\u021b by\u0142a planowana na 2020 r., ale ze wzgl\u0119du na pandemi\u0119 zosta\u0142a prze\u0142o\u017cona.\\n\u201eMuzeum rumu\u0144skiego Holokaustu. Opowie\u015b\u0107, kt\u00f3ra lepiej niech zostanie niewypowiedziana\u201d zostanie zaprezentowany w niedziel\u0119, 5 wrze\u015bnia o godz. 17.00 w Teatrze M\u0142odych w Piatra Neam\u021b.\\nJakub Skrzywanek jest uznanym przedstawicielem m\u0142odego pokolenia polskich re\u017cyser\u00f3w, tw\u00f3rc\u0105 instalacji performatywnych oraz kurator programowy Teatru Wsp\u00f3\u0142czesnego w Szczecinie . W 2019 r. w Teatrze Powszechnym w Warszawie zaprezentowa\u0142 pierwsz\u0105 cz\u0119\u015b\u0107 \u201eTryptyku o przemocy\u201d \u2013 adaptacj\u0119 \u201eMein Kampf\u201d, kt\u00f3ra go\u015bci na wielu mi\u0119dzynarodowych festiwalach teatralnych. Drug\u0105 cz\u0119\u015b\u0107 tryptyku stanowi spektakl \u201eKaspar Hauser\u201d, przygotowany w Teatrze Wsp\u00f3\u0142czesnym w Szczecinie.\u00a0 \u00a0\\nR\u00f3wnie\u017c w niedziel\u0119, 5 wrze\u015bnia o godz. 15.00, w Muzeum Sztuki w Piatra Neam\u021b odb\u0119dzie si\u0119 dyskusja po\u015bwi\u0119cona polskiemu teatrowi wsp\u00f3\u0142czesnemu, kt\u00f3remu zosta\u0142a po\u015bwi\u0119cona sekcja 52. Numeru czasopisma teatralnego Scena.ro. W spotkaniu wezm\u0105 udzia\u0142 redaktorka sekcji, krytyczka teatralna Oana Cristea Grigorescu i przedstawiciel Instytutu Polskiego w Bukareszcie Pawe\u0142 Rutkowski.\\nSzczeg\u00f3\u0142y:\\n&#x1f449; https:\/\/www.facebook.com\/events\/954184088648158\\n\u00a0\\n&#x1f449; https:\/\/www.facebook.com\/events\/892821838303583\\n\u00a0\\n&#x1f449; https:\/\/www.facebook.com\/events\/510852503349561\\n\u00a0\\nBilety:\\n\u00a0\\n&#x1f449; www.bilete.ro\/categorii\/teatru\/teatrul-tineretului-piatra-neamt\"},{\"@type\":\"ImageObject\",\"inLanguage\":\"pl-PL\",\"@id\":\"https:\/\/instytutpolski.pl\/bucuresti\/pl\/2021\/08\/30\/polski-teatr-w-piatra-neamt\/#primaryimage\",\"url\":\"https:\/\/instytutpolski.pl\/bucuresti\/wp-content\/uploads\/sites\/11\/2021\/08\/Afis-FTPN-final.png\",\"contentUrl\":\"https:\/\/instytutpolski.pl\/bucuresti\/wp-content\/uploads\/sites\/11\/2021\/08\/Afis-FTPN-final.png\",\"width\":1181,\"height\":1687},{\"@type\":\"BreadcrumbList\",\"@id\":\"https:\/\/instytutpolski.pl\/bucuresti\/pl\/2021\/08\/30\/polski-teatr-w-piatra-neamt\/#breadcrumb\",\"itemListElement\":[{\"@type\":\"ListItem\",\"position\":1,\"name\":\"Home\",\"item\":\"https:\/\/instytutpolski.pl\/bucuresti\/\"},{\"@type\":\"ListItem\",\"position\":2,\"name\":\"Polski teatr w Piatra Neam\u021b\"}]},{\"@type\":\"WebSite\",\"@id\":\"https:\/\/instytutpolski.pl\/bucuresti\/#website\",\"url\":\"https:\/\/instytutpolski.pl\/bucuresti\/\",\"name\":\"Instytut Polski w Bukareszcie\",\"description\":\"Instytuty Polskie\",\"potentialAction\":[{\"@type\":\"SearchAction\",\"target\":{\"@type\":\"EntryPoint\",\"urlTemplate\":\"https:\/\/instytutpolski.pl\/bucuresti\/?s={search_term_string}\"},\"query-input\":{\"@type\":\"PropertyValueSpecification\",\"valueRequired\":true,\"valueName\":\"search_term_string\"}}],\"inLanguage\":\"pl-PL\"},{\"@type\":\"Person\",\"@id\":\"https:\/\/instytutpolski.pl\/bucuresti\/#\/schema\/person\/980fdccff6ea3f1cab069becadecca5b\",\"name\":\"rutkowskip\",\"image\":{\"@type\":\"ImageObject\",\"inLanguage\":\"pl-PL\",\"@id\":\"https:\/\/instytutpolski.pl\/bucuresti\/#\/schema\/person\/image\/\",\"url\":\"https:\/\/secure.gravatar.com\/avatar\/a44cb0329dc71f58530e0890a10f5e4d?s=96&d=mm&r=g\",\"contentUrl\":\"https:\/\/secure.gravatar.com\/avatar\/a44cb0329dc71f58530e0890a10f5e4d?s=96&d=mm&r=g\",\"caption\":\"rutkowskip\"},\"url\":\"https:\/\/instytutpolski.pl\/bucuresti\/author\/rutkowskip\/\"}]}<\/script>\n<!-- \/ Yoast SEO plugin. -->","yoast_head_json":{"title":"Polski teatr w Piatra Neam\u021b - Instytut Polski w Bukareszcie","robots":{"index":"index","follow":"follow","max-snippet":"max-snippet:-1","max-image-preview":"max-image-preview:large","max-video-preview":"max-video-preview:-1"},"canonical":"https:\/\/instytutpolski.pl\/bucuresti\/pl\/2021\/08\/30\/polski-teatr-w-piatra-neamt\/","og_locale":"pl_PL","og_type":"article","og_title":"Polski teatr w Piatra Neam\u021b - Instytut Polski w Bukareszcie","og_description":"\u201eMuzeum rumu\u0144skiego Holokaustu. Opowie\u015b\u0107, kt\u00f3ra lepiej niech zostanie niewypowiedziana\u201d to ostatnia cz\u0119\u015b\u0107 \u201eTryptyku o przemocy\u201d Jakuba Skrzywanka, zapocz\u0105tkowanego szeroko dyskutowanym r\u00f3wnie\u017c na arenie mi\u0119dzynarodowej spektaklem \u201eMein Kampf\u201d. Bohaterem przedstawienia jest posta\u0107 Karola Koperfyngela (g\u0142\u00f3wnej postaci powie\u015bci \u201ePalacz zw\u0142ok\u201d czeskiego pisarza Ladislava Fuksa\u201d), kt\u00f3ry opowiada o historii Holokaustu w Rumunii ze swojej perspektywy. R\u00f3wnie\u017c ten temat [&hellip;]","og_url":"https:\/\/instytutpolski.pl\/bucuresti\/pl\/2021\/08\/30\/polski-teatr-w-piatra-neamt\/","og_site_name":"Instytut Polski w Bukareszcie","article_published_time":"2021-08-30T07:50:18+00:00","article_modified_time":"2021-09-10T11:17:26+00:00","og_image":[{"width":1181,"height":1687,"url":"https:\/\/instytutpolski.pl\/bucuresti\/wp-content\/uploads\/sites\/11\/2021\/08\/Afis-FTPN-final.png","type":"image\/png"}],"author":"rutkowskip","twitter_card":"summary_large_image","twitter_misc":{"Napisane przez":"rutkowskip","Szacowany czas czytania":"1 minuta"},"schema":{"@context":"https:\/\/schema.org","@graph":[{"@type":"event","@id":"https:\/\/instytutpolski.pl\/bucuresti\/pl\/2021\/08\/30\/polski-teatr-w-piatra-neamt\/","url":"https:\/\/instytutpolski.pl\/bucuresti\/pl\/2021\/08\/30\/polski-teatr-w-piatra-neamt\/","name":"Polski teatr w Piatra Neam\u021b","isPartOf":{"@id":"https:\/\/instytutpolski.pl\/bucuresti\/#website"},"primaryImageOfPage":{"@id":"https:\/\/instytutpolski.pl\/bucuresti\/pl\/2021\/08\/30\/polski-teatr-w-piatra-neamt\/#primaryimage"},"image":["https:\/\/instytutpolski.pl\/bucuresti\/wp-content\/uploads\/sites\/11\/2021\/08\/Afis-FTPN-final.png","https:\/\/instytutpolski.pl\/bucuresti\/wp-content\/uploads\/sites\/11\/2021\/08\/Afis-FTPN-final-210x300.png","https:\/\/instytutpolski.pl\/bucuresti\/wp-content\/uploads\/sites\/11\/2021\/08\/Afis-FTPN-final-717x1024.png","https:\/\/instytutpolski.pl\/bucuresti\/wp-content\/uploads\/sites\/11\/2021\/08\/Afis-FTPN-final.png"],"thumbnailUrl":"https:\/\/instytutpolski.pl\/bucuresti\/wp-content\/uploads\/sites\/11\/2021\/08\/Afis-FTPN-final.png","datePublished":"2021-08-30T07:50:18+02:00","dateModified":"2021-09-10T11:17:26+02:00","author":{"@id":"https:\/\/instytutpolski.pl\/bucuresti\/#\/schema\/person\/980fdccff6ea3f1cab069becadecca5b"},"breadcrumb":{"@id":"https:\/\/instytutpolski.pl\/bucuresti\/pl\/2021\/08\/30\/polski-teatr-w-piatra-neamt\/#breadcrumb"},"inLanguage":"pl-PL","potentialAction":[{"@type":"ReadAction","target":["https:\/\/instytutpolski.pl\/bucuresti\/pl\/2021\/08\/30\/polski-teatr-w-piatra-neamt\/"]}],"@context":"https:\/\/schema.org","startDate":"2021-09-05","endDate":"2021-09-05","eventStatus":"EventScheduled","eventAttendanceMode":"OfflineEventAttendanceMode","location":{"@type":"place","name":"","address":"","geo":{"@type":"GeoCoordinates","latitude":"","longitude":""}},"description":"\u201eMuzeum rumu\u0144skiego Holokaustu. Opowie\u015b\u0107, kt\u00f3ra lepiej niech zostanie niewypowiedziana\u201d to ostatnia cz\u0119\u015b\u0107 \u201eTryptyku o przemocy\u201d Jakuba Skrzywanka, zapocz\u0105tkowanego szeroko dyskutowanym r\u00f3wnie\u017c na arenie mi\u0119dzynarodowej spektaklem \u201eMein Kampf\u201d.\nBohaterem przedstawienia jest posta\u0107 Karola Koperfyngela (g\u0142\u00f3wnej postaci powie\u015bci \u201ePalacz zw\u0142ok\u201d czeskiego pisarza Ladislava Fuksa\u201d), kt\u00f3ry opowiada o historii Holokaustu w Rumunii ze swojej perspektywy. R\u00f3wnie\u017c ten temat jest osi\u0105 powojennego dialogu pomi\u0119dzy Mihailem Sebastianem i Mirce\u0105 Eliade podczas spotkania, kt\u00f3re nigdy nie mia\u0142o miejsca.\nPremiera spektaklu Jakuba Skrzywanka przygotowanego w z ekip\u0105 Teatru M\u0142odych w Piatra Neam\u021b by\u0142a planowana na 2020 r., ale ze wzgl\u0119du na pandemi\u0119 zosta\u0142a prze\u0142o\u017cona.\n\u201eMuzeum rumu\u0144skiego Holokaustu. Opowie\u015b\u0107, kt\u00f3ra lepiej niech zostanie niewypowiedziana\u201d zostanie zaprezentowany w niedziel\u0119, 5 wrze\u015bnia o godz. 17.00 w Teatrze M\u0142odych w Piatra Neam\u021b.\nJakub Skrzywanek jest uznanym przedstawicielem m\u0142odego pokolenia polskich re\u017cyser\u00f3w, tw\u00f3rc\u0105 instalacji performatywnych oraz kurator programowy Teatru Wsp\u00f3\u0142czesnego w Szczecinie . W 2019 r. w Teatrze Powszechnym w Warszawie zaprezentowa\u0142 pierwsz\u0105 cz\u0119\u015b\u0107 \u201eTryptyku o przemocy\u201d \u2013 adaptacj\u0119 \u201eMein Kampf\u201d, kt\u00f3ra go\u015bci na wielu mi\u0119dzynarodowych festiwalach teatralnych. Drug\u0105 cz\u0119\u015b\u0107 tryptyku stanowi spektakl \u201eKaspar Hauser\u201d, przygotowany w Teatrze Wsp\u00f3\u0142czesnym w Szczecinie.\u00a0 \u00a0\nR\u00f3wnie\u017c w niedziel\u0119, 5 wrze\u015bnia o godz. 15.00, w Muzeum Sztuki w Piatra Neam\u021b odb\u0119dzie si\u0119 dyskusja po\u015bwi\u0119cona polskiemu teatrowi wsp\u00f3\u0142czesnemu, kt\u00f3remu zosta\u0142a po\u015bwi\u0119cona sekcja 52. Numeru czasopisma teatralnego Scena.ro. W spotkaniu wezm\u0105 udzia\u0142 redaktorka sekcji, krytyczka teatralna Oana Cristea Grigorescu i przedstawiciel Instytutu Polskiego w Bukareszcie Pawe\u0142 Rutkowski.\nSzczeg\u00f3\u0142y:\n&#x1f449; https:\/\/www.facebook.com\/events\/954184088648158\n\u00a0\n&#x1f449; https:\/\/www.facebook.com\/events\/892821838303583\n\u00a0\n&#x1f449; https:\/\/www.facebook.com\/events\/510852503349561\n\u00a0\nBilety:\n\u00a0\n&#x1f449; www.bilete.ro\/categorii\/teatru\/teatrul-tineretului-piatra-neamt"},{"@type":"ImageObject","inLanguage":"pl-PL","@id":"https:\/\/instytutpolski.pl\/bucuresti\/pl\/2021\/08\/30\/polski-teatr-w-piatra-neamt\/#primaryimage","url":"https:\/\/instytutpolski.pl\/bucuresti\/wp-content\/uploads\/sites\/11\/2021\/08\/Afis-FTPN-final.png","contentUrl":"https:\/\/instytutpolski.pl\/bucuresti\/wp-content\/uploads\/sites\/11\/2021\/08\/Afis-FTPN-final.png","width":1181,"height":1687},{"@type":"BreadcrumbList","@id":"https:\/\/instytutpolski.pl\/bucuresti\/pl\/2021\/08\/30\/polski-teatr-w-piatra-neamt\/#breadcrumb","itemListElement":[{"@type":"ListItem","position":1,"name":"Home","item":"https:\/\/instytutpolski.pl\/bucuresti\/"},{"@type":"ListItem","position":2,"name":"Polski teatr w Piatra Neam\u021b"}]},{"@type":"WebSite","@id":"https:\/\/instytutpolski.pl\/bucuresti\/#website","url":"https:\/\/instytutpolski.pl\/bucuresti\/","name":"Instytut Polski w Bukareszcie","description":"Instytuty Polskie","potentialAction":[{"@type":"SearchAction","target":{"@type":"EntryPoint","urlTemplate":"https:\/\/instytutpolski.pl\/bucuresti\/?s={search_term_string}"},"query-input":{"@type":"PropertyValueSpecification","valueRequired":true,"valueName":"search_term_string"}}],"inLanguage":"pl-PL"},{"@type":"Person","@id":"https:\/\/instytutpolski.pl\/bucuresti\/#\/schema\/person\/980fdccff6ea3f1cab069becadecca5b","name":"rutkowskip","image":{"@type":"ImageObject","inLanguage":"pl-PL","@id":"https:\/\/instytutpolski.pl\/bucuresti\/#\/schema\/person\/image\/","url":"https:\/\/secure.gravatar.com\/avatar\/a44cb0329dc71f58530e0890a10f5e4d?s=96&d=mm&r=g","contentUrl":"https:\/\/secure.gravatar.com\/avatar\/a44cb0329dc71f58530e0890a10f5e4d?s=96&d=mm&r=g","caption":"rutkowskip"},"url":"https:\/\/instytutpolski.pl\/bucuresti\/author\/rutkowskip\/"}]}},"_links":{"self":[{"href":"https:\/\/instytutpolski.pl\/bucuresti\/wp-json\/wp\/v2\/posts\/7132","targetHints":{"allow":["GET"]}}],"collection":[{"href":"https:\/\/instytutpolski.pl\/bucuresti\/wp-json\/wp\/v2\/posts"}],"about":[{"href":"https:\/\/instytutpolski.pl\/bucuresti\/wp-json\/wp\/v2\/types\/post"}],"author":[{"embeddable":true,"href":"https:\/\/instytutpolski.pl\/bucuresti\/wp-json\/wp\/v2\/users\/42"}],"replies":[{"embeddable":true,"href":"https:\/\/instytutpolski.pl\/bucuresti\/wp-json\/wp\/v2\/comments?post=7132"}],"version-history":[{"count":4,"href":"https:\/\/instytutpolski.pl\/bucuresti\/wp-json\/wp\/v2\/posts\/7132\/revisions"}],"predecessor-version":[{"id":7167,"href":"https:\/\/instytutpolski.pl\/bucuresti\/wp-json\/wp\/v2\/posts\/7132\/revisions\/7167"}],"wp:featuredmedia":[{"embeddable":true,"href":"https:\/\/instytutpolski.pl\/bucuresti\/wp-json\/wp\/v2\/media\/7129"}],"wp:attachment":[{"href":"https:\/\/instytutpolski.pl\/bucuresti\/wp-json\/wp\/v2\/media?parent=7132"}],"wp:term":[{"taxonomy":"category","embeddable":true,"href":"https:\/\/instytutpolski.pl\/bucuresti\/wp-json\/wp\/v2\/categories?post=7132"},{"taxonomy":"post_tag","embeddable":true,"href":"https:\/\/instytutpolski.pl\/bucuresti\/wp-json\/wp\/v2\/tags?post=7132"}],"curies":[{"name":"wp","href":"https:\/\/api.w.org\/{rel}","templated":true}]}}