{"id":7187,"date":"2021-09-10T16:41:19","date_gmt":"2021-09-10T14:41:19","guid":{"rendered":"https:\/\/instytutpolski.pl\/bucuresti\/?p=7187"},"modified":"2022-02-10T14:25:58","modified_gmt":"2022-02-10T13:25:58","slug":"warsztaty-graficzne-marty-gawin-and-now-east-festival","status":"publish","type":"post","link":"https:\/\/instytutpolski.pl\/bucuresti\/pl\/2021\/09\/10\/warsztaty-graficzne-marty-gawin-and-now-east-festival\/","title":{"rendered":"Warsztaty graficzne Marty Gawin \u2013 And Now East Festival"},"content":{"rendered":"\n<p>Podczas intensywnych zaj\u0119\u0107, kt\u00f3re odb\u0119d\u0105 si\u0119 w dniach 11-13 wrze\u015bnia 2021 r. uczestnicy otrzymaj\u0105 zadanie przygotowania plakat\u00f3w do jednego z trzech wydarze\u0144 organizowanych przez Instytut Polski w Bukareszcie. W okresie mi\u0119dzy 17-26 wrze\u015bnia 2021 r. rezultaty prac artyst\u00f3w zostan\u0105 pokazane podczas wystawy organizowanej w ramach Festiwalu And Now East, w hubie kulturalnym Point, str.Eremia Grigorescu 10. Wst\u0119p darmowy.<\/p>\n<p>Marta Gawin jest uznan\u0105 polsk\u0105 graficzk\u0105 interdyscyplinarn\u0105, kt\u00f3ra specjalizuje si\u0119 w identyfikacji wizualnej, plakatach, wystawach, projektowaniu znak\u00f3w graficznych oraz oprawie graficznej ksi\u0105\u017cek. Ma na swoim koncie liczne nagrody w Polsce, jak i za granic\u0105. W 2016 r. go\u015bci\u0142a na festiwalu Visual Playground w Bukareszcie.<\/p>\n","protected":false},"excerpt":{"rendered":"<p>Podczas intensywnych zaj\u0119\u0107, kt\u00f3re odb\u0119d\u0105 si\u0119 w dniach 11-13 wrze\u015bnia 2021 r. uczestnicy otrzymaj\u0105 zadanie przygotowania plakat\u00f3w do jednego z trzech wydarze\u0144 organizowanych przez Instytut Polski w Bukareszcie. W okresie mi\u0119dzy 17-26 wrze\u015bnia 2021 r. rezultaty prac artyst\u00f3w zostan\u0105 pokazane podczas wystawy organizowanej w ramach Festiwalu And Now East, w hubie kulturalnym Point, str.Eremia Grigorescu [&hellip;]<\/p>\n","protected":false},"author":42,"featured_media":7183,"comment_status":"open","ping_status":"open","sticky":false,"template":"","format":"standard","meta":{"inline_featured_image":false,"_monsterinsights_skip_tracking":false,"_monsterinsights_sitenote_active":false,"_monsterinsights_sitenote_note":"","_monsterinsights_sitenote_category":0,"footnotes":""},"categories":[43],"tags":[],"class_list":["post-7187","post","type-post","status-publish","format-standard","has-post-thumbnail","hentry","category-sztuki-wizualne"],"yoast_head":"<!-- This site is optimized with the Yoast SEO plugin v24.6 - https:\/\/yoast.com\/wordpress\/plugins\/seo\/ -->\n<title>Warsztaty graficzne Marty Gawin \u2013 And Now East Festival - Instytut Polski w Bukareszcie<\/title>\n<meta name=\"robots\" content=\"index, follow, max-snippet:-1, max-image-preview:large, max-video-preview:-1\" \/>\n<link rel=\"canonical\" href=\"https:\/\/instytutpolski.pl\/bucuresti\/pl\/2021\/09\/10\/warsztaty-graficzne-marty-gawin-and-now-east-festival\/\" \/>\n<meta property=\"og:locale\" content=\"pl_PL\" \/>\n<meta property=\"og:type\" content=\"article\" \/>\n<meta property=\"og:title\" content=\"Warsztaty graficzne Marty Gawin \u2013 And Now East Festival - Instytut Polski w Bukareszcie\" \/>\n<meta property=\"og:description\" content=\"Podczas intensywnych zaj\u0119\u0107, kt\u00f3re odb\u0119d\u0105 si\u0119 w dniach 11-13 wrze\u015bnia 2021 r. uczestnicy otrzymaj\u0105 zadanie przygotowania plakat\u00f3w do jednego z trzech wydarze\u0144 organizowanych przez Instytut Polski w Bukareszcie. W okresie mi\u0119dzy 17-26 wrze\u015bnia 2021 r. rezultaty prac artyst\u00f3w zostan\u0105 pokazane podczas wystawy organizowanej w ramach Festiwalu And Now East, w hubie kulturalnym Point, str.Eremia Grigorescu [&hellip;]\" \/>\n<meta property=\"og:url\" content=\"https:\/\/instytutpolski.pl\/bucuresti\/pl\/2021\/09\/10\/warsztaty-graficzne-marty-gawin-and-now-east-festival\/\" \/>\n<meta property=\"og:site_name\" content=\"Instytut Polski w Bukareszcie\" \/>\n<meta property=\"article:published_time\" content=\"2021-09-10T14:41:19+00:00\" \/>\n<meta property=\"article:modified_time\" content=\"2022-02-10T13:25:58+00:00\" \/>\n<meta property=\"og:image\" content=\"https:\/\/instytutpolski.pl\/bucuresti\/wp-content\/uploads\/sites\/11\/2021\/09\/Banner_1120x630_Option1A.png\" \/>\n\t<meta property=\"og:image:width\" content=\"1120\" \/>\n\t<meta property=\"og:image:height\" content=\"630\" \/>\n\t<meta property=\"og:image:type\" content=\"image\/png\" \/>\n<meta name=\"author\" content=\"rutkowskip\" \/>\n<meta name=\"twitter:card\" content=\"summary_large_image\" \/>\n<meta name=\"twitter:label1\" content=\"Napisane przez\" \/>\n\t<meta name=\"twitter:data1\" content=\"rutkowskip\" \/>\n\t<meta name=\"twitter:label2\" content=\"Szacowany czas czytania\" \/>\n\t<meta name=\"twitter:data2\" content=\"1 minuta\" \/>\n<script type=\"application\/ld+json\" class=\"yoast-schema-graph\">{\"@context\":\"https:\/\/schema.org\",\"@graph\":[{\"@type\":\"event\",\"@id\":\"https:\/\/instytutpolski.pl\/bucuresti\/pl\/2021\/09\/10\/warsztaty-graficzne-marty-gawin-and-now-east-festival\/\",\"url\":\"https:\/\/instytutpolski.pl\/bucuresti\/pl\/2021\/09\/10\/warsztaty-graficzne-marty-gawin-and-now-east-festival\/\",\"name\":\"Warsztaty graficzne Marty Gawin \u2013 And Now East Festival\",\"isPartOf\":{\"@id\":\"https:\/\/instytutpolski.pl\/bucuresti\/#website\"},\"primaryImageOfPage\":{\"@id\":\"https:\/\/instytutpolski.pl\/bucuresti\/pl\/2021\/09\/10\/warsztaty-graficzne-marty-gawin-and-now-east-festival\/#primaryimage\"},\"image\":[\"https:\/\/instytutpolski.pl\/bucuresti\/wp-content\/uploads\/sites\/11\/2021\/09\/Banner_1120x630_Option1A.png\",\"https:\/\/instytutpolski.pl\/bucuresti\/wp-content\/uploads\/sites\/11\/2021\/09\/Banner_1120x630_Option1A-300x169.png\",\"https:\/\/instytutpolski.pl\/bucuresti\/wp-content\/uploads\/sites\/11\/2021\/09\/Banner_1120x630_Option1A-1024x576.png\",\"https:\/\/instytutpolski.pl\/bucuresti\/wp-content\/uploads\/sites\/11\/2021\/09\/Banner_1120x630_Option1A.png\"],\"thumbnailUrl\":\"https:\/\/instytutpolski.pl\/bucuresti\/wp-content\/uploads\/sites\/11\/2021\/09\/Banner_1120x630_Option1A.png\",\"datePublished\":\"2021-09-10T14:41:19+02:00\",\"dateModified\":\"2022-02-10T13:25:58+02:00\",\"author\":{\"@id\":\"https:\/\/instytutpolski.pl\/bucuresti\/#\/schema\/person\/980fdccff6ea3f1cab069becadecca5b\"},\"breadcrumb\":{\"@id\":\"https:\/\/instytutpolski.pl\/bucuresti\/pl\/2021\/09\/10\/warsztaty-graficzne-marty-gawin-and-now-east-festival\/#breadcrumb\"},\"inLanguage\":\"pl-PL\",\"potentialAction\":[{\"@type\":\"ReadAction\",\"target\":[\"https:\/\/instytutpolski.pl\/bucuresti\/pl\/2021\/09\/10\/warsztaty-graficzne-marty-gawin-and-now-east-festival\/\"]}],\"@context\":\"https:\/\/schema.org\",\"startDate\":\"2021-09-11\",\"endDate\":\"2021-09-13\",\"eventStatus\":\"EventScheduled\",\"eventAttendanceMode\":\"OfflineEventAttendanceMode\",\"location\":{\"@type\":\"place\",\"name\":\"\",\"address\":\"\",\"geo\":{\"@type\":\"GeoCoordinates\",\"latitude\":\"\",\"longitude\":\"\"}},\"description\":\"Podczas intensywnych zaj\u0119\u0107, kt\u00f3re odb\u0119d\u0105 si\u0119 w dniach 11-13 wrze\u015bnia 2021 r. uczestnicy otrzymaj\u0105 zadanie przygotowania plakat\u00f3w do jednego z trzech wydarze\u0144 organizowanych przez Instytut Polski w Bukareszcie. W okresie mi\u0119dzy 17-26 wrze\u015bnia 2021 r. rezultaty prac artyst\u00f3w zostan\u0105 pokazane podczas wystawy organizowanej w ramach Festiwalu And Now East, w hubie kulturalnym Point, str.Eremia Grigorescu 10. Wst\u0119p darmowy.\\nMarta Gawin jest uznan\u0105 polsk\u0105 graficzk\u0105 interdyscyplinarn\u0105, kt\u00f3ra specjalizuje si\u0119 w identyfikacji wizualnej, plakatach, wystawach, projektowaniu znak\u00f3w graficznych oraz oprawie graficznej ksi\u0105\u017cek. Ma na swoim koncie liczne nagrody w Polsce, jak i za granic\u0105. W 2016 r. go\u015bci\u0142a na festiwalu Visual Playground w Bukareszcie.\"},{\"@type\":\"ImageObject\",\"inLanguage\":\"pl-PL\",\"@id\":\"https:\/\/instytutpolski.pl\/bucuresti\/pl\/2021\/09\/10\/warsztaty-graficzne-marty-gawin-and-now-east-festival\/#primaryimage\",\"url\":\"https:\/\/instytutpolski.pl\/bucuresti\/wp-content\/uploads\/sites\/11\/2021\/09\/Banner_1120x630_Option1A.png\",\"contentUrl\":\"https:\/\/instytutpolski.pl\/bucuresti\/wp-content\/uploads\/sites\/11\/2021\/09\/Banner_1120x630_Option1A.png\",\"width\":1120,\"height\":630},{\"@type\":\"BreadcrumbList\",\"@id\":\"https:\/\/instytutpolski.pl\/bucuresti\/pl\/2021\/09\/10\/warsztaty-graficzne-marty-gawin-and-now-east-festival\/#breadcrumb\",\"itemListElement\":[{\"@type\":\"ListItem\",\"position\":1,\"name\":\"Home\",\"item\":\"https:\/\/instytutpolski.pl\/bucuresti\/\"},{\"@type\":\"ListItem\",\"position\":2,\"name\":\"Warsztaty graficzne Marty Gawin \u2013 And Now East Festival\"}]},{\"@type\":\"WebSite\",\"@id\":\"https:\/\/instytutpolski.pl\/bucuresti\/#website\",\"url\":\"https:\/\/instytutpolski.pl\/bucuresti\/\",\"name\":\"Instytut Polski w Bukareszcie\",\"description\":\"Instytuty Polskie\",\"potentialAction\":[{\"@type\":\"SearchAction\",\"target\":{\"@type\":\"EntryPoint\",\"urlTemplate\":\"https:\/\/instytutpolski.pl\/bucuresti\/?s={search_term_string}\"},\"query-input\":{\"@type\":\"PropertyValueSpecification\",\"valueRequired\":true,\"valueName\":\"search_term_string\"}}],\"inLanguage\":\"pl-PL\"},{\"@type\":\"Person\",\"@id\":\"https:\/\/instytutpolski.pl\/bucuresti\/#\/schema\/person\/980fdccff6ea3f1cab069becadecca5b\",\"name\":\"rutkowskip\",\"image\":{\"@type\":\"ImageObject\",\"inLanguage\":\"pl-PL\",\"@id\":\"https:\/\/instytutpolski.pl\/bucuresti\/#\/schema\/person\/image\/\",\"url\":\"https:\/\/secure.gravatar.com\/avatar\/a44cb0329dc71f58530e0890a10f5e4d?s=96&d=mm&r=g\",\"contentUrl\":\"https:\/\/secure.gravatar.com\/avatar\/a44cb0329dc71f58530e0890a10f5e4d?s=96&d=mm&r=g\",\"caption\":\"rutkowskip\"},\"url\":\"https:\/\/instytutpolski.pl\/bucuresti\/author\/rutkowskip\/\"}]}<\/script>\n<!-- \/ Yoast SEO plugin. -->","yoast_head_json":{"title":"Warsztaty graficzne Marty Gawin \u2013 And Now East Festival - Instytut Polski w Bukareszcie","robots":{"index":"index","follow":"follow","max-snippet":"max-snippet:-1","max-image-preview":"max-image-preview:large","max-video-preview":"max-video-preview:-1"},"canonical":"https:\/\/instytutpolski.pl\/bucuresti\/pl\/2021\/09\/10\/warsztaty-graficzne-marty-gawin-and-now-east-festival\/","og_locale":"pl_PL","og_type":"article","og_title":"Warsztaty graficzne Marty Gawin \u2013 And Now East Festival - Instytut Polski w Bukareszcie","og_description":"Podczas intensywnych zaj\u0119\u0107, kt\u00f3re odb\u0119d\u0105 si\u0119 w dniach 11-13 wrze\u015bnia 2021 r. uczestnicy otrzymaj\u0105 zadanie przygotowania plakat\u00f3w do jednego z trzech wydarze\u0144 organizowanych przez Instytut Polski w Bukareszcie. W okresie mi\u0119dzy 17-26 wrze\u015bnia 2021 r. rezultaty prac artyst\u00f3w zostan\u0105 pokazane podczas wystawy organizowanej w ramach Festiwalu And Now East, w hubie kulturalnym Point, str.Eremia Grigorescu [&hellip;]","og_url":"https:\/\/instytutpolski.pl\/bucuresti\/pl\/2021\/09\/10\/warsztaty-graficzne-marty-gawin-and-now-east-festival\/","og_site_name":"Instytut Polski w Bukareszcie","article_published_time":"2021-09-10T14:41:19+00:00","article_modified_time":"2022-02-10T13:25:58+00:00","og_image":[{"width":1120,"height":630,"url":"https:\/\/instytutpolski.pl\/bucuresti\/wp-content\/uploads\/sites\/11\/2021\/09\/Banner_1120x630_Option1A.png","type":"image\/png"}],"author":"rutkowskip","twitter_card":"summary_large_image","twitter_misc":{"Napisane przez":"rutkowskip","Szacowany czas czytania":"1 minuta"},"schema":{"@context":"https:\/\/schema.org","@graph":[{"@type":"event","@id":"https:\/\/instytutpolski.pl\/bucuresti\/pl\/2021\/09\/10\/warsztaty-graficzne-marty-gawin-and-now-east-festival\/","url":"https:\/\/instytutpolski.pl\/bucuresti\/pl\/2021\/09\/10\/warsztaty-graficzne-marty-gawin-and-now-east-festival\/","name":"Warsztaty graficzne Marty Gawin \u2013 And Now East Festival","isPartOf":{"@id":"https:\/\/instytutpolski.pl\/bucuresti\/#website"},"primaryImageOfPage":{"@id":"https:\/\/instytutpolski.pl\/bucuresti\/pl\/2021\/09\/10\/warsztaty-graficzne-marty-gawin-and-now-east-festival\/#primaryimage"},"image":["https:\/\/instytutpolski.pl\/bucuresti\/wp-content\/uploads\/sites\/11\/2021\/09\/Banner_1120x630_Option1A.png","https:\/\/instytutpolski.pl\/bucuresti\/wp-content\/uploads\/sites\/11\/2021\/09\/Banner_1120x630_Option1A-300x169.png","https:\/\/instytutpolski.pl\/bucuresti\/wp-content\/uploads\/sites\/11\/2021\/09\/Banner_1120x630_Option1A-1024x576.png","https:\/\/instytutpolski.pl\/bucuresti\/wp-content\/uploads\/sites\/11\/2021\/09\/Banner_1120x630_Option1A.png"],"thumbnailUrl":"https:\/\/instytutpolski.pl\/bucuresti\/wp-content\/uploads\/sites\/11\/2021\/09\/Banner_1120x630_Option1A.png","datePublished":"2021-09-10T14:41:19+02:00","dateModified":"2022-02-10T13:25:58+02:00","author":{"@id":"https:\/\/instytutpolski.pl\/bucuresti\/#\/schema\/person\/980fdccff6ea3f1cab069becadecca5b"},"breadcrumb":{"@id":"https:\/\/instytutpolski.pl\/bucuresti\/pl\/2021\/09\/10\/warsztaty-graficzne-marty-gawin-and-now-east-festival\/#breadcrumb"},"inLanguage":"pl-PL","potentialAction":[{"@type":"ReadAction","target":["https:\/\/instytutpolski.pl\/bucuresti\/pl\/2021\/09\/10\/warsztaty-graficzne-marty-gawin-and-now-east-festival\/"]}],"@context":"https:\/\/schema.org","startDate":"2021-09-11","endDate":"2021-09-13","eventStatus":"EventScheduled","eventAttendanceMode":"OfflineEventAttendanceMode","location":{"@type":"place","name":"","address":"","geo":{"@type":"GeoCoordinates","latitude":"","longitude":""}},"description":"Podczas intensywnych zaj\u0119\u0107, kt\u00f3re odb\u0119d\u0105 si\u0119 w dniach 11-13 wrze\u015bnia 2021 r. uczestnicy otrzymaj\u0105 zadanie przygotowania plakat\u00f3w do jednego z trzech wydarze\u0144 organizowanych przez Instytut Polski w Bukareszcie. W okresie mi\u0119dzy 17-26 wrze\u015bnia 2021 r. rezultaty prac artyst\u00f3w zostan\u0105 pokazane podczas wystawy organizowanej w ramach Festiwalu And Now East, w hubie kulturalnym Point, str.Eremia Grigorescu 10. Wst\u0119p darmowy.\nMarta Gawin jest uznan\u0105 polsk\u0105 graficzk\u0105 interdyscyplinarn\u0105, kt\u00f3ra specjalizuje si\u0119 w identyfikacji wizualnej, plakatach, wystawach, projektowaniu znak\u00f3w graficznych oraz oprawie graficznej ksi\u0105\u017cek. Ma na swoim koncie liczne nagrody w Polsce, jak i za granic\u0105. W 2016 r. go\u015bci\u0142a na festiwalu Visual Playground w Bukareszcie."},{"@type":"ImageObject","inLanguage":"pl-PL","@id":"https:\/\/instytutpolski.pl\/bucuresti\/pl\/2021\/09\/10\/warsztaty-graficzne-marty-gawin-and-now-east-festival\/#primaryimage","url":"https:\/\/instytutpolski.pl\/bucuresti\/wp-content\/uploads\/sites\/11\/2021\/09\/Banner_1120x630_Option1A.png","contentUrl":"https:\/\/instytutpolski.pl\/bucuresti\/wp-content\/uploads\/sites\/11\/2021\/09\/Banner_1120x630_Option1A.png","width":1120,"height":630},{"@type":"BreadcrumbList","@id":"https:\/\/instytutpolski.pl\/bucuresti\/pl\/2021\/09\/10\/warsztaty-graficzne-marty-gawin-and-now-east-festival\/#breadcrumb","itemListElement":[{"@type":"ListItem","position":1,"name":"Home","item":"https:\/\/instytutpolski.pl\/bucuresti\/"},{"@type":"ListItem","position":2,"name":"Warsztaty graficzne Marty Gawin \u2013 And Now East Festival"}]},{"@type":"WebSite","@id":"https:\/\/instytutpolski.pl\/bucuresti\/#website","url":"https:\/\/instytutpolski.pl\/bucuresti\/","name":"Instytut Polski w Bukareszcie","description":"Instytuty Polskie","potentialAction":[{"@type":"SearchAction","target":{"@type":"EntryPoint","urlTemplate":"https:\/\/instytutpolski.pl\/bucuresti\/?s={search_term_string}"},"query-input":{"@type":"PropertyValueSpecification","valueRequired":true,"valueName":"search_term_string"}}],"inLanguage":"pl-PL"},{"@type":"Person","@id":"https:\/\/instytutpolski.pl\/bucuresti\/#\/schema\/person\/980fdccff6ea3f1cab069becadecca5b","name":"rutkowskip","image":{"@type":"ImageObject","inLanguage":"pl-PL","@id":"https:\/\/instytutpolski.pl\/bucuresti\/#\/schema\/person\/image\/","url":"https:\/\/secure.gravatar.com\/avatar\/a44cb0329dc71f58530e0890a10f5e4d?s=96&d=mm&r=g","contentUrl":"https:\/\/secure.gravatar.com\/avatar\/a44cb0329dc71f58530e0890a10f5e4d?s=96&d=mm&r=g","caption":"rutkowskip"},"url":"https:\/\/instytutpolski.pl\/bucuresti\/author\/rutkowskip\/"}]}},"_links":{"self":[{"href":"https:\/\/instytutpolski.pl\/bucuresti\/wp-json\/wp\/v2\/posts\/7187","targetHints":{"allow":["GET"]}}],"collection":[{"href":"https:\/\/instytutpolski.pl\/bucuresti\/wp-json\/wp\/v2\/posts"}],"about":[{"href":"https:\/\/instytutpolski.pl\/bucuresti\/wp-json\/wp\/v2\/types\/post"}],"author":[{"embeddable":true,"href":"https:\/\/instytutpolski.pl\/bucuresti\/wp-json\/wp\/v2\/users\/42"}],"replies":[{"embeddable":true,"href":"https:\/\/instytutpolski.pl\/bucuresti\/wp-json\/wp\/v2\/comments?post=7187"}],"version-history":[{"count":2,"href":"https:\/\/instytutpolski.pl\/bucuresti\/wp-json\/wp\/v2\/posts\/7187\/revisions"}],"predecessor-version":[{"id":7189,"href":"https:\/\/instytutpolski.pl\/bucuresti\/wp-json\/wp\/v2\/posts\/7187\/revisions\/7189"}],"wp:featuredmedia":[{"embeddable":true,"href":"https:\/\/instytutpolski.pl\/bucuresti\/wp-json\/wp\/v2\/media\/7183"}],"wp:attachment":[{"href":"https:\/\/instytutpolski.pl\/bucuresti\/wp-json\/wp\/v2\/media?parent=7187"}],"wp:term":[{"taxonomy":"category","embeddable":true,"href":"https:\/\/instytutpolski.pl\/bucuresti\/wp-json\/wp\/v2\/categories?post=7187"},{"taxonomy":"post_tag","embeddable":true,"href":"https:\/\/instytutpolski.pl\/bucuresti\/wp-json\/wp\/v2\/tags?post=7187"}],"curies":[{"name":"wp","href":"https:\/\/api.w.org\/{rel}","templated":true}]}}