{"id":8020,"date":"2022-05-09T12:45:13","date_gmt":"2022-05-09T10:45:13","guid":{"rendered":"https:\/\/instytutpolski.pl\/bucuresti\/?p=8020"},"modified":"2022-05-30T13:34:25","modified_gmt":"2022-05-30T11:34:25","slug":"o-ukrainie-na-festiwalu-filmu-europejskiego-w-kiszyniowie","status":"publish","type":"post","link":"https:\/\/instytutpolski.pl\/bucuresti\/pl\/2022\/05\/09\/o-ukrainie-na-festiwalu-filmu-europejskiego-w-kiszyniowie\/","title":{"rendered":"O Ukrainie na Festiwalu Filmu Europejskiego w Kiszyniowie"},"content":{"rendered":"\n<p><strong>\u201eObywatel Jones\u201d<\/strong> opowiada w nim niezwykle aktualn\u0105, opart\u0105 na prawdziwych zdarzeniach, histori\u0119 walijskiego dziennikarza Garetha Jonesa walcz\u0105cego o prawd\u0119 w czasach stalinizmu i Wielkiego G\u0142odu na Ukrainie. W kontek\u015bcie wojny w Ukrainie, przes\u0142anie tego filmu jest wyj\u0105tkowo mocne i aktualne.<\/p>\n<p><strong>Projekcja odb\u0119dzie si\u0119 w \u015brod\u0119, 18 maja, o godz. 11.00, w Centrum Informacji Europejskiej Akademii Studi\u00f3w Ekonomicznych Mo\u0142dawii, znajduj\u0105cego si\u0119 przy ulicy B\u0103nulescu-Bodoni nr 61 w Kiszyniowie.<\/strong><\/p>\n<p><strong>WST\u0118P WOLNY.<\/strong><\/p>\n<p>&#8212;<\/p>\n<p><strong>OBYWATEL JONES<\/strong><\/p>\n<p>Polska \u2013 Ukraina \u2013 Wielka Brytania, 2019, 119 min.<\/p>\n<p>Dramat, thriller<\/p>\n<p><strong>Re\u017cyseria:<\/strong> Agnieszka Holland<\/p>\n<p><em>Film b\u0119dzie mia\u0142 wy\u0142\u0105cznie rumu\u0144skie i angielskie napisy, a jest grany w wi\u0119kszo\u015bci po angielsku. Nie b\u0119dzie napis\u00f3w w j\u0119zyku polskim.<\/em><\/p>\n<p>M\u0142ody dziennikarz Gareth Jones przymierza si\u0119 do wielkiego tematu \u2013 gwa\u0142townej modernizacji Zwi\u0105zku Radzieckiego. Wybiera si\u0119 do Moskwy, aby przeprowadzi\u0107 wywiad ze Stalinem. Poznaje tam brytyjsk\u0105 dziennikark\u0119 Ad\u0119 Brooks, dzi\u0119ki kt\u00f3rej odkrywa, \u017ce prawda o stalinowskim re\u017cimie jest brutalnie t\u0142umiona przez sowieckich cenzor\u00f3w.<\/p>\n<p>S\u0142ysz\u0105c plotki na temat wielkiej kl\u0119ski g\u0142odowej w ZSRR, Jones udaje si\u0119 w samotn\u0105 podr\u00f3\u017c przez Ukrain\u0119. Staje si\u0119 naocznym \u015bwiadkiem tragedii Ho\u0142odomoru, kt\u00f3r\u0105 po powrocie do Londynu opisuje. Publikacja jest wyciszana, a jej autentyczno\u015b\u0107 podwa\u017cana przez zachodnich dziennikarzy, pozostaj\u0105cych pod presj\u0105 Kremla. Pomimo \u015bmiertelnych pogr\u00f3\u017cek Gareth nie ustaje w walce o prawd\u0119.<\/p>\n<p>Odkryciami postanawia podzieli\u0107 si\u0119 z m\u0142odym, aspiruj\u0105cym pisarzem \u2013 George\u2019em Orwellem.<\/p>\n<p>https:\/\/www.youtube.com\/watch?v=oaNwIzwkhuw<\/p>\n","protected":false},"excerpt":{"rendered":"<p>\u201eObywatel Jones\u201d opowiada w nim niezwykle aktualn\u0105, opart\u0105 na prawdziwych zdarzeniach, histori\u0119 walijskiego dziennikarza Garetha Jonesa walcz\u0105cego o prawd\u0119 w czasach stalinizmu i Wielkiego G\u0142odu na Ukrainie. W kontek\u015bcie wojny w Ukrainie, przes\u0142anie tego filmu jest wyj\u0105tkowo mocne i aktualne. Projekcja odb\u0119dzie si\u0119 w \u015brod\u0119, 18 maja, o godz. 11.00, w Centrum Informacji Europejskiej Akademii [&hellip;]<\/p>\n","protected":false},"author":41,"featured_media":7368,"comment_status":"open","ping_status":"open","sticky":false,"template":"","format":"standard","meta":{"inline_featured_image":false,"_monsterinsights_skip_tracking":false,"_monsterinsights_sitenote_active":false,"_monsterinsights_sitenote_note":"","_monsterinsights_sitenote_category":0,"footnotes":""},"categories":[45,96],"tags":[],"class_list":["post-8020","post","type-post","status-publish","format-standard","has-post-thumbnail","hentry","category-kino","category-wydarzenia"],"yoast_head":"<!-- This site is optimized with the Yoast SEO plugin v24.6 - https:\/\/yoast.com\/wordpress\/plugins\/seo\/ -->\n<title>O Ukrainie na Festiwalu Filmu Europejskiego w Kiszyniowie - Instytut Polski w Bukareszcie<\/title>\n<meta name=\"robots\" content=\"index, follow, max-snippet:-1, max-image-preview:large, max-video-preview:-1\" \/>\n<link rel=\"canonical\" href=\"https:\/\/instytutpolski.pl\/bucuresti\/pl\/2022\/05\/09\/o-ukrainie-na-festiwalu-filmu-europejskiego-w-kiszyniowie\/\" \/>\n<meta property=\"og:locale\" content=\"pl_PL\" \/>\n<meta property=\"og:type\" content=\"article\" \/>\n<meta property=\"og:title\" content=\"O Ukrainie na Festiwalu Filmu Europejskiego w Kiszyniowie - Instytut Polski w Bukareszcie\" \/>\n<meta property=\"og:description\" content=\"\u201eObywatel Jones\u201d opowiada w nim niezwykle aktualn\u0105, opart\u0105 na prawdziwych zdarzeniach, histori\u0119 walijskiego dziennikarza Garetha Jonesa walcz\u0105cego o prawd\u0119 w czasach stalinizmu i Wielkiego G\u0142odu na Ukrainie. W kontek\u015bcie wojny w Ukrainie, przes\u0142anie tego filmu jest wyj\u0105tkowo mocne i aktualne. Projekcja odb\u0119dzie si\u0119 w \u015brod\u0119, 18 maja, o godz. 11.00, w Centrum Informacji Europejskiej Akademii [&hellip;]\" \/>\n<meta property=\"og:url\" content=\"https:\/\/instytutpolski.pl\/bucuresti\/pl\/2022\/05\/09\/o-ukrainie-na-festiwalu-filmu-europejskiego-w-kiszyniowie\/\" \/>\n<meta property=\"og:site_name\" content=\"Instytut Polski w Bukareszcie\" \/>\n<meta property=\"article:published_time\" content=\"2022-05-09T10:45:13+00:00\" \/>\n<meta property=\"article:modified_time\" content=\"2022-05-30T11:34:25+00:00\" \/>\n<meta property=\"og:image\" content=\"https:\/\/instytutpolski.pl\/bucuresti\/wp-content\/uploads\/sites\/11\/2021\/10\/maxresdefault.jpg\" \/>\n\t<meta property=\"og:image:width\" content=\"1280\" \/>\n\t<meta property=\"og:image:height\" content=\"720\" \/>\n\t<meta property=\"og:image:type\" content=\"image\/jpeg\" \/>\n<meta name=\"author\" content=\"mirelal\" \/>\n<meta name=\"twitter:card\" content=\"summary_large_image\" \/>\n<meta name=\"twitter:label1\" content=\"Napisane przez\" \/>\n\t<meta name=\"twitter:data1\" content=\"mirelal\" \/>\n\t<meta name=\"twitter:label2\" content=\"Szacowany czas czytania\" \/>\n\t<meta name=\"twitter:data2\" content=\"2 minuty\" \/>\n<script type=\"application\/ld+json\" class=\"yoast-schema-graph\">{\"@context\":\"https:\/\/schema.org\",\"@graph\":[{\"@type\":\"event\",\"@id\":\"https:\/\/instytutpolski.pl\/bucuresti\/pl\/2022\/05\/09\/o-ukrainie-na-festiwalu-filmu-europejskiego-w-kiszyniowie\/\",\"url\":\"https:\/\/instytutpolski.pl\/bucuresti\/pl\/2022\/05\/09\/o-ukrainie-na-festiwalu-filmu-europejskiego-w-kiszyniowie\/\",\"name\":\"O Ukrainie na Festiwalu Filmu Europejskiego w Kiszyniowie\",\"isPartOf\":{\"@id\":\"https:\/\/instytutpolski.pl\/bucuresti\/#website\"},\"primaryImageOfPage\":{\"@id\":\"https:\/\/instytutpolski.pl\/bucuresti\/pl\/2022\/05\/09\/o-ukrainie-na-festiwalu-filmu-europejskiego-w-kiszyniowie\/#primaryimage\"},\"image\":[\"https:\/\/instytutpolski.pl\/bucuresti\/wp-content\/uploads\/sites\/11\/2021\/10\/maxresdefault.jpg\",\"https:\/\/instytutpolski.pl\/bucuresti\/wp-content\/uploads\/sites\/11\/2021\/10\/maxresdefault-300x169.jpg\",\"https:\/\/instytutpolski.pl\/bucuresti\/wp-content\/uploads\/sites\/11\/2021\/10\/maxresdefault-1024x576.jpg\",\"https:\/\/instytutpolski.pl\/bucuresti\/wp-content\/uploads\/sites\/11\/2021\/10\/maxresdefault.jpg\"],\"thumbnailUrl\":\"https:\/\/instytutpolski.pl\/bucuresti\/wp-content\/uploads\/sites\/11\/2021\/10\/maxresdefault.jpg\",\"datePublished\":\"2022-05-09T10:45:13+02:00\",\"dateModified\":\"2022-05-30T11:34:25+02:00\",\"author\":{\"@id\":\"https:\/\/instytutpolski.pl\/bucuresti\/#\/schema\/person\/36eba23bd65c4ed8774deeb285a19272\"},\"breadcrumb\":{\"@id\":\"https:\/\/instytutpolski.pl\/bucuresti\/pl\/2022\/05\/09\/o-ukrainie-na-festiwalu-filmu-europejskiego-w-kiszyniowie\/#breadcrumb\"},\"inLanguage\":\"pl-PL\",\"potentialAction\":[{\"@type\":\"ReadAction\",\"target\":[\"https:\/\/instytutpolski.pl\/bucuresti\/pl\/2022\/05\/09\/o-ukrainie-na-festiwalu-filmu-europejskiego-w-kiszyniowie\/\"]}],\"@context\":\"https:\/\/schema.org\",\"startDate\":\"2022-05-18\",\"endDate\":\"2022-05-18\",\"eventStatus\":\"EventScheduled\",\"eventAttendanceMode\":\"OfflineEventAttendanceMode\",\"location\":{\"@type\":\"place\",\"name\":\"\",\"address\":\"\",\"geo\":{\"@type\":\"GeoCoordinates\",\"latitude\":\"\",\"longitude\":\"\"}},\"description\":\"\u201eObywatel Jones\u201d opowiada w nim niezwykle aktualn\u0105, opart\u0105 na prawdziwych zdarzeniach, histori\u0119 walijskiego dziennikarza Garetha Jonesa walcz\u0105cego o prawd\u0119 w czasach stalinizmu i Wielkiego G\u0142odu na Ukrainie. W kontek\u015bcie wojny w Ukrainie, przes\u0142anie tego filmu jest wyj\u0105tkowo mocne i aktualne.\\nProjekcja odb\u0119dzie si\u0119 w \u015brod\u0119, 18 maja, o godz. 11.00, w Centrum Informacji Europejskiej Akademii Studi\u00f3w Ekonomicznych Mo\u0142dawii, znajduj\u0105cego si\u0119 przy ulicy B\u0103nulescu-Bodoni nr 61 w Kiszyniowie.\\nWST\u0118P WOLNY.\\n---\\nOBYWATEL JONES\\nPolska \u2013 Ukraina \u2013 Wielka Brytania, 2019, 119 min.\\nDramat, thriller\\nRe\u017cyseria: Agnieszka Holland\\nFilm b\u0119dzie mia\u0142 wy\u0142\u0105cznie rumu\u0144skie i angielskie napisy, a jest grany w wi\u0119kszo\u015bci po angielsku. Nie b\u0119dzie napis\u00f3w w j\u0119zyku polskim.\\nM\u0142ody dziennikarz Gareth Jones przymierza si\u0119 do wielkiego tematu \u2013 gwa\u0142townej modernizacji Zwi\u0105zku Radzieckiego. Wybiera si\u0119 do Moskwy, aby przeprowadzi\u0107 wywiad ze Stalinem. Poznaje tam brytyjsk\u0105 dziennikark\u0119 Ad\u0119 Brooks, dzi\u0119ki kt\u00f3rej odkrywa, \u017ce prawda o stalinowskim re\u017cimie jest brutalnie t\u0142umiona przez sowieckich cenzor\u00f3w.\\nS\u0142ysz\u0105c plotki na temat wielkiej kl\u0119ski g\u0142odowej w ZSRR, Jones udaje si\u0119 w samotn\u0105 podr\u00f3\u017c przez Ukrain\u0119. Staje si\u0119 naocznym \u015bwiadkiem tragedii Ho\u0142odomoru, kt\u00f3r\u0105 po powrocie do Londynu opisuje. Publikacja jest wyciszana, a jej autentyczno\u015b\u0107 podwa\u017cana przez zachodnich dziennikarzy, pozostaj\u0105cych pod presj\u0105 Kremla. Pomimo \u015bmiertelnych pogr\u00f3\u017cek Gareth nie ustaje w walce o prawd\u0119.\\nOdkryciami postanawia podzieli\u0107 si\u0119 z m\u0142odym, aspiruj\u0105cym pisarzem \u2013 George\u2019em Orwellem.\\nhttps:\/\/www.youtube.com\/watch?v=oaNwIzwkhuw\"},{\"@type\":\"ImageObject\",\"inLanguage\":\"pl-PL\",\"@id\":\"https:\/\/instytutpolski.pl\/bucuresti\/pl\/2022\/05\/09\/o-ukrainie-na-festiwalu-filmu-europejskiego-w-kiszyniowie\/#primaryimage\",\"url\":\"https:\/\/instytutpolski.pl\/bucuresti\/wp-content\/uploads\/sites\/11\/2021\/10\/maxresdefault.jpg\",\"contentUrl\":\"https:\/\/instytutpolski.pl\/bucuresti\/wp-content\/uploads\/sites\/11\/2021\/10\/maxresdefault.jpg\",\"width\":1280,\"height\":720},{\"@type\":\"BreadcrumbList\",\"@id\":\"https:\/\/instytutpolski.pl\/bucuresti\/pl\/2022\/05\/09\/o-ukrainie-na-festiwalu-filmu-europejskiego-w-kiszyniowie\/#breadcrumb\",\"itemListElement\":[{\"@type\":\"ListItem\",\"position\":1,\"name\":\"Home\",\"item\":\"https:\/\/instytutpolski.pl\/bucuresti\/\"},{\"@type\":\"ListItem\",\"position\":2,\"name\":\"O Ukrainie na Festiwalu Filmu Europejskiego w Kiszyniowie\"}]},{\"@type\":\"WebSite\",\"@id\":\"https:\/\/instytutpolski.pl\/bucuresti\/#website\",\"url\":\"https:\/\/instytutpolski.pl\/bucuresti\/\",\"name\":\"Instytut Polski w Bukareszcie\",\"description\":\"Instytuty Polskie\",\"potentialAction\":[{\"@type\":\"SearchAction\",\"target\":{\"@type\":\"EntryPoint\",\"urlTemplate\":\"https:\/\/instytutpolski.pl\/bucuresti\/?s={search_term_string}\"},\"query-input\":{\"@type\":\"PropertyValueSpecification\",\"valueRequired\":true,\"valueName\":\"search_term_string\"}}],\"inLanguage\":\"pl-PL\"},{\"@type\":\"Person\",\"@id\":\"https:\/\/instytutpolski.pl\/bucuresti\/#\/schema\/person\/36eba23bd65c4ed8774deeb285a19272\",\"name\":\"mirelal\",\"image\":{\"@type\":\"ImageObject\",\"inLanguage\":\"pl-PL\",\"@id\":\"https:\/\/instytutpolski.pl\/bucuresti\/#\/schema\/person\/image\/\",\"url\":\"https:\/\/secure.gravatar.com\/avatar\/5838c7614d071fe473f8aeb2de72beb4?s=96&d=mm&r=g\",\"contentUrl\":\"https:\/\/secure.gravatar.com\/avatar\/5838c7614d071fe473f8aeb2de72beb4?s=96&d=mm&r=g\",\"caption\":\"mirelal\"},\"url\":\"https:\/\/instytutpolski.pl\/bucuresti\/author\/mirelal\/\"}]}<\/script>\n<!-- \/ Yoast SEO plugin. -->","yoast_head_json":{"title":"O Ukrainie na Festiwalu Filmu Europejskiego w Kiszyniowie - Instytut Polski w Bukareszcie","robots":{"index":"index","follow":"follow","max-snippet":"max-snippet:-1","max-image-preview":"max-image-preview:large","max-video-preview":"max-video-preview:-1"},"canonical":"https:\/\/instytutpolski.pl\/bucuresti\/pl\/2022\/05\/09\/o-ukrainie-na-festiwalu-filmu-europejskiego-w-kiszyniowie\/","og_locale":"pl_PL","og_type":"article","og_title":"O Ukrainie na Festiwalu Filmu Europejskiego w Kiszyniowie - Instytut Polski w Bukareszcie","og_description":"\u201eObywatel Jones\u201d opowiada w nim niezwykle aktualn\u0105, opart\u0105 na prawdziwych zdarzeniach, histori\u0119 walijskiego dziennikarza Garetha Jonesa walcz\u0105cego o prawd\u0119 w czasach stalinizmu i Wielkiego G\u0142odu na Ukrainie. W kontek\u015bcie wojny w Ukrainie, przes\u0142anie tego filmu jest wyj\u0105tkowo mocne i aktualne. Projekcja odb\u0119dzie si\u0119 w \u015brod\u0119, 18 maja, o godz. 11.00, w Centrum Informacji Europejskiej Akademii [&hellip;]","og_url":"https:\/\/instytutpolski.pl\/bucuresti\/pl\/2022\/05\/09\/o-ukrainie-na-festiwalu-filmu-europejskiego-w-kiszyniowie\/","og_site_name":"Instytut Polski w Bukareszcie","article_published_time":"2022-05-09T10:45:13+00:00","article_modified_time":"2022-05-30T11:34:25+00:00","og_image":[{"width":1280,"height":720,"url":"https:\/\/instytutpolski.pl\/bucuresti\/wp-content\/uploads\/sites\/11\/2021\/10\/maxresdefault.jpg","type":"image\/jpeg"}],"author":"mirelal","twitter_card":"summary_large_image","twitter_misc":{"Napisane przez":"mirelal","Szacowany czas czytania":"2 minuty"},"schema":{"@context":"https:\/\/schema.org","@graph":[{"@type":"event","@id":"https:\/\/instytutpolski.pl\/bucuresti\/pl\/2022\/05\/09\/o-ukrainie-na-festiwalu-filmu-europejskiego-w-kiszyniowie\/","url":"https:\/\/instytutpolski.pl\/bucuresti\/pl\/2022\/05\/09\/o-ukrainie-na-festiwalu-filmu-europejskiego-w-kiszyniowie\/","name":"O Ukrainie na Festiwalu Filmu Europejskiego w Kiszyniowie","isPartOf":{"@id":"https:\/\/instytutpolski.pl\/bucuresti\/#website"},"primaryImageOfPage":{"@id":"https:\/\/instytutpolski.pl\/bucuresti\/pl\/2022\/05\/09\/o-ukrainie-na-festiwalu-filmu-europejskiego-w-kiszyniowie\/#primaryimage"},"image":["https:\/\/instytutpolski.pl\/bucuresti\/wp-content\/uploads\/sites\/11\/2021\/10\/maxresdefault.jpg","https:\/\/instytutpolski.pl\/bucuresti\/wp-content\/uploads\/sites\/11\/2021\/10\/maxresdefault-300x169.jpg","https:\/\/instytutpolski.pl\/bucuresti\/wp-content\/uploads\/sites\/11\/2021\/10\/maxresdefault-1024x576.jpg","https:\/\/instytutpolski.pl\/bucuresti\/wp-content\/uploads\/sites\/11\/2021\/10\/maxresdefault.jpg"],"thumbnailUrl":"https:\/\/instytutpolski.pl\/bucuresti\/wp-content\/uploads\/sites\/11\/2021\/10\/maxresdefault.jpg","datePublished":"2022-05-09T10:45:13+02:00","dateModified":"2022-05-30T11:34:25+02:00","author":{"@id":"https:\/\/instytutpolski.pl\/bucuresti\/#\/schema\/person\/36eba23bd65c4ed8774deeb285a19272"},"breadcrumb":{"@id":"https:\/\/instytutpolski.pl\/bucuresti\/pl\/2022\/05\/09\/o-ukrainie-na-festiwalu-filmu-europejskiego-w-kiszyniowie\/#breadcrumb"},"inLanguage":"pl-PL","potentialAction":[{"@type":"ReadAction","target":["https:\/\/instytutpolski.pl\/bucuresti\/pl\/2022\/05\/09\/o-ukrainie-na-festiwalu-filmu-europejskiego-w-kiszyniowie\/"]}],"@context":"https:\/\/schema.org","startDate":"2022-05-18","endDate":"2022-05-18","eventStatus":"EventScheduled","eventAttendanceMode":"OfflineEventAttendanceMode","location":{"@type":"place","name":"","address":"","geo":{"@type":"GeoCoordinates","latitude":"","longitude":""}},"description":"\u201eObywatel Jones\u201d opowiada w nim niezwykle aktualn\u0105, opart\u0105 na prawdziwych zdarzeniach, histori\u0119 walijskiego dziennikarza Garetha Jonesa walcz\u0105cego o prawd\u0119 w czasach stalinizmu i Wielkiego G\u0142odu na Ukrainie. W kontek\u015bcie wojny w Ukrainie, przes\u0142anie tego filmu jest wyj\u0105tkowo mocne i aktualne.\nProjekcja odb\u0119dzie si\u0119 w \u015brod\u0119, 18 maja, o godz. 11.00, w Centrum Informacji Europejskiej Akademii Studi\u00f3w Ekonomicznych Mo\u0142dawii, znajduj\u0105cego si\u0119 przy ulicy B\u0103nulescu-Bodoni nr 61 w Kiszyniowie.\nWST\u0118P WOLNY.\n---\nOBYWATEL JONES\nPolska \u2013 Ukraina \u2013 Wielka Brytania, 2019, 119 min.\nDramat, thriller\nRe\u017cyseria: Agnieszka Holland\nFilm b\u0119dzie mia\u0142 wy\u0142\u0105cznie rumu\u0144skie i angielskie napisy, a jest grany w wi\u0119kszo\u015bci po angielsku. Nie b\u0119dzie napis\u00f3w w j\u0119zyku polskim.\nM\u0142ody dziennikarz Gareth Jones przymierza si\u0119 do wielkiego tematu \u2013 gwa\u0142townej modernizacji Zwi\u0105zku Radzieckiego. Wybiera si\u0119 do Moskwy, aby przeprowadzi\u0107 wywiad ze Stalinem. Poznaje tam brytyjsk\u0105 dziennikark\u0119 Ad\u0119 Brooks, dzi\u0119ki kt\u00f3rej odkrywa, \u017ce prawda o stalinowskim re\u017cimie jest brutalnie t\u0142umiona przez sowieckich cenzor\u00f3w.\nS\u0142ysz\u0105c plotki na temat wielkiej kl\u0119ski g\u0142odowej w ZSRR, Jones udaje si\u0119 w samotn\u0105 podr\u00f3\u017c przez Ukrain\u0119. Staje si\u0119 naocznym \u015bwiadkiem tragedii Ho\u0142odomoru, kt\u00f3r\u0105 po powrocie do Londynu opisuje. Publikacja jest wyciszana, a jej autentyczno\u015b\u0107 podwa\u017cana przez zachodnich dziennikarzy, pozostaj\u0105cych pod presj\u0105 Kremla. Pomimo \u015bmiertelnych pogr\u00f3\u017cek Gareth nie ustaje w walce o prawd\u0119.\nOdkryciami postanawia podzieli\u0107 si\u0119 z m\u0142odym, aspiruj\u0105cym pisarzem \u2013 George\u2019em Orwellem.\nhttps:\/\/www.youtube.com\/watch?v=oaNwIzwkhuw"},{"@type":"ImageObject","inLanguage":"pl-PL","@id":"https:\/\/instytutpolski.pl\/bucuresti\/pl\/2022\/05\/09\/o-ukrainie-na-festiwalu-filmu-europejskiego-w-kiszyniowie\/#primaryimage","url":"https:\/\/instytutpolski.pl\/bucuresti\/wp-content\/uploads\/sites\/11\/2021\/10\/maxresdefault.jpg","contentUrl":"https:\/\/instytutpolski.pl\/bucuresti\/wp-content\/uploads\/sites\/11\/2021\/10\/maxresdefault.jpg","width":1280,"height":720},{"@type":"BreadcrumbList","@id":"https:\/\/instytutpolski.pl\/bucuresti\/pl\/2022\/05\/09\/o-ukrainie-na-festiwalu-filmu-europejskiego-w-kiszyniowie\/#breadcrumb","itemListElement":[{"@type":"ListItem","position":1,"name":"Home","item":"https:\/\/instytutpolski.pl\/bucuresti\/"},{"@type":"ListItem","position":2,"name":"O Ukrainie na Festiwalu Filmu Europejskiego w Kiszyniowie"}]},{"@type":"WebSite","@id":"https:\/\/instytutpolski.pl\/bucuresti\/#website","url":"https:\/\/instytutpolski.pl\/bucuresti\/","name":"Instytut Polski w Bukareszcie","description":"Instytuty Polskie","potentialAction":[{"@type":"SearchAction","target":{"@type":"EntryPoint","urlTemplate":"https:\/\/instytutpolski.pl\/bucuresti\/?s={search_term_string}"},"query-input":{"@type":"PropertyValueSpecification","valueRequired":true,"valueName":"search_term_string"}}],"inLanguage":"pl-PL"},{"@type":"Person","@id":"https:\/\/instytutpolski.pl\/bucuresti\/#\/schema\/person\/36eba23bd65c4ed8774deeb285a19272","name":"mirelal","image":{"@type":"ImageObject","inLanguage":"pl-PL","@id":"https:\/\/instytutpolski.pl\/bucuresti\/#\/schema\/person\/image\/","url":"https:\/\/secure.gravatar.com\/avatar\/5838c7614d071fe473f8aeb2de72beb4?s=96&d=mm&r=g","contentUrl":"https:\/\/secure.gravatar.com\/avatar\/5838c7614d071fe473f8aeb2de72beb4?s=96&d=mm&r=g","caption":"mirelal"},"url":"https:\/\/instytutpolski.pl\/bucuresti\/author\/mirelal\/"}]}},"_links":{"self":[{"href":"https:\/\/instytutpolski.pl\/bucuresti\/wp-json\/wp\/v2\/posts\/8020","targetHints":{"allow":["GET"]}}],"collection":[{"href":"https:\/\/instytutpolski.pl\/bucuresti\/wp-json\/wp\/v2\/posts"}],"about":[{"href":"https:\/\/instytutpolski.pl\/bucuresti\/wp-json\/wp\/v2\/types\/post"}],"author":[{"embeddable":true,"href":"https:\/\/instytutpolski.pl\/bucuresti\/wp-json\/wp\/v2\/users\/41"}],"replies":[{"embeddable":true,"href":"https:\/\/instytutpolski.pl\/bucuresti\/wp-json\/wp\/v2\/comments?post=8020"}],"version-history":[{"count":5,"href":"https:\/\/instytutpolski.pl\/bucuresti\/wp-json\/wp\/v2\/posts\/8020\/revisions"}],"predecessor-version":[{"id":8031,"href":"https:\/\/instytutpolski.pl\/bucuresti\/wp-json\/wp\/v2\/posts\/8020\/revisions\/8031"}],"wp:featuredmedia":[{"embeddable":true,"href":"https:\/\/instytutpolski.pl\/bucuresti\/wp-json\/wp\/v2\/media\/7368"}],"wp:attachment":[{"href":"https:\/\/instytutpolski.pl\/bucuresti\/wp-json\/wp\/v2\/media?parent=8020"}],"wp:term":[{"taxonomy":"category","embeddable":true,"href":"https:\/\/instytutpolski.pl\/bucuresti\/wp-json\/wp\/v2\/categories?post=8020"},{"taxonomy":"post_tag","embeddable":true,"href":"https:\/\/instytutpolski.pl\/bucuresti\/wp-json\/wp\/v2\/tags?post=8020"}],"curies":[{"name":"wp","href":"https:\/\/api.w.org\/{rel}","templated":true}]}}