{"id":8501,"date":"2022-07-14T13:27:37","date_gmt":"2022-07-14T11:27:37","guid":{"rendered":"https:\/\/instytutpolski.pl\/bucuresti\/?p=8501"},"modified":"2022-08-04T09:14:22","modified_gmt":"2022-08-04T07:14:22","slug":"polskie-kino-w-eforie-sud-2","status":"publish","type":"post","link":"https:\/\/instytutpolski.pl\/bucuresti\/pl\/2022\/07\/14\/polskie-kino-w-eforie-sud-2\/","title":{"rendered":"Polskie kino w Eforie Sud"},"content":{"rendered":"\n<p>\u201eLetni Ogr\u00f3d\u201d w Eforie Sud (ul. Tudor Vladimirescu 2) po raz pi\u0105ty go\u015bci festiwal Cinemascop. Tegoroczna edycja odb\u0119dzie si\u0119 w dniach 1-7 sierpnia. Projekcje film\u00f3w b\u0119d\u0105 si\u0119 rozpoczyna\u0142y w ka\u017cdy wiecz\u00f3r o godz. 21.00, natomiast w ci\u0105gu dnia najm\u0142odsi b\u0119d\u0105 mogli wzi\u0105\u0107 udzia\u0142 w r\u00f3\u017cnych warsztatach kreatywnych. Dodatkowo, w ogrodzie, zostanie te\u017c otwarta galeria sztuki, kt\u00f3r\u0105 b\u0119dzie m\u00f3g\u0142 odwiedzi\u0107 ka\u017cdy ch\u0119tny. Wszystkie wydarzenia maj\u0105 wst\u0119p wolny.<\/p>\n<p><strong>Festiwal otworzy w poniedzia\u0142ek, 1 sierpnia, projekcja filmu wybitnej re\u017cyserki Agnieszki Holland \u201eSzarlatan\u201d<\/strong>, kandydatem Czech do nagr\u00f3d Oskara 2021 w kategorii Najlepszy pe\u0142nometra\u017cowy film mi\u0119dzynarodowy.<\/p>\n<p>Tw\u00f3rczyni porusza w nim histori\u0119 rodem z Czech, gdzie studiowa\u0142a w szkole filmowej FAMU. Poszukuje ona klucza do zrozumienia sekretu czeskiego uzdrowiciela idealisty, urodzonego pod koniec XIX w. Jana Mikol\u00e1\u0161ka, zwanego Znachorem.<\/p>\n<p>W ci\u0105gu 60 lat swojej dzia\u0142alno\u015bci Znachor okry\u0142 si\u0119 s\u0142aw\u0105. Leczy\u0142 artyst\u00f3w, biznesmen\u00f3w, polityk\u00f3w, ale i biednych. W czasach komunizmu by\u0142 uwa\u017cany za wroga systemu, ale by\u0142 pod ochron\u0105 Anton\u00edna Z\u00e1potockiego, premiera i prezydenta Czechos\u0142owacji, kt\u00f3remu Jan Mikol\u00e1\u0161ek uratowa\u0142 nog\u0119 od amputacji. Po \u015bmierci polityka, uzdrowiciel straci\u0142 ca\u0142y maj\u0105tek i prawa obywatelskie.<\/p>\n<p>***<\/p>\n<p><strong>SZARLATAN<\/strong><\/p>\n<p>2020, Czechy, Irlandia, Polska, 118 min., dramat<\/p>\n<p>Re\u017cyseria: Agnieszka Holland<\/p>\n<p>Film opowiada o s\u0142ynnym czeskim uzdrowicielu, Janie Mikol\u00e1\u0161ku.<\/p>\n<p>Urodzony w 1887 roku Mikol\u00e1\u0161ek by\u0142 medycznym samoukiem, kt\u00f3ry dzi\u0119ki ogrodniczej profesji znakomicie pozna\u0142 \u015bwiat ro\u015blin i ich lecznicze w\u0142a\u015bciwo\u015bci. Ze swoich umiej\u0119tno\u015bci s\u0142yn\u0105\u0142 w ca\u0142ych Czechach, a w\u015br\u00f3d pacjent\u00f3w byli m.in. Tomas Masaryk, prezydent przedwojennej Czechos\u0142owacji, aktorka Olga Scheinpflugov\u00e1, malarz i grafik Max \u0160vabinski, kompozytor Josef Bohuslav Foerster, wirtuoz skrzypiec Jaroslav Kocian, a tak\u017ce komunistyczny premier i prezydent powojennej Czechos\u0142owacji Anton\u00edn Z\u00e1potock\u00fd, po \u015bmierci kt\u00f3rego w\u0142adze zdecydowa\u0142y si\u0119 na wtr\u0105cenie uzdrowiciela do wi\u0119zienia.<\/p>\n<p>https:\/\/www.youtube.com\/watch?v=2W_JVm_VeAQ<\/p>\n\n\n\n<p>Ca\u0142y program festiwalu <a href=\"https:\/\/facebook.com\/events\/s\/cinemascop-editia-a-5-a\/566310871651898\/\">&lt;&lt;&lt; facebook.com\/events &lt;&lt;&lt;<\/a><\/p>\n","protected":false},"excerpt":{"rendered":"<p>\u201eLetni Ogr\u00f3d\u201d w Eforie Sud (ul. Tudor Vladimirescu 2) po raz pi\u0105ty go\u015bci festiwal Cinemascop. Tegoroczna edycja odb\u0119dzie si\u0119 w dniach 1-7 sierpnia. Projekcje film\u00f3w b\u0119d\u0105 si\u0119 rozpoczyna\u0142y w ka\u017cdy wiecz\u00f3r o godz. 21.00, natomiast w ci\u0105gu dnia najm\u0142odsi b\u0119d\u0105 mogli wzi\u0105\u0107 udzia\u0142 w r\u00f3\u017cnych warsztatach kreatywnych. Dodatkowo, w ogrodzie, zostanie te\u017c otwarta galeria sztuki, [&hellip;]<\/p>\n","protected":false},"author":41,"featured_media":8497,"comment_status":"open","ping_status":"open","sticky":false,"template":"","format":"standard","meta":{"inline_featured_image":false,"_monsterinsights_skip_tracking":false,"_monsterinsights_sitenote_active":false,"_monsterinsights_sitenote_note":"","_monsterinsights_sitenote_category":0,"footnotes":""},"categories":[45,96],"tags":[],"class_list":["post-8501","post","type-post","status-publish","format-standard","has-post-thumbnail","hentry","category-kino","category-wydarzenia"],"yoast_head":"<!-- This site is optimized with the Yoast SEO plugin v24.6 - https:\/\/yoast.com\/wordpress\/plugins\/seo\/ -->\n<title>Polskie kino w Eforie Sud - Instytut Polski w Bukareszcie<\/title>\n<meta name=\"robots\" content=\"index, follow, max-snippet:-1, max-image-preview:large, max-video-preview:-1\" \/>\n<link rel=\"canonical\" href=\"https:\/\/instytutpolski.pl\/bucuresti\/pl\/2022\/07\/14\/polskie-kino-w-eforie-sud-2\/\" \/>\n<meta property=\"og:locale\" content=\"pl_PL\" \/>\n<meta property=\"og:type\" content=\"article\" \/>\n<meta property=\"og:title\" content=\"Polskie kino w Eforie Sud - Instytut Polski w Bukareszcie\" \/>\n<meta property=\"og:description\" content=\"\u201eLetni Ogr\u00f3d\u201d w Eforie Sud (ul. Tudor Vladimirescu 2) po raz pi\u0105ty go\u015bci festiwal Cinemascop. Tegoroczna edycja odb\u0119dzie si\u0119 w dniach 1-7 sierpnia. Projekcje film\u00f3w b\u0119d\u0105 si\u0119 rozpoczyna\u0142y w ka\u017cdy wiecz\u00f3r o godz. 21.00, natomiast w ci\u0105gu dnia najm\u0142odsi b\u0119d\u0105 mogli wzi\u0105\u0107 udzia\u0142 w r\u00f3\u017cnych warsztatach kreatywnych. Dodatkowo, w ogrodzie, zostanie te\u017c otwarta galeria sztuki, [&hellip;]\" \/>\n<meta property=\"og:url\" content=\"https:\/\/instytutpolski.pl\/bucuresti\/pl\/2022\/07\/14\/polskie-kino-w-eforie-sud-2\/\" \/>\n<meta property=\"og:site_name\" content=\"Instytut Polski w Bukareszcie\" \/>\n<meta property=\"article:published_time\" content=\"2022-07-14T11:27:37+00:00\" \/>\n<meta property=\"article:modified_time\" content=\"2022-08-04T07:14:22+00:00\" \/>\n<meta property=\"og:image\" content=\"https:\/\/instytutpolski.pl\/bucuresti\/wp-content\/uploads\/sites\/11\/2022\/07\/ZdsvFIkY-scaled.jpeg\" \/>\n\t<meta property=\"og:image:width\" content=\"2560\" \/>\n\t<meta property=\"og:image:height\" content=\"1810\" \/>\n\t<meta property=\"og:image:type\" content=\"image\/jpeg\" \/>\n<meta name=\"author\" content=\"mirelal\" \/>\n<meta name=\"twitter:card\" content=\"summary_large_image\" \/>\n<meta name=\"twitter:label1\" content=\"Napisane przez\" \/>\n\t<meta name=\"twitter:data1\" content=\"mirelal\" \/>\n\t<meta name=\"twitter:label2\" content=\"Szacowany czas czytania\" \/>\n\t<meta name=\"twitter:data2\" content=\"2 minuty\" \/>\n<script type=\"application\/ld+json\" class=\"yoast-schema-graph\">{\"@context\":\"https:\/\/schema.org\",\"@graph\":[{\"@type\":\"event\",\"@id\":\"https:\/\/instytutpolski.pl\/bucuresti\/pl\/2022\/07\/14\/polskie-kino-w-eforie-sud-2\/\",\"url\":\"https:\/\/instytutpolski.pl\/bucuresti\/pl\/2022\/07\/14\/polskie-kino-w-eforie-sud-2\/\",\"name\":\"Polskie kino w Eforie Sud\",\"isPartOf\":{\"@id\":\"https:\/\/instytutpolski.pl\/bucuresti\/#website\"},\"primaryImageOfPage\":{\"@id\":\"https:\/\/instytutpolski.pl\/bucuresti\/pl\/2022\/07\/14\/polskie-kino-w-eforie-sud-2\/#primaryimage\"},\"image\":[\"https:\/\/instytutpolski.pl\/bucuresti\/wp-content\/uploads\/sites\/11\/2022\/07\/ZdsvFIkY-scaled.jpeg\",\"https:\/\/instytutpolski.pl\/bucuresti\/wp-content\/uploads\/sites\/11\/2022\/07\/ZdsvFIkY-300x212.jpeg\",\"https:\/\/instytutpolski.pl\/bucuresti\/wp-content\/uploads\/sites\/11\/2022\/07\/ZdsvFIkY-1024x724.jpeg\",\"https:\/\/instytutpolski.pl\/bucuresti\/wp-content\/uploads\/sites\/11\/2022\/07\/ZdsvFIkY-scaled.jpeg\"],\"thumbnailUrl\":\"https:\/\/instytutpolski.pl\/bucuresti\/wp-content\/uploads\/sites\/11\/2022\/07\/ZdsvFIkY-scaled.jpeg\",\"datePublished\":\"2022-07-14T11:27:37+02:00\",\"dateModified\":\"2022-08-04T07:14:22+02:00\",\"author\":{\"@id\":\"https:\/\/instytutpolski.pl\/bucuresti\/#\/schema\/person\/36eba23bd65c4ed8774deeb285a19272\"},\"breadcrumb\":{\"@id\":\"https:\/\/instytutpolski.pl\/bucuresti\/pl\/2022\/07\/14\/polskie-kino-w-eforie-sud-2\/#breadcrumb\"},\"inLanguage\":\"pl-PL\",\"potentialAction\":[{\"@type\":\"ReadAction\",\"target\":[\"https:\/\/instytutpolski.pl\/bucuresti\/pl\/2022\/07\/14\/polskie-kino-w-eforie-sud-2\/\"]}],\"@context\":\"https:\/\/schema.org\",\"startDate\":\"2022-08-01\",\"endDate\":\"2022-08-01\",\"eventStatus\":\"EventScheduled\",\"eventAttendanceMode\":\"OfflineEventAttendanceMode\",\"location\":{\"@type\":\"place\",\"name\":\"\",\"address\":\"\",\"geo\":{\"@type\":\"GeoCoordinates\",\"latitude\":\"\",\"longitude\":\"\"}},\"description\":\"\u201eLetni Ogr\u00f3d\u201d w Eforie Sud (ul. Tudor Vladimirescu 2) po raz pi\u0105ty go\u015bci festiwal Cinemascop. Tegoroczna edycja odb\u0119dzie si\u0119 w dniach 1-7 sierpnia. Projekcje film\u00f3w b\u0119d\u0105 si\u0119 rozpoczyna\u0142y w ka\u017cdy wiecz\u00f3r o godz. 21.00, natomiast w ci\u0105gu dnia najm\u0142odsi b\u0119d\u0105 mogli wzi\u0105\u0107 udzia\u0142 w r\u00f3\u017cnych warsztatach kreatywnych. Dodatkowo, w ogrodzie, zostanie te\u017c otwarta galeria sztuki, kt\u00f3r\u0105 b\u0119dzie m\u00f3g\u0142 odwiedzi\u0107 ka\u017cdy ch\u0119tny. Wszystkie wydarzenia maj\u0105 wst\u0119p wolny.\\nFestiwal otworzy w poniedzia\u0142ek, 1 sierpnia, projekcja filmu wybitnej re\u017cyserki Agnieszki Holland \u201eSzarlatan\u201d, kandydatem Czech do nagr\u00f3d Oskara 2021 w kategorii Najlepszy pe\u0142nometra\u017cowy film mi\u0119dzynarodowy.\\nTw\u00f3rczyni porusza w nim histori\u0119 rodem z Czech, gdzie studiowa\u0142a w szkole filmowej FAMU. Poszukuje ona klucza do zrozumienia sekretu czeskiego uzdrowiciela idealisty, urodzonego pod koniec XIX w. Jana Mikol\u00e1\u0161ka, zwanego Znachorem.\\nW ci\u0105gu 60 lat swojej dzia\u0142alno\u015bci Znachor okry\u0142 si\u0119 s\u0142aw\u0105. Leczy\u0142 artyst\u00f3w, biznesmen\u00f3w, polityk\u00f3w, ale i biednych. W czasach komunizmu by\u0142 uwa\u017cany za wroga systemu, ale by\u0142 pod ochron\u0105 Anton\u00edna Z\u00e1potockiego, premiera i prezydenta Czechos\u0142owacji, kt\u00f3remu Jan Mikol\u00e1\u0161ek uratowa\u0142 nog\u0119 od amputacji. Po \u015bmierci polityka, uzdrowiciel straci\u0142 ca\u0142y maj\u0105tek i prawa obywatelskie.\\n***\\nSZARLATAN\\n2020, Czechy, Irlandia, Polska, 118 min., dramat\\nRe\u017cyseria: Agnieszka Holland\\nFilm opowiada o s\u0142ynnym czeskim uzdrowicielu, Janie Mikol\u00e1\u0161ku.\\nUrodzony w 1887 roku Mikol\u00e1\u0161ek by\u0142 medycznym samoukiem, kt\u00f3ry dzi\u0119ki ogrodniczej profesji znakomicie pozna\u0142 \u015bwiat ro\u015blin i ich lecznicze w\u0142a\u015bciwo\u015bci. Ze swoich umiej\u0119tno\u015bci s\u0142yn\u0105\u0142 w ca\u0142ych Czechach, a w\u015br\u00f3d pacjent\u00f3w byli m.in. Tomas Masaryk, prezydent przedwojennej Czechos\u0142owacji, aktorka Olga Scheinpflugov\u00e1, malarz i grafik Max \u0160vabinski, kompozytor Josef Bohuslav Foerster, wirtuoz skrzypiec Jaroslav Kocian, a tak\u017ce komunistyczny premier i prezydent powojennej Czechos\u0142owacji Anton\u00edn Z\u00e1potock\u00fd, po \u015bmierci kt\u00f3rego w\u0142adze zdecydowa\u0142y si\u0119 na wtr\u0105cenie uzdrowiciela do wi\u0119zienia.\\nhttps:\/\/www.youtube.com\/watch?v=2W_JVm_VeAQ\\nCa\u0142y program festiwalu &lt;&lt;&lt; facebook.com\/events &lt;&lt;&lt;\"},{\"@type\":\"ImageObject\",\"inLanguage\":\"pl-PL\",\"@id\":\"https:\/\/instytutpolski.pl\/bucuresti\/pl\/2022\/07\/14\/polskie-kino-w-eforie-sud-2\/#primaryimage\",\"url\":\"https:\/\/instytutpolski.pl\/bucuresti\/wp-content\/uploads\/sites\/11\/2022\/07\/ZdsvFIkY-scaled.jpeg\",\"contentUrl\":\"https:\/\/instytutpolski.pl\/bucuresti\/wp-content\/uploads\/sites\/11\/2022\/07\/ZdsvFIkY-scaled.jpeg\",\"width\":2560,\"height\":1810},{\"@type\":\"BreadcrumbList\",\"@id\":\"https:\/\/instytutpolski.pl\/bucuresti\/pl\/2022\/07\/14\/polskie-kino-w-eforie-sud-2\/#breadcrumb\",\"itemListElement\":[{\"@type\":\"ListItem\",\"position\":1,\"name\":\"Home\",\"item\":\"https:\/\/instytutpolski.pl\/bucuresti\/\"},{\"@type\":\"ListItem\",\"position\":2,\"name\":\"Polskie kino w Eforie Sud\"}]},{\"@type\":\"WebSite\",\"@id\":\"https:\/\/instytutpolski.pl\/bucuresti\/#website\",\"url\":\"https:\/\/instytutpolski.pl\/bucuresti\/\",\"name\":\"Instytut Polski w Bukareszcie\",\"description\":\"Instytuty Polskie\",\"potentialAction\":[{\"@type\":\"SearchAction\",\"target\":{\"@type\":\"EntryPoint\",\"urlTemplate\":\"https:\/\/instytutpolski.pl\/bucuresti\/?s={search_term_string}\"},\"query-input\":{\"@type\":\"PropertyValueSpecification\",\"valueRequired\":true,\"valueName\":\"search_term_string\"}}],\"inLanguage\":\"pl-PL\"},{\"@type\":\"Person\",\"@id\":\"https:\/\/instytutpolski.pl\/bucuresti\/#\/schema\/person\/36eba23bd65c4ed8774deeb285a19272\",\"name\":\"mirelal\",\"image\":{\"@type\":\"ImageObject\",\"inLanguage\":\"pl-PL\",\"@id\":\"https:\/\/instytutpolski.pl\/bucuresti\/#\/schema\/person\/image\/\",\"url\":\"https:\/\/secure.gravatar.com\/avatar\/5838c7614d071fe473f8aeb2de72beb4?s=96&d=mm&r=g\",\"contentUrl\":\"https:\/\/secure.gravatar.com\/avatar\/5838c7614d071fe473f8aeb2de72beb4?s=96&d=mm&r=g\",\"caption\":\"mirelal\"},\"url\":\"https:\/\/instytutpolski.pl\/bucuresti\/author\/mirelal\/\"}]}<\/script>\n<!-- \/ Yoast SEO plugin. -->","yoast_head_json":{"title":"Polskie kino w Eforie Sud - Instytut Polski w Bukareszcie","robots":{"index":"index","follow":"follow","max-snippet":"max-snippet:-1","max-image-preview":"max-image-preview:large","max-video-preview":"max-video-preview:-1"},"canonical":"https:\/\/instytutpolski.pl\/bucuresti\/pl\/2022\/07\/14\/polskie-kino-w-eforie-sud-2\/","og_locale":"pl_PL","og_type":"article","og_title":"Polskie kino w Eforie Sud - Instytut Polski w Bukareszcie","og_description":"\u201eLetni Ogr\u00f3d\u201d w Eforie Sud (ul. Tudor Vladimirescu 2) po raz pi\u0105ty go\u015bci festiwal Cinemascop. Tegoroczna edycja odb\u0119dzie si\u0119 w dniach 1-7 sierpnia. Projekcje film\u00f3w b\u0119d\u0105 si\u0119 rozpoczyna\u0142y w ka\u017cdy wiecz\u00f3r o godz. 21.00, natomiast w ci\u0105gu dnia najm\u0142odsi b\u0119d\u0105 mogli wzi\u0105\u0107 udzia\u0142 w r\u00f3\u017cnych warsztatach kreatywnych. Dodatkowo, w ogrodzie, zostanie te\u017c otwarta galeria sztuki, [&hellip;]","og_url":"https:\/\/instytutpolski.pl\/bucuresti\/pl\/2022\/07\/14\/polskie-kino-w-eforie-sud-2\/","og_site_name":"Instytut Polski w Bukareszcie","article_published_time":"2022-07-14T11:27:37+00:00","article_modified_time":"2022-08-04T07:14:22+00:00","og_image":[{"width":2560,"height":1810,"url":"https:\/\/instytutpolski.pl\/bucuresti\/wp-content\/uploads\/sites\/11\/2022\/07\/ZdsvFIkY-scaled.jpeg","type":"image\/jpeg"}],"author":"mirelal","twitter_card":"summary_large_image","twitter_misc":{"Napisane przez":"mirelal","Szacowany czas czytania":"2 minuty"},"schema":{"@context":"https:\/\/schema.org","@graph":[{"@type":"event","@id":"https:\/\/instytutpolski.pl\/bucuresti\/pl\/2022\/07\/14\/polskie-kino-w-eforie-sud-2\/","url":"https:\/\/instytutpolski.pl\/bucuresti\/pl\/2022\/07\/14\/polskie-kino-w-eforie-sud-2\/","name":"Polskie kino w Eforie Sud","isPartOf":{"@id":"https:\/\/instytutpolski.pl\/bucuresti\/#website"},"primaryImageOfPage":{"@id":"https:\/\/instytutpolski.pl\/bucuresti\/pl\/2022\/07\/14\/polskie-kino-w-eforie-sud-2\/#primaryimage"},"image":["https:\/\/instytutpolski.pl\/bucuresti\/wp-content\/uploads\/sites\/11\/2022\/07\/ZdsvFIkY-scaled.jpeg","https:\/\/instytutpolski.pl\/bucuresti\/wp-content\/uploads\/sites\/11\/2022\/07\/ZdsvFIkY-300x212.jpeg","https:\/\/instytutpolski.pl\/bucuresti\/wp-content\/uploads\/sites\/11\/2022\/07\/ZdsvFIkY-1024x724.jpeg","https:\/\/instytutpolski.pl\/bucuresti\/wp-content\/uploads\/sites\/11\/2022\/07\/ZdsvFIkY-scaled.jpeg"],"thumbnailUrl":"https:\/\/instytutpolski.pl\/bucuresti\/wp-content\/uploads\/sites\/11\/2022\/07\/ZdsvFIkY-scaled.jpeg","datePublished":"2022-07-14T11:27:37+02:00","dateModified":"2022-08-04T07:14:22+02:00","author":{"@id":"https:\/\/instytutpolski.pl\/bucuresti\/#\/schema\/person\/36eba23bd65c4ed8774deeb285a19272"},"breadcrumb":{"@id":"https:\/\/instytutpolski.pl\/bucuresti\/pl\/2022\/07\/14\/polskie-kino-w-eforie-sud-2\/#breadcrumb"},"inLanguage":"pl-PL","potentialAction":[{"@type":"ReadAction","target":["https:\/\/instytutpolski.pl\/bucuresti\/pl\/2022\/07\/14\/polskie-kino-w-eforie-sud-2\/"]}],"@context":"https:\/\/schema.org","startDate":"2022-08-01","endDate":"2022-08-01","eventStatus":"EventScheduled","eventAttendanceMode":"OfflineEventAttendanceMode","location":{"@type":"place","name":"","address":"","geo":{"@type":"GeoCoordinates","latitude":"","longitude":""}},"description":"\u201eLetni Ogr\u00f3d\u201d w Eforie Sud (ul. Tudor Vladimirescu 2) po raz pi\u0105ty go\u015bci festiwal Cinemascop. Tegoroczna edycja odb\u0119dzie si\u0119 w dniach 1-7 sierpnia. Projekcje film\u00f3w b\u0119d\u0105 si\u0119 rozpoczyna\u0142y w ka\u017cdy wiecz\u00f3r o godz. 21.00, natomiast w ci\u0105gu dnia najm\u0142odsi b\u0119d\u0105 mogli wzi\u0105\u0107 udzia\u0142 w r\u00f3\u017cnych warsztatach kreatywnych. Dodatkowo, w ogrodzie, zostanie te\u017c otwarta galeria sztuki, kt\u00f3r\u0105 b\u0119dzie m\u00f3g\u0142 odwiedzi\u0107 ka\u017cdy ch\u0119tny. Wszystkie wydarzenia maj\u0105 wst\u0119p wolny.\nFestiwal otworzy w poniedzia\u0142ek, 1 sierpnia, projekcja filmu wybitnej re\u017cyserki Agnieszki Holland \u201eSzarlatan\u201d, kandydatem Czech do nagr\u00f3d Oskara 2021 w kategorii Najlepszy pe\u0142nometra\u017cowy film mi\u0119dzynarodowy.\nTw\u00f3rczyni porusza w nim histori\u0119 rodem z Czech, gdzie studiowa\u0142a w szkole filmowej FAMU. Poszukuje ona klucza do zrozumienia sekretu czeskiego uzdrowiciela idealisty, urodzonego pod koniec XIX w. Jana Mikol\u00e1\u0161ka, zwanego Znachorem.\nW ci\u0105gu 60 lat swojej dzia\u0142alno\u015bci Znachor okry\u0142 si\u0119 s\u0142aw\u0105. Leczy\u0142 artyst\u00f3w, biznesmen\u00f3w, polityk\u00f3w, ale i biednych. W czasach komunizmu by\u0142 uwa\u017cany za wroga systemu, ale by\u0142 pod ochron\u0105 Anton\u00edna Z\u00e1potockiego, premiera i prezydenta Czechos\u0142owacji, kt\u00f3remu Jan Mikol\u00e1\u0161ek uratowa\u0142 nog\u0119 od amputacji. Po \u015bmierci polityka, uzdrowiciel straci\u0142 ca\u0142y maj\u0105tek i prawa obywatelskie.\n***\nSZARLATAN\n2020, Czechy, Irlandia, Polska, 118 min., dramat\nRe\u017cyseria: Agnieszka Holland\nFilm opowiada o s\u0142ynnym czeskim uzdrowicielu, Janie Mikol\u00e1\u0161ku.\nUrodzony w 1887 roku Mikol\u00e1\u0161ek by\u0142 medycznym samoukiem, kt\u00f3ry dzi\u0119ki ogrodniczej profesji znakomicie pozna\u0142 \u015bwiat ro\u015blin i ich lecznicze w\u0142a\u015bciwo\u015bci. Ze swoich umiej\u0119tno\u015bci s\u0142yn\u0105\u0142 w ca\u0142ych Czechach, a w\u015br\u00f3d pacjent\u00f3w byli m.in. Tomas Masaryk, prezydent przedwojennej Czechos\u0142owacji, aktorka Olga Scheinpflugov\u00e1, malarz i grafik Max \u0160vabinski, kompozytor Josef Bohuslav Foerster, wirtuoz skrzypiec Jaroslav Kocian, a tak\u017ce komunistyczny premier i prezydent powojennej Czechos\u0142owacji Anton\u00edn Z\u00e1potock\u00fd, po \u015bmierci kt\u00f3rego w\u0142adze zdecydowa\u0142y si\u0119 na wtr\u0105cenie uzdrowiciela do wi\u0119zienia.\nhttps:\/\/www.youtube.com\/watch?v=2W_JVm_VeAQ\nCa\u0142y program festiwalu &lt;&lt;&lt; facebook.com\/events &lt;&lt;&lt;"},{"@type":"ImageObject","inLanguage":"pl-PL","@id":"https:\/\/instytutpolski.pl\/bucuresti\/pl\/2022\/07\/14\/polskie-kino-w-eforie-sud-2\/#primaryimage","url":"https:\/\/instytutpolski.pl\/bucuresti\/wp-content\/uploads\/sites\/11\/2022\/07\/ZdsvFIkY-scaled.jpeg","contentUrl":"https:\/\/instytutpolski.pl\/bucuresti\/wp-content\/uploads\/sites\/11\/2022\/07\/ZdsvFIkY-scaled.jpeg","width":2560,"height":1810},{"@type":"BreadcrumbList","@id":"https:\/\/instytutpolski.pl\/bucuresti\/pl\/2022\/07\/14\/polskie-kino-w-eforie-sud-2\/#breadcrumb","itemListElement":[{"@type":"ListItem","position":1,"name":"Home","item":"https:\/\/instytutpolski.pl\/bucuresti\/"},{"@type":"ListItem","position":2,"name":"Polskie kino w Eforie Sud"}]},{"@type":"WebSite","@id":"https:\/\/instytutpolski.pl\/bucuresti\/#website","url":"https:\/\/instytutpolski.pl\/bucuresti\/","name":"Instytut Polski w Bukareszcie","description":"Instytuty Polskie","potentialAction":[{"@type":"SearchAction","target":{"@type":"EntryPoint","urlTemplate":"https:\/\/instytutpolski.pl\/bucuresti\/?s={search_term_string}"},"query-input":{"@type":"PropertyValueSpecification","valueRequired":true,"valueName":"search_term_string"}}],"inLanguage":"pl-PL"},{"@type":"Person","@id":"https:\/\/instytutpolski.pl\/bucuresti\/#\/schema\/person\/36eba23bd65c4ed8774deeb285a19272","name":"mirelal","image":{"@type":"ImageObject","inLanguage":"pl-PL","@id":"https:\/\/instytutpolski.pl\/bucuresti\/#\/schema\/person\/image\/","url":"https:\/\/secure.gravatar.com\/avatar\/5838c7614d071fe473f8aeb2de72beb4?s=96&d=mm&r=g","contentUrl":"https:\/\/secure.gravatar.com\/avatar\/5838c7614d071fe473f8aeb2de72beb4?s=96&d=mm&r=g","caption":"mirelal"},"url":"https:\/\/instytutpolski.pl\/bucuresti\/author\/mirelal\/"}]}},"_links":{"self":[{"href":"https:\/\/instytutpolski.pl\/bucuresti\/wp-json\/wp\/v2\/posts\/8501","targetHints":{"allow":["GET"]}}],"collection":[{"href":"https:\/\/instytutpolski.pl\/bucuresti\/wp-json\/wp\/v2\/posts"}],"about":[{"href":"https:\/\/instytutpolski.pl\/bucuresti\/wp-json\/wp\/v2\/types\/post"}],"author":[{"embeddable":true,"href":"https:\/\/instytutpolski.pl\/bucuresti\/wp-json\/wp\/v2\/users\/41"}],"replies":[{"embeddable":true,"href":"https:\/\/instytutpolski.pl\/bucuresti\/wp-json\/wp\/v2\/comments?post=8501"}],"version-history":[{"count":6,"href":"https:\/\/instytutpolski.pl\/bucuresti\/wp-json\/wp\/v2\/posts\/8501\/revisions"}],"predecessor-version":[{"id":8553,"href":"https:\/\/instytutpolski.pl\/bucuresti\/wp-json\/wp\/v2\/posts\/8501\/revisions\/8553"}],"wp:featuredmedia":[{"embeddable":true,"href":"https:\/\/instytutpolski.pl\/bucuresti\/wp-json\/wp\/v2\/media\/8497"}],"wp:attachment":[{"href":"https:\/\/instytutpolski.pl\/bucuresti\/wp-json\/wp\/v2\/media?parent=8501"}],"wp:term":[{"taxonomy":"category","embeddable":true,"href":"https:\/\/instytutpolski.pl\/bucuresti\/wp-json\/wp\/v2\/categories?post=8501"},{"taxonomy":"post_tag","embeddable":true,"href":"https:\/\/instytutpolski.pl\/bucuresti\/wp-json\/wp\/v2\/tags?post=8501"}],"curies":[{"name":"wp","href":"https:\/\/api.w.org\/{rel}","templated":true}]}}