{"id":8593,"date":"2022-08-12T08:44:01","date_gmt":"2022-08-12T06:44:01","guid":{"rendered":"https:\/\/instytutpolski.pl\/bucuresti\/?p=8593"},"modified":"2022-08-25T09:27:07","modified_gmt":"2022-08-25T07:27:07","slug":"o-ukrainie-na-festiwalu-filmowym-w-rasznowie","status":"publish","type":"post","link":"https:\/\/instytutpolski.pl\/bucuresti\/pl\/2022\/08\/12\/o-ukrainie-na-festiwalu-filmowym-w-rasznowie\/","title":{"rendered":"O Ukrainie na festiwalu filmowym w Rasznowie"},"content":{"rendered":"\n<p><strong>godz. 13.30 \u2013 Kino Amza Pellea, ul. Mihai Viteazul<\/strong><\/p>\n<p><strong>TRUDNE BRATERSTWO<\/strong><\/p>\n<p>Polska, 1998, 54 min., dokumentalny<\/p>\n<p>Re\u017cyseria: Jerzy Lubach<\/p>\n<p>Film przypomina ma\u0142o znany epizod z historii XX wieku: sojusz polsko-ukrai\u0144ski zawarty przez marsza\u0142ka J\u00f3zefa Pi\u0142sudskiego i atamana Semena Petlur\u0119 w 1920 roku w celu przeciwstawienia si\u0119 Rosji Sowieckiej. O wydarzeniu tym, historii wsp\u00f3lnych dzia\u0142a\u0144 przeciwko bolszewikom oraz pr\u00f3bach ustanowienia wolnej i suwerennej Ukrainy m\u00f3wi\u0105 przed kamer\u0105: Jerzy Giedroyc, Norman Davies, Dani\u0142o Husar Struk, Arkadij \u017bukowski, Aleksander Kola\u0144czuk, Wo\u0142odimir Serhijczuk, Wasyl Michalczuk, gen. Stefan Tarnawski, J\u00f3zef Hartowski i Tadeusz Olsza\u0144ski.<\/p>\n<p>&#8212;<\/p>\n<p><strong>godz. 21.20 \u2013 Zamek Rasnov<\/strong><\/p>\n<p><strong>OBYWATEL JONES<\/strong><\/p>\n<p>Polska \u2013 Ukraina \u2013 Wielka Brytania, 2019, 119 min., dramat, thriller<\/p>\n<p>Re\u017cyseria: Agnieszka Holland<\/p>\n<p>M\u0142ody dziennikarz Gareth Jones przymierza si\u0119 do wielkiego tematu \u2013 gwa\u0142townej modernizacji Zwi\u0105zku Radzieckiego. Wybiera si\u0119 do Moskwy, aby przeprowadzi\u0107 wywiad ze Stalinem. Poznaje tam brytyjsk\u0105 dziennikark\u0119 Ad\u0119 Brooks, dzi\u0119ki kt\u00f3rej odkrywa, \u017ce prawda o stalinowskim re\u017cimie jest brutalnie t\u0142umiona przez sowieckich cenzor\u00f3w.<\/p>\n<p>S\u0142ysz\u0105c plotki na temat wielkiej kl\u0119ski g\u0142odowej w ZSRR, Jones udaje si\u0119 w samotn\u0105 podr\u00f3\u017c przez Ukrain\u0119. Staje si\u0119 naocznym \u015bwiadkiem tragedii Ho\u0142odomoru, kt\u00f3r\u0105 po powrocie do Londynu opisuje. Publikacja jest wyciszana, a jej autentyczno\u015b\u0107 podwa\u017cana przez zachodnich dziennikarzy, pozostaj\u0105cych pod presj\u0105 Kremla. Pomimo \u015bmiertelnych pogr\u00f3\u017cek Gareth nie ustaje w walce o prawd\u0119. Odkryciami postanawia podzieli\u0107 si\u0119 z m\u0142odym, aspiruj\u0105cym pisarzem \u2013 George\u2019em Orwellem.<\/p>\n\n\n\n<p>https:\/\/www.youtube.com\/watch?v=oaNwIzwkhuw<\/p>\n","protected":false},"excerpt":{"rendered":"<p>godz. 13.30 \u2013 Kino Amza Pellea, ul. Mihai Viteazul TRUDNE BRATERSTWO Polska, 1998, 54 min., dokumentalny Re\u017cyseria: Jerzy Lubach Film przypomina ma\u0142o znany epizod z historii XX wieku: sojusz polsko-ukrai\u0144ski zawarty przez marsza\u0142ka J\u00f3zefa Pi\u0142sudskiego i atamana Semena Petlur\u0119 w 1920 roku w celu przeciwstawienia si\u0119 Rosji Sowieckiej. O wydarzeniu tym, historii wsp\u00f3lnych dzia\u0142a\u0144 przeciwko [&hellip;]<\/p>\n","protected":false},"author":41,"featured_media":7368,"comment_status":"open","ping_status":"open","sticky":false,"template":"","format":"standard","meta":{"inline_featured_image":false,"_monsterinsights_skip_tracking":false,"_monsterinsights_sitenote_active":false,"_monsterinsights_sitenote_note":"","_monsterinsights_sitenote_category":0,"footnotes":""},"categories":[41,45,96],"tags":[],"class_list":["post-8593","post","type-post","status-publish","format-standard","has-post-thumbnail","hentry","category-historia","category-kino","category-wydarzenia"],"yoast_head":"<!-- This site is optimized with the Yoast SEO plugin v24.6 - https:\/\/yoast.com\/wordpress\/plugins\/seo\/ -->\n<title>O Ukrainie na festiwalu filmowym w Rasznowie - Instytut Polski w Bukareszcie<\/title>\n<meta name=\"robots\" content=\"index, follow, max-snippet:-1, max-image-preview:large, max-video-preview:-1\" \/>\n<link rel=\"canonical\" href=\"https:\/\/instytutpolski.pl\/bucuresti\/pl\/2022\/08\/12\/o-ukrainie-na-festiwalu-filmowym-w-rasznowie\/\" \/>\n<meta property=\"og:locale\" content=\"pl_PL\" \/>\n<meta property=\"og:type\" content=\"article\" \/>\n<meta property=\"og:title\" content=\"O Ukrainie na festiwalu filmowym w Rasznowie - Instytut Polski w Bukareszcie\" \/>\n<meta property=\"og:description\" content=\"godz. 13.30 \u2013 Kino Amza Pellea, ul. Mihai Viteazul TRUDNE BRATERSTWO Polska, 1998, 54 min., dokumentalny Re\u017cyseria: Jerzy Lubach Film przypomina ma\u0142o znany epizod z historii XX wieku: sojusz polsko-ukrai\u0144ski zawarty przez marsza\u0142ka J\u00f3zefa Pi\u0142sudskiego i atamana Semena Petlur\u0119 w 1920 roku w celu przeciwstawienia si\u0119 Rosji Sowieckiej. O wydarzeniu tym, historii wsp\u00f3lnych dzia\u0142a\u0144 przeciwko [&hellip;]\" \/>\n<meta property=\"og:url\" content=\"https:\/\/instytutpolski.pl\/bucuresti\/pl\/2022\/08\/12\/o-ukrainie-na-festiwalu-filmowym-w-rasznowie\/\" \/>\n<meta property=\"og:site_name\" content=\"Instytut Polski w Bukareszcie\" \/>\n<meta property=\"article:published_time\" content=\"2022-08-12T06:44:01+00:00\" \/>\n<meta property=\"article:modified_time\" content=\"2022-08-25T07:27:07+00:00\" \/>\n<meta property=\"og:image\" content=\"https:\/\/instytutpolski.pl\/bucuresti\/wp-content\/uploads\/sites\/11\/2021\/10\/maxresdefault.jpg\" \/>\n\t<meta property=\"og:image:width\" content=\"1280\" \/>\n\t<meta property=\"og:image:height\" content=\"720\" \/>\n\t<meta property=\"og:image:type\" content=\"image\/jpeg\" \/>\n<meta name=\"author\" content=\"mirelal\" \/>\n<meta name=\"twitter:card\" content=\"summary_large_image\" \/>\n<meta name=\"twitter:label1\" content=\"Napisane przez\" \/>\n\t<meta name=\"twitter:data1\" content=\"mirelal\" \/>\n\t<meta name=\"twitter:label2\" content=\"Szacowany czas czytania\" \/>\n\t<meta name=\"twitter:data2\" content=\"2 minuty\" \/>\n<script type=\"application\/ld+json\" class=\"yoast-schema-graph\">{\"@context\":\"https:\/\/schema.org\",\"@graph\":[{\"@type\":\"event\",\"@id\":\"https:\/\/instytutpolski.pl\/bucuresti\/pl\/2022\/08\/12\/o-ukrainie-na-festiwalu-filmowym-w-rasznowie\/\",\"url\":\"https:\/\/instytutpolski.pl\/bucuresti\/pl\/2022\/08\/12\/o-ukrainie-na-festiwalu-filmowym-w-rasznowie\/\",\"name\":\"O Ukrainie na festiwalu filmowym w Rasznowie\",\"isPartOf\":{\"@id\":\"https:\/\/instytutpolski.pl\/bucuresti\/#website\"},\"primaryImageOfPage\":{\"@id\":\"https:\/\/instytutpolski.pl\/bucuresti\/pl\/2022\/08\/12\/o-ukrainie-na-festiwalu-filmowym-w-rasznowie\/#primaryimage\"},\"image\":[\"https:\/\/instytutpolski.pl\/bucuresti\/wp-content\/uploads\/sites\/11\/2021\/10\/maxresdefault.jpg\",\"https:\/\/instytutpolski.pl\/bucuresti\/wp-content\/uploads\/sites\/11\/2021\/10\/maxresdefault-300x169.jpg\",\"https:\/\/instytutpolski.pl\/bucuresti\/wp-content\/uploads\/sites\/11\/2021\/10\/maxresdefault-1024x576.jpg\",\"https:\/\/instytutpolski.pl\/bucuresti\/wp-content\/uploads\/sites\/11\/2021\/10\/maxresdefault.jpg\"],\"thumbnailUrl\":\"https:\/\/instytutpolski.pl\/bucuresti\/wp-content\/uploads\/sites\/11\/2021\/10\/maxresdefault.jpg\",\"datePublished\":\"2022-08-12T06:44:01+02:00\",\"dateModified\":\"2022-08-25T07:27:07+02:00\",\"author\":{\"@id\":\"https:\/\/instytutpolski.pl\/bucuresti\/#\/schema\/person\/36eba23bd65c4ed8774deeb285a19272\"},\"breadcrumb\":{\"@id\":\"https:\/\/instytutpolski.pl\/bucuresti\/pl\/2022\/08\/12\/o-ukrainie-na-festiwalu-filmowym-w-rasznowie\/#breadcrumb\"},\"inLanguage\":\"pl-PL\",\"potentialAction\":[{\"@type\":\"ReadAction\",\"target\":[\"https:\/\/instytutpolski.pl\/bucuresti\/pl\/2022\/08\/12\/o-ukrainie-na-festiwalu-filmowym-w-rasznowie\/\"]}],\"@context\":\"https:\/\/schema.org\",\"startDate\":\"2022-08-24\",\"endDate\":\"2022-08-24\",\"eventStatus\":\"EventScheduled\",\"eventAttendanceMode\":\"OfflineEventAttendanceMode\",\"location\":{\"@type\":\"place\",\"name\":\"\",\"address\":\"\",\"geo\":{\"@type\":\"GeoCoordinates\",\"latitude\":\"\",\"longitude\":\"\"}},\"description\":\"godz. 13.30 \u2013 Kino Amza Pellea, ul. Mihai Viteazul\\nTRUDNE BRATERSTWO\\nPolska, 1998, 54 min., dokumentalny\\nRe\u017cyseria: Jerzy Lubach\\nFilm przypomina ma\u0142o znany epizod z historii XX wieku: sojusz polsko-ukrai\u0144ski zawarty przez marsza\u0142ka J\u00f3zefa Pi\u0142sudskiego i atamana Semena Petlur\u0119 w 1920 roku w celu przeciwstawienia si\u0119 Rosji Sowieckiej. O wydarzeniu tym, historii wsp\u00f3lnych dzia\u0142a\u0144 przeciwko bolszewikom oraz pr\u00f3bach ustanowienia wolnej i suwerennej Ukrainy m\u00f3wi\u0105 przed kamer\u0105: Jerzy Giedroyc, Norman Davies, Dani\u0142o Husar Struk, Arkadij \u017bukowski, Aleksander Kola\u0144czuk, Wo\u0142odimir Serhijczuk, Wasyl Michalczuk, gen. Stefan Tarnawski, J\u00f3zef Hartowski i Tadeusz Olsza\u0144ski.\\n---\\ngodz. 21.20 \u2013 Zamek Rasnov\\nOBYWATEL JONES\\nPolska \u2013 Ukraina \u2013 Wielka Brytania, 2019, 119 min., dramat, thriller\\nRe\u017cyseria: Agnieszka Holland\\nM\u0142ody dziennikarz Gareth Jones przymierza si\u0119 do wielkiego tematu \u2013 gwa\u0142townej modernizacji Zwi\u0105zku Radzieckiego. Wybiera si\u0119 do Moskwy, aby przeprowadzi\u0107 wywiad ze Stalinem. Poznaje tam brytyjsk\u0105 dziennikark\u0119 Ad\u0119 Brooks, dzi\u0119ki kt\u00f3rej odkrywa, \u017ce prawda o stalinowskim re\u017cimie jest brutalnie t\u0142umiona przez sowieckich cenzor\u00f3w.\\nS\u0142ysz\u0105c plotki na temat wielkiej kl\u0119ski g\u0142odowej w ZSRR, Jones udaje si\u0119 w samotn\u0105 podr\u00f3\u017c przez Ukrain\u0119. Staje si\u0119 naocznym \u015bwiadkiem tragedii Ho\u0142odomoru, kt\u00f3r\u0105 po powrocie do Londynu opisuje. Publikacja jest wyciszana, a jej autentyczno\u015b\u0107 podwa\u017cana przez zachodnich dziennikarzy, pozostaj\u0105cych pod presj\u0105 Kremla. Pomimo \u015bmiertelnych pogr\u00f3\u017cek Gareth nie ustaje w walce o prawd\u0119. Odkryciami postanawia podzieli\u0107 si\u0119 z m\u0142odym, aspiruj\u0105cym pisarzem \u2013 George\u2019em Orwellem.\\nhttps:\/\/www.youtube.com\/watch?v=oaNwIzwkhuw\"},{\"@type\":\"ImageObject\",\"inLanguage\":\"pl-PL\",\"@id\":\"https:\/\/instytutpolski.pl\/bucuresti\/pl\/2022\/08\/12\/o-ukrainie-na-festiwalu-filmowym-w-rasznowie\/#primaryimage\",\"url\":\"https:\/\/instytutpolski.pl\/bucuresti\/wp-content\/uploads\/sites\/11\/2021\/10\/maxresdefault.jpg\",\"contentUrl\":\"https:\/\/instytutpolski.pl\/bucuresti\/wp-content\/uploads\/sites\/11\/2021\/10\/maxresdefault.jpg\",\"width\":1280,\"height\":720},{\"@type\":\"BreadcrumbList\",\"@id\":\"https:\/\/instytutpolski.pl\/bucuresti\/pl\/2022\/08\/12\/o-ukrainie-na-festiwalu-filmowym-w-rasznowie\/#breadcrumb\",\"itemListElement\":[{\"@type\":\"ListItem\",\"position\":1,\"name\":\"Home\",\"item\":\"https:\/\/instytutpolski.pl\/bucuresti\/\"},{\"@type\":\"ListItem\",\"position\":2,\"name\":\"O Ukrainie na festiwalu filmowym w Rasznowie\"}]},{\"@type\":\"WebSite\",\"@id\":\"https:\/\/instytutpolski.pl\/bucuresti\/#website\",\"url\":\"https:\/\/instytutpolski.pl\/bucuresti\/\",\"name\":\"Instytut Polski w Bukareszcie\",\"description\":\"Instytuty Polskie\",\"potentialAction\":[{\"@type\":\"SearchAction\",\"target\":{\"@type\":\"EntryPoint\",\"urlTemplate\":\"https:\/\/instytutpolski.pl\/bucuresti\/?s={search_term_string}\"},\"query-input\":{\"@type\":\"PropertyValueSpecification\",\"valueRequired\":true,\"valueName\":\"search_term_string\"}}],\"inLanguage\":\"pl-PL\"},{\"@type\":\"Person\",\"@id\":\"https:\/\/instytutpolski.pl\/bucuresti\/#\/schema\/person\/36eba23bd65c4ed8774deeb285a19272\",\"name\":\"mirelal\",\"image\":{\"@type\":\"ImageObject\",\"inLanguage\":\"pl-PL\",\"@id\":\"https:\/\/instytutpolski.pl\/bucuresti\/#\/schema\/person\/image\/\",\"url\":\"https:\/\/secure.gravatar.com\/avatar\/5838c7614d071fe473f8aeb2de72beb4?s=96&d=mm&r=g\",\"contentUrl\":\"https:\/\/secure.gravatar.com\/avatar\/5838c7614d071fe473f8aeb2de72beb4?s=96&d=mm&r=g\",\"caption\":\"mirelal\"},\"url\":\"https:\/\/instytutpolski.pl\/bucuresti\/author\/mirelal\/\"}]}<\/script>\n<!-- \/ Yoast SEO plugin. -->","yoast_head_json":{"title":"O Ukrainie na festiwalu filmowym w Rasznowie - Instytut Polski w Bukareszcie","robots":{"index":"index","follow":"follow","max-snippet":"max-snippet:-1","max-image-preview":"max-image-preview:large","max-video-preview":"max-video-preview:-1"},"canonical":"https:\/\/instytutpolski.pl\/bucuresti\/pl\/2022\/08\/12\/o-ukrainie-na-festiwalu-filmowym-w-rasznowie\/","og_locale":"pl_PL","og_type":"article","og_title":"O Ukrainie na festiwalu filmowym w Rasznowie - Instytut Polski w Bukareszcie","og_description":"godz. 13.30 \u2013 Kino Amza Pellea, ul. Mihai Viteazul TRUDNE BRATERSTWO Polska, 1998, 54 min., dokumentalny Re\u017cyseria: Jerzy Lubach Film przypomina ma\u0142o znany epizod z historii XX wieku: sojusz polsko-ukrai\u0144ski zawarty przez marsza\u0142ka J\u00f3zefa Pi\u0142sudskiego i atamana Semena Petlur\u0119 w 1920 roku w celu przeciwstawienia si\u0119 Rosji Sowieckiej. O wydarzeniu tym, historii wsp\u00f3lnych dzia\u0142a\u0144 przeciwko [&hellip;]","og_url":"https:\/\/instytutpolski.pl\/bucuresti\/pl\/2022\/08\/12\/o-ukrainie-na-festiwalu-filmowym-w-rasznowie\/","og_site_name":"Instytut Polski w Bukareszcie","article_published_time":"2022-08-12T06:44:01+00:00","article_modified_time":"2022-08-25T07:27:07+00:00","og_image":[{"width":1280,"height":720,"url":"https:\/\/instytutpolski.pl\/bucuresti\/wp-content\/uploads\/sites\/11\/2021\/10\/maxresdefault.jpg","type":"image\/jpeg"}],"author":"mirelal","twitter_card":"summary_large_image","twitter_misc":{"Napisane przez":"mirelal","Szacowany czas czytania":"2 minuty"},"schema":{"@context":"https:\/\/schema.org","@graph":[{"@type":"event","@id":"https:\/\/instytutpolski.pl\/bucuresti\/pl\/2022\/08\/12\/o-ukrainie-na-festiwalu-filmowym-w-rasznowie\/","url":"https:\/\/instytutpolski.pl\/bucuresti\/pl\/2022\/08\/12\/o-ukrainie-na-festiwalu-filmowym-w-rasznowie\/","name":"O Ukrainie na festiwalu filmowym w Rasznowie","isPartOf":{"@id":"https:\/\/instytutpolski.pl\/bucuresti\/#website"},"primaryImageOfPage":{"@id":"https:\/\/instytutpolski.pl\/bucuresti\/pl\/2022\/08\/12\/o-ukrainie-na-festiwalu-filmowym-w-rasznowie\/#primaryimage"},"image":["https:\/\/instytutpolski.pl\/bucuresti\/wp-content\/uploads\/sites\/11\/2021\/10\/maxresdefault.jpg","https:\/\/instytutpolski.pl\/bucuresti\/wp-content\/uploads\/sites\/11\/2021\/10\/maxresdefault-300x169.jpg","https:\/\/instytutpolski.pl\/bucuresti\/wp-content\/uploads\/sites\/11\/2021\/10\/maxresdefault-1024x576.jpg","https:\/\/instytutpolski.pl\/bucuresti\/wp-content\/uploads\/sites\/11\/2021\/10\/maxresdefault.jpg"],"thumbnailUrl":"https:\/\/instytutpolski.pl\/bucuresti\/wp-content\/uploads\/sites\/11\/2021\/10\/maxresdefault.jpg","datePublished":"2022-08-12T06:44:01+02:00","dateModified":"2022-08-25T07:27:07+02:00","author":{"@id":"https:\/\/instytutpolski.pl\/bucuresti\/#\/schema\/person\/36eba23bd65c4ed8774deeb285a19272"},"breadcrumb":{"@id":"https:\/\/instytutpolski.pl\/bucuresti\/pl\/2022\/08\/12\/o-ukrainie-na-festiwalu-filmowym-w-rasznowie\/#breadcrumb"},"inLanguage":"pl-PL","potentialAction":[{"@type":"ReadAction","target":["https:\/\/instytutpolski.pl\/bucuresti\/pl\/2022\/08\/12\/o-ukrainie-na-festiwalu-filmowym-w-rasznowie\/"]}],"@context":"https:\/\/schema.org","startDate":"2022-08-24","endDate":"2022-08-24","eventStatus":"EventScheduled","eventAttendanceMode":"OfflineEventAttendanceMode","location":{"@type":"place","name":"","address":"","geo":{"@type":"GeoCoordinates","latitude":"","longitude":""}},"description":"godz. 13.30 \u2013 Kino Amza Pellea, ul. Mihai Viteazul\nTRUDNE BRATERSTWO\nPolska, 1998, 54 min., dokumentalny\nRe\u017cyseria: Jerzy Lubach\nFilm przypomina ma\u0142o znany epizod z historii XX wieku: sojusz polsko-ukrai\u0144ski zawarty przez marsza\u0142ka J\u00f3zefa Pi\u0142sudskiego i atamana Semena Petlur\u0119 w 1920 roku w celu przeciwstawienia si\u0119 Rosji Sowieckiej. O wydarzeniu tym, historii wsp\u00f3lnych dzia\u0142a\u0144 przeciwko bolszewikom oraz pr\u00f3bach ustanowienia wolnej i suwerennej Ukrainy m\u00f3wi\u0105 przed kamer\u0105: Jerzy Giedroyc, Norman Davies, Dani\u0142o Husar Struk, Arkadij \u017bukowski, Aleksander Kola\u0144czuk, Wo\u0142odimir Serhijczuk, Wasyl Michalczuk, gen. Stefan Tarnawski, J\u00f3zef Hartowski i Tadeusz Olsza\u0144ski.\n---\ngodz. 21.20 \u2013 Zamek Rasnov\nOBYWATEL JONES\nPolska \u2013 Ukraina \u2013 Wielka Brytania, 2019, 119 min., dramat, thriller\nRe\u017cyseria: Agnieszka Holland\nM\u0142ody dziennikarz Gareth Jones przymierza si\u0119 do wielkiego tematu \u2013 gwa\u0142townej modernizacji Zwi\u0105zku Radzieckiego. Wybiera si\u0119 do Moskwy, aby przeprowadzi\u0107 wywiad ze Stalinem. Poznaje tam brytyjsk\u0105 dziennikark\u0119 Ad\u0119 Brooks, dzi\u0119ki kt\u00f3rej odkrywa, \u017ce prawda o stalinowskim re\u017cimie jest brutalnie t\u0142umiona przez sowieckich cenzor\u00f3w.\nS\u0142ysz\u0105c plotki na temat wielkiej kl\u0119ski g\u0142odowej w ZSRR, Jones udaje si\u0119 w samotn\u0105 podr\u00f3\u017c przez Ukrain\u0119. Staje si\u0119 naocznym \u015bwiadkiem tragedii Ho\u0142odomoru, kt\u00f3r\u0105 po powrocie do Londynu opisuje. Publikacja jest wyciszana, a jej autentyczno\u015b\u0107 podwa\u017cana przez zachodnich dziennikarzy, pozostaj\u0105cych pod presj\u0105 Kremla. Pomimo \u015bmiertelnych pogr\u00f3\u017cek Gareth nie ustaje w walce o prawd\u0119. Odkryciami postanawia podzieli\u0107 si\u0119 z m\u0142odym, aspiruj\u0105cym pisarzem \u2013 George\u2019em Orwellem.\nhttps:\/\/www.youtube.com\/watch?v=oaNwIzwkhuw"},{"@type":"ImageObject","inLanguage":"pl-PL","@id":"https:\/\/instytutpolski.pl\/bucuresti\/pl\/2022\/08\/12\/o-ukrainie-na-festiwalu-filmowym-w-rasznowie\/#primaryimage","url":"https:\/\/instytutpolski.pl\/bucuresti\/wp-content\/uploads\/sites\/11\/2021\/10\/maxresdefault.jpg","contentUrl":"https:\/\/instytutpolski.pl\/bucuresti\/wp-content\/uploads\/sites\/11\/2021\/10\/maxresdefault.jpg","width":1280,"height":720},{"@type":"BreadcrumbList","@id":"https:\/\/instytutpolski.pl\/bucuresti\/pl\/2022\/08\/12\/o-ukrainie-na-festiwalu-filmowym-w-rasznowie\/#breadcrumb","itemListElement":[{"@type":"ListItem","position":1,"name":"Home","item":"https:\/\/instytutpolski.pl\/bucuresti\/"},{"@type":"ListItem","position":2,"name":"O Ukrainie na festiwalu filmowym w Rasznowie"}]},{"@type":"WebSite","@id":"https:\/\/instytutpolski.pl\/bucuresti\/#website","url":"https:\/\/instytutpolski.pl\/bucuresti\/","name":"Instytut Polski w Bukareszcie","description":"Instytuty Polskie","potentialAction":[{"@type":"SearchAction","target":{"@type":"EntryPoint","urlTemplate":"https:\/\/instytutpolski.pl\/bucuresti\/?s={search_term_string}"},"query-input":{"@type":"PropertyValueSpecification","valueRequired":true,"valueName":"search_term_string"}}],"inLanguage":"pl-PL"},{"@type":"Person","@id":"https:\/\/instytutpolski.pl\/bucuresti\/#\/schema\/person\/36eba23bd65c4ed8774deeb285a19272","name":"mirelal","image":{"@type":"ImageObject","inLanguage":"pl-PL","@id":"https:\/\/instytutpolski.pl\/bucuresti\/#\/schema\/person\/image\/","url":"https:\/\/secure.gravatar.com\/avatar\/5838c7614d071fe473f8aeb2de72beb4?s=96&d=mm&r=g","contentUrl":"https:\/\/secure.gravatar.com\/avatar\/5838c7614d071fe473f8aeb2de72beb4?s=96&d=mm&r=g","caption":"mirelal"},"url":"https:\/\/instytutpolski.pl\/bucuresti\/author\/mirelal\/"}]}},"_links":{"self":[{"href":"https:\/\/instytutpolski.pl\/bucuresti\/wp-json\/wp\/v2\/posts\/8593","targetHints":{"allow":["GET"]}}],"collection":[{"href":"https:\/\/instytutpolski.pl\/bucuresti\/wp-json\/wp\/v2\/posts"}],"about":[{"href":"https:\/\/instytutpolski.pl\/bucuresti\/wp-json\/wp\/v2\/types\/post"}],"author":[{"embeddable":true,"href":"https:\/\/instytutpolski.pl\/bucuresti\/wp-json\/wp\/v2\/users\/41"}],"replies":[{"embeddable":true,"href":"https:\/\/instytutpolski.pl\/bucuresti\/wp-json\/wp\/v2\/comments?post=8593"}],"version-history":[{"count":5,"href":"https:\/\/instytutpolski.pl\/bucuresti\/wp-json\/wp\/v2\/posts\/8593\/revisions"}],"predecessor-version":[{"id":8660,"href":"https:\/\/instytutpolski.pl\/bucuresti\/wp-json\/wp\/v2\/posts\/8593\/revisions\/8660"}],"wp:featuredmedia":[{"embeddable":true,"href":"https:\/\/instytutpolski.pl\/bucuresti\/wp-json\/wp\/v2\/media\/7368"}],"wp:attachment":[{"href":"https:\/\/instytutpolski.pl\/bucuresti\/wp-json\/wp\/v2\/media?parent=8593"}],"wp:term":[{"taxonomy":"category","embeddable":true,"href":"https:\/\/instytutpolski.pl\/bucuresti\/wp-json\/wp\/v2\/categories?post=8593"},{"taxonomy":"post_tag","embeddable":true,"href":"https:\/\/instytutpolski.pl\/bucuresti\/wp-json\/wp\/v2\/tags?post=8593"}],"curies":[{"name":"wp","href":"https:\/\/api.w.org\/{rel}","templated":true}]}}