{"id":8914,"date":"2022-10-10T12:31:00","date_gmt":"2022-10-10T10:31:00","guid":{"rendered":"https:\/\/instytutpolski.pl\/bucuresti\/?p=8914"},"modified":"2022-10-14T08:44:26","modified_gmt":"2022-10-14T06:44:26","slug":"invata-limba-polona-cu-institutul-polonez-din-bucuresti-2","status":"publish","type":"post","link":"https:\/\/instytutpolski.pl\/bucuresti\/2022\/10\/10\/invata-limba-polona-cu-institutul-polonez-din-bucuresti-2\/","title":{"rendered":"\u00cenva\u021b\u0103 limba polon\u0103 cu Institutul Polonez din Bucure\u0219ti"},"content":{"rendered":"\n<p><strong>Cursurile vor fi \u00eemp\u0103r\u021bite pe patru niveluri:<\/strong><\/p>\n<p><strong>1 \u2013 \u00eencep\u0103tori:<\/strong><\/p>\n<p>I grup\u0103 \u2013 cursul va avea loc mar\u021bea, de la ora 18.00 (primul curs va \u00eencepe pe 18 octombrie)<\/p>\n<p>II grup\u0103 \u2013 cursul va avea loc joia, de la ora 18.30 (primul curs va \u00eencepe pe 20 octombrie)<\/p>\n<p><strong>2 \u2013 continuitate:<\/strong><\/p>\n<p>I grup\u0103 \u2013 cursul va avea loc mar\u021bea, de la ora 18.00 (primul curs va \u00eencepe pe 18 octombrie)<\/p>\n<p>II grup\u0103 \u2013 cursul va avea loc miercurea, de la ora 18.00 (primul curs va \u00eencepe pe 19 octombrie)<\/p>\n<p><strong>3 \u2013 mediu-avansa\u021bi:<\/strong><\/p>\n<p>I grup\u0103 \u2013 cursul va avea loc joia, de la ora 18.00 (primul curs va \u00eencepe pe 20 octombrie)<\/p>\n<p><strong>4 \u2013 avansa\u021bi:<\/strong><\/p>\n<p>cursul va avea loc mar\u021bea, de la ora 18.00 (primul curs va \u00eencepe pe 18 octombrie)<\/p>\n<p><strong>Cum s\u0103 v\u0103 \u00eenscrie\u021bi?<\/strong><\/p>\n<p>\u00cencep\u00e2nd de 10 octombrie, p\u00e2n\u0103 joi, 13 octombrie (ora 23.59), v\u0103 pute\u021bi \u00eenscrie <strong>EXCLUSIV<\/strong> online, la adresa: <strong><a href=\"mailto:institutul.polonez.buc@gmail.com\">institutul.polonez.buc@gmail.com<\/a>\u00a0<\/strong><\/p>\n<p>Acceptarea la cursuri se va face \u00een func\u021bie de ordinea \u00eenscrierilor.\u00a0<strong>Persoanele acceptate vor fi notificate ulterior, printr-un mail separat, p\u00e2n\u0103 pe 15 octombrie.<\/strong><\/p>\n<p><strong>Cererea de \u00eenscriere trebuie s\u0103 con\u021bin\u0103:<\/strong><\/p>\n<ol>\n<li>numele, prenumele, ora\u0219ul \u0219i num\u0103rul de telefon<\/li>\n<li>grupa la care se dore\u0219te \u00eenscrierea (gradul de avansare \u0219i ziua \u2013 v\u0103 rug\u0103m s\u0103 specifica\u021bi \u0219i dac\u0103, eventual, exist\u0103 posibilitatea s\u0103 participa\u021bi \u00een alt\u0103 zi)<\/li>\n<li>persoanele care se \u00eenscriu la grupa de \u00eencep\u0103tori (nr. 1) sunt rugate s\u0103 men\u021bioneze pe scurt (1-2 fraze) de ce doresc s\u0103 \u00eenve\u021be limba polon\u0103.<\/li>\n<\/ol>\n<p><strong>Cursurile vor avea loc online, fiecare grup\u0103 va stabili cu lectorul s\u0103u aspectele ce \u021bin de logistic\u0103 \u0219i administra\u021bie.<\/strong><\/p>\n","protected":false},"excerpt":{"rendered":"<p>Cursurile vor fi \u00eemp\u0103r\u021bite pe patru niveluri: 1 \u2013 \u00eencep\u0103tori: I grup\u0103 \u2013 cursul va avea loc mar\u021bea, de la ora 18.00 (primul curs va \u00eencepe pe 18 octombrie) II grup\u0103 \u2013 cursul va avea loc joia, de la ora 18.30 (primul curs va \u00eencepe pe 20 octombrie) 2 \u2013 continuitate: I grup\u0103 \u2013 cursul [&hellip;]<\/p>\n","protected":false},"author":43,"featured_media":8916,"comment_status":"open","ping_status":"open","sticky":false,"template":"","format":"standard","meta":{"inline_featured_image":false,"_monsterinsights_skip_tracking":false,"_monsterinsights_sitenote_active":false,"_monsterinsights_sitenote_note":"","_monsterinsights_sitenote_category":0,"footnotes":""},"categories":[1],"tags":[],"class_list":["post-8914","post","type-post","status-publish","format-standard","has-post-thumbnail","hentry","category-alte"],"yoast_head":"<!-- This site is optimized with the Yoast SEO plugin v24.6 - https:\/\/yoast.com\/wordpress\/plugins\/seo\/ -->\n<title>\u00cenva\u021b\u0103 limba polon\u0103 cu Institutul Polonez din Bucure\u0219ti - Instytut Polski w Bukareszcie<\/title>\n<meta name=\"robots\" content=\"index, follow, max-snippet:-1, max-image-preview:large, max-video-preview:-1\" \/>\n<link rel=\"canonical\" href=\"https:\/\/instytutpolski.pl\/bucuresti\/2022\/10\/10\/invata-limba-polona-cu-institutul-polonez-din-bucuresti-2\/\" \/>\n<meta property=\"og:locale\" content=\"pl_PL\" \/>\n<meta property=\"og:type\" content=\"article\" \/>\n<meta property=\"og:title\" content=\"\u00cenva\u021b\u0103 limba polon\u0103 cu Institutul Polonez din Bucure\u0219ti - Instytut Polski w Bukareszcie\" \/>\n<meta property=\"og:description\" content=\"Cursurile vor fi \u00eemp\u0103r\u021bite pe patru niveluri: 1 \u2013 \u00eencep\u0103tori: I grup\u0103 \u2013 cursul va avea loc mar\u021bea, de la ora 18.00 (primul curs va \u00eencepe pe 18 octombrie) II grup\u0103 \u2013 cursul va avea loc joia, de la ora 18.30 (primul curs va \u00eencepe pe 20 octombrie) 2 \u2013 continuitate: I grup\u0103 \u2013 cursul [&hellip;]\" \/>\n<meta property=\"og:url\" content=\"https:\/\/instytutpolski.pl\/bucuresti\/2022\/10\/10\/invata-limba-polona-cu-institutul-polonez-din-bucuresti-2\/\" \/>\n<meta property=\"og:site_name\" content=\"Instytut Polski w Bukareszcie\" \/>\n<meta property=\"article:published_time\" content=\"2022-10-10T10:31:00+00:00\" \/>\n<meta property=\"article:modified_time\" content=\"2022-10-14T06:44:26+00:00\" \/>\n<meta property=\"og:image\" content=\"https:\/\/instytutpolski.pl\/bucuresti\/wp-content\/uploads\/sites\/11\/2022\/10\/Simple-Welcome-To-French-Class-Google-Classroom-Header-Coperta-Facebook-1120-x-630-px-Postare-Facebook-Coperta-Facebook-1920-\u00d7-1080-px.png\" \/>\n\t<meta property=\"og:image:width\" content=\"1920\" \/>\n\t<meta property=\"og:image:height\" content=\"1080\" \/>\n\t<meta property=\"og:image:type\" content=\"image\/png\" \/>\n<meta name=\"author\" content=\"nicolaua\" \/>\n<meta name=\"twitter:card\" content=\"summary_large_image\" \/>\n<meta name=\"twitter:label1\" content=\"Napisane przez\" \/>\n\t<meta name=\"twitter:data1\" content=\"nicolaua\" \/>\n\t<meta name=\"twitter:label2\" content=\"Szacowany czas czytania\" \/>\n\t<meta name=\"twitter:data2\" content=\"2 minuty\" \/>\n<script type=\"application\/ld+json\" class=\"yoast-schema-graph\">{\"@context\":\"https:\/\/schema.org\",\"@graph\":[{\"@type\":\"event\",\"@id\":\"https:\/\/instytutpolski.pl\/bucuresti\/2022\/10\/10\/invata-limba-polona-cu-institutul-polonez-din-bucuresti-2\/\",\"url\":\"https:\/\/instytutpolski.pl\/bucuresti\/2022\/10\/10\/invata-limba-polona-cu-institutul-polonez-din-bucuresti-2\/\",\"name\":\"\u00cenva\u021b\u0103 limba polon\u0103 cu Institutul Polonez din Bucure\u0219ti\",\"isPartOf\":{\"@id\":\"https:\/\/instytutpolski.pl\/bucuresti\/#website\"},\"primaryImageOfPage\":{\"@id\":\"https:\/\/instytutpolski.pl\/bucuresti\/2022\/10\/10\/invata-limba-polona-cu-institutul-polonez-din-bucuresti-2\/#primaryimage\"},\"image\":[\"https:\/\/instytutpolski.pl\/bucuresti\/wp-content\/uploads\/sites\/11\/2022\/10\/Simple-Welcome-To-French-Class-Google-Classroom-Header-Coperta-Facebook-1120-x-630-px-Postare-Facebook-Coperta-Facebook-1920-\u00d7-1080-px.png\",\"https:\/\/instytutpolski.pl\/bucuresti\/wp-content\/uploads\/sites\/11\/2022\/10\/Simple-Welcome-To-French-Class-Google-Classroom-Header-Coperta-Facebook-1120-x-630-px-Postare-Facebook-Coperta-Facebook-1920-\u00d7-1080-px-300x169.png\",\"https:\/\/instytutpolski.pl\/bucuresti\/wp-content\/uploads\/sites\/11\/2022\/10\/Simple-Welcome-To-French-Class-Google-Classroom-Header-Coperta-Facebook-1120-x-630-px-Postare-Facebook-Coperta-Facebook-1920-\u00d7-1080-px-1024x576.png\",\"https:\/\/instytutpolski.pl\/bucuresti\/wp-content\/uploads\/sites\/11\/2022\/10\/Simple-Welcome-To-French-Class-Google-Classroom-Header-Coperta-Facebook-1120-x-630-px-Postare-Facebook-Coperta-Facebook-1920-\u00d7-1080-px.png\"],\"thumbnailUrl\":\"https:\/\/instytutpolski.pl\/bucuresti\/wp-content\/uploads\/sites\/11\/2022\/10\/Simple-Welcome-To-French-Class-Google-Classroom-Header-Coperta-Facebook-1120-x-630-px-Postare-Facebook-Coperta-Facebook-1920-\u00d7-1080-px.png\",\"datePublished\":\"2022-10-10T10:31:00+02:00\",\"dateModified\":\"2022-10-14T06:44:26+02:00\",\"author\":{\"@id\":\"https:\/\/instytutpolski.pl\/bucuresti\/#\/schema\/person\/a1d5ab39dce466455f60589721519864\"},\"breadcrumb\":{\"@id\":\"https:\/\/instytutpolski.pl\/bucuresti\/2022\/10\/10\/invata-limba-polona-cu-institutul-polonez-din-bucuresti-2\/#breadcrumb\"},\"inLanguage\":\"pl-PL\",\"potentialAction\":[{\"@type\":\"ReadAction\",\"target\":[\"https:\/\/instytutpolski.pl\/bucuresti\/2022\/10\/10\/invata-limba-polona-cu-institutul-polonez-din-bucuresti-2\/\"]}],\"@context\":\"https:\/\/schema.org\",\"startDate\":\"2022-10-10\",\"endDate\":\"2022-10-14\",\"eventStatus\":\"EventScheduled\",\"eventAttendanceMode\":\"OfflineEventAttendanceMode\",\"location\":{\"@type\":\"place\",\"name\":\"\",\"address\":\"\",\"geo\":{\"@type\":\"GeoCoordinates\",\"latitude\":\"\",\"longitude\":\"\"}},\"description\":\"Cursurile vor fi \u00eemp\u0103r\u021bite pe patru niveluri:\\n1 \u2013 \u00eencep\u0103tori:\\nI grup\u0103 \u2013 cursul va avea loc mar\u021bea, de la ora 18.00 (primul curs va \u00eencepe pe 18 octombrie)\\nII grup\u0103 \u2013 cursul va avea loc joia, de la ora 18.30 (primul curs va \u00eencepe pe 20 octombrie)\\n2 \u2013 continuitate:\\nI grup\u0103 \u2013 cursul va avea loc mar\u021bea, de la ora 18.00 (primul curs va \u00eencepe pe 18 octombrie)\\nII grup\u0103 \u2013 cursul va avea loc miercurea, de la ora 18.00 (primul curs va \u00eencepe pe 19 octombrie)\\n3 \u2013 mediu-avansa\u021bi:\\nI grup\u0103 \u2013 cursul va avea loc joia, de la ora 18.00 (primul curs va \u00eencepe pe 20 octombrie)\\n4 \u2013 avansa\u021bi:\\ncursul va avea loc mar\u021bea, de la ora 18.00 (primul curs va \u00eencepe pe 18 octombrie)\\nCum s\u0103 v\u0103 \u00eenscrie\u021bi?\\n\u00cencep\u00e2nd de 10 octombrie, p\u00e2n\u0103 joi, 13 octombrie (ora 23.59), v\u0103 pute\u021bi \u00eenscrie EXCLUSIV online, la adresa: institutul.polonez.buc@gmail.com\u00a0\\nAcceptarea la cursuri se va face \u00een func\u021bie de ordinea \u00eenscrierilor.\u00a0Persoanele acceptate vor fi notificate ulterior, printr-un mail separat, p\u00e2n\u0103 pe 15 octombrie.\\nCererea de \u00eenscriere trebuie s\u0103 con\u021bin\u0103:\\nnumele, prenumele, ora\u0219ul \u0219i num\u0103rul de telefon\\ngrupa la care se dore\u0219te \u00eenscrierea (gradul de avansare \u0219i ziua \u2013 v\u0103 rug\u0103m s\u0103 specifica\u021bi \u0219i dac\u0103, eventual, exist\u0103 posibilitatea s\u0103 participa\u021bi \u00een alt\u0103 zi)\\npersoanele care se \u00eenscriu la grupa de \u00eencep\u0103tori (nr. 1) sunt rugate s\u0103 men\u021bioneze pe scurt (1-2 fraze) de ce doresc s\u0103 \u00eenve\u021be limba polon\u0103.\\nCursurile vor avea loc online, fiecare grup\u0103 va stabili cu lectorul s\u0103u aspectele ce \u021bin de logistic\u0103 \u0219i administra\u021bie.\"},{\"@type\":\"ImageObject\",\"inLanguage\":\"pl-PL\",\"@id\":\"https:\/\/instytutpolski.pl\/bucuresti\/2022\/10\/10\/invata-limba-polona-cu-institutul-polonez-din-bucuresti-2\/#primaryimage\",\"url\":\"https:\/\/instytutpolski.pl\/bucuresti\/wp-content\/uploads\/sites\/11\/2022\/10\/Simple-Welcome-To-French-Class-Google-Classroom-Header-Coperta-Facebook-1120-x-630-px-Postare-Facebook-Coperta-Facebook-1920-\u00d7-1080-px.png\",\"contentUrl\":\"https:\/\/instytutpolski.pl\/bucuresti\/wp-content\/uploads\/sites\/11\/2022\/10\/Simple-Welcome-To-French-Class-Google-Classroom-Header-Coperta-Facebook-1120-x-630-px-Postare-Facebook-Coperta-Facebook-1920-\u00d7-1080-px.png\",\"width\":1920,\"height\":1080},{\"@type\":\"BreadcrumbList\",\"@id\":\"https:\/\/instytutpolski.pl\/bucuresti\/2022\/10\/10\/invata-limba-polona-cu-institutul-polonez-din-bucuresti-2\/#breadcrumb\",\"itemListElement\":[{\"@type\":\"ListItem\",\"position\":1,\"name\":\"Home\",\"item\":\"https:\/\/instytutpolski.pl\/bucuresti\/\"},{\"@type\":\"ListItem\",\"position\":2,\"name\":\"\u00cenva\u021b\u0103 limba polon\u0103 cu Institutul Polonez din Bucure\u0219ti\"}]},{\"@type\":\"WebSite\",\"@id\":\"https:\/\/instytutpolski.pl\/bucuresti\/#website\",\"url\":\"https:\/\/instytutpolski.pl\/bucuresti\/\",\"name\":\"Instytut Polski w Bukareszcie\",\"description\":\"Instytuty Polskie\",\"potentialAction\":[{\"@type\":\"SearchAction\",\"target\":{\"@type\":\"EntryPoint\",\"urlTemplate\":\"https:\/\/instytutpolski.pl\/bucuresti\/?s={search_term_string}\"},\"query-input\":{\"@type\":\"PropertyValueSpecification\",\"valueRequired\":true,\"valueName\":\"search_term_string\"}}],\"inLanguage\":\"pl-PL\"},{\"@type\":\"Person\",\"@id\":\"https:\/\/instytutpolski.pl\/bucuresti\/#\/schema\/person\/a1d5ab39dce466455f60589721519864\",\"name\":\"nicolaua\",\"image\":{\"@type\":\"ImageObject\",\"inLanguage\":\"pl-PL\",\"@id\":\"https:\/\/instytutpolski.pl\/bucuresti\/#\/schema\/person\/image\/\",\"url\":\"https:\/\/secure.gravatar.com\/avatar\/5029b942a8ac0a6a935e5655abff56ef?s=96&d=mm&r=g\",\"contentUrl\":\"https:\/\/secure.gravatar.com\/avatar\/5029b942a8ac0a6a935e5655abff56ef?s=96&d=mm&r=g\",\"caption\":\"nicolaua\"},\"url\":\"https:\/\/instytutpolski.pl\/bucuresti\/author\/nicolaua\/\"}]}<\/script>\n<!-- \/ Yoast SEO plugin. -->","yoast_head_json":{"title":"\u00cenva\u021b\u0103 limba polon\u0103 cu Institutul Polonez din Bucure\u0219ti - Instytut Polski w Bukareszcie","robots":{"index":"index","follow":"follow","max-snippet":"max-snippet:-1","max-image-preview":"max-image-preview:large","max-video-preview":"max-video-preview:-1"},"canonical":"https:\/\/instytutpolski.pl\/bucuresti\/2022\/10\/10\/invata-limba-polona-cu-institutul-polonez-din-bucuresti-2\/","og_locale":"pl_PL","og_type":"article","og_title":"\u00cenva\u021b\u0103 limba polon\u0103 cu Institutul Polonez din Bucure\u0219ti - Instytut Polski w Bukareszcie","og_description":"Cursurile vor fi \u00eemp\u0103r\u021bite pe patru niveluri: 1 \u2013 \u00eencep\u0103tori: I grup\u0103 \u2013 cursul va avea loc mar\u021bea, de la ora 18.00 (primul curs va \u00eencepe pe 18 octombrie) II grup\u0103 \u2013 cursul va avea loc joia, de la ora 18.30 (primul curs va \u00eencepe pe 20 octombrie) 2 \u2013 continuitate: I grup\u0103 \u2013 cursul [&hellip;]","og_url":"https:\/\/instytutpolski.pl\/bucuresti\/2022\/10\/10\/invata-limba-polona-cu-institutul-polonez-din-bucuresti-2\/","og_site_name":"Instytut Polski w Bukareszcie","article_published_time":"2022-10-10T10:31:00+00:00","article_modified_time":"2022-10-14T06:44:26+00:00","og_image":[{"width":1920,"height":1080,"url":"https:\/\/instytutpolski.pl\/bucuresti\/wp-content\/uploads\/sites\/11\/2022\/10\/Simple-Welcome-To-French-Class-Google-Classroom-Header-Coperta-Facebook-1120-x-630-px-Postare-Facebook-Coperta-Facebook-1920-\u00d7-1080-px.png","type":"image\/png"}],"author":"nicolaua","twitter_card":"summary_large_image","twitter_misc":{"Napisane przez":"nicolaua","Szacowany czas czytania":"2 minuty"},"schema":{"@context":"https:\/\/schema.org","@graph":[{"@type":"event","@id":"https:\/\/instytutpolski.pl\/bucuresti\/2022\/10\/10\/invata-limba-polona-cu-institutul-polonez-din-bucuresti-2\/","url":"https:\/\/instytutpolski.pl\/bucuresti\/2022\/10\/10\/invata-limba-polona-cu-institutul-polonez-din-bucuresti-2\/","name":"\u00cenva\u021b\u0103 limba polon\u0103 cu Institutul Polonez din Bucure\u0219ti","isPartOf":{"@id":"https:\/\/instytutpolski.pl\/bucuresti\/#website"},"primaryImageOfPage":{"@id":"https:\/\/instytutpolski.pl\/bucuresti\/2022\/10\/10\/invata-limba-polona-cu-institutul-polonez-din-bucuresti-2\/#primaryimage"},"image":["https:\/\/instytutpolski.pl\/bucuresti\/wp-content\/uploads\/sites\/11\/2022\/10\/Simple-Welcome-To-French-Class-Google-Classroom-Header-Coperta-Facebook-1120-x-630-px-Postare-Facebook-Coperta-Facebook-1920-\u00d7-1080-px.png","https:\/\/instytutpolski.pl\/bucuresti\/wp-content\/uploads\/sites\/11\/2022\/10\/Simple-Welcome-To-French-Class-Google-Classroom-Header-Coperta-Facebook-1120-x-630-px-Postare-Facebook-Coperta-Facebook-1920-\u00d7-1080-px-300x169.png","https:\/\/instytutpolski.pl\/bucuresti\/wp-content\/uploads\/sites\/11\/2022\/10\/Simple-Welcome-To-French-Class-Google-Classroom-Header-Coperta-Facebook-1120-x-630-px-Postare-Facebook-Coperta-Facebook-1920-\u00d7-1080-px-1024x576.png","https:\/\/instytutpolski.pl\/bucuresti\/wp-content\/uploads\/sites\/11\/2022\/10\/Simple-Welcome-To-French-Class-Google-Classroom-Header-Coperta-Facebook-1120-x-630-px-Postare-Facebook-Coperta-Facebook-1920-\u00d7-1080-px.png"],"thumbnailUrl":"https:\/\/instytutpolski.pl\/bucuresti\/wp-content\/uploads\/sites\/11\/2022\/10\/Simple-Welcome-To-French-Class-Google-Classroom-Header-Coperta-Facebook-1120-x-630-px-Postare-Facebook-Coperta-Facebook-1920-\u00d7-1080-px.png","datePublished":"2022-10-10T10:31:00+02:00","dateModified":"2022-10-14T06:44:26+02:00","author":{"@id":"https:\/\/instytutpolski.pl\/bucuresti\/#\/schema\/person\/a1d5ab39dce466455f60589721519864"},"breadcrumb":{"@id":"https:\/\/instytutpolski.pl\/bucuresti\/2022\/10\/10\/invata-limba-polona-cu-institutul-polonez-din-bucuresti-2\/#breadcrumb"},"inLanguage":"pl-PL","potentialAction":[{"@type":"ReadAction","target":["https:\/\/instytutpolski.pl\/bucuresti\/2022\/10\/10\/invata-limba-polona-cu-institutul-polonez-din-bucuresti-2\/"]}],"@context":"https:\/\/schema.org","startDate":"2022-10-10","endDate":"2022-10-14","eventStatus":"EventScheduled","eventAttendanceMode":"OfflineEventAttendanceMode","location":{"@type":"place","name":"","address":"","geo":{"@type":"GeoCoordinates","latitude":"","longitude":""}},"description":"Cursurile vor fi \u00eemp\u0103r\u021bite pe patru niveluri:\n1 \u2013 \u00eencep\u0103tori:\nI grup\u0103 \u2013 cursul va avea loc mar\u021bea, de la ora 18.00 (primul curs va \u00eencepe pe 18 octombrie)\nII grup\u0103 \u2013 cursul va avea loc joia, de la ora 18.30 (primul curs va \u00eencepe pe 20 octombrie)\n2 \u2013 continuitate:\nI grup\u0103 \u2013 cursul va avea loc mar\u021bea, de la ora 18.00 (primul curs va \u00eencepe pe 18 octombrie)\nII grup\u0103 \u2013 cursul va avea loc miercurea, de la ora 18.00 (primul curs va \u00eencepe pe 19 octombrie)\n3 \u2013 mediu-avansa\u021bi:\nI grup\u0103 \u2013 cursul va avea loc joia, de la ora 18.00 (primul curs va \u00eencepe pe 20 octombrie)\n4 \u2013 avansa\u021bi:\ncursul va avea loc mar\u021bea, de la ora 18.00 (primul curs va \u00eencepe pe 18 octombrie)\nCum s\u0103 v\u0103 \u00eenscrie\u021bi?\n\u00cencep\u00e2nd de 10 octombrie, p\u00e2n\u0103 joi, 13 octombrie (ora 23.59), v\u0103 pute\u021bi \u00eenscrie EXCLUSIV online, la adresa: institutul.polonez.buc@gmail.com\u00a0\nAcceptarea la cursuri se va face \u00een func\u021bie de ordinea \u00eenscrierilor.\u00a0Persoanele acceptate vor fi notificate ulterior, printr-un mail separat, p\u00e2n\u0103 pe 15 octombrie.\nCererea de \u00eenscriere trebuie s\u0103 con\u021bin\u0103:\nnumele, prenumele, ora\u0219ul \u0219i num\u0103rul de telefon\ngrupa la care se dore\u0219te \u00eenscrierea (gradul de avansare \u0219i ziua \u2013 v\u0103 rug\u0103m s\u0103 specifica\u021bi \u0219i dac\u0103, eventual, exist\u0103 posibilitatea s\u0103 participa\u021bi \u00een alt\u0103 zi)\npersoanele care se \u00eenscriu la grupa de \u00eencep\u0103tori (nr. 1) sunt rugate s\u0103 men\u021bioneze pe scurt (1-2 fraze) de ce doresc s\u0103 \u00eenve\u021be limba polon\u0103.\nCursurile vor avea loc online, fiecare grup\u0103 va stabili cu lectorul s\u0103u aspectele ce \u021bin de logistic\u0103 \u0219i administra\u021bie."},{"@type":"ImageObject","inLanguage":"pl-PL","@id":"https:\/\/instytutpolski.pl\/bucuresti\/2022\/10\/10\/invata-limba-polona-cu-institutul-polonez-din-bucuresti-2\/#primaryimage","url":"https:\/\/instytutpolski.pl\/bucuresti\/wp-content\/uploads\/sites\/11\/2022\/10\/Simple-Welcome-To-French-Class-Google-Classroom-Header-Coperta-Facebook-1120-x-630-px-Postare-Facebook-Coperta-Facebook-1920-\u00d7-1080-px.png","contentUrl":"https:\/\/instytutpolski.pl\/bucuresti\/wp-content\/uploads\/sites\/11\/2022\/10\/Simple-Welcome-To-French-Class-Google-Classroom-Header-Coperta-Facebook-1120-x-630-px-Postare-Facebook-Coperta-Facebook-1920-\u00d7-1080-px.png","width":1920,"height":1080},{"@type":"BreadcrumbList","@id":"https:\/\/instytutpolski.pl\/bucuresti\/2022\/10\/10\/invata-limba-polona-cu-institutul-polonez-din-bucuresti-2\/#breadcrumb","itemListElement":[{"@type":"ListItem","position":1,"name":"Home","item":"https:\/\/instytutpolski.pl\/bucuresti\/"},{"@type":"ListItem","position":2,"name":"\u00cenva\u021b\u0103 limba polon\u0103 cu Institutul Polonez din Bucure\u0219ti"}]},{"@type":"WebSite","@id":"https:\/\/instytutpolski.pl\/bucuresti\/#website","url":"https:\/\/instytutpolski.pl\/bucuresti\/","name":"Instytut Polski w Bukareszcie","description":"Instytuty Polskie","potentialAction":[{"@type":"SearchAction","target":{"@type":"EntryPoint","urlTemplate":"https:\/\/instytutpolski.pl\/bucuresti\/?s={search_term_string}"},"query-input":{"@type":"PropertyValueSpecification","valueRequired":true,"valueName":"search_term_string"}}],"inLanguage":"pl-PL"},{"@type":"Person","@id":"https:\/\/instytutpolski.pl\/bucuresti\/#\/schema\/person\/a1d5ab39dce466455f60589721519864","name":"nicolaua","image":{"@type":"ImageObject","inLanguage":"pl-PL","@id":"https:\/\/instytutpolski.pl\/bucuresti\/#\/schema\/person\/image\/","url":"https:\/\/secure.gravatar.com\/avatar\/5029b942a8ac0a6a935e5655abff56ef?s=96&d=mm&r=g","contentUrl":"https:\/\/secure.gravatar.com\/avatar\/5029b942a8ac0a6a935e5655abff56ef?s=96&d=mm&r=g","caption":"nicolaua"},"url":"https:\/\/instytutpolski.pl\/bucuresti\/author\/nicolaua\/"}]}},"_links":{"self":[{"href":"https:\/\/instytutpolski.pl\/bucuresti\/wp-json\/wp\/v2\/posts\/8914","targetHints":{"allow":["GET"]}}],"collection":[{"href":"https:\/\/instytutpolski.pl\/bucuresti\/wp-json\/wp\/v2\/posts"}],"about":[{"href":"https:\/\/instytutpolski.pl\/bucuresti\/wp-json\/wp\/v2\/types\/post"}],"author":[{"embeddable":true,"href":"https:\/\/instytutpolski.pl\/bucuresti\/wp-json\/wp\/v2\/users\/43"}],"replies":[{"embeddable":true,"href":"https:\/\/instytutpolski.pl\/bucuresti\/wp-json\/wp\/v2\/comments?post=8914"}],"version-history":[{"count":7,"href":"https:\/\/instytutpolski.pl\/bucuresti\/wp-json\/wp\/v2\/posts\/8914\/revisions"}],"predecessor-version":[{"id":9007,"href":"https:\/\/instytutpolski.pl\/bucuresti\/wp-json\/wp\/v2\/posts\/8914\/revisions\/9007"}],"wp:featuredmedia":[{"embeddable":true,"href":"https:\/\/instytutpolski.pl\/bucuresti\/wp-json\/wp\/v2\/media\/8916"}],"wp:attachment":[{"href":"https:\/\/instytutpolski.pl\/bucuresti\/wp-json\/wp\/v2\/media?parent=8914"}],"wp:term":[{"taxonomy":"category","embeddable":true,"href":"https:\/\/instytutpolski.pl\/bucuresti\/wp-json\/wp\/v2\/categories?post=8914"},{"taxonomy":"post_tag","embeddable":true,"href":"https:\/\/instytutpolski.pl\/bucuresti\/wp-json\/wp\/v2\/tags?post=8914"}],"curies":[{"name":"wp","href":"https:\/\/api.w.org\/{rel}","templated":true}]}}