{"id":9192,"date":"2022-11-16T14:55:15","date_gmt":"2022-11-16T13:55:15","guid":{"rendered":"https:\/\/instytutpolski.pl\/bucuresti\/?p=9192"},"modified":"2022-12-06T11:01:14","modified_gmt":"2022-12-06T10:01:14","slug":"copilaria-lui-chopin-la-tg-mures-si-reghin","status":"publish","type":"post","link":"https:\/\/instytutpolski.pl\/bucuresti\/2022\/11\/16\/copilaria-lui-chopin-la-tg-mures-si-reghin\/","title":{"rendered":"&#8222;Copil\u0103ria lui Chopin&#8221; la T\u00e2rgu Mure\u0219 \u0219i Reghin"},"content":{"rendered":"\n\n\n<p><strong>V\u0103 invit\u0103m la o noi \u00eent\u00e2lniri cu protagoni\u0219tii acestui spectacol:<\/strong><\/p>\n<ul>\n<li><strong>pe 27 noiembrie 2022, la ora 10:00, \u00een sala mic\u0103 a Palatului Culturii din T\u00e2rgu Mure\u0219<\/strong><\/li>\n<li><strong>pe 27 noiembrie 2022, la ora 17.00, la Casa Municipal\u0103 de Cultur\u0103 \u201e<\/strong><strong>Eugen Nicoar\u0103<\/strong><strong>\u201d din Reghin.<\/strong><\/li>\n<li><strong>pe 28 noiembrie 2022, la ora 10:00, \u00een\u00a0sala mic\u0103 a Palatului Culturii din T\u00e2rgu Mure\u0219<\/strong><\/li>\n<\/ul>\n<p><strong>Intrarea este gratuit\u0103. <\/strong><\/p>\n<p style=\"text-align: justify\">Micul\u00a0<strong>Fryderyk Chopin<\/strong>\u00a0(1810-1849), n\u0103scut la \u017belazowa Wola, nu departe de Var\u0219ovia, a crescut \u0219i a\u00a0 fost educat \u00eentr-o familie \u00een care muzica juca un rol foarte important.<\/p>\n<p style=\"text-align: justify\">Deja la un an de c\u00e2nd \u00eencepuse s\u0103 ia lec\u021bii de pian, micul Chopin, \u00een v\u00e2rst\u0103 de doar 7 ani, a compus prima lui mazurc\u0103. Apoi a compus numeroase alte piese remarcabile pentru pian, gra\u021bie c\u0103rora este ast\u0103zi considerat nu numai un str\u0103lucit creator din epoca romantismului, ci \u0219i unul dintre cei mai renumi\u021bi\u00a0 compozitori din istorie. Copil\u0103ria sa a devenit o surs\u0103 de inspira\u021bie pentru grupa de creatori rom\u00e2ni \u00een realizarea pove\u0219tii muzicale despre Chopin pentru copii cu v\u00e2rsta \u00eentre 4 \u0219i 10 ani.<\/p>\n<p style=\"text-align: justify\">\u00cen spectacolul \u201eCopil\u0103ria lui Chopin\u201d, lumea micului Fryderyk ne este adus\u0103 mai aproape de cei doi \u0219oricei \u2013 Sic\u0103 \u0219i Ric\u0103, care \u00eenva\u021b\u0103 s\u0103 danseze pe muzica creat\u0103 de extraordinar de talentatul t\u00e2n\u0103r polonez.\u00a0<\/p>\n<p style=\"text-align: justify\">Spectacolul face parte dintr-un ciclu educativ pentru copii despre marii compozitori ai lumii. \u201eClasic e fantastic. Copil\u0103ria marilor muzicieni\u201d \u00eenseamn\u0103 spectacole de teatru \u015fi muzic\u0103 ce se adreseaz\u0103 copiilor \u00eentre 3\/4 \u015fi 9\/10 ani. Povestea spune c\u0103 doi \u015foricei, pe numele lor Sic\u0103 \u015fi Ric\u0103, au tr\u0103it, \u00een timp, \u00een vioara lui Antonio Vivaldi, \u00een orga lui Johann Sebastian Bach, \u00een biblioteca lui Wolfgang Amadeus Mozart, \u00een clavecinul lui Ludwig van Beethoven, \u00een pianul lui Fryderyk Chopin, \u00een c\u0103m\u0103ru\u0163a lui Richard Wagner, \u00een gr\u0103dina din fa\u0163a casei lui George Enescu\u2026 Ast\u0103zi, b\u0103tr\u00e2nul Sol poveste\u015fte ce lucruriminunate a aflat el de la str\u0103-str\u0103-bunicii lui despre copil\u0103riile acestor mari compozitori, despre bucuriile \u015fi triste\u0163ile lor, despre munca obositoare de zi cu zi \u00een fa\u0163a instrumentului, \u00eencep\u00e2nd chiar de la v\u00e2rste foarte mici, despre c\u0103l\u0103toriile lungi \u015fi obositoare ale celor considera\u0163i copii minune, pe care \u00eentreaga Europ\u0103 dorea s\u0103 \u00eei vad\u0103 \u015fi s\u0103 \u00eei asculte, \u015fi mai ales despre felul \u00een care to\u0163i au \u00eenv\u0103\u0163at s\u0103 scrie muzic\u0103 \u015fi s\u0103 se bucure de ea.<\/p>\n<p>Institutul Polonez este unul dintre partenerii realizatorilor acestui proiect.<\/p>\n","protected":false},"excerpt":{"rendered":"<p>V\u0103 invit\u0103m la o noi \u00eent\u00e2lniri cu protagoni\u0219tii acestui spectacol: pe 27 noiembrie 2022, la ora 10:00, \u00een sala mic\u0103 a Palatului Culturii din T\u00e2rgu Mure\u0219 pe 27 noiembrie 2022, la ora 17.00, la Casa Municipal\u0103 de Cultur\u0103 \u201eEugen Nicoar\u0103\u201d din Reghin. pe 28 noiembrie 2022, la ora 10:00, \u00een\u00a0sala mic\u0103 a Palatului Culturii din [&hellip;]<\/p>\n","protected":false},"author":44,"featured_media":9193,"comment_status":"open","ping_status":"open","sticky":false,"template":"","format":"standard","meta":{"inline_featured_image":false,"_monsterinsights_skip_tracking":false,"_monsterinsights_sitenote_active":false,"_monsterinsights_sitenote_note":"","_monsterinsights_sitenote_category":0,"footnotes":""},"categories":[123,140],"tags":[],"class_list":["post-9192","post","type-post","status-publish","format-standard","has-post-thumbnail","hentry","category-muzica","category-teatru"],"yoast_head":"<!-- This site is optimized with the Yoast SEO plugin v24.6 - https:\/\/yoast.com\/wordpress\/plugins\/seo\/ -->\n<title>&quot;Copil\u0103ria lui Chopin&quot; la T\u00e2rgu Mure\u0219 \u0219i Reghin - Instytut Polski w Bukareszcie<\/title>\n<meta name=\"robots\" content=\"index, follow, max-snippet:-1, max-image-preview:large, max-video-preview:-1\" \/>\n<link rel=\"canonical\" href=\"https:\/\/instytutpolski.pl\/bucuresti\/2022\/11\/16\/copilaria-lui-chopin-la-tg-mures-si-reghin\/\" \/>\n<meta property=\"og:locale\" content=\"pl_PL\" \/>\n<meta property=\"og:type\" content=\"article\" \/>\n<meta property=\"og:title\" content=\"&quot;Copil\u0103ria lui Chopin&quot; la T\u00e2rgu Mure\u0219 \u0219i Reghin - Instytut Polski w Bukareszcie\" \/>\n<meta property=\"og:description\" content=\"V\u0103 invit\u0103m la o noi \u00eent\u00e2lniri cu protagoni\u0219tii acestui spectacol: pe 27 noiembrie 2022, la ora 10:00, \u00een sala mic\u0103 a Palatului Culturii din T\u00e2rgu Mure\u0219 pe 27 noiembrie 2022, la ora 17.00, la Casa Municipal\u0103 de Cultur\u0103 \u201eEugen Nicoar\u0103\u201d din Reghin. pe 28 noiembrie 2022, la ora 10:00, \u00een\u00a0sala mic\u0103 a Palatului Culturii din [&hellip;]\" \/>\n<meta property=\"og:url\" content=\"https:\/\/instytutpolski.pl\/bucuresti\/2022\/11\/16\/copilaria-lui-chopin-la-tg-mures-si-reghin\/\" \/>\n<meta property=\"og:site_name\" content=\"Instytut Polski w Bukareszcie\" \/>\n<meta property=\"article:published_time\" content=\"2022-11-16T13:55:15+00:00\" \/>\n<meta property=\"article:modified_time\" content=\"2022-12-06T10:01:14+00:00\" \/>\n<meta property=\"og:image\" content=\"https:\/\/instytutpolski.pl\/bucuresti\/wp-content\/uploads\/sites\/11\/2022\/11\/chopin-gol.png\" \/>\n\t<meta property=\"og:image:width\" content=\"1920\" \/>\n\t<meta property=\"og:image:height\" content=\"1080\" \/>\n\t<meta property=\"og:image:type\" content=\"image\/png\" \/>\n<meta name=\"author\" content=\"zalaszewskak\" \/>\n<meta name=\"twitter:card\" content=\"summary_large_image\" \/>\n<meta name=\"twitter:label1\" content=\"Napisane przez\" \/>\n\t<meta name=\"twitter:data1\" content=\"zalaszewskak\" \/>\n\t<meta name=\"twitter:label2\" content=\"Szacowany czas czytania\" \/>\n\t<meta name=\"twitter:data2\" content=\"3 minuty\" \/>\n<script type=\"application\/ld+json\" class=\"yoast-schema-graph\">{\"@context\":\"https:\/\/schema.org\",\"@graph\":[{\"@type\":\"event\",\"@id\":\"https:\/\/instytutpolski.pl\/bucuresti\/2022\/11\/16\/copilaria-lui-chopin-la-tg-mures-si-reghin\/\",\"url\":\"https:\/\/instytutpolski.pl\/bucuresti\/2022\/11\/16\/copilaria-lui-chopin-la-tg-mures-si-reghin\/\",\"name\":\"\\\"Copil\u0103ria lui Chopin\\\" la T\u00e2rgu Mure\u0219 \u0219i Reghin\",\"isPartOf\":{\"@id\":\"https:\/\/instytutpolski.pl\/bucuresti\/#website\"},\"primaryImageOfPage\":{\"@id\":\"https:\/\/instytutpolski.pl\/bucuresti\/2022\/11\/16\/copilaria-lui-chopin-la-tg-mures-si-reghin\/#primaryimage\"},\"image\":[\"https:\/\/instytutpolski.pl\/bucuresti\/wp-content\/uploads\/sites\/11\/2022\/11\/chopin-gol.png\",\"https:\/\/instytutpolski.pl\/bucuresti\/wp-content\/uploads\/sites\/11\/2022\/11\/chopin-gol-300x169.png\",\"https:\/\/instytutpolski.pl\/bucuresti\/wp-content\/uploads\/sites\/11\/2022\/11\/chopin-gol-1024x576.png\",\"https:\/\/instytutpolski.pl\/bucuresti\/wp-content\/uploads\/sites\/11\/2022\/11\/chopin-gol.png\"],\"thumbnailUrl\":\"https:\/\/instytutpolski.pl\/bucuresti\/wp-content\/uploads\/sites\/11\/2022\/11\/chopin-gol.png\",\"datePublished\":\"2022-11-16T13:55:15+02:00\",\"dateModified\":\"2022-12-06T10:01:14+02:00\",\"author\":{\"@id\":\"https:\/\/instytutpolski.pl\/bucuresti\/#\/schema\/person\/cbf38f4ffa10f919673d0e5f3ee6677d\"},\"breadcrumb\":{\"@id\":\"https:\/\/instytutpolski.pl\/bucuresti\/2022\/11\/16\/copilaria-lui-chopin-la-tg-mures-si-reghin\/#breadcrumb\"},\"inLanguage\":\"pl-PL\",\"potentialAction\":[{\"@type\":\"ReadAction\",\"target\":[\"https:\/\/instytutpolski.pl\/bucuresti\/2022\/11\/16\/copilaria-lui-chopin-la-tg-mures-si-reghin\/\"]}],\"@context\":\"https:\/\/schema.org\",\"startDate\":\"2022-11-27T10:00:00+02:00\",\"endDate\":\"2022-11-28T12:00:00+02:00\",\"eventStatus\":\"EventScheduled\",\"eventAttendanceMode\":\"OfflineEventAttendanceMode\",\"location\":{\"@type\":\"place\",\"name\":\"\",\"address\":\"\",\"geo\":{\"@type\":\"GeoCoordinates\",\"latitude\":\"\",\"longitude\":\"\"}},\"description\":\"V\u0103 invit\u0103m la o noi \u00eent\u00e2lniri cu protagoni\u0219tii acestui spectacol:\\npe 27 noiembrie 2022, la ora 10:00, \u00een sala mic\u0103 a Palatului Culturii din T\u00e2rgu Mure\u0219\\npe 27 noiembrie 2022, la ora 17.00, la Casa Municipal\u0103 de Cultur\u0103 \u201eEugen Nicoar\u0103\u201d din Reghin.\\npe 28 noiembrie 2022, la ora 10:00, \u00een\u00a0sala mic\u0103 a Palatului Culturii din T\u00e2rgu Mure\u0219\\nIntrarea este gratuit\u0103. \\nMicul\u00a0Fryderyk Chopin\u00a0(1810-1849), n\u0103scut la \u017belazowa Wola, nu departe de Var\u0219ovia, a crescut \u0219i a\u00a0 fost educat \u00eentr-o familie \u00een care muzica juca un rol foarte important.\\nDeja la un an de c\u00e2nd \u00eencepuse s\u0103 ia lec\u021bii de pian, micul Chopin, \u00een v\u00e2rst\u0103 de doar 7 ani, a compus prima lui mazurc\u0103. Apoi a compus numeroase alte piese remarcabile pentru pian, gra\u021bie c\u0103rora este ast\u0103zi considerat nu numai un str\u0103lucit creator din epoca romantismului, ci \u0219i unul dintre cei mai renumi\u021bi\u00a0 compozitori din istorie. Copil\u0103ria sa a devenit o surs\u0103 de inspira\u021bie pentru grupa de creatori rom\u00e2ni \u00een realizarea pove\u0219tii muzicale despre Chopin pentru copii cu v\u00e2rsta \u00eentre 4 \u0219i 10 ani.\\n\u00cen spectacolul \u201eCopil\u0103ria lui Chopin\u201d, lumea micului Fryderyk ne este adus\u0103 mai aproape de cei doi \u0219oricei \u2013 Sic\u0103 \u0219i Ric\u0103, care \u00eenva\u021b\u0103 s\u0103 danseze pe muzica creat\u0103 de extraordinar de talentatul t\u00e2n\u0103r polonez.\u00a0\\nSpectacolul face parte dintr-un ciclu educativ pentru copii despre marii compozitori ai lumii. \u201eClasic e fantastic. Copil\u0103ria marilor muzicieni\u201d \u00eenseamn\u0103 spectacole de teatru \u015fi muzic\u0103 ce se adreseaz\u0103 copiilor \u00eentre 3\/4 \u015fi 9\/10 ani. Povestea spune c\u0103 doi \u015foricei, pe numele lor Sic\u0103 \u015fi Ric\u0103, au tr\u0103it, \u00een timp, \u00een vioara lui Antonio Vivaldi, \u00een orga lui Johann Sebastian Bach, \u00een biblioteca lui Wolfgang Amadeus Mozart, \u00een clavecinul lui Ludwig van Beethoven, \u00een pianul lui Fryderyk Chopin, \u00een c\u0103m\u0103ru\u0163a lui Richard Wagner, \u00een gr\u0103dina din fa\u0163a casei lui George Enescu\u2026 Ast\u0103zi, b\u0103tr\u00e2nul Sol poveste\u015fte ce lucruriminunate a aflat el de la str\u0103-str\u0103-bunicii lui despre copil\u0103riile acestor mari compozitori, despre bucuriile \u015fi triste\u0163ile lor, despre munca obositoare de zi cu zi \u00een fa\u0163a instrumentului, \u00eencep\u00e2nd chiar de la v\u00e2rste foarte mici, despre c\u0103l\u0103toriile lungi \u015fi obositoare ale celor considera\u0163i copii minune, pe care \u00eentreaga Europ\u0103 dorea s\u0103 \u00eei vad\u0103 \u015fi s\u0103 \u00eei asculte, \u015fi mai ales despre felul \u00een care to\u0163i au \u00eenv\u0103\u0163at s\u0103 scrie muzic\u0103 \u015fi s\u0103 se bucure de ea.\\nInstitutul Polonez este unul dintre partenerii realizatorilor acestui proiect.\"},{\"@type\":\"ImageObject\",\"inLanguage\":\"pl-PL\",\"@id\":\"https:\/\/instytutpolski.pl\/bucuresti\/2022\/11\/16\/copilaria-lui-chopin-la-tg-mures-si-reghin\/#primaryimage\",\"url\":\"https:\/\/instytutpolski.pl\/bucuresti\/wp-content\/uploads\/sites\/11\/2022\/11\/chopin-gol.png\",\"contentUrl\":\"https:\/\/instytutpolski.pl\/bucuresti\/wp-content\/uploads\/sites\/11\/2022\/11\/chopin-gol.png\",\"width\":1920,\"height\":1080},{\"@type\":\"BreadcrumbList\",\"@id\":\"https:\/\/instytutpolski.pl\/bucuresti\/2022\/11\/16\/copilaria-lui-chopin-la-tg-mures-si-reghin\/#breadcrumb\",\"itemListElement\":[{\"@type\":\"ListItem\",\"position\":1,\"name\":\"Home\",\"item\":\"https:\/\/instytutpolski.pl\/bucuresti\/\"},{\"@type\":\"ListItem\",\"position\":2,\"name\":\"&#8222;Copil\u0103ria lui Chopin&#8221; la T\u00e2rgu Mure\u0219 \u0219i Reghin\"}]},{\"@type\":\"WebSite\",\"@id\":\"https:\/\/instytutpolski.pl\/bucuresti\/#website\",\"url\":\"https:\/\/instytutpolski.pl\/bucuresti\/\",\"name\":\"Instytut Polski w Bukareszcie\",\"description\":\"Instytuty Polskie\",\"potentialAction\":[{\"@type\":\"SearchAction\",\"target\":{\"@type\":\"EntryPoint\",\"urlTemplate\":\"https:\/\/instytutpolski.pl\/bucuresti\/?s={search_term_string}\"},\"query-input\":{\"@type\":\"PropertyValueSpecification\",\"valueRequired\":true,\"valueName\":\"search_term_string\"}}],\"inLanguage\":\"pl-PL\"},{\"@type\":\"Person\",\"@id\":\"https:\/\/instytutpolski.pl\/bucuresti\/#\/schema\/person\/cbf38f4ffa10f919673d0e5f3ee6677d\",\"name\":\"zalaszewskak\",\"image\":{\"@type\":\"ImageObject\",\"inLanguage\":\"pl-PL\",\"@id\":\"https:\/\/instytutpolski.pl\/bucuresti\/#\/schema\/person\/image\/\",\"url\":\"https:\/\/secure.gravatar.com\/avatar\/c2e847fb86e9b9e6a80aa771ff34772f?s=96&d=mm&r=g\",\"contentUrl\":\"https:\/\/secure.gravatar.com\/avatar\/c2e847fb86e9b9e6a80aa771ff34772f?s=96&d=mm&r=g\",\"caption\":\"zalaszewskak\"},\"url\":\"https:\/\/instytutpolski.pl\/bucuresti\/author\/zalaszewskak\/\"}]}<\/script>\n<!-- \/ Yoast SEO plugin. -->","yoast_head_json":{"title":"\"Copil\u0103ria lui Chopin\" la T\u00e2rgu Mure\u0219 \u0219i Reghin - Instytut Polski w Bukareszcie","robots":{"index":"index","follow":"follow","max-snippet":"max-snippet:-1","max-image-preview":"max-image-preview:large","max-video-preview":"max-video-preview:-1"},"canonical":"https:\/\/instytutpolski.pl\/bucuresti\/2022\/11\/16\/copilaria-lui-chopin-la-tg-mures-si-reghin\/","og_locale":"pl_PL","og_type":"article","og_title":"\"Copil\u0103ria lui Chopin\" la T\u00e2rgu Mure\u0219 \u0219i Reghin - Instytut Polski w Bukareszcie","og_description":"V\u0103 invit\u0103m la o noi \u00eent\u00e2lniri cu protagoni\u0219tii acestui spectacol: pe 27 noiembrie 2022, la ora 10:00, \u00een sala mic\u0103 a Palatului Culturii din T\u00e2rgu Mure\u0219 pe 27 noiembrie 2022, la ora 17.00, la Casa Municipal\u0103 de Cultur\u0103 \u201eEugen Nicoar\u0103\u201d din Reghin. pe 28 noiembrie 2022, la ora 10:00, \u00een\u00a0sala mic\u0103 a Palatului Culturii din [&hellip;]","og_url":"https:\/\/instytutpolski.pl\/bucuresti\/2022\/11\/16\/copilaria-lui-chopin-la-tg-mures-si-reghin\/","og_site_name":"Instytut Polski w Bukareszcie","article_published_time":"2022-11-16T13:55:15+00:00","article_modified_time":"2022-12-06T10:01:14+00:00","og_image":[{"width":1920,"height":1080,"url":"https:\/\/instytutpolski.pl\/bucuresti\/wp-content\/uploads\/sites\/11\/2022\/11\/chopin-gol.png","type":"image\/png"}],"author":"zalaszewskak","twitter_card":"summary_large_image","twitter_misc":{"Napisane przez":"zalaszewskak","Szacowany czas czytania":"3 minuty"},"schema":{"@context":"https:\/\/schema.org","@graph":[{"@type":"event","@id":"https:\/\/instytutpolski.pl\/bucuresti\/2022\/11\/16\/copilaria-lui-chopin-la-tg-mures-si-reghin\/","url":"https:\/\/instytutpolski.pl\/bucuresti\/2022\/11\/16\/copilaria-lui-chopin-la-tg-mures-si-reghin\/","name":"\"Copil\u0103ria lui Chopin\" la T\u00e2rgu Mure\u0219 \u0219i Reghin","isPartOf":{"@id":"https:\/\/instytutpolski.pl\/bucuresti\/#website"},"primaryImageOfPage":{"@id":"https:\/\/instytutpolski.pl\/bucuresti\/2022\/11\/16\/copilaria-lui-chopin-la-tg-mures-si-reghin\/#primaryimage"},"image":["https:\/\/instytutpolski.pl\/bucuresti\/wp-content\/uploads\/sites\/11\/2022\/11\/chopin-gol.png","https:\/\/instytutpolski.pl\/bucuresti\/wp-content\/uploads\/sites\/11\/2022\/11\/chopin-gol-300x169.png","https:\/\/instytutpolski.pl\/bucuresti\/wp-content\/uploads\/sites\/11\/2022\/11\/chopin-gol-1024x576.png","https:\/\/instytutpolski.pl\/bucuresti\/wp-content\/uploads\/sites\/11\/2022\/11\/chopin-gol.png"],"thumbnailUrl":"https:\/\/instytutpolski.pl\/bucuresti\/wp-content\/uploads\/sites\/11\/2022\/11\/chopin-gol.png","datePublished":"2022-11-16T13:55:15+02:00","dateModified":"2022-12-06T10:01:14+02:00","author":{"@id":"https:\/\/instytutpolski.pl\/bucuresti\/#\/schema\/person\/cbf38f4ffa10f919673d0e5f3ee6677d"},"breadcrumb":{"@id":"https:\/\/instytutpolski.pl\/bucuresti\/2022\/11\/16\/copilaria-lui-chopin-la-tg-mures-si-reghin\/#breadcrumb"},"inLanguage":"pl-PL","potentialAction":[{"@type":"ReadAction","target":["https:\/\/instytutpolski.pl\/bucuresti\/2022\/11\/16\/copilaria-lui-chopin-la-tg-mures-si-reghin\/"]}],"@context":"https:\/\/schema.org","startDate":"2022-11-27T10:00:00+02:00","endDate":"2022-11-28T12:00:00+02:00","eventStatus":"EventScheduled","eventAttendanceMode":"OfflineEventAttendanceMode","location":{"@type":"place","name":"","address":"","geo":{"@type":"GeoCoordinates","latitude":"","longitude":""}},"description":"V\u0103 invit\u0103m la o noi \u00eent\u00e2lniri cu protagoni\u0219tii acestui spectacol:\npe 27 noiembrie 2022, la ora 10:00, \u00een sala mic\u0103 a Palatului Culturii din T\u00e2rgu Mure\u0219\npe 27 noiembrie 2022, la ora 17.00, la Casa Municipal\u0103 de Cultur\u0103 \u201eEugen Nicoar\u0103\u201d din Reghin.\npe 28 noiembrie 2022, la ora 10:00, \u00een\u00a0sala mic\u0103 a Palatului Culturii din T\u00e2rgu Mure\u0219\nIntrarea este gratuit\u0103. \nMicul\u00a0Fryderyk Chopin\u00a0(1810-1849), n\u0103scut la \u017belazowa Wola, nu departe de Var\u0219ovia, a crescut \u0219i a\u00a0 fost educat \u00eentr-o familie \u00een care muzica juca un rol foarte important.\nDeja la un an de c\u00e2nd \u00eencepuse s\u0103 ia lec\u021bii de pian, micul Chopin, \u00een v\u00e2rst\u0103 de doar 7 ani, a compus prima lui mazurc\u0103. Apoi a compus numeroase alte piese remarcabile pentru pian, gra\u021bie c\u0103rora este ast\u0103zi considerat nu numai un str\u0103lucit creator din epoca romantismului, ci \u0219i unul dintre cei mai renumi\u021bi\u00a0 compozitori din istorie. Copil\u0103ria sa a devenit o surs\u0103 de inspira\u021bie pentru grupa de creatori rom\u00e2ni \u00een realizarea pove\u0219tii muzicale despre Chopin pentru copii cu v\u00e2rsta \u00eentre 4 \u0219i 10 ani.\n\u00cen spectacolul \u201eCopil\u0103ria lui Chopin\u201d, lumea micului Fryderyk ne este adus\u0103 mai aproape de cei doi \u0219oricei \u2013 Sic\u0103 \u0219i Ric\u0103, care \u00eenva\u021b\u0103 s\u0103 danseze pe muzica creat\u0103 de extraordinar de talentatul t\u00e2n\u0103r polonez.\u00a0\nSpectacolul face parte dintr-un ciclu educativ pentru copii despre marii compozitori ai lumii. \u201eClasic e fantastic. Copil\u0103ria marilor muzicieni\u201d \u00eenseamn\u0103 spectacole de teatru \u015fi muzic\u0103 ce se adreseaz\u0103 copiilor \u00eentre 3\/4 \u015fi 9\/10 ani. Povestea spune c\u0103 doi \u015foricei, pe numele lor Sic\u0103 \u015fi Ric\u0103, au tr\u0103it, \u00een timp, \u00een vioara lui Antonio Vivaldi, \u00een orga lui Johann Sebastian Bach, \u00een biblioteca lui Wolfgang Amadeus Mozart, \u00een clavecinul lui Ludwig van Beethoven, \u00een pianul lui Fryderyk Chopin, \u00een c\u0103m\u0103ru\u0163a lui Richard Wagner, \u00een gr\u0103dina din fa\u0163a casei lui George Enescu\u2026 Ast\u0103zi, b\u0103tr\u00e2nul Sol poveste\u015fte ce lucruriminunate a aflat el de la str\u0103-str\u0103-bunicii lui despre copil\u0103riile acestor mari compozitori, despre bucuriile \u015fi triste\u0163ile lor, despre munca obositoare de zi cu zi \u00een fa\u0163a instrumentului, \u00eencep\u00e2nd chiar de la v\u00e2rste foarte mici, despre c\u0103l\u0103toriile lungi \u015fi obositoare ale celor considera\u0163i copii minune, pe care \u00eentreaga Europ\u0103 dorea s\u0103 \u00eei vad\u0103 \u015fi s\u0103 \u00eei asculte, \u015fi mai ales despre felul \u00een care to\u0163i au \u00eenv\u0103\u0163at s\u0103 scrie muzic\u0103 \u015fi s\u0103 se bucure de ea.\nInstitutul Polonez este unul dintre partenerii realizatorilor acestui proiect."},{"@type":"ImageObject","inLanguage":"pl-PL","@id":"https:\/\/instytutpolski.pl\/bucuresti\/2022\/11\/16\/copilaria-lui-chopin-la-tg-mures-si-reghin\/#primaryimage","url":"https:\/\/instytutpolski.pl\/bucuresti\/wp-content\/uploads\/sites\/11\/2022\/11\/chopin-gol.png","contentUrl":"https:\/\/instytutpolski.pl\/bucuresti\/wp-content\/uploads\/sites\/11\/2022\/11\/chopin-gol.png","width":1920,"height":1080},{"@type":"BreadcrumbList","@id":"https:\/\/instytutpolski.pl\/bucuresti\/2022\/11\/16\/copilaria-lui-chopin-la-tg-mures-si-reghin\/#breadcrumb","itemListElement":[{"@type":"ListItem","position":1,"name":"Home","item":"https:\/\/instytutpolski.pl\/bucuresti\/"},{"@type":"ListItem","position":2,"name":"&#8222;Copil\u0103ria lui Chopin&#8221; la T\u00e2rgu Mure\u0219 \u0219i Reghin"}]},{"@type":"WebSite","@id":"https:\/\/instytutpolski.pl\/bucuresti\/#website","url":"https:\/\/instytutpolski.pl\/bucuresti\/","name":"Instytut Polski w Bukareszcie","description":"Instytuty Polskie","potentialAction":[{"@type":"SearchAction","target":{"@type":"EntryPoint","urlTemplate":"https:\/\/instytutpolski.pl\/bucuresti\/?s={search_term_string}"},"query-input":{"@type":"PropertyValueSpecification","valueRequired":true,"valueName":"search_term_string"}}],"inLanguage":"pl-PL"},{"@type":"Person","@id":"https:\/\/instytutpolski.pl\/bucuresti\/#\/schema\/person\/cbf38f4ffa10f919673d0e5f3ee6677d","name":"zalaszewskak","image":{"@type":"ImageObject","inLanguage":"pl-PL","@id":"https:\/\/instytutpolski.pl\/bucuresti\/#\/schema\/person\/image\/","url":"https:\/\/secure.gravatar.com\/avatar\/c2e847fb86e9b9e6a80aa771ff34772f?s=96&d=mm&r=g","contentUrl":"https:\/\/secure.gravatar.com\/avatar\/c2e847fb86e9b9e6a80aa771ff34772f?s=96&d=mm&r=g","caption":"zalaszewskak"},"url":"https:\/\/instytutpolski.pl\/bucuresti\/author\/zalaszewskak\/"}]}},"_links":{"self":[{"href":"https:\/\/instytutpolski.pl\/bucuresti\/wp-json\/wp\/v2\/posts\/9192","targetHints":{"allow":["GET"]}}],"collection":[{"href":"https:\/\/instytutpolski.pl\/bucuresti\/wp-json\/wp\/v2\/posts"}],"about":[{"href":"https:\/\/instytutpolski.pl\/bucuresti\/wp-json\/wp\/v2\/types\/post"}],"author":[{"embeddable":true,"href":"https:\/\/instytutpolski.pl\/bucuresti\/wp-json\/wp\/v2\/users\/44"}],"replies":[{"embeddable":true,"href":"https:\/\/instytutpolski.pl\/bucuresti\/wp-json\/wp\/v2\/comments?post=9192"}],"version-history":[{"count":11,"href":"https:\/\/instytutpolski.pl\/bucuresti\/wp-json\/wp\/v2\/posts\/9192\/revisions"}],"predecessor-version":[{"id":9319,"href":"https:\/\/instytutpolski.pl\/bucuresti\/wp-json\/wp\/v2\/posts\/9192\/revisions\/9319"}],"wp:featuredmedia":[{"embeddable":true,"href":"https:\/\/instytutpolski.pl\/bucuresti\/wp-json\/wp\/v2\/media\/9193"}],"wp:attachment":[{"href":"https:\/\/instytutpolski.pl\/bucuresti\/wp-json\/wp\/v2\/media?parent=9192"}],"wp:term":[{"taxonomy":"category","embeddable":true,"href":"https:\/\/instytutpolski.pl\/bucuresti\/wp-json\/wp\/v2\/categories?post=9192"},{"taxonomy":"post_tag","embeddable":true,"href":"https:\/\/instytutpolski.pl\/bucuresti\/wp-json\/wp\/v2\/tags?post=9192"}],"curies":[{"name":"wp","href":"https:\/\/api.w.org\/{rel}","templated":true}]}}