{"id":9550,"date":"2023-01-26T14:14:54","date_gmt":"2023-01-26T13:14:54","guid":{"rendered":"https:\/\/instytutpolski.pl\/bucuresti\/?p=9550"},"modified":"2023-03-14T08:33:54","modified_gmt":"2023-03-14T07:33:54","slug":"polski-film-nominowany-do-nagrod-oscara-i-cezara","status":"publish","type":"post","link":"https:\/\/instytutpolski.pl\/bucuresti\/pl\/2023\/01\/26\/polski-film-nominowany-do-nagrod-oscara-i-cezara\/","title":{"rendered":"Polski film nominowany do Oscara"},"content":{"rendered":"\n<p>Mistrz kinematografii, re\u017cyser Jerzy Skolimowski, \u015bledzi w filmie losy os\u0142a, jego spotkania z lepszymi lub gorszymi lud\u017ami, nawi\u0105zuj\u0105c tym samym do \u015bwiata, w kt\u00f3rym \u017cyjemy, do przywar, nami\u0119tno\u015bci i problem\u00f3w naszego spo\u0142ecze\u0144stwa.<\/p>\n<p>Historia os\u0142a Io to wsp\u00f3\u0142czesna interpretacja filmu Roberta Bressona z 1966 roku, pt. \u201eNa los szcz\u0119\u015bcia, Baltazarze!\u201d.<\/p>\n<p>***<\/p>\n<p>6 marca otrzyma\u0142 6 \u201eOr\u0142\u00f3w\u201d &#8211; nagr\u00f3d przyznawanych przez Polsk\u0105 Akademi\u0119 Filmow\u0105. \u201eIo\u201d otrzyma\u0142 statuetki w kategoriach: Najlepszy Film, Najlepsza Re\u017cyseria, Najlepszy Scenariusz, Najlepsze zdj\u0119cie, Najlepsza muzyka i Najlepszy monta\u017c.<\/p>\n<p>https:\/\/www.youtube.com\/watch?v=ztY2HE6ZNNo<\/p>\n","protected":false},"excerpt":{"rendered":"<p>Mistrz kinematografii, re\u017cyser Jerzy Skolimowski, \u015bledzi w filmie losy os\u0142a, jego spotkania z lepszymi lub gorszymi lud\u017ami, nawi\u0105zuj\u0105c tym samym do \u015bwiata, w kt\u00f3rym \u017cyjemy, do przywar, nami\u0119tno\u015bci i problem\u00f3w naszego spo\u0142ecze\u0144stwa. Historia os\u0142a Io to wsp\u00f3\u0142czesna interpretacja filmu Roberta Bressona z 1966 roku, pt. \u201eNa los szcz\u0119\u015bcia, Baltazarze!\u201d. *** 6 marca otrzyma\u0142 6 \u201eOr\u0142\u00f3w\u201d [&hellip;]<\/p>\n","protected":false},"author":41,"featured_media":9537,"comment_status":"open","ping_status":"open","sticky":false,"template":"","format":"standard","meta":{"inline_featured_image":false,"_monsterinsights_skip_tracking":false,"_monsterinsights_sitenote_active":false,"_monsterinsights_sitenote_note":"","_monsterinsights_sitenote_category":0,"footnotes":""},"categories":[120],"tags":[],"class_list":["post-9550","post","type-post","status-publish","format-standard","has-post-thumbnail","hentry","category-aktualnosc"],"yoast_head":"<!-- This site is optimized with the Yoast SEO plugin v24.6 - https:\/\/yoast.com\/wordpress\/plugins\/seo\/ -->\n<title>Polski film nominowany do Oscara - Instytut Polski w Bukareszcie<\/title>\n<meta name=\"robots\" content=\"index, follow, max-snippet:-1, max-image-preview:large, max-video-preview:-1\" \/>\n<link rel=\"canonical\" href=\"https:\/\/instytutpolski.pl\/bucuresti\/pl\/2023\/01\/26\/polski-film-nominowany-do-nagrod-oscara-i-cezara\/\" \/>\n<meta property=\"og:locale\" content=\"pl_PL\" \/>\n<meta property=\"og:type\" content=\"article\" \/>\n<meta property=\"og:title\" content=\"Polski film nominowany do Oscara - Instytut Polski w Bukareszcie\" \/>\n<meta property=\"og:description\" content=\"Mistrz kinematografii, re\u017cyser Jerzy Skolimowski, \u015bledzi w filmie losy os\u0142a, jego spotkania z lepszymi lub gorszymi lud\u017ami, nawi\u0105zuj\u0105c tym samym do \u015bwiata, w kt\u00f3rym \u017cyjemy, do przywar, nami\u0119tno\u015bci i problem\u00f3w naszego spo\u0142ecze\u0144stwa. Historia os\u0142a Io to wsp\u00f3\u0142czesna interpretacja filmu Roberta Bressona z 1966 roku, pt. \u201eNa los szcz\u0119\u015bcia, Baltazarze!\u201d. *** 6 marca otrzyma\u0142 6 \u201eOr\u0142\u00f3w\u201d [&hellip;]\" \/>\n<meta property=\"og:url\" content=\"https:\/\/instytutpolski.pl\/bucuresti\/pl\/2023\/01\/26\/polski-film-nominowany-do-nagrod-oscara-i-cezara\/\" \/>\n<meta property=\"og:site_name\" content=\"Instytut Polski w Bukareszcie\" \/>\n<meta property=\"article:published_time\" content=\"2023-01-26T13:14:54+00:00\" \/>\n<meta property=\"article:modified_time\" content=\"2023-03-14T07:33:54+00:00\" \/>\n<meta property=\"og:image\" content=\"https:\/\/instytutpolski.pl\/bucuresti\/wp-content\/uploads\/sites\/11\/2023\/01\/uid_0aecf6792b79261ea853728c6018316a1674575603630_width_960_play_0_pos_0_gs_0_height_540-1.jpg\" \/>\n\t<meta property=\"og:image:width\" content=\"960\" \/>\n\t<meta property=\"og:image:height\" content=\"540\" \/>\n\t<meta property=\"og:image:type\" content=\"image\/jpeg\" \/>\n<meta name=\"author\" content=\"mirelal\" \/>\n<meta name=\"twitter:card\" content=\"summary_large_image\" \/>\n<meta name=\"twitter:label1\" content=\"Napisane przez\" \/>\n\t<meta name=\"twitter:data1\" content=\"mirelal\" \/>\n\t<meta name=\"twitter:label2\" content=\"Szacowany czas czytania\" \/>\n\t<meta name=\"twitter:data2\" content=\"1 minuta\" \/>\n<script type=\"application\/ld+json\" class=\"yoast-schema-graph\">{\"@context\":\"https:\/\/schema.org\",\"@graph\":[{\"@type\":\"event\",\"@id\":\"https:\/\/instytutpolski.pl\/bucuresti\/pl\/2023\/01\/26\/polski-film-nominowany-do-nagrod-oscara-i-cezara\/\",\"url\":\"https:\/\/instytutpolski.pl\/bucuresti\/pl\/2023\/01\/26\/polski-film-nominowany-do-nagrod-oscara-i-cezara\/\",\"name\":\"Polski film nominowany do Oscara\",\"isPartOf\":{\"@id\":\"https:\/\/instytutpolski.pl\/bucuresti\/#website\"},\"primaryImageOfPage\":{\"@id\":\"https:\/\/instytutpolski.pl\/bucuresti\/pl\/2023\/01\/26\/polski-film-nominowany-do-nagrod-oscara-i-cezara\/#primaryimage\"},\"image\":[\"https:\/\/instytutpolski.pl\/bucuresti\/wp-content\/uploads\/sites\/11\/2023\/01\/uid_0aecf6792b79261ea853728c6018316a1674575603630_width_960_play_0_pos_0_gs_0_height_540-1.jpg\",\"https:\/\/instytutpolski.pl\/bucuresti\/wp-content\/uploads\/sites\/11\/2023\/01\/uid_0aecf6792b79261ea853728c6018316a1674575603630_width_960_play_0_pos_0_gs_0_height_540-1-300x169.jpg\",\"https:\/\/instytutpolski.pl\/bucuresti\/wp-content\/uploads\/sites\/11\/2023\/01\/uid_0aecf6792b79261ea853728c6018316a1674575603630_width_960_play_0_pos_0_gs_0_height_540-1.jpg\",\"https:\/\/instytutpolski.pl\/bucuresti\/wp-content\/uploads\/sites\/11\/2023\/01\/uid_0aecf6792b79261ea853728c6018316a1674575603630_width_960_play_0_pos_0_gs_0_height_540-1.jpg\"],\"thumbnailUrl\":\"https:\/\/instytutpolski.pl\/bucuresti\/wp-content\/uploads\/sites\/11\/2023\/01\/uid_0aecf6792b79261ea853728c6018316a1674575603630_width_960_play_0_pos_0_gs_0_height_540-1.jpg\",\"datePublished\":\"2023-01-26T13:14:54+02:00\",\"dateModified\":\"2023-03-14T07:33:54+02:00\",\"author\":{\"@id\":\"https:\/\/instytutpolski.pl\/bucuresti\/#\/schema\/person\/36eba23bd65c4ed8774deeb285a19272\"},\"breadcrumb\":{\"@id\":\"https:\/\/instytutpolski.pl\/bucuresti\/pl\/2023\/01\/26\/polski-film-nominowany-do-nagrod-oscara-i-cezara\/#breadcrumb\"},\"inLanguage\":\"pl-PL\",\"potentialAction\":[{\"@type\":\"ReadAction\",\"target\":[\"https:\/\/instytutpolski.pl\/bucuresti\/pl\/2023\/01\/26\/polski-film-nominowany-do-nagrod-oscara-i-cezara\/\"]}],\"@context\":\"https:\/\/schema.org\",\"startDate\":\"2023-01-26\",\"endDate\":\"2023-01-26\",\"eventStatus\":\"EventScheduled\",\"eventAttendanceMode\":\"OfflineEventAttendanceMode\",\"location\":{\"@type\":\"place\",\"name\":\"\",\"address\":\"\",\"geo\":{\"@type\":\"GeoCoordinates\",\"latitude\":\"\",\"longitude\":\"\"}},\"description\":\"Mistrz kinematografii, re\u017cyser Jerzy Skolimowski, \u015bledzi w filmie losy os\u0142a, jego spotkania z lepszymi lub gorszymi lud\u017ami, nawi\u0105zuj\u0105c tym samym do \u015bwiata, w kt\u00f3rym \u017cyjemy, do przywar, nami\u0119tno\u015bci i problem\u00f3w naszego spo\u0142ecze\u0144stwa.\\nHistoria os\u0142a Io to wsp\u00f3\u0142czesna interpretacja filmu Roberta Bressona z 1966 roku, pt. \u201eNa los szcz\u0119\u015bcia, Baltazarze!\u201d.\\n***\\n6 marca otrzyma\u0142 6 \u201eOr\u0142\u00f3w\u201d - nagr\u00f3d przyznawanych przez Polsk\u0105 Akademi\u0119 Filmow\u0105. \u201eIo\u201d otrzyma\u0142 statuetki w kategoriach: Najlepszy Film, Najlepsza Re\u017cyseria, Najlepszy Scenariusz, Najlepsze zdj\u0119cie, Najlepsza muzyka i Najlepszy monta\u017c.\\nhttps:\/\/www.youtube.com\/watch?v=ztY2HE6ZNNo\"},{\"@type\":\"ImageObject\",\"inLanguage\":\"pl-PL\",\"@id\":\"https:\/\/instytutpolski.pl\/bucuresti\/pl\/2023\/01\/26\/polski-film-nominowany-do-nagrod-oscara-i-cezara\/#primaryimage\",\"url\":\"https:\/\/instytutpolski.pl\/bucuresti\/wp-content\/uploads\/sites\/11\/2023\/01\/uid_0aecf6792b79261ea853728c6018316a1674575603630_width_960_play_0_pos_0_gs_0_height_540-1.jpg\",\"contentUrl\":\"https:\/\/instytutpolski.pl\/bucuresti\/wp-content\/uploads\/sites\/11\/2023\/01\/uid_0aecf6792b79261ea853728c6018316a1674575603630_width_960_play_0_pos_0_gs_0_height_540-1.jpg\",\"width\":960,\"height\":540},{\"@type\":\"BreadcrumbList\",\"@id\":\"https:\/\/instytutpolski.pl\/bucuresti\/pl\/2023\/01\/26\/polski-film-nominowany-do-nagrod-oscara-i-cezara\/#breadcrumb\",\"itemListElement\":[{\"@type\":\"ListItem\",\"position\":1,\"name\":\"Home\",\"item\":\"https:\/\/instytutpolski.pl\/bucuresti\/\"},{\"@type\":\"ListItem\",\"position\":2,\"name\":\"Polski film nominowany do Oscara\"}]},{\"@type\":\"WebSite\",\"@id\":\"https:\/\/instytutpolski.pl\/bucuresti\/#website\",\"url\":\"https:\/\/instytutpolski.pl\/bucuresti\/\",\"name\":\"Instytut Polski w Bukareszcie\",\"description\":\"Instytuty Polskie\",\"potentialAction\":[{\"@type\":\"SearchAction\",\"target\":{\"@type\":\"EntryPoint\",\"urlTemplate\":\"https:\/\/instytutpolski.pl\/bucuresti\/?s={search_term_string}\"},\"query-input\":{\"@type\":\"PropertyValueSpecification\",\"valueRequired\":true,\"valueName\":\"search_term_string\"}}],\"inLanguage\":\"pl-PL\"},{\"@type\":\"Person\",\"@id\":\"https:\/\/instytutpolski.pl\/bucuresti\/#\/schema\/person\/36eba23bd65c4ed8774deeb285a19272\",\"name\":\"mirelal\",\"image\":{\"@type\":\"ImageObject\",\"inLanguage\":\"pl-PL\",\"@id\":\"https:\/\/instytutpolski.pl\/bucuresti\/#\/schema\/person\/image\/\",\"url\":\"https:\/\/secure.gravatar.com\/avatar\/5838c7614d071fe473f8aeb2de72beb4?s=96&d=mm&r=g\",\"contentUrl\":\"https:\/\/secure.gravatar.com\/avatar\/5838c7614d071fe473f8aeb2de72beb4?s=96&d=mm&r=g\",\"caption\":\"mirelal\"},\"url\":\"https:\/\/instytutpolski.pl\/bucuresti\/author\/mirelal\/\"}]}<\/script>\n<!-- \/ Yoast SEO plugin. -->","yoast_head_json":{"title":"Polski film nominowany do Oscara - Instytut Polski w Bukareszcie","robots":{"index":"index","follow":"follow","max-snippet":"max-snippet:-1","max-image-preview":"max-image-preview:large","max-video-preview":"max-video-preview:-1"},"canonical":"https:\/\/instytutpolski.pl\/bucuresti\/pl\/2023\/01\/26\/polski-film-nominowany-do-nagrod-oscara-i-cezara\/","og_locale":"pl_PL","og_type":"article","og_title":"Polski film nominowany do Oscara - Instytut Polski w Bukareszcie","og_description":"Mistrz kinematografii, re\u017cyser Jerzy Skolimowski, \u015bledzi w filmie losy os\u0142a, jego spotkania z lepszymi lub gorszymi lud\u017ami, nawi\u0105zuj\u0105c tym samym do \u015bwiata, w kt\u00f3rym \u017cyjemy, do przywar, nami\u0119tno\u015bci i problem\u00f3w naszego spo\u0142ecze\u0144stwa. Historia os\u0142a Io to wsp\u00f3\u0142czesna interpretacja filmu Roberta Bressona z 1966 roku, pt. \u201eNa los szcz\u0119\u015bcia, Baltazarze!\u201d. *** 6 marca otrzyma\u0142 6 \u201eOr\u0142\u00f3w\u201d [&hellip;]","og_url":"https:\/\/instytutpolski.pl\/bucuresti\/pl\/2023\/01\/26\/polski-film-nominowany-do-nagrod-oscara-i-cezara\/","og_site_name":"Instytut Polski w Bukareszcie","article_published_time":"2023-01-26T13:14:54+00:00","article_modified_time":"2023-03-14T07:33:54+00:00","og_image":[{"width":960,"height":540,"url":"https:\/\/instytutpolski.pl\/bucuresti\/wp-content\/uploads\/sites\/11\/2023\/01\/uid_0aecf6792b79261ea853728c6018316a1674575603630_width_960_play_0_pos_0_gs_0_height_540-1.jpg","type":"image\/jpeg"}],"author":"mirelal","twitter_card":"summary_large_image","twitter_misc":{"Napisane przez":"mirelal","Szacowany czas czytania":"1 minuta"},"schema":{"@context":"https:\/\/schema.org","@graph":[{"@type":"event","@id":"https:\/\/instytutpolski.pl\/bucuresti\/pl\/2023\/01\/26\/polski-film-nominowany-do-nagrod-oscara-i-cezara\/","url":"https:\/\/instytutpolski.pl\/bucuresti\/pl\/2023\/01\/26\/polski-film-nominowany-do-nagrod-oscara-i-cezara\/","name":"Polski film nominowany do Oscara","isPartOf":{"@id":"https:\/\/instytutpolski.pl\/bucuresti\/#website"},"primaryImageOfPage":{"@id":"https:\/\/instytutpolski.pl\/bucuresti\/pl\/2023\/01\/26\/polski-film-nominowany-do-nagrod-oscara-i-cezara\/#primaryimage"},"image":["https:\/\/instytutpolski.pl\/bucuresti\/wp-content\/uploads\/sites\/11\/2023\/01\/uid_0aecf6792b79261ea853728c6018316a1674575603630_width_960_play_0_pos_0_gs_0_height_540-1.jpg","https:\/\/instytutpolski.pl\/bucuresti\/wp-content\/uploads\/sites\/11\/2023\/01\/uid_0aecf6792b79261ea853728c6018316a1674575603630_width_960_play_0_pos_0_gs_0_height_540-1-300x169.jpg","https:\/\/instytutpolski.pl\/bucuresti\/wp-content\/uploads\/sites\/11\/2023\/01\/uid_0aecf6792b79261ea853728c6018316a1674575603630_width_960_play_0_pos_0_gs_0_height_540-1.jpg","https:\/\/instytutpolski.pl\/bucuresti\/wp-content\/uploads\/sites\/11\/2023\/01\/uid_0aecf6792b79261ea853728c6018316a1674575603630_width_960_play_0_pos_0_gs_0_height_540-1.jpg"],"thumbnailUrl":"https:\/\/instytutpolski.pl\/bucuresti\/wp-content\/uploads\/sites\/11\/2023\/01\/uid_0aecf6792b79261ea853728c6018316a1674575603630_width_960_play_0_pos_0_gs_0_height_540-1.jpg","datePublished":"2023-01-26T13:14:54+02:00","dateModified":"2023-03-14T07:33:54+02:00","author":{"@id":"https:\/\/instytutpolski.pl\/bucuresti\/#\/schema\/person\/36eba23bd65c4ed8774deeb285a19272"},"breadcrumb":{"@id":"https:\/\/instytutpolski.pl\/bucuresti\/pl\/2023\/01\/26\/polski-film-nominowany-do-nagrod-oscara-i-cezara\/#breadcrumb"},"inLanguage":"pl-PL","potentialAction":[{"@type":"ReadAction","target":["https:\/\/instytutpolski.pl\/bucuresti\/pl\/2023\/01\/26\/polski-film-nominowany-do-nagrod-oscara-i-cezara\/"]}],"@context":"https:\/\/schema.org","startDate":"2023-01-26","endDate":"2023-01-26","eventStatus":"EventScheduled","eventAttendanceMode":"OfflineEventAttendanceMode","location":{"@type":"place","name":"","address":"","geo":{"@type":"GeoCoordinates","latitude":"","longitude":""}},"description":"Mistrz kinematografii, re\u017cyser Jerzy Skolimowski, \u015bledzi w filmie losy os\u0142a, jego spotkania z lepszymi lub gorszymi lud\u017ami, nawi\u0105zuj\u0105c tym samym do \u015bwiata, w kt\u00f3rym \u017cyjemy, do przywar, nami\u0119tno\u015bci i problem\u00f3w naszego spo\u0142ecze\u0144stwa.\nHistoria os\u0142a Io to wsp\u00f3\u0142czesna interpretacja filmu Roberta Bressona z 1966 roku, pt. \u201eNa los szcz\u0119\u015bcia, Baltazarze!\u201d.\n***\n6 marca otrzyma\u0142 6 \u201eOr\u0142\u00f3w\u201d - nagr\u00f3d przyznawanych przez Polsk\u0105 Akademi\u0119 Filmow\u0105. \u201eIo\u201d otrzyma\u0142 statuetki w kategoriach: Najlepszy Film, Najlepsza Re\u017cyseria, Najlepszy Scenariusz, Najlepsze zdj\u0119cie, Najlepsza muzyka i Najlepszy monta\u017c.\nhttps:\/\/www.youtube.com\/watch?v=ztY2HE6ZNNo"},{"@type":"ImageObject","inLanguage":"pl-PL","@id":"https:\/\/instytutpolski.pl\/bucuresti\/pl\/2023\/01\/26\/polski-film-nominowany-do-nagrod-oscara-i-cezara\/#primaryimage","url":"https:\/\/instytutpolski.pl\/bucuresti\/wp-content\/uploads\/sites\/11\/2023\/01\/uid_0aecf6792b79261ea853728c6018316a1674575603630_width_960_play_0_pos_0_gs_0_height_540-1.jpg","contentUrl":"https:\/\/instytutpolski.pl\/bucuresti\/wp-content\/uploads\/sites\/11\/2023\/01\/uid_0aecf6792b79261ea853728c6018316a1674575603630_width_960_play_0_pos_0_gs_0_height_540-1.jpg","width":960,"height":540},{"@type":"BreadcrumbList","@id":"https:\/\/instytutpolski.pl\/bucuresti\/pl\/2023\/01\/26\/polski-film-nominowany-do-nagrod-oscara-i-cezara\/#breadcrumb","itemListElement":[{"@type":"ListItem","position":1,"name":"Home","item":"https:\/\/instytutpolski.pl\/bucuresti\/"},{"@type":"ListItem","position":2,"name":"Polski film nominowany do Oscara"}]},{"@type":"WebSite","@id":"https:\/\/instytutpolski.pl\/bucuresti\/#website","url":"https:\/\/instytutpolski.pl\/bucuresti\/","name":"Instytut Polski w Bukareszcie","description":"Instytuty Polskie","potentialAction":[{"@type":"SearchAction","target":{"@type":"EntryPoint","urlTemplate":"https:\/\/instytutpolski.pl\/bucuresti\/?s={search_term_string}"},"query-input":{"@type":"PropertyValueSpecification","valueRequired":true,"valueName":"search_term_string"}}],"inLanguage":"pl-PL"},{"@type":"Person","@id":"https:\/\/instytutpolski.pl\/bucuresti\/#\/schema\/person\/36eba23bd65c4ed8774deeb285a19272","name":"mirelal","image":{"@type":"ImageObject","inLanguage":"pl-PL","@id":"https:\/\/instytutpolski.pl\/bucuresti\/#\/schema\/person\/image\/","url":"https:\/\/secure.gravatar.com\/avatar\/5838c7614d071fe473f8aeb2de72beb4?s=96&d=mm&r=g","contentUrl":"https:\/\/secure.gravatar.com\/avatar\/5838c7614d071fe473f8aeb2de72beb4?s=96&d=mm&r=g","caption":"mirelal"},"url":"https:\/\/instytutpolski.pl\/bucuresti\/author\/mirelal\/"}]}},"_links":{"self":[{"href":"https:\/\/instytutpolski.pl\/bucuresti\/wp-json\/wp\/v2\/posts\/9550","targetHints":{"allow":["GET"]}}],"collection":[{"href":"https:\/\/instytutpolski.pl\/bucuresti\/wp-json\/wp\/v2\/posts"}],"about":[{"href":"https:\/\/instytutpolski.pl\/bucuresti\/wp-json\/wp\/v2\/types\/post"}],"author":[{"embeddable":true,"href":"https:\/\/instytutpolski.pl\/bucuresti\/wp-json\/wp\/v2\/users\/41"}],"replies":[{"embeddable":true,"href":"https:\/\/instytutpolski.pl\/bucuresti\/wp-json\/wp\/v2\/comments?post=9550"}],"version-history":[{"count":13,"href":"https:\/\/instytutpolski.pl\/bucuresti\/wp-json\/wp\/v2\/posts\/9550\/revisions"}],"predecessor-version":[{"id":9881,"href":"https:\/\/instytutpolski.pl\/bucuresti\/wp-json\/wp\/v2\/posts\/9550\/revisions\/9881"}],"wp:featuredmedia":[{"embeddable":true,"href":"https:\/\/instytutpolski.pl\/bucuresti\/wp-json\/wp\/v2\/media\/9537"}],"wp:attachment":[{"href":"https:\/\/instytutpolski.pl\/bucuresti\/wp-json\/wp\/v2\/media?parent=9550"}],"wp:term":[{"taxonomy":"category","embeddable":true,"href":"https:\/\/instytutpolski.pl\/bucuresti\/wp-json\/wp\/v2\/categories?post=9550"},{"taxonomy":"post_tag","embeddable":true,"href":"https:\/\/instytutpolski.pl\/bucuresti\/wp-json\/wp\/v2\/tags?post=9550"}],"curies":[{"name":"wp","href":"https:\/\/api.w.org\/{rel}","templated":true}]}}