{"id":9558,"date":"2023-01-27T11:38:30","date_gmt":"2023-01-27T10:38:30","guid":{"rendered":"https:\/\/instytutpolski.pl\/bucuresti\/?p=9558"},"modified":"2023-02-09T09:50:08","modified_gmt":"2023-02-09T08:50:08","slug":"nowy-album-zespolu-riverside","status":"publish","type":"post","link":"https:\/\/instytutpolski.pl\/bucuresti\/pl\/2023\/01\/27\/nowy-album-zespolu-riverside\/","title":{"rendered":"Nowy album zespo\u0142u Riverside"},"content":{"rendered":"\n<p>Riverside powsta\u0142 w 2001 r. w Warszawie i ma na swoim koncie 8 album\u00f3w (w\u0142\u0105cznie z tegorocznym kr\u0105\u017ckiem). Wi\u0119kszo\u015b\u0107 z nich zosta\u0142a wydana przez presti\u017cow\u0105 wytw\u00f3rni\u0119 Inside Out Records. Por\u00f3wnywany do Pink Floyd i Dream Theater, Riverside jest jednym z najbardziej rozpoznawalnych zespo\u0142\u00f3w progresywnego rocka w Europie.<\/p>\n<p>Ostatni koncert w Rumunii mia\u0142 miejsce w zesz\u0142ym roku w klubie Quantic w Bukareszcie, w ramach mi\u0119dzynarodowej trasy koncertowej z okazji 20-lecia zespo\u0142u.<\/p>\n<p>Czy w tym roku ponownie przyjad\u0105 do Rumunii, \u017ceby zaprezentowa\u0107 sw\u00f3j najnowszy album? Kto wie&#8230;<\/p>\n<p>*** Wi\u0119cej informacji mo\u017cna znale\u017a\u0107 na stronie zespo\u0142u <a href=\"https:\/\/riversideband.pl\/pl\/\">riversideband.pl<\/a><\/p>\n\n\n\n<p>https:\/\/www.youtube.com\/watch?v=Weuo4hgVHyY<\/p>\n","protected":false},"excerpt":{"rendered":"<p>Riverside powsta\u0142 w 2001 r. w Warszawie i ma na swoim koncie 8 album\u00f3w (w\u0142\u0105cznie z tegorocznym kr\u0105\u017ckiem). Wi\u0119kszo\u015b\u0107 z nich zosta\u0142a wydana przez presti\u017cow\u0105 wytw\u00f3rni\u0119 Inside Out Records. Por\u00f3wnywany do Pink Floyd i Dream Theater, Riverside jest jednym z najbardziej rozpoznawalnych zespo\u0142\u00f3w progresywnego rocka w Europie. Ostatni koncert w Rumunii mia\u0142 miejsce w zesz\u0142ym [&hellip;]<\/p>\n","protected":false},"author":41,"featured_media":8613,"comment_status":"open","ping_status":"open","sticky":false,"template":"","format":"standard","meta":{"inline_featured_image":false,"_monsterinsights_skip_tracking":false,"_monsterinsights_sitenote_active":false,"_monsterinsights_sitenote_note":"","_monsterinsights_sitenote_category":0,"footnotes":""},"categories":[120],"tags":[],"class_list":["post-9558","post","type-post","status-publish","format-standard","has-post-thumbnail","hentry","category-aktualnosc"],"yoast_head":"<!-- This site is optimized with the Yoast SEO plugin v24.6 - https:\/\/yoast.com\/wordpress\/plugins\/seo\/ -->\n<title>Nowy album zespo\u0142u Riverside - Instytut Polski w Bukareszcie<\/title>\n<meta name=\"robots\" content=\"index, follow, max-snippet:-1, max-image-preview:large, max-video-preview:-1\" \/>\n<link rel=\"canonical\" href=\"https:\/\/instytutpolski.pl\/bucuresti\/pl\/2023\/01\/27\/nowy-album-zespolu-riverside\/\" \/>\n<meta property=\"og:locale\" content=\"pl_PL\" \/>\n<meta property=\"og:type\" content=\"article\" \/>\n<meta property=\"og:title\" content=\"Nowy album zespo\u0142u Riverside - Instytut Polski w Bukareszcie\" \/>\n<meta property=\"og:description\" content=\"Riverside powsta\u0142 w 2001 r. w Warszawie i ma na swoim koncie 8 album\u00f3w (w\u0142\u0105cznie z tegorocznym kr\u0105\u017ckiem). Wi\u0119kszo\u015b\u0107 z nich zosta\u0142a wydana przez presti\u017cow\u0105 wytw\u00f3rni\u0119 Inside Out Records. Por\u00f3wnywany do Pink Floyd i Dream Theater, Riverside jest jednym z najbardziej rozpoznawalnych zespo\u0142\u00f3w progresywnego rocka w Europie. Ostatni koncert w Rumunii mia\u0142 miejsce w zesz\u0142ym [&hellip;]\" \/>\n<meta property=\"og:url\" content=\"https:\/\/instytutpolski.pl\/bucuresti\/pl\/2023\/01\/27\/nowy-album-zespolu-riverside\/\" \/>\n<meta property=\"og:site_name\" content=\"Instytut Polski w Bukareszcie\" \/>\n<meta property=\"article:published_time\" content=\"2023-01-27T10:38:30+00:00\" \/>\n<meta property=\"article:modified_time\" content=\"2023-02-09T08:50:08+00:00\" \/>\n<meta property=\"og:image\" content=\"https:\/\/instytutpolski.pl\/bucuresti\/wp-content\/uploads\/sites\/11\/2022\/08\/20-riv3.jpg\" \/>\n\t<meta property=\"og:image:width\" content=\"1591\" \/>\n\t<meta property=\"og:image:height\" content=\"1000\" \/>\n\t<meta property=\"og:image:type\" content=\"image\/jpeg\" \/>\n<meta name=\"author\" content=\"mirelal\" \/>\n<meta name=\"twitter:card\" content=\"summary_large_image\" \/>\n<meta name=\"twitter:label1\" content=\"Napisane przez\" \/>\n\t<meta name=\"twitter:data1\" content=\"mirelal\" \/>\n\t<meta name=\"twitter:label2\" content=\"Szacowany czas czytania\" \/>\n\t<meta name=\"twitter:data2\" content=\"1 minuta\" \/>\n<script type=\"application\/ld+json\" class=\"yoast-schema-graph\">{\"@context\":\"https:\/\/schema.org\",\"@graph\":[{\"@type\":\"event\",\"@id\":\"https:\/\/instytutpolski.pl\/bucuresti\/pl\/2023\/01\/27\/nowy-album-zespolu-riverside\/\",\"url\":\"https:\/\/instytutpolski.pl\/bucuresti\/pl\/2023\/01\/27\/nowy-album-zespolu-riverside\/\",\"name\":\"Nowy album zespo\u0142u Riverside\",\"isPartOf\":{\"@id\":\"https:\/\/instytutpolski.pl\/bucuresti\/#website\"},\"primaryImageOfPage\":{\"@id\":\"https:\/\/instytutpolski.pl\/bucuresti\/pl\/2023\/01\/27\/nowy-album-zespolu-riverside\/#primaryimage\"},\"image\":[\"https:\/\/instytutpolski.pl\/bucuresti\/wp-content\/uploads\/sites\/11\/2022\/08\/20-riv3.jpg\",\"https:\/\/instytutpolski.pl\/bucuresti\/wp-content\/uploads\/sites\/11\/2022\/08\/20-riv3-300x189.jpg\",\"https:\/\/instytutpolski.pl\/bucuresti\/wp-content\/uploads\/sites\/11\/2022\/08\/20-riv3-1024x644.jpg\",\"https:\/\/instytutpolski.pl\/bucuresti\/wp-content\/uploads\/sites\/11\/2022\/08\/20-riv3.jpg\"],\"thumbnailUrl\":\"https:\/\/instytutpolski.pl\/bucuresti\/wp-content\/uploads\/sites\/11\/2022\/08\/20-riv3.jpg\",\"datePublished\":\"2023-01-27T10:38:30+02:00\",\"dateModified\":\"2023-02-09T08:50:08+02:00\",\"author\":{\"@id\":\"https:\/\/instytutpolski.pl\/bucuresti\/#\/schema\/person\/36eba23bd65c4ed8774deeb285a19272\"},\"breadcrumb\":{\"@id\":\"https:\/\/instytutpolski.pl\/bucuresti\/pl\/2023\/01\/27\/nowy-album-zespolu-riverside\/#breadcrumb\"},\"inLanguage\":\"pl-PL\",\"potentialAction\":[{\"@type\":\"ReadAction\",\"target\":[\"https:\/\/instytutpolski.pl\/bucuresti\/pl\/2023\/01\/27\/nowy-album-zespolu-riverside\/\"]}],\"@context\":\"https:\/\/schema.org\",\"startDate\":\"2023-01-27\",\"endDate\":\"2023-01-27\",\"eventStatus\":\"EventScheduled\",\"eventAttendanceMode\":\"OfflineEventAttendanceMode\",\"location\":{\"@type\":\"place\",\"name\":\"\",\"address\":\"\",\"geo\":{\"@type\":\"GeoCoordinates\",\"latitude\":\"\",\"longitude\":\"\"}},\"description\":\"Riverside powsta\u0142 w 2001 r. w Warszawie i ma na swoim koncie 8 album\u00f3w (w\u0142\u0105cznie z tegorocznym kr\u0105\u017ckiem). Wi\u0119kszo\u015b\u0107 z nich zosta\u0142a wydana przez presti\u017cow\u0105 wytw\u00f3rni\u0119 Inside Out Records. Por\u00f3wnywany do Pink Floyd i Dream Theater, Riverside jest jednym z najbardziej rozpoznawalnych zespo\u0142\u00f3w progresywnego rocka w Europie.\\nOstatni koncert w Rumunii mia\u0142 miejsce w zesz\u0142ym roku w klubie Quantic w Bukareszcie, w ramach mi\u0119dzynarodowej trasy koncertowej z okazji 20-lecia zespo\u0142u.\\nCzy w tym roku ponownie przyjad\u0105 do Rumunii, \u017ceby zaprezentowa\u0107 sw\u00f3j najnowszy album? Kto wie...\\n*** Wi\u0119cej informacji mo\u017cna znale\u017a\u0107 na stronie zespo\u0142u riversideband.pl\\nhttps:\/\/www.youtube.com\/watch?v=Weuo4hgVHyY\"},{\"@type\":\"ImageObject\",\"inLanguage\":\"pl-PL\",\"@id\":\"https:\/\/instytutpolski.pl\/bucuresti\/pl\/2023\/01\/27\/nowy-album-zespolu-riverside\/#primaryimage\",\"url\":\"https:\/\/instytutpolski.pl\/bucuresti\/wp-content\/uploads\/sites\/11\/2022\/08\/20-riv3.jpg\",\"contentUrl\":\"https:\/\/instytutpolski.pl\/bucuresti\/wp-content\/uploads\/sites\/11\/2022\/08\/20-riv3.jpg\",\"width\":1591,\"height\":1000},{\"@type\":\"BreadcrumbList\",\"@id\":\"https:\/\/instytutpolski.pl\/bucuresti\/pl\/2023\/01\/27\/nowy-album-zespolu-riverside\/#breadcrumb\",\"itemListElement\":[{\"@type\":\"ListItem\",\"position\":1,\"name\":\"Home\",\"item\":\"https:\/\/instytutpolski.pl\/bucuresti\/\"},{\"@type\":\"ListItem\",\"position\":2,\"name\":\"Nowy album zespo\u0142u Riverside\"}]},{\"@type\":\"WebSite\",\"@id\":\"https:\/\/instytutpolski.pl\/bucuresti\/#website\",\"url\":\"https:\/\/instytutpolski.pl\/bucuresti\/\",\"name\":\"Instytut Polski w Bukareszcie\",\"description\":\"Instytuty Polskie\",\"potentialAction\":[{\"@type\":\"SearchAction\",\"target\":{\"@type\":\"EntryPoint\",\"urlTemplate\":\"https:\/\/instytutpolski.pl\/bucuresti\/?s={search_term_string}\"},\"query-input\":{\"@type\":\"PropertyValueSpecification\",\"valueRequired\":true,\"valueName\":\"search_term_string\"}}],\"inLanguage\":\"pl-PL\"},{\"@type\":\"Person\",\"@id\":\"https:\/\/instytutpolski.pl\/bucuresti\/#\/schema\/person\/36eba23bd65c4ed8774deeb285a19272\",\"name\":\"mirelal\",\"image\":{\"@type\":\"ImageObject\",\"inLanguage\":\"pl-PL\",\"@id\":\"https:\/\/instytutpolski.pl\/bucuresti\/#\/schema\/person\/image\/\",\"url\":\"https:\/\/secure.gravatar.com\/avatar\/5838c7614d071fe473f8aeb2de72beb4?s=96&d=mm&r=g\",\"contentUrl\":\"https:\/\/secure.gravatar.com\/avatar\/5838c7614d071fe473f8aeb2de72beb4?s=96&d=mm&r=g\",\"caption\":\"mirelal\"},\"url\":\"https:\/\/instytutpolski.pl\/bucuresti\/author\/mirelal\/\"}]}<\/script>\n<!-- \/ Yoast SEO plugin. -->","yoast_head_json":{"title":"Nowy album zespo\u0142u Riverside - Instytut Polski w Bukareszcie","robots":{"index":"index","follow":"follow","max-snippet":"max-snippet:-1","max-image-preview":"max-image-preview:large","max-video-preview":"max-video-preview:-1"},"canonical":"https:\/\/instytutpolski.pl\/bucuresti\/pl\/2023\/01\/27\/nowy-album-zespolu-riverside\/","og_locale":"pl_PL","og_type":"article","og_title":"Nowy album zespo\u0142u Riverside - Instytut Polski w Bukareszcie","og_description":"Riverside powsta\u0142 w 2001 r. w Warszawie i ma na swoim koncie 8 album\u00f3w (w\u0142\u0105cznie z tegorocznym kr\u0105\u017ckiem). Wi\u0119kszo\u015b\u0107 z nich zosta\u0142a wydana przez presti\u017cow\u0105 wytw\u00f3rni\u0119 Inside Out Records. Por\u00f3wnywany do Pink Floyd i Dream Theater, Riverside jest jednym z najbardziej rozpoznawalnych zespo\u0142\u00f3w progresywnego rocka w Europie. Ostatni koncert w Rumunii mia\u0142 miejsce w zesz\u0142ym [&hellip;]","og_url":"https:\/\/instytutpolski.pl\/bucuresti\/pl\/2023\/01\/27\/nowy-album-zespolu-riverside\/","og_site_name":"Instytut Polski w Bukareszcie","article_published_time":"2023-01-27T10:38:30+00:00","article_modified_time":"2023-02-09T08:50:08+00:00","og_image":[{"width":1591,"height":1000,"url":"https:\/\/instytutpolski.pl\/bucuresti\/wp-content\/uploads\/sites\/11\/2022\/08\/20-riv3.jpg","type":"image\/jpeg"}],"author":"mirelal","twitter_card":"summary_large_image","twitter_misc":{"Napisane przez":"mirelal","Szacowany czas czytania":"1 minuta"},"schema":{"@context":"https:\/\/schema.org","@graph":[{"@type":"event","@id":"https:\/\/instytutpolski.pl\/bucuresti\/pl\/2023\/01\/27\/nowy-album-zespolu-riverside\/","url":"https:\/\/instytutpolski.pl\/bucuresti\/pl\/2023\/01\/27\/nowy-album-zespolu-riverside\/","name":"Nowy album zespo\u0142u Riverside","isPartOf":{"@id":"https:\/\/instytutpolski.pl\/bucuresti\/#website"},"primaryImageOfPage":{"@id":"https:\/\/instytutpolski.pl\/bucuresti\/pl\/2023\/01\/27\/nowy-album-zespolu-riverside\/#primaryimage"},"image":["https:\/\/instytutpolski.pl\/bucuresti\/wp-content\/uploads\/sites\/11\/2022\/08\/20-riv3.jpg","https:\/\/instytutpolski.pl\/bucuresti\/wp-content\/uploads\/sites\/11\/2022\/08\/20-riv3-300x189.jpg","https:\/\/instytutpolski.pl\/bucuresti\/wp-content\/uploads\/sites\/11\/2022\/08\/20-riv3-1024x644.jpg","https:\/\/instytutpolski.pl\/bucuresti\/wp-content\/uploads\/sites\/11\/2022\/08\/20-riv3.jpg"],"thumbnailUrl":"https:\/\/instytutpolski.pl\/bucuresti\/wp-content\/uploads\/sites\/11\/2022\/08\/20-riv3.jpg","datePublished":"2023-01-27T10:38:30+02:00","dateModified":"2023-02-09T08:50:08+02:00","author":{"@id":"https:\/\/instytutpolski.pl\/bucuresti\/#\/schema\/person\/36eba23bd65c4ed8774deeb285a19272"},"breadcrumb":{"@id":"https:\/\/instytutpolski.pl\/bucuresti\/pl\/2023\/01\/27\/nowy-album-zespolu-riverside\/#breadcrumb"},"inLanguage":"pl-PL","potentialAction":[{"@type":"ReadAction","target":["https:\/\/instytutpolski.pl\/bucuresti\/pl\/2023\/01\/27\/nowy-album-zespolu-riverside\/"]}],"@context":"https:\/\/schema.org","startDate":"2023-01-27","endDate":"2023-01-27","eventStatus":"EventScheduled","eventAttendanceMode":"OfflineEventAttendanceMode","location":{"@type":"place","name":"","address":"","geo":{"@type":"GeoCoordinates","latitude":"","longitude":""}},"description":"Riverside powsta\u0142 w 2001 r. w Warszawie i ma na swoim koncie 8 album\u00f3w (w\u0142\u0105cznie z tegorocznym kr\u0105\u017ckiem). Wi\u0119kszo\u015b\u0107 z nich zosta\u0142a wydana przez presti\u017cow\u0105 wytw\u00f3rni\u0119 Inside Out Records. Por\u00f3wnywany do Pink Floyd i Dream Theater, Riverside jest jednym z najbardziej rozpoznawalnych zespo\u0142\u00f3w progresywnego rocka w Europie.\nOstatni koncert w Rumunii mia\u0142 miejsce w zesz\u0142ym roku w klubie Quantic w Bukareszcie, w ramach mi\u0119dzynarodowej trasy koncertowej z okazji 20-lecia zespo\u0142u.\nCzy w tym roku ponownie przyjad\u0105 do Rumunii, \u017ceby zaprezentowa\u0107 sw\u00f3j najnowszy album? Kto wie...\n*** Wi\u0119cej informacji mo\u017cna znale\u017a\u0107 na stronie zespo\u0142u riversideband.pl\nhttps:\/\/www.youtube.com\/watch?v=Weuo4hgVHyY"},{"@type":"ImageObject","inLanguage":"pl-PL","@id":"https:\/\/instytutpolski.pl\/bucuresti\/pl\/2023\/01\/27\/nowy-album-zespolu-riverside\/#primaryimage","url":"https:\/\/instytutpolski.pl\/bucuresti\/wp-content\/uploads\/sites\/11\/2022\/08\/20-riv3.jpg","contentUrl":"https:\/\/instytutpolski.pl\/bucuresti\/wp-content\/uploads\/sites\/11\/2022\/08\/20-riv3.jpg","width":1591,"height":1000},{"@type":"BreadcrumbList","@id":"https:\/\/instytutpolski.pl\/bucuresti\/pl\/2023\/01\/27\/nowy-album-zespolu-riverside\/#breadcrumb","itemListElement":[{"@type":"ListItem","position":1,"name":"Home","item":"https:\/\/instytutpolski.pl\/bucuresti\/"},{"@type":"ListItem","position":2,"name":"Nowy album zespo\u0142u Riverside"}]},{"@type":"WebSite","@id":"https:\/\/instytutpolski.pl\/bucuresti\/#website","url":"https:\/\/instytutpolski.pl\/bucuresti\/","name":"Instytut Polski w Bukareszcie","description":"Instytuty Polskie","potentialAction":[{"@type":"SearchAction","target":{"@type":"EntryPoint","urlTemplate":"https:\/\/instytutpolski.pl\/bucuresti\/?s={search_term_string}"},"query-input":{"@type":"PropertyValueSpecification","valueRequired":true,"valueName":"search_term_string"}}],"inLanguage":"pl-PL"},{"@type":"Person","@id":"https:\/\/instytutpolski.pl\/bucuresti\/#\/schema\/person\/36eba23bd65c4ed8774deeb285a19272","name":"mirelal","image":{"@type":"ImageObject","inLanguage":"pl-PL","@id":"https:\/\/instytutpolski.pl\/bucuresti\/#\/schema\/person\/image\/","url":"https:\/\/secure.gravatar.com\/avatar\/5838c7614d071fe473f8aeb2de72beb4?s=96&d=mm&r=g","contentUrl":"https:\/\/secure.gravatar.com\/avatar\/5838c7614d071fe473f8aeb2de72beb4?s=96&d=mm&r=g","caption":"mirelal"},"url":"https:\/\/instytutpolski.pl\/bucuresti\/author\/mirelal\/"}]}},"_links":{"self":[{"href":"https:\/\/instytutpolski.pl\/bucuresti\/wp-json\/wp\/v2\/posts\/9558","targetHints":{"allow":["GET"]}}],"collection":[{"href":"https:\/\/instytutpolski.pl\/bucuresti\/wp-json\/wp\/v2\/posts"}],"about":[{"href":"https:\/\/instytutpolski.pl\/bucuresti\/wp-json\/wp\/v2\/types\/post"}],"author":[{"embeddable":true,"href":"https:\/\/instytutpolski.pl\/bucuresti\/wp-json\/wp\/v2\/users\/41"}],"replies":[{"embeddable":true,"href":"https:\/\/instytutpolski.pl\/bucuresti\/wp-json\/wp\/v2\/comments?post=9558"}],"version-history":[{"count":5,"href":"https:\/\/instytutpolski.pl\/bucuresti\/wp-json\/wp\/v2\/posts\/9558\/revisions"}],"predecessor-version":[{"id":9594,"href":"https:\/\/instytutpolski.pl\/bucuresti\/wp-json\/wp\/v2\/posts\/9558\/revisions\/9594"}],"wp:featuredmedia":[{"embeddable":true,"href":"https:\/\/instytutpolski.pl\/bucuresti\/wp-json\/wp\/v2\/media\/8613"}],"wp:attachment":[{"href":"https:\/\/instytutpolski.pl\/bucuresti\/wp-json\/wp\/v2\/media?parent=9558"}],"wp:term":[{"taxonomy":"category","embeddable":true,"href":"https:\/\/instytutpolski.pl\/bucuresti\/wp-json\/wp\/v2\/categories?post=9558"},{"taxonomy":"post_tag","embeddable":true,"href":"https:\/\/instytutpolski.pl\/bucuresti\/wp-json\/wp\/v2\/tags?post=9558"}],"curies":[{"name":"wp","href":"https:\/\/api.w.org\/{rel}","templated":true}]}}