{"id":9829,"date":"2023-03-03T09:12:50","date_gmt":"2023-03-03T08:12:50","guid":{"rendered":"https:\/\/instytutpolski.pl\/bucuresti\/?p=9829"},"modified":"2024-03-06T10:24:19","modified_gmt":"2024-03-06T09:24:19","slug":"polsko-rumunskie-relacje-w-okresie-miedzywojennym-drugi-tom-dokumentow","status":"publish","type":"post","link":"https:\/\/instytutpolski.pl\/bucuresti\/pl\/2023\/03\/03\/polsko-rumunskie-relacje-w-okresie-miedzywojennym-drugi-tom-dokumentow\/","title":{"rendered":"Polsko-rumu\u0144skie relacje w okresie mi\u0119dzywojennym &#8211; drugi tom dokument\u00f3w"},"content":{"rendered":"\n<p>Ksi\u0105\u017cka \u201eNajbezpieczniejsza gwarancja pokoju i cywilizacji w Europie Wschodniej. Przymierze polsko rumu\u0144skie 1926-1932. Dokumenty i materia\u0142y\u201d pod red. prof. Henryka Walczaka i prof. Krzysztofa Nowaka ukaza\u0142a si\u0119 w zesz\u0142ym roku. Trzecia cz\u0119\u015b\u0107 serii zostanie wydana w tym roku.\u00a0\u00a0<\/p>\n","protected":false},"excerpt":{"rendered":"<p>Ksi\u0105\u017cka \u201eNajbezpieczniejsza gwarancja pokoju i cywilizacji w Europie Wschodniej. Przymierze polsko rumu\u0144skie 1926-1932. Dokumenty i materia\u0142y\u201d pod red. prof. Henryka Walczaka i prof. Krzysztofa Nowaka ukaza\u0142a si\u0119 w zesz\u0142ym roku. Trzecia cz\u0119\u015b\u0107 serii zostanie wydana w tym roku.\u00a0\u00a0<\/p>\n","protected":false},"author":42,"featured_media":9826,"comment_status":"open","ping_status":"open","sticky":false,"template":"","format":"standard","meta":{"inline_featured_image":false,"_monsterinsights_skip_tracking":false,"_monsterinsights_sitenote_active":false,"_monsterinsights_sitenote_note":"","_monsterinsights_sitenote_category":0,"footnotes":""},"categories":[120,1103],"tags":[],"class_list":["post-9829","post","type-post","status-publish","format-standard","has-post-thumbnail","hentry","category-aktualnosc","category-solidarnosc-pl-ro"],"yoast_head":"<!-- This site is optimized with the Yoast SEO plugin v24.6 - https:\/\/yoast.com\/wordpress\/plugins\/seo\/ -->\n<title>Polsko-rumu\u0144skie relacje w okresie mi\u0119dzywojennym - drugi tom dokument\u00f3w - Instytut Polski w Bukareszcie<\/title>\n<meta name=\"robots\" content=\"index, follow, max-snippet:-1, max-image-preview:large, max-video-preview:-1\" \/>\n<link rel=\"canonical\" href=\"https:\/\/instytutpolski.pl\/bucuresti\/pl\/2023\/03\/03\/polsko-rumunskie-relacje-w-okresie-miedzywojennym-drugi-tom-dokumentow\/\" \/>\n<meta property=\"og:locale\" content=\"pl_PL\" \/>\n<meta property=\"og:type\" content=\"article\" \/>\n<meta property=\"og:title\" content=\"Polsko-rumu\u0144skie relacje w okresie mi\u0119dzywojennym - drugi tom dokument\u00f3w - Instytut Polski w Bukareszcie\" \/>\n<meta property=\"og:description\" content=\"Ksi\u0105\u017cka \u201eNajbezpieczniejsza gwarancja pokoju i cywilizacji w Europie Wschodniej. Przymierze polsko rumu\u0144skie 1926-1932. Dokumenty i materia\u0142y\u201d pod red. prof. Henryka Walczaka i prof. Krzysztofa Nowaka ukaza\u0142a si\u0119 w zesz\u0142ym roku. Trzecia cz\u0119\u015b\u0107 serii zostanie wydana w tym roku.\u00a0\u00a0\" \/>\n<meta property=\"og:url\" content=\"https:\/\/instytutpolski.pl\/bucuresti\/pl\/2023\/03\/03\/polsko-rumunskie-relacje-w-okresie-miedzywojennym-drugi-tom-dokumentow\/\" \/>\n<meta property=\"og:site_name\" content=\"Instytut Polski w Bukareszcie\" \/>\n<meta property=\"article:published_time\" content=\"2023-03-03T08:12:50+00:00\" \/>\n<meta property=\"article:modified_time\" content=\"2024-03-06T09:24:19+00:00\" \/>\n<meta property=\"og:image\" content=\"https:\/\/instytutpolski.pl\/bucuresti\/wp-content\/uploads\/sites\/11\/2023\/03\/Design-fara-titlu-51.png\" \/>\n\t<meta property=\"og:image:width\" content=\"940\" \/>\n\t<meta property=\"og:image:height\" content=\"788\" \/>\n\t<meta property=\"og:image:type\" content=\"image\/png\" \/>\n<meta name=\"author\" content=\"rutkowskip\" \/>\n<meta name=\"twitter:card\" content=\"summary_large_image\" \/>\n<meta name=\"twitter:label1\" content=\"Napisane przez\" \/>\n\t<meta name=\"twitter:data1\" content=\"rutkowskip\" \/>\n<script type=\"application\/ld+json\" class=\"yoast-schema-graph\">{\"@context\":\"https:\/\/schema.org\",\"@graph\":[{\"@type\":\"event\",\"@id\":\"https:\/\/instytutpolski.pl\/bucuresti\/pl\/2023\/03\/03\/polsko-rumunskie-relacje-w-okresie-miedzywojennym-drugi-tom-dokumentow\/\",\"url\":\"https:\/\/instytutpolski.pl\/bucuresti\/pl\/2023\/03\/03\/polsko-rumunskie-relacje-w-okresie-miedzywojennym-drugi-tom-dokumentow\/\",\"name\":\"Polsko-rumu\u0144skie relacje w okresie mi\u0119dzywojennym - drugi tom dokument\u00f3w\",\"isPartOf\":{\"@id\":\"https:\/\/instytutpolski.pl\/bucuresti\/#website\"},\"primaryImageOfPage\":{\"@id\":\"https:\/\/instytutpolski.pl\/bucuresti\/pl\/2023\/03\/03\/polsko-rumunskie-relacje-w-okresie-miedzywojennym-drugi-tom-dokumentow\/#primaryimage\"},\"image\":[\"https:\/\/instytutpolski.pl\/bucuresti\/wp-content\/uploads\/sites\/11\/2023\/03\/Design-fara-titlu-51.png\",\"https:\/\/instytutpolski.pl\/bucuresti\/wp-content\/uploads\/sites\/11\/2023\/03\/Design-fara-titlu-51-300x251.png\",\"https:\/\/instytutpolski.pl\/bucuresti\/wp-content\/uploads\/sites\/11\/2023\/03\/Design-fara-titlu-51.png\",\"https:\/\/instytutpolski.pl\/bucuresti\/wp-content\/uploads\/sites\/11\/2023\/03\/Design-fara-titlu-51.png\"],\"thumbnailUrl\":\"https:\/\/instytutpolski.pl\/bucuresti\/wp-content\/uploads\/sites\/11\/2023\/03\/Design-fara-titlu-51.png\",\"datePublished\":\"2023-03-03T08:12:50+02:00\",\"dateModified\":\"2024-03-06T09:24:19+02:00\",\"author\":{\"@id\":\"https:\/\/instytutpolski.pl\/bucuresti\/#\/schema\/person\/980fdccff6ea3f1cab069becadecca5b\"},\"breadcrumb\":{\"@id\":\"https:\/\/instytutpolski.pl\/bucuresti\/pl\/2023\/03\/03\/polsko-rumunskie-relacje-w-okresie-miedzywojennym-drugi-tom-dokumentow\/#breadcrumb\"},\"inLanguage\":\"pl-PL\",\"potentialAction\":[{\"@type\":\"ReadAction\",\"target\":[\"https:\/\/instytutpolski.pl\/bucuresti\/pl\/2023\/03\/03\/polsko-rumunskie-relacje-w-okresie-miedzywojennym-drugi-tom-dokumentow\/\"]}],\"@context\":\"https:\/\/schema.org\",\"startDate\":\"2023-03-03\",\"endDate\":\"2023-03-03\",\"eventStatus\":\"EventScheduled\",\"eventAttendanceMode\":\"OfflineEventAttendanceMode\",\"location\":{\"@type\":\"place\",\"name\":\"\",\"address\":\"\",\"geo\":{\"@type\":\"GeoCoordinates\",\"latitude\":\"\",\"longitude\":\"\"}},\"description\":\"Ksi\u0105\u017cka \u201eNajbezpieczniejsza gwarancja pokoju i cywilizacji w Europie Wschodniej. Przymierze polsko rumu\u0144skie 1926-1932. Dokumenty i materia\u0142y\u201d pod red. prof. Henryka Walczaka i prof. Krzysztofa Nowaka ukaza\u0142a si\u0119 w zesz\u0142ym roku. Trzecia cz\u0119\u015b\u0107 serii zostanie wydana w tym roku.\u00a0\u00a0\"},{\"@type\":\"ImageObject\",\"inLanguage\":\"pl-PL\",\"@id\":\"https:\/\/instytutpolski.pl\/bucuresti\/pl\/2023\/03\/03\/polsko-rumunskie-relacje-w-okresie-miedzywojennym-drugi-tom-dokumentow\/#primaryimage\",\"url\":\"https:\/\/instytutpolski.pl\/bucuresti\/wp-content\/uploads\/sites\/11\/2023\/03\/Design-fara-titlu-51.png\",\"contentUrl\":\"https:\/\/instytutpolski.pl\/bucuresti\/wp-content\/uploads\/sites\/11\/2023\/03\/Design-fara-titlu-51.png\",\"width\":940,\"height\":788},{\"@type\":\"BreadcrumbList\",\"@id\":\"https:\/\/instytutpolski.pl\/bucuresti\/pl\/2023\/03\/03\/polsko-rumunskie-relacje-w-okresie-miedzywojennym-drugi-tom-dokumentow\/#breadcrumb\",\"itemListElement\":[{\"@type\":\"ListItem\",\"position\":1,\"name\":\"Home\",\"item\":\"https:\/\/instytutpolski.pl\/bucuresti\/\"},{\"@type\":\"ListItem\",\"position\":2,\"name\":\"Polsko-rumu\u0144skie relacje w okresie mi\u0119dzywojennym &#8211; drugi tom dokument\u00f3w\"}]},{\"@type\":\"WebSite\",\"@id\":\"https:\/\/instytutpolski.pl\/bucuresti\/#website\",\"url\":\"https:\/\/instytutpolski.pl\/bucuresti\/\",\"name\":\"Instytut Polski w Bukareszcie\",\"description\":\"Instytuty Polskie\",\"potentialAction\":[{\"@type\":\"SearchAction\",\"target\":{\"@type\":\"EntryPoint\",\"urlTemplate\":\"https:\/\/instytutpolski.pl\/bucuresti\/?s={search_term_string}\"},\"query-input\":{\"@type\":\"PropertyValueSpecification\",\"valueRequired\":true,\"valueName\":\"search_term_string\"}}],\"inLanguage\":\"pl-PL\"},{\"@type\":\"Person\",\"@id\":\"https:\/\/instytutpolski.pl\/bucuresti\/#\/schema\/person\/980fdccff6ea3f1cab069becadecca5b\",\"name\":\"rutkowskip\",\"image\":{\"@type\":\"ImageObject\",\"inLanguage\":\"pl-PL\",\"@id\":\"https:\/\/instytutpolski.pl\/bucuresti\/#\/schema\/person\/image\/\",\"url\":\"https:\/\/secure.gravatar.com\/avatar\/a44cb0329dc71f58530e0890a10f5e4d?s=96&d=mm&r=g\",\"contentUrl\":\"https:\/\/secure.gravatar.com\/avatar\/a44cb0329dc71f58530e0890a10f5e4d?s=96&d=mm&r=g\",\"caption\":\"rutkowskip\"},\"url\":\"https:\/\/instytutpolski.pl\/bucuresti\/author\/rutkowskip\/\"}]}<\/script>\n<!-- \/ Yoast SEO plugin. -->","yoast_head_json":{"title":"Polsko-rumu\u0144skie relacje w okresie mi\u0119dzywojennym - drugi tom dokument\u00f3w - Instytut Polski w Bukareszcie","robots":{"index":"index","follow":"follow","max-snippet":"max-snippet:-1","max-image-preview":"max-image-preview:large","max-video-preview":"max-video-preview:-1"},"canonical":"https:\/\/instytutpolski.pl\/bucuresti\/pl\/2023\/03\/03\/polsko-rumunskie-relacje-w-okresie-miedzywojennym-drugi-tom-dokumentow\/","og_locale":"pl_PL","og_type":"article","og_title":"Polsko-rumu\u0144skie relacje w okresie mi\u0119dzywojennym - drugi tom dokument\u00f3w - Instytut Polski w Bukareszcie","og_description":"Ksi\u0105\u017cka \u201eNajbezpieczniejsza gwarancja pokoju i cywilizacji w Europie Wschodniej. Przymierze polsko rumu\u0144skie 1926-1932. Dokumenty i materia\u0142y\u201d pod red. prof. Henryka Walczaka i prof. Krzysztofa Nowaka ukaza\u0142a si\u0119 w zesz\u0142ym roku. Trzecia cz\u0119\u015b\u0107 serii zostanie wydana w tym roku.\u00a0\u00a0","og_url":"https:\/\/instytutpolski.pl\/bucuresti\/pl\/2023\/03\/03\/polsko-rumunskie-relacje-w-okresie-miedzywojennym-drugi-tom-dokumentow\/","og_site_name":"Instytut Polski w Bukareszcie","article_published_time":"2023-03-03T08:12:50+00:00","article_modified_time":"2024-03-06T09:24:19+00:00","og_image":[{"width":940,"height":788,"url":"https:\/\/instytutpolski.pl\/bucuresti\/wp-content\/uploads\/sites\/11\/2023\/03\/Design-fara-titlu-51.png","type":"image\/png"}],"author":"rutkowskip","twitter_card":"summary_large_image","twitter_misc":{"Napisane przez":"rutkowskip"},"schema":{"@context":"https:\/\/schema.org","@graph":[{"@type":"event","@id":"https:\/\/instytutpolski.pl\/bucuresti\/pl\/2023\/03\/03\/polsko-rumunskie-relacje-w-okresie-miedzywojennym-drugi-tom-dokumentow\/","url":"https:\/\/instytutpolski.pl\/bucuresti\/pl\/2023\/03\/03\/polsko-rumunskie-relacje-w-okresie-miedzywojennym-drugi-tom-dokumentow\/","name":"Polsko-rumu\u0144skie relacje w okresie mi\u0119dzywojennym - drugi tom dokument\u00f3w","isPartOf":{"@id":"https:\/\/instytutpolski.pl\/bucuresti\/#website"},"primaryImageOfPage":{"@id":"https:\/\/instytutpolski.pl\/bucuresti\/pl\/2023\/03\/03\/polsko-rumunskie-relacje-w-okresie-miedzywojennym-drugi-tom-dokumentow\/#primaryimage"},"image":["https:\/\/instytutpolski.pl\/bucuresti\/wp-content\/uploads\/sites\/11\/2023\/03\/Design-fara-titlu-51.png","https:\/\/instytutpolski.pl\/bucuresti\/wp-content\/uploads\/sites\/11\/2023\/03\/Design-fara-titlu-51-300x251.png","https:\/\/instytutpolski.pl\/bucuresti\/wp-content\/uploads\/sites\/11\/2023\/03\/Design-fara-titlu-51.png","https:\/\/instytutpolski.pl\/bucuresti\/wp-content\/uploads\/sites\/11\/2023\/03\/Design-fara-titlu-51.png"],"thumbnailUrl":"https:\/\/instytutpolski.pl\/bucuresti\/wp-content\/uploads\/sites\/11\/2023\/03\/Design-fara-titlu-51.png","datePublished":"2023-03-03T08:12:50+02:00","dateModified":"2024-03-06T09:24:19+02:00","author":{"@id":"https:\/\/instytutpolski.pl\/bucuresti\/#\/schema\/person\/980fdccff6ea3f1cab069becadecca5b"},"breadcrumb":{"@id":"https:\/\/instytutpolski.pl\/bucuresti\/pl\/2023\/03\/03\/polsko-rumunskie-relacje-w-okresie-miedzywojennym-drugi-tom-dokumentow\/#breadcrumb"},"inLanguage":"pl-PL","potentialAction":[{"@type":"ReadAction","target":["https:\/\/instytutpolski.pl\/bucuresti\/pl\/2023\/03\/03\/polsko-rumunskie-relacje-w-okresie-miedzywojennym-drugi-tom-dokumentow\/"]}],"@context":"https:\/\/schema.org","startDate":"2023-03-03","endDate":"2023-03-03","eventStatus":"EventScheduled","eventAttendanceMode":"OfflineEventAttendanceMode","location":{"@type":"place","name":"","address":"","geo":{"@type":"GeoCoordinates","latitude":"","longitude":""}},"description":"Ksi\u0105\u017cka \u201eNajbezpieczniejsza gwarancja pokoju i cywilizacji w Europie Wschodniej. Przymierze polsko rumu\u0144skie 1926-1932. Dokumenty i materia\u0142y\u201d pod red. prof. Henryka Walczaka i prof. Krzysztofa Nowaka ukaza\u0142a si\u0119 w zesz\u0142ym roku. Trzecia cz\u0119\u015b\u0107 serii zostanie wydana w tym roku.\u00a0\u00a0"},{"@type":"ImageObject","inLanguage":"pl-PL","@id":"https:\/\/instytutpolski.pl\/bucuresti\/pl\/2023\/03\/03\/polsko-rumunskie-relacje-w-okresie-miedzywojennym-drugi-tom-dokumentow\/#primaryimage","url":"https:\/\/instytutpolski.pl\/bucuresti\/wp-content\/uploads\/sites\/11\/2023\/03\/Design-fara-titlu-51.png","contentUrl":"https:\/\/instytutpolski.pl\/bucuresti\/wp-content\/uploads\/sites\/11\/2023\/03\/Design-fara-titlu-51.png","width":940,"height":788},{"@type":"BreadcrumbList","@id":"https:\/\/instytutpolski.pl\/bucuresti\/pl\/2023\/03\/03\/polsko-rumunskie-relacje-w-okresie-miedzywojennym-drugi-tom-dokumentow\/#breadcrumb","itemListElement":[{"@type":"ListItem","position":1,"name":"Home","item":"https:\/\/instytutpolski.pl\/bucuresti\/"},{"@type":"ListItem","position":2,"name":"Polsko-rumu\u0144skie relacje w okresie mi\u0119dzywojennym &#8211; drugi tom dokument\u00f3w"}]},{"@type":"WebSite","@id":"https:\/\/instytutpolski.pl\/bucuresti\/#website","url":"https:\/\/instytutpolski.pl\/bucuresti\/","name":"Instytut Polski w Bukareszcie","description":"Instytuty Polskie","potentialAction":[{"@type":"SearchAction","target":{"@type":"EntryPoint","urlTemplate":"https:\/\/instytutpolski.pl\/bucuresti\/?s={search_term_string}"},"query-input":{"@type":"PropertyValueSpecification","valueRequired":true,"valueName":"search_term_string"}}],"inLanguage":"pl-PL"},{"@type":"Person","@id":"https:\/\/instytutpolski.pl\/bucuresti\/#\/schema\/person\/980fdccff6ea3f1cab069becadecca5b","name":"rutkowskip","image":{"@type":"ImageObject","inLanguage":"pl-PL","@id":"https:\/\/instytutpolski.pl\/bucuresti\/#\/schema\/person\/image\/","url":"https:\/\/secure.gravatar.com\/avatar\/a44cb0329dc71f58530e0890a10f5e4d?s=96&d=mm&r=g","contentUrl":"https:\/\/secure.gravatar.com\/avatar\/a44cb0329dc71f58530e0890a10f5e4d?s=96&d=mm&r=g","caption":"rutkowskip"},"url":"https:\/\/instytutpolski.pl\/bucuresti\/author\/rutkowskip\/"}]}},"_links":{"self":[{"href":"https:\/\/instytutpolski.pl\/bucuresti\/wp-json\/wp\/v2\/posts\/9829","targetHints":{"allow":["GET"]}}],"collection":[{"href":"https:\/\/instytutpolski.pl\/bucuresti\/wp-json\/wp\/v2\/posts"}],"about":[{"href":"https:\/\/instytutpolski.pl\/bucuresti\/wp-json\/wp\/v2\/types\/post"}],"author":[{"embeddable":true,"href":"https:\/\/instytutpolski.pl\/bucuresti\/wp-json\/wp\/v2\/users\/42"}],"replies":[{"embeddable":true,"href":"https:\/\/instytutpolski.pl\/bucuresti\/wp-json\/wp\/v2\/comments?post=9829"}],"version-history":[{"count":3,"href":"https:\/\/instytutpolski.pl\/bucuresti\/wp-json\/wp\/v2\/posts\/9829\/revisions"}],"predecessor-version":[{"id":9895,"href":"https:\/\/instytutpolski.pl\/bucuresti\/wp-json\/wp\/v2\/posts\/9829\/revisions\/9895"}],"wp:featuredmedia":[{"embeddable":true,"href":"https:\/\/instytutpolski.pl\/bucuresti\/wp-json\/wp\/v2\/media\/9826"}],"wp:attachment":[{"href":"https:\/\/instytutpolski.pl\/bucuresti\/wp-json\/wp\/v2\/media?parent=9829"}],"wp:term":[{"taxonomy":"category","embeddable":true,"href":"https:\/\/instytutpolski.pl\/bucuresti\/wp-json\/wp\/v2\/categories?post=9829"},{"taxonomy":"post_tag","embeddable":true,"href":"https:\/\/instytutpolski.pl\/bucuresti\/wp-json\/wp\/v2\/tags?post=9829"}],"curies":[{"name":"wp","href":"https:\/\/api.w.org\/{rel}","templated":true}]}}