{"id":9835,"date":"2023-03-07T12:46:52","date_gmt":"2023-03-07T11:46:52","guid":{"rendered":"https:\/\/instytutpolski.pl\/bucuresti\/?p=9835"},"modified":"2023-03-20T09:16:51","modified_gmt":"2023-03-20T08:16:51","slug":"concurs-copernic-constelatii","status":"publish","type":"post","link":"https:\/\/instytutpolski.pl\/bucuresti\/2023\/03\/07\/concurs-copernic-constelatii\/","title":{"rendered":"Concurs: Copernic &#8211; constela\u021bii"},"content":{"rendered":"\n<p>Invit\u0103m to\u021bi designerii creativi s\u0103 participe la concurs \u0219i s\u0103 se inspire din istoria \u0219i tradi\u021bia culturii \u0219i \u0219tiin\u021bei poloneze. \u00censcrierile se fac p\u00e2n\u0103 pe 14 mai 2023.<br \/>Concursul \u00ee\u0219i propune s\u0103 aduc\u0103 mai aproape figura \u0219i realiz\u0103rile lui Nicolaus Copernic.<br \/>Toate informa\u021biile necesare le g\u0103si\u021bi <a href=\"https:\/\/bit.ly\/kopernik-konstelacje\" target=\"_blank\" rel=\"noopener\">AICI<\/a> (varianta \u00een limba engleza se g\u0103se\u0219te \u00een josul paginii)<\/p>\n","protected":false},"excerpt":{"rendered":"<p>Invit\u0103m to\u021bi designerii creativi s\u0103 participe la concurs \u0219i s\u0103 se inspire din istoria \u0219i tradi\u021bia culturii \u0219i \u0219tiin\u021bei poloneze. \u00censcrierile se fac p\u00e2n\u0103 pe 14 mai 2023.Concursul \u00ee\u0219i propune s\u0103 aduc\u0103 mai aproape figura \u0219i realiz\u0103rile lui Nicolaus Copernic.Toate informa\u021biile necesare le g\u0103si\u021bi AICI (varianta \u00een limba engleza se g\u0103se\u0219te \u00een josul paginii)<\/p>\n","protected":false},"author":43,"featured_media":9836,"comment_status":"open","ping_status":"open","sticky":false,"template":"","format":"standard","meta":{"inline_featured_image":false,"_monsterinsights_skip_tracking":false,"_monsterinsights_sitenote_active":false,"_monsterinsights_sitenote_note":"","_monsterinsights_sitenote_category":0,"footnotes":""},"categories":[100],"tags":[],"class_list":["post-9835","post","type-post","status-publish","format-standard","has-post-thumbnail","hentry","category-stiri-ro"],"yoast_head":"<!-- This site is optimized with the Yoast SEO plugin v24.6 - https:\/\/yoast.com\/wordpress\/plugins\/seo\/ -->\n<title>Concurs: Copernic - constela\u021bii - Instytut Polski w Bukareszcie<\/title>\n<meta name=\"robots\" content=\"index, follow, max-snippet:-1, max-image-preview:large, max-video-preview:-1\" \/>\n<link rel=\"canonical\" href=\"https:\/\/instytutpolski.pl\/bucuresti\/2023\/03\/07\/concurs-copernic-constelatii\/\" \/>\n<meta property=\"og:locale\" content=\"pl_PL\" \/>\n<meta property=\"og:type\" content=\"article\" \/>\n<meta property=\"og:title\" content=\"Concurs: Copernic - constela\u021bii - Instytut Polski w Bukareszcie\" \/>\n<meta property=\"og:description\" content=\"Invit\u0103m to\u021bi designerii creativi s\u0103 participe la concurs \u0219i s\u0103 se inspire din istoria \u0219i tradi\u021bia culturii \u0219i \u0219tiin\u021bei poloneze. \u00censcrierile se fac p\u00e2n\u0103 pe 14 mai 2023.Concursul \u00ee\u0219i propune s\u0103 aduc\u0103 mai aproape figura \u0219i realiz\u0103rile lui Nicolaus Copernic.Toate informa\u021biile necesare le g\u0103si\u021bi AICI (varianta \u00een limba engleza se g\u0103se\u0219te \u00een josul paginii)\" \/>\n<meta property=\"og:url\" content=\"https:\/\/instytutpolski.pl\/bucuresti\/2023\/03\/07\/concurs-copernic-constelatii\/\" \/>\n<meta property=\"og:site_name\" content=\"Instytut Polski w Bukareszcie\" \/>\n<meta property=\"article:published_time\" content=\"2023-03-07T11:46:52+00:00\" \/>\n<meta property=\"article:modified_time\" content=\"2023-03-20T08:16:51+00:00\" \/>\n<meta property=\"og:image\" content=\"https:\/\/instytutpolski.pl\/bucuresti\/wp-content\/uploads\/sites\/11\/2023\/03\/kopernik-konstelacje.png\" \/>\n\t<meta property=\"og:image:width\" content=\"526\" \/>\n\t<meta property=\"og:image:height\" content=\"526\" \/>\n\t<meta property=\"og:image:type\" content=\"image\/png\" \/>\n<meta name=\"author\" content=\"nicolaua\" \/>\n<meta name=\"twitter:card\" content=\"summary_large_image\" \/>\n<meta name=\"twitter:label1\" content=\"Napisane przez\" \/>\n\t<meta name=\"twitter:data1\" content=\"nicolaua\" \/>\n\t<meta name=\"twitter:label2\" content=\"Szacowany czas czytania\" \/>\n\t<meta name=\"twitter:data2\" content=\"1 minuta\" \/>\n<script type=\"application\/ld+json\" class=\"yoast-schema-graph\">{\"@context\":\"https:\/\/schema.org\",\"@graph\":[{\"@type\":\"event\",\"@id\":\"https:\/\/instytutpolski.pl\/bucuresti\/2023\/03\/07\/concurs-copernic-constelatii\/\",\"url\":\"https:\/\/instytutpolski.pl\/bucuresti\/2023\/03\/07\/concurs-copernic-constelatii\/\",\"name\":\"Concurs: Copernic - constela\u021bii\",\"isPartOf\":{\"@id\":\"https:\/\/instytutpolski.pl\/bucuresti\/#website\"},\"primaryImageOfPage\":{\"@id\":\"https:\/\/instytutpolski.pl\/bucuresti\/2023\/03\/07\/concurs-copernic-constelatii\/#primaryimage\"},\"image\":[\"https:\/\/instytutpolski.pl\/bucuresti\/wp-content\/uploads\/sites\/11\/2023\/03\/kopernik-konstelacje.png\",\"https:\/\/instytutpolski.pl\/bucuresti\/wp-content\/uploads\/sites\/11\/2023\/03\/kopernik-konstelacje-300x300.png\",\"https:\/\/instytutpolski.pl\/bucuresti\/wp-content\/uploads\/sites\/11\/2023\/03\/kopernik-konstelacje.png\",\"https:\/\/instytutpolski.pl\/bucuresti\/wp-content\/uploads\/sites\/11\/2023\/03\/kopernik-konstelacje.png\"],\"thumbnailUrl\":\"https:\/\/instytutpolski.pl\/bucuresti\/wp-content\/uploads\/sites\/11\/2023\/03\/kopernik-konstelacje.png\",\"datePublished\":\"2023-03-07T11:46:52+02:00\",\"dateModified\":\"2023-03-20T08:16:51+02:00\",\"author\":{\"@id\":\"https:\/\/instytutpolski.pl\/bucuresti\/#\/schema\/person\/a1d5ab39dce466455f60589721519864\"},\"breadcrumb\":{\"@id\":\"https:\/\/instytutpolski.pl\/bucuresti\/2023\/03\/07\/concurs-copernic-constelatii\/#breadcrumb\"},\"inLanguage\":\"pl-PL\",\"potentialAction\":[{\"@type\":\"ReadAction\",\"target\":[\"https:\/\/instytutpolski.pl\/bucuresti\/2023\/03\/07\/concurs-copernic-constelatii\/\"]}],\"@context\":\"https:\/\/schema.org\",\"startDate\":\"2023-02-17\",\"endDate\":\"2023-05-14\",\"eventStatus\":\"EventScheduled\",\"eventAttendanceMode\":\"OfflineEventAttendanceMode\",\"location\":{\"@type\":\"place\",\"name\":\"\",\"address\":\"\",\"geo\":{\"@type\":\"GeoCoordinates\",\"latitude\":\"\",\"longitude\":\"\"}},\"description\":\"Invit\u0103m to\u021bi designerii creativi s\u0103 participe la concurs \u0219i s\u0103 se inspire din istoria \u0219i tradi\u021bia culturii \u0219i \u0219tiin\u021bei poloneze. \u00censcrierile se fac p\u00e2n\u0103 pe 14 mai 2023.Concursul \u00ee\u0219i propune s\u0103 aduc\u0103 mai aproape figura \u0219i realiz\u0103rile lui Nicolaus Copernic.Toate informa\u021biile necesare le g\u0103si\u021bi AICI (varianta \u00een limba engleza se g\u0103se\u0219te \u00een josul paginii)\"},{\"@type\":\"ImageObject\",\"inLanguage\":\"pl-PL\",\"@id\":\"https:\/\/instytutpolski.pl\/bucuresti\/2023\/03\/07\/concurs-copernic-constelatii\/#primaryimage\",\"url\":\"https:\/\/instytutpolski.pl\/bucuresti\/wp-content\/uploads\/sites\/11\/2023\/03\/kopernik-konstelacje.png\",\"contentUrl\":\"https:\/\/instytutpolski.pl\/bucuresti\/wp-content\/uploads\/sites\/11\/2023\/03\/kopernik-konstelacje.png\",\"width\":526,\"height\":526},{\"@type\":\"BreadcrumbList\",\"@id\":\"https:\/\/instytutpolski.pl\/bucuresti\/2023\/03\/07\/concurs-copernic-constelatii\/#breadcrumb\",\"itemListElement\":[{\"@type\":\"ListItem\",\"position\":1,\"name\":\"Home\",\"item\":\"https:\/\/instytutpolski.pl\/bucuresti\/\"},{\"@type\":\"ListItem\",\"position\":2,\"name\":\"Concurs: Copernic &#8211; constela\u021bii\"}]},{\"@type\":\"WebSite\",\"@id\":\"https:\/\/instytutpolski.pl\/bucuresti\/#website\",\"url\":\"https:\/\/instytutpolski.pl\/bucuresti\/\",\"name\":\"Instytut Polski w Bukareszcie\",\"description\":\"Instytuty Polskie\",\"potentialAction\":[{\"@type\":\"SearchAction\",\"target\":{\"@type\":\"EntryPoint\",\"urlTemplate\":\"https:\/\/instytutpolski.pl\/bucuresti\/?s={search_term_string}\"},\"query-input\":{\"@type\":\"PropertyValueSpecification\",\"valueRequired\":true,\"valueName\":\"search_term_string\"}}],\"inLanguage\":\"pl-PL\"},{\"@type\":\"Person\",\"@id\":\"https:\/\/instytutpolski.pl\/bucuresti\/#\/schema\/person\/a1d5ab39dce466455f60589721519864\",\"name\":\"nicolaua\",\"image\":{\"@type\":\"ImageObject\",\"inLanguage\":\"pl-PL\",\"@id\":\"https:\/\/instytutpolski.pl\/bucuresti\/#\/schema\/person\/image\/\",\"url\":\"https:\/\/secure.gravatar.com\/avatar\/5029b942a8ac0a6a935e5655abff56ef?s=96&d=mm&r=g\",\"contentUrl\":\"https:\/\/secure.gravatar.com\/avatar\/5029b942a8ac0a6a935e5655abff56ef?s=96&d=mm&r=g\",\"caption\":\"nicolaua\"},\"url\":\"https:\/\/instytutpolski.pl\/bucuresti\/author\/nicolaua\/\"}]}<\/script>\n<!-- \/ Yoast SEO plugin. -->","yoast_head_json":{"title":"Concurs: Copernic - constela\u021bii - Instytut Polski w Bukareszcie","robots":{"index":"index","follow":"follow","max-snippet":"max-snippet:-1","max-image-preview":"max-image-preview:large","max-video-preview":"max-video-preview:-1"},"canonical":"https:\/\/instytutpolski.pl\/bucuresti\/2023\/03\/07\/concurs-copernic-constelatii\/","og_locale":"pl_PL","og_type":"article","og_title":"Concurs: Copernic - constela\u021bii - Instytut Polski w Bukareszcie","og_description":"Invit\u0103m to\u021bi designerii creativi s\u0103 participe la concurs \u0219i s\u0103 se inspire din istoria \u0219i tradi\u021bia culturii \u0219i \u0219tiin\u021bei poloneze. \u00censcrierile se fac p\u00e2n\u0103 pe 14 mai 2023.Concursul \u00ee\u0219i propune s\u0103 aduc\u0103 mai aproape figura \u0219i realiz\u0103rile lui Nicolaus Copernic.Toate informa\u021biile necesare le g\u0103si\u021bi AICI (varianta \u00een limba engleza se g\u0103se\u0219te \u00een josul paginii)","og_url":"https:\/\/instytutpolski.pl\/bucuresti\/2023\/03\/07\/concurs-copernic-constelatii\/","og_site_name":"Instytut Polski w Bukareszcie","article_published_time":"2023-03-07T11:46:52+00:00","article_modified_time":"2023-03-20T08:16:51+00:00","og_image":[{"width":526,"height":526,"url":"https:\/\/instytutpolski.pl\/bucuresti\/wp-content\/uploads\/sites\/11\/2023\/03\/kopernik-konstelacje.png","type":"image\/png"}],"author":"nicolaua","twitter_card":"summary_large_image","twitter_misc":{"Napisane przez":"nicolaua","Szacowany czas czytania":"1 minuta"},"schema":{"@context":"https:\/\/schema.org","@graph":[{"@type":"event","@id":"https:\/\/instytutpolski.pl\/bucuresti\/2023\/03\/07\/concurs-copernic-constelatii\/","url":"https:\/\/instytutpolski.pl\/bucuresti\/2023\/03\/07\/concurs-copernic-constelatii\/","name":"Concurs: Copernic - constela\u021bii","isPartOf":{"@id":"https:\/\/instytutpolski.pl\/bucuresti\/#website"},"primaryImageOfPage":{"@id":"https:\/\/instytutpolski.pl\/bucuresti\/2023\/03\/07\/concurs-copernic-constelatii\/#primaryimage"},"image":["https:\/\/instytutpolski.pl\/bucuresti\/wp-content\/uploads\/sites\/11\/2023\/03\/kopernik-konstelacje.png","https:\/\/instytutpolski.pl\/bucuresti\/wp-content\/uploads\/sites\/11\/2023\/03\/kopernik-konstelacje-300x300.png","https:\/\/instytutpolski.pl\/bucuresti\/wp-content\/uploads\/sites\/11\/2023\/03\/kopernik-konstelacje.png","https:\/\/instytutpolski.pl\/bucuresti\/wp-content\/uploads\/sites\/11\/2023\/03\/kopernik-konstelacje.png"],"thumbnailUrl":"https:\/\/instytutpolski.pl\/bucuresti\/wp-content\/uploads\/sites\/11\/2023\/03\/kopernik-konstelacje.png","datePublished":"2023-03-07T11:46:52+02:00","dateModified":"2023-03-20T08:16:51+02:00","author":{"@id":"https:\/\/instytutpolski.pl\/bucuresti\/#\/schema\/person\/a1d5ab39dce466455f60589721519864"},"breadcrumb":{"@id":"https:\/\/instytutpolski.pl\/bucuresti\/2023\/03\/07\/concurs-copernic-constelatii\/#breadcrumb"},"inLanguage":"pl-PL","potentialAction":[{"@type":"ReadAction","target":["https:\/\/instytutpolski.pl\/bucuresti\/2023\/03\/07\/concurs-copernic-constelatii\/"]}],"@context":"https:\/\/schema.org","startDate":"2023-02-17","endDate":"2023-05-14","eventStatus":"EventScheduled","eventAttendanceMode":"OfflineEventAttendanceMode","location":{"@type":"place","name":"","address":"","geo":{"@type":"GeoCoordinates","latitude":"","longitude":""}},"description":"Invit\u0103m to\u021bi designerii creativi s\u0103 participe la concurs \u0219i s\u0103 se inspire din istoria \u0219i tradi\u021bia culturii \u0219i \u0219tiin\u021bei poloneze. \u00censcrierile se fac p\u00e2n\u0103 pe 14 mai 2023.Concursul \u00ee\u0219i propune s\u0103 aduc\u0103 mai aproape figura \u0219i realiz\u0103rile lui Nicolaus Copernic.Toate informa\u021biile necesare le g\u0103si\u021bi AICI (varianta \u00een limba engleza se g\u0103se\u0219te \u00een josul paginii)"},{"@type":"ImageObject","inLanguage":"pl-PL","@id":"https:\/\/instytutpolski.pl\/bucuresti\/2023\/03\/07\/concurs-copernic-constelatii\/#primaryimage","url":"https:\/\/instytutpolski.pl\/bucuresti\/wp-content\/uploads\/sites\/11\/2023\/03\/kopernik-konstelacje.png","contentUrl":"https:\/\/instytutpolski.pl\/bucuresti\/wp-content\/uploads\/sites\/11\/2023\/03\/kopernik-konstelacje.png","width":526,"height":526},{"@type":"BreadcrumbList","@id":"https:\/\/instytutpolski.pl\/bucuresti\/2023\/03\/07\/concurs-copernic-constelatii\/#breadcrumb","itemListElement":[{"@type":"ListItem","position":1,"name":"Home","item":"https:\/\/instytutpolski.pl\/bucuresti\/"},{"@type":"ListItem","position":2,"name":"Concurs: Copernic &#8211; constela\u021bii"}]},{"@type":"WebSite","@id":"https:\/\/instytutpolski.pl\/bucuresti\/#website","url":"https:\/\/instytutpolski.pl\/bucuresti\/","name":"Instytut Polski w Bukareszcie","description":"Instytuty Polskie","potentialAction":[{"@type":"SearchAction","target":{"@type":"EntryPoint","urlTemplate":"https:\/\/instytutpolski.pl\/bucuresti\/?s={search_term_string}"},"query-input":{"@type":"PropertyValueSpecification","valueRequired":true,"valueName":"search_term_string"}}],"inLanguage":"pl-PL"},{"@type":"Person","@id":"https:\/\/instytutpolski.pl\/bucuresti\/#\/schema\/person\/a1d5ab39dce466455f60589721519864","name":"nicolaua","image":{"@type":"ImageObject","inLanguage":"pl-PL","@id":"https:\/\/instytutpolski.pl\/bucuresti\/#\/schema\/person\/image\/","url":"https:\/\/secure.gravatar.com\/avatar\/5029b942a8ac0a6a935e5655abff56ef?s=96&d=mm&r=g","contentUrl":"https:\/\/secure.gravatar.com\/avatar\/5029b942a8ac0a6a935e5655abff56ef?s=96&d=mm&r=g","caption":"nicolaua"},"url":"https:\/\/instytutpolski.pl\/bucuresti\/author\/nicolaua\/"}]}},"_links":{"self":[{"href":"https:\/\/instytutpolski.pl\/bucuresti\/wp-json\/wp\/v2\/posts\/9835","targetHints":{"allow":["GET"]}}],"collection":[{"href":"https:\/\/instytutpolski.pl\/bucuresti\/wp-json\/wp\/v2\/posts"}],"about":[{"href":"https:\/\/instytutpolski.pl\/bucuresti\/wp-json\/wp\/v2\/types\/post"}],"author":[{"embeddable":true,"href":"https:\/\/instytutpolski.pl\/bucuresti\/wp-json\/wp\/v2\/users\/43"}],"replies":[{"embeddable":true,"href":"https:\/\/instytutpolski.pl\/bucuresti\/wp-json\/wp\/v2\/comments?post=9835"}],"version-history":[{"count":7,"href":"https:\/\/instytutpolski.pl\/bucuresti\/wp-json\/wp\/v2\/posts\/9835\/revisions"}],"predecessor-version":[{"id":9936,"href":"https:\/\/instytutpolski.pl\/bucuresti\/wp-json\/wp\/v2\/posts\/9835\/revisions\/9936"}],"wp:featuredmedia":[{"embeddable":true,"href":"https:\/\/instytutpolski.pl\/bucuresti\/wp-json\/wp\/v2\/media\/9836"}],"wp:attachment":[{"href":"https:\/\/instytutpolski.pl\/bucuresti\/wp-json\/wp\/v2\/media?parent=9835"}],"wp:term":[{"taxonomy":"category","embeddable":true,"href":"https:\/\/instytutpolski.pl\/bucuresti\/wp-json\/wp\/v2\/categories?post=9835"},{"taxonomy":"post_tag","embeddable":true,"href":"https:\/\/instytutpolski.pl\/bucuresti\/wp-json\/wp\/v2\/tags?post=9835"}],"curies":[{"name":"wp","href":"https:\/\/api.w.org\/{rel}","templated":true}]}}