{"id":13792,"date":"2021-11-12T15:13:19","date_gmt":"2021-11-12T14:13:19","guid":{"rendered":"https:\/\/instytutpolski.pl\/budapest\/?p=13792"},"modified":"2021-12-07T16:01:49","modified_gmt":"2021-12-07T15:01:49","slug":"folk_like-it","status":"publish","type":"post","link":"https:\/\/instytutpolski.pl\/budapest\/2021\/11\/12\/folk_like-it\/","title":{"rendered":"Folk_Like it"},"content":{"rendered":"\n<p style=\"text-align: justify\">A \u201cFOLK Like it\u201d a lengyelorsz\u00e1gi <a href=\"http:\/\/zespolslask.pl\/us\">\u015al\u0105sk \u00c9nek- \u00e9s T\u00e1ncegy\u00fcttes<\/a> leg\u00fajabb projektje, amelynek keret\u00e9ben a t\u00e1rsulat novemberben Szlov\u00e1ki\u00e1ban, Magyarorsz\u00e1gon, Szerbi\u00e1ban \u00e9s Horv\u00e1torsz\u00e1gban turn\u00e9zik. November 21-\u00e9n a Hagyom\u00e1nyok H\u00e1za ad otthont a produkci\u00f3nak, a \u015al\u0105sk mellett az este folyam\u00e1n fell\u00e9p a Magyar \u00c1llami N\u00e9pi Egy\u00fcttes is.<\/p>\n<p style=\"text-align: justify\">A projekt f\u0151 c\u00e9lja a lengyel n\u00e9pi kult\u00fara gazdags\u00e1g\u00e1nak bemutat\u00e1sa, \u00e9s&nbsp;a vend\u00e9gprodukci\u00f3k t\u00fckr\u00e9ben annak felt\u00e9rk\u00e9pez\u00e9se, hogy a nemzeti kult\u00fara milyen szerepet t\u00f6lt be az egyes nemzetek identit\u00e1s\u00e1nak \u00e9p\u00edt\u00e9s\u00e9ben a k\u00f6z\u00f6s Eur\u00f3p\u00e1ban.<\/p>\n<div id=\"attachment_13796\" style=\"width: 581px\" class=\"wp-caption aligncenter\"><img loading=\"lazy\" decoding=\"async\" aria-describedby=\"caption-attachment-13796\" class=\"wp-image-13796\" src=\"https:\/\/instytutpolski.pl\/budapest\/wp-content\/uploads\/sites\/21\/2021\/11\/zdjeciapromocyjne23-300x200.jpg\" alt=\"\" width=\"571\" height=\"380\" srcset=\"https:\/\/instytutpolski.pl\/budapest\/wp-content\/uploads\/sites\/21\/2021\/11\/zdjeciapromocyjne23-300x200.jpg 300w, https:\/\/instytutpolski.pl\/budapest\/wp-content\/uploads\/sites\/21\/2021\/11\/zdjeciapromocyjne23-1024x682.jpg 1024w, https:\/\/instytutpolski.pl\/budapest\/wp-content\/uploads\/sites\/21\/2021\/11\/zdjeciapromocyjne23-768x511.jpg 768w, https:\/\/instytutpolski.pl\/budapest\/wp-content\/uploads\/sites\/21\/2021\/11\/zdjeciapromocyjne23-1536x1022.jpg 1536w, https:\/\/instytutpolski.pl\/budapest\/wp-content\/uploads\/sites\/21\/2021\/11\/zdjeciapromocyjne23-2048x1363.jpg 2048w\" sizes=\"auto, (max-width: 571px) 100vw, 571px\" \/><p id=\"caption-attachment-13796\" class=\"wp-caption-text\">Forr\u00e1s: \u015al\u0105sk \u00c9nek- \u00e9s T\u00e1ncegy\u00fcttes<\/p><\/div>\n<p style=\"text-align: justify\">A \u015al\u0105sk egy\u00fcttes produkci\u00f3ja &#8211; <em>Bemutatkozik Lengyelorsz\u00e1g<\/em> &#8211; v\u00e1logat\u00e1s a t\u00e1rsulat k\u00f6zel 70 \u00e9ves t\u00f6rt\u00e9net\u00e9b\u0151l, amely ily m\u00f3don kiv\u00e1l\u00f3 kapcsol\u00f3d\u00e1si pont az id\u00e9n 70 \u00e9ves jubileum\u00e1t \u00fcnnepl\u0151 Magyar \u00c1llami N\u00e9pi Egy\u00fctteshez. A Magyar \u00c1llami N\u00e9pi Egy\u00fcttes a K\u00f6rt\u00e1nc &#8211; K\u00e1rp\u00e1t-medence antol\u00f3gia c\u00edm\u0171 m\u0171sor\u00e1t mutatja be. Az el\u0151ad\u00e1ssal egy id\u0151ben hagyom\u00e1nyos lengyel viseletek bemutat\u00e1s\u00e1ra is sor ker\u00fcl a Sz\u00ednh\u00e1zterem el\u0151ter\u00e9ben.<\/p>\n\n\n\n<p><strong>Id\u0151pont: 2021. november 21. (vas\u00e1rnap), 19.00 \u00f3ra<\/strong><\/p>\n<p><strong>Helysz\u00edn: Hagyom\u00e1nyok H\u00e1za &#8211; 1011 Budapest, Corvin t\u00e9r 8.<\/strong><\/p>\n<p style=\"text-align: justify\">A \u201eFOLK_Like it &#8211; a n\u00e9pviselet mint a kult\u00fara t\u00fckre \u00e9s a nemzeti identit\u00e1s meghat\u00e1roz\u00f3ja Lengyelorsz\u00e1g, Szlov\u00e1kia, Horv\u00e1torsz\u00e1g, Szerbia \u00e9s Magyarorsz\u00e1g p\u00e9ld\u00e1j\u00e1n\u201d a lengyel Kultur\u00e1lis \u00e9s Nemzeti \u00d6r\u00f6ks\u00e9g Miniszt\u00e9riuma \u00e1ltal t\u00e1rsfinansz\u00edrozott projekt az \u201eInspir\u00e1l\u00f3 kult\u00fara\u201d Program 2021-2022 keret\u00e9ben.<\/p>\n<div id=\"attachment_13828\" style=\"width: 604px\" class=\"wp-caption aligncenter\"><img loading=\"lazy\" decoding=\"async\" aria-describedby=\"caption-attachment-13828\" class=\"wp-image-13828\" src=\"https:\/\/instytutpolski.pl\/budapest\/wp-content\/uploads\/sites\/21\/2021\/11\/tanck066-300x200.jpg\" alt=\"\" width=\"594\" height=\"397\" srcset=\"https:\/\/instytutpolski.pl\/budapest\/wp-content\/uploads\/sites\/21\/2021\/11\/tanck066-300x200.jpg 300w, https:\/\/instytutpolski.pl\/budapest\/wp-content\/uploads\/sites\/21\/2021\/11\/tanck066-1024x683.jpg 1024w, https:\/\/instytutpolski.pl\/budapest\/wp-content\/uploads\/sites\/21\/2021\/11\/tanck066-768x512.jpg 768w, https:\/\/instytutpolski.pl\/budapest\/wp-content\/uploads\/sites\/21\/2021\/11\/tanck066-1536x1024.jpg 1536w, https:\/\/instytutpolski.pl\/budapest\/wp-content\/uploads\/sites\/21\/2021\/11\/tanck066-2048x1365.jpg 2048w\" sizes=\"auto, (max-width: 594px) 100vw, 594px\" \/><p id=\"caption-attachment-13828\" class=\"wp-caption-text\">Magyar \u00c1llami N\u00e9pi Egy\u00fcttes<\/p><\/div>\n<p>Partnerek: Hagyom\u00e1nyok H\u00e1za, Lengyel Int\u00e9zet\u00a0<\/p>\n\n\n\n<p>B\u0151vebb inform\u00e1ci\u00f3: <a href=\"https:\/\/hagyomanyokhaza.hu\/hu\/mane\/program\/folklike-it-mane-es-lengyel-slask-kozos-musora\">https:\/\/hagyomanyokhaza.hu\/hu\/mane\/program\/folklike-it-mane-es-lengyel-slask-kozos-musora<\/a><\/p>\n\n\n\n<p><\/p>\n","protected":false},"excerpt":{"rendered":"<p>A \u201cFOLK Like it\u201d a lengyelorsz\u00e1gi \u015al\u0105sk \u00c9nek- \u00e9s T\u00e1ncegy\u00fcttes leg\u00fajabb projektje, amelynek keret\u00e9ben a t\u00e1rsulat novemberben Szlov\u00e1ki\u00e1ban, Magyarorsz\u00e1gon, Szerbi\u00e1ban \u00e9s Horv\u00e1torsz\u00e1gban turn\u00e9zik. November 21-\u00e9n a Hagyom\u00e1nyok H\u00e1za ad otthont a produkci\u00f3nak, a \u015al\u0105sk mellett az este folyam\u00e1n fell\u00e9p a Magyar \u00c1llami N\u00e9pi Egy\u00fcttes is. A projekt f\u0151 c\u00e9lja a lengyel n\u00e9pi kult\u00fara gazdags\u00e1g\u00e1nak bemutat\u00e1sa, [&hellip;]<\/p>\n","protected":false},"author":137,"featured_media":13835,"comment_status":"open","ping_status":"open","sticky":false,"template":"","format":"standard","meta":{"inline_featured_image":false,"_monsterinsights_skip_tracking":false,"_monsterinsights_sitenote_active":false,"_monsterinsights_sitenote_note":"","_monsterinsights_sitenote_category":0,"footnotes":""},"categories":[235,36,275,44],"tags":[],"class_list":["post-13792","post","type-post","status-publish","format-standard","has-post-thumbnail","hentry","category-esemenyek","category-program","category-tanc-program","category-zene"],"yoast_head":"<!-- This site is optimized with the Yoast SEO plugin v24.6 - https:\/\/yoast.com\/wordpress\/plugins\/seo\/ -->\n<title>Folk_Like it - Instytut Polski w Budapeszcie<\/title>\n<meta name=\"robots\" content=\"index, follow, max-snippet:-1, max-image-preview:large, max-video-preview:-1\" \/>\n<link rel=\"canonical\" href=\"https:\/\/instytutpolski.pl\/budapest\/2021\/11\/12\/folk_like-it\/\" \/>\n<meta property=\"og:locale\" content=\"pl_PL\" \/>\n<meta property=\"og:type\" content=\"article\" \/>\n<meta property=\"og:title\" content=\"Folk_Like it - Instytut Polski w Budapeszcie\" \/>\n<meta property=\"og:description\" content=\"A \u201cFOLK Like it\u201d a lengyelorsz\u00e1gi \u015al\u0105sk \u00c9nek- \u00e9s T\u00e1ncegy\u00fcttes leg\u00fajabb projektje, amelynek keret\u00e9ben a t\u00e1rsulat novemberben Szlov\u00e1ki\u00e1ban, Magyarorsz\u00e1gon, Szerbi\u00e1ban \u00e9s Horv\u00e1torsz\u00e1gban turn\u00e9zik. November 21-\u00e9n a Hagyom\u00e1nyok H\u00e1za ad otthont a produkci\u00f3nak, a \u015al\u0105sk mellett az este folyam\u00e1n fell\u00e9p a Magyar \u00c1llami N\u00e9pi Egy\u00fcttes is. A projekt f\u0151 c\u00e9lja a lengyel n\u00e9pi kult\u00fara gazdags\u00e1g\u00e1nak bemutat\u00e1sa, [&hellip;]\" \/>\n<meta property=\"og:url\" content=\"https:\/\/instytutpolski.pl\/budapest\/2021\/11\/12\/folk_like-it\/\" \/>\n<meta property=\"og:site_name\" content=\"Instytut Polski w Budapeszcie\" \/>\n<meta property=\"article:published_time\" content=\"2021-11-12T14:13:19+00:00\" \/>\n<meta property=\"article:modified_time\" content=\"2021-12-07T15:01:49+00:00\" \/>\n<meta property=\"og:image\" content=\"https:\/\/instytutpolski.pl\/budapest\/wp-content\/uploads\/sites\/21\/2021\/11\/2-2.jpg\" \/>\n\t<meta property=\"og:image:width\" content=\"2363\" \/>\n\t<meta property=\"og:image:height\" content=\"1595\" \/>\n\t<meta property=\"og:image:type\" content=\"image\/jpeg\" \/>\n<meta name=\"author\" content=\"jergert\" \/>\n<meta name=\"twitter:card\" content=\"summary_large_image\" \/>\n<meta name=\"twitter:label1\" content=\"Napisane przez\" \/>\n\t<meta name=\"twitter:data1\" content=\"jergert\" \/>\n\t<meta name=\"twitter:label2\" content=\"Szacowany czas czytania\" \/>\n\t<meta name=\"twitter:data2\" content=\"2 minuty\" \/>\n<script type=\"application\/ld+json\" class=\"yoast-schema-graph\">{\"@context\":\"https:\/\/schema.org\",\"@graph\":[{\"@type\":\"event\",\"@id\":\"https:\/\/instytutpolski.pl\/budapest\/2021\/11\/12\/folk_like-it\/\",\"url\":\"https:\/\/instytutpolski.pl\/budapest\/2021\/11\/12\/folk_like-it\/\",\"name\":\"Folk_Like it\",\"isPartOf\":{\"@id\":\"https:\/\/instytutpolski.pl\/budapest\/#website\"},\"primaryImageOfPage\":{\"@id\":\"https:\/\/instytutpolski.pl\/budapest\/2021\/11\/12\/folk_like-it\/#primaryimage\"},\"image\":[\"https:\/\/instytutpolski.pl\/budapest\/wp-content\/uploads\/sites\/21\/2021\/11\/2-2.jpg\",\"https:\/\/instytutpolski.pl\/budapest\/wp-content\/uploads\/sites\/21\/2021\/11\/2-2-300x202.jpg\",\"https:\/\/instytutpolski.pl\/budapest\/wp-content\/uploads\/sites\/21\/2021\/11\/2-2-1024x691.jpg\",\"https:\/\/instytutpolski.pl\/budapest\/wp-content\/uploads\/sites\/21\/2021\/11\/2-2.jpg\"],\"thumbnailUrl\":\"https:\/\/instytutpolski.pl\/budapest\/wp-content\/uploads\/sites\/21\/2021\/11\/2-2.jpg\",\"datePublished\":\"2021-11-12T14:13:19+02:00\",\"dateModified\":\"2021-12-07T15:01:49+02:00\",\"author\":{\"@id\":\"https:\/\/instytutpolski.pl\/budapest\/#\/schema\/person\/419f42c17704d0a78250bf0c7858df52\"},\"breadcrumb\":{\"@id\":\"https:\/\/instytutpolski.pl\/budapest\/2021\/11\/12\/folk_like-it\/#breadcrumb\"},\"inLanguage\":\"pl-PL\",\"potentialAction\":[{\"@type\":\"ReadAction\",\"target\":[\"https:\/\/instytutpolski.pl\/budapest\/2021\/11\/12\/folk_like-it\/\"]}],\"@context\":\"https:\/\/schema.org\",\"startDate\":\"2021-11-21\",\"endDate\":\"2021-11-21\",\"eventStatus\":\"EventScheduled\",\"eventAttendanceMode\":\"OfflineEventAttendanceMode\",\"location\":{\"@type\":\"place\",\"name\":\"Hagyom\u00e1nyok H\u00e1za - 1011 Budapest, Corvin t\u00e9r 8. \",\"address\":\"Hagyom\u00e1nyok H\u00e1za - 1011 Budapest, Corvin t\u00e9r 8. \",\"geo\":{\"@type\":\"GeoCoordinates\",\"latitude\":\"0\",\"longitude\":\"0\"}},\"description\":\"A \u201cFOLK Like it\u201d a lengyelorsz\u00e1gi \u015al\u0105sk \u00c9nek- \u00e9s T\u00e1ncegy\u00fcttes leg\u00fajabb projektje, amelynek keret\u00e9ben a t\u00e1rsulat novemberben Szlov\u00e1ki\u00e1ban, Magyarorsz\u00e1gon, Szerbi\u00e1ban \u00e9s Horv\u00e1torsz\u00e1gban turn\u00e9zik. November 21-\u00e9n a Hagyom\u00e1nyok H\u00e1za ad otthont a produkci\u00f3nak, a \u015al\u0105sk mellett az este folyam\u00e1n fell\u00e9p a Magyar \u00c1llami N\u00e9pi Egy\u00fcttes is.\\nA projekt f\u0151 c\u00e9lja a lengyel n\u00e9pi kult\u00fara gazdags\u00e1g\u00e1nak bemutat\u00e1sa, \u00e9s a vend\u00e9gprodukci\u00f3k t\u00fckr\u00e9ben annak felt\u00e9rk\u00e9pez\u00e9se, hogy a nemzeti kult\u00fara milyen szerepet t\u00f6lt be az egyes nemzetek identit\u00e1s\u00e1nak \u00e9p\u00edt\u00e9s\u00e9ben a k\u00f6z\u00f6s Eur\u00f3p\u00e1ban.\\n[caption id=\\\"attachment_13796\\\" align=\\\"aligncenter\\\" width=\\\"571\\\"] Forr\u00e1s: \u015al\u0105sk \u00c9nek- \u00e9s T\u00e1ncegy\u00fcttes[\/caption]\\nA \u015al\u0105sk egy\u00fcttes produkci\u00f3ja - Bemutatkozik Lengyelorsz\u00e1g - v\u00e1logat\u00e1s a t\u00e1rsulat k\u00f6zel 70 \u00e9ves t\u00f6rt\u00e9net\u00e9b\u0151l, amely ily m\u00f3don kiv\u00e1l\u00f3 kapcsol\u00f3d\u00e1si pont az id\u00e9n 70 \u00e9ves jubileum\u00e1t \u00fcnnepl\u0151 Magyar \u00c1llami N\u00e9pi Egy\u00fctteshez. A Magyar \u00c1llami N\u00e9pi Egy\u00fcttes a K\u00f6rt\u00e1nc - K\u00e1rp\u00e1t-medence antol\u00f3gia c\u00edm\u0171 m\u0171sor\u00e1t mutatja be. Az el\u0151ad\u00e1ssal egy id\u0151ben hagyom\u00e1nyos lengyel viseletek bemutat\u00e1s\u00e1ra is sor ker\u00fcl a Sz\u00ednh\u00e1zterem el\u0151ter\u00e9ben.\\nId\u0151pont: 2021. november 21. (vas\u00e1rnap), 19.00 \u00f3ra\\nHelysz\u00edn: Hagyom\u00e1nyok H\u00e1za - 1011 Budapest, Corvin t\u00e9r 8.\\nA \u201eFOLK_Like it - a n\u00e9pviselet mint a kult\u00fara t\u00fckre \u00e9s a nemzeti identit\u00e1s meghat\u00e1roz\u00f3ja Lengyelorsz\u00e1g, Szlov\u00e1kia, Horv\u00e1torsz\u00e1g, Szerbia \u00e9s Magyarorsz\u00e1g p\u00e9ld\u00e1j\u00e1n\u201d a lengyel Kultur\u00e1lis \u00e9s Nemzeti \u00d6r\u00f6ks\u00e9g Miniszt\u00e9riuma \u00e1ltal t\u00e1rsfinansz\u00edrozott projekt az \u201eInspir\u00e1l\u00f3 kult\u00fara\u201d Program 2021-2022 keret\u00e9ben.\\n[caption id=\\\"attachment_13828\\\" align=\\\"aligncenter\\\" width=\\\"594\\\"] Magyar \u00c1llami N\u00e9pi Egy\u00fcttes[\/caption]\\nPartnerek: Hagyom\u00e1nyok H\u00e1za, Lengyel Int\u00e9zet\u00a0\\nB\u0151vebb inform\u00e1ci\u00f3: https:\/\/hagyomanyokhaza.hu\/hu\/mane\/program\/folklike-it-mane-es-lengyel-slask-kozos-musora\"},{\"@type\":\"ImageObject\",\"inLanguage\":\"pl-PL\",\"@id\":\"https:\/\/instytutpolski.pl\/budapest\/2021\/11\/12\/folk_like-it\/#primaryimage\",\"url\":\"https:\/\/instytutpolski.pl\/budapest\/wp-content\/uploads\/sites\/21\/2021\/11\/2-2.jpg\",\"contentUrl\":\"https:\/\/instytutpolski.pl\/budapest\/wp-content\/uploads\/sites\/21\/2021\/11\/2-2.jpg\",\"width\":2363,\"height\":1595,\"caption\":\"Lodz 24.06.2019 Zespol Piesni i Tanca Slask Teatr Muzyczny Koncert niepodleglosciowy Fot. Irek Dorozanski\"},{\"@type\":\"BreadcrumbList\",\"@id\":\"https:\/\/instytutpolski.pl\/budapest\/2021\/11\/12\/folk_like-it\/#breadcrumb\",\"itemListElement\":[{\"@type\":\"ListItem\",\"position\":1,\"name\":\"Home\",\"item\":\"https:\/\/instytutpolski.pl\/budapest\/\"},{\"@type\":\"ListItem\",\"position\":2,\"name\":\"Folk_Like it\"}]},{\"@type\":\"WebSite\",\"@id\":\"https:\/\/instytutpolski.pl\/budapest\/#website\",\"url\":\"https:\/\/instytutpolski.pl\/budapest\/\",\"name\":\"Instytut Polski w Budapeszcie\",\"description\":\"Instytuty Polskie\",\"potentialAction\":[{\"@type\":\"SearchAction\",\"target\":{\"@type\":\"EntryPoint\",\"urlTemplate\":\"https:\/\/instytutpolski.pl\/budapest\/?s={search_term_string}\"},\"query-input\":{\"@type\":\"PropertyValueSpecification\",\"valueRequired\":true,\"valueName\":\"search_term_string\"}}],\"inLanguage\":\"pl-PL\"},{\"@type\":\"Person\",\"@id\":\"https:\/\/instytutpolski.pl\/budapest\/#\/schema\/person\/419f42c17704d0a78250bf0c7858df52\",\"name\":\"jergert\",\"image\":{\"@type\":\"ImageObject\",\"inLanguage\":\"pl-PL\",\"@id\":\"https:\/\/instytutpolski.pl\/budapest\/#\/schema\/person\/image\/\",\"url\":\"https:\/\/secure.gravatar.com\/avatar\/8929296b454dc3d29ecb811f4703b7f3?s=96&d=mm&r=g\",\"contentUrl\":\"https:\/\/secure.gravatar.com\/avatar\/8929296b454dc3d29ecb811f4703b7f3?s=96&d=mm&r=g\",\"caption\":\"jergert\"},\"sameAs\":[\"http:\/\/jergert\",\"jergert\"],\"url\":\"https:\/\/instytutpolski.pl\/budapest\/author\/jergert\/\"}]}<\/script>\n<!-- \/ Yoast SEO plugin. -->","yoast_head_json":{"title":"Folk_Like it - Instytut Polski w Budapeszcie","robots":{"index":"index","follow":"follow","max-snippet":"max-snippet:-1","max-image-preview":"max-image-preview:large","max-video-preview":"max-video-preview:-1"},"canonical":"https:\/\/instytutpolski.pl\/budapest\/2021\/11\/12\/folk_like-it\/","og_locale":"pl_PL","og_type":"article","og_title":"Folk_Like it - Instytut Polski w Budapeszcie","og_description":"A \u201cFOLK Like it\u201d a lengyelorsz\u00e1gi \u015al\u0105sk \u00c9nek- \u00e9s T\u00e1ncegy\u00fcttes leg\u00fajabb projektje, amelynek keret\u00e9ben a t\u00e1rsulat novemberben Szlov\u00e1ki\u00e1ban, Magyarorsz\u00e1gon, Szerbi\u00e1ban \u00e9s Horv\u00e1torsz\u00e1gban turn\u00e9zik. November 21-\u00e9n a Hagyom\u00e1nyok H\u00e1za ad otthont a produkci\u00f3nak, a \u015al\u0105sk mellett az este folyam\u00e1n fell\u00e9p a Magyar \u00c1llami N\u00e9pi Egy\u00fcttes is. A projekt f\u0151 c\u00e9lja a lengyel n\u00e9pi kult\u00fara gazdags\u00e1g\u00e1nak bemutat\u00e1sa, [&hellip;]","og_url":"https:\/\/instytutpolski.pl\/budapest\/2021\/11\/12\/folk_like-it\/","og_site_name":"Instytut Polski w Budapeszcie","article_published_time":"2021-11-12T14:13:19+00:00","article_modified_time":"2021-12-07T15:01:49+00:00","og_image":[{"width":2363,"height":1595,"url":"https:\/\/instytutpolski.pl\/budapest\/wp-content\/uploads\/sites\/21\/2021\/11\/2-2.jpg","type":"image\/jpeg"}],"author":"jergert","twitter_card":"summary_large_image","twitter_misc":{"Napisane przez":"jergert","Szacowany czas czytania":"2 minuty"},"schema":{"@context":"https:\/\/schema.org","@graph":[{"@type":"event","@id":"https:\/\/instytutpolski.pl\/budapest\/2021\/11\/12\/folk_like-it\/","url":"https:\/\/instytutpolski.pl\/budapest\/2021\/11\/12\/folk_like-it\/","name":"Folk_Like it","isPartOf":{"@id":"https:\/\/instytutpolski.pl\/budapest\/#website"},"primaryImageOfPage":{"@id":"https:\/\/instytutpolski.pl\/budapest\/2021\/11\/12\/folk_like-it\/#primaryimage"},"image":["https:\/\/instytutpolski.pl\/budapest\/wp-content\/uploads\/sites\/21\/2021\/11\/2-2.jpg","https:\/\/instytutpolski.pl\/budapest\/wp-content\/uploads\/sites\/21\/2021\/11\/2-2-300x202.jpg","https:\/\/instytutpolski.pl\/budapest\/wp-content\/uploads\/sites\/21\/2021\/11\/2-2-1024x691.jpg","https:\/\/instytutpolski.pl\/budapest\/wp-content\/uploads\/sites\/21\/2021\/11\/2-2.jpg"],"thumbnailUrl":"https:\/\/instytutpolski.pl\/budapest\/wp-content\/uploads\/sites\/21\/2021\/11\/2-2.jpg","datePublished":"2021-11-12T14:13:19+02:00","dateModified":"2021-12-07T15:01:49+02:00","author":{"@id":"https:\/\/instytutpolski.pl\/budapest\/#\/schema\/person\/419f42c17704d0a78250bf0c7858df52"},"breadcrumb":{"@id":"https:\/\/instytutpolski.pl\/budapest\/2021\/11\/12\/folk_like-it\/#breadcrumb"},"inLanguage":"pl-PL","potentialAction":[{"@type":"ReadAction","target":["https:\/\/instytutpolski.pl\/budapest\/2021\/11\/12\/folk_like-it\/"]}],"@context":"https:\/\/schema.org","startDate":"2021-11-21","endDate":"2021-11-21","eventStatus":"EventScheduled","eventAttendanceMode":"OfflineEventAttendanceMode","location":{"@type":"place","name":"Hagyom\u00e1nyok H\u00e1za - 1011 Budapest, Corvin t\u00e9r 8. ","address":"Hagyom\u00e1nyok H\u00e1za - 1011 Budapest, Corvin t\u00e9r 8. ","geo":{"@type":"GeoCoordinates","latitude":"0","longitude":"0"}},"description":"A \u201cFOLK Like it\u201d a lengyelorsz\u00e1gi \u015al\u0105sk \u00c9nek- \u00e9s T\u00e1ncegy\u00fcttes leg\u00fajabb projektje, amelynek keret\u00e9ben a t\u00e1rsulat novemberben Szlov\u00e1ki\u00e1ban, Magyarorsz\u00e1gon, Szerbi\u00e1ban \u00e9s Horv\u00e1torsz\u00e1gban turn\u00e9zik. November 21-\u00e9n a Hagyom\u00e1nyok H\u00e1za ad otthont a produkci\u00f3nak, a \u015al\u0105sk mellett az este folyam\u00e1n fell\u00e9p a Magyar \u00c1llami N\u00e9pi Egy\u00fcttes is.\nA projekt f\u0151 c\u00e9lja a lengyel n\u00e9pi kult\u00fara gazdags\u00e1g\u00e1nak bemutat\u00e1sa, \u00e9s a vend\u00e9gprodukci\u00f3k t\u00fckr\u00e9ben annak felt\u00e9rk\u00e9pez\u00e9se, hogy a nemzeti kult\u00fara milyen szerepet t\u00f6lt be az egyes nemzetek identit\u00e1s\u00e1nak \u00e9p\u00edt\u00e9s\u00e9ben a k\u00f6z\u00f6s Eur\u00f3p\u00e1ban.\n[caption id=\"attachment_13796\" align=\"aligncenter\" width=\"571\"] Forr\u00e1s: \u015al\u0105sk \u00c9nek- \u00e9s T\u00e1ncegy\u00fcttes[\/caption]\nA \u015al\u0105sk egy\u00fcttes produkci\u00f3ja - Bemutatkozik Lengyelorsz\u00e1g - v\u00e1logat\u00e1s a t\u00e1rsulat k\u00f6zel 70 \u00e9ves t\u00f6rt\u00e9net\u00e9b\u0151l, amely ily m\u00f3don kiv\u00e1l\u00f3 kapcsol\u00f3d\u00e1si pont az id\u00e9n 70 \u00e9ves jubileum\u00e1t \u00fcnnepl\u0151 Magyar \u00c1llami N\u00e9pi Egy\u00fctteshez. A Magyar \u00c1llami N\u00e9pi Egy\u00fcttes a K\u00f6rt\u00e1nc - K\u00e1rp\u00e1t-medence antol\u00f3gia c\u00edm\u0171 m\u0171sor\u00e1t mutatja be. Az el\u0151ad\u00e1ssal egy id\u0151ben hagyom\u00e1nyos lengyel viseletek bemutat\u00e1s\u00e1ra is sor ker\u00fcl a Sz\u00ednh\u00e1zterem el\u0151ter\u00e9ben.\nId\u0151pont: 2021. november 21. (vas\u00e1rnap), 19.00 \u00f3ra\nHelysz\u00edn: Hagyom\u00e1nyok H\u00e1za - 1011 Budapest, Corvin t\u00e9r 8.\nA \u201eFOLK_Like it - a n\u00e9pviselet mint a kult\u00fara t\u00fckre \u00e9s a nemzeti identit\u00e1s meghat\u00e1roz\u00f3ja Lengyelorsz\u00e1g, Szlov\u00e1kia, Horv\u00e1torsz\u00e1g, Szerbia \u00e9s Magyarorsz\u00e1g p\u00e9ld\u00e1j\u00e1n\u201d a lengyel Kultur\u00e1lis \u00e9s Nemzeti \u00d6r\u00f6ks\u00e9g Miniszt\u00e9riuma \u00e1ltal t\u00e1rsfinansz\u00edrozott projekt az \u201eInspir\u00e1l\u00f3 kult\u00fara\u201d Program 2021-2022 keret\u00e9ben.\n[caption id=\"attachment_13828\" align=\"aligncenter\" width=\"594\"] Magyar \u00c1llami N\u00e9pi Egy\u00fcttes[\/caption]\nPartnerek: Hagyom\u00e1nyok H\u00e1za, Lengyel Int\u00e9zet\u00a0\nB\u0151vebb inform\u00e1ci\u00f3: https:\/\/hagyomanyokhaza.hu\/hu\/mane\/program\/folklike-it-mane-es-lengyel-slask-kozos-musora"},{"@type":"ImageObject","inLanguage":"pl-PL","@id":"https:\/\/instytutpolski.pl\/budapest\/2021\/11\/12\/folk_like-it\/#primaryimage","url":"https:\/\/instytutpolski.pl\/budapest\/wp-content\/uploads\/sites\/21\/2021\/11\/2-2.jpg","contentUrl":"https:\/\/instytutpolski.pl\/budapest\/wp-content\/uploads\/sites\/21\/2021\/11\/2-2.jpg","width":2363,"height":1595,"caption":"Lodz 24.06.2019 Zespol Piesni i Tanca Slask Teatr Muzyczny Koncert niepodleglosciowy Fot. Irek Dorozanski"},{"@type":"BreadcrumbList","@id":"https:\/\/instytutpolski.pl\/budapest\/2021\/11\/12\/folk_like-it\/#breadcrumb","itemListElement":[{"@type":"ListItem","position":1,"name":"Home","item":"https:\/\/instytutpolski.pl\/budapest\/"},{"@type":"ListItem","position":2,"name":"Folk_Like it"}]},{"@type":"WebSite","@id":"https:\/\/instytutpolski.pl\/budapest\/#website","url":"https:\/\/instytutpolski.pl\/budapest\/","name":"Instytut Polski w Budapeszcie","description":"Instytuty Polskie","potentialAction":[{"@type":"SearchAction","target":{"@type":"EntryPoint","urlTemplate":"https:\/\/instytutpolski.pl\/budapest\/?s={search_term_string}"},"query-input":{"@type":"PropertyValueSpecification","valueRequired":true,"valueName":"search_term_string"}}],"inLanguage":"pl-PL"},{"@type":"Person","@id":"https:\/\/instytutpolski.pl\/budapest\/#\/schema\/person\/419f42c17704d0a78250bf0c7858df52","name":"jergert","image":{"@type":"ImageObject","inLanguage":"pl-PL","@id":"https:\/\/instytutpolski.pl\/budapest\/#\/schema\/person\/image\/","url":"https:\/\/secure.gravatar.com\/avatar\/8929296b454dc3d29ecb811f4703b7f3?s=96&d=mm&r=g","contentUrl":"https:\/\/secure.gravatar.com\/avatar\/8929296b454dc3d29ecb811f4703b7f3?s=96&d=mm&r=g","caption":"jergert"},"sameAs":["http:\/\/jergert","jergert"],"url":"https:\/\/instytutpolski.pl\/budapest\/author\/jergert\/"}]}},"_links":{"self":[{"href":"https:\/\/instytutpolski.pl\/budapest\/wp-json\/wp\/v2\/posts\/13792","targetHints":{"allow":["GET"]}}],"collection":[{"href":"https:\/\/instytutpolski.pl\/budapest\/wp-json\/wp\/v2\/posts"}],"about":[{"href":"https:\/\/instytutpolski.pl\/budapest\/wp-json\/wp\/v2\/types\/post"}],"author":[{"embeddable":true,"href":"https:\/\/instytutpolski.pl\/budapest\/wp-json\/wp\/v2\/users\/137"}],"replies":[{"embeddable":true,"href":"https:\/\/instytutpolski.pl\/budapest\/wp-json\/wp\/v2\/comments?post=13792"}],"version-history":[{"count":12,"href":"https:\/\/instytutpolski.pl\/budapest\/wp-json\/wp\/v2\/posts\/13792\/revisions"}],"predecessor-version":[{"id":13834,"href":"https:\/\/instytutpolski.pl\/budapest\/wp-json\/wp\/v2\/posts\/13792\/revisions\/13834"}],"wp:featuredmedia":[{"embeddable":true,"href":"https:\/\/instytutpolski.pl\/budapest\/wp-json\/wp\/v2\/media\/13835"}],"wp:attachment":[{"href":"https:\/\/instytutpolski.pl\/budapest\/wp-json\/wp\/v2\/media?parent=13792"}],"wp:term":[{"taxonomy":"category","embeddable":true,"href":"https:\/\/instytutpolski.pl\/budapest\/wp-json\/wp\/v2\/categories?post=13792"},{"taxonomy":"post_tag","embeddable":true,"href":"https:\/\/instytutpolski.pl\/budapest\/wp-json\/wp\/v2\/tags?post=13792"}],"curies":[{"name":"wp","href":"https:\/\/api.w.org\/{rel}","templated":true}]}}