{"id":19702,"date":"2025-01-14T11:49:16","date_gmt":"2025-01-14T10:49:16","guid":{"rendered":"https:\/\/instytutpolski.pl\/budapest\/?p=19702"},"modified":"2025-01-14T12:14:15","modified_gmt":"2025-01-14T11:14:15","slug":"tamara-lempicka-krolowa-art-deco","status":"publish","type":"post","link":"https:\/\/instytutpolski.pl\/budapest\/pl\/2025\/01\/14\/tamara-lempicka-krolowa-art-deco\/","title":{"rendered":"Tamara \u0141empicka, kr\u00f3lowa Art d\u00e9co."},"content":{"rendered":"\n<p>Termin otwarcia wystawy: 21 stycznia 2025, wtorek, 18:00<br \/>Miejsce: Instytut Polski &#8211; Budapeszt 1065 Nagymez\u0151 u. 15.<br \/>Wystaw\u0119 otworzy <strong>Andrea Bord\u00e1cs<\/strong>, krytyczka sztuki<br \/>Wystawa otwarta do 21 lutego 2025 r.<\/p>\n<p>Tamara \u0141empicka uznawana jest za jedn\u0105 z najwybitniejszych artystek XX wieku.<\/p>\n<p style=\"text-align: justify\">\u201eNie ma cud\u00f3w, jest tylko to co zrobisz samemu\u201d \u2013 mawia\u0142a Tamara \u0141empicka, najs\u0142ynniejsza portrecistka prze\u0142omu lat 20 i 30. XX wieku, kt\u00f3rej obrazy utrzymane w stylu art d\u00e9co sprzedaj\u0105 si\u0119 dzi\u015b na aukcjach za ponad dwadzie\u015bcia milion\u00f3w dolar\u00f3w. Portretowa\u0142a bogatych i s\u0142awnych, przedsi\u0119biorc\u00f3w, baron\u00f3w i ich \u017cony, kr\u00f3lowe i zwyk\u0142e kobiety. Stworzy\u0142a w\u0142asn\u0105 mark\u0119. \u201eBy\u0142am pierwsz\u0105 kobiet\u0105, kt\u00f3ra malowa\u0142a czysto i to by\u0142o podstaw\u0105 mojego sukcesu. Po\u015br\u00f3d stu obraz\u00f3w moje zawsze b\u0119d\u0105 si\u0119 wyr\u00f3\u017cnia\u0107.\u201d \u2013 twierdzi\u0142a.<\/p>\n<p style=\"text-align: justify\">Odznacza\u0142y si\u0119 \u015bwietlistymi i \u017cywymi kolorami oraz elegancj\u0105 i zmys\u0142owo\u015bci\u0105 modeli. Jako pierwsza pokazywa\u0142a kobiety niezale\u017cne, silne, czaruj\u0105ce a nawet prowokuj\u0105ce. Do jej najbardziej znanych obraz\u00f3w nale\u017c\u0105: Autoportret lub Tamara w zielonym bugatti (1929) czy Dziewczyna w r\u0119kawiczkach (1930). Wisz\u0105 w najwi\u0119kszych muzeach \u015bwiata m.in. w Centre Pompidou w Pary\u017cu oraz w kolekcjach prywatnych. Najs\u0142ynniejsz\u0105 mi\u0142o\u015bniczk\u0105 sztuki \u0141empickiej jest Madonna, kt\u00f3ra ma kilka obraz\u00f3w i wykorzysta\u0142a je w swoich teledyskach.<\/p>\n<p>Wystawa zosta\u0142a zrealizowana przez Ministerstwo Spraw Zagranicznych RP oraz Tamara de Lempicka Estate.<\/p>\n<p>Szczeg\u00f3lne podzi\u0119kowania nale\u017c\u0105 si\u0119 Marisie de Lempickiej, prawnuczce artystki, za jej wk\u0142ad w wykorzystanie portretu Tamary \u0141empickiej.<\/p>\n","protected":false},"excerpt":{"rendered":"<p>Termin otwarcia wystawy: 21 stycznia 2025, wtorek, 18:00Miejsce: Instytut Polski &#8211; Budapeszt 1065 Nagymez\u0151 u. 15.Wystaw\u0119 otworzy Andrea Bord\u00e1cs, krytyczka sztukiWystawa otwarta do 21 lutego 2025 r. Tamara \u0141empicka uznawana jest za jedn\u0105 z najwybitniejszych artystek XX wieku. \u201eNie ma cud\u00f3w, jest tylko to co zrobisz samemu\u201d \u2013 mawia\u0142a Tamara \u0141empicka, najs\u0142ynniejsza portrecistka prze\u0142omu lat [&hellip;]<\/p>\n","protected":false},"author":137,"featured_media":19696,"comment_status":"open","ping_status":"open","sticky":false,"template":"","format":"standard","meta":{"inline_featured_image":false,"_monsterinsights_skip_tracking":false,"_monsterinsights_sitenote_active":false,"_monsterinsights_sitenote_note":"","_monsterinsights_sitenote_category":0,"footnotes":""},"categories":[40,80],"tags":[],"class_list":["post-19702","post","type-post","status-publish","format-standard","has-post-thumbnail","hentry","category-program-pl","category-wystawa"],"yoast_head":"<!-- This site is optimized with the Yoast SEO plugin v24.6 - https:\/\/yoast.com\/wordpress\/plugins\/seo\/ -->\n<title>Tamara \u0141empicka, kr\u00f3lowa Art d\u00e9co. - Instytut Polski w Budapeszcie<\/title>\n<meta name=\"robots\" content=\"index, follow, max-snippet:-1, max-image-preview:large, max-video-preview:-1\" \/>\n<link rel=\"canonical\" href=\"https:\/\/instytutpolski.pl\/budapest\/pl\/2025\/01\/14\/tamara-lempicka-krolowa-art-deco\/\" \/>\n<meta property=\"og:locale\" content=\"pl_PL\" \/>\n<meta property=\"og:type\" content=\"article\" \/>\n<meta property=\"og:title\" content=\"Tamara \u0141empicka, kr\u00f3lowa Art d\u00e9co. - Instytut Polski w Budapeszcie\" \/>\n<meta property=\"og:description\" content=\"Termin otwarcia wystawy: 21 stycznia 2025, wtorek, 18:00Miejsce: Instytut Polski &#8211; Budapeszt 1065 Nagymez\u0151 u. 15.Wystaw\u0119 otworzy Andrea Bord\u00e1cs, krytyczka sztukiWystawa otwarta do 21 lutego 2025 r. Tamara \u0141empicka uznawana jest za jedn\u0105 z najwybitniejszych artystek XX wieku. \u201eNie ma cud\u00f3w, jest tylko to co zrobisz samemu\u201d \u2013 mawia\u0142a Tamara \u0141empicka, najs\u0142ynniejsza portrecistka prze\u0142omu lat [&hellip;]\" \/>\n<meta property=\"og:url\" content=\"https:\/\/instytutpolski.pl\/budapest\/pl\/2025\/01\/14\/tamara-lempicka-krolowa-art-deco\/\" \/>\n<meta property=\"og:site_name\" content=\"Instytut Polski w Budapeszcie\" \/>\n<meta property=\"article:published_time\" content=\"2025-01-14T10:49:16+00:00\" \/>\n<meta property=\"article:modified_time\" content=\"2025-01-14T11:14:15+00:00\" \/>\n<meta property=\"og:image\" content=\"https:\/\/instytutpolski.pl\/budapest\/wp-content\/uploads\/sites\/21\/2025\/01\/Lempicka66.png\" \/>\n\t<meta property=\"og:image:width\" content=\"1080\" \/>\n\t<meta property=\"og:image:height\" content=\"1543\" \/>\n\t<meta property=\"og:image:type\" content=\"image\/png\" \/>\n<meta name=\"author\" content=\"jergert\" \/>\n<meta name=\"twitter:card\" content=\"summary_large_image\" \/>\n<meta name=\"twitter:label1\" content=\"Napisane przez\" \/>\n\t<meta name=\"twitter:data1\" content=\"jergert\" \/>\n\t<meta name=\"twitter:label2\" content=\"Szacowany czas czytania\" \/>\n\t<meta name=\"twitter:data2\" content=\"2 minuty\" \/>\n<script type=\"application\/ld+json\" class=\"yoast-schema-graph\">{\"@context\":\"https:\/\/schema.org\",\"@graph\":[{\"@type\":\"event\",\"@id\":\"https:\/\/instytutpolski.pl\/budapest\/pl\/2025\/01\/14\/tamara-lempicka-krolowa-art-deco\/\",\"url\":\"https:\/\/instytutpolski.pl\/budapest\/pl\/2025\/01\/14\/tamara-lempicka-krolowa-art-deco\/\",\"name\":\"Tamara \u0141empicka, kr\u00f3lowa Art d\u00e9co.\",\"isPartOf\":{\"@id\":\"https:\/\/instytutpolski.pl\/budapest\/#website\"},\"primaryImageOfPage\":{\"@id\":\"https:\/\/instytutpolski.pl\/budapest\/pl\/2025\/01\/14\/tamara-lempicka-krolowa-art-deco\/#primaryimage\"},\"image\":[\"https:\/\/instytutpolski.pl\/budapest\/wp-content\/uploads\/sites\/21\/2025\/01\/Lempicka66.png\",\"https:\/\/instytutpolski.pl\/budapest\/wp-content\/uploads\/sites\/21\/2025\/01\/Lempicka66-210x300.png\",\"https:\/\/instytutpolski.pl\/budapest\/wp-content\/uploads\/sites\/21\/2025\/01\/Lempicka66-717x1024.png\",\"https:\/\/instytutpolski.pl\/budapest\/wp-content\/uploads\/sites\/21\/2025\/01\/Lempicka66.png\"],\"thumbnailUrl\":\"https:\/\/instytutpolski.pl\/budapest\/wp-content\/uploads\/sites\/21\/2025\/01\/Lempicka66.png\",\"datePublished\":\"2025-01-14T10:49:16+02:00\",\"dateModified\":\"2025-01-14T11:14:15+02:00\",\"author\":{\"@id\":\"https:\/\/instytutpolski.pl\/budapest\/#\/schema\/person\/419f42c17704d0a78250bf0c7858df52\"},\"breadcrumb\":{\"@id\":\"https:\/\/instytutpolski.pl\/budapest\/pl\/2025\/01\/14\/tamara-lempicka-krolowa-art-deco\/#breadcrumb\"},\"inLanguage\":\"pl-PL\",\"potentialAction\":[{\"@type\":\"ReadAction\",\"target\":[\"https:\/\/instytutpolski.pl\/budapest\/pl\/2025\/01\/14\/tamara-lempicka-krolowa-art-deco\/\"]}],\"@context\":\"https:\/\/schema.org\",\"startDate\":\"2025-01-21\",\"endDate\":\"2025-02-21\",\"eventStatus\":\"EventScheduled\",\"eventAttendanceMode\":\"OfflineEventAttendanceMode\",\"location\":{\"@type\":\"place\",\"name\":\"Lengyel Int\u00e9zet - Budapest 1065 Nagymez\u0151 u. 15.\",\"address\":\"Lengyel Int\u00e9zet - Budapest 1065 Nagymez\u0151 u. 15.\",\"geo\":{\"@type\":\"GeoCoordinates\",\"latitude\":\"0\",\"longitude\":\"0\"}},\"description\":\"Termin otwarcia wystawy: 21 stycznia 2025, wtorek, 18:00Miejsce: Instytut Polski - Budapeszt 1065 Nagymez\u0151 u. 15.Wystaw\u0119 otworzy Andrea Bord\u00e1cs, krytyczka sztukiWystawa otwarta do 21 lutego 2025 r.\\nTamara \u0141empicka uznawana jest za jedn\u0105 z najwybitniejszych artystek XX wieku.\\n\u201eNie ma cud\u00f3w, jest tylko to co zrobisz samemu\u201d \u2013 mawia\u0142a Tamara \u0141empicka, najs\u0142ynniejsza portrecistka prze\u0142omu lat 20 i 30. XX wieku, kt\u00f3rej obrazy utrzymane w stylu art d\u00e9co sprzedaj\u0105 si\u0119 dzi\u015b na aukcjach za ponad dwadzie\u015bcia milion\u00f3w dolar\u00f3w. Portretowa\u0142a bogatych i s\u0142awnych, przedsi\u0119biorc\u00f3w, baron\u00f3w i ich \u017cony, kr\u00f3lowe i zwyk\u0142e kobiety. Stworzy\u0142a w\u0142asn\u0105 mark\u0119. \u201eBy\u0142am pierwsz\u0105 kobiet\u0105, kt\u00f3ra malowa\u0142a czysto i to by\u0142o podstaw\u0105 mojego sukcesu. Po\u015br\u00f3d stu obraz\u00f3w moje zawsze b\u0119d\u0105 si\u0119 wyr\u00f3\u017cnia\u0107.\u201d \u2013 twierdzi\u0142a.\\nOdznacza\u0142y si\u0119 \u015bwietlistymi i \u017cywymi kolorami oraz elegancj\u0105 i zmys\u0142owo\u015bci\u0105 modeli. Jako pierwsza pokazywa\u0142a kobiety niezale\u017cne, silne, czaruj\u0105ce a nawet prowokuj\u0105ce. Do jej najbardziej znanych obraz\u00f3w nale\u017c\u0105: Autoportret lub Tamara w zielonym bugatti (1929) czy Dziewczyna w r\u0119kawiczkach (1930). Wisz\u0105 w najwi\u0119kszych muzeach \u015bwiata m.in. w Centre Pompidou w Pary\u017cu oraz w kolekcjach prywatnych. Najs\u0142ynniejsz\u0105 mi\u0142o\u015bniczk\u0105 sztuki \u0141empickiej jest Madonna, kt\u00f3ra ma kilka obraz\u00f3w i wykorzysta\u0142a je w swoich teledyskach.\\nWystawa zosta\u0142a zrealizowana przez Ministerstwo Spraw Zagranicznych RP oraz Tamara de Lempicka Estate.\\nSzczeg\u00f3lne podzi\u0119kowania nale\u017c\u0105 si\u0119 Marisie de Lempickiej, prawnuczce artystki, za jej wk\u0142ad w wykorzystanie portretu Tamary \u0141empickiej.\"},{\"@type\":\"ImageObject\",\"inLanguage\":\"pl-PL\",\"@id\":\"https:\/\/instytutpolski.pl\/budapest\/pl\/2025\/01\/14\/tamara-lempicka-krolowa-art-deco\/#primaryimage\",\"url\":\"https:\/\/instytutpolski.pl\/budapest\/wp-content\/uploads\/sites\/21\/2025\/01\/Lempicka66.png\",\"contentUrl\":\"https:\/\/instytutpolski.pl\/budapest\/wp-content\/uploads\/sites\/21\/2025\/01\/Lempicka66.png\",\"width\":1080,\"height\":1543},{\"@type\":\"BreadcrumbList\",\"@id\":\"https:\/\/instytutpolski.pl\/budapest\/pl\/2025\/01\/14\/tamara-lempicka-krolowa-art-deco\/#breadcrumb\",\"itemListElement\":[{\"@type\":\"ListItem\",\"position\":1,\"name\":\"Home\",\"item\":\"https:\/\/instytutpolski.pl\/budapest\/\"},{\"@type\":\"ListItem\",\"position\":2,\"name\":\"Tamara \u0141empicka, kr\u00f3lowa Art d\u00e9co.\"}]},{\"@type\":\"WebSite\",\"@id\":\"https:\/\/instytutpolski.pl\/budapest\/#website\",\"url\":\"https:\/\/instytutpolski.pl\/budapest\/\",\"name\":\"Instytut Polski w Budapeszcie\",\"description\":\"Instytuty Polskie\",\"potentialAction\":[{\"@type\":\"SearchAction\",\"target\":{\"@type\":\"EntryPoint\",\"urlTemplate\":\"https:\/\/instytutpolski.pl\/budapest\/?s={search_term_string}\"},\"query-input\":{\"@type\":\"PropertyValueSpecification\",\"valueRequired\":true,\"valueName\":\"search_term_string\"}}],\"inLanguage\":\"pl-PL\"},{\"@type\":\"Person\",\"@id\":\"https:\/\/instytutpolski.pl\/budapest\/#\/schema\/person\/419f42c17704d0a78250bf0c7858df52\",\"name\":\"jergert\",\"image\":{\"@type\":\"ImageObject\",\"inLanguage\":\"pl-PL\",\"@id\":\"https:\/\/instytutpolski.pl\/budapest\/#\/schema\/person\/image\/\",\"url\":\"https:\/\/secure.gravatar.com\/avatar\/8929296b454dc3d29ecb811f4703b7f3?s=96&d=mm&r=g\",\"contentUrl\":\"https:\/\/secure.gravatar.com\/avatar\/8929296b454dc3d29ecb811f4703b7f3?s=96&d=mm&r=g\",\"caption\":\"jergert\"},\"sameAs\":[\"http:\/\/jergert\",\"jergert\"],\"url\":\"https:\/\/instytutpolski.pl\/budapest\/author\/jergert\/\"}]}<\/script>\n<!-- \/ Yoast SEO plugin. -->","yoast_head_json":{"title":"Tamara \u0141empicka, kr\u00f3lowa Art d\u00e9co. - Instytut Polski w Budapeszcie","robots":{"index":"index","follow":"follow","max-snippet":"max-snippet:-1","max-image-preview":"max-image-preview:large","max-video-preview":"max-video-preview:-1"},"canonical":"https:\/\/instytutpolski.pl\/budapest\/pl\/2025\/01\/14\/tamara-lempicka-krolowa-art-deco\/","og_locale":"pl_PL","og_type":"article","og_title":"Tamara \u0141empicka, kr\u00f3lowa Art d\u00e9co. - Instytut Polski w Budapeszcie","og_description":"Termin otwarcia wystawy: 21 stycznia 2025, wtorek, 18:00Miejsce: Instytut Polski &#8211; Budapeszt 1065 Nagymez\u0151 u. 15.Wystaw\u0119 otworzy Andrea Bord\u00e1cs, krytyczka sztukiWystawa otwarta do 21 lutego 2025 r. Tamara \u0141empicka uznawana jest za jedn\u0105 z najwybitniejszych artystek XX wieku. \u201eNie ma cud\u00f3w, jest tylko to co zrobisz samemu\u201d \u2013 mawia\u0142a Tamara \u0141empicka, najs\u0142ynniejsza portrecistka prze\u0142omu lat [&hellip;]","og_url":"https:\/\/instytutpolski.pl\/budapest\/pl\/2025\/01\/14\/tamara-lempicka-krolowa-art-deco\/","og_site_name":"Instytut Polski w Budapeszcie","article_published_time":"2025-01-14T10:49:16+00:00","article_modified_time":"2025-01-14T11:14:15+00:00","og_image":[{"width":1080,"height":1543,"url":"https:\/\/instytutpolski.pl\/budapest\/wp-content\/uploads\/sites\/21\/2025\/01\/Lempicka66.png","type":"image\/png"}],"author":"jergert","twitter_card":"summary_large_image","twitter_misc":{"Napisane przez":"jergert","Szacowany czas czytania":"2 minuty"},"schema":{"@context":"https:\/\/schema.org","@graph":[{"@type":"event","@id":"https:\/\/instytutpolski.pl\/budapest\/pl\/2025\/01\/14\/tamara-lempicka-krolowa-art-deco\/","url":"https:\/\/instytutpolski.pl\/budapest\/pl\/2025\/01\/14\/tamara-lempicka-krolowa-art-deco\/","name":"Tamara \u0141empicka, kr\u00f3lowa Art d\u00e9co.","isPartOf":{"@id":"https:\/\/instytutpolski.pl\/budapest\/#website"},"primaryImageOfPage":{"@id":"https:\/\/instytutpolski.pl\/budapest\/pl\/2025\/01\/14\/tamara-lempicka-krolowa-art-deco\/#primaryimage"},"image":["https:\/\/instytutpolski.pl\/budapest\/wp-content\/uploads\/sites\/21\/2025\/01\/Lempicka66.png","https:\/\/instytutpolski.pl\/budapest\/wp-content\/uploads\/sites\/21\/2025\/01\/Lempicka66-210x300.png","https:\/\/instytutpolski.pl\/budapest\/wp-content\/uploads\/sites\/21\/2025\/01\/Lempicka66-717x1024.png","https:\/\/instytutpolski.pl\/budapest\/wp-content\/uploads\/sites\/21\/2025\/01\/Lempicka66.png"],"thumbnailUrl":"https:\/\/instytutpolski.pl\/budapest\/wp-content\/uploads\/sites\/21\/2025\/01\/Lempicka66.png","datePublished":"2025-01-14T10:49:16+02:00","dateModified":"2025-01-14T11:14:15+02:00","author":{"@id":"https:\/\/instytutpolski.pl\/budapest\/#\/schema\/person\/419f42c17704d0a78250bf0c7858df52"},"breadcrumb":{"@id":"https:\/\/instytutpolski.pl\/budapest\/pl\/2025\/01\/14\/tamara-lempicka-krolowa-art-deco\/#breadcrumb"},"inLanguage":"pl-PL","potentialAction":[{"@type":"ReadAction","target":["https:\/\/instytutpolski.pl\/budapest\/pl\/2025\/01\/14\/tamara-lempicka-krolowa-art-deco\/"]}],"@context":"https:\/\/schema.org","startDate":"2025-01-21","endDate":"2025-02-21","eventStatus":"EventScheduled","eventAttendanceMode":"OfflineEventAttendanceMode","location":{"@type":"place","name":"Lengyel Int\u00e9zet - Budapest 1065 Nagymez\u0151 u. 15.","address":"Lengyel Int\u00e9zet - Budapest 1065 Nagymez\u0151 u. 15.","geo":{"@type":"GeoCoordinates","latitude":"0","longitude":"0"}},"description":"Termin otwarcia wystawy: 21 stycznia 2025, wtorek, 18:00Miejsce: Instytut Polski - Budapeszt 1065 Nagymez\u0151 u. 15.Wystaw\u0119 otworzy Andrea Bord\u00e1cs, krytyczka sztukiWystawa otwarta do 21 lutego 2025 r.\nTamara \u0141empicka uznawana jest za jedn\u0105 z najwybitniejszych artystek XX wieku.\n\u201eNie ma cud\u00f3w, jest tylko to co zrobisz samemu\u201d \u2013 mawia\u0142a Tamara \u0141empicka, najs\u0142ynniejsza portrecistka prze\u0142omu lat 20 i 30. XX wieku, kt\u00f3rej obrazy utrzymane w stylu art d\u00e9co sprzedaj\u0105 si\u0119 dzi\u015b na aukcjach za ponad dwadzie\u015bcia milion\u00f3w dolar\u00f3w. Portretowa\u0142a bogatych i s\u0142awnych, przedsi\u0119biorc\u00f3w, baron\u00f3w i ich \u017cony, kr\u00f3lowe i zwyk\u0142e kobiety. Stworzy\u0142a w\u0142asn\u0105 mark\u0119. \u201eBy\u0142am pierwsz\u0105 kobiet\u0105, kt\u00f3ra malowa\u0142a czysto i to by\u0142o podstaw\u0105 mojego sukcesu. Po\u015br\u00f3d stu obraz\u00f3w moje zawsze b\u0119d\u0105 si\u0119 wyr\u00f3\u017cnia\u0107.\u201d \u2013 twierdzi\u0142a.\nOdznacza\u0142y si\u0119 \u015bwietlistymi i \u017cywymi kolorami oraz elegancj\u0105 i zmys\u0142owo\u015bci\u0105 modeli. Jako pierwsza pokazywa\u0142a kobiety niezale\u017cne, silne, czaruj\u0105ce a nawet prowokuj\u0105ce. Do jej najbardziej znanych obraz\u00f3w nale\u017c\u0105: Autoportret lub Tamara w zielonym bugatti (1929) czy Dziewczyna w r\u0119kawiczkach (1930). Wisz\u0105 w najwi\u0119kszych muzeach \u015bwiata m.in. w Centre Pompidou w Pary\u017cu oraz w kolekcjach prywatnych. Najs\u0142ynniejsz\u0105 mi\u0142o\u015bniczk\u0105 sztuki \u0141empickiej jest Madonna, kt\u00f3ra ma kilka obraz\u00f3w i wykorzysta\u0142a je w swoich teledyskach.\nWystawa zosta\u0142a zrealizowana przez Ministerstwo Spraw Zagranicznych RP oraz Tamara de Lempicka Estate.\nSzczeg\u00f3lne podzi\u0119kowania nale\u017c\u0105 si\u0119 Marisie de Lempickiej, prawnuczce artystki, za jej wk\u0142ad w wykorzystanie portretu Tamary \u0141empickiej."},{"@type":"ImageObject","inLanguage":"pl-PL","@id":"https:\/\/instytutpolski.pl\/budapest\/pl\/2025\/01\/14\/tamara-lempicka-krolowa-art-deco\/#primaryimage","url":"https:\/\/instytutpolski.pl\/budapest\/wp-content\/uploads\/sites\/21\/2025\/01\/Lempicka66.png","contentUrl":"https:\/\/instytutpolski.pl\/budapest\/wp-content\/uploads\/sites\/21\/2025\/01\/Lempicka66.png","width":1080,"height":1543},{"@type":"BreadcrumbList","@id":"https:\/\/instytutpolski.pl\/budapest\/pl\/2025\/01\/14\/tamara-lempicka-krolowa-art-deco\/#breadcrumb","itemListElement":[{"@type":"ListItem","position":1,"name":"Home","item":"https:\/\/instytutpolski.pl\/budapest\/"},{"@type":"ListItem","position":2,"name":"Tamara \u0141empicka, kr\u00f3lowa Art d\u00e9co."}]},{"@type":"WebSite","@id":"https:\/\/instytutpolski.pl\/budapest\/#website","url":"https:\/\/instytutpolski.pl\/budapest\/","name":"Instytut Polski w Budapeszcie","description":"Instytuty Polskie","potentialAction":[{"@type":"SearchAction","target":{"@type":"EntryPoint","urlTemplate":"https:\/\/instytutpolski.pl\/budapest\/?s={search_term_string}"},"query-input":{"@type":"PropertyValueSpecification","valueRequired":true,"valueName":"search_term_string"}}],"inLanguage":"pl-PL"},{"@type":"Person","@id":"https:\/\/instytutpolski.pl\/budapest\/#\/schema\/person\/419f42c17704d0a78250bf0c7858df52","name":"jergert","image":{"@type":"ImageObject","inLanguage":"pl-PL","@id":"https:\/\/instytutpolski.pl\/budapest\/#\/schema\/person\/image\/","url":"https:\/\/secure.gravatar.com\/avatar\/8929296b454dc3d29ecb811f4703b7f3?s=96&d=mm&r=g","contentUrl":"https:\/\/secure.gravatar.com\/avatar\/8929296b454dc3d29ecb811f4703b7f3?s=96&d=mm&r=g","caption":"jergert"},"sameAs":["http:\/\/jergert","jergert"],"url":"https:\/\/instytutpolski.pl\/budapest\/author\/jergert\/"}]}},"_links":{"self":[{"href":"https:\/\/instytutpolski.pl\/budapest\/wp-json\/wp\/v2\/posts\/19702","targetHints":{"allow":["GET"]}}],"collection":[{"href":"https:\/\/instytutpolski.pl\/budapest\/wp-json\/wp\/v2\/posts"}],"about":[{"href":"https:\/\/instytutpolski.pl\/budapest\/wp-json\/wp\/v2\/types\/post"}],"author":[{"embeddable":true,"href":"https:\/\/instytutpolski.pl\/budapest\/wp-json\/wp\/v2\/users\/137"}],"replies":[{"embeddable":true,"href":"https:\/\/instytutpolski.pl\/budapest\/wp-json\/wp\/v2\/comments?post=19702"}],"version-history":[{"count":3,"href":"https:\/\/instytutpolski.pl\/budapest\/wp-json\/wp\/v2\/posts\/19702\/revisions"}],"predecessor-version":[{"id":19705,"href":"https:\/\/instytutpolski.pl\/budapest\/wp-json\/wp\/v2\/posts\/19702\/revisions\/19705"}],"wp:featuredmedia":[{"embeddable":true,"href":"https:\/\/instytutpolski.pl\/budapest\/wp-json\/wp\/v2\/media\/19696"}],"wp:attachment":[{"href":"https:\/\/instytutpolski.pl\/budapest\/wp-json\/wp\/v2\/media?parent=19702"}],"wp:term":[{"taxonomy":"category","embeddable":true,"href":"https:\/\/instytutpolski.pl\/budapest\/wp-json\/wp\/v2\/categories?post=19702"},{"taxonomy":"post_tag","embeddable":true,"href":"https:\/\/instytutpolski.pl\/budapest\/wp-json\/wp\/v2\/tags?post=19702"}],"curies":[{"name":"wp","href":"https:\/\/api.w.org\/{rel}","templated":true}]}}