{"id":21066,"date":"2025-11-17T10:17:24","date_gmt":"2025-11-17T09:17:24","guid":{"rendered":"https:\/\/instytutpolski.pl\/budapest\/?p=21066"},"modified":"2025-11-21T14:59:55","modified_gmt":"2025-11-21T13:59:55","slug":"lakoautoval-lengyelorszagban-sztaniszlav-andrassal","status":"publish","type":"post","link":"https:\/\/instytutpolski.pl\/budapest\/2025\/11\/17\/lakoautoval-lengyelorszagban-sztaniszlav-andrassal\/","title":{"rendered":"Lak\u00f3aut\u00f3val Lengyelorsz\u00e1gban Sztaniszlav Andr\u00e1ssal"},"content":{"rendered":"\n<p>Lak\u00f3aut\u00f3val Lengyelorsz\u00e1gban &#8211; \u00c9szakon a tenger, d\u00e9len a hegyek, k\u00f6z\u00f6tt\u00fck meg a mez\u0151k \u00e9s a Mazuri tavak<\/p>\n\n\n\n<p>Helysz\u00edn: Lengyel Int\u00e9zet &#8211; 1065 Bp. Nagymez\u0151 u. 15.<\/p>\n\n\n\n<p>Id\u0151pont: 2025. december 3. 17:30<\/p>\n\n\n\n<p>Id\u00e9n nem teljesen magunkt\u00f3l jutott esz\u00fcnkbe, hogy a \u201ek\u00e9thetest\u201d Lengyelorsz\u00e1gba szervezz\u00fck \u2013 a Lengyel Idegenforgalmi Szervezet megkeres\u00e9se, kedvcsin\u00e1l\u00e1sa \u00e9s t\u00e1mogat\u00e1sa adta az \u00f6tletet, amib\u0151l v\u00e9g\u00fcl egy felejthetetlen, 15 napos lak\u00f3aut\u00f3s kaland kerekedett.<br>K\u00f6zel 3600 kilom\u00e9tert tett\u00fcnk meg, t\u00edzn\u00e9l is t\u00f6bb v\u00e1rost \u00e9rintett\u00fcnk, \u00e9s sz\u00e1mos kempingben, valamint n\u00e9h\u00e1ny vadkempingben \u00e9jszak\u00e1ztunk. A Balti-tenger partvid\u00e9ke hol vadreg\u00e9nyes, hol ismer\u0151sen balatoni hangulatot \u00e1raszt, a Mazuri tavakn\u00e1l b\u00e9ke \u00e9s nyugalom v\u00e1r, a t\u00f6rt\u00e9nelmi v\u00e1rosokban pedig ny\u00fczsg\u0151 \u00e9let \u00e9s gazdag kultur\u00e1lis \u00f6r\u00f6ks\u00e9g t\u00e1rul el\u00e9nk.<br>Az utaz\u00e1s sor\u00e1n bej\u00e1rtuk Wroclaw, Poznan \u00e9s Gdansk sz\u00ednes utc\u00e1it, meg\u00e1lltunk a tengerparti Kolobrzegben \u00e9s Sopoton, felfedezt\u00fck a Slowinski Nemzeti Park homokd\u0171n\u00e9it, a G\u00f6rbe Erd\u0151 k\u00fcl\u00f6nleges f\u00e1it, \u00e9s haj\u00f3ztunk a Mazuri tavakon. K\u00f6zben kipr\u00f3b\u00e1ltuk, milyen az orsz\u00e1g kempingh\u00e1l\u00f3zata, mire sz\u00e1m\u00edthat az, aki lak\u00f3aut\u00f3val v\u00e1g neki Lengyelorsz\u00e1gnak, \u00e9s megtapasztaltuk, hogy az orsz\u00e1g milyen soksz\u00edn\u0171, m\u00e9gis bar\u00e1ts\u00e1gos \u00fati c\u00e9l.<br>Az el\u0151ad\u00e1sban mes\u00e9lek arr\u00f3l is, hogyan tervezt\u00fck meg az utat, milyen \u00e9lm\u00e9nyek \u00e9s kih\u00edv\u00e1sok v\u00e1rtak r\u00e1nk, \u00e9s mi\u00e9rt gondoljuk \u00fagy, hogy Lengyelorsz\u00e1g az egyik legjobb, m\u00e9gis alul\u00e9rt\u00e9kelt lak\u00f3aut\u00f3s c\u00e9lpont Eur\u00f3p\u00e1ban.<\/p>\n\n\n\n<p>A rendezv\u00e9ny ingyenes.<br>Regisztr\u00e1lni az al\u00e1bbi linken lehet: <a href=\"https:\/\/forms.gle\/WM35xkqZWmWPGsTi7\">https:\/\/forms.gle\/WM35xkqZWmWPGsTi7<\/a><\/p>\n","protected":false},"excerpt":{"rendered":"<p>Lak\u00f3aut\u00f3val Lengyelorsz\u00e1gban &#8211; \u00c9szakon a tenger, d\u00e9len a hegyek, k\u00f6z\u00f6tt\u00fck meg a mez\u0151k \u00e9s a Mazuri tavak Helysz\u00edn: Lengyel Int\u00e9zet &#8211; 1065 Bp. Nagymez\u0151 u. 15. Id\u0151pont: 2025. december 3. 17:30 Id\u00e9n nem teljesen magunkt\u00f3l jutott esz\u00fcnkbe, hogy a \u201ek\u00e9thetest\u201d Lengyelorsz\u00e1gba szervezz\u00fck \u2013 a Lengyel Idegenforgalmi Szervezet megkeres\u00e9se, kedvcsin\u00e1l\u00e1sa \u00e9s t\u00e1mogat\u00e1sa adta az \u00f6tletet, amib\u0151l [&hellip;]<\/p>\n","protected":false},"author":68,"featured_media":21099,"comment_status":"open","ping_status":"open","sticky":false,"template":"","format":"standard","meta":{"inline_featured_image":false,"_monsterinsights_skip_tracking":false,"_monsterinsights_sitenote_active":false,"_monsterinsights_sitenote_note":"","_monsterinsights_sitenote_category":0,"footnotes":""},"categories":[54,36],"tags":[],"class_list":["post-21066","post","type-post","status-publish","format-standard","has-post-thumbnail","hentry","category-egyeb","category-program"],"yoast_head":"<!-- This site is optimized with the Yoast SEO plugin v24.6 - https:\/\/yoast.com\/wordpress\/plugins\/seo\/ -->\n<title>Lak\u00f3aut\u00f3val Lengyelorsz\u00e1gban Sztaniszlav Andr\u00e1ssal - Instytut Polski w Budapeszcie<\/title>\n<meta name=\"robots\" content=\"index, follow, max-snippet:-1, max-image-preview:large, max-video-preview:-1\" \/>\n<link rel=\"canonical\" href=\"https:\/\/instytutpolski.pl\/budapest\/2025\/11\/17\/lakoautoval-lengyelorszagban-sztaniszlav-andrassal\/\" \/>\n<meta property=\"og:locale\" content=\"pl_PL\" \/>\n<meta property=\"og:type\" content=\"article\" \/>\n<meta property=\"og:title\" content=\"Lak\u00f3aut\u00f3val Lengyelorsz\u00e1gban Sztaniszlav Andr\u00e1ssal - Instytut Polski w Budapeszcie\" \/>\n<meta property=\"og:description\" content=\"Lak\u00f3aut\u00f3val Lengyelorsz\u00e1gban &#8211; \u00c9szakon a tenger, d\u00e9len a hegyek, k\u00f6z\u00f6tt\u00fck meg a mez\u0151k \u00e9s a Mazuri tavak Helysz\u00edn: Lengyel Int\u00e9zet &#8211; 1065 Bp. Nagymez\u0151 u. 15. Id\u0151pont: 2025. december 3. 17:30 Id\u00e9n nem teljesen magunkt\u00f3l jutott esz\u00fcnkbe, hogy a \u201ek\u00e9thetest\u201d Lengyelorsz\u00e1gba szervezz\u00fck \u2013 a Lengyel Idegenforgalmi Szervezet megkeres\u00e9se, kedvcsin\u00e1l\u00e1sa \u00e9s t\u00e1mogat\u00e1sa adta az \u00f6tletet, amib\u0151l [&hellip;]\" \/>\n<meta property=\"og:url\" content=\"https:\/\/instytutpolski.pl\/budapest\/2025\/11\/17\/lakoautoval-lengyelorszagban-sztaniszlav-andrassal\/\" \/>\n<meta property=\"og:site_name\" content=\"Instytut Polski w Budapeszcie\" \/>\n<meta property=\"article:published_time\" content=\"2025-11-17T09:17:24+00:00\" \/>\n<meta property=\"article:modified_time\" content=\"2025-11-21T13:59:55+00:00\" \/>\n<meta property=\"og:image\" content=\"https:\/\/instytutpolski.pl\/budapest\/wp-content\/uploads\/sites\/21\/2025\/11\/572773539_1235072885317439_4877039435609646555_n.jpg\" \/>\n\t<meta property=\"og:image:width\" content=\"2048\" \/>\n\t<meta property=\"og:image:height\" content=\"1074\" \/>\n\t<meta property=\"og:image:type\" content=\"image\/jpeg\" \/>\n<meta name=\"author\" content=\"felvidekie\" \/>\n<meta name=\"twitter:card\" content=\"summary_large_image\" \/>\n<meta name=\"twitter:label1\" content=\"Napisane przez\" \/>\n\t<meta name=\"twitter:data1\" content=\"felvidekie\" \/>\n\t<meta name=\"twitter:label2\" content=\"Szacowany czas czytania\" \/>\n\t<meta name=\"twitter:data2\" content=\"2 minuty\" \/>\n<script type=\"application\/ld+json\" class=\"yoast-schema-graph\">{\"@context\":\"https:\/\/schema.org\",\"@graph\":[{\"@type\":\"event\",\"@id\":\"https:\/\/instytutpolski.pl\/budapest\/2025\/11\/17\/lakoautoval-lengyelorszagban-sztaniszlav-andrassal\/\",\"url\":\"https:\/\/instytutpolski.pl\/budapest\/2025\/11\/17\/lakoautoval-lengyelorszagban-sztaniszlav-andrassal\/\",\"name\":\"Lak\u00f3aut\u00f3val Lengyelorsz\u00e1gban Sztaniszlav Andr\u00e1ssal\",\"isPartOf\":{\"@id\":\"https:\/\/instytutpolski.pl\/budapest\/#website\"},\"primaryImageOfPage\":{\"@id\":\"https:\/\/instytutpolski.pl\/budapest\/2025\/11\/17\/lakoautoval-lengyelorszagban-sztaniszlav-andrassal\/#primaryimage\"},\"image\":[\"https:\/\/instytutpolski.pl\/budapest\/wp-content\/uploads\/sites\/21\/2025\/11\/572773539_1235072885317439_4877039435609646555_n.jpg\",\"https:\/\/instytutpolski.pl\/budapest\/wp-content\/uploads\/sites\/21\/2025\/11\/572773539_1235072885317439_4877039435609646555_n-300x157.jpg\",\"https:\/\/instytutpolski.pl\/budapest\/wp-content\/uploads\/sites\/21\/2025\/11\/572773539_1235072885317439_4877039435609646555_n-1024x537.jpg\",\"https:\/\/instytutpolski.pl\/budapest\/wp-content\/uploads\/sites\/21\/2025\/11\/572773539_1235072885317439_4877039435609646555_n.jpg\"],\"thumbnailUrl\":\"https:\/\/instytutpolski.pl\/budapest\/wp-content\/uploads\/sites\/21\/2025\/11\/572773539_1235072885317439_4877039435609646555_n.jpg\",\"datePublished\":\"2025-11-17T09:17:24+02:00\",\"dateModified\":\"2025-11-21T13:59:55+02:00\",\"author\":{\"@id\":\"https:\/\/instytutpolski.pl\/budapest\/#\/schema\/person\/c32972170e1c8bb4ddd4918967161d9f\"},\"breadcrumb\":{\"@id\":\"https:\/\/instytutpolski.pl\/budapest\/2025\/11\/17\/lakoautoval-lengyelorszagban-sztaniszlav-andrassal\/#breadcrumb\"},\"inLanguage\":\"pl-PL\",\"potentialAction\":[{\"@type\":\"ReadAction\",\"target\":[\"https:\/\/instytutpolski.pl\/budapest\/2025\/11\/17\/lakoautoval-lengyelorszagban-sztaniszlav-andrassal\/\"]}],\"@context\":\"https:\/\/schema.org\",\"startDate\":\"2025-12-03\",\"endDate\":\"2025-12-03\",\"eventStatus\":\"EventScheduled\",\"eventAttendanceMode\":\"OfflineEventAttendanceMode\",\"location\":{\"@type\":\"place\",\"name\":\"\",\"address\":\"\",\"geo\":{\"@type\":\"GeoCoordinates\",\"latitude\":\"\",\"longitude\":\"\"}},\"description\":\"Lak\u00f3aut\u00f3val Lengyelorsz\u00e1gban - \u00c9szakon a tenger, d\u00e9len a hegyek, k\u00f6z\u00f6tt\u00fck meg a mez\u0151k \u00e9s a Mazuri tavak\\nHelysz\u00edn: Lengyel Int\u00e9zet - 1065 Bp. Nagymez\u0151 u. 15.\\nId\u0151pont: 2025. december 3. 17:30\\nId\u00e9n nem teljesen magunkt\u00f3l jutott esz\u00fcnkbe, hogy a \u201ek\u00e9thetest\u201d Lengyelorsz\u00e1gba szervezz\u00fck \u2013 a Lengyel Idegenforgalmi Szervezet megkeres\u00e9se, kedvcsin\u00e1l\u00e1sa \u00e9s t\u00e1mogat\u00e1sa adta az \u00f6tletet, amib\u0151l v\u00e9g\u00fcl egy felejthetetlen, 15 napos lak\u00f3aut\u00f3s kaland kerekedett.K\u00f6zel 3600 kilom\u00e9tert tett\u00fcnk meg, t\u00edzn\u00e9l is t\u00f6bb v\u00e1rost \u00e9rintett\u00fcnk, \u00e9s sz\u00e1mos kempingben, valamint n\u00e9h\u00e1ny vadkempingben \u00e9jszak\u00e1ztunk. A Balti-tenger partvid\u00e9ke hol vadreg\u00e9nyes, hol ismer\u0151sen balatoni hangulatot \u00e1raszt, a Mazuri tavakn\u00e1l b\u00e9ke \u00e9s nyugalom v\u00e1r, a t\u00f6rt\u00e9nelmi v\u00e1rosokban pedig ny\u00fczsg\u0151 \u00e9let \u00e9s gazdag kultur\u00e1lis \u00f6r\u00f6ks\u00e9g t\u00e1rul el\u00e9nk.Az utaz\u00e1s sor\u00e1n bej\u00e1rtuk Wroclaw, Poznan \u00e9s Gdansk sz\u00ednes utc\u00e1it, meg\u00e1lltunk a tengerparti Kolobrzegben \u00e9s Sopoton, felfedezt\u00fck a Slowinski Nemzeti Park homokd\u0171n\u00e9it, a G\u00f6rbe Erd\u0151 k\u00fcl\u00f6nleges f\u00e1it, \u00e9s haj\u00f3ztunk a Mazuri tavakon. K\u00f6zben kipr\u00f3b\u00e1ltuk, milyen az orsz\u00e1g kempingh\u00e1l\u00f3zata, mire sz\u00e1m\u00edthat az, aki lak\u00f3aut\u00f3val v\u00e1g neki Lengyelorsz\u00e1gnak, \u00e9s megtapasztaltuk, hogy az orsz\u00e1g milyen soksz\u00edn\u0171, m\u00e9gis bar\u00e1ts\u00e1gos \u00fati c\u00e9l.Az el\u0151ad\u00e1sban mes\u00e9lek arr\u00f3l is, hogyan tervezt\u00fck meg az utat, milyen \u00e9lm\u00e9nyek \u00e9s kih\u00edv\u00e1sok v\u00e1rtak r\u00e1nk, \u00e9s mi\u00e9rt gondoljuk \u00fagy, hogy Lengyelorsz\u00e1g az egyik legjobb, m\u00e9gis alul\u00e9rt\u00e9kelt lak\u00f3aut\u00f3s c\u00e9lpont Eur\u00f3p\u00e1ban.\\nA rendezv\u00e9ny ingyenes.Regisztr\u00e1lni az al\u00e1bbi linken lehet: https:\/\/forms.gle\/WM35xkqZWmWPGsTi7\"},{\"@type\":\"ImageObject\",\"inLanguage\":\"pl-PL\",\"@id\":\"https:\/\/instytutpolski.pl\/budapest\/2025\/11\/17\/lakoautoval-lengyelorszagban-sztaniszlav-andrassal\/#primaryimage\",\"url\":\"https:\/\/instytutpolski.pl\/budapest\/wp-content\/uploads\/sites\/21\/2025\/11\/572773539_1235072885317439_4877039435609646555_n.jpg\",\"contentUrl\":\"https:\/\/instytutpolski.pl\/budapest\/wp-content\/uploads\/sites\/21\/2025\/11\/572773539_1235072885317439_4877039435609646555_n.jpg\",\"width\":2048,\"height\":1074},{\"@type\":\"BreadcrumbList\",\"@id\":\"https:\/\/instytutpolski.pl\/budapest\/2025\/11\/17\/lakoautoval-lengyelorszagban-sztaniszlav-andrassal\/#breadcrumb\",\"itemListElement\":[{\"@type\":\"ListItem\",\"position\":1,\"name\":\"Home\",\"item\":\"https:\/\/instytutpolski.pl\/budapest\/\"},{\"@type\":\"ListItem\",\"position\":2,\"name\":\"Lak\u00f3aut\u00f3val Lengyelorsz\u00e1gban Sztaniszlav Andr\u00e1ssal\"}]},{\"@type\":\"WebSite\",\"@id\":\"https:\/\/instytutpolski.pl\/budapest\/#website\",\"url\":\"https:\/\/instytutpolski.pl\/budapest\/\",\"name\":\"Instytut Polski w Budapeszcie\",\"description\":\"Instytuty Polskie\",\"potentialAction\":[{\"@type\":\"SearchAction\",\"target\":{\"@type\":\"EntryPoint\",\"urlTemplate\":\"https:\/\/instytutpolski.pl\/budapest\/?s={search_term_string}\"},\"query-input\":{\"@type\":\"PropertyValueSpecification\",\"valueRequired\":true,\"valueName\":\"search_term_string\"}}],\"inLanguage\":\"pl-PL\"},{\"@type\":\"Person\",\"@id\":\"https:\/\/instytutpolski.pl\/budapest\/#\/schema\/person\/c32972170e1c8bb4ddd4918967161d9f\",\"name\":\"felvidekie\",\"image\":{\"@type\":\"ImageObject\",\"inLanguage\":\"pl-PL\",\"@id\":\"https:\/\/instytutpolski.pl\/budapest\/#\/schema\/person\/image\/\",\"url\":\"https:\/\/secure.gravatar.com\/avatar\/a1a943f2404ab143dcc09c865ea2fd66?s=96&d=mm&r=g\",\"contentUrl\":\"https:\/\/secure.gravatar.com\/avatar\/a1a943f2404ab143dcc09c865ea2fd66?s=96&d=mm&r=g\",\"caption\":\"felvidekie\"},\"url\":\"https:\/\/instytutpolski.pl\/budapest\/author\/felvidekie\/\"}]}<\/script>\n<!-- \/ Yoast SEO plugin. -->","yoast_head_json":{"title":"Lak\u00f3aut\u00f3val Lengyelorsz\u00e1gban Sztaniszlav Andr\u00e1ssal - Instytut Polski w Budapeszcie","robots":{"index":"index","follow":"follow","max-snippet":"max-snippet:-1","max-image-preview":"max-image-preview:large","max-video-preview":"max-video-preview:-1"},"canonical":"https:\/\/instytutpolski.pl\/budapest\/2025\/11\/17\/lakoautoval-lengyelorszagban-sztaniszlav-andrassal\/","og_locale":"pl_PL","og_type":"article","og_title":"Lak\u00f3aut\u00f3val Lengyelorsz\u00e1gban Sztaniszlav Andr\u00e1ssal - Instytut Polski w Budapeszcie","og_description":"Lak\u00f3aut\u00f3val Lengyelorsz\u00e1gban &#8211; \u00c9szakon a tenger, d\u00e9len a hegyek, k\u00f6z\u00f6tt\u00fck meg a mez\u0151k \u00e9s a Mazuri tavak Helysz\u00edn: Lengyel Int\u00e9zet &#8211; 1065 Bp. Nagymez\u0151 u. 15. Id\u0151pont: 2025. december 3. 17:30 Id\u00e9n nem teljesen magunkt\u00f3l jutott esz\u00fcnkbe, hogy a \u201ek\u00e9thetest\u201d Lengyelorsz\u00e1gba szervezz\u00fck \u2013 a Lengyel Idegenforgalmi Szervezet megkeres\u00e9se, kedvcsin\u00e1l\u00e1sa \u00e9s t\u00e1mogat\u00e1sa adta az \u00f6tletet, amib\u0151l [&hellip;]","og_url":"https:\/\/instytutpolski.pl\/budapest\/2025\/11\/17\/lakoautoval-lengyelorszagban-sztaniszlav-andrassal\/","og_site_name":"Instytut Polski w Budapeszcie","article_published_time":"2025-11-17T09:17:24+00:00","article_modified_time":"2025-11-21T13:59:55+00:00","og_image":[{"width":2048,"height":1074,"url":"https:\/\/instytutpolski.pl\/budapest\/wp-content\/uploads\/sites\/21\/2025\/11\/572773539_1235072885317439_4877039435609646555_n.jpg","type":"image\/jpeg"}],"author":"felvidekie","twitter_card":"summary_large_image","twitter_misc":{"Napisane przez":"felvidekie","Szacowany czas czytania":"2 minuty"},"schema":{"@context":"https:\/\/schema.org","@graph":[{"@type":"event","@id":"https:\/\/instytutpolski.pl\/budapest\/2025\/11\/17\/lakoautoval-lengyelorszagban-sztaniszlav-andrassal\/","url":"https:\/\/instytutpolski.pl\/budapest\/2025\/11\/17\/lakoautoval-lengyelorszagban-sztaniszlav-andrassal\/","name":"Lak\u00f3aut\u00f3val Lengyelorsz\u00e1gban Sztaniszlav Andr\u00e1ssal","isPartOf":{"@id":"https:\/\/instytutpolski.pl\/budapest\/#website"},"primaryImageOfPage":{"@id":"https:\/\/instytutpolski.pl\/budapest\/2025\/11\/17\/lakoautoval-lengyelorszagban-sztaniszlav-andrassal\/#primaryimage"},"image":["https:\/\/instytutpolski.pl\/budapest\/wp-content\/uploads\/sites\/21\/2025\/11\/572773539_1235072885317439_4877039435609646555_n.jpg","https:\/\/instytutpolski.pl\/budapest\/wp-content\/uploads\/sites\/21\/2025\/11\/572773539_1235072885317439_4877039435609646555_n-300x157.jpg","https:\/\/instytutpolski.pl\/budapest\/wp-content\/uploads\/sites\/21\/2025\/11\/572773539_1235072885317439_4877039435609646555_n-1024x537.jpg","https:\/\/instytutpolski.pl\/budapest\/wp-content\/uploads\/sites\/21\/2025\/11\/572773539_1235072885317439_4877039435609646555_n.jpg"],"thumbnailUrl":"https:\/\/instytutpolski.pl\/budapest\/wp-content\/uploads\/sites\/21\/2025\/11\/572773539_1235072885317439_4877039435609646555_n.jpg","datePublished":"2025-11-17T09:17:24+02:00","dateModified":"2025-11-21T13:59:55+02:00","author":{"@id":"https:\/\/instytutpolski.pl\/budapest\/#\/schema\/person\/c32972170e1c8bb4ddd4918967161d9f"},"breadcrumb":{"@id":"https:\/\/instytutpolski.pl\/budapest\/2025\/11\/17\/lakoautoval-lengyelorszagban-sztaniszlav-andrassal\/#breadcrumb"},"inLanguage":"pl-PL","potentialAction":[{"@type":"ReadAction","target":["https:\/\/instytutpolski.pl\/budapest\/2025\/11\/17\/lakoautoval-lengyelorszagban-sztaniszlav-andrassal\/"]}],"@context":"https:\/\/schema.org","startDate":"2025-12-03","endDate":"2025-12-03","eventStatus":"EventScheduled","eventAttendanceMode":"OfflineEventAttendanceMode","location":{"@type":"place","name":"","address":"","geo":{"@type":"GeoCoordinates","latitude":"","longitude":""}},"description":"Lak\u00f3aut\u00f3val Lengyelorsz\u00e1gban - \u00c9szakon a tenger, d\u00e9len a hegyek, k\u00f6z\u00f6tt\u00fck meg a mez\u0151k \u00e9s a Mazuri tavak\nHelysz\u00edn: Lengyel Int\u00e9zet - 1065 Bp. Nagymez\u0151 u. 15.\nId\u0151pont: 2025. december 3. 17:30\nId\u00e9n nem teljesen magunkt\u00f3l jutott esz\u00fcnkbe, hogy a \u201ek\u00e9thetest\u201d Lengyelorsz\u00e1gba szervezz\u00fck \u2013 a Lengyel Idegenforgalmi Szervezet megkeres\u00e9se, kedvcsin\u00e1l\u00e1sa \u00e9s t\u00e1mogat\u00e1sa adta az \u00f6tletet, amib\u0151l v\u00e9g\u00fcl egy felejthetetlen, 15 napos lak\u00f3aut\u00f3s kaland kerekedett.K\u00f6zel 3600 kilom\u00e9tert tett\u00fcnk meg, t\u00edzn\u00e9l is t\u00f6bb v\u00e1rost \u00e9rintett\u00fcnk, \u00e9s sz\u00e1mos kempingben, valamint n\u00e9h\u00e1ny vadkempingben \u00e9jszak\u00e1ztunk. A Balti-tenger partvid\u00e9ke hol vadreg\u00e9nyes, hol ismer\u0151sen balatoni hangulatot \u00e1raszt, a Mazuri tavakn\u00e1l b\u00e9ke \u00e9s nyugalom v\u00e1r, a t\u00f6rt\u00e9nelmi v\u00e1rosokban pedig ny\u00fczsg\u0151 \u00e9let \u00e9s gazdag kultur\u00e1lis \u00f6r\u00f6ks\u00e9g t\u00e1rul el\u00e9nk.Az utaz\u00e1s sor\u00e1n bej\u00e1rtuk Wroclaw, Poznan \u00e9s Gdansk sz\u00ednes utc\u00e1it, meg\u00e1lltunk a tengerparti Kolobrzegben \u00e9s Sopoton, felfedezt\u00fck a Slowinski Nemzeti Park homokd\u0171n\u00e9it, a G\u00f6rbe Erd\u0151 k\u00fcl\u00f6nleges f\u00e1it, \u00e9s haj\u00f3ztunk a Mazuri tavakon. K\u00f6zben kipr\u00f3b\u00e1ltuk, milyen az orsz\u00e1g kempingh\u00e1l\u00f3zata, mire sz\u00e1m\u00edthat az, aki lak\u00f3aut\u00f3val v\u00e1g neki Lengyelorsz\u00e1gnak, \u00e9s megtapasztaltuk, hogy az orsz\u00e1g milyen soksz\u00edn\u0171, m\u00e9gis bar\u00e1ts\u00e1gos \u00fati c\u00e9l.Az el\u0151ad\u00e1sban mes\u00e9lek arr\u00f3l is, hogyan tervezt\u00fck meg az utat, milyen \u00e9lm\u00e9nyek \u00e9s kih\u00edv\u00e1sok v\u00e1rtak r\u00e1nk, \u00e9s mi\u00e9rt gondoljuk \u00fagy, hogy Lengyelorsz\u00e1g az egyik legjobb, m\u00e9gis alul\u00e9rt\u00e9kelt lak\u00f3aut\u00f3s c\u00e9lpont Eur\u00f3p\u00e1ban.\nA rendezv\u00e9ny ingyenes.Regisztr\u00e1lni az al\u00e1bbi linken lehet: https:\/\/forms.gle\/WM35xkqZWmWPGsTi7"},{"@type":"ImageObject","inLanguage":"pl-PL","@id":"https:\/\/instytutpolski.pl\/budapest\/2025\/11\/17\/lakoautoval-lengyelorszagban-sztaniszlav-andrassal\/#primaryimage","url":"https:\/\/instytutpolski.pl\/budapest\/wp-content\/uploads\/sites\/21\/2025\/11\/572773539_1235072885317439_4877039435609646555_n.jpg","contentUrl":"https:\/\/instytutpolski.pl\/budapest\/wp-content\/uploads\/sites\/21\/2025\/11\/572773539_1235072885317439_4877039435609646555_n.jpg","width":2048,"height":1074},{"@type":"BreadcrumbList","@id":"https:\/\/instytutpolski.pl\/budapest\/2025\/11\/17\/lakoautoval-lengyelorszagban-sztaniszlav-andrassal\/#breadcrumb","itemListElement":[{"@type":"ListItem","position":1,"name":"Home","item":"https:\/\/instytutpolski.pl\/budapest\/"},{"@type":"ListItem","position":2,"name":"Lak\u00f3aut\u00f3val Lengyelorsz\u00e1gban Sztaniszlav Andr\u00e1ssal"}]},{"@type":"WebSite","@id":"https:\/\/instytutpolski.pl\/budapest\/#website","url":"https:\/\/instytutpolski.pl\/budapest\/","name":"Instytut Polski w Budapeszcie","description":"Instytuty Polskie","potentialAction":[{"@type":"SearchAction","target":{"@type":"EntryPoint","urlTemplate":"https:\/\/instytutpolski.pl\/budapest\/?s={search_term_string}"},"query-input":{"@type":"PropertyValueSpecification","valueRequired":true,"valueName":"search_term_string"}}],"inLanguage":"pl-PL"},{"@type":"Person","@id":"https:\/\/instytutpolski.pl\/budapest\/#\/schema\/person\/c32972170e1c8bb4ddd4918967161d9f","name":"felvidekie","image":{"@type":"ImageObject","inLanguage":"pl-PL","@id":"https:\/\/instytutpolski.pl\/budapest\/#\/schema\/person\/image\/","url":"https:\/\/secure.gravatar.com\/avatar\/a1a943f2404ab143dcc09c865ea2fd66?s=96&d=mm&r=g","contentUrl":"https:\/\/secure.gravatar.com\/avatar\/a1a943f2404ab143dcc09c865ea2fd66?s=96&d=mm&r=g","caption":"felvidekie"},"url":"https:\/\/instytutpolski.pl\/budapest\/author\/felvidekie\/"}]}},"_links":{"self":[{"href":"https:\/\/instytutpolski.pl\/budapest\/wp-json\/wp\/v2\/posts\/21066","targetHints":{"allow":["GET"]}}],"collection":[{"href":"https:\/\/instytutpolski.pl\/budapest\/wp-json\/wp\/v2\/posts"}],"about":[{"href":"https:\/\/instytutpolski.pl\/budapest\/wp-json\/wp\/v2\/types\/post"}],"author":[{"embeddable":true,"href":"https:\/\/instytutpolski.pl\/budapest\/wp-json\/wp\/v2\/users\/68"}],"replies":[{"embeddable":true,"href":"https:\/\/instytutpolski.pl\/budapest\/wp-json\/wp\/v2\/comments?post=21066"}],"version-history":[{"count":3,"href":"https:\/\/instytutpolski.pl\/budapest\/wp-json\/wp\/v2\/posts\/21066\/revisions"}],"predecessor-version":[{"id":21102,"href":"https:\/\/instytutpolski.pl\/budapest\/wp-json\/wp\/v2\/posts\/21066\/revisions\/21102"}],"wp:featuredmedia":[{"embeddable":true,"href":"https:\/\/instytutpolski.pl\/budapest\/wp-json\/wp\/v2\/media\/21099"}],"wp:attachment":[{"href":"https:\/\/instytutpolski.pl\/budapest\/wp-json\/wp\/v2\/media?parent=21066"}],"wp:term":[{"taxonomy":"category","embeddable":true,"href":"https:\/\/instytutpolski.pl\/budapest\/wp-json\/wp\/v2\/categories?post=21066"},{"taxonomy":"post_tag","embeddable":true,"href":"https:\/\/instytutpolski.pl\/budapest\/wp-json\/wp\/v2\/tags?post=21066"}],"curies":[{"name":"wp","href":"https:\/\/api.w.org\/{rel}","templated":true}]}}