{"id":21158,"date":"2025-12-11T14:43:49","date_gmt":"2025-12-11T13:43:49","guid":{"rendered":"https:\/\/instytutpolski.pl\/budapest\/?p=21158"},"modified":"2025-12-17T10:40:13","modified_gmt":"2025-12-17T09:40:13","slug":"swiateczny-pop-up-market","status":"publish","type":"post","link":"https:\/\/instytutpolski.pl\/budapest\/pl\/2025\/12\/11\/swiateczny-pop-up-market\/","title":{"rendered":"\u015aWI\u0104TECZNY POP-UP MARKET"},"content":{"rendered":"\n<p style=\"text-align: justify\"><strong>\u015aWI\u0104TECZNY POP-UP MARKET<\/strong><\/p>\n<p>Serdecznie zapraszamy na <strong>\u015bwi\u0105teczny jarmark galerii youngart<\/strong>.<\/p>\n<p>Wystaw\u0119 mo\u017cna ogl\u0105da\u0107 <strong>do 19 grudnia<\/strong>.<\/p>\n<p><strong>Katalog online (wersja do przegl\u0105dania):<\/strong><br \/><a href=\"https:\/\/www.calameo.com\/read\/00769505512a4383e0860\">https:\/\/www.calameo.com\/read\/00769505512a4383e0860<\/a><\/p>\n<p>W galerii <strong>Latarka<\/strong> w Budapeszcie prezentujemy kuratorsk\u0105 selekcj\u0119 opart\u0105 na do\u015bwiadczeniu zawodowym oraz wybitnych walorach artystycznych \u2013 dzi\u0119ki temu publiczno\u015b\u0107 spotka si\u0119 z wyselekcjonowanymi, dojrza\u0142ymi dzie\u0142ami sztuki.<\/p>\n<p>Podczas gdy targi sztuki cz\u0119sto opieraj\u0105 si\u0119 na spontaniczno\u015bci chwili, my wierzymy w si\u0142\u0119 osobistych spotka\u0144, \u015bwiadomej selekcji oraz dzia\u0142ania opartego na warto\u015bciach. Tegoroczna edycja naszego jarmarku ma na celu podkre\u015blenie uczciwej reprezentacji artyst\u00f3w oraz \u2013 dzi\u0119ki przejrzystemu systemowi cen \u2013 zwr\u00f3cenie uwagi na to, \u017ce prawdziwa istota sztuki tkwi w warto\u015bciach ludzkich.<\/p>\n<p><strong>Arty\u015bci bior\u0105cy udzia\u0142 w wystawie:<\/strong><br \/>B\u00c1NF\u00d6LDI ZOLT\u00c1N \u00b7 B\u00c9K\u00c9SI ADRIEN \u00b7 B\u00cdR\u00d3 BOTOND \u00b7 ESSE B\u00c1NKI \u00c1KOS \u00b7<br \/>GWIZDALA D\u00c1RIUSZ \u00b7 HORV\u00c1TH \u00c9VA M\u00d3NIKA \u00b7 KOPELIOVICH MILADA \u00b7<br \/>KOV\u00c1CS GABRIELLA \u2013 ELLART \u00b7 MARTON \u00c1KOS BARNAB\u00c1S \u00b7 MURAKAMI PATRICK \u00b7<br \/>R\u00c9V\u00c9SZ \u00c1KOS \u00b7 S\u00dcT\u0150 R\u00d3BERT \u00b7 SZALONTAI MARGIT \u00b7 SZAX OLIV\u00c9R \u00b7<br \/>SZ\u0150KE P\u00c9TER JAKAB \u00b7 TOMASZ PIARS \u00b7 ZASUKHINA DARIA \u2013 DASH<\/p>\n<p><strong>Wst\u0119p wolny dla wszystkich.<\/strong><\/p>\n<p><strong>Termin:<\/strong> 27 listopada \u2013 19 grudnia 2025<br \/><strong>Miejsce:<\/strong> Galeria Latarka \u2013 1061 Budapeszt, Andr\u00e1ssy \u00fat 32.<\/p>\n<p><strong>Dojazd:<\/strong><br \/>Metro M1 \u2013 stacja Oktogon (2\u20133 minuty pieszo)<br \/>Trolejbusy: 70, 78 \u2013 Opera M<br \/>Autobusy: 105, 210, 210B \u2013 Opera M<\/p>\n<p><strong>Godziny otwarcia:<\/strong><br \/>poniedzia\u0142ek\u2013pi\u0105tek: 10:00\u201318:00<\/p>\n<p><strong>Kontakt:<\/strong><br \/><a href=\"mailto:info@youngart.hu\">info@youngart.hu<\/a><br \/>tel.: +36 30 455 1540<\/p>\n","protected":false},"excerpt":{"rendered":"<p>\u015aWI\u0104TECZNY POP-UP MARKET Serdecznie zapraszamy na \u015bwi\u0105teczny jarmark galerii youngart. Wystaw\u0119 mo\u017cna ogl\u0105da\u0107 do 19 grudnia. Katalog online (wersja do przegl\u0105dania):https:\/\/www.calameo.com\/read\/00769505512a4383e0860 W galerii Latarka w Budapeszcie prezentujemy kuratorsk\u0105 selekcj\u0119 opart\u0105 na do\u015bwiadczeniu zawodowym oraz wybitnych walorach artystycznych \u2013 dzi\u0119ki temu publiczno\u015b\u0107 spotka si\u0119 z wyselekcjonowanymi, dojrza\u0142ymi dzie\u0142ami sztuki. Podczas gdy targi sztuki cz\u0119sto opieraj\u0105 si\u0119 [&hellip;]<\/p>\n","protected":false},"author":137,"featured_media":21134,"comment_status":"open","ping_status":"open","sticky":true,"template":"","format":"standard","meta":{"inline_featured_image":false,"_monsterinsights_skip_tracking":false,"_monsterinsights_sitenote_active":false,"_monsterinsights_sitenote_note":"","_monsterinsights_sitenote_category":0,"footnotes":""},"categories":[173,58,40,80],"tags":[],"class_list":["post-21158","post","type-post","status-publish","format-standard","has-post-thumbnail","hentry","category-galeria-platan","category-inne","category-program-pl","category-wystawa"],"yoast_head":"<!-- This site is optimized with the Yoast SEO plugin v24.6 - https:\/\/yoast.com\/wordpress\/plugins\/seo\/ -->\n<title>\u015aWI\u0104TECZNY POP-UP MARKET - Instytut Polski w Budapeszcie<\/title>\n<meta name=\"robots\" content=\"index, follow, max-snippet:-1, max-image-preview:large, max-video-preview:-1\" \/>\n<link rel=\"canonical\" href=\"https:\/\/instytutpolski.pl\/budapest\/pl\/2025\/12\/11\/swiateczny-pop-up-market\/\" \/>\n<meta property=\"og:locale\" content=\"pl_PL\" \/>\n<meta property=\"og:type\" content=\"article\" \/>\n<meta property=\"og:title\" content=\"\u015aWI\u0104TECZNY POP-UP MARKET - Instytut Polski w Budapeszcie\" \/>\n<meta property=\"og:description\" content=\"\u015aWI\u0104TECZNY POP-UP MARKET Serdecznie zapraszamy na \u015bwi\u0105teczny jarmark galerii youngart. Wystaw\u0119 mo\u017cna ogl\u0105da\u0107 do 19 grudnia. Katalog online (wersja do przegl\u0105dania):https:\/\/www.calameo.com\/read\/00769505512a4383e0860 W galerii Latarka w Budapeszcie prezentujemy kuratorsk\u0105 selekcj\u0119 opart\u0105 na do\u015bwiadczeniu zawodowym oraz wybitnych walorach artystycznych \u2013 dzi\u0119ki temu publiczno\u015b\u0107 spotka si\u0119 z wyselekcjonowanymi, dojrza\u0142ymi dzie\u0142ami sztuki. Podczas gdy targi sztuki cz\u0119sto opieraj\u0105 si\u0119 [&hellip;]\" \/>\n<meta property=\"og:url\" content=\"https:\/\/instytutpolski.pl\/budapest\/pl\/2025\/12\/11\/swiateczny-pop-up-market\/\" \/>\n<meta property=\"og:site_name\" content=\"Instytut Polski w Budapeszcie\" \/>\n<meta property=\"article:published_time\" content=\"2025-12-11T13:43:49+00:00\" \/>\n<meta property=\"article:modified_time\" content=\"2025-12-17T09:40:13+00:00\" \/>\n<meta property=\"og:image\" content=\"https:\/\/instytutpolski.pl\/budapest\/wp-content\/uploads\/sites\/21\/2025\/12\/571211140_1435492335251234_1502048255700704396_n.jpg\" \/>\n\t<meta property=\"og:image:width\" content=\"2048\" \/>\n\t<meta property=\"og:image:height\" content=\"1072\" \/>\n\t<meta property=\"og:image:type\" content=\"image\/jpeg\" \/>\n<meta name=\"author\" content=\"jergert\" \/>\n<meta name=\"twitter:card\" content=\"summary_large_image\" \/>\n<meta name=\"twitter:label1\" content=\"Napisane przez\" \/>\n\t<meta name=\"twitter:data1\" content=\"jergert\" \/>\n\t<meta name=\"twitter:label2\" content=\"Szacowany czas czytania\" \/>\n\t<meta name=\"twitter:data2\" content=\"2 minuty\" \/>\n<script type=\"application\/ld+json\" class=\"yoast-schema-graph\">{\"@context\":\"https:\/\/schema.org\",\"@graph\":[{\"@type\":\"event\",\"@id\":\"https:\/\/instytutpolski.pl\/budapest\/pl\/2025\/12\/11\/swiateczny-pop-up-market\/\",\"url\":\"https:\/\/instytutpolski.pl\/budapest\/pl\/2025\/12\/11\/swiateczny-pop-up-market\/\",\"name\":\"\u015aWI\u0104TECZNY POP-UP MARKET\",\"isPartOf\":{\"@id\":\"https:\/\/instytutpolski.pl\/budapest\/#website\"},\"primaryImageOfPage\":{\"@id\":\"https:\/\/instytutpolski.pl\/budapest\/pl\/2025\/12\/11\/swiateczny-pop-up-market\/#primaryimage\"},\"image\":[\"https:\/\/instytutpolski.pl\/budapest\/wp-content\/uploads\/sites\/21\/2025\/12\/571211140_1435492335251234_1502048255700704396_n.jpg\",\"https:\/\/instytutpolski.pl\/budapest\/wp-content\/uploads\/sites\/21\/2025\/12\/571211140_1435492335251234_1502048255700704396_n-300x157.jpg\",\"https:\/\/instytutpolski.pl\/budapest\/wp-content\/uploads\/sites\/21\/2025\/12\/571211140_1435492335251234_1502048255700704396_n-1024x536.jpg\",\"https:\/\/instytutpolski.pl\/budapest\/wp-content\/uploads\/sites\/21\/2025\/12\/571211140_1435492335251234_1502048255700704396_n.jpg\"],\"thumbnailUrl\":\"https:\/\/instytutpolski.pl\/budapest\/wp-content\/uploads\/sites\/21\/2025\/12\/571211140_1435492335251234_1502048255700704396_n.jpg\",\"datePublished\":\"2025-12-11T13:43:49+02:00\",\"dateModified\":\"2025-12-17T09:40:13+02:00\",\"author\":{\"@id\":\"https:\/\/instytutpolski.pl\/budapest\/#\/schema\/person\/419f42c17704d0a78250bf0c7858df52\"},\"breadcrumb\":{\"@id\":\"https:\/\/instytutpolski.pl\/budapest\/pl\/2025\/12\/11\/swiateczny-pop-up-market\/#breadcrumb\"},\"inLanguage\":\"pl-PL\",\"potentialAction\":[{\"@type\":\"ReadAction\",\"target\":[\"https:\/\/instytutpolski.pl\/budapest\/pl\/2025\/12\/11\/swiateczny-pop-up-market\/\"]}],\"@context\":\"https:\/\/schema.org\",\"startDate\":\"2025-11-27\",\"endDate\":\"2025-12-19\",\"eventStatus\":\"EventScheduled\",\"eventAttendanceMode\":\"OfflineEventAttendanceMode\",\"location\":{\"@type\":\"place\",\"name\":\"Latarka Gal\u00e9ria - 1061 Budapest, Andr\u00e1ssy \u00fat 32.\",\"address\":\"Latarka Gal\u00e9ria - 1061 Budapest, Andr\u00e1ssy \u00fat 32.\",\"geo\":{\"@type\":\"GeoCoordinates\",\"latitude\":\"0\",\"longitude\":\"0\"}},\"description\":\"\u015aWI\u0104TECZNY POP-UP MARKET\\nSerdecznie zapraszamy na \u015bwi\u0105teczny jarmark galerii youngart.\\nWystaw\u0119 mo\u017cna ogl\u0105da\u0107 do 19 grudnia.\\nKatalog online (wersja do przegl\u0105dania):https:\/\/www.calameo.com\/read\/00769505512a4383e0860\\nW galerii Latarka w Budapeszcie prezentujemy kuratorsk\u0105 selekcj\u0119 opart\u0105 na do\u015bwiadczeniu zawodowym oraz wybitnych walorach artystycznych \u2013 dzi\u0119ki temu publiczno\u015b\u0107 spotka si\u0119 z wyselekcjonowanymi, dojrza\u0142ymi dzie\u0142ami sztuki.\\nPodczas gdy targi sztuki cz\u0119sto opieraj\u0105 si\u0119 na spontaniczno\u015bci chwili, my wierzymy w si\u0142\u0119 osobistych spotka\u0144, \u015bwiadomej selekcji oraz dzia\u0142ania opartego na warto\u015bciach. Tegoroczna edycja naszego jarmarku ma na celu podkre\u015blenie uczciwej reprezentacji artyst\u00f3w oraz \u2013 dzi\u0119ki przejrzystemu systemowi cen \u2013 zwr\u00f3cenie uwagi na to, \u017ce prawdziwa istota sztuki tkwi w warto\u015bciach ludzkich.\\nArty\u015bci bior\u0105cy udzia\u0142 w wystawie:B\u00c1NF\u00d6LDI ZOLT\u00c1N \u00b7 B\u00c9K\u00c9SI ADRIEN \u00b7 B\u00cdR\u00d3 BOTOND \u00b7 ESSE B\u00c1NKI \u00c1KOS \u00b7GWIZDALA D\u00c1RIUSZ \u00b7 HORV\u00c1TH \u00c9VA M\u00d3NIKA \u00b7 KOPELIOVICH MILADA \u00b7KOV\u00c1CS GABRIELLA \u2013 ELLART \u00b7 MARTON \u00c1KOS BARNAB\u00c1S \u00b7 MURAKAMI PATRICK \u00b7R\u00c9V\u00c9SZ \u00c1KOS \u00b7 S\u00dcT\u0150 R\u00d3BERT \u00b7 SZALONTAI MARGIT \u00b7 SZAX OLIV\u00c9R \u00b7SZ\u0150KE P\u00c9TER JAKAB \u00b7 TOMASZ PIARS \u00b7 ZASUKHINA DARIA \u2013 DASH\\nWst\u0119p wolny dla wszystkich.\\nTermin: 27 listopada \u2013 19 grudnia 2025Miejsce: Galeria Latarka \u2013 1061 Budapeszt, Andr\u00e1ssy \u00fat 32.\\nDojazd:Metro M1 \u2013 stacja Oktogon (2\u20133 minuty pieszo)Trolejbusy: 70, 78 \u2013 Opera MAutobusy: 105, 210, 210B \u2013 Opera M\\nGodziny otwarcia:poniedzia\u0142ek\u2013pi\u0105tek: 10:00\u201318:00\\nKontakt:info@youngart.hutel.: +36 30 455 1540\"},{\"@type\":\"ImageObject\",\"inLanguage\":\"pl-PL\",\"@id\":\"https:\/\/instytutpolski.pl\/budapest\/pl\/2025\/12\/11\/swiateczny-pop-up-market\/#primaryimage\",\"url\":\"https:\/\/instytutpolski.pl\/budapest\/wp-content\/uploads\/sites\/21\/2025\/12\/571211140_1435492335251234_1502048255700704396_n.jpg\",\"contentUrl\":\"https:\/\/instytutpolski.pl\/budapest\/wp-content\/uploads\/sites\/21\/2025\/12\/571211140_1435492335251234_1502048255700704396_n.jpg\",\"width\":2048,\"height\":1072},{\"@type\":\"BreadcrumbList\",\"@id\":\"https:\/\/instytutpolski.pl\/budapest\/pl\/2025\/12\/11\/swiateczny-pop-up-market\/#breadcrumb\",\"itemListElement\":[{\"@type\":\"ListItem\",\"position\":1,\"name\":\"Home\",\"item\":\"https:\/\/instytutpolski.pl\/budapest\/\"},{\"@type\":\"ListItem\",\"position\":2,\"name\":\"\u015aWI\u0104TECZNY POP-UP MARKET\"}]},{\"@type\":\"WebSite\",\"@id\":\"https:\/\/instytutpolski.pl\/budapest\/#website\",\"url\":\"https:\/\/instytutpolski.pl\/budapest\/\",\"name\":\"Instytut Polski w Budapeszcie\",\"description\":\"Instytuty Polskie\",\"potentialAction\":[{\"@type\":\"SearchAction\",\"target\":{\"@type\":\"EntryPoint\",\"urlTemplate\":\"https:\/\/instytutpolski.pl\/budapest\/?s={search_term_string}\"},\"query-input\":{\"@type\":\"PropertyValueSpecification\",\"valueRequired\":true,\"valueName\":\"search_term_string\"}}],\"inLanguage\":\"pl-PL\"},{\"@type\":\"Person\",\"@id\":\"https:\/\/instytutpolski.pl\/budapest\/#\/schema\/person\/419f42c17704d0a78250bf0c7858df52\",\"name\":\"jergert\",\"image\":{\"@type\":\"ImageObject\",\"inLanguage\":\"pl-PL\",\"@id\":\"https:\/\/instytutpolski.pl\/budapest\/#\/schema\/person\/image\/\",\"url\":\"https:\/\/secure.gravatar.com\/avatar\/8929296b454dc3d29ecb811f4703b7f3?s=96&d=mm&r=g\",\"contentUrl\":\"https:\/\/secure.gravatar.com\/avatar\/8929296b454dc3d29ecb811f4703b7f3?s=96&d=mm&r=g\",\"caption\":\"jergert\"},\"sameAs\":[\"http:\/\/jergert\",\"jergert\"],\"url\":\"https:\/\/instytutpolski.pl\/budapest\/author\/jergert\/\"}]}<\/script>\n<!-- \/ Yoast SEO plugin. -->","yoast_head_json":{"title":"\u015aWI\u0104TECZNY POP-UP MARKET - Instytut Polski w Budapeszcie","robots":{"index":"index","follow":"follow","max-snippet":"max-snippet:-1","max-image-preview":"max-image-preview:large","max-video-preview":"max-video-preview:-1"},"canonical":"https:\/\/instytutpolski.pl\/budapest\/pl\/2025\/12\/11\/swiateczny-pop-up-market\/","og_locale":"pl_PL","og_type":"article","og_title":"\u015aWI\u0104TECZNY POP-UP MARKET - Instytut Polski w Budapeszcie","og_description":"\u015aWI\u0104TECZNY POP-UP MARKET Serdecznie zapraszamy na \u015bwi\u0105teczny jarmark galerii youngart. Wystaw\u0119 mo\u017cna ogl\u0105da\u0107 do 19 grudnia. Katalog online (wersja do przegl\u0105dania):https:\/\/www.calameo.com\/read\/00769505512a4383e0860 W galerii Latarka w Budapeszcie prezentujemy kuratorsk\u0105 selekcj\u0119 opart\u0105 na do\u015bwiadczeniu zawodowym oraz wybitnych walorach artystycznych \u2013 dzi\u0119ki temu publiczno\u015b\u0107 spotka si\u0119 z wyselekcjonowanymi, dojrza\u0142ymi dzie\u0142ami sztuki. Podczas gdy targi sztuki cz\u0119sto opieraj\u0105 si\u0119 [&hellip;]","og_url":"https:\/\/instytutpolski.pl\/budapest\/pl\/2025\/12\/11\/swiateczny-pop-up-market\/","og_site_name":"Instytut Polski w Budapeszcie","article_published_time":"2025-12-11T13:43:49+00:00","article_modified_time":"2025-12-17T09:40:13+00:00","og_image":[{"width":2048,"height":1072,"url":"https:\/\/instytutpolski.pl\/budapest\/wp-content\/uploads\/sites\/21\/2025\/12\/571211140_1435492335251234_1502048255700704396_n.jpg","type":"image\/jpeg"}],"author":"jergert","twitter_card":"summary_large_image","twitter_misc":{"Napisane przez":"jergert","Szacowany czas czytania":"2 minuty"},"schema":{"@context":"https:\/\/schema.org","@graph":[{"@type":"event","@id":"https:\/\/instytutpolski.pl\/budapest\/pl\/2025\/12\/11\/swiateczny-pop-up-market\/","url":"https:\/\/instytutpolski.pl\/budapest\/pl\/2025\/12\/11\/swiateczny-pop-up-market\/","name":"\u015aWI\u0104TECZNY POP-UP MARKET","isPartOf":{"@id":"https:\/\/instytutpolski.pl\/budapest\/#website"},"primaryImageOfPage":{"@id":"https:\/\/instytutpolski.pl\/budapest\/pl\/2025\/12\/11\/swiateczny-pop-up-market\/#primaryimage"},"image":["https:\/\/instytutpolski.pl\/budapest\/wp-content\/uploads\/sites\/21\/2025\/12\/571211140_1435492335251234_1502048255700704396_n.jpg","https:\/\/instytutpolski.pl\/budapest\/wp-content\/uploads\/sites\/21\/2025\/12\/571211140_1435492335251234_1502048255700704396_n-300x157.jpg","https:\/\/instytutpolski.pl\/budapest\/wp-content\/uploads\/sites\/21\/2025\/12\/571211140_1435492335251234_1502048255700704396_n-1024x536.jpg","https:\/\/instytutpolski.pl\/budapest\/wp-content\/uploads\/sites\/21\/2025\/12\/571211140_1435492335251234_1502048255700704396_n.jpg"],"thumbnailUrl":"https:\/\/instytutpolski.pl\/budapest\/wp-content\/uploads\/sites\/21\/2025\/12\/571211140_1435492335251234_1502048255700704396_n.jpg","datePublished":"2025-12-11T13:43:49+02:00","dateModified":"2025-12-17T09:40:13+02:00","author":{"@id":"https:\/\/instytutpolski.pl\/budapest\/#\/schema\/person\/419f42c17704d0a78250bf0c7858df52"},"breadcrumb":{"@id":"https:\/\/instytutpolski.pl\/budapest\/pl\/2025\/12\/11\/swiateczny-pop-up-market\/#breadcrumb"},"inLanguage":"pl-PL","potentialAction":[{"@type":"ReadAction","target":["https:\/\/instytutpolski.pl\/budapest\/pl\/2025\/12\/11\/swiateczny-pop-up-market\/"]}],"@context":"https:\/\/schema.org","startDate":"2025-11-27","endDate":"2025-12-19","eventStatus":"EventScheduled","eventAttendanceMode":"OfflineEventAttendanceMode","location":{"@type":"place","name":"Latarka Gal\u00e9ria - 1061 Budapest, Andr\u00e1ssy \u00fat 32.","address":"Latarka Gal\u00e9ria - 1061 Budapest, Andr\u00e1ssy \u00fat 32.","geo":{"@type":"GeoCoordinates","latitude":"0","longitude":"0"}},"description":"\u015aWI\u0104TECZNY POP-UP MARKET\nSerdecznie zapraszamy na \u015bwi\u0105teczny jarmark galerii youngart.\nWystaw\u0119 mo\u017cna ogl\u0105da\u0107 do 19 grudnia.\nKatalog online (wersja do przegl\u0105dania):https:\/\/www.calameo.com\/read\/00769505512a4383e0860\nW galerii Latarka w Budapeszcie prezentujemy kuratorsk\u0105 selekcj\u0119 opart\u0105 na do\u015bwiadczeniu zawodowym oraz wybitnych walorach artystycznych \u2013 dzi\u0119ki temu publiczno\u015b\u0107 spotka si\u0119 z wyselekcjonowanymi, dojrza\u0142ymi dzie\u0142ami sztuki.\nPodczas gdy targi sztuki cz\u0119sto opieraj\u0105 si\u0119 na spontaniczno\u015bci chwili, my wierzymy w si\u0142\u0119 osobistych spotka\u0144, \u015bwiadomej selekcji oraz dzia\u0142ania opartego na warto\u015bciach. Tegoroczna edycja naszego jarmarku ma na celu podkre\u015blenie uczciwej reprezentacji artyst\u00f3w oraz \u2013 dzi\u0119ki przejrzystemu systemowi cen \u2013 zwr\u00f3cenie uwagi na to, \u017ce prawdziwa istota sztuki tkwi w warto\u015bciach ludzkich.\nArty\u015bci bior\u0105cy udzia\u0142 w wystawie:B\u00c1NF\u00d6LDI ZOLT\u00c1N \u00b7 B\u00c9K\u00c9SI ADRIEN \u00b7 B\u00cdR\u00d3 BOTOND \u00b7 ESSE B\u00c1NKI \u00c1KOS \u00b7GWIZDALA D\u00c1RIUSZ \u00b7 HORV\u00c1TH \u00c9VA M\u00d3NIKA \u00b7 KOPELIOVICH MILADA \u00b7KOV\u00c1CS GABRIELLA \u2013 ELLART \u00b7 MARTON \u00c1KOS BARNAB\u00c1S \u00b7 MURAKAMI PATRICK \u00b7R\u00c9V\u00c9SZ \u00c1KOS \u00b7 S\u00dcT\u0150 R\u00d3BERT \u00b7 SZALONTAI MARGIT \u00b7 SZAX OLIV\u00c9R \u00b7SZ\u0150KE P\u00c9TER JAKAB \u00b7 TOMASZ PIARS \u00b7 ZASUKHINA DARIA \u2013 DASH\nWst\u0119p wolny dla wszystkich.\nTermin: 27 listopada \u2013 19 grudnia 2025Miejsce: Galeria Latarka \u2013 1061 Budapeszt, Andr\u00e1ssy \u00fat 32.\nDojazd:Metro M1 \u2013 stacja Oktogon (2\u20133 minuty pieszo)Trolejbusy: 70, 78 \u2013 Opera MAutobusy: 105, 210, 210B \u2013 Opera M\nGodziny otwarcia:poniedzia\u0142ek\u2013pi\u0105tek: 10:00\u201318:00\nKontakt:info@youngart.hutel.: +36 30 455 1540"},{"@type":"ImageObject","inLanguage":"pl-PL","@id":"https:\/\/instytutpolski.pl\/budapest\/pl\/2025\/12\/11\/swiateczny-pop-up-market\/#primaryimage","url":"https:\/\/instytutpolski.pl\/budapest\/wp-content\/uploads\/sites\/21\/2025\/12\/571211140_1435492335251234_1502048255700704396_n.jpg","contentUrl":"https:\/\/instytutpolski.pl\/budapest\/wp-content\/uploads\/sites\/21\/2025\/12\/571211140_1435492335251234_1502048255700704396_n.jpg","width":2048,"height":1072},{"@type":"BreadcrumbList","@id":"https:\/\/instytutpolski.pl\/budapest\/pl\/2025\/12\/11\/swiateczny-pop-up-market\/#breadcrumb","itemListElement":[{"@type":"ListItem","position":1,"name":"Home","item":"https:\/\/instytutpolski.pl\/budapest\/"},{"@type":"ListItem","position":2,"name":"\u015aWI\u0104TECZNY POP-UP MARKET"}]},{"@type":"WebSite","@id":"https:\/\/instytutpolski.pl\/budapest\/#website","url":"https:\/\/instytutpolski.pl\/budapest\/","name":"Instytut Polski w Budapeszcie","description":"Instytuty Polskie","potentialAction":[{"@type":"SearchAction","target":{"@type":"EntryPoint","urlTemplate":"https:\/\/instytutpolski.pl\/budapest\/?s={search_term_string}"},"query-input":{"@type":"PropertyValueSpecification","valueRequired":true,"valueName":"search_term_string"}}],"inLanguage":"pl-PL"},{"@type":"Person","@id":"https:\/\/instytutpolski.pl\/budapest\/#\/schema\/person\/419f42c17704d0a78250bf0c7858df52","name":"jergert","image":{"@type":"ImageObject","inLanguage":"pl-PL","@id":"https:\/\/instytutpolski.pl\/budapest\/#\/schema\/person\/image\/","url":"https:\/\/secure.gravatar.com\/avatar\/8929296b454dc3d29ecb811f4703b7f3?s=96&d=mm&r=g","contentUrl":"https:\/\/secure.gravatar.com\/avatar\/8929296b454dc3d29ecb811f4703b7f3?s=96&d=mm&r=g","caption":"jergert"},"sameAs":["http:\/\/jergert","jergert"],"url":"https:\/\/instytutpolski.pl\/budapest\/author\/jergert\/"}]}},"_links":{"self":[{"href":"https:\/\/instytutpolski.pl\/budapest\/wp-json\/wp\/v2\/posts\/21158","targetHints":{"allow":["GET"]}}],"collection":[{"href":"https:\/\/instytutpolski.pl\/budapest\/wp-json\/wp\/v2\/posts"}],"about":[{"href":"https:\/\/instytutpolski.pl\/budapest\/wp-json\/wp\/v2\/types\/post"}],"author":[{"embeddable":true,"href":"https:\/\/instytutpolski.pl\/budapest\/wp-json\/wp\/v2\/users\/137"}],"replies":[{"embeddable":true,"href":"https:\/\/instytutpolski.pl\/budapest\/wp-json\/wp\/v2\/comments?post=21158"}],"version-history":[{"count":1,"href":"https:\/\/instytutpolski.pl\/budapest\/wp-json\/wp\/v2\/posts\/21158\/revisions"}],"predecessor-version":[{"id":21160,"href":"https:\/\/instytutpolski.pl\/budapest\/wp-json\/wp\/v2\/posts\/21158\/revisions\/21160"}],"wp:featuredmedia":[{"embeddable":true,"href":"https:\/\/instytutpolski.pl\/budapest\/wp-json\/wp\/v2\/media\/21134"}],"wp:attachment":[{"href":"https:\/\/instytutpolski.pl\/budapest\/wp-json\/wp\/v2\/media?parent=21158"}],"wp:term":[{"taxonomy":"category","embeddable":true,"href":"https:\/\/instytutpolski.pl\/budapest\/wp-json\/wp\/v2\/categories?post=21158"},{"taxonomy":"post_tag","embeddable":true,"href":"https:\/\/instytutpolski.pl\/budapest\/wp-json\/wp\/v2\/tags?post=21158"}],"curies":[{"name":"wp","href":"https:\/\/api.w.org\/{rel}","templated":true}]}}