{"id":21275,"date":"2026-01-06T13:07:42","date_gmt":"2026-01-06T12:07:42","guid":{"rendered":"https:\/\/instytutpolski.pl\/budapest\/?p=21275"},"modified":"2026-01-15T16:44:36","modified_gmt":"2026-01-15T15:44:36","slug":"stefan-zeromski-a-szellem-forradalma-2","status":"publish","type":"post","link":"https:\/\/instytutpolski.pl\/budapest\/2026\/01\/06\/stefan-zeromski-a-szellem-forradalma-2\/","title":{"rendered":"Stefan \u017beromski \u2013 A szellem forradalma"},"content":{"rendered":"\n<p><strong>Id\u0151pont:<\/strong>\u00a02026. febru\u00e1r 12. cs\u00fct\u00f6rt\u00f6k, 18.00 \u00f3ra<\/p>\n<p><strong>Helysz\u00edn:<\/strong>\u00a0Lengyel Int\u00e9zet (Bp. 1065 Nagymez\u0151 u. 15.)<\/p>\n<p style=\"text-align: justify\"><strong>Lengyelorsz\u00e1gban 2025-ben \u00fcnnepelt\u00e9k Stefan \u017beromski pr\u00f3za\u00edr\u00f3, publicista \u00e9s dr\u00e1ma\u00edr\u00f3 hal\u00e1l\u00e1nak 100. \u00e9vfordul\u00f3j\u00e1t, akit m\u00e1ig a XX. sz\u00e1zadi lengyel pr\u00f3za egyik legkiemelked\u0151bb alkot\u00f3jak\u00e9nt \u00e9s a lengyel modernizmus egyik meghat\u00e1roz\u00f3 alakjak\u00e9nt tartanak sz\u00e1mon. <\/strong><strong>A kort\u00e1rsai \u00e1ltal a lengyel irodalom lelkiismeretek\u00e9nt is emlegetett \u017beromski m\u0171veinek k\u00f6z\u00e9ppontj\u00e1ban a szabads\u00e1g, a t\u00e1rsadalmi felel\u0151ss\u00e9gv\u00e1llal\u00e1s, az erk\u00f6lcsi b\u00e1tors\u00e1g \u00e9s a k\u00f6z\u00f6ss\u00e9g sorsa \u00e1ll.<\/strong><\/p>\n<p style=\"text-align: justify\">Az \u00e9vfordul\u00f3hoz kapcsol\u00f3d\u00f3an Stefan \u017beromski alakj\u00e1r\u00f3l, irodalmi jelent\u0151s\u00e9g\u00e9r\u0151l \u00e9s m\u0171veir\u0151l professzor <strong>Jerzy Snopek<\/strong> lengyel irodalom- \u00e9s kult\u00fart\u00f6rt\u00e9n\u00e9sz besz\u00e9lget <strong>Wojciech Kaliszewski<\/strong> irodalomt\u00f6rt\u00e9n\u00e9sz professzorral \u00e9s egyetemi tan\u00e1rral, valamint a <em>Koratavasz<\/em> (Magyar Napl\u00f3, 2019) a <em>Sziszifuszi munk\u00e1k<\/em> (Magyar Napl\u00f3, 2022) \u00e9s a megjelen\u00e9s el\u0151tt \u00e1ll\u00f3 <em>A b\u0171n t\u00f6rt\u00e9nete<\/em> c\u00edm\u0171 m\u0171vek ford\u00edt\u00f3j\u00e1val, <strong>ifj. B\u00e9ri G\u00e9z\u00e1val.<\/strong><\/p>\n<p style=\"text-align: justify\">A m\u0171vekb\u0151l <strong>D\u00f3czy P\u00e9ter<\/strong> J\u00e1szai Mari-d\u00edjas magyar sz\u00ednm\u0171v\u00e9sz olvas fel r\u00e9szleteket.<\/p>\n<p>A r\u00e9szv\u00e9tel ingyenes, de regisztr\u00e1ci\u00f3hoz k\u00f6t\u00f6tt:\u00a0<\/p>\n<p><a href=\"https:\/\/forms.gle\/RuB1TFgeXrsnYybs6\">https:\/\/forms.gle\/RuB1TFgeXrsnYybs6<\/a><\/p>\n<p style=\"text-align: justify\">Stefan \u017beromski elszeg\u00e9nyedett kisnemesi csal\u00e1dban sz\u00fcletett az akkor orosz fennhat\u00f3s\u00e1g alatt \u00e1ll\u00f3 Lengyelorsz\u00e1gban, a Szent Kereszt-hegys\u00e9gben fekv\u0151 Strawczyn nev\u0171 faluban. Els\u0151 elbesz\u00e9l\u00e9sei a 19. sz\u00e1zad nyolcvanas \u00e9veinek v\u00e9g\u00e9n jelentek meg a <em>G\u0142os<\/em> \u00e9s a <em>Tygodnik Powszechny<\/em> lapjain. Pr\u00f3z\u00e1j\u00e1t kezdett\u0151l fogva er\u0151s t\u00e1rsadalomkritikai \u00e9rz\u00e9kenys\u00e9g, mor\u00e1lis k\u00e9rd\u00e9sfelvet\u00e9s \u00e9s szenved\u00e9lyes elk\u00f6telezetts\u00e9g jellemezte. Reg\u00e9nyeiben \u00e9s elbesz\u00e9l\u00e9seiben az egy\u00e9n \u00e9s a t\u00f6rt\u00e9nelem konfliktus\u00e1t, a nemzeti sors tragikus dilemm\u00e1it, valamint az erk\u00f6lcsi d\u00f6nt\u00e9sek s\u00faly\u00e1t \u00e1br\u00e1zolta.<\/p>\n<p style=\"text-align: justify\">A Lengyel Int\u00e9zet \u00e9s a Wac\u0142aw Felczak Alap\u00edtv\u00e1ny t\u00e1rsszervez\u00e9s\u00e9ben, a szerz\u0151 hal\u00e1l\u00e1nak 100. \u00e9vfordul\u00f3ja alkalm\u00e1b\u00f3l megrendez\u00e9sre ker\u00fcl\u0151 besz\u00e9lget\u00e9s c\u00e9lja, hogy k\u00f6zelebb hozza \u017beromski \u00e9letm\u0171v\u00e9t a magyar olvas\u00f3khoz, \u00e9s megvizsg\u00e1lja, hogy mi\u00e9rt hatnak a haz\u00e1j\u00e1ban ma is rendk\u00edv\u00fcl n\u00e9pszer\u0171 szerz\u0151 m\u0171vei sz\u00e1z \u00e9v t\u00e1vlat\u00e1b\u00f3l is \u00e9l\u0151 er\u0151vel.<\/p>\n<p style=\"text-align: justify\">\u201e\u017beromskinak az 1999-es n\u00e9pszer\u0171s\u00e9gi list\u00e1n elfoglalt el\u0151kel\u0151 hely\u00e9t sokan azzal magyar\u00e1zt\u00e1k, hogy 1964-ben k\u00e9ts\u00e9gbe vont m\u0171vei tov\u00e1bbra is k\u00f6telez\u0151 iskolai olvasm\u00e1nyok maradtak. Tov\u00e1bb\u00e1: v\u00e1ltozatlan n\u00e9pszer\u0171s\u00e9ge annak k\u00f6sz\u00f6nhet\u0151, hogy reg\u00e9nyeinek t\u00f6bbs\u00e9g\u00e9t megfilmes\u00edtett\u00e9k, sz\u00ednpadi m\u0171veit ma is sikerrel j\u00e1tssz\u00e1k. A nagy vit\u00e1t kiv\u00e1lt\u00f3 <em>Hamvak<\/em>-at (Popio\u0142y) t\u00f6bb mint nyolcmilli\u00f3an n\u00e9zt\u00e9k meg. Aktu\u00e1lpolitikai keretbe foglalt nemzeti \u00fcgy lett bel\u0151le. Andrzej Wajda ideol\u00f3giai sz\u00ednezet\u0171 t\u00e1mad\u00e1sok keresztt\u00fcz\u00e9be is ker\u00fclt \u201edeheroiz\u00e1l\u00f3nak\u201d \u00edt\u00e9lt rendez\u0151i felfog\u00e1sa miatt. Ezek a m\u0171veken k\u00edv\u00fcli t\u00e9nyek is hozz\u00e1j\u00e1rultak volna n\u00e9pszer\u0171s\u00e9g\u00e9nek tart\u00f3ss\u00e1g\u00e1hoz? Nem az, hogy a <em>Koratavasz<\/em>-t (Przedwio\u015bnie) a lengyel irodalomt\u00f6rt\u00e9n\u00e9szek a XX. sz\u00e1zadi lengyel pr\u00f3za egyik legkiemelked\u0151bb alkot\u00e1s\u00e1nak tartj\u00e1k, s a <em>Hamvak, A h\u0171 foly\u00f3<\/em> (Wierna rzeka) \u00e9s a <em>Hontalanok<\/em> c\u00edm\u0171 reg\u00e9nyeket is a klasszikus m\u0171vek k\u00f6z\u00e9 sorolj\u00e1k, ak\u00e1rcsak a <em>Megsz\u00f6k\u00f6tt f\u00fcrjecsk\u00e9m<\/em> (Uciek\u0142a mi przepi\u00f3reczka) c\u00edm\u0171 sz\u00edndarabj\u00e1t?\u201d \u2013 r\u00e9szlet Kov\u00e1cs Istv\u00e1n Koratavaszhoz \u00edrt El\u0151szav\u00e1b\u00f3l. (Stefan \u017beromski: Koratavasz, Magyar Napl\u00f3 2019. Ford\u00edtotta: ifj. B\u00e9ri G\u00e9za)<\/p>\n<p style=\"text-align: justify\"><strong>Wojciech Kaliszewski<\/strong> irodalomt\u00f6rt\u00e9n\u00e9sz, irodalomkritikus, a b\u00f6lcs\u00e9szettudom\u00e1nyok doktora. Szakter\u00fclete a 18. \u00e9s a 20. sz\u00e1zadi lengyel irodalom t\u00f6rt\u00e9nete, valamint a volt Jugoszl\u00e1via orsz\u00e1gainak k\u00f6lt\u00e9szete. A Lengyel Tudom\u00e1nyos Akad\u00e9mia Irodalomkutat\u00f3 Int\u00e9zet\u00e9nek munkat\u00e1rsa, a Stefan Wyszy\u0144ski B\u00edboros Egyetem B\u00f6lcs\u00e9szettudom\u00e1nyi Kar\u00e1nak tan\u00e1ra, a <em>Wyspa <\/em>foly\u00f3irat szerkeszt\u0151je, a <em>Nowe Ksi\u0105\u017cki<\/em>, az <em>Odra<\/em> \u00e9s a <em>Tw\u00f3rczo\u015b\u0107<\/em> foly\u00f3iratok szerz\u0151je.<\/p>\n<p>\u00a0<\/p>\n\n\n\n<p><img loading=\"lazy\" decoding=\"async\" class=\"alignnone size-medium wp-image-21281\" src=\"https:\/\/instytutpolski.pl\/budapest\/wp-content\/uploads\/sites\/21\/2026\/01\/Bez-tytulu-300x87.png\" alt=\"\" width=\"300\" height=\"87\" srcset=\"https:\/\/instytutpolski.pl\/budapest\/wp-content\/uploads\/sites\/21\/2026\/01\/Bez-tytulu-300x87.png 300w, https:\/\/instytutpolski.pl\/budapest\/wp-content\/uploads\/sites\/21\/2026\/01\/Bez-tytulu.png 745w\" sizes=\"auto, (max-width: 300px) 100vw, 300px\" \/><\/p>\n\n\n\n<p><\/p>\n","protected":false},"excerpt":{"rendered":"<p>Id\u0151pont:\u00a02026. febru\u00e1r 12. cs\u00fct\u00f6rt\u00f6k, 18.00 \u00f3ra Helysz\u00edn:\u00a0Lengyel Int\u00e9zet (Bp. 1065 Nagymez\u0151 u. 15.) Lengyelorsz\u00e1gban 2025-ben \u00fcnnepelt\u00e9k Stefan \u017beromski pr\u00f3za\u00edr\u00f3, publicista \u00e9s dr\u00e1ma\u00edr\u00f3 hal\u00e1l\u00e1nak 100. \u00e9vfordul\u00f3j\u00e1t, akit m\u00e1ig a XX. sz\u00e1zadi lengyel pr\u00f3za egyik legkiemelked\u0151bb alkot\u00f3jak\u00e9nt \u00e9s a lengyel modernizmus egyik meghat\u00e1roz\u00f3 alakjak\u00e9nt tartanak sz\u00e1mon. A kort\u00e1rsai \u00e1ltal a lengyel irodalom lelkiismeretek\u00e9nt is emlegetett \u017beromski m\u0171veinek [&hellip;]<\/p>\n","protected":false},"author":68,"featured_media":21262,"comment_status":"open","ping_status":"open","sticky":false,"template":"","format":"standard","meta":{"inline_featured_image":false,"_monsterinsights_skip_tracking":false,"_monsterinsights_sitenote_active":false,"_monsterinsights_sitenote_note":"","_monsterinsights_sitenote_category":0,"footnotes":""},"categories":[1,46,36],"tags":[],"class_list":["post-21275","post","type-post","status-publish","format-standard","has-post-thumbnail","hentry","category-hirek","category-irodalom","category-program"],"yoast_head":"<!-- This site is optimized with the Yoast SEO plugin v24.6 - https:\/\/yoast.com\/wordpress\/plugins\/seo\/ -->\n<title>Stefan \u017beromski \u2013 A szellem forradalma - Instytut Polski w Budapeszcie<\/title>\n<meta name=\"robots\" content=\"index, follow, max-snippet:-1, max-image-preview:large, max-video-preview:-1\" \/>\n<link rel=\"canonical\" href=\"https:\/\/instytutpolski.pl\/budapest\/2026\/01\/06\/stefan-zeromski-a-szellem-forradalma-2\/\" \/>\n<meta property=\"og:locale\" content=\"pl_PL\" \/>\n<meta property=\"og:type\" content=\"article\" \/>\n<meta property=\"og:title\" content=\"Stefan \u017beromski \u2013 A szellem forradalma - Instytut Polski w Budapeszcie\" \/>\n<meta property=\"og:description\" content=\"Id\u0151pont:\u00a02026. febru\u00e1r 12. cs\u00fct\u00f6rt\u00f6k, 18.00 \u00f3ra Helysz\u00edn:\u00a0Lengyel Int\u00e9zet (Bp. 1065 Nagymez\u0151 u. 15.) Lengyelorsz\u00e1gban 2025-ben \u00fcnnepelt\u00e9k Stefan \u017beromski pr\u00f3za\u00edr\u00f3, publicista \u00e9s dr\u00e1ma\u00edr\u00f3 hal\u00e1l\u00e1nak 100. \u00e9vfordul\u00f3j\u00e1t, akit m\u00e1ig a XX. sz\u00e1zadi lengyel pr\u00f3za egyik legkiemelked\u0151bb alkot\u00f3jak\u00e9nt \u00e9s a lengyel modernizmus egyik meghat\u00e1roz\u00f3 alakjak\u00e9nt tartanak sz\u00e1mon. A kort\u00e1rsai \u00e1ltal a lengyel irodalom lelkiismeretek\u00e9nt is emlegetett \u017beromski m\u0171veinek [&hellip;]\" \/>\n<meta property=\"og:url\" content=\"https:\/\/instytutpolski.pl\/budapest\/2026\/01\/06\/stefan-zeromski-a-szellem-forradalma-2\/\" \/>\n<meta property=\"og:site_name\" content=\"Instytut Polski w Budapeszcie\" \/>\n<meta property=\"article:published_time\" content=\"2026-01-06T12:07:42+00:00\" \/>\n<meta property=\"article:modified_time\" content=\"2026-01-15T15:44:36+00:00\" \/>\n<meta property=\"og:image\" content=\"https:\/\/instytutpolski.pl\/budapest\/wp-content\/uploads\/sites\/21\/2026\/01\/Plakat-2.png\" \/>\n\t<meta property=\"og:image:width\" content=\"820\" \/>\n\t<meta property=\"og:image:height\" content=\"312\" \/>\n\t<meta property=\"og:image:type\" content=\"image\/png\" \/>\n<meta name=\"author\" content=\"felvidekie\" \/>\n<meta name=\"twitter:card\" content=\"summary_large_image\" \/>\n<meta name=\"twitter:label1\" content=\"Napisane przez\" \/>\n\t<meta name=\"twitter:data1\" content=\"felvidekie\" \/>\n\t<meta name=\"twitter:label2\" content=\"Szacowany czas czytania\" \/>\n\t<meta name=\"twitter:data2\" content=\"4 minuty\" \/>\n<script type=\"application\/ld+json\" class=\"yoast-schema-graph\">{\"@context\":\"https:\/\/schema.org\",\"@graph\":[{\"@type\":\"event\",\"@id\":\"https:\/\/instytutpolski.pl\/budapest\/2026\/01\/06\/stefan-zeromski-a-szellem-forradalma-2\/\",\"url\":\"https:\/\/instytutpolski.pl\/budapest\/2026\/01\/06\/stefan-zeromski-a-szellem-forradalma-2\/\",\"name\":\"Stefan \u017beromski \u2013 A szellem forradalma\",\"isPartOf\":{\"@id\":\"https:\/\/instytutpolski.pl\/budapest\/#website\"},\"primaryImageOfPage\":{\"@id\":\"https:\/\/instytutpolski.pl\/budapest\/2026\/01\/06\/stefan-zeromski-a-szellem-forradalma-2\/#primaryimage\"},\"image\":[\"https:\/\/instytutpolski.pl\/budapest\/wp-content\/uploads\/sites\/21\/2026\/01\/Plakat-2.png\",\"https:\/\/instytutpolski.pl\/budapest\/wp-content\/uploads\/sites\/21\/2026\/01\/Plakat-2-300x114.png\",\"https:\/\/instytutpolski.pl\/budapest\/wp-content\/uploads\/sites\/21\/2026\/01\/Plakat-2.png\",\"https:\/\/instytutpolski.pl\/budapest\/wp-content\/uploads\/sites\/21\/2026\/01\/Plakat-2.png\"],\"thumbnailUrl\":\"https:\/\/instytutpolski.pl\/budapest\/wp-content\/uploads\/sites\/21\/2026\/01\/Plakat-2.png\",\"datePublished\":\"2026-01-06T12:07:42+02:00\",\"dateModified\":\"2026-01-15T15:44:36+02:00\",\"author\":{\"@id\":\"https:\/\/instytutpolski.pl\/budapest\/#\/schema\/person\/c32972170e1c8bb4ddd4918967161d9f\"},\"breadcrumb\":{\"@id\":\"https:\/\/instytutpolski.pl\/budapest\/2026\/01\/06\/stefan-zeromski-a-szellem-forradalma-2\/#breadcrumb\"},\"inLanguage\":\"pl-PL\",\"potentialAction\":[{\"@type\":\"ReadAction\",\"target\":[\"https:\/\/instytutpolski.pl\/budapest\/2026\/01\/06\/stefan-zeromski-a-szellem-forradalma-2\/\"]}],\"@context\":\"https:\/\/schema.org\",\"startDate\":\"2026-02-12\",\"endDate\":\"2026-02-12\",\"eventStatus\":\"EventScheduled\",\"eventAttendanceMode\":\"OfflineEventAttendanceMode\",\"location\":{\"@type\":\"place\",\"name\":\"Lengyel Int\u00e9zet - Bp. 1065 Nagymez\u0151 u. 15.\",\"address\":\"Lengyel Int\u00e9zet - Bp. 1065 Nagymez\u0151 u. 15.\",\"geo\":{\"@type\":\"GeoCoordinates\",\"latitude\":\"0\",\"longitude\":\"0\"}},\"description\":\"Id\u0151pont:\u00a02026. febru\u00e1r 12. cs\u00fct\u00f6rt\u00f6k, 18.00 \u00f3ra\\nHelysz\u00edn:\u00a0Lengyel Int\u00e9zet (Bp. 1065 Nagymez\u0151 u. 15.)\\nLengyelorsz\u00e1gban 2025-ben \u00fcnnepelt\u00e9k Stefan \u017beromski pr\u00f3za\u00edr\u00f3, publicista \u00e9s dr\u00e1ma\u00edr\u00f3 hal\u00e1l\u00e1nak 100. \u00e9vfordul\u00f3j\u00e1t, akit m\u00e1ig a XX. sz\u00e1zadi lengyel pr\u00f3za egyik legkiemelked\u0151bb alkot\u00f3jak\u00e9nt \u00e9s a lengyel modernizmus egyik meghat\u00e1roz\u00f3 alakjak\u00e9nt tartanak sz\u00e1mon. A kort\u00e1rsai \u00e1ltal a lengyel irodalom lelkiismeretek\u00e9nt is emlegetett \u017beromski m\u0171veinek k\u00f6z\u00e9ppontj\u00e1ban a szabads\u00e1g, a t\u00e1rsadalmi felel\u0151ss\u00e9gv\u00e1llal\u00e1s, az erk\u00f6lcsi b\u00e1tors\u00e1g \u00e9s a k\u00f6z\u00f6ss\u00e9g sorsa \u00e1ll.\\nAz \u00e9vfordul\u00f3hoz kapcsol\u00f3d\u00f3an Stefan \u017beromski alakj\u00e1r\u00f3l, irodalmi jelent\u0151s\u00e9g\u00e9r\u0151l \u00e9s m\u0171veir\u0151l professzor Jerzy Snopek lengyel irodalom- \u00e9s kult\u00fart\u00f6rt\u00e9n\u00e9sz besz\u00e9lget Wojciech Kaliszewski irodalomt\u00f6rt\u00e9n\u00e9sz professzorral \u00e9s egyetemi tan\u00e1rral, valamint a Koratavasz (Magyar Napl\u00f3, 2019) a Sziszifuszi munk\u00e1k (Magyar Napl\u00f3, 2022) \u00e9s a megjelen\u00e9s el\u0151tt \u00e1ll\u00f3 A b\u0171n t\u00f6rt\u00e9nete c\u00edm\u0171 m\u0171vek ford\u00edt\u00f3j\u00e1val, ifj. B\u00e9ri G\u00e9z\u00e1val.\\nA m\u0171vekb\u0151l D\u00f3czy P\u00e9ter J\u00e1szai Mari-d\u00edjas magyar sz\u00ednm\u0171v\u00e9sz olvas fel r\u00e9szleteket.\\nA r\u00e9szv\u00e9tel ingyenes, de regisztr\u00e1ci\u00f3hoz k\u00f6t\u00f6tt:\u00a0\\nhttps:\/\/forms.gle\/RuB1TFgeXrsnYybs6\\nStefan \u017beromski elszeg\u00e9nyedett kisnemesi csal\u00e1dban sz\u00fcletett az akkor orosz fennhat\u00f3s\u00e1g alatt \u00e1ll\u00f3 Lengyelorsz\u00e1gban, a Szent Kereszt-hegys\u00e9gben fekv\u0151 Strawczyn nev\u0171 faluban. Els\u0151 elbesz\u00e9l\u00e9sei a 19. sz\u00e1zad nyolcvanas \u00e9veinek v\u00e9g\u00e9n jelentek meg a G\u0142os \u00e9s a Tygodnik Powszechny lapjain. Pr\u00f3z\u00e1j\u00e1t kezdett\u0151l fogva er\u0151s t\u00e1rsadalomkritikai \u00e9rz\u00e9kenys\u00e9g, mor\u00e1lis k\u00e9rd\u00e9sfelvet\u00e9s \u00e9s szenved\u00e9lyes elk\u00f6telezetts\u00e9g jellemezte. Reg\u00e9nyeiben \u00e9s elbesz\u00e9l\u00e9seiben az egy\u00e9n \u00e9s a t\u00f6rt\u00e9nelem konfliktus\u00e1t, a nemzeti sors tragikus dilemm\u00e1it, valamint az erk\u00f6lcsi d\u00f6nt\u00e9sek s\u00faly\u00e1t \u00e1br\u00e1zolta.\\nA Lengyel Int\u00e9zet \u00e9s a Wac\u0142aw Felczak Alap\u00edtv\u00e1ny t\u00e1rsszervez\u00e9s\u00e9ben, a szerz\u0151 hal\u00e1l\u00e1nak 100. \u00e9vfordul\u00f3ja alkalm\u00e1b\u00f3l megrendez\u00e9sre ker\u00fcl\u0151 besz\u00e9lget\u00e9s c\u00e9lja, hogy k\u00f6zelebb hozza \u017beromski \u00e9letm\u0171v\u00e9t a magyar olvas\u00f3khoz, \u00e9s megvizsg\u00e1lja, hogy mi\u00e9rt hatnak a haz\u00e1j\u00e1ban ma is rendk\u00edv\u00fcl n\u00e9pszer\u0171 szerz\u0151 m\u0171vei sz\u00e1z \u00e9v t\u00e1vlat\u00e1b\u00f3l is \u00e9l\u0151 er\u0151vel.\\n\u201e\u017beromskinak az 1999-es n\u00e9pszer\u0171s\u00e9gi list\u00e1n elfoglalt el\u0151kel\u0151 hely\u00e9t sokan azzal magyar\u00e1zt\u00e1k, hogy 1964-ben k\u00e9ts\u00e9gbe vont m\u0171vei tov\u00e1bbra is k\u00f6telez\u0151 iskolai olvasm\u00e1nyok maradtak. Tov\u00e1bb\u00e1: v\u00e1ltozatlan n\u00e9pszer\u0171s\u00e9ge annak k\u00f6sz\u00f6nhet\u0151, hogy reg\u00e9nyeinek t\u00f6bbs\u00e9g\u00e9t megfilmes\u00edtett\u00e9k, sz\u00ednpadi m\u0171veit ma is sikerrel j\u00e1tssz\u00e1k. A nagy vit\u00e1t kiv\u00e1lt\u00f3 Hamvak-at (Popio\u0142y) t\u00f6bb mint nyolcmilli\u00f3an n\u00e9zt\u00e9k meg. Aktu\u00e1lpolitikai keretbe foglalt nemzeti \u00fcgy lett bel\u0151le. Andrzej Wajda ideol\u00f3giai sz\u00ednezet\u0171 t\u00e1mad\u00e1sok keresztt\u00fcz\u00e9be is ker\u00fclt \u201edeheroiz\u00e1l\u00f3nak\u201d \u00edt\u00e9lt rendez\u0151i felfog\u00e1sa miatt. Ezek a m\u0171veken k\u00edv\u00fcli t\u00e9nyek is hozz\u00e1j\u00e1rultak volna n\u00e9pszer\u0171s\u00e9g\u00e9nek tart\u00f3ss\u00e1g\u00e1hoz? Nem az, hogy a Koratavasz-t (Przedwio\u015bnie) a lengyel irodalomt\u00f6rt\u00e9n\u00e9szek a XX. sz\u00e1zadi lengyel pr\u00f3za egyik legkiemelked\u0151bb alkot\u00e1s\u00e1nak tartj\u00e1k, s a Hamvak, A h\u0171 foly\u00f3 (Wierna rzeka) \u00e9s a Hontalanok c\u00edm\u0171 reg\u00e9nyeket is a klasszikus m\u0171vek k\u00f6z\u00e9 sorolj\u00e1k, ak\u00e1rcsak a Megsz\u00f6k\u00f6tt f\u00fcrjecsk\u00e9m (Uciek\u0142a mi przepi\u00f3reczka) c\u00edm\u0171 sz\u00edndarabj\u00e1t?\u201d \u2013 r\u00e9szlet Kov\u00e1cs Istv\u00e1n Koratavaszhoz \u00edrt El\u0151szav\u00e1b\u00f3l. (Stefan \u017beromski: Koratavasz, Magyar Napl\u00f3 2019. Ford\u00edtotta: ifj. B\u00e9ri G\u00e9za)\\nWojciech Kaliszewski irodalomt\u00f6rt\u00e9n\u00e9sz, irodalomkritikus, a b\u00f6lcs\u00e9szettudom\u00e1nyok doktora. Szakter\u00fclete a 18. \u00e9s a 20. sz\u00e1zadi lengyel irodalom t\u00f6rt\u00e9nete, valamint a volt Jugoszl\u00e1via orsz\u00e1gainak k\u00f6lt\u00e9szete. A Lengyel Tudom\u00e1nyos Akad\u00e9mia Irodalomkutat\u00f3 Int\u00e9zet\u00e9nek munkat\u00e1rsa, a Stefan Wyszy\u0144ski B\u00edboros Egyetem B\u00f6lcs\u00e9szettudom\u00e1nyi Kar\u00e1nak tan\u00e1ra, a Wyspa foly\u00f3irat szerkeszt\u0151je, a Nowe Ksi\u0105\u017cki, az Odra \u00e9s a Tw\u00f3rczo\u015b\u0107 foly\u00f3iratok szerz\u0151je.\\n\u00a0\"},{\"@type\":\"ImageObject\",\"inLanguage\":\"pl-PL\",\"@id\":\"https:\/\/instytutpolski.pl\/budapest\/2026\/01\/06\/stefan-zeromski-a-szellem-forradalma-2\/#primaryimage\",\"url\":\"https:\/\/instytutpolski.pl\/budapest\/wp-content\/uploads\/sites\/21\/2026\/01\/Plakat-2.png\",\"contentUrl\":\"https:\/\/instytutpolski.pl\/budapest\/wp-content\/uploads\/sites\/21\/2026\/01\/Plakat-2.png\",\"width\":820,\"height\":312},{\"@type\":\"BreadcrumbList\",\"@id\":\"https:\/\/instytutpolski.pl\/budapest\/2026\/01\/06\/stefan-zeromski-a-szellem-forradalma-2\/#breadcrumb\",\"itemListElement\":[{\"@type\":\"ListItem\",\"position\":1,\"name\":\"Home\",\"item\":\"https:\/\/instytutpolski.pl\/budapest\/\"},{\"@type\":\"ListItem\",\"position\":2,\"name\":\"Stefan \u017beromski \u2013 A szellem forradalma\"}]},{\"@type\":\"WebSite\",\"@id\":\"https:\/\/instytutpolski.pl\/budapest\/#website\",\"url\":\"https:\/\/instytutpolski.pl\/budapest\/\",\"name\":\"Instytut Polski w Budapeszcie\",\"description\":\"Instytuty Polskie\",\"potentialAction\":[{\"@type\":\"SearchAction\",\"target\":{\"@type\":\"EntryPoint\",\"urlTemplate\":\"https:\/\/instytutpolski.pl\/budapest\/?s={search_term_string}\"},\"query-input\":{\"@type\":\"PropertyValueSpecification\",\"valueRequired\":true,\"valueName\":\"search_term_string\"}}],\"inLanguage\":\"pl-PL\"},{\"@type\":\"Person\",\"@id\":\"https:\/\/instytutpolski.pl\/budapest\/#\/schema\/person\/c32972170e1c8bb4ddd4918967161d9f\",\"name\":\"felvidekie\",\"image\":{\"@type\":\"ImageObject\",\"inLanguage\":\"pl-PL\",\"@id\":\"https:\/\/instytutpolski.pl\/budapest\/#\/schema\/person\/image\/\",\"url\":\"https:\/\/secure.gravatar.com\/avatar\/a1a943f2404ab143dcc09c865ea2fd66?s=96&d=mm&r=g\",\"contentUrl\":\"https:\/\/secure.gravatar.com\/avatar\/a1a943f2404ab143dcc09c865ea2fd66?s=96&d=mm&r=g\",\"caption\":\"felvidekie\"},\"url\":\"https:\/\/instytutpolski.pl\/budapest\/author\/felvidekie\/\"}]}<\/script>\n<!-- \/ Yoast SEO plugin. -->","yoast_head_json":{"title":"Stefan \u017beromski \u2013 A szellem forradalma - Instytut Polski w Budapeszcie","robots":{"index":"index","follow":"follow","max-snippet":"max-snippet:-1","max-image-preview":"max-image-preview:large","max-video-preview":"max-video-preview:-1"},"canonical":"https:\/\/instytutpolski.pl\/budapest\/2026\/01\/06\/stefan-zeromski-a-szellem-forradalma-2\/","og_locale":"pl_PL","og_type":"article","og_title":"Stefan \u017beromski \u2013 A szellem forradalma - Instytut Polski w Budapeszcie","og_description":"Id\u0151pont:\u00a02026. febru\u00e1r 12. cs\u00fct\u00f6rt\u00f6k, 18.00 \u00f3ra Helysz\u00edn:\u00a0Lengyel Int\u00e9zet (Bp. 1065 Nagymez\u0151 u. 15.) Lengyelorsz\u00e1gban 2025-ben \u00fcnnepelt\u00e9k Stefan \u017beromski pr\u00f3za\u00edr\u00f3, publicista \u00e9s dr\u00e1ma\u00edr\u00f3 hal\u00e1l\u00e1nak 100. \u00e9vfordul\u00f3j\u00e1t, akit m\u00e1ig a XX. sz\u00e1zadi lengyel pr\u00f3za egyik legkiemelked\u0151bb alkot\u00f3jak\u00e9nt \u00e9s a lengyel modernizmus egyik meghat\u00e1roz\u00f3 alakjak\u00e9nt tartanak sz\u00e1mon. A kort\u00e1rsai \u00e1ltal a lengyel irodalom lelkiismeretek\u00e9nt is emlegetett \u017beromski m\u0171veinek [&hellip;]","og_url":"https:\/\/instytutpolski.pl\/budapest\/2026\/01\/06\/stefan-zeromski-a-szellem-forradalma-2\/","og_site_name":"Instytut Polski w Budapeszcie","article_published_time":"2026-01-06T12:07:42+00:00","article_modified_time":"2026-01-15T15:44:36+00:00","og_image":[{"width":820,"height":312,"url":"https:\/\/instytutpolski.pl\/budapest\/wp-content\/uploads\/sites\/21\/2026\/01\/Plakat-2.png","type":"image\/png"}],"author":"felvidekie","twitter_card":"summary_large_image","twitter_misc":{"Napisane przez":"felvidekie","Szacowany czas czytania":"4 minuty"},"schema":{"@context":"https:\/\/schema.org","@graph":[{"@type":"event","@id":"https:\/\/instytutpolski.pl\/budapest\/2026\/01\/06\/stefan-zeromski-a-szellem-forradalma-2\/","url":"https:\/\/instytutpolski.pl\/budapest\/2026\/01\/06\/stefan-zeromski-a-szellem-forradalma-2\/","name":"Stefan \u017beromski \u2013 A szellem forradalma","isPartOf":{"@id":"https:\/\/instytutpolski.pl\/budapest\/#website"},"primaryImageOfPage":{"@id":"https:\/\/instytutpolski.pl\/budapest\/2026\/01\/06\/stefan-zeromski-a-szellem-forradalma-2\/#primaryimage"},"image":["https:\/\/instytutpolski.pl\/budapest\/wp-content\/uploads\/sites\/21\/2026\/01\/Plakat-2.png","https:\/\/instytutpolski.pl\/budapest\/wp-content\/uploads\/sites\/21\/2026\/01\/Plakat-2-300x114.png","https:\/\/instytutpolski.pl\/budapest\/wp-content\/uploads\/sites\/21\/2026\/01\/Plakat-2.png","https:\/\/instytutpolski.pl\/budapest\/wp-content\/uploads\/sites\/21\/2026\/01\/Plakat-2.png"],"thumbnailUrl":"https:\/\/instytutpolski.pl\/budapest\/wp-content\/uploads\/sites\/21\/2026\/01\/Plakat-2.png","datePublished":"2026-01-06T12:07:42+02:00","dateModified":"2026-01-15T15:44:36+02:00","author":{"@id":"https:\/\/instytutpolski.pl\/budapest\/#\/schema\/person\/c32972170e1c8bb4ddd4918967161d9f"},"breadcrumb":{"@id":"https:\/\/instytutpolski.pl\/budapest\/2026\/01\/06\/stefan-zeromski-a-szellem-forradalma-2\/#breadcrumb"},"inLanguage":"pl-PL","potentialAction":[{"@type":"ReadAction","target":["https:\/\/instytutpolski.pl\/budapest\/2026\/01\/06\/stefan-zeromski-a-szellem-forradalma-2\/"]}],"@context":"https:\/\/schema.org","startDate":"2026-02-12","endDate":"2026-02-12","eventStatus":"EventScheduled","eventAttendanceMode":"OfflineEventAttendanceMode","location":{"@type":"place","name":"Lengyel Int\u00e9zet - Bp. 1065 Nagymez\u0151 u. 15.","address":"Lengyel Int\u00e9zet - Bp. 1065 Nagymez\u0151 u. 15.","geo":{"@type":"GeoCoordinates","latitude":"0","longitude":"0"}},"description":"Id\u0151pont:\u00a02026. febru\u00e1r 12. cs\u00fct\u00f6rt\u00f6k, 18.00 \u00f3ra\nHelysz\u00edn:\u00a0Lengyel Int\u00e9zet (Bp. 1065 Nagymez\u0151 u. 15.)\nLengyelorsz\u00e1gban 2025-ben \u00fcnnepelt\u00e9k Stefan \u017beromski pr\u00f3za\u00edr\u00f3, publicista \u00e9s dr\u00e1ma\u00edr\u00f3 hal\u00e1l\u00e1nak 100. \u00e9vfordul\u00f3j\u00e1t, akit m\u00e1ig a XX. sz\u00e1zadi lengyel pr\u00f3za egyik legkiemelked\u0151bb alkot\u00f3jak\u00e9nt \u00e9s a lengyel modernizmus egyik meghat\u00e1roz\u00f3 alakjak\u00e9nt tartanak sz\u00e1mon. A kort\u00e1rsai \u00e1ltal a lengyel irodalom lelkiismeretek\u00e9nt is emlegetett \u017beromski m\u0171veinek k\u00f6z\u00e9ppontj\u00e1ban a szabads\u00e1g, a t\u00e1rsadalmi felel\u0151ss\u00e9gv\u00e1llal\u00e1s, az erk\u00f6lcsi b\u00e1tors\u00e1g \u00e9s a k\u00f6z\u00f6ss\u00e9g sorsa \u00e1ll.\nAz \u00e9vfordul\u00f3hoz kapcsol\u00f3d\u00f3an Stefan \u017beromski alakj\u00e1r\u00f3l, irodalmi jelent\u0151s\u00e9g\u00e9r\u0151l \u00e9s m\u0171veir\u0151l professzor Jerzy Snopek lengyel irodalom- \u00e9s kult\u00fart\u00f6rt\u00e9n\u00e9sz besz\u00e9lget Wojciech Kaliszewski irodalomt\u00f6rt\u00e9n\u00e9sz professzorral \u00e9s egyetemi tan\u00e1rral, valamint a Koratavasz (Magyar Napl\u00f3, 2019) a Sziszifuszi munk\u00e1k (Magyar Napl\u00f3, 2022) \u00e9s a megjelen\u00e9s el\u0151tt \u00e1ll\u00f3 A b\u0171n t\u00f6rt\u00e9nete c\u00edm\u0171 m\u0171vek ford\u00edt\u00f3j\u00e1val, ifj. B\u00e9ri G\u00e9z\u00e1val.\nA m\u0171vekb\u0151l D\u00f3czy P\u00e9ter J\u00e1szai Mari-d\u00edjas magyar sz\u00ednm\u0171v\u00e9sz olvas fel r\u00e9szleteket.\nA r\u00e9szv\u00e9tel ingyenes, de regisztr\u00e1ci\u00f3hoz k\u00f6t\u00f6tt:\u00a0\nhttps:\/\/forms.gle\/RuB1TFgeXrsnYybs6\nStefan \u017beromski elszeg\u00e9nyedett kisnemesi csal\u00e1dban sz\u00fcletett az akkor orosz fennhat\u00f3s\u00e1g alatt \u00e1ll\u00f3 Lengyelorsz\u00e1gban, a Szent Kereszt-hegys\u00e9gben fekv\u0151 Strawczyn nev\u0171 faluban. Els\u0151 elbesz\u00e9l\u00e9sei a 19. sz\u00e1zad nyolcvanas \u00e9veinek v\u00e9g\u00e9n jelentek meg a G\u0142os \u00e9s a Tygodnik Powszechny lapjain. Pr\u00f3z\u00e1j\u00e1t kezdett\u0151l fogva er\u0151s t\u00e1rsadalomkritikai \u00e9rz\u00e9kenys\u00e9g, mor\u00e1lis k\u00e9rd\u00e9sfelvet\u00e9s \u00e9s szenved\u00e9lyes elk\u00f6telezetts\u00e9g jellemezte. Reg\u00e9nyeiben \u00e9s elbesz\u00e9l\u00e9seiben az egy\u00e9n \u00e9s a t\u00f6rt\u00e9nelem konfliktus\u00e1t, a nemzeti sors tragikus dilemm\u00e1it, valamint az erk\u00f6lcsi d\u00f6nt\u00e9sek s\u00faly\u00e1t \u00e1br\u00e1zolta.\nA Lengyel Int\u00e9zet \u00e9s a Wac\u0142aw Felczak Alap\u00edtv\u00e1ny t\u00e1rsszervez\u00e9s\u00e9ben, a szerz\u0151 hal\u00e1l\u00e1nak 100. \u00e9vfordul\u00f3ja alkalm\u00e1b\u00f3l megrendez\u00e9sre ker\u00fcl\u0151 besz\u00e9lget\u00e9s c\u00e9lja, hogy k\u00f6zelebb hozza \u017beromski \u00e9letm\u0171v\u00e9t a magyar olvas\u00f3khoz, \u00e9s megvizsg\u00e1lja, hogy mi\u00e9rt hatnak a haz\u00e1j\u00e1ban ma is rendk\u00edv\u00fcl n\u00e9pszer\u0171 szerz\u0151 m\u0171vei sz\u00e1z \u00e9v t\u00e1vlat\u00e1b\u00f3l is \u00e9l\u0151 er\u0151vel.\n\u201e\u017beromskinak az 1999-es n\u00e9pszer\u0171s\u00e9gi list\u00e1n elfoglalt el\u0151kel\u0151 hely\u00e9t sokan azzal magyar\u00e1zt\u00e1k, hogy 1964-ben k\u00e9ts\u00e9gbe vont m\u0171vei tov\u00e1bbra is k\u00f6telez\u0151 iskolai olvasm\u00e1nyok maradtak. Tov\u00e1bb\u00e1: v\u00e1ltozatlan n\u00e9pszer\u0171s\u00e9ge annak k\u00f6sz\u00f6nhet\u0151, hogy reg\u00e9nyeinek t\u00f6bbs\u00e9g\u00e9t megfilmes\u00edtett\u00e9k, sz\u00ednpadi m\u0171veit ma is sikerrel j\u00e1tssz\u00e1k. A nagy vit\u00e1t kiv\u00e1lt\u00f3 Hamvak-at (Popio\u0142y) t\u00f6bb mint nyolcmilli\u00f3an n\u00e9zt\u00e9k meg. Aktu\u00e1lpolitikai keretbe foglalt nemzeti \u00fcgy lett bel\u0151le. Andrzej Wajda ideol\u00f3giai sz\u00ednezet\u0171 t\u00e1mad\u00e1sok keresztt\u00fcz\u00e9be is ker\u00fclt \u201edeheroiz\u00e1l\u00f3nak\u201d \u00edt\u00e9lt rendez\u0151i felfog\u00e1sa miatt. Ezek a m\u0171veken k\u00edv\u00fcli t\u00e9nyek is hozz\u00e1j\u00e1rultak volna n\u00e9pszer\u0171s\u00e9g\u00e9nek tart\u00f3ss\u00e1g\u00e1hoz? Nem az, hogy a Koratavasz-t (Przedwio\u015bnie) a lengyel irodalomt\u00f6rt\u00e9n\u00e9szek a XX. sz\u00e1zadi lengyel pr\u00f3za egyik legkiemelked\u0151bb alkot\u00e1s\u00e1nak tartj\u00e1k, s a Hamvak, A h\u0171 foly\u00f3 (Wierna rzeka) \u00e9s a Hontalanok c\u00edm\u0171 reg\u00e9nyeket is a klasszikus m\u0171vek k\u00f6z\u00e9 sorolj\u00e1k, ak\u00e1rcsak a Megsz\u00f6k\u00f6tt f\u00fcrjecsk\u00e9m (Uciek\u0142a mi przepi\u00f3reczka) c\u00edm\u0171 sz\u00edndarabj\u00e1t?\u201d \u2013 r\u00e9szlet Kov\u00e1cs Istv\u00e1n Koratavaszhoz \u00edrt El\u0151szav\u00e1b\u00f3l. (Stefan \u017beromski: Koratavasz, Magyar Napl\u00f3 2019. Ford\u00edtotta: ifj. B\u00e9ri G\u00e9za)\nWojciech Kaliszewski irodalomt\u00f6rt\u00e9n\u00e9sz, irodalomkritikus, a b\u00f6lcs\u00e9szettudom\u00e1nyok doktora. Szakter\u00fclete a 18. \u00e9s a 20. sz\u00e1zadi lengyel irodalom t\u00f6rt\u00e9nete, valamint a volt Jugoszl\u00e1via orsz\u00e1gainak k\u00f6lt\u00e9szete. A Lengyel Tudom\u00e1nyos Akad\u00e9mia Irodalomkutat\u00f3 Int\u00e9zet\u00e9nek munkat\u00e1rsa, a Stefan Wyszy\u0144ski B\u00edboros Egyetem B\u00f6lcs\u00e9szettudom\u00e1nyi Kar\u00e1nak tan\u00e1ra, a Wyspa foly\u00f3irat szerkeszt\u0151je, a Nowe Ksi\u0105\u017cki, az Odra \u00e9s a Tw\u00f3rczo\u015b\u0107 foly\u00f3iratok szerz\u0151je.\n\u00a0"},{"@type":"ImageObject","inLanguage":"pl-PL","@id":"https:\/\/instytutpolski.pl\/budapest\/2026\/01\/06\/stefan-zeromski-a-szellem-forradalma-2\/#primaryimage","url":"https:\/\/instytutpolski.pl\/budapest\/wp-content\/uploads\/sites\/21\/2026\/01\/Plakat-2.png","contentUrl":"https:\/\/instytutpolski.pl\/budapest\/wp-content\/uploads\/sites\/21\/2026\/01\/Plakat-2.png","width":820,"height":312},{"@type":"BreadcrumbList","@id":"https:\/\/instytutpolski.pl\/budapest\/2026\/01\/06\/stefan-zeromski-a-szellem-forradalma-2\/#breadcrumb","itemListElement":[{"@type":"ListItem","position":1,"name":"Home","item":"https:\/\/instytutpolski.pl\/budapest\/"},{"@type":"ListItem","position":2,"name":"Stefan \u017beromski \u2013 A szellem forradalma"}]},{"@type":"WebSite","@id":"https:\/\/instytutpolski.pl\/budapest\/#website","url":"https:\/\/instytutpolski.pl\/budapest\/","name":"Instytut Polski w Budapeszcie","description":"Instytuty Polskie","potentialAction":[{"@type":"SearchAction","target":{"@type":"EntryPoint","urlTemplate":"https:\/\/instytutpolski.pl\/budapest\/?s={search_term_string}"},"query-input":{"@type":"PropertyValueSpecification","valueRequired":true,"valueName":"search_term_string"}}],"inLanguage":"pl-PL"},{"@type":"Person","@id":"https:\/\/instytutpolski.pl\/budapest\/#\/schema\/person\/c32972170e1c8bb4ddd4918967161d9f","name":"felvidekie","image":{"@type":"ImageObject","inLanguage":"pl-PL","@id":"https:\/\/instytutpolski.pl\/budapest\/#\/schema\/person\/image\/","url":"https:\/\/secure.gravatar.com\/avatar\/a1a943f2404ab143dcc09c865ea2fd66?s=96&d=mm&r=g","contentUrl":"https:\/\/secure.gravatar.com\/avatar\/a1a943f2404ab143dcc09c865ea2fd66?s=96&d=mm&r=g","caption":"felvidekie"},"url":"https:\/\/instytutpolski.pl\/budapest\/author\/felvidekie\/"}]}},"_links":{"self":[{"href":"https:\/\/instytutpolski.pl\/budapest\/wp-json\/wp\/v2\/posts\/21275","targetHints":{"allow":["GET"]}}],"collection":[{"href":"https:\/\/instytutpolski.pl\/budapest\/wp-json\/wp\/v2\/posts"}],"about":[{"href":"https:\/\/instytutpolski.pl\/budapest\/wp-json\/wp\/v2\/types\/post"}],"author":[{"embeddable":true,"href":"https:\/\/instytutpolski.pl\/budapest\/wp-json\/wp\/v2\/users\/68"}],"replies":[{"embeddable":true,"href":"https:\/\/instytutpolski.pl\/budapest\/wp-json\/wp\/v2\/comments?post=21275"}],"version-history":[{"count":10,"href":"https:\/\/instytutpolski.pl\/budapest\/wp-json\/wp\/v2\/posts\/21275\/revisions"}],"predecessor-version":[{"id":21341,"href":"https:\/\/instytutpolski.pl\/budapest\/wp-json\/wp\/v2\/posts\/21275\/revisions\/21341"}],"wp:featuredmedia":[{"embeddable":true,"href":"https:\/\/instytutpolski.pl\/budapest\/wp-json\/wp\/v2\/media\/21262"}],"wp:attachment":[{"href":"https:\/\/instytutpolski.pl\/budapest\/wp-json\/wp\/v2\/media?parent=21275"}],"wp:term":[{"taxonomy":"category","embeddable":true,"href":"https:\/\/instytutpolski.pl\/budapest\/wp-json\/wp\/v2\/categories?post=21275"},{"taxonomy":"post_tag","embeddable":true,"href":"https:\/\/instytutpolski.pl\/budapest\/wp-json\/wp\/v2\/tags?post=21275"}],"curies":[{"name":"wp","href":"https:\/\/api.w.org\/{rel}","templated":true}]}}