{"id":21707,"date":"2026-03-05T18:18:51","date_gmt":"2026-03-05T17:18:51","guid":{"rendered":"https:\/\/instytutpolski.pl\/budapest\/?p=21707"},"modified":"2026-03-05T18:31:31","modified_gmt":"2026-03-05T17:31:31","slug":"parasztok-filmvetites-a-lengyel-intezetben","status":"publish","type":"post","link":"https:\/\/instytutpolski.pl\/budapest\/2026\/03\/05\/parasztok-filmvetites-a-lengyel-intezetben\/","title":{"rendered":"Parasztok &#8211; filmvet\u00edt\u00e9s a Lengyel Int\u00e9zetben"},"content":{"rendered":"\n<div class=\"xdj266r x14z9mp xat24cr x1lziwak x1vvkbs\"><strong>Parasztok &#8211; filmvet\u00edt\u00e9s a Lengyel Int\u00e9zetben<\/strong><\/div>\n<div>\u00a0<\/div>\n<div class=\"x14z9mp xat24cr x1lziwak x1vvkbs xtlvy1s\"><strong>Leny\u0171g\u00f6z\u0151, k\u00e9zzel festett anim\u00e1ci\u00f3s alkot\u00e1s W\u0142adys\u0142aw Reymont Nobel-d\u00edjas reg\u00e9ny\u00e9b\u0151l.<\/strong><\/div>\n<div>\u00a0<\/div>\n<div class=\"x14z9mp xat24cr x1lziwak x1vvkbs xtlvy1s\">Id\u0151pont: <strong>2026. m\u00e1rcius 17. (kedd), 17.00 \u00f3ra<\/strong><\/div>\n<div class=\"x14z9mp xat24cr x1lziwak x1vvkbs xtlvy1s\"><br class=\"html-br\" \/>Helysz\u00edn: <strong>Lengyel Int\u00e9zet<\/strong> &#8211; 1065 Budapest, Nagymez\u0151 u. 15.<\/div>\n<div>\u00a0<\/div>\n<div class=\"x14z9mp xat24cr x1lziwak x1vvkbs xtlvy1s\">A vet\u00edt\u00e9s partnere az Orsz\u00e1gos Lengyel \u00d6nkorm\u00e1nyzat.<\/div>\n<div class=\"x14z9mp xat24cr x1lziwak x1vvkbs xtlvy1s\">\u00a0<\/div>\n<div>\u00a0<\/div>\n<div><img loading=\"lazy\" decoding=\"async\" class=\" wp-image-21708 aligncenter\" src=\"https:\/\/instytutpolski.pl\/budapest\/wp-content\/uploads\/sites\/21\/2026\/03\/9c8832aa-3b6c-4e6f-a723-b829ad1f8d3b-300x251.jpg\" alt=\"\" width=\"598\" height=\"500\" srcset=\"https:\/\/instytutpolski.pl\/budapest\/wp-content\/uploads\/sites\/21\/2026\/03\/9c8832aa-3b6c-4e6f-a723-b829ad1f8d3b-300x251.jpg 300w, https:\/\/instytutpolski.pl\/budapest\/wp-content\/uploads\/sites\/21\/2026\/03\/9c8832aa-3b6c-4e6f-a723-b829ad1f8d3b-768x644.jpg 768w, https:\/\/instytutpolski.pl\/budapest\/wp-content\/uploads\/sites\/21\/2026\/03\/9c8832aa-3b6c-4e6f-a723-b829ad1f8d3b.jpg 940w\" sizes=\"auto, (max-width: 598px) 100vw, 598px\" \/><\/div>\n<div>\u00a0<\/div>\n<div>\u00a0<\/div>\n<div class=\"x14z9mp xat24cr x1lziwak x1vvkbs xtlvy1s\" style=\"text-align: justify\">A 19. sz\u00e1zadban egy faluban nagy felz\u00fadul\u00e1st kelt, amikor egy fiatal l\u00e1ny egy n\u00e1la id\u0151sebb, m\u00f3dos \u00f6zvegyemberhez megy feles\u00e9g\u00fcl. R\u00e1ad\u00e1sul a l\u00e1ny titokban a gazda fi\u00e1ba szerelmes. A kis k\u00f6z\u00f6ss\u00e9gben gyorsan terjed a pletyka, \u00e9s a led\u00e9rnek titul\u00e1lt l\u00e1ny rosszakar\u00f3inak a sz\u00e1ma egyre csak n\u00f6vekszik.<\/div>\n<div>\u00a0<\/div>\n<div class=\"x14z9mp xat24cr x1lziwak x1vvkbs xtlvy1s\" style=\"text-align: justify\">A W\u0142adys\u0142aw Reymont azonos c\u00edm\u0171, 27 nyelvre leford\u00edtott Nobel-d\u00edjas reg\u00e9ny\u00e9b\u0151l k\u00e9sz\u00fclt leny\u0171g\u00f6z\u0151, k\u00e9zzel festett anim\u00e1ci\u00f3s film 2024-ben Lengyelorsz\u00e1g Oscar-nevezettje volt.<\/div>\n<div style=\"text-align: justify\">\u00a0<\/div>\n<div class=\"x14z9mp xat24cr x1lziwak x1vvkbs xtlvy1s\" style=\"text-align: justify\">Az Oscar-d\u00edjra jel\u00f6lt Loving Vincent alkot\u00f3inak filmj\u00e9t a vil\u00e1g egyik legrangosabb filmfesztiv\u00e1lj\u00e1n, a Toront\u00f3i Nemzetk\u00f6zi Filmfesztiv\u00e1lon mutatt\u00e1k be el\u0151sz\u00f6r. A gdyniai Lengyel Filmfesztiv\u00e1lon n\u00e9gy d\u00edjat, k\u00f6zte a k\u00f6z\u00f6ns\u00e9gd\u00edjat \u00e9rdemelte ki.<\/div>\n<div>\u00a0<\/div>\n<div>\n\n\t\t<style type=\"text\/css\">\n\t\t\t#gallery-1 {\n\t\t\t\tmargin: auto;\n\t\t\t}\n\t\t\t#gallery-1 .gallery-item {\n\t\t\t\tfloat: left;\n\t\t\t\tmargin-top: 10px;\n\t\t\t\ttext-align: center;\n\t\t\t\twidth: 100%;\n\t\t\t}\n\t\t\t#gallery-1 img {\n\t\t\t\tborder: 2px solid #cfcfcf;\n\t\t\t}\n\t\t\t#gallery-1 .gallery-caption {\n\t\t\t\tmargin-left: 0;\n\t\t\t}\n\t\t\t\/* see gallery_shortcode() in wp-includes\/media.php *\/\n\t\t<\/style>\n\t\t<div id='gallery-1' class='gallery galleryid-21707 gallery-columns-1 gallery-size-full'><dl class='gallery-item'>\n\t\t\t<dt class='gallery-icon landscape'>\n\t\t\t\t<a href='https:\/\/instytutpolski.pl\/budapest\/2026\/03\/05\/parasztok-filmvetites-a-lengyel-intezetben\/2-16\/'><img loading=\"lazy\" decoding=\"async\" width=\"1266\" height=\"951\" src=\"https:\/\/instytutpolski.pl\/budapest\/wp-content\/uploads\/sites\/21\/2026\/03\/2.jpg\" class=\"attachment-full size-full\" alt=\"\" srcset=\"https:\/\/instytutpolski.pl\/budapest\/wp-content\/uploads\/sites\/21\/2026\/03\/2.jpg 1266w, https:\/\/instytutpolski.pl\/budapest\/wp-content\/uploads\/sites\/21\/2026\/03\/2-300x225.jpg 300w, https:\/\/instytutpolski.pl\/budapest\/wp-content\/uploads\/sites\/21\/2026\/03\/2-1024x768.jpg 1024w, https:\/\/instytutpolski.pl\/budapest\/wp-content\/uploads\/sites\/21\/2026\/03\/2-768x577.jpg 768w\" sizes=\"auto, (max-width: 1266px) 100vw, 1266px\" \/><\/a>\n\t\t\t<\/dt><\/dl><br style=\"clear: both\" \/><dl class='gallery-item'>\n\t\t\t<dt class='gallery-icon landscape'>\n\t\t\t\t<a href='https:\/\/instytutpolski.pl\/budapest\/2026\/03\/05\/parasztok-filmvetites-a-lengyel-intezetben\/1-20\/'><img loading=\"lazy\" decoding=\"async\" width=\"1421\" height=\"948\" src=\"https:\/\/instytutpolski.pl\/budapest\/wp-content\/uploads\/sites\/21\/2026\/03\/1.jpg\" class=\"attachment-full size-full\" alt=\"\" srcset=\"https:\/\/instytutpolski.pl\/budapest\/wp-content\/uploads\/sites\/21\/2026\/03\/1.jpg 1421w, https:\/\/instytutpolski.pl\/budapest\/wp-content\/uploads\/sites\/21\/2026\/03\/1-300x200.jpg 300w, https:\/\/instytutpolski.pl\/budapest\/wp-content\/uploads\/sites\/21\/2026\/03\/1-1024x683.jpg 1024w, https:\/\/instytutpolski.pl\/budapest\/wp-content\/uploads\/sites\/21\/2026\/03\/1-768x512.jpg 768w\" sizes=\"auto, (max-width: 1421px) 100vw, 1421px\" \/><\/a>\n\t\t\t<\/dt><\/dl><br style=\"clear: both\" \/><dl class='gallery-item'>\n\t\t\t<dt class='gallery-icon landscape'>\n\t\t\t\t<a href='https:\/\/instytutpolski.pl\/budapest\/2026\/03\/05\/parasztok-filmvetites-a-lengyel-intezetben\/1_taniec_obraz\/'><img loading=\"lazy\" decoding=\"async\" width=\"1998\" height=\"1080\" src=\"https:\/\/instytutpolski.pl\/budapest\/wp-content\/uploads\/sites\/21\/2026\/03\/1_taniec_obraz.jpg\" class=\"attachment-full size-full\" alt=\"\" srcset=\"https:\/\/instytutpolski.pl\/budapest\/wp-content\/uploads\/sites\/21\/2026\/03\/1_taniec_obraz.jpg 1998w, https:\/\/instytutpolski.pl\/budapest\/wp-content\/uploads\/sites\/21\/2026\/03\/1_taniec_obraz-300x162.jpg 300w, https:\/\/instytutpolski.pl\/budapest\/wp-content\/uploads\/sites\/21\/2026\/03\/1_taniec_obraz-1024x554.jpg 1024w, https:\/\/instytutpolski.pl\/budapest\/wp-content\/uploads\/sites\/21\/2026\/03\/1_taniec_obraz-768x415.jpg 768w, https:\/\/instytutpolski.pl\/budapest\/wp-content\/uploads\/sites\/21\/2026\/03\/1_taniec_obraz-1536x830.jpg 1536w\" sizes=\"auto, (max-width: 1998px) 100vw, 1998px\" \/><\/a>\n\t\t\t<\/dt><\/dl><br style=\"clear: both\" \/>\n\t\t<\/div>\n\n<strong>\u00a0<\/strong><\/div>\n<div class=\"x14z9mp xat24cr x1lziwak x1vvkbs xtlvy1s\"><strong>Parasztok (Ch\u0142opi)<\/strong><br class=\"html-br\" \/>lengyel anim\u00e1ci\u00f3s film, 114 perc, 2023<br class=\"html-br\" \/>Rendez\u0151: DK Welchman, Hugh Welchman<br class=\"html-br\" \/>Forgalmaz\u00f3: Vertigo M\u00e9dia Kft.<\/div>\n<div>\u00a0<\/div>\n<div class=\"x14z9mp xat24cr x1lziwak x1vvkbs xtlvy1s\">A filmet eredeti nyelven, magyar felirattal vet\u00edtj\u00fck.<\/div>\n<div>\u00a0<\/div>\n<div class=\"x14z9mp xat24cr x1lziwak x1vvkbs xtlvy1s\">A r\u00e9szv\u00e9tel ingyenes, helyfoglal\u00e1s \u00e9rkez\u00e9si sorrendben.<\/div>\n","protected":false},"excerpt":{"rendered":"<p>Parasztok &#8211; filmvet\u00edt\u00e9s a Lengyel Int\u00e9zetben \u00a0 Leny\u0171g\u00f6z\u0151, k\u00e9zzel festett anim\u00e1ci\u00f3s alkot\u00e1s W\u0142adys\u0142aw Reymont Nobel-d\u00edjas reg\u00e9ny\u00e9b\u0151l. \u00a0 Id\u0151pont: 2026. m\u00e1rcius 17. (kedd), 17.00 \u00f3ra Helysz\u00edn: Lengyel Int\u00e9zet &#8211; 1065 Budapest, Nagymez\u0151 u. 15. \u00a0 A vet\u00edt\u00e9s partnere az Orsz\u00e1gos Lengyel \u00d6nkorm\u00e1nyzat. \u00a0 \u00a0 \u00a0 \u00a0 A 19. sz\u00e1zadban egy faluban nagy felz\u00fadul\u00e1st kelt, amikor egy [&hellip;]<\/p>\n","protected":false},"author":137,"featured_media":21709,"comment_status":"open","ping_status":"open","sticky":true,"template":"","format":"standard","meta":{"inline_featured_image":false,"_monsterinsights_skip_tracking":false,"_monsterinsights_sitenote_active":false,"_monsterinsights_sitenote_note":"","_monsterinsights_sitenote_category":0,"footnotes":""},"categories":[42,36],"tags":[],"class_list":["post-21707","post","type-post","status-publish","format-standard","has-post-thumbnail","hentry","category-film","category-program"],"yoast_head":"<!-- This site is optimized with the Yoast SEO plugin v24.6 - https:\/\/yoast.com\/wordpress\/plugins\/seo\/ -->\n<title>Parasztok - filmvet\u00edt\u00e9s a Lengyel Int\u00e9zetben - Instytut Polski w Budapeszcie<\/title>\n<meta name=\"robots\" content=\"index, follow, max-snippet:-1, max-image-preview:large, max-video-preview:-1\" \/>\n<link rel=\"canonical\" href=\"https:\/\/instytutpolski.pl\/budapest\/2026\/03\/05\/parasztok-filmvetites-a-lengyel-intezetben\/\" \/>\n<meta property=\"og:locale\" content=\"pl_PL\" \/>\n<meta property=\"og:type\" content=\"article\" \/>\n<meta property=\"og:title\" content=\"Parasztok - filmvet\u00edt\u00e9s a Lengyel Int\u00e9zetben - Instytut Polski w Budapeszcie\" \/>\n<meta property=\"og:description\" content=\"Parasztok &#8211; filmvet\u00edt\u00e9s a Lengyel Int\u00e9zetben \u00a0 Leny\u0171g\u00f6z\u0151, k\u00e9zzel festett anim\u00e1ci\u00f3s alkot\u00e1s W\u0142adys\u0142aw Reymont Nobel-d\u00edjas reg\u00e9ny\u00e9b\u0151l. \u00a0 Id\u0151pont: 2026. m\u00e1rcius 17. (kedd), 17.00 \u00f3ra Helysz\u00edn: Lengyel Int\u00e9zet &#8211; 1065 Budapest, Nagymez\u0151 u. 15. \u00a0 A vet\u00edt\u00e9s partnere az Orsz\u00e1gos Lengyel \u00d6nkorm\u00e1nyzat. \u00a0 \u00a0 \u00a0 \u00a0 A 19. sz\u00e1zadban egy faluban nagy felz\u00fadul\u00e1st kelt, amikor egy [&hellip;]\" \/>\n<meta property=\"og:url\" content=\"https:\/\/instytutpolski.pl\/budapest\/2026\/03\/05\/parasztok-filmvetites-a-lengyel-intezetben\/\" \/>\n<meta property=\"og:site_name\" content=\"Instytut Polski w Budapeszcie\" \/>\n<meta property=\"article:published_time\" content=\"2026-03-05T17:18:51+00:00\" \/>\n<meta property=\"article:modified_time\" content=\"2026-03-05T17:31:31+00:00\" \/>\n<meta property=\"og:image\" content=\"https:\/\/instytutpolski.pl\/budapest\/wp-content\/uploads\/sites\/21\/2026\/03\/1_taniec_obraz.jpg\" \/>\n\t<meta property=\"og:image:width\" content=\"1998\" \/>\n\t<meta property=\"og:image:height\" content=\"1080\" \/>\n\t<meta property=\"og:image:type\" content=\"image\/jpeg\" \/>\n<meta name=\"author\" content=\"jergert\" \/>\n<meta name=\"twitter:card\" content=\"summary_large_image\" \/>\n<meta name=\"twitter:label1\" content=\"Napisane przez\" \/>\n\t<meta name=\"twitter:data1\" content=\"jergert\" \/>\n\t<meta name=\"twitter:label2\" content=\"Szacowany czas czytania\" \/>\n\t<meta name=\"twitter:data2\" content=\"2 minuty\" \/>\n<script type=\"application\/ld+json\" class=\"yoast-schema-graph\">{\"@context\":\"https:\/\/schema.org\",\"@graph\":[{\"@type\":\"event\",\"@id\":\"https:\/\/instytutpolski.pl\/budapest\/2026\/03\/05\/parasztok-filmvetites-a-lengyel-intezetben\/\",\"url\":\"https:\/\/instytutpolski.pl\/budapest\/2026\/03\/05\/parasztok-filmvetites-a-lengyel-intezetben\/\",\"name\":\"Parasztok - filmvet\u00edt\u00e9s a Lengyel Int\u00e9zetben\",\"isPartOf\":{\"@id\":\"https:\/\/instytutpolski.pl\/budapest\/#website\"},\"primaryImageOfPage\":{\"@id\":\"https:\/\/instytutpolski.pl\/budapest\/2026\/03\/05\/parasztok-filmvetites-a-lengyel-intezetben\/#primaryimage\"},\"image\":[\"https:\/\/instytutpolski.pl\/budapest\/wp-content\/uploads\/sites\/21\/2026\/03\/1_taniec_obraz.jpg\",\"https:\/\/instytutpolski.pl\/budapest\/wp-content\/uploads\/sites\/21\/2026\/03\/1_taniec_obraz-300x162.jpg\",\"https:\/\/instytutpolski.pl\/budapest\/wp-content\/uploads\/sites\/21\/2026\/03\/1_taniec_obraz-1024x554.jpg\",\"https:\/\/instytutpolski.pl\/budapest\/wp-content\/uploads\/sites\/21\/2026\/03\/1_taniec_obraz.jpg\"],\"thumbnailUrl\":\"https:\/\/instytutpolski.pl\/budapest\/wp-content\/uploads\/sites\/21\/2026\/03\/1_taniec_obraz.jpg\",\"datePublished\":\"2026-03-05T17:18:51+02:00\",\"dateModified\":\"2026-03-05T17:31:31+02:00\",\"author\":{\"@id\":\"https:\/\/instytutpolski.pl\/budapest\/#\/schema\/person\/419f42c17704d0a78250bf0c7858df52\"},\"breadcrumb\":{\"@id\":\"https:\/\/instytutpolski.pl\/budapest\/2026\/03\/05\/parasztok-filmvetites-a-lengyel-intezetben\/#breadcrumb\"},\"inLanguage\":\"pl-PL\",\"potentialAction\":[{\"@type\":\"ReadAction\",\"target\":[\"https:\/\/instytutpolski.pl\/budapest\/2026\/03\/05\/parasztok-filmvetites-a-lengyel-intezetben\/\"]}],\"@context\":\"https:\/\/schema.org\",\"startDate\":\"2026-03-17\",\"endDate\":\"2026-03-17\",\"eventStatus\":\"EventScheduled\",\"eventAttendanceMode\":\"OfflineEventAttendanceMode\",\"location\":{\"@type\":\"place\",\"name\":\"\",\"address\":\"\",\"geo\":{\"@type\":\"GeoCoordinates\",\"latitude\":\"\",\"longitude\":\"\"}},\"description\":\"Parasztok - filmvet\u00edt\u00e9s a Lengyel Int\u00e9zetben\\n\u00a0\\nLeny\u0171g\u00f6z\u0151, k\u00e9zzel festett anim\u00e1ci\u00f3s alkot\u00e1s W\u0142adys\u0142aw Reymont Nobel-d\u00edjas reg\u00e9ny\u00e9b\u0151l.\\n\u00a0\\nId\u0151pont: 2026. m\u00e1rcius 17. (kedd), 17.00 \u00f3ra\\nHelysz\u00edn: Lengyel Int\u00e9zet - 1065 Budapest, Nagymez\u0151 u. 15.\\n\u00a0\\nA vet\u00edt\u00e9s partnere az Orsz\u00e1gos Lengyel \u00d6nkorm\u00e1nyzat.\\n\u00a0\\n\u00a0\\n\u00a0\\n\u00a0\\nA 19. sz\u00e1zadban egy faluban nagy felz\u00fadul\u00e1st kelt, amikor egy fiatal l\u00e1ny egy n\u00e1la id\u0151sebb, m\u00f3dos \u00f6zvegyemberhez megy feles\u00e9g\u00fcl. R\u00e1ad\u00e1sul a l\u00e1ny titokban a gazda fi\u00e1ba szerelmes. A kis k\u00f6z\u00f6ss\u00e9gben gyorsan terjed a pletyka, \u00e9s a led\u00e9rnek titul\u00e1lt l\u00e1ny rosszakar\u00f3inak a sz\u00e1ma egyre csak n\u00f6vekszik.\\n\u00a0\\nA W\u0142adys\u0142aw Reymont azonos c\u00edm\u0171, 27 nyelvre leford\u00edtott Nobel-d\u00edjas reg\u00e9ny\u00e9b\u0151l k\u00e9sz\u00fclt leny\u0171g\u00f6z\u0151, k\u00e9zzel festett anim\u00e1ci\u00f3s film 2024-ben Lengyelorsz\u00e1g Oscar-nevezettje volt.\\n\u00a0\\nAz Oscar-d\u00edjra jel\u00f6lt Loving Vincent alkot\u00f3inak filmj\u00e9t a vil\u00e1g egyik legrangosabb filmfesztiv\u00e1lj\u00e1n, a Toront\u00f3i Nemzetk\u00f6zi Filmfesztiv\u00e1lon mutatt\u00e1k be el\u0151sz\u00f6r. A gdyniai Lengyel Filmfesztiv\u00e1lon n\u00e9gy d\u00edjat, k\u00f6zte a k\u00f6z\u00f6ns\u00e9gd\u00edjat \u00e9rdemelte ki.\\n\u00a0\\n[gallery size=\\\"full\\\" columns=\\\"1\\\" ids=\\\"21711,21710,21709\\\"]\\n\u00a0\\nParasztok (Ch\u0142opi)lengyel anim\u00e1ci\u00f3s film, 114 perc, 2023Rendez\u0151: DK Welchman, Hugh WelchmanForgalmaz\u00f3: Vertigo M\u00e9dia Kft.\\n\u00a0\\nA filmet eredeti nyelven, magyar felirattal vet\u00edtj\u00fck.\\n\u00a0\\nA r\u00e9szv\u00e9tel ingyenes, helyfoglal\u00e1s \u00e9rkez\u00e9si sorrendben.\"},{\"@type\":\"ImageObject\",\"inLanguage\":\"pl-PL\",\"@id\":\"https:\/\/instytutpolski.pl\/budapest\/2026\/03\/05\/parasztok-filmvetites-a-lengyel-intezetben\/#primaryimage\",\"url\":\"https:\/\/instytutpolski.pl\/budapest\/wp-content\/uploads\/sites\/21\/2026\/03\/1_taniec_obraz.jpg\",\"contentUrl\":\"https:\/\/instytutpolski.pl\/budapest\/wp-content\/uploads\/sites\/21\/2026\/03\/1_taniec_obraz.jpg\",\"width\":1998,\"height\":1080},{\"@type\":\"BreadcrumbList\",\"@id\":\"https:\/\/instytutpolski.pl\/budapest\/2026\/03\/05\/parasztok-filmvetites-a-lengyel-intezetben\/#breadcrumb\",\"itemListElement\":[{\"@type\":\"ListItem\",\"position\":1,\"name\":\"Home\",\"item\":\"https:\/\/instytutpolski.pl\/budapest\/\"},{\"@type\":\"ListItem\",\"position\":2,\"name\":\"Parasztok &#8211; filmvet\u00edt\u00e9s a Lengyel Int\u00e9zetben\"}]},{\"@type\":\"WebSite\",\"@id\":\"https:\/\/instytutpolski.pl\/budapest\/#website\",\"url\":\"https:\/\/instytutpolski.pl\/budapest\/\",\"name\":\"Instytut Polski w Budapeszcie\",\"description\":\"Instytuty Polskie\",\"potentialAction\":[{\"@type\":\"SearchAction\",\"target\":{\"@type\":\"EntryPoint\",\"urlTemplate\":\"https:\/\/instytutpolski.pl\/budapest\/?s={search_term_string}\"},\"query-input\":{\"@type\":\"PropertyValueSpecification\",\"valueRequired\":true,\"valueName\":\"search_term_string\"}}],\"inLanguage\":\"pl-PL\"},{\"@type\":\"Person\",\"@id\":\"https:\/\/instytutpolski.pl\/budapest\/#\/schema\/person\/419f42c17704d0a78250bf0c7858df52\",\"name\":\"jergert\",\"image\":{\"@type\":\"ImageObject\",\"inLanguage\":\"pl-PL\",\"@id\":\"https:\/\/instytutpolski.pl\/budapest\/#\/schema\/person\/image\/\",\"url\":\"https:\/\/secure.gravatar.com\/avatar\/8929296b454dc3d29ecb811f4703b7f3?s=96&d=mm&r=g\",\"contentUrl\":\"https:\/\/secure.gravatar.com\/avatar\/8929296b454dc3d29ecb811f4703b7f3?s=96&d=mm&r=g\",\"caption\":\"jergert\"},\"sameAs\":[\"http:\/\/jergert\",\"jergert\"],\"url\":\"https:\/\/instytutpolski.pl\/budapest\/author\/jergert\/\"}]}<\/script>\n<!-- \/ Yoast SEO plugin. -->","yoast_head_json":{"title":"Parasztok - filmvet\u00edt\u00e9s a Lengyel Int\u00e9zetben - Instytut Polski w Budapeszcie","robots":{"index":"index","follow":"follow","max-snippet":"max-snippet:-1","max-image-preview":"max-image-preview:large","max-video-preview":"max-video-preview:-1"},"canonical":"https:\/\/instytutpolski.pl\/budapest\/2026\/03\/05\/parasztok-filmvetites-a-lengyel-intezetben\/","og_locale":"pl_PL","og_type":"article","og_title":"Parasztok - filmvet\u00edt\u00e9s a Lengyel Int\u00e9zetben - Instytut Polski w Budapeszcie","og_description":"Parasztok &#8211; filmvet\u00edt\u00e9s a Lengyel Int\u00e9zetben \u00a0 Leny\u0171g\u00f6z\u0151, k\u00e9zzel festett anim\u00e1ci\u00f3s alkot\u00e1s W\u0142adys\u0142aw Reymont Nobel-d\u00edjas reg\u00e9ny\u00e9b\u0151l. \u00a0 Id\u0151pont: 2026. m\u00e1rcius 17. (kedd), 17.00 \u00f3ra Helysz\u00edn: Lengyel Int\u00e9zet &#8211; 1065 Budapest, Nagymez\u0151 u. 15. \u00a0 A vet\u00edt\u00e9s partnere az Orsz\u00e1gos Lengyel \u00d6nkorm\u00e1nyzat. \u00a0 \u00a0 \u00a0 \u00a0 A 19. sz\u00e1zadban egy faluban nagy felz\u00fadul\u00e1st kelt, amikor egy [&hellip;]","og_url":"https:\/\/instytutpolski.pl\/budapest\/2026\/03\/05\/parasztok-filmvetites-a-lengyel-intezetben\/","og_site_name":"Instytut Polski w Budapeszcie","article_published_time":"2026-03-05T17:18:51+00:00","article_modified_time":"2026-03-05T17:31:31+00:00","og_image":[{"width":1998,"height":1080,"url":"https:\/\/instytutpolski.pl\/budapest\/wp-content\/uploads\/sites\/21\/2026\/03\/1_taniec_obraz.jpg","type":"image\/jpeg"}],"author":"jergert","twitter_card":"summary_large_image","twitter_misc":{"Napisane przez":"jergert","Szacowany czas czytania":"2 minuty"},"schema":{"@context":"https:\/\/schema.org","@graph":[{"@type":"event","@id":"https:\/\/instytutpolski.pl\/budapest\/2026\/03\/05\/parasztok-filmvetites-a-lengyel-intezetben\/","url":"https:\/\/instytutpolski.pl\/budapest\/2026\/03\/05\/parasztok-filmvetites-a-lengyel-intezetben\/","name":"Parasztok - filmvet\u00edt\u00e9s a Lengyel Int\u00e9zetben","isPartOf":{"@id":"https:\/\/instytutpolski.pl\/budapest\/#website"},"primaryImageOfPage":{"@id":"https:\/\/instytutpolski.pl\/budapest\/2026\/03\/05\/parasztok-filmvetites-a-lengyel-intezetben\/#primaryimage"},"image":["https:\/\/instytutpolski.pl\/budapest\/wp-content\/uploads\/sites\/21\/2026\/03\/1_taniec_obraz.jpg","https:\/\/instytutpolski.pl\/budapest\/wp-content\/uploads\/sites\/21\/2026\/03\/1_taniec_obraz-300x162.jpg","https:\/\/instytutpolski.pl\/budapest\/wp-content\/uploads\/sites\/21\/2026\/03\/1_taniec_obraz-1024x554.jpg","https:\/\/instytutpolski.pl\/budapest\/wp-content\/uploads\/sites\/21\/2026\/03\/1_taniec_obraz.jpg"],"thumbnailUrl":"https:\/\/instytutpolski.pl\/budapest\/wp-content\/uploads\/sites\/21\/2026\/03\/1_taniec_obraz.jpg","datePublished":"2026-03-05T17:18:51+02:00","dateModified":"2026-03-05T17:31:31+02:00","author":{"@id":"https:\/\/instytutpolski.pl\/budapest\/#\/schema\/person\/419f42c17704d0a78250bf0c7858df52"},"breadcrumb":{"@id":"https:\/\/instytutpolski.pl\/budapest\/2026\/03\/05\/parasztok-filmvetites-a-lengyel-intezetben\/#breadcrumb"},"inLanguage":"pl-PL","potentialAction":[{"@type":"ReadAction","target":["https:\/\/instytutpolski.pl\/budapest\/2026\/03\/05\/parasztok-filmvetites-a-lengyel-intezetben\/"]}],"@context":"https:\/\/schema.org","startDate":"2026-03-17","endDate":"2026-03-17","eventStatus":"EventScheduled","eventAttendanceMode":"OfflineEventAttendanceMode","location":{"@type":"place","name":"","address":"","geo":{"@type":"GeoCoordinates","latitude":"","longitude":""}},"description":"Parasztok - filmvet\u00edt\u00e9s a Lengyel Int\u00e9zetben\n\u00a0\nLeny\u0171g\u00f6z\u0151, k\u00e9zzel festett anim\u00e1ci\u00f3s alkot\u00e1s W\u0142adys\u0142aw Reymont Nobel-d\u00edjas reg\u00e9ny\u00e9b\u0151l.\n\u00a0\nId\u0151pont: 2026. m\u00e1rcius 17. (kedd), 17.00 \u00f3ra\nHelysz\u00edn: Lengyel Int\u00e9zet - 1065 Budapest, Nagymez\u0151 u. 15.\n\u00a0\nA vet\u00edt\u00e9s partnere az Orsz\u00e1gos Lengyel \u00d6nkorm\u00e1nyzat.\n\u00a0\n\u00a0\n\u00a0\n\u00a0\nA 19. sz\u00e1zadban egy faluban nagy felz\u00fadul\u00e1st kelt, amikor egy fiatal l\u00e1ny egy n\u00e1la id\u0151sebb, m\u00f3dos \u00f6zvegyemberhez megy feles\u00e9g\u00fcl. R\u00e1ad\u00e1sul a l\u00e1ny titokban a gazda fi\u00e1ba szerelmes. A kis k\u00f6z\u00f6ss\u00e9gben gyorsan terjed a pletyka, \u00e9s a led\u00e9rnek titul\u00e1lt l\u00e1ny rosszakar\u00f3inak a sz\u00e1ma egyre csak n\u00f6vekszik.\n\u00a0\nA W\u0142adys\u0142aw Reymont azonos c\u00edm\u0171, 27 nyelvre leford\u00edtott Nobel-d\u00edjas reg\u00e9ny\u00e9b\u0151l k\u00e9sz\u00fclt leny\u0171g\u00f6z\u0151, k\u00e9zzel festett anim\u00e1ci\u00f3s film 2024-ben Lengyelorsz\u00e1g Oscar-nevezettje volt.\n\u00a0\nAz Oscar-d\u00edjra jel\u00f6lt Loving Vincent alkot\u00f3inak filmj\u00e9t a vil\u00e1g egyik legrangosabb filmfesztiv\u00e1lj\u00e1n, a Toront\u00f3i Nemzetk\u00f6zi Filmfesztiv\u00e1lon mutatt\u00e1k be el\u0151sz\u00f6r. A gdyniai Lengyel Filmfesztiv\u00e1lon n\u00e9gy d\u00edjat, k\u00f6zte a k\u00f6z\u00f6ns\u00e9gd\u00edjat \u00e9rdemelte ki.\n\u00a0\n[gallery size=\"full\" columns=\"1\" ids=\"21711,21710,21709\"]\n\u00a0\nParasztok (Ch\u0142opi)lengyel anim\u00e1ci\u00f3s film, 114 perc, 2023Rendez\u0151: DK Welchman, Hugh WelchmanForgalmaz\u00f3: Vertigo M\u00e9dia Kft.\n\u00a0\nA filmet eredeti nyelven, magyar felirattal vet\u00edtj\u00fck.\n\u00a0\nA r\u00e9szv\u00e9tel ingyenes, helyfoglal\u00e1s \u00e9rkez\u00e9si sorrendben."},{"@type":"ImageObject","inLanguage":"pl-PL","@id":"https:\/\/instytutpolski.pl\/budapest\/2026\/03\/05\/parasztok-filmvetites-a-lengyel-intezetben\/#primaryimage","url":"https:\/\/instytutpolski.pl\/budapest\/wp-content\/uploads\/sites\/21\/2026\/03\/1_taniec_obraz.jpg","contentUrl":"https:\/\/instytutpolski.pl\/budapest\/wp-content\/uploads\/sites\/21\/2026\/03\/1_taniec_obraz.jpg","width":1998,"height":1080},{"@type":"BreadcrumbList","@id":"https:\/\/instytutpolski.pl\/budapest\/2026\/03\/05\/parasztok-filmvetites-a-lengyel-intezetben\/#breadcrumb","itemListElement":[{"@type":"ListItem","position":1,"name":"Home","item":"https:\/\/instytutpolski.pl\/budapest\/"},{"@type":"ListItem","position":2,"name":"Parasztok &#8211; filmvet\u00edt\u00e9s a Lengyel Int\u00e9zetben"}]},{"@type":"WebSite","@id":"https:\/\/instytutpolski.pl\/budapest\/#website","url":"https:\/\/instytutpolski.pl\/budapest\/","name":"Instytut Polski w Budapeszcie","description":"Instytuty Polskie","potentialAction":[{"@type":"SearchAction","target":{"@type":"EntryPoint","urlTemplate":"https:\/\/instytutpolski.pl\/budapest\/?s={search_term_string}"},"query-input":{"@type":"PropertyValueSpecification","valueRequired":true,"valueName":"search_term_string"}}],"inLanguage":"pl-PL"},{"@type":"Person","@id":"https:\/\/instytutpolski.pl\/budapest\/#\/schema\/person\/419f42c17704d0a78250bf0c7858df52","name":"jergert","image":{"@type":"ImageObject","inLanguage":"pl-PL","@id":"https:\/\/instytutpolski.pl\/budapest\/#\/schema\/person\/image\/","url":"https:\/\/secure.gravatar.com\/avatar\/8929296b454dc3d29ecb811f4703b7f3?s=96&d=mm&r=g","contentUrl":"https:\/\/secure.gravatar.com\/avatar\/8929296b454dc3d29ecb811f4703b7f3?s=96&d=mm&r=g","caption":"jergert"},"sameAs":["http:\/\/jergert","jergert"],"url":"https:\/\/instytutpolski.pl\/budapest\/author\/jergert\/"}]}},"_links":{"self":[{"href":"https:\/\/instytutpolski.pl\/budapest\/wp-json\/wp\/v2\/posts\/21707","targetHints":{"allow":["GET"]}}],"collection":[{"href":"https:\/\/instytutpolski.pl\/budapest\/wp-json\/wp\/v2\/posts"}],"about":[{"href":"https:\/\/instytutpolski.pl\/budapest\/wp-json\/wp\/v2\/types\/post"}],"author":[{"embeddable":true,"href":"https:\/\/instytutpolski.pl\/budapest\/wp-json\/wp\/v2\/users\/137"}],"replies":[{"embeddable":true,"href":"https:\/\/instytutpolski.pl\/budapest\/wp-json\/wp\/v2\/comments?post=21707"}],"version-history":[{"count":2,"href":"https:\/\/instytutpolski.pl\/budapest\/wp-json\/wp\/v2\/posts\/21707\/revisions"}],"predecessor-version":[{"id":21713,"href":"https:\/\/instytutpolski.pl\/budapest\/wp-json\/wp\/v2\/posts\/21707\/revisions\/21713"}],"wp:featuredmedia":[{"embeddable":true,"href":"https:\/\/instytutpolski.pl\/budapest\/wp-json\/wp\/v2\/media\/21709"}],"wp:attachment":[{"href":"https:\/\/instytutpolski.pl\/budapest\/wp-json\/wp\/v2\/media?parent=21707"}],"wp:term":[{"taxonomy":"category","embeddable":true,"href":"https:\/\/instytutpolski.pl\/budapest\/wp-json\/wp\/v2\/categories?post=21707"},{"taxonomy":"post_tag","embeddable":true,"href":"https:\/\/instytutpolski.pl\/budapest\/wp-json\/wp\/v2\/tags?post=21707"}],"curies":[{"name":"wp","href":"https:\/\/api.w.org\/{rel}","templated":true}]}}