{"id":21838,"date":"2026-03-27T14:12:49","date_gmt":"2026-03-27T13:12:49","guid":{"rendered":"https:\/\/instytutpolski.pl\/budapest\/?p=21838"},"modified":"2026-04-23T12:18:54","modified_gmt":"2026-04-23T10:18:54","slug":"gracious-epoch-kamil-kukla-kiallitasa-a-platan-galeriaban","status":"publish","type":"post","link":"https:\/\/instytutpolski.pl\/budapest\/2026\/03\/27\/gracious-epoch-kamil-kukla-kiallitasa-a-platan-galeriaban\/","title":{"rendered":"Gracious Epoch &#8211; Kamil Kukla ki\u00e1ll\u00edt\u00e1sa a Plat\u00e1n Gal\u00e9ri\u00e1ban"},"content":{"rendered":"\n<figure class=\"wp-block-image size-large\"><img loading=\"lazy\" decoding=\"async\" width=\"1024\" height=\"536\" src=\"https:\/\/instytutpolski.pl\/budapest\/wp-content\/uploads\/sites\/21\/2026\/03\/Gracious_Epoch_Facebook-1024x536.jpg\" alt=\"\" class=\"wp-image-21839\" srcset=\"https:\/\/instytutpolski.pl\/budapest\/wp-content\/uploads\/sites\/21\/2026\/03\/Gracious_Epoch_Facebook-1024x536.jpg 1024w, https:\/\/instytutpolski.pl\/budapest\/wp-content\/uploads\/sites\/21\/2026\/03\/Gracious_Epoch_Facebook-300x157.jpg 300w, https:\/\/instytutpolski.pl\/budapest\/wp-content\/uploads\/sites\/21\/2026\/03\/Gracious_Epoch_Facebook-768x402.jpg 768w, https:\/\/instytutpolski.pl\/budapest\/wp-content\/uploads\/sites\/21\/2026\/03\/Gracious_Epoch_Facebook-1536x804.jpg 1536w, https:\/\/instytutpolski.pl\/budapest\/wp-content\/uploads\/sites\/21\/2026\/03\/Gracious_Epoch_Facebook.jpg 1920w\" sizes=\"auto, (max-width: 1024px) 100vw, 1024px\" \/><\/figure>\n\n\n\n<p>Kamil Kukla \u201eGracious Epoch\u201d c\u00edm\u0171 ki\u00e1ll\u00edt\u00e1sa a 2022\u20132025 k\u00f6z\u00f6tt k\u00e9sz\u00fclt festm\u00e9nyeket mutatja be. A m\u0171v\u00e9sz leg\u00fajabb festm\u00e9nyei tov\u00e1bbfejlesztik kor\u00e1bbi projektjeiben megjelen\u0151 mot\u00edvumokat, mik\u00f6zben azokat egy\u00e9rtelm\u0171en s\u00f6t\u00e9tebb hangulatok fel\u00e9 terelik. Kukla festm\u00e9nyein organikus strukt\u00far\u00e1k, t\u00f6red\u00e9kes testek, k\u00f6v\u00fcletekre vagy biol\u00f3giai konglomer\u00e1tumokra eml\u00e9keztet\u0151 form\u00e1k, valamint a mindennapokb\u00f3l mer\u00edtett jelenetek jelennek meg, amelyek a fest\u00e9szeti \u00e1talakul\u00e1s hat\u00e1s\u00e1ra nyugtalan\u00edt\u00f3, szinte hallucin\u00e1ci\u00f3s jelleget nyernek.<\/p>\n\n\n\n<p>A ki\u00e1ll\u00edt\u00e1s c\u00edme egy\u00e9rtelm\u0171 ir\u00f3ni\u00e1t hordoz mag\u00e1ban. A \u201eKegyes Korszak\u201d olyan fogalom, amely az \u00e9let fejl\u0151d\u00e9s\u00e9hez kedvez\u0151 k\u00f6r\u00fclm\u00e9nyek id\u0151szak\u00e1ra utal, \u00e9s a mai kontextusban keser\u0171 diagn\u00f3zisnak t\u0171nik. A kl\u00edmav\u00e1ls\u00e1g, az ukrajnai h\u00e1bor\u00fa, a politikai \u00e9s migr\u00e1ci\u00f3s fesz\u00fclts\u00e9gek k\u00e9pezik a keletkez\u0151 k\u00e9pek h\u00e1tter\u00e9t, b\u00e1r ezek nem jelennek meg benn\u00fck k\u00f6zvetlen\u00fcl. A m\u0171v\u00e9sz a fest\u00e9szetet bels\u0151 \u00e1llapotok r\u00f6gz\u00edt\u00e9s\u00e9nek tekinti: el\u0151\u00e9rzetek, \u00e1lmok \u00e9s l\u00e1tom\u00e1sok, amelyek a mag\u00e1n- \u00e9s a kollekt\u00edv tapasztalatok tal\u00e1lkoz\u00e1s\u00e1n\u00e1l jelennek meg.<\/p>\n\n\n\n<p>M\u0171v\u00e9szet\u00e9re jellemz\u0151 a konkr\u00e9t mot\u00edvumb\u00f3l sz\u00fclet\u0151 k\u00e9pek \u00e9s a puszta improviz\u00e1ci\u00f3 sor\u00e1n l\u00e9trej\u00f6v\u0151 k\u00e9pek k\u00f6z\u00f6tti fesz\u00fclts\u00e9g. Munk\u00e1inak egy r\u00e9sze f\u00e9nyk\u00e9pekb\u0151l, reprodukci\u00f3kb\u00f3l vagy m\u00fazeumokban tal\u00e1lt festm\u00e9nyr\u00e9szletekb\u0151l mer\u00edt ihletet. M\u00e1s k\u00e9pek spont\u00e1n alakulnak ki, egyetlen sz\u00ednfoltb\u00f3l vagy gesztusb\u00f3l. Ilyen pillanatokban a fest\u00e9szet szinte biol\u00f3giai folyamatt\u00e1 v\u00e1lik: a forma n\u00f6vekszik, el\u00e1gazik \u00e9s mut\u00e1l\u00f3dik, \u00e9s a v\u00e9letlen ugyanolyan fontos szerepet j\u00e1tszik, mint a m\u0171v\u00e9sz tudatos d\u00f6nt\u00e9se.<\/p>\n\n\n\n<p>A \u201eGracious Epoch\u201d teh\u00e1t a jelenlegi t\u00f6rt\u00e9nelmi pillanat t\u00f6r\u00e9kenys\u00e9g\u00e9r\u0151l sz\u00f3l\u00f3 elm\u00e9lked\u00e9sk\u00e9nt is \u00e9rtelmezhet\u0151. Kukla t\u00e1voli geol\u00f3giai \u00e9s biol\u00f3giai korszakokat id\u00e9z fel, eml\u00e9keztetve arra, hogy a F\u00f6ld\u00f6n az \u00e9let t\u00f6rt\u00e9nete v\u00e9letlenek, katasztr\u00f3f\u00e1k \u00e9s v\u00e1ratlan fordulatok sorozata. Ebben a f\u00e9nyben a jelen \u00fagy t\u0171nik, mint egy pillanat, amely a m\u00e9g l\u00e9tez\u0151 lehet\u0151s\u00e9gek ablaka \u00e9s annak hamarosan bek\u00f6vetkez\u0151 bez\u00e1r\u00f3d\u00e1s\u00e1nak el\u0151\u00e9rzete k\u00f6z\u00f6tt lebeg.<\/p>\n\n\n\n<figure class=\"wp-block-gallery has-nested-images columns-default is-cropped wp-block-gallery-1 is-layout-flex wp-block-gallery-is-layout-flex\">\n<figure class=\"wp-block-image size-large\"><img loading=\"lazy\" decoding=\"async\" width=\"1024\" height=\"683\" data-id=\"22057\" src=\"https:\/\/instytutpolski.pl\/budapest\/wp-content\/uploads\/sites\/21\/2026\/03\/1-2-1024x683.jpg\" alt=\"\" class=\"wp-image-22057\" srcset=\"https:\/\/instytutpolski.pl\/budapest\/wp-content\/uploads\/sites\/21\/2026\/03\/1-2-1024x683.jpg 1024w, https:\/\/instytutpolski.pl\/budapest\/wp-content\/uploads\/sites\/21\/2026\/03\/1-2-300x200.jpg 300w, https:\/\/instytutpolski.pl\/budapest\/wp-content\/uploads\/sites\/21\/2026\/03\/1-2-768x512.jpg 768w, https:\/\/instytutpolski.pl\/budapest\/wp-content\/uploads\/sites\/21\/2026\/03\/1-2-1536x1025.jpg 1536w, https:\/\/instytutpolski.pl\/budapest\/wp-content\/uploads\/sites\/21\/2026\/03\/1-2.jpg 2000w\" sizes=\"auto, (max-width: 1024px) 100vw, 1024px\" \/><\/figure>\n\n\n\n<figure class=\"wp-block-image size-large\"><img loading=\"lazy\" decoding=\"async\" width=\"1024\" height=\"683\" data-id=\"22059\" src=\"https:\/\/instytutpolski.pl\/budapest\/wp-content\/uploads\/sites\/21\/2026\/03\/2-1-1024x683.jpg\" alt=\"\" class=\"wp-image-22059\" srcset=\"https:\/\/instytutpolski.pl\/budapest\/wp-content\/uploads\/sites\/21\/2026\/03\/2-1-1024x683.jpg 1024w, https:\/\/instytutpolski.pl\/budapest\/wp-content\/uploads\/sites\/21\/2026\/03\/2-1-300x200.jpg 300w, https:\/\/instytutpolski.pl\/budapest\/wp-content\/uploads\/sites\/21\/2026\/03\/2-1-768x512.jpg 768w, https:\/\/instytutpolski.pl\/budapest\/wp-content\/uploads\/sites\/21\/2026\/03\/2-1-1536x1025.jpg 1536w, https:\/\/instytutpolski.pl\/budapest\/wp-content\/uploads\/sites\/21\/2026\/03\/2-1.jpg 2000w\" sizes=\"auto, (max-width: 1024px) 100vw, 1024px\" \/><\/figure>\n\n\n\n<figure class=\"wp-block-image size-large\"><img loading=\"lazy\" decoding=\"async\" width=\"2000\" height=\"1334\" data-id=\"22056\" src=\"https:\/\/instytutpolski.pl\/budapest\/wp-content\/uploads\/sites\/21\/2026\/03\/3-1024x683.jpg\" alt=\"\" class=\"wp-image-22056\" srcset=\"https:\/\/instytutpolski.pl\/budapest\/wp-content\/uploads\/sites\/21\/2026\/03\/3-1024x683.jpg 1024w, https:\/\/instytutpolski.pl\/budapest\/wp-content\/uploads\/sites\/21\/2026\/03\/3-300x200.jpg 300w, https:\/\/instytutpolski.pl\/budapest\/wp-content\/uploads\/sites\/21\/2026\/03\/3-768x512.jpg 768w, https:\/\/instytutpolski.pl\/budapest\/wp-content\/uploads\/sites\/21\/2026\/03\/3-1536x1025.jpg 1536w, https:\/\/instytutpolski.pl\/budapest\/wp-content\/uploads\/sites\/21\/2026\/03\/3.jpg 2000w\" sizes=\"auto, (max-width: 2000px) 100vw, 2000px\" \/><\/figure>\n\n\n\n<figure class=\"wp-block-image size-large\"><img loading=\"lazy\" decoding=\"async\" width=\"1024\" height=\"683\" data-id=\"22058\" src=\"https:\/\/instytutpolski.pl\/budapest\/wp-content\/uploads\/sites\/21\/2026\/03\/6-1024x683.jpg\" alt=\"\" class=\"wp-image-22058\" srcset=\"https:\/\/instytutpolski.pl\/budapest\/wp-content\/uploads\/sites\/21\/2026\/03\/6-1024x683.jpg 1024w, https:\/\/instytutpolski.pl\/budapest\/wp-content\/uploads\/sites\/21\/2026\/03\/6-300x200.jpg 300w, https:\/\/instytutpolski.pl\/budapest\/wp-content\/uploads\/sites\/21\/2026\/03\/6-768x512.jpg 768w, https:\/\/instytutpolski.pl\/budapest\/wp-content\/uploads\/sites\/21\/2026\/03\/6-1536x1025.jpg 1536w, https:\/\/instytutpolski.pl\/budapest\/wp-content\/uploads\/sites\/21\/2026\/03\/6.jpg 2000w\" sizes=\"auto, (max-width: 1024px) 100vw, 1024px\" \/><\/figure>\n\n\n\n<figure class=\"wp-block-image size-large\"><img loading=\"lazy\" decoding=\"async\" width=\"1024\" height=\"683\" data-id=\"22060\" src=\"https:\/\/instytutpolski.pl\/budapest\/wp-content\/uploads\/sites\/21\/2026\/03\/7-1024x683.jpg\" alt=\"\" class=\"wp-image-22060\" srcset=\"https:\/\/instytutpolski.pl\/budapest\/wp-content\/uploads\/sites\/21\/2026\/03\/7-1024x683.jpg 1024w, https:\/\/instytutpolski.pl\/budapest\/wp-content\/uploads\/sites\/21\/2026\/03\/7-300x200.jpg 300w, https:\/\/instytutpolski.pl\/budapest\/wp-content\/uploads\/sites\/21\/2026\/03\/7-768x512.jpg 768w, https:\/\/instytutpolski.pl\/budapest\/wp-content\/uploads\/sites\/21\/2026\/03\/7-1536x1025.jpg 1536w, https:\/\/instytutpolski.pl\/budapest\/wp-content\/uploads\/sites\/21\/2026\/03\/7.jpg 2000w\" sizes=\"auto, (max-width: 1024px) 100vw, 1024px\" \/><\/figure>\n\n\n\n<figure class=\"wp-block-image size-large\"><img loading=\"lazy\" decoding=\"async\" width=\"1024\" height=\"683\" data-id=\"22061\" src=\"https:\/\/instytutpolski.pl\/budapest\/wp-content\/uploads\/sites\/21\/2026\/03\/8-1024x683.jpg\" alt=\"\" class=\"wp-image-22061\" srcset=\"https:\/\/instytutpolski.pl\/budapest\/wp-content\/uploads\/sites\/21\/2026\/03\/8-1024x683.jpg 1024w, https:\/\/instytutpolski.pl\/budapest\/wp-content\/uploads\/sites\/21\/2026\/03\/8-300x200.jpg 300w, https:\/\/instytutpolski.pl\/budapest\/wp-content\/uploads\/sites\/21\/2026\/03\/8-768x512.jpg 768w, https:\/\/instytutpolski.pl\/budapest\/wp-content\/uploads\/sites\/21\/2026\/03\/8-1536x1025.jpg 1536w, https:\/\/instytutpolski.pl\/budapest\/wp-content\/uploads\/sites\/21\/2026\/03\/8.jpg 2000w\" sizes=\"auto, (max-width: 1024px) 100vw, 1024px\" \/><\/figure>\n<\/figure>\n\n\n\n<figure class=\"wp-block-gallery has-nested-images columns-default is-cropped wp-block-gallery-2 is-layout-flex wp-block-gallery-is-layout-flex\">\n<figure class=\"wp-block-image size-large\"><img loading=\"lazy\" decoding=\"async\" width=\"1024\" height=\"683\" data-id=\"22069\" src=\"https:\/\/instytutpolski.pl\/budapest\/wp-content\/uploads\/sites\/21\/2026\/03\/10-1024x683.jpg\" alt=\"\" class=\"wp-image-22069\" srcset=\"https:\/\/instytutpolski.pl\/budapest\/wp-content\/uploads\/sites\/21\/2026\/03\/10-1024x683.jpg 1024w, https:\/\/instytutpolski.pl\/budapest\/wp-content\/uploads\/sites\/21\/2026\/03\/10-300x200.jpg 300w, https:\/\/instytutpolski.pl\/budapest\/wp-content\/uploads\/sites\/21\/2026\/03\/10-768x512.jpg 768w, https:\/\/instytutpolski.pl\/budapest\/wp-content\/uploads\/sites\/21\/2026\/03\/10-1536x1025.jpg 1536w, https:\/\/instytutpolski.pl\/budapest\/wp-content\/uploads\/sites\/21\/2026\/03\/10.jpg 2000w\" sizes=\"auto, (max-width: 1024px) 100vw, 1024px\" \/><\/figure>\n\n\n\n<figure class=\"wp-block-image size-large\"><img loading=\"lazy\" decoding=\"async\" width=\"1024\" height=\"683\" data-id=\"22063\" src=\"https:\/\/instytutpolski.pl\/budapest\/wp-content\/uploads\/sites\/21\/2026\/03\/21-1024x683.jpg\" alt=\"\" class=\"wp-image-22063\" srcset=\"https:\/\/instytutpolski.pl\/budapest\/wp-content\/uploads\/sites\/21\/2026\/03\/21-1024x683.jpg 1024w, https:\/\/instytutpolski.pl\/budapest\/wp-content\/uploads\/sites\/21\/2026\/03\/21-300x200.jpg 300w, https:\/\/instytutpolski.pl\/budapest\/wp-content\/uploads\/sites\/21\/2026\/03\/21-768x512.jpg 768w, https:\/\/instytutpolski.pl\/budapest\/wp-content\/uploads\/sites\/21\/2026\/03\/21-1536x1025.jpg 1536w, https:\/\/instytutpolski.pl\/budapest\/wp-content\/uploads\/sites\/21\/2026\/03\/21.jpg 2000w\" sizes=\"auto, (max-width: 1024px) 100vw, 1024px\" \/><\/figure>\n\n\n\n<figure class=\"wp-block-image size-large\"><img loading=\"lazy\" decoding=\"async\" width=\"1024\" height=\"683\" data-id=\"22068\" src=\"https:\/\/instytutpolski.pl\/budapest\/wp-content\/uploads\/sites\/21\/2026\/03\/29-1024x683.jpg\" alt=\"\" class=\"wp-image-22068\" srcset=\"https:\/\/instytutpolski.pl\/budapest\/wp-content\/uploads\/sites\/21\/2026\/03\/29-1024x683.jpg 1024w, https:\/\/instytutpolski.pl\/budapest\/wp-content\/uploads\/sites\/21\/2026\/03\/29-300x200.jpg 300w, https:\/\/instytutpolski.pl\/budapest\/wp-content\/uploads\/sites\/21\/2026\/03\/29-768x512.jpg 768w, https:\/\/instytutpolski.pl\/budapest\/wp-content\/uploads\/sites\/21\/2026\/03\/29-1536x1025.jpg 1536w, https:\/\/instytutpolski.pl\/budapest\/wp-content\/uploads\/sites\/21\/2026\/03\/29.jpg 2000w\" sizes=\"auto, (max-width: 1024px) 100vw, 1024px\" \/><\/figure>\n\n\n\n<figure class=\"wp-block-image size-large\"><img loading=\"lazy\" decoding=\"async\" width=\"1024\" height=\"683\" data-id=\"22065\" src=\"https:\/\/instytutpolski.pl\/budapest\/wp-content\/uploads\/sites\/21\/2026\/03\/30-1024x683.jpg\" alt=\"\" class=\"wp-image-22065\" srcset=\"https:\/\/instytutpolski.pl\/budapest\/wp-content\/uploads\/sites\/21\/2026\/03\/30-1024x683.jpg 1024w, https:\/\/instytutpolski.pl\/budapest\/wp-content\/uploads\/sites\/21\/2026\/03\/30-300x200.jpg 300w, https:\/\/instytutpolski.pl\/budapest\/wp-content\/uploads\/sites\/21\/2026\/03\/30-768x512.jpg 768w, https:\/\/instytutpolski.pl\/budapest\/wp-content\/uploads\/sites\/21\/2026\/03\/30-1536x1025.jpg 1536w, https:\/\/instytutpolski.pl\/budapest\/wp-content\/uploads\/sites\/21\/2026\/03\/30.jpg 2000w\" sizes=\"auto, (max-width: 1024px) 100vw, 1024px\" \/><\/figure>\n\n\n\n<figure class=\"wp-block-image size-large\"><img loading=\"lazy\" decoding=\"async\" width=\"1024\" height=\"683\" data-id=\"22066\" src=\"https:\/\/instytutpolski.pl\/budapest\/wp-content\/uploads\/sites\/21\/2026\/03\/43-1024x683.jpg\" alt=\"\" class=\"wp-image-22066\" srcset=\"https:\/\/instytutpolski.pl\/budapest\/wp-content\/uploads\/sites\/21\/2026\/03\/43-1024x683.jpg 1024w, https:\/\/instytutpolski.pl\/budapest\/wp-content\/uploads\/sites\/21\/2026\/03\/43-300x200.jpg 300w, https:\/\/instytutpolski.pl\/budapest\/wp-content\/uploads\/sites\/21\/2026\/03\/43-768x512.jpg 768w, https:\/\/instytutpolski.pl\/budapest\/wp-content\/uploads\/sites\/21\/2026\/03\/43-1536x1025.jpg 1536w, https:\/\/instytutpolski.pl\/budapest\/wp-content\/uploads\/sites\/21\/2026\/03\/43.jpg 2000w\" sizes=\"auto, (max-width: 1024px) 100vw, 1024px\" \/><\/figure>\n\n\n\n<figure class=\"wp-block-image size-large\"><img loading=\"lazy\" decoding=\"async\" width=\"1024\" height=\"683\" data-id=\"22064\" src=\"https:\/\/instytutpolski.pl\/budapest\/wp-content\/uploads\/sites\/21\/2026\/03\/44-1024x683.jpg\" alt=\"\" class=\"wp-image-22064\" srcset=\"https:\/\/instytutpolski.pl\/budapest\/wp-content\/uploads\/sites\/21\/2026\/03\/44-1024x683.jpg 1024w, https:\/\/instytutpolski.pl\/budapest\/wp-content\/uploads\/sites\/21\/2026\/03\/44-300x200.jpg 300w, https:\/\/instytutpolski.pl\/budapest\/wp-content\/uploads\/sites\/21\/2026\/03\/44-768x512.jpg 768w, https:\/\/instytutpolski.pl\/budapest\/wp-content\/uploads\/sites\/21\/2026\/03\/44-1536x1025.jpg 1536w, https:\/\/instytutpolski.pl\/budapest\/wp-content\/uploads\/sites\/21\/2026\/03\/44.jpg 2000w\" sizes=\"auto, (max-width: 1024px) 100vw, 1024px\" \/><\/figure>\n\n\n\n<figure class=\"wp-block-image size-large\"><img loading=\"lazy\" decoding=\"async\" width=\"1024\" height=\"683\" data-id=\"22070\" src=\"https:\/\/instytutpolski.pl\/budapest\/wp-content\/uploads\/sites\/21\/2026\/03\/50-1024x683.png\" alt=\"\" class=\"wp-image-22070\" srcset=\"https:\/\/instytutpolski.pl\/budapest\/wp-content\/uploads\/sites\/21\/2026\/03\/50-1024x683.png 1024w, https:\/\/instytutpolski.pl\/budapest\/wp-content\/uploads\/sites\/21\/2026\/03\/50-300x200.png 300w, https:\/\/instytutpolski.pl\/budapest\/wp-content\/uploads\/sites\/21\/2026\/03\/50-768x512.png 768w, https:\/\/instytutpolski.pl\/budapest\/wp-content\/uploads\/sites\/21\/2026\/03\/50.png 1536w\" sizes=\"auto, (max-width: 1024px) 100vw, 1024px\" \/><\/figure>\n\n\n\n<figure class=\"wp-block-image size-large\"><img loading=\"lazy\" decoding=\"async\" width=\"1024\" height=\"683\" data-id=\"22067\" src=\"https:\/\/instytutpolski.pl\/budapest\/wp-content\/uploads\/sites\/21\/2026\/03\/52-1024x683.jpg\" alt=\"\" class=\"wp-image-22067\" srcset=\"https:\/\/instytutpolski.pl\/budapest\/wp-content\/uploads\/sites\/21\/2026\/03\/52-1024x683.jpg 1024w, https:\/\/instytutpolski.pl\/budapest\/wp-content\/uploads\/sites\/21\/2026\/03\/52-300x200.jpg 300w, https:\/\/instytutpolski.pl\/budapest\/wp-content\/uploads\/sites\/21\/2026\/03\/52-768x512.jpg 768w, https:\/\/instytutpolski.pl\/budapest\/wp-content\/uploads\/sites\/21\/2026\/03\/52-1536x1025.jpg 1536w, https:\/\/instytutpolski.pl\/budapest\/wp-content\/uploads\/sites\/21\/2026\/03\/52.jpg 2000w\" sizes=\"auto, (max-width: 1024px) 100vw, 1024px\" \/><\/figure>\n<\/figure>\n\n\n\n<figure class=\"wp-block-gallery has-nested-images columns-default is-cropped wp-block-gallery-3 is-layout-flex wp-block-gallery-is-layout-flex\">\n<figure class=\"wp-block-image size-large\"><img loading=\"lazy\" decoding=\"async\" width=\"1024\" height=\"683\" data-id=\"22072\" src=\"https:\/\/instytutpolski.pl\/budapest\/wp-content\/uploads\/sites\/21\/2026\/03\/1-3-1024x683.jpg\" alt=\"\" class=\"wp-image-22072\" srcset=\"https:\/\/instytutpolski.pl\/budapest\/wp-content\/uploads\/sites\/21\/2026\/03\/1-3-1024x683.jpg 1024w, https:\/\/instytutpolski.pl\/budapest\/wp-content\/uploads\/sites\/21\/2026\/03\/1-3-300x200.jpg 300w, https:\/\/instytutpolski.pl\/budapest\/wp-content\/uploads\/sites\/21\/2026\/03\/1-3-768x512.jpg 768w, https:\/\/instytutpolski.pl\/budapest\/wp-content\/uploads\/sites\/21\/2026\/03\/1-3-1536x1025.jpg 1536w, https:\/\/instytutpolski.pl\/budapest\/wp-content\/uploads\/sites\/21\/2026\/03\/1-3.jpg 2000w\" sizes=\"auto, (max-width: 1024px) 100vw, 1024px\" \/><\/figure>\n\n\n\n<figure class=\"wp-block-image size-large\"><img loading=\"lazy\" decoding=\"async\" width=\"1024\" height=\"683\" data-id=\"22071\" src=\"https:\/\/instytutpolski.pl\/budapest\/wp-content\/uploads\/sites\/21\/2026\/03\/2-2-1024x683.jpg\" alt=\"\" class=\"wp-image-22071\" srcset=\"https:\/\/instytutpolski.pl\/budapest\/wp-content\/uploads\/sites\/21\/2026\/03\/2-2-1024x683.jpg 1024w, https:\/\/instytutpolski.pl\/budapest\/wp-content\/uploads\/sites\/21\/2026\/03\/2-2-300x200.jpg 300w, https:\/\/instytutpolski.pl\/budapest\/wp-content\/uploads\/sites\/21\/2026\/03\/2-2-768x512.jpg 768w, https:\/\/instytutpolski.pl\/budapest\/wp-content\/uploads\/sites\/21\/2026\/03\/2-2-1536x1025.jpg 1536w, https:\/\/instytutpolski.pl\/budapest\/wp-content\/uploads\/sites\/21\/2026\/03\/2-2.jpg 2000w\" sizes=\"auto, (max-width: 1024px) 100vw, 1024px\" \/><\/figure>\n\n\n\n<figure class=\"wp-block-image size-large\"><img loading=\"lazy\" decoding=\"async\" width=\"1024\" height=\"683\" data-id=\"22076\" src=\"https:\/\/instytutpolski.pl\/budapest\/wp-content\/uploads\/sites\/21\/2026\/03\/3-1-1024x683.jpg\" alt=\"\" class=\"wp-image-22076\" srcset=\"https:\/\/instytutpolski.pl\/budapest\/wp-content\/uploads\/sites\/21\/2026\/03\/3-1-1024x683.jpg 1024w, https:\/\/instytutpolski.pl\/budapest\/wp-content\/uploads\/sites\/21\/2026\/03\/3-1-300x200.jpg 300w, https:\/\/instytutpolski.pl\/budapest\/wp-content\/uploads\/sites\/21\/2026\/03\/3-1-768x512.jpg 768w, https:\/\/instytutpolski.pl\/budapest\/wp-content\/uploads\/sites\/21\/2026\/03\/3-1-1536x1025.jpg 1536w, https:\/\/instytutpolski.pl\/budapest\/wp-content\/uploads\/sites\/21\/2026\/03\/3-1.jpg 2000w\" sizes=\"auto, (max-width: 1024px) 100vw, 1024px\" \/><\/figure>\n\n\n\n<figure class=\"wp-block-image size-large\"><img loading=\"lazy\" decoding=\"async\" width=\"1024\" height=\"683\" data-id=\"22075\" src=\"https:\/\/instytutpolski.pl\/budapest\/wp-content\/uploads\/sites\/21\/2026\/03\/4-1024x683.jpg\" alt=\"\" class=\"wp-image-22075\" srcset=\"https:\/\/instytutpolski.pl\/budapest\/wp-content\/uploads\/sites\/21\/2026\/03\/4-1024x683.jpg 1024w, https:\/\/instytutpolski.pl\/budapest\/wp-content\/uploads\/sites\/21\/2026\/03\/4-300x200.jpg 300w, https:\/\/instytutpolski.pl\/budapest\/wp-content\/uploads\/sites\/21\/2026\/03\/4-768x512.jpg 768w, https:\/\/instytutpolski.pl\/budapest\/wp-content\/uploads\/sites\/21\/2026\/03\/4-1536x1025.jpg 1536w, https:\/\/instytutpolski.pl\/budapest\/wp-content\/uploads\/sites\/21\/2026\/03\/4.jpg 2000w\" sizes=\"auto, (max-width: 1024px) 100vw, 1024px\" \/><\/figure>\n\n\n\n<figure class=\"wp-block-image size-large\"><img loading=\"lazy\" decoding=\"async\" width=\"1024\" height=\"683\" data-id=\"22073\" src=\"https:\/\/instytutpolski.pl\/budapest\/wp-content\/uploads\/sites\/21\/2026\/03\/5-1024x683.jpg\" alt=\"\" class=\"wp-image-22073\" srcset=\"https:\/\/instytutpolski.pl\/budapest\/wp-content\/uploads\/sites\/21\/2026\/03\/5-1024x683.jpg 1024w, https:\/\/instytutpolski.pl\/budapest\/wp-content\/uploads\/sites\/21\/2026\/03\/5-300x200.jpg 300w, https:\/\/instytutpolski.pl\/budapest\/wp-content\/uploads\/sites\/21\/2026\/03\/5-768x512.jpg 768w, https:\/\/instytutpolski.pl\/budapest\/wp-content\/uploads\/sites\/21\/2026\/03\/5-1536x1025.jpg 1536w, https:\/\/instytutpolski.pl\/budapest\/wp-content\/uploads\/sites\/21\/2026\/03\/5.jpg 2000w\" sizes=\"auto, (max-width: 1024px) 100vw, 1024px\" \/><\/figure>\n\n\n\n<figure class=\"wp-block-image size-large\"><img loading=\"lazy\" decoding=\"async\" width=\"1024\" height=\"683\" data-id=\"22074\" src=\"https:\/\/instytutpolski.pl\/budapest\/wp-content\/uploads\/sites\/21\/2026\/03\/6-1-1024x683.jpg\" alt=\"\" class=\"wp-image-22074\" srcset=\"https:\/\/instytutpolski.pl\/budapest\/wp-content\/uploads\/sites\/21\/2026\/03\/6-1-1024x683.jpg 1024w, https:\/\/instytutpolski.pl\/budapest\/wp-content\/uploads\/sites\/21\/2026\/03\/6-1-300x200.jpg 300w, https:\/\/instytutpolski.pl\/budapest\/wp-content\/uploads\/sites\/21\/2026\/03\/6-1-768x512.jpg 768w, https:\/\/instytutpolski.pl\/budapest\/wp-content\/uploads\/sites\/21\/2026\/03\/6-1-1536x1025.jpg 1536w, https:\/\/instytutpolski.pl\/budapest\/wp-content\/uploads\/sites\/21\/2026\/03\/6-1.jpg 2000w\" sizes=\"auto, (max-width: 1024px) 100vw, 1024px\" \/><\/figure>\n<\/figure>\n\n\n\n<figure class=\"wp-block-gallery has-nested-images columns-default is-cropped wp-block-gallery-4 is-layout-flex wp-block-gallery-is-layout-flex\">\n<figure class=\"wp-block-image size-large\"><img loading=\"lazy\" decoding=\"async\" width=\"1024\" height=\"683\" data-id=\"22077\" src=\"https:\/\/instytutpolski.pl\/budapest\/wp-content\/uploads\/sites\/21\/2026\/03\/GEIns010-1024x683.jpg\" alt=\"\" class=\"wp-image-22077\" srcset=\"https:\/\/instytutpolski.pl\/budapest\/wp-content\/uploads\/sites\/21\/2026\/03\/GEIns010-1024x683.jpg 1024w, https:\/\/instytutpolski.pl\/budapest\/wp-content\/uploads\/sites\/21\/2026\/03\/GEIns010-300x200.jpg 300w, https:\/\/instytutpolski.pl\/budapest\/wp-content\/uploads\/sites\/21\/2026\/03\/GEIns010-768x512.jpg 768w, https:\/\/instytutpolski.pl\/budapest\/wp-content\/uploads\/sites\/21\/2026\/03\/GEIns010-1536x1025.jpg 1536w, https:\/\/instytutpolski.pl\/budapest\/wp-content\/uploads\/sites\/21\/2026\/03\/GEIns010.jpg 2000w\" sizes=\"auto, (max-width: 1024px) 100vw, 1024px\" \/><\/figure>\n\n\n\n<figure class=\"wp-block-image size-large\"><img loading=\"lazy\" decoding=\"async\" width=\"1024\" height=\"683\" data-id=\"22082\" src=\"https:\/\/instytutpolski.pl\/budapest\/wp-content\/uploads\/sites\/21\/2026\/03\/GEIns013-1024x683.jpg\" alt=\"\" class=\"wp-image-22082\" srcset=\"https:\/\/instytutpolski.pl\/budapest\/wp-content\/uploads\/sites\/21\/2026\/03\/GEIns013-1024x683.jpg 1024w, https:\/\/instytutpolski.pl\/budapest\/wp-content\/uploads\/sites\/21\/2026\/03\/GEIns013-300x200.jpg 300w, https:\/\/instytutpolski.pl\/budapest\/wp-content\/uploads\/sites\/21\/2026\/03\/GEIns013-768x512.jpg 768w, https:\/\/instytutpolski.pl\/budapest\/wp-content\/uploads\/sites\/21\/2026\/03\/GEIns013-1536x1025.jpg 1536w, https:\/\/instytutpolski.pl\/budapest\/wp-content\/uploads\/sites\/21\/2026\/03\/GEIns013.jpg 2000w\" sizes=\"auto, (max-width: 1024px) 100vw, 1024px\" \/><\/figure>\n\n\n\n<figure class=\"wp-block-image size-large\"><img loading=\"lazy\" decoding=\"async\" width=\"1024\" height=\"683\" data-id=\"22078\" src=\"https:\/\/instytutpolski.pl\/budapest\/wp-content\/uploads\/sites\/21\/2026\/03\/GEIns015-1024x683.jpg\" alt=\"\" class=\"wp-image-22078\" srcset=\"https:\/\/instytutpolski.pl\/budapest\/wp-content\/uploads\/sites\/21\/2026\/03\/GEIns015-1024x683.jpg 1024w, https:\/\/instytutpolski.pl\/budapest\/wp-content\/uploads\/sites\/21\/2026\/03\/GEIns015-300x200.jpg 300w, https:\/\/instytutpolski.pl\/budapest\/wp-content\/uploads\/sites\/21\/2026\/03\/GEIns015-768x512.jpg 768w, https:\/\/instytutpolski.pl\/budapest\/wp-content\/uploads\/sites\/21\/2026\/03\/GEIns015-1536x1025.jpg 1536w, https:\/\/instytutpolski.pl\/budapest\/wp-content\/uploads\/sites\/21\/2026\/03\/GEIns015.jpg 2000w\" sizes=\"auto, (max-width: 1024px) 100vw, 1024px\" \/><\/figure>\n\n\n\n<figure class=\"wp-block-image size-large\"><img loading=\"lazy\" decoding=\"async\" width=\"1024\" height=\"683\" data-id=\"22079\" src=\"https:\/\/instytutpolski.pl\/budapest\/wp-content\/uploads\/sites\/21\/2026\/03\/GEIns017-1024x683.jpg\" alt=\"\" class=\"wp-image-22079\" srcset=\"https:\/\/instytutpolski.pl\/budapest\/wp-content\/uploads\/sites\/21\/2026\/03\/GEIns017-1024x683.jpg 1024w, https:\/\/instytutpolski.pl\/budapest\/wp-content\/uploads\/sites\/21\/2026\/03\/GEIns017-300x200.jpg 300w, https:\/\/instytutpolski.pl\/budapest\/wp-content\/uploads\/sites\/21\/2026\/03\/GEIns017-768x512.jpg 768w, https:\/\/instytutpolski.pl\/budapest\/wp-content\/uploads\/sites\/21\/2026\/03\/GEIns017-1536x1025.jpg 1536w, https:\/\/instytutpolski.pl\/budapest\/wp-content\/uploads\/sites\/21\/2026\/03\/GEIns017.jpg 2000w\" sizes=\"auto, (max-width: 1024px) 100vw, 1024px\" \/><\/figure>\n\n\n\n<figure class=\"wp-block-image size-large\"><img loading=\"lazy\" decoding=\"async\" width=\"1024\" height=\"683\" data-id=\"22081\" src=\"https:\/\/instytutpolski.pl\/budapest\/wp-content\/uploads\/sites\/21\/2026\/03\/GEIns019-1024x683.jpg\" alt=\"\" class=\"wp-image-22081\" srcset=\"https:\/\/instytutpolski.pl\/budapest\/wp-content\/uploads\/sites\/21\/2026\/03\/GEIns019-1024x683.jpg 1024w, https:\/\/instytutpolski.pl\/budapest\/wp-content\/uploads\/sites\/21\/2026\/03\/GEIns019-300x200.jpg 300w, https:\/\/instytutpolski.pl\/budapest\/wp-content\/uploads\/sites\/21\/2026\/03\/GEIns019-768x512.jpg 768w, https:\/\/instytutpolski.pl\/budapest\/wp-content\/uploads\/sites\/21\/2026\/03\/GEIns019-1536x1025.jpg 1536w, https:\/\/instytutpolski.pl\/budapest\/wp-content\/uploads\/sites\/21\/2026\/03\/GEIns019.jpg 2000w\" sizes=\"auto, (max-width: 1024px) 100vw, 1024px\" \/><\/figure>\n\n\n\n<figure class=\"wp-block-image size-large\"><img loading=\"lazy\" decoding=\"async\" width=\"1024\" height=\"683\" data-id=\"22080\" src=\"https:\/\/instytutpolski.pl\/budapest\/wp-content\/uploads\/sites\/21\/2026\/03\/GEIns027-1024x683.jpg\" alt=\"\" class=\"wp-image-22080\" srcset=\"https:\/\/instytutpolski.pl\/budapest\/wp-content\/uploads\/sites\/21\/2026\/03\/GEIns027-1024x683.jpg 1024w, https:\/\/instytutpolski.pl\/budapest\/wp-content\/uploads\/sites\/21\/2026\/03\/GEIns027-300x200.jpg 300w, https:\/\/instytutpolski.pl\/budapest\/wp-content\/uploads\/sites\/21\/2026\/03\/GEIns027-768x512.jpg 768w, https:\/\/instytutpolski.pl\/budapest\/wp-content\/uploads\/sites\/21\/2026\/03\/GEIns027-1536x1025.jpg 1536w, https:\/\/instytutpolski.pl\/budapest\/wp-content\/uploads\/sites\/21\/2026\/03\/GEIns027.jpg 2000w\" sizes=\"auto, (max-width: 1024px) 100vw, 1024px\" \/><\/figure>\n<\/figure>\n\n\n\n<figure class=\"wp-block-gallery has-nested-images columns-default is-cropped wp-block-gallery-5 is-layout-flex wp-block-gallery-is-layout-flex\">\n<figure class=\"wp-block-image size-large\"><img loading=\"lazy\" decoding=\"async\" width=\"1024\" height=\"683\" data-id=\"22083\" src=\"https:\/\/instytutpolski.pl\/budapest\/wp-content\/uploads\/sites\/21\/2026\/03\/GEIns029-1024x683.jpg\" alt=\"\" class=\"wp-image-22083\" srcset=\"https:\/\/instytutpolski.pl\/budapest\/wp-content\/uploads\/sites\/21\/2026\/03\/GEIns029-1024x683.jpg 1024w, https:\/\/instytutpolski.pl\/budapest\/wp-content\/uploads\/sites\/21\/2026\/03\/GEIns029-300x200.jpg 300w, https:\/\/instytutpolski.pl\/budapest\/wp-content\/uploads\/sites\/21\/2026\/03\/GEIns029-768x512.jpg 768w, https:\/\/instytutpolski.pl\/budapest\/wp-content\/uploads\/sites\/21\/2026\/03\/GEIns029-1536x1025.jpg 1536w, https:\/\/instytutpolski.pl\/budapest\/wp-content\/uploads\/sites\/21\/2026\/03\/GEIns029.jpg 2000w\" sizes=\"auto, (max-width: 1024px) 100vw, 1024px\" \/><\/figure>\n\n\n\n<figure class=\"wp-block-image size-large\"><img loading=\"lazy\" decoding=\"async\" width=\"1024\" height=\"683\" data-id=\"22085\" src=\"https:\/\/instytutpolski.pl\/budapest\/wp-content\/uploads\/sites\/21\/2026\/03\/GEIns030-1024x683.jpg\" alt=\"\" class=\"wp-image-22085\" srcset=\"https:\/\/instytutpolski.pl\/budapest\/wp-content\/uploads\/sites\/21\/2026\/03\/GEIns030-1024x683.jpg 1024w, https:\/\/instytutpolski.pl\/budapest\/wp-content\/uploads\/sites\/21\/2026\/03\/GEIns030-300x200.jpg 300w, https:\/\/instytutpolski.pl\/budapest\/wp-content\/uploads\/sites\/21\/2026\/03\/GEIns030-768x512.jpg 768w, https:\/\/instytutpolski.pl\/budapest\/wp-content\/uploads\/sites\/21\/2026\/03\/GEIns030-1536x1025.jpg 1536w, https:\/\/instytutpolski.pl\/budapest\/wp-content\/uploads\/sites\/21\/2026\/03\/GEIns030.jpg 2000w\" sizes=\"auto, (max-width: 1024px) 100vw, 1024px\" \/><\/figure>\n\n\n\n<figure class=\"wp-block-image size-large\"><img loading=\"lazy\" decoding=\"async\" width=\"1024\" height=\"683\" data-id=\"22084\" src=\"https:\/\/instytutpolski.pl\/budapest\/wp-content\/uploads\/sites\/21\/2026\/03\/GEIns039-1024x683.jpg\" alt=\"\" class=\"wp-image-22084\" srcset=\"https:\/\/instytutpolski.pl\/budapest\/wp-content\/uploads\/sites\/21\/2026\/03\/GEIns039-1024x683.jpg 1024w, https:\/\/instytutpolski.pl\/budapest\/wp-content\/uploads\/sites\/21\/2026\/03\/GEIns039-300x200.jpg 300w, https:\/\/instytutpolski.pl\/budapest\/wp-content\/uploads\/sites\/21\/2026\/03\/GEIns039-768x512.jpg 768w, https:\/\/instytutpolski.pl\/budapest\/wp-content\/uploads\/sites\/21\/2026\/03\/GEIns039-1536x1025.jpg 1536w, https:\/\/instytutpolski.pl\/budapest\/wp-content\/uploads\/sites\/21\/2026\/03\/GEIns039.jpg 2000w\" sizes=\"auto, (max-width: 1024px) 100vw, 1024px\" \/><\/figure>\n\n\n\n<figure class=\"wp-block-image size-large\"><img loading=\"lazy\" decoding=\"async\" width=\"1024\" height=\"683\" data-id=\"22088\" src=\"https:\/\/instytutpolski.pl\/budapest\/wp-content\/uploads\/sites\/21\/2026\/03\/GEIns041-1024x683.jpg\" alt=\"\" class=\"wp-image-22088\" srcset=\"https:\/\/instytutpolski.pl\/budapest\/wp-content\/uploads\/sites\/21\/2026\/03\/GEIns041-1024x683.jpg 1024w, https:\/\/instytutpolski.pl\/budapest\/wp-content\/uploads\/sites\/21\/2026\/03\/GEIns041-300x200.jpg 300w, https:\/\/instytutpolski.pl\/budapest\/wp-content\/uploads\/sites\/21\/2026\/03\/GEIns041-768x512.jpg 768w, https:\/\/instytutpolski.pl\/budapest\/wp-content\/uploads\/sites\/21\/2026\/03\/GEIns041-1536x1025.jpg 1536w, https:\/\/instytutpolski.pl\/budapest\/wp-content\/uploads\/sites\/21\/2026\/03\/GEIns041.jpg 2000w\" sizes=\"auto, (max-width: 1024px) 100vw, 1024px\" \/><\/figure>\n\n\n\n<figure class=\"wp-block-image size-large\"><img loading=\"lazy\" decoding=\"async\" width=\"1024\" height=\"683\" data-id=\"22087\" src=\"https:\/\/instytutpolski.pl\/budapest\/wp-content\/uploads\/sites\/21\/2026\/03\/GEIns043-1024x683.jpg\" alt=\"\" class=\"wp-image-22087\" srcset=\"https:\/\/instytutpolski.pl\/budapest\/wp-content\/uploads\/sites\/21\/2026\/03\/GEIns043-1024x683.jpg 1024w, https:\/\/instytutpolski.pl\/budapest\/wp-content\/uploads\/sites\/21\/2026\/03\/GEIns043-300x200.jpg 300w, https:\/\/instytutpolski.pl\/budapest\/wp-content\/uploads\/sites\/21\/2026\/03\/GEIns043-768x512.jpg 768w, https:\/\/instytutpolski.pl\/budapest\/wp-content\/uploads\/sites\/21\/2026\/03\/GEIns043-1536x1025.jpg 1536w, https:\/\/instytutpolski.pl\/budapest\/wp-content\/uploads\/sites\/21\/2026\/03\/GEIns043.jpg 2000w\" sizes=\"auto, (max-width: 1024px) 100vw, 1024px\" \/><\/figure>\n\n\n\n<figure class=\"wp-block-image size-large\"><img loading=\"lazy\" decoding=\"async\" width=\"1024\" height=\"683\" data-id=\"22086\" src=\"https:\/\/instytutpolski.pl\/budapest\/wp-content\/uploads\/sites\/21\/2026\/03\/GEIns060-1024x683.jpg\" alt=\"\" class=\"wp-image-22086\" srcset=\"https:\/\/instytutpolski.pl\/budapest\/wp-content\/uploads\/sites\/21\/2026\/03\/GEIns060-1024x683.jpg 1024w, https:\/\/instytutpolski.pl\/budapest\/wp-content\/uploads\/sites\/21\/2026\/03\/GEIns060-300x200.jpg 300w, https:\/\/instytutpolski.pl\/budapest\/wp-content\/uploads\/sites\/21\/2026\/03\/GEIns060-768x512.jpg 768w, https:\/\/instytutpolski.pl\/budapest\/wp-content\/uploads\/sites\/21\/2026\/03\/GEIns060-1536x1025.jpg 1536w, https:\/\/instytutpolski.pl\/budapest\/wp-content\/uploads\/sites\/21\/2026\/03\/GEIns060.jpg 2000w\" sizes=\"auto, (max-width: 1024px) 100vw, 1024px\" \/><\/figure>\n<\/figure>\n","protected":false},"excerpt":{"rendered":"<p>Kamil Kukla \u201eGracious Epoch\u201d c\u00edm\u0171 ki\u00e1ll\u00edt\u00e1sa a 2022\u20132025 k\u00f6z\u00f6tt k\u00e9sz\u00fclt festm\u00e9nyeket mutatja be. A m\u0171v\u00e9sz leg\u00fajabb festm\u00e9nyei tov\u00e1bbfejlesztik kor\u00e1bbi projektjeiben megjelen\u0151 mot\u00edvumokat, mik\u00f6zben azokat egy\u00e9rtelm\u0171en s\u00f6t\u00e9tebb hangulatok fel\u00e9 terelik. Kukla festm\u00e9nyein organikus strukt\u00far\u00e1k, t\u00f6red\u00e9kes testek, k\u00f6v\u00fcletekre vagy biol\u00f3giai konglomer\u00e1tumokra eml\u00e9keztet\u0151 form\u00e1k, valamint a mindennapokb\u00f3l mer\u00edtett jelenetek jelennek meg, amelyek a fest\u00e9szeti \u00e1talakul\u00e1s hat\u00e1s\u00e1ra nyugtalan\u00edt\u00f3, szinte [&hellip;]<\/p>\n","protected":false},"author":223,"featured_media":21839,"comment_status":"open","ping_status":"open","sticky":false,"template":"","format":"standard","meta":{"inline_featured_image":false,"_monsterinsights_skip_tracking":false,"_monsterinsights_sitenote_active":false,"_monsterinsights_sitenote_note":"","_monsterinsights_sitenote_category":0,"footnotes":""},"categories":[78,169],"tags":[293],"class_list":["post-21838","post","type-post","status-publish","format-standard","has-post-thumbnail","hentry","category-exhibition","category-platan-galeria","tag-kiallitas"],"yoast_head":"<!-- This site is optimized with the Yoast SEO plugin v24.6 - https:\/\/yoast.com\/wordpress\/plugins\/seo\/ -->\n<title>Gracious Epoch - Kamil Kukla ki\u00e1ll\u00edt\u00e1sa a Plat\u00e1n Gal\u00e9ri\u00e1ban - Instytut Polski w Budapeszcie<\/title>\n<meta name=\"robots\" content=\"index, follow, max-snippet:-1, max-image-preview:large, max-video-preview:-1\" \/>\n<link rel=\"canonical\" href=\"https:\/\/instytutpolski.pl\/budapest\/2026\/03\/27\/gracious-epoch-kamil-kukla-kiallitasa-a-platan-galeriaban\/\" \/>\n<meta property=\"og:locale\" content=\"pl_PL\" \/>\n<meta property=\"og:type\" content=\"article\" \/>\n<meta property=\"og:title\" content=\"Gracious Epoch - Kamil Kukla ki\u00e1ll\u00edt\u00e1sa a Plat\u00e1n Gal\u00e9ri\u00e1ban - Instytut Polski w Budapeszcie\" \/>\n<meta property=\"og:description\" content=\"Kamil Kukla \u201eGracious Epoch\u201d c\u00edm\u0171 ki\u00e1ll\u00edt\u00e1sa a 2022\u20132025 k\u00f6z\u00f6tt k\u00e9sz\u00fclt festm\u00e9nyeket mutatja be. A m\u0171v\u00e9sz leg\u00fajabb festm\u00e9nyei tov\u00e1bbfejlesztik kor\u00e1bbi projektjeiben megjelen\u0151 mot\u00edvumokat, mik\u00f6zben azokat egy\u00e9rtelm\u0171en s\u00f6t\u00e9tebb hangulatok fel\u00e9 terelik. Kukla festm\u00e9nyein organikus strukt\u00far\u00e1k, t\u00f6red\u00e9kes testek, k\u00f6v\u00fcletekre vagy biol\u00f3giai konglomer\u00e1tumokra eml\u00e9keztet\u0151 form\u00e1k, valamint a mindennapokb\u00f3l mer\u00edtett jelenetek jelennek meg, amelyek a fest\u00e9szeti \u00e1talakul\u00e1s hat\u00e1s\u00e1ra nyugtalan\u00edt\u00f3, szinte [&hellip;]\" \/>\n<meta property=\"og:url\" content=\"https:\/\/instytutpolski.pl\/budapest\/2026\/03\/27\/gracious-epoch-kamil-kukla-kiallitasa-a-platan-galeriaban\/\" \/>\n<meta property=\"og:site_name\" content=\"Instytut Polski w Budapeszcie\" \/>\n<meta property=\"article:published_time\" content=\"2026-03-27T13:12:49+00:00\" \/>\n<meta property=\"article:modified_time\" content=\"2026-04-23T10:18:54+00:00\" \/>\n<meta property=\"og:image\" content=\"https:\/\/instytutpolski.pl\/budapest\/wp-content\/uploads\/sites\/21\/2026\/03\/Gracious_Epoch_Facebook.jpg\" \/>\n\t<meta property=\"og:image:width\" content=\"1920\" \/>\n\t<meta property=\"og:image:height\" content=\"1005\" \/>\n\t<meta property=\"og:image:type\" content=\"image\/jpeg\" \/>\n<meta name=\"author\" content=\"piarst\" \/>\n<meta name=\"twitter:card\" content=\"summary_large_image\" \/>\n<meta name=\"twitter:label1\" content=\"Napisane przez\" \/>\n\t<meta name=\"twitter:data1\" content=\"piarst\" \/>\n\t<meta name=\"twitter:label2\" content=\"Szacowany czas czytania\" \/>\n\t<meta name=\"twitter:data2\" content=\"9 minut\" \/>\n<script type=\"application\/ld+json\" class=\"yoast-schema-graph\">{\"@context\":\"https:\/\/schema.org\",\"@graph\":[{\"@type\":\"event\",\"@id\":\"https:\/\/instytutpolski.pl\/budapest\/2026\/03\/27\/gracious-epoch-kamil-kukla-kiallitasa-a-platan-galeriaban\/\",\"url\":\"https:\/\/instytutpolski.pl\/budapest\/2026\/03\/27\/gracious-epoch-kamil-kukla-kiallitasa-a-platan-galeriaban\/\",\"name\":\"Gracious Epoch - Kamil Kukla ki\u00e1ll\u00edt\u00e1sa a Plat\u00e1n Gal\u00e9ri\u00e1ban\",\"isPartOf\":{\"@id\":\"https:\/\/instytutpolski.pl\/budapest\/#website\"},\"primaryImageOfPage\":{\"@id\":\"https:\/\/instytutpolski.pl\/budapest\/2026\/03\/27\/gracious-epoch-kamil-kukla-kiallitasa-a-platan-galeriaban\/#primaryimage\"},\"image\":[\"https:\/\/instytutpolski.pl\/budapest\/wp-content\/uploads\/sites\/21\/2026\/03\/Gracious_Epoch_Facebook.jpg\",\"https:\/\/instytutpolski.pl\/budapest\/wp-content\/uploads\/sites\/21\/2026\/03\/Gracious_Epoch_Facebook-300x157.jpg\",\"https:\/\/instytutpolski.pl\/budapest\/wp-content\/uploads\/sites\/21\/2026\/03\/Gracious_Epoch_Facebook-1024x536.jpg\",\"https:\/\/instytutpolski.pl\/budapest\/wp-content\/uploads\/sites\/21\/2026\/03\/Gracious_Epoch_Facebook.jpg\"],\"thumbnailUrl\":\"https:\/\/instytutpolski.pl\/budapest\/wp-content\/uploads\/sites\/21\/2026\/03\/Gracious_Epoch_Facebook.jpg\",\"datePublished\":\"2026-03-27T13:12:49+02:00\",\"dateModified\":\"2026-04-23T10:18:54+02:00\",\"author\":{\"@id\":\"https:\/\/instytutpolski.pl\/budapest\/#\/schema\/person\/c94d17ce2a8bb6419dbb0d563ff13ab2\"},\"breadcrumb\":{\"@id\":\"https:\/\/instytutpolski.pl\/budapest\/2026\/03\/27\/gracious-epoch-kamil-kukla-kiallitasa-a-platan-galeriaban\/#breadcrumb\"},\"inLanguage\":\"pl-PL\",\"potentialAction\":[{\"@type\":\"ReadAction\",\"target\":[\"https:\/\/instytutpolski.pl\/budapest\/2026\/03\/27\/gracious-epoch-kamil-kukla-kiallitasa-a-platan-galeriaban\/\"]}],\"@context\":\"https:\/\/schema.org\",\"startDate\":\"2026-03-26\",\"endDate\":\"2026-05-22\",\"eventStatus\":\"EventScheduled\",\"eventAttendanceMode\":\"OfflineEventAttendanceMode\",\"location\":{\"@type\":\"place\",\"name\":\"\",\"address\":\"\",\"geo\":{\"@type\":\"GeoCoordinates\",\"latitude\":\"\",\"longitude\":\"\"}},\"description\":\"Kamil Kukla \u201eGracious Epoch\u201d c\u00edm\u0171 ki\u00e1ll\u00edt\u00e1sa a 2022\u20132025 k\u00f6z\u00f6tt k\u00e9sz\u00fclt festm\u00e9nyeket mutatja be. A m\u0171v\u00e9sz leg\u00fajabb festm\u00e9nyei tov\u00e1bbfejlesztik kor\u00e1bbi projektjeiben megjelen\u0151 mot\u00edvumokat, mik\u00f6zben azokat egy\u00e9rtelm\u0171en s\u00f6t\u00e9tebb hangulatok fel\u00e9 terelik. Kukla festm\u00e9nyein organikus strukt\u00far\u00e1k, t\u00f6red\u00e9kes testek, k\u00f6v\u00fcletekre vagy biol\u00f3giai konglomer\u00e1tumokra eml\u00e9keztet\u0151 form\u00e1k, valamint a mindennapokb\u00f3l mer\u00edtett jelenetek jelennek meg, amelyek a fest\u00e9szeti \u00e1talakul\u00e1s hat\u00e1s\u00e1ra nyugtalan\u00edt\u00f3, szinte hallucin\u00e1ci\u00f3s jelleget nyernek.\\nA ki\u00e1ll\u00edt\u00e1s c\u00edme egy\u00e9rtelm\u0171 ir\u00f3ni\u00e1t hordoz mag\u00e1ban. A \u201eKegyes Korszak\u201d olyan fogalom, amely az \u00e9let fejl\u0151d\u00e9s\u00e9hez kedvez\u0151 k\u00f6r\u00fclm\u00e9nyek id\u0151szak\u00e1ra utal, \u00e9s a mai kontextusban keser\u0171 diagn\u00f3zisnak t\u0171nik. A kl\u00edmav\u00e1ls\u00e1g, az ukrajnai h\u00e1bor\u00fa, a politikai \u00e9s migr\u00e1ci\u00f3s fesz\u00fclts\u00e9gek k\u00e9pezik a keletkez\u0151 k\u00e9pek h\u00e1tter\u00e9t, b\u00e1r ezek nem jelennek meg benn\u00fck k\u00f6zvetlen\u00fcl. A m\u0171v\u00e9sz a fest\u00e9szetet bels\u0151 \u00e1llapotok r\u00f6gz\u00edt\u00e9s\u00e9nek tekinti: el\u0151\u00e9rzetek, \u00e1lmok \u00e9s l\u00e1tom\u00e1sok, amelyek a mag\u00e1n- \u00e9s a kollekt\u00edv tapasztalatok tal\u00e1lkoz\u00e1s\u00e1n\u00e1l jelennek meg.\\nM\u0171v\u00e9szet\u00e9re jellemz\u0151 a konkr\u00e9t mot\u00edvumb\u00f3l sz\u00fclet\u0151 k\u00e9pek \u00e9s a puszta improviz\u00e1ci\u00f3 sor\u00e1n l\u00e9trej\u00f6v\u0151 k\u00e9pek k\u00f6z\u00f6tti fesz\u00fclts\u00e9g. Munk\u00e1inak egy r\u00e9sze f\u00e9nyk\u00e9pekb\u0151l, reprodukci\u00f3kb\u00f3l vagy m\u00fazeumokban tal\u00e1lt festm\u00e9nyr\u00e9szletekb\u0151l mer\u00edt ihletet. M\u00e1s k\u00e9pek spont\u00e1n alakulnak ki, egyetlen sz\u00ednfoltb\u00f3l vagy gesztusb\u00f3l. Ilyen pillanatokban a fest\u00e9szet szinte biol\u00f3giai folyamatt\u00e1 v\u00e1lik: a forma n\u00f6vekszik, el\u00e1gazik \u00e9s mut\u00e1l\u00f3dik, \u00e9s a v\u00e9letlen ugyanolyan fontos szerepet j\u00e1tszik, mint a m\u0171v\u00e9sz tudatos d\u00f6nt\u00e9se.\\nA \u201eGracious Epoch\u201d teh\u00e1t a jelenlegi t\u00f6rt\u00e9nelmi pillanat t\u00f6r\u00e9kenys\u00e9g\u00e9r\u0151l sz\u00f3l\u00f3 elm\u00e9lked\u00e9sk\u00e9nt is \u00e9rtelmezhet\u0151. Kukla t\u00e1voli geol\u00f3giai \u00e9s biol\u00f3giai korszakokat id\u00e9z fel, eml\u00e9keztetve arra, hogy a F\u00f6ld\u00f6n az \u00e9let t\u00f6rt\u00e9nete v\u00e9letlenek, katasztr\u00f3f\u00e1k \u00e9s v\u00e1ratlan fordulatok sorozata. Ebben a f\u00e9nyben a jelen \u00fagy t\u0171nik, mint egy pillanat, amely a m\u00e9g l\u00e9tez\u0151 lehet\u0151s\u00e9gek ablaka \u00e9s annak hamarosan bek\u00f6vetkez\u0151 bez\u00e1r\u00f3d\u00e1s\u00e1nak el\u0151\u00e9rzete k\u00f6z\u00f6tt lebeg.\"},{\"@type\":\"ImageObject\",\"inLanguage\":\"pl-PL\",\"@id\":\"https:\/\/instytutpolski.pl\/budapest\/2026\/03\/27\/gracious-epoch-kamil-kukla-kiallitasa-a-platan-galeriaban\/#primaryimage\",\"url\":\"https:\/\/instytutpolski.pl\/budapest\/wp-content\/uploads\/sites\/21\/2026\/03\/Gracious_Epoch_Facebook.jpg\",\"contentUrl\":\"https:\/\/instytutpolski.pl\/budapest\/wp-content\/uploads\/sites\/21\/2026\/03\/Gracious_Epoch_Facebook.jpg\",\"width\":1920,\"height\":1005},{\"@type\":\"BreadcrumbList\",\"@id\":\"https:\/\/instytutpolski.pl\/budapest\/2026\/03\/27\/gracious-epoch-kamil-kukla-kiallitasa-a-platan-galeriaban\/#breadcrumb\",\"itemListElement\":[{\"@type\":\"ListItem\",\"position\":1,\"name\":\"Home\",\"item\":\"https:\/\/instytutpolski.pl\/budapest\/\"},{\"@type\":\"ListItem\",\"position\":2,\"name\":\"Gracious Epoch &#8211; Kamil Kukla ki\u00e1ll\u00edt\u00e1sa a Plat\u00e1n Gal\u00e9ri\u00e1ban\"}]},{\"@type\":\"WebSite\",\"@id\":\"https:\/\/instytutpolski.pl\/budapest\/#website\",\"url\":\"https:\/\/instytutpolski.pl\/budapest\/\",\"name\":\"Instytut Polski w Budapeszcie\",\"description\":\"Instytuty Polskie\",\"potentialAction\":[{\"@type\":\"SearchAction\",\"target\":{\"@type\":\"EntryPoint\",\"urlTemplate\":\"https:\/\/instytutpolski.pl\/budapest\/?s={search_term_string}\"},\"query-input\":{\"@type\":\"PropertyValueSpecification\",\"valueRequired\":true,\"valueName\":\"search_term_string\"}}],\"inLanguage\":\"pl-PL\"},{\"@type\":\"Person\",\"@id\":\"https:\/\/instytutpolski.pl\/budapest\/#\/schema\/person\/c94d17ce2a8bb6419dbb0d563ff13ab2\",\"name\":\"piarst\",\"image\":{\"@type\":\"ImageObject\",\"inLanguage\":\"pl-PL\",\"@id\":\"https:\/\/instytutpolski.pl\/budapest\/#\/schema\/person\/image\/\",\"url\":\"https:\/\/secure.gravatar.com\/avatar\/a549d2a2a3b1d067fb08d50c180ade98?s=96&d=mm&r=g\",\"contentUrl\":\"https:\/\/secure.gravatar.com\/avatar\/a549d2a2a3b1d067fb08d50c180ade98?s=96&d=mm&r=g\",\"caption\":\"piarst\"},\"url\":\"https:\/\/instytutpolski.pl\/budapest\/author\/piarst\/\"}]}<\/script>\n<!-- \/ Yoast SEO plugin. -->","yoast_head_json":{"title":"Gracious Epoch - Kamil Kukla ki\u00e1ll\u00edt\u00e1sa a Plat\u00e1n Gal\u00e9ri\u00e1ban - Instytut Polski w Budapeszcie","robots":{"index":"index","follow":"follow","max-snippet":"max-snippet:-1","max-image-preview":"max-image-preview:large","max-video-preview":"max-video-preview:-1"},"canonical":"https:\/\/instytutpolski.pl\/budapest\/2026\/03\/27\/gracious-epoch-kamil-kukla-kiallitasa-a-platan-galeriaban\/","og_locale":"pl_PL","og_type":"article","og_title":"Gracious Epoch - Kamil Kukla ki\u00e1ll\u00edt\u00e1sa a Plat\u00e1n Gal\u00e9ri\u00e1ban - Instytut Polski w Budapeszcie","og_description":"Kamil Kukla \u201eGracious Epoch\u201d c\u00edm\u0171 ki\u00e1ll\u00edt\u00e1sa a 2022\u20132025 k\u00f6z\u00f6tt k\u00e9sz\u00fclt festm\u00e9nyeket mutatja be. A m\u0171v\u00e9sz leg\u00fajabb festm\u00e9nyei tov\u00e1bbfejlesztik kor\u00e1bbi projektjeiben megjelen\u0151 mot\u00edvumokat, mik\u00f6zben azokat egy\u00e9rtelm\u0171en s\u00f6t\u00e9tebb hangulatok fel\u00e9 terelik. Kukla festm\u00e9nyein organikus strukt\u00far\u00e1k, t\u00f6red\u00e9kes testek, k\u00f6v\u00fcletekre vagy biol\u00f3giai konglomer\u00e1tumokra eml\u00e9keztet\u0151 form\u00e1k, valamint a mindennapokb\u00f3l mer\u00edtett jelenetek jelennek meg, amelyek a fest\u00e9szeti \u00e1talakul\u00e1s hat\u00e1s\u00e1ra nyugtalan\u00edt\u00f3, szinte [&hellip;]","og_url":"https:\/\/instytutpolski.pl\/budapest\/2026\/03\/27\/gracious-epoch-kamil-kukla-kiallitasa-a-platan-galeriaban\/","og_site_name":"Instytut Polski w Budapeszcie","article_published_time":"2026-03-27T13:12:49+00:00","article_modified_time":"2026-04-23T10:18:54+00:00","og_image":[{"width":1920,"height":1005,"url":"https:\/\/instytutpolski.pl\/budapest\/wp-content\/uploads\/sites\/21\/2026\/03\/Gracious_Epoch_Facebook.jpg","type":"image\/jpeg"}],"author":"piarst","twitter_card":"summary_large_image","twitter_misc":{"Napisane przez":"piarst","Szacowany czas czytania":"9 minut"},"schema":{"@context":"https:\/\/schema.org","@graph":[{"@type":"event","@id":"https:\/\/instytutpolski.pl\/budapest\/2026\/03\/27\/gracious-epoch-kamil-kukla-kiallitasa-a-platan-galeriaban\/","url":"https:\/\/instytutpolski.pl\/budapest\/2026\/03\/27\/gracious-epoch-kamil-kukla-kiallitasa-a-platan-galeriaban\/","name":"Gracious Epoch - Kamil Kukla ki\u00e1ll\u00edt\u00e1sa a Plat\u00e1n Gal\u00e9ri\u00e1ban","isPartOf":{"@id":"https:\/\/instytutpolski.pl\/budapest\/#website"},"primaryImageOfPage":{"@id":"https:\/\/instytutpolski.pl\/budapest\/2026\/03\/27\/gracious-epoch-kamil-kukla-kiallitasa-a-platan-galeriaban\/#primaryimage"},"image":["https:\/\/instytutpolski.pl\/budapest\/wp-content\/uploads\/sites\/21\/2026\/03\/Gracious_Epoch_Facebook.jpg","https:\/\/instytutpolski.pl\/budapest\/wp-content\/uploads\/sites\/21\/2026\/03\/Gracious_Epoch_Facebook-300x157.jpg","https:\/\/instytutpolski.pl\/budapest\/wp-content\/uploads\/sites\/21\/2026\/03\/Gracious_Epoch_Facebook-1024x536.jpg","https:\/\/instytutpolski.pl\/budapest\/wp-content\/uploads\/sites\/21\/2026\/03\/Gracious_Epoch_Facebook.jpg"],"thumbnailUrl":"https:\/\/instytutpolski.pl\/budapest\/wp-content\/uploads\/sites\/21\/2026\/03\/Gracious_Epoch_Facebook.jpg","datePublished":"2026-03-27T13:12:49+02:00","dateModified":"2026-04-23T10:18:54+02:00","author":{"@id":"https:\/\/instytutpolski.pl\/budapest\/#\/schema\/person\/c94d17ce2a8bb6419dbb0d563ff13ab2"},"breadcrumb":{"@id":"https:\/\/instytutpolski.pl\/budapest\/2026\/03\/27\/gracious-epoch-kamil-kukla-kiallitasa-a-platan-galeriaban\/#breadcrumb"},"inLanguage":"pl-PL","potentialAction":[{"@type":"ReadAction","target":["https:\/\/instytutpolski.pl\/budapest\/2026\/03\/27\/gracious-epoch-kamil-kukla-kiallitasa-a-platan-galeriaban\/"]}],"@context":"https:\/\/schema.org","startDate":"2026-03-26","endDate":"2026-05-22","eventStatus":"EventScheduled","eventAttendanceMode":"OfflineEventAttendanceMode","location":{"@type":"place","name":"","address":"","geo":{"@type":"GeoCoordinates","latitude":"","longitude":""}},"description":"Kamil Kukla \u201eGracious Epoch\u201d c\u00edm\u0171 ki\u00e1ll\u00edt\u00e1sa a 2022\u20132025 k\u00f6z\u00f6tt k\u00e9sz\u00fclt festm\u00e9nyeket mutatja be. A m\u0171v\u00e9sz leg\u00fajabb festm\u00e9nyei tov\u00e1bbfejlesztik kor\u00e1bbi projektjeiben megjelen\u0151 mot\u00edvumokat, mik\u00f6zben azokat egy\u00e9rtelm\u0171en s\u00f6t\u00e9tebb hangulatok fel\u00e9 terelik. Kukla festm\u00e9nyein organikus strukt\u00far\u00e1k, t\u00f6red\u00e9kes testek, k\u00f6v\u00fcletekre vagy biol\u00f3giai konglomer\u00e1tumokra eml\u00e9keztet\u0151 form\u00e1k, valamint a mindennapokb\u00f3l mer\u00edtett jelenetek jelennek meg, amelyek a fest\u00e9szeti \u00e1talakul\u00e1s hat\u00e1s\u00e1ra nyugtalan\u00edt\u00f3, szinte hallucin\u00e1ci\u00f3s jelleget nyernek.\nA ki\u00e1ll\u00edt\u00e1s c\u00edme egy\u00e9rtelm\u0171 ir\u00f3ni\u00e1t hordoz mag\u00e1ban. A \u201eKegyes Korszak\u201d olyan fogalom, amely az \u00e9let fejl\u0151d\u00e9s\u00e9hez kedvez\u0151 k\u00f6r\u00fclm\u00e9nyek id\u0151szak\u00e1ra utal, \u00e9s a mai kontextusban keser\u0171 diagn\u00f3zisnak t\u0171nik. A kl\u00edmav\u00e1ls\u00e1g, az ukrajnai h\u00e1bor\u00fa, a politikai \u00e9s migr\u00e1ci\u00f3s fesz\u00fclts\u00e9gek k\u00e9pezik a keletkez\u0151 k\u00e9pek h\u00e1tter\u00e9t, b\u00e1r ezek nem jelennek meg benn\u00fck k\u00f6zvetlen\u00fcl. A m\u0171v\u00e9sz a fest\u00e9szetet bels\u0151 \u00e1llapotok r\u00f6gz\u00edt\u00e9s\u00e9nek tekinti: el\u0151\u00e9rzetek, \u00e1lmok \u00e9s l\u00e1tom\u00e1sok, amelyek a mag\u00e1n- \u00e9s a kollekt\u00edv tapasztalatok tal\u00e1lkoz\u00e1s\u00e1n\u00e1l jelennek meg.\nM\u0171v\u00e9szet\u00e9re jellemz\u0151 a konkr\u00e9t mot\u00edvumb\u00f3l sz\u00fclet\u0151 k\u00e9pek \u00e9s a puszta improviz\u00e1ci\u00f3 sor\u00e1n l\u00e9trej\u00f6v\u0151 k\u00e9pek k\u00f6z\u00f6tti fesz\u00fclts\u00e9g. Munk\u00e1inak egy r\u00e9sze f\u00e9nyk\u00e9pekb\u0151l, reprodukci\u00f3kb\u00f3l vagy m\u00fazeumokban tal\u00e1lt festm\u00e9nyr\u00e9szletekb\u0151l mer\u00edt ihletet. M\u00e1s k\u00e9pek spont\u00e1n alakulnak ki, egyetlen sz\u00ednfoltb\u00f3l vagy gesztusb\u00f3l. Ilyen pillanatokban a fest\u00e9szet szinte biol\u00f3giai folyamatt\u00e1 v\u00e1lik: a forma n\u00f6vekszik, el\u00e1gazik \u00e9s mut\u00e1l\u00f3dik, \u00e9s a v\u00e9letlen ugyanolyan fontos szerepet j\u00e1tszik, mint a m\u0171v\u00e9sz tudatos d\u00f6nt\u00e9se.\nA \u201eGracious Epoch\u201d teh\u00e1t a jelenlegi t\u00f6rt\u00e9nelmi pillanat t\u00f6r\u00e9kenys\u00e9g\u00e9r\u0151l sz\u00f3l\u00f3 elm\u00e9lked\u00e9sk\u00e9nt is \u00e9rtelmezhet\u0151. Kukla t\u00e1voli geol\u00f3giai \u00e9s biol\u00f3giai korszakokat id\u00e9z fel, eml\u00e9keztetve arra, hogy a F\u00f6ld\u00f6n az \u00e9let t\u00f6rt\u00e9nete v\u00e9letlenek, katasztr\u00f3f\u00e1k \u00e9s v\u00e1ratlan fordulatok sorozata. Ebben a f\u00e9nyben a jelen \u00fagy t\u0171nik, mint egy pillanat, amely a m\u00e9g l\u00e9tez\u0151 lehet\u0151s\u00e9gek ablaka \u00e9s annak hamarosan bek\u00f6vetkez\u0151 bez\u00e1r\u00f3d\u00e1s\u00e1nak el\u0151\u00e9rzete k\u00f6z\u00f6tt lebeg."},{"@type":"ImageObject","inLanguage":"pl-PL","@id":"https:\/\/instytutpolski.pl\/budapest\/2026\/03\/27\/gracious-epoch-kamil-kukla-kiallitasa-a-platan-galeriaban\/#primaryimage","url":"https:\/\/instytutpolski.pl\/budapest\/wp-content\/uploads\/sites\/21\/2026\/03\/Gracious_Epoch_Facebook.jpg","contentUrl":"https:\/\/instytutpolski.pl\/budapest\/wp-content\/uploads\/sites\/21\/2026\/03\/Gracious_Epoch_Facebook.jpg","width":1920,"height":1005},{"@type":"BreadcrumbList","@id":"https:\/\/instytutpolski.pl\/budapest\/2026\/03\/27\/gracious-epoch-kamil-kukla-kiallitasa-a-platan-galeriaban\/#breadcrumb","itemListElement":[{"@type":"ListItem","position":1,"name":"Home","item":"https:\/\/instytutpolski.pl\/budapest\/"},{"@type":"ListItem","position":2,"name":"Gracious Epoch &#8211; Kamil Kukla ki\u00e1ll\u00edt\u00e1sa a Plat\u00e1n Gal\u00e9ri\u00e1ban"}]},{"@type":"WebSite","@id":"https:\/\/instytutpolski.pl\/budapest\/#website","url":"https:\/\/instytutpolski.pl\/budapest\/","name":"Instytut Polski w Budapeszcie","description":"Instytuty Polskie","potentialAction":[{"@type":"SearchAction","target":{"@type":"EntryPoint","urlTemplate":"https:\/\/instytutpolski.pl\/budapest\/?s={search_term_string}"},"query-input":{"@type":"PropertyValueSpecification","valueRequired":true,"valueName":"search_term_string"}}],"inLanguage":"pl-PL"},{"@type":"Person","@id":"https:\/\/instytutpolski.pl\/budapest\/#\/schema\/person\/c94d17ce2a8bb6419dbb0d563ff13ab2","name":"piarst","image":{"@type":"ImageObject","inLanguage":"pl-PL","@id":"https:\/\/instytutpolski.pl\/budapest\/#\/schema\/person\/image\/","url":"https:\/\/secure.gravatar.com\/avatar\/a549d2a2a3b1d067fb08d50c180ade98?s=96&d=mm&r=g","contentUrl":"https:\/\/secure.gravatar.com\/avatar\/a549d2a2a3b1d067fb08d50c180ade98?s=96&d=mm&r=g","caption":"piarst"},"url":"https:\/\/instytutpolski.pl\/budapest\/author\/piarst\/"}]}},"_links":{"self":[{"href":"https:\/\/instytutpolski.pl\/budapest\/wp-json\/wp\/v2\/posts\/21838","targetHints":{"allow":["GET"]}}],"collection":[{"href":"https:\/\/instytutpolski.pl\/budapest\/wp-json\/wp\/v2\/posts"}],"about":[{"href":"https:\/\/instytutpolski.pl\/budapest\/wp-json\/wp\/v2\/types\/post"}],"author":[{"embeddable":true,"href":"https:\/\/instytutpolski.pl\/budapest\/wp-json\/wp\/v2\/users\/223"}],"replies":[{"embeddable":true,"href":"https:\/\/instytutpolski.pl\/budapest\/wp-json\/wp\/v2\/comments?post=21838"}],"version-history":[{"count":2,"href":"https:\/\/instytutpolski.pl\/budapest\/wp-json\/wp\/v2\/posts\/21838\/revisions"}],"predecessor-version":[{"id":22089,"href":"https:\/\/instytutpolski.pl\/budapest\/wp-json\/wp\/v2\/posts\/21838\/revisions\/22089"}],"wp:featuredmedia":[{"embeddable":true,"href":"https:\/\/instytutpolski.pl\/budapest\/wp-json\/wp\/v2\/media\/21839"}],"wp:attachment":[{"href":"https:\/\/instytutpolski.pl\/budapest\/wp-json\/wp\/v2\/media?parent=21838"}],"wp:term":[{"taxonomy":"category","embeddable":true,"href":"https:\/\/instytutpolski.pl\/budapest\/wp-json\/wp\/v2\/categories?post=21838"},{"taxonomy":"post_tag","embeddable":true,"href":"https:\/\/instytutpolski.pl\/budapest\/wp-json\/wp\/v2\/tags?post=21838"}],"curies":[{"name":"wp","href":"https:\/\/api.w.org\/{rel}","templated":true}]}}