{"id":21841,"date":"2026-03-27T14:12:49","date_gmt":"2026-03-27T13:12:49","guid":{"rendered":"https:\/\/instytutpolski.pl\/budapest\/?p=21841"},"modified":"2026-03-27T14:16:26","modified_gmt":"2026-03-27T13:16:26","slug":"gracious-epoch-wystawa-kamila-kukli-w-galerii-platan","status":"publish","type":"post","link":"https:\/\/instytutpolski.pl\/budapest\/pl\/2026\/03\/27\/gracious-epoch-wystawa-kamila-kukli-w-galerii-platan\/","title":{"rendered":"Gracious Epoch &#8211; wystawa Kamila Kukli w Galerii Platan"},"content":{"rendered":"\n<figure class=\"wp-block-image size-large\"><img loading=\"lazy\" decoding=\"async\" width=\"1024\" height=\"536\" src=\"https:\/\/instytutpolski.pl\/budapest\/wp-content\/uploads\/sites\/21\/2026\/03\/Gracious_Epoch_Facebook-1-1024x536.jpg\" alt=\"\" class=\"wp-image-21842\" srcset=\"https:\/\/instytutpolski.pl\/budapest\/wp-content\/uploads\/sites\/21\/2026\/03\/Gracious_Epoch_Facebook-1-1024x536.jpg 1024w, https:\/\/instytutpolski.pl\/budapest\/wp-content\/uploads\/sites\/21\/2026\/03\/Gracious_Epoch_Facebook-1-300x157.jpg 300w, https:\/\/instytutpolski.pl\/budapest\/wp-content\/uploads\/sites\/21\/2026\/03\/Gracious_Epoch_Facebook-1-768x402.jpg 768w, https:\/\/instytutpolski.pl\/budapest\/wp-content\/uploads\/sites\/21\/2026\/03\/Gracious_Epoch_Facebook-1-1536x804.jpg 1536w, https:\/\/instytutpolski.pl\/budapest\/wp-content\/uploads\/sites\/21\/2026\/03\/Gracious_Epoch_Facebook-1.jpg 1920w\" sizes=\"auto, (max-width: 1024px) 100vw, 1024px\" \/><\/figure>\n\n\n\n<p>Wystawa Kamila Kukli zatytu\u0142owana \u201eGracious Epoch\u201d prezentuje obrazy powsta\u0142e w latach 2022\u20132025. Najnowsze malarstwo artysty rozwija w\u0105tki obecne w jego wcze\u015bniejszych projektach, jednocze\u015bnie przesuwaj\u0105c je w wyra\u017anie mroczniejsze rejony. W obrazach Kukli pojawiaj\u0105 si\u0119 organiczne struktury, fragmentaryczne cia\u0142a, formy przypominaj\u0105ce skamienia\u0142o\u015bci lub biologiczne konglomeraty, a tak\u017ce sceny zaczerpni\u0119te z codzienno\u015bci, kt\u00f3re pod wp\u0142ywem malarskiej transformacji nabieraj\u0105 niepokoj\u0105cego, niemal halucynacyjnego charakteru.<\/p>\n\n\n\n<p>Tytu\u0142 wystawy niesie w sobie wyra\u017an\u0105 ironi\u0119. \u201e\u0141askawa epoka\u201d to poj\u0119cie przywo\u0142uj\u0105ce moment sprzyjaj\u0105cych warunk\u00f3w dla rozwoju \u017cycia, kt\u00f3ry w kontek\u015bcie wsp\u00f3\u0142czesno\u015bci brzmi jak gorzka diagnoza. Kryzys klimatyczny, wojna w Ukrainie, napi\u0119cia polityczne czy migracyjne stanowi\u0105 t\u0142o dla powstaj\u0105cych obraz\u00f3w, cho\u0107 nie pojawiaj\u0105 si\u0119 w nich wprost. Artysta traktuje malarstwo jako zapis stan\u00f3w wewn\u0119trznych: przeczu\u0107, sn\u00f3w i wizji, kt\u00f3re pojawiaj\u0105 si\u0119 na styku do\u015bwiadczenia prywatnego i zbiorowego.<\/p>\n\n\n\n<p>Charakterystyczne dla jego praktyki jest napi\u0119cie pomi\u0119dzy obrazami powstaj\u0105cymi z konkretnego motywu a tymi, kt\u00f3re rodz\u0105 si\u0119 w procesie czystej improwizacji. Cz\u0119\u015b\u0107 prac ma swoje \u017ar\u00f3d\u0142o w fotografiach, reprodukcjach czy fragmentach obraz\u00f3w znalezionych w muzeach. Inne obrazy rozwijaj\u0105 si\u0119 spontanicznie, z pojedynczej plamy koloru lub gestu. W takich momentach malarstwo staje si\u0119 procesem niemal biologicznym: forma narasta, rozga\u0142\u0119zia si\u0119 i mutuje, a przypadek odgrywa r\u00f3wnie istotn\u0105 rol\u0119 jak \u015bwiadoma decyzja artysty.<\/p>\n\n\n\n<p>\u201eGracious Epoch\u201d mo\u017cna wi\u0119c czyta\u0107 jako refleksj\u0119 nad krucho\u015bci\u0105 momentu historycznego, w kt\u00f3rym si\u0119 znajdujemy. Kukla przywo\u0142uje odleg\u0142e epoki geologiczne i biologiczne, przypominaj\u0105c, \u017ce historia \u017cycia na Ziemi jest seri\u0105 przypadk\u00f3w, katastrof i nieoczekiwanych zwrot\u00f3w. W tym \u015bwietle wsp\u00f3\u0142czesno\u015b\u0107 jawi si\u0119 jako chwila zawieszona pomi\u0119dzy jeszcze istniej\u0105cym oknem mo\u017cliwo\u015bci a przeczuciem jego rych\u0142ego zamkni\u0119cia.<\/p>\n","protected":false},"excerpt":{"rendered":"<p>Wystawa Kamila Kukli zatytu\u0142owana \u201eGracious Epoch\u201d prezentuje obrazy powsta\u0142e w latach 2022\u20132025. Najnowsze malarstwo artysty rozwija w\u0105tki obecne w jego wcze\u015bniejszych projektach, jednocze\u015bnie przesuwaj\u0105c je w wyra\u017anie mroczniejsze rejony. W obrazach Kukli pojawiaj\u0105 si\u0119 organiczne struktury, fragmentaryczne cia\u0142a, formy przypominaj\u0105ce skamienia\u0142o\u015bci lub biologiczne konglomeraty, a tak\u017ce sceny zaczerpni\u0119te z codzienno\u015bci, kt\u00f3re pod wp\u0142ywem malarskiej transformacji [&hellip;]<\/p>\n","protected":false},"author":223,"featured_media":21839,"comment_status":"open","ping_status":"open","sticky":false,"template":"","format":"standard","meta":{"inline_featured_image":false,"_monsterinsights_skip_tracking":false,"_monsterinsights_sitenote_active":false,"_monsterinsights_sitenote_note":"","_monsterinsights_sitenote_category":0,"footnotes":""},"categories":[173],"tags":[],"class_list":["post-21841","post","type-post","status-publish","format-standard","has-post-thumbnail","hentry","category-galeria-platan"],"yoast_head":"<!-- This site is optimized with the Yoast SEO plugin v24.6 - https:\/\/yoast.com\/wordpress\/plugins\/seo\/ -->\n<title>Gracious Epoch - wystawa Kamila Kukli w Galerii Platan - Instytut Polski w Budapeszcie<\/title>\n<meta name=\"robots\" content=\"index, follow, max-snippet:-1, max-image-preview:large, max-video-preview:-1\" \/>\n<link rel=\"canonical\" href=\"https:\/\/instytutpolski.pl\/budapest\/pl\/2026\/03\/27\/gracious-epoch-wystawa-kamila-kukli-w-galerii-platan\/\" \/>\n<meta property=\"og:locale\" content=\"pl_PL\" \/>\n<meta property=\"og:type\" content=\"article\" \/>\n<meta property=\"og:title\" content=\"Gracious Epoch - wystawa Kamila Kukli w Galerii Platan - Instytut Polski w Budapeszcie\" \/>\n<meta property=\"og:description\" content=\"Wystawa Kamila Kukli zatytu\u0142owana \u201eGracious Epoch\u201d prezentuje obrazy powsta\u0142e w latach 2022\u20132025. Najnowsze malarstwo artysty rozwija w\u0105tki obecne w jego wcze\u015bniejszych projektach, jednocze\u015bnie przesuwaj\u0105c je w wyra\u017anie mroczniejsze rejony. W obrazach Kukli pojawiaj\u0105 si\u0119 organiczne struktury, fragmentaryczne cia\u0142a, formy przypominaj\u0105ce skamienia\u0142o\u015bci lub biologiczne konglomeraty, a tak\u017ce sceny zaczerpni\u0119te z codzienno\u015bci, kt\u00f3re pod wp\u0142ywem malarskiej transformacji [&hellip;]\" \/>\n<meta property=\"og:url\" content=\"https:\/\/instytutpolski.pl\/budapest\/pl\/2026\/03\/27\/gracious-epoch-wystawa-kamila-kukli-w-galerii-platan\/\" \/>\n<meta property=\"og:site_name\" content=\"Instytut Polski w Budapeszcie\" \/>\n<meta property=\"article:published_time\" content=\"2026-03-27T13:12:49+00:00\" \/>\n<meta property=\"article:modified_time\" content=\"2026-03-27T13:16:26+00:00\" \/>\n<meta property=\"og:image\" content=\"https:\/\/instytutpolski.pl\/budapest\/wp-content\/uploads\/sites\/21\/2026\/03\/Gracious_Epoch_Facebook.jpg\" \/>\n\t<meta property=\"og:image:width\" content=\"1920\" \/>\n\t<meta property=\"og:image:height\" content=\"1005\" \/>\n\t<meta property=\"og:image:type\" content=\"image\/jpeg\" \/>\n<meta name=\"author\" content=\"piarst\" \/>\n<meta name=\"twitter:card\" content=\"summary_large_image\" \/>\n<meta name=\"twitter:label1\" content=\"Napisane przez\" \/>\n\t<meta name=\"twitter:data1\" content=\"piarst\" \/>\n\t<meta name=\"twitter:label2\" content=\"Szacowany czas czytania\" \/>\n\t<meta name=\"twitter:data2\" content=\"2 minuty\" \/>\n<script type=\"application\/ld+json\" class=\"yoast-schema-graph\">{\"@context\":\"https:\/\/schema.org\",\"@graph\":[{\"@type\":\"event\",\"@id\":\"https:\/\/instytutpolski.pl\/budapest\/pl\/2026\/03\/27\/gracious-epoch-wystawa-kamila-kukli-w-galerii-platan\/\",\"url\":\"https:\/\/instytutpolski.pl\/budapest\/pl\/2026\/03\/27\/gracious-epoch-wystawa-kamila-kukli-w-galerii-platan\/\",\"name\":\"Gracious Epoch - wystawa Kamila Kukli w Galerii Platan\",\"isPartOf\":{\"@id\":\"https:\/\/instytutpolski.pl\/budapest\/#website\"},\"primaryImageOfPage\":{\"@id\":\"https:\/\/instytutpolski.pl\/budapest\/pl\/2026\/03\/27\/gracious-epoch-wystawa-kamila-kukli-w-galerii-platan\/#primaryimage\"},\"image\":[\"https:\/\/instytutpolski.pl\/budapest\/wp-content\/uploads\/sites\/21\/2026\/03\/Gracious_Epoch_Facebook.jpg\",\"https:\/\/instytutpolski.pl\/budapest\/wp-content\/uploads\/sites\/21\/2026\/03\/Gracious_Epoch_Facebook-300x157.jpg\",\"https:\/\/instytutpolski.pl\/budapest\/wp-content\/uploads\/sites\/21\/2026\/03\/Gracious_Epoch_Facebook-1024x536.jpg\",\"https:\/\/instytutpolski.pl\/budapest\/wp-content\/uploads\/sites\/21\/2026\/03\/Gracious_Epoch_Facebook.jpg\"],\"thumbnailUrl\":\"https:\/\/instytutpolski.pl\/budapest\/wp-content\/uploads\/sites\/21\/2026\/03\/Gracious_Epoch_Facebook.jpg\",\"datePublished\":\"2026-03-27T13:12:49+02:00\",\"dateModified\":\"2026-03-27T13:16:26+02:00\",\"author\":{\"@id\":\"https:\/\/instytutpolski.pl\/budapest\/#\/schema\/person\/c94d17ce2a8bb6419dbb0d563ff13ab2\"},\"breadcrumb\":{\"@id\":\"https:\/\/instytutpolski.pl\/budapest\/pl\/2026\/03\/27\/gracious-epoch-wystawa-kamila-kukli-w-galerii-platan\/#breadcrumb\"},\"inLanguage\":\"pl-PL\",\"potentialAction\":[{\"@type\":\"ReadAction\",\"target\":[\"https:\/\/instytutpolski.pl\/budapest\/pl\/2026\/03\/27\/gracious-epoch-wystawa-kamila-kukli-w-galerii-platan\/\"]}],\"@context\":\"https:\/\/schema.org\",\"startDate\":\"2026-03-26\",\"endDate\":\"2026-05-22\",\"eventStatus\":\"EventScheduled\",\"eventAttendanceMode\":\"OfflineEventAttendanceMode\",\"location\":{\"@type\":\"place\",\"name\":\"\",\"address\":\"\",\"geo\":{\"@type\":\"GeoCoordinates\",\"latitude\":\"\",\"longitude\":\"\"}},\"description\":\"Wystawa Kamila Kukli zatytu\u0142owana \u201eGracious Epoch\u201d prezentuje obrazy powsta\u0142e w latach 2022\u20132025. Najnowsze malarstwo artysty rozwija w\u0105tki obecne w jego wcze\u015bniejszych projektach, jednocze\u015bnie przesuwaj\u0105c je w wyra\u017anie mroczniejsze rejony. W obrazach Kukli pojawiaj\u0105 si\u0119 organiczne struktury, fragmentaryczne cia\u0142a, formy przypominaj\u0105ce skamienia\u0142o\u015bci lub biologiczne konglomeraty, a tak\u017ce sceny zaczerpni\u0119te z codzienno\u015bci, kt\u00f3re pod wp\u0142ywem malarskiej transformacji nabieraj\u0105 niepokoj\u0105cego, niemal halucynacyjnego charakteru.\\nTytu\u0142 wystawy niesie w sobie wyra\u017an\u0105 ironi\u0119. \u201e\u0141askawa epoka\u201d to poj\u0119cie przywo\u0142uj\u0105ce moment sprzyjaj\u0105cych warunk\u00f3w dla rozwoju \u017cycia, kt\u00f3ry w kontek\u015bcie wsp\u00f3\u0142czesno\u015bci brzmi jak gorzka diagnoza. Kryzys klimatyczny, wojna w Ukrainie, napi\u0119cia polityczne czy migracyjne stanowi\u0105 t\u0142o dla powstaj\u0105cych obraz\u00f3w, cho\u0107 nie pojawiaj\u0105 si\u0119 w nich wprost. Artysta traktuje malarstwo jako zapis stan\u00f3w wewn\u0119trznych: przeczu\u0107, sn\u00f3w i wizji, kt\u00f3re pojawiaj\u0105 si\u0119 na styku do\u015bwiadczenia prywatnego i zbiorowego.\\nCharakterystyczne dla jego praktyki jest napi\u0119cie pomi\u0119dzy obrazami powstaj\u0105cymi z konkretnego motywu a tymi, kt\u00f3re rodz\u0105 si\u0119 w procesie czystej improwizacji. Cz\u0119\u015b\u0107 prac ma swoje \u017ar\u00f3d\u0142o w fotografiach, reprodukcjach czy fragmentach obraz\u00f3w znalezionych w muzeach. Inne obrazy rozwijaj\u0105 si\u0119 spontanicznie, z pojedynczej plamy koloru lub gestu. W takich momentach malarstwo staje si\u0119 procesem niemal biologicznym: forma narasta, rozga\u0142\u0119zia si\u0119 i mutuje, a przypadek odgrywa r\u00f3wnie istotn\u0105 rol\u0119 jak \u015bwiadoma decyzja artysty.\\n\u201eGracious Epoch\u201d mo\u017cna wi\u0119c czyta\u0107 jako refleksj\u0119 nad krucho\u015bci\u0105 momentu historycznego, w kt\u00f3rym si\u0119 znajdujemy. Kukla przywo\u0142uje odleg\u0142e epoki geologiczne i biologiczne, przypominaj\u0105c, \u017ce historia \u017cycia na Ziemi jest seri\u0105 przypadk\u00f3w, katastrof i nieoczekiwanych zwrot\u00f3w. W tym \u015bwietle wsp\u00f3\u0142czesno\u015b\u0107 jawi si\u0119 jako chwila zawieszona pomi\u0119dzy jeszcze istniej\u0105cym oknem mo\u017cliwo\u015bci a przeczuciem jego rych\u0142ego zamkni\u0119cia.\"},{\"@type\":\"ImageObject\",\"inLanguage\":\"pl-PL\",\"@id\":\"https:\/\/instytutpolski.pl\/budapest\/pl\/2026\/03\/27\/gracious-epoch-wystawa-kamila-kukli-w-galerii-platan\/#primaryimage\",\"url\":\"https:\/\/instytutpolski.pl\/budapest\/wp-content\/uploads\/sites\/21\/2026\/03\/Gracious_Epoch_Facebook.jpg\",\"contentUrl\":\"https:\/\/instytutpolski.pl\/budapest\/wp-content\/uploads\/sites\/21\/2026\/03\/Gracious_Epoch_Facebook.jpg\",\"width\":1920,\"height\":1005},{\"@type\":\"BreadcrumbList\",\"@id\":\"https:\/\/instytutpolski.pl\/budapest\/pl\/2026\/03\/27\/gracious-epoch-wystawa-kamila-kukli-w-galerii-platan\/#breadcrumb\",\"itemListElement\":[{\"@type\":\"ListItem\",\"position\":1,\"name\":\"Home\",\"item\":\"https:\/\/instytutpolski.pl\/budapest\/\"},{\"@type\":\"ListItem\",\"position\":2,\"name\":\"Gracious Epoch &#8211; wystawa Kamila Kukli w Galerii Platan\"}]},{\"@type\":\"WebSite\",\"@id\":\"https:\/\/instytutpolski.pl\/budapest\/#website\",\"url\":\"https:\/\/instytutpolski.pl\/budapest\/\",\"name\":\"Instytut Polski w Budapeszcie\",\"description\":\"Instytuty Polskie\",\"potentialAction\":[{\"@type\":\"SearchAction\",\"target\":{\"@type\":\"EntryPoint\",\"urlTemplate\":\"https:\/\/instytutpolski.pl\/budapest\/?s={search_term_string}\"},\"query-input\":{\"@type\":\"PropertyValueSpecification\",\"valueRequired\":true,\"valueName\":\"search_term_string\"}}],\"inLanguage\":\"pl-PL\"},{\"@type\":\"Person\",\"@id\":\"https:\/\/instytutpolski.pl\/budapest\/#\/schema\/person\/c94d17ce2a8bb6419dbb0d563ff13ab2\",\"name\":\"piarst\",\"image\":{\"@type\":\"ImageObject\",\"inLanguage\":\"pl-PL\",\"@id\":\"https:\/\/instytutpolski.pl\/budapest\/#\/schema\/person\/image\/\",\"url\":\"https:\/\/secure.gravatar.com\/avatar\/a549d2a2a3b1d067fb08d50c180ade98?s=96&d=mm&r=g\",\"contentUrl\":\"https:\/\/secure.gravatar.com\/avatar\/a549d2a2a3b1d067fb08d50c180ade98?s=96&d=mm&r=g\",\"caption\":\"piarst\"},\"url\":\"https:\/\/instytutpolski.pl\/budapest\/author\/piarst\/\"}]}<\/script>\n<!-- \/ Yoast SEO plugin. -->","yoast_head_json":{"title":"Gracious Epoch - wystawa Kamila Kukli w Galerii Platan - Instytut Polski w Budapeszcie","robots":{"index":"index","follow":"follow","max-snippet":"max-snippet:-1","max-image-preview":"max-image-preview:large","max-video-preview":"max-video-preview:-1"},"canonical":"https:\/\/instytutpolski.pl\/budapest\/pl\/2026\/03\/27\/gracious-epoch-wystawa-kamila-kukli-w-galerii-platan\/","og_locale":"pl_PL","og_type":"article","og_title":"Gracious Epoch - wystawa Kamila Kukli w Galerii Platan - Instytut Polski w Budapeszcie","og_description":"Wystawa Kamila Kukli zatytu\u0142owana \u201eGracious Epoch\u201d prezentuje obrazy powsta\u0142e w latach 2022\u20132025. Najnowsze malarstwo artysty rozwija w\u0105tki obecne w jego wcze\u015bniejszych projektach, jednocze\u015bnie przesuwaj\u0105c je w wyra\u017anie mroczniejsze rejony. W obrazach Kukli pojawiaj\u0105 si\u0119 organiczne struktury, fragmentaryczne cia\u0142a, formy przypominaj\u0105ce skamienia\u0142o\u015bci lub biologiczne konglomeraty, a tak\u017ce sceny zaczerpni\u0119te z codzienno\u015bci, kt\u00f3re pod wp\u0142ywem malarskiej transformacji [&hellip;]","og_url":"https:\/\/instytutpolski.pl\/budapest\/pl\/2026\/03\/27\/gracious-epoch-wystawa-kamila-kukli-w-galerii-platan\/","og_site_name":"Instytut Polski w Budapeszcie","article_published_time":"2026-03-27T13:12:49+00:00","article_modified_time":"2026-03-27T13:16:26+00:00","og_image":[{"width":1920,"height":1005,"url":"https:\/\/instytutpolski.pl\/budapest\/wp-content\/uploads\/sites\/21\/2026\/03\/Gracious_Epoch_Facebook.jpg","type":"image\/jpeg"}],"author":"piarst","twitter_card":"summary_large_image","twitter_misc":{"Napisane przez":"piarst","Szacowany czas czytania":"2 minuty"},"schema":{"@context":"https:\/\/schema.org","@graph":[{"@type":"event","@id":"https:\/\/instytutpolski.pl\/budapest\/pl\/2026\/03\/27\/gracious-epoch-wystawa-kamila-kukli-w-galerii-platan\/","url":"https:\/\/instytutpolski.pl\/budapest\/pl\/2026\/03\/27\/gracious-epoch-wystawa-kamila-kukli-w-galerii-platan\/","name":"Gracious Epoch - wystawa Kamila Kukli w Galerii Platan","isPartOf":{"@id":"https:\/\/instytutpolski.pl\/budapest\/#website"},"primaryImageOfPage":{"@id":"https:\/\/instytutpolski.pl\/budapest\/pl\/2026\/03\/27\/gracious-epoch-wystawa-kamila-kukli-w-galerii-platan\/#primaryimage"},"image":["https:\/\/instytutpolski.pl\/budapest\/wp-content\/uploads\/sites\/21\/2026\/03\/Gracious_Epoch_Facebook.jpg","https:\/\/instytutpolski.pl\/budapest\/wp-content\/uploads\/sites\/21\/2026\/03\/Gracious_Epoch_Facebook-300x157.jpg","https:\/\/instytutpolski.pl\/budapest\/wp-content\/uploads\/sites\/21\/2026\/03\/Gracious_Epoch_Facebook-1024x536.jpg","https:\/\/instytutpolski.pl\/budapest\/wp-content\/uploads\/sites\/21\/2026\/03\/Gracious_Epoch_Facebook.jpg"],"thumbnailUrl":"https:\/\/instytutpolski.pl\/budapest\/wp-content\/uploads\/sites\/21\/2026\/03\/Gracious_Epoch_Facebook.jpg","datePublished":"2026-03-27T13:12:49+02:00","dateModified":"2026-03-27T13:16:26+02:00","author":{"@id":"https:\/\/instytutpolski.pl\/budapest\/#\/schema\/person\/c94d17ce2a8bb6419dbb0d563ff13ab2"},"breadcrumb":{"@id":"https:\/\/instytutpolski.pl\/budapest\/pl\/2026\/03\/27\/gracious-epoch-wystawa-kamila-kukli-w-galerii-platan\/#breadcrumb"},"inLanguage":"pl-PL","potentialAction":[{"@type":"ReadAction","target":["https:\/\/instytutpolski.pl\/budapest\/pl\/2026\/03\/27\/gracious-epoch-wystawa-kamila-kukli-w-galerii-platan\/"]}],"@context":"https:\/\/schema.org","startDate":"2026-03-26","endDate":"2026-05-22","eventStatus":"EventScheduled","eventAttendanceMode":"OfflineEventAttendanceMode","location":{"@type":"place","name":"","address":"","geo":{"@type":"GeoCoordinates","latitude":"","longitude":""}},"description":"Wystawa Kamila Kukli zatytu\u0142owana \u201eGracious Epoch\u201d prezentuje obrazy powsta\u0142e w latach 2022\u20132025. Najnowsze malarstwo artysty rozwija w\u0105tki obecne w jego wcze\u015bniejszych projektach, jednocze\u015bnie przesuwaj\u0105c je w wyra\u017anie mroczniejsze rejony. W obrazach Kukli pojawiaj\u0105 si\u0119 organiczne struktury, fragmentaryczne cia\u0142a, formy przypominaj\u0105ce skamienia\u0142o\u015bci lub biologiczne konglomeraty, a tak\u017ce sceny zaczerpni\u0119te z codzienno\u015bci, kt\u00f3re pod wp\u0142ywem malarskiej transformacji nabieraj\u0105 niepokoj\u0105cego, niemal halucynacyjnego charakteru.\nTytu\u0142 wystawy niesie w sobie wyra\u017an\u0105 ironi\u0119. \u201e\u0141askawa epoka\u201d to poj\u0119cie przywo\u0142uj\u0105ce moment sprzyjaj\u0105cych warunk\u00f3w dla rozwoju \u017cycia, kt\u00f3ry w kontek\u015bcie wsp\u00f3\u0142czesno\u015bci brzmi jak gorzka diagnoza. Kryzys klimatyczny, wojna w Ukrainie, napi\u0119cia polityczne czy migracyjne stanowi\u0105 t\u0142o dla powstaj\u0105cych obraz\u00f3w, cho\u0107 nie pojawiaj\u0105 si\u0119 w nich wprost. Artysta traktuje malarstwo jako zapis stan\u00f3w wewn\u0119trznych: przeczu\u0107, sn\u00f3w i wizji, kt\u00f3re pojawiaj\u0105 si\u0119 na styku do\u015bwiadczenia prywatnego i zbiorowego.\nCharakterystyczne dla jego praktyki jest napi\u0119cie pomi\u0119dzy obrazami powstaj\u0105cymi z konkretnego motywu a tymi, kt\u00f3re rodz\u0105 si\u0119 w procesie czystej improwizacji. Cz\u0119\u015b\u0107 prac ma swoje \u017ar\u00f3d\u0142o w fotografiach, reprodukcjach czy fragmentach obraz\u00f3w znalezionych w muzeach. Inne obrazy rozwijaj\u0105 si\u0119 spontanicznie, z pojedynczej plamy koloru lub gestu. W takich momentach malarstwo staje si\u0119 procesem niemal biologicznym: forma narasta, rozga\u0142\u0119zia si\u0119 i mutuje, a przypadek odgrywa r\u00f3wnie istotn\u0105 rol\u0119 jak \u015bwiadoma decyzja artysty.\n\u201eGracious Epoch\u201d mo\u017cna wi\u0119c czyta\u0107 jako refleksj\u0119 nad krucho\u015bci\u0105 momentu historycznego, w kt\u00f3rym si\u0119 znajdujemy. Kukla przywo\u0142uje odleg\u0142e epoki geologiczne i biologiczne, przypominaj\u0105c, \u017ce historia \u017cycia na Ziemi jest seri\u0105 przypadk\u00f3w, katastrof i nieoczekiwanych zwrot\u00f3w. W tym \u015bwietle wsp\u00f3\u0142czesno\u015b\u0107 jawi si\u0119 jako chwila zawieszona pomi\u0119dzy jeszcze istniej\u0105cym oknem mo\u017cliwo\u015bci a przeczuciem jego rych\u0142ego zamkni\u0119cia."},{"@type":"ImageObject","inLanguage":"pl-PL","@id":"https:\/\/instytutpolski.pl\/budapest\/pl\/2026\/03\/27\/gracious-epoch-wystawa-kamila-kukli-w-galerii-platan\/#primaryimage","url":"https:\/\/instytutpolski.pl\/budapest\/wp-content\/uploads\/sites\/21\/2026\/03\/Gracious_Epoch_Facebook.jpg","contentUrl":"https:\/\/instytutpolski.pl\/budapest\/wp-content\/uploads\/sites\/21\/2026\/03\/Gracious_Epoch_Facebook.jpg","width":1920,"height":1005},{"@type":"BreadcrumbList","@id":"https:\/\/instytutpolski.pl\/budapest\/pl\/2026\/03\/27\/gracious-epoch-wystawa-kamila-kukli-w-galerii-platan\/#breadcrumb","itemListElement":[{"@type":"ListItem","position":1,"name":"Home","item":"https:\/\/instytutpolski.pl\/budapest\/"},{"@type":"ListItem","position":2,"name":"Gracious Epoch &#8211; wystawa Kamila Kukli w Galerii Platan"}]},{"@type":"WebSite","@id":"https:\/\/instytutpolski.pl\/budapest\/#website","url":"https:\/\/instytutpolski.pl\/budapest\/","name":"Instytut Polski w Budapeszcie","description":"Instytuty Polskie","potentialAction":[{"@type":"SearchAction","target":{"@type":"EntryPoint","urlTemplate":"https:\/\/instytutpolski.pl\/budapest\/?s={search_term_string}"},"query-input":{"@type":"PropertyValueSpecification","valueRequired":true,"valueName":"search_term_string"}}],"inLanguage":"pl-PL"},{"@type":"Person","@id":"https:\/\/instytutpolski.pl\/budapest\/#\/schema\/person\/c94d17ce2a8bb6419dbb0d563ff13ab2","name":"piarst","image":{"@type":"ImageObject","inLanguage":"pl-PL","@id":"https:\/\/instytutpolski.pl\/budapest\/#\/schema\/person\/image\/","url":"https:\/\/secure.gravatar.com\/avatar\/a549d2a2a3b1d067fb08d50c180ade98?s=96&d=mm&r=g","contentUrl":"https:\/\/secure.gravatar.com\/avatar\/a549d2a2a3b1d067fb08d50c180ade98?s=96&d=mm&r=g","caption":"piarst"},"url":"https:\/\/instytutpolski.pl\/budapest\/author\/piarst\/"}]}},"_links":{"self":[{"href":"https:\/\/instytutpolski.pl\/budapest\/wp-json\/wp\/v2\/posts\/21841","targetHints":{"allow":["GET"]}}],"collection":[{"href":"https:\/\/instytutpolski.pl\/budapest\/wp-json\/wp\/v2\/posts"}],"about":[{"href":"https:\/\/instytutpolski.pl\/budapest\/wp-json\/wp\/v2\/types\/post"}],"author":[{"embeddable":true,"href":"https:\/\/instytutpolski.pl\/budapest\/wp-json\/wp\/v2\/users\/223"}],"replies":[{"embeddable":true,"href":"https:\/\/instytutpolski.pl\/budapest\/wp-json\/wp\/v2\/comments?post=21841"}],"version-history":[{"count":1,"href":"https:\/\/instytutpolski.pl\/budapest\/wp-json\/wp\/v2\/posts\/21841\/revisions"}],"predecessor-version":[{"id":21843,"href":"https:\/\/instytutpolski.pl\/budapest\/wp-json\/wp\/v2\/posts\/21841\/revisions\/21843"}],"wp:featuredmedia":[{"embeddable":true,"href":"https:\/\/instytutpolski.pl\/budapest\/wp-json\/wp\/v2\/media\/21839"}],"wp:attachment":[{"href":"https:\/\/instytutpolski.pl\/budapest\/wp-json\/wp\/v2\/media?parent=21841"}],"wp:term":[{"taxonomy":"category","embeddable":true,"href":"https:\/\/instytutpolski.pl\/budapest\/wp-json\/wp\/v2\/categories?post=21841"},{"taxonomy":"post_tag","embeddable":true,"href":"https:\/\/instytutpolski.pl\/budapest\/wp-json\/wp\/v2\/tags?post=21841"}],"curies":[{"name":"wp","href":"https:\/\/api.w.org\/{rel}","templated":true}]}}