{"id":21952,"date":"2026-04-08T09:32:10","date_gmt":"2026-04-08T07:32:10","guid":{"rendered":"https:\/\/instytutpolski.pl\/budapest\/?p=21952"},"modified":"2026-04-22T14:20:26","modified_gmt":"2026-04-22T12:20:26","slug":"32-polska-wiosna-filmowa","status":"publish","type":"post","link":"https:\/\/instytutpolski.pl\/budapest\/pl\/2026\/04\/08\/32-polska-wiosna-filmowa\/","title":{"rendered":"32. Polska Wiosna Filmowa"},"content":{"rendered":"\n<p><strong>23-29 kwietnia 2026, Kino TOLDI w Budapeszcie<\/strong><\/p>\n\n\n\n<p><strong>PROGRAM<\/strong><\/p>\n\n\n\n<p><strong>23 kwietnia<\/strong> <strong>(czwartek),<\/strong> godz. 19.00  &#8211; film otwieraj\u0105cy festiwal: <strong><em>Chopin, Chopin!<\/em> <em>(Chopin \u2013 P\u00e1rizsi szon\u00e1ta)<\/em><\/strong><\/p>\n\n\n\n<p><strong>24 kwietnia (pi\u0105tek),<\/strong> godz. 19.00: <em><strong>Brat (Fiv\u00e9rem)<\/strong><\/em><\/p>\n\n\n\n<p><strong>25 kwietnia (sobota),<\/strong> godz. 19.00: <strong><em>Dom dobry (Otthon, \u00e9des otthon)<\/em><\/strong><\/p>\n\n\n\n<p><strong>26 kwietnia (niedziela)<\/strong>, godz. 19.00: <strong><em>LARP. Mi\u0142o\u015b\u0107, trolle i inne questy (LARP \u2013 Szerelem, trollok \u00e9s m\u00e1s k\u00fcldet\u00e9sek)<\/em><\/strong><\/p>\n\n\n\n<p><strong>27 kwietnia (poniedzia\u0142ek),<\/strong> godz. 19.00: <em><strong>Tatarak (Tatarak \u2013 A k\u00e1lmos illata)<\/strong><\/em><\/p>\n\n\n\n<p><strong>28 kwietnia (wtorek),<\/strong> godz. 19.00 \u00f3ra: <strong><em>\u015awiat\u0142oczu\u0142a (F\u00e9nyt\u00f6r\u00e9s)<\/em><\/strong><\/p>\n\n\n\n<p><strong>29 kwietnia (\u015broda)<\/strong>, godz. 19.00 &#8211; film zamykaj\u0105cy festiwal: <em><strong>Dziennik z wycieczki do Budapesztu (Budapesti napl\u00f3)<\/strong><\/em><\/p>\n\n\n\n<p><strong><a href=\"https:\/\/youtu.be\/cWtLkMRIv4c?si=mxgIukcj1X4q-Or_\" target=\"_blank\" rel=\"noreferrer noopener\">SPOT FESTIWALU<\/a><\/strong><\/p>\n\n\n\n<p><strong><em>Filmy wy\u015bwietlane s\u0105 w oryginalnej wersji j\u0119zykowej z w\u0119gierskimi napisami.<\/em><\/strong><\/p>\n\n\n\n<p>Bilet normalny: 2&nbsp;900 Ft<\/p>\n\n\n\n<p>Bilet ulgowy: 2 400 Ft<\/p>\n\n\n\n<p>Miejce pokaz\u00f3w:<strong> TOLDI MOZI<\/strong> &#8211; 1054 Budapest, Bajcsy-Zsilinszky \u00fat 36-38.<\/p>\n\n\n\n<p>Informacja o biletach: +36 1 224-5650&nbsp;(codziennie w godzinach 13.00-21.00)<\/p>\n\n\n\n<p>E-mail: <a href=\"mailto:callcenter@bpfilm.hu\">callcenter@bpfilm.hu<\/a><\/p>\n\n\n\n<p><strong>Szczeg\u00f3\u0142owy program w j\u0119zyku w\u0119gierskim, ZAKUP BILET\u00d3W ONLINE na stronie kina TOLDI: <a href=\"https:\/\/toldimozi.hu\/programok\/32-lengyel-filmtavasz\" target=\"_blank\" rel=\"noreferrer noopener\">https:\/\/toldimozi.hu\/programok\/32-lengyel-filmtavasz<\/a><\/strong><\/p>\n\n\n\n<p><em><strong>32.<\/strong> <strong>Polska Wiosna Filmowa jest organizowana przez Instytut Polski w Budapeszcie przy wsparciu Polskiego Instytutu Sztuki Filmowej.<\/strong><\/em><\/p>\n\n\n\n<p><strong>Partnerzy: <\/strong>Toldi mozi, Budapest Film, Filmarin Studio, Spectral Studio, Vertigo M\u00e9dia, Pannonia Entertainment, NANE \u2013 N\u0151k a N\u0151k\u00e9rt Egy\u00fctt az Er\u0151szak Ellen Egyes\u00fclet<\/p>\n\n\n\n<figure class=\"wp-block-image size-large is-resized\"><img loading=\"lazy\" decoding=\"async\" width=\"1024\" height=\"538\" src=\"https:\/\/instytutpolski.pl\/budapest\/wp-content\/uploads\/sites\/21\/2026\/03\/1200x630-Lengyel-Filmtavasz-32-1-1024x538.jpg\" alt=\"\" class=\"wp-image-21796\" style=\"width:672px;height:auto\" srcset=\"https:\/\/instytutpolski.pl\/budapest\/wp-content\/uploads\/sites\/21\/2026\/03\/1200x630-Lengyel-Filmtavasz-32-1-1024x538.jpg 1024w, https:\/\/instytutpolski.pl\/budapest\/wp-content\/uploads\/sites\/21\/2026\/03\/1200x630-Lengyel-Filmtavasz-32-1-300x158.jpg 300w, https:\/\/instytutpolski.pl\/budapest\/wp-content\/uploads\/sites\/21\/2026\/03\/1200x630-Lengyel-Filmtavasz-32-1-768x403.jpg 768w, https:\/\/instytutpolski.pl\/budapest\/wp-content\/uploads\/sites\/21\/2026\/03\/1200x630-Lengyel-Filmtavasz-32-1.jpg 1200w\" sizes=\"auto, (max-width: 1024px) 100vw, 1024px\" \/><\/figure>\n\n\n\n<p><strong>SZCZEG\u00d3\u0141OWY PROGRAM, FILMY FESTIWALU<\/strong><\/p>\n<p><span style=\"color: #ff0000\"><strong><em>Chopin, Chopin!<\/em> <em>(Chopin \u2013 P\u00e1rizsi szon\u00e1ta)<\/em><\/strong><\/span><\/p>\n<p><strong>23 kwietnia<\/strong> <strong>(czwartek),<\/strong> godz. 19.00 &#8211; film otwieraj\u0105cy festiwal<\/p>\n<p>film fabularny, 2025, 128 minut<\/p>\n<p><a href=\"https:\/\/youtu.be\/agfVC-aXj74?si=G12ZIKmEawaPaMZX\" target=\"_blank\" rel=\"noopener\"><strong>ZWIASTUN<\/strong><\/a><\/p>\n<p><strong>Re\u017cyser: Micha\u0142 Kwieci\u0144ski<\/strong><\/p>\n<p>Obsada aktorska: Eryk Kulm, Josephine de la Baume, Victor Meutelet, Lambert Wilson, Karolina Gruszka<\/p>\n<p>Produkcja: Akson Studio<\/p>\n<p>Dystrybutor: Vertigo M\u00e9dia<\/p>\n\n\n\n<p style=\"text-align: justify\">Pary\u017c, 1835 rok. Fryderyk Chopin ma 25 lat i jest ulubie\u0144cem paryskich salon\u00f3w, arystokracji i kr\u00f3la Francji. \u017badne znacz\u0105ce wydarzenie nie mo\u017ce odby\u0107 si\u0119 bez jego udzia\u0142u. Widzimy go podczas nocnych eskapad i afterparty po koncertach. Zazwyczaj pe\u0142nego energii, przykrywaj\u0105cego chorob\u0119 \u017cartem. Jego \u017cycie ucieka, jednak Fryderyk nie zwalnia. Komponuje arcydzie\u0142a, tak\u017ce na zam\u00f3wienie. Ze wzgl\u0119du na zobowi\u0105zania finansowe udziela lekcji gry na fortepianie. Przyjaciele go podziwiaj\u0105, a kobiety pragn\u0105 jako kochanka.<\/p>\n\n\t\t<style type=\"text\/css\">\n\t\t\t#gallery-1 {\n\t\t\t\tmargin: auto;\n\t\t\t}\n\t\t\t#gallery-1 .gallery-item {\n\t\t\t\tfloat: left;\n\t\t\t\tmargin-top: 10px;\n\t\t\t\ttext-align: center;\n\t\t\t\twidth: 33%;\n\t\t\t}\n\t\t\t#gallery-1 img {\n\t\t\t\tborder: 2px solid #cfcfcf;\n\t\t\t}\n\t\t\t#gallery-1 .gallery-caption {\n\t\t\t\tmargin-left: 0;\n\t\t\t}\n\t\t\t\/* see gallery_shortcode() in wp-includes\/media.php *\/\n\t\t<\/style>\n\t\t<div id='gallery-1' class='gallery galleryid-21952 gallery-columns-3 gallery-size-full'><dl class='gallery-item'>\n\t\t\t<dt class='gallery-icon landscape'>\n\t\t\t\t<a href='https:\/\/instytutpolski.pl\/budapest\/2026\/04\/08\/32-lengyel-filmtavasz\/chopinchopin-3\/'><img loading=\"lazy\" decoding=\"async\" width=\"2048\" height=\"1152\" src=\"https:\/\/instytutpolski.pl\/budapest\/wp-content\/uploads\/sites\/21\/2026\/04\/Chopin_Chopin_photos_Jaroslaw_Sosinski_-645.jpg\" class=\"attachment-full size-full\" alt=\"\" srcset=\"https:\/\/instytutpolski.pl\/budapest\/wp-content\/uploads\/sites\/21\/2026\/04\/Chopin_Chopin_photos_Jaroslaw_Sosinski_-645.jpg 2048w, https:\/\/instytutpolski.pl\/budapest\/wp-content\/uploads\/sites\/21\/2026\/04\/Chopin_Chopin_photos_Jaroslaw_Sosinski_-645-300x169.jpg 300w, https:\/\/instytutpolski.pl\/budapest\/wp-content\/uploads\/sites\/21\/2026\/04\/Chopin_Chopin_photos_Jaroslaw_Sosinski_-645-1024x576.jpg 1024w, https:\/\/instytutpolski.pl\/budapest\/wp-content\/uploads\/sites\/21\/2026\/04\/Chopin_Chopin_photos_Jaroslaw_Sosinski_-645-768x432.jpg 768w, https:\/\/instytutpolski.pl\/budapest\/wp-content\/uploads\/sites\/21\/2026\/04\/Chopin_Chopin_photos_Jaroslaw_Sosinski_-645-1536x864.jpg 1536w, https:\/\/instytutpolski.pl\/budapest\/wp-content\/uploads\/sites\/21\/2026\/04\/Chopin_Chopin_photos_Jaroslaw_Sosinski_-645-1920x1080.jpg 1920w, https:\/\/instytutpolski.pl\/budapest\/wp-content\/uploads\/sites\/21\/2026\/04\/Chopin_Chopin_photos_Jaroslaw_Sosinski_-645-1120x630.jpg 1120w\" sizes=\"auto, (max-width: 2048px) 100vw, 2048px\" \/><\/a>\n\t\t\t<\/dt><\/dl><dl class='gallery-item'>\n\t\t\t<dt class='gallery-icon landscape'>\n\t\t\t\t<a href='https:\/\/instytutpolski.pl\/budapest\/2026\/04\/08\/32-lengyel-filmtavasz\/chopinchopin\/'><img loading=\"lazy\" decoding=\"async\" width=\"2047\" height=\"1152\" src=\"https:\/\/instytutpolski.pl\/budapest\/wp-content\/uploads\/sites\/21\/2026\/04\/Chopin_Chopin_photos_Jaroslaw_Sosinski_-197.jpg\" class=\"attachment-full size-full\" alt=\"\" srcset=\"https:\/\/instytutpolski.pl\/budapest\/wp-content\/uploads\/sites\/21\/2026\/04\/Chopin_Chopin_photos_Jaroslaw_Sosinski_-197.jpg 2047w, https:\/\/instytutpolski.pl\/budapest\/wp-content\/uploads\/sites\/21\/2026\/04\/Chopin_Chopin_photos_Jaroslaw_Sosinski_-197-300x169.jpg 300w, https:\/\/instytutpolski.pl\/budapest\/wp-content\/uploads\/sites\/21\/2026\/04\/Chopin_Chopin_photos_Jaroslaw_Sosinski_-197-1024x576.jpg 1024w, https:\/\/instytutpolski.pl\/budapest\/wp-content\/uploads\/sites\/21\/2026\/04\/Chopin_Chopin_photos_Jaroslaw_Sosinski_-197-768x432.jpg 768w, https:\/\/instytutpolski.pl\/budapest\/wp-content\/uploads\/sites\/21\/2026\/04\/Chopin_Chopin_photos_Jaroslaw_Sosinski_-197-1536x864.jpg 1536w, https:\/\/instytutpolski.pl\/budapest\/wp-content\/uploads\/sites\/21\/2026\/04\/Chopin_Chopin_photos_Jaroslaw_Sosinski_-197-1920x1080.jpg 1920w, https:\/\/instytutpolski.pl\/budapest\/wp-content\/uploads\/sites\/21\/2026\/04\/Chopin_Chopin_photos_Jaroslaw_Sosinski_-197-1120x630.jpg 1120w\" sizes=\"auto, (max-width: 2047px) 100vw, 2047px\" \/><\/a>\n\t\t\t<\/dt><\/dl><dl class='gallery-item'>\n\t\t\t<dt class='gallery-icon landscape'>\n\t\t\t\t<a href='https:\/\/instytutpolski.pl\/budapest\/2026\/04\/08\/32-lengyel-filmtavasz\/chopinchopin-2\/'><img loading=\"lazy\" decoding=\"async\" width=\"2048\" height=\"1154\" src=\"https:\/\/instytutpolski.pl\/budapest\/wp-content\/uploads\/sites\/21\/2026\/04\/Chopin_Chopin_photos_Jaroslaw_Sosinski_-2575.jpg\" class=\"attachment-full size-full\" alt=\"\" srcset=\"https:\/\/instytutpolski.pl\/budapest\/wp-content\/uploads\/sites\/21\/2026\/04\/Chopin_Chopin_photos_Jaroslaw_Sosinski_-2575.jpg 2048w, https:\/\/instytutpolski.pl\/budapest\/wp-content\/uploads\/sites\/21\/2026\/04\/Chopin_Chopin_photos_Jaroslaw_Sosinski_-2575-300x169.jpg 300w, https:\/\/instytutpolski.pl\/budapest\/wp-content\/uploads\/sites\/21\/2026\/04\/Chopin_Chopin_photos_Jaroslaw_Sosinski_-2575-1024x577.jpg 1024w, https:\/\/instytutpolski.pl\/budapest\/wp-content\/uploads\/sites\/21\/2026\/04\/Chopin_Chopin_photos_Jaroslaw_Sosinski_-2575-768x433.jpg 768w, https:\/\/instytutpolski.pl\/budapest\/wp-content\/uploads\/sites\/21\/2026\/04\/Chopin_Chopin_photos_Jaroslaw_Sosinski_-2575-1536x866.jpg 1536w, https:\/\/instytutpolski.pl\/budapest\/wp-content\/uploads\/sites\/21\/2026\/04\/Chopin_Chopin_photos_Jaroslaw_Sosinski_-2575-1120x630.jpg 1120w\" sizes=\"auto, (max-width: 2048px) 100vw, 2048px\" \/><\/a>\n\t\t\t<\/dt><\/dl><br style=\"clear: both\" \/>\n\t\t<\/div>\n\n\n\n\n<hr>\n<p><span style=\"color: #ff0000\"><em><strong>Brat (Fiv\u00e9rem)<\/strong><\/em><\/span><\/p>\n<p><strong>24 kwietnia (pi\u0105tek),<\/strong> godz. 19.00<\/p>\n<p>film fabularny, 2025, 94 minut<\/p>\n<p><strong>Po filmie odb\u0119dzie si\u0119 spotkanie z re\u017cyserem Maciejem Sobieszcza\u0144skim.<\/strong> <strong>Rozmow\u0119 poprowadzi Alinda Veiszer. <\/strong><\/p>\n<p><a href=\"https:\/\/youtu.be\/piL49zm-4r0?si=v2Nq5JIBAfEtcZ-F\" target=\"_blank\" rel=\"noopener\"><strong>ZWIASTUN<\/strong><\/a><\/p>\n<p><strong>Re\u017cyser: Maciej Sobieszcza\u0144ski<\/strong><\/p>\n<p>Obsada aktorska: Filip Wi\u0142komirski, Tytus Szymczuk, Agnieszka Grochowska, Julian \u015awie\u017cewski, Jacek Braciak<\/p>\n<p>Produkcja: Apple Film Production<\/p>\n<p style=\"text-align: justify\">Poruszaj\u0105ca opowie\u015b\u0107 o kobiecie i rodzinie wystawionej na pr\u00f3b\u0119 w \u015bwiecie przemocy, niespe\u0142nionych ambicji i narastaj\u0105cego chaosu. 14-letni Dawid opiekuje si\u0119 m\u0142odszym bratem i pr\u00f3buje sprosta\u0107 oczekiwaniom matki, kt\u00f3ra chce wyrwa\u0107 si\u0119 z toksycznej przesz\u0142o\u015bci i zacz\u0105\u0107 od nowa, bez m\u0119\u017ca osadzonego w wi\u0119zieniu. Cho\u0107 ch\u0142opak ma talent i si\u0142\u0119, to w codzienno\u015bci rozpi\u0119tej mi\u0119dzy szko\u0142\u0105, domem i ulic\u0105 coraz trudniej mu zachowa\u0107 kontrol\u0119. Wszystko komplikuje si\u0119 jeszcze bardziej, gdy w ich \u017cycie wkracza Konrad \u2013 jedyny doros\u0142y, kt\u00f3remu Dawid naprawd\u0119 ufa. To jednak dopiero pocz\u0105tek burzliwych wydarze\u0144, kt\u00f3re mog\u0105 ostatecznie rozbi\u0107 t\u0119 rodzin\u0119\u2026 albo j\u0105 ocali\u0107.<\/p>\n\n\t\t<style type=\"text\/css\">\n\t\t\t#gallery-2 {\n\t\t\t\tmargin: auto;\n\t\t\t}\n\t\t\t#gallery-2 .gallery-item {\n\t\t\t\tfloat: left;\n\t\t\t\tmargin-top: 10px;\n\t\t\t\ttext-align: center;\n\t\t\t\twidth: 33%;\n\t\t\t}\n\t\t\t#gallery-2 img {\n\t\t\t\tborder: 2px solid #cfcfcf;\n\t\t\t}\n\t\t\t#gallery-2 .gallery-caption {\n\t\t\t\tmargin-left: 0;\n\t\t\t}\n\t\t\t\/* see gallery_shortcode() in wp-includes\/media.php *\/\n\t\t<\/style>\n\t\t<div id='gallery-2' class='gallery galleryid-21952 gallery-columns-3 gallery-size-full'><dl class='gallery-item'>\n\t\t\t<dt class='gallery-icon landscape'>\n\t\t\t\t<a href='https:\/\/instytutpolski.pl\/budapest\/2026\/04\/08\/32-lengyel-filmtavasz\/brat_copy_l-bak_dystr-monolith-films-9-kopia\/'><img loading=\"lazy\" decoding=\"async\" width=\"2560\" height=\"1707\" src=\"https:\/\/instytutpolski.pl\/budapest\/wp-content\/uploads\/sites\/21\/2026\/04\/BRAT_copy_L.Bak_dystr.Monolith-Films-9-kopia-scaled.jpg\" class=\"attachment-full size-full\" alt=\"\" srcset=\"https:\/\/instytutpolski.pl\/budapest\/wp-content\/uploads\/sites\/21\/2026\/04\/BRAT_copy_L.Bak_dystr.Monolith-Films-9-kopia-scaled.jpg 2560w, https:\/\/instytutpolski.pl\/budapest\/wp-content\/uploads\/sites\/21\/2026\/04\/BRAT_copy_L.Bak_dystr.Monolith-Films-9-kopia-300x200.jpg 300w, https:\/\/instytutpolski.pl\/budapest\/wp-content\/uploads\/sites\/21\/2026\/04\/BRAT_copy_L.Bak_dystr.Monolith-Films-9-kopia-1024x683.jpg 1024w, https:\/\/instytutpolski.pl\/budapest\/wp-content\/uploads\/sites\/21\/2026\/04\/BRAT_copy_L.Bak_dystr.Monolith-Films-9-kopia-768x512.jpg 768w, https:\/\/instytutpolski.pl\/budapest\/wp-content\/uploads\/sites\/21\/2026\/04\/BRAT_copy_L.Bak_dystr.Monolith-Films-9-kopia-1536x1024.jpg 1536w, https:\/\/instytutpolski.pl\/budapest\/wp-content\/uploads\/sites\/21\/2026\/04\/BRAT_copy_L.Bak_dystr.Monolith-Films-9-kopia-2048x1365.jpg 2048w\" sizes=\"auto, (max-width: 2560px) 100vw, 2560px\" \/><\/a>\n\t\t\t<\/dt><\/dl><dl class='gallery-item'>\n\t\t\t<dt class='gallery-icon landscape'>\n\t\t\t\t<a href='https:\/\/instytutpolski.pl\/budapest\/2026\/04\/08\/32-lengyel-filmtavasz\/brat_copy_l-bak_dystr-monolith-films-14-kopia\/'><img loading=\"lazy\" decoding=\"async\" width=\"2560\" height=\"1707\" src=\"https:\/\/instytutpolski.pl\/budapest\/wp-content\/uploads\/sites\/21\/2026\/04\/BRAT_copy_L.Bak_dystr.Monolith-Films-14-kopia-scaled.jpg\" class=\"attachment-full size-full\" alt=\"\" srcset=\"https:\/\/instytutpolski.pl\/budapest\/wp-content\/uploads\/sites\/21\/2026\/04\/BRAT_copy_L.Bak_dystr.Monolith-Films-14-kopia-scaled.jpg 2560w, https:\/\/instytutpolski.pl\/budapest\/wp-content\/uploads\/sites\/21\/2026\/04\/BRAT_copy_L.Bak_dystr.Monolith-Films-14-kopia-300x200.jpg 300w, https:\/\/instytutpolski.pl\/budapest\/wp-content\/uploads\/sites\/21\/2026\/04\/BRAT_copy_L.Bak_dystr.Monolith-Films-14-kopia-1024x683.jpg 1024w, https:\/\/instytutpolski.pl\/budapest\/wp-content\/uploads\/sites\/21\/2026\/04\/BRAT_copy_L.Bak_dystr.Monolith-Films-14-kopia-768x512.jpg 768w, https:\/\/instytutpolski.pl\/budapest\/wp-content\/uploads\/sites\/21\/2026\/04\/BRAT_copy_L.Bak_dystr.Monolith-Films-14-kopia-1536x1024.jpg 1536w, https:\/\/instytutpolski.pl\/budapest\/wp-content\/uploads\/sites\/21\/2026\/04\/BRAT_copy_L.Bak_dystr.Monolith-Films-14-kopia-2048x1365.jpg 2048w\" sizes=\"auto, (max-width: 2560px) 100vw, 2560px\" \/><\/a>\n\t\t\t<\/dt><\/dl><dl class='gallery-item'>\n\t\t\t<dt class='gallery-icon landscape'>\n\t\t\t\t<a href='https:\/\/instytutpolski.pl\/budapest\/2026\/04\/08\/32-lengyel-filmtavasz\/brat_copy_l-bak_dystr-monolith-films-16-kopia\/'><img loading=\"lazy\" decoding=\"async\" width=\"2560\" height=\"1707\" src=\"https:\/\/instytutpolski.pl\/budapest\/wp-content\/uploads\/sites\/21\/2026\/04\/BRAT_copy_L.Bak_dystr.Monolith-Films-16-kopia-scaled.jpg\" class=\"attachment-full size-full\" alt=\"\" srcset=\"https:\/\/instytutpolski.pl\/budapest\/wp-content\/uploads\/sites\/21\/2026\/04\/BRAT_copy_L.Bak_dystr.Monolith-Films-16-kopia-scaled.jpg 2560w, https:\/\/instytutpolski.pl\/budapest\/wp-content\/uploads\/sites\/21\/2026\/04\/BRAT_copy_L.Bak_dystr.Monolith-Films-16-kopia-300x200.jpg 300w, https:\/\/instytutpolski.pl\/budapest\/wp-content\/uploads\/sites\/21\/2026\/04\/BRAT_copy_L.Bak_dystr.Monolith-Films-16-kopia-1024x683.jpg 1024w, https:\/\/instytutpolski.pl\/budapest\/wp-content\/uploads\/sites\/21\/2026\/04\/BRAT_copy_L.Bak_dystr.Monolith-Films-16-kopia-768x512.jpg 768w, https:\/\/instytutpolski.pl\/budapest\/wp-content\/uploads\/sites\/21\/2026\/04\/BRAT_copy_L.Bak_dystr.Monolith-Films-16-kopia-1536x1024.jpg 1536w, https:\/\/instytutpolski.pl\/budapest\/wp-content\/uploads\/sites\/21\/2026\/04\/BRAT_copy_L.Bak_dystr.Monolith-Films-16-kopia-2048x1365.jpg 2048w\" sizes=\"auto, (max-width: 2560px) 100vw, 2560px\" \/><\/a>\n\t\t\t<\/dt><\/dl><br style=\"clear: both\" \/>\n\t\t<\/div>\n\n<hr>\n<p><span style=\"color: #ff0000\"><strong><em>Dom dobry (Otthon, \u00e9des otthon)<\/em><\/strong><\/span><\/p>\n<p><strong>25 kwietnia (sobota),<\/strong> godz. 19.00<\/p>\n<p><b><strong>Po filmie odb\u0119dzie si\u0119 rozmawa z Gy\u00f6rgyi T\u00f3th, cz\u0142onkiem stowarzyszenia NANE \u2013 N\u0151k a N\u0151k\u00e9rt Egy\u00fctt az Er\u0151szak Ellen Egyes\u00fclet (Kobiety dla Kobiet Razem przeciwko Przemocy). Rozmow\u0119 poprowadzi Alinda Veiszer.<\/strong><\/b><\/p>\n<p>film fabularny, 2025, 107 minut<\/p>\n<p><a href=\"https:\/\/youtu.be\/LOiu6YBHJcM\" target=\"_blank\" rel=\"noopener\"><strong>ZWIASTUN<\/strong><\/a><\/p>\n<p><strong>Re\u017cyser: Wojciech Smarzowski<\/strong><\/p>\n<p>Obsada aktorska: Agata Turkot, Tomasz Schuchardt, Agata Kulesza<\/p>\n<p>Produkcja: Lucky Bob<\/p>\n<p>Dystrybutor: Pannonia Entertainment<\/p>\n<p style=\"text-align: justify\">Kiedy Go\u015bka poznaje w internecie Grze\u015bka, jest przekonana, \u017ce to w ko\u0144cu Ten Jedyny. Grzesiek wariuje na jej punkcie, obsypuje kwiatami, o\u015bwiadcza si\u0119 w Wenecji. To musi by\u0107 mi\u0142o\u015b\u0107, prawda? Ale na tym perfekcyjnym obrazku szybko zaczynaj\u0105 pojawia\u0107 si\u0119 rysy. Wkr\u00f3tce ich wsp\u00f3lny dom staje si\u0119 dla Go\u015bki najniebezpieczniejszym z miejsc. To film o granicach mi\u0142o\u015bci, kt\u00f3rego nie da si\u0119 zapomnie\u0107.<\/p>\n\n\t\t<style type=\"text\/css\">\n\t\t\t#gallery-3 {\n\t\t\t\tmargin: auto;\n\t\t\t}\n\t\t\t#gallery-3 .gallery-item {\n\t\t\t\tfloat: left;\n\t\t\t\tmargin-top: 10px;\n\t\t\t\ttext-align: center;\n\t\t\t\twidth: 33%;\n\t\t\t}\n\t\t\t#gallery-3 img {\n\t\t\t\tborder: 2px solid #cfcfcf;\n\t\t\t}\n\t\t\t#gallery-3 .gallery-caption {\n\t\t\t\tmargin-left: 0;\n\t\t\t}\n\t\t\t\/* see gallery_shortcode() in wp-includes\/media.php *\/\n\t\t<\/style>\n\t\t<div id='gallery-3' class='gallery galleryid-21952 gallery-columns-3 gallery-size-full'><dl class='gallery-item'>\n\t\t\t<dt class='gallery-icon landscape'>\n\t\t\t\t<a href='https:\/\/instytutpolski.pl\/budapest\/2026\/04\/08\/32-lengyel-filmtavasz\/home-sweet-home-1\/'><img loading=\"lazy\" decoding=\"async\" width=\"2560\" height=\"1073\" src=\"https:\/\/instytutpolski.pl\/budapest\/wp-content\/uploads\/sites\/21\/2026\/04\/Home-Sweet-Home-1-scaled.jpg\" class=\"attachment-full size-full\" alt=\"\" srcset=\"https:\/\/instytutpolski.pl\/budapest\/wp-content\/uploads\/sites\/21\/2026\/04\/Home-Sweet-Home-1-scaled.jpg 2560w, https:\/\/instytutpolski.pl\/budapest\/wp-content\/uploads\/sites\/21\/2026\/04\/Home-Sweet-Home-1-300x126.jpg 300w, https:\/\/instytutpolski.pl\/budapest\/wp-content\/uploads\/sites\/21\/2026\/04\/Home-Sweet-Home-1-1024x429.jpg 1024w, https:\/\/instytutpolski.pl\/budapest\/wp-content\/uploads\/sites\/21\/2026\/04\/Home-Sweet-Home-1-768x322.jpg 768w, https:\/\/instytutpolski.pl\/budapest\/wp-content\/uploads\/sites\/21\/2026\/04\/Home-Sweet-Home-1-1536x644.jpg 1536w, https:\/\/instytutpolski.pl\/budapest\/wp-content\/uploads\/sites\/21\/2026\/04\/Home-Sweet-Home-1-2048x858.jpg 2048w\" sizes=\"auto, (max-width: 2560px) 100vw, 2560px\" \/><\/a>\n\t\t\t<\/dt><\/dl><dl class='gallery-item'>\n\t\t\t<dt class='gallery-icon landscape'>\n\t\t\t\t<a href='https:\/\/instytutpolski.pl\/budapest\/2026\/04\/08\/32-lengyel-filmtavasz\/home-sweet-home-6\/'><img loading=\"lazy\" decoding=\"async\" width=\"2410\" height=\"997\" src=\"https:\/\/instytutpolski.pl\/budapest\/wp-content\/uploads\/sites\/21\/2026\/04\/Home-Sweet-Home-6.jpg\" class=\"attachment-full size-full\" alt=\"\" srcset=\"https:\/\/instytutpolski.pl\/budapest\/wp-content\/uploads\/sites\/21\/2026\/04\/Home-Sweet-Home-6.jpg 2410w, https:\/\/instytutpolski.pl\/budapest\/wp-content\/uploads\/sites\/21\/2026\/04\/Home-Sweet-Home-6-300x124.jpg 300w, https:\/\/instytutpolski.pl\/budapest\/wp-content\/uploads\/sites\/21\/2026\/04\/Home-Sweet-Home-6-1024x424.jpg 1024w, https:\/\/instytutpolski.pl\/budapest\/wp-content\/uploads\/sites\/21\/2026\/04\/Home-Sweet-Home-6-768x318.jpg 768w, https:\/\/instytutpolski.pl\/budapest\/wp-content\/uploads\/sites\/21\/2026\/04\/Home-Sweet-Home-6-1536x635.jpg 1536w, https:\/\/instytutpolski.pl\/budapest\/wp-content\/uploads\/sites\/21\/2026\/04\/Home-Sweet-Home-6-2048x847.jpg 2048w\" sizes=\"auto, (max-width: 2410px) 100vw, 2410px\" \/><\/a>\n\t\t\t<\/dt><\/dl><dl class='gallery-item'>\n\t\t\t<dt class='gallery-icon landscape'>\n\t\t\t\t<a href='https:\/\/instytutpolski.pl\/budapest\/2026\/04\/08\/32-lengyel-filmtavasz\/home-sweet-home-7\/'><img loading=\"lazy\" decoding=\"async\" width=\"1952\" height=\"808\" src=\"https:\/\/instytutpolski.pl\/budapest\/wp-content\/uploads\/sites\/21\/2026\/04\/Home-Sweet-Home-7.jpg\" class=\"attachment-full size-full\" alt=\"\" srcset=\"https:\/\/instytutpolski.pl\/budapest\/wp-content\/uploads\/sites\/21\/2026\/04\/Home-Sweet-Home-7.jpg 1952w, https:\/\/instytutpolski.pl\/budapest\/wp-content\/uploads\/sites\/21\/2026\/04\/Home-Sweet-Home-7-300x124.jpg 300w, https:\/\/instytutpolski.pl\/budapest\/wp-content\/uploads\/sites\/21\/2026\/04\/Home-Sweet-Home-7-1024x424.jpg 1024w, https:\/\/instytutpolski.pl\/budapest\/wp-content\/uploads\/sites\/21\/2026\/04\/Home-Sweet-Home-7-768x318.jpg 768w, https:\/\/instytutpolski.pl\/budapest\/wp-content\/uploads\/sites\/21\/2026\/04\/Home-Sweet-Home-7-1536x636.jpg 1536w\" sizes=\"auto, (max-width: 1952px) 100vw, 1952px\" \/><\/a>\n\t\t\t<\/dt><\/dl><br style=\"clear: both\" \/>\n\t\t<\/div>\n\n\n\n\n<hr class=\"wp-block-separator has-alpha-channel-opacity\" \/>\n\n\n\n<p><span style=\"color: #ff0000\"><strong><em>LARP. Mi\u0142o\u015b\u0107, trolle i inne questy (LARP \u2013 Szerelem, trollok \u00e9s m\u00e1s k\u00fcldet\u00e9sek)<\/em><\/strong><\/span><\/p>\n\n\n\n<p><strong>26 kwietnia (niedziela)<\/strong>, godz. 19.00<\/p>\n\n\n\n<p><strong>Po filmie odb\u0119dzie si\u0119 rozmowa z R\u00e1chel Zacharidesz-Szab\u00f3 na temat \u015bwiata LARP (Live Action Role-Playing, czyli odgrywanie r\u00f3l na \u017cywo) oraz z Gergelyem Tak\u00e1csem (Spectral Studio) na temat VFX, czyli efekt\u00f3w wizualnych.<\/strong> <strong>Rozmow\u0119 poprowadzi L\u00e1szl\u00f3 Muchichka<\/strong>.<\/p>\n\n\n\n<p>film fabularny, 2025, 90 minut<\/p>\n\n\n\n<p><a href=\"https:\/\/youtu.be\/uLmND0UO-mQ\" target=\"_blank\" rel=\"noreferrer noopener\"><strong>ZWIASTUN<\/strong><\/a><\/p>\n\n\n\n<p><strong>Re\u017cyser: Kordian K\u0105dziela<\/strong><\/p>\n\n\n\n<p>Obsada aktorska: Filip Zar\u0119ba, Martyna Byczkowska, Andrzej Konopka<\/p>\n\n\n\n<p>Produkcja: TFP \u2013 Televison \u00a7 Film Production<\/p>\n\n\n\n<p style=\"text-align: justify\">Opowie\u015b\u0107 o pierwszej mi\u0142o\u015bci, dojrzewaniu i elfach, rodzinnych relacjach (zw\u0142aszcza tych mi\u0119dzy ojcem i synem) oraz odkrywaniu swojej wewn\u0119trznej si\u0142y i budowaniu poczucia w\u0142asnej warto\u015bci. To komedia opowiadaj\u0105ca o ch\u0142opaku ko\u0144cz\u0105cym technikum weterynaryjne i prze\u015bladowanym z powodu bycia zaanga\u017cowanym mi\u0142o\u015bnikiem LARP (live action role-playing).<\/p>\n\n\t\t<style type=\"text\/css\">\n\t\t\t#gallery-4 {\n\t\t\t\tmargin: auto;\n\t\t\t}\n\t\t\t#gallery-4 .gallery-item {\n\t\t\t\tfloat: left;\n\t\t\t\tmargin-top: 10px;\n\t\t\t\ttext-align: center;\n\t\t\t\twidth: 33%;\n\t\t\t}\n\t\t\t#gallery-4 img {\n\t\t\t\tborder: 2px solid #cfcfcf;\n\t\t\t}\n\t\t\t#gallery-4 .gallery-caption {\n\t\t\t\tmargin-left: 0;\n\t\t\t}\n\t\t\t\/* see gallery_shortcode() in wp-includes\/media.php *\/\n\t\t<\/style>\n\t\t<div id='gallery-4' class='gallery galleryid-21952 gallery-columns-3 gallery-size-full'><dl class='gallery-item'>\n\t\t\t<dt class='gallery-icon landscape'>\n\t\t\t\t<a href='https:\/\/instytutpolski.pl\/budapest\/2026\/04\/08\/32-lengyel-filmtavasz\/larp_still_04_250411\/'><img loading=\"lazy\" decoding=\"async\" width=\"1280\" height=\"691\" src=\"https:\/\/instytutpolski.pl\/budapest\/wp-content\/uploads\/sites\/21\/2026\/04\/LARP_STILL_04_250411.jpg\" class=\"attachment-full size-full\" alt=\"\" srcset=\"https:\/\/instytutpolski.pl\/budapest\/wp-content\/uploads\/sites\/21\/2026\/04\/LARP_STILL_04_250411.jpg 1280w, https:\/\/instytutpolski.pl\/budapest\/wp-content\/uploads\/sites\/21\/2026\/04\/LARP_STILL_04_250411-300x162.jpg 300w, https:\/\/instytutpolski.pl\/budapest\/wp-content\/uploads\/sites\/21\/2026\/04\/LARP_STILL_04_250411-1024x553.jpg 1024w, https:\/\/instytutpolski.pl\/budapest\/wp-content\/uploads\/sites\/21\/2026\/04\/LARP_STILL_04_250411-768x415.jpg 768w\" sizes=\"auto, (max-width: 1280px) 100vw, 1280px\" \/><\/a>\n\t\t\t<\/dt><\/dl><dl class='gallery-item'>\n\t\t\t<dt class='gallery-icon landscape'>\n\t\t\t\t<a href='https:\/\/instytutpolski.pl\/budapest\/2026\/04\/08\/32-lengyel-filmtavasz\/larp_still_01_250411\/'><img loading=\"lazy\" decoding=\"async\" width=\"1280\" height=\"691\" src=\"https:\/\/instytutpolski.pl\/budapest\/wp-content\/uploads\/sites\/21\/2026\/04\/LARP_STILL_01_250411.jpg\" class=\"attachment-full size-full\" alt=\"\" srcset=\"https:\/\/instytutpolski.pl\/budapest\/wp-content\/uploads\/sites\/21\/2026\/04\/LARP_STILL_01_250411.jpg 1280w, https:\/\/instytutpolski.pl\/budapest\/wp-content\/uploads\/sites\/21\/2026\/04\/LARP_STILL_01_250411-300x162.jpg 300w, https:\/\/instytutpolski.pl\/budapest\/wp-content\/uploads\/sites\/21\/2026\/04\/LARP_STILL_01_250411-1024x553.jpg 1024w, https:\/\/instytutpolski.pl\/budapest\/wp-content\/uploads\/sites\/21\/2026\/04\/LARP_STILL_01_250411-768x415.jpg 768w\" sizes=\"auto, (max-width: 1280px) 100vw, 1280px\" \/><\/a>\n\t\t\t<\/dt><\/dl><dl class='gallery-item'>\n\t\t\t<dt class='gallery-icon landscape'>\n\t\t\t\t<a href='https:\/\/instytutpolski.pl\/budapest\/2026\/04\/08\/32-lengyel-filmtavasz\/larp_still_05_250411\/'><img loading=\"lazy\" decoding=\"async\" width=\"1280\" height=\"691\" src=\"https:\/\/instytutpolski.pl\/budapest\/wp-content\/uploads\/sites\/21\/2026\/04\/LARP_STILL_05_250411.jpg\" class=\"attachment-full size-full\" alt=\"\" srcset=\"https:\/\/instytutpolski.pl\/budapest\/wp-content\/uploads\/sites\/21\/2026\/04\/LARP_STILL_05_250411.jpg 1280w, https:\/\/instytutpolski.pl\/budapest\/wp-content\/uploads\/sites\/21\/2026\/04\/LARP_STILL_05_250411-300x162.jpg 300w, https:\/\/instytutpolski.pl\/budapest\/wp-content\/uploads\/sites\/21\/2026\/04\/LARP_STILL_05_250411-1024x553.jpg 1024w, https:\/\/instytutpolski.pl\/budapest\/wp-content\/uploads\/sites\/21\/2026\/04\/LARP_STILL_05_250411-768x415.jpg 768w\" sizes=\"auto, (max-width: 1280px) 100vw, 1280px\" \/><\/a>\n\t\t\t<\/dt><\/dl><br style=\"clear: both\" \/>\n\t\t<\/div>\n\n\n\n\n<hr class=\"wp-block-separator has-alpha-channel-opacity\" \/>\n\n\n\n<p><span style=\"color: #ff0000\"><em><strong>Tatarak (Tatarak \u2013 A k\u00e1lmos illata)<\/strong><\/em><\/span><\/p>\n\n\n\n<p><strong>27 kwietnia (poniedzia\u0142ek),<\/strong> godz. 19.00<\/p>\n\n\n\n<p><strong>Po filmie odb\u0119dzie si\u0119 rozmowa z udzia\u0142em historyka filmowego P\u00e9tera Muszaticsa i krytyka filmowego G\u00e9zy P\u00f6r\u00f6sa.<\/strong><\/p>\n\n\n\n<p>film fabularny, 2009, 83 perc<\/p>\n\n\n\n<p><a href=\"https:\/\/youtu.be\/H7UmzW5T2fA\" target=\"_blank\" rel=\"noreferrer noopener\"><strong>ZWIASTUN<\/strong><\/a><\/p>\n\n\n\n<p><strong>Re\u017cyser: Andrzej Wajda<\/strong><\/p>\n\n\n\n<p>Obsada aktorska: Krystyna Janda, Pawe\u0142 Szajda, Jan Englert, Jadwiga Jankowska-Cie\u015blak<\/p>\n\n\n\n<p>Produkcja: Akson Studio<\/p>\n\n\n\n<p style=\"text-align: justify\">Historia do\u015bwiadczonej \u017cyciem, starzej\u0105cej si\u0119 i&nbsp;schorowanej Marty, kt\u00f3ra&nbsp;mieszka ze&nbsp;swoim m\u0119\u017cem w&nbsp;ma\u0142ym miasteczku. Przypadek sprawia, \u017ce&nbsp;na&nbsp;swojej drodze spotyka m\u0142odego i&nbsp;pi\u0119knego m\u0119\u017cczyzn\u0119, kt\u00f3ry&nbsp;zaczyna j\u0105&nbsp;fascynowa\u0107. Jej \u017cycie zmienia si\u0119 ca\u0142kowicie gdy&nbsp;spotkany m\u0119\u017cczyzna ginie na&nbsp;jej oczach w&nbsp;tragicznych okoliczno\u015bciach.<\/p>\n\n\t\t<style type=\"text\/css\">\n\t\t\t#gallery-5 {\n\t\t\t\tmargin: auto;\n\t\t\t}\n\t\t\t#gallery-5 .gallery-item {\n\t\t\t\tfloat: left;\n\t\t\t\tmargin-top: 10px;\n\t\t\t\ttext-align: center;\n\t\t\t\twidth: 33%;\n\t\t\t}\n\t\t\t#gallery-5 img {\n\t\t\t\tborder: 2px solid #cfcfcf;\n\t\t\t}\n\t\t\t#gallery-5 .gallery-caption {\n\t\t\t\tmargin-left: 0;\n\t\t\t}\n\t\t\t\/* see gallery_shortcode() in wp-includes\/media.php *\/\n\t\t<\/style>\n\t\t<div id='gallery-5' class='gallery galleryid-21952 gallery-columns-3 gallery-size-full'><dl class='gallery-item'>\n\t\t\t<dt class='gallery-icon landscape'>\n\t\t\t\t<a href='https:\/\/instytutpolski.pl\/budapest\/2026\/04\/08\/32-lengyel-filmtavasz\/tatarak_080816_9356_pb\/'><img loading=\"lazy\" decoding=\"async\" width=\"2560\" height=\"1707\" src=\"https:\/\/instytutpolski.pl\/budapest\/wp-content\/uploads\/sites\/21\/2026\/04\/TATARAK_080816_9356_PB-scaled.jpg\" class=\"attachment-full size-full\" alt=\"\" srcset=\"https:\/\/instytutpolski.pl\/budapest\/wp-content\/uploads\/sites\/21\/2026\/04\/TATARAK_080816_9356_PB-scaled.jpg 2560w, https:\/\/instytutpolski.pl\/budapest\/wp-content\/uploads\/sites\/21\/2026\/04\/TATARAK_080816_9356_PB-300x200.jpg 300w, https:\/\/instytutpolski.pl\/budapest\/wp-content\/uploads\/sites\/21\/2026\/04\/TATARAK_080816_9356_PB-1024x683.jpg 1024w, https:\/\/instytutpolski.pl\/budapest\/wp-content\/uploads\/sites\/21\/2026\/04\/TATARAK_080816_9356_PB-768x512.jpg 768w, https:\/\/instytutpolski.pl\/budapest\/wp-content\/uploads\/sites\/21\/2026\/04\/TATARAK_080816_9356_PB-1536x1024.jpg 1536w, https:\/\/instytutpolski.pl\/budapest\/wp-content\/uploads\/sites\/21\/2026\/04\/TATARAK_080816_9356_PB-2048x1365.jpg 2048w\" sizes=\"auto, (max-width: 2560px) 100vw, 2560px\" \/><\/a>\n\t\t\t<\/dt><\/dl><dl class='gallery-item'>\n\t\t\t<dt class='gallery-icon landscape'>\n\t\t\t\t<a href='https:\/\/instytutpolski.pl\/budapest\/2026\/04\/08\/32-lengyel-filmtavasz\/film-tatarak-rezyseria-andrzej-wajda\/'><img loading=\"lazy\" decoding=\"async\" width=\"2560\" height=\"1707\" src=\"https:\/\/instytutpolski.pl\/budapest\/wp-content\/uploads\/sites\/21\/2026\/04\/TATARAK_080820_-9894-scaled.jpg\" class=\"attachment-full size-full\" alt=\"\" srcset=\"https:\/\/instytutpolski.pl\/budapest\/wp-content\/uploads\/sites\/21\/2026\/04\/TATARAK_080820_-9894-scaled.jpg 2560w, https:\/\/instytutpolski.pl\/budapest\/wp-content\/uploads\/sites\/21\/2026\/04\/TATARAK_080820_-9894-300x200.jpg 300w, https:\/\/instytutpolski.pl\/budapest\/wp-content\/uploads\/sites\/21\/2026\/04\/TATARAK_080820_-9894-1024x683.jpg 1024w, https:\/\/instytutpolski.pl\/budapest\/wp-content\/uploads\/sites\/21\/2026\/04\/TATARAK_080820_-9894-768x512.jpg 768w, https:\/\/instytutpolski.pl\/budapest\/wp-content\/uploads\/sites\/21\/2026\/04\/TATARAK_080820_-9894-1536x1024.jpg 1536w, https:\/\/instytutpolski.pl\/budapest\/wp-content\/uploads\/sites\/21\/2026\/04\/TATARAK_080820_-9894-2048x1365.jpg 2048w\" sizes=\"auto, (max-width: 2560px) 100vw, 2560px\" \/><\/a>\n\t\t\t<\/dt><\/dl><dl class='gallery-item'>\n\t\t\t<dt class='gallery-icon landscape'>\n\t\t\t\t<a href='https:\/\/instytutpolski.pl\/budapest\/2026\/04\/08\/32-lengyel-filmtavasz\/film-tatarak-rezyseria-andrzej-wajda-2\/'><img loading=\"lazy\" decoding=\"async\" width=\"2560\" height=\"1761\" src=\"https:\/\/instytutpolski.pl\/budapest\/wp-content\/uploads\/sites\/21\/2026\/04\/TATARAK_080818_-2069-scaled.jpg\" class=\"attachment-full size-full\" alt=\"\" srcset=\"https:\/\/instytutpolski.pl\/budapest\/wp-content\/uploads\/sites\/21\/2026\/04\/TATARAK_080818_-2069-scaled.jpg 2560w, https:\/\/instytutpolski.pl\/budapest\/wp-content\/uploads\/sites\/21\/2026\/04\/TATARAK_080818_-2069-300x206.jpg 300w, https:\/\/instytutpolski.pl\/budapest\/wp-content\/uploads\/sites\/21\/2026\/04\/TATARAK_080818_-2069-1024x704.jpg 1024w, https:\/\/instytutpolski.pl\/budapest\/wp-content\/uploads\/sites\/21\/2026\/04\/TATARAK_080818_-2069-768x528.jpg 768w, https:\/\/instytutpolski.pl\/budapest\/wp-content\/uploads\/sites\/21\/2026\/04\/TATARAK_080818_-2069-1536x1057.jpg 1536w, https:\/\/instytutpolski.pl\/budapest\/wp-content\/uploads\/sites\/21\/2026\/04\/TATARAK_080818_-2069-2048x1409.jpg 2048w\" sizes=\"auto, (max-width: 2560px) 100vw, 2560px\" \/><\/a>\n\t\t\t<\/dt><\/dl><br style=\"clear: both\" \/>\n\t\t<\/div>\n\n\n\n\n<hr class=\"wp-block-separator has-alpha-channel-opacity\" \/>\n\n\n\n<p><span style=\"color: #ff0000\"><strong><em>\u015awiat\u0142oczu\u0142a (F\u00e9nyt\u00f6r\u00e9s)<\/em><\/strong><\/span><\/p>\n\n\n\n<p><strong>28 kwietnia (wtorek),<\/strong> godz. 19.00 \u00f3ra<\/p>\n\n\n\n<p>film fabularny, 2024, 92 minut<\/p>\n\n\n\n<p><a href=\"https:\/\/youtu.be\/4pLEcQjYhlo\" target=\"_blank\" rel=\"noreferrer noopener\"><strong>ZWIASTUN<\/strong><\/a><\/p>\n\n\n\n<p><strong>Re\u017cyser: Tadeusz \u015aliwa<\/strong><\/p>\n\n\n\n<p>Obsada aktorska: Matylda Gieg\u017cno, Ignacy Liss, Bart\u0142omiej Deklewa, Aleksandra Pisula<\/p>\n\n\n\n<p>Produkcja: Wonder Films<\/p>\n\n\n\n<p style=\"text-align: justify\">Agata jest spe\u0142nion\u0105 i kochaj\u0105c\u0105 \u017cycie kobiet\u0105. Jest niewidoma. Robert jest uznanym fotografem. Ma wszystko, ale czuje jakby nie mia\u0142 nic. Ich spotkanie zmieni wszystko. Razem zmierz\u0105 si\u0119 z przesz\u0142o\u015bci\u0105 i w\u0142asnymi ograniczeniami, odkrywaj\u0105c, \u017ce prawdziwa mi\u0142o\u015b\u0107 rodzi si\u0119 z akceptacji i odwagi, by by\u0107 sob\u0105.<\/p>\n\n\t\t<style type=\"text\/css\">\n\t\t\t#gallery-6 {\n\t\t\t\tmargin: auto;\n\t\t\t}\n\t\t\t#gallery-6 .gallery-item {\n\t\t\t\tfloat: left;\n\t\t\t\tmargin-top: 10px;\n\t\t\t\ttext-align: center;\n\t\t\t\twidth: 33%;\n\t\t\t}\n\t\t\t#gallery-6 img {\n\t\t\t\tborder: 2px solid #cfcfcf;\n\t\t\t}\n\t\t\t#gallery-6 .gallery-caption {\n\t\t\t\tmargin-left: 0;\n\t\t\t}\n\t\t\t\/* see gallery_shortcode() in wp-includes\/media.php *\/\n\t\t<\/style>\n\t\t<div id='gallery-6' class='gallery galleryid-21952 gallery-columns-3 gallery-size-full'><dl class='gallery-item'>\n\t\t\t<dt class='gallery-icon landscape'>\n\t\t\t\t<a href='https:\/\/instytutpolski.pl\/budapest\/2026\/04\/08\/32-lengyel-filmtavasz\/p1\/'><img loading=\"lazy\" decoding=\"async\" width=\"2560\" height=\"1440\" src=\"https:\/\/instytutpolski.pl\/budapest\/wp-content\/uploads\/sites\/21\/2026\/04\/p1-scaled.jpg\" class=\"attachment-full size-full\" alt=\"\" srcset=\"https:\/\/instytutpolski.pl\/budapest\/wp-content\/uploads\/sites\/21\/2026\/04\/p1-scaled.jpg 2560w, https:\/\/instytutpolski.pl\/budapest\/wp-content\/uploads\/sites\/21\/2026\/04\/p1-300x169.jpg 300w, https:\/\/instytutpolski.pl\/budapest\/wp-content\/uploads\/sites\/21\/2026\/04\/p1-1024x576.jpg 1024w, https:\/\/instytutpolski.pl\/budapest\/wp-content\/uploads\/sites\/21\/2026\/04\/p1-768x432.jpg 768w, https:\/\/instytutpolski.pl\/budapest\/wp-content\/uploads\/sites\/21\/2026\/04\/p1-1536x864.jpg 1536w, https:\/\/instytutpolski.pl\/budapest\/wp-content\/uploads\/sites\/21\/2026\/04\/p1-2048x1152.jpg 2048w, https:\/\/instytutpolski.pl\/budapest\/wp-content\/uploads\/sites\/21\/2026\/04\/p1-1920x1080.jpg 1920w, https:\/\/instytutpolski.pl\/budapest\/wp-content\/uploads\/sites\/21\/2026\/04\/p1-1120x630.jpg 1120w\" sizes=\"auto, (max-width: 2560px) 100vw, 2560px\" \/><\/a>\n\t\t\t<\/dt><\/dl><dl class='gallery-item'>\n\t\t\t<dt class='gallery-icon landscape'>\n\t\t\t\t<a href='https:\/\/instytutpolski.pl\/budapest\/2026\/04\/08\/32-lengyel-filmtavasz\/p5\/'><img loading=\"lazy\" decoding=\"async\" width=\"2560\" height=\"1440\" src=\"https:\/\/instytutpolski.pl\/budapest\/wp-content\/uploads\/sites\/21\/2026\/04\/p5-scaled.jpg\" class=\"attachment-full size-full\" alt=\"\" srcset=\"https:\/\/instytutpolski.pl\/budapest\/wp-content\/uploads\/sites\/21\/2026\/04\/p5-scaled.jpg 2560w, https:\/\/instytutpolski.pl\/budapest\/wp-content\/uploads\/sites\/21\/2026\/04\/p5-300x169.jpg 300w, https:\/\/instytutpolski.pl\/budapest\/wp-content\/uploads\/sites\/21\/2026\/04\/p5-1024x576.jpg 1024w, https:\/\/instytutpolski.pl\/budapest\/wp-content\/uploads\/sites\/21\/2026\/04\/p5-768x432.jpg 768w, https:\/\/instytutpolski.pl\/budapest\/wp-content\/uploads\/sites\/21\/2026\/04\/p5-1536x864.jpg 1536w, https:\/\/instytutpolski.pl\/budapest\/wp-content\/uploads\/sites\/21\/2026\/04\/p5-2048x1152.jpg 2048w, https:\/\/instytutpolski.pl\/budapest\/wp-content\/uploads\/sites\/21\/2026\/04\/p5-1920x1080.jpg 1920w, https:\/\/instytutpolski.pl\/budapest\/wp-content\/uploads\/sites\/21\/2026\/04\/p5-1120x630.jpg 1120w\" sizes=\"auto, (max-width: 2560px) 100vw, 2560px\" \/><\/a>\n\t\t\t<\/dt><\/dl><dl class='gallery-item'>\n\t\t\t<dt class='gallery-icon landscape'>\n\t\t\t\t<a href='https:\/\/instytutpolski.pl\/budapest\/2026\/04\/08\/32-lengyel-filmtavasz\/sw-1\/'><img loading=\"lazy\" decoding=\"async\" width=\"2560\" height=\"1440\" src=\"https:\/\/instytutpolski.pl\/budapest\/wp-content\/uploads\/sites\/21\/2026\/04\/sw-1-scaled.jpg\" class=\"attachment-full size-full\" alt=\"\" srcset=\"https:\/\/instytutpolski.pl\/budapest\/wp-content\/uploads\/sites\/21\/2026\/04\/sw-1-scaled.jpg 2560w, https:\/\/instytutpolski.pl\/budapest\/wp-content\/uploads\/sites\/21\/2026\/04\/sw-1-300x169.jpg 300w, https:\/\/instytutpolski.pl\/budapest\/wp-content\/uploads\/sites\/21\/2026\/04\/sw-1-1024x576.jpg 1024w, https:\/\/instytutpolski.pl\/budapest\/wp-content\/uploads\/sites\/21\/2026\/04\/sw-1-768x432.jpg 768w, https:\/\/instytutpolski.pl\/budapest\/wp-content\/uploads\/sites\/21\/2026\/04\/sw-1-1536x864.jpg 1536w, https:\/\/instytutpolski.pl\/budapest\/wp-content\/uploads\/sites\/21\/2026\/04\/sw-1-2048x1152.jpg 2048w, https:\/\/instytutpolski.pl\/budapest\/wp-content\/uploads\/sites\/21\/2026\/04\/sw-1-1920x1080.jpg 1920w, https:\/\/instytutpolski.pl\/budapest\/wp-content\/uploads\/sites\/21\/2026\/04\/sw-1-1120x630.jpg 1120w\" sizes=\"auto, (max-width: 2560px) 100vw, 2560px\" \/><\/a>\n\t\t\t<\/dt><\/dl><br style=\"clear: both\" \/>\n\t\t<\/div>\n\n\n\n\n<hr class=\"wp-block-separator has-alpha-channel-opacity\" \/>\n\n\n\n<p><span style=\"color: #ff0000\"><em><strong>Dziennik z wycieczki do Budapesztu (Budapesti napl\u00f3)<\/strong><\/em><\/span><\/p>\n\n\n\n<p><strong>29 kwietnia (\u015broda)<\/strong>, godz. 19.00 &#8211; film zamykaj\u0105cy festiwal<\/p>\n\n\n\n<p><strong>Po filmie odb\u0119dzie si\u0119 spotkanie z re\u017cyserem Rafa\u0142em Kapeli\u0144skim.<\/strong> <strong>Rozmow\u0119 poprowadzi Alinda Veiszer. <\/strong><\/p>\n\n\n\n<p>film fabularny, 2024, 127 minut<\/p>\n\n\n\n<p><strong>Re\u017cyser: Rafa\u0142 Kapeli\u0144ski<\/strong><\/p>\n\n\n\n<p>Obsada aktorska: Agnieszka Judycka, Mykyta Liashchenko, Sasha Liashchenko, Gryllus Dorka, Laurent Winkler<\/p>\n\n\n\n<p>Produkcja: Domino Film, Film Fabriq, Bratanki<\/p>\n\n\n\n<p>Dystrybutor: Vertigo M\u00e9dia<\/p>\n\n\n\n<p style=\"text-align: justify\">Polska. Marzec 1981 roku. Jedenastoletni Irek i jego mama Hanna wyje\u017cd\u017caj\u0105 na wycieczk\u0119 autobusow\u0105 do Budapesztu. Jest to pierwszy wyjazd ch\u0142opca za granic\u0119, jego pierwszy kontakt z zachodnim \u015bwiatem. Podczas wyczerpuj\u0105cej podro\u017cy nieogrzewanym autobusem Irek pr\u00f3buje zast\u0105pi\u0107 u boku matki ojca, kt\u00f3ry nie jest zainteresowany podr\u00f3\u017cami. Jego relacja z mam\u0105 pogarsza si\u0119 jednak, gdy okazuje si\u0119, \u017ce prawdziwy pow\u00f3d, dla kt\u00f3rego jego mama zdecydowa\u0142a si\u0119 wyjecha\u0107 do Budapesztu jest zupe\u0142nie inny od obietnic matki.<\/p>\n<p><img loading=\"lazy\" decoding=\"async\" class=\"alignnone  wp-image-21974\" src=\"https:\/\/instytutpolski.pl\/budapest\/wp-content\/uploads\/sites\/21\/2026\/04\/Budapest-Diaries-Poster-Polish-211x300.jpg\" alt=\"\" width=\"422\" height=\"601\" srcset=\"https:\/\/instytutpolski.pl\/budapest\/wp-content\/uploads\/sites\/21\/2026\/04\/Budapest-Diaries-Poster-Polish-211x300.jpg 211w, https:\/\/instytutpolski.pl\/budapest\/wp-content\/uploads\/sites\/21\/2026\/04\/Budapest-Diaries-Poster-Polish-719x1024.jpg 719w, https:\/\/instytutpolski.pl\/budapest\/wp-content\/uploads\/sites\/21\/2026\/04\/Budapest-Diaries-Poster-Polish-768x1095.jpg 768w, https:\/\/instytutpolski.pl\/budapest\/wp-content\/uploads\/sites\/21\/2026\/04\/Budapest-Diaries-Poster-Polish-1078x1536.jpg 1078w, https:\/\/instytutpolski.pl\/budapest\/wp-content\/uploads\/sites\/21\/2026\/04\/Budapest-Diaries-Poster-Polish-1437x2048.jpg 1437w, https:\/\/instytutpolski.pl\/budapest\/wp-content\/uploads\/sites\/21\/2026\/04\/Budapest-Diaries-Poster-Polish-scaled.jpg 1796w\" sizes=\"auto, (max-width: 422px) 100vw, 422px\" \/><\/p>\n\n\n\n<figure class=\"wp-block-image size-large is-resized\"><img loading=\"lazy\" decoding=\"async\" width=\"1024\" height=\"1021\" src=\"https:\/\/instytutpolski.pl\/budapest\/wp-content\/uploads\/sites\/21\/2026\/04\/Budapest-Diaries-2-1-1024x1021.png\" alt=\"\" class=\"wp-image-21911\" style=\"width:424px;height:auto\" srcset=\"https:\/\/instytutpolski.pl\/budapest\/wp-content\/uploads\/sites\/21\/2026\/04\/Budapest-Diaries-2-1-1024x1021.png 1024w, https:\/\/instytutpolski.pl\/budapest\/wp-content\/uploads\/sites\/21\/2026\/04\/Budapest-Diaries-2-1-300x300.png 300w, https:\/\/instytutpolski.pl\/budapest\/wp-content\/uploads\/sites\/21\/2026\/04\/Budapest-Diaries-2-1-150x150.png 150w, https:\/\/instytutpolski.pl\/budapest\/wp-content\/uploads\/sites\/21\/2026\/04\/Budapest-Diaries-2-1-768x766.png 768w, https:\/\/instytutpolski.pl\/budapest\/wp-content\/uploads\/sites\/21\/2026\/04\/Budapest-Diaries-2-1.png 1458w\" sizes=\"auto, (max-width: 1024px) 100vw, 1024px\" \/><\/figure>\n\n\n<div class=\"wp-block-image\">\n<figure class=\"aligncenter size-full is-resized\"><img loading=\"lazy\" decoding=\"async\" width=\"700\" height=\"300\" src=\"https:\/\/instytutpolski.pl\/budapest\/wp-content\/uploads\/sites\/21\/2026\/04\/700x300-Lengyel-Filmtavasz-32.jpg\" alt=\"\" class=\"wp-image-21996\" style=\"width:840px;height:auto\" srcset=\"https:\/\/instytutpolski.pl\/budapest\/wp-content\/uploads\/sites\/21\/2026\/04\/700x300-Lengyel-Filmtavasz-32.jpg 700w, https:\/\/instytutpolski.pl\/budapest\/wp-content\/uploads\/sites\/21\/2026\/04\/700x300-Lengyel-Filmtavasz-32-300x129.jpg 300w, https:\/\/instytutpolski.pl\/budapest\/wp-content\/uploads\/sites\/21\/2026\/04\/700x300-Lengyel-Filmtavasz-32-350x150.jpg 350w\" sizes=\"auto, (max-width: 700px) 100vw, 700px\" \/><\/figure><\/div>\n\n\n<p><\/p>\n","protected":false},"excerpt":{"rendered":"<p>23-29 kwietnia 2026, Kino TOLDI w Budapeszcie PROGRAM 23 kwietnia (czwartek), godz. 19.00 &#8211; film otwieraj\u0105cy festiwal: Chopin, Chopin! (Chopin \u2013 P\u00e1rizsi szon\u00e1ta) 24 kwietnia (pi\u0105tek), godz. 19.00: Brat (Fiv\u00e9rem) 25 kwietnia (sobota), godz. 19.00: Dom dobry (Otthon, \u00e9des otthon) 26 kwietnia (niedziela), godz. 19.00: LARP. Mi\u0142o\u015b\u0107, trolle i inne questy (LARP \u2013 Szerelem, trollok [&hellip;]<\/p>\n","protected":false},"author":137,"featured_media":21790,"comment_status":"open","ping_status":"open","sticky":true,"template":"","format":"standard","meta":{"inline_featured_image":false,"_monsterinsights_skip_tracking":false,"_monsterinsights_sitenote_active":false,"_monsterinsights_sitenote_note":"","_monsterinsights_sitenote_category":0,"footnotes":""},"categories":[72,40],"tags":[],"class_list":["post-21952","post","type-post","status-publish","format-standard","has-post-thumbnail","hentry","category-film-pl","category-program-pl"],"yoast_head":"<!-- This site is optimized with the Yoast SEO plugin v24.6 - https:\/\/yoast.com\/wordpress\/plugins\/seo\/ -->\n<title>32. Polska Wiosna Filmowa - Instytut Polski w Budapeszcie<\/title>\n<meta name=\"robots\" content=\"index, follow, max-snippet:-1, max-image-preview:large, max-video-preview:-1\" \/>\n<link rel=\"canonical\" href=\"https:\/\/instytutpolski.pl\/budapest\/pl\/2026\/04\/08\/32-polska-wiosna-filmowa\/\" \/>\n<meta property=\"og:locale\" content=\"pl_PL\" \/>\n<meta property=\"og:type\" content=\"article\" \/>\n<meta property=\"og:title\" content=\"32. Polska Wiosna Filmowa - Instytut Polski w Budapeszcie\" \/>\n<meta property=\"og:description\" content=\"23-29 kwietnia 2026, Kino TOLDI w Budapeszcie PROGRAM 23 kwietnia (czwartek), godz. 19.00 &#8211; film otwieraj\u0105cy festiwal: Chopin, Chopin! (Chopin \u2013 P\u00e1rizsi szon\u00e1ta) 24 kwietnia (pi\u0105tek), godz. 19.00: Brat (Fiv\u00e9rem) 25 kwietnia (sobota), godz. 19.00: Dom dobry (Otthon, \u00e9des otthon) 26 kwietnia (niedziela), godz. 19.00: LARP. Mi\u0142o\u015b\u0107, trolle i inne questy (LARP \u2013 Szerelem, trollok [&hellip;]\" \/>\n<meta property=\"og:url\" content=\"https:\/\/instytutpolski.pl\/budapest\/pl\/2026\/04\/08\/32-polska-wiosna-filmowa\/\" \/>\n<meta property=\"og:site_name\" content=\"Instytut Polski w Budapeszcie\" \/>\n<meta property=\"article:published_time\" content=\"2026-04-08T07:32:10+00:00\" \/>\n<meta property=\"article:modified_time\" content=\"2026-04-22T12:20:26+00:00\" \/>\n<meta property=\"og:image\" content=\"https:\/\/instytutpolski.pl\/budapest\/wp-content\/uploads\/sites\/21\/2026\/03\/1200x630-Lengyel-Filmtavasz-32.jpg\" \/>\n\t<meta property=\"og:image:width\" content=\"1200\" \/>\n\t<meta property=\"og:image:height\" content=\"630\" \/>\n\t<meta property=\"og:image:type\" content=\"image\/jpeg\" \/>\n<meta name=\"author\" content=\"jergert\" \/>\n<meta name=\"twitter:card\" content=\"summary_large_image\" \/>\n<meta name=\"twitter:label1\" content=\"Napisane przez\" \/>\n\t<meta name=\"twitter:data1\" content=\"jergert\" \/>\n\t<meta name=\"twitter:label2\" content=\"Szacowany czas czytania\" \/>\n\t<meta name=\"twitter:data2\" content=\"8 minut\" \/>\n<script type=\"application\/ld+json\" class=\"yoast-schema-graph\">{\"@context\":\"https:\/\/schema.org\",\"@graph\":[{\"@type\":\"event\",\"@id\":\"https:\/\/instytutpolski.pl\/budapest\/pl\/2026\/04\/08\/32-polska-wiosna-filmowa\/\",\"url\":\"https:\/\/instytutpolski.pl\/budapest\/pl\/2026\/04\/08\/32-polska-wiosna-filmowa\/\",\"name\":\"32. Polska Wiosna Filmowa\",\"isPartOf\":{\"@id\":\"https:\/\/instytutpolski.pl\/budapest\/#website\"},\"primaryImageOfPage\":{\"@id\":\"https:\/\/instytutpolski.pl\/budapest\/pl\/2026\/04\/08\/32-polska-wiosna-filmowa\/#primaryimage\"},\"image\":[\"https:\/\/instytutpolski.pl\/budapest\/wp-content\/uploads\/sites\/21\/2026\/03\/1200x630-Lengyel-Filmtavasz-32.jpg\",\"https:\/\/instytutpolski.pl\/budapest\/wp-content\/uploads\/sites\/21\/2026\/03\/1200x630-Lengyel-Filmtavasz-32-300x158.jpg\",\"https:\/\/instytutpolski.pl\/budapest\/wp-content\/uploads\/sites\/21\/2026\/03\/1200x630-Lengyel-Filmtavasz-32-1024x538.jpg\",\"https:\/\/instytutpolski.pl\/budapest\/wp-content\/uploads\/sites\/21\/2026\/03\/1200x630-Lengyel-Filmtavasz-32.jpg\"],\"thumbnailUrl\":\"https:\/\/instytutpolski.pl\/budapest\/wp-content\/uploads\/sites\/21\/2026\/03\/1200x630-Lengyel-Filmtavasz-32.jpg\",\"datePublished\":\"2026-04-08T07:32:10+02:00\",\"dateModified\":\"2026-04-22T12:20:26+02:00\",\"author\":{\"@id\":\"https:\/\/instytutpolski.pl\/budapest\/#\/schema\/person\/419f42c17704d0a78250bf0c7858df52\"},\"breadcrumb\":{\"@id\":\"https:\/\/instytutpolski.pl\/budapest\/pl\/2026\/04\/08\/32-polska-wiosna-filmowa\/#breadcrumb\"},\"inLanguage\":\"pl-PL\",\"potentialAction\":[{\"@type\":\"ReadAction\",\"target\":[\"https:\/\/instytutpolski.pl\/budapest\/pl\/2026\/04\/08\/32-polska-wiosna-filmowa\/\"]}],\"@context\":\"https:\/\/schema.org\",\"startDate\":\"2026-04-23\",\"endDate\":\"2026-04-29\",\"eventStatus\":\"EventScheduled\",\"eventAttendanceMode\":\"OfflineEventAttendanceMode\",\"location\":{\"@type\":\"place\",\"name\":\"\",\"address\":\"\",\"geo\":{\"@type\":\"GeoCoordinates\",\"latitude\":\"\",\"longitude\":\"\"}},\"description\":\"23-29 kwietnia 2026, Kino TOLDI w Budapeszcie\\nPROGRAM\\n23 kwietnia (czwartek), godz. 19.00  - film otwieraj\u0105cy festiwal: Chopin, Chopin! (Chopin \u2013 P\u00e1rizsi szon\u00e1ta)\\n24 kwietnia (pi\u0105tek), godz. 19.00: Brat (Fiv\u00e9rem)\\n25 kwietnia (sobota), godz. 19.00: Dom dobry (Otthon, \u00e9des otthon)\\n26 kwietnia (niedziela), godz. 19.00: LARP. Mi\u0142o\u015b\u0107, trolle i inne questy (LARP \u2013 Szerelem, trollok \u00e9s m\u00e1s k\u00fcldet\u00e9sek)\\n27 kwietnia (poniedzia\u0142ek), godz. 19.00: Tatarak (Tatarak \u2013 A k\u00e1lmos illata)\\n28 kwietnia (wtorek), godz. 19.00 \u00f3ra: \u015awiat\u0142oczu\u0142a (F\u00e9nyt\u00f6r\u00e9s)\\n29 kwietnia (\u015broda), godz. 19.00 - film zamykaj\u0105cy festiwal: Dziennik z wycieczki do Budapesztu (Budapesti napl\u00f3)\\nSPOT FESTIWALU\\nFilmy wy\u015bwietlane s\u0105 w oryginalnej wersji j\u0119zykowej z w\u0119gierskimi napisami.\\nBilet normalny: 2 900 Ft\\nBilet ulgowy: 2 400 Ft\\nMiejce pokaz\u00f3w: TOLDI MOZI - 1054 Budapest, Bajcsy-Zsilinszky \u00fat 36-38.\\nInformacja o biletach: +36 1 224-5650 (codziennie w godzinach 13.00-21.00)\\nE-mail: callcenter@bpfilm.hu\\nSzczeg\u00f3\u0142owy program w j\u0119zyku w\u0119gierskim, ZAKUP BILET\u00d3W ONLINE na stronie kina TOLDI: https:\/\/toldimozi.hu\/programok\/32-lengyel-filmtavasz\\n32. Polska Wiosna Filmowa jest organizowana przez Instytut Polski w Budapeszcie przy wsparciu Polskiego Instytutu Sztuki Filmowej.\\nPartnerzy: Toldi mozi, Budapest Film, Filmarin Studio, Spectral Studio, Vertigo M\u00e9dia, Pannonia Entertainment, NANE \u2013 N\u0151k a N\u0151k\u00e9rt Egy\u00fctt az Er\u0151szak Ellen Egyes\u00fclet\\nSZCZEG\u00d3\u0141OWY PROGRAM, FILMY FESTIWALU\\nChopin, Chopin! (Chopin \u2013 P\u00e1rizsi szon\u00e1ta)\\n23 kwietnia (czwartek), godz. 19.00 - film otwieraj\u0105cy festiwal\\nfilm fabularny, 2025, 128 minut\\nZWIASTUN\\nRe\u017cyser: Micha\u0142 Kwieci\u0144ski\\nObsada aktorska: Eryk Kulm, Josephine de la Baume, Victor Meutelet, Lambert Wilson, Karolina Gruszka\\nProdukcja: Akson Studio\\nDystrybutor: Vertigo M\u00e9dia\\nPary\u017c, 1835 rok. Fryderyk Chopin ma 25 lat i jest ulubie\u0144cem paryskich salon\u00f3w, arystokracji i kr\u00f3la Francji. \u017badne znacz\u0105ce wydarzenie nie mo\u017ce odby\u0107 si\u0119 bez jego udzia\u0142u. Widzimy go podczas nocnych eskapad i afterparty po koncertach. Zazwyczaj pe\u0142nego energii, przykrywaj\u0105cego chorob\u0119 \u017cartem. Jego \u017cycie ucieka, jednak Fryderyk nie zwalnia. Komponuje arcydzie\u0142a, tak\u017ce na zam\u00f3wienie. Ze wzgl\u0119du na zobowi\u0105zania finansowe udziela lekcji gry na fortepianie. Przyjaciele go podziwiaj\u0105, a kobiety pragn\u0105 jako kochanka.\\n[gallery size=\\\"full\\\" ids=\\\"21891,21887,21890\\\"]\\nBrat (Fiv\u00e9rem)\\n24 kwietnia (pi\u0105tek), godz. 19.00\\nfilm fabularny, 2025, 94 minut\\nPo filmie odb\u0119dzie si\u0119 spotkanie z re\u017cyserem Maciejem Sobieszcza\u0144skim. Rozmow\u0119 poprowadzi Alinda Veiszer. \\nZWIASTUN\\nRe\u017cyser: Maciej Sobieszcza\u0144ski\\nObsada aktorska: Filip Wi\u0142komirski, Tytus Szymczuk, Agnieszka Grochowska, Julian \u015awie\u017cewski, Jacek Braciak\\nProdukcja: Apple Film Production\\nPoruszaj\u0105ca opowie\u015b\u0107 o kobiecie i rodzinie wystawionej na pr\u00f3b\u0119 w \u015bwiecie przemocy, niespe\u0142nionych ambicji i narastaj\u0105cego chaosu. 14-letni Dawid opiekuje si\u0119 m\u0142odszym bratem i pr\u00f3buje sprosta\u0107 oczekiwaniom matki, kt\u00f3ra chce wyrwa\u0107 si\u0119 z toksycznej przesz\u0142o\u015bci i zacz\u0105\u0107 od nowa, bez m\u0119\u017ca osadzonego w wi\u0119zieniu. Cho\u0107 ch\u0142opak ma talent i si\u0142\u0119, to w codzienno\u015bci rozpi\u0119tej mi\u0119dzy szko\u0142\u0105, domem i ulic\u0105 coraz trudniej mu zachowa\u0107 kontrol\u0119. Wszystko komplikuje si\u0119 jeszcze bardziej, gdy w ich \u017cycie wkracza Konrad \u2013 jedyny doros\u0142y, kt\u00f3remu Dawid naprawd\u0119 ufa. To jednak dopiero pocz\u0105tek burzliwych wydarze\u0144, kt\u00f3re mog\u0105 ostatecznie rozbi\u0107 t\u0119 rodzin\u0119\u2026 albo j\u0105 ocali\u0107.\\n[gallery size=\\\"full\\\" ids=\\\"21919,21920,21921\\\"]\\nDom dobry (Otthon, \u00e9des otthon)\\n25 kwietnia (sobota), godz. 19.00\\nPo filmie odb\u0119dzie si\u0119 rozmawa z Gy\u00f6rgyi T\u00f3th, cz\u0142onkiem stowarzyszenia NANE \u2013 N\u0151k a N\u0151k\u00e9rt Egy\u00fctt az Er\u0151szak Ellen Egyes\u00fclet (Kobiety dla Kobiet Razem przeciwko Przemocy). Rozmow\u0119 poprowadzi Alinda Veiszer.\\nfilm fabularny, 2025, 107 minut\\nZWIASTUN\\nRe\u017cyser: Wojciech Smarzowski\\nObsada aktorska: Agata Turkot, Tomasz Schuchardt, Agata Kulesza\\nProdukcja: Lucky Bob\\nDystrybutor: Pannonia Entertainment\\nKiedy Go\u015bka poznaje w internecie Grze\u015bka, jest przekonana, \u017ce to w ko\u0144cu Ten Jedyny. Grzesiek wariuje na jej punkcie, obsypuje kwiatami, o\u015bwiadcza si\u0119 w Wenecji. To musi by\u0107 mi\u0142o\u015b\u0107, prawda? Ale na tym perfekcyjnym obrazku szybko zaczynaj\u0105 pojawia\u0107 si\u0119 rysy. Wkr\u00f3tce ich wsp\u00f3lny dom staje si\u0119 dla Go\u015bki najniebezpieczniejszym z miejsc. To film o granicach mi\u0142o\u015bci, kt\u00f3rego nie da si\u0119 zapomnie\u0107.\\n[gallery size=\\\"full\\\" ids=\\\"21894,21895,21897\\\"]\\nLARP. Mi\u0142o\u015b\u0107, trolle i inne questy (LARP \u2013 Szerelem, trollok \u00e9s m\u00e1s k\u00fcldet\u00e9sek)\\n26 kwietnia (niedziela), godz. 19.00\\nPo filmie odb\u0119dzie si\u0119 rozmowa z R\u00e1chel Zacharidesz-Szab\u00f3 na temat \u015bwiata LARP (Live Action Role-Playing, czyli odgrywanie r\u00f3l na \u017cywo) oraz z Gergelyem Tak\u00e1csem (Spectral Studio) na temat VFX, czyli efekt\u00f3w wizualnych. Rozmow\u0119 poprowadzi L\u00e1szl\u00f3 Muchichka.\\nfilm fabularny, 2025, 90 minut\\nZWIASTUN\\nRe\u017cyser: Kordian K\u0105dziela\\nObsada aktorska: Filip Zar\u0119ba, Martyna Byczkowska, Andrzej Konopka\\nProdukcja: TFP \u2013 Televison \u00a7 Film Production\\nOpowie\u015b\u0107 o pierwszej mi\u0142o\u015bci, dojrzewaniu i elfach, rodzinnych relacjach (zw\u0142aszcza tych mi\u0119dzy ojcem i synem) oraz odkrywaniu swojej wewn\u0119trznej si\u0142y i budowaniu poczucia w\u0142asnej warto\u015bci. To komedia opowiadaj\u0105ca o ch\u0142opaku ko\u0144cz\u0105cym technikum weterynaryjne i prze\u015bladowanym z powodu bycia zaanga\u017cowanym mi\u0142o\u015bnikiem LARP (live action role-playing).\\n[gallery size=\\\"full\\\" ids=\\\"21901,21900,21902\\\"]\\nTatarak (Tatarak \u2013 A k\u00e1lmos illata)\\n27 kwietnia (poniedzia\u0142ek), godz. 19.00\\nPo filmie odb\u0119dzie si\u0119 rozmowa z udzia\u0142em historyka filmowego P\u00e9tera Muszaticsa i krytyka filmowego G\u00e9zy P\u00f6r\u00f6sa.\\nfilm fabularny, 2009, 83 perc\\nZWIASTUN\\nRe\u017cyser: Andrzej Wajda\\nObsada aktorska: Krystyna Janda, Pawe\u0142 Szajda, Jan Englert, Jadwiga Jankowska-Cie\u015blak\\nProdukcja: Akson Studio\\nHistoria do\u015bwiadczonej \u017cyciem, starzej\u0105cej si\u0119 i schorowanej Marty, kt\u00f3ra mieszka ze swoim m\u0119\u017cem w ma\u0142ym miasteczku. Przypadek sprawia, \u017ce na swojej drodze spotyka m\u0142odego i pi\u0119knego m\u0119\u017cczyzn\u0119, kt\u00f3ry zaczyna j\u0105 fascynowa\u0107. Jej \u017cycie zmienia si\u0119 ca\u0142kowicie gdy spotkany m\u0119\u017cczyzna ginie na jej oczach w tragicznych okoliczno\u015bciach.\\n[gallery size=\\\"full\\\" ids=\\\"21905,21906,21907\\\"]\\n\u015awiat\u0142oczu\u0142a (F\u00e9nyt\u00f6r\u00e9s)\\n28 kwietnia (wtorek), godz. 19.00 \u00f3ra\\nfilm fabularny, 2024, 92 minut\\nZWIASTUN\\nRe\u017cyser: Tadeusz \u015aliwa\\nObsada aktorska: Matylda Gieg\u017cno, Ignacy Liss, Bart\u0142omiej Deklewa, Aleksandra Pisula\\nProdukcja: Wonder Films\\nAgata jest spe\u0142nion\u0105 i kochaj\u0105c\u0105 \u017cycie kobiet\u0105. Jest niewidoma. Robert jest uznanym fotografem. Ma wszystko, ale czuje jakby nie mia\u0142 nic. Ich spotkanie zmieni wszystko. Razem zmierz\u0105 si\u0119 z przesz\u0142o\u015bci\u0105 i w\u0142asnymi ograniczeniami, odkrywaj\u0105c, \u017ce prawdziwa mi\u0142o\u015b\u0107 rodzi si\u0119 z akceptacji i odwagi, by by\u0107 sob\u0105.\\n[gallery size=\\\"full\\\" ids=\\\"21914,21915,21916\\\"]\\nDziennik z wycieczki do Budapesztu (Budapesti napl\u00f3)\\n29 kwietnia (\u015broda), godz. 19.00 - film zamykaj\u0105cy festiwal\\nPo filmie odb\u0119dzie si\u0119 spotkanie z re\u017cyserem Rafa\u0142em Kapeli\u0144skim. Rozmow\u0119 poprowadzi Alinda Veiszer. \\nfilm fabularny, 2024, 127 minut\\nRe\u017cyser: Rafa\u0142 Kapeli\u0144ski\\nObsada aktorska: Agnieszka Judycka, Mykyta Liashchenko, Sasha Liashchenko, Gryllus Dorka, Laurent Winkler\\nProdukcja: Domino Film, Film Fabriq, Bratanki\\nDystrybutor: Vertigo M\u00e9dia\\nPolska. Marzec 1981 roku. Jedenastoletni Irek i jego mama Hanna wyje\u017cd\u017caj\u0105 na wycieczk\u0119 autobusow\u0105 do Budapesztu. Jest to pierwszy wyjazd ch\u0142opca za granic\u0119, jego pierwszy kontakt z zachodnim \u015bwiatem. Podczas wyczerpuj\u0105cej podro\u017cy nieogrzewanym autobusem Irek pr\u00f3buje zast\u0105pi\u0107 u boku matki ojca, kt\u00f3ry nie jest zainteresowany podr\u00f3\u017cami. Jego relacja z mam\u0105 pogarsza si\u0119 jednak, gdy okazuje si\u0119, \u017ce prawdziwy pow\u00f3d, dla kt\u00f3rego jego mama zdecydowa\u0142a si\u0119 wyjecha\u0107 do Budapesztu jest zupe\u0142nie inny od obietnic matki.\"},{\"@type\":\"ImageObject\",\"inLanguage\":\"pl-PL\",\"@id\":\"https:\/\/instytutpolski.pl\/budapest\/pl\/2026\/04\/08\/32-polska-wiosna-filmowa\/#primaryimage\",\"url\":\"https:\/\/instytutpolski.pl\/budapest\/wp-content\/uploads\/sites\/21\/2026\/03\/1200x630-Lengyel-Filmtavasz-32.jpg\",\"contentUrl\":\"https:\/\/instytutpolski.pl\/budapest\/wp-content\/uploads\/sites\/21\/2026\/03\/1200x630-Lengyel-Filmtavasz-32.jpg\",\"width\":1200,\"height\":630},{\"@type\":\"BreadcrumbList\",\"@id\":\"https:\/\/instytutpolski.pl\/budapest\/pl\/2026\/04\/08\/32-polska-wiosna-filmowa\/#breadcrumb\",\"itemListElement\":[{\"@type\":\"ListItem\",\"position\":1,\"name\":\"Home\",\"item\":\"https:\/\/instytutpolski.pl\/budapest\/\"},{\"@type\":\"ListItem\",\"position\":2,\"name\":\"32. Polska Wiosna Filmowa\"}]},{\"@type\":\"WebSite\",\"@id\":\"https:\/\/instytutpolski.pl\/budapest\/#website\",\"url\":\"https:\/\/instytutpolski.pl\/budapest\/\",\"name\":\"Instytut Polski w Budapeszcie\",\"description\":\"Instytuty Polskie\",\"potentialAction\":[{\"@type\":\"SearchAction\",\"target\":{\"@type\":\"EntryPoint\",\"urlTemplate\":\"https:\/\/instytutpolski.pl\/budapest\/?s={search_term_string}\"},\"query-input\":{\"@type\":\"PropertyValueSpecification\",\"valueRequired\":true,\"valueName\":\"search_term_string\"}}],\"inLanguage\":\"pl-PL\"},{\"@type\":\"Person\",\"@id\":\"https:\/\/instytutpolski.pl\/budapest\/#\/schema\/person\/419f42c17704d0a78250bf0c7858df52\",\"name\":\"jergert\",\"image\":{\"@type\":\"ImageObject\",\"inLanguage\":\"pl-PL\",\"@id\":\"https:\/\/instytutpolski.pl\/budapest\/#\/schema\/person\/image\/\",\"url\":\"https:\/\/secure.gravatar.com\/avatar\/8929296b454dc3d29ecb811f4703b7f3?s=96&d=mm&r=g\",\"contentUrl\":\"https:\/\/secure.gravatar.com\/avatar\/8929296b454dc3d29ecb811f4703b7f3?s=96&d=mm&r=g\",\"caption\":\"jergert\"},\"sameAs\":[\"http:\/\/jergert\",\"jergert\"],\"url\":\"https:\/\/instytutpolski.pl\/budapest\/author\/jergert\/\"}]}<\/script>\n<!-- \/ Yoast SEO plugin. -->","yoast_head_json":{"title":"32. Polska Wiosna Filmowa - Instytut Polski w Budapeszcie","robots":{"index":"index","follow":"follow","max-snippet":"max-snippet:-1","max-image-preview":"max-image-preview:large","max-video-preview":"max-video-preview:-1"},"canonical":"https:\/\/instytutpolski.pl\/budapest\/pl\/2026\/04\/08\/32-polska-wiosna-filmowa\/","og_locale":"pl_PL","og_type":"article","og_title":"32. Polska Wiosna Filmowa - Instytut Polski w Budapeszcie","og_description":"23-29 kwietnia 2026, Kino TOLDI w Budapeszcie PROGRAM 23 kwietnia (czwartek), godz. 19.00 &#8211; film otwieraj\u0105cy festiwal: Chopin, Chopin! (Chopin \u2013 P\u00e1rizsi szon\u00e1ta) 24 kwietnia (pi\u0105tek), godz. 19.00: Brat (Fiv\u00e9rem) 25 kwietnia (sobota), godz. 19.00: Dom dobry (Otthon, \u00e9des otthon) 26 kwietnia (niedziela), godz. 19.00: LARP. Mi\u0142o\u015b\u0107, trolle i inne questy (LARP \u2013 Szerelem, trollok [&hellip;]","og_url":"https:\/\/instytutpolski.pl\/budapest\/pl\/2026\/04\/08\/32-polska-wiosna-filmowa\/","og_site_name":"Instytut Polski w Budapeszcie","article_published_time":"2026-04-08T07:32:10+00:00","article_modified_time":"2026-04-22T12:20:26+00:00","og_image":[{"width":1200,"height":630,"url":"https:\/\/instytutpolski.pl\/budapest\/wp-content\/uploads\/sites\/21\/2026\/03\/1200x630-Lengyel-Filmtavasz-32.jpg","type":"image\/jpeg"}],"author":"jergert","twitter_card":"summary_large_image","twitter_misc":{"Napisane przez":"jergert","Szacowany czas czytania":"8 minut"},"schema":{"@context":"https:\/\/schema.org","@graph":[{"@type":"event","@id":"https:\/\/instytutpolski.pl\/budapest\/pl\/2026\/04\/08\/32-polska-wiosna-filmowa\/","url":"https:\/\/instytutpolski.pl\/budapest\/pl\/2026\/04\/08\/32-polska-wiosna-filmowa\/","name":"32. Polska Wiosna Filmowa","isPartOf":{"@id":"https:\/\/instytutpolski.pl\/budapest\/#website"},"primaryImageOfPage":{"@id":"https:\/\/instytutpolski.pl\/budapest\/pl\/2026\/04\/08\/32-polska-wiosna-filmowa\/#primaryimage"},"image":["https:\/\/instytutpolski.pl\/budapest\/wp-content\/uploads\/sites\/21\/2026\/03\/1200x630-Lengyel-Filmtavasz-32.jpg","https:\/\/instytutpolski.pl\/budapest\/wp-content\/uploads\/sites\/21\/2026\/03\/1200x630-Lengyel-Filmtavasz-32-300x158.jpg","https:\/\/instytutpolski.pl\/budapest\/wp-content\/uploads\/sites\/21\/2026\/03\/1200x630-Lengyel-Filmtavasz-32-1024x538.jpg","https:\/\/instytutpolski.pl\/budapest\/wp-content\/uploads\/sites\/21\/2026\/03\/1200x630-Lengyel-Filmtavasz-32.jpg"],"thumbnailUrl":"https:\/\/instytutpolski.pl\/budapest\/wp-content\/uploads\/sites\/21\/2026\/03\/1200x630-Lengyel-Filmtavasz-32.jpg","datePublished":"2026-04-08T07:32:10+02:00","dateModified":"2026-04-22T12:20:26+02:00","author":{"@id":"https:\/\/instytutpolski.pl\/budapest\/#\/schema\/person\/419f42c17704d0a78250bf0c7858df52"},"breadcrumb":{"@id":"https:\/\/instytutpolski.pl\/budapest\/pl\/2026\/04\/08\/32-polska-wiosna-filmowa\/#breadcrumb"},"inLanguage":"pl-PL","potentialAction":[{"@type":"ReadAction","target":["https:\/\/instytutpolski.pl\/budapest\/pl\/2026\/04\/08\/32-polska-wiosna-filmowa\/"]}],"@context":"https:\/\/schema.org","startDate":"2026-04-23","endDate":"2026-04-29","eventStatus":"EventScheduled","eventAttendanceMode":"OfflineEventAttendanceMode","location":{"@type":"place","name":"","address":"","geo":{"@type":"GeoCoordinates","latitude":"","longitude":""}},"description":"23-29 kwietnia 2026, Kino TOLDI w Budapeszcie\nPROGRAM\n23 kwietnia (czwartek), godz. 19.00  - film otwieraj\u0105cy festiwal: Chopin, Chopin! (Chopin \u2013 P\u00e1rizsi szon\u00e1ta)\n24 kwietnia (pi\u0105tek), godz. 19.00: Brat (Fiv\u00e9rem)\n25 kwietnia (sobota), godz. 19.00: Dom dobry (Otthon, \u00e9des otthon)\n26 kwietnia (niedziela), godz. 19.00: LARP. Mi\u0142o\u015b\u0107, trolle i inne questy (LARP \u2013 Szerelem, trollok \u00e9s m\u00e1s k\u00fcldet\u00e9sek)\n27 kwietnia (poniedzia\u0142ek), godz. 19.00: Tatarak (Tatarak \u2013 A k\u00e1lmos illata)\n28 kwietnia (wtorek), godz. 19.00 \u00f3ra: \u015awiat\u0142oczu\u0142a (F\u00e9nyt\u00f6r\u00e9s)\n29 kwietnia (\u015broda), godz. 19.00 - film zamykaj\u0105cy festiwal: Dziennik z wycieczki do Budapesztu (Budapesti napl\u00f3)\nSPOT FESTIWALU\nFilmy wy\u015bwietlane s\u0105 w oryginalnej wersji j\u0119zykowej z w\u0119gierskimi napisami.\nBilet normalny: 2 900 Ft\nBilet ulgowy: 2 400 Ft\nMiejce pokaz\u00f3w: TOLDI MOZI - 1054 Budapest, Bajcsy-Zsilinszky \u00fat 36-38.\nInformacja o biletach: +36 1 224-5650 (codziennie w godzinach 13.00-21.00)\nE-mail: callcenter@bpfilm.hu\nSzczeg\u00f3\u0142owy program w j\u0119zyku w\u0119gierskim, ZAKUP BILET\u00d3W ONLINE na stronie kina TOLDI: https:\/\/toldimozi.hu\/programok\/32-lengyel-filmtavasz\n32. Polska Wiosna Filmowa jest organizowana przez Instytut Polski w Budapeszcie przy wsparciu Polskiego Instytutu Sztuki Filmowej.\nPartnerzy: Toldi mozi, Budapest Film, Filmarin Studio, Spectral Studio, Vertigo M\u00e9dia, Pannonia Entertainment, NANE \u2013 N\u0151k a N\u0151k\u00e9rt Egy\u00fctt az Er\u0151szak Ellen Egyes\u00fclet\nSZCZEG\u00d3\u0141OWY PROGRAM, FILMY FESTIWALU\nChopin, Chopin! (Chopin \u2013 P\u00e1rizsi szon\u00e1ta)\n23 kwietnia (czwartek), godz. 19.00 - film otwieraj\u0105cy festiwal\nfilm fabularny, 2025, 128 minut\nZWIASTUN\nRe\u017cyser: Micha\u0142 Kwieci\u0144ski\nObsada aktorska: Eryk Kulm, Josephine de la Baume, Victor Meutelet, Lambert Wilson, Karolina Gruszka\nProdukcja: Akson Studio\nDystrybutor: Vertigo M\u00e9dia\nPary\u017c, 1835 rok. Fryderyk Chopin ma 25 lat i jest ulubie\u0144cem paryskich salon\u00f3w, arystokracji i kr\u00f3la Francji. \u017badne znacz\u0105ce wydarzenie nie mo\u017ce odby\u0107 si\u0119 bez jego udzia\u0142u. Widzimy go podczas nocnych eskapad i afterparty po koncertach. Zazwyczaj pe\u0142nego energii, przykrywaj\u0105cego chorob\u0119 \u017cartem. Jego \u017cycie ucieka, jednak Fryderyk nie zwalnia. Komponuje arcydzie\u0142a, tak\u017ce na zam\u00f3wienie. Ze wzgl\u0119du na zobowi\u0105zania finansowe udziela lekcji gry na fortepianie. Przyjaciele go podziwiaj\u0105, a kobiety pragn\u0105 jako kochanka.\n[gallery size=\"full\" ids=\"21891,21887,21890\"]\nBrat (Fiv\u00e9rem)\n24 kwietnia (pi\u0105tek), godz. 19.00\nfilm fabularny, 2025, 94 minut\nPo filmie odb\u0119dzie si\u0119 spotkanie z re\u017cyserem Maciejem Sobieszcza\u0144skim. Rozmow\u0119 poprowadzi Alinda Veiszer. \nZWIASTUN\nRe\u017cyser: Maciej Sobieszcza\u0144ski\nObsada aktorska: Filip Wi\u0142komirski, Tytus Szymczuk, Agnieszka Grochowska, Julian \u015awie\u017cewski, Jacek Braciak\nProdukcja: Apple Film Production\nPoruszaj\u0105ca opowie\u015b\u0107 o kobiecie i rodzinie wystawionej na pr\u00f3b\u0119 w \u015bwiecie przemocy, niespe\u0142nionych ambicji i narastaj\u0105cego chaosu. 14-letni Dawid opiekuje si\u0119 m\u0142odszym bratem i pr\u00f3buje sprosta\u0107 oczekiwaniom matki, kt\u00f3ra chce wyrwa\u0107 si\u0119 z toksycznej przesz\u0142o\u015bci i zacz\u0105\u0107 od nowa, bez m\u0119\u017ca osadzonego w wi\u0119zieniu. Cho\u0107 ch\u0142opak ma talent i si\u0142\u0119, to w codzienno\u015bci rozpi\u0119tej mi\u0119dzy szko\u0142\u0105, domem i ulic\u0105 coraz trudniej mu zachowa\u0107 kontrol\u0119. Wszystko komplikuje si\u0119 jeszcze bardziej, gdy w ich \u017cycie wkracza Konrad \u2013 jedyny doros\u0142y, kt\u00f3remu Dawid naprawd\u0119 ufa. To jednak dopiero pocz\u0105tek burzliwych wydarze\u0144, kt\u00f3re mog\u0105 ostatecznie rozbi\u0107 t\u0119 rodzin\u0119\u2026 albo j\u0105 ocali\u0107.\n[gallery size=\"full\" ids=\"21919,21920,21921\"]\nDom dobry (Otthon, \u00e9des otthon)\n25 kwietnia (sobota), godz. 19.00\nPo filmie odb\u0119dzie si\u0119 rozmawa z Gy\u00f6rgyi T\u00f3th, cz\u0142onkiem stowarzyszenia NANE \u2013 N\u0151k a N\u0151k\u00e9rt Egy\u00fctt az Er\u0151szak Ellen Egyes\u00fclet (Kobiety dla Kobiet Razem przeciwko Przemocy). Rozmow\u0119 poprowadzi Alinda Veiszer.\nfilm fabularny, 2025, 107 minut\nZWIASTUN\nRe\u017cyser: Wojciech Smarzowski\nObsada aktorska: Agata Turkot, Tomasz Schuchardt, Agata Kulesza\nProdukcja: Lucky Bob\nDystrybutor: Pannonia Entertainment\nKiedy Go\u015bka poznaje w internecie Grze\u015bka, jest przekonana, \u017ce to w ko\u0144cu Ten Jedyny. Grzesiek wariuje na jej punkcie, obsypuje kwiatami, o\u015bwiadcza si\u0119 w Wenecji. To musi by\u0107 mi\u0142o\u015b\u0107, prawda? Ale na tym perfekcyjnym obrazku szybko zaczynaj\u0105 pojawia\u0107 si\u0119 rysy. Wkr\u00f3tce ich wsp\u00f3lny dom staje si\u0119 dla Go\u015bki najniebezpieczniejszym z miejsc. To film o granicach mi\u0142o\u015bci, kt\u00f3rego nie da si\u0119 zapomnie\u0107.\n[gallery size=\"full\" ids=\"21894,21895,21897\"]\nLARP. Mi\u0142o\u015b\u0107, trolle i inne questy (LARP \u2013 Szerelem, trollok \u00e9s m\u00e1s k\u00fcldet\u00e9sek)\n26 kwietnia (niedziela), godz. 19.00\nPo filmie odb\u0119dzie si\u0119 rozmowa z R\u00e1chel Zacharidesz-Szab\u00f3 na temat \u015bwiata LARP (Live Action Role-Playing, czyli odgrywanie r\u00f3l na \u017cywo) oraz z Gergelyem Tak\u00e1csem (Spectral Studio) na temat VFX, czyli efekt\u00f3w wizualnych. Rozmow\u0119 poprowadzi L\u00e1szl\u00f3 Muchichka.\nfilm fabularny, 2025, 90 minut\nZWIASTUN\nRe\u017cyser: Kordian K\u0105dziela\nObsada aktorska: Filip Zar\u0119ba, Martyna Byczkowska, Andrzej Konopka\nProdukcja: TFP \u2013 Televison \u00a7 Film Production\nOpowie\u015b\u0107 o pierwszej mi\u0142o\u015bci, dojrzewaniu i elfach, rodzinnych relacjach (zw\u0142aszcza tych mi\u0119dzy ojcem i synem) oraz odkrywaniu swojej wewn\u0119trznej si\u0142y i budowaniu poczucia w\u0142asnej warto\u015bci. To komedia opowiadaj\u0105ca o ch\u0142opaku ko\u0144cz\u0105cym technikum weterynaryjne i prze\u015bladowanym z powodu bycia zaanga\u017cowanym mi\u0142o\u015bnikiem LARP (live action role-playing).\n[gallery size=\"full\" ids=\"21901,21900,21902\"]\nTatarak (Tatarak \u2013 A k\u00e1lmos illata)\n27 kwietnia (poniedzia\u0142ek), godz. 19.00\nPo filmie odb\u0119dzie si\u0119 rozmowa z udzia\u0142em historyka filmowego P\u00e9tera Muszaticsa i krytyka filmowego G\u00e9zy P\u00f6r\u00f6sa.\nfilm fabularny, 2009, 83 perc\nZWIASTUN\nRe\u017cyser: Andrzej Wajda\nObsada aktorska: Krystyna Janda, Pawe\u0142 Szajda, Jan Englert, Jadwiga Jankowska-Cie\u015blak\nProdukcja: Akson Studio\nHistoria do\u015bwiadczonej \u017cyciem, starzej\u0105cej si\u0119 i schorowanej Marty, kt\u00f3ra mieszka ze swoim m\u0119\u017cem w ma\u0142ym miasteczku. Przypadek sprawia, \u017ce na swojej drodze spotyka m\u0142odego i pi\u0119knego m\u0119\u017cczyzn\u0119, kt\u00f3ry zaczyna j\u0105 fascynowa\u0107. Jej \u017cycie zmienia si\u0119 ca\u0142kowicie gdy spotkany m\u0119\u017cczyzna ginie na jej oczach w tragicznych okoliczno\u015bciach.\n[gallery size=\"full\" ids=\"21905,21906,21907\"]\n\u015awiat\u0142oczu\u0142a (F\u00e9nyt\u00f6r\u00e9s)\n28 kwietnia (wtorek), godz. 19.00 \u00f3ra\nfilm fabularny, 2024, 92 minut\nZWIASTUN\nRe\u017cyser: Tadeusz \u015aliwa\nObsada aktorska: Matylda Gieg\u017cno, Ignacy Liss, Bart\u0142omiej Deklewa, Aleksandra Pisula\nProdukcja: Wonder Films\nAgata jest spe\u0142nion\u0105 i kochaj\u0105c\u0105 \u017cycie kobiet\u0105. Jest niewidoma. Robert jest uznanym fotografem. Ma wszystko, ale czuje jakby nie mia\u0142 nic. Ich spotkanie zmieni wszystko. Razem zmierz\u0105 si\u0119 z przesz\u0142o\u015bci\u0105 i w\u0142asnymi ograniczeniami, odkrywaj\u0105c, \u017ce prawdziwa mi\u0142o\u015b\u0107 rodzi si\u0119 z akceptacji i odwagi, by by\u0107 sob\u0105.\n[gallery size=\"full\" ids=\"21914,21915,21916\"]\nDziennik z wycieczki do Budapesztu (Budapesti napl\u00f3)\n29 kwietnia (\u015broda), godz. 19.00 - film zamykaj\u0105cy festiwal\nPo filmie odb\u0119dzie si\u0119 spotkanie z re\u017cyserem Rafa\u0142em Kapeli\u0144skim. Rozmow\u0119 poprowadzi Alinda Veiszer. \nfilm fabularny, 2024, 127 minut\nRe\u017cyser: Rafa\u0142 Kapeli\u0144ski\nObsada aktorska: Agnieszka Judycka, Mykyta Liashchenko, Sasha Liashchenko, Gryllus Dorka, Laurent Winkler\nProdukcja: Domino Film, Film Fabriq, Bratanki\nDystrybutor: Vertigo M\u00e9dia\nPolska. Marzec 1981 roku. Jedenastoletni Irek i jego mama Hanna wyje\u017cd\u017caj\u0105 na wycieczk\u0119 autobusow\u0105 do Budapesztu. Jest to pierwszy wyjazd ch\u0142opca za granic\u0119, jego pierwszy kontakt z zachodnim \u015bwiatem. Podczas wyczerpuj\u0105cej podro\u017cy nieogrzewanym autobusem Irek pr\u00f3buje zast\u0105pi\u0107 u boku matki ojca, kt\u00f3ry nie jest zainteresowany podr\u00f3\u017cami. Jego relacja z mam\u0105 pogarsza si\u0119 jednak, gdy okazuje si\u0119, \u017ce prawdziwy pow\u00f3d, dla kt\u00f3rego jego mama zdecydowa\u0142a si\u0119 wyjecha\u0107 do Budapesztu jest zupe\u0142nie inny od obietnic matki."},{"@type":"ImageObject","inLanguage":"pl-PL","@id":"https:\/\/instytutpolski.pl\/budapest\/pl\/2026\/04\/08\/32-polska-wiosna-filmowa\/#primaryimage","url":"https:\/\/instytutpolski.pl\/budapest\/wp-content\/uploads\/sites\/21\/2026\/03\/1200x630-Lengyel-Filmtavasz-32.jpg","contentUrl":"https:\/\/instytutpolski.pl\/budapest\/wp-content\/uploads\/sites\/21\/2026\/03\/1200x630-Lengyel-Filmtavasz-32.jpg","width":1200,"height":630},{"@type":"BreadcrumbList","@id":"https:\/\/instytutpolski.pl\/budapest\/pl\/2026\/04\/08\/32-polska-wiosna-filmowa\/#breadcrumb","itemListElement":[{"@type":"ListItem","position":1,"name":"Home","item":"https:\/\/instytutpolski.pl\/budapest\/"},{"@type":"ListItem","position":2,"name":"32. Polska Wiosna Filmowa"}]},{"@type":"WebSite","@id":"https:\/\/instytutpolski.pl\/budapest\/#website","url":"https:\/\/instytutpolski.pl\/budapest\/","name":"Instytut Polski w Budapeszcie","description":"Instytuty Polskie","potentialAction":[{"@type":"SearchAction","target":{"@type":"EntryPoint","urlTemplate":"https:\/\/instytutpolski.pl\/budapest\/?s={search_term_string}"},"query-input":{"@type":"PropertyValueSpecification","valueRequired":true,"valueName":"search_term_string"}}],"inLanguage":"pl-PL"},{"@type":"Person","@id":"https:\/\/instytutpolski.pl\/budapest\/#\/schema\/person\/419f42c17704d0a78250bf0c7858df52","name":"jergert","image":{"@type":"ImageObject","inLanguage":"pl-PL","@id":"https:\/\/instytutpolski.pl\/budapest\/#\/schema\/person\/image\/","url":"https:\/\/secure.gravatar.com\/avatar\/8929296b454dc3d29ecb811f4703b7f3?s=96&d=mm&r=g","contentUrl":"https:\/\/secure.gravatar.com\/avatar\/8929296b454dc3d29ecb811f4703b7f3?s=96&d=mm&r=g","caption":"jergert"},"sameAs":["http:\/\/jergert","jergert"],"url":"https:\/\/instytutpolski.pl\/budapest\/author\/jergert\/"}]}},"_links":{"self":[{"href":"https:\/\/instytutpolski.pl\/budapest\/wp-json\/wp\/v2\/posts\/21952","targetHints":{"allow":["GET"]}}],"collection":[{"href":"https:\/\/instytutpolski.pl\/budapest\/wp-json\/wp\/v2\/posts"}],"about":[{"href":"https:\/\/instytutpolski.pl\/budapest\/wp-json\/wp\/v2\/types\/post"}],"author":[{"embeddable":true,"href":"https:\/\/instytutpolski.pl\/budapest\/wp-json\/wp\/v2\/users\/137"}],"replies":[{"embeddable":true,"href":"https:\/\/instytutpolski.pl\/budapest\/wp-json\/wp\/v2\/comments?post=21952"}],"version-history":[{"count":25,"href":"https:\/\/instytutpolski.pl\/budapest\/wp-json\/wp\/v2\/posts\/21952\/revisions"}],"predecessor-version":[{"id":22053,"href":"https:\/\/instytutpolski.pl\/budapest\/wp-json\/wp\/v2\/posts\/21952\/revisions\/22053"}],"wp:featuredmedia":[{"embeddable":true,"href":"https:\/\/instytutpolski.pl\/budapest\/wp-json\/wp\/v2\/media\/21790"}],"wp:attachment":[{"href":"https:\/\/instytutpolski.pl\/budapest\/wp-json\/wp\/v2\/media?parent=21952"}],"wp:term":[{"taxonomy":"category","embeddable":true,"href":"https:\/\/instytutpolski.pl\/budapest\/wp-json\/wp\/v2\/categories?post=21952"},{"taxonomy":"post_tag","embeddable":true,"href":"https:\/\/instytutpolski.pl\/budapest\/wp-json\/wp\/v2\/tags?post=21952"}],"curies":[{"name":"wp","href":"https:\/\/api.w.org\/{rel}","templated":true}]}}