{"id":22044,"date":"2026-04-20T16:07:57","date_gmt":"2026-04-20T14:07:57","guid":{"rendered":"https:\/\/instytutpolski.pl\/budapest\/?p=22044"},"modified":"2026-04-20T16:08:02","modified_gmt":"2026-04-20T14:08:02","slug":"pestext-2026-nemzetkozi-irodalmi-es-kulturalis-fesztival","status":"publish","type":"post","link":"https:\/\/instytutpolski.pl\/budapest\/2026\/04\/20\/pestext-2026-nemzetkozi-irodalmi-es-kulturalis-fesztival\/","title":{"rendered":"PesText 2026 \/\/ Nemzetk\u00f6zi Irodalmi \u00e9s Kultur\u00e1lis Fesztiv\u00e1l"},"content":{"rendered":"\n<p>PesText 2026 tavasz \u2013 tal\u00e1lkozzunk a vil\u00e1girodalommal Budapesten!\u00a0<\/p>\n\n\n\n<p><strong>\u00a02026. m\u00e1jus 8\u20139.<br>\u00a0H\u00e1rom Holl\u00f3 \u2022 Pet\u0151fi Irodalmi M\u00fazeum \u2022 Gell\u00e9rt-hegy<\/strong><\/p>\n\n\n\n<p>K\u00e9t nap tele nemzetk\u00f6zi szerz\u0151kkel, inspir\u00e1l\u00f3 besz\u00e9lget\u00e9sekkel \u00e9s szem\u00e9lyes tal\u00e1lkoz\u00e1sokkal.<\/p>\n\n\n\n<p>Id\u00e9n Skandin\u00e1vi\u00e1b\u00f3l, Lengyelorsz\u00e1gb\u00f3l \u00e9s Olaszorsz\u00e1gb\u00f3l \u00e9rkeznek vend\u00e9geink:<br><strong>Erlend Loe<\/strong> \u2013 kultikus norv\u00e9g szerz\u0151, a Doppler \u00edr\u00f3ja<br><strong>Arne Dahl <\/strong>\u2013 a vil\u00e1gh\u00edr\u0171 sv\u00e9d krimiszerz\u0151<br><strong>Vetle Lid Larssen<\/strong> \u2013 norv\u00e9g \u00edr\u00f3, t\u00f6rt\u00e9netmes\u00e9l\u0151<br><strong>Wojciech Tochman<\/strong> \u2013 a lengyel irodalmi riport egyik legfontosabb alakja<br><strong>Agata Dudek<\/strong> \u2013 lengyel illusztr\u00e1tor, az Acapulco Studio t\u00e1rsalap\u00edt\u00f3ja<br><strong>Matteo Strukul <\/strong>\u2013 olasz t\u00f6rt\u00e9nelmi reg\u00e9ny\u00edr\u00f3<\/p>\n\n\n\n<p>A fesztiv\u00e1lon p\u00f3diumbesz\u00e9lget\u00e9sek, felolvas\u00e1sok, workshopok \u00e9s ki\u00e1ll\u00edt\u00e1s v\u00e1rja a k\u00f6z\u00f6ns\u00e9get:<br>\u00a0Arne Dahl besz\u00e9lget\u00e9se Cserh\u00e1ti \u00c9va krimi\u00edr\u00f3val<br>\u00a0Vetle Lid Larssen besz\u00e9lget\u00e9se H\u00e1sz R\u00f3bert \u00edr\u00f3val<br>\u00a0Erlend Loe besz\u00e9lget\u00e9se Sz\u00e1raz Eszter dramaturg-rendez\u0151<br>\u00a0Wojciech Tochman besz\u00e9lget\u00e9se Danyi G\u00e1bor m\u0171ford\u00edt\u00f3val<br>\u00a0Agata Dudek besz\u00e9lget\u00e9se Nagy L\u00e1szl\u00f3val, a MOME Illusztr\u00e1ci\u00f3 szakir\u00e1ny vezet\u0151j\u00e9vel<br>\u00a0Matteo Strukul besz\u00e9lget\u00e9se B\u00e1nki \u00c9va \u00edr\u00f3val<\/p>\n\n\n\n<p>Workshop-felolvas\u00e1s \u00e9s improviz\u00e1ci\u00f3 az SZFE di\u00e1kjaival \u2013 Smid R\u00f3bert vezet\u00e9s\u00e9vel<br>V4 k\u00f6lt\u00e9szeti felolvas\u00f3est \u2013 eredeti nyelven \u00e9s magyar ford\u00edt\u00e1sban<br>K\u00f6lt\u00e9szeti s\u00e9ta\u00e9lm\u00e9ny a Gell\u00e9rt-hegyen \u2013 vers, test \u00e9s t\u00e1j (HU\/ENG)<br>Ki\u00e1ll\u00edt\u00e1smegnyit\u00f3: Agata Dudek \u2013 Acapulco Studio (kur\u00e1tor: Petovska Fl\u00f3ra, a Csirimoj\u00f3 Kiad\u00f3 m\u0171v\u00e9szeti igazgat\u00f3ja)<\/p>\n\n\n\n<p>R\u00e9szletes program:<\/p>\n\n\n\n<p>I. Helysz\u00edn: H\u00e1rom Holl\u00f3<\/p>\n\n\n\n<p>\u00a0Id\u0151pont: 2026. m\u00e1jus 8. (p\u00e9ntek) 18:00<br>\u201eV\u00c1ROSI ERD\u0150K\u201d- V4 K\u00d6LT\u00c9SZETI EST<br><a href=\"https:\/\/l.facebook.com\/l.php?u=https%3A%2F%2Ffb.me%2Fe%2F4mQ4ISN9Z&amp;h=AT4rLZy70A1-jX_r9AJLohSWQYJNnQpnuaZDxLIj7VhZeHmI_A5vuVaBVXYFNfIrHBlp3xgfGGbaXuWKnjRTWgDG3dEXYS0OdrEE723hMZNYtGAgji4yatL7KWrOrSmltl7rz_6WybKLdg&amp;__tn__=q&amp;c[0]=AT5d15n2xvM_4k4u2b4I5QSYrxKm3gU1P1_7rAB8h1oic_zb2yQvQIQ0nlC7eNIURxAg0giGIlHoRrlc9cGDJbfO04jcE_2yOSn5XZhUnsOUV6ZlQHerNlID4CA-4RLFmc8Bz8hGSd1fbvv8f_eu0zm9LVckUIFVkCI\" target=\"_blank\" rel=\"noreferrer noopener\">https:\/\/fb.me\/e\/4mQ4ISN9Z<\/a><\/p>\n\n\n\n<p>\u00a0Id\u0151pont: 2026. m\u00e1jus 8. (p\u00e9ntek) 19:00<br>Wojciech Tochman, a lengyel riportirodalom mestere a PesTexten!<br><a href=\"https:\/\/l.facebook.com\/l.php?u=https%3A%2F%2Ffb.me%2Fe%2F4miMvILnh&amp;h=AT5yTE9GzsimpOJvNYYs24sEiLPTI_RNbHS25DVRN4q3COfAeLo4YRX2wCINAkKNS83auem7Vtjq5cDcg7iElHjJMi5h0zkHO_Dd15kOLZXDszAPb_xKLHoG6GPJJCjFX8LWTSkxJlg8jw&amp;__tn__=q&amp;c[0]=AT5d15n2xvM_4k4u2b4I5QSYrxKm3gU1P1_7rAB8h1oic_zb2yQvQIQ0nlC7eNIURxAg0giGIlHoRrlc9cGDJbfO04jcE_2yOSn5XZhUnsOUV6ZlQHerNlID4CA-4RLFmc8Bz8hGSd1fbvv8f_eu0zm9LVckUIFVkCI\" target=\"_blank\" rel=\"noreferrer noopener\">https:\/\/fb.me\/e\/4miMvILnh<\/a><\/p>\n\n\n\n<p>\u00a0Id\u0151pont: 2026. m\u00e1jus 8. (p\u00e9ntek) 20:00<br>Arne Dahl, a skandin\u00e1v krimi egyik legnagyobb alakja a PesTexten!<br><a href=\"https:\/\/l.facebook.com\/l.php?u=https%3A%2F%2Ffb.me%2Fe%2F6NM9lfZWX&amp;h=AT7POWSgoKD0XLMDqiGIS3QHDieMWGpRCvQk7-pY5Cpanfk-5rbHneJDIURbrx4O8K_dkDHIUrrfJ7LbPflzNbl2hVOmYRSjke6u4FNc9AXUC4Ei0Zv7BarpDJeOnnPWa9XFUruDVIHvug&amp;__tn__=q&amp;c[0]=AT5d15n2xvM_4k4u2b4I5QSYrxKm3gU1P1_7rAB8h1oic_zb2yQvQIQ0nlC7eNIURxAg0giGIlHoRrlc9cGDJbfO04jcE_2yOSn5XZhUnsOUV6ZlQHerNlID4CA-4RLFmc8Bz8hGSd1fbvv8f_eu0zm9LVckUIFVkCI\" target=\"_blank\" rel=\"noreferrer noopener\">https:\/\/fb.me\/e\/6NM9lfZWX<\/a><\/p>\n\n\n\n<p>II. Helysz\u00edn: Pet\u0151fi Irodalmi M\u00fazeum<\/p>\n\n\n\n<p>\u00a0Id\u0151pont: 2026. m\u00e1jus 9. (szombat), 16:00<br>Matteo Strukul \u2013 az olasz t\u00f6rt\u00e9nelmi reg\u00e9ny mestere a PesTexten!<br><a href=\"https:\/\/l.facebook.com\/l.php?u=https%3A%2F%2Ffb.me%2Fe%2F4kDHz0BHK&amp;h=AT7fG81bE10Lcti1sf4iOc7eYWzd5Ob8-BTSVoY-Xfj6LRi16Thzun0Qsnsvj68CckZx-AGkYS_DYY4tkmdIM9KAKGA0UtotovNrfXLG1tANRruChas8OUPxyIE6WDZTLH-YoS07VDDjrg&amp;__tn__=q&amp;c[0]=AT5d15n2xvM_4k4u2b4I5QSYrxKm3gU1P1_7rAB8h1oic_zb2yQvQIQ0nlC7eNIURxAg0giGIlHoRrlc9cGDJbfO04jcE_2yOSn5XZhUnsOUV6ZlQHerNlID4CA-4RLFmc8Bz8hGSd1fbvv8f_eu0zm9LVckUIFVkCI\" target=\"_blank\" rel=\"noreferrer noopener\">https:\/\/fb.me\/e\/4kDHz0BHK<\/a><\/p>\n\n\n\n<p>\u00a0Id\u0151pont: 2026. m\u00e1jus 9. (szombat), 17:00<br>Vetle Lid Larssen, t\u00f6rt\u00e9netek hatalomr\u00f3l, hitr\u0151l \u00e9s emberi sorsokr\u00f3l a PesTexten!<br><a href=\"https:\/\/l.facebook.com\/l.php?u=https%3A%2F%2Ffb.me%2Fe%2FcxS2A22Zx&amp;h=AT4Y9xCPkkAYja6Iku4AuAEjT6H-YMbgIr2SlGllje7ALbwbXQtoCPV9RggeIjMoLVGgTVJ6BGUjMODJRhfbvsFOWusasuWaqYx_ui6KbrxBm68onCUHe5D2b-_TQpWhlfiOAQgBqQ8RzA&amp;__tn__=q&amp;c[0]=AT5d15n2xvM_4k4u2b4I5QSYrxKm3gU1P1_7rAB8h1oic_zb2yQvQIQ0nlC7eNIURxAg0giGIlHoRrlc9cGDJbfO04jcE_2yOSn5XZhUnsOUV6ZlQHerNlID4CA-4RLFmc8Bz8hGSd1fbvv8f_eu0zm9LVckUIFVkCI\" target=\"_blank\" rel=\"noreferrer noopener\">https:\/\/fb.me\/e\/cxS2A22Zx<\/a><\/p>\n\n\n\n<p>\u00a0Id\u0151pont: 2026. m\u00e1jus 9. (szombat), 18:00<br>Erlend Loe k\u00e9t friss k\u00f6tettel \u00e9rkezik a PesTextre<br><a href=\"https:\/\/l.facebook.com\/l.php?u=https%3A%2F%2Ffb.me%2Fe%2FaQTOSWEc8&amp;h=AT5ho5hNKx5AnrA0KJT-qhtjnDeQ3yw6gprimE1YfymTFn04aQeO_5rhKNlJdeUMcruaRMHcfXW2u0iJGiXDcVrmuxeJkSNoxQSqd21jHwYMsZsC_CPlYMXHkYvty62gM-gsSoU5Y0ZeJg&amp;__tn__=q&amp;c[0]=AT5d15n2xvM_4k4u2b4I5QSYrxKm3gU1P1_7rAB8h1oic_zb2yQvQIQ0nlC7eNIURxAg0giGIlHoRrlc9cGDJbfO04jcE_2yOSn5XZhUnsOUV6ZlQHerNlID4CA-4RLFmc8Bz8hGSd1fbvv8f_eu0zm9LVckUIFVkCI\" target=\"_blank\" rel=\"noreferrer noopener\">https:\/\/fb.me\/e\/aQTOSWEc8<\/a><\/p>\n\n\n\n<p>\u00a0Id\u0151pont: 2026. m\u00e1jus 9. (szombat), 19:00<br>P\u00f3diumbesz\u00e9lget\u00e9s Agata Dudekkel<br>Moder\u00e1tor: Nagy L\u00e1szl\u00f3, a MOME Illusztr\u00e1ci\u00f3 szakir\u00e1ny vezet\u0151je<br>\u00a0Id\u0151pont: 2026. m\u00e1jus 9. (szombat), 20:00<br>Ki\u00e1ll\u00edt\u00e1smegnyit\u00f3: Agata Dudek &#8211; Acapulco Studio<br>Kur\u00e1tor: Pe\u0165ovsk\u00e1 Fl\u00f3ra, a Csirimoj\u00f3 m\u0171v\u00e9szeti igazgat\u00f3ja<br>Sziasztok, sz\u00ednek! Sziasztok, form\u00e1k! Kort\u00e1rs lengyel illusztr\u00e1ci\u00f3s \u00e9s k\u00f6nyvki\u00e1ll\u00edt\u00e1s megnyit\u00f3<br><a href=\"https:\/\/fb.me\/e\/875N2bmrz\" target=\"_blank\" rel=\"noreferrer noopener\">https:\/\/fb.me\/e\/875N2bmrz<\/a><\/p>\n\n\n\n<p>A PesText nemcsak egy ingyenes irodalmi fesztiv\u00e1l, hanem k\u00f6z\u00f6ss\u00e9gi \u00e9lm\u00e9ny is: besz\u00e9lget\u00e9sek, dedik\u00e1l\u00e1sok, spont\u00e1n tal\u00e1lkoz\u00e1sok \u00e9s inspir\u00e1l\u00f3 est\u00e9k a tavaszi Budapest legszebb pontjain.<\/p>\n\n\n\n<p>PesText szervez\u0151je: Magyar Irodalmi Szerz\u0151i Jogv\u00e9d\u0151 \u00e9s Jogkezel\u0151 Egyes\u00fclet (MISZJE) \u00e9s a Pet\u0151fi Kultur\u00e1lis \u00dcgyn\u00f6ks\u00e9g Nonprofit Zrt.<br>F\u0151t\u00e1mogat\u00f3: Magyar Kult\u00far\u00e1\u00e9rt Alap\u00edtv\u00e1ny, Nemzeti Kultur\u00e1lis Alap<br>Kiemelt t\u00e1mogat\u00f3k: MNMKK, Pet\u0151fi Irodalmi M\u00fazeum, Visegrad Fund<br>T\u00e1mogat\u00f3k: Lengyel Int\u00e9zet, NORLA, Norv\u00e9g Nagyk\u00f6vets\u00e9g, Olasz Int\u00e9zet<br>Partnerek: Eur\u00f3pa Kiad\u00f3, Scolar Kiad\u00f3, Animus Kiad\u00f3, Kalligram, Csirimoj\u00f3 Kiad\u00f3, GABO Kiad\u00f3<\/p>\n\n\n\n<p>A program hamarosan r\u00e9szletesen is \u00e9rkezik \u2013 addig \u00edrj\u00e1tok be a d\u00e1tumot a napt\u00e1ratokba!<\/p>\n\n\n\n<p>Tal\u00e1lkozzunk tavasszal a PesTexten!\u00a0<\/p>\n","protected":false},"excerpt":{"rendered":"<p>PesText 2026 tavasz \u2013 tal\u00e1lkozzunk a vil\u00e1girodalommal Budapesten!\u00a0 \u00a02026. m\u00e1jus 8\u20139.\u00a0H\u00e1rom Holl\u00f3 \u2022 Pet\u0151fi Irodalmi M\u00fazeum \u2022 Gell\u00e9rt-hegy K\u00e9t nap tele nemzetk\u00f6zi szerz\u0151kkel, inspir\u00e1l\u00f3 besz\u00e9lget\u00e9sekkel \u00e9s szem\u00e9lyes tal\u00e1lkoz\u00e1sokkal. Id\u00e9n Skandin\u00e1vi\u00e1b\u00f3l, Lengyelorsz\u00e1gb\u00f3l \u00e9s Olaszorsz\u00e1gb\u00f3l \u00e9rkeznek vend\u00e9geink:Erlend Loe \u2013 kultikus norv\u00e9g szerz\u0151, a Doppler \u00edr\u00f3jaArne Dahl \u2013 a vil\u00e1gh\u00edr\u0171 sv\u00e9d krimiszerz\u0151Vetle Lid Larssen \u2013 norv\u00e9g \u00edr\u00f3, t\u00f6rt\u00e9netmes\u00e9l\u0151Wojciech [&hellip;]<\/p>\n","protected":false},"author":68,"featured_media":22045,"comment_status":"open","ping_status":"open","sticky":false,"template":"","format":"standard","meta":{"inline_featured_image":false,"_monsterinsights_skip_tracking":false,"_monsterinsights_sitenote_active":false,"_monsterinsights_sitenote_note":"","_monsterinsights_sitenote_category":0,"footnotes":""},"categories":[1,229],"tags":[],"class_list":["post-22044","post","type-post","status-publish","format-standard","has-post-thumbnail","hentry","category-hirek","category-hirek-hu"],"yoast_head":"<!-- This site is optimized with the Yoast SEO plugin v24.6 - https:\/\/yoast.com\/wordpress\/plugins\/seo\/ -->\n<title>PesText 2026 \/\/ Nemzetk\u00f6zi Irodalmi \u00e9s Kultur\u00e1lis Fesztiv\u00e1l - Instytut Polski w Budapeszcie<\/title>\n<meta name=\"robots\" content=\"index, follow, max-snippet:-1, max-image-preview:large, max-video-preview:-1\" \/>\n<link rel=\"canonical\" href=\"https:\/\/instytutpolski.pl\/budapest\/2026\/04\/20\/pestext-2026-nemzetkozi-irodalmi-es-kulturalis-fesztival\/\" \/>\n<meta property=\"og:locale\" content=\"pl_PL\" \/>\n<meta property=\"og:type\" content=\"article\" \/>\n<meta property=\"og:title\" content=\"PesText 2026 \/\/ Nemzetk\u00f6zi Irodalmi \u00e9s Kultur\u00e1lis Fesztiv\u00e1l - Instytut Polski w Budapeszcie\" \/>\n<meta property=\"og:description\" content=\"PesText 2026 tavasz \u2013 tal\u00e1lkozzunk a vil\u00e1girodalommal Budapesten!\u00a0 \u00a02026. m\u00e1jus 8\u20139.\u00a0H\u00e1rom Holl\u00f3 \u2022 Pet\u0151fi Irodalmi M\u00fazeum \u2022 Gell\u00e9rt-hegy K\u00e9t nap tele nemzetk\u00f6zi szerz\u0151kkel, inspir\u00e1l\u00f3 besz\u00e9lget\u00e9sekkel \u00e9s szem\u00e9lyes tal\u00e1lkoz\u00e1sokkal. Id\u00e9n Skandin\u00e1vi\u00e1b\u00f3l, Lengyelorsz\u00e1gb\u00f3l \u00e9s Olaszorsz\u00e1gb\u00f3l \u00e9rkeznek vend\u00e9geink:Erlend Loe \u2013 kultikus norv\u00e9g szerz\u0151, a Doppler \u00edr\u00f3jaArne Dahl \u2013 a vil\u00e1gh\u00edr\u0171 sv\u00e9d krimiszerz\u0151Vetle Lid Larssen \u2013 norv\u00e9g \u00edr\u00f3, t\u00f6rt\u00e9netmes\u00e9l\u0151Wojciech [&hellip;]\" \/>\n<meta property=\"og:url\" content=\"https:\/\/instytutpolski.pl\/budapest\/2026\/04\/20\/pestext-2026-nemzetkozi-irodalmi-es-kulturalis-fesztival\/\" \/>\n<meta property=\"og:site_name\" content=\"Instytut Polski w Budapeszcie\" \/>\n<meta property=\"article:published_time\" content=\"2026-04-20T14:07:57+00:00\" \/>\n<meta property=\"article:modified_time\" content=\"2026-04-20T14:08:02+00:00\" \/>\n<meta property=\"og:image\" content=\"https:\/\/instytutpolski.pl\/budapest\/wp-content\/uploads\/sites\/21\/2026\/04\/650406771_1540147207487355_8981901506933528089_n.jpg\" \/>\n\t<meta property=\"og:image:width\" content=\"2048\" \/>\n\t<meta property=\"og:image:height\" content=\"1152\" \/>\n\t<meta property=\"og:image:type\" content=\"image\/jpeg\" \/>\n<meta name=\"author\" content=\"felvidekie\" \/>\n<meta name=\"twitter:card\" content=\"summary_large_image\" \/>\n<meta name=\"twitter:label1\" content=\"Napisane przez\" \/>\n\t<meta name=\"twitter:data1\" content=\"felvidekie\" \/>\n\t<meta name=\"twitter:label2\" content=\"Szacowany czas czytania\" \/>\n\t<meta name=\"twitter:data2\" content=\"3 minuty\" \/>\n<script type=\"application\/ld+json\" class=\"yoast-schema-graph\">{\"@context\":\"https:\/\/schema.org\",\"@graph\":[{\"@type\":\"WebPage\",\"@id\":\"https:\/\/instytutpolski.pl\/budapest\/2026\/04\/20\/pestext-2026-nemzetkozi-irodalmi-es-kulturalis-fesztival\/\",\"url\":\"https:\/\/instytutpolski.pl\/budapest\/2026\/04\/20\/pestext-2026-nemzetkozi-irodalmi-es-kulturalis-fesztival\/\",\"name\":\"PesText 2026 \/\/ Nemzetk\u00f6zi Irodalmi \u00e9s Kultur\u00e1lis Fesztiv\u00e1l - Instytut Polski w Budapeszcie\",\"isPartOf\":{\"@id\":\"https:\/\/instytutpolski.pl\/budapest\/#website\"},\"primaryImageOfPage\":{\"@id\":\"https:\/\/instytutpolski.pl\/budapest\/2026\/04\/20\/pestext-2026-nemzetkozi-irodalmi-es-kulturalis-fesztival\/#primaryimage\"},\"image\":{\"@id\":\"https:\/\/instytutpolski.pl\/budapest\/2026\/04\/20\/pestext-2026-nemzetkozi-irodalmi-es-kulturalis-fesztival\/#primaryimage\"},\"thumbnailUrl\":\"https:\/\/instytutpolski.pl\/budapest\/wp-content\/uploads\/sites\/21\/2026\/04\/650406771_1540147207487355_8981901506933528089_n.jpg\",\"datePublished\":\"2026-04-20T14:07:57+00:00\",\"dateModified\":\"2026-04-20T14:08:02+00:00\",\"author\":{\"@id\":\"https:\/\/instytutpolski.pl\/budapest\/#\/schema\/person\/c32972170e1c8bb4ddd4918967161d9f\"},\"breadcrumb\":{\"@id\":\"https:\/\/instytutpolski.pl\/budapest\/2026\/04\/20\/pestext-2026-nemzetkozi-irodalmi-es-kulturalis-fesztival\/#breadcrumb\"},\"inLanguage\":\"pl-PL\",\"potentialAction\":[{\"@type\":\"ReadAction\",\"target\":[\"https:\/\/instytutpolski.pl\/budapest\/2026\/04\/20\/pestext-2026-nemzetkozi-irodalmi-es-kulturalis-fesztival\/\"]}]},{\"@type\":\"ImageObject\",\"inLanguage\":\"pl-PL\",\"@id\":\"https:\/\/instytutpolski.pl\/budapest\/2026\/04\/20\/pestext-2026-nemzetkozi-irodalmi-es-kulturalis-fesztival\/#primaryimage\",\"url\":\"https:\/\/instytutpolski.pl\/budapest\/wp-content\/uploads\/sites\/21\/2026\/04\/650406771_1540147207487355_8981901506933528089_n.jpg\",\"contentUrl\":\"https:\/\/instytutpolski.pl\/budapest\/wp-content\/uploads\/sites\/21\/2026\/04\/650406771_1540147207487355_8981901506933528089_n.jpg\",\"width\":2048,\"height\":1152},{\"@type\":\"BreadcrumbList\",\"@id\":\"https:\/\/instytutpolski.pl\/budapest\/2026\/04\/20\/pestext-2026-nemzetkozi-irodalmi-es-kulturalis-fesztival\/#breadcrumb\",\"itemListElement\":[{\"@type\":\"ListItem\",\"position\":1,\"name\":\"Home\",\"item\":\"https:\/\/instytutpolski.pl\/budapest\/\"},{\"@type\":\"ListItem\",\"position\":2,\"name\":\"PesText 2026 \/\/ Nemzetk\u00f6zi Irodalmi \u00e9s Kultur\u00e1lis Fesztiv\u00e1l\"}]},{\"@type\":\"WebSite\",\"@id\":\"https:\/\/instytutpolski.pl\/budapest\/#website\",\"url\":\"https:\/\/instytutpolski.pl\/budapest\/\",\"name\":\"Instytut Polski w Budapeszcie\",\"description\":\"Instytuty Polskie\",\"potentialAction\":[{\"@type\":\"SearchAction\",\"target\":{\"@type\":\"EntryPoint\",\"urlTemplate\":\"https:\/\/instytutpolski.pl\/budapest\/?s={search_term_string}\"},\"query-input\":{\"@type\":\"PropertyValueSpecification\",\"valueRequired\":true,\"valueName\":\"search_term_string\"}}],\"inLanguage\":\"pl-PL\"},{\"@type\":\"Person\",\"@id\":\"https:\/\/instytutpolski.pl\/budapest\/#\/schema\/person\/c32972170e1c8bb4ddd4918967161d9f\",\"name\":\"felvidekie\",\"image\":{\"@type\":\"ImageObject\",\"inLanguage\":\"pl-PL\",\"@id\":\"https:\/\/instytutpolski.pl\/budapest\/#\/schema\/person\/image\/\",\"url\":\"https:\/\/secure.gravatar.com\/avatar\/a1a943f2404ab143dcc09c865ea2fd66?s=96&d=mm&r=g\",\"contentUrl\":\"https:\/\/secure.gravatar.com\/avatar\/a1a943f2404ab143dcc09c865ea2fd66?s=96&d=mm&r=g\",\"caption\":\"felvidekie\"},\"url\":\"https:\/\/instytutpolski.pl\/budapest\/author\/felvidekie\/\"}]}<\/script>\n<!-- \/ Yoast SEO plugin. -->","yoast_head_json":{"title":"PesText 2026 \/\/ Nemzetk\u00f6zi Irodalmi \u00e9s Kultur\u00e1lis Fesztiv\u00e1l - Instytut Polski w Budapeszcie","robots":{"index":"index","follow":"follow","max-snippet":"max-snippet:-1","max-image-preview":"max-image-preview:large","max-video-preview":"max-video-preview:-1"},"canonical":"https:\/\/instytutpolski.pl\/budapest\/2026\/04\/20\/pestext-2026-nemzetkozi-irodalmi-es-kulturalis-fesztival\/","og_locale":"pl_PL","og_type":"article","og_title":"PesText 2026 \/\/ Nemzetk\u00f6zi Irodalmi \u00e9s Kultur\u00e1lis Fesztiv\u00e1l - Instytut Polski w Budapeszcie","og_description":"PesText 2026 tavasz \u2013 tal\u00e1lkozzunk a vil\u00e1girodalommal Budapesten!\u00a0 \u00a02026. m\u00e1jus 8\u20139.\u00a0H\u00e1rom Holl\u00f3 \u2022 Pet\u0151fi Irodalmi M\u00fazeum \u2022 Gell\u00e9rt-hegy K\u00e9t nap tele nemzetk\u00f6zi szerz\u0151kkel, inspir\u00e1l\u00f3 besz\u00e9lget\u00e9sekkel \u00e9s szem\u00e9lyes tal\u00e1lkoz\u00e1sokkal. Id\u00e9n Skandin\u00e1vi\u00e1b\u00f3l, Lengyelorsz\u00e1gb\u00f3l \u00e9s Olaszorsz\u00e1gb\u00f3l \u00e9rkeznek vend\u00e9geink:Erlend Loe \u2013 kultikus norv\u00e9g szerz\u0151, a Doppler \u00edr\u00f3jaArne Dahl \u2013 a vil\u00e1gh\u00edr\u0171 sv\u00e9d krimiszerz\u0151Vetle Lid Larssen \u2013 norv\u00e9g \u00edr\u00f3, t\u00f6rt\u00e9netmes\u00e9l\u0151Wojciech [&hellip;]","og_url":"https:\/\/instytutpolski.pl\/budapest\/2026\/04\/20\/pestext-2026-nemzetkozi-irodalmi-es-kulturalis-fesztival\/","og_site_name":"Instytut Polski w Budapeszcie","article_published_time":"2026-04-20T14:07:57+00:00","article_modified_time":"2026-04-20T14:08:02+00:00","og_image":[{"width":2048,"height":1152,"url":"https:\/\/instytutpolski.pl\/budapest\/wp-content\/uploads\/sites\/21\/2026\/04\/650406771_1540147207487355_8981901506933528089_n.jpg","type":"image\/jpeg"}],"author":"felvidekie","twitter_card":"summary_large_image","twitter_misc":{"Napisane przez":"felvidekie","Szacowany czas czytania":"3 minuty"},"schema":{"@context":"https:\/\/schema.org","@graph":[{"@type":"WebPage","@id":"https:\/\/instytutpolski.pl\/budapest\/2026\/04\/20\/pestext-2026-nemzetkozi-irodalmi-es-kulturalis-fesztival\/","url":"https:\/\/instytutpolski.pl\/budapest\/2026\/04\/20\/pestext-2026-nemzetkozi-irodalmi-es-kulturalis-fesztival\/","name":"PesText 2026 \/\/ Nemzetk\u00f6zi Irodalmi \u00e9s Kultur\u00e1lis Fesztiv\u00e1l - Instytut Polski w Budapeszcie","isPartOf":{"@id":"https:\/\/instytutpolski.pl\/budapest\/#website"},"primaryImageOfPage":{"@id":"https:\/\/instytutpolski.pl\/budapest\/2026\/04\/20\/pestext-2026-nemzetkozi-irodalmi-es-kulturalis-fesztival\/#primaryimage"},"image":{"@id":"https:\/\/instytutpolski.pl\/budapest\/2026\/04\/20\/pestext-2026-nemzetkozi-irodalmi-es-kulturalis-fesztival\/#primaryimage"},"thumbnailUrl":"https:\/\/instytutpolski.pl\/budapest\/wp-content\/uploads\/sites\/21\/2026\/04\/650406771_1540147207487355_8981901506933528089_n.jpg","datePublished":"2026-04-20T14:07:57+00:00","dateModified":"2026-04-20T14:08:02+00:00","author":{"@id":"https:\/\/instytutpolski.pl\/budapest\/#\/schema\/person\/c32972170e1c8bb4ddd4918967161d9f"},"breadcrumb":{"@id":"https:\/\/instytutpolski.pl\/budapest\/2026\/04\/20\/pestext-2026-nemzetkozi-irodalmi-es-kulturalis-fesztival\/#breadcrumb"},"inLanguage":"pl-PL","potentialAction":[{"@type":"ReadAction","target":["https:\/\/instytutpolski.pl\/budapest\/2026\/04\/20\/pestext-2026-nemzetkozi-irodalmi-es-kulturalis-fesztival\/"]}]},{"@type":"ImageObject","inLanguage":"pl-PL","@id":"https:\/\/instytutpolski.pl\/budapest\/2026\/04\/20\/pestext-2026-nemzetkozi-irodalmi-es-kulturalis-fesztival\/#primaryimage","url":"https:\/\/instytutpolski.pl\/budapest\/wp-content\/uploads\/sites\/21\/2026\/04\/650406771_1540147207487355_8981901506933528089_n.jpg","contentUrl":"https:\/\/instytutpolski.pl\/budapest\/wp-content\/uploads\/sites\/21\/2026\/04\/650406771_1540147207487355_8981901506933528089_n.jpg","width":2048,"height":1152},{"@type":"BreadcrumbList","@id":"https:\/\/instytutpolski.pl\/budapest\/2026\/04\/20\/pestext-2026-nemzetkozi-irodalmi-es-kulturalis-fesztival\/#breadcrumb","itemListElement":[{"@type":"ListItem","position":1,"name":"Home","item":"https:\/\/instytutpolski.pl\/budapest\/"},{"@type":"ListItem","position":2,"name":"PesText 2026 \/\/ Nemzetk\u00f6zi Irodalmi \u00e9s Kultur\u00e1lis Fesztiv\u00e1l"}]},{"@type":"WebSite","@id":"https:\/\/instytutpolski.pl\/budapest\/#website","url":"https:\/\/instytutpolski.pl\/budapest\/","name":"Instytut Polski w Budapeszcie","description":"Instytuty Polskie","potentialAction":[{"@type":"SearchAction","target":{"@type":"EntryPoint","urlTemplate":"https:\/\/instytutpolski.pl\/budapest\/?s={search_term_string}"},"query-input":{"@type":"PropertyValueSpecification","valueRequired":true,"valueName":"search_term_string"}}],"inLanguage":"pl-PL"},{"@type":"Person","@id":"https:\/\/instytutpolski.pl\/budapest\/#\/schema\/person\/c32972170e1c8bb4ddd4918967161d9f","name":"felvidekie","image":{"@type":"ImageObject","inLanguage":"pl-PL","@id":"https:\/\/instytutpolski.pl\/budapest\/#\/schema\/person\/image\/","url":"https:\/\/secure.gravatar.com\/avatar\/a1a943f2404ab143dcc09c865ea2fd66?s=96&d=mm&r=g","contentUrl":"https:\/\/secure.gravatar.com\/avatar\/a1a943f2404ab143dcc09c865ea2fd66?s=96&d=mm&r=g","caption":"felvidekie"},"url":"https:\/\/instytutpolski.pl\/budapest\/author\/felvidekie\/"}]}},"_links":{"self":[{"href":"https:\/\/instytutpolski.pl\/budapest\/wp-json\/wp\/v2\/posts\/22044","targetHints":{"allow":["GET"]}}],"collection":[{"href":"https:\/\/instytutpolski.pl\/budapest\/wp-json\/wp\/v2\/posts"}],"about":[{"href":"https:\/\/instytutpolski.pl\/budapest\/wp-json\/wp\/v2\/types\/post"}],"author":[{"embeddable":true,"href":"https:\/\/instytutpolski.pl\/budapest\/wp-json\/wp\/v2\/users\/68"}],"replies":[{"embeddable":true,"href":"https:\/\/instytutpolski.pl\/budapest\/wp-json\/wp\/v2\/comments?post=22044"}],"version-history":[{"count":1,"href":"https:\/\/instytutpolski.pl\/budapest\/wp-json\/wp\/v2\/posts\/22044\/revisions"}],"predecessor-version":[{"id":22046,"href":"https:\/\/instytutpolski.pl\/budapest\/wp-json\/wp\/v2\/posts\/22044\/revisions\/22046"}],"wp:featuredmedia":[{"embeddable":true,"href":"https:\/\/instytutpolski.pl\/budapest\/wp-json\/wp\/v2\/media\/22045"}],"wp:attachment":[{"href":"https:\/\/instytutpolski.pl\/budapest\/wp-json\/wp\/v2\/media?parent=22044"}],"wp:term":[{"taxonomy":"category","embeddable":true,"href":"https:\/\/instytutpolski.pl\/budapest\/wp-json\/wp\/v2\/categories?post=22044"},{"taxonomy":"post_tag","embeddable":true,"href":"https:\/\/instytutpolski.pl\/budapest\/wp-json\/wp\/v2\/tags?post=22044"}],"curies":[{"name":"wp","href":"https:\/\/api.w.org\/{rel}","templated":true}]}}