{"id":22090,"date":"2026-04-23T12:40:21","date_gmt":"2026-04-23T10:40:21","guid":{"rendered":"https:\/\/instytutpolski.pl\/budapest\/?p=22090"},"modified":"2026-04-23T12:41:56","modified_gmt":"2026-04-23T10:41:56","slug":"ctrl-shift-n","status":"publish","type":"post","link":"https:\/\/instytutpolski.pl\/budapest\/2026\/04\/23\/ctrl-shift-n\/","title":{"rendered":"CTRL + SHIFT + N"},"content":{"rendered":"\n<figure class=\"wp-block-gallery has-nested-images columns-default is-cropped wp-block-gallery-1 is-layout-flex wp-block-gallery-is-layout-flex\">\n<figure class=\"wp-block-image size-large\"><img loading=\"lazy\" decoding=\"async\" width=\"2048\" height=\"1365\" data-id=\"22091\" src=\"https:\/\/instytutpolski.pl\/budapest\/wp-content\/uploads\/sites\/21\/2026\/04\/3-1024x683.jpg\" alt=\"\" class=\"wp-image-22091\" srcset=\"https:\/\/instytutpolski.pl\/budapest\/wp-content\/uploads\/sites\/21\/2026\/04\/3-1024x683.jpg 1024w, https:\/\/instytutpolski.pl\/budapest\/wp-content\/uploads\/sites\/21\/2026\/04\/3-300x200.jpg 300w, https:\/\/instytutpolski.pl\/budapest\/wp-content\/uploads\/sites\/21\/2026\/04\/3-768x512.jpg 768w, https:\/\/instytutpolski.pl\/budapest\/wp-content\/uploads\/sites\/21\/2026\/04\/3-1536x1024.jpg 1536w, https:\/\/instytutpolski.pl\/budapest\/wp-content\/uploads\/sites\/21\/2026\/04\/3.jpg 2048w\" sizes=\"auto, (max-width: 2048px) 100vw, 2048px\" \/><\/figure>\n<\/figure>\n\n\n\n<p><strong>CTRL + SHIFT + N<\/strong><\/p>\n\n\n\n<p><strong>Hat\u00e1r Attila k\u00e9pei \u00e9s a jelenl\u00e9t bizonytalans\u00e1ga<\/strong><\/p>\n\n\n\n<p>Megnyit\u00f3 \u00e1prilis 9-\u00e9n, cs\u00fct\u00f6rt\u00f6k\u00f6n 19.00 \u00f3rakor a LATARKA gal\u00e9ri\u00e1ban (Andr\u00e1ssy \u00fat 32.)<\/p>\n\n\n\n<p>A ki\u00e1ll\u00edt\u00e1st megnyitja: Nemes Z. M\u00e1ri\u00f3, k\u00f6lt\u00f6, kritikus, eszt\u00e9ta<\/p>\n\n\n\n<p>A ki\u00e1ll\u00edt\u00e1s kur\u00e1tora: B\u00e1nki \u00c1kos<\/p>\n\n\n\n<p>A <strong>Ctrl + Shift + N<\/strong> egy \u00faj r\u00e9teg megnyit\u00e1s\u00e1nak gesztusa. A rajzok is ilyen r\u00e9tegekben gondolkodnak: az eml\u00e9kezet, a m\u00falt k\u00e9pei \u00e9s a jelen idej\u0171 beavatkoz\u00e1sok egym\u00e1sra \u00edr\u00f3dnak, mint egy folyamatosan b\u0151v\u00fcl\u0151 vizu\u00e1lis arch\u00edvum.<\/p>\n\n\n\n<p>Hat\u00e1r Attila leg\u00fajabb rajzai az eml\u00e9kezet \u00e9s az identit\u00e1s t\u00f6r\u00e9keny, folyamatosan \u00e1t\u00edr\u00f3d\u00f3 term\u00e9szet\u00e9t vizsg\u00e1lj\u00e1k rajzi r\u00e9tegekkel. K\u00e9pei olyanok, mint a felid\u00e9zett m\u00falt k\u00e9pl\u00e9keny fel\u00fcletei: r\u00e9gi fot\u00f3k hangulata, csal\u00e1di jelenetek \u00e9s arch\u00edvnak hat\u00f3 mot\u00edvumok t\u0171nnek fel, majd foszlanak sz\u00e9t a fest\u0151in megrajzolt fel\u00fcleten. A figur\u00e1k nincsenek v\u00e9glegesen r\u00f6gz\u00edtve \u2013 felold\u00f3dnak, elt\u0171nnek, majd \u00fajra fel\u00e9p\u00fclnek a gesztusok r\u00e9tegei k\u00f6z\u00f6tt.<\/p>\n\n\n\n<p>A k\u00e9pek fekete-feh\u00e9r vil\u00e1gban sz\u00f3lalnak meg. A fel\u00fcletet \u00e1tszel\u0151 karcol\u00e1sok, \u201efirk\u00e1k\u201d \u00e9s jelek nem puszt\u00e1n d\u00edsz\u00edtm\u00e9nyek, hanem akt\u00edv beavatkoz\u00e1sok a k\u00e9pi m\u00faltba. Mintha valaki visszat\u00e9rne egy eml\u00e9khez, \u00fajrarajzoln\u00e1, \u00e1th\u00fazn\u00e1, \u00e1t\u00edrn\u00e1, karik\u00edrozn\u00e1, m\u00e9mes\u00edten\u00e9 \u2013 a rajz \u00edgy az eml\u00e9kez\u00e9s folyamat\u00e1nak metafor\u00e1j\u00e1v\u00e1 v\u00e1lik. Az alakok k\u00f6z\u00f6tt megjelen\u0151 \u00e1llatok, gyermeki mot\u00edvumok \u00e9s sz\u00fcrre\u00e1lis elemek tov\u00e1bb er\u0151s\u00edtik ezt az \u00e1tmenetis\u00e9get: Hat\u00e1r k\u00e9pei egyszerre ismer\u0151sek \u00e9s nyugtalan\u00edt\u00f3an idegenszer\u0171ek.<\/p>\n\n\n\n<p>Hat\u00e1r Attila munk\u00e1iban a figur\u00e1lis \u00e1br\u00e1zol\u00e1s az emberi jelenl\u00e9t t\u00f6r\u00e9kenys\u00e9g\u00e9nek megmutat\u00e1s\u00e1ra szolg\u00e1l. R\u00e9tegzett, graffitiszer\u0171en fel\u00fcl\u00edrt k\u00e9pei a szem\u00e9lyes \u00e9s kollekt\u00edv eml\u00e9kezet fel\u0151l k\u00f6zel\u00edtenek ugyanahhoz a tapasztalathoz: a m\u00falt \u00e9s a jelen bizonytalan viszony\u00e1hoz.<\/p>\n\n\n\n<p>A m\u0171vek m\u00f6g\u00f6tt v\u00e9gig ott h\u00faz\u00f3dik a k\u00e9rd\u00e9s:<br><strong>hogyan \u0151rz\u0151dik meg a m\u00falt, \u00e9s hogyan rajzolja \u00e1t a jelen k\u00fcl\u00f6nb\u00f6z\u0151 r\u00e9tegekben?<\/strong><\/p>\n\n\n\n<p>Hat\u00e1r Attila nem ad egy\u00e9rtelm\u0171 v\u00e1laszokat. Ehelyett olyan k\u00e9pi tereket hoz l\u00e9tre, ahol a n\u00e9z\u0151 maga is az eml\u00e9kez\u00e9s folyamat\u00e1nak r\u00e9sz\u00e9v\u00e9 v\u00e1lik. A ki\u00e1ll\u00edt\u00e1s c\u00e9lja ennek az \u00e1tmeneti, t\u00f6r\u00e9keny jelenl\u00e9tnek a megmutat\u00e1sa \u2013 annak a pillanatnak, amikor az eml\u00e9k m\u00e1r nem m\u00falt, de m\u00e9g nem teljesen jelen, ezesetben a rajz v\u00e1lik a k\u00f6ztes \u00e1llapot nyelv\u00e9v\u00e9.<\/p>\n\n\n\n<p>Hat\u00e1r Attila munk\u00e1ss\u00e1g\u00e1t Lengyelorsz\u00e1gban is elismert\u00e9k:<br>a m\u0171v\u00e9sz <strong>2024-ben elnyerte a 12. Mi\u0119dzynarodowe Triennale Malarstwa Regionu Karpat \u201eSrebrny Czworok\u0105t\u201d \u2013 Award of the President of the City of Przemy\u015bl d\u00edj\u00e1t.<\/strong><\/p>\n\n\n\n<p>Ez az elismer\u00e9s annak a visszaigazol\u00e1sa, hogy Hat\u00e1r m\u0171v\u00e9szete nemzetk\u00f6zi kontextusban is \u00e9rv\u00e9nyesen sz\u00f3l az eml\u00e9kezetr\u0151l, a m\u00falt feldolgoz\u00e1s\u00e1r\u00f3l \u00e9s a kort\u00e1rs ember bizonytalan, \u00e1tmeneti identit\u00e1s\u00e1r\u00f3l.<\/p>\n\n\n\n<p>A ki\u00e1ll\u00edt\u00e1s m\u00e1jus 15-ig tekinthet\u0151 meg.<\/p>\n\n\n\n<figure class=\"wp-block-gallery has-nested-images columns-default is-cropped wp-block-gallery-2 is-layout-flex wp-block-gallery-is-layout-flex\">\n<figure class=\"wp-block-image size-large\"><img loading=\"lazy\" decoding=\"async\" width=\"1024\" height=\"683\" data-id=\"22095\" src=\"https:\/\/instytutpolski.pl\/budapest\/wp-content\/uploads\/sites\/21\/2026\/04\/1-1024x683.jpg\" alt=\"\" class=\"wp-image-22095\" srcset=\"https:\/\/instytutpolski.pl\/budapest\/wp-content\/uploads\/sites\/21\/2026\/04\/1-1024x683.jpg 1024w, https:\/\/instytutpolski.pl\/budapest\/wp-content\/uploads\/sites\/21\/2026\/04\/1-300x200.jpg 300w, https:\/\/instytutpolski.pl\/budapest\/wp-content\/uploads\/sites\/21\/2026\/04\/1-768x512.jpg 768w, https:\/\/instytutpolski.pl\/budapest\/wp-content\/uploads\/sites\/21\/2026\/04\/1-1536x1024.jpg 1536w, https:\/\/instytutpolski.pl\/budapest\/wp-content\/uploads\/sites\/21\/2026\/04\/1.jpg 2048w\" sizes=\"auto, (max-width: 1024px) 100vw, 1024px\" \/><\/figure>\n\n\n\n<figure class=\"wp-block-image size-large\"><img loading=\"lazy\" decoding=\"async\" width=\"1024\" height=\"683\" data-id=\"22093\" src=\"https:\/\/instytutpolski.pl\/budapest\/wp-content\/uploads\/sites\/21\/2026\/04\/2-1024x683.jpg\" alt=\"\" class=\"wp-image-22093\" srcset=\"https:\/\/instytutpolski.pl\/budapest\/wp-content\/uploads\/sites\/21\/2026\/04\/2-1024x683.jpg 1024w, https:\/\/instytutpolski.pl\/budapest\/wp-content\/uploads\/sites\/21\/2026\/04\/2-300x200.jpg 300w, https:\/\/instytutpolski.pl\/budapest\/wp-content\/uploads\/sites\/21\/2026\/04\/2-768x512.jpg 768w, https:\/\/instytutpolski.pl\/budapest\/wp-content\/uploads\/sites\/21\/2026\/04\/2-1536x1024.jpg 1536w, https:\/\/instytutpolski.pl\/budapest\/wp-content\/uploads\/sites\/21\/2026\/04\/2.jpg 2048w\" sizes=\"auto, (max-width: 1024px) 100vw, 1024px\" \/><\/figure>\n\n\n\n<figure class=\"wp-block-image size-large\"><img loading=\"lazy\" decoding=\"async\" width=\"1024\" height=\"683\" data-id=\"22094\" src=\"https:\/\/instytutpolski.pl\/budapest\/wp-content\/uploads\/sites\/21\/2026\/04\/3-1-1024x683.jpg\" alt=\"\" class=\"wp-image-22094\" srcset=\"https:\/\/instytutpolski.pl\/budapest\/wp-content\/uploads\/sites\/21\/2026\/04\/3-1-1024x683.jpg 1024w, https:\/\/instytutpolski.pl\/budapest\/wp-content\/uploads\/sites\/21\/2026\/04\/3-1-300x200.jpg 300w, https:\/\/instytutpolski.pl\/budapest\/wp-content\/uploads\/sites\/21\/2026\/04\/3-1-768x512.jpg 768w, https:\/\/instytutpolski.pl\/budapest\/wp-content\/uploads\/sites\/21\/2026\/04\/3-1-1536x1024.jpg 1536w, https:\/\/instytutpolski.pl\/budapest\/wp-content\/uploads\/sites\/21\/2026\/04\/3-1.jpg 2048w\" sizes=\"auto, (max-width: 1024px) 100vw, 1024px\" \/><\/figure>\n\n\n\n<figure class=\"wp-block-image size-large\"><img loading=\"lazy\" decoding=\"async\" width=\"1024\" height=\"683\" data-id=\"22096\" src=\"https:\/\/instytutpolski.pl\/budapest\/wp-content\/uploads\/sites\/21\/2026\/04\/4-1024x683.jpg\" alt=\"\" class=\"wp-image-22096\" srcset=\"https:\/\/instytutpolski.pl\/budapest\/wp-content\/uploads\/sites\/21\/2026\/04\/4-1024x683.jpg 1024w, https:\/\/instytutpolski.pl\/budapest\/wp-content\/uploads\/sites\/21\/2026\/04\/4-300x200.jpg 300w, https:\/\/instytutpolski.pl\/budapest\/wp-content\/uploads\/sites\/21\/2026\/04\/4-768x512.jpg 768w, https:\/\/instytutpolski.pl\/budapest\/wp-content\/uploads\/sites\/21\/2026\/04\/4-1536x1024.jpg 1536w, https:\/\/instytutpolski.pl\/budapest\/wp-content\/uploads\/sites\/21\/2026\/04\/4.jpg 2048w\" sizes=\"auto, (max-width: 1024px) 100vw, 1024px\" \/><\/figure>\n\n\n\n<figure class=\"wp-block-image size-large\"><img loading=\"lazy\" decoding=\"async\" width=\"1024\" height=\"683\" data-id=\"22097\" src=\"https:\/\/instytutpolski.pl\/budapest\/wp-content\/uploads\/sites\/21\/2026\/04\/5-1024x683.jpg\" alt=\"\" class=\"wp-image-22097\" srcset=\"https:\/\/instytutpolski.pl\/budapest\/wp-content\/uploads\/sites\/21\/2026\/04\/5-1024x683.jpg 1024w, https:\/\/instytutpolski.pl\/budapest\/wp-content\/uploads\/sites\/21\/2026\/04\/5-300x200.jpg 300w, https:\/\/instytutpolski.pl\/budapest\/wp-content\/uploads\/sites\/21\/2026\/04\/5-768x512.jpg 768w, https:\/\/instytutpolski.pl\/budapest\/wp-content\/uploads\/sites\/21\/2026\/04\/5-1536x1024.jpg 1536w, https:\/\/instytutpolski.pl\/budapest\/wp-content\/uploads\/sites\/21\/2026\/04\/5.jpg 2048w\" sizes=\"auto, (max-width: 1024px) 100vw, 1024px\" \/><\/figure>\n\n\n\n<figure class=\"wp-block-image size-large\"><img loading=\"lazy\" decoding=\"async\" width=\"1024\" height=\"683\" data-id=\"22092\" src=\"https:\/\/instytutpolski.pl\/budapest\/wp-content\/uploads\/sites\/21\/2026\/04\/6-1024x683.jpg\" alt=\"\" class=\"wp-image-22092\" srcset=\"https:\/\/instytutpolski.pl\/budapest\/wp-content\/uploads\/sites\/21\/2026\/04\/6-1024x683.jpg 1024w, https:\/\/instytutpolski.pl\/budapest\/wp-content\/uploads\/sites\/21\/2026\/04\/6-300x200.jpg 300w, https:\/\/instytutpolski.pl\/budapest\/wp-content\/uploads\/sites\/21\/2026\/04\/6-768x512.jpg 768w, https:\/\/instytutpolski.pl\/budapest\/wp-content\/uploads\/sites\/21\/2026\/04\/6-1536x1024.jpg 1536w, https:\/\/instytutpolski.pl\/budapest\/wp-content\/uploads\/sites\/21\/2026\/04\/6.jpg 2048w\" sizes=\"auto, (max-width: 1024px) 100vw, 1024px\" \/><\/figure>\n<\/figure>\n\n\n\n<figure class=\"wp-block-gallery has-nested-images columns-default is-cropped wp-block-gallery-3 is-layout-flex wp-block-gallery-is-layout-flex\">\n<figure class=\"wp-block-image size-large\"><img loading=\"lazy\" decoding=\"async\" width=\"1024\" height=\"683\" data-id=\"22099\" src=\"https:\/\/instytutpolski.pl\/budapest\/wp-content\/uploads\/sites\/21\/2026\/04\/7-1024x683.jpg\" alt=\"\" class=\"wp-image-22099\" srcset=\"https:\/\/instytutpolski.pl\/budapest\/wp-content\/uploads\/sites\/21\/2026\/04\/7-1024x683.jpg 1024w, https:\/\/instytutpolski.pl\/budapest\/wp-content\/uploads\/sites\/21\/2026\/04\/7-300x200.jpg 300w, https:\/\/instytutpolski.pl\/budapest\/wp-content\/uploads\/sites\/21\/2026\/04\/7-768x512.jpg 768w, https:\/\/instytutpolski.pl\/budapest\/wp-content\/uploads\/sites\/21\/2026\/04\/7-1536x1024.jpg 1536w, https:\/\/instytutpolski.pl\/budapest\/wp-content\/uploads\/sites\/21\/2026\/04\/7.jpg 2048w\" sizes=\"auto, (max-width: 1024px) 100vw, 1024px\" \/><\/figure>\n\n\n\n<figure class=\"wp-block-image size-large\"><img loading=\"lazy\" decoding=\"async\" width=\"1024\" height=\"683\" data-id=\"22102\" src=\"https:\/\/instytutpolski.pl\/budapest\/wp-content\/uploads\/sites\/21\/2026\/04\/8-1024x683.jpg\" alt=\"\" class=\"wp-image-22102\" srcset=\"https:\/\/instytutpolski.pl\/budapest\/wp-content\/uploads\/sites\/21\/2026\/04\/8-1024x683.jpg 1024w, https:\/\/instytutpolski.pl\/budapest\/wp-content\/uploads\/sites\/21\/2026\/04\/8-300x200.jpg 300w, https:\/\/instytutpolski.pl\/budapest\/wp-content\/uploads\/sites\/21\/2026\/04\/8-768x512.jpg 768w, https:\/\/instytutpolski.pl\/budapest\/wp-content\/uploads\/sites\/21\/2026\/04\/8-1536x1024.jpg 1536w, https:\/\/instytutpolski.pl\/budapest\/wp-content\/uploads\/sites\/21\/2026\/04\/8.jpg 2048w\" sizes=\"auto, (max-width: 1024px) 100vw, 1024px\" \/><\/figure>\n\n\n\n<figure class=\"wp-block-image size-large\"><img loading=\"lazy\" decoding=\"async\" width=\"1024\" height=\"683\" data-id=\"22100\" src=\"https:\/\/instytutpolski.pl\/budapest\/wp-content\/uploads\/sites\/21\/2026\/04\/9-1024x683.jpg\" alt=\"\" class=\"wp-image-22100\" srcset=\"https:\/\/instytutpolski.pl\/budapest\/wp-content\/uploads\/sites\/21\/2026\/04\/9-1024x683.jpg 1024w, https:\/\/instytutpolski.pl\/budapest\/wp-content\/uploads\/sites\/21\/2026\/04\/9-300x200.jpg 300w, https:\/\/instytutpolski.pl\/budapest\/wp-content\/uploads\/sites\/21\/2026\/04\/9-768x512.jpg 768w, https:\/\/instytutpolski.pl\/budapest\/wp-content\/uploads\/sites\/21\/2026\/04\/9-1536x1024.jpg 1536w, https:\/\/instytutpolski.pl\/budapest\/wp-content\/uploads\/sites\/21\/2026\/04\/9.jpg 2048w\" sizes=\"auto, (max-width: 1024px) 100vw, 1024px\" \/><\/figure>\n\n\n\n<figure class=\"wp-block-image size-large\"><img loading=\"lazy\" decoding=\"async\" width=\"1024\" height=\"683\" data-id=\"22101\" src=\"https:\/\/instytutpolski.pl\/budapest\/wp-content\/uploads\/sites\/21\/2026\/04\/10-1024x683.jpg\" alt=\"\" class=\"wp-image-22101\" srcset=\"https:\/\/instytutpolski.pl\/budapest\/wp-content\/uploads\/sites\/21\/2026\/04\/10-1024x683.jpg 1024w, https:\/\/instytutpolski.pl\/budapest\/wp-content\/uploads\/sites\/21\/2026\/04\/10-300x200.jpg 300w, https:\/\/instytutpolski.pl\/budapest\/wp-content\/uploads\/sites\/21\/2026\/04\/10-768x512.jpg 768w, https:\/\/instytutpolski.pl\/budapest\/wp-content\/uploads\/sites\/21\/2026\/04\/10-1536x1024.jpg 1536w, https:\/\/instytutpolski.pl\/budapest\/wp-content\/uploads\/sites\/21\/2026\/04\/10.jpg 2048w\" sizes=\"auto, (max-width: 1024px) 100vw, 1024px\" \/><\/figure>\n\n\n\n<figure class=\"wp-block-image size-large\"><img loading=\"lazy\" decoding=\"async\" width=\"1024\" height=\"683\" data-id=\"22098\" src=\"https:\/\/instytutpolski.pl\/budapest\/wp-content\/uploads\/sites\/21\/2026\/04\/11-1024x683.jpg\" alt=\"\" class=\"wp-image-22098\" srcset=\"https:\/\/instytutpolski.pl\/budapest\/wp-content\/uploads\/sites\/21\/2026\/04\/11-1024x683.jpg 1024w, https:\/\/instytutpolski.pl\/budapest\/wp-content\/uploads\/sites\/21\/2026\/04\/11-300x200.jpg 300w, https:\/\/instytutpolski.pl\/budapest\/wp-content\/uploads\/sites\/21\/2026\/04\/11-768x512.jpg 768w, https:\/\/instytutpolski.pl\/budapest\/wp-content\/uploads\/sites\/21\/2026\/04\/11-1536x1024.jpg 1536w, https:\/\/instytutpolski.pl\/budapest\/wp-content\/uploads\/sites\/21\/2026\/04\/11.jpg 2048w\" sizes=\"auto, (max-width: 1024px) 100vw, 1024px\" \/><\/figure>\n\n\n\n<figure class=\"wp-block-image size-large\"><img loading=\"lazy\" decoding=\"async\" width=\"1024\" height=\"683\" data-id=\"22103\" src=\"https:\/\/instytutpolski.pl\/budapest\/wp-content\/uploads\/sites\/21\/2026\/04\/12-1024x683.jpg\" alt=\"\" class=\"wp-image-22103\" srcset=\"https:\/\/instytutpolski.pl\/budapest\/wp-content\/uploads\/sites\/21\/2026\/04\/12-1024x683.jpg 1024w, https:\/\/instytutpolski.pl\/budapest\/wp-content\/uploads\/sites\/21\/2026\/04\/12-300x200.jpg 300w, https:\/\/instytutpolski.pl\/budapest\/wp-content\/uploads\/sites\/21\/2026\/04\/12-768x512.jpg 768w, https:\/\/instytutpolski.pl\/budapest\/wp-content\/uploads\/sites\/21\/2026\/04\/12-1536x1024.jpg 1536w, https:\/\/instytutpolski.pl\/budapest\/wp-content\/uploads\/sites\/21\/2026\/04\/12.jpg 2048w\" sizes=\"auto, (max-width: 1024px) 100vw, 1024px\" \/><\/figure>\n<\/figure>\n\n\n\n<figure class=\"wp-block-gallery has-nested-images columns-default is-cropped wp-block-gallery-4 is-layout-flex wp-block-gallery-is-layout-flex\">\n<figure class=\"wp-block-image size-large\"><img loading=\"lazy\" decoding=\"async\" width=\"1024\" height=\"683\" data-id=\"22108\" src=\"https:\/\/instytutpolski.pl\/budapest\/wp-content\/uploads\/sites\/21\/2026\/04\/13-1024x683.jpg\" alt=\"\" class=\"wp-image-22108\" srcset=\"https:\/\/instytutpolski.pl\/budapest\/wp-content\/uploads\/sites\/21\/2026\/04\/13-1024x683.jpg 1024w, https:\/\/instytutpolski.pl\/budapest\/wp-content\/uploads\/sites\/21\/2026\/04\/13-300x200.jpg 300w, https:\/\/instytutpolski.pl\/budapest\/wp-content\/uploads\/sites\/21\/2026\/04\/13-768x512.jpg 768w, https:\/\/instytutpolski.pl\/budapest\/wp-content\/uploads\/sites\/21\/2026\/04\/13-1536x1024.jpg 1536w, https:\/\/instytutpolski.pl\/budapest\/wp-content\/uploads\/sites\/21\/2026\/04\/13.jpg 2048w\" sizes=\"auto, (max-width: 1024px) 100vw, 1024px\" \/><\/figure>\n\n\n\n<figure class=\"wp-block-image size-large\"><img loading=\"lazy\" decoding=\"async\" width=\"1024\" height=\"683\" data-id=\"22107\" src=\"https:\/\/instytutpolski.pl\/budapest\/wp-content\/uploads\/sites\/21\/2026\/04\/14-1024x683.jpg\" alt=\"\" class=\"wp-image-22107\" srcset=\"https:\/\/instytutpolski.pl\/budapest\/wp-content\/uploads\/sites\/21\/2026\/04\/14-1024x683.jpg 1024w, https:\/\/instytutpolski.pl\/budapest\/wp-content\/uploads\/sites\/21\/2026\/04\/14-300x200.jpg 300w, https:\/\/instytutpolski.pl\/budapest\/wp-content\/uploads\/sites\/21\/2026\/04\/14-768x512.jpg 768w, https:\/\/instytutpolski.pl\/budapest\/wp-content\/uploads\/sites\/21\/2026\/04\/14-1536x1024.jpg 1536w, https:\/\/instytutpolski.pl\/budapest\/wp-content\/uploads\/sites\/21\/2026\/04\/14.jpg 2048w\" sizes=\"auto, (max-width: 1024px) 100vw, 1024px\" \/><\/figure>\n\n\n\n<figure class=\"wp-block-image size-large\"><img loading=\"lazy\" decoding=\"async\" width=\"1024\" height=\"683\" data-id=\"22104\" src=\"https:\/\/instytutpolski.pl\/budapest\/wp-content\/uploads\/sites\/21\/2026\/04\/15-1024x683.jpg\" alt=\"\" class=\"wp-image-22104\" srcset=\"https:\/\/instytutpolski.pl\/budapest\/wp-content\/uploads\/sites\/21\/2026\/04\/15-1024x683.jpg 1024w, https:\/\/instytutpolski.pl\/budapest\/wp-content\/uploads\/sites\/21\/2026\/04\/15-300x200.jpg 300w, https:\/\/instytutpolski.pl\/budapest\/wp-content\/uploads\/sites\/21\/2026\/04\/15-768x512.jpg 768w, https:\/\/instytutpolski.pl\/budapest\/wp-content\/uploads\/sites\/21\/2026\/04\/15-1536x1024.jpg 1536w, https:\/\/instytutpolski.pl\/budapest\/wp-content\/uploads\/sites\/21\/2026\/04\/15.jpg 2048w\" sizes=\"auto, (max-width: 1024px) 100vw, 1024px\" \/><\/figure>\n\n\n\n<figure class=\"wp-block-image size-large\"><img loading=\"lazy\" decoding=\"async\" width=\"1024\" height=\"683\" data-id=\"22106\" src=\"https:\/\/instytutpolski.pl\/budapest\/wp-content\/uploads\/sites\/21\/2026\/04\/16-1024x683.jpg\" alt=\"\" class=\"wp-image-22106\" srcset=\"https:\/\/instytutpolski.pl\/budapest\/wp-content\/uploads\/sites\/21\/2026\/04\/16-1024x683.jpg 1024w, https:\/\/instytutpolski.pl\/budapest\/wp-content\/uploads\/sites\/21\/2026\/04\/16-300x200.jpg 300w, https:\/\/instytutpolski.pl\/budapest\/wp-content\/uploads\/sites\/21\/2026\/04\/16-768x512.jpg 768w, https:\/\/instytutpolski.pl\/budapest\/wp-content\/uploads\/sites\/21\/2026\/04\/16-1536x1024.jpg 1536w, https:\/\/instytutpolski.pl\/budapest\/wp-content\/uploads\/sites\/21\/2026\/04\/16.jpg 2048w\" sizes=\"auto, (max-width: 1024px) 100vw, 1024px\" \/><\/figure>\n\n\n\n<figure class=\"wp-block-image size-large\"><img loading=\"lazy\" decoding=\"async\" width=\"1024\" height=\"683\" data-id=\"22105\" src=\"https:\/\/instytutpolski.pl\/budapest\/wp-content\/uploads\/sites\/21\/2026\/04\/17-1024x683.jpg\" alt=\"\" class=\"wp-image-22105\" srcset=\"https:\/\/instytutpolski.pl\/budapest\/wp-content\/uploads\/sites\/21\/2026\/04\/17-1024x683.jpg 1024w, https:\/\/instytutpolski.pl\/budapest\/wp-content\/uploads\/sites\/21\/2026\/04\/17-300x200.jpg 300w, https:\/\/instytutpolski.pl\/budapest\/wp-content\/uploads\/sites\/21\/2026\/04\/17-768x512.jpg 768w, https:\/\/instytutpolski.pl\/budapest\/wp-content\/uploads\/sites\/21\/2026\/04\/17-1536x1024.jpg 1536w, https:\/\/instytutpolski.pl\/budapest\/wp-content\/uploads\/sites\/21\/2026\/04\/17.jpg 2048w\" sizes=\"auto, (max-width: 1024px) 100vw, 1024px\" \/><\/figure>\n\n\n\n<figure class=\"wp-block-image size-large\"><img loading=\"lazy\" decoding=\"async\" width=\"1024\" height=\"683\" data-id=\"22109\" src=\"https:\/\/instytutpolski.pl\/budapest\/wp-content\/uploads\/sites\/21\/2026\/04\/21-7-1024x683.jpg\" alt=\"\" class=\"wp-image-22109\" srcset=\"https:\/\/instytutpolski.pl\/budapest\/wp-content\/uploads\/sites\/21\/2026\/04\/21-7-1024x683.jpg 1024w, https:\/\/instytutpolski.pl\/budapest\/wp-content\/uploads\/sites\/21\/2026\/04\/21-7-300x200.jpg 300w, https:\/\/instytutpolski.pl\/budapest\/wp-content\/uploads\/sites\/21\/2026\/04\/21-7-768x512.jpg 768w, https:\/\/instytutpolski.pl\/budapest\/wp-content\/uploads\/sites\/21\/2026\/04\/21-7-1536x1024.jpg 1536w, https:\/\/instytutpolski.pl\/budapest\/wp-content\/uploads\/sites\/21\/2026\/04\/21-7.jpg 2048w\" sizes=\"auto, (max-width: 1024px) 100vw, 1024px\" \/><\/figure>\n<\/figure>\n\n\n\n<figure class=\"wp-block-gallery has-nested-images columns-default is-cropped wp-block-gallery-5 is-layout-flex wp-block-gallery-is-layout-flex\">\n<figure class=\"wp-block-image size-large\"><img loading=\"lazy\" decoding=\"async\" width=\"1024\" height=\"683\" data-id=\"22110\" src=\"https:\/\/instytutpolski.pl\/budapest\/wp-content\/uploads\/sites\/21\/2026\/04\/22-1024x683.jpg\" alt=\"\" class=\"wp-image-22110\" srcset=\"https:\/\/instytutpolski.pl\/budapest\/wp-content\/uploads\/sites\/21\/2026\/04\/22-1024x683.jpg 1024w, https:\/\/instytutpolski.pl\/budapest\/wp-content\/uploads\/sites\/21\/2026\/04\/22-300x200.jpg 300w, https:\/\/instytutpolski.pl\/budapest\/wp-content\/uploads\/sites\/21\/2026\/04\/22-768x512.jpg 768w, https:\/\/instytutpolski.pl\/budapest\/wp-content\/uploads\/sites\/21\/2026\/04\/22-1536x1024.jpg 1536w, https:\/\/instytutpolski.pl\/budapest\/wp-content\/uploads\/sites\/21\/2026\/04\/22.jpg 2048w\" sizes=\"auto, (max-width: 1024px) 100vw, 1024px\" \/><\/figure>\n\n\n\n<figure class=\"wp-block-image size-large\"><img loading=\"lazy\" decoding=\"async\" width=\"1024\" height=\"683\" data-id=\"22112\" src=\"https:\/\/instytutpolski.pl\/budapest\/wp-content\/uploads\/sites\/21\/2026\/04\/23-1024x683.jpg\" alt=\"\" class=\"wp-image-22112\" srcset=\"https:\/\/instytutpolski.pl\/budapest\/wp-content\/uploads\/sites\/21\/2026\/04\/23-1024x683.jpg 1024w, https:\/\/instytutpolski.pl\/budapest\/wp-content\/uploads\/sites\/21\/2026\/04\/23-300x200.jpg 300w, https:\/\/instytutpolski.pl\/budapest\/wp-content\/uploads\/sites\/21\/2026\/04\/23-768x512.jpg 768w, https:\/\/instytutpolski.pl\/budapest\/wp-content\/uploads\/sites\/21\/2026\/04\/23-1536x1024.jpg 1536w, https:\/\/instytutpolski.pl\/budapest\/wp-content\/uploads\/sites\/21\/2026\/04\/23.jpg 2048w\" sizes=\"auto, (max-width: 1024px) 100vw, 1024px\" \/><\/figure>\n\n\n\n<figure class=\"wp-block-image size-large\"><img loading=\"lazy\" decoding=\"async\" width=\"1024\" height=\"683\" data-id=\"22114\" src=\"https:\/\/instytutpolski.pl\/budapest\/wp-content\/uploads\/sites\/21\/2026\/04\/24-1024x683.jpg\" alt=\"\" class=\"wp-image-22114\" srcset=\"https:\/\/instytutpolski.pl\/budapest\/wp-content\/uploads\/sites\/21\/2026\/04\/24-1024x683.jpg 1024w, https:\/\/instytutpolski.pl\/budapest\/wp-content\/uploads\/sites\/21\/2026\/04\/24-300x200.jpg 300w, https:\/\/instytutpolski.pl\/budapest\/wp-content\/uploads\/sites\/21\/2026\/04\/24-768x512.jpg 768w, https:\/\/instytutpolski.pl\/budapest\/wp-content\/uploads\/sites\/21\/2026\/04\/24-1536x1024.jpg 1536w, https:\/\/instytutpolski.pl\/budapest\/wp-content\/uploads\/sites\/21\/2026\/04\/24.jpg 2048w\" sizes=\"auto, (max-width: 1024px) 100vw, 1024px\" \/><\/figure>\n\n\n\n<figure class=\"wp-block-image size-large\"><img loading=\"lazy\" decoding=\"async\" width=\"1024\" height=\"683\" data-id=\"22115\" src=\"https:\/\/instytutpolski.pl\/budapest\/wp-content\/uploads\/sites\/21\/2026\/04\/25-1024x683.jpg\" alt=\"\" class=\"wp-image-22115\" srcset=\"https:\/\/instytutpolski.pl\/budapest\/wp-content\/uploads\/sites\/21\/2026\/04\/25-1024x683.jpg 1024w, https:\/\/instytutpolski.pl\/budapest\/wp-content\/uploads\/sites\/21\/2026\/04\/25-300x200.jpg 300w, https:\/\/instytutpolski.pl\/budapest\/wp-content\/uploads\/sites\/21\/2026\/04\/25-768x512.jpg 768w, https:\/\/instytutpolski.pl\/budapest\/wp-content\/uploads\/sites\/21\/2026\/04\/25-1536x1024.jpg 1536w, https:\/\/instytutpolski.pl\/budapest\/wp-content\/uploads\/sites\/21\/2026\/04\/25.jpg 2048w\" sizes=\"auto, (max-width: 1024px) 100vw, 1024px\" \/><\/figure>\n\n\n\n<figure class=\"wp-block-image size-large\"><img loading=\"lazy\" decoding=\"async\" width=\"1024\" height=\"683\" data-id=\"22111\" src=\"https:\/\/instytutpolski.pl\/budapest\/wp-content\/uploads\/sites\/21\/2026\/04\/26-1024x683.jpg\" alt=\"\" class=\"wp-image-22111\" srcset=\"https:\/\/instytutpolski.pl\/budapest\/wp-content\/uploads\/sites\/21\/2026\/04\/26-1024x683.jpg 1024w, https:\/\/instytutpolski.pl\/budapest\/wp-content\/uploads\/sites\/21\/2026\/04\/26-300x200.jpg 300w, https:\/\/instytutpolski.pl\/budapest\/wp-content\/uploads\/sites\/21\/2026\/04\/26-768x512.jpg 768w, https:\/\/instytutpolski.pl\/budapest\/wp-content\/uploads\/sites\/21\/2026\/04\/26-1536x1024.jpg 1536w, https:\/\/instytutpolski.pl\/budapest\/wp-content\/uploads\/sites\/21\/2026\/04\/26.jpg 2048w\" sizes=\"auto, (max-width: 1024px) 100vw, 1024px\" \/><\/figure>\n\n\n\n<figure class=\"wp-block-image size-large\"><img loading=\"lazy\" decoding=\"async\" width=\"1024\" height=\"683\" data-id=\"22113\" src=\"https:\/\/instytutpolski.pl\/budapest\/wp-content\/uploads\/sites\/21\/2026\/04\/DSC_6728-1024x683.jpg\" alt=\"\" class=\"wp-image-22113\" srcset=\"https:\/\/instytutpolski.pl\/budapest\/wp-content\/uploads\/sites\/21\/2026\/04\/DSC_6728-1024x683.jpg 1024w, https:\/\/instytutpolski.pl\/budapest\/wp-content\/uploads\/sites\/21\/2026\/04\/DSC_6728-300x200.jpg 300w, https:\/\/instytutpolski.pl\/budapest\/wp-content\/uploads\/sites\/21\/2026\/04\/DSC_6728-768x512.jpg 768w, https:\/\/instytutpolski.pl\/budapest\/wp-content\/uploads\/sites\/21\/2026\/04\/DSC_6728-1536x1024.jpg 1536w, https:\/\/instytutpolski.pl\/budapest\/wp-content\/uploads\/sites\/21\/2026\/04\/DSC_6728.jpg 2048w\" sizes=\"auto, (max-width: 1024px) 100vw, 1024px\" \/><\/figure>\n<\/figure>\n\n\n\n<figure class=\"wp-block-gallery has-nested-images columns-default is-cropped wp-block-gallery-6 is-layout-flex wp-block-gallery-is-layout-flex\">\n<figure class=\"wp-block-image size-large\"><img loading=\"lazy\" decoding=\"async\" width=\"1024\" height=\"683\" data-id=\"22116\" src=\"https:\/\/instytutpolski.pl\/budapest\/wp-content\/uploads\/sites\/21\/2026\/04\/1-1-1024x683.jpg\" alt=\"\" class=\"wp-image-22116\" srcset=\"https:\/\/instytutpolski.pl\/budapest\/wp-content\/uploads\/sites\/21\/2026\/04\/1-1-1024x683.jpg 1024w, https:\/\/instytutpolski.pl\/budapest\/wp-content\/uploads\/sites\/21\/2026\/04\/1-1-300x200.jpg 300w, https:\/\/instytutpolski.pl\/budapest\/wp-content\/uploads\/sites\/21\/2026\/04\/1-1-768x512.jpg 768w, https:\/\/instytutpolski.pl\/budapest\/wp-content\/uploads\/sites\/21\/2026\/04\/1-1-1536x1024.jpg 1536w, https:\/\/instytutpolski.pl\/budapest\/wp-content\/uploads\/sites\/21\/2026\/04\/1-1.jpg 2048w\" sizes=\"auto, (max-width: 1024px) 100vw, 1024px\" \/><\/figure>\n\n\n\n<figure class=\"wp-block-image size-large\"><img loading=\"lazy\" decoding=\"async\" width=\"1024\" height=\"683\" data-id=\"22118\" src=\"https:\/\/instytutpolski.pl\/budapest\/wp-content\/uploads\/sites\/21\/2026\/04\/2-1-1024x683.jpg\" alt=\"\" class=\"wp-image-22118\" srcset=\"https:\/\/instytutpolski.pl\/budapest\/wp-content\/uploads\/sites\/21\/2026\/04\/2-1-1024x683.jpg 1024w, https:\/\/instytutpolski.pl\/budapest\/wp-content\/uploads\/sites\/21\/2026\/04\/2-1-300x200.jpg 300w, https:\/\/instytutpolski.pl\/budapest\/wp-content\/uploads\/sites\/21\/2026\/04\/2-1-768x512.jpg 768w, https:\/\/instytutpolski.pl\/budapest\/wp-content\/uploads\/sites\/21\/2026\/04\/2-1-1536x1024.jpg 1536w, https:\/\/instytutpolski.pl\/budapest\/wp-content\/uploads\/sites\/21\/2026\/04\/2-1.jpg 2048w\" sizes=\"auto, (max-width: 1024px) 100vw, 1024px\" \/><\/figure>\n\n\n\n<figure class=\"wp-block-image size-large\"><img loading=\"lazy\" decoding=\"async\" width=\"1024\" height=\"683\" data-id=\"22117\" src=\"https:\/\/instytutpolski.pl\/budapest\/wp-content\/uploads\/sites\/21\/2026\/04\/3-2-1024x683.jpg\" alt=\"\" class=\"wp-image-22117\" srcset=\"https:\/\/instytutpolski.pl\/budapest\/wp-content\/uploads\/sites\/21\/2026\/04\/3-2-1024x683.jpg 1024w, https:\/\/instytutpolski.pl\/budapest\/wp-content\/uploads\/sites\/21\/2026\/04\/3-2-300x200.jpg 300w, https:\/\/instytutpolski.pl\/budapest\/wp-content\/uploads\/sites\/21\/2026\/04\/3-2-768x512.jpg 768w, https:\/\/instytutpolski.pl\/budapest\/wp-content\/uploads\/sites\/21\/2026\/04\/3-2-1536x1024.jpg 1536w, https:\/\/instytutpolski.pl\/budapest\/wp-content\/uploads\/sites\/21\/2026\/04\/3-2.jpg 2048w\" sizes=\"auto, (max-width: 1024px) 100vw, 1024px\" \/><\/figure>\n<\/figure>\n\n\n\n<figure class=\"wp-block-gallery has-nested-images columns-default is-cropped wp-block-gallery-7 is-layout-flex wp-block-gallery-is-layout-flex\">\n<figure class=\"wp-block-image size-large\"><img loading=\"lazy\" decoding=\"async\" width=\"1024\" height=\"683\" data-id=\"22119\" src=\"https:\/\/instytutpolski.pl\/budapest\/wp-content\/uploads\/sites\/21\/2026\/04\/4-1-1024x683.jpg\" alt=\"\" class=\"wp-image-22119\" srcset=\"https:\/\/instytutpolski.pl\/budapest\/wp-content\/uploads\/sites\/21\/2026\/04\/4-1-1024x683.jpg 1024w, https:\/\/instytutpolski.pl\/budapest\/wp-content\/uploads\/sites\/21\/2026\/04\/4-1-300x200.jpg 300w, https:\/\/instytutpolski.pl\/budapest\/wp-content\/uploads\/sites\/21\/2026\/04\/4-1-768x512.jpg 768w, https:\/\/instytutpolski.pl\/budapest\/wp-content\/uploads\/sites\/21\/2026\/04\/4-1-1536x1024.jpg 1536w, https:\/\/instytutpolski.pl\/budapest\/wp-content\/uploads\/sites\/21\/2026\/04\/4-1.jpg 2048w\" sizes=\"auto, (max-width: 1024px) 100vw, 1024px\" \/><\/figure>\n\n\n\n<figure class=\"wp-block-image size-large\"><img loading=\"lazy\" decoding=\"async\" width=\"1024\" height=\"683\" data-id=\"22120\" src=\"https:\/\/instytutpolski.pl\/budapest\/wp-content\/uploads\/sites\/21\/2026\/04\/5-1-1024x683.jpg\" alt=\"\" class=\"wp-image-22120\" srcset=\"https:\/\/instytutpolski.pl\/budapest\/wp-content\/uploads\/sites\/21\/2026\/04\/5-1-1024x683.jpg 1024w, https:\/\/instytutpolski.pl\/budapest\/wp-content\/uploads\/sites\/21\/2026\/04\/5-1-300x200.jpg 300w, https:\/\/instytutpolski.pl\/budapest\/wp-content\/uploads\/sites\/21\/2026\/04\/5-1-768x512.jpg 768w, https:\/\/instytutpolski.pl\/budapest\/wp-content\/uploads\/sites\/21\/2026\/04\/5-1-1536x1024.jpg 1536w, https:\/\/instytutpolski.pl\/budapest\/wp-content\/uploads\/sites\/21\/2026\/04\/5-1.jpg 2048w\" sizes=\"auto, (max-width: 1024px) 100vw, 1024px\" \/><\/figure>\n\n\n\n<figure class=\"wp-block-image size-large\"><img loading=\"lazy\" decoding=\"async\" width=\"1024\" height=\"683\" data-id=\"22126\" src=\"https:\/\/instytutpolski.pl\/budapest\/wp-content\/uploads\/sites\/21\/2026\/04\/6-1-1024x683.jpg\" alt=\"\" class=\"wp-image-22126\" srcset=\"https:\/\/instytutpolski.pl\/budapest\/wp-content\/uploads\/sites\/21\/2026\/04\/6-1-1024x683.jpg 1024w, https:\/\/instytutpolski.pl\/budapest\/wp-content\/uploads\/sites\/21\/2026\/04\/6-1-300x200.jpg 300w, https:\/\/instytutpolski.pl\/budapest\/wp-content\/uploads\/sites\/21\/2026\/04\/6-1-768x512.jpg 768w, https:\/\/instytutpolski.pl\/budapest\/wp-content\/uploads\/sites\/21\/2026\/04\/6-1-1536x1024.jpg 1536w, https:\/\/instytutpolski.pl\/budapest\/wp-content\/uploads\/sites\/21\/2026\/04\/6-1.jpg 2048w\" sizes=\"auto, (max-width: 1024px) 100vw, 1024px\" \/><\/figure>\n\n\n\n<figure class=\"wp-block-image size-large\"><img loading=\"lazy\" decoding=\"async\" width=\"1024\" height=\"683\" data-id=\"22128\" src=\"https:\/\/instytutpolski.pl\/budapest\/wp-content\/uploads\/sites\/21\/2026\/04\/DSC_6584ma\u2560usolat-1024x683.jpg\" alt=\"\" class=\"wp-image-22128\" srcset=\"https:\/\/instytutpolski.pl\/budapest\/wp-content\/uploads\/sites\/21\/2026\/04\/DSC_6584ma\u2560usolat-1024x683.jpg 1024w, https:\/\/instytutpolski.pl\/budapest\/wp-content\/uploads\/sites\/21\/2026\/04\/DSC_6584ma\u2560usolat-300x200.jpg 300w, https:\/\/instytutpolski.pl\/budapest\/wp-content\/uploads\/sites\/21\/2026\/04\/DSC_6584ma\u2560usolat-768x512.jpg 768w, https:\/\/instytutpolski.pl\/budapest\/wp-content\/uploads\/sites\/21\/2026\/04\/DSC_6584ma\u2560usolat-1536x1024.jpg 1536w, https:\/\/instytutpolski.pl\/budapest\/wp-content\/uploads\/sites\/21\/2026\/04\/DSC_6584ma\u2560usolat.jpg 2048w\" sizes=\"auto, (max-width: 1024px) 100vw, 1024px\" \/><\/figure>\n\n\n\n<figure class=\"wp-block-image size-large\"><img loading=\"lazy\" decoding=\"async\" width=\"1024\" height=\"683\" data-id=\"22122\" src=\"https:\/\/instytutpolski.pl\/budapest\/wp-content\/uploads\/sites\/21\/2026\/04\/DSC_6585-ma\u2560usolat-1024x683.jpg\" alt=\"\" class=\"wp-image-22122\" srcset=\"https:\/\/instytutpolski.pl\/budapest\/wp-content\/uploads\/sites\/21\/2026\/04\/DSC_6585-ma\u2560usolat-1024x683.jpg 1024w, https:\/\/instytutpolski.pl\/budapest\/wp-content\/uploads\/sites\/21\/2026\/04\/DSC_6585-ma\u2560usolat-300x200.jpg 300w, https:\/\/instytutpolski.pl\/budapest\/wp-content\/uploads\/sites\/21\/2026\/04\/DSC_6585-ma\u2560usolat-768x512.jpg 768w, https:\/\/instytutpolski.pl\/budapest\/wp-content\/uploads\/sites\/21\/2026\/04\/DSC_6585-ma\u2560usolat-1536x1024.jpg 1536w, https:\/\/instytutpolski.pl\/budapest\/wp-content\/uploads\/sites\/21\/2026\/04\/DSC_6585-ma\u2560usolat.jpg 2048w\" sizes=\"auto, (max-width: 1024px) 100vw, 1024px\" \/><\/figure>\n\n\n\n<figure class=\"wp-block-image size-large\"><img loading=\"lazy\" decoding=\"async\" width=\"1024\" height=\"683\" data-id=\"22121\" src=\"https:\/\/instytutpolski.pl\/budapest\/wp-content\/uploads\/sites\/21\/2026\/04\/DSC_6589-ma\u2560usolat-1024x683.jpg\" alt=\"\" class=\"wp-image-22121\" srcset=\"https:\/\/instytutpolski.pl\/budapest\/wp-content\/uploads\/sites\/21\/2026\/04\/DSC_6589-ma\u2560usolat-1024x683.jpg 1024w, https:\/\/instytutpolski.pl\/budapest\/wp-content\/uploads\/sites\/21\/2026\/04\/DSC_6589-ma\u2560usolat-300x200.jpg 300w, https:\/\/instytutpolski.pl\/budapest\/wp-content\/uploads\/sites\/21\/2026\/04\/DSC_6589-ma\u2560usolat-768x512.jpg 768w, https:\/\/instytutpolski.pl\/budapest\/wp-content\/uploads\/sites\/21\/2026\/04\/DSC_6589-ma\u2560usolat-1536x1024.jpg 1536w, https:\/\/instytutpolski.pl\/budapest\/wp-content\/uploads\/sites\/21\/2026\/04\/DSC_6589-ma\u2560usolat.jpg 2048w\" sizes=\"auto, (max-width: 1024px) 100vw, 1024px\" \/><\/figure>\n\n\n\n<figure class=\"wp-block-image size-large\"><img loading=\"lazy\" decoding=\"async\" width=\"1024\" height=\"683\" data-id=\"22124\" src=\"https:\/\/instytutpolski.pl\/budapest\/wp-content\/uploads\/sites\/21\/2026\/04\/DSC_6598-ma\u2560usolat-1024x683.jpg\" alt=\"\" class=\"wp-image-22124\" srcset=\"https:\/\/instytutpolski.pl\/budapest\/wp-content\/uploads\/sites\/21\/2026\/04\/DSC_6598-ma\u2560usolat-1024x683.jpg 1024w, https:\/\/instytutpolski.pl\/budapest\/wp-content\/uploads\/sites\/21\/2026\/04\/DSC_6598-ma\u2560usolat-300x200.jpg 300w, https:\/\/instytutpolski.pl\/budapest\/wp-content\/uploads\/sites\/21\/2026\/04\/DSC_6598-ma\u2560usolat-768x512.jpg 768w, https:\/\/instytutpolski.pl\/budapest\/wp-content\/uploads\/sites\/21\/2026\/04\/DSC_6598-ma\u2560usolat-1536x1024.jpg 1536w, https:\/\/instytutpolski.pl\/budapest\/wp-content\/uploads\/sites\/21\/2026\/04\/DSC_6598-ma\u2560usolat.jpg 2048w\" sizes=\"auto, (max-width: 1024px) 100vw, 1024px\" \/><\/figure>\n\n\n\n<figure class=\"wp-block-image size-large\"><img loading=\"lazy\" decoding=\"async\" width=\"1024\" height=\"683\" data-id=\"22123\" src=\"https:\/\/instytutpolski.pl\/budapest\/wp-content\/uploads\/sites\/21\/2026\/04\/DSC_6601-ma\u2560usolat-1024x683.jpg\" alt=\"\" class=\"wp-image-22123\" srcset=\"https:\/\/instytutpolski.pl\/budapest\/wp-content\/uploads\/sites\/21\/2026\/04\/DSC_6601-ma\u2560usolat-1024x683.jpg 1024w, https:\/\/instytutpolski.pl\/budapest\/wp-content\/uploads\/sites\/21\/2026\/04\/DSC_6601-ma\u2560usolat-300x200.jpg 300w, https:\/\/instytutpolski.pl\/budapest\/wp-content\/uploads\/sites\/21\/2026\/04\/DSC_6601-ma\u2560usolat-768x512.jpg 768w, https:\/\/instytutpolski.pl\/budapest\/wp-content\/uploads\/sites\/21\/2026\/04\/DSC_6601-ma\u2560usolat-1536x1024.jpg 1536w, https:\/\/instytutpolski.pl\/budapest\/wp-content\/uploads\/sites\/21\/2026\/04\/DSC_6601-ma\u2560usolat.jpg 2048w\" sizes=\"auto, (max-width: 1024px) 100vw, 1024px\" \/><\/figure>\n\n\n\n<figure class=\"wp-block-image size-large\"><img loading=\"lazy\" decoding=\"async\" width=\"1024\" height=\"683\" data-id=\"22125\" src=\"https:\/\/instytutpolski.pl\/budapest\/wp-content\/uploads\/sites\/21\/2026\/04\/DSC_6604-ma\u2560usolat-1024x683.jpg\" alt=\"\" class=\"wp-image-22125\" srcset=\"https:\/\/instytutpolski.pl\/budapest\/wp-content\/uploads\/sites\/21\/2026\/04\/DSC_6604-ma\u2560usolat-1024x683.jpg 1024w, https:\/\/instytutpolski.pl\/budapest\/wp-content\/uploads\/sites\/21\/2026\/04\/DSC_6604-ma\u2560usolat-300x200.jpg 300w, https:\/\/instytutpolski.pl\/budapest\/wp-content\/uploads\/sites\/21\/2026\/04\/DSC_6604-ma\u2560usolat-768x512.jpg 768w, https:\/\/instytutpolski.pl\/budapest\/wp-content\/uploads\/sites\/21\/2026\/04\/DSC_6604-ma\u2560usolat-1536x1024.jpg 1536w, https:\/\/instytutpolski.pl\/budapest\/wp-content\/uploads\/sites\/21\/2026\/04\/DSC_6604-ma\u2560usolat.jpg 2048w\" sizes=\"auto, (max-width: 1024px) 100vw, 1024px\" \/><\/figure>\n\n\n\n<figure class=\"wp-block-image size-large\"><img loading=\"lazy\" decoding=\"async\" width=\"1024\" height=\"683\" data-id=\"22129\" src=\"https:\/\/instytutpolski.pl\/budapest\/wp-content\/uploads\/sites\/21\/2026\/04\/DSC_6647-ma\u2560usolat-1024x683.jpg\" alt=\"\" class=\"wp-image-22129\" srcset=\"https:\/\/instytutpolski.pl\/budapest\/wp-content\/uploads\/sites\/21\/2026\/04\/DSC_6647-ma\u2560usolat-1024x683.jpg 1024w, https:\/\/instytutpolski.pl\/budapest\/wp-content\/uploads\/sites\/21\/2026\/04\/DSC_6647-ma\u2560usolat-300x200.jpg 300w, https:\/\/instytutpolski.pl\/budapest\/wp-content\/uploads\/sites\/21\/2026\/04\/DSC_6647-ma\u2560usolat-768x512.jpg 768w, https:\/\/instytutpolski.pl\/budapest\/wp-content\/uploads\/sites\/21\/2026\/04\/DSC_6647-ma\u2560usolat-1536x1024.jpg 1536w, https:\/\/instytutpolski.pl\/budapest\/wp-content\/uploads\/sites\/21\/2026\/04\/DSC_6647-ma\u2560usolat.jpg 2048w\" sizes=\"auto, (max-width: 1024px) 100vw, 1024px\" \/><\/figure>\n\n\n\n<figure class=\"wp-block-image size-large\"><img loading=\"lazy\" decoding=\"async\" width=\"1024\" height=\"683\" data-id=\"22127\" src=\"https:\/\/instytutpolski.pl\/budapest\/wp-content\/uploads\/sites\/21\/2026\/04\/DSC_6653-ma\u2560usolat-1024x683.jpg\" alt=\"\" class=\"wp-image-22127\" srcset=\"https:\/\/instytutpolski.pl\/budapest\/wp-content\/uploads\/sites\/21\/2026\/04\/DSC_6653-ma\u2560usolat-1024x683.jpg 1024w, https:\/\/instytutpolski.pl\/budapest\/wp-content\/uploads\/sites\/21\/2026\/04\/DSC_6653-ma\u2560usolat-300x200.jpg 300w, https:\/\/instytutpolski.pl\/budapest\/wp-content\/uploads\/sites\/21\/2026\/04\/DSC_6653-ma\u2560usolat-768x512.jpg 768w, https:\/\/instytutpolski.pl\/budapest\/wp-content\/uploads\/sites\/21\/2026\/04\/DSC_6653-ma\u2560usolat-1536x1024.jpg 1536w, https:\/\/instytutpolski.pl\/budapest\/wp-content\/uploads\/sites\/21\/2026\/04\/DSC_6653-ma\u2560usolat.jpg 2048w\" sizes=\"auto, (max-width: 1024px) 100vw, 1024px\" \/><\/figure>\n<\/figure>\n","protected":false},"excerpt":{"rendered":"<p>CTRL + SHIFT + N Hat\u00e1r Attila k\u00e9pei \u00e9s a jelenl\u00e9t bizonytalans\u00e1ga Megnyit\u00f3 \u00e1prilis 9-\u00e9n, cs\u00fct\u00f6rt\u00f6k\u00f6n 19.00 \u00f3rakor a LATARKA gal\u00e9ri\u00e1ban (Andr\u00e1ssy \u00fat 32.) A ki\u00e1ll\u00edt\u00e1st megnyitja: Nemes Z. M\u00e1ri\u00f3, k\u00f6lt\u00f6, kritikus, eszt\u00e9ta A ki\u00e1ll\u00edt\u00e1s kur\u00e1tora: B\u00e1nki \u00c1kos A Ctrl + Shift + N egy \u00faj r\u00e9teg megnyit\u00e1s\u00e1nak gesztusa. A rajzok is ilyen r\u00e9tegekben gondolkodnak: [&hellip;]<\/p>\n","protected":false},"author":223,"featured_media":22091,"comment_status":"open","ping_status":"open","sticky":false,"template":"","format":"standard","meta":{"inline_featured_image":false,"_monsterinsights_skip_tracking":false,"_monsterinsights_sitenote_active":false,"_monsterinsights_sitenote_note":"","_monsterinsights_sitenote_category":0,"footnotes":""},"categories":[78,169,171],"tags":[],"class_list":["post-22090","post","type-post","status-publish","format-standard","has-post-thumbnail","hentry","category-exhibition","category-platan-galeria","category-platan-gallery"],"yoast_head":"<!-- This site is optimized with the Yoast SEO plugin v24.6 - https:\/\/yoast.com\/wordpress\/plugins\/seo\/ -->\n<title>CTRL + SHIFT + N - Instytut Polski w Budapeszcie<\/title>\n<meta name=\"robots\" content=\"index, follow, max-snippet:-1, max-image-preview:large, max-video-preview:-1\" \/>\n<link rel=\"canonical\" href=\"https:\/\/instytutpolski.pl\/budapest\/2026\/04\/23\/ctrl-shift-n\/\" \/>\n<meta property=\"og:locale\" content=\"pl_PL\" \/>\n<meta property=\"og:type\" content=\"article\" \/>\n<meta property=\"og:title\" content=\"CTRL + SHIFT + N - Instytut Polski w Budapeszcie\" \/>\n<meta property=\"og:description\" content=\"CTRL + SHIFT + N Hat\u00e1r Attila k\u00e9pei \u00e9s a jelenl\u00e9t bizonytalans\u00e1ga Megnyit\u00f3 \u00e1prilis 9-\u00e9n, cs\u00fct\u00f6rt\u00f6k\u00f6n 19.00 \u00f3rakor a LATARKA gal\u00e9ri\u00e1ban (Andr\u00e1ssy \u00fat 32.) A ki\u00e1ll\u00edt\u00e1st megnyitja: Nemes Z. M\u00e1ri\u00f3, k\u00f6lt\u00f6, kritikus, eszt\u00e9ta A ki\u00e1ll\u00edt\u00e1s kur\u00e1tora: B\u00e1nki \u00c1kos A Ctrl + Shift + N egy \u00faj r\u00e9teg megnyit\u00e1s\u00e1nak gesztusa. A rajzok is ilyen r\u00e9tegekben gondolkodnak: [&hellip;]\" \/>\n<meta property=\"og:url\" content=\"https:\/\/instytutpolski.pl\/budapest\/2026\/04\/23\/ctrl-shift-n\/\" \/>\n<meta property=\"og:site_name\" content=\"Instytut Polski w Budapeszcie\" \/>\n<meta property=\"article:published_time\" content=\"2026-04-23T10:40:21+00:00\" \/>\n<meta property=\"article:modified_time\" content=\"2026-04-23T10:41:56+00:00\" \/>\n<meta property=\"og:image\" content=\"https:\/\/instytutpolski.pl\/budapest\/wp-content\/uploads\/sites\/21\/2026\/04\/3.jpg\" \/>\n\t<meta property=\"og:image:width\" content=\"2048\" \/>\n\t<meta property=\"og:image:height\" content=\"1365\" \/>\n\t<meta property=\"og:image:type\" content=\"image\/jpeg\" \/>\n<meta name=\"author\" content=\"piarst\" \/>\n<meta name=\"twitter:card\" content=\"summary_large_image\" \/>\n<meta name=\"twitter:label1\" content=\"Napisane przez\" \/>\n\t<meta name=\"twitter:data1\" content=\"piarst\" \/>\n\t<meta name=\"twitter:label2\" content=\"Szacowany czas czytania\" \/>\n\t<meta name=\"twitter:data2\" content=\"11 minut\" \/>\n<script type=\"application\/ld+json\" class=\"yoast-schema-graph\">{\"@context\":\"https:\/\/schema.org\",\"@graph\":[{\"@type\":\"event\",\"@id\":\"https:\/\/instytutpolski.pl\/budapest\/2026\/04\/23\/ctrl-shift-n\/\",\"url\":\"https:\/\/instytutpolski.pl\/budapest\/2026\/04\/23\/ctrl-shift-n\/\",\"name\":\"CTRL + SHIFT + N\",\"isPartOf\":{\"@id\":\"https:\/\/instytutpolski.pl\/budapest\/#website\"},\"primaryImageOfPage\":{\"@id\":\"https:\/\/instytutpolski.pl\/budapest\/2026\/04\/23\/ctrl-shift-n\/#primaryimage\"},\"image\":[\"https:\/\/instytutpolski.pl\/budapest\/wp-content\/uploads\/sites\/21\/2026\/04\/3.jpg\",\"https:\/\/instytutpolski.pl\/budapest\/wp-content\/uploads\/sites\/21\/2026\/04\/3-300x200.jpg\",\"https:\/\/instytutpolski.pl\/budapest\/wp-content\/uploads\/sites\/21\/2026\/04\/3-1024x683.jpg\",\"https:\/\/instytutpolski.pl\/budapest\/wp-content\/uploads\/sites\/21\/2026\/04\/3.jpg\"],\"thumbnailUrl\":\"https:\/\/instytutpolski.pl\/budapest\/wp-content\/uploads\/sites\/21\/2026\/04\/3.jpg\",\"datePublished\":\"2026-04-23T10:40:21+02:00\",\"dateModified\":\"2026-04-23T10:41:56+02:00\",\"author\":{\"@id\":\"https:\/\/instytutpolski.pl\/budapest\/#\/schema\/person\/c94d17ce2a8bb6419dbb0d563ff13ab2\"},\"breadcrumb\":{\"@id\":\"https:\/\/instytutpolski.pl\/budapest\/2026\/04\/23\/ctrl-shift-n\/#breadcrumb\"},\"inLanguage\":\"pl-PL\",\"potentialAction\":[{\"@type\":\"ReadAction\",\"target\":[\"https:\/\/instytutpolski.pl\/budapest\/2026\/04\/23\/ctrl-shift-n\/\"]}],\"@context\":\"https:\/\/schema.org\",\"startDate\":\"2026-04-10\",\"endDate\":\"2026-05-15\",\"eventStatus\":\"EventScheduled\",\"eventAttendanceMode\":\"OfflineEventAttendanceMode\",\"location\":{\"@type\":\"place\",\"name\":\"\",\"address\":\"\",\"geo\":{\"@type\":\"GeoCoordinates\",\"latitude\":\"\",\"longitude\":\"\"}},\"description\":\"CTRL + SHIFT + N\\nHat\u00e1r Attila k\u00e9pei \u00e9s a jelenl\u00e9t bizonytalans\u00e1ga\\nMegnyit\u00f3 \u00e1prilis 9-\u00e9n, cs\u00fct\u00f6rt\u00f6k\u00f6n 19.00 \u00f3rakor a LATARKA gal\u00e9ri\u00e1ban (Andr\u00e1ssy \u00fat 32.)\\nA ki\u00e1ll\u00edt\u00e1st megnyitja: Nemes Z. M\u00e1ri\u00f3, k\u00f6lt\u00f6, kritikus, eszt\u00e9ta\\nA ki\u00e1ll\u00edt\u00e1s kur\u00e1tora: B\u00e1nki \u00c1kos\\nA Ctrl + Shift + N egy \u00faj r\u00e9teg megnyit\u00e1s\u00e1nak gesztusa. A rajzok is ilyen r\u00e9tegekben gondolkodnak: az eml\u00e9kezet, a m\u00falt k\u00e9pei \u00e9s a jelen idej\u0171 beavatkoz\u00e1sok egym\u00e1sra \u00edr\u00f3dnak, mint egy folyamatosan b\u0151v\u00fcl\u0151 vizu\u00e1lis arch\u00edvum.\\nHat\u00e1r Attila leg\u00fajabb rajzai az eml\u00e9kezet \u00e9s az identit\u00e1s t\u00f6r\u00e9keny, folyamatosan \u00e1t\u00edr\u00f3d\u00f3 term\u00e9szet\u00e9t vizsg\u00e1lj\u00e1k rajzi r\u00e9tegekkel. K\u00e9pei olyanok, mint a felid\u00e9zett m\u00falt k\u00e9pl\u00e9keny fel\u00fcletei: r\u00e9gi fot\u00f3k hangulata, csal\u00e1di jelenetek \u00e9s arch\u00edvnak hat\u00f3 mot\u00edvumok t\u0171nnek fel, majd foszlanak sz\u00e9t a fest\u0151in megrajzolt fel\u00fcleten. A figur\u00e1k nincsenek v\u00e9glegesen r\u00f6gz\u00edtve \u2013 felold\u00f3dnak, elt\u0171nnek, majd \u00fajra fel\u00e9p\u00fclnek a gesztusok r\u00e9tegei k\u00f6z\u00f6tt.\\nA k\u00e9pek fekete-feh\u00e9r vil\u00e1gban sz\u00f3lalnak meg. A fel\u00fcletet \u00e1tszel\u0151 karcol\u00e1sok, \u201efirk\u00e1k\u201d \u00e9s jelek nem puszt\u00e1n d\u00edsz\u00edtm\u00e9nyek, hanem akt\u00edv beavatkoz\u00e1sok a k\u00e9pi m\u00faltba. Mintha valaki visszat\u00e9rne egy eml\u00e9khez, \u00fajrarajzoln\u00e1, \u00e1th\u00fazn\u00e1, \u00e1t\u00edrn\u00e1, karik\u00edrozn\u00e1, m\u00e9mes\u00edten\u00e9 \u2013 a rajz \u00edgy az eml\u00e9kez\u00e9s folyamat\u00e1nak metafor\u00e1j\u00e1v\u00e1 v\u00e1lik. Az alakok k\u00f6z\u00f6tt megjelen\u0151 \u00e1llatok, gyermeki mot\u00edvumok \u00e9s sz\u00fcrre\u00e1lis elemek tov\u00e1bb er\u0151s\u00edtik ezt az \u00e1tmenetis\u00e9get: Hat\u00e1r k\u00e9pei egyszerre ismer\u0151sek \u00e9s nyugtalan\u00edt\u00f3an idegenszer\u0171ek.\\nHat\u00e1r Attila munk\u00e1iban a figur\u00e1lis \u00e1br\u00e1zol\u00e1s az emberi jelenl\u00e9t t\u00f6r\u00e9kenys\u00e9g\u00e9nek megmutat\u00e1s\u00e1ra szolg\u00e1l. R\u00e9tegzett, graffitiszer\u0171en fel\u00fcl\u00edrt k\u00e9pei a szem\u00e9lyes \u00e9s kollekt\u00edv eml\u00e9kezet fel\u0151l k\u00f6zel\u00edtenek ugyanahhoz a tapasztalathoz: a m\u00falt \u00e9s a jelen bizonytalan viszony\u00e1hoz.\\nA m\u0171vek m\u00f6g\u00f6tt v\u00e9gig ott h\u00faz\u00f3dik a k\u00e9rd\u00e9s:hogyan \u0151rz\u0151dik meg a m\u00falt, \u00e9s hogyan rajzolja \u00e1t a jelen k\u00fcl\u00f6nb\u00f6z\u0151 r\u00e9tegekben?\\nHat\u00e1r Attila nem ad egy\u00e9rtelm\u0171 v\u00e1laszokat. Ehelyett olyan k\u00e9pi tereket hoz l\u00e9tre, ahol a n\u00e9z\u0151 maga is az eml\u00e9kez\u00e9s folyamat\u00e1nak r\u00e9sz\u00e9v\u00e9 v\u00e1lik. A ki\u00e1ll\u00edt\u00e1s c\u00e9lja ennek az \u00e1tmeneti, t\u00f6r\u00e9keny jelenl\u00e9tnek a megmutat\u00e1sa \u2013 annak a pillanatnak, amikor az eml\u00e9k m\u00e1r nem m\u00falt, de m\u00e9g nem teljesen jelen, ezesetben a rajz v\u00e1lik a k\u00f6ztes \u00e1llapot nyelv\u00e9v\u00e9.\\nHat\u00e1r Attila munk\u00e1ss\u00e1g\u00e1t Lengyelorsz\u00e1gban is elismert\u00e9k:a m\u0171v\u00e9sz 2024-ben elnyerte a 12. Mi\u0119dzynarodowe Triennale Malarstwa Regionu Karpat \u201eSrebrny Czworok\u0105t\u201d \u2013 Award of the President of the City of Przemy\u015bl d\u00edj\u00e1t.\\nEz az elismer\u00e9s annak a visszaigazol\u00e1sa, hogy Hat\u00e1r m\u0171v\u00e9szete nemzetk\u00f6zi kontextusban is \u00e9rv\u00e9nyesen sz\u00f3l az eml\u00e9kezetr\u0151l, a m\u00falt feldolgoz\u00e1s\u00e1r\u00f3l \u00e9s a kort\u00e1rs ember bizonytalan, \u00e1tmeneti identit\u00e1s\u00e1r\u00f3l.\\nA ki\u00e1ll\u00edt\u00e1s m\u00e1jus 15-ig tekinthet\u0151 meg.\"},{\"@type\":\"ImageObject\",\"inLanguage\":\"pl-PL\",\"@id\":\"https:\/\/instytutpolski.pl\/budapest\/2026\/04\/23\/ctrl-shift-n\/#primaryimage\",\"url\":\"https:\/\/instytutpolski.pl\/budapest\/wp-content\/uploads\/sites\/21\/2026\/04\/3.jpg\",\"contentUrl\":\"https:\/\/instytutpolski.pl\/budapest\/wp-content\/uploads\/sites\/21\/2026\/04\/3.jpg\",\"width\":2048,\"height\":1365},{\"@type\":\"BreadcrumbList\",\"@id\":\"https:\/\/instytutpolski.pl\/budapest\/2026\/04\/23\/ctrl-shift-n\/#breadcrumb\",\"itemListElement\":[{\"@type\":\"ListItem\",\"position\":1,\"name\":\"Home\",\"item\":\"https:\/\/instytutpolski.pl\/budapest\/\"},{\"@type\":\"ListItem\",\"position\":2,\"name\":\"CTRL + SHIFT + N\"}]},{\"@type\":\"WebSite\",\"@id\":\"https:\/\/instytutpolski.pl\/budapest\/#website\",\"url\":\"https:\/\/instytutpolski.pl\/budapest\/\",\"name\":\"Instytut Polski w Budapeszcie\",\"description\":\"Instytuty Polskie\",\"potentialAction\":[{\"@type\":\"SearchAction\",\"target\":{\"@type\":\"EntryPoint\",\"urlTemplate\":\"https:\/\/instytutpolski.pl\/budapest\/?s={search_term_string}\"},\"query-input\":{\"@type\":\"PropertyValueSpecification\",\"valueRequired\":true,\"valueName\":\"search_term_string\"}}],\"inLanguage\":\"pl-PL\"},{\"@type\":\"Person\",\"@id\":\"https:\/\/instytutpolski.pl\/budapest\/#\/schema\/person\/c94d17ce2a8bb6419dbb0d563ff13ab2\",\"name\":\"piarst\",\"image\":{\"@type\":\"ImageObject\",\"inLanguage\":\"pl-PL\",\"@id\":\"https:\/\/instytutpolski.pl\/budapest\/#\/schema\/person\/image\/\",\"url\":\"https:\/\/secure.gravatar.com\/avatar\/a549d2a2a3b1d067fb08d50c180ade98?s=96&d=mm&r=g\",\"contentUrl\":\"https:\/\/secure.gravatar.com\/avatar\/a549d2a2a3b1d067fb08d50c180ade98?s=96&d=mm&r=g\",\"caption\":\"piarst\"},\"url\":\"https:\/\/instytutpolski.pl\/budapest\/author\/piarst\/\"}]}<\/script>\n<!-- \/ Yoast SEO plugin. -->","yoast_head_json":{"title":"CTRL + SHIFT + N - Instytut Polski w Budapeszcie","robots":{"index":"index","follow":"follow","max-snippet":"max-snippet:-1","max-image-preview":"max-image-preview:large","max-video-preview":"max-video-preview:-1"},"canonical":"https:\/\/instytutpolski.pl\/budapest\/2026\/04\/23\/ctrl-shift-n\/","og_locale":"pl_PL","og_type":"article","og_title":"CTRL + SHIFT + N - Instytut Polski w Budapeszcie","og_description":"CTRL + SHIFT + N Hat\u00e1r Attila k\u00e9pei \u00e9s a jelenl\u00e9t bizonytalans\u00e1ga Megnyit\u00f3 \u00e1prilis 9-\u00e9n, cs\u00fct\u00f6rt\u00f6k\u00f6n 19.00 \u00f3rakor a LATARKA gal\u00e9ri\u00e1ban (Andr\u00e1ssy \u00fat 32.) A ki\u00e1ll\u00edt\u00e1st megnyitja: Nemes Z. M\u00e1ri\u00f3, k\u00f6lt\u00f6, kritikus, eszt\u00e9ta A ki\u00e1ll\u00edt\u00e1s kur\u00e1tora: B\u00e1nki \u00c1kos A Ctrl + Shift + N egy \u00faj r\u00e9teg megnyit\u00e1s\u00e1nak gesztusa. A rajzok is ilyen r\u00e9tegekben gondolkodnak: [&hellip;]","og_url":"https:\/\/instytutpolski.pl\/budapest\/2026\/04\/23\/ctrl-shift-n\/","og_site_name":"Instytut Polski w Budapeszcie","article_published_time":"2026-04-23T10:40:21+00:00","article_modified_time":"2026-04-23T10:41:56+00:00","og_image":[{"width":2048,"height":1365,"url":"https:\/\/instytutpolski.pl\/budapest\/wp-content\/uploads\/sites\/21\/2026\/04\/3.jpg","type":"image\/jpeg"}],"author":"piarst","twitter_card":"summary_large_image","twitter_misc":{"Napisane przez":"piarst","Szacowany czas czytania":"11 minut"},"schema":{"@context":"https:\/\/schema.org","@graph":[{"@type":"event","@id":"https:\/\/instytutpolski.pl\/budapest\/2026\/04\/23\/ctrl-shift-n\/","url":"https:\/\/instytutpolski.pl\/budapest\/2026\/04\/23\/ctrl-shift-n\/","name":"CTRL + SHIFT + N","isPartOf":{"@id":"https:\/\/instytutpolski.pl\/budapest\/#website"},"primaryImageOfPage":{"@id":"https:\/\/instytutpolski.pl\/budapest\/2026\/04\/23\/ctrl-shift-n\/#primaryimage"},"image":["https:\/\/instytutpolski.pl\/budapest\/wp-content\/uploads\/sites\/21\/2026\/04\/3.jpg","https:\/\/instytutpolski.pl\/budapest\/wp-content\/uploads\/sites\/21\/2026\/04\/3-300x200.jpg","https:\/\/instytutpolski.pl\/budapest\/wp-content\/uploads\/sites\/21\/2026\/04\/3-1024x683.jpg","https:\/\/instytutpolski.pl\/budapest\/wp-content\/uploads\/sites\/21\/2026\/04\/3.jpg"],"thumbnailUrl":"https:\/\/instytutpolski.pl\/budapest\/wp-content\/uploads\/sites\/21\/2026\/04\/3.jpg","datePublished":"2026-04-23T10:40:21+02:00","dateModified":"2026-04-23T10:41:56+02:00","author":{"@id":"https:\/\/instytutpolski.pl\/budapest\/#\/schema\/person\/c94d17ce2a8bb6419dbb0d563ff13ab2"},"breadcrumb":{"@id":"https:\/\/instytutpolski.pl\/budapest\/2026\/04\/23\/ctrl-shift-n\/#breadcrumb"},"inLanguage":"pl-PL","potentialAction":[{"@type":"ReadAction","target":["https:\/\/instytutpolski.pl\/budapest\/2026\/04\/23\/ctrl-shift-n\/"]}],"@context":"https:\/\/schema.org","startDate":"2026-04-10","endDate":"2026-05-15","eventStatus":"EventScheduled","eventAttendanceMode":"OfflineEventAttendanceMode","location":{"@type":"place","name":"","address":"","geo":{"@type":"GeoCoordinates","latitude":"","longitude":""}},"description":"CTRL + SHIFT + N\nHat\u00e1r Attila k\u00e9pei \u00e9s a jelenl\u00e9t bizonytalans\u00e1ga\nMegnyit\u00f3 \u00e1prilis 9-\u00e9n, cs\u00fct\u00f6rt\u00f6k\u00f6n 19.00 \u00f3rakor a LATARKA gal\u00e9ri\u00e1ban (Andr\u00e1ssy \u00fat 32.)\nA ki\u00e1ll\u00edt\u00e1st megnyitja: Nemes Z. M\u00e1ri\u00f3, k\u00f6lt\u00f6, kritikus, eszt\u00e9ta\nA ki\u00e1ll\u00edt\u00e1s kur\u00e1tora: B\u00e1nki \u00c1kos\nA Ctrl + Shift + N egy \u00faj r\u00e9teg megnyit\u00e1s\u00e1nak gesztusa. A rajzok is ilyen r\u00e9tegekben gondolkodnak: az eml\u00e9kezet, a m\u00falt k\u00e9pei \u00e9s a jelen idej\u0171 beavatkoz\u00e1sok egym\u00e1sra \u00edr\u00f3dnak, mint egy folyamatosan b\u0151v\u00fcl\u0151 vizu\u00e1lis arch\u00edvum.\nHat\u00e1r Attila leg\u00fajabb rajzai az eml\u00e9kezet \u00e9s az identit\u00e1s t\u00f6r\u00e9keny, folyamatosan \u00e1t\u00edr\u00f3d\u00f3 term\u00e9szet\u00e9t vizsg\u00e1lj\u00e1k rajzi r\u00e9tegekkel. K\u00e9pei olyanok, mint a felid\u00e9zett m\u00falt k\u00e9pl\u00e9keny fel\u00fcletei: r\u00e9gi fot\u00f3k hangulata, csal\u00e1di jelenetek \u00e9s arch\u00edvnak hat\u00f3 mot\u00edvumok t\u0171nnek fel, majd foszlanak sz\u00e9t a fest\u0151in megrajzolt fel\u00fcleten. A figur\u00e1k nincsenek v\u00e9glegesen r\u00f6gz\u00edtve \u2013 felold\u00f3dnak, elt\u0171nnek, majd \u00fajra fel\u00e9p\u00fclnek a gesztusok r\u00e9tegei k\u00f6z\u00f6tt.\nA k\u00e9pek fekete-feh\u00e9r vil\u00e1gban sz\u00f3lalnak meg. A fel\u00fcletet \u00e1tszel\u0151 karcol\u00e1sok, \u201efirk\u00e1k\u201d \u00e9s jelek nem puszt\u00e1n d\u00edsz\u00edtm\u00e9nyek, hanem akt\u00edv beavatkoz\u00e1sok a k\u00e9pi m\u00faltba. Mintha valaki visszat\u00e9rne egy eml\u00e9khez, \u00fajrarajzoln\u00e1, \u00e1th\u00fazn\u00e1, \u00e1t\u00edrn\u00e1, karik\u00edrozn\u00e1, m\u00e9mes\u00edten\u00e9 \u2013 a rajz \u00edgy az eml\u00e9kez\u00e9s folyamat\u00e1nak metafor\u00e1j\u00e1v\u00e1 v\u00e1lik. Az alakok k\u00f6z\u00f6tt megjelen\u0151 \u00e1llatok, gyermeki mot\u00edvumok \u00e9s sz\u00fcrre\u00e1lis elemek tov\u00e1bb er\u0151s\u00edtik ezt az \u00e1tmenetis\u00e9get: Hat\u00e1r k\u00e9pei egyszerre ismer\u0151sek \u00e9s nyugtalan\u00edt\u00f3an idegenszer\u0171ek.\nHat\u00e1r Attila munk\u00e1iban a figur\u00e1lis \u00e1br\u00e1zol\u00e1s az emberi jelenl\u00e9t t\u00f6r\u00e9kenys\u00e9g\u00e9nek megmutat\u00e1s\u00e1ra szolg\u00e1l. R\u00e9tegzett, graffitiszer\u0171en fel\u00fcl\u00edrt k\u00e9pei a szem\u00e9lyes \u00e9s kollekt\u00edv eml\u00e9kezet fel\u0151l k\u00f6zel\u00edtenek ugyanahhoz a tapasztalathoz: a m\u00falt \u00e9s a jelen bizonytalan viszony\u00e1hoz.\nA m\u0171vek m\u00f6g\u00f6tt v\u00e9gig ott h\u00faz\u00f3dik a k\u00e9rd\u00e9s:hogyan \u0151rz\u0151dik meg a m\u00falt, \u00e9s hogyan rajzolja \u00e1t a jelen k\u00fcl\u00f6nb\u00f6z\u0151 r\u00e9tegekben?\nHat\u00e1r Attila nem ad egy\u00e9rtelm\u0171 v\u00e1laszokat. Ehelyett olyan k\u00e9pi tereket hoz l\u00e9tre, ahol a n\u00e9z\u0151 maga is az eml\u00e9kez\u00e9s folyamat\u00e1nak r\u00e9sz\u00e9v\u00e9 v\u00e1lik. A ki\u00e1ll\u00edt\u00e1s c\u00e9lja ennek az \u00e1tmeneti, t\u00f6r\u00e9keny jelenl\u00e9tnek a megmutat\u00e1sa \u2013 annak a pillanatnak, amikor az eml\u00e9k m\u00e1r nem m\u00falt, de m\u00e9g nem teljesen jelen, ezesetben a rajz v\u00e1lik a k\u00f6ztes \u00e1llapot nyelv\u00e9v\u00e9.\nHat\u00e1r Attila munk\u00e1ss\u00e1g\u00e1t Lengyelorsz\u00e1gban is elismert\u00e9k:a m\u0171v\u00e9sz 2024-ben elnyerte a 12. Mi\u0119dzynarodowe Triennale Malarstwa Regionu Karpat \u201eSrebrny Czworok\u0105t\u201d \u2013 Award of the President of the City of Przemy\u015bl d\u00edj\u00e1t.\nEz az elismer\u00e9s annak a visszaigazol\u00e1sa, hogy Hat\u00e1r m\u0171v\u00e9szete nemzetk\u00f6zi kontextusban is \u00e9rv\u00e9nyesen sz\u00f3l az eml\u00e9kezetr\u0151l, a m\u00falt feldolgoz\u00e1s\u00e1r\u00f3l \u00e9s a kort\u00e1rs ember bizonytalan, \u00e1tmeneti identit\u00e1s\u00e1r\u00f3l.\nA ki\u00e1ll\u00edt\u00e1s m\u00e1jus 15-ig tekinthet\u0151 meg."},{"@type":"ImageObject","inLanguage":"pl-PL","@id":"https:\/\/instytutpolski.pl\/budapest\/2026\/04\/23\/ctrl-shift-n\/#primaryimage","url":"https:\/\/instytutpolski.pl\/budapest\/wp-content\/uploads\/sites\/21\/2026\/04\/3.jpg","contentUrl":"https:\/\/instytutpolski.pl\/budapest\/wp-content\/uploads\/sites\/21\/2026\/04\/3.jpg","width":2048,"height":1365},{"@type":"BreadcrumbList","@id":"https:\/\/instytutpolski.pl\/budapest\/2026\/04\/23\/ctrl-shift-n\/#breadcrumb","itemListElement":[{"@type":"ListItem","position":1,"name":"Home","item":"https:\/\/instytutpolski.pl\/budapest\/"},{"@type":"ListItem","position":2,"name":"CTRL + SHIFT + N"}]},{"@type":"WebSite","@id":"https:\/\/instytutpolski.pl\/budapest\/#website","url":"https:\/\/instytutpolski.pl\/budapest\/","name":"Instytut Polski w Budapeszcie","description":"Instytuty Polskie","potentialAction":[{"@type":"SearchAction","target":{"@type":"EntryPoint","urlTemplate":"https:\/\/instytutpolski.pl\/budapest\/?s={search_term_string}"},"query-input":{"@type":"PropertyValueSpecification","valueRequired":true,"valueName":"search_term_string"}}],"inLanguage":"pl-PL"},{"@type":"Person","@id":"https:\/\/instytutpolski.pl\/budapest\/#\/schema\/person\/c94d17ce2a8bb6419dbb0d563ff13ab2","name":"piarst","image":{"@type":"ImageObject","inLanguage":"pl-PL","@id":"https:\/\/instytutpolski.pl\/budapest\/#\/schema\/person\/image\/","url":"https:\/\/secure.gravatar.com\/avatar\/a549d2a2a3b1d067fb08d50c180ade98?s=96&d=mm&r=g","contentUrl":"https:\/\/secure.gravatar.com\/avatar\/a549d2a2a3b1d067fb08d50c180ade98?s=96&d=mm&r=g","caption":"piarst"},"url":"https:\/\/instytutpolski.pl\/budapest\/author\/piarst\/"}]}},"_links":{"self":[{"href":"https:\/\/instytutpolski.pl\/budapest\/wp-json\/wp\/v2\/posts\/22090","targetHints":{"allow":["GET"]}}],"collection":[{"href":"https:\/\/instytutpolski.pl\/budapest\/wp-json\/wp\/v2\/posts"}],"about":[{"href":"https:\/\/instytutpolski.pl\/budapest\/wp-json\/wp\/v2\/types\/post"}],"author":[{"embeddable":true,"href":"https:\/\/instytutpolski.pl\/budapest\/wp-json\/wp\/v2\/users\/223"}],"replies":[{"embeddable":true,"href":"https:\/\/instytutpolski.pl\/budapest\/wp-json\/wp\/v2\/comments?post=22090"}],"version-history":[{"count":1,"href":"https:\/\/instytutpolski.pl\/budapest\/wp-json\/wp\/v2\/posts\/22090\/revisions"}],"predecessor-version":[{"id":22130,"href":"https:\/\/instytutpolski.pl\/budapest\/wp-json\/wp\/v2\/posts\/22090\/revisions\/22130"}],"wp:featuredmedia":[{"embeddable":true,"href":"https:\/\/instytutpolski.pl\/budapest\/wp-json\/wp\/v2\/media\/22091"}],"wp:attachment":[{"href":"https:\/\/instytutpolski.pl\/budapest\/wp-json\/wp\/v2\/media?parent=22090"}],"wp:term":[{"taxonomy":"category","embeddable":true,"href":"https:\/\/instytutpolski.pl\/budapest\/wp-json\/wp\/v2\/categories?post=22090"},{"taxonomy":"post_tag","embeddable":true,"href":"https:\/\/instytutpolski.pl\/budapest\/wp-json\/wp\/v2\/tags?post=22090"}],"curies":[{"name":"wp","href":"https:\/\/api.w.org\/{rel}","templated":true}]}}