{"id":22139,"date":"2026-04-28T13:18:10","date_gmt":"2026-04-28T11:18:10","guid":{"rendered":"https:\/\/instytutpolski.pl\/budapest\/?p=22139"},"modified":"2026-04-28T13:25:58","modified_gmt":"2026-04-28T11:25:58","slug":"semmibol-varat-kepregenyes-gyujtemeny-muhely-es-kozossegepites-lengyelorszagban-budapesti-nemzetkozi-kepregenyfesztival","status":"publish","type":"post","link":"https:\/\/instytutpolski.pl\/budapest\/2026\/04\/28\/semmibol-varat-kepregenyes-gyujtemeny-muhely-es-kozossegepites-lengyelorszagban-budapesti-nemzetkozi-kepregenyfesztival\/","title":{"rendered":"Semmib\u0151l v\u00e1rat: k\u00e9preg\u00e9nyes gy\u0171jtem\u00e9ny-, m\u0171hely- \u00e9s k\u00f6z\u00f6ss\u00e9g\u00e9p\u00edt\u00e9s Lengyelorsz\u00e1gban \/\/ Budapesti Nemzetk\u00f6zi K\u00e9preg\u00e9nyfesztiv\u00e1l"},"content":{"rendered":"\n<p>Id\u0151pont: <strong>2026. m\u00e1jus 10. vas\u00e1rnap 15:00-15:50<\/strong> <\/p>\n\n\n\n<p><strong>Helysz\u00edn: ELTE&nbsp;L\u00e1gym\u00e1nyosi Campus G\u00f6mb Aula&nbsp;1117 Budapest, P\u00e1zm\u00e1ny P\u00e9ter s\u00e9t\u00e1ny 1a<\/strong><\/p>\n\n\n\n<p><\/p>\n\n\n\n<p><\/p>\n\n\n\n<p>Az elm\u00falt h\u00fasz \u00e9vben a lengyel k\u00e9preg\u00e9nyes \u00e9let r\u00e9sztvev\u0151i a semmib\u0151l \u00e9p\u00edttek v\u00e1rat: m\u00e1ra orsz\u00e1gszerte jelent\u0151s fesztiv\u00e1lok, m\u00fazeumok \u00e9s k\u00f6nyvt\u00e1rak adnak otthont a vir\u00e1gz\u00f3 szc\u00e9n\u00e1nak. Besz\u00e9lget\u0151t\u00e1rsaink, Wojciech Jama \u00e9s Micha\u0142 Traczyk nem csak mindent l\u00e1ttak, hanem kur\u00e1tork\u00e9nt, kiad\u00f3k\u00e9nt, int\u00e9zm\u00e9nyek \u00e9s t\u00e1rsas\u00e1gok alap\u00edt\u00f3ik\u00e9nt \u00e9s vezet\u0151ik\u00e9nt maguk is komoly r\u00e9szt v\u00e1llaltak a folyamatban. Ha k\u00edv\u00e1ncsiak vagytok arra, hogyan lesz valaki szenved\u00e9lyes gy\u0171jt\u0151b\u0151l m\u00fazeumalap\u00edt\u00f3, hogyan ker\u00fcl a kilencedik m\u0171v\u00e9szet a Nemzeti M\u00fazeumba vagy milyen az, ha egy patin\u00e1s vid\u00e9ki egyetemi k\u00f6nyvt\u00e1r neh\u00e9z fakapuja m\u00f6g\u00f6tt t\u00f6bb t\u00edzezer k\u00e9preg\u00e9nyt \u00e9s \u00e9vente n\u00e9h\u00e1ny napig m\u00e9g a legtitkosabb termekben \u00e9s a katal\u00f3gus \u00f3don fi\u00f3kjai k\u00f6z\u00f6tt is k\u00e9preg\u00e9nyalkot\u00f3kat- \u00e9s rajong\u00f3kat tal\u00e1lunk, ne hagyj\u00e1tok ki ezt a besz\u00e9lget\u00e9st.<\/p>\n\n\n\n\n<div class=\"wp-block-image\">\n<figure class=\"alignleft size-medium\"><img loading=\"lazy\" decoding=\"async\" width=\"169\" height=\"300\" src=\"https:\/\/instytutpolski.pl\/budapest\/wp-content\/uploads\/sites\/21\/2026\/04\/Wojciech-Jama-169x300.jpg\" alt=\"\" class=\"wp-image-22140\" srcset=\"https:\/\/instytutpolski.pl\/budapest\/wp-content\/uploads\/sites\/21\/2026\/04\/Wojciech-Jama-169x300.jpg 169w, https:\/\/instytutpolski.pl\/budapest\/wp-content\/uploads\/sites\/21\/2026\/04\/Wojciech-Jama-576x1024.jpg 576w, https:\/\/instytutpolski.pl\/budapest\/wp-content\/uploads\/sites\/21\/2026\/04\/Wojciech-Jama-768x1365.jpg 768w, https:\/\/instytutpolski.pl\/budapest\/wp-content\/uploads\/sites\/21\/2026\/04\/Wojciech-Jama-864x1536.jpg 864w, https:\/\/instytutpolski.pl\/budapest\/wp-content\/uploads\/sites\/21\/2026\/04\/Wojciech-Jama.jpg 984w\" sizes=\"auto, (max-width: 169px) 100vw, 169px\" \/><\/figure><\/div>\n\n\n<p><strong>Wojciech Jama <\/strong>k\u00e9preg\u00e9nnyel \u00e9s anim\u00e1ci\u00f3val foglalkoz\u00f3 gy\u0171jt\u0151, kur\u00e1tor, kultur\u00e1lis szervez\u0151. A rzesz\u00f3wi \u00f6nkorm\u00e1nyzati estimese-\u00fazeum\u00e1nak (https:\/\/www.muzeumdobranocek.pl\/en\/) \u2013 mely saj\u00e1t, 2008-ban a v\u00e1rosnak adom\u00e1nyozot gy\u0171jtem\u00e9ny\u00e9n alapul \u2013 \u00f6tletgazd\u00e1ja \u00e9s t\u00e1rsalap\u00edt\u00f3ja, a Lengyel Jules Verne T\u00e1rsas\u00e1g tagja \u00e9s t\u00e1rsalap\u00edt\u00f3ja, a K\u00e9preg\u00e9nym\u00fazeum Alap\u00edtv\u00e1ny kurat\u00f3riumi tagja. Sz\u00e1mos k\u00e9preg\u00e9nyes ki\u00e1ll\u00edt\u00e1s, k\u00f6zt\u00fck a 2018-ban a krakk\u00f3i Nemzeti M\u00fazeumban megrendezett \u00e9s P\u00e1rizsban is bemutatott Teraz Komiks! Comics Now! kur\u00e1tora. A lengyel k\u00e9preg\u00e9ny megismertet\u00e9s\u00e9ben \u00e9s n\u00e9pszer\u0171s\u00edt\u00e9s\u00e9ben v\u00e9gzett munk\u00e1ja elismer\u00e9s\u00e9\u00e9rt 2010 j\u00falius\u00e1ban Lengyel Kult\u00far\u00e1\u00e9rt \u00c9rdemrenddel, 2018-ban a Papcio Chmielr\u0151l elnevezett Doctor humoris causa d\u00edjjal, valamint 2019-ben Janusz Christa Arany Kup\u00e1j\u00e1val t\u00fcntett\u00e9k ki.<\/p>\n\n\n\n<p><\/p>\n\n\n\n<p><\/p>\n\n\n<div class=\"wp-block-image\">\n<figure class=\"alignright size-medium\"><img loading=\"lazy\" decoding=\"async\" width=\"300\" height=\"124\" src=\"https:\/\/instytutpolski.pl\/budapest\/wp-content\/uploads\/sites\/21\/2026\/04\/Michal-Traczyk-300x124.jpg\" alt=\"\" class=\"wp-image-22141\" srcset=\"https:\/\/instytutpolski.pl\/budapest\/wp-content\/uploads\/sites\/21\/2026\/04\/Michal-Traczyk-300x124.jpg 300w, https:\/\/instytutpolski.pl\/budapest\/wp-content\/uploads\/sites\/21\/2026\/04\/Michal-Traczyk-768x317.jpg 768w, https:\/\/instytutpolski.pl\/budapest\/wp-content\/uploads\/sites\/21\/2026\/04\/Michal-Traczyk.jpg 920w\" sizes=\"auto, (max-width: 300px) 100vw, 300px\" \/><\/figure><\/div>\n\n\n<p><strong>Micha\u0142 Traczyk <\/strong>az irodalomtudom\u00e1ny doktora, a Popkultur\u00e1lis Int\u00e9zet Alap\u00edtv\u00e1ny (<a href=\"https:\/\/fundacja-ikp.pl\/\">https:\/\/fundacja-ikp.pl\/<\/a>) t\u00e1rsalap\u00edt\u00f3ja \u00e9s vezet\u0151s\u00e9gi tagja, 2018 j\u00faliusa \u00f3ta a Pozna\u0144i Egyetemi K\u00f6nyvt\u00e1r k\u00e9preg\u00e9nygy\u0171jtem\u00e9ny\u00e9nek (<a href=\"https:\/\/www.facebook.com\/czytelnianova\">https:\/\/www.facebook.com\/czytelnianova<\/a>) vezet\u0151je, a Zeszyty Komiksowe k\u00e9preg\u00e9nyes foly\u00f3irat (<a href=\"https:\/\/zeszytykomiksowe.org\/\">https:\/\/zeszytykomiksowe.org\/<\/a>) f\u0151szerkeszt\u0151je \u00e9s kiad\u00f3ja, a Pozna\u0144i K\u00e9preg\u00e9nym\u0171v\u00e9szeti Fesztiv\u00e1l (<a href=\"https:\/\/komiksy-poznan.pl\/\">https:\/\/komiksy-poznan.pl<\/a>) igazgat\u00f3ja, a Lengyel K\u00e9preg\u00e9nykutat\u00f3 T\u00e1rsas\u00e1g (<a href=\"https:\/\/www.facebook.com\/p\/Polskie-Towarzystwo-Bada%C5%84-nad-Komiksem-PTBK-61555388517935\">https:\/\/www.facebook.com\/p\/Polskie-Towarzystwo-Bada%C5%84-nad-Komiksem-PTBK-61555388517935<\/a>) alap\u00edt\u00f3 tagja \u00e9s titk\u00e1ra \u00e9s sz\u00e1mos k\u00e9preg\u00e9nyes t\u00e9m\u00e1j\u00fa k\u00f6nyv, foly\u00f3iratsz\u00e1m \u00e9s cikk szerz\u0151je \u00e9s szerkeszt\u0151je.<\/p>\n\n\n\n<p>R\u00e9szletes program: <a href=\"https:\/\/www.facebook.com\/events\/955539900536749\">https:\/\/www.facebook.com\/events\/955539900536749<\/a><\/p>\n","protected":false},"excerpt":{"rendered":"<p>Id\u0151pont: 2026. m\u00e1jus 10. vas\u00e1rnap 15:00-15:50 Helysz\u00edn: ELTE&nbsp;L\u00e1gym\u00e1nyosi Campus G\u00f6mb Aula&nbsp;1117 Budapest, P\u00e1zm\u00e1ny P\u00e9ter s\u00e9t\u00e1ny 1a Az elm\u00falt h\u00fasz \u00e9vben a lengyel k\u00e9preg\u00e9nyes \u00e9let r\u00e9sztvev\u0151i a semmib\u0151l \u00e9p\u00edttek v\u00e1rat: m\u00e1ra orsz\u00e1gszerte jelent\u0151s fesztiv\u00e1lok, m\u00fazeumok \u00e9s k\u00f6nyvt\u00e1rak adnak otthont a vir\u00e1gz\u00f3 szc\u00e9n\u00e1nak. Besz\u00e9lget\u0151t\u00e1rsaink, Wojciech Jama \u00e9s Micha\u0142 Traczyk nem csak mindent l\u00e1ttak, hanem kur\u00e1tork\u00e9nt, kiad\u00f3k\u00e9nt, int\u00e9zm\u00e9nyek [&hellip;]<\/p>\n","protected":false},"author":68,"featured_media":22142,"comment_status":"open","ping_status":"open","sticky":false,"template":"","format":"standard","meta":{"inline_featured_image":false,"_monsterinsights_skip_tracking":false,"_monsterinsights_sitenote_active":false,"_monsterinsights_sitenote_note":"","_monsterinsights_sitenote_category":0,"footnotes":""},"categories":[54,46,36],"tags":[],"class_list":["post-22139","post","type-post","status-publish","format-standard","has-post-thumbnail","hentry","category-egyeb","category-irodalom","category-program"],"yoast_head":"<!-- This site is optimized with the Yoast SEO plugin v24.6 - https:\/\/yoast.com\/wordpress\/plugins\/seo\/ -->\n<title>Semmib\u0151l v\u00e1rat: k\u00e9preg\u00e9nyes gy\u0171jtem\u00e9ny-, m\u0171hely- \u00e9s k\u00f6z\u00f6ss\u00e9g\u00e9p\u00edt\u00e9s Lengyelorsz\u00e1gban \/\/ Budapesti Nemzetk\u00f6zi K\u00e9preg\u00e9nyfesztiv\u00e1l - Instytut Polski w Budapeszcie<\/title>\n<meta name=\"robots\" content=\"index, follow, max-snippet:-1, max-image-preview:large, max-video-preview:-1\" \/>\n<link rel=\"canonical\" href=\"https:\/\/instytutpolski.pl\/budapest\/2026\/04\/28\/semmibol-varat-kepregenyes-gyujtemeny-muhely-es-kozossegepites-lengyelorszagban-budapesti-nemzetkozi-kepregenyfesztival\/\" \/>\n<meta property=\"og:locale\" content=\"pl_PL\" \/>\n<meta property=\"og:type\" content=\"article\" \/>\n<meta property=\"og:title\" content=\"Semmib\u0151l v\u00e1rat: k\u00e9preg\u00e9nyes gy\u0171jtem\u00e9ny-, m\u0171hely- \u00e9s k\u00f6z\u00f6ss\u00e9g\u00e9p\u00edt\u00e9s Lengyelorsz\u00e1gban \/\/ Budapesti Nemzetk\u00f6zi K\u00e9preg\u00e9nyfesztiv\u00e1l - Instytut Polski w Budapeszcie\" \/>\n<meta property=\"og:description\" content=\"Id\u0151pont: 2026. m\u00e1jus 10. vas\u00e1rnap 15:00-15:50 Helysz\u00edn: ELTE&nbsp;L\u00e1gym\u00e1nyosi Campus G\u00f6mb Aula&nbsp;1117 Budapest, P\u00e1zm\u00e1ny P\u00e9ter s\u00e9t\u00e1ny 1a Az elm\u00falt h\u00fasz \u00e9vben a lengyel k\u00e9preg\u00e9nyes \u00e9let r\u00e9sztvev\u0151i a semmib\u0151l \u00e9p\u00edttek v\u00e1rat: m\u00e1ra orsz\u00e1gszerte jelent\u0151s fesztiv\u00e1lok, m\u00fazeumok \u00e9s k\u00f6nyvt\u00e1rak adnak otthont a vir\u00e1gz\u00f3 szc\u00e9n\u00e1nak. Besz\u00e9lget\u0151t\u00e1rsaink, Wojciech Jama \u00e9s Micha\u0142 Traczyk nem csak mindent l\u00e1ttak, hanem kur\u00e1tork\u00e9nt, kiad\u00f3k\u00e9nt, int\u00e9zm\u00e9nyek [&hellip;]\" \/>\n<meta property=\"og:url\" content=\"https:\/\/instytutpolski.pl\/budapest\/2026\/04\/28\/semmibol-varat-kepregenyes-gyujtemeny-muhely-es-kozossegepites-lengyelorszagban-budapesti-nemzetkozi-kepregenyfesztival\/\" \/>\n<meta property=\"og:site_name\" content=\"Instytut Polski w Budapeszcie\" \/>\n<meta property=\"article:published_time\" content=\"2026-04-28T11:18:10+00:00\" \/>\n<meta property=\"article:modified_time\" content=\"2026-04-28T11:25:58+00:00\" \/>\n<meta property=\"og:image\" content=\"https:\/\/instytutpolski.pl\/budapest\/wp-content\/uploads\/sites\/21\/2026\/04\/fajl.png\" \/>\n\t<meta property=\"og:image:width\" content=\"663\" \/>\n\t<meta property=\"og:image:height\" content=\"932\" \/>\n\t<meta property=\"og:image:type\" content=\"image\/png\" \/>\n<meta name=\"author\" content=\"felvidekie\" \/>\n<meta name=\"twitter:card\" content=\"summary_large_image\" \/>\n<meta name=\"twitter:label1\" content=\"Napisane przez\" \/>\n\t<meta name=\"twitter:data1\" content=\"felvidekie\" \/>\n\t<meta name=\"twitter:label2\" content=\"Szacowany czas czytania\" \/>\n\t<meta name=\"twitter:data2\" content=\"3 minuty\" \/>\n<script type=\"application\/ld+json\" class=\"yoast-schema-graph\">{\"@context\":\"https:\/\/schema.org\",\"@graph\":[{\"@type\":\"event\",\"@id\":\"https:\/\/instytutpolski.pl\/budapest\/2026\/04\/28\/semmibol-varat-kepregenyes-gyujtemeny-muhely-es-kozossegepites-lengyelorszagban-budapesti-nemzetkozi-kepregenyfesztival\/\",\"url\":\"https:\/\/instytutpolski.pl\/budapest\/2026\/04\/28\/semmibol-varat-kepregenyes-gyujtemeny-muhely-es-kozossegepites-lengyelorszagban-budapesti-nemzetkozi-kepregenyfesztival\/\",\"name\":\"Semmib\u0151l v\u00e1rat: k\u00e9preg\u00e9nyes gy\u0171jtem\u00e9ny-, m\u0171hely- \u00e9s k\u00f6z\u00f6ss\u00e9g\u00e9p\u00edt\u00e9s Lengyelorsz\u00e1gban \/\/ Budapesti Nemzetk\u00f6zi K\u00e9preg\u00e9nyfesztiv\u00e1l\",\"isPartOf\":{\"@id\":\"https:\/\/instytutpolski.pl\/budapest\/#website\"},\"primaryImageOfPage\":{\"@id\":\"https:\/\/instytutpolski.pl\/budapest\/2026\/04\/28\/semmibol-varat-kepregenyes-gyujtemeny-muhely-es-kozossegepites-lengyelorszagban-budapesti-nemzetkozi-kepregenyfesztival\/#primaryimage\"},\"image\":[\"https:\/\/instytutpolski.pl\/budapest\/wp-content\/uploads\/sites\/21\/2026\/04\/fajl.png\",\"https:\/\/instytutpolski.pl\/budapest\/wp-content\/uploads\/sites\/21\/2026\/04\/fajl-213x300.png\",\"https:\/\/instytutpolski.pl\/budapest\/wp-content\/uploads\/sites\/21\/2026\/04\/fajl.png\",\"https:\/\/instytutpolski.pl\/budapest\/wp-content\/uploads\/sites\/21\/2026\/04\/fajl.png\"],\"thumbnailUrl\":\"https:\/\/instytutpolski.pl\/budapest\/wp-content\/uploads\/sites\/21\/2026\/04\/fajl.png\",\"datePublished\":\"2026-04-28T11:18:10+02:00\",\"dateModified\":\"2026-04-28T11:25:58+02:00\",\"author\":{\"@id\":\"https:\/\/instytutpolski.pl\/budapest\/#\/schema\/person\/c32972170e1c8bb4ddd4918967161d9f\"},\"breadcrumb\":{\"@id\":\"https:\/\/instytutpolski.pl\/budapest\/2026\/04\/28\/semmibol-varat-kepregenyes-gyujtemeny-muhely-es-kozossegepites-lengyelorszagban-budapesti-nemzetkozi-kepregenyfesztival\/#breadcrumb\"},\"inLanguage\":\"pl-PL\",\"potentialAction\":[{\"@type\":\"ReadAction\",\"target\":[\"https:\/\/instytutpolski.pl\/budapest\/2026\/04\/28\/semmibol-varat-kepregenyes-gyujtemeny-muhely-es-kozossegepites-lengyelorszagban-budapesti-nemzetkozi-kepregenyfesztival\/\"]}],\"@context\":\"https:\/\/schema.org\",\"startDate\":\"2026-05-10\",\"endDate\":\"2026-05-10\",\"eventStatus\":\"EventScheduled\",\"eventAttendanceMode\":\"OfflineEventAttendanceMode\",\"location\":{\"@type\":\"place\",\"name\":\"ELTE\u00a0L\u00e1gym\u00e1nyosi Campus G\u00f6mb Aula\u00a01117 Budapest, P\u00e1zm\u00e1ny P\u00e9ter s\u00e9t\u00e1ny 1a\",\"address\":\"ELTE\u00a0L\u00e1gym\u00e1nyosi Campus G\u00f6mb Aula\u00a01117 Budapest, P\u00e1zm\u00e1ny P\u00e9ter s\u00e9t\u00e1ny 1a\",\"geo\":{\"@type\":\"GeoCoordinates\",\"latitude\":\"0\",\"longitude\":\"0\"}},\"description\":\"Id\u0151pont: 2026. m\u00e1jus 10. vas\u00e1rnap 15:00-15:50 \\nHelysz\u00edn: ELTE L\u00e1gym\u00e1nyosi Campus G\u00f6mb Aula 1117 Budapest, P\u00e1zm\u00e1ny P\u00e9ter s\u00e9t\u00e1ny 1a\\nAz elm\u00falt h\u00fasz \u00e9vben a lengyel k\u00e9preg\u00e9nyes \u00e9let r\u00e9sztvev\u0151i a semmib\u0151l \u00e9p\u00edttek v\u00e1rat: m\u00e1ra orsz\u00e1gszerte jelent\u0151s fesztiv\u00e1lok, m\u00fazeumok \u00e9s k\u00f6nyvt\u00e1rak adnak otthont a vir\u00e1gz\u00f3 szc\u00e9n\u00e1nak. Besz\u00e9lget\u0151t\u00e1rsaink, Wojciech Jama \u00e9s Micha\u0142 Traczyk nem csak mindent l\u00e1ttak, hanem kur\u00e1tork\u00e9nt, kiad\u00f3k\u00e9nt, int\u00e9zm\u00e9nyek \u00e9s t\u00e1rsas\u00e1gok alap\u00edt\u00f3ik\u00e9nt \u00e9s vezet\u0151ik\u00e9nt maguk is komoly r\u00e9szt v\u00e1llaltak a folyamatban. Ha k\u00edv\u00e1ncsiak vagytok arra, hogyan lesz valaki szenved\u00e9lyes gy\u0171jt\u0151b\u0151l m\u00fazeumalap\u00edt\u00f3, hogyan ker\u00fcl a kilencedik m\u0171v\u00e9szet a Nemzeti M\u00fazeumba vagy milyen az, ha egy patin\u00e1s vid\u00e9ki egyetemi k\u00f6nyvt\u00e1r neh\u00e9z fakapuja m\u00f6g\u00f6tt t\u00f6bb t\u00edzezer k\u00e9preg\u00e9nyt \u00e9s \u00e9vente n\u00e9h\u00e1ny napig m\u00e9g a legtitkosabb termekben \u00e9s a katal\u00f3gus \u00f3don fi\u00f3kjai k\u00f6z\u00f6tt is k\u00e9preg\u00e9nyalkot\u00f3kat- \u00e9s rajong\u00f3kat tal\u00e1lunk, ne hagyj\u00e1tok ki ezt a besz\u00e9lget\u00e9st.\\nWojciech Jama k\u00e9preg\u00e9nnyel \u00e9s anim\u00e1ci\u00f3val foglalkoz\u00f3 gy\u0171jt\u0151, kur\u00e1tor, kultur\u00e1lis szervez\u0151. A rzesz\u00f3wi \u00f6nkorm\u00e1nyzati estimese-\u00fazeum\u00e1nak (https:\/\/www.muzeumdobranocek.pl\/en\/) \u2013 mely saj\u00e1t, 2008-ban a v\u00e1rosnak adom\u00e1nyozot gy\u0171jtem\u00e9ny\u00e9n alapul \u2013 \u00f6tletgazd\u00e1ja \u00e9s t\u00e1rsalap\u00edt\u00f3ja, a Lengyel Jules Verne T\u00e1rsas\u00e1g tagja \u00e9s t\u00e1rsalap\u00edt\u00f3ja, a K\u00e9preg\u00e9nym\u00fazeum Alap\u00edtv\u00e1ny kurat\u00f3riumi tagja. Sz\u00e1mos k\u00e9preg\u00e9nyes ki\u00e1ll\u00edt\u00e1s, k\u00f6zt\u00fck a 2018-ban a krakk\u00f3i Nemzeti M\u00fazeumban megrendezett \u00e9s P\u00e1rizsban is bemutatott Teraz Komiks! Comics Now! kur\u00e1tora. A lengyel k\u00e9preg\u00e9ny megismertet\u00e9s\u00e9ben \u00e9s n\u00e9pszer\u0171s\u00edt\u00e9s\u00e9ben v\u00e9gzett munk\u00e1ja elismer\u00e9s\u00e9\u00e9rt 2010 j\u00falius\u00e1ban Lengyel Kult\u00far\u00e1\u00e9rt \u00c9rdemrenddel, 2018-ban a Papcio Chmielr\u0151l elnevezett Doctor humoris causa d\u00edjjal, valamint 2019-ben Janusz Christa Arany Kup\u00e1j\u00e1val t\u00fcntett\u00e9k ki.\\nMicha\u0142 Traczyk az irodalomtudom\u00e1ny doktora, a Popkultur\u00e1lis Int\u00e9zet Alap\u00edtv\u00e1ny (https:\/\/fundacja-ikp.pl\/) t\u00e1rsalap\u00edt\u00f3ja \u00e9s vezet\u0151s\u00e9gi tagja, 2018 j\u00faliusa \u00f3ta a Pozna\u0144i Egyetemi K\u00f6nyvt\u00e1r k\u00e9preg\u00e9nygy\u0171jtem\u00e9ny\u00e9nek (https:\/\/www.facebook.com\/czytelnianova) vezet\u0151je, a Zeszyty Komiksowe k\u00e9preg\u00e9nyes foly\u00f3irat (https:\/\/zeszytykomiksowe.org\/) f\u0151szerkeszt\u0151je \u00e9s kiad\u00f3ja, a Pozna\u0144i K\u00e9preg\u00e9nym\u0171v\u00e9szeti Fesztiv\u00e1l (https:\/\/komiksy-poznan.pl) igazgat\u00f3ja, a Lengyel K\u00e9preg\u00e9nykutat\u00f3 T\u00e1rsas\u00e1g (https:\/\/www.facebook.com\/p\/Polskie-Towarzystwo-Bada%C5%84-nad-Komiksem-PTBK-61555388517935) alap\u00edt\u00f3 tagja \u00e9s titk\u00e1ra \u00e9s sz\u00e1mos k\u00e9preg\u00e9nyes t\u00e9m\u00e1j\u00fa k\u00f6nyv, foly\u00f3iratsz\u00e1m \u00e9s cikk szerz\u0151je \u00e9s szerkeszt\u0151je.\\nR\u00e9szletes program: https:\/\/www.facebook.com\/events\/955539900536749\"},{\"@type\":\"ImageObject\",\"inLanguage\":\"pl-PL\",\"@id\":\"https:\/\/instytutpolski.pl\/budapest\/2026\/04\/28\/semmibol-varat-kepregenyes-gyujtemeny-muhely-es-kozossegepites-lengyelorszagban-budapesti-nemzetkozi-kepregenyfesztival\/#primaryimage\",\"url\":\"https:\/\/instytutpolski.pl\/budapest\/wp-content\/uploads\/sites\/21\/2026\/04\/fajl.png\",\"contentUrl\":\"https:\/\/instytutpolski.pl\/budapest\/wp-content\/uploads\/sites\/21\/2026\/04\/fajl.png\",\"width\":663,\"height\":932},{\"@type\":\"BreadcrumbList\",\"@id\":\"https:\/\/instytutpolski.pl\/budapest\/2026\/04\/28\/semmibol-varat-kepregenyes-gyujtemeny-muhely-es-kozossegepites-lengyelorszagban-budapesti-nemzetkozi-kepregenyfesztival\/#breadcrumb\",\"itemListElement\":[{\"@type\":\"ListItem\",\"position\":1,\"name\":\"Home\",\"item\":\"https:\/\/instytutpolski.pl\/budapest\/\"},{\"@type\":\"ListItem\",\"position\":2,\"name\":\"Semmib\u0151l v\u00e1rat: k\u00e9preg\u00e9nyes gy\u0171jtem\u00e9ny-, m\u0171hely- \u00e9s k\u00f6z\u00f6ss\u00e9g\u00e9p\u00edt\u00e9s Lengyelorsz\u00e1gban \/\/ Budapesti Nemzetk\u00f6zi K\u00e9preg\u00e9nyfesztiv\u00e1l\"}]},{\"@type\":\"WebSite\",\"@id\":\"https:\/\/instytutpolski.pl\/budapest\/#website\",\"url\":\"https:\/\/instytutpolski.pl\/budapest\/\",\"name\":\"Instytut Polski w Budapeszcie\",\"description\":\"Instytuty Polskie\",\"potentialAction\":[{\"@type\":\"SearchAction\",\"target\":{\"@type\":\"EntryPoint\",\"urlTemplate\":\"https:\/\/instytutpolski.pl\/budapest\/?s={search_term_string}\"},\"query-input\":{\"@type\":\"PropertyValueSpecification\",\"valueRequired\":true,\"valueName\":\"search_term_string\"}}],\"inLanguage\":\"pl-PL\"},{\"@type\":\"Person\",\"@id\":\"https:\/\/instytutpolski.pl\/budapest\/#\/schema\/person\/c32972170e1c8bb4ddd4918967161d9f\",\"name\":\"felvidekie\",\"image\":{\"@type\":\"ImageObject\",\"inLanguage\":\"pl-PL\",\"@id\":\"https:\/\/instytutpolski.pl\/budapest\/#\/schema\/person\/image\/\",\"url\":\"https:\/\/secure.gravatar.com\/avatar\/a1a943f2404ab143dcc09c865ea2fd66?s=96&d=mm&r=g\",\"contentUrl\":\"https:\/\/secure.gravatar.com\/avatar\/a1a943f2404ab143dcc09c865ea2fd66?s=96&d=mm&r=g\",\"caption\":\"felvidekie\"},\"url\":\"https:\/\/instytutpolski.pl\/budapest\/author\/felvidekie\/\"}]}<\/script>\n<!-- \/ Yoast SEO plugin. -->","yoast_head_json":{"title":"Semmib\u0151l v\u00e1rat: k\u00e9preg\u00e9nyes gy\u0171jtem\u00e9ny-, m\u0171hely- \u00e9s k\u00f6z\u00f6ss\u00e9g\u00e9p\u00edt\u00e9s Lengyelorsz\u00e1gban \/\/ Budapesti Nemzetk\u00f6zi K\u00e9preg\u00e9nyfesztiv\u00e1l - Instytut Polski w Budapeszcie","robots":{"index":"index","follow":"follow","max-snippet":"max-snippet:-1","max-image-preview":"max-image-preview:large","max-video-preview":"max-video-preview:-1"},"canonical":"https:\/\/instytutpolski.pl\/budapest\/2026\/04\/28\/semmibol-varat-kepregenyes-gyujtemeny-muhely-es-kozossegepites-lengyelorszagban-budapesti-nemzetkozi-kepregenyfesztival\/","og_locale":"pl_PL","og_type":"article","og_title":"Semmib\u0151l v\u00e1rat: k\u00e9preg\u00e9nyes gy\u0171jtem\u00e9ny-, m\u0171hely- \u00e9s k\u00f6z\u00f6ss\u00e9g\u00e9p\u00edt\u00e9s Lengyelorsz\u00e1gban \/\/ Budapesti Nemzetk\u00f6zi K\u00e9preg\u00e9nyfesztiv\u00e1l - Instytut Polski w Budapeszcie","og_description":"Id\u0151pont: 2026. m\u00e1jus 10. vas\u00e1rnap 15:00-15:50 Helysz\u00edn: ELTE&nbsp;L\u00e1gym\u00e1nyosi Campus G\u00f6mb Aula&nbsp;1117 Budapest, P\u00e1zm\u00e1ny P\u00e9ter s\u00e9t\u00e1ny 1a Az elm\u00falt h\u00fasz \u00e9vben a lengyel k\u00e9preg\u00e9nyes \u00e9let r\u00e9sztvev\u0151i a semmib\u0151l \u00e9p\u00edttek v\u00e1rat: m\u00e1ra orsz\u00e1gszerte jelent\u0151s fesztiv\u00e1lok, m\u00fazeumok \u00e9s k\u00f6nyvt\u00e1rak adnak otthont a vir\u00e1gz\u00f3 szc\u00e9n\u00e1nak. Besz\u00e9lget\u0151t\u00e1rsaink, Wojciech Jama \u00e9s Micha\u0142 Traczyk nem csak mindent l\u00e1ttak, hanem kur\u00e1tork\u00e9nt, kiad\u00f3k\u00e9nt, int\u00e9zm\u00e9nyek [&hellip;]","og_url":"https:\/\/instytutpolski.pl\/budapest\/2026\/04\/28\/semmibol-varat-kepregenyes-gyujtemeny-muhely-es-kozossegepites-lengyelorszagban-budapesti-nemzetkozi-kepregenyfesztival\/","og_site_name":"Instytut Polski w Budapeszcie","article_published_time":"2026-04-28T11:18:10+00:00","article_modified_time":"2026-04-28T11:25:58+00:00","og_image":[{"width":663,"height":932,"url":"https:\/\/instytutpolski.pl\/budapest\/wp-content\/uploads\/sites\/21\/2026\/04\/fajl.png","type":"image\/png"}],"author":"felvidekie","twitter_card":"summary_large_image","twitter_misc":{"Napisane przez":"felvidekie","Szacowany czas czytania":"3 minuty"},"schema":{"@context":"https:\/\/schema.org","@graph":[{"@type":"event","@id":"https:\/\/instytutpolski.pl\/budapest\/2026\/04\/28\/semmibol-varat-kepregenyes-gyujtemeny-muhely-es-kozossegepites-lengyelorszagban-budapesti-nemzetkozi-kepregenyfesztival\/","url":"https:\/\/instytutpolski.pl\/budapest\/2026\/04\/28\/semmibol-varat-kepregenyes-gyujtemeny-muhely-es-kozossegepites-lengyelorszagban-budapesti-nemzetkozi-kepregenyfesztival\/","name":"Semmib\u0151l v\u00e1rat: k\u00e9preg\u00e9nyes gy\u0171jtem\u00e9ny-, m\u0171hely- \u00e9s k\u00f6z\u00f6ss\u00e9g\u00e9p\u00edt\u00e9s Lengyelorsz\u00e1gban \/\/ Budapesti Nemzetk\u00f6zi K\u00e9preg\u00e9nyfesztiv\u00e1l","isPartOf":{"@id":"https:\/\/instytutpolski.pl\/budapest\/#website"},"primaryImageOfPage":{"@id":"https:\/\/instytutpolski.pl\/budapest\/2026\/04\/28\/semmibol-varat-kepregenyes-gyujtemeny-muhely-es-kozossegepites-lengyelorszagban-budapesti-nemzetkozi-kepregenyfesztival\/#primaryimage"},"image":["https:\/\/instytutpolski.pl\/budapest\/wp-content\/uploads\/sites\/21\/2026\/04\/fajl.png","https:\/\/instytutpolski.pl\/budapest\/wp-content\/uploads\/sites\/21\/2026\/04\/fajl-213x300.png","https:\/\/instytutpolski.pl\/budapest\/wp-content\/uploads\/sites\/21\/2026\/04\/fajl.png","https:\/\/instytutpolski.pl\/budapest\/wp-content\/uploads\/sites\/21\/2026\/04\/fajl.png"],"thumbnailUrl":"https:\/\/instytutpolski.pl\/budapest\/wp-content\/uploads\/sites\/21\/2026\/04\/fajl.png","datePublished":"2026-04-28T11:18:10+02:00","dateModified":"2026-04-28T11:25:58+02:00","author":{"@id":"https:\/\/instytutpolski.pl\/budapest\/#\/schema\/person\/c32972170e1c8bb4ddd4918967161d9f"},"breadcrumb":{"@id":"https:\/\/instytutpolski.pl\/budapest\/2026\/04\/28\/semmibol-varat-kepregenyes-gyujtemeny-muhely-es-kozossegepites-lengyelorszagban-budapesti-nemzetkozi-kepregenyfesztival\/#breadcrumb"},"inLanguage":"pl-PL","potentialAction":[{"@type":"ReadAction","target":["https:\/\/instytutpolski.pl\/budapest\/2026\/04\/28\/semmibol-varat-kepregenyes-gyujtemeny-muhely-es-kozossegepites-lengyelorszagban-budapesti-nemzetkozi-kepregenyfesztival\/"]}],"@context":"https:\/\/schema.org","startDate":"2026-05-10","endDate":"2026-05-10","eventStatus":"EventScheduled","eventAttendanceMode":"OfflineEventAttendanceMode","location":{"@type":"place","name":"ELTE\u00a0L\u00e1gym\u00e1nyosi Campus G\u00f6mb Aula\u00a01117 Budapest, P\u00e1zm\u00e1ny P\u00e9ter s\u00e9t\u00e1ny 1a","address":"ELTE\u00a0L\u00e1gym\u00e1nyosi Campus G\u00f6mb Aula\u00a01117 Budapest, P\u00e1zm\u00e1ny P\u00e9ter s\u00e9t\u00e1ny 1a","geo":{"@type":"GeoCoordinates","latitude":"0","longitude":"0"}},"description":"Id\u0151pont: 2026. m\u00e1jus 10. vas\u00e1rnap 15:00-15:50 \nHelysz\u00edn: ELTE L\u00e1gym\u00e1nyosi Campus G\u00f6mb Aula 1117 Budapest, P\u00e1zm\u00e1ny P\u00e9ter s\u00e9t\u00e1ny 1a\nAz elm\u00falt h\u00fasz \u00e9vben a lengyel k\u00e9preg\u00e9nyes \u00e9let r\u00e9sztvev\u0151i a semmib\u0151l \u00e9p\u00edttek v\u00e1rat: m\u00e1ra orsz\u00e1gszerte jelent\u0151s fesztiv\u00e1lok, m\u00fazeumok \u00e9s k\u00f6nyvt\u00e1rak adnak otthont a vir\u00e1gz\u00f3 szc\u00e9n\u00e1nak. Besz\u00e9lget\u0151t\u00e1rsaink, Wojciech Jama \u00e9s Micha\u0142 Traczyk nem csak mindent l\u00e1ttak, hanem kur\u00e1tork\u00e9nt, kiad\u00f3k\u00e9nt, int\u00e9zm\u00e9nyek \u00e9s t\u00e1rsas\u00e1gok alap\u00edt\u00f3ik\u00e9nt \u00e9s vezet\u0151ik\u00e9nt maguk is komoly r\u00e9szt v\u00e1llaltak a folyamatban. Ha k\u00edv\u00e1ncsiak vagytok arra, hogyan lesz valaki szenved\u00e9lyes gy\u0171jt\u0151b\u0151l m\u00fazeumalap\u00edt\u00f3, hogyan ker\u00fcl a kilencedik m\u0171v\u00e9szet a Nemzeti M\u00fazeumba vagy milyen az, ha egy patin\u00e1s vid\u00e9ki egyetemi k\u00f6nyvt\u00e1r neh\u00e9z fakapuja m\u00f6g\u00f6tt t\u00f6bb t\u00edzezer k\u00e9preg\u00e9nyt \u00e9s \u00e9vente n\u00e9h\u00e1ny napig m\u00e9g a legtitkosabb termekben \u00e9s a katal\u00f3gus \u00f3don fi\u00f3kjai k\u00f6z\u00f6tt is k\u00e9preg\u00e9nyalkot\u00f3kat- \u00e9s rajong\u00f3kat tal\u00e1lunk, ne hagyj\u00e1tok ki ezt a besz\u00e9lget\u00e9st.\nWojciech Jama k\u00e9preg\u00e9nnyel \u00e9s anim\u00e1ci\u00f3val foglalkoz\u00f3 gy\u0171jt\u0151, kur\u00e1tor, kultur\u00e1lis szervez\u0151. A rzesz\u00f3wi \u00f6nkorm\u00e1nyzati estimese-\u00fazeum\u00e1nak (https:\/\/www.muzeumdobranocek.pl\/en\/) \u2013 mely saj\u00e1t, 2008-ban a v\u00e1rosnak adom\u00e1nyozot gy\u0171jtem\u00e9ny\u00e9n alapul \u2013 \u00f6tletgazd\u00e1ja \u00e9s t\u00e1rsalap\u00edt\u00f3ja, a Lengyel Jules Verne T\u00e1rsas\u00e1g tagja \u00e9s t\u00e1rsalap\u00edt\u00f3ja, a K\u00e9preg\u00e9nym\u00fazeum Alap\u00edtv\u00e1ny kurat\u00f3riumi tagja. Sz\u00e1mos k\u00e9preg\u00e9nyes ki\u00e1ll\u00edt\u00e1s, k\u00f6zt\u00fck a 2018-ban a krakk\u00f3i Nemzeti M\u00fazeumban megrendezett \u00e9s P\u00e1rizsban is bemutatott Teraz Komiks! Comics Now! kur\u00e1tora. A lengyel k\u00e9preg\u00e9ny megismertet\u00e9s\u00e9ben \u00e9s n\u00e9pszer\u0171s\u00edt\u00e9s\u00e9ben v\u00e9gzett munk\u00e1ja elismer\u00e9s\u00e9\u00e9rt 2010 j\u00falius\u00e1ban Lengyel Kult\u00far\u00e1\u00e9rt \u00c9rdemrenddel, 2018-ban a Papcio Chmielr\u0151l elnevezett Doctor humoris causa d\u00edjjal, valamint 2019-ben Janusz Christa Arany Kup\u00e1j\u00e1val t\u00fcntett\u00e9k ki.\nMicha\u0142 Traczyk az irodalomtudom\u00e1ny doktora, a Popkultur\u00e1lis Int\u00e9zet Alap\u00edtv\u00e1ny (https:\/\/fundacja-ikp.pl\/) t\u00e1rsalap\u00edt\u00f3ja \u00e9s vezet\u0151s\u00e9gi tagja, 2018 j\u00faliusa \u00f3ta a Pozna\u0144i Egyetemi K\u00f6nyvt\u00e1r k\u00e9preg\u00e9nygy\u0171jtem\u00e9ny\u00e9nek (https:\/\/www.facebook.com\/czytelnianova) vezet\u0151je, a Zeszyty Komiksowe k\u00e9preg\u00e9nyes foly\u00f3irat (https:\/\/zeszytykomiksowe.org\/) f\u0151szerkeszt\u0151je \u00e9s kiad\u00f3ja, a Pozna\u0144i K\u00e9preg\u00e9nym\u0171v\u00e9szeti Fesztiv\u00e1l (https:\/\/komiksy-poznan.pl) igazgat\u00f3ja, a Lengyel K\u00e9preg\u00e9nykutat\u00f3 T\u00e1rsas\u00e1g (https:\/\/www.facebook.com\/p\/Polskie-Towarzystwo-Bada%C5%84-nad-Komiksem-PTBK-61555388517935) alap\u00edt\u00f3 tagja \u00e9s titk\u00e1ra \u00e9s sz\u00e1mos k\u00e9preg\u00e9nyes t\u00e9m\u00e1j\u00fa k\u00f6nyv, foly\u00f3iratsz\u00e1m \u00e9s cikk szerz\u0151je \u00e9s szerkeszt\u0151je.\nR\u00e9szletes program: https:\/\/www.facebook.com\/events\/955539900536749"},{"@type":"ImageObject","inLanguage":"pl-PL","@id":"https:\/\/instytutpolski.pl\/budapest\/2026\/04\/28\/semmibol-varat-kepregenyes-gyujtemeny-muhely-es-kozossegepites-lengyelorszagban-budapesti-nemzetkozi-kepregenyfesztival\/#primaryimage","url":"https:\/\/instytutpolski.pl\/budapest\/wp-content\/uploads\/sites\/21\/2026\/04\/fajl.png","contentUrl":"https:\/\/instytutpolski.pl\/budapest\/wp-content\/uploads\/sites\/21\/2026\/04\/fajl.png","width":663,"height":932},{"@type":"BreadcrumbList","@id":"https:\/\/instytutpolski.pl\/budapest\/2026\/04\/28\/semmibol-varat-kepregenyes-gyujtemeny-muhely-es-kozossegepites-lengyelorszagban-budapesti-nemzetkozi-kepregenyfesztival\/#breadcrumb","itemListElement":[{"@type":"ListItem","position":1,"name":"Home","item":"https:\/\/instytutpolski.pl\/budapest\/"},{"@type":"ListItem","position":2,"name":"Semmib\u0151l v\u00e1rat: k\u00e9preg\u00e9nyes gy\u0171jtem\u00e9ny-, m\u0171hely- \u00e9s k\u00f6z\u00f6ss\u00e9g\u00e9p\u00edt\u00e9s Lengyelorsz\u00e1gban \/\/ Budapesti Nemzetk\u00f6zi K\u00e9preg\u00e9nyfesztiv\u00e1l"}]},{"@type":"WebSite","@id":"https:\/\/instytutpolski.pl\/budapest\/#website","url":"https:\/\/instytutpolski.pl\/budapest\/","name":"Instytut Polski w Budapeszcie","description":"Instytuty Polskie","potentialAction":[{"@type":"SearchAction","target":{"@type":"EntryPoint","urlTemplate":"https:\/\/instytutpolski.pl\/budapest\/?s={search_term_string}"},"query-input":{"@type":"PropertyValueSpecification","valueRequired":true,"valueName":"search_term_string"}}],"inLanguage":"pl-PL"},{"@type":"Person","@id":"https:\/\/instytutpolski.pl\/budapest\/#\/schema\/person\/c32972170e1c8bb4ddd4918967161d9f","name":"felvidekie","image":{"@type":"ImageObject","inLanguage":"pl-PL","@id":"https:\/\/instytutpolski.pl\/budapest\/#\/schema\/person\/image\/","url":"https:\/\/secure.gravatar.com\/avatar\/a1a943f2404ab143dcc09c865ea2fd66?s=96&d=mm&r=g","contentUrl":"https:\/\/secure.gravatar.com\/avatar\/a1a943f2404ab143dcc09c865ea2fd66?s=96&d=mm&r=g","caption":"felvidekie"},"url":"https:\/\/instytutpolski.pl\/budapest\/author\/felvidekie\/"}]}},"_links":{"self":[{"href":"https:\/\/instytutpolski.pl\/budapest\/wp-json\/wp\/v2\/posts\/22139","targetHints":{"allow":["GET"]}}],"collection":[{"href":"https:\/\/instytutpolski.pl\/budapest\/wp-json\/wp\/v2\/posts"}],"about":[{"href":"https:\/\/instytutpolski.pl\/budapest\/wp-json\/wp\/v2\/types\/post"}],"author":[{"embeddable":true,"href":"https:\/\/instytutpolski.pl\/budapest\/wp-json\/wp\/v2\/users\/68"}],"replies":[{"embeddable":true,"href":"https:\/\/instytutpolski.pl\/budapest\/wp-json\/wp\/v2\/comments?post=22139"}],"version-history":[{"count":6,"href":"https:\/\/instytutpolski.pl\/budapest\/wp-json\/wp\/v2\/posts\/22139\/revisions"}],"predecessor-version":[{"id":22151,"href":"https:\/\/instytutpolski.pl\/budapest\/wp-json\/wp\/v2\/posts\/22139\/revisions\/22151"}],"wp:featuredmedia":[{"embeddable":true,"href":"https:\/\/instytutpolski.pl\/budapest\/wp-json\/wp\/v2\/media\/22142"}],"wp:attachment":[{"href":"https:\/\/instytutpolski.pl\/budapest\/wp-json\/wp\/v2\/media?parent=22139"}],"wp:term":[{"taxonomy":"category","embeddable":true,"href":"https:\/\/instytutpolski.pl\/budapest\/wp-json\/wp\/v2\/categories?post=22139"},{"taxonomy":"post_tag","embeddable":true,"href":"https:\/\/instytutpolski.pl\/budapest\/wp-json\/wp\/v2\/tags?post=22139"}],"curies":[{"name":"wp","href":"https:\/\/api.w.org\/{rel}","templated":true}]}}