{"id":22391,"date":"2026-08-25T11:49:31","date_gmt":"2026-08-25T09:49:31","guid":{"rendered":"https:\/\/instytutpolski.pl\/budapest\/?p=22391"},"modified":"2026-08-28T13:53:56","modified_gmt":"2026-08-28T11:53:56","slug":"diament-blasku-gwiazd-filmy-andrzeja-wajdy-w-ramach-budapesztenskiego-klasycznego-maratonu-filmowego","status":"publish","type":"post","link":"https:\/\/instytutpolski.pl\/budapest\/pl\/2026\/08\/25\/diament-blasku-gwiazd-filmy-andrzeja-wajdy-w-ramach-budapesztenskiego-klasycznego-maratonu-filmowego\/","title":{"rendered":"Diament blasku gwiazd \u2013 filmy Andrzeja Wajdy na Klasycznym Maratonie Filmowym w Budapeszcie"},"content":{"rendered":"\n<p><strong>Odbywaj\u0105cy si\u0119 w dniach 15\u201320 wrze\u015bnia Budapeszte\u0144ski Klasyczny Maraton Filmowy<\/strong> uczci setn\u0105 rocznic\u0119 urodzin <strong>ANDRZEJA WAJDY<\/strong>, wielkiego polskiego re\u017cysera, prezentuj\u0105c siedem jego film\u00f3w. Filmy wybra\u0142 re\u017cyser <strong>Istv\u00e1n Szab\u00f3<\/strong>, a go\u015bciem festiwalu b\u0119dzie jeden z wa\u017cnych wsp\u00f3\u0142pracownik\u00f3w Wajdy \u2013 \u015bwiatowej s\u0142awy operator <strong>Pawe\u0142 Edelman<\/strong>!<\/p>\n<p>\u201eDla Andrzeja Wajdy i jego pokolenia decyduj\u0105ce znaczenie mia\u0142y do\u015bwiadczenia II wojny \u015bwiatowej, polskiego ruchu oporu, bohaterstwa narodu uczestnicz\u0105cego w powstaniu warszawskim oraz jego kl\u0119ski. Wajda, podobnie jak wielu innych tw\u00f3rc\u00f3w, widzia\u0142 jeden z najwi\u0119kszych problem\u00f3w artystycznych tej cz\u0119\u015bci \u015bwiata w nast\u0119puj\u0105cy spos\u00f3b:<\/p>\n<blockquote>\n<p>\u00bbWyj\u015b\u0107 poza kr\u0105g lokalnych problem\u00f3w i dotrze\u0107 do najwi\u0119kszych ludzkich pyta\u0144 \u2013 to przywilej najwi\u0119kszych kraj\u00f3w.\u00ab (A. Wajda)<\/p>\n<\/blockquote>\n<p>Arty\u015bci Europy \u015arodkowo-Wschodniej od XIX wieku zmagaj\u0105 si\u0119 ze wsp\u00f3lnym problemem jednoczesnego ukazywania wymiaru narodowego i uniwersalnego ludzkiego istnienia. W obiektywnym, opartym na do\u015bwiadczeniu stwierdzeniu Wajdy pobrzmiewa r\u00f3wnie\u017c pewien b\u00f3l \u2013 zawiera si\u0119 w nim sytuacja i sprzeczno\u015bci \u017cycia w Europie Wschodniej\u201d \u2013 pisze Vera Gy\u00fcrey.<\/p>\n<p>Festiwal uczci wielkiego polskiego re\u017cysera z okazji setnej rocznicy jego urodzin, prezentuj\u0105c siedem film\u00f3w \u2013 od debiutanckiego <strong>Pokolenia<\/strong> z 1955 roku po nakr\u0119cony w 2007 roku <strong>Katy\u0144<\/strong>, b\u0119d\u0105cy wstrz\u0105saj\u0105cym rozliczeniem z przemilczan\u0105 przesz\u0142o\u015bci\u0105.<\/p>\n<p>Ponadto pokazane zostan\u0105: <strong>Kana\u0142, Cz\u0142owiek z marmuru, Popi\u00f3\u0142 i diament, Danton<\/strong> oraz <strong>Wszystko na sprzeda\u017c<\/strong>.<\/p>\n<p>Filmy wybra\u0142 <strong>Istv\u00e1n Szab\u00f3<\/strong>, a go\u015bciem festiwalu b\u0119dzie <strong>Pawe\u0142 Edelman<\/strong>, jeden z wa\u017cnych wsp\u00f3\u0142pracownik\u00f3w Wajdy i operator filmu <strong>Katy\u0144<\/strong>.<\/p>\n<p><a href=\"https:\/\/nfi.hu\/budapesti-klasszikus-film-maraton-2026\/vetitesek-2026\/szekciok-2026\" target=\"_blank\" rel=\"noopener\"><strong>Szczeg\u00f3\u0142owy program sekcji Andrzeja Wajdy<\/strong><\/a>\u00a0<\/p>\n<p>Pe\u0142ny program Budapeszte\u0144skiego Klasycznego Maratonu Filmowego mo\u017cna znale\u017a\u0107 na stronie festiwalu: <strong><a href=\"http:\/\/www.filmmaraton.hu\/\">www.filmmaraton.hu<\/a><\/strong><\/p>\n<p>Bilety mo\u017cna kupi\u0107 na stronach internetowych poszczeg\u00f3lnych miejsc projekcji.<\/p>\n<p><img loading=\"lazy\" decoding=\"async\" class=\" wp-image-22388 aligncenter\" src=\"https:\/\/instytutpolski.pl\/budapest\/wp-content\/uploads\/sites\/21\/2026\/08\/775183692_1041558555333701_3421598603718273920_n-1-300x300.jpg\" alt=\"\" width=\"472\" height=\"472\" srcset=\"https:\/\/instytutpolski.pl\/budapest\/wp-content\/uploads\/sites\/21\/2026\/08\/775183692_1041558555333701_3421598603718273920_n-1-300x300.jpg 300w, https:\/\/instytutpolski.pl\/budapest\/wp-content\/uploads\/sites\/21\/2026\/08\/775183692_1041558555333701_3421598603718273920_n-1-1024x1024.jpg 1024w, https:\/\/instytutpolski.pl\/budapest\/wp-content\/uploads\/sites\/21\/2026\/08\/775183692_1041558555333701_3421598603718273920_n-1-150x150.jpg 150w, https:\/\/instytutpolski.pl\/budapest\/wp-content\/uploads\/sites\/21\/2026\/08\/775183692_1041558555333701_3421598603718273920_n-1-768x768.jpg 768w, https:\/\/instytutpolski.pl\/budapest\/wp-content\/uploads\/sites\/21\/2026\/08\/775183692_1041558555333701_3421598603718273920_n-1.jpg 1200w\" sizes=\"auto, (max-width: 472px) 100vw, 472px\" \/><\/p>\n<p>Projekt jest wsp\u00f3\u0142finansowany przez Ministerstwo Kultury i Dziedzictwa Narodowego Rzeczypospolitej Polskiej, Instytut Adama Mickiewicza oraz Instytut Polski w Budapeszcie. Partnerem wydarzenia jest Wytw\u00f3rnia Film\u00f3w Dokumentalnych i Fabularnych.\u00a0<\/p>\n<p><strong>Instytut Adama Mickiewicza<\/strong> (IAM) \u0142\u0105czy polsk\u0105 kultur\u0119 z lud\u017ami na ca\u0142ym \u015bwiecie. Jako instytucja pa\u0144stwowa, tworzy trwa\u0142e zainteresowanie polsk\u0105 kultur\u0105 i sztuk\u0105, wzmacniaj\u0105c obecno\u015b\u0107 polskich artystek i artyst\u00f3w na globalnej scenie. Inicjuje innowacyjne projekty, wspiera mi\u0119dzynarodow\u0105 wsp\u00f3\u0142prac\u0119 oraz wymian\u0119 kulturaln\u0105. Promuje tw\u00f3rczo\u015b\u0107 zar\u00f3wno uznanych, jak i obiecuj\u0105cych tw\u00f3rc\u00f3w, ukazuj\u0105c r\u00f3\u017cnorodno\u015b\u0107 i bogactwo naszej kultury. Prowadzi tak\u017ce portal Culture.pl, stanowi\u0105cy wszechstronne \u017ar\u00f3d\u0142o wiedzy o polskiej kulturze. Wi\u0119cej informacji: www.iam.pl.<\/p>\n<p>\u00a0<\/p>\n","protected":false},"excerpt":{"rendered":"<p>Odbywaj\u0105cy si\u0119 w dniach 15\u201320 wrze\u015bnia Budapeszte\u0144ski Klasyczny Maraton Filmowy uczci setn\u0105 rocznic\u0119 urodzin ANDRZEJA WAJDY, wielkiego polskiego re\u017cysera, prezentuj\u0105c siedem jego film\u00f3w. Filmy wybra\u0142 re\u017cyser Istv\u00e1n Szab\u00f3, a go\u015bciem festiwalu b\u0119dzie jeden z wa\u017cnych wsp\u00f3\u0142pracownik\u00f3w Wajdy \u2013 \u015bwiatowej s\u0142awy operator Pawe\u0142 Edelman! \u201eDla Andrzeja Wajdy i jego pokolenia decyduj\u0105ce znaczenie mia\u0142y do\u015bwiadczenia II wojny [&hellip;]<\/p>\n","protected":false},"author":137,"featured_media":22388,"comment_status":"open","ping_status":"open","sticky":true,"template":"","format":"standard","meta":{"inline_featured_image":false,"_monsterinsights_skip_tracking":false,"_monsterinsights_sitenote_active":false,"_monsterinsights_sitenote_note":"","_monsterinsights_sitenote_category":0,"footnotes":""},"categories":[227,72,40,11,233],"tags":[],"class_list":["post-22391","post","type-post","status-publish","format-standard","has-post-thumbnail","hentry","category-aktualnosci","category-film-pl","category-program-pl","category-wiadomosci","category-wydarzenia"],"yoast_head":"<!-- This site is optimized with the Yoast SEO plugin v24.6 - https:\/\/yoast.com\/wordpress\/plugins\/seo\/ -->\n<title>Diament blasku gwiazd \u2013 filmy Andrzeja Wajdy na Klasycznym Maratonie Filmowym w Budapeszcie - Instytut Polski w Budapeszcie<\/title>\n<meta name=\"robots\" content=\"index, follow, max-snippet:-1, max-image-preview:large, max-video-preview:-1\" \/>\n<link rel=\"canonical\" href=\"https:\/\/instytutpolski.pl\/budapest\/pl\/2026\/08\/25\/diament-blasku-gwiazd-filmy-andrzeja-wajdy-w-ramach-budapesztenskiego-klasycznego-maratonu-filmowego\/\" \/>\n<meta property=\"og:locale\" content=\"pl_PL\" \/>\n<meta property=\"og:type\" content=\"article\" \/>\n<meta property=\"og:title\" content=\"Diament blasku gwiazd \u2013 filmy Andrzeja Wajdy na Klasycznym Maratonie Filmowym w Budapeszcie - Instytut Polski w Budapeszcie\" \/>\n<meta property=\"og:description\" content=\"Odbywaj\u0105cy si\u0119 w dniach 15\u201320 wrze\u015bnia Budapeszte\u0144ski Klasyczny Maraton Filmowy uczci setn\u0105 rocznic\u0119 urodzin ANDRZEJA WAJDY, wielkiego polskiego re\u017cysera, prezentuj\u0105c siedem jego film\u00f3w. Filmy wybra\u0142 re\u017cyser Istv\u00e1n Szab\u00f3, a go\u015bciem festiwalu b\u0119dzie jeden z wa\u017cnych wsp\u00f3\u0142pracownik\u00f3w Wajdy \u2013 \u015bwiatowej s\u0142awy operator Pawe\u0142 Edelman! \u201eDla Andrzeja Wajdy i jego pokolenia decyduj\u0105ce znaczenie mia\u0142y do\u015bwiadczenia II wojny [&hellip;]\" \/>\n<meta property=\"og:url\" content=\"https:\/\/instytutpolski.pl\/budapest\/pl\/2026\/08\/25\/diament-blasku-gwiazd-filmy-andrzeja-wajdy-w-ramach-budapesztenskiego-klasycznego-maratonu-filmowego\/\" \/>\n<meta property=\"og:site_name\" content=\"Instytut Polski w Budapeszcie\" \/>\n<meta property=\"article:published_time\" content=\"2026-08-25T09:49:31+00:00\" \/>\n<meta property=\"article:modified_time\" content=\"2026-08-28T11:53:56+00:00\" \/>\n<meta property=\"og:image\" content=\"https:\/\/instytutpolski.pl\/budapest\/wp-content\/uploads\/sites\/21\/2026\/08\/775183692_1041558555333701_3421598603718273920_n-1.jpg\" \/>\n\t<meta property=\"og:image:width\" content=\"1200\" \/>\n\t<meta property=\"og:image:height\" content=\"1200\" \/>\n\t<meta property=\"og:image:type\" content=\"image\/jpeg\" \/>\n<meta name=\"author\" content=\"jergert\" \/>\n<meta name=\"twitter:card\" content=\"summary_large_image\" \/>\n<meta name=\"twitter:label1\" content=\"Napisane przez\" \/>\n\t<meta name=\"twitter:data1\" content=\"jergert\" \/>\n\t<meta name=\"twitter:label2\" content=\"Szacowany czas czytania\" \/>\n\t<meta name=\"twitter:data2\" content=\"3 minuty\" \/>\n<script type=\"application\/ld+json\" class=\"yoast-schema-graph\">{\"@context\":\"https:\/\/schema.org\",\"@graph\":[{\"@type\":\"event\",\"@id\":\"https:\/\/instytutpolski.pl\/budapest\/pl\/2026\/08\/25\/diament-blasku-gwiazd-filmy-andrzeja-wajdy-w-ramach-budapesztenskiego-klasycznego-maratonu-filmowego\/\",\"url\":\"https:\/\/instytutpolski.pl\/budapest\/pl\/2026\/08\/25\/diament-blasku-gwiazd-filmy-andrzeja-wajdy-w-ramach-budapesztenskiego-klasycznego-maratonu-filmowego\/\",\"name\":\"Diament blasku gwiazd \u2013 filmy Andrzeja Wajdy na Klasycznym Maratonie Filmowym w Budapeszcie\",\"isPartOf\":{\"@id\":\"https:\/\/instytutpolski.pl\/budapest\/#website\"},\"primaryImageOfPage\":{\"@id\":\"https:\/\/instytutpolski.pl\/budapest\/pl\/2026\/08\/25\/diament-blasku-gwiazd-filmy-andrzeja-wajdy-w-ramach-budapesztenskiego-klasycznego-maratonu-filmowego\/#primaryimage\"},\"image\":[\"https:\/\/instytutpolski.pl\/budapest\/wp-content\/uploads\/sites\/21\/2026\/08\/775183692_1041558555333701_3421598603718273920_n-1.jpg\",\"https:\/\/instytutpolski.pl\/budapest\/wp-content\/uploads\/sites\/21\/2026\/08\/775183692_1041558555333701_3421598603718273920_n-1-300x300.jpg\",\"https:\/\/instytutpolski.pl\/budapest\/wp-content\/uploads\/sites\/21\/2026\/08\/775183692_1041558555333701_3421598603718273920_n-1-1024x1024.jpg\",\"https:\/\/instytutpolski.pl\/budapest\/wp-content\/uploads\/sites\/21\/2026\/08\/775183692_1041558555333701_3421598603718273920_n-1.jpg\"],\"thumbnailUrl\":\"https:\/\/instytutpolski.pl\/budapest\/wp-content\/uploads\/sites\/21\/2026\/08\/775183692_1041558555333701_3421598603718273920_n-1.jpg\",\"datePublished\":\"2026-08-25T09:49:31+02:00\",\"dateModified\":\"2026-08-28T11:53:56+02:00\",\"author\":{\"@id\":\"https:\/\/instytutpolski.pl\/budapest\/#\/schema\/person\/419f42c17704d0a78250bf0c7858df52\"},\"breadcrumb\":{\"@id\":\"https:\/\/instytutpolski.pl\/budapest\/pl\/2026\/08\/25\/diament-blasku-gwiazd-filmy-andrzeja-wajdy-w-ramach-budapesztenskiego-klasycznego-maratonu-filmowego\/#breadcrumb\"},\"inLanguage\":\"pl-PL\",\"potentialAction\":[{\"@type\":\"ReadAction\",\"target\":[\"https:\/\/instytutpolski.pl\/budapest\/pl\/2026\/08\/25\/diament-blasku-gwiazd-filmy-andrzeja-wajdy-w-ramach-budapesztenskiego-klasycznego-maratonu-filmowego\/\"]}],\"@context\":\"https:\/\/schema.org\",\"startDate\":\"2026-09-15\",\"endDate\":\"2026-09-20\",\"eventStatus\":\"EventScheduled\",\"eventAttendanceMode\":\"OfflineEventAttendanceMode\",\"location\":{\"@type\":\"place\",\"name\":\"\",\"address\":\"\",\"geo\":{\"@type\":\"GeoCoordinates\",\"latitude\":\"\",\"longitude\":\"\"}},\"description\":\"Odbywaj\u0105cy si\u0119 w dniach 15\u201320 wrze\u015bnia Budapeszte\u0144ski Klasyczny Maraton Filmowy uczci setn\u0105 rocznic\u0119 urodzin ANDRZEJA WAJDY, wielkiego polskiego re\u017cysera, prezentuj\u0105c siedem jego film\u00f3w. Filmy wybra\u0142 re\u017cyser Istv\u00e1n Szab\u00f3, a go\u015bciem festiwalu b\u0119dzie jeden z wa\u017cnych wsp\u00f3\u0142pracownik\u00f3w Wajdy \u2013 \u015bwiatowej s\u0142awy operator Pawe\u0142 Edelman!\\n\u201eDla Andrzeja Wajdy i jego pokolenia decyduj\u0105ce znaczenie mia\u0142y do\u015bwiadczenia II wojny \u015bwiatowej, polskiego ruchu oporu, bohaterstwa narodu uczestnicz\u0105cego w powstaniu warszawskim oraz jego kl\u0119ski. Wajda, podobnie jak wielu innych tw\u00f3rc\u00f3w, widzia\u0142 jeden z najwi\u0119kszych problem\u00f3w artystycznych tej cz\u0119\u015bci \u015bwiata w nast\u0119puj\u0105cy spos\u00f3b:\\n\u00bbWyj\u015b\u0107 poza kr\u0105g lokalnych problem\u00f3w i dotrze\u0107 do najwi\u0119kszych ludzkich pyta\u0144 \u2013 to przywilej najwi\u0119kszych kraj\u00f3w.\u00ab (A. Wajda)\\nArty\u015bci Europy \u015arodkowo-Wschodniej od XIX wieku zmagaj\u0105 si\u0119 ze wsp\u00f3lnym problemem jednoczesnego ukazywania wymiaru narodowego i uniwersalnego ludzkiego istnienia. W obiektywnym, opartym na do\u015bwiadczeniu stwierdzeniu Wajdy pobrzmiewa r\u00f3wnie\u017c pewien b\u00f3l \u2013 zawiera si\u0119 w nim sytuacja i sprzeczno\u015bci \u017cycia w Europie Wschodniej\u201d \u2013 pisze Vera Gy\u00fcrey.\\nFestiwal uczci wielkiego polskiego re\u017cysera z okazji setnej rocznicy jego urodzin, prezentuj\u0105c siedem film\u00f3w \u2013 od debiutanckiego Pokolenia z 1955 roku po nakr\u0119cony w 2007 roku Katy\u0144, b\u0119d\u0105cy wstrz\u0105saj\u0105cym rozliczeniem z przemilczan\u0105 przesz\u0142o\u015bci\u0105.\\nPonadto pokazane zostan\u0105: Kana\u0142, Cz\u0142owiek z marmuru, Popi\u00f3\u0142 i diament, Danton oraz Wszystko na sprzeda\u017c.\\nFilmy wybra\u0142 Istv\u00e1n Szab\u00f3, a go\u015bciem festiwalu b\u0119dzie Pawe\u0142 Edelman, jeden z wa\u017cnych wsp\u00f3\u0142pracownik\u00f3w Wajdy i operator filmu Katy\u0144.\\nSzczeg\u00f3\u0142owy program sekcji Andrzeja Wajdy\u00a0\\nPe\u0142ny program Budapeszte\u0144skiego Klasycznego Maratonu Filmowego mo\u017cna znale\u017a\u0107 na stronie festiwalu: www.filmmaraton.hu\\nBilety mo\u017cna kupi\u0107 na stronach internetowych poszczeg\u00f3lnych miejsc projekcji.\\nProjekt jest wsp\u00f3\u0142finansowany przez Ministerstwo Kultury i Dziedzictwa Narodowego Rzeczypospolitej Polskiej, Instytut Adama Mickiewicza oraz Instytut Polski w Budapeszcie. Partnerem wydarzenia jest Wytw\u00f3rnia Film\u00f3w Dokumentalnych i Fabularnych.\u00a0\\nInstytut Adama Mickiewicza (IAM) \u0142\u0105czy polsk\u0105 kultur\u0119 z lud\u017ami na ca\u0142ym \u015bwiecie. Jako instytucja pa\u0144stwowa, tworzy trwa\u0142e zainteresowanie polsk\u0105 kultur\u0105 i sztuk\u0105, wzmacniaj\u0105c obecno\u015b\u0107 polskich artystek i artyst\u00f3w na globalnej scenie. Inicjuje innowacyjne projekty, wspiera mi\u0119dzynarodow\u0105 wsp\u00f3\u0142prac\u0119 oraz wymian\u0119 kulturaln\u0105. Promuje tw\u00f3rczo\u015b\u0107 zar\u00f3wno uznanych, jak i obiecuj\u0105cych tw\u00f3rc\u00f3w, ukazuj\u0105c r\u00f3\u017cnorodno\u015b\u0107 i bogactwo naszej kultury. Prowadzi tak\u017ce portal Culture.pl, stanowi\u0105cy wszechstronne \u017ar\u00f3d\u0142o wiedzy o polskiej kulturze. Wi\u0119cej informacji: www.iam.pl.\\n\u00a0\"},{\"@type\":\"ImageObject\",\"inLanguage\":\"pl-PL\",\"@id\":\"https:\/\/instytutpolski.pl\/budapest\/pl\/2026\/08\/25\/diament-blasku-gwiazd-filmy-andrzeja-wajdy-w-ramach-budapesztenskiego-klasycznego-maratonu-filmowego\/#primaryimage\",\"url\":\"https:\/\/instytutpolski.pl\/budapest\/wp-content\/uploads\/sites\/21\/2026\/08\/775183692_1041558555333701_3421598603718273920_n-1.jpg\",\"contentUrl\":\"https:\/\/instytutpolski.pl\/budapest\/wp-content\/uploads\/sites\/21\/2026\/08\/775183692_1041558555333701_3421598603718273920_n-1.jpg\",\"width\":1200,\"height\":1200},{\"@type\":\"BreadcrumbList\",\"@id\":\"https:\/\/instytutpolski.pl\/budapest\/pl\/2026\/08\/25\/diament-blasku-gwiazd-filmy-andrzeja-wajdy-w-ramach-budapesztenskiego-klasycznego-maratonu-filmowego\/#breadcrumb\",\"itemListElement\":[{\"@type\":\"ListItem\",\"position\":1,\"name\":\"Home\",\"item\":\"https:\/\/instytutpolski.pl\/budapest\/\"},{\"@type\":\"ListItem\",\"position\":2,\"name\":\"Diament blasku gwiazd \u2013 filmy Andrzeja Wajdy na Klasycznym Maratonie Filmowym w Budapeszcie\"}]},{\"@type\":\"WebSite\",\"@id\":\"https:\/\/instytutpolski.pl\/budapest\/#website\",\"url\":\"https:\/\/instytutpolski.pl\/budapest\/\",\"name\":\"Instytut Polski w Budapeszcie\",\"description\":\"Instytuty Polskie\",\"potentialAction\":[{\"@type\":\"SearchAction\",\"target\":{\"@type\":\"EntryPoint\",\"urlTemplate\":\"https:\/\/instytutpolski.pl\/budapest\/?s={search_term_string}\"},\"query-input\":{\"@type\":\"PropertyValueSpecification\",\"valueRequired\":true,\"valueName\":\"search_term_string\"}}],\"inLanguage\":\"pl-PL\"},{\"@type\":\"Person\",\"@id\":\"https:\/\/instytutpolski.pl\/budapest\/#\/schema\/person\/419f42c17704d0a78250bf0c7858df52\",\"name\":\"jergert\",\"image\":{\"@type\":\"ImageObject\",\"inLanguage\":\"pl-PL\",\"@id\":\"https:\/\/instytutpolski.pl\/budapest\/#\/schema\/person\/image\/\",\"url\":\"https:\/\/secure.gravatar.com\/avatar\/8929296b454dc3d29ecb811f4703b7f3?s=96&d=mm&r=g\",\"contentUrl\":\"https:\/\/secure.gravatar.com\/avatar\/8929296b454dc3d29ecb811f4703b7f3?s=96&d=mm&r=g\",\"caption\":\"jergert\"},\"sameAs\":[\"http:\/\/jergert\",\"jergert\"],\"url\":\"https:\/\/instytutpolski.pl\/budapest\/author\/jergert\/\"}]}<\/script>\n<!-- \/ Yoast SEO plugin. -->","yoast_head_json":{"title":"Diament blasku gwiazd \u2013 filmy Andrzeja Wajdy na Klasycznym Maratonie Filmowym w Budapeszcie - Instytut Polski w Budapeszcie","robots":{"index":"index","follow":"follow","max-snippet":"max-snippet:-1","max-image-preview":"max-image-preview:large","max-video-preview":"max-video-preview:-1"},"canonical":"https:\/\/instytutpolski.pl\/budapest\/pl\/2026\/08\/25\/diament-blasku-gwiazd-filmy-andrzeja-wajdy-w-ramach-budapesztenskiego-klasycznego-maratonu-filmowego\/","og_locale":"pl_PL","og_type":"article","og_title":"Diament blasku gwiazd \u2013 filmy Andrzeja Wajdy na Klasycznym Maratonie Filmowym w Budapeszcie - Instytut Polski w Budapeszcie","og_description":"Odbywaj\u0105cy si\u0119 w dniach 15\u201320 wrze\u015bnia Budapeszte\u0144ski Klasyczny Maraton Filmowy uczci setn\u0105 rocznic\u0119 urodzin ANDRZEJA WAJDY, wielkiego polskiego re\u017cysera, prezentuj\u0105c siedem jego film\u00f3w. Filmy wybra\u0142 re\u017cyser Istv\u00e1n Szab\u00f3, a go\u015bciem festiwalu b\u0119dzie jeden z wa\u017cnych wsp\u00f3\u0142pracownik\u00f3w Wajdy \u2013 \u015bwiatowej s\u0142awy operator Pawe\u0142 Edelman! \u201eDla Andrzeja Wajdy i jego pokolenia decyduj\u0105ce znaczenie mia\u0142y do\u015bwiadczenia II wojny [&hellip;]","og_url":"https:\/\/instytutpolski.pl\/budapest\/pl\/2026\/08\/25\/diament-blasku-gwiazd-filmy-andrzeja-wajdy-w-ramach-budapesztenskiego-klasycznego-maratonu-filmowego\/","og_site_name":"Instytut Polski w Budapeszcie","article_published_time":"2026-08-25T09:49:31+00:00","article_modified_time":"2026-08-28T11:53:56+00:00","og_image":[{"width":1200,"height":1200,"url":"https:\/\/instytutpolski.pl\/budapest\/wp-content\/uploads\/sites\/21\/2026\/08\/775183692_1041558555333701_3421598603718273920_n-1.jpg","type":"image\/jpeg"}],"author":"jergert","twitter_card":"summary_large_image","twitter_misc":{"Napisane przez":"jergert","Szacowany czas czytania":"3 minuty"},"schema":{"@context":"https:\/\/schema.org","@graph":[{"@type":"event","@id":"https:\/\/instytutpolski.pl\/budapest\/pl\/2026\/08\/25\/diament-blasku-gwiazd-filmy-andrzeja-wajdy-w-ramach-budapesztenskiego-klasycznego-maratonu-filmowego\/","url":"https:\/\/instytutpolski.pl\/budapest\/pl\/2026\/08\/25\/diament-blasku-gwiazd-filmy-andrzeja-wajdy-w-ramach-budapesztenskiego-klasycznego-maratonu-filmowego\/","name":"Diament blasku gwiazd \u2013 filmy Andrzeja Wajdy na Klasycznym Maratonie Filmowym w Budapeszcie","isPartOf":{"@id":"https:\/\/instytutpolski.pl\/budapest\/#website"},"primaryImageOfPage":{"@id":"https:\/\/instytutpolski.pl\/budapest\/pl\/2026\/08\/25\/diament-blasku-gwiazd-filmy-andrzeja-wajdy-w-ramach-budapesztenskiego-klasycznego-maratonu-filmowego\/#primaryimage"},"image":["https:\/\/instytutpolski.pl\/budapest\/wp-content\/uploads\/sites\/21\/2026\/08\/775183692_1041558555333701_3421598603718273920_n-1.jpg","https:\/\/instytutpolski.pl\/budapest\/wp-content\/uploads\/sites\/21\/2026\/08\/775183692_1041558555333701_3421598603718273920_n-1-300x300.jpg","https:\/\/instytutpolski.pl\/budapest\/wp-content\/uploads\/sites\/21\/2026\/08\/775183692_1041558555333701_3421598603718273920_n-1-1024x1024.jpg","https:\/\/instytutpolski.pl\/budapest\/wp-content\/uploads\/sites\/21\/2026\/08\/775183692_1041558555333701_3421598603718273920_n-1.jpg"],"thumbnailUrl":"https:\/\/instytutpolski.pl\/budapest\/wp-content\/uploads\/sites\/21\/2026\/08\/775183692_1041558555333701_3421598603718273920_n-1.jpg","datePublished":"2026-08-25T09:49:31+02:00","dateModified":"2026-08-28T11:53:56+02:00","author":{"@id":"https:\/\/instytutpolski.pl\/budapest\/#\/schema\/person\/419f42c17704d0a78250bf0c7858df52"},"breadcrumb":{"@id":"https:\/\/instytutpolski.pl\/budapest\/pl\/2026\/08\/25\/diament-blasku-gwiazd-filmy-andrzeja-wajdy-w-ramach-budapesztenskiego-klasycznego-maratonu-filmowego\/#breadcrumb"},"inLanguage":"pl-PL","potentialAction":[{"@type":"ReadAction","target":["https:\/\/instytutpolski.pl\/budapest\/pl\/2026\/08\/25\/diament-blasku-gwiazd-filmy-andrzeja-wajdy-w-ramach-budapesztenskiego-klasycznego-maratonu-filmowego\/"]}],"@context":"https:\/\/schema.org","startDate":"2026-09-15","endDate":"2026-09-20","eventStatus":"EventScheduled","eventAttendanceMode":"OfflineEventAttendanceMode","location":{"@type":"place","name":"","address":"","geo":{"@type":"GeoCoordinates","latitude":"","longitude":""}},"description":"Odbywaj\u0105cy si\u0119 w dniach 15\u201320 wrze\u015bnia Budapeszte\u0144ski Klasyczny Maraton Filmowy uczci setn\u0105 rocznic\u0119 urodzin ANDRZEJA WAJDY, wielkiego polskiego re\u017cysera, prezentuj\u0105c siedem jego film\u00f3w. Filmy wybra\u0142 re\u017cyser Istv\u00e1n Szab\u00f3, a go\u015bciem festiwalu b\u0119dzie jeden z wa\u017cnych wsp\u00f3\u0142pracownik\u00f3w Wajdy \u2013 \u015bwiatowej s\u0142awy operator Pawe\u0142 Edelman!\n\u201eDla Andrzeja Wajdy i jego pokolenia decyduj\u0105ce znaczenie mia\u0142y do\u015bwiadczenia II wojny \u015bwiatowej, polskiego ruchu oporu, bohaterstwa narodu uczestnicz\u0105cego w powstaniu warszawskim oraz jego kl\u0119ski. Wajda, podobnie jak wielu innych tw\u00f3rc\u00f3w, widzia\u0142 jeden z najwi\u0119kszych problem\u00f3w artystycznych tej cz\u0119\u015bci \u015bwiata w nast\u0119puj\u0105cy spos\u00f3b:\n\u00bbWyj\u015b\u0107 poza kr\u0105g lokalnych problem\u00f3w i dotrze\u0107 do najwi\u0119kszych ludzkich pyta\u0144 \u2013 to przywilej najwi\u0119kszych kraj\u00f3w.\u00ab (A. Wajda)\nArty\u015bci Europy \u015arodkowo-Wschodniej od XIX wieku zmagaj\u0105 si\u0119 ze wsp\u00f3lnym problemem jednoczesnego ukazywania wymiaru narodowego i uniwersalnego ludzkiego istnienia. W obiektywnym, opartym na do\u015bwiadczeniu stwierdzeniu Wajdy pobrzmiewa r\u00f3wnie\u017c pewien b\u00f3l \u2013 zawiera si\u0119 w nim sytuacja i sprzeczno\u015bci \u017cycia w Europie Wschodniej\u201d \u2013 pisze Vera Gy\u00fcrey.\nFestiwal uczci wielkiego polskiego re\u017cysera z okazji setnej rocznicy jego urodzin, prezentuj\u0105c siedem film\u00f3w \u2013 od debiutanckiego Pokolenia z 1955 roku po nakr\u0119cony w 2007 roku Katy\u0144, b\u0119d\u0105cy wstrz\u0105saj\u0105cym rozliczeniem z przemilczan\u0105 przesz\u0142o\u015bci\u0105.\nPonadto pokazane zostan\u0105: Kana\u0142, Cz\u0142owiek z marmuru, Popi\u00f3\u0142 i diament, Danton oraz Wszystko na sprzeda\u017c.\nFilmy wybra\u0142 Istv\u00e1n Szab\u00f3, a go\u015bciem festiwalu b\u0119dzie Pawe\u0142 Edelman, jeden z wa\u017cnych wsp\u00f3\u0142pracownik\u00f3w Wajdy i operator filmu Katy\u0144.\nSzczeg\u00f3\u0142owy program sekcji Andrzeja Wajdy\u00a0\nPe\u0142ny program Budapeszte\u0144skiego Klasycznego Maratonu Filmowego mo\u017cna znale\u017a\u0107 na stronie festiwalu: www.filmmaraton.hu\nBilety mo\u017cna kupi\u0107 na stronach internetowych poszczeg\u00f3lnych miejsc projekcji.\nProjekt jest wsp\u00f3\u0142finansowany przez Ministerstwo Kultury i Dziedzictwa Narodowego Rzeczypospolitej Polskiej, Instytut Adama Mickiewicza oraz Instytut Polski w Budapeszcie. Partnerem wydarzenia jest Wytw\u00f3rnia Film\u00f3w Dokumentalnych i Fabularnych.\u00a0\nInstytut Adama Mickiewicza (IAM) \u0142\u0105czy polsk\u0105 kultur\u0119 z lud\u017ami na ca\u0142ym \u015bwiecie. Jako instytucja pa\u0144stwowa, tworzy trwa\u0142e zainteresowanie polsk\u0105 kultur\u0105 i sztuk\u0105, wzmacniaj\u0105c obecno\u015b\u0107 polskich artystek i artyst\u00f3w na globalnej scenie. Inicjuje innowacyjne projekty, wspiera mi\u0119dzynarodow\u0105 wsp\u00f3\u0142prac\u0119 oraz wymian\u0119 kulturaln\u0105. Promuje tw\u00f3rczo\u015b\u0107 zar\u00f3wno uznanych, jak i obiecuj\u0105cych tw\u00f3rc\u00f3w, ukazuj\u0105c r\u00f3\u017cnorodno\u015b\u0107 i bogactwo naszej kultury. Prowadzi tak\u017ce portal Culture.pl, stanowi\u0105cy wszechstronne \u017ar\u00f3d\u0142o wiedzy o polskiej kulturze. Wi\u0119cej informacji: www.iam.pl.\n\u00a0"},{"@type":"ImageObject","inLanguage":"pl-PL","@id":"https:\/\/instytutpolski.pl\/budapest\/pl\/2026\/08\/25\/diament-blasku-gwiazd-filmy-andrzeja-wajdy-w-ramach-budapesztenskiego-klasycznego-maratonu-filmowego\/#primaryimage","url":"https:\/\/instytutpolski.pl\/budapest\/wp-content\/uploads\/sites\/21\/2026\/08\/775183692_1041558555333701_3421598603718273920_n-1.jpg","contentUrl":"https:\/\/instytutpolski.pl\/budapest\/wp-content\/uploads\/sites\/21\/2026\/08\/775183692_1041558555333701_3421598603718273920_n-1.jpg","width":1200,"height":1200},{"@type":"BreadcrumbList","@id":"https:\/\/instytutpolski.pl\/budapest\/pl\/2026\/08\/25\/diament-blasku-gwiazd-filmy-andrzeja-wajdy-w-ramach-budapesztenskiego-klasycznego-maratonu-filmowego\/#breadcrumb","itemListElement":[{"@type":"ListItem","position":1,"name":"Home","item":"https:\/\/instytutpolski.pl\/budapest\/"},{"@type":"ListItem","position":2,"name":"Diament blasku gwiazd \u2013 filmy Andrzeja Wajdy na Klasycznym Maratonie Filmowym w Budapeszcie"}]},{"@type":"WebSite","@id":"https:\/\/instytutpolski.pl\/budapest\/#website","url":"https:\/\/instytutpolski.pl\/budapest\/","name":"Instytut Polski w Budapeszcie","description":"Instytuty Polskie","potentialAction":[{"@type":"SearchAction","target":{"@type":"EntryPoint","urlTemplate":"https:\/\/instytutpolski.pl\/budapest\/?s={search_term_string}"},"query-input":{"@type":"PropertyValueSpecification","valueRequired":true,"valueName":"search_term_string"}}],"inLanguage":"pl-PL"},{"@type":"Person","@id":"https:\/\/instytutpolski.pl\/budapest\/#\/schema\/person\/419f42c17704d0a78250bf0c7858df52","name":"jergert","image":{"@type":"ImageObject","inLanguage":"pl-PL","@id":"https:\/\/instytutpolski.pl\/budapest\/#\/schema\/person\/image\/","url":"https:\/\/secure.gravatar.com\/avatar\/8929296b454dc3d29ecb811f4703b7f3?s=96&d=mm&r=g","contentUrl":"https:\/\/secure.gravatar.com\/avatar\/8929296b454dc3d29ecb811f4703b7f3?s=96&d=mm&r=g","caption":"jergert"},"sameAs":["http:\/\/jergert","jergert"],"url":"https:\/\/instytutpolski.pl\/budapest\/author\/jergert\/"}]}},"_links":{"self":[{"href":"https:\/\/instytutpolski.pl\/budapest\/wp-json\/wp\/v2\/posts\/22391","targetHints":{"allow":["GET"]}}],"collection":[{"href":"https:\/\/instytutpolski.pl\/budapest\/wp-json\/wp\/v2\/posts"}],"about":[{"href":"https:\/\/instytutpolski.pl\/budapest\/wp-json\/wp\/v2\/types\/post"}],"author":[{"embeddable":true,"href":"https:\/\/instytutpolski.pl\/budapest\/wp-json\/wp\/v2\/users\/137"}],"replies":[{"embeddable":true,"href":"https:\/\/instytutpolski.pl\/budapest\/wp-json\/wp\/v2\/comments?post=22391"}],"version-history":[{"count":5,"href":"https:\/\/instytutpolski.pl\/budapest\/wp-json\/wp\/v2\/posts\/22391\/revisions"}],"predecessor-version":[{"id":22397,"href":"https:\/\/instytutpolski.pl\/budapest\/wp-json\/wp\/v2\/posts\/22391\/revisions\/22397"}],"wp:featuredmedia":[{"embeddable":true,"href":"https:\/\/instytutpolski.pl\/budapest\/wp-json\/wp\/v2\/media\/22388"}],"wp:attachment":[{"href":"https:\/\/instytutpolski.pl\/budapest\/wp-json\/wp\/v2\/media?parent=22391"}],"wp:term":[{"taxonomy":"category","embeddable":true,"href":"https:\/\/instytutpolski.pl\/budapest\/wp-json\/wp\/v2\/categories?post=22391"},{"taxonomy":"post_tag","embeddable":true,"href":"https:\/\/instytutpolski.pl\/budapest\/wp-json\/wp\/v2\/tags?post=22391"}],"curies":[{"name":"wp","href":"https:\/\/api.w.org\/{rel}","templated":true}]}}