{"id":22407,"date":"2026-09-01T13:07:45","date_gmt":"2026-09-01T11:07:45","guid":{"rendered":"https:\/\/instytutpolski.pl\/budapest\/?p=22407"},"modified":"2026-09-01T13:08:53","modified_gmt":"2026-09-01T11:08:53","slug":"22-cinefest-miskolci-nemzetkozi-filmfesztival","status":"publish","type":"post","link":"https:\/\/instytutpolski.pl\/budapest\/2026\/09\/01\/22-cinefest-miskolci-nemzetkozi-filmfesztival\/","title":{"rendered":"22. CineFest Miskolci Nemzetk\u00f6zi Filmfesztiv\u00e1l"},"content":{"rendered":"\n<div class=\"xdj266r x14z9mp xat24cr x1lziwak x1vvkbs x126k92a\">\n<div dir=\"auto\" style=\"text-align: justify\"><strong>A <a href=\"https:\/\/www.cinefest.hu\/\" target=\"_blank\" rel=\"noopener\">22. <span class=\"html-span xdj266r x14z9mp xat24cr x1lziwak xexx8yu xyri2b x18d9i69 x1c1uobl x1hl2dhg x16tdsg8 x1vvkbs\"><span class=\"xt0psk2\"><span class=\"xjp7ctv\">CineFest Miskolci Nemzetk\u00f6zi Filmfesztiv\u00e1l<\/span><\/span><\/span><\/a> keret\u00e9ben k\u00e9t friss \u00e9s egy klasszikus lengyel film is beker\u00fclt a programba. A Lengyel Int\u00e9zet t\u00e1mogat\u00e1s\u00e1val a V4+ versenyszekci\u00f3ban a <em>Ministr\u00e1nsok<\/em> \u00e9s a <em>P\u00e1rbaj<\/em>, a filmt\u00f6rt\u00e9neti CineClassic programsorozat keret\u00e9ben <em>A f\u00e1ra\u00f3<\/em> lesz l\u00e1that\u00f3.\u00a0<\/strong> \u00a0\u00a0<\/div>\n<\/div>\n<div dir=\"auto\">\u00a0<\/div>\n<div dir=\"auto\" style=\"text-align: justify\">A V4+ a kor\u00e1bbi East of Europe versenyszekci\u00f3 szellemis\u00e9g\u00e9t viszi tov\u00e1bb. Els\u0151sorban olyan alkot\u00e1sok szerepelnek ebben a mustr\u00e1ban, amelyek sz\u00e1munkra is j\u00f3l ismert k\u00f6rnyezetben, j\u00f3l ismert probl\u00e9m\u00e1kkal foglalkoznak, mik\u00f6zben mark\u00e1ns filmes megfogalmaz\u00e1sukkal nemzetk\u00f6zi \u00f6sszevet\u00e9sben is kiemelked\u0151k. A magyarorsz\u00e1gi orsz\u00e1gos moziforgalmaz\u00e1sb\u00f3l azonban ezek a filmek t\u00f6bbnyire kimaradnak, \u00edgy a CineFest sok esetben az egyetlen lehet\u0151s\u00e9g arra, hogy a hazai k\u00f6z\u00f6ns\u00e9g megismerje a r\u00e9gi\u00f3 filmterm\u00e9s\u00e9nek legjav\u00e1t.<\/div>\n<div class=\"xdj266r x14z9mp xat24cr x1lziwak x1vvkbs x126k92a\" style=\"text-align: justify\">\n<div dir=\"auto\">\u00a0<\/div>\n<\/div>\n<div class=\"x14z9mp xat24cr x1lziwak x1vvkbs xtlvy1s x126k92a\" style=\"text-align: justify\">\n<div dir=\"auto\"><strong>MINISTR\u00c1NSOK (Ministranci) \u00a0<\/strong><\/div>\n<div dir=\"auto\">2026. szeptember 7. \u00e9s 8.<\/div>\n<div dir=\"auto\">\u00a0<\/div>\n<div dir=\"auto\">A feln\u0151ttek \u00e9s az egyh\u00e1z, t\u00e1rsadalmi igazs\u00e1gtalans\u00e1gok ir\u00e1nti k\u00f6z\u00f6nye miatt csal\u00f3dott ministr\u00e1ns fi\u00fak szokatlan tervet eszelnek ki, hogy helyre\u00e1ll\u00edts\u00e1k a k\u00f6rny\u00e9k erk\u00f6lcsi rendj\u00e9t \u2013 lehallgat\u00f3k\u00e9sz\u00fcl\u00e9ket rejtenek a gy\u00f3ntat\u00f3sz\u00e9kbe. Zorr\u00f3nak \u00e1lc\u00e1zva, Robin Hood-i eszm\u00e9nyekt\u0151l vez\u00e9relve seg\u00edtenek a r\u00e1szorul\u00f3kon, a b\u0171n\u00f6s\u00f6ket pedig megb\u00fcntetik. Idealista k\u00fcldet\u00e9s\u00fck azonban hamarosan vesz\u00e9lyes j\u00e1t\u00e9kk\u00e1 alakul, amelyben egyre nehezebb k\u00fcl\u00f6nbs\u00e9get tenni j\u00f3 \u00e9s rossz k\u00f6z\u00f6tt. A probl\u00e9m\u00e1s k\u00fclv\u00e1ros nyers val\u00f3s\u00e1ga egy szuperh\u0151sk\u00e9preg\u00e9ny vil\u00e1g\u00e1val keveredik, ahol a f\u0151h\u0151s\u00f6k k\u00f6peny helyett karinget viselnek.<\/div>\n<div dir=\"auto\">Rendez\u0151: Piotr Domalewski<\/div>\n<\/div>\n<div dir=\"auto\">\u00a0<\/div>\n<div dir=\"auto\"><a href=\"https:\/\/www.cinefest.hu\/film\/ministransok\/\" target=\"_blank\" rel=\"noopener\">Vet\u00edt\u00e9si id\u0151pontok, jegyv\u00e1s\u00e1rl\u00e1s ITT<\/a><\/div>\n<div dir=\"auto\" style=\"text-align: justify\">\u00a0<\/div>\n<div dir=\"auto\">\u00a0<\/div>\n<div dir=\"auto\" style=\"text-align: justify\"><strong style=\"color: initial\">P\u00c1RBAJ (Pojedynek)\u00a0\u00a0<\/strong><\/div>\n<div class=\"x14z9mp xat24cr x1lziwak x1vvkbs xtlvy1s x126k92a\" style=\"text-align: justify\">\n<div dir=\"auto\">2026. szeptember 10. \u00e9s 11.<\/div>\n<div dir=\"auto\">\u00a0<\/div>\n<div dir=\"auto\">1939-et \u00edrunk, a vil\u00e1g pedig feltart\u00f3ztathatatlanul sodr\u00f3dik a h\u00e1bor\u00fa fel\u00e9. Egy egykori kolostorban lengyel foglyok ezreit tartj\u00e1k fogva a szovjetek, \u00e9s k\u00f6ny\u00f6rtelen ideol\u00f3giai \u00e1tnevel\u00e9snek vetik al\u00e1 \u0151ket. Egy ambici\u00f3zus szovjet \u00fcgyn\u00f6k becs\u00fcletbeli \u00fcgy\u00e9nek tekinti, hogy megt\u00f6rje egyik\u00fcket: a h\u00edres fiatal zongoram\u0171v\u00e9szt, akit fogolyt\u00e1rsai k\u00fcl\u00f6n\u00f6sen nagyra becs\u00fclnek. Ha \u0151 beadja a derek\u00e1t, m\u00e1sok is k\u00f6vethetik. Manipul\u00e1ci\u00f3val, fenyeget\u00e9sekkel \u00e9s hamis \u00edg\u00e9retekkel teli l\u00e9lektani p\u00e1rbaj kezd\u0151dik. Vajon a tehets\u00e9ges m\u0171v\u00e9sz, odaad\u00f3 apa \u00e9s szeret\u0151 f\u00e9rj k\u00e9pes ellen\u00e1llni ellenfel\u00e9nek?<\/div>\n<div dir=\"auto\">Rendez\u0151: \u0141ukasz Palkowski<\/div>\n<div dir=\"auto\">\u00a0<\/div>\n<\/div>\n<div dir=\"auto\"><a href=\"https:\/\/www.cinefest.hu\/film\/parbaj\/\" target=\"_blank\" rel=\"noopener\">Vet\u00edt\u00e9si id\u0151pontok, jegyv\u00e1s\u00e1rl\u00e1s ITT<\/a><\/div>\n<div dir=\"auto\">\u00a0<\/div>\n<div dir=\"auto\">\u00a0<\/div>\n<div class=\"x14z9mp xat24cr x1lziwak x1vvkbs xtlvy1s x126k92a\" style=\"text-align: justify\">\n<div dir=\"auto\"><strong style=\"color: initial\">A F\u00c1RA\u00d3 (Faraon)\u00a0\u00a0<\/strong><\/div>\n<\/div>\n<div class=\"x14z9mp xat24cr x1lziwak x1vvkbs xtlvy1s x126k92a\">\n<div dir=\"auto\" style=\"text-align: justify\">2026. szeptember 9.<\/div>\n<div dir=\"auto\" style=\"text-align: justify\">\u00a0<\/div>\n<div dir=\"auto\" style=\"text-align: justify\">Az 1960-as \u00e9vek Od\u00fcsszei\u00e1ja, sz\u00ednes sz\u00e9lesv\u00e1szn\u00fa szuperprodukci\u00f3, ami veszi a b\u00e1tors\u00e1got, hogy megid\u00e9zze az \u00f3kori Egyiptomot. Boles\u0142aw Prus reg\u00e9nye alapj\u00e1n ugyanakkor id\u0151tlen mese sz\u00fcletett politik\u00e1r\u00f3l, becsv\u00e1gyr\u00f3l, hatalomr\u00f3l \u2013 \u00e9s ez a s\u0171r\u00edt\u00e9s nagyr\u00e9szt a forgat\u00f3k\u00f6nyv\u00edr\u00f3nak, Tadeusz Konwickinak k\u00f6sz\u00f6nhet\u0151. Hatott Martin Scorses\u00e9re, Coppol\u00e1ra, de George Lucasra \u00e9s a Csillagok h\u00e1bor\u00faj\u00e1ra is. A filmet 1967-ben Oscar-d\u00edjra jel\u00f6lt\u00e9k, \u00e9s rendre felbukkan a vil\u00e1g legjobb filmjeinek list\u00e1in. Most fel\u00faj\u00edtva, nagyv\u00e1sznon \u00e9lvezhetj\u00fck.<\/div>\n<div dir=\"auto\" style=\"text-align: justify\">Rendez\u0151: Jerzy Kawalerowicz<\/div>\n<\/div>\n<div dir=\"auto\">\u00a0<\/div>\n<div dir=\"auto\"><a href=\"https:\/\/www.cinefest.hu\/film\/a-farao\/\" target=\"_blank\" rel=\"noopener\">Vet\u00edt\u00e9si id\u0151pontok, jegyv\u00e1s\u00e1rl\u00e1s ITT<\/a><\/div>\n\n\n\n<p><\/p>\n","protected":false},"excerpt":{"rendered":"<p>A 22. CineFest Miskolci Nemzetk\u00f6zi Filmfesztiv\u00e1l keret\u00e9ben k\u00e9t friss \u00e9s egy klasszikus lengyel film is beker\u00fclt a programba. A Lengyel Int\u00e9zet t\u00e1mogat\u00e1s\u00e1val a V4+ versenyszekci\u00f3ban a Ministr\u00e1nsok \u00e9s a P\u00e1rbaj, a filmt\u00f6rt\u00e9neti CineClassic programsorozat keret\u00e9ben A f\u00e1ra\u00f3 lesz l\u00e1that\u00f3.\u00a0 \u00a0\u00a0 \u00a0 A V4+ a kor\u00e1bbi East of Europe versenyszekci\u00f3 szellemis\u00e9g\u00e9t viszi tov\u00e1bb. Els\u0151sorban olyan alkot\u00e1sok [&hellip;]<\/p>\n","protected":false},"author":137,"featured_media":0,"comment_status":"open","ping_status":"open","sticky":false,"template":"","format":"standard","meta":{"inline_featured_image":false,"_monsterinsights_skip_tracking":false,"_monsterinsights_sitenote_active":false,"_monsterinsights_sitenote_note":"","_monsterinsights_sitenote_category":0,"footnotes":""},"categories":[42,1,36],"tags":[],"class_list":["post-22407","post","type-post","status-publish","format-standard","hentry","category-film","category-hirek","category-program"],"yoast_head":"<!-- This site is optimized with the Yoast SEO plugin v24.6 - https:\/\/yoast.com\/wordpress\/plugins\/seo\/ -->\n<title>22. CineFest Miskolci Nemzetk\u00f6zi Filmfesztiv\u00e1l - Instytut Polski w Budapeszcie<\/title>\n<meta name=\"robots\" content=\"index, follow, max-snippet:-1, max-image-preview:large, max-video-preview:-1\" \/>\n<link rel=\"canonical\" href=\"https:\/\/instytutpolski.pl\/budapest\/2026\/09\/01\/22-cinefest-miskolci-nemzetkozi-filmfesztival\/\" \/>\n<meta property=\"og:locale\" content=\"pl_PL\" \/>\n<meta property=\"og:type\" content=\"article\" \/>\n<meta property=\"og:title\" content=\"22. CineFest Miskolci Nemzetk\u00f6zi Filmfesztiv\u00e1l - Instytut Polski w Budapeszcie\" \/>\n<meta property=\"og:description\" content=\"A 22. CineFest Miskolci Nemzetk\u00f6zi Filmfesztiv\u00e1l keret\u00e9ben k\u00e9t friss \u00e9s egy klasszikus lengyel film is beker\u00fclt a programba. A Lengyel Int\u00e9zet t\u00e1mogat\u00e1s\u00e1val a V4+ versenyszekci\u00f3ban a Ministr\u00e1nsok \u00e9s a P\u00e1rbaj, a filmt\u00f6rt\u00e9neti CineClassic programsorozat keret\u00e9ben A f\u00e1ra\u00f3 lesz l\u00e1that\u00f3.\u00a0 \u00a0\u00a0 \u00a0 A V4+ a kor\u00e1bbi East of Europe versenyszekci\u00f3 szellemis\u00e9g\u00e9t viszi tov\u00e1bb. Els\u0151sorban olyan alkot\u00e1sok [&hellip;]\" \/>\n<meta property=\"og:url\" content=\"https:\/\/instytutpolski.pl\/budapest\/2026\/09\/01\/22-cinefest-miskolci-nemzetkozi-filmfesztival\/\" \/>\n<meta property=\"og:site_name\" content=\"Instytut Polski w Budapeszcie\" \/>\n<meta property=\"article:published_time\" content=\"2026-09-01T11:07:45+00:00\" \/>\n<meta property=\"article:modified_time\" content=\"2026-09-01T11:08:53+00:00\" \/>\n<meta name=\"author\" content=\"jergert\" \/>\n<meta name=\"twitter:card\" content=\"summary_large_image\" \/>\n<meta name=\"twitter:label1\" content=\"Napisane przez\" \/>\n\t<meta name=\"twitter:data1\" content=\"jergert\" \/>\n\t<meta name=\"twitter:label2\" content=\"Szacowany czas czytania\" \/>\n\t<meta name=\"twitter:data2\" content=\"3 minuty\" \/>\n<script type=\"application\/ld+json\" class=\"yoast-schema-graph\">{\"@context\":\"https:\/\/schema.org\",\"@graph\":[{\"@type\":\"event\",\"@id\":\"https:\/\/instytutpolski.pl\/budapest\/2026\/09\/01\/22-cinefest-miskolci-nemzetkozi-filmfesztival\/\",\"url\":\"https:\/\/instytutpolski.pl\/budapest\/2026\/09\/01\/22-cinefest-miskolci-nemzetkozi-filmfesztival\/\",\"name\":\"22. CineFest Miskolci Nemzetk\u00f6zi Filmfesztiv\u00e1l\",\"isPartOf\":{\"@id\":\"https:\/\/instytutpolski.pl\/budapest\/#website\"},\"datePublished\":\"2026-09-01T11:07:45+02:00\",\"dateModified\":\"2026-09-01T11:08:53+02:00\",\"author\":{\"@id\":\"https:\/\/instytutpolski.pl\/budapest\/#\/schema\/person\/419f42c17704d0a78250bf0c7858df52\"},\"breadcrumb\":{\"@id\":\"https:\/\/instytutpolski.pl\/budapest\/2026\/09\/01\/22-cinefest-miskolci-nemzetkozi-filmfesztival\/#breadcrumb\"},\"inLanguage\":\"pl-PL\",\"potentialAction\":[{\"@type\":\"ReadAction\",\"target\":[\"https:\/\/instytutpolski.pl\/budapest\/2026\/09\/01\/22-cinefest-miskolci-nemzetkozi-filmfesztival\/\"]}],\"@context\":\"https:\/\/schema.org\",\"startDate\":\"2026-09-04\",\"endDate\":\"2026-09-12\",\"eventStatus\":\"EventScheduled\",\"eventAttendanceMode\":\"OfflineEventAttendanceMode\",\"location\":{\"@type\":\"place\",\"name\":\"\",\"address\":\"\",\"geo\":{\"@type\":\"GeoCoordinates\",\"latitude\":\"\",\"longitude\":\"\"}},\"image\":null,\"description\":\"A 22. CineFest Miskolci Nemzetk\u00f6zi Filmfesztiv\u00e1l keret\u00e9ben k\u00e9t friss \u00e9s egy klasszikus lengyel film is beker\u00fclt a programba. A Lengyel Int\u00e9zet t\u00e1mogat\u00e1s\u00e1val a V4+ versenyszekci\u00f3ban a Ministr\u00e1nsok \u00e9s a P\u00e1rbaj, a filmt\u00f6rt\u00e9neti CineClassic programsorozat keret\u00e9ben A f\u00e1ra\u00f3 lesz l\u00e1that\u00f3.\u00a0 \u00a0\u00a0\\n\u00a0\\nA V4+ a kor\u00e1bbi East of Europe versenyszekci\u00f3 szellemis\u00e9g\u00e9t viszi tov\u00e1bb. Els\u0151sorban olyan alkot\u00e1sok szerepelnek ebben a mustr\u00e1ban, amelyek sz\u00e1munkra is j\u00f3l ismert k\u00f6rnyezetben, j\u00f3l ismert probl\u00e9m\u00e1kkal foglalkoznak, mik\u00f6zben mark\u00e1ns filmes megfogalmaz\u00e1sukkal nemzetk\u00f6zi \u00f6sszevet\u00e9sben is kiemelked\u0151k. A magyarorsz\u00e1gi orsz\u00e1gos moziforgalmaz\u00e1sb\u00f3l azonban ezek a filmek t\u00f6bbnyire kimaradnak, \u00edgy a CineFest sok esetben az egyetlen lehet\u0151s\u00e9g arra, hogy a hazai k\u00f6z\u00f6ns\u00e9g megismerje a r\u00e9gi\u00f3 filmterm\u00e9s\u00e9nek legjav\u00e1t.\\n\u00a0\\nMINISTR\u00c1NSOK (Ministranci) \u00a0\\n2026. szeptember 7. \u00e9s 8.\\n\u00a0\\nA feln\u0151ttek \u00e9s az egyh\u00e1z, t\u00e1rsadalmi igazs\u00e1gtalans\u00e1gok ir\u00e1nti k\u00f6z\u00f6nye miatt csal\u00f3dott ministr\u00e1ns fi\u00fak szokatlan tervet eszelnek ki, hogy helyre\u00e1ll\u00edts\u00e1k a k\u00f6rny\u00e9k erk\u00f6lcsi rendj\u00e9t \u2013 lehallgat\u00f3k\u00e9sz\u00fcl\u00e9ket rejtenek a gy\u00f3ntat\u00f3sz\u00e9kbe. Zorr\u00f3nak \u00e1lc\u00e1zva, Robin Hood-i eszm\u00e9nyekt\u0151l vez\u00e9relve seg\u00edtenek a r\u00e1szorul\u00f3kon, a b\u0171n\u00f6s\u00f6ket pedig megb\u00fcntetik. Idealista k\u00fcldet\u00e9s\u00fck azonban hamarosan vesz\u00e9lyes j\u00e1t\u00e9kk\u00e1 alakul, amelyben egyre nehezebb k\u00fcl\u00f6nbs\u00e9get tenni j\u00f3 \u00e9s rossz k\u00f6z\u00f6tt. A probl\u00e9m\u00e1s k\u00fclv\u00e1ros nyers val\u00f3s\u00e1ga egy szuperh\u0151sk\u00e9preg\u00e9ny vil\u00e1g\u00e1val keveredik, ahol a f\u0151h\u0151s\u00f6k k\u00f6peny helyett karinget viselnek.\\nRendez\u0151: Piotr Domalewski\\n\u00a0\\nVet\u00edt\u00e9si id\u0151pontok, jegyv\u00e1s\u00e1rl\u00e1s ITT\\n\u00a0\\n\u00a0\\nP\u00c1RBAJ (Pojedynek)\u00a0\u00a0\\n2026. szeptember 10. \u00e9s 11.\\n\u00a0\\n1939-et \u00edrunk, a vil\u00e1g pedig feltart\u00f3ztathatatlanul sodr\u00f3dik a h\u00e1bor\u00fa fel\u00e9. Egy egykori kolostorban lengyel foglyok ezreit tartj\u00e1k fogva a szovjetek, \u00e9s k\u00f6ny\u00f6rtelen ideol\u00f3giai \u00e1tnevel\u00e9snek vetik al\u00e1 \u0151ket. Egy ambici\u00f3zus szovjet \u00fcgyn\u00f6k becs\u00fcletbeli \u00fcgy\u00e9nek tekinti, hogy megt\u00f6rje egyik\u00fcket: a h\u00edres fiatal zongoram\u0171v\u00e9szt, akit fogolyt\u00e1rsai k\u00fcl\u00f6n\u00f6sen nagyra becs\u00fclnek. Ha \u0151 beadja a derek\u00e1t, m\u00e1sok is k\u00f6vethetik. Manipul\u00e1ci\u00f3val, fenyeget\u00e9sekkel \u00e9s hamis \u00edg\u00e9retekkel teli l\u00e9lektani p\u00e1rbaj kezd\u0151dik. Vajon a tehets\u00e9ges m\u0171v\u00e9sz, odaad\u00f3 apa \u00e9s szeret\u0151 f\u00e9rj k\u00e9pes ellen\u00e1llni ellenfel\u00e9nek?\\nRendez\u0151: \u0141ukasz Palkowski\\n\u00a0\\nVet\u00edt\u00e9si id\u0151pontok, jegyv\u00e1s\u00e1rl\u00e1s ITT\\n\u00a0\\n\u00a0\\nA F\u00c1RA\u00d3 (Faraon)\u00a0\u00a0\\n2026. szeptember 9.\\n\u00a0\\nAz 1960-as \u00e9vek Od\u00fcsszei\u00e1ja, sz\u00ednes sz\u00e9lesv\u00e1szn\u00fa szuperprodukci\u00f3, ami veszi a b\u00e1tors\u00e1got, hogy megid\u00e9zze az \u00f3kori Egyiptomot. Boles\u0142aw Prus reg\u00e9nye alapj\u00e1n ugyanakkor id\u0151tlen mese sz\u00fcletett politik\u00e1r\u00f3l, becsv\u00e1gyr\u00f3l, hatalomr\u00f3l \u2013 \u00e9s ez a s\u0171r\u00edt\u00e9s nagyr\u00e9szt a forgat\u00f3k\u00f6nyv\u00edr\u00f3nak, Tadeusz Konwickinak k\u00f6sz\u00f6nhet\u0151. Hatott Martin Scorses\u00e9re, Coppol\u00e1ra, de George Lucasra \u00e9s a Csillagok h\u00e1bor\u00faj\u00e1ra is. A filmet 1967-ben Oscar-d\u00edjra jel\u00f6lt\u00e9k, \u00e9s rendre felbukkan a vil\u00e1g legjobb filmjeinek list\u00e1in. Most fel\u00faj\u00edtva, nagyv\u00e1sznon \u00e9lvezhetj\u00fck.\\nRendez\u0151: Jerzy Kawalerowicz\\n\u00a0\\nVet\u00edt\u00e9si id\u0151pontok, jegyv\u00e1s\u00e1rl\u00e1s ITT\"},{\"@type\":\"BreadcrumbList\",\"@id\":\"https:\/\/instytutpolski.pl\/budapest\/2026\/09\/01\/22-cinefest-miskolci-nemzetkozi-filmfesztival\/#breadcrumb\",\"itemListElement\":[{\"@type\":\"ListItem\",\"position\":1,\"name\":\"Home\",\"item\":\"https:\/\/instytutpolski.pl\/budapest\/\"},{\"@type\":\"ListItem\",\"position\":2,\"name\":\"22. CineFest Miskolci Nemzetk\u00f6zi Filmfesztiv\u00e1l\"}]},{\"@type\":\"WebSite\",\"@id\":\"https:\/\/instytutpolski.pl\/budapest\/#website\",\"url\":\"https:\/\/instytutpolski.pl\/budapest\/\",\"name\":\"Instytut Polski w Budapeszcie\",\"description\":\"Instytuty Polskie\",\"potentialAction\":[{\"@type\":\"SearchAction\",\"target\":{\"@type\":\"EntryPoint\",\"urlTemplate\":\"https:\/\/instytutpolski.pl\/budapest\/?s={search_term_string}\"},\"query-input\":{\"@type\":\"PropertyValueSpecification\",\"valueRequired\":true,\"valueName\":\"search_term_string\"}}],\"inLanguage\":\"pl-PL\"},{\"@type\":\"Person\",\"@id\":\"https:\/\/instytutpolski.pl\/budapest\/#\/schema\/person\/419f42c17704d0a78250bf0c7858df52\",\"name\":\"jergert\",\"image\":{\"@type\":\"ImageObject\",\"inLanguage\":\"pl-PL\",\"@id\":\"https:\/\/instytutpolski.pl\/budapest\/#\/schema\/person\/image\/\",\"url\":\"https:\/\/secure.gravatar.com\/avatar\/8929296b454dc3d29ecb811f4703b7f3?s=96&d=mm&r=g\",\"contentUrl\":\"https:\/\/secure.gravatar.com\/avatar\/8929296b454dc3d29ecb811f4703b7f3?s=96&d=mm&r=g\",\"caption\":\"jergert\"},\"sameAs\":[\"http:\/\/jergert\",\"jergert\"],\"url\":\"https:\/\/instytutpolski.pl\/budapest\/author\/jergert\/\"}]}<\/script>\n<!-- \/ Yoast SEO plugin. -->","yoast_head_json":{"title":"22. CineFest Miskolci Nemzetk\u00f6zi Filmfesztiv\u00e1l - Instytut Polski w Budapeszcie","robots":{"index":"index","follow":"follow","max-snippet":"max-snippet:-1","max-image-preview":"max-image-preview:large","max-video-preview":"max-video-preview:-1"},"canonical":"https:\/\/instytutpolski.pl\/budapest\/2026\/09\/01\/22-cinefest-miskolci-nemzetkozi-filmfesztival\/","og_locale":"pl_PL","og_type":"article","og_title":"22. CineFest Miskolci Nemzetk\u00f6zi Filmfesztiv\u00e1l - Instytut Polski w Budapeszcie","og_description":"A 22. CineFest Miskolci Nemzetk\u00f6zi Filmfesztiv\u00e1l keret\u00e9ben k\u00e9t friss \u00e9s egy klasszikus lengyel film is beker\u00fclt a programba. A Lengyel Int\u00e9zet t\u00e1mogat\u00e1s\u00e1val a V4+ versenyszekci\u00f3ban a Ministr\u00e1nsok \u00e9s a P\u00e1rbaj, a filmt\u00f6rt\u00e9neti CineClassic programsorozat keret\u00e9ben A f\u00e1ra\u00f3 lesz l\u00e1that\u00f3.\u00a0 \u00a0\u00a0 \u00a0 A V4+ a kor\u00e1bbi East of Europe versenyszekci\u00f3 szellemis\u00e9g\u00e9t viszi tov\u00e1bb. Els\u0151sorban olyan alkot\u00e1sok [&hellip;]","og_url":"https:\/\/instytutpolski.pl\/budapest\/2026\/09\/01\/22-cinefest-miskolci-nemzetkozi-filmfesztival\/","og_site_name":"Instytut Polski w Budapeszcie","article_published_time":"2026-09-01T11:07:45+00:00","article_modified_time":"2026-09-01T11:08:53+00:00","author":"jergert","twitter_card":"summary_large_image","twitter_misc":{"Napisane przez":"jergert","Szacowany czas czytania":"3 minuty"},"schema":{"@context":"https:\/\/schema.org","@graph":[{"@type":"event","@id":"https:\/\/instytutpolski.pl\/budapest\/2026\/09\/01\/22-cinefest-miskolci-nemzetkozi-filmfesztival\/","url":"https:\/\/instytutpolski.pl\/budapest\/2026\/09\/01\/22-cinefest-miskolci-nemzetkozi-filmfesztival\/","name":"22. CineFest Miskolci Nemzetk\u00f6zi Filmfesztiv\u00e1l","isPartOf":{"@id":"https:\/\/instytutpolski.pl\/budapest\/#website"},"datePublished":"2026-09-01T11:07:45+02:00","dateModified":"2026-09-01T11:08:53+02:00","author":{"@id":"https:\/\/instytutpolski.pl\/budapest\/#\/schema\/person\/419f42c17704d0a78250bf0c7858df52"},"breadcrumb":{"@id":"https:\/\/instytutpolski.pl\/budapest\/2026\/09\/01\/22-cinefest-miskolci-nemzetkozi-filmfesztival\/#breadcrumb"},"inLanguage":"pl-PL","potentialAction":[{"@type":"ReadAction","target":["https:\/\/instytutpolski.pl\/budapest\/2026\/09\/01\/22-cinefest-miskolci-nemzetkozi-filmfesztival\/"]}],"@context":"https:\/\/schema.org","startDate":"2026-09-04","endDate":"2026-09-12","eventStatus":"EventScheduled","eventAttendanceMode":"OfflineEventAttendanceMode","location":{"@type":"place","name":"","address":"","geo":{"@type":"GeoCoordinates","latitude":"","longitude":""}},"image":null,"description":"A 22. CineFest Miskolci Nemzetk\u00f6zi Filmfesztiv\u00e1l keret\u00e9ben k\u00e9t friss \u00e9s egy klasszikus lengyel film is beker\u00fclt a programba. A Lengyel Int\u00e9zet t\u00e1mogat\u00e1s\u00e1val a V4+ versenyszekci\u00f3ban a Ministr\u00e1nsok \u00e9s a P\u00e1rbaj, a filmt\u00f6rt\u00e9neti CineClassic programsorozat keret\u00e9ben A f\u00e1ra\u00f3 lesz l\u00e1that\u00f3.\u00a0 \u00a0\u00a0\n\u00a0\nA V4+ a kor\u00e1bbi East of Europe versenyszekci\u00f3 szellemis\u00e9g\u00e9t viszi tov\u00e1bb. Els\u0151sorban olyan alkot\u00e1sok szerepelnek ebben a mustr\u00e1ban, amelyek sz\u00e1munkra is j\u00f3l ismert k\u00f6rnyezetben, j\u00f3l ismert probl\u00e9m\u00e1kkal foglalkoznak, mik\u00f6zben mark\u00e1ns filmes megfogalmaz\u00e1sukkal nemzetk\u00f6zi \u00f6sszevet\u00e9sben is kiemelked\u0151k. A magyarorsz\u00e1gi orsz\u00e1gos moziforgalmaz\u00e1sb\u00f3l azonban ezek a filmek t\u00f6bbnyire kimaradnak, \u00edgy a CineFest sok esetben az egyetlen lehet\u0151s\u00e9g arra, hogy a hazai k\u00f6z\u00f6ns\u00e9g megismerje a r\u00e9gi\u00f3 filmterm\u00e9s\u00e9nek legjav\u00e1t.\n\u00a0\nMINISTR\u00c1NSOK (Ministranci) \u00a0\n2026. szeptember 7. \u00e9s 8.\n\u00a0\nA feln\u0151ttek \u00e9s az egyh\u00e1z, t\u00e1rsadalmi igazs\u00e1gtalans\u00e1gok ir\u00e1nti k\u00f6z\u00f6nye miatt csal\u00f3dott ministr\u00e1ns fi\u00fak szokatlan tervet eszelnek ki, hogy helyre\u00e1ll\u00edts\u00e1k a k\u00f6rny\u00e9k erk\u00f6lcsi rendj\u00e9t \u2013 lehallgat\u00f3k\u00e9sz\u00fcl\u00e9ket rejtenek a gy\u00f3ntat\u00f3sz\u00e9kbe. Zorr\u00f3nak \u00e1lc\u00e1zva, Robin Hood-i eszm\u00e9nyekt\u0151l vez\u00e9relve seg\u00edtenek a r\u00e1szorul\u00f3kon, a b\u0171n\u00f6s\u00f6ket pedig megb\u00fcntetik. Idealista k\u00fcldet\u00e9s\u00fck azonban hamarosan vesz\u00e9lyes j\u00e1t\u00e9kk\u00e1 alakul, amelyben egyre nehezebb k\u00fcl\u00f6nbs\u00e9get tenni j\u00f3 \u00e9s rossz k\u00f6z\u00f6tt. A probl\u00e9m\u00e1s k\u00fclv\u00e1ros nyers val\u00f3s\u00e1ga egy szuperh\u0151sk\u00e9preg\u00e9ny vil\u00e1g\u00e1val keveredik, ahol a f\u0151h\u0151s\u00f6k k\u00f6peny helyett karinget viselnek.\nRendez\u0151: Piotr Domalewski\n\u00a0\nVet\u00edt\u00e9si id\u0151pontok, jegyv\u00e1s\u00e1rl\u00e1s ITT\n\u00a0\n\u00a0\nP\u00c1RBAJ (Pojedynek)\u00a0\u00a0\n2026. szeptember 10. \u00e9s 11.\n\u00a0\n1939-et \u00edrunk, a vil\u00e1g pedig feltart\u00f3ztathatatlanul sodr\u00f3dik a h\u00e1bor\u00fa fel\u00e9. Egy egykori kolostorban lengyel foglyok ezreit tartj\u00e1k fogva a szovjetek, \u00e9s k\u00f6ny\u00f6rtelen ideol\u00f3giai \u00e1tnevel\u00e9snek vetik al\u00e1 \u0151ket. Egy ambici\u00f3zus szovjet \u00fcgyn\u00f6k becs\u00fcletbeli \u00fcgy\u00e9nek tekinti, hogy megt\u00f6rje egyik\u00fcket: a h\u00edres fiatal zongoram\u0171v\u00e9szt, akit fogolyt\u00e1rsai k\u00fcl\u00f6n\u00f6sen nagyra becs\u00fclnek. Ha \u0151 beadja a derek\u00e1t, m\u00e1sok is k\u00f6vethetik. Manipul\u00e1ci\u00f3val, fenyeget\u00e9sekkel \u00e9s hamis \u00edg\u00e9retekkel teli l\u00e9lektani p\u00e1rbaj kezd\u0151dik. Vajon a tehets\u00e9ges m\u0171v\u00e9sz, odaad\u00f3 apa \u00e9s szeret\u0151 f\u00e9rj k\u00e9pes ellen\u00e1llni ellenfel\u00e9nek?\nRendez\u0151: \u0141ukasz Palkowski\n\u00a0\nVet\u00edt\u00e9si id\u0151pontok, jegyv\u00e1s\u00e1rl\u00e1s ITT\n\u00a0\n\u00a0\nA F\u00c1RA\u00d3 (Faraon)\u00a0\u00a0\n2026. szeptember 9.\n\u00a0\nAz 1960-as \u00e9vek Od\u00fcsszei\u00e1ja, sz\u00ednes sz\u00e9lesv\u00e1szn\u00fa szuperprodukci\u00f3, ami veszi a b\u00e1tors\u00e1got, hogy megid\u00e9zze az \u00f3kori Egyiptomot. Boles\u0142aw Prus reg\u00e9nye alapj\u00e1n ugyanakkor id\u0151tlen mese sz\u00fcletett politik\u00e1r\u00f3l, becsv\u00e1gyr\u00f3l, hatalomr\u00f3l \u2013 \u00e9s ez a s\u0171r\u00edt\u00e9s nagyr\u00e9szt a forgat\u00f3k\u00f6nyv\u00edr\u00f3nak, Tadeusz Konwickinak k\u00f6sz\u00f6nhet\u0151. Hatott Martin Scorses\u00e9re, Coppol\u00e1ra, de George Lucasra \u00e9s a Csillagok h\u00e1bor\u00faj\u00e1ra is. A filmet 1967-ben Oscar-d\u00edjra jel\u00f6lt\u00e9k, \u00e9s rendre felbukkan a vil\u00e1g legjobb filmjeinek list\u00e1in. Most fel\u00faj\u00edtva, nagyv\u00e1sznon \u00e9lvezhetj\u00fck.\nRendez\u0151: Jerzy Kawalerowicz\n\u00a0\nVet\u00edt\u00e9si id\u0151pontok, jegyv\u00e1s\u00e1rl\u00e1s ITT"},{"@type":"BreadcrumbList","@id":"https:\/\/instytutpolski.pl\/budapest\/2026\/09\/01\/22-cinefest-miskolci-nemzetkozi-filmfesztival\/#breadcrumb","itemListElement":[{"@type":"ListItem","position":1,"name":"Home","item":"https:\/\/instytutpolski.pl\/budapest\/"},{"@type":"ListItem","position":2,"name":"22. CineFest Miskolci Nemzetk\u00f6zi Filmfesztiv\u00e1l"}]},{"@type":"WebSite","@id":"https:\/\/instytutpolski.pl\/budapest\/#website","url":"https:\/\/instytutpolski.pl\/budapest\/","name":"Instytut Polski w Budapeszcie","description":"Instytuty Polskie","potentialAction":[{"@type":"SearchAction","target":{"@type":"EntryPoint","urlTemplate":"https:\/\/instytutpolski.pl\/budapest\/?s={search_term_string}"},"query-input":{"@type":"PropertyValueSpecification","valueRequired":true,"valueName":"search_term_string"}}],"inLanguage":"pl-PL"},{"@type":"Person","@id":"https:\/\/instytutpolski.pl\/budapest\/#\/schema\/person\/419f42c17704d0a78250bf0c7858df52","name":"jergert","image":{"@type":"ImageObject","inLanguage":"pl-PL","@id":"https:\/\/instytutpolski.pl\/budapest\/#\/schema\/person\/image\/","url":"https:\/\/secure.gravatar.com\/avatar\/8929296b454dc3d29ecb811f4703b7f3?s=96&d=mm&r=g","contentUrl":"https:\/\/secure.gravatar.com\/avatar\/8929296b454dc3d29ecb811f4703b7f3?s=96&d=mm&r=g","caption":"jergert"},"sameAs":["http:\/\/jergert","jergert"],"url":"https:\/\/instytutpolski.pl\/budapest\/author\/jergert\/"}]}},"_links":{"self":[{"href":"https:\/\/instytutpolski.pl\/budapest\/wp-json\/wp\/v2\/posts\/22407","targetHints":{"allow":["GET"]}}],"collection":[{"href":"https:\/\/instytutpolski.pl\/budapest\/wp-json\/wp\/v2\/posts"}],"about":[{"href":"https:\/\/instytutpolski.pl\/budapest\/wp-json\/wp\/v2\/types\/post"}],"author":[{"embeddable":true,"href":"https:\/\/instytutpolski.pl\/budapest\/wp-json\/wp\/v2\/users\/137"}],"replies":[{"embeddable":true,"href":"https:\/\/instytutpolski.pl\/budapest\/wp-json\/wp\/v2\/comments?post=22407"}],"version-history":[{"count":1,"href":"https:\/\/instytutpolski.pl\/budapest\/wp-json\/wp\/v2\/posts\/22407\/revisions"}],"predecessor-version":[{"id":22409,"href":"https:\/\/instytutpolski.pl\/budapest\/wp-json\/wp\/v2\/posts\/22407\/revisions\/22409"}],"wp:attachment":[{"href":"https:\/\/instytutpolski.pl\/budapest\/wp-json\/wp\/v2\/media?parent=22407"}],"wp:term":[{"taxonomy":"category","embeddable":true,"href":"https:\/\/instytutpolski.pl\/budapest\/wp-json\/wp\/v2\/categories?post=22407"},{"taxonomy":"post_tag","embeddable":true,"href":"https:\/\/instytutpolski.pl\/budapest\/wp-json\/wp\/v2\/tags?post=22407"}],"curies":[{"name":"wp","href":"https:\/\/api.w.org\/{rel}","templated":true}]}}