{"id":2892,"date":"2017-06-06T12:23:00","date_gmt":"2017-06-06T10:23:00","guid":{"rendered":"https:\/\/instytutpolski.pl\/budapest\/?p=2892"},"modified":"2020-05-06T13:32:57","modified_gmt":"2020-05-06T11:32:57","slug":"geometrikus-generaciok","status":"publish","type":"post","link":"https:\/\/instytutpolski.pl\/budapest\/2017\/06\/06\/geometrikus-generaciok\/","title":{"rendered":"GEOMETRIKUS GENER\u00c1CI\u00d3K"},"content":{"rendered":"\n<p><strong>GEOMETRIKUS GENER\u00c1CI\u00d3K<\/strong><\/p>\n<p><strong>2017. j\u00falius 21.- szeptember 3.<br \/><\/strong>FUGA Budapesti \u00c9p\u00edt\u00e9szeti K\u00f6zpont (1052 Budapest, Pet\u0151fi S\u00e1ndor u. 5.)<\/p>\n<p>Megnyit\u00f3:<strong>\u00a02017. j\u00falius 20., 19:00<\/strong><\/p>\n<p>Megnyitja<strong>: M\u00e9sz\u00e1ros Zsolt, m\u0171v\u00e9szett\u00f6rt\u00e9n\u00e9sz<\/strong><\/p>\n<p>Ki\u00e1ll\u00edt\u00f3 m\u0171v\u00e9szek:<strong>\u00a0Dob\u00f3 Krisztina, Forg\u00f3 \u00c1rp\u00e1d, Jerzy Grochocki (PL), Ha\u00e1sz Istv\u00e1n, Halmi-Horv\u00e1th Istv\u00e1n, Marafk\u00f3 Bence, Somfai Rezs\u0151<\/strong><\/p>\n<p>A ki\u00e1ll\u00edt\u00e1s a Magyarorsz\u00e1gon el\u0151sz\u00f6r szerepl\u0151 Jerzy Grochocki lengyel k\u00e9pz\u0151m\u0171v\u00e9sz \u00e9s hat magyar kort\u00e1rsa k\u00f6z\u00f6tti kapcsol\u00f3d\u00e1si pontok felkutat\u00e1s\u00e1val k\u00eds\u00e9rletet tesz az alkot\u00f3k gondolkod\u00e1sm\u00f3dj\u00e1ban felfedezhet\u0151 p\u00e1rhuzamok \u00e9s elt\u00e9r\u0151 ir\u00e1nyok felt\u00e1r\u00e1s\u00e1ra a geometrikus m\u0171v\u00e9szet ter\u00fclet\u00e9n.<\/p>\n<p><strong>Jerzy Grochocki<\/strong>\u00a0(1931) lengyel k\u00e9pz\u0151m\u0171v\u00e9sz a szisztematikus fest\u00e9szet kort\u00e1rs k\u00e9pvisel\u0151je; munk\u00e1ss\u00e1ga legink\u00e1bb Kenneth Noland, Ad Reinhardt \u00e9s Thomas Downing szisztematikus absztrakt \u00e9s ism\u00e9tl\u00e9sen alapul\u00f3 koncepci\u00f3ival hozhat\u00f3 p\u00e1rhuzamba. Grochocki a fekete, az arany, az ez\u00fcst \u00e9s a feh\u00e9r sz\u00edn-n\u00e9gyes\u00e9re \u00e9p\u00fcl\u0151 rendszerben alkot, ahol a sz\u00ednek a nyugalom, a bez\u00e1rts\u00e1g, az elk\u00fcl\u00f6n\u00fcl\u00e9s \u00e9s a feszt\u00fclts\u00e9g szimb\u00f3lumai, \u201ejelei\u201d. A n\u00e9gyzettel, mint alapform\u00e1val dolgozik, melyb\u0151l n\u00e9gy archet\u00edpust hoz l\u00e9tre. Ezekhez sz\u00edneket rendelve sz\u00fcletik meg a munk\u00e1k t\u00e9rdinamik\u00e1ja. V\u00e9gtelen egyszer\u0171s\u00e9g \u00e9s elegancia jellemzi Gorchocki munk\u00e1it, mely a sz\u00ednek \u00e9s form\u00e1k egyedi szint\u00e9zis\u00e9b\u0151l ered.<\/p>\n<p><strong>Somfai Rezs\u0151<\/strong>\u00a0(1932) p\u00e1ly\u00e1j\u00e1t a Term\u00e9szettudom\u00e1nyi M\u00fazeum ki\u00e1ll\u00edt\u00e1sainak grafikusi posztja mellett underground szabad\u00fasz\u00f3 m\u0171v\u00e9szk\u00e9nt kezdte. Az \u201956-os forradalom lever\u00e9se ut\u00e1n N\u00e9metorsz\u00e1gba emigr\u00e1lt, ahol a m\u00fcncheni M\u0171v\u00e9szeti Akad\u00e9mi\u00e1n fest\u00e9szetet tanult Jean Deyrolle oszt\u00e1ly\u00e1ban. 1962-t\u0151l hivatalosan is m\u0171v\u00e9sz, a figur\u00e1lis expressz\u00edv, majd az organikus-konkr\u00e9t, 1984-t\u0151l pedig a konstrukt\u00edv-konkr\u00e9t ir\u00e1nyzatok k\u00e9pvisel\u0151je. Festm\u00e9nyeket, objekteket \u00e9s szobrokat k\u00e9sz\u00edt. A n\u00e9gyzet, a dob\u00f3kocka, a v\u00e1zszerkezetek, fel\u00fcletek, \u00e9s az interakt\u00edv sz\u00ednelm\u00e9let foglalkoztatj\u00e1k.\u00a0 A \u201evertikal-diagonal-horizontal\u201d (f\u00fcgg\u0151leges-\u00e1tl\u00f3s-v\u00edzszintes) csoport t\u00e1rsalap\u00edt\u00f3ja,<\/p>\n<p><strong>Ha\u00e1sz Istv\u00e1n<\/strong>\u00a0(1946) h\u00e1romdimenzi\u00f3s m\u0171veinek neh\u00e9z megfelel\u0151 m\u0171faji kateg\u00f3ri\u00e1t tal\u00e1lni. Festett objektumok ugyan, de nem festm\u00e9nyek, mert hangs\u00falyozottan kiemelkednek a s\u00edkb\u00f3l; m\u00e9g kev\u00e9sb\u00e9 k\u00e9pek, mert nem k\u00e9peznek le semmit. T\u00e9rbelis\u00e9g\u00fck ellen\u00e9re se nem szobrok, se nem domborm\u0171vek: n\u00e9lk\u00fcl\u00f6zik a szoborszer\u0171s\u00e9g fogalm\u00e1hoz tartoz\u00f3 plaszticit\u00e1st, a mint\u00e1z\u00e1sb\u00f3l vagy a farag\u00e1sb\u00f3l ad\u00f3d\u00f3 szervess\u00e9get, a domborm\u0171vis\u00e9g megk\u00edv\u00e1nta dombor\u00fas\u00e1got. Install\u00e1ci\u00f3 helyett ink\u00e1bb geometrikus environment-ok &#8211; minimalist\u00e1k, konkr\u00e9tak.<\/p>\n<p><strong>Dob\u00f3 Krisztina<\/strong>\u00a0(1971) vil\u00e1gban val\u00f3 k\u00f6zleked\u00e9se sor\u00e1n megismerhetj\u00fck a fel \u00e9s le, a s\u00edk \u00e9s a t\u00e9r fogalmait, nyitott \u00e9s z\u00e1rt rendszerekkel egyszerre dolgozik. Megvan a saj\u00e1t rendszere, hogy bel\u00e9pjen a kubusba, kibontsa azt, \u00e1t\u00edrja annak eredeti ter\u00e9t, \u00fajra\u00e9rtelmezze a t\u00e1rgyat.<\/p>\n<p>Dob\u00f3 s\u00edkokb\u00f3l \u00e9p\u00edtkez\u0151 konstrukci\u00f3i statikus m\u0171vek, melyek mindegyikben jelen van a mozg\u00e1s, mobilit\u00e1s gesztusa, a kiteljesed\u00e9s, n\u00f6vekv\u00e9s energi\u00e1ja. Munk\u00e1i pulz\u00e1lnak, l\u00e9legeznek, b\u00e1rmennyire is arra vannak k\u00e9sztetve, k\u00e9nyszer\u00edtve, hogy egy fix helyet foglaljanak el a falon, a t\u00e9rben.<\/p>\n<p><strong>Forg\u00f3 \u00c1rp\u00e1d<\/strong>\u00a0(1972) a huszadik sz\u00e1zadi klasszikus modernit\u00e1snak a hatvanas \u00e9vek neoavantgard m\u0171v\u00e9szet\u00e9n \u00e1t\u00edvel\u0151 geometrikus t\u00f6rekv\u00e9seit \u00f6r\u00f6k\u00edtette \u00e1t a k\u00e9tezres \u00e9vek elej\u00e9n kibontakoz\u00f3 k\u00e9p\u00e9p\u00edt\u00e9si technik\u00e1j\u00e1ba. Geometrikus v\u00e1szon konfigur\u00e1ci\u00f3i a 2010-es \u00e9vekben er\u0151s, homog\u00e9n sz\u00ednvil\u00e1g\u00fa relief \u00e9s box-like munk\u00e1k form\u00e1j\u00e1ban kaptak t\u00e9rbeli kiterjeszt\u00e9st. Forg\u00f3 m\u0171t\u00e1rgycsoportokba rendez\u0151d\u0151 alkot\u00e1saiban a r\u00e9sz \u00e9s az eg\u00e9sz k\u00e9rd\u00e9sk\u00f6r\u00e9t m\u00e9rtani eszk\u00f6z\u00f6kkel tematiz\u00e1lja. Leg\u00fajabb form\u00e1zott v\u00e1szon munk\u00e1i festm\u00e9nyei \u00e9s relief munk\u00e1i k\u00f6z\u00f6tti \u00e1tmentet alkotj\u00e1k.<\/p>\n<p><strong>Halmi &#8211; Horv\u00e1th Istv\u00e1n\u00a0<\/strong>(1973) fest\u00e9szet\u00e9ben az addit\u00edv strukt\u00far\u00e1k t\u00e1rgyszer\u0171s\u00e9ge tal\u00e1lkozik egyedi nyelvezet\u0171 sz\u00ednkompoz\u00edci\u00f3k optikai hat\u00e1s\u00e1val. Kor\u00e1bbi munk\u00e1iban a konkr\u00e9t fest\u00e9szet m\u00e9rtani elemeit \u00fctk\u00f6ztette a geometrikus absztrakci\u00f3 optikai jelens\u00e9gekkel foglalkoz\u00f3 \u00e1g\u00e1nak j\u00e1t\u00e9koss\u00e1g\u00e1val. Leg\u00fajabb\u00a0Mozaik\u00a0sorozat\u00e1ban nem haszn\u00e1l el\u0151zetes terveket, k\u00f6zvetlen\u00fcl a v\u00e1sznon alak\u00edtja ki geometrikus form\u00e1inak egys\u00e9g\u00e9t, amelyek organikus elrendez\u00e9sben jelennek meg. Halmi meg\u00fajult fest\u00e9szeti nyelve a krist\u00e1lyok, az organikus mint\u00e1zatok, frakt\u00e1lok, form\u00e1j\u00e1nak konstrukt\u00edv, dinamikus egyedi megid\u00e9z\u00e9sei.<\/p>\n<p><strong>Marafk\u00f3 Bence<\/strong>\u00a0(1974) az elm\u00falt k\u00e9t \u00e9vtizedben a festm\u00e9nyeire jellemz\u0151 mark\u00e1ns plasztikai kialak\u00edt\u00e1sok r\u00e9v\u00e9n fest\u00e9szete eljutott a h\u00e1romdimenzi\u00f3s plasztik\u00e1v\u00e1 v\u00e1l\u00e1s hat\u00e1r\u00e1hoz. Sz\u00e1m\u00e1ra ez a \u201em\u00e1r nem-m\u00e9g nem\u201d hat\u00e1rter\u00fclet l\u00e9nyeges: m\u00e1r nem csak festm\u00e9ny, \u00e1m nem is k\u00f6rplasztika. Fest\u0151i min\u0151s\u00e9gek \u00e9s plasztikai tartalmak egy\u00fcttes, intenz\u00edv jelenl\u00e9te. A form\u00e1t, kont\u00farokat, \u00edveket \u00e9s cs\u00facsokat, k\u00fcls\u0151t \u00e9s bels\u0151t \u201ejel\u00f6l\u0151\u201d sz\u00ednek megv\u00e1ltoznak a plasztikai hat\u00e1sok r\u00e9v\u00e9n. A g\u00f6rb\u00fcletekben \u00e9s hajlatokban ugyanaz a sz\u00ednmez\u0151 vil\u00e1gosabb \u00e9s s\u00f6t\u00e9tebb sz\u00ednsk\u00e1l\u00e1ba tol\u00f3dik el, illetve a r\u00e1es\u0151 f\u00e9nyt\u0151l f\u00fcgg\u0151en a sz\u00ednek k\u00fcl\u00f6nb\u00f6z\u0151 reflexeket hoznak l\u00e9tre a k\u00e9ptesten bel\u00fcl \u00e9s k\u00edv\u00fcl. Fest\u00e9szet\u00e9nek lehets\u00e9ges m\u0171faji meghat\u00e1roz\u00e1sa: plasztikai min\u0151s\u00e9gekkel rendelkez\u0151 sz\u00ednmez\u0151 fest\u00e9szet.<\/p>\n<p>Szervez\u00e9s, koordin\u00e1ci\u00f3: Parallel M\u0171v\u00e9szeti Alap\u00edtv\u00e1ny<br \/>Egy\u00fcttm\u0171k\u00f6d\u0151 partner: FUGA Budapesti \u00c9p\u00edt\u00e9szeti K\u00f6zpont<br \/>T\u00e1mogat\u00f3: Budapesti Lengyel Int\u00e9zet, RaorgTransLog Sz\u00e1ll\u00edtm\u00e1nyoz\u00e1s<\/p>\n<p>Forr\u00e1sok: Beke L\u00e1szl\u00f3: Ha\u00e1sz Istv\u00e1n, Vince kiad\u00f3, 2007; Koz\u00e1k Csaba m\u0171v\u00e9szeti \u00edr\u00f3, 2013; Viltin Gal\u00e9ria<\/p>\n<p>&#8212;&#8212;&#8212;&#8212;&#8212;&#8212;&#8212;&#8212;&#8212;&#8212;&#8212;&#8212;&#8212;&#8212;&#8212;&#8212;&#8212;&#8212;&#8212;&#8212;&#8212;&#8212;&#8212;&#8212;&#8212;&#8212;&#8212;&#8212;&#8212;&#8212;&#8212;&#8212;-<\/p>\n<p><strong>M\u00e9sz\u00e1ros Zsolt\u00a0<\/strong><strong>m\u0171v\u00e9szett\u00f6rt\u00e9n\u00e9sz megny<\/strong>\u00edt\u00f3 besz\u00e9de:<\/p>\n<p>Jelen ki\u00e1ll\u00edt\u00e1s sz\u00ednh\u00e1zi kifejez\u00e9ssel \u00e9lve \u201e\u0151sbemutat\u00f3nak\u201d tekinthet\u0151, mivel Jerzy Grochocki m\u0171v\u00e9szete el\u0151sz\u00f6r mutatkozik be Magyarorsz\u00e1gon. Az Egyes\u00fclt \u00c1llamokban, illetve Lengyelorsz\u00e1gban \u00e9l\u0151 \u00e9s dolgoz\u00f3 alkot\u00f3 p\u00e1ly\u00e1ja az 1960-as \u00e9vek k\u00f6zep\u00e9t\u0151l indult, \u00e9s az \u00fagynevezett szisztematikus absztrakci\u00f3 nemzetk\u00f6zileg jegyzett, illusztris k\u00e9pvisel\u0151jek\u00e9nt tartj\u00e1k sz\u00e1mon. Munk\u00e1ss\u00e1ga a konstruktivizmusban, a minimalizmusban \u00e9s a konkr\u00e9t m\u0171v\u00e9szetben gy\u00f6kerezve, az \u00e1ltala \u2013 a s\u00edk \u00e9s a t\u00e9r elemz\u00e9s\u00e9re \u2013 kidolgozott komplex rendszer keret\u00e9ben bomlott ki. Tiszta strukt\u00far\u00e1ira a n\u00e9gyzet, a n\u00e9gyzeth\u00e1l\u00f3, a fekete, az arany, az ez\u00fcst, \u00e9s a feh\u00e9r sz\u00edn n\u00e9gyese, a ritmus, a t\u00f6mb- \u00e9s reliefszer\u0171s\u00e9g jellemz\u0151. Az architektur\u00e1lis all\u00fazi\u00f3k nem v\u00e9letlenek, hiszen Grochocki el\u0151sz\u00f6r \u00e9p\u00edt\u00e9szk\u00e9nt v\u00e9gzett Vars\u00f3ban, majd ut\u00e1na k\u00e9pz\u0151m\u0171v\u00e9szk\u00e9nt. Egyszer\u0171s\u00edt\u00e9sre, valamint a term\u00e9szet \u00e9s a geometrikus logika szint\u00e9zis\u00e9re t\u00f6rekszik. Ebben a folyamatban pedig a tudatoss\u00e1g, a tud\u00e1s mellett az intu\u00edci\u00f3 is nagy szerepet kap. A t\u00e1rsm\u0171v\u00e9szetb\u0151l hozva p\u00e1rhuzamot, Grochocki saj\u00e1t t\u00f6rekv\u00e9seivel kapcsolatban Bart\u00f3kot \u00e9s Webernt eml\u00edti anal\u00f3gi\u00e1kk\u00e9nt, akiknek zen\u00e9j\u00e9vel m\u00e9ly rokons\u00e1got \u00e9rez.<\/p>\n<p>A jelen ki\u00e1ll\u00edt\u00e1sban azonban nemcsak Grochocki m\u0171vei szerepelnek, hanem a rendez\u0151k \u00e9rt\u0151 v\u00e1logat\u00e1s\u00e1nak k\u00f6sz\u00f6nhet\u0151en hat magyar kort\u00e1rs m\u0171v\u00e9sz alkot\u00e1sai is helyet kaptak, ami k\u00f6z\u00f6s besz\u00e9lget\u00e9st eredm\u00e9nyezett: a m\u0171vek felelgetnek egym\u00e1snak, t\u00e1rsalognak, eszm\u00e9t cser\u00e9lnek.<\/p>\n<p>Marafk\u00f3 Bence objektjeiben a koncentrikus kompon\u00e1l\u00e1s, az egym\u00e1st befoglal\u00f3 k\u00f6r \u00e9s n\u00e9gyzetes form\u00e1k sora nemhogy sz\u0171k\u00edti, hanem \u00e9ppen kit\u00e1g\u00edtja a teret. A m\u00e1sik teremben tal\u00e1lhat\u00f3 \u00faj, a kor\u00e1bbiakhoz k\u00e9pest elt\u00e9r\u0151en, hossz\u00fak\u00e1s alak\u00fa munk\u00e1ja szint\u00e9n a v\u00e9gtelens\u00e9g \u00e9rzet\u00e9t kelti. Mindkett\u0151 eset\u00e9ben sz\u00ednreflexek \u00e9s plasztikai min\u0151s\u00e9gek kapnak hangs\u00falyt. Halmi-Horv\u00e1th Istv\u00e1n finoman kidolgozott, \u00e9p\u00edt\u00e9szeti hat\u00e1s\u00fa fareliefjei els\u0151re tal\u00e1n meglepheti azokat a l\u00e1togat\u00f3kat, akik fest\u0151k\u00e9nt ismerik \u0151t. De, ha szem\u00fcgyre vessz\u00fck a ki\u00e1ll\u00edtott m\u0171veket, egyb\u0151l kider\u00fcl, hogy szervesen kapcsol\u00f3dnak alkot\u00f3i t\u00f6rekv\u00e9seihez; plasztik\u00e1ban gondolja tov\u00e1bb saj\u00e1t fest\u00e9szeti kutat\u00e1sait, ami a k\u00fcl\u00f6nb\u00f6z\u0151 mint\u00e1zatok \u00e9s monokr\u00f3m strukt\u00far\u00e1k fel\u00e9 ir\u00e1nyulnak. Somfai Rezs\u0151 k\u00e9panal\u00edzise sz\u00edntanon \u00e9s annak t\u00e9ri aspektusainak k\u00f6vetkezetes vizsg\u00e1lat\u00e1n alapul. A sz\u00ednek hat\u00e1s\u00e1val, kezel\u00e9si m\u00f3djaival, funkci\u00f3ival, valamint az elemek \u00e9s a fel\u00fcletek interakci\u00f3ival foglalkozik. Tov\u00e1bb\u00e1 letisztult n\u00e9gyzetes strukt\u00far\u00e1i a k\u00fcl\u00f6nb\u00f6z\u0151 n\u00e9zeteket is j\u00e1t\u00e9kba hozz\u00e1k. Ha\u00e1sz Istv\u00e1n m\u0171v\u00e9szete szint\u00e9n hat\u00e1rter\u00fcleten mozog, m\u0171veit geometrikus environmenteknek tekinti, amelyekn\u00e9l t\u00f6bbek k\u00f6z\u00f6tt a t\u00f6meg, a t\u00e9r, a monokromit\u00e1s (eset\u00e9ben a s\u00e1rga, \u00e9s annak k\u00fcl\u00f6nf\u00e9le \u00e1rnyalata) j\u00e1tszik szerepet. A lev\u00e1l\u00f3, kiny\u00edl\u00f3, \u00f6sszecsuk\u00f3d\u00f3 form\u00e1k \u00e9s az ezek r\u00e9v\u00e9n l\u00e9trej\u00f6v\u0151 f\u00e9ny-\u00e1rny\u00e9k jelens\u00e9gek a nyitotts\u00e1g \u00e9s a z\u00e1rts\u00e1g dinamik\u00e1j\u00e1t m\u0171k\u00f6dtetik. Forg\u00f3 \u00c1rp\u00e1d form\u00e1zott v\u00e1sznainak ritmikusan jelentkez\u0151 kit\u00fcremked\u00e9sei kifinomult optikai \u00e9s t\u00e9ri hat\u00e1sokkal oper\u00e1lnak. Tov\u00e1bb\u00e1 az egyes elemek illeszt\u00e9sein\u00e9l filccs\u00edkokra lehet\u00fcnk figyelmesek. Ezek egyr\u00e9szt felosztj\u00e1k, tagolj\u00e1k a kompoz\u00edci\u00f3t, m\u00e1sr\u00e9szt sz\u00ednt jelentenek, ugyanakkor t\u00e1rsul hozz\u00e1juk egy harmadik funkci\u00f3 is, az anyagszer\u0171s\u00e9g; a filc tapint\u00e1sra ingerl\u0151 puhas\u00e1ga \u00e9s a v\u00e1szon t\u00fck\u00f6rsima fesz\u00fcl\u00e9se izgalmas kontrasztot alkot. Dob\u00f3 Krisztin\u00e1n\u00e1l m\u00e1s kontextusba ker\u00fclnek a geometrikus formanyelv olyan j\u00f3l ismert komponensei, mint az alapsz\u00ednek (eset\u00e9ben a feh\u00e9r \u00e9s a v\u00f6r\u00f6s), a n\u00e9gyzeth\u00e1l\u00f3k, a minimalista jegyek. A kilyuggatott v\u00e1szon, a nem matt \u00e9s homog\u00e9n fel\u00fclet, illetve a kompoz\u00edci\u00f3 f\u0151szerepl\u0151je az id\u00e9z\u0151jel felid\u00e9zi, kimozd\u00edtja, j\u00e1t\u00e9kba hozza az absztrakci\u00f3 geometrikus hagyom\u00e1nyait, \u00e9s \u00f6sszenyitja a posztmodern szeml\u00e9lettel.<\/p>\n<p>A ki\u00e1ll\u00edt\u00e1s h\u00e9t r\u00e9sztvev\u0151j\u00e9n\u00e9l egyar\u00e1nt jellemz\u0151 a hat\u00e1rter\u00fcleteken val\u00f3 mozg\u00e1s (t\u00f6bbek k\u00f6z\u00f6tt a fest\u00e9szet \u00e9s a szobr\u00e1szat k\u00f6z\u00f6tti \u00e1tj\u00e1r\u00e1s), tov\u00e1bb\u00e1 a geometrikus vizu\u00e1lis nyelv, az optikai kutat\u00e1s, a matematikai ar\u00e1nyrendszer, az ism\u00e9tl\u0151d\u00e9s gyakorlata, a sz\u00ednelm\u00e9let, az egyens\u00faly \u00e9s a dinamika viszonya. Mindegyik\u00fck hozz\u00e1teszi a mag\u00e1\u00e9t, tov\u00e1bbf\u0171zi, kieg\u00e9sz\u00edti, hozz\u00e1sz\u00f3l, m\u00e1sfel\u00e9 bontja ki. Kor\u00e1bban eml\u00edtettem, hogy a ki\u00e1ll\u00edtott m\u0171vek egy\u00fcttese egyfajta k\u00f6z\u00f6s besz\u00e9lget\u00e9sk\u00e9nt m\u0171k\u00f6dik. Nem kiab\u00e1lja t\u00fal az egyik a m\u00e1sikat, nem v\u00e1gnak egym\u00e1s szav\u00e1ba, ugyanakkor nem is simulnak \u00f6ssze megad\u00f3n. Igazi szimpozion a s\u00edkr\u00f3l, a t\u00e9rr\u0151l \u00e9s a sz\u00ednr\u0151l. Olyan vizu\u00e1lis \u00e9s szellemi eszmecsere, amit\u0151l a m\u0171vek, a m\u0171v\u00e9szek \u00e9s a l\u00e1togat\u00f3k egyar\u00e1nt gazdagodnak.<\/p>\n","protected":false},"excerpt":{"rendered":"<p>GEOMETRIKUS GENER\u00c1CI\u00d3K 2017. j\u00falius 21.- szeptember 3.FUGA Budapesti \u00c9p\u00edt\u00e9szeti K\u00f6zpont (1052 Budapest, Pet\u0151fi S\u00e1ndor u. 5.) Megnyit\u00f3:\u00a02017. j\u00falius 20., 19:00 Megnyitja: M\u00e9sz\u00e1ros Zsolt, m\u0171v\u00e9szett\u00f6rt\u00e9n\u00e9sz Ki\u00e1ll\u00edt\u00f3 m\u0171v\u00e9szek:\u00a0Dob\u00f3 Krisztina, Forg\u00f3 \u00c1rp\u00e1d, Jerzy Grochocki (PL), Ha\u00e1sz Istv\u00e1n, Halmi-Horv\u00e1th Istv\u00e1n, Marafk\u00f3 Bence, Somfai Rezs\u0151 A ki\u00e1ll\u00edt\u00e1s a Magyarorsz\u00e1gon el\u0151sz\u00f6r szerepl\u0151 Jerzy Grochocki lengyel k\u00e9pz\u0151m\u0171v\u00e9sz \u00e9s hat magyar kort\u00e1rsa k\u00f6z\u00f6tti [&hellip;]<\/p>\n","protected":false},"author":68,"featured_media":2893,"comment_status":"open","ping_status":"open","sticky":false,"template":"","format":"standard","meta":{"inline_featured_image":false,"_monsterinsights_skip_tracking":false,"_monsterinsights_sitenote_active":false,"_monsterinsights_sitenote_note":"","_monsterinsights_sitenote_category":0,"footnotes":""},"categories":[48,36],"tags":[],"class_list":["post-2892","post","type-post","status-publish","format-standard","has-post-thumbnail","hentry","category-kiallitas","category-program"],"yoast_head":"<!-- This site is optimized with the Yoast SEO plugin v24.6 - https:\/\/yoast.com\/wordpress\/plugins\/seo\/ -->\n<title>GEOMETRIKUS GENER\u00c1CI\u00d3K - Instytut Polski w Budapeszcie<\/title>\n<meta name=\"robots\" content=\"index, follow, max-snippet:-1, max-image-preview:large, max-video-preview:-1\" \/>\n<link rel=\"canonical\" href=\"https:\/\/instytutpolski.pl\/budapest\/2017\/06\/06\/geometrikus-generaciok\/\" \/>\n<meta property=\"og:locale\" content=\"pl_PL\" \/>\n<meta property=\"og:type\" content=\"article\" \/>\n<meta property=\"og:title\" content=\"GEOMETRIKUS GENER\u00c1CI\u00d3K - Instytut Polski w Budapeszcie\" \/>\n<meta property=\"og:description\" content=\"GEOMETRIKUS GENER\u00c1CI\u00d3K 2017. j\u00falius 21.- szeptember 3.FUGA Budapesti \u00c9p\u00edt\u00e9szeti K\u00f6zpont (1052 Budapest, Pet\u0151fi S\u00e1ndor u. 5.) Megnyit\u00f3:\u00a02017. j\u00falius 20., 19:00 Megnyitja: M\u00e9sz\u00e1ros Zsolt, m\u0171v\u00e9szett\u00f6rt\u00e9n\u00e9sz Ki\u00e1ll\u00edt\u00f3 m\u0171v\u00e9szek:\u00a0Dob\u00f3 Krisztina, Forg\u00f3 \u00c1rp\u00e1d, Jerzy Grochocki (PL), Ha\u00e1sz Istv\u00e1n, Halmi-Horv\u00e1th Istv\u00e1n, Marafk\u00f3 Bence, Somfai Rezs\u0151 A ki\u00e1ll\u00edt\u00e1s a Magyarorsz\u00e1gon el\u0151sz\u00f6r szerepl\u0151 Jerzy Grochocki lengyel k\u00e9pz\u0151m\u0171v\u00e9sz \u00e9s hat magyar kort\u00e1rsa k\u00f6z\u00f6tti [&hellip;]\" \/>\n<meta property=\"og:url\" content=\"https:\/\/instytutpolski.pl\/budapest\/2017\/06\/06\/geometrikus-generaciok\/\" \/>\n<meta property=\"og:site_name\" content=\"Instytut Polski w Budapeszcie\" \/>\n<meta property=\"article:published_time\" content=\"2017-06-06T10:23:00+00:00\" \/>\n<meta property=\"article:modified_time\" content=\"2020-05-06T11:32:57+00:00\" \/>\n<meta property=\"og:image\" content=\"https:\/\/instytutpolski.pl\/budapest\/wp-content\/uploads\/sites\/21\/2020\/02\/geometrikus-gener\u00e1ci\u00f3k.png\" \/>\n\t<meta property=\"og:image:width\" content=\"350\" \/>\n\t<meta property=\"og:image:height\" content=\"228\" \/>\n\t<meta property=\"og:image:type\" content=\"image\/png\" \/>\n<meta name=\"author\" content=\"felvidekie\" \/>\n<meta name=\"twitter:card\" content=\"summary_large_image\" \/>\n<meta name=\"twitter:label1\" content=\"Napisane przez\" \/>\n\t<meta name=\"twitter:data1\" content=\"felvidekie\" \/>\n\t<meta name=\"twitter:label2\" content=\"Szacowany czas czytania\" \/>\n\t<meta name=\"twitter:data2\" content=\"10 minut\" \/>\n<script type=\"application\/ld+json\" class=\"yoast-schema-graph\">{\"@context\":\"https:\/\/schema.org\",\"@graph\":[{\"@type\":\"event\",\"@id\":\"https:\/\/instytutpolski.pl\/budapest\/2017\/06\/06\/geometrikus-generaciok\/\",\"url\":\"https:\/\/instytutpolski.pl\/budapest\/2017\/06\/06\/geometrikus-generaciok\/\",\"name\":\"GEOMETRIKUS GENER\u00c1CI\u00d3K\",\"isPartOf\":{\"@id\":\"https:\/\/instytutpolski.pl\/budapest\/#website\"},\"primaryImageOfPage\":{\"@id\":\"https:\/\/instytutpolski.pl\/budapest\/2017\/06\/06\/geometrikus-generaciok\/#primaryimage\"},\"image\":[\"https:\/\/instytutpolski.pl\/budapest\/wp-content\/uploads\/sites\/21\/2020\/02\/geometrikus-gener\u00e1ci\u00f3k.png\",\"https:\/\/instytutpolski.pl\/budapest\/wp-content\/uploads\/sites\/21\/2020\/02\/geometrikus-gener\u00e1ci\u00f3k-300x195.png\",\"https:\/\/instytutpolski.pl\/budapest\/wp-content\/uploads\/sites\/21\/2020\/02\/geometrikus-gener\u00e1ci\u00f3k.png\",\"https:\/\/instytutpolski.pl\/budapest\/wp-content\/uploads\/sites\/21\/2020\/02\/geometrikus-gener\u00e1ci\u00f3k.png\"],\"thumbnailUrl\":\"https:\/\/instytutpolski.pl\/budapest\/wp-content\/uploads\/sites\/21\/2020\/02\/geometrikus-gener\u00e1ci\u00f3k.png\",\"datePublished\":\"2017-06-06T10:23:00+02:00\",\"dateModified\":\"2020-05-06T11:32:57+02:00\",\"author\":{\"@id\":\"https:\/\/instytutpolski.pl\/budapest\/#\/schema\/person\/c32972170e1c8bb4ddd4918967161d9f\"},\"breadcrumb\":{\"@id\":\"https:\/\/instytutpolski.pl\/budapest\/2017\/06\/06\/geometrikus-generaciok\/#breadcrumb\"},\"inLanguage\":\"pl-PL\",\"potentialAction\":[{\"@type\":\"ReadAction\",\"target\":[\"https:\/\/instytutpolski.pl\/budapest\/2017\/06\/06\/geometrikus-generaciok\/\"]}],\"@context\":\"https:\/\/schema.org\",\"startDate\":\"2017-07-20\",\"endDate\":\"2017-09-03\",\"eventStatus\":\"EventScheduled\",\"eventAttendanceMode\":\"OfflineEventAttendanceMode\",\"location\":{\"@type\":\"place\",\"name\":\"FUGA BUDAPESTI \u00c9P\u00cdT\u00c9SZETI K\u00d6ZPONT\",\"address\":\"FUGA BUDAPESTI \u00c9P\u00cdT\u00c9SZETI K\u00d6ZPONT\",\"geo\":{\"@type\":\"GeoCoordinates\",\"latitude\":\"47.92565760000001\",\"longitude\":\"18.764595200000002\"}},\"description\":\"GEOMETRIKUS GENER\u00c1CI\u00d3K\\n2017. j\u00falius 21.- szeptember 3.FUGA Budapesti \u00c9p\u00edt\u00e9szeti K\u00f6zpont (1052 Budapest, Pet\u0151fi S\u00e1ndor u. 5.)\\nMegnyit\u00f3:\u00a02017. j\u00falius 20., 19:00\\nMegnyitja: M\u00e9sz\u00e1ros Zsolt, m\u0171v\u00e9szett\u00f6rt\u00e9n\u00e9sz\\nKi\u00e1ll\u00edt\u00f3 m\u0171v\u00e9szek:\u00a0Dob\u00f3 Krisztina, Forg\u00f3 \u00c1rp\u00e1d, Jerzy Grochocki (PL), Ha\u00e1sz Istv\u00e1n, Halmi-Horv\u00e1th Istv\u00e1n, Marafk\u00f3 Bence, Somfai Rezs\u0151\\nA ki\u00e1ll\u00edt\u00e1s a Magyarorsz\u00e1gon el\u0151sz\u00f6r szerepl\u0151 Jerzy Grochocki lengyel k\u00e9pz\u0151m\u0171v\u00e9sz \u00e9s hat magyar kort\u00e1rsa k\u00f6z\u00f6tti kapcsol\u00f3d\u00e1si pontok felkutat\u00e1s\u00e1val k\u00eds\u00e9rletet tesz az alkot\u00f3k gondolkod\u00e1sm\u00f3dj\u00e1ban felfedezhet\u0151 p\u00e1rhuzamok \u00e9s elt\u00e9r\u0151 ir\u00e1nyok felt\u00e1r\u00e1s\u00e1ra a geometrikus m\u0171v\u00e9szet ter\u00fclet\u00e9n.\\nJerzy Grochocki\u00a0(1931) lengyel k\u00e9pz\u0151m\u0171v\u00e9sz a szisztematikus fest\u00e9szet kort\u00e1rs k\u00e9pvisel\u0151je; munk\u00e1ss\u00e1ga legink\u00e1bb Kenneth Noland, Ad Reinhardt \u00e9s Thomas Downing szisztematikus absztrakt \u00e9s ism\u00e9tl\u00e9sen alapul\u00f3 koncepci\u00f3ival hozhat\u00f3 p\u00e1rhuzamba. Grochocki a fekete, az arany, az ez\u00fcst \u00e9s a feh\u00e9r sz\u00edn-n\u00e9gyes\u00e9re \u00e9p\u00fcl\u0151 rendszerben alkot, ahol a sz\u00ednek a nyugalom, a bez\u00e1rts\u00e1g, az elk\u00fcl\u00f6n\u00fcl\u00e9s \u00e9s a feszt\u00fclts\u00e9g szimb\u00f3lumai, \u201ejelei\u201d. A n\u00e9gyzettel, mint alapform\u00e1val dolgozik, melyb\u0151l n\u00e9gy archet\u00edpust hoz l\u00e9tre. Ezekhez sz\u00edneket rendelve sz\u00fcletik meg a munk\u00e1k t\u00e9rdinamik\u00e1ja. V\u00e9gtelen egyszer\u0171s\u00e9g \u00e9s elegancia jellemzi Gorchocki munk\u00e1it, mely a sz\u00ednek \u00e9s form\u00e1k egyedi szint\u00e9zis\u00e9b\u0151l ered.\\nSomfai Rezs\u0151\u00a0(1932) p\u00e1ly\u00e1j\u00e1t a Term\u00e9szettudom\u00e1nyi M\u00fazeum ki\u00e1ll\u00edt\u00e1sainak grafikusi posztja mellett underground szabad\u00fasz\u00f3 m\u0171v\u00e9szk\u00e9nt kezdte. Az \u201956-os forradalom lever\u00e9se ut\u00e1n N\u00e9metorsz\u00e1gba emigr\u00e1lt, ahol a m\u00fcncheni M\u0171v\u00e9szeti Akad\u00e9mi\u00e1n fest\u00e9szetet tanult Jean Deyrolle oszt\u00e1ly\u00e1ban. 1962-t\u0151l hivatalosan is m\u0171v\u00e9sz, a figur\u00e1lis expressz\u00edv, majd az organikus-konkr\u00e9t, 1984-t\u0151l pedig a konstrukt\u00edv-konkr\u00e9t ir\u00e1nyzatok k\u00e9pvisel\u0151je. Festm\u00e9nyeket, objekteket \u00e9s szobrokat k\u00e9sz\u00edt. A n\u00e9gyzet, a dob\u00f3kocka, a v\u00e1zszerkezetek, fel\u00fcletek, \u00e9s az interakt\u00edv sz\u00ednelm\u00e9let foglalkoztatj\u00e1k.\u00a0 A \u201evertikal-diagonal-horizontal\u201d (f\u00fcgg\u0151leges-\u00e1tl\u00f3s-v\u00edzszintes) csoport t\u00e1rsalap\u00edt\u00f3ja,\\nHa\u00e1sz Istv\u00e1n\u00a0(1946) h\u00e1romdimenzi\u00f3s m\u0171veinek neh\u00e9z megfelel\u0151 m\u0171faji kateg\u00f3ri\u00e1t tal\u00e1lni. Festett objektumok ugyan, de nem festm\u00e9nyek, mert hangs\u00falyozottan kiemelkednek a s\u00edkb\u00f3l; m\u00e9g kev\u00e9sb\u00e9 k\u00e9pek, mert nem k\u00e9peznek le semmit. T\u00e9rbelis\u00e9g\u00fck ellen\u00e9re se nem szobrok, se nem domborm\u0171vek: n\u00e9lk\u00fcl\u00f6zik a szoborszer\u0171s\u00e9g fogalm\u00e1hoz tartoz\u00f3 plaszticit\u00e1st, a mint\u00e1z\u00e1sb\u00f3l vagy a farag\u00e1sb\u00f3l ad\u00f3d\u00f3 szervess\u00e9get, a domborm\u0171vis\u00e9g megk\u00edv\u00e1nta dombor\u00fas\u00e1got. Install\u00e1ci\u00f3 helyett ink\u00e1bb geometrikus environment-ok - minimalist\u00e1k, konkr\u00e9tak.\\nDob\u00f3 Krisztina\u00a0(1971) vil\u00e1gban val\u00f3 k\u00f6zleked\u00e9se sor\u00e1n megismerhetj\u00fck a fel \u00e9s le, a s\u00edk \u00e9s a t\u00e9r fogalmait, nyitott \u00e9s z\u00e1rt rendszerekkel egyszerre dolgozik. Megvan a saj\u00e1t rendszere, hogy bel\u00e9pjen a kubusba, kibontsa azt, \u00e1t\u00edrja annak eredeti ter\u00e9t, \u00fajra\u00e9rtelmezze a t\u00e1rgyat.\\nDob\u00f3 s\u00edkokb\u00f3l \u00e9p\u00edtkez\u0151 konstrukci\u00f3i statikus m\u0171vek, melyek mindegyikben jelen van a mozg\u00e1s, mobilit\u00e1s gesztusa, a kiteljesed\u00e9s, n\u00f6vekv\u00e9s energi\u00e1ja. Munk\u00e1i pulz\u00e1lnak, l\u00e9legeznek, b\u00e1rmennyire is arra vannak k\u00e9sztetve, k\u00e9nyszer\u00edtve, hogy egy fix helyet foglaljanak el a falon, a t\u00e9rben.\\nForg\u00f3 \u00c1rp\u00e1d\u00a0(1972) a huszadik sz\u00e1zadi klasszikus modernit\u00e1snak a hatvanas \u00e9vek neoavantgard m\u0171v\u00e9szet\u00e9n \u00e1t\u00edvel\u0151 geometrikus t\u00f6rekv\u00e9seit \u00f6r\u00f6k\u00edtette \u00e1t a k\u00e9tezres \u00e9vek elej\u00e9n kibontakoz\u00f3 k\u00e9p\u00e9p\u00edt\u00e9si technik\u00e1j\u00e1ba. Geometrikus v\u00e1szon konfigur\u00e1ci\u00f3i a 2010-es \u00e9vekben er\u0151s, homog\u00e9n sz\u00ednvil\u00e1g\u00fa relief \u00e9s box-like munk\u00e1k form\u00e1j\u00e1ban kaptak t\u00e9rbeli kiterjeszt\u00e9st. Forg\u00f3 m\u0171t\u00e1rgycsoportokba rendez\u0151d\u0151 alkot\u00e1saiban a r\u00e9sz \u00e9s az eg\u00e9sz k\u00e9rd\u00e9sk\u00f6r\u00e9t m\u00e9rtani eszk\u00f6z\u00f6kkel tematiz\u00e1lja. Leg\u00fajabb form\u00e1zott v\u00e1szon munk\u00e1i festm\u00e9nyei \u00e9s relief munk\u00e1i k\u00f6z\u00f6tti \u00e1tmentet alkotj\u00e1k.\\nHalmi - Horv\u00e1th Istv\u00e1n\u00a0(1973) fest\u00e9szet\u00e9ben az addit\u00edv strukt\u00far\u00e1k t\u00e1rgyszer\u0171s\u00e9ge tal\u00e1lkozik egyedi nyelvezet\u0171 sz\u00ednkompoz\u00edci\u00f3k optikai hat\u00e1s\u00e1val. Kor\u00e1bbi munk\u00e1iban a konkr\u00e9t fest\u00e9szet m\u00e9rtani elemeit \u00fctk\u00f6ztette a geometrikus absztrakci\u00f3 optikai jelens\u00e9gekkel foglalkoz\u00f3 \u00e1g\u00e1nak j\u00e1t\u00e9koss\u00e1g\u00e1val. Leg\u00fajabb\u00a0Mozaik\u00a0sorozat\u00e1ban nem haszn\u00e1l el\u0151zetes terveket, k\u00f6zvetlen\u00fcl a v\u00e1sznon alak\u00edtja ki geometrikus form\u00e1inak egys\u00e9g\u00e9t, amelyek organikus elrendez\u00e9sben jelennek meg. Halmi meg\u00fajult fest\u00e9szeti nyelve a krist\u00e1lyok, az organikus mint\u00e1zatok, frakt\u00e1lok, form\u00e1j\u00e1nak konstrukt\u00edv, dinamikus egyedi megid\u00e9z\u00e9sei.\\nMarafk\u00f3 Bence\u00a0(1974) az elm\u00falt k\u00e9t \u00e9vtizedben a festm\u00e9nyeire jellemz\u0151 mark\u00e1ns plasztikai kialak\u00edt\u00e1sok r\u00e9v\u00e9n fest\u00e9szete eljutott a h\u00e1romdimenzi\u00f3s plasztik\u00e1v\u00e1 v\u00e1l\u00e1s hat\u00e1r\u00e1hoz. Sz\u00e1m\u00e1ra ez a \u201em\u00e1r nem-m\u00e9g nem\u201d hat\u00e1rter\u00fclet l\u00e9nyeges: m\u00e1r nem csak festm\u00e9ny, \u00e1m nem is k\u00f6rplasztika. Fest\u0151i min\u0151s\u00e9gek \u00e9s plasztikai tartalmak egy\u00fcttes, intenz\u00edv jelenl\u00e9te. A form\u00e1t, kont\u00farokat, \u00edveket \u00e9s cs\u00facsokat, k\u00fcls\u0151t \u00e9s bels\u0151t \u201ejel\u00f6l\u0151\u201d sz\u00ednek megv\u00e1ltoznak a plasztikai hat\u00e1sok r\u00e9v\u00e9n. A g\u00f6rb\u00fcletekben \u00e9s hajlatokban ugyanaz a sz\u00ednmez\u0151 vil\u00e1gosabb \u00e9s s\u00f6t\u00e9tebb sz\u00ednsk\u00e1l\u00e1ba tol\u00f3dik el, illetve a r\u00e1es\u0151 f\u00e9nyt\u0151l f\u00fcgg\u0151en a sz\u00ednek k\u00fcl\u00f6nb\u00f6z\u0151 reflexeket hoznak l\u00e9tre a k\u00e9ptesten bel\u00fcl \u00e9s k\u00edv\u00fcl. Fest\u00e9szet\u00e9nek lehets\u00e9ges m\u0171faji meghat\u00e1roz\u00e1sa: plasztikai min\u0151s\u00e9gekkel rendelkez\u0151 sz\u00ednmez\u0151 fest\u00e9szet.\\nSzervez\u00e9s, koordin\u00e1ci\u00f3: Parallel M\u0171v\u00e9szeti Alap\u00edtv\u00e1nyEgy\u00fcttm\u0171k\u00f6d\u0151 partner: FUGA Budapesti \u00c9p\u00edt\u00e9szeti K\u00f6zpontT\u00e1mogat\u00f3: Budapesti Lengyel Int\u00e9zet, RaorgTransLog Sz\u00e1ll\u00edtm\u00e1nyoz\u00e1s\\nForr\u00e1sok: Beke L\u00e1szl\u00f3: Ha\u00e1sz Istv\u00e1n, Vince kiad\u00f3, 2007; Koz\u00e1k Csaba m\u0171v\u00e9szeti \u00edr\u00f3, 2013; Viltin Gal\u00e9ria\\n-------------------------------------------------------------------------------------------------\\nM\u00e9sz\u00e1ros Zsolt\u00a0m\u0171v\u00e9szett\u00f6rt\u00e9n\u00e9sz megny\u00edt\u00f3 besz\u00e9de:\\nJelen ki\u00e1ll\u00edt\u00e1s sz\u00ednh\u00e1zi kifejez\u00e9ssel \u00e9lve \u201e\u0151sbemutat\u00f3nak\u201d tekinthet\u0151, mivel Jerzy Grochocki m\u0171v\u00e9szete el\u0151sz\u00f6r mutatkozik be Magyarorsz\u00e1gon. Az Egyes\u00fclt \u00c1llamokban, illetve Lengyelorsz\u00e1gban \u00e9l\u0151 \u00e9s dolgoz\u00f3 alkot\u00f3 p\u00e1ly\u00e1ja az 1960-as \u00e9vek k\u00f6zep\u00e9t\u0151l indult, \u00e9s az \u00fagynevezett szisztematikus absztrakci\u00f3 nemzetk\u00f6zileg jegyzett, illusztris k\u00e9pvisel\u0151jek\u00e9nt tartj\u00e1k sz\u00e1mon. Munk\u00e1ss\u00e1ga a konstruktivizmusban, a minimalizmusban \u00e9s a konkr\u00e9t m\u0171v\u00e9szetben gy\u00f6kerezve, az \u00e1ltala \u2013 a s\u00edk \u00e9s a t\u00e9r elemz\u00e9s\u00e9re \u2013 kidolgozott komplex rendszer keret\u00e9ben bomlott ki. Tiszta strukt\u00far\u00e1ira a n\u00e9gyzet, a n\u00e9gyzeth\u00e1l\u00f3, a fekete, az arany, az ez\u00fcst, \u00e9s a feh\u00e9r sz\u00edn n\u00e9gyese, a ritmus, a t\u00f6mb- \u00e9s reliefszer\u0171s\u00e9g jellemz\u0151. Az architektur\u00e1lis all\u00fazi\u00f3k nem v\u00e9letlenek, hiszen Grochocki el\u0151sz\u00f6r \u00e9p\u00edt\u00e9szk\u00e9nt v\u00e9gzett Vars\u00f3ban, majd ut\u00e1na k\u00e9pz\u0151m\u0171v\u00e9szk\u00e9nt. Egyszer\u0171s\u00edt\u00e9sre, valamint a term\u00e9szet \u00e9s a geometrikus logika szint\u00e9zis\u00e9re t\u00f6rekszik. Ebben a folyamatban pedig a tudatoss\u00e1g, a tud\u00e1s mellett az intu\u00edci\u00f3 is nagy szerepet kap. A t\u00e1rsm\u0171v\u00e9szetb\u0151l hozva p\u00e1rhuzamot, Grochocki saj\u00e1t t\u00f6rekv\u00e9seivel kapcsolatban Bart\u00f3kot \u00e9s Webernt eml\u00edti anal\u00f3gi\u00e1kk\u00e9nt, akiknek zen\u00e9j\u00e9vel m\u00e9ly rokons\u00e1got \u00e9rez.\\nA jelen ki\u00e1ll\u00edt\u00e1sban azonban nemcsak Grochocki m\u0171vei szerepelnek, hanem a rendez\u0151k \u00e9rt\u0151 v\u00e1logat\u00e1s\u00e1nak k\u00f6sz\u00f6nhet\u0151en hat magyar kort\u00e1rs m\u0171v\u00e9sz alkot\u00e1sai is helyet kaptak, ami k\u00f6z\u00f6s besz\u00e9lget\u00e9st eredm\u00e9nyezett: a m\u0171vek felelgetnek egym\u00e1snak, t\u00e1rsalognak, eszm\u00e9t cser\u00e9lnek.\\nMarafk\u00f3 Bence objektjeiben a koncentrikus kompon\u00e1l\u00e1s, az egym\u00e1st befoglal\u00f3 k\u00f6r \u00e9s n\u00e9gyzetes form\u00e1k sora nemhogy sz\u0171k\u00edti, hanem \u00e9ppen kit\u00e1g\u00edtja a teret. A m\u00e1sik teremben tal\u00e1lhat\u00f3 \u00faj, a kor\u00e1bbiakhoz k\u00e9pest elt\u00e9r\u0151en, hossz\u00fak\u00e1s alak\u00fa munk\u00e1ja szint\u00e9n a v\u00e9gtelens\u00e9g \u00e9rzet\u00e9t kelti. Mindkett\u0151 eset\u00e9ben sz\u00ednreflexek \u00e9s plasztikai min\u0151s\u00e9gek kapnak hangs\u00falyt. Halmi-Horv\u00e1th Istv\u00e1n finoman kidolgozott, \u00e9p\u00edt\u00e9szeti hat\u00e1s\u00fa fareliefjei els\u0151re tal\u00e1n meglepheti azokat a l\u00e1togat\u00f3kat, akik fest\u0151k\u00e9nt ismerik \u0151t. De, ha szem\u00fcgyre vessz\u00fck a ki\u00e1ll\u00edtott m\u0171veket, egyb\u0151l kider\u00fcl, hogy szervesen kapcsol\u00f3dnak alkot\u00f3i t\u00f6rekv\u00e9seihez; plasztik\u00e1ban gondolja tov\u00e1bb saj\u00e1t fest\u00e9szeti kutat\u00e1sait, ami a k\u00fcl\u00f6nb\u00f6z\u0151 mint\u00e1zatok \u00e9s monokr\u00f3m strukt\u00far\u00e1k fel\u00e9 ir\u00e1nyulnak. Somfai Rezs\u0151 k\u00e9panal\u00edzise sz\u00edntanon \u00e9s annak t\u00e9ri aspektusainak k\u00f6vetkezetes vizsg\u00e1lat\u00e1n alapul. A sz\u00ednek hat\u00e1s\u00e1val, kezel\u00e9si m\u00f3djaival, funkci\u00f3ival, valamint az elemek \u00e9s a fel\u00fcletek interakci\u00f3ival foglalkozik. Tov\u00e1bb\u00e1 letisztult n\u00e9gyzetes strukt\u00far\u00e1i a k\u00fcl\u00f6nb\u00f6z\u0151 n\u00e9zeteket is j\u00e1t\u00e9kba hozz\u00e1k. Ha\u00e1sz Istv\u00e1n m\u0171v\u00e9szete szint\u00e9n hat\u00e1rter\u00fcleten mozog, m\u0171veit geometrikus environmenteknek tekinti, amelyekn\u00e9l t\u00f6bbek k\u00f6z\u00f6tt a t\u00f6meg, a t\u00e9r, a monokromit\u00e1s (eset\u00e9ben a s\u00e1rga, \u00e9s annak k\u00fcl\u00f6nf\u00e9le \u00e1rnyalata) j\u00e1tszik szerepet. A lev\u00e1l\u00f3, kiny\u00edl\u00f3, \u00f6sszecsuk\u00f3d\u00f3 form\u00e1k \u00e9s az ezek r\u00e9v\u00e9n l\u00e9trej\u00f6v\u0151 f\u00e9ny-\u00e1rny\u00e9k jelens\u00e9gek a nyitotts\u00e1g \u00e9s a z\u00e1rts\u00e1g dinamik\u00e1j\u00e1t m\u0171k\u00f6dtetik. Forg\u00f3 \u00c1rp\u00e1d form\u00e1zott v\u00e1sznainak ritmikusan jelentkez\u0151 kit\u00fcremked\u00e9sei kifinomult optikai \u00e9s t\u00e9ri hat\u00e1sokkal oper\u00e1lnak. Tov\u00e1bb\u00e1 az egyes elemek illeszt\u00e9sein\u00e9l filccs\u00edkokra lehet\u00fcnk figyelmesek. Ezek egyr\u00e9szt felosztj\u00e1k, tagolj\u00e1k a kompoz\u00edci\u00f3t, m\u00e1sr\u00e9szt sz\u00ednt jelentenek, ugyanakkor t\u00e1rsul hozz\u00e1juk egy harmadik funkci\u00f3 is, az anyagszer\u0171s\u00e9g; a filc tapint\u00e1sra ingerl\u0151 puhas\u00e1ga \u00e9s a v\u00e1szon t\u00fck\u00f6rsima fesz\u00fcl\u00e9se izgalmas kontrasztot alkot. Dob\u00f3 Krisztin\u00e1n\u00e1l m\u00e1s kontextusba ker\u00fclnek a geometrikus formanyelv olyan j\u00f3l ismert komponensei, mint az alapsz\u00ednek (eset\u00e9ben a feh\u00e9r \u00e9s a v\u00f6r\u00f6s), a n\u00e9gyzeth\u00e1l\u00f3k, a minimalista jegyek. A kilyuggatott v\u00e1szon, a nem matt \u00e9s homog\u00e9n fel\u00fclet, illetve a kompoz\u00edci\u00f3 f\u0151szerepl\u0151je az id\u00e9z\u0151jel felid\u00e9zi, kimozd\u00edtja, j\u00e1t\u00e9kba hozza az absztrakci\u00f3 geometrikus hagyom\u00e1nyait, \u00e9s \u00f6sszenyitja a posztmodern szeml\u00e9lettel.\\nA ki\u00e1ll\u00edt\u00e1s h\u00e9t r\u00e9sztvev\u0151j\u00e9n\u00e9l egyar\u00e1nt jellemz\u0151 a hat\u00e1rter\u00fcleteken val\u00f3 mozg\u00e1s (t\u00f6bbek k\u00f6z\u00f6tt a fest\u00e9szet \u00e9s a szobr\u00e1szat k\u00f6z\u00f6tti \u00e1tj\u00e1r\u00e1s), tov\u00e1bb\u00e1 a geometrikus vizu\u00e1lis nyelv, az optikai kutat\u00e1s, a matematikai ar\u00e1nyrendszer, az ism\u00e9tl\u0151d\u00e9s gyakorlata, a sz\u00ednelm\u00e9let, az egyens\u00faly \u00e9s a dinamika viszonya. Mindegyik\u00fck hozz\u00e1teszi a mag\u00e1\u00e9t, tov\u00e1bbf\u0171zi, kieg\u00e9sz\u00edti, hozz\u00e1sz\u00f3l, m\u00e1sfel\u00e9 bontja ki. Kor\u00e1bban eml\u00edtettem, hogy a ki\u00e1ll\u00edtott m\u0171vek egy\u00fcttese egyfajta k\u00f6z\u00f6s besz\u00e9lget\u00e9sk\u00e9nt m\u0171k\u00f6dik. Nem kiab\u00e1lja t\u00fal az egyik a m\u00e1sikat, nem v\u00e1gnak egym\u00e1s szav\u00e1ba, ugyanakkor nem is simulnak \u00f6ssze megad\u00f3n. Igazi szimpozion a s\u00edkr\u00f3l, a t\u00e9rr\u0151l \u00e9s a sz\u00ednr\u0151l. Olyan vizu\u00e1lis \u00e9s szellemi eszmecsere, amit\u0151l a m\u0171vek, a m\u0171v\u00e9szek \u00e9s a l\u00e1togat\u00f3k egyar\u00e1nt gazdagodnak.\"},{\"@type\":\"ImageObject\",\"inLanguage\":\"pl-PL\",\"@id\":\"https:\/\/instytutpolski.pl\/budapest\/2017\/06\/06\/geometrikus-generaciok\/#primaryimage\",\"url\":\"https:\/\/instytutpolski.pl\/budapest\/wp-content\/uploads\/sites\/21\/2020\/02\/geometrikus-gener\u00e1ci\u00f3k.png\",\"contentUrl\":\"https:\/\/instytutpolski.pl\/budapest\/wp-content\/uploads\/sites\/21\/2020\/02\/geometrikus-gener\u00e1ci\u00f3k.png\",\"width\":350,\"height\":228},{\"@type\":\"BreadcrumbList\",\"@id\":\"https:\/\/instytutpolski.pl\/budapest\/2017\/06\/06\/geometrikus-generaciok\/#breadcrumb\",\"itemListElement\":[{\"@type\":\"ListItem\",\"position\":1,\"name\":\"Home\",\"item\":\"https:\/\/instytutpolski.pl\/budapest\/\"},{\"@type\":\"ListItem\",\"position\":2,\"name\":\"GEOMETRIKUS GENER\u00c1CI\u00d3K\"}]},{\"@type\":\"WebSite\",\"@id\":\"https:\/\/instytutpolski.pl\/budapest\/#website\",\"url\":\"https:\/\/instytutpolski.pl\/budapest\/\",\"name\":\"Instytut Polski w Budapeszcie\",\"description\":\"Instytuty Polskie\",\"potentialAction\":[{\"@type\":\"SearchAction\",\"target\":{\"@type\":\"EntryPoint\",\"urlTemplate\":\"https:\/\/instytutpolski.pl\/budapest\/?s={search_term_string}\"},\"query-input\":{\"@type\":\"PropertyValueSpecification\",\"valueRequired\":true,\"valueName\":\"search_term_string\"}}],\"inLanguage\":\"pl-PL\"},{\"@type\":\"Person\",\"@id\":\"https:\/\/instytutpolski.pl\/budapest\/#\/schema\/person\/c32972170e1c8bb4ddd4918967161d9f\",\"name\":\"felvidekie\",\"image\":{\"@type\":\"ImageObject\",\"inLanguage\":\"pl-PL\",\"@id\":\"https:\/\/instytutpolski.pl\/budapest\/#\/schema\/person\/image\/\",\"url\":\"https:\/\/secure.gravatar.com\/avatar\/a1a943f2404ab143dcc09c865ea2fd66?s=96&d=mm&r=g\",\"contentUrl\":\"https:\/\/secure.gravatar.com\/avatar\/a1a943f2404ab143dcc09c865ea2fd66?s=96&d=mm&r=g\",\"caption\":\"felvidekie\"},\"url\":\"https:\/\/instytutpolski.pl\/budapest\/author\/felvidekie\/\"}]}<\/script>\n<!-- \/ Yoast SEO plugin. -->","yoast_head_json":{"title":"GEOMETRIKUS GENER\u00c1CI\u00d3K - Instytut Polski w Budapeszcie","robots":{"index":"index","follow":"follow","max-snippet":"max-snippet:-1","max-image-preview":"max-image-preview:large","max-video-preview":"max-video-preview:-1"},"canonical":"https:\/\/instytutpolski.pl\/budapest\/2017\/06\/06\/geometrikus-generaciok\/","og_locale":"pl_PL","og_type":"article","og_title":"GEOMETRIKUS GENER\u00c1CI\u00d3K - Instytut Polski w Budapeszcie","og_description":"GEOMETRIKUS GENER\u00c1CI\u00d3K 2017. j\u00falius 21.- szeptember 3.FUGA Budapesti \u00c9p\u00edt\u00e9szeti K\u00f6zpont (1052 Budapest, Pet\u0151fi S\u00e1ndor u. 5.) Megnyit\u00f3:\u00a02017. j\u00falius 20., 19:00 Megnyitja: M\u00e9sz\u00e1ros Zsolt, m\u0171v\u00e9szett\u00f6rt\u00e9n\u00e9sz Ki\u00e1ll\u00edt\u00f3 m\u0171v\u00e9szek:\u00a0Dob\u00f3 Krisztina, Forg\u00f3 \u00c1rp\u00e1d, Jerzy Grochocki (PL), Ha\u00e1sz Istv\u00e1n, Halmi-Horv\u00e1th Istv\u00e1n, Marafk\u00f3 Bence, Somfai Rezs\u0151 A ki\u00e1ll\u00edt\u00e1s a Magyarorsz\u00e1gon el\u0151sz\u00f6r szerepl\u0151 Jerzy Grochocki lengyel k\u00e9pz\u0151m\u0171v\u00e9sz \u00e9s hat magyar kort\u00e1rsa k\u00f6z\u00f6tti [&hellip;]","og_url":"https:\/\/instytutpolski.pl\/budapest\/2017\/06\/06\/geometrikus-generaciok\/","og_site_name":"Instytut Polski w Budapeszcie","article_published_time":"2017-06-06T10:23:00+00:00","article_modified_time":"2020-05-06T11:32:57+00:00","og_image":[{"width":350,"height":228,"url":"https:\/\/instytutpolski.pl\/budapest\/wp-content\/uploads\/sites\/21\/2020\/02\/geometrikus-gener\u00e1ci\u00f3k.png","type":"image\/png"}],"author":"felvidekie","twitter_card":"summary_large_image","twitter_misc":{"Napisane przez":"felvidekie","Szacowany czas czytania":"10 minut"},"schema":{"@context":"https:\/\/schema.org","@graph":[{"@type":"event","@id":"https:\/\/instytutpolski.pl\/budapest\/2017\/06\/06\/geometrikus-generaciok\/","url":"https:\/\/instytutpolski.pl\/budapest\/2017\/06\/06\/geometrikus-generaciok\/","name":"GEOMETRIKUS GENER\u00c1CI\u00d3K","isPartOf":{"@id":"https:\/\/instytutpolski.pl\/budapest\/#website"},"primaryImageOfPage":{"@id":"https:\/\/instytutpolski.pl\/budapest\/2017\/06\/06\/geometrikus-generaciok\/#primaryimage"},"image":["https:\/\/instytutpolski.pl\/budapest\/wp-content\/uploads\/sites\/21\/2020\/02\/geometrikus-gener\u00e1ci\u00f3k.png","https:\/\/instytutpolski.pl\/budapest\/wp-content\/uploads\/sites\/21\/2020\/02\/geometrikus-gener\u00e1ci\u00f3k-300x195.png","https:\/\/instytutpolski.pl\/budapest\/wp-content\/uploads\/sites\/21\/2020\/02\/geometrikus-gener\u00e1ci\u00f3k.png","https:\/\/instytutpolski.pl\/budapest\/wp-content\/uploads\/sites\/21\/2020\/02\/geometrikus-gener\u00e1ci\u00f3k.png"],"thumbnailUrl":"https:\/\/instytutpolski.pl\/budapest\/wp-content\/uploads\/sites\/21\/2020\/02\/geometrikus-gener\u00e1ci\u00f3k.png","datePublished":"2017-06-06T10:23:00+02:00","dateModified":"2020-05-06T11:32:57+02:00","author":{"@id":"https:\/\/instytutpolski.pl\/budapest\/#\/schema\/person\/c32972170e1c8bb4ddd4918967161d9f"},"breadcrumb":{"@id":"https:\/\/instytutpolski.pl\/budapest\/2017\/06\/06\/geometrikus-generaciok\/#breadcrumb"},"inLanguage":"pl-PL","potentialAction":[{"@type":"ReadAction","target":["https:\/\/instytutpolski.pl\/budapest\/2017\/06\/06\/geometrikus-generaciok\/"]}],"@context":"https:\/\/schema.org","startDate":"2017-07-20","endDate":"2017-09-03","eventStatus":"EventScheduled","eventAttendanceMode":"OfflineEventAttendanceMode","location":{"@type":"place","name":"FUGA BUDAPESTI \u00c9P\u00cdT\u00c9SZETI K\u00d6ZPONT","address":"FUGA BUDAPESTI \u00c9P\u00cdT\u00c9SZETI K\u00d6ZPONT","geo":{"@type":"GeoCoordinates","latitude":"47.92565760000001","longitude":"18.764595200000002"}},"description":"GEOMETRIKUS GENER\u00c1CI\u00d3K\n2017. j\u00falius 21.- szeptember 3.FUGA Budapesti \u00c9p\u00edt\u00e9szeti K\u00f6zpont (1052 Budapest, Pet\u0151fi S\u00e1ndor u. 5.)\nMegnyit\u00f3:\u00a02017. j\u00falius 20., 19:00\nMegnyitja: M\u00e9sz\u00e1ros Zsolt, m\u0171v\u00e9szett\u00f6rt\u00e9n\u00e9sz\nKi\u00e1ll\u00edt\u00f3 m\u0171v\u00e9szek:\u00a0Dob\u00f3 Krisztina, Forg\u00f3 \u00c1rp\u00e1d, Jerzy Grochocki (PL), Ha\u00e1sz Istv\u00e1n, Halmi-Horv\u00e1th Istv\u00e1n, Marafk\u00f3 Bence, Somfai Rezs\u0151\nA ki\u00e1ll\u00edt\u00e1s a Magyarorsz\u00e1gon el\u0151sz\u00f6r szerepl\u0151 Jerzy Grochocki lengyel k\u00e9pz\u0151m\u0171v\u00e9sz \u00e9s hat magyar kort\u00e1rsa k\u00f6z\u00f6tti kapcsol\u00f3d\u00e1si pontok felkutat\u00e1s\u00e1val k\u00eds\u00e9rletet tesz az alkot\u00f3k gondolkod\u00e1sm\u00f3dj\u00e1ban felfedezhet\u0151 p\u00e1rhuzamok \u00e9s elt\u00e9r\u0151 ir\u00e1nyok felt\u00e1r\u00e1s\u00e1ra a geometrikus m\u0171v\u00e9szet ter\u00fclet\u00e9n.\nJerzy Grochocki\u00a0(1931) lengyel k\u00e9pz\u0151m\u0171v\u00e9sz a szisztematikus fest\u00e9szet kort\u00e1rs k\u00e9pvisel\u0151je; munk\u00e1ss\u00e1ga legink\u00e1bb Kenneth Noland, Ad Reinhardt \u00e9s Thomas Downing szisztematikus absztrakt \u00e9s ism\u00e9tl\u00e9sen alapul\u00f3 koncepci\u00f3ival hozhat\u00f3 p\u00e1rhuzamba. Grochocki a fekete, az arany, az ez\u00fcst \u00e9s a feh\u00e9r sz\u00edn-n\u00e9gyes\u00e9re \u00e9p\u00fcl\u0151 rendszerben alkot, ahol a sz\u00ednek a nyugalom, a bez\u00e1rts\u00e1g, az elk\u00fcl\u00f6n\u00fcl\u00e9s \u00e9s a feszt\u00fclts\u00e9g szimb\u00f3lumai, \u201ejelei\u201d. A n\u00e9gyzettel, mint alapform\u00e1val dolgozik, melyb\u0151l n\u00e9gy archet\u00edpust hoz l\u00e9tre. Ezekhez sz\u00edneket rendelve sz\u00fcletik meg a munk\u00e1k t\u00e9rdinamik\u00e1ja. V\u00e9gtelen egyszer\u0171s\u00e9g \u00e9s elegancia jellemzi Gorchocki munk\u00e1it, mely a sz\u00ednek \u00e9s form\u00e1k egyedi szint\u00e9zis\u00e9b\u0151l ered.\nSomfai Rezs\u0151\u00a0(1932) p\u00e1ly\u00e1j\u00e1t a Term\u00e9szettudom\u00e1nyi M\u00fazeum ki\u00e1ll\u00edt\u00e1sainak grafikusi posztja mellett underground szabad\u00fasz\u00f3 m\u0171v\u00e9szk\u00e9nt kezdte. Az \u201956-os forradalom lever\u00e9se ut\u00e1n N\u00e9metorsz\u00e1gba emigr\u00e1lt, ahol a m\u00fcncheni M\u0171v\u00e9szeti Akad\u00e9mi\u00e1n fest\u00e9szetet tanult Jean Deyrolle oszt\u00e1ly\u00e1ban. 1962-t\u0151l hivatalosan is m\u0171v\u00e9sz, a figur\u00e1lis expressz\u00edv, majd az organikus-konkr\u00e9t, 1984-t\u0151l pedig a konstrukt\u00edv-konkr\u00e9t ir\u00e1nyzatok k\u00e9pvisel\u0151je. Festm\u00e9nyeket, objekteket \u00e9s szobrokat k\u00e9sz\u00edt. A n\u00e9gyzet, a dob\u00f3kocka, a v\u00e1zszerkezetek, fel\u00fcletek, \u00e9s az interakt\u00edv sz\u00ednelm\u00e9let foglalkoztatj\u00e1k.\u00a0 A \u201evertikal-diagonal-horizontal\u201d (f\u00fcgg\u0151leges-\u00e1tl\u00f3s-v\u00edzszintes) csoport t\u00e1rsalap\u00edt\u00f3ja,\nHa\u00e1sz Istv\u00e1n\u00a0(1946) h\u00e1romdimenzi\u00f3s m\u0171veinek neh\u00e9z megfelel\u0151 m\u0171faji kateg\u00f3ri\u00e1t tal\u00e1lni. Festett objektumok ugyan, de nem festm\u00e9nyek, mert hangs\u00falyozottan kiemelkednek a s\u00edkb\u00f3l; m\u00e9g kev\u00e9sb\u00e9 k\u00e9pek, mert nem k\u00e9peznek le semmit. T\u00e9rbelis\u00e9g\u00fck ellen\u00e9re se nem szobrok, se nem domborm\u0171vek: n\u00e9lk\u00fcl\u00f6zik a szoborszer\u0171s\u00e9g fogalm\u00e1hoz tartoz\u00f3 plaszticit\u00e1st, a mint\u00e1z\u00e1sb\u00f3l vagy a farag\u00e1sb\u00f3l ad\u00f3d\u00f3 szervess\u00e9get, a domborm\u0171vis\u00e9g megk\u00edv\u00e1nta dombor\u00fas\u00e1got. Install\u00e1ci\u00f3 helyett ink\u00e1bb geometrikus environment-ok - minimalist\u00e1k, konkr\u00e9tak.\nDob\u00f3 Krisztina\u00a0(1971) vil\u00e1gban val\u00f3 k\u00f6zleked\u00e9se sor\u00e1n megismerhetj\u00fck a fel \u00e9s le, a s\u00edk \u00e9s a t\u00e9r fogalmait, nyitott \u00e9s z\u00e1rt rendszerekkel egyszerre dolgozik. Megvan a saj\u00e1t rendszere, hogy bel\u00e9pjen a kubusba, kibontsa azt, \u00e1t\u00edrja annak eredeti ter\u00e9t, \u00fajra\u00e9rtelmezze a t\u00e1rgyat.\nDob\u00f3 s\u00edkokb\u00f3l \u00e9p\u00edtkez\u0151 konstrukci\u00f3i statikus m\u0171vek, melyek mindegyikben jelen van a mozg\u00e1s, mobilit\u00e1s gesztusa, a kiteljesed\u00e9s, n\u00f6vekv\u00e9s energi\u00e1ja. Munk\u00e1i pulz\u00e1lnak, l\u00e9legeznek, b\u00e1rmennyire is arra vannak k\u00e9sztetve, k\u00e9nyszer\u00edtve, hogy egy fix helyet foglaljanak el a falon, a t\u00e9rben.\nForg\u00f3 \u00c1rp\u00e1d\u00a0(1972) a huszadik sz\u00e1zadi klasszikus modernit\u00e1snak a hatvanas \u00e9vek neoavantgard m\u0171v\u00e9szet\u00e9n \u00e1t\u00edvel\u0151 geometrikus t\u00f6rekv\u00e9seit \u00f6r\u00f6k\u00edtette \u00e1t a k\u00e9tezres \u00e9vek elej\u00e9n kibontakoz\u00f3 k\u00e9p\u00e9p\u00edt\u00e9si technik\u00e1j\u00e1ba. Geometrikus v\u00e1szon konfigur\u00e1ci\u00f3i a 2010-es \u00e9vekben er\u0151s, homog\u00e9n sz\u00ednvil\u00e1g\u00fa relief \u00e9s box-like munk\u00e1k form\u00e1j\u00e1ban kaptak t\u00e9rbeli kiterjeszt\u00e9st. Forg\u00f3 m\u0171t\u00e1rgycsoportokba rendez\u0151d\u0151 alkot\u00e1saiban a r\u00e9sz \u00e9s az eg\u00e9sz k\u00e9rd\u00e9sk\u00f6r\u00e9t m\u00e9rtani eszk\u00f6z\u00f6kkel tematiz\u00e1lja. Leg\u00fajabb form\u00e1zott v\u00e1szon munk\u00e1i festm\u00e9nyei \u00e9s relief munk\u00e1i k\u00f6z\u00f6tti \u00e1tmentet alkotj\u00e1k.\nHalmi - Horv\u00e1th Istv\u00e1n\u00a0(1973) fest\u00e9szet\u00e9ben az addit\u00edv strukt\u00far\u00e1k t\u00e1rgyszer\u0171s\u00e9ge tal\u00e1lkozik egyedi nyelvezet\u0171 sz\u00ednkompoz\u00edci\u00f3k optikai hat\u00e1s\u00e1val. Kor\u00e1bbi munk\u00e1iban a konkr\u00e9t fest\u00e9szet m\u00e9rtani elemeit \u00fctk\u00f6ztette a geometrikus absztrakci\u00f3 optikai jelens\u00e9gekkel foglalkoz\u00f3 \u00e1g\u00e1nak j\u00e1t\u00e9koss\u00e1g\u00e1val. Leg\u00fajabb\u00a0Mozaik\u00a0sorozat\u00e1ban nem haszn\u00e1l el\u0151zetes terveket, k\u00f6zvetlen\u00fcl a v\u00e1sznon alak\u00edtja ki geometrikus form\u00e1inak egys\u00e9g\u00e9t, amelyek organikus elrendez\u00e9sben jelennek meg. Halmi meg\u00fajult fest\u00e9szeti nyelve a krist\u00e1lyok, az organikus mint\u00e1zatok, frakt\u00e1lok, form\u00e1j\u00e1nak konstrukt\u00edv, dinamikus egyedi megid\u00e9z\u00e9sei.\nMarafk\u00f3 Bence\u00a0(1974) az elm\u00falt k\u00e9t \u00e9vtizedben a festm\u00e9nyeire jellemz\u0151 mark\u00e1ns plasztikai kialak\u00edt\u00e1sok r\u00e9v\u00e9n fest\u00e9szete eljutott a h\u00e1romdimenzi\u00f3s plasztik\u00e1v\u00e1 v\u00e1l\u00e1s hat\u00e1r\u00e1hoz. Sz\u00e1m\u00e1ra ez a \u201em\u00e1r nem-m\u00e9g nem\u201d hat\u00e1rter\u00fclet l\u00e9nyeges: m\u00e1r nem csak festm\u00e9ny, \u00e1m nem is k\u00f6rplasztika. Fest\u0151i min\u0151s\u00e9gek \u00e9s plasztikai tartalmak egy\u00fcttes, intenz\u00edv jelenl\u00e9te. A form\u00e1t, kont\u00farokat, \u00edveket \u00e9s cs\u00facsokat, k\u00fcls\u0151t \u00e9s bels\u0151t \u201ejel\u00f6l\u0151\u201d sz\u00ednek megv\u00e1ltoznak a plasztikai hat\u00e1sok r\u00e9v\u00e9n. A g\u00f6rb\u00fcletekben \u00e9s hajlatokban ugyanaz a sz\u00ednmez\u0151 vil\u00e1gosabb \u00e9s s\u00f6t\u00e9tebb sz\u00ednsk\u00e1l\u00e1ba tol\u00f3dik el, illetve a r\u00e1es\u0151 f\u00e9nyt\u0151l f\u00fcgg\u0151en a sz\u00ednek k\u00fcl\u00f6nb\u00f6z\u0151 reflexeket hoznak l\u00e9tre a k\u00e9ptesten bel\u00fcl \u00e9s k\u00edv\u00fcl. Fest\u00e9szet\u00e9nek lehets\u00e9ges m\u0171faji meghat\u00e1roz\u00e1sa: plasztikai min\u0151s\u00e9gekkel rendelkez\u0151 sz\u00ednmez\u0151 fest\u00e9szet.\nSzervez\u00e9s, koordin\u00e1ci\u00f3: Parallel M\u0171v\u00e9szeti Alap\u00edtv\u00e1nyEgy\u00fcttm\u0171k\u00f6d\u0151 partner: FUGA Budapesti \u00c9p\u00edt\u00e9szeti K\u00f6zpontT\u00e1mogat\u00f3: Budapesti Lengyel Int\u00e9zet, RaorgTransLog Sz\u00e1ll\u00edtm\u00e1nyoz\u00e1s\nForr\u00e1sok: Beke L\u00e1szl\u00f3: Ha\u00e1sz Istv\u00e1n, Vince kiad\u00f3, 2007; Koz\u00e1k Csaba m\u0171v\u00e9szeti \u00edr\u00f3, 2013; Viltin Gal\u00e9ria\n-------------------------------------------------------------------------------------------------\nM\u00e9sz\u00e1ros Zsolt\u00a0m\u0171v\u00e9szett\u00f6rt\u00e9n\u00e9sz megny\u00edt\u00f3 besz\u00e9de:\nJelen ki\u00e1ll\u00edt\u00e1s sz\u00ednh\u00e1zi kifejez\u00e9ssel \u00e9lve \u201e\u0151sbemutat\u00f3nak\u201d tekinthet\u0151, mivel Jerzy Grochocki m\u0171v\u00e9szete el\u0151sz\u00f6r mutatkozik be Magyarorsz\u00e1gon. Az Egyes\u00fclt \u00c1llamokban, illetve Lengyelorsz\u00e1gban \u00e9l\u0151 \u00e9s dolgoz\u00f3 alkot\u00f3 p\u00e1ly\u00e1ja az 1960-as \u00e9vek k\u00f6zep\u00e9t\u0151l indult, \u00e9s az \u00fagynevezett szisztematikus absztrakci\u00f3 nemzetk\u00f6zileg jegyzett, illusztris k\u00e9pvisel\u0151jek\u00e9nt tartj\u00e1k sz\u00e1mon. Munk\u00e1ss\u00e1ga a konstruktivizmusban, a minimalizmusban \u00e9s a konkr\u00e9t m\u0171v\u00e9szetben gy\u00f6kerezve, az \u00e1ltala \u2013 a s\u00edk \u00e9s a t\u00e9r elemz\u00e9s\u00e9re \u2013 kidolgozott komplex rendszer keret\u00e9ben bomlott ki. Tiszta strukt\u00far\u00e1ira a n\u00e9gyzet, a n\u00e9gyzeth\u00e1l\u00f3, a fekete, az arany, az ez\u00fcst, \u00e9s a feh\u00e9r sz\u00edn n\u00e9gyese, a ritmus, a t\u00f6mb- \u00e9s reliefszer\u0171s\u00e9g jellemz\u0151. Az architektur\u00e1lis all\u00fazi\u00f3k nem v\u00e9letlenek, hiszen Grochocki el\u0151sz\u00f6r \u00e9p\u00edt\u00e9szk\u00e9nt v\u00e9gzett Vars\u00f3ban, majd ut\u00e1na k\u00e9pz\u0151m\u0171v\u00e9szk\u00e9nt. Egyszer\u0171s\u00edt\u00e9sre, valamint a term\u00e9szet \u00e9s a geometrikus logika szint\u00e9zis\u00e9re t\u00f6rekszik. Ebben a folyamatban pedig a tudatoss\u00e1g, a tud\u00e1s mellett az intu\u00edci\u00f3 is nagy szerepet kap. A t\u00e1rsm\u0171v\u00e9szetb\u0151l hozva p\u00e1rhuzamot, Grochocki saj\u00e1t t\u00f6rekv\u00e9seivel kapcsolatban Bart\u00f3kot \u00e9s Webernt eml\u00edti anal\u00f3gi\u00e1kk\u00e9nt, akiknek zen\u00e9j\u00e9vel m\u00e9ly rokons\u00e1got \u00e9rez.\nA jelen ki\u00e1ll\u00edt\u00e1sban azonban nemcsak Grochocki m\u0171vei szerepelnek, hanem a rendez\u0151k \u00e9rt\u0151 v\u00e1logat\u00e1s\u00e1nak k\u00f6sz\u00f6nhet\u0151en hat magyar kort\u00e1rs m\u0171v\u00e9sz alkot\u00e1sai is helyet kaptak, ami k\u00f6z\u00f6s besz\u00e9lget\u00e9st eredm\u00e9nyezett: a m\u0171vek felelgetnek egym\u00e1snak, t\u00e1rsalognak, eszm\u00e9t cser\u00e9lnek.\nMarafk\u00f3 Bence objektjeiben a koncentrikus kompon\u00e1l\u00e1s, az egym\u00e1st befoglal\u00f3 k\u00f6r \u00e9s n\u00e9gyzetes form\u00e1k sora nemhogy sz\u0171k\u00edti, hanem \u00e9ppen kit\u00e1g\u00edtja a teret. A m\u00e1sik teremben tal\u00e1lhat\u00f3 \u00faj, a kor\u00e1bbiakhoz k\u00e9pest elt\u00e9r\u0151en, hossz\u00fak\u00e1s alak\u00fa munk\u00e1ja szint\u00e9n a v\u00e9gtelens\u00e9g \u00e9rzet\u00e9t kelti. Mindkett\u0151 eset\u00e9ben sz\u00ednreflexek \u00e9s plasztikai min\u0151s\u00e9gek kapnak hangs\u00falyt. Halmi-Horv\u00e1th Istv\u00e1n finoman kidolgozott, \u00e9p\u00edt\u00e9szeti hat\u00e1s\u00fa fareliefjei els\u0151re tal\u00e1n meglepheti azokat a l\u00e1togat\u00f3kat, akik fest\u0151k\u00e9nt ismerik \u0151t. De, ha szem\u00fcgyre vessz\u00fck a ki\u00e1ll\u00edtott m\u0171veket, egyb\u0151l kider\u00fcl, hogy szervesen kapcsol\u00f3dnak alkot\u00f3i t\u00f6rekv\u00e9seihez; plasztik\u00e1ban gondolja tov\u00e1bb saj\u00e1t fest\u00e9szeti kutat\u00e1sait, ami a k\u00fcl\u00f6nb\u00f6z\u0151 mint\u00e1zatok \u00e9s monokr\u00f3m strukt\u00far\u00e1k fel\u00e9 ir\u00e1nyulnak. Somfai Rezs\u0151 k\u00e9panal\u00edzise sz\u00edntanon \u00e9s annak t\u00e9ri aspektusainak k\u00f6vetkezetes vizsg\u00e1lat\u00e1n alapul. A sz\u00ednek hat\u00e1s\u00e1val, kezel\u00e9si m\u00f3djaival, funkci\u00f3ival, valamint az elemek \u00e9s a fel\u00fcletek interakci\u00f3ival foglalkozik. Tov\u00e1bb\u00e1 letisztult n\u00e9gyzetes strukt\u00far\u00e1i a k\u00fcl\u00f6nb\u00f6z\u0151 n\u00e9zeteket is j\u00e1t\u00e9kba hozz\u00e1k. Ha\u00e1sz Istv\u00e1n m\u0171v\u00e9szete szint\u00e9n hat\u00e1rter\u00fcleten mozog, m\u0171veit geometrikus environmenteknek tekinti, amelyekn\u00e9l t\u00f6bbek k\u00f6z\u00f6tt a t\u00f6meg, a t\u00e9r, a monokromit\u00e1s (eset\u00e9ben a s\u00e1rga, \u00e9s annak k\u00fcl\u00f6nf\u00e9le \u00e1rnyalata) j\u00e1tszik szerepet. A lev\u00e1l\u00f3, kiny\u00edl\u00f3, \u00f6sszecsuk\u00f3d\u00f3 form\u00e1k \u00e9s az ezek r\u00e9v\u00e9n l\u00e9trej\u00f6v\u0151 f\u00e9ny-\u00e1rny\u00e9k jelens\u00e9gek a nyitotts\u00e1g \u00e9s a z\u00e1rts\u00e1g dinamik\u00e1j\u00e1t m\u0171k\u00f6dtetik. Forg\u00f3 \u00c1rp\u00e1d form\u00e1zott v\u00e1sznainak ritmikusan jelentkez\u0151 kit\u00fcremked\u00e9sei kifinomult optikai \u00e9s t\u00e9ri hat\u00e1sokkal oper\u00e1lnak. Tov\u00e1bb\u00e1 az egyes elemek illeszt\u00e9sein\u00e9l filccs\u00edkokra lehet\u00fcnk figyelmesek. Ezek egyr\u00e9szt felosztj\u00e1k, tagolj\u00e1k a kompoz\u00edci\u00f3t, m\u00e1sr\u00e9szt sz\u00ednt jelentenek, ugyanakkor t\u00e1rsul hozz\u00e1juk egy harmadik funkci\u00f3 is, az anyagszer\u0171s\u00e9g; a filc tapint\u00e1sra ingerl\u0151 puhas\u00e1ga \u00e9s a v\u00e1szon t\u00fck\u00f6rsima fesz\u00fcl\u00e9se izgalmas kontrasztot alkot. Dob\u00f3 Krisztin\u00e1n\u00e1l m\u00e1s kontextusba ker\u00fclnek a geometrikus formanyelv olyan j\u00f3l ismert komponensei, mint az alapsz\u00ednek (eset\u00e9ben a feh\u00e9r \u00e9s a v\u00f6r\u00f6s), a n\u00e9gyzeth\u00e1l\u00f3k, a minimalista jegyek. A kilyuggatott v\u00e1szon, a nem matt \u00e9s homog\u00e9n fel\u00fclet, illetve a kompoz\u00edci\u00f3 f\u0151szerepl\u0151je az id\u00e9z\u0151jel felid\u00e9zi, kimozd\u00edtja, j\u00e1t\u00e9kba hozza az absztrakci\u00f3 geometrikus hagyom\u00e1nyait, \u00e9s \u00f6sszenyitja a posztmodern szeml\u00e9lettel.\nA ki\u00e1ll\u00edt\u00e1s h\u00e9t r\u00e9sztvev\u0151j\u00e9n\u00e9l egyar\u00e1nt jellemz\u0151 a hat\u00e1rter\u00fcleteken val\u00f3 mozg\u00e1s (t\u00f6bbek k\u00f6z\u00f6tt a fest\u00e9szet \u00e9s a szobr\u00e1szat k\u00f6z\u00f6tti \u00e1tj\u00e1r\u00e1s), tov\u00e1bb\u00e1 a geometrikus vizu\u00e1lis nyelv, az optikai kutat\u00e1s, a matematikai ar\u00e1nyrendszer, az ism\u00e9tl\u0151d\u00e9s gyakorlata, a sz\u00ednelm\u00e9let, az egyens\u00faly \u00e9s a dinamika viszonya. Mindegyik\u00fck hozz\u00e1teszi a mag\u00e1\u00e9t, tov\u00e1bbf\u0171zi, kieg\u00e9sz\u00edti, hozz\u00e1sz\u00f3l, m\u00e1sfel\u00e9 bontja ki. Kor\u00e1bban eml\u00edtettem, hogy a ki\u00e1ll\u00edtott m\u0171vek egy\u00fcttese egyfajta k\u00f6z\u00f6s besz\u00e9lget\u00e9sk\u00e9nt m\u0171k\u00f6dik. Nem kiab\u00e1lja t\u00fal az egyik a m\u00e1sikat, nem v\u00e1gnak egym\u00e1s szav\u00e1ba, ugyanakkor nem is simulnak \u00f6ssze megad\u00f3n. Igazi szimpozion a s\u00edkr\u00f3l, a t\u00e9rr\u0151l \u00e9s a sz\u00ednr\u0151l. Olyan vizu\u00e1lis \u00e9s szellemi eszmecsere, amit\u0151l a m\u0171vek, a m\u0171v\u00e9szek \u00e9s a l\u00e1togat\u00f3k egyar\u00e1nt gazdagodnak."},{"@type":"ImageObject","inLanguage":"pl-PL","@id":"https:\/\/instytutpolski.pl\/budapest\/2017\/06\/06\/geometrikus-generaciok\/#primaryimage","url":"https:\/\/instytutpolski.pl\/budapest\/wp-content\/uploads\/sites\/21\/2020\/02\/geometrikus-gener\u00e1ci\u00f3k.png","contentUrl":"https:\/\/instytutpolski.pl\/budapest\/wp-content\/uploads\/sites\/21\/2020\/02\/geometrikus-gener\u00e1ci\u00f3k.png","width":350,"height":228},{"@type":"BreadcrumbList","@id":"https:\/\/instytutpolski.pl\/budapest\/2017\/06\/06\/geometrikus-generaciok\/#breadcrumb","itemListElement":[{"@type":"ListItem","position":1,"name":"Home","item":"https:\/\/instytutpolski.pl\/budapest\/"},{"@type":"ListItem","position":2,"name":"GEOMETRIKUS GENER\u00c1CI\u00d3K"}]},{"@type":"WebSite","@id":"https:\/\/instytutpolski.pl\/budapest\/#website","url":"https:\/\/instytutpolski.pl\/budapest\/","name":"Instytut Polski w Budapeszcie","description":"Instytuty Polskie","potentialAction":[{"@type":"SearchAction","target":{"@type":"EntryPoint","urlTemplate":"https:\/\/instytutpolski.pl\/budapest\/?s={search_term_string}"},"query-input":{"@type":"PropertyValueSpecification","valueRequired":true,"valueName":"search_term_string"}}],"inLanguage":"pl-PL"},{"@type":"Person","@id":"https:\/\/instytutpolski.pl\/budapest\/#\/schema\/person\/c32972170e1c8bb4ddd4918967161d9f","name":"felvidekie","image":{"@type":"ImageObject","inLanguage":"pl-PL","@id":"https:\/\/instytutpolski.pl\/budapest\/#\/schema\/person\/image\/","url":"https:\/\/secure.gravatar.com\/avatar\/a1a943f2404ab143dcc09c865ea2fd66?s=96&d=mm&r=g","contentUrl":"https:\/\/secure.gravatar.com\/avatar\/a1a943f2404ab143dcc09c865ea2fd66?s=96&d=mm&r=g","caption":"felvidekie"},"url":"https:\/\/instytutpolski.pl\/budapest\/author\/felvidekie\/"}]}},"_links":{"self":[{"href":"https:\/\/instytutpolski.pl\/budapest\/wp-json\/wp\/v2\/posts\/2892","targetHints":{"allow":["GET"]}}],"collection":[{"href":"https:\/\/instytutpolski.pl\/budapest\/wp-json\/wp\/v2\/posts"}],"about":[{"href":"https:\/\/instytutpolski.pl\/budapest\/wp-json\/wp\/v2\/types\/post"}],"author":[{"embeddable":true,"href":"https:\/\/instytutpolski.pl\/budapest\/wp-json\/wp\/v2\/users\/68"}],"replies":[{"embeddable":true,"href":"https:\/\/instytutpolski.pl\/budapest\/wp-json\/wp\/v2\/comments?post=2892"}],"version-history":[{"count":1,"href":"https:\/\/instytutpolski.pl\/budapest\/wp-json\/wp\/v2\/posts\/2892\/revisions"}],"predecessor-version":[{"id":2894,"href":"https:\/\/instytutpolski.pl\/budapest\/wp-json\/wp\/v2\/posts\/2892\/revisions\/2894"}],"wp:featuredmedia":[{"embeddable":true,"href":"https:\/\/instytutpolski.pl\/budapest\/wp-json\/wp\/v2\/media\/2893"}],"wp:attachment":[{"href":"https:\/\/instytutpolski.pl\/budapest\/wp-json\/wp\/v2\/media?parent=2892"}],"wp:term":[{"taxonomy":"category","embeddable":true,"href":"https:\/\/instytutpolski.pl\/budapest\/wp-json\/wp\/v2\/categories?post=2892"},{"taxonomy":"post_tag","embeddable":true,"href":"https:\/\/instytutpolski.pl\/budapest\/wp-json\/wp\/v2\/tags?post=2892"}],"curies":[{"name":"wp","href":"https:\/\/api.w.org\/{rel}","templated":true}]}}