{"id":2902,"date":"2017-06-06T12:40:00","date_gmt":"2017-06-06T10:40:00","guid":{"rendered":"https:\/\/instytutpolski.pl\/budapest\/?p=2902"},"modified":"2020-05-06T09:15:02","modified_gmt":"2020-05-06T07:15:02","slug":"polska-jazz%e2%94%82slowinski-carod-international-project-pl-e-hommage-a-zbigniew-seifert","status":"publish","type":"post","link":"https:\/\/instytutpolski.pl\/budapest\/2017\/06\/06\/polska-jazz%e2%94%82slowinski-carod-international-project-pl-e-hommage-a-zbigniew-seifert\/","title":{"rendered":"Polska Jazz\u2502S\u0142owi\u0144ski \u2013 Carod International Project (PL\/E) Hommage \u00e0 Zbigniew Seifert"},"content":{"rendered":"\n<p><span class=\"Apple-style-span\">Polska Jazz\u2502S\u0142owi\u0144ski \u2013 Carod International Project (PL\/E)<\/span><\/p>\n<p>Hommage \u00e0 Zbigniew Seifert<br \/><br \/><\/p>\n<p>Stanis\u0142aw S\u0142owi\u0144ski &#8211; heged\u0171<br \/>Apel-les Carod &#8211; heged\u0171<br \/>Pawe\u0142 Kaczmarczyk &#8211; zongora<br \/>Justyn Ma\u0142odobry &#8211; nagyb\u0151g\u0151<br \/>Dawid Fortuna &#8211; dob<\/p>\n<p>A k\u00e9t\u00e9vente megrendezett International Seifert Competition a fiatal heged\u0171s tehets\u00e9gek megm\u00e9rettet\u00e9s\u00e9nek egyik legfontosabb f\u00f3ruma. E verseny k\u00e9t kor\u00e1bbi helyezettje, a 2014-es k\u00f6z\u00f6ns\u00e9gd\u00edjas lengyel Stanis\u0142aw S\u0142owi\u0144ski \u00e9s a 2014-ben \u00e9s 2016-ban is m\u00e1sodik d\u00edjat nyert katal\u00e1n Apel-les Carod\u00a0hozta l\u00e9tre nemr\u00e9gen az Opus sz\u00ednpad\u00e1ra l\u00e9p\u0151 k\u00fcl\u00f6nleges projektet, mellyel minden id\u0151k egyik legfontosabb \u00a0jazz-heged\u0171se, Zbigniew Seifert el\u0151tt tisztelegnek. Programjukon Seifert m\u0171vei mellett a k\u00e9t nagyszer\u0171 fiatal heged\u0171s saj\u00e1t, Seifert szellemis\u00e9g\u00e9re reflekt\u00e1l\u00f3 m\u0171vei is szerepelnek.<\/p>\n<p>Az Opus l\u00e1togat\u00f3i sz\u00e1m\u00e1ra nem ismeretlen a kiemelked\u0151 tehets\u00e9g\u0171, sz\u00e1mos d\u00edjat nyert Stanis\u0142aw S\u0142owi\u0144ski, aki fiatal kora dac\u00e1ra m\u00e1r az egyik legfoglalkoztatottabb heged\u0171snek sz\u00e1m\u00edt haz\u00e1j\u00e1ban. Saj\u00e1t zenekarai mellett egyre t\u00f6bb nemzetk\u00f6zi projektnek is r\u00e9sztvev\u0151je, aki jazz form\u00e1ci\u00f3k mellett egyar\u00e1nt j\u00e1tszik kamara- \u00e9s szimfonikus zenkarokban (Sinfonietta Cracovia, Krak\u00f3w Chamber Orchestra) s K\u00edn\u00e1t\u00f3l Gr\u00fazi\u00e1ig, Chil\u00e9t\u0151l Norv\u00e9gi\u00e1ig sz\u00e1mtalan orsz\u00e1g k\u00f6z\u00f6ns\u00e9g\u00e9t k\u00e1pr\u00e1ztatta el. A projekt m\u00e1sik heged\u0171se, Apel-les Carod nem kev\u00e9sb\u00e9 sikeres p\u00e1lyafut\u00e1st mondhat mag\u00e1\u00e9nak. Klasszikus zen\u00e9t tanult, majd ezt f\u00e9lbehagyva 15 \u00e9vesen elektromos git\u00e1rra v\u00e1ltott, v\u00e9g\u00fcl 18 \u00e9ves kor\u00e1t\u00f3l m\u00e1r jazz heged\u0171 tanulm\u00e1nyokat folytatott haz\u00e1j\u00e1ban, majd a New York-i\u00a0New School for Jazz and Contemporary Music hallgat\u00f3jak\u00e9nt. saj\u00e1t rti\u00f3ja, kvartettje \u00e9s szeptettje mellett t\u00f6bb katal\u00e1n jazz egy\u00fcttesnek is tagja.<\/p>\n<p>A k\u00e9t heged\u0171s mellett a magyar k\u00f6z\u00f6ns\u00e9g, s \u00edgy term\u00e9szetesen az Opus l\u00e1togat\u00f3inak is egyik kedvence, a lengyel zongora-zseni\u00a0Pawe\u0142 Kaczmarczyk a projekt harmadik sz\u00f3list\u00e1ja \u2013 aki a napokban vehette \u00e1t a lengyel jazz Oscar-j\u00e1nak sz\u00e1m\u00edt\u00f3 Grand Prix Melomani d\u00edjat &#8211; \u00e9s a klubban kor\u00e1bban m\u00e1r szint\u00e9n megfordult k\u00e9t muzsikus \u2013 Justyn Ma\u0142odobry nagyb\u0151g\u0151s \u00e9s Dawid Fortuna dobos \u2013 alkotta\u00a0ritmusszekci\u00f3 vezet\u0151je.<\/p>\n","protected":false},"excerpt":{"rendered":"<p>Polska Jazz\u2502S\u0142owi\u0144ski \u2013 Carod International Project (PL\/E) Hommage \u00e0 Zbigniew Seifert Stanis\u0142aw S\u0142owi\u0144ski &#8211; heged\u0171Apel-les Carod &#8211; heged\u0171Pawe\u0142 Kaczmarczyk &#8211; zongoraJustyn Ma\u0142odobry &#8211; nagyb\u0151g\u0151Dawid Fortuna &#8211; dob A k\u00e9t\u00e9vente megrendezett International Seifert Competition a fiatal heged\u0171s tehets\u00e9gek megm\u00e9rettet\u00e9s\u00e9nek egyik legfontosabb f\u00f3ruma. E verseny k\u00e9t kor\u00e1bbi helyezettje, a 2014-es k\u00f6z\u00f6ns\u00e9gd\u00edjas lengyel Stanis\u0142aw S\u0142owi\u0144ski \u00e9s a 2014-ben [&hellip;]<\/p>\n","protected":false},"author":68,"featured_media":2903,"comment_status":"open","ping_status":"open","sticky":false,"template":"","format":"standard","meta":{"inline_featured_image":false,"_monsterinsights_skip_tracking":false,"_monsterinsights_sitenote_active":false,"_monsterinsights_sitenote_note":"","_monsterinsights_sitenote_category":0,"footnotes":""},"categories":[36,44],"tags":[],"class_list":["post-2902","post","type-post","status-publish","format-standard","has-post-thumbnail","hentry","category-program","category-zene"],"yoast_head":"<!-- This site is optimized with the Yoast SEO plugin v24.6 - https:\/\/yoast.com\/wordpress\/plugins\/seo\/ -->\n<title>Polska Jazz\u2502S\u0142owi\u0144ski \u2013 Carod International Project (PL\/E) Hommage \u00e0 Zbigniew Seifert - Instytut Polski w Budapeszcie<\/title>\n<meta name=\"robots\" content=\"index, follow, max-snippet:-1, max-image-preview:large, max-video-preview:-1\" \/>\n<link rel=\"canonical\" href=\"https:\/\/instytutpolski.pl\/budapest\/2017\/06\/06\/polska-jazz\u2502slowinski-carod-international-project-pl-e-hommage-a-zbigniew-seifert\/\" \/>\n<meta property=\"og:locale\" content=\"pl_PL\" \/>\n<meta property=\"og:type\" content=\"article\" \/>\n<meta property=\"og:title\" content=\"Polska Jazz\u2502S\u0142owi\u0144ski \u2013 Carod International Project (PL\/E) Hommage \u00e0 Zbigniew Seifert - Instytut Polski w Budapeszcie\" \/>\n<meta property=\"og:description\" content=\"Polska Jazz\u2502S\u0142owi\u0144ski \u2013 Carod International Project (PL\/E) Hommage \u00e0 Zbigniew Seifert Stanis\u0142aw S\u0142owi\u0144ski &#8211; heged\u0171Apel-les Carod &#8211; heged\u0171Pawe\u0142 Kaczmarczyk &#8211; zongoraJustyn Ma\u0142odobry &#8211; nagyb\u0151g\u0151Dawid Fortuna &#8211; dob A k\u00e9t\u00e9vente megrendezett International Seifert Competition a fiatal heged\u0171s tehets\u00e9gek megm\u00e9rettet\u00e9s\u00e9nek egyik legfontosabb f\u00f3ruma. E verseny k\u00e9t kor\u00e1bbi helyezettje, a 2014-es k\u00f6z\u00f6ns\u00e9gd\u00edjas lengyel Stanis\u0142aw S\u0142owi\u0144ski \u00e9s a 2014-ben [&hellip;]\" \/>\n<meta property=\"og:url\" content=\"https:\/\/instytutpolski.pl\/budapest\/2017\/06\/06\/polska-jazz\u2502slowinski-carod-international-project-pl-e-hommage-a-zbigniew-seifert\/\" \/>\n<meta property=\"og:site_name\" content=\"Instytut Polski w Budapeszcie\" \/>\n<meta property=\"article:published_time\" content=\"2017-06-06T10:40:00+00:00\" \/>\n<meta property=\"article:modified_time\" content=\"2020-05-06T07:15:02+00:00\" \/>\n<meta property=\"og:image\" content=\"https:\/\/instytutpolski.pl\/budapest\/wp-content\/uploads\/sites\/21\/2020\/02\/slowinski_reqesens2_fet_kaczmarczyk.jpg\" \/>\n\t<meta property=\"og:image:width\" content=\"350\" \/>\n\t<meta property=\"og:image:height\" content=\"421\" \/>\n\t<meta property=\"og:image:type\" content=\"image\/jpeg\" \/>\n<meta name=\"author\" content=\"felvidekie\" \/>\n<meta name=\"twitter:card\" content=\"summary_large_image\" \/>\n<meta name=\"twitter:label1\" content=\"Napisane przez\" \/>\n\t<meta name=\"twitter:data1\" content=\"felvidekie\" \/>\n\t<meta name=\"twitter:label2\" content=\"Szacowany czas czytania\" \/>\n\t<meta name=\"twitter:data2\" content=\"2 minuty\" \/>\n<script type=\"application\/ld+json\" class=\"yoast-schema-graph\">{\"@context\":\"https:\/\/schema.org\",\"@graph\":[{\"@type\":\"event\",\"@id\":\"https:\/\/instytutpolski.pl\/budapest\/2017\/06\/06\/polska-jazz%e2%94%82slowinski-carod-international-project-pl-e-hommage-a-zbigniew-seifert\/\",\"url\":\"https:\/\/instytutpolski.pl\/budapest\/2017\/06\/06\/polska-jazz%e2%94%82slowinski-carod-international-project-pl-e-hommage-a-zbigniew-seifert\/\",\"name\":\"Polska Jazz\u2502S\u0142owi\u0144ski \u2013 Carod International Project (PL\/E) Hommage \u00e0 Zbigniew Seifert\",\"isPartOf\":{\"@id\":\"https:\/\/instytutpolski.pl\/budapest\/#website\"},\"primaryImageOfPage\":{\"@id\":\"https:\/\/instytutpolski.pl\/budapest\/2017\/06\/06\/polska-jazz%e2%94%82slowinski-carod-international-project-pl-e-hommage-a-zbigniew-seifert\/#primaryimage\"},\"image\":[\"https:\/\/instytutpolski.pl\/budapest\/wp-content\/uploads\/sites\/21\/2020\/02\/slowinski_reqesens2_fet_kaczmarczyk.jpg\",\"https:\/\/instytutpolski.pl\/budapest\/wp-content\/uploads\/sites\/21\/2020\/02\/slowinski_reqesens2_fet_kaczmarczyk-249x300.jpg\",\"https:\/\/instytutpolski.pl\/budapest\/wp-content\/uploads\/sites\/21\/2020\/02\/slowinski_reqesens2_fet_kaczmarczyk.jpg\",\"https:\/\/instytutpolski.pl\/budapest\/wp-content\/uploads\/sites\/21\/2020\/02\/slowinski_reqesens2_fet_kaczmarczyk.jpg\"],\"thumbnailUrl\":\"https:\/\/instytutpolski.pl\/budapest\/wp-content\/uploads\/sites\/21\/2020\/02\/slowinski_reqesens2_fet_kaczmarczyk.jpg\",\"datePublished\":\"2017-06-06T10:40:00+02:00\",\"dateModified\":\"2020-05-06T07:15:02+02:00\",\"author\":{\"@id\":\"https:\/\/instytutpolski.pl\/budapest\/#\/schema\/person\/c32972170e1c8bb4ddd4918967161d9f\"},\"breadcrumb\":{\"@id\":\"https:\/\/instytutpolski.pl\/budapest\/2017\/06\/06\/polska-jazz%e2%94%82slowinski-carod-international-project-pl-e-hommage-a-zbigniew-seifert\/#breadcrumb\"},\"inLanguage\":\"pl-PL\",\"potentialAction\":[{\"@type\":\"ReadAction\",\"target\":[\"https:\/\/instytutpolski.pl\/budapest\/2017\/06\/06\/polska-jazz%e2%94%82slowinski-carod-international-project-pl-e-hommage-a-zbigniew-seifert\/\"]}],\"@context\":\"https:\/\/schema.org\",\"startDate\":\"2017-08-18\",\"endDate\":\"2017-08-18\",\"eventStatus\":\"EventScheduled\",\"eventAttendanceMode\":\"OfflineEventAttendanceMode\",\"location\":{\"@type\":\"place\",\"name\":\"Budapest Music Center\",\"address\":\"Budapest Music Center\",\"geo\":{\"@type\":\"GeoCoordinates\",\"latitude\":\"47.925657599999994\",\"longitude\":\"18.764595200000002\"}},\"description\":\"Polska Jazz\u2502S\u0142owi\u0144ski \u2013 Carod International Project (PL\/E)\\nHommage \u00e0 Zbigniew Seifert\\nStanis\u0142aw S\u0142owi\u0144ski - heged\u0171Apel-les Carod - heged\u0171Pawe\u0142 Kaczmarczyk - zongoraJustyn Ma\u0142odobry - nagyb\u0151g\u0151Dawid Fortuna - dob\\nA k\u00e9t\u00e9vente megrendezett International Seifert Competition a fiatal heged\u0171s tehets\u00e9gek megm\u00e9rettet\u00e9s\u00e9nek egyik legfontosabb f\u00f3ruma. E verseny k\u00e9t kor\u00e1bbi helyezettje, a 2014-es k\u00f6z\u00f6ns\u00e9gd\u00edjas lengyel Stanis\u0142aw S\u0142owi\u0144ski \u00e9s a 2014-ben \u00e9s 2016-ban is m\u00e1sodik d\u00edjat nyert katal\u00e1n Apel-les Carod\u00a0hozta l\u00e9tre nemr\u00e9gen az Opus sz\u00ednpad\u00e1ra l\u00e9p\u0151 k\u00fcl\u00f6nleges projektet, mellyel minden id\u0151k egyik legfontosabb \u00a0jazz-heged\u0171se, Zbigniew Seifert el\u0151tt tisztelegnek. Programjukon Seifert m\u0171vei mellett a k\u00e9t nagyszer\u0171 fiatal heged\u0171s saj\u00e1t, Seifert szellemis\u00e9g\u00e9re reflekt\u00e1l\u00f3 m\u0171vei is szerepelnek.\\nAz Opus l\u00e1togat\u00f3i sz\u00e1m\u00e1ra nem ismeretlen a kiemelked\u0151 tehets\u00e9g\u0171, sz\u00e1mos d\u00edjat nyert Stanis\u0142aw S\u0142owi\u0144ski, aki fiatal kora dac\u00e1ra m\u00e1r az egyik legfoglalkoztatottabb heged\u0171snek sz\u00e1m\u00edt haz\u00e1j\u00e1ban. Saj\u00e1t zenekarai mellett egyre t\u00f6bb nemzetk\u00f6zi projektnek is r\u00e9sztvev\u0151je, aki jazz form\u00e1ci\u00f3k mellett egyar\u00e1nt j\u00e1tszik kamara- \u00e9s szimfonikus zenkarokban (Sinfonietta Cracovia, Krak\u00f3w Chamber Orchestra) s K\u00edn\u00e1t\u00f3l Gr\u00fazi\u00e1ig, Chil\u00e9t\u0151l Norv\u00e9gi\u00e1ig sz\u00e1mtalan orsz\u00e1g k\u00f6z\u00f6ns\u00e9g\u00e9t k\u00e1pr\u00e1ztatta el. A projekt m\u00e1sik heged\u0171se, Apel-les Carod nem kev\u00e9sb\u00e9 sikeres p\u00e1lyafut\u00e1st mondhat mag\u00e1\u00e9nak. Klasszikus zen\u00e9t tanult, majd ezt f\u00e9lbehagyva 15 \u00e9vesen elektromos git\u00e1rra v\u00e1ltott, v\u00e9g\u00fcl 18 \u00e9ves kor\u00e1t\u00f3l m\u00e1r jazz heged\u0171 tanulm\u00e1nyokat folytatott haz\u00e1j\u00e1ban, majd a New York-i\u00a0New School for Jazz and Contemporary Music hallgat\u00f3jak\u00e9nt. saj\u00e1t rti\u00f3ja, kvartettje \u00e9s szeptettje mellett t\u00f6bb katal\u00e1n jazz egy\u00fcttesnek is tagja.\\nA k\u00e9t heged\u0171s mellett a magyar k\u00f6z\u00f6ns\u00e9g, s \u00edgy term\u00e9szetesen az Opus l\u00e1togat\u00f3inak is egyik kedvence, a lengyel zongora-zseni\u00a0Pawe\u0142 Kaczmarczyk a projekt harmadik sz\u00f3list\u00e1ja \u2013 aki a napokban vehette \u00e1t a lengyel jazz Oscar-j\u00e1nak sz\u00e1m\u00edt\u00f3 Grand Prix Melomani d\u00edjat - \u00e9s a klubban kor\u00e1bban m\u00e1r szint\u00e9n megfordult k\u00e9t muzsikus \u2013 Justyn Ma\u0142odobry nagyb\u0151g\u0151s \u00e9s Dawid Fortuna dobos \u2013 alkotta\u00a0ritmusszekci\u00f3 vezet\u0151je.\"},{\"@type\":\"ImageObject\",\"inLanguage\":\"pl-PL\",\"@id\":\"https:\/\/instytutpolski.pl\/budapest\/2017\/06\/06\/polska-jazz%e2%94%82slowinski-carod-international-project-pl-e-hommage-a-zbigniew-seifert\/#primaryimage\",\"url\":\"https:\/\/instytutpolski.pl\/budapest\/wp-content\/uploads\/sites\/21\/2020\/02\/slowinski_reqesens2_fet_kaczmarczyk.jpg\",\"contentUrl\":\"https:\/\/instytutpolski.pl\/budapest\/wp-content\/uploads\/sites\/21\/2020\/02\/slowinski_reqesens2_fet_kaczmarczyk.jpg\",\"width\":350,\"height\":421},{\"@type\":\"BreadcrumbList\",\"@id\":\"https:\/\/instytutpolski.pl\/budapest\/2017\/06\/06\/polska-jazz%e2%94%82slowinski-carod-international-project-pl-e-hommage-a-zbigniew-seifert\/#breadcrumb\",\"itemListElement\":[{\"@type\":\"ListItem\",\"position\":1,\"name\":\"Home\",\"item\":\"https:\/\/instytutpolski.pl\/budapest\/\"},{\"@type\":\"ListItem\",\"position\":2,\"name\":\"Polska Jazz\u2502S\u0142owi\u0144ski \u2013 Carod International Project (PL\/E) Hommage \u00e0 Zbigniew Seifert\"}]},{\"@type\":\"WebSite\",\"@id\":\"https:\/\/instytutpolski.pl\/budapest\/#website\",\"url\":\"https:\/\/instytutpolski.pl\/budapest\/\",\"name\":\"Instytut Polski w Budapeszcie\",\"description\":\"Instytuty Polskie\",\"potentialAction\":[{\"@type\":\"SearchAction\",\"target\":{\"@type\":\"EntryPoint\",\"urlTemplate\":\"https:\/\/instytutpolski.pl\/budapest\/?s={search_term_string}\"},\"query-input\":{\"@type\":\"PropertyValueSpecification\",\"valueRequired\":true,\"valueName\":\"search_term_string\"}}],\"inLanguage\":\"pl-PL\"},{\"@type\":\"Person\",\"@id\":\"https:\/\/instytutpolski.pl\/budapest\/#\/schema\/person\/c32972170e1c8bb4ddd4918967161d9f\",\"name\":\"felvidekie\",\"image\":{\"@type\":\"ImageObject\",\"inLanguage\":\"pl-PL\",\"@id\":\"https:\/\/instytutpolski.pl\/budapest\/#\/schema\/person\/image\/\",\"url\":\"https:\/\/secure.gravatar.com\/avatar\/a1a943f2404ab143dcc09c865ea2fd66?s=96&d=mm&r=g\",\"contentUrl\":\"https:\/\/secure.gravatar.com\/avatar\/a1a943f2404ab143dcc09c865ea2fd66?s=96&d=mm&r=g\",\"caption\":\"felvidekie\"},\"url\":\"https:\/\/instytutpolski.pl\/budapest\/author\/felvidekie\/\"}]}<\/script>\n<!-- \/ Yoast SEO plugin. -->","yoast_head_json":{"title":"Polska Jazz\u2502S\u0142owi\u0144ski \u2013 Carod International Project (PL\/E) Hommage \u00e0 Zbigniew Seifert - Instytut Polski w Budapeszcie","robots":{"index":"index","follow":"follow","max-snippet":"max-snippet:-1","max-image-preview":"max-image-preview:large","max-video-preview":"max-video-preview:-1"},"canonical":"https:\/\/instytutpolski.pl\/budapest\/2017\/06\/06\/polska-jazz\u2502slowinski-carod-international-project-pl-e-hommage-a-zbigniew-seifert\/","og_locale":"pl_PL","og_type":"article","og_title":"Polska Jazz\u2502S\u0142owi\u0144ski \u2013 Carod International Project (PL\/E) Hommage \u00e0 Zbigniew Seifert - Instytut Polski w Budapeszcie","og_description":"Polska Jazz\u2502S\u0142owi\u0144ski \u2013 Carod International Project (PL\/E) Hommage \u00e0 Zbigniew Seifert Stanis\u0142aw S\u0142owi\u0144ski &#8211; heged\u0171Apel-les Carod &#8211; heged\u0171Pawe\u0142 Kaczmarczyk &#8211; zongoraJustyn Ma\u0142odobry &#8211; nagyb\u0151g\u0151Dawid Fortuna &#8211; dob A k\u00e9t\u00e9vente megrendezett International Seifert Competition a fiatal heged\u0171s tehets\u00e9gek megm\u00e9rettet\u00e9s\u00e9nek egyik legfontosabb f\u00f3ruma. E verseny k\u00e9t kor\u00e1bbi helyezettje, a 2014-es k\u00f6z\u00f6ns\u00e9gd\u00edjas lengyel Stanis\u0142aw S\u0142owi\u0144ski \u00e9s a 2014-ben [&hellip;]","og_url":"https:\/\/instytutpolski.pl\/budapest\/2017\/06\/06\/polska-jazz\u2502slowinski-carod-international-project-pl-e-hommage-a-zbigniew-seifert\/","og_site_name":"Instytut Polski w Budapeszcie","article_published_time":"2017-06-06T10:40:00+00:00","article_modified_time":"2020-05-06T07:15:02+00:00","og_image":[{"width":350,"height":421,"url":"https:\/\/instytutpolski.pl\/budapest\/wp-content\/uploads\/sites\/21\/2020\/02\/slowinski_reqesens2_fet_kaczmarczyk.jpg","type":"image\/jpeg"}],"author":"felvidekie","twitter_card":"summary_large_image","twitter_misc":{"Napisane przez":"felvidekie","Szacowany czas czytania":"2 minuty"},"schema":{"@context":"https:\/\/schema.org","@graph":[{"@type":"event","@id":"https:\/\/instytutpolski.pl\/budapest\/2017\/06\/06\/polska-jazz%e2%94%82slowinski-carod-international-project-pl-e-hommage-a-zbigniew-seifert\/","url":"https:\/\/instytutpolski.pl\/budapest\/2017\/06\/06\/polska-jazz%e2%94%82slowinski-carod-international-project-pl-e-hommage-a-zbigniew-seifert\/","name":"Polska Jazz\u2502S\u0142owi\u0144ski \u2013 Carod International Project (PL\/E) Hommage \u00e0 Zbigniew Seifert","isPartOf":{"@id":"https:\/\/instytutpolski.pl\/budapest\/#website"},"primaryImageOfPage":{"@id":"https:\/\/instytutpolski.pl\/budapest\/2017\/06\/06\/polska-jazz%e2%94%82slowinski-carod-international-project-pl-e-hommage-a-zbigniew-seifert\/#primaryimage"},"image":["https:\/\/instytutpolski.pl\/budapest\/wp-content\/uploads\/sites\/21\/2020\/02\/slowinski_reqesens2_fet_kaczmarczyk.jpg","https:\/\/instytutpolski.pl\/budapest\/wp-content\/uploads\/sites\/21\/2020\/02\/slowinski_reqesens2_fet_kaczmarczyk-249x300.jpg","https:\/\/instytutpolski.pl\/budapest\/wp-content\/uploads\/sites\/21\/2020\/02\/slowinski_reqesens2_fet_kaczmarczyk.jpg","https:\/\/instytutpolski.pl\/budapest\/wp-content\/uploads\/sites\/21\/2020\/02\/slowinski_reqesens2_fet_kaczmarczyk.jpg"],"thumbnailUrl":"https:\/\/instytutpolski.pl\/budapest\/wp-content\/uploads\/sites\/21\/2020\/02\/slowinski_reqesens2_fet_kaczmarczyk.jpg","datePublished":"2017-06-06T10:40:00+02:00","dateModified":"2020-05-06T07:15:02+02:00","author":{"@id":"https:\/\/instytutpolski.pl\/budapest\/#\/schema\/person\/c32972170e1c8bb4ddd4918967161d9f"},"breadcrumb":{"@id":"https:\/\/instytutpolski.pl\/budapest\/2017\/06\/06\/polska-jazz%e2%94%82slowinski-carod-international-project-pl-e-hommage-a-zbigniew-seifert\/#breadcrumb"},"inLanguage":"pl-PL","potentialAction":[{"@type":"ReadAction","target":["https:\/\/instytutpolski.pl\/budapest\/2017\/06\/06\/polska-jazz%e2%94%82slowinski-carod-international-project-pl-e-hommage-a-zbigniew-seifert\/"]}],"@context":"https:\/\/schema.org","startDate":"2017-08-18","endDate":"2017-08-18","eventStatus":"EventScheduled","eventAttendanceMode":"OfflineEventAttendanceMode","location":{"@type":"place","name":"Budapest Music Center","address":"Budapest Music Center","geo":{"@type":"GeoCoordinates","latitude":"47.925657599999994","longitude":"18.764595200000002"}},"description":"Polska Jazz\u2502S\u0142owi\u0144ski \u2013 Carod International Project (PL\/E)\nHommage \u00e0 Zbigniew Seifert\nStanis\u0142aw S\u0142owi\u0144ski - heged\u0171Apel-les Carod - heged\u0171Pawe\u0142 Kaczmarczyk - zongoraJustyn Ma\u0142odobry - nagyb\u0151g\u0151Dawid Fortuna - dob\nA k\u00e9t\u00e9vente megrendezett International Seifert Competition a fiatal heged\u0171s tehets\u00e9gek megm\u00e9rettet\u00e9s\u00e9nek egyik legfontosabb f\u00f3ruma. E verseny k\u00e9t kor\u00e1bbi helyezettje, a 2014-es k\u00f6z\u00f6ns\u00e9gd\u00edjas lengyel Stanis\u0142aw S\u0142owi\u0144ski \u00e9s a 2014-ben \u00e9s 2016-ban is m\u00e1sodik d\u00edjat nyert katal\u00e1n Apel-les Carod\u00a0hozta l\u00e9tre nemr\u00e9gen az Opus sz\u00ednpad\u00e1ra l\u00e9p\u0151 k\u00fcl\u00f6nleges projektet, mellyel minden id\u0151k egyik legfontosabb \u00a0jazz-heged\u0171se, Zbigniew Seifert el\u0151tt tisztelegnek. Programjukon Seifert m\u0171vei mellett a k\u00e9t nagyszer\u0171 fiatal heged\u0171s saj\u00e1t, Seifert szellemis\u00e9g\u00e9re reflekt\u00e1l\u00f3 m\u0171vei is szerepelnek.\nAz Opus l\u00e1togat\u00f3i sz\u00e1m\u00e1ra nem ismeretlen a kiemelked\u0151 tehets\u00e9g\u0171, sz\u00e1mos d\u00edjat nyert Stanis\u0142aw S\u0142owi\u0144ski, aki fiatal kora dac\u00e1ra m\u00e1r az egyik legfoglalkoztatottabb heged\u0171snek sz\u00e1m\u00edt haz\u00e1j\u00e1ban. Saj\u00e1t zenekarai mellett egyre t\u00f6bb nemzetk\u00f6zi projektnek is r\u00e9sztvev\u0151je, aki jazz form\u00e1ci\u00f3k mellett egyar\u00e1nt j\u00e1tszik kamara- \u00e9s szimfonikus zenkarokban (Sinfonietta Cracovia, Krak\u00f3w Chamber Orchestra) s K\u00edn\u00e1t\u00f3l Gr\u00fazi\u00e1ig, Chil\u00e9t\u0151l Norv\u00e9gi\u00e1ig sz\u00e1mtalan orsz\u00e1g k\u00f6z\u00f6ns\u00e9g\u00e9t k\u00e1pr\u00e1ztatta el. A projekt m\u00e1sik heged\u0171se, Apel-les Carod nem kev\u00e9sb\u00e9 sikeres p\u00e1lyafut\u00e1st mondhat mag\u00e1\u00e9nak. Klasszikus zen\u00e9t tanult, majd ezt f\u00e9lbehagyva 15 \u00e9vesen elektromos git\u00e1rra v\u00e1ltott, v\u00e9g\u00fcl 18 \u00e9ves kor\u00e1t\u00f3l m\u00e1r jazz heged\u0171 tanulm\u00e1nyokat folytatott haz\u00e1j\u00e1ban, majd a New York-i\u00a0New School for Jazz and Contemporary Music hallgat\u00f3jak\u00e9nt. saj\u00e1t rti\u00f3ja, kvartettje \u00e9s szeptettje mellett t\u00f6bb katal\u00e1n jazz egy\u00fcttesnek is tagja.\nA k\u00e9t heged\u0171s mellett a magyar k\u00f6z\u00f6ns\u00e9g, s \u00edgy term\u00e9szetesen az Opus l\u00e1togat\u00f3inak is egyik kedvence, a lengyel zongora-zseni\u00a0Pawe\u0142 Kaczmarczyk a projekt harmadik sz\u00f3list\u00e1ja \u2013 aki a napokban vehette \u00e1t a lengyel jazz Oscar-j\u00e1nak sz\u00e1m\u00edt\u00f3 Grand Prix Melomani d\u00edjat - \u00e9s a klubban kor\u00e1bban m\u00e1r szint\u00e9n megfordult k\u00e9t muzsikus \u2013 Justyn Ma\u0142odobry nagyb\u0151g\u0151s \u00e9s Dawid Fortuna dobos \u2013 alkotta\u00a0ritmusszekci\u00f3 vezet\u0151je."},{"@type":"ImageObject","inLanguage":"pl-PL","@id":"https:\/\/instytutpolski.pl\/budapest\/2017\/06\/06\/polska-jazz%e2%94%82slowinski-carod-international-project-pl-e-hommage-a-zbigniew-seifert\/#primaryimage","url":"https:\/\/instytutpolski.pl\/budapest\/wp-content\/uploads\/sites\/21\/2020\/02\/slowinski_reqesens2_fet_kaczmarczyk.jpg","contentUrl":"https:\/\/instytutpolski.pl\/budapest\/wp-content\/uploads\/sites\/21\/2020\/02\/slowinski_reqesens2_fet_kaczmarczyk.jpg","width":350,"height":421},{"@type":"BreadcrumbList","@id":"https:\/\/instytutpolski.pl\/budapest\/2017\/06\/06\/polska-jazz%e2%94%82slowinski-carod-international-project-pl-e-hommage-a-zbigniew-seifert\/#breadcrumb","itemListElement":[{"@type":"ListItem","position":1,"name":"Home","item":"https:\/\/instytutpolski.pl\/budapest\/"},{"@type":"ListItem","position":2,"name":"Polska Jazz\u2502S\u0142owi\u0144ski \u2013 Carod International Project (PL\/E) Hommage \u00e0 Zbigniew Seifert"}]},{"@type":"WebSite","@id":"https:\/\/instytutpolski.pl\/budapest\/#website","url":"https:\/\/instytutpolski.pl\/budapest\/","name":"Instytut Polski w Budapeszcie","description":"Instytuty Polskie","potentialAction":[{"@type":"SearchAction","target":{"@type":"EntryPoint","urlTemplate":"https:\/\/instytutpolski.pl\/budapest\/?s={search_term_string}"},"query-input":{"@type":"PropertyValueSpecification","valueRequired":true,"valueName":"search_term_string"}}],"inLanguage":"pl-PL"},{"@type":"Person","@id":"https:\/\/instytutpolski.pl\/budapest\/#\/schema\/person\/c32972170e1c8bb4ddd4918967161d9f","name":"felvidekie","image":{"@type":"ImageObject","inLanguage":"pl-PL","@id":"https:\/\/instytutpolski.pl\/budapest\/#\/schema\/person\/image\/","url":"https:\/\/secure.gravatar.com\/avatar\/a1a943f2404ab143dcc09c865ea2fd66?s=96&d=mm&r=g","contentUrl":"https:\/\/secure.gravatar.com\/avatar\/a1a943f2404ab143dcc09c865ea2fd66?s=96&d=mm&r=g","caption":"felvidekie"},"url":"https:\/\/instytutpolski.pl\/budapest\/author\/felvidekie\/"}]}},"_links":{"self":[{"href":"https:\/\/instytutpolski.pl\/budapest\/wp-json\/wp\/v2\/posts\/2902","targetHints":{"allow":["GET"]}}],"collection":[{"href":"https:\/\/instytutpolski.pl\/budapest\/wp-json\/wp\/v2\/posts"}],"about":[{"href":"https:\/\/instytutpolski.pl\/budapest\/wp-json\/wp\/v2\/types\/post"}],"author":[{"embeddable":true,"href":"https:\/\/instytutpolski.pl\/budapest\/wp-json\/wp\/v2\/users\/68"}],"replies":[{"embeddable":true,"href":"https:\/\/instytutpolski.pl\/budapest\/wp-json\/wp\/v2\/comments?post=2902"}],"version-history":[{"count":2,"href":"https:\/\/instytutpolski.pl\/budapest\/wp-json\/wp\/v2\/posts\/2902\/revisions"}],"predecessor-version":[{"id":2905,"href":"https:\/\/instytutpolski.pl\/budapest\/wp-json\/wp\/v2\/posts\/2902\/revisions\/2905"}],"wp:featuredmedia":[{"embeddable":true,"href":"https:\/\/instytutpolski.pl\/budapest\/wp-json\/wp\/v2\/media\/2903"}],"wp:attachment":[{"href":"https:\/\/instytutpolski.pl\/budapest\/wp-json\/wp\/v2\/media?parent=2902"}],"wp:term":[{"taxonomy":"category","embeddable":true,"href":"https:\/\/instytutpolski.pl\/budapest\/wp-json\/wp\/v2\/categories?post=2902"},{"taxonomy":"post_tag","embeddable":true,"href":"https:\/\/instytutpolski.pl\/budapest\/wp-json\/wp\/v2\/tags?post=2902"}],"curies":[{"name":"wp","href":"https:\/\/api.w.org\/{rel}","templated":true}]}}