{"id":4456,"date":"2017-08-05T15:40:00","date_gmt":"2017-08-05T13:40:00","guid":{"rendered":"https:\/\/instytutpolski.pl\/budapest\/?p=4456"},"modified":"2020-05-04T12:09:36","modified_gmt":"2020-05-04T10:09:36","slug":"polscy-artysci-na-miedzynarodowym-sympozjum-sztuki-wspolczesnej-w-cered","status":"publish","type":"post","link":"https:\/\/instytutpolski.pl\/budapest\/pl\/2017\/08\/05\/polscy-artysci-na-miedzynarodowym-sympozjum-sztuki-wspolczesnej-w-cered\/","title":{"rendered":"POLSCY ARTY\u015aCI NA MI\u0118DZYNARODOWYM SYMPOZJUM SZTUKI WSP\u00d3\u0141CZESNEJ W CERED!"},"content":{"rendered":"\n<p class=\"node-date\">5 sierpnia 2017 r. (sobota), godz. 19.00<br \/>Ceredi nemzetk\u00f6zi kort\u00e1rs m\u0171v\u00e9sztelep<\/p>\n<p><strong>Dzie\u0144 otwarty i wernisa\u017c wystawy odb\u0119dzie si\u0119 5 sierpnia o godzinie 19.00<br \/><\/strong>W sympozium we\u017amie udzia\u0142 30 artyst\u00f3w z Polski, W\u0119gier, S\u0142owacji, Finlandi, Rumuni, Czech, Niemiec, Wielkiej Brytani, W\u0142och, Belgi, Holandi i Zjednoczonych Emirat\u00f3w Arabskich.<\/p>\n<p>Tematyk\u0105 tegorocznej edycji sympozium s\u0105:\u00a0<strong>ODOSOBNIONE PRZESTRZENIE.<\/strong><\/p>\n<p><span class=\"image-caption-container image-caption-container-\"><img loading=\"lazy\" decoding=\"async\" class=\"imagecache-program caption\" src=\"http:\/\/polinst.hu\/sites\/default\/files\/imagecache\/program\/19424574_1500641223312036_3894512331120622395_n.jpg\" width=\"350\" height=\"133\" align=\"\" \/><\/span><\/p>\n<p><strong>ARTY\u015aCI:<br \/><\/strong>Jozef Suchoza sculpture, BanskaBystrica, Slovakia<br \/>Peter Kollar media artist, Lu\u010denec, Slovakia<br \/>J\u00e1n Adamove media artist, Lu\u010denec, Slovakia<br \/>Jana Bialov\u00e1 visual artist, Filakovo, Slovakia<br \/>Krist\u00edna \u0160uhajov\u00e1 painter, Filakovo, Slovakia<br \/>Anna Semerdjiev painter, Vantaa, Finland<br \/>Jani Heinonen painter, Vantaa, Finland<br \/>Danut Timis visual artist, Borsa, Romania<br \/>Stetco Gavrila painter, Borsa, Romania<br \/>Bob\u00e1ly \u00c1d\u00e1m sculpture-restorer, Salg\u00f3tarj\u00e1n\/Somosk\u0151, Hungary<br \/>Bob\u00e1ly D\u00e1vid sculpture, Salg\u00f3tarj\u00e1n\/Somosk\u0151, Hungary<br \/>Vladimir Kovarik sculpture, designer, Uherske Hradiste, Czech<br \/>Christoph Eckelt photoartist, Berlin, Germany<br \/>Cec\u00edlia Kun visual artist, Budapest, Hungary<br \/>L\u00e1szl\u00f3 S\u00e1nta painter, Budapest, Hungary<br \/>Micha\u0142 Janowski painter, Poznan\/London, Poland\/GB<br \/>Tomasz Piars visual artist, Budapest\/Warsaw, Hungary\/Poland<br \/>Lodi Francesca visual artist, Vigarano, Italy<br \/>Manfredini Emanuela visual artist, Vigarano, Italy<br \/>Jimmy Szemethy graphicartist, Zs\u00e1mb\u00e9k, Hungary<br \/>Eszter Palik designer, Budapest, Hungary<br \/>\u00c1gota Krn\u00e1cs visual artist, Budapest, Hungary<br \/>Christoph Eckelt photoartist, Berlin, Germany<br \/>Puklus P\u00e9ter photoartist, Budapest, Hungary<br \/>Manar Laham graphic and multimedia designer Ajman, United Arab Emirates<br \/>Jozef Suchoza sculpture, BanskaBystrica, Slovakia<br \/>Emi de Graeve textildesigner, Eupen, Belgium<br \/>Babeth Rammelt conceptual designer, Amszterdam, Netherlands<br \/>Vera Kuipers illustratrator, art director, Amsterdam, Netherlands<br \/>Csaba F\u00fcrjesi visual artist, Budapest, Hungary<\/p>\n<p><strong>KURATORZY:<br \/><\/strong>Szabina P\u00e9ter art historian, Hungary<br \/>Patrycja Rup art historian, art manager, Poland<br \/>Dr. N\u00e1ty R\u00f3bert art historian, HungaryMiroslav Zelinsky art historian, Czech<br \/>R\u00e9ka Visnyei designer, Germany<br \/>Daniel Timmer architect, Hungary<\/p>\n<p><strong><a href=\"http:\/\/artcolony-cered.com\/hu\/separated-spaces-2017\/\" target=\"_blank\" rel=\"noopener noreferrer\">http:\/\/artcolony-cered.com\/hu\/separated-spaces-2017\/<\/a><\/strong><\/p>\n","protected":false},"excerpt":{"rendered":"<p>5 sierpnia 2017 r. (sobota), godz. 19.00Ceredi nemzetk\u00f6zi kort\u00e1rs m\u0171v\u00e9sztelep Dzie\u0144 otwarty i wernisa\u017c wystawy odb\u0119dzie si\u0119 5 sierpnia o godzinie 19.00W sympozium we\u017amie udzia\u0142 30 artyst\u00f3w z Polski, W\u0119gier, S\u0142owacji, Finlandi, Rumuni, Czech, Niemiec, Wielkiej Brytani, W\u0142och, Belgi, Holandi i Zjednoczonych Emirat\u00f3w Arabskich. Tematyk\u0105 tegorocznej edycji sympozium s\u0105:\u00a0ODOSOBNIONE PRZESTRZENIE. ARTY\u015aCI:Jozef Suchoza sculpture, BanskaBystrica, SlovakiaPeter [&hellip;]<\/p>\n","protected":false},"author":124,"featured_media":4457,"comment_status":"open","ping_status":"open","sticky":false,"template":"","format":"standard","meta":{"inline_featured_image":false,"_monsterinsights_skip_tracking":false,"_monsterinsights_sitenote_active":false,"_monsterinsights_sitenote_note":"","_monsterinsights_sitenote_category":0,"footnotes":""},"categories":[40,233,80],"tags":[],"class_list":["post-4456","post","type-post","status-publish","format-standard","has-post-thumbnail","hentry","category-program-pl","category-wydarzenia","category-wystawa"],"yoast_head":"<!-- This site is optimized with the Yoast SEO plugin v24.6 - https:\/\/yoast.com\/wordpress\/plugins\/seo\/ -->\n<title>POLSCY ARTY\u015aCI NA MI\u0118DZYNARODOWYM SYMPOZJUM SZTUKI WSP\u00d3\u0141CZESNEJ W CERED! - Instytut Polski w Budapeszcie<\/title>\n<meta name=\"robots\" content=\"index, follow, max-snippet:-1, max-image-preview:large, max-video-preview:-1\" \/>\n<link rel=\"canonical\" href=\"https:\/\/instytutpolski.pl\/budapest\/pl\/2017\/08\/05\/polscy-artysci-na-miedzynarodowym-sympozjum-sztuki-wspolczesnej-w-cered\/\" \/>\n<meta property=\"og:locale\" content=\"pl_PL\" \/>\n<meta property=\"og:type\" content=\"article\" \/>\n<meta property=\"og:title\" content=\"POLSCY ARTY\u015aCI NA MI\u0118DZYNARODOWYM SYMPOZJUM SZTUKI WSP\u00d3\u0141CZESNEJ W CERED! - Instytut Polski w Budapeszcie\" \/>\n<meta property=\"og:description\" content=\"5 sierpnia 2017 r. (sobota), godz. 19.00Ceredi nemzetk\u00f6zi kort\u00e1rs m\u0171v\u00e9sztelep Dzie\u0144 otwarty i wernisa\u017c wystawy odb\u0119dzie si\u0119 5 sierpnia o godzinie 19.00W sympozium we\u017amie udzia\u0142 30 artyst\u00f3w z Polski, W\u0119gier, S\u0142owacji, Finlandi, Rumuni, Czech, Niemiec, Wielkiej Brytani, W\u0142och, Belgi, Holandi i Zjednoczonych Emirat\u00f3w Arabskich. Tematyk\u0105 tegorocznej edycji sympozium s\u0105:\u00a0ODOSOBNIONE PRZESTRZENIE. ARTY\u015aCI:Jozef Suchoza sculpture, BanskaBystrica, SlovakiaPeter [&hellip;]\" \/>\n<meta property=\"og:url\" content=\"https:\/\/instytutpolski.pl\/budapest\/pl\/2017\/08\/05\/polscy-artysci-na-miedzynarodowym-sympozjum-sztuki-wspolczesnej-w-cered\/\" \/>\n<meta property=\"og:site_name\" content=\"Instytut Polski w Budapeszcie\" \/>\n<meta property=\"article:published_time\" content=\"2017-08-05T13:40:00+00:00\" \/>\n<meta property=\"article:modified_time\" content=\"2020-05-04T10:09:36+00:00\" \/>\n<meta property=\"og:image\" content=\"https:\/\/instytutpolski.pl\/budapest\/wp-content\/uploads\/sites\/21\/2020\/04\/ceredi_muvesztelep.png\" \/>\n\t<meta property=\"og:image:width\" content=\"350\" \/>\n\t<meta property=\"og:image:height\" content=\"241\" \/>\n\t<meta property=\"og:image:type\" content=\"image\/png\" \/>\n<meta name=\"author\" content=\"takacsm\" \/>\n<meta name=\"twitter:card\" content=\"summary_large_image\" \/>\n<meta name=\"twitter:label1\" content=\"Napisane przez\" \/>\n\t<meta name=\"twitter:data1\" content=\"takacsm\" \/>\n\t<meta name=\"twitter:label2\" content=\"Szacowany czas czytania\" \/>\n\t<meta name=\"twitter:data2\" content=\"1 minuta\" \/>\n<script type=\"application\/ld+json\" class=\"yoast-schema-graph\">{\"@context\":\"https:\/\/schema.org\",\"@graph\":[{\"@type\":\"event\",\"@id\":\"https:\/\/instytutpolski.pl\/budapest\/pl\/2017\/08\/05\/polscy-artysci-na-miedzynarodowym-sympozjum-sztuki-wspolczesnej-w-cered\/\",\"url\":\"https:\/\/instytutpolski.pl\/budapest\/pl\/2017\/08\/05\/polscy-artysci-na-miedzynarodowym-sympozjum-sztuki-wspolczesnej-w-cered\/\",\"name\":\"POLSCY ARTY\u015aCI NA MI\u0118DZYNARODOWYM SYMPOZJUM SZTUKI WSP\u00d3\u0141CZESNEJ W CERED!\",\"isPartOf\":{\"@id\":\"https:\/\/instytutpolski.pl\/budapest\/#website\"},\"primaryImageOfPage\":{\"@id\":\"https:\/\/instytutpolski.pl\/budapest\/pl\/2017\/08\/05\/polscy-artysci-na-miedzynarodowym-sympozjum-sztuki-wspolczesnej-w-cered\/#primaryimage\"},\"image\":[\"https:\/\/instytutpolski.pl\/budapest\/wp-content\/uploads\/sites\/21\/2020\/04\/ceredi_muvesztelep.png\",\"https:\/\/instytutpolski.pl\/budapest\/wp-content\/uploads\/sites\/21\/2020\/04\/ceredi_muvesztelep-300x207.png\",\"https:\/\/instytutpolski.pl\/budapest\/wp-content\/uploads\/sites\/21\/2020\/04\/ceredi_muvesztelep.png\",\"https:\/\/instytutpolski.pl\/budapest\/wp-content\/uploads\/sites\/21\/2020\/04\/ceredi_muvesztelep.png\"],\"thumbnailUrl\":\"https:\/\/instytutpolski.pl\/budapest\/wp-content\/uploads\/sites\/21\/2020\/04\/ceredi_muvesztelep.png\",\"datePublished\":\"2017-08-05T13:40:00+02:00\",\"dateModified\":\"2020-05-04T10:09:36+02:00\",\"author\":{\"@id\":\"https:\/\/instytutpolski.pl\/budapest\/#\/schema\/person\/35a72b339f128b3c51da8e0ac2c9c8fe\"},\"breadcrumb\":{\"@id\":\"https:\/\/instytutpolski.pl\/budapest\/pl\/2017\/08\/05\/polscy-artysci-na-miedzynarodowym-sympozjum-sztuki-wspolczesnej-w-cered\/#breadcrumb\"},\"inLanguage\":\"pl-PL\",\"potentialAction\":[{\"@type\":\"ReadAction\",\"target\":[\"https:\/\/instytutpolski.pl\/budapest\/pl\/2017\/08\/05\/polscy-artysci-na-miedzynarodowym-sympozjum-sztuki-wspolczesnej-w-cered\/\"]}],\"@context\":\"https:\/\/schema.org\",\"startDate\":\"2017-08-05\",\"endDate\":\"2017-08-05\",\"eventStatus\":\"EventScheduled\",\"eventAttendanceMode\":\"OfflineEventAttendanceMode\",\"location\":{\"@type\":\"place\",\"name\":\"\",\"address\":\"\",\"geo\":{\"@type\":\"GeoCoordinates\",\"latitude\":\"\",\"longitude\":\"\"}},\"description\":\"5 sierpnia 2017 r. (sobota), godz. 19.00Ceredi nemzetk\u00f6zi kort\u00e1rs m\u0171v\u00e9sztelep\\nDzie\u0144 otwarty i wernisa\u017c wystawy odb\u0119dzie si\u0119 5 sierpnia o godzinie 19.00W sympozium we\u017amie udzia\u0142 30 artyst\u00f3w z Polski, W\u0119gier, S\u0142owacji, Finlandi, Rumuni, Czech, Niemiec, Wielkiej Brytani, W\u0142och, Belgi, Holandi i Zjednoczonych Emirat\u00f3w Arabskich.\\nTematyk\u0105 tegorocznej edycji sympozium s\u0105:\u00a0ODOSOBNIONE PRZESTRZENIE.\\nARTY\u015aCI:Jozef Suchoza sculpture, BanskaBystrica, SlovakiaPeter Kollar media artist, Lu\u010denec, SlovakiaJ\u00e1n Adamove media artist, Lu\u010denec, SlovakiaJana Bialov\u00e1 visual artist, Filakovo, SlovakiaKrist\u00edna \u0160uhajov\u00e1 painter, Filakovo, SlovakiaAnna Semerdjiev painter, Vantaa, FinlandJani Heinonen painter, Vantaa, FinlandDanut Timis visual artist, Borsa, RomaniaStetco Gavrila painter, Borsa, RomaniaBob\u00e1ly \u00c1d\u00e1m sculpture-restorer, Salg\u00f3tarj\u00e1n\/Somosk\u0151, HungaryBob\u00e1ly D\u00e1vid sculpture, Salg\u00f3tarj\u00e1n\/Somosk\u0151, HungaryVladimir Kovarik sculpture, designer, Uherske Hradiste, CzechChristoph Eckelt photoartist, Berlin, GermanyCec\u00edlia Kun visual artist, Budapest, HungaryL\u00e1szl\u00f3 S\u00e1nta painter, Budapest, HungaryMicha\u0142 Janowski painter, Poznan\/London, Poland\/GBTomasz Piars visual artist, Budapest\/Warsaw, Hungary\/PolandLodi Francesca visual artist, Vigarano, ItalyManfredini Emanuela visual artist, Vigarano, ItalyJimmy Szemethy graphicartist, Zs\u00e1mb\u00e9k, HungaryEszter Palik designer, Budapest, Hungary\u00c1gota Krn\u00e1cs visual artist, Budapest, HungaryChristoph Eckelt photoartist, Berlin, GermanyPuklus P\u00e9ter photoartist, Budapest, HungaryManar Laham graphic and multimedia designer Ajman, United Arab EmiratesJozef Suchoza sculpture, BanskaBystrica, SlovakiaEmi de Graeve textildesigner, Eupen, BelgiumBabeth Rammelt conceptual designer, Amszterdam, NetherlandsVera Kuipers illustratrator, art director, Amsterdam, NetherlandsCsaba F\u00fcrjesi visual artist, Budapest, Hungary\\nKURATORZY:Szabina P\u00e9ter art historian, HungaryPatrycja Rup art historian, art manager, PolandDr. N\u00e1ty R\u00f3bert art historian, HungaryMiroslav Zelinsky art historian, CzechR\u00e9ka Visnyei designer, GermanyDaniel Timmer architect, Hungary\\nhttp:\/\/artcolony-cered.com\/hu\/separated-spaces-2017\/\"},{\"@type\":\"ImageObject\",\"inLanguage\":\"pl-PL\",\"@id\":\"https:\/\/instytutpolski.pl\/budapest\/pl\/2017\/08\/05\/polscy-artysci-na-miedzynarodowym-sympozjum-sztuki-wspolczesnej-w-cered\/#primaryimage\",\"url\":\"https:\/\/instytutpolski.pl\/budapest\/wp-content\/uploads\/sites\/21\/2020\/04\/ceredi_muvesztelep.png\",\"contentUrl\":\"https:\/\/instytutpolski.pl\/budapest\/wp-content\/uploads\/sites\/21\/2020\/04\/ceredi_muvesztelep.png\",\"width\":350,\"height\":241},{\"@type\":\"BreadcrumbList\",\"@id\":\"https:\/\/instytutpolski.pl\/budapest\/pl\/2017\/08\/05\/polscy-artysci-na-miedzynarodowym-sympozjum-sztuki-wspolczesnej-w-cered\/#breadcrumb\",\"itemListElement\":[{\"@type\":\"ListItem\",\"position\":1,\"name\":\"Home\",\"item\":\"https:\/\/instytutpolski.pl\/budapest\/\"},{\"@type\":\"ListItem\",\"position\":2,\"name\":\"POLSCY ARTY\u015aCI NA MI\u0118DZYNARODOWYM SYMPOZJUM SZTUKI WSP\u00d3\u0141CZESNEJ W CERED!\"}]},{\"@type\":\"WebSite\",\"@id\":\"https:\/\/instytutpolski.pl\/budapest\/#website\",\"url\":\"https:\/\/instytutpolski.pl\/budapest\/\",\"name\":\"Instytut Polski w Budapeszcie\",\"description\":\"Instytuty Polskie\",\"potentialAction\":[{\"@type\":\"SearchAction\",\"target\":{\"@type\":\"EntryPoint\",\"urlTemplate\":\"https:\/\/instytutpolski.pl\/budapest\/?s={search_term_string}\"},\"query-input\":{\"@type\":\"PropertyValueSpecification\",\"valueRequired\":true,\"valueName\":\"search_term_string\"}}],\"inLanguage\":\"pl-PL\"},{\"@type\":\"Person\",\"@id\":\"https:\/\/instytutpolski.pl\/budapest\/#\/schema\/person\/35a72b339f128b3c51da8e0ac2c9c8fe\",\"name\":\"takacsm\",\"image\":{\"@type\":\"ImageObject\",\"inLanguage\":\"pl-PL\",\"@id\":\"https:\/\/instytutpolski.pl\/budapest\/#\/schema\/person\/image\/\",\"url\":\"https:\/\/secure.gravatar.com\/avatar\/3cdc999881482fcdbe974296288ca419?s=96&d=mm&r=g\",\"contentUrl\":\"https:\/\/secure.gravatar.com\/avatar\/3cdc999881482fcdbe974296288ca419?s=96&d=mm&r=g\",\"caption\":\"takacsm\"},\"url\":\"https:\/\/instytutpolski.pl\/budapest\/author\/takacsm\/\"}]}<\/script>\n<!-- \/ Yoast SEO plugin. -->","yoast_head_json":{"title":"POLSCY ARTY\u015aCI NA MI\u0118DZYNARODOWYM SYMPOZJUM SZTUKI WSP\u00d3\u0141CZESNEJ W CERED! - Instytut Polski w Budapeszcie","robots":{"index":"index","follow":"follow","max-snippet":"max-snippet:-1","max-image-preview":"max-image-preview:large","max-video-preview":"max-video-preview:-1"},"canonical":"https:\/\/instytutpolski.pl\/budapest\/pl\/2017\/08\/05\/polscy-artysci-na-miedzynarodowym-sympozjum-sztuki-wspolczesnej-w-cered\/","og_locale":"pl_PL","og_type":"article","og_title":"POLSCY ARTY\u015aCI NA MI\u0118DZYNARODOWYM SYMPOZJUM SZTUKI WSP\u00d3\u0141CZESNEJ W CERED! - Instytut Polski w Budapeszcie","og_description":"5 sierpnia 2017 r. (sobota), godz. 19.00Ceredi nemzetk\u00f6zi kort\u00e1rs m\u0171v\u00e9sztelep Dzie\u0144 otwarty i wernisa\u017c wystawy odb\u0119dzie si\u0119 5 sierpnia o godzinie 19.00W sympozium we\u017amie udzia\u0142 30 artyst\u00f3w z Polski, W\u0119gier, S\u0142owacji, Finlandi, Rumuni, Czech, Niemiec, Wielkiej Brytani, W\u0142och, Belgi, Holandi i Zjednoczonych Emirat\u00f3w Arabskich. Tematyk\u0105 tegorocznej edycji sympozium s\u0105:\u00a0ODOSOBNIONE PRZESTRZENIE. ARTY\u015aCI:Jozef Suchoza sculpture, BanskaBystrica, SlovakiaPeter [&hellip;]","og_url":"https:\/\/instytutpolski.pl\/budapest\/pl\/2017\/08\/05\/polscy-artysci-na-miedzynarodowym-sympozjum-sztuki-wspolczesnej-w-cered\/","og_site_name":"Instytut Polski w Budapeszcie","article_published_time":"2017-08-05T13:40:00+00:00","article_modified_time":"2020-05-04T10:09:36+00:00","og_image":[{"width":350,"height":241,"url":"https:\/\/instytutpolski.pl\/budapest\/wp-content\/uploads\/sites\/21\/2020\/04\/ceredi_muvesztelep.png","type":"image\/png"}],"author":"takacsm","twitter_card":"summary_large_image","twitter_misc":{"Napisane przez":"takacsm","Szacowany czas czytania":"1 minuta"},"schema":{"@context":"https:\/\/schema.org","@graph":[{"@type":"event","@id":"https:\/\/instytutpolski.pl\/budapest\/pl\/2017\/08\/05\/polscy-artysci-na-miedzynarodowym-sympozjum-sztuki-wspolczesnej-w-cered\/","url":"https:\/\/instytutpolski.pl\/budapest\/pl\/2017\/08\/05\/polscy-artysci-na-miedzynarodowym-sympozjum-sztuki-wspolczesnej-w-cered\/","name":"POLSCY ARTY\u015aCI NA MI\u0118DZYNARODOWYM SYMPOZJUM SZTUKI WSP\u00d3\u0141CZESNEJ W CERED!","isPartOf":{"@id":"https:\/\/instytutpolski.pl\/budapest\/#website"},"primaryImageOfPage":{"@id":"https:\/\/instytutpolski.pl\/budapest\/pl\/2017\/08\/05\/polscy-artysci-na-miedzynarodowym-sympozjum-sztuki-wspolczesnej-w-cered\/#primaryimage"},"image":["https:\/\/instytutpolski.pl\/budapest\/wp-content\/uploads\/sites\/21\/2020\/04\/ceredi_muvesztelep.png","https:\/\/instytutpolski.pl\/budapest\/wp-content\/uploads\/sites\/21\/2020\/04\/ceredi_muvesztelep-300x207.png","https:\/\/instytutpolski.pl\/budapest\/wp-content\/uploads\/sites\/21\/2020\/04\/ceredi_muvesztelep.png","https:\/\/instytutpolski.pl\/budapest\/wp-content\/uploads\/sites\/21\/2020\/04\/ceredi_muvesztelep.png"],"thumbnailUrl":"https:\/\/instytutpolski.pl\/budapest\/wp-content\/uploads\/sites\/21\/2020\/04\/ceredi_muvesztelep.png","datePublished":"2017-08-05T13:40:00+02:00","dateModified":"2020-05-04T10:09:36+02:00","author":{"@id":"https:\/\/instytutpolski.pl\/budapest\/#\/schema\/person\/35a72b339f128b3c51da8e0ac2c9c8fe"},"breadcrumb":{"@id":"https:\/\/instytutpolski.pl\/budapest\/pl\/2017\/08\/05\/polscy-artysci-na-miedzynarodowym-sympozjum-sztuki-wspolczesnej-w-cered\/#breadcrumb"},"inLanguage":"pl-PL","potentialAction":[{"@type":"ReadAction","target":["https:\/\/instytutpolski.pl\/budapest\/pl\/2017\/08\/05\/polscy-artysci-na-miedzynarodowym-sympozjum-sztuki-wspolczesnej-w-cered\/"]}],"@context":"https:\/\/schema.org","startDate":"2017-08-05","endDate":"2017-08-05","eventStatus":"EventScheduled","eventAttendanceMode":"OfflineEventAttendanceMode","location":{"@type":"place","name":"","address":"","geo":{"@type":"GeoCoordinates","latitude":"","longitude":""}},"description":"5 sierpnia 2017 r. (sobota), godz. 19.00Ceredi nemzetk\u00f6zi kort\u00e1rs m\u0171v\u00e9sztelep\nDzie\u0144 otwarty i wernisa\u017c wystawy odb\u0119dzie si\u0119 5 sierpnia o godzinie 19.00W sympozium we\u017amie udzia\u0142 30 artyst\u00f3w z Polski, W\u0119gier, S\u0142owacji, Finlandi, Rumuni, Czech, Niemiec, Wielkiej Brytani, W\u0142och, Belgi, Holandi i Zjednoczonych Emirat\u00f3w Arabskich.\nTematyk\u0105 tegorocznej edycji sympozium s\u0105:\u00a0ODOSOBNIONE PRZESTRZENIE.\nARTY\u015aCI:Jozef Suchoza sculpture, BanskaBystrica, SlovakiaPeter Kollar media artist, Lu\u010denec, SlovakiaJ\u00e1n Adamove media artist, Lu\u010denec, SlovakiaJana Bialov\u00e1 visual artist, Filakovo, SlovakiaKrist\u00edna \u0160uhajov\u00e1 painter, Filakovo, SlovakiaAnna Semerdjiev painter, Vantaa, FinlandJani Heinonen painter, Vantaa, FinlandDanut Timis visual artist, Borsa, RomaniaStetco Gavrila painter, Borsa, RomaniaBob\u00e1ly \u00c1d\u00e1m sculpture-restorer, Salg\u00f3tarj\u00e1n\/Somosk\u0151, HungaryBob\u00e1ly D\u00e1vid sculpture, Salg\u00f3tarj\u00e1n\/Somosk\u0151, HungaryVladimir Kovarik sculpture, designer, Uherske Hradiste, CzechChristoph Eckelt photoartist, Berlin, GermanyCec\u00edlia Kun visual artist, Budapest, HungaryL\u00e1szl\u00f3 S\u00e1nta painter, Budapest, HungaryMicha\u0142 Janowski painter, Poznan\/London, Poland\/GBTomasz Piars visual artist, Budapest\/Warsaw, Hungary\/PolandLodi Francesca visual artist, Vigarano, ItalyManfredini Emanuela visual artist, Vigarano, ItalyJimmy Szemethy graphicartist, Zs\u00e1mb\u00e9k, HungaryEszter Palik designer, Budapest, Hungary\u00c1gota Krn\u00e1cs visual artist, Budapest, HungaryChristoph Eckelt photoartist, Berlin, GermanyPuklus P\u00e9ter photoartist, Budapest, HungaryManar Laham graphic and multimedia designer Ajman, United Arab EmiratesJozef Suchoza sculpture, BanskaBystrica, SlovakiaEmi de Graeve textildesigner, Eupen, BelgiumBabeth Rammelt conceptual designer, Amszterdam, NetherlandsVera Kuipers illustratrator, art director, Amsterdam, NetherlandsCsaba F\u00fcrjesi visual artist, Budapest, Hungary\nKURATORZY:Szabina P\u00e9ter art historian, HungaryPatrycja Rup art historian, art manager, PolandDr. N\u00e1ty R\u00f3bert art historian, HungaryMiroslav Zelinsky art historian, CzechR\u00e9ka Visnyei designer, GermanyDaniel Timmer architect, Hungary\nhttp:\/\/artcolony-cered.com\/hu\/separated-spaces-2017\/"},{"@type":"ImageObject","inLanguage":"pl-PL","@id":"https:\/\/instytutpolski.pl\/budapest\/pl\/2017\/08\/05\/polscy-artysci-na-miedzynarodowym-sympozjum-sztuki-wspolczesnej-w-cered\/#primaryimage","url":"https:\/\/instytutpolski.pl\/budapest\/wp-content\/uploads\/sites\/21\/2020\/04\/ceredi_muvesztelep.png","contentUrl":"https:\/\/instytutpolski.pl\/budapest\/wp-content\/uploads\/sites\/21\/2020\/04\/ceredi_muvesztelep.png","width":350,"height":241},{"@type":"BreadcrumbList","@id":"https:\/\/instytutpolski.pl\/budapest\/pl\/2017\/08\/05\/polscy-artysci-na-miedzynarodowym-sympozjum-sztuki-wspolczesnej-w-cered\/#breadcrumb","itemListElement":[{"@type":"ListItem","position":1,"name":"Home","item":"https:\/\/instytutpolski.pl\/budapest\/"},{"@type":"ListItem","position":2,"name":"POLSCY ARTY\u015aCI NA MI\u0118DZYNARODOWYM SYMPOZJUM SZTUKI WSP\u00d3\u0141CZESNEJ W CERED!"}]},{"@type":"WebSite","@id":"https:\/\/instytutpolski.pl\/budapest\/#website","url":"https:\/\/instytutpolski.pl\/budapest\/","name":"Instytut Polski w Budapeszcie","description":"Instytuty Polskie","potentialAction":[{"@type":"SearchAction","target":{"@type":"EntryPoint","urlTemplate":"https:\/\/instytutpolski.pl\/budapest\/?s={search_term_string}"},"query-input":{"@type":"PropertyValueSpecification","valueRequired":true,"valueName":"search_term_string"}}],"inLanguage":"pl-PL"},{"@type":"Person","@id":"https:\/\/instytutpolski.pl\/budapest\/#\/schema\/person\/35a72b339f128b3c51da8e0ac2c9c8fe","name":"takacsm","image":{"@type":"ImageObject","inLanguage":"pl-PL","@id":"https:\/\/instytutpolski.pl\/budapest\/#\/schema\/person\/image\/","url":"https:\/\/secure.gravatar.com\/avatar\/3cdc999881482fcdbe974296288ca419?s=96&d=mm&r=g","contentUrl":"https:\/\/secure.gravatar.com\/avatar\/3cdc999881482fcdbe974296288ca419?s=96&d=mm&r=g","caption":"takacsm"},"url":"https:\/\/instytutpolski.pl\/budapest\/author\/takacsm\/"}]}},"_links":{"self":[{"href":"https:\/\/instytutpolski.pl\/budapest\/wp-json\/wp\/v2\/posts\/4456","targetHints":{"allow":["GET"]}}],"collection":[{"href":"https:\/\/instytutpolski.pl\/budapest\/wp-json\/wp\/v2\/posts"}],"about":[{"href":"https:\/\/instytutpolski.pl\/budapest\/wp-json\/wp\/v2\/types\/post"}],"author":[{"embeddable":true,"href":"https:\/\/instytutpolski.pl\/budapest\/wp-json\/wp\/v2\/users\/124"}],"replies":[{"embeddable":true,"href":"https:\/\/instytutpolski.pl\/budapest\/wp-json\/wp\/v2\/comments?post=4456"}],"version-history":[{"count":2,"href":"https:\/\/instytutpolski.pl\/budapest\/wp-json\/wp\/v2\/posts\/4456\/revisions"}],"predecessor-version":[{"id":4459,"href":"https:\/\/instytutpolski.pl\/budapest\/wp-json\/wp\/v2\/posts\/4456\/revisions\/4459"}],"wp:featuredmedia":[{"embeddable":true,"href":"https:\/\/instytutpolski.pl\/budapest\/wp-json\/wp\/v2\/media\/4457"}],"wp:attachment":[{"href":"https:\/\/instytutpolski.pl\/budapest\/wp-json\/wp\/v2\/media?parent=4456"}],"wp:term":[{"taxonomy":"category","embeddable":true,"href":"https:\/\/instytutpolski.pl\/budapest\/wp-json\/wp\/v2\/categories?post=4456"},{"taxonomy":"post_tag","embeddable":true,"href":"https:\/\/instytutpolski.pl\/budapest\/wp-json\/wp\/v2\/tags?post=4456"}],"curies":[{"name":"wp","href":"https:\/\/api.w.org\/{rel}","templated":true}]}}