{"id":4496,"date":"2017-05-31T11:35:00","date_gmt":"2017-05-31T09:35:00","guid":{"rendered":"https:\/\/instytutpolski.pl\/budapest\/?p=4496"},"modified":"2020-05-04T11:39:29","modified_gmt":"2020-05-04T09:39:29","slug":"capturing-a-moment","status":"publish","type":"post","link":"https:\/\/instytutpolski.pl\/budapest\/pl\/2017\/05\/31\/capturing-a-moment\/","title":{"rendered":"CAPTURING A MOMENT"},"content":{"rendered":"\n<p class=\"node-date\">31 maja (\u015broda), godz. 19.00 \u2014 22 czerwca 2017 r. (czwartek)<br \/>Andr\u00e1ssy \u00fat 32.<\/p>\n<p><strong>CAPTURING A MOMENT &#8211; w<\/strong>ernisa\u017c odb\u0119dzie si\u0119 31 maja o godzinie 19.00<\/p>\n<p><strong>ARTY\u015aCI:<br \/><\/strong><strong>Pavel BRAILA (MD)<br \/><\/strong><strong>Tatiana FIODOROVA (MD)<br \/><\/strong><strong>Gruppo T\u00f6kmag (HU)<br \/><\/strong><strong>Ramin MAZUR (MD)<br \/><\/strong><strong>Ghenadie POPESCU (MD)<br \/><\/strong><strong>Dominik RITSZEL (PL)<br \/><\/strong><strong>SOCI\u00c9T\u00c9 R\u00c9ALISTE (FR\/HU)<\/strong><\/p>\n<p class=\"Standard\">Patrz\u0105c na prace wsp\u00f3\u0142czesnych artyst\u00f3w\/artystek pochodz\u0105cych z Mo\u0142dawii lub obserwuj\u0105c wystawy organizowane przez wsp\u00f3\u0142czesne mo\u0142dawskie instytucje artystyczne, mo\u017cemy dostrzec pewn\u0105 tendencj\u0119 do dokumentowania aktualnych kontekst\u00f3w. Poj\u0119cie dokumentacji mo\u017ce zosta\u0107 zrozumiane w szerszym znaczeniu ni\u017c jedynie akt uchwycenia pewnego momentu lub fenomenu. Artysta\/tka obserwuje, odkrywa oraz bada przedmiot zainteresowania. Podczas pr\u00f3by zdefiniowania swojej relacji do niego, osoba tak\u017ce wyznacza swoj\u0105 pozycje oraz odczuwane emocje, sensacje i wspomnienia wywo\u0142ane przez znany przedmiot bada\u0144. U\u017cywaj\u0105c dokumentacji jako praktyki artystycznej arty\u015bci\/artystki podejmuj\u0105 pr\u00f3b\u0119 zaznajomienia si\u0119 z ich \u201eprzedmiotem\u201d bada\u0144. Dokumentuj\u0105c go, pr\u00f3buj\u0105 oni go zrozumie\u0107 oraz zinterpretowa\u0107 a nast\u0119pnie pokaza\u0107 wynik ich inwestygacji, wyznaczaj\u0105c ich relacj\u0119 z danym podmiotem.<\/p>\n<p class=\"Standard\">Wystawa pt. Capturig the moment prezentuje r\u00f3\u017cne dokumentacje artystyczne dotycz\u0105ce tego samego tematu a mianowicie Republiki Mo\u0142dawskiej, kraju znajduj\u0105cemu si\u0119 na pograniczu Europy Wschodniej oraz Rosji. Dzi\u0119ki prezentowanym pracom pojawia nam si\u0119 obraz tego specyficznego kraju, obywatele nabieraj\u0105 wyrazisto\u015bci, wyczuwamy atmosfer\u0119 prezentowanych miejsc oraz zdobywamy wiedz\u0119 na temat wsp\u00f3\u0142czesno\u015bci oraz przesz\u0142o\u015bci tego kraju. Z innej perspektywy, prace tych artyst\u00f3w\/artystek mog\u0105 by\u0107 odczytane jako osobiste odczucie dotycz\u0105ce ich relacji, d\u0142u\u017cszej lub kr\u00f3tszej z Mo\u0142dawi\u0105.<\/p>\n<p class=\"Standard\">Kuratorzy:\u00a0<strong>Lendeczki Kinga, B\u00e1nki \u00c1kos<\/strong><\/p>\n","protected":false},"excerpt":{"rendered":"<p>31 maja (\u015broda), godz. 19.00 \u2014 22 czerwca 2017 r. (czwartek)Andr\u00e1ssy \u00fat 32. CAPTURING A MOMENT &#8211; wernisa\u017c odb\u0119dzie si\u0119 31 maja o godzinie 19.00 ARTY\u015aCI:Pavel BRAILA (MD)Tatiana FIODOROVA (MD)Gruppo T\u00f6kmag (HU)Ramin MAZUR (MD)Ghenadie POPESCU (MD)Dominik RITSZEL (PL)SOCI\u00c9T\u00c9 R\u00c9ALISTE (FR\/HU) Patrz\u0105c na prace wsp\u00f3\u0142czesnych artyst\u00f3w\/artystek pochodz\u0105cych z Mo\u0142dawii lub obserwuj\u0105c wystawy organizowane przez wsp\u00f3\u0142czesne mo\u0142dawskie [&hellip;]<\/p>\n","protected":false},"author":124,"featured_media":4497,"comment_status":"open","ping_status":"open","sticky":false,"template":"","format":"standard","meta":{"inline_featured_image":false,"_monsterinsights_skip_tracking":false,"_monsterinsights_sitenote_active":false,"_monsterinsights_sitenote_note":"","_monsterinsights_sitenote_category":0,"footnotes":""},"categories":[173,40,233,80],"tags":[],"class_list":["post-4496","post","type-post","status-publish","format-standard","has-post-thumbnail","hentry","category-galeria-platan","category-program-pl","category-wydarzenia","category-wystawa"],"yoast_head":"<!-- This site is optimized with the Yoast SEO plugin v24.6 - https:\/\/yoast.com\/wordpress\/plugins\/seo\/ -->\n<title>CAPTURING A MOMENT - Instytut Polski w Budapeszcie<\/title>\n<meta name=\"robots\" content=\"index, follow, max-snippet:-1, max-image-preview:large, max-video-preview:-1\" \/>\n<link rel=\"canonical\" href=\"https:\/\/instytutpolski.pl\/budapest\/pl\/2017\/05\/31\/capturing-a-moment\/\" \/>\n<meta property=\"og:locale\" content=\"pl_PL\" \/>\n<meta property=\"og:type\" content=\"article\" \/>\n<meta property=\"og:title\" content=\"CAPTURING A MOMENT - Instytut Polski w Budapeszcie\" \/>\n<meta property=\"og:description\" content=\"31 maja (\u015broda), godz. 19.00 \u2014 22 czerwca 2017 r. (czwartek)Andr\u00e1ssy \u00fat 32. CAPTURING A MOMENT &#8211; wernisa\u017c odb\u0119dzie si\u0119 31 maja o godzinie 19.00 ARTY\u015aCI:Pavel BRAILA (MD)Tatiana FIODOROVA (MD)Gruppo T\u00f6kmag (HU)Ramin MAZUR (MD)Ghenadie POPESCU (MD)Dominik RITSZEL (PL)SOCI\u00c9T\u00c9 R\u00c9ALISTE (FR\/HU) Patrz\u0105c na prace wsp\u00f3\u0142czesnych artyst\u00f3w\/artystek pochodz\u0105cych z Mo\u0142dawii lub obserwuj\u0105c wystawy organizowane przez wsp\u00f3\u0142czesne mo\u0142dawskie [&hellip;]\" \/>\n<meta property=\"og:url\" content=\"https:\/\/instytutpolski.pl\/budapest\/pl\/2017\/05\/31\/capturing-a-moment\/\" \/>\n<meta property=\"og:site_name\" content=\"Instytut Polski w Budapeszcie\" \/>\n<meta property=\"article:published_time\" content=\"2017-05-31T09:35:00+00:00\" \/>\n<meta property=\"article:modified_time\" content=\"2020-05-04T09:39:29+00:00\" \/>\n<meta property=\"og:image\" content=\"https:\/\/instytutpolski.pl\/budapest\/wp-content\/uploads\/sites\/21\/2020\/04\/raminmazur-6319.jpg\" \/>\n\t<meta property=\"og:image:width\" content=\"350\" \/>\n\t<meta property=\"og:image:height\" content=\"234\" \/>\n\t<meta property=\"og:image:type\" content=\"image\/jpeg\" \/>\n<meta name=\"author\" content=\"takacsm\" \/>\n<meta name=\"twitter:card\" content=\"summary_large_image\" \/>\n<meta name=\"twitter:label1\" content=\"Napisane przez\" \/>\n\t<meta name=\"twitter:data1\" content=\"takacsm\" \/>\n\t<meta name=\"twitter:label2\" content=\"Szacowany czas czytania\" \/>\n\t<meta name=\"twitter:data2\" content=\"1 minuta\" \/>\n<script type=\"application\/ld+json\" class=\"yoast-schema-graph\">{\"@context\":\"https:\/\/schema.org\",\"@graph\":[{\"@type\":\"event\",\"@id\":\"https:\/\/instytutpolski.pl\/budapest\/pl\/2017\/05\/31\/capturing-a-moment\/\",\"url\":\"https:\/\/instytutpolski.pl\/budapest\/pl\/2017\/05\/31\/capturing-a-moment\/\",\"name\":\"CAPTURING A MOMENT\",\"isPartOf\":{\"@id\":\"https:\/\/instytutpolski.pl\/budapest\/#website\"},\"primaryImageOfPage\":{\"@id\":\"https:\/\/instytutpolski.pl\/budapest\/pl\/2017\/05\/31\/capturing-a-moment\/#primaryimage\"},\"image\":[\"https:\/\/instytutpolski.pl\/budapest\/wp-content\/uploads\/sites\/21\/2020\/04\/raminmazur-6319.jpg\",\"https:\/\/instytutpolski.pl\/budapest\/wp-content\/uploads\/sites\/21\/2020\/04\/raminmazur-6319-300x201.jpg\",\"https:\/\/instytutpolski.pl\/budapest\/wp-content\/uploads\/sites\/21\/2020\/04\/raminmazur-6319.jpg\",\"https:\/\/instytutpolski.pl\/budapest\/wp-content\/uploads\/sites\/21\/2020\/04\/raminmazur-6319.jpg\"],\"thumbnailUrl\":\"https:\/\/instytutpolski.pl\/budapest\/wp-content\/uploads\/sites\/21\/2020\/04\/raminmazur-6319.jpg\",\"datePublished\":\"2017-05-31T09:35:00+02:00\",\"dateModified\":\"2020-05-04T09:39:29+02:00\",\"author\":{\"@id\":\"https:\/\/instytutpolski.pl\/budapest\/#\/schema\/person\/35a72b339f128b3c51da8e0ac2c9c8fe\"},\"breadcrumb\":{\"@id\":\"https:\/\/instytutpolski.pl\/budapest\/pl\/2017\/05\/31\/capturing-a-moment\/#breadcrumb\"},\"inLanguage\":\"pl-PL\",\"potentialAction\":[{\"@type\":\"ReadAction\",\"target\":[\"https:\/\/instytutpolski.pl\/budapest\/pl\/2017\/05\/31\/capturing-a-moment\/\"]}],\"@context\":\"https:\/\/schema.org\",\"startDate\":\"2017-05-31\",\"endDate\":\"2017-06-22\",\"eventStatus\":\"EventScheduled\",\"eventAttendanceMode\":\"OfflineEventAttendanceMode\",\"location\":{\"@type\":\"place\",\"name\":\"\",\"address\":\"\",\"geo\":{\"@type\":\"GeoCoordinates\",\"latitude\":\"\",\"longitude\":\"\"}},\"description\":\"31 maja (\u015broda), godz. 19.00 \u2014 22 czerwca 2017 r. (czwartek)Andr\u00e1ssy \u00fat 32.\\nCAPTURING A MOMENT - wernisa\u017c odb\u0119dzie si\u0119 31 maja o godzinie 19.00\\nARTY\u015aCI:Pavel BRAILA (MD)Tatiana FIODOROVA (MD)Gruppo T\u00f6kmag (HU)Ramin MAZUR (MD)Ghenadie POPESCU (MD)Dominik RITSZEL (PL)SOCI\u00c9T\u00c9 R\u00c9ALISTE (FR\/HU)\\nPatrz\u0105c na prace wsp\u00f3\u0142czesnych artyst\u00f3w\/artystek pochodz\u0105cych z Mo\u0142dawii lub obserwuj\u0105c wystawy organizowane przez wsp\u00f3\u0142czesne mo\u0142dawskie instytucje artystyczne, mo\u017cemy dostrzec pewn\u0105 tendencj\u0119 do dokumentowania aktualnych kontekst\u00f3w. Poj\u0119cie dokumentacji mo\u017ce zosta\u0107 zrozumiane w szerszym znaczeniu ni\u017c jedynie akt uchwycenia pewnego momentu lub fenomenu. Artysta\/tka obserwuje, odkrywa oraz bada przedmiot zainteresowania. Podczas pr\u00f3by zdefiniowania swojej relacji do niego, osoba tak\u017ce wyznacza swoj\u0105 pozycje oraz odczuwane emocje, sensacje i wspomnienia wywo\u0142ane przez znany przedmiot bada\u0144. U\u017cywaj\u0105c dokumentacji jako praktyki artystycznej arty\u015bci\/artystki podejmuj\u0105 pr\u00f3b\u0119 zaznajomienia si\u0119 z ich \u201eprzedmiotem\u201d bada\u0144. Dokumentuj\u0105c go, pr\u00f3buj\u0105 oni go zrozumie\u0107 oraz zinterpretowa\u0107 a nast\u0119pnie pokaza\u0107 wynik ich inwestygacji, wyznaczaj\u0105c ich relacj\u0119 z danym podmiotem.\\nWystawa pt. Capturig the moment prezentuje r\u00f3\u017cne dokumentacje artystyczne dotycz\u0105ce tego samego tematu a mianowicie Republiki Mo\u0142dawskiej, kraju znajduj\u0105cemu si\u0119 na pograniczu Europy Wschodniej oraz Rosji. Dzi\u0119ki prezentowanym pracom pojawia nam si\u0119 obraz tego specyficznego kraju, obywatele nabieraj\u0105 wyrazisto\u015bci, wyczuwamy atmosfer\u0119 prezentowanych miejsc oraz zdobywamy wiedz\u0119 na temat wsp\u00f3\u0142czesno\u015bci oraz przesz\u0142o\u015bci tego kraju. Z innej perspektywy, prace tych artyst\u00f3w\/artystek mog\u0105 by\u0107 odczytane jako osobiste odczucie dotycz\u0105ce ich relacji, d\u0142u\u017cszej lub kr\u00f3tszej z Mo\u0142dawi\u0105.\\nKuratorzy:\u00a0Lendeczki Kinga, B\u00e1nki \u00c1kos\"},{\"@type\":\"ImageObject\",\"inLanguage\":\"pl-PL\",\"@id\":\"https:\/\/instytutpolski.pl\/budapest\/pl\/2017\/05\/31\/capturing-a-moment\/#primaryimage\",\"url\":\"https:\/\/instytutpolski.pl\/budapest\/wp-content\/uploads\/sites\/21\/2020\/04\/raminmazur-6319.jpg\",\"contentUrl\":\"https:\/\/instytutpolski.pl\/budapest\/wp-content\/uploads\/sites\/21\/2020\/04\/raminmazur-6319.jpg\",\"width\":350,\"height\":234},{\"@type\":\"BreadcrumbList\",\"@id\":\"https:\/\/instytutpolski.pl\/budapest\/pl\/2017\/05\/31\/capturing-a-moment\/#breadcrumb\",\"itemListElement\":[{\"@type\":\"ListItem\",\"position\":1,\"name\":\"Home\",\"item\":\"https:\/\/instytutpolski.pl\/budapest\/\"},{\"@type\":\"ListItem\",\"position\":2,\"name\":\"CAPTURING A MOMENT\"}]},{\"@type\":\"WebSite\",\"@id\":\"https:\/\/instytutpolski.pl\/budapest\/#website\",\"url\":\"https:\/\/instytutpolski.pl\/budapest\/\",\"name\":\"Instytut Polski w Budapeszcie\",\"description\":\"Instytuty Polskie\",\"potentialAction\":[{\"@type\":\"SearchAction\",\"target\":{\"@type\":\"EntryPoint\",\"urlTemplate\":\"https:\/\/instytutpolski.pl\/budapest\/?s={search_term_string}\"},\"query-input\":{\"@type\":\"PropertyValueSpecification\",\"valueRequired\":true,\"valueName\":\"search_term_string\"}}],\"inLanguage\":\"pl-PL\"},{\"@type\":\"Person\",\"@id\":\"https:\/\/instytutpolski.pl\/budapest\/#\/schema\/person\/35a72b339f128b3c51da8e0ac2c9c8fe\",\"name\":\"takacsm\",\"image\":{\"@type\":\"ImageObject\",\"inLanguage\":\"pl-PL\",\"@id\":\"https:\/\/instytutpolski.pl\/budapest\/#\/schema\/person\/image\/\",\"url\":\"https:\/\/secure.gravatar.com\/avatar\/3cdc999881482fcdbe974296288ca419?s=96&d=mm&r=g\",\"contentUrl\":\"https:\/\/secure.gravatar.com\/avatar\/3cdc999881482fcdbe974296288ca419?s=96&d=mm&r=g\",\"caption\":\"takacsm\"},\"url\":\"https:\/\/instytutpolski.pl\/budapest\/author\/takacsm\/\"}]}<\/script>\n<!-- \/ Yoast SEO plugin. -->","yoast_head_json":{"title":"CAPTURING A MOMENT - Instytut Polski w Budapeszcie","robots":{"index":"index","follow":"follow","max-snippet":"max-snippet:-1","max-image-preview":"max-image-preview:large","max-video-preview":"max-video-preview:-1"},"canonical":"https:\/\/instytutpolski.pl\/budapest\/pl\/2017\/05\/31\/capturing-a-moment\/","og_locale":"pl_PL","og_type":"article","og_title":"CAPTURING A MOMENT - Instytut Polski w Budapeszcie","og_description":"31 maja (\u015broda), godz. 19.00 \u2014 22 czerwca 2017 r. (czwartek)Andr\u00e1ssy \u00fat 32. CAPTURING A MOMENT &#8211; wernisa\u017c odb\u0119dzie si\u0119 31 maja o godzinie 19.00 ARTY\u015aCI:Pavel BRAILA (MD)Tatiana FIODOROVA (MD)Gruppo T\u00f6kmag (HU)Ramin MAZUR (MD)Ghenadie POPESCU (MD)Dominik RITSZEL (PL)SOCI\u00c9T\u00c9 R\u00c9ALISTE (FR\/HU) Patrz\u0105c na prace wsp\u00f3\u0142czesnych artyst\u00f3w\/artystek pochodz\u0105cych z Mo\u0142dawii lub obserwuj\u0105c wystawy organizowane przez wsp\u00f3\u0142czesne mo\u0142dawskie [&hellip;]","og_url":"https:\/\/instytutpolski.pl\/budapest\/pl\/2017\/05\/31\/capturing-a-moment\/","og_site_name":"Instytut Polski w Budapeszcie","article_published_time":"2017-05-31T09:35:00+00:00","article_modified_time":"2020-05-04T09:39:29+00:00","og_image":[{"width":350,"height":234,"url":"https:\/\/instytutpolski.pl\/budapest\/wp-content\/uploads\/sites\/21\/2020\/04\/raminmazur-6319.jpg","type":"image\/jpeg"}],"author":"takacsm","twitter_card":"summary_large_image","twitter_misc":{"Napisane przez":"takacsm","Szacowany czas czytania":"1 minuta"},"schema":{"@context":"https:\/\/schema.org","@graph":[{"@type":"event","@id":"https:\/\/instytutpolski.pl\/budapest\/pl\/2017\/05\/31\/capturing-a-moment\/","url":"https:\/\/instytutpolski.pl\/budapest\/pl\/2017\/05\/31\/capturing-a-moment\/","name":"CAPTURING A MOMENT","isPartOf":{"@id":"https:\/\/instytutpolski.pl\/budapest\/#website"},"primaryImageOfPage":{"@id":"https:\/\/instytutpolski.pl\/budapest\/pl\/2017\/05\/31\/capturing-a-moment\/#primaryimage"},"image":["https:\/\/instytutpolski.pl\/budapest\/wp-content\/uploads\/sites\/21\/2020\/04\/raminmazur-6319.jpg","https:\/\/instytutpolski.pl\/budapest\/wp-content\/uploads\/sites\/21\/2020\/04\/raminmazur-6319-300x201.jpg","https:\/\/instytutpolski.pl\/budapest\/wp-content\/uploads\/sites\/21\/2020\/04\/raminmazur-6319.jpg","https:\/\/instytutpolski.pl\/budapest\/wp-content\/uploads\/sites\/21\/2020\/04\/raminmazur-6319.jpg"],"thumbnailUrl":"https:\/\/instytutpolski.pl\/budapest\/wp-content\/uploads\/sites\/21\/2020\/04\/raminmazur-6319.jpg","datePublished":"2017-05-31T09:35:00+02:00","dateModified":"2020-05-04T09:39:29+02:00","author":{"@id":"https:\/\/instytutpolski.pl\/budapest\/#\/schema\/person\/35a72b339f128b3c51da8e0ac2c9c8fe"},"breadcrumb":{"@id":"https:\/\/instytutpolski.pl\/budapest\/pl\/2017\/05\/31\/capturing-a-moment\/#breadcrumb"},"inLanguage":"pl-PL","potentialAction":[{"@type":"ReadAction","target":["https:\/\/instytutpolski.pl\/budapest\/pl\/2017\/05\/31\/capturing-a-moment\/"]}],"@context":"https:\/\/schema.org","startDate":"2017-05-31","endDate":"2017-06-22","eventStatus":"EventScheduled","eventAttendanceMode":"OfflineEventAttendanceMode","location":{"@type":"place","name":"","address":"","geo":{"@type":"GeoCoordinates","latitude":"","longitude":""}},"description":"31 maja (\u015broda), godz. 19.00 \u2014 22 czerwca 2017 r. (czwartek)Andr\u00e1ssy \u00fat 32.\nCAPTURING A MOMENT - wernisa\u017c odb\u0119dzie si\u0119 31 maja o godzinie 19.00\nARTY\u015aCI:Pavel BRAILA (MD)Tatiana FIODOROVA (MD)Gruppo T\u00f6kmag (HU)Ramin MAZUR (MD)Ghenadie POPESCU (MD)Dominik RITSZEL (PL)SOCI\u00c9T\u00c9 R\u00c9ALISTE (FR\/HU)\nPatrz\u0105c na prace wsp\u00f3\u0142czesnych artyst\u00f3w\/artystek pochodz\u0105cych z Mo\u0142dawii lub obserwuj\u0105c wystawy organizowane przez wsp\u00f3\u0142czesne mo\u0142dawskie instytucje artystyczne, mo\u017cemy dostrzec pewn\u0105 tendencj\u0119 do dokumentowania aktualnych kontekst\u00f3w. Poj\u0119cie dokumentacji mo\u017ce zosta\u0107 zrozumiane w szerszym znaczeniu ni\u017c jedynie akt uchwycenia pewnego momentu lub fenomenu. Artysta\/tka obserwuje, odkrywa oraz bada przedmiot zainteresowania. Podczas pr\u00f3by zdefiniowania swojej relacji do niego, osoba tak\u017ce wyznacza swoj\u0105 pozycje oraz odczuwane emocje, sensacje i wspomnienia wywo\u0142ane przez znany przedmiot bada\u0144. U\u017cywaj\u0105c dokumentacji jako praktyki artystycznej arty\u015bci\/artystki podejmuj\u0105 pr\u00f3b\u0119 zaznajomienia si\u0119 z ich \u201eprzedmiotem\u201d bada\u0144. Dokumentuj\u0105c go, pr\u00f3buj\u0105 oni go zrozumie\u0107 oraz zinterpretowa\u0107 a nast\u0119pnie pokaza\u0107 wynik ich inwestygacji, wyznaczaj\u0105c ich relacj\u0119 z danym podmiotem.\nWystawa pt. Capturig the moment prezentuje r\u00f3\u017cne dokumentacje artystyczne dotycz\u0105ce tego samego tematu a mianowicie Republiki Mo\u0142dawskiej, kraju znajduj\u0105cemu si\u0119 na pograniczu Europy Wschodniej oraz Rosji. Dzi\u0119ki prezentowanym pracom pojawia nam si\u0119 obraz tego specyficznego kraju, obywatele nabieraj\u0105 wyrazisto\u015bci, wyczuwamy atmosfer\u0119 prezentowanych miejsc oraz zdobywamy wiedz\u0119 na temat wsp\u00f3\u0142czesno\u015bci oraz przesz\u0142o\u015bci tego kraju. Z innej perspektywy, prace tych artyst\u00f3w\/artystek mog\u0105 by\u0107 odczytane jako osobiste odczucie dotycz\u0105ce ich relacji, d\u0142u\u017cszej lub kr\u00f3tszej z Mo\u0142dawi\u0105.\nKuratorzy:\u00a0Lendeczki Kinga, B\u00e1nki \u00c1kos"},{"@type":"ImageObject","inLanguage":"pl-PL","@id":"https:\/\/instytutpolski.pl\/budapest\/pl\/2017\/05\/31\/capturing-a-moment\/#primaryimage","url":"https:\/\/instytutpolski.pl\/budapest\/wp-content\/uploads\/sites\/21\/2020\/04\/raminmazur-6319.jpg","contentUrl":"https:\/\/instytutpolski.pl\/budapest\/wp-content\/uploads\/sites\/21\/2020\/04\/raminmazur-6319.jpg","width":350,"height":234},{"@type":"BreadcrumbList","@id":"https:\/\/instytutpolski.pl\/budapest\/pl\/2017\/05\/31\/capturing-a-moment\/#breadcrumb","itemListElement":[{"@type":"ListItem","position":1,"name":"Home","item":"https:\/\/instytutpolski.pl\/budapest\/"},{"@type":"ListItem","position":2,"name":"CAPTURING A MOMENT"}]},{"@type":"WebSite","@id":"https:\/\/instytutpolski.pl\/budapest\/#website","url":"https:\/\/instytutpolski.pl\/budapest\/","name":"Instytut Polski w Budapeszcie","description":"Instytuty Polskie","potentialAction":[{"@type":"SearchAction","target":{"@type":"EntryPoint","urlTemplate":"https:\/\/instytutpolski.pl\/budapest\/?s={search_term_string}"},"query-input":{"@type":"PropertyValueSpecification","valueRequired":true,"valueName":"search_term_string"}}],"inLanguage":"pl-PL"},{"@type":"Person","@id":"https:\/\/instytutpolski.pl\/budapest\/#\/schema\/person\/35a72b339f128b3c51da8e0ac2c9c8fe","name":"takacsm","image":{"@type":"ImageObject","inLanguage":"pl-PL","@id":"https:\/\/instytutpolski.pl\/budapest\/#\/schema\/person\/image\/","url":"https:\/\/secure.gravatar.com\/avatar\/3cdc999881482fcdbe974296288ca419?s=96&d=mm&r=g","contentUrl":"https:\/\/secure.gravatar.com\/avatar\/3cdc999881482fcdbe974296288ca419?s=96&d=mm&r=g","caption":"takacsm"},"url":"https:\/\/instytutpolski.pl\/budapest\/author\/takacsm\/"}]}},"_links":{"self":[{"href":"https:\/\/instytutpolski.pl\/budapest\/wp-json\/wp\/v2\/posts\/4496","targetHints":{"allow":["GET"]}}],"collection":[{"href":"https:\/\/instytutpolski.pl\/budapest\/wp-json\/wp\/v2\/posts"}],"about":[{"href":"https:\/\/instytutpolski.pl\/budapest\/wp-json\/wp\/v2\/types\/post"}],"author":[{"embeddable":true,"href":"https:\/\/instytutpolski.pl\/budapest\/wp-json\/wp\/v2\/users\/124"}],"replies":[{"embeddable":true,"href":"https:\/\/instytutpolski.pl\/budapest\/wp-json\/wp\/v2\/comments?post=4496"}],"version-history":[{"count":2,"href":"https:\/\/instytutpolski.pl\/budapest\/wp-json\/wp\/v2\/posts\/4496\/revisions"}],"predecessor-version":[{"id":4499,"href":"https:\/\/instytutpolski.pl\/budapest\/wp-json\/wp\/v2\/posts\/4496\/revisions\/4499"}],"wp:featuredmedia":[{"embeddable":true,"href":"https:\/\/instytutpolski.pl\/budapest\/wp-json\/wp\/v2\/media\/4497"}],"wp:attachment":[{"href":"https:\/\/instytutpolski.pl\/budapest\/wp-json\/wp\/v2\/media?parent=4496"}],"wp:term":[{"taxonomy":"category","embeddable":true,"href":"https:\/\/instytutpolski.pl\/budapest\/wp-json\/wp\/v2\/categories?post=4496"},{"taxonomy":"post_tag","embeddable":true,"href":"https:\/\/instytutpolski.pl\/budapest\/wp-json\/wp\/v2\/tags?post=4496"}],"curies":[{"name":"wp","href":"https:\/\/api.w.org\/{rel}","templated":true}]}}