{"id":4539,"date":"2017-03-22T13:40:00","date_gmt":"2017-03-22T12:40:00","guid":{"rendered":"https:\/\/instytutpolski.pl\/budapest\/?p=4539"},"modified":"2020-05-04T11:36:00","modified_gmt":"2020-05-04T09:36:00","slug":"remake","status":"publish","type":"post","link":"https:\/\/instytutpolski.pl\/budapest\/pl\/2017\/03\/22\/remake\/","title":{"rendered":"REMAKE"},"content":{"rendered":"\n<p class=\"node-date\">22 marca (\u015broda), godz. 18.00 \u2014 10 maja 2017 r. (\u015broda)<br \/>Lengyel Int\u00e9zet (Nagymez\u0151 u. 15)<\/p>\n<p><strong>Wernisa\u017c odb\u0119dzie si\u0119 22 marca o godzinie 18.00<br \/><br \/><\/strong>Moje fotografowanie ludzi bierze si\u0119 z ciekawo\u015bci i ch\u0119ci uczestniczenia w grze ze wsp\u00f3\u0142czesnymi mi indywidualno\u015bciami. Robi\u0119 portrety subiektywne, dostrzegaj\u0105c u wybranej osoby jedn\u0105 cech\u0119 &#8211; wra\u017cenie i t\u0119 w\u0142a\u015bciwo\u015b\u0107 staram si\u0119 wizualizowa\u0107. Sfotografuj\u0119 ka\u017cdego w spos\u00f3b, kt\u00f3ry uznam za stosowny.<\/p>\n<p>Ka\u017cdy ma oczy, usta i nos, ale dopiero utrwalony grymas, b\u0142ysk oka, struktura twarzy, czy obecno\u015b\u0107 przedmiotu magicznego, skrzy\u017cowane z k\u0105tem spojrzenia kamery, perspektyw\u0105 obiektywu, kadrem, o\u015bwietleniem i kolorem pozwalaj\u0105 stworzy\u0107 portret subiektywny. Portret subiektywny nie ma roszcze\u0144 do prawdy obiektywnej, jest raczej autorsk\u0105 impresj\u0105 zaanga\u017cowanego fotografa. Sp\u00f3r o istot\u0119 portretu, o proporcje obecno\u015bci w nim autora i modela jest jednym z najistotniejszych.<br \/><br \/><strong>KRZYSZTOF GIERA\u0141TOWSKI<\/strong> (1938)<\/p>\n<p>Fotograf, jeden z czo\u0142owych reprezentant\u00f3w wsp\u00f3\u0142czesnej fotografii polskiej. Znakomity interpretator ludzkich twarzy, tw\u00f3rca w\u0142asnych, przenikliwych wizji portretowanych os\u00f3b.<\/p>\n<p>Fotografuje od 1961, wystawia od 1963 roku. Na potrzeby prasy i wydawnictw zajmowa\u0142 si\u0119 fotografi\u0105 modow\u0105 i reklamow\u0105. Od 1996 roku prowadzi\u00a0<a href=\"http:\/\/www.gieraltowski-foto.com.pl\/\" target=\"_blank\" rel=\"noopener noreferrer\">Galeri\u0119 \/ Studio Giera\u0142towskiego<\/a>. Realizowa\u0142 kampanie reklamowe w Polsce i Europie Zachodniej. Jest tw\u00f3rc\u0105 licz\u0105cej ponad 80 tysi\u0119cy negatyw\u00f3w kolekcji &#8222;Polacy, portrety wsp\u00f3\u0142czesne&#8221;. Swoje prace prezentowa\u0142 na licznych wystawach indywidualnych i zbiorowych w znanych muzeach i galeriach w kraju i za granic\u0105. W 2015 w warszawskiej Ney Gallery&amp;Prints otworzy\u0142a si\u0119 wystawa &#8222;Remake&#8221;, prezentuj\u0105ca portrety artyst\u00f3w z Rosji, NRD, Polski i Holandii, wykonane jesieni\u0105 1990 roku podczas festiwalu kultury Passage Oost \u2013 Europa.\u00a0<\/p>\n","protected":false},"excerpt":{"rendered":"<p>22 marca (\u015broda), godz. 18.00 \u2014 10 maja 2017 r. (\u015broda)Lengyel Int\u00e9zet (Nagymez\u0151 u. 15) Wernisa\u017c odb\u0119dzie si\u0119 22 marca o godzinie 18.00 Moje fotografowanie ludzi bierze si\u0119 z ciekawo\u015bci i ch\u0119ci uczestniczenia w grze ze wsp\u00f3\u0142czesnymi mi indywidualno\u015bciami. Robi\u0119 portrety subiektywne, dostrzegaj\u0105c u wybranej osoby jedn\u0105 cech\u0119 &#8211; wra\u017cenie i t\u0119 w\u0142a\u015bciwo\u015b\u0107 staram si\u0119 [&hellip;]<\/p>\n","protected":false},"author":124,"featured_media":4540,"comment_status":"open","ping_status":"open","sticky":false,"template":"","format":"standard","meta":{"inline_featured_image":false,"_monsterinsights_skip_tracking":false,"_monsterinsights_sitenote_active":false,"_monsterinsights_sitenote_note":"","_monsterinsights_sitenote_category":0,"footnotes":""},"categories":[40,233,80],"tags":[],"class_list":["post-4539","post","type-post","status-publish","format-standard","has-post-thumbnail","hentry","category-program-pl","category-wydarzenia","category-wystawa"],"yoast_head":"<!-- This site is optimized with the Yoast SEO plugin v24.6 - https:\/\/yoast.com\/wordpress\/plugins\/seo\/ -->\n<title>REMAKE - Instytut Polski w Budapeszcie<\/title>\n<meta name=\"robots\" content=\"index, follow, max-snippet:-1, max-image-preview:large, max-video-preview:-1\" \/>\n<link rel=\"canonical\" href=\"https:\/\/instytutpolski.pl\/budapest\/pl\/2017\/03\/22\/remake\/\" \/>\n<meta property=\"og:locale\" content=\"pl_PL\" \/>\n<meta property=\"og:type\" content=\"article\" \/>\n<meta property=\"og:title\" content=\"REMAKE - Instytut Polski w Budapeszcie\" \/>\n<meta property=\"og:description\" content=\"22 marca (\u015broda), godz. 18.00 \u2014 10 maja 2017 r. (\u015broda)Lengyel Int\u00e9zet (Nagymez\u0151 u. 15) Wernisa\u017c odb\u0119dzie si\u0119 22 marca o godzinie 18.00 Moje fotografowanie ludzi bierze si\u0119 z ciekawo\u015bci i ch\u0119ci uczestniczenia w grze ze wsp\u00f3\u0142czesnymi mi indywidualno\u015bciami. Robi\u0119 portrety subiektywne, dostrzegaj\u0105c u wybranej osoby jedn\u0105 cech\u0119 &#8211; wra\u017cenie i t\u0119 w\u0142a\u015bciwo\u015b\u0107 staram si\u0119 [&hellip;]\" \/>\n<meta property=\"og:url\" content=\"https:\/\/instytutpolski.pl\/budapest\/pl\/2017\/03\/22\/remake\/\" \/>\n<meta property=\"og:site_name\" content=\"Instytut Polski w Budapeszcie\" \/>\n<meta property=\"article:published_time\" content=\"2017-03-22T12:40:00+00:00\" \/>\n<meta property=\"article:modified_time\" content=\"2020-05-04T09:36:00+00:00\" \/>\n<meta property=\"og:image\" content=\"https:\/\/instytutpolski.pl\/budapest\/wp-content\/uploads\/sites\/21\/2020\/04\/gieraltowski.jpg\" \/>\n\t<meta property=\"og:image:width\" content=\"333\" \/>\n\t<meta property=\"og:image:height\" content=\"500\" \/>\n\t<meta property=\"og:image:type\" content=\"image\/jpeg\" \/>\n<meta name=\"author\" content=\"takacsm\" \/>\n<meta name=\"twitter:card\" content=\"summary_large_image\" \/>\n<meta name=\"twitter:label1\" content=\"Napisane przez\" \/>\n\t<meta name=\"twitter:data1\" content=\"takacsm\" \/>\n\t<meta name=\"twitter:label2\" content=\"Szacowany czas czytania\" \/>\n\t<meta name=\"twitter:data2\" content=\"1 minuta\" \/>\n<script type=\"application\/ld+json\" class=\"yoast-schema-graph\">{\"@context\":\"https:\/\/schema.org\",\"@graph\":[{\"@type\":\"event\",\"@id\":\"https:\/\/instytutpolski.pl\/budapest\/pl\/2017\/03\/22\/remake\/\",\"url\":\"https:\/\/instytutpolski.pl\/budapest\/pl\/2017\/03\/22\/remake\/\",\"name\":\"REMAKE\",\"isPartOf\":{\"@id\":\"https:\/\/instytutpolski.pl\/budapest\/#website\"},\"primaryImageOfPage\":{\"@id\":\"https:\/\/instytutpolski.pl\/budapest\/pl\/2017\/03\/22\/remake\/#primaryimage\"},\"image\":[\"https:\/\/instytutpolski.pl\/budapest\/wp-content\/uploads\/sites\/21\/2020\/04\/gieraltowski.jpg\",\"https:\/\/instytutpolski.pl\/budapest\/wp-content\/uploads\/sites\/21\/2020\/04\/gieraltowski-200x300.jpg\",\"https:\/\/instytutpolski.pl\/budapest\/wp-content\/uploads\/sites\/21\/2020\/04\/gieraltowski.jpg\",\"https:\/\/instytutpolski.pl\/budapest\/wp-content\/uploads\/sites\/21\/2020\/04\/gieraltowski.jpg\"],\"thumbnailUrl\":\"https:\/\/instytutpolski.pl\/budapest\/wp-content\/uploads\/sites\/21\/2020\/04\/gieraltowski.jpg\",\"datePublished\":\"2017-03-22T12:40:00+02:00\",\"dateModified\":\"2020-05-04T09:36:00+02:00\",\"author\":{\"@id\":\"https:\/\/instytutpolski.pl\/budapest\/#\/schema\/person\/35a72b339f128b3c51da8e0ac2c9c8fe\"},\"breadcrumb\":{\"@id\":\"https:\/\/instytutpolski.pl\/budapest\/pl\/2017\/03\/22\/remake\/#breadcrumb\"},\"inLanguage\":\"pl-PL\",\"potentialAction\":[{\"@type\":\"ReadAction\",\"target\":[\"https:\/\/instytutpolski.pl\/budapest\/pl\/2017\/03\/22\/remake\/\"]}],\"@context\":\"https:\/\/schema.org\",\"startDate\":\"2017-03-22\",\"endDate\":\"2017-05-10\",\"eventStatus\":\"EventScheduled\",\"eventAttendanceMode\":\"OfflineEventAttendanceMode\",\"location\":{\"@type\":\"place\",\"name\":\"\",\"address\":\"\",\"geo\":{\"@type\":\"GeoCoordinates\",\"latitude\":\"\",\"longitude\":\"\"}},\"description\":\"22 marca (\u015broda), godz. 18.00 \u2014 10 maja 2017 r. (\u015broda)Lengyel Int\u00e9zet (Nagymez\u0151 u. 15)\\nWernisa\u017c odb\u0119dzie si\u0119 22 marca o godzinie 18.00Moje fotografowanie ludzi bierze si\u0119 z ciekawo\u015bci i ch\u0119ci uczestniczenia w grze ze wsp\u00f3\u0142czesnymi mi indywidualno\u015bciami. Robi\u0119 portrety subiektywne, dostrzegaj\u0105c u wybranej osoby jedn\u0105 cech\u0119 - wra\u017cenie i t\u0119 w\u0142a\u015bciwo\u015b\u0107 staram si\u0119 wizualizowa\u0107. Sfotografuj\u0119 ka\u017cdego w spos\u00f3b, kt\u00f3ry uznam za stosowny.\\nKa\u017cdy ma oczy, usta i nos, ale dopiero utrwalony grymas, b\u0142ysk oka, struktura twarzy, czy obecno\u015b\u0107 przedmiotu magicznego, skrzy\u017cowane z k\u0105tem spojrzenia kamery, perspektyw\u0105 obiektywu, kadrem, o\u015bwietleniem i kolorem pozwalaj\u0105 stworzy\u0107 portret subiektywny. Portret subiektywny nie ma roszcze\u0144 do prawdy obiektywnej, jest raczej autorsk\u0105 impresj\u0105 zaanga\u017cowanego fotografa. Sp\u00f3r o istot\u0119 portretu, o proporcje obecno\u015bci w nim autora i modela jest jednym z najistotniejszych.KRZYSZTOF GIERA\u0141TOWSKI (1938)\\nFotograf, jeden z czo\u0142owych reprezentant\u00f3w wsp\u00f3\u0142czesnej fotografii polskiej. Znakomity interpretator ludzkich twarzy, tw\u00f3rca w\u0142asnych, przenikliwych wizji portretowanych os\u00f3b.\\nFotografuje od 1961, wystawia od 1963 roku. Na potrzeby prasy i wydawnictw zajmowa\u0142 si\u0119 fotografi\u0105 modow\u0105 i reklamow\u0105. Od 1996 roku prowadzi\u00a0Galeri\u0119 \/ Studio Giera\u0142towskiego. Realizowa\u0142 kampanie reklamowe w Polsce i Europie Zachodniej. Jest tw\u00f3rc\u0105 licz\u0105cej ponad 80 tysi\u0119cy negatyw\u00f3w kolekcji \\\"Polacy, portrety wsp\u00f3\u0142czesne\\\". Swoje prace prezentowa\u0142 na licznych wystawach indywidualnych i zbiorowych w znanych muzeach i galeriach w kraju i za granic\u0105. W 2015 w warszawskiej Ney Gallery&amp;Prints otworzy\u0142a si\u0119 wystawa \\\"Remake\\\", prezentuj\u0105ca portrety artyst\u00f3w z Rosji, NRD, Polski i Holandii, wykonane jesieni\u0105 1990 roku podczas festiwalu kultury Passage Oost \u2013 Europa.\u00a0\"},{\"@type\":\"ImageObject\",\"inLanguage\":\"pl-PL\",\"@id\":\"https:\/\/instytutpolski.pl\/budapest\/pl\/2017\/03\/22\/remake\/#primaryimage\",\"url\":\"https:\/\/instytutpolski.pl\/budapest\/wp-content\/uploads\/sites\/21\/2020\/04\/gieraltowski.jpg\",\"contentUrl\":\"https:\/\/instytutpolski.pl\/budapest\/wp-content\/uploads\/sites\/21\/2020\/04\/gieraltowski.jpg\",\"width\":333,\"height\":500},{\"@type\":\"BreadcrumbList\",\"@id\":\"https:\/\/instytutpolski.pl\/budapest\/pl\/2017\/03\/22\/remake\/#breadcrumb\",\"itemListElement\":[{\"@type\":\"ListItem\",\"position\":1,\"name\":\"Home\",\"item\":\"https:\/\/instytutpolski.pl\/budapest\/\"},{\"@type\":\"ListItem\",\"position\":2,\"name\":\"REMAKE\"}]},{\"@type\":\"WebSite\",\"@id\":\"https:\/\/instytutpolski.pl\/budapest\/#website\",\"url\":\"https:\/\/instytutpolski.pl\/budapest\/\",\"name\":\"Instytut Polski w Budapeszcie\",\"description\":\"Instytuty Polskie\",\"potentialAction\":[{\"@type\":\"SearchAction\",\"target\":{\"@type\":\"EntryPoint\",\"urlTemplate\":\"https:\/\/instytutpolski.pl\/budapest\/?s={search_term_string}\"},\"query-input\":{\"@type\":\"PropertyValueSpecification\",\"valueRequired\":true,\"valueName\":\"search_term_string\"}}],\"inLanguage\":\"pl-PL\"},{\"@type\":\"Person\",\"@id\":\"https:\/\/instytutpolski.pl\/budapest\/#\/schema\/person\/35a72b339f128b3c51da8e0ac2c9c8fe\",\"name\":\"takacsm\",\"image\":{\"@type\":\"ImageObject\",\"inLanguage\":\"pl-PL\",\"@id\":\"https:\/\/instytutpolski.pl\/budapest\/#\/schema\/person\/image\/\",\"url\":\"https:\/\/secure.gravatar.com\/avatar\/3cdc999881482fcdbe974296288ca419?s=96&d=mm&r=g\",\"contentUrl\":\"https:\/\/secure.gravatar.com\/avatar\/3cdc999881482fcdbe974296288ca419?s=96&d=mm&r=g\",\"caption\":\"takacsm\"},\"url\":\"https:\/\/instytutpolski.pl\/budapest\/author\/takacsm\/\"}]}<\/script>\n<!-- \/ Yoast SEO plugin. -->","yoast_head_json":{"title":"REMAKE - Instytut Polski w Budapeszcie","robots":{"index":"index","follow":"follow","max-snippet":"max-snippet:-1","max-image-preview":"max-image-preview:large","max-video-preview":"max-video-preview:-1"},"canonical":"https:\/\/instytutpolski.pl\/budapest\/pl\/2017\/03\/22\/remake\/","og_locale":"pl_PL","og_type":"article","og_title":"REMAKE - Instytut Polski w Budapeszcie","og_description":"22 marca (\u015broda), godz. 18.00 \u2014 10 maja 2017 r. (\u015broda)Lengyel Int\u00e9zet (Nagymez\u0151 u. 15) Wernisa\u017c odb\u0119dzie si\u0119 22 marca o godzinie 18.00 Moje fotografowanie ludzi bierze si\u0119 z ciekawo\u015bci i ch\u0119ci uczestniczenia w grze ze wsp\u00f3\u0142czesnymi mi indywidualno\u015bciami. Robi\u0119 portrety subiektywne, dostrzegaj\u0105c u wybranej osoby jedn\u0105 cech\u0119 &#8211; wra\u017cenie i t\u0119 w\u0142a\u015bciwo\u015b\u0107 staram si\u0119 [&hellip;]","og_url":"https:\/\/instytutpolski.pl\/budapest\/pl\/2017\/03\/22\/remake\/","og_site_name":"Instytut Polski w Budapeszcie","article_published_time":"2017-03-22T12:40:00+00:00","article_modified_time":"2020-05-04T09:36:00+00:00","og_image":[{"width":333,"height":500,"url":"https:\/\/instytutpolski.pl\/budapest\/wp-content\/uploads\/sites\/21\/2020\/04\/gieraltowski.jpg","type":"image\/jpeg"}],"author":"takacsm","twitter_card":"summary_large_image","twitter_misc":{"Napisane przez":"takacsm","Szacowany czas czytania":"1 minuta"},"schema":{"@context":"https:\/\/schema.org","@graph":[{"@type":"event","@id":"https:\/\/instytutpolski.pl\/budapest\/pl\/2017\/03\/22\/remake\/","url":"https:\/\/instytutpolski.pl\/budapest\/pl\/2017\/03\/22\/remake\/","name":"REMAKE","isPartOf":{"@id":"https:\/\/instytutpolski.pl\/budapest\/#website"},"primaryImageOfPage":{"@id":"https:\/\/instytutpolski.pl\/budapest\/pl\/2017\/03\/22\/remake\/#primaryimage"},"image":["https:\/\/instytutpolski.pl\/budapest\/wp-content\/uploads\/sites\/21\/2020\/04\/gieraltowski.jpg","https:\/\/instytutpolski.pl\/budapest\/wp-content\/uploads\/sites\/21\/2020\/04\/gieraltowski-200x300.jpg","https:\/\/instytutpolski.pl\/budapest\/wp-content\/uploads\/sites\/21\/2020\/04\/gieraltowski.jpg","https:\/\/instytutpolski.pl\/budapest\/wp-content\/uploads\/sites\/21\/2020\/04\/gieraltowski.jpg"],"thumbnailUrl":"https:\/\/instytutpolski.pl\/budapest\/wp-content\/uploads\/sites\/21\/2020\/04\/gieraltowski.jpg","datePublished":"2017-03-22T12:40:00+02:00","dateModified":"2020-05-04T09:36:00+02:00","author":{"@id":"https:\/\/instytutpolski.pl\/budapest\/#\/schema\/person\/35a72b339f128b3c51da8e0ac2c9c8fe"},"breadcrumb":{"@id":"https:\/\/instytutpolski.pl\/budapest\/pl\/2017\/03\/22\/remake\/#breadcrumb"},"inLanguage":"pl-PL","potentialAction":[{"@type":"ReadAction","target":["https:\/\/instytutpolski.pl\/budapest\/pl\/2017\/03\/22\/remake\/"]}],"@context":"https:\/\/schema.org","startDate":"2017-03-22","endDate":"2017-05-10","eventStatus":"EventScheduled","eventAttendanceMode":"OfflineEventAttendanceMode","location":{"@type":"place","name":"","address":"","geo":{"@type":"GeoCoordinates","latitude":"","longitude":""}},"description":"22 marca (\u015broda), godz. 18.00 \u2014 10 maja 2017 r. (\u015broda)Lengyel Int\u00e9zet (Nagymez\u0151 u. 15)\nWernisa\u017c odb\u0119dzie si\u0119 22 marca o godzinie 18.00Moje fotografowanie ludzi bierze si\u0119 z ciekawo\u015bci i ch\u0119ci uczestniczenia w grze ze wsp\u00f3\u0142czesnymi mi indywidualno\u015bciami. Robi\u0119 portrety subiektywne, dostrzegaj\u0105c u wybranej osoby jedn\u0105 cech\u0119 - wra\u017cenie i t\u0119 w\u0142a\u015bciwo\u015b\u0107 staram si\u0119 wizualizowa\u0107. Sfotografuj\u0119 ka\u017cdego w spos\u00f3b, kt\u00f3ry uznam za stosowny.\nKa\u017cdy ma oczy, usta i nos, ale dopiero utrwalony grymas, b\u0142ysk oka, struktura twarzy, czy obecno\u015b\u0107 przedmiotu magicznego, skrzy\u017cowane z k\u0105tem spojrzenia kamery, perspektyw\u0105 obiektywu, kadrem, o\u015bwietleniem i kolorem pozwalaj\u0105 stworzy\u0107 portret subiektywny. Portret subiektywny nie ma roszcze\u0144 do prawdy obiektywnej, jest raczej autorsk\u0105 impresj\u0105 zaanga\u017cowanego fotografa. Sp\u00f3r o istot\u0119 portretu, o proporcje obecno\u015bci w nim autora i modela jest jednym z najistotniejszych.KRZYSZTOF GIERA\u0141TOWSKI (1938)\nFotograf, jeden z czo\u0142owych reprezentant\u00f3w wsp\u00f3\u0142czesnej fotografii polskiej. Znakomity interpretator ludzkich twarzy, tw\u00f3rca w\u0142asnych, przenikliwych wizji portretowanych os\u00f3b.\nFotografuje od 1961, wystawia od 1963 roku. Na potrzeby prasy i wydawnictw zajmowa\u0142 si\u0119 fotografi\u0105 modow\u0105 i reklamow\u0105. Od 1996 roku prowadzi\u00a0Galeri\u0119 \/ Studio Giera\u0142towskiego. Realizowa\u0142 kampanie reklamowe w Polsce i Europie Zachodniej. Jest tw\u00f3rc\u0105 licz\u0105cej ponad 80 tysi\u0119cy negatyw\u00f3w kolekcji \"Polacy, portrety wsp\u00f3\u0142czesne\". Swoje prace prezentowa\u0142 na licznych wystawach indywidualnych i zbiorowych w znanych muzeach i galeriach w kraju i za granic\u0105. W 2015 w warszawskiej Ney Gallery&amp;Prints otworzy\u0142a si\u0119 wystawa \"Remake\", prezentuj\u0105ca portrety artyst\u00f3w z Rosji, NRD, Polski i Holandii, wykonane jesieni\u0105 1990 roku podczas festiwalu kultury Passage Oost \u2013 Europa.\u00a0"},{"@type":"ImageObject","inLanguage":"pl-PL","@id":"https:\/\/instytutpolski.pl\/budapest\/pl\/2017\/03\/22\/remake\/#primaryimage","url":"https:\/\/instytutpolski.pl\/budapest\/wp-content\/uploads\/sites\/21\/2020\/04\/gieraltowski.jpg","contentUrl":"https:\/\/instytutpolski.pl\/budapest\/wp-content\/uploads\/sites\/21\/2020\/04\/gieraltowski.jpg","width":333,"height":500},{"@type":"BreadcrumbList","@id":"https:\/\/instytutpolski.pl\/budapest\/pl\/2017\/03\/22\/remake\/#breadcrumb","itemListElement":[{"@type":"ListItem","position":1,"name":"Home","item":"https:\/\/instytutpolski.pl\/budapest\/"},{"@type":"ListItem","position":2,"name":"REMAKE"}]},{"@type":"WebSite","@id":"https:\/\/instytutpolski.pl\/budapest\/#website","url":"https:\/\/instytutpolski.pl\/budapest\/","name":"Instytut Polski w Budapeszcie","description":"Instytuty Polskie","potentialAction":[{"@type":"SearchAction","target":{"@type":"EntryPoint","urlTemplate":"https:\/\/instytutpolski.pl\/budapest\/?s={search_term_string}"},"query-input":{"@type":"PropertyValueSpecification","valueRequired":true,"valueName":"search_term_string"}}],"inLanguage":"pl-PL"},{"@type":"Person","@id":"https:\/\/instytutpolski.pl\/budapest\/#\/schema\/person\/35a72b339f128b3c51da8e0ac2c9c8fe","name":"takacsm","image":{"@type":"ImageObject","inLanguage":"pl-PL","@id":"https:\/\/instytutpolski.pl\/budapest\/#\/schema\/person\/image\/","url":"https:\/\/secure.gravatar.com\/avatar\/3cdc999881482fcdbe974296288ca419?s=96&d=mm&r=g","contentUrl":"https:\/\/secure.gravatar.com\/avatar\/3cdc999881482fcdbe974296288ca419?s=96&d=mm&r=g","caption":"takacsm"},"url":"https:\/\/instytutpolski.pl\/budapest\/author\/takacsm\/"}]}},"_links":{"self":[{"href":"https:\/\/instytutpolski.pl\/budapest\/wp-json\/wp\/v2\/posts\/4539","targetHints":{"allow":["GET"]}}],"collection":[{"href":"https:\/\/instytutpolski.pl\/budapest\/wp-json\/wp\/v2\/posts"}],"about":[{"href":"https:\/\/instytutpolski.pl\/budapest\/wp-json\/wp\/v2\/types\/post"}],"author":[{"embeddable":true,"href":"https:\/\/instytutpolski.pl\/budapest\/wp-json\/wp\/v2\/users\/124"}],"replies":[{"embeddable":true,"href":"https:\/\/instytutpolski.pl\/budapest\/wp-json\/wp\/v2\/comments?post=4539"}],"version-history":[{"count":2,"href":"https:\/\/instytutpolski.pl\/budapest\/wp-json\/wp\/v2\/posts\/4539\/revisions"}],"predecessor-version":[{"id":4542,"href":"https:\/\/instytutpolski.pl\/budapest\/wp-json\/wp\/v2\/posts\/4539\/revisions\/4542"}],"wp:featuredmedia":[{"embeddable":true,"href":"https:\/\/instytutpolski.pl\/budapest\/wp-json\/wp\/v2\/media\/4540"}],"wp:attachment":[{"href":"https:\/\/instytutpolski.pl\/budapest\/wp-json\/wp\/v2\/media?parent=4539"}],"wp:term":[{"taxonomy":"category","embeddable":true,"href":"https:\/\/instytutpolski.pl\/budapest\/wp-json\/wp\/v2\/categories?post=4539"},{"taxonomy":"post_tag","embeddable":true,"href":"https:\/\/instytutpolski.pl\/budapest\/wp-json\/wp\/v2\/tags?post=4539"}],"curies":[{"name":"wp","href":"https:\/\/api.w.org\/{rel}","templated":true}]}}