{"id":678,"date":"2019-06-03T19:11:58","date_gmt":"2019-06-03T17:11:58","guid":{"rendered":"https:\/\/instytutpolski.pl\/budapeszt\/?p=678"},"modified":"2019-06-11T21:38:18","modified_gmt":"2019-06-11T19:38:18","slug":"magdalena-abakanowicz-cage","status":"publish","type":"post","link":"https:\/\/instytutpolski.pl\/budapest\/2019\/06\/03\/magdalena-abakanowicz-cage\/","title":{"rendered":"Magdalena Abakanowicz: Cage"},"content":{"rendered":"\n<p><b>Exhibition of Magdaleny Abakanowicz (1930-2017), one of Poland&#8217;s most internationally-acclaimed artists at the Plat\u00e1n Gallery.<\/b><\/p>\n<p>Thursday 25 April, 6:00 pm \u2014 Friday 7 June 2019, 6:00 pm<\/p>\n<p>Plat\u00e1n Gal\u00e9ria<\/p>\n<p>Budapest, VI. Andr\u00e1ssy \u00fat 32.<\/p>\n\n\n\n<p><strong>The Polish Institute in Budapest cordially invites You to the vernissage of the exhibition<\/strong><\/p>\n<p><strong>PLAT\u00c1N20<\/strong><\/p>\n<p><strong>Magdalena Abakanowicz<\/strong><\/p>\n<p><strong>Cage<\/strong><\/p>\n<p><strong>at 6 p.m. on Thursday, 25th\u00a0of April 2019, at the Plat\u00e1n Gallery.<\/strong><\/p>\n<p><strong>Celebratory remarks: Joanna Urba\u0144ska, director of the Polish Institute<\/strong><\/p>\n<p><strong>Opening speech: Krisztina Jerger, art historian<\/strong><\/p>\n<p>In the spring of 1988, we were preparing for the exhibition of\u00a0Magdalena\u00a0Abakanowicz\u00a0in every hall of\u00a0the\u00a0M\u0171csarnok\u00a0\/\u00a0Kunsthalle\u00a0Budapest.\u00a0I was the one honoured with the task of being her helper, her \u2018roustabout\u2019. I had known\u00a0her works, but I had never been in such intimate proximity to them.\u00a0Likewise,\u00a0I had never met\u00a0Magdalena in person\u00a0before. She was a radiant, resolute phenomenon.\u00a0She knew what she wanted and how, she accommodated herself in the\u00a0M\u0171csarnok\u00a0with fascinating rapidity. She wanted to introduce every stage of her career, the entire span of her oeuvre to the Hungarian audience. She brought her\u00a0legendary three-dimensional\u00a0textile works, the so-called\u00a0Abakans, the Red and the Black one. She herself said this about them: \u201cI protest the classification of life and art with my three-dimensional woven\u00a0forms. My\u00a0forms\u00a0slowly grow like natural formations. They are organic. They serve meditation like other formations of our world.\u201d These enormous environments fundamentally re-evaluated our approach to textile.\u00a0Then she took out her head- and armless sackcloth torsos, sitting them on pedestals or lining them up in packed rows, but mostly, emphasising their inert vulnerability, she placed them in a huddled crowd on the floor, giving rise to heartrending dramatic tension in the space.\u00a0The motionless crowd gave us a sense of calm before the storm.\u00a0War, death, fear, uncertainty.\u00a0These faceless creatures expressed the experiences of Poland in the\u00a0Second\u00a0World War.\u00a0Or perhaps much more, more universal?\u00a0The fragility of mankind?\u00a0Being caged?\u00a0Probably.\u00a0This is the piece exhibited now at\u00a0the\u00a0Plat\u00e1n\u00a0Gallery, accompanied by some charcoal drawings. Charcoal drawings accompanied the\u00a0entire\u00a0oeuvre of\u00a0Abakanowicz, sometimes as studies, sometimes forming a dynamic, expressive graphic series. She brought a number of these to the\u00a0M\u0171csarnok, as proof of her brilliant drawing skills. The embryos had a separate hall.\u00a0Sackcloth eggs, about\u00a0800 of them. Their quantity in itself\u00a0was\u00a0an astonishing feat. The air froze around them, they filled the exhibition hall\u00a0so tightly it seemed about to explode. If this was not enough, five monumental sculptures made on site augmented the show. The massive logs of wood\u00a0resembled\u00a0sharp,\u00a0metallic\u00a0extraterrestrial\u00a0weapons ready to attack and\u00a0destroy. Their title was \u201cStar Wars\u201d. The exhibition was open for two months.\u00a0It\u00a0was\u00a0visited\u00a0by masses, and people were talking about the theretofore unknown Polish artist all over the capital.\u00a0She put contemporary art on a pedestal, and her significance can be felt to this day. What she meant to me?\u00a0Learning, first of all.\u00a0To see the importance of the use of space and rhythm, the conscious, subtle shaping of context.\u00a0And last, but not least, to experience the joy of great teamwork. I owe it all to\u00a0Magdalena.\u00a0Dzi\u0119kuj\u0119.\u00a0<\/p>\n<p>Krisztina Jerger, curator of the exhibition<\/p>\n<p>The works presented at the exhibition are from the collection of the Museum of Fine Arts (Budapest) anf the Marta Magdalena Abakanowicz Kosmowskia and Jan Kosmowski Foundation (Warsaw).<\/p>\n<p>Partner of the exhibition: Adam Mickiewicz Institute<\/p>\n<p>On view Mondays through Fridays 10 am \u2013 6 pm until 7. June 2019.<\/p>\n<p>Plat\u00e1n Gallery &#8211; 1061 Budapest, Andr\u00e1ssy \u00fat 32.<\/p>\n\n\n\n<ul class=\"wp-block-gallery columns-3 is-cropped wp-block-gallery-1 is-layout-flex wp-block-gallery-is-layout-flex\"><li class=\"blocks-gallery-item\"><figure><a href=\"https:\/\/instytutpolski.pl\/budapeszt\/wp-content\/uploads\/sites\/21\/2019\/06\/gel4363.jpg\"><img loading=\"lazy\" decoding=\"async\" width=\"422\" height=\"600\" src=\"https:\/\/instytutpolski.pl\/budapeszt\/wp-content\/uploads\/sites\/21\/2019\/06\/gel4363.jpg\" alt=\"\" data-id=\"660\" data-link=\"https:\/\/instytutpolski.pl\/budapeszt\/?attachment_id=660\" class=\"wp-image-660\" srcset=\"https:\/\/instytutpolski.pl\/budapest\/wp-content\/uploads\/sites\/21\/2019\/06\/gel4363.jpg 422w, https:\/\/instytutpolski.pl\/budapest\/wp-content\/uploads\/sites\/21\/2019\/06\/gel4363-211x300.jpg 211w\" sizes=\"auto, (max-width: 422px) 100vw, 422px\" \/><\/a><\/figure><\/li><li class=\"blocks-gallery-item\"><figure><a href=\"https:\/\/instytutpolski.pl\/budapeszt\/wp-content\/uploads\/sites\/21\/2019\/06\/gel4365.jpg\"><img loading=\"lazy\" decoding=\"async\" width=\"422\" height=\"600\" src=\"https:\/\/instytutpolski.pl\/budapeszt\/wp-content\/uploads\/sites\/21\/2019\/06\/gel4365.jpg\" alt=\"\" data-id=\"661\" data-link=\"https:\/\/instytutpolski.pl\/budapeszt\/?attachment_id=661\" class=\"wp-image-661\" srcset=\"https:\/\/instytutpolski.pl\/budapest\/wp-content\/uploads\/sites\/21\/2019\/06\/gel4365.jpg 422w, https:\/\/instytutpolski.pl\/budapest\/wp-content\/uploads\/sites\/21\/2019\/06\/gel4365-211x300.jpg 211w\" sizes=\"auto, (max-width: 422px) 100vw, 422px\" \/><\/a><\/figure><\/li><li class=\"blocks-gallery-item\"><figure><a href=\"https:\/\/instytutpolski.pl\/budapeszt\/wp-content\/uploads\/sites\/21\/2019\/06\/gel4372.jpg\"><img loading=\"lazy\" decoding=\"async\" width=\"426\" height=\"600\" src=\"https:\/\/instytutpolski.pl\/budapeszt\/wp-content\/uploads\/sites\/21\/2019\/06\/gel4372.jpg\" alt=\"\" data-id=\"662\" data-link=\"https:\/\/instytutpolski.pl\/budapeszt\/?attachment_id=662\" class=\"wp-image-662\" srcset=\"https:\/\/instytutpolski.pl\/budapest\/wp-content\/uploads\/sites\/21\/2019\/06\/gel4372.jpg 426w, https:\/\/instytutpolski.pl\/budapest\/wp-content\/uploads\/sites\/21\/2019\/06\/gel4372-213x300.jpg 213w\" sizes=\"auto, (max-width: 426px) 100vw, 426px\" \/><\/a><\/figure><\/li><li class=\"blocks-gallery-item\"><figure><a href=\"https:\/\/instytutpolski.pl\/budapeszt\/wp-content\/uploads\/sites\/21\/2019\/06\/gel4374.jpg\"><img loading=\"lazy\" decoding=\"async\" width=\"422\" height=\"600\" src=\"https:\/\/instytutpolski.pl\/budapeszt\/wp-content\/uploads\/sites\/21\/2019\/06\/gel4374.jpg\" alt=\"\" data-id=\"663\" data-link=\"https:\/\/instytutpolski.pl\/budapeszt\/?attachment_id=663\" class=\"wp-image-663\" srcset=\"https:\/\/instytutpolski.pl\/budapest\/wp-content\/uploads\/sites\/21\/2019\/06\/gel4374.jpg 422w, https:\/\/instytutpolski.pl\/budapest\/wp-content\/uploads\/sites\/21\/2019\/06\/gel4374-211x300.jpg 211w\" sizes=\"auto, (max-width: 422px) 100vw, 422px\" \/><\/a><\/figure><\/li><li class=\"blocks-gallery-item\"><figure><a href=\"https:\/\/instytutpolski.pl\/budapeszt\/wp-content\/uploads\/sites\/21\/2019\/06\/gel4380.jpg\"><img loading=\"lazy\" decoding=\"async\" width=\"427\" height=\"600\" src=\"https:\/\/instytutpolski.pl\/budapeszt\/wp-content\/uploads\/sites\/21\/2019\/06\/gel4380.jpg\" alt=\"\" data-id=\"664\" data-link=\"https:\/\/instytutpolski.pl\/budapeszt\/?attachment_id=664\" class=\"wp-image-664\" srcset=\"https:\/\/instytutpolski.pl\/budapest\/wp-content\/uploads\/sites\/21\/2019\/06\/gel4380.jpg 427w, https:\/\/instytutpolski.pl\/budapest\/wp-content\/uploads\/sites\/21\/2019\/06\/gel4380-214x300.jpg 214w\" sizes=\"auto, (max-width: 427px) 100vw, 427px\" \/><\/a><\/figure><\/li><li class=\"blocks-gallery-item\"><figure><a href=\"https:\/\/instytutpolski.pl\/budapeszt\/wp-content\/uploads\/sites\/21\/2019\/06\/abakanowicz1_0.jpg\"><img loading=\"lazy\" decoding=\"async\" width=\"300\" height=\"312\" src=\"https:\/\/instytutpolski.pl\/budapeszt\/wp-content\/uploads\/sites\/21\/2019\/06\/abakanowicz1_0.jpg\" alt=\"\" data-id=\"665\" data-link=\"https:\/\/instytutpolski.pl\/budapeszt\/?attachment_id=665\" class=\"wp-image-665\" srcset=\"https:\/\/instytutpolski.pl\/budapest\/wp-content\/uploads\/sites\/21\/2019\/06\/abakanowicz1_0.jpg 300w, https:\/\/instytutpolski.pl\/budapest\/wp-content\/uploads\/sites\/21\/2019\/06\/abakanowicz1_0-288x300.jpg 288w\" sizes=\"auto, (max-width: 300px) 100vw, 300px\" \/><\/a><\/figure><\/li><li class=\"blocks-gallery-item\"><figure><a href=\"https:\/\/instytutpolski.pl\/budapeszt\/wp-content\/uploads\/sites\/21\/2019\/06\/dsc_5343.jpg\"><img loading=\"lazy\" decoding=\"async\" width=\"900\" height=\"600\" src=\"https:\/\/instytutpolski.pl\/budapeszt\/wp-content\/uploads\/sites\/21\/2019\/06\/dsc_5343.jpg\" alt=\"\" data-id=\"666\" data-link=\"https:\/\/instytutpolski.pl\/budapeszt\/?attachment_id=666\" class=\"wp-image-666\" srcset=\"https:\/\/instytutpolski.pl\/budapest\/wp-content\/uploads\/sites\/21\/2019\/06\/dsc_5343.jpg 900w, https:\/\/instytutpolski.pl\/budapest\/wp-content\/uploads\/sites\/21\/2019\/06\/dsc_5343-300x200.jpg 300w, https:\/\/instytutpolski.pl\/budapest\/wp-content\/uploads\/sites\/21\/2019\/06\/dsc_5343-768x512.jpg 768w\" sizes=\"auto, (max-width: 900px) 100vw, 900px\" \/><\/a><\/figure><\/li><li class=\"blocks-gallery-item\"><figure><a href=\"https:\/\/instytutpolski.pl\/budapeszt\/wp-content\/uploads\/sites\/21\/2019\/06\/dsc_5347.jpg\"><img loading=\"lazy\" decoding=\"async\" width=\"900\" height=\"600\" src=\"https:\/\/instytutpolski.pl\/budapeszt\/wp-content\/uploads\/sites\/21\/2019\/06\/dsc_5347.jpg\" alt=\"\" data-id=\"667\" data-link=\"https:\/\/instytutpolski.pl\/budapeszt\/?attachment_id=667\" class=\"wp-image-667\" srcset=\"https:\/\/instytutpolski.pl\/budapest\/wp-content\/uploads\/sites\/21\/2019\/06\/dsc_5347.jpg 900w, https:\/\/instytutpolski.pl\/budapest\/wp-content\/uploads\/sites\/21\/2019\/06\/dsc_5347-300x200.jpg 300w, https:\/\/instytutpolski.pl\/budapest\/wp-content\/uploads\/sites\/21\/2019\/06\/dsc_5347-768x512.jpg 768w\" sizes=\"auto, (max-width: 900px) 100vw, 900px\" \/><\/a><\/figure><\/li><li class=\"blocks-gallery-item\"><figure><a href=\"https:\/\/instytutpolski.pl\/budapeszt\/wp-content\/uploads\/sites\/21\/2019\/06\/dsc_5369.jpg\"><img loading=\"lazy\" decoding=\"async\" width=\"900\" height=\"600\" src=\"https:\/\/instytutpolski.pl\/budapeszt\/wp-content\/uploads\/sites\/21\/2019\/06\/dsc_5369.jpg\" alt=\"\" data-id=\"668\" data-link=\"https:\/\/instytutpolski.pl\/budapeszt\/?attachment_id=668\" class=\"wp-image-668\" srcset=\"https:\/\/instytutpolski.pl\/budapest\/wp-content\/uploads\/sites\/21\/2019\/06\/dsc_5369.jpg 900w, https:\/\/instytutpolski.pl\/budapest\/wp-content\/uploads\/sites\/21\/2019\/06\/dsc_5369-300x200.jpg 300w, https:\/\/instytutpolski.pl\/budapest\/wp-content\/uploads\/sites\/21\/2019\/06\/dsc_5369-768x512.jpg 768w\" sizes=\"auto, (max-width: 900px) 100vw, 900px\" \/><\/a><\/figure><\/li><li class=\"blocks-gallery-item\"><figure><a href=\"https:\/\/instytutpolski.pl\/budapeszt\/wp-content\/uploads\/sites\/21\/2019\/06\/dsc_5386.jpg\"><img loading=\"lazy\" decoding=\"async\" width=\"900\" height=\"600\" src=\"https:\/\/instytutpolski.pl\/budapeszt\/wp-content\/uploads\/sites\/21\/2019\/06\/dsc_5386.jpg\" alt=\"\" data-id=\"669\" data-link=\"https:\/\/instytutpolski.pl\/budapeszt\/?attachment_id=669\" class=\"wp-image-669\" srcset=\"https:\/\/instytutpolski.pl\/budapest\/wp-content\/uploads\/sites\/21\/2019\/06\/dsc_5386.jpg 900w, https:\/\/instytutpolski.pl\/budapest\/wp-content\/uploads\/sites\/21\/2019\/06\/dsc_5386-300x200.jpg 300w, https:\/\/instytutpolski.pl\/budapest\/wp-content\/uploads\/sites\/21\/2019\/06\/dsc_5386-768x512.jpg 768w\" sizes=\"auto, (max-width: 900px) 100vw, 900px\" \/><\/a><\/figure><\/li><li class=\"blocks-gallery-item\"><figure><a href=\"https:\/\/instytutpolski.pl\/budapeszt\/wp-content\/uploads\/sites\/21\/2019\/06\/dsc_5393.jpg\"><img loading=\"lazy\" decoding=\"async\" width=\"899\" height=\"600\" src=\"https:\/\/instytutpolski.pl\/budapeszt\/wp-content\/uploads\/sites\/21\/2019\/06\/dsc_5393.jpg\" alt=\"\" data-id=\"670\" data-link=\"https:\/\/instytutpolski.pl\/budapeszt\/?attachment_id=670\" class=\"wp-image-670\" srcset=\"https:\/\/instytutpolski.pl\/budapest\/wp-content\/uploads\/sites\/21\/2019\/06\/dsc_5393.jpg 899w, https:\/\/instytutpolski.pl\/budapest\/wp-content\/uploads\/sites\/21\/2019\/06\/dsc_5393-300x200.jpg 300w, https:\/\/instytutpolski.pl\/budapest\/wp-content\/uploads\/sites\/21\/2019\/06\/dsc_5393-768x513.jpg 768w\" sizes=\"auto, (max-width: 899px) 100vw, 899px\" \/><\/a><\/figure><\/li><li class=\"blocks-gallery-item\"><figure><a href=\"https:\/\/instytutpolski.pl\/budapeszt\/wp-content\/uploads\/sites\/21\/2019\/06\/dsc_5428.jpg\"><img loading=\"lazy\" decoding=\"async\" width=\"900\" height=\"600\" src=\"https:\/\/instytutpolski.pl\/budapeszt\/wp-content\/uploads\/sites\/21\/2019\/06\/dsc_5428.jpg\" alt=\"\" data-id=\"671\" data-link=\"https:\/\/instytutpolski.pl\/budapeszt\/?attachment_id=671\" class=\"wp-image-671\" srcset=\"https:\/\/instytutpolski.pl\/budapest\/wp-content\/uploads\/sites\/21\/2019\/06\/dsc_5428.jpg 900w, https:\/\/instytutpolski.pl\/budapest\/wp-content\/uploads\/sites\/21\/2019\/06\/dsc_5428-300x200.jpg 300w, https:\/\/instytutpolski.pl\/budapest\/wp-content\/uploads\/sites\/21\/2019\/06\/dsc_5428-768x512.jpg 768w\" sizes=\"auto, (max-width: 900px) 100vw, 900px\" \/><\/a><\/figure><\/li><li class=\"blocks-gallery-item\"><figure><a href=\"https:\/\/instytutpolski.pl\/budapeszt\/wp-content\/uploads\/sites\/21\/2019\/06\/dsc_5438.jpg\"><img loading=\"lazy\" decoding=\"async\" width=\"899\" height=\"600\" src=\"https:\/\/instytutpolski.pl\/budapeszt\/wp-content\/uploads\/sites\/21\/2019\/06\/dsc_5438.jpg\" alt=\"\" data-id=\"672\" data-link=\"https:\/\/instytutpolski.pl\/budapeszt\/?attachment_id=672\" class=\"wp-image-672\" srcset=\"https:\/\/instytutpolski.pl\/budapest\/wp-content\/uploads\/sites\/21\/2019\/06\/dsc_5438.jpg 899w, https:\/\/instytutpolski.pl\/budapest\/wp-content\/uploads\/sites\/21\/2019\/06\/dsc_5438-300x200.jpg 300w, https:\/\/instytutpolski.pl\/budapest\/wp-content\/uploads\/sites\/21\/2019\/06\/dsc_5438-768x513.jpg 768w\" sizes=\"auto, (max-width: 899px) 100vw, 899px\" \/><\/a><\/figure><\/li><li class=\"blocks-gallery-item\"><figure><a href=\"https:\/\/instytutpolski.pl\/budapeszt\/wp-content\/uploads\/sites\/21\/2019\/06\/dsc_5477.jpg\"><img loading=\"lazy\" decoding=\"async\" width=\"900\" height=\"600\" src=\"https:\/\/instytutpolski.pl\/budapeszt\/wp-content\/uploads\/sites\/21\/2019\/06\/dsc_5477.jpg\" alt=\"\" data-id=\"673\" data-link=\"https:\/\/instytutpolski.pl\/budapeszt\/?attachment_id=673\" class=\"wp-image-673\" srcset=\"https:\/\/instytutpolski.pl\/budapest\/wp-content\/uploads\/sites\/21\/2019\/06\/dsc_5477.jpg 900w, https:\/\/instytutpolski.pl\/budapest\/wp-content\/uploads\/sites\/21\/2019\/06\/dsc_5477-300x200.jpg 300w, https:\/\/instytutpolski.pl\/budapest\/wp-content\/uploads\/sites\/21\/2019\/06\/dsc_5477-768x512.jpg 768w\" sizes=\"auto, (max-width: 900px) 100vw, 900px\" \/><\/a><\/figure><\/li><li class=\"blocks-gallery-item\"><figure><a href=\"https:\/\/instytutpolski.pl\/budapeszt\/wp-content\/uploads\/sites\/21\/2019\/06\/dsc_5496.jpg\"><img loading=\"lazy\" decoding=\"async\" width=\"900\" height=\"600\" src=\"https:\/\/instytutpolski.pl\/budapeszt\/wp-content\/uploads\/sites\/21\/2019\/06\/dsc_5496.jpg\" alt=\"\" data-id=\"674\" data-link=\"https:\/\/instytutpolski.pl\/budapeszt\/?attachment_id=674\" class=\"wp-image-674\" srcset=\"https:\/\/instytutpolski.pl\/budapest\/wp-content\/uploads\/sites\/21\/2019\/06\/dsc_5496.jpg 900w, https:\/\/instytutpolski.pl\/budapest\/wp-content\/uploads\/sites\/21\/2019\/06\/dsc_5496-300x200.jpg 300w, https:\/\/instytutpolski.pl\/budapest\/wp-content\/uploads\/sites\/21\/2019\/06\/dsc_5496-768x512.jpg 768w\" sizes=\"auto, (max-width: 900px) 100vw, 900px\" \/><\/a><\/figure><\/li><li class=\"blocks-gallery-item\"><figure><a href=\"https:\/\/instytutpolski.pl\/budapeszt\/wp-content\/uploads\/sites\/21\/2019\/06\/klatka_0.jpg\"><img loading=\"lazy\" decoding=\"async\" width=\"568\" height=\"600\" src=\"https:\/\/instytutpolski.pl\/budapeszt\/wp-content\/uploads\/sites\/21\/2019\/06\/klatka_0.jpg\" alt=\"\" data-id=\"675\" data-link=\"https:\/\/instytutpolski.pl\/budapeszt\/?attachment_id=675\" class=\"wp-image-675\" srcset=\"https:\/\/instytutpolski.pl\/budapest\/wp-content\/uploads\/sites\/21\/2019\/06\/klatka_0.jpg 568w, https:\/\/instytutpolski.pl\/budapest\/wp-content\/uploads\/sites\/21\/2019\/06\/klatka_0-284x300.jpg 284w\" sizes=\"auto, (max-width: 568px) 100vw, 568px\" \/><\/a><\/figure><\/li><li class=\"blocks-gallery-item\"><figure><a href=\"https:\/\/instytutpolski.pl\/budapeszt\/wp-content\/uploads\/sites\/21\/2019\/06\/meghivo_invitation.jpg\"><img loading=\"lazy\" decoding=\"async\" width=\"846\" height=\"600\" src=\"https:\/\/instytutpolski.pl\/budapeszt\/wp-content\/uploads\/sites\/21\/2019\/06\/meghivo_invitation.jpg\" alt=\"\" data-id=\"676\" data-link=\"https:\/\/instytutpolski.pl\/budapeszt\/?attachment_id=676\" class=\"wp-image-676\" srcset=\"https:\/\/instytutpolski.pl\/budapest\/wp-content\/uploads\/sites\/21\/2019\/06\/meghivo_invitation.jpg 846w, https:\/\/instytutpolski.pl\/budapest\/wp-content\/uploads\/sites\/21\/2019\/06\/meghivo_invitation-300x213.jpg 300w, https:\/\/instytutpolski.pl\/budapest\/wp-content\/uploads\/sites\/21\/2019\/06\/meghivo_invitation-768x545.jpg 768w\" sizes=\"auto, (max-width: 846px) 100vw, 846px\" \/><\/a><\/figure><\/li><\/ul>\n\n\n\n<p><\/p>\n","protected":false},"excerpt":{"rendered":"<p>Exhibition of Magdaleny Abakanowicz (1930-2017), one of Poland&#8217;s most internationally-acclaimed artists at the Plat\u00e1n Gallery. Thursday 25 April, 6:00 pm \u2014 Friday 7 June 2019, 6:00 pm Plat\u00e1n Gal\u00e9ria Budapest, VI. Andr\u00e1ssy \u00fat 32. The Polish Institute in Budapest cordially invites You to the vernissage of the exhibition PLAT\u00c1N20 Magdalena Abakanowicz Cage at 6 p.m. [&hellip;]<\/p>\n","protected":false},"author":1,"featured_media":658,"comment_status":"open","ping_status":"open","sticky":false,"template":"","format":"standard","meta":{"inline_featured_image":false,"_monsterinsights_skip_tracking":false,"_monsterinsights_sitenote_active":false,"_monsterinsights_sitenote_note":"","_monsterinsights_sitenote_category":0,"footnotes":""},"categories":[134],"tags":[],"class_list":["post-678","post","type-post","status-publish","format-standard","has-post-thumbnail","hentry","category-exhibitions"],"yoast_head":"<!-- This site is optimized with the Yoast SEO plugin v24.6 - https:\/\/yoast.com\/wordpress\/plugins\/seo\/ -->\n<title>Magdalena Abakanowicz: Cage - Instytut Polski w Budapeszcie<\/title>\n<meta name=\"robots\" content=\"index, follow, max-snippet:-1, max-image-preview:large, max-video-preview:-1\" \/>\n<link rel=\"canonical\" href=\"https:\/\/instytutpolski.pl\/budapest\/2019\/06\/03\/magdalena-abakanowicz-cage\/\" \/>\n<meta property=\"og:locale\" content=\"pl_PL\" \/>\n<meta property=\"og:type\" content=\"article\" \/>\n<meta property=\"og:title\" content=\"Magdalena Abakanowicz: Cage - Instytut Polski w Budapeszcie\" \/>\n<meta property=\"og:description\" content=\"Exhibition of Magdaleny Abakanowicz (1930-2017), one of Poland&#8217;s most internationally-acclaimed artists at the Plat\u00e1n Gallery. Thursday 25 April, 6:00 pm \u2014 Friday 7 June 2019, 6:00 pm Plat\u00e1n Gal\u00e9ria Budapest, VI. Andr\u00e1ssy \u00fat 32. The Polish Institute in Budapest cordially invites You to the vernissage of the exhibition PLAT\u00c1N20 Magdalena Abakanowicz Cage at 6 p.m. [&hellip;]\" \/>\n<meta property=\"og:url\" content=\"https:\/\/instytutpolski.pl\/budapest\/2019\/06\/03\/magdalena-abakanowicz-cage\/\" \/>\n<meta property=\"og:site_name\" content=\"Instytut Polski w Budapeszcie\" \/>\n<meta property=\"article:published_time\" content=\"2019-06-03T17:11:58+00:00\" \/>\n<meta property=\"article:modified_time\" content=\"2019-06-11T19:38:18+00:00\" \/>\n<meta property=\"og:image\" content=\"https:\/\/instytutpolski.pl\/budapest\/wp-content\/uploads\/sites\/21\/2019\/06\/klatka.jpg\" \/>\n\t<meta property=\"og:image:width\" content=\"350\" \/>\n\t<meta property=\"og:image:height\" content=\"370\" \/>\n\t<meta property=\"og:image:type\" content=\"image\/jpeg\" \/>\n<meta name=\"author\" content=\"sienkiewiczl.disabled\" \/>\n<meta name=\"twitter:card\" content=\"summary_large_image\" \/>\n<meta name=\"twitter:label1\" content=\"Napisane przez\" \/>\n\t<meta name=\"twitter:data1\" content=\"sienkiewiczl.disabled\" \/>\n\t<meta name=\"twitter:label2\" content=\"Szacowany czas czytania\" \/>\n\t<meta name=\"twitter:data2\" content=\"3 minuty\" \/>\n<script type=\"application\/ld+json\" class=\"yoast-schema-graph\">{\"@context\":\"https:\/\/schema.org\",\"@graph\":[{\"@type\":\"event\",\"@id\":\"https:\/\/instytutpolski.pl\/budapest\/2019\/06\/03\/magdalena-abakanowicz-cage\/\",\"url\":\"https:\/\/instytutpolski.pl\/budapest\/2019\/06\/03\/magdalena-abakanowicz-cage\/\",\"name\":\"Magdalena Abakanowicz: Cage\",\"isPartOf\":{\"@id\":\"https:\/\/instytutpolski.pl\/budapest\/#website\"},\"primaryImageOfPage\":{\"@id\":\"https:\/\/instytutpolski.pl\/budapest\/2019\/06\/03\/magdalena-abakanowicz-cage\/#primaryimage\"},\"image\":[\"https:\/\/instytutpolski.pl\/budapest\/wp-content\/uploads\/sites\/21\/2019\/06\/klatka.jpg\",\"https:\/\/instytutpolski.pl\/budapest\/wp-content\/uploads\/sites\/21\/2019\/06\/klatka-284x300.jpg\",\"https:\/\/instytutpolski.pl\/budapest\/wp-content\/uploads\/sites\/21\/2019\/06\/klatka.jpg\",\"https:\/\/instytutpolski.pl\/budapest\/wp-content\/uploads\/sites\/21\/2019\/06\/klatka.jpg\"],\"thumbnailUrl\":\"https:\/\/instytutpolski.pl\/budapest\/wp-content\/uploads\/sites\/21\/2019\/06\/klatka.jpg\",\"datePublished\":\"2019-06-03T17:11:58+02:00\",\"dateModified\":\"2019-06-11T19:38:18+02:00\",\"author\":{\"@id\":\"https:\/\/instytutpolski.pl\/budapest\/#\/schema\/person\/0d8a0025312a17e346e67e3c446cf459\"},\"breadcrumb\":{\"@id\":\"https:\/\/instytutpolski.pl\/budapest\/2019\/06\/03\/magdalena-abakanowicz-cage\/#breadcrumb\"},\"inLanguage\":\"pl-PL\",\"potentialAction\":[{\"@type\":\"ReadAction\",\"target\":[\"https:\/\/instytutpolski.pl\/budapest\/2019\/06\/03\/magdalena-abakanowicz-cage\/\"]}],\"@context\":\"https:\/\/schema.org\",\"startDate\":\"2019-04-25\",\"endDate\":\"2019-06-07\",\"eventStatus\":\"EventScheduled\",\"eventAttendanceMode\":\"OfflineEventAttendanceMode\",\"location\":{\"@type\":\"place\",\"name\":\"\",\"address\":\"\",\"geo\":{\"@type\":\"GeoCoordinates\",\"latitude\":\"\",\"longitude\":\"\"}},\"description\":\"Exhibition of Magdaleny Abakanowicz (1930-2017), one of Poland's most internationally-acclaimed artists at the Plat\u00e1n Gallery.\\nThursday 25 April, 6:00 pm \u2014 Friday 7 June 2019, 6:00 pm\\nPlat\u00e1n Gal\u00e9ria\\nBudapest, VI. Andr\u00e1ssy \u00fat 32.\\nThe Polish Institute in Budapest cordially invites You to the vernissage of the exhibition\\nPLAT\u00c1N20\\nMagdalena Abakanowicz\\nCage\\nat 6 p.m. on Thursday, 25th\u00a0of April 2019, at the Plat\u00e1n Gallery.\\nCelebratory remarks: Joanna Urba\u0144ska, director of the Polish Institute\\nOpening speech: Krisztina Jerger, art historian\\nIn the spring of 1988, we were preparing for the exhibition of\u00a0Magdalena\u00a0Abakanowicz\u00a0in every hall of\u00a0the\u00a0M\u0171csarnok\u00a0\/\u00a0Kunsthalle\u00a0Budapest.\u00a0I was the one honoured with the task of being her helper, her \u2018roustabout\u2019. I had known\u00a0her works, but I had never been in such intimate proximity to them.\u00a0Likewise,\u00a0I had never met\u00a0Magdalena in person\u00a0before. She was a radiant, resolute phenomenon.\u00a0She knew what she wanted and how, she accommodated herself in the\u00a0M\u0171csarnok\u00a0with fascinating rapidity. She wanted to introduce every stage of her career, the entire span of her oeuvre to the Hungarian audience. She brought her\u00a0legendary three-dimensional\u00a0textile works, the so-called\u00a0Abakans, the Red and the Black one. She herself said this about them: \u201cI protest the classification of life and art with my three-dimensional woven\u00a0forms. My\u00a0forms\u00a0slowly grow like natural formations. They are organic. They serve meditation like other formations of our world.\u201d These enormous environments fundamentally re-evaluated our approach to textile.\u00a0Then she took out her head- and armless sackcloth torsos, sitting them on pedestals or lining them up in packed rows, but mostly, emphasising their inert vulnerability, she placed them in a huddled crowd on the floor, giving rise to heartrending dramatic tension in the space.\u00a0The motionless crowd gave us a sense of calm before the storm.\u00a0War, death, fear, uncertainty.\u00a0These faceless creatures expressed the experiences of Poland in the\u00a0Second\u00a0World War.\u00a0Or perhaps much more, more universal?\u00a0The fragility of mankind?\u00a0Being caged?\u00a0Probably.\u00a0This is the piece exhibited now at\u00a0the\u00a0Plat\u00e1n\u00a0Gallery, accompanied by some charcoal drawings. Charcoal drawings accompanied the\u00a0entire\u00a0oeuvre of\u00a0Abakanowicz, sometimes as studies, sometimes forming a dynamic, expressive graphic series. She brought a number of these to the\u00a0M\u0171csarnok, as proof of her brilliant drawing skills. The embryos had a separate hall.\u00a0Sackcloth eggs, about\u00a0800 of them. Their quantity in itself\u00a0was\u00a0an astonishing feat. The air froze around them, they filled the exhibition hall\u00a0so tightly it seemed about to explode. If this was not enough, five monumental sculptures made on site augmented the show. The massive logs of wood\u00a0resembled\u00a0sharp,\u00a0metallic\u00a0extraterrestrial\u00a0weapons ready to attack and\u00a0destroy. Their title was \u201cStar Wars\u201d. The exhibition was open for two months.\u00a0It\u00a0was\u00a0visited\u00a0by masses, and people were talking about the theretofore unknown Polish artist all over the capital.\u00a0She put contemporary art on a pedestal, and her significance can be felt to this day. What she meant to me?\u00a0Learning, first of all.\u00a0To see the importance of the use of space and rhythm, the conscious, subtle shaping of context.\u00a0And last, but not least, to experience the joy of great teamwork. I owe it all to\u00a0Magdalena.\u00a0Dzi\u0119kuj\u0119.\u00a0\\nKrisztina Jerger, curator of the exhibition\\nThe works presented at the exhibition are from the collection of the Museum of Fine Arts (Budapest) anf the Marta Magdalena Abakanowicz Kosmowskia and Jan Kosmowski Foundation (Warsaw).\\nPartner of the exhibition: Adam Mickiewicz Institute\\nOn view Mondays through Fridays 10 am \u2013 6 pm until 7. June 2019.\\nPlat\u00e1n Gallery - 1061 Budapest, Andr\u00e1ssy \u00fat 32.\"},{\"@type\":\"ImageObject\",\"inLanguage\":\"pl-PL\",\"@id\":\"https:\/\/instytutpolski.pl\/budapest\/2019\/06\/03\/magdalena-abakanowicz-cage\/#primaryimage\",\"url\":\"https:\/\/instytutpolski.pl\/budapest\/wp-content\/uploads\/sites\/21\/2019\/06\/klatka.jpg\",\"contentUrl\":\"https:\/\/instytutpolski.pl\/budapest\/wp-content\/uploads\/sites\/21\/2019\/06\/klatka.jpg\",\"width\":350,\"height\":370},{\"@type\":\"BreadcrumbList\",\"@id\":\"https:\/\/instytutpolski.pl\/budapest\/2019\/06\/03\/magdalena-abakanowicz-cage\/#breadcrumb\",\"itemListElement\":[{\"@type\":\"ListItem\",\"position\":1,\"name\":\"Home\",\"item\":\"https:\/\/instytutpolski.pl\/budapest\/\"},{\"@type\":\"ListItem\",\"position\":2,\"name\":\"Magdalena Abakanowicz: Cage\"}]},{\"@type\":\"WebSite\",\"@id\":\"https:\/\/instytutpolski.pl\/budapest\/#website\",\"url\":\"https:\/\/instytutpolski.pl\/budapest\/\",\"name\":\"Instytut Polski w Budapeszcie\",\"description\":\"Instytuty Polskie\",\"potentialAction\":[{\"@type\":\"SearchAction\",\"target\":{\"@type\":\"EntryPoint\",\"urlTemplate\":\"https:\/\/instytutpolski.pl\/budapest\/?s={search_term_string}\"},\"query-input\":{\"@type\":\"PropertyValueSpecification\",\"valueRequired\":true,\"valueName\":\"search_term_string\"}}],\"inLanguage\":\"pl-PL\"},{\"@type\":\"Person\",\"@id\":\"https:\/\/instytutpolski.pl\/budapest\/#\/schema\/person\/0d8a0025312a17e346e67e3c446cf459\",\"name\":\"sienkiewiczl.disabled\",\"image\":{\"@type\":\"ImageObject\",\"inLanguage\":\"pl-PL\",\"@id\":\"https:\/\/instytutpolski.pl\/budapest\/#\/schema\/person\/image\/\",\"url\":\"https:\/\/secure.gravatar.com\/avatar\/37c03cac7512c34f5dfeba093c3631c1?s=96&d=mm&r=g\",\"contentUrl\":\"https:\/\/secure.gravatar.com\/avatar\/37c03cac7512c34f5dfeba093c3631c1?s=96&d=mm&r=g\",\"caption\":\"sienkiewiczl.disabled\"},\"url\":\"https:\/\/instytutpolski.pl\/budapest\/author\/msz\/\"}]}<\/script>\n<!-- \/ Yoast SEO plugin. -->","yoast_head_json":{"title":"Magdalena Abakanowicz: Cage - Instytut Polski w Budapeszcie","robots":{"index":"index","follow":"follow","max-snippet":"max-snippet:-1","max-image-preview":"max-image-preview:large","max-video-preview":"max-video-preview:-1"},"canonical":"https:\/\/instytutpolski.pl\/budapest\/2019\/06\/03\/magdalena-abakanowicz-cage\/","og_locale":"pl_PL","og_type":"article","og_title":"Magdalena Abakanowicz: Cage - Instytut Polski w Budapeszcie","og_description":"Exhibition of Magdaleny Abakanowicz (1930-2017), one of Poland&#8217;s most internationally-acclaimed artists at the Plat\u00e1n Gallery. Thursday 25 April, 6:00 pm \u2014 Friday 7 June 2019, 6:00 pm Plat\u00e1n Gal\u00e9ria Budapest, VI. Andr\u00e1ssy \u00fat 32. The Polish Institute in Budapest cordially invites You to the vernissage of the exhibition PLAT\u00c1N20 Magdalena Abakanowicz Cage at 6 p.m. [&hellip;]","og_url":"https:\/\/instytutpolski.pl\/budapest\/2019\/06\/03\/magdalena-abakanowicz-cage\/","og_site_name":"Instytut Polski w Budapeszcie","article_published_time":"2019-06-03T17:11:58+00:00","article_modified_time":"2019-06-11T19:38:18+00:00","og_image":[{"width":350,"height":370,"url":"https:\/\/instytutpolski.pl\/budapest\/wp-content\/uploads\/sites\/21\/2019\/06\/klatka.jpg","type":"image\/jpeg"}],"author":"sienkiewiczl.disabled","twitter_card":"summary_large_image","twitter_misc":{"Napisane przez":"sienkiewiczl.disabled","Szacowany czas czytania":"3 minuty"},"schema":{"@context":"https:\/\/schema.org","@graph":[{"@type":"event","@id":"https:\/\/instytutpolski.pl\/budapest\/2019\/06\/03\/magdalena-abakanowicz-cage\/","url":"https:\/\/instytutpolski.pl\/budapest\/2019\/06\/03\/magdalena-abakanowicz-cage\/","name":"Magdalena Abakanowicz: Cage","isPartOf":{"@id":"https:\/\/instytutpolski.pl\/budapest\/#website"},"primaryImageOfPage":{"@id":"https:\/\/instytutpolski.pl\/budapest\/2019\/06\/03\/magdalena-abakanowicz-cage\/#primaryimage"},"image":["https:\/\/instytutpolski.pl\/budapest\/wp-content\/uploads\/sites\/21\/2019\/06\/klatka.jpg","https:\/\/instytutpolski.pl\/budapest\/wp-content\/uploads\/sites\/21\/2019\/06\/klatka-284x300.jpg","https:\/\/instytutpolski.pl\/budapest\/wp-content\/uploads\/sites\/21\/2019\/06\/klatka.jpg","https:\/\/instytutpolski.pl\/budapest\/wp-content\/uploads\/sites\/21\/2019\/06\/klatka.jpg"],"thumbnailUrl":"https:\/\/instytutpolski.pl\/budapest\/wp-content\/uploads\/sites\/21\/2019\/06\/klatka.jpg","datePublished":"2019-06-03T17:11:58+02:00","dateModified":"2019-06-11T19:38:18+02:00","author":{"@id":"https:\/\/instytutpolski.pl\/budapest\/#\/schema\/person\/0d8a0025312a17e346e67e3c446cf459"},"breadcrumb":{"@id":"https:\/\/instytutpolski.pl\/budapest\/2019\/06\/03\/magdalena-abakanowicz-cage\/#breadcrumb"},"inLanguage":"pl-PL","potentialAction":[{"@type":"ReadAction","target":["https:\/\/instytutpolski.pl\/budapest\/2019\/06\/03\/magdalena-abakanowicz-cage\/"]}],"@context":"https:\/\/schema.org","startDate":"2019-04-25","endDate":"2019-06-07","eventStatus":"EventScheduled","eventAttendanceMode":"OfflineEventAttendanceMode","location":{"@type":"place","name":"","address":"","geo":{"@type":"GeoCoordinates","latitude":"","longitude":""}},"description":"Exhibition of Magdaleny Abakanowicz (1930-2017), one of Poland's most internationally-acclaimed artists at the Plat\u00e1n Gallery.\nThursday 25 April, 6:00 pm \u2014 Friday 7 June 2019, 6:00 pm\nPlat\u00e1n Gal\u00e9ria\nBudapest, VI. Andr\u00e1ssy \u00fat 32.\nThe Polish Institute in Budapest cordially invites You to the vernissage of the exhibition\nPLAT\u00c1N20\nMagdalena Abakanowicz\nCage\nat 6 p.m. on Thursday, 25th\u00a0of April 2019, at the Plat\u00e1n Gallery.\nCelebratory remarks: Joanna Urba\u0144ska, director of the Polish Institute\nOpening speech: Krisztina Jerger, art historian\nIn the spring of 1988, we were preparing for the exhibition of\u00a0Magdalena\u00a0Abakanowicz\u00a0in every hall of\u00a0the\u00a0M\u0171csarnok\u00a0\/\u00a0Kunsthalle\u00a0Budapest.\u00a0I was the one honoured with the task of being her helper, her \u2018roustabout\u2019. I had known\u00a0her works, but I had never been in such intimate proximity to them.\u00a0Likewise,\u00a0I had never met\u00a0Magdalena in person\u00a0before. She was a radiant, resolute phenomenon.\u00a0She knew what she wanted and how, she accommodated herself in the\u00a0M\u0171csarnok\u00a0with fascinating rapidity. She wanted to introduce every stage of her career, the entire span of her oeuvre to the Hungarian audience. She brought her\u00a0legendary three-dimensional\u00a0textile works, the so-called\u00a0Abakans, the Red and the Black one. She herself said this about them: \u201cI protest the classification of life and art with my three-dimensional woven\u00a0forms. My\u00a0forms\u00a0slowly grow like natural formations. They are organic. They serve meditation like other formations of our world.\u201d These enormous environments fundamentally re-evaluated our approach to textile.\u00a0Then she took out her head- and armless sackcloth torsos, sitting them on pedestals or lining them up in packed rows, but mostly, emphasising their inert vulnerability, she placed them in a huddled crowd on the floor, giving rise to heartrending dramatic tension in the space.\u00a0The motionless crowd gave us a sense of calm before the storm.\u00a0War, death, fear, uncertainty.\u00a0These faceless creatures expressed the experiences of Poland in the\u00a0Second\u00a0World War.\u00a0Or perhaps much more, more universal?\u00a0The fragility of mankind?\u00a0Being caged?\u00a0Probably.\u00a0This is the piece exhibited now at\u00a0the\u00a0Plat\u00e1n\u00a0Gallery, accompanied by some charcoal drawings. Charcoal drawings accompanied the\u00a0entire\u00a0oeuvre of\u00a0Abakanowicz, sometimes as studies, sometimes forming a dynamic, expressive graphic series. She brought a number of these to the\u00a0M\u0171csarnok, as proof of her brilliant drawing skills. The embryos had a separate hall.\u00a0Sackcloth eggs, about\u00a0800 of them. Their quantity in itself\u00a0was\u00a0an astonishing feat. The air froze around them, they filled the exhibition hall\u00a0so tightly it seemed about to explode. If this was not enough, five monumental sculptures made on site augmented the show. The massive logs of wood\u00a0resembled\u00a0sharp,\u00a0metallic\u00a0extraterrestrial\u00a0weapons ready to attack and\u00a0destroy. Their title was \u201cStar Wars\u201d. The exhibition was open for two months.\u00a0It\u00a0was\u00a0visited\u00a0by masses, and people were talking about the theretofore unknown Polish artist all over the capital.\u00a0She put contemporary art on a pedestal, and her significance can be felt to this day. What she meant to me?\u00a0Learning, first of all.\u00a0To see the importance of the use of space and rhythm, the conscious, subtle shaping of context.\u00a0And last, but not least, to experience the joy of great teamwork. I owe it all to\u00a0Magdalena.\u00a0Dzi\u0119kuj\u0119.\u00a0\nKrisztina Jerger, curator of the exhibition\nThe works presented at the exhibition are from the collection of the Museum of Fine Arts (Budapest) anf the Marta Magdalena Abakanowicz Kosmowskia and Jan Kosmowski Foundation (Warsaw).\nPartner of the exhibition: Adam Mickiewicz Institute\nOn view Mondays through Fridays 10 am \u2013 6 pm until 7. June 2019.\nPlat\u00e1n Gallery - 1061 Budapest, Andr\u00e1ssy \u00fat 32."},{"@type":"ImageObject","inLanguage":"pl-PL","@id":"https:\/\/instytutpolski.pl\/budapest\/2019\/06\/03\/magdalena-abakanowicz-cage\/#primaryimage","url":"https:\/\/instytutpolski.pl\/budapest\/wp-content\/uploads\/sites\/21\/2019\/06\/klatka.jpg","contentUrl":"https:\/\/instytutpolski.pl\/budapest\/wp-content\/uploads\/sites\/21\/2019\/06\/klatka.jpg","width":350,"height":370},{"@type":"BreadcrumbList","@id":"https:\/\/instytutpolski.pl\/budapest\/2019\/06\/03\/magdalena-abakanowicz-cage\/#breadcrumb","itemListElement":[{"@type":"ListItem","position":1,"name":"Home","item":"https:\/\/instytutpolski.pl\/budapest\/"},{"@type":"ListItem","position":2,"name":"Magdalena Abakanowicz: Cage"}]},{"@type":"WebSite","@id":"https:\/\/instytutpolski.pl\/budapest\/#website","url":"https:\/\/instytutpolski.pl\/budapest\/","name":"Instytut Polski w Budapeszcie","description":"Instytuty Polskie","potentialAction":[{"@type":"SearchAction","target":{"@type":"EntryPoint","urlTemplate":"https:\/\/instytutpolski.pl\/budapest\/?s={search_term_string}"},"query-input":{"@type":"PropertyValueSpecification","valueRequired":true,"valueName":"search_term_string"}}],"inLanguage":"pl-PL"},{"@type":"Person","@id":"https:\/\/instytutpolski.pl\/budapest\/#\/schema\/person\/0d8a0025312a17e346e67e3c446cf459","name":"sienkiewiczl.disabled","image":{"@type":"ImageObject","inLanguage":"pl-PL","@id":"https:\/\/instytutpolski.pl\/budapest\/#\/schema\/person\/image\/","url":"https:\/\/secure.gravatar.com\/avatar\/37c03cac7512c34f5dfeba093c3631c1?s=96&d=mm&r=g","contentUrl":"https:\/\/secure.gravatar.com\/avatar\/37c03cac7512c34f5dfeba093c3631c1?s=96&d=mm&r=g","caption":"sienkiewiczl.disabled"},"url":"https:\/\/instytutpolski.pl\/budapest\/author\/msz\/"}]}},"_links":{"self":[{"href":"https:\/\/instytutpolski.pl\/budapest\/wp-json\/wp\/v2\/posts\/678","targetHints":{"allow":["GET"]}}],"collection":[{"href":"https:\/\/instytutpolski.pl\/budapest\/wp-json\/wp\/v2\/posts"}],"about":[{"href":"https:\/\/instytutpolski.pl\/budapest\/wp-json\/wp\/v2\/types\/post"}],"author":[{"embeddable":true,"href":"https:\/\/instytutpolski.pl\/budapest\/wp-json\/wp\/v2\/users\/1"}],"replies":[{"embeddable":true,"href":"https:\/\/instytutpolski.pl\/budapest\/wp-json\/wp\/v2\/comments?post=678"}],"version-history":[{"count":3,"href":"https:\/\/instytutpolski.pl\/budapest\/wp-json\/wp\/v2\/posts\/678\/revisions"}],"predecessor-version":[{"id":1097,"href":"https:\/\/instytutpolski.pl\/budapest\/wp-json\/wp\/v2\/posts\/678\/revisions\/1097"}],"wp:featuredmedia":[{"embeddable":true,"href":"https:\/\/instytutpolski.pl\/budapest\/wp-json\/wp\/v2\/media\/658"}],"wp:attachment":[{"href":"https:\/\/instytutpolski.pl\/budapest\/wp-json\/wp\/v2\/media?parent=678"}],"wp:term":[{"taxonomy":"category","embeddable":true,"href":"https:\/\/instytutpolski.pl\/budapest\/wp-json\/wp\/v2\/categories?post=678"},{"taxonomy":"post_tag","embeddable":true,"href":"https:\/\/instytutpolski.pl\/budapest\/wp-json\/wp\/v2\/tags?post=678"}],"curies":[{"name":"wp","href":"https:\/\/api.w.org\/{rel}","templated":true}]}}