{"id":8218,"date":"2019-06-06T14:04:00","date_gmt":"2019-06-06T12:04:00","guid":{"rendered":"https:\/\/instytutpolski.pl\/budapest\/?p=8218"},"modified":"2020-05-25T14:06:32","modified_gmt":"2020-05-25T12:06:32","slug":"80-evesek-lettunk","status":"publish","type":"post","link":"https:\/\/instytutpolski.pl\/budapest\/2019\/06\/06\/80-evesek-lettunk\/","title":{"rendered":"80 \u00e9vesek lett\u00fcnk!"},"content":{"rendered":"\n<p>K\u00f6sz\u00f6nj\u00fck a j\u00f3 t\u00e1rsas\u00e1got, vid\u00e1m hangulatot! Aj\u00e1nljuk szeretettel figyelmetekbe fot\u00f3gal\u00e9ri\u00e1nkat, ahol visszaid\u00e9zhetitek a programsorozat legizgalmasabb, legeml\u00e9kezetesebb pillanatait.<\/p>\n\n\n\n<p><a href=\"https:\/\/www.facebook.com\/pg\/lengyel.intezet\/photos\/?tab=album&amp;album_id=2325105234219145\">https:\/\/www.facebook.com\/pg\/lengyel.intezet\/photos\/?tab=album&amp;album_id=2325105234219145<\/a><\/p>\n\n\n\n<p><a href=\"https:\/\/www.facebook.com\/pg\/lengyel.intezet\/photos\/?tab=album&amp;album_id=2328457597217242\">https:\/\/www.facebook.com\/pg\/lengyel.intezet\/photos\/?tab=album&amp;album_id=2328457597217242<\/a><\/p>\n\n\n\n<p>Maradjatok vel\u00fcnk a k\u00f6vetkez\u0151 nyolcvan \u00e9vben is!<\/p>\n","protected":false},"excerpt":{"rendered":"<p>K\u00f6sz\u00f6nj\u00fck a j\u00f3 t\u00e1rsas\u00e1got, vid\u00e1m hangulatot! Aj\u00e1nljuk szeretettel figyelmetekbe fot\u00f3gal\u00e9ri\u00e1nkat, ahol visszaid\u00e9zhetitek a programsorozat legizgalmasabb, legeml\u00e9kezetesebb pillanatait. https:\/\/www.facebook.com\/pg\/lengyel.intezet\/photos\/?tab=album&amp;album_id=2325105234219145 https:\/\/www.facebook.com\/pg\/lengyel.intezet\/photos\/?tab=album&amp;album_id=2328457597217242 Maradjatok vel\u00fcnk a k\u00f6vetkez\u0151 nyolcvan \u00e9vben is!<\/p>\n","protected":false},"author":66,"featured_media":8219,"comment_status":"open","ping_status":"open","sticky":false,"template":"","format":"standard","meta":{"inline_featured_image":false,"_monsterinsights_skip_tracking":false,"_monsterinsights_sitenote_active":false,"_monsterinsights_sitenote_note":"","_monsterinsights_sitenote_category":0,"footnotes":""},"categories":[1],"tags":[337],"class_list":["post-8218","post","type-post","status-publish","format-standard","has-post-thumbnail","hentry","category-hirek","tag-lengyelintezet"],"yoast_head":"<!-- This site is optimized with the Yoast SEO plugin v24.6 - https:\/\/yoast.com\/wordpress\/plugins\/seo\/ -->\n<title>80 \u00e9vesek lett\u00fcnk! - Instytut Polski w Budapeszcie<\/title>\n<meta name=\"robots\" content=\"index, follow, max-snippet:-1, max-image-preview:large, max-video-preview:-1\" \/>\n<link rel=\"canonical\" href=\"https:\/\/instytutpolski.pl\/budapest\/2019\/06\/06\/80-evesek-lettunk\/\" \/>\n<meta property=\"og:locale\" content=\"pl_PL\" \/>\n<meta property=\"og:type\" content=\"article\" \/>\n<meta property=\"og:title\" content=\"80 \u00e9vesek lett\u00fcnk! - Instytut Polski w Budapeszcie\" \/>\n<meta property=\"og:description\" content=\"K\u00f6sz\u00f6nj\u00fck a j\u00f3 t\u00e1rsas\u00e1got, vid\u00e1m hangulatot! Aj\u00e1nljuk szeretettel figyelmetekbe fot\u00f3gal\u00e9ri\u00e1nkat, ahol visszaid\u00e9zhetitek a programsorozat legizgalmasabb, legeml\u00e9kezetesebb pillanatait. https:\/\/www.facebook.com\/pg\/lengyel.intezet\/photos\/?tab=album&amp;album_id=2325105234219145 https:\/\/www.facebook.com\/pg\/lengyel.intezet\/photos\/?tab=album&amp;album_id=2328457597217242 Maradjatok vel\u00fcnk a k\u00f6vetkez\u0151 nyolcvan \u00e9vben is!\" \/>\n<meta property=\"og:url\" content=\"https:\/\/instytutpolski.pl\/budapest\/2019\/06\/06\/80-evesek-lettunk\/\" \/>\n<meta property=\"og:site_name\" content=\"Instytut Polski w Budapeszcie\" \/>\n<meta property=\"article:published_time\" content=\"2019-06-06T12:04:00+00:00\" \/>\n<meta property=\"article:modified_time\" content=\"2020-05-25T12:06:32+00:00\" \/>\n<meta property=\"og:image\" content=\"https:\/\/instytutpolski.pl\/budapest\/wp-content\/uploads\/sites\/21\/2020\/05\/61688788_2324201860976149_5940812215664771072_n.jpg\" \/>\n\t<meta property=\"og:image:width\" content=\"350\" \/>\n\t<meta property=\"og:image:height\" content=\"233\" \/>\n\t<meta property=\"og:image:type\" content=\"image\/jpeg\" \/>\n<meta name=\"author\" content=\"Joanna\" \/>\n<meta name=\"twitter:card\" content=\"summary_large_image\" \/>\n<meta name=\"twitter:label1\" content=\"Napisane przez\" \/>\n\t<meta name=\"twitter:data1\" content=\"Joanna\" \/>\n<script type=\"application\/ld+json\" class=\"yoast-schema-graph\">{\"@context\":\"https:\/\/schema.org\",\"@graph\":[{\"@type\":\"event\",\"@id\":\"https:\/\/instytutpolski.pl\/budapest\/2019\/06\/06\/80-evesek-lettunk\/\",\"url\":\"https:\/\/instytutpolski.pl\/budapest\/2019\/06\/06\/80-evesek-lettunk\/\",\"name\":\"80 \u00e9vesek lett\u00fcnk!\",\"isPartOf\":{\"@id\":\"https:\/\/instytutpolski.pl\/budapest\/#website\"},\"primaryImageOfPage\":{\"@id\":\"https:\/\/instytutpolski.pl\/budapest\/2019\/06\/06\/80-evesek-lettunk\/#primaryimage\"},\"image\":[\"https:\/\/instytutpolski.pl\/budapest\/wp-content\/uploads\/sites\/21\/2020\/05\/61688788_2324201860976149_5940812215664771072_n.jpg\",\"https:\/\/instytutpolski.pl\/budapest\/wp-content\/uploads\/sites\/21\/2020\/05\/61688788_2324201860976149_5940812215664771072_n-300x200.jpg\",\"https:\/\/instytutpolski.pl\/budapest\/wp-content\/uploads\/sites\/21\/2020\/05\/61688788_2324201860976149_5940812215664771072_n.jpg\",\"https:\/\/instytutpolski.pl\/budapest\/wp-content\/uploads\/sites\/21\/2020\/05\/61688788_2324201860976149_5940812215664771072_n.jpg\"],\"thumbnailUrl\":\"https:\/\/instytutpolski.pl\/budapest\/wp-content\/uploads\/sites\/21\/2020\/05\/61688788_2324201860976149_5940812215664771072_n.jpg\",\"datePublished\":\"2019-06-06T12:04:00+02:00\",\"dateModified\":\"2020-05-25T12:06:32+02:00\",\"author\":{\"@id\":\"https:\/\/instytutpolski.pl\/budapest\/#\/schema\/person\/fd121a6bc6dcf2d0463b3c2c4d5e3c06\"},\"breadcrumb\":{\"@id\":\"https:\/\/instytutpolski.pl\/budapest\/2019\/06\/06\/80-evesek-lettunk\/#breadcrumb\"},\"inLanguage\":\"pl-PL\",\"potentialAction\":[{\"@type\":\"ReadAction\",\"target\":[\"https:\/\/instytutpolski.pl\/budapest\/2019\/06\/06\/80-evesek-lettunk\/\"]}],\"@context\":\"https:\/\/schema.org\",\"startDate\":\"2019-06-06\",\"endDate\":\"2019-06-06\",\"eventStatus\":\"EventScheduled\",\"eventAttendanceMode\":\"OfflineEventAttendanceMode\",\"location\":{\"@type\":\"place\",\"name\":\"\",\"address\":\"\",\"geo\":{\"@type\":\"GeoCoordinates\",\"latitude\":\"\",\"longitude\":\"\"}},\"description\":\"K\u00f6sz\u00f6nj\u00fck a j\u00f3 t\u00e1rsas\u00e1got, vid\u00e1m hangulatot! Aj\u00e1nljuk szeretettel figyelmetekbe fot\u00f3gal\u00e9ri\u00e1nkat, ahol visszaid\u00e9zhetitek a programsorozat legizgalmasabb, legeml\u00e9kezetesebb pillanatait.\\nhttps:\/\/www.facebook.com\/pg\/lengyel.intezet\/photos\/?tab=album&amp;album_id=2325105234219145\\nhttps:\/\/www.facebook.com\/pg\/lengyel.intezet\/photos\/?tab=album&amp;album_id=2328457597217242\\nMaradjatok vel\u00fcnk a k\u00f6vetkez\u0151 nyolcvan \u00e9vben is!\"},{\"@type\":\"ImageObject\",\"inLanguage\":\"pl-PL\",\"@id\":\"https:\/\/instytutpolski.pl\/budapest\/2019\/06\/06\/80-evesek-lettunk\/#primaryimage\",\"url\":\"https:\/\/instytutpolski.pl\/budapest\/wp-content\/uploads\/sites\/21\/2020\/05\/61688788_2324201860976149_5940812215664771072_n.jpg\",\"contentUrl\":\"https:\/\/instytutpolski.pl\/budapest\/wp-content\/uploads\/sites\/21\/2020\/05\/61688788_2324201860976149_5940812215664771072_n.jpg\",\"width\":350,\"height\":233},{\"@type\":\"BreadcrumbList\",\"@id\":\"https:\/\/instytutpolski.pl\/budapest\/2019\/06\/06\/80-evesek-lettunk\/#breadcrumb\",\"itemListElement\":[{\"@type\":\"ListItem\",\"position\":1,\"name\":\"Home\",\"item\":\"https:\/\/instytutpolski.pl\/budapest\/\"},{\"@type\":\"ListItem\",\"position\":2,\"name\":\"80 \u00e9vesek lett\u00fcnk!\"}]},{\"@type\":\"WebSite\",\"@id\":\"https:\/\/instytutpolski.pl\/budapest\/#website\",\"url\":\"https:\/\/instytutpolski.pl\/budapest\/\",\"name\":\"Instytut Polski w Budapeszcie\",\"description\":\"Instytuty Polskie\",\"potentialAction\":[{\"@type\":\"SearchAction\",\"target\":{\"@type\":\"EntryPoint\",\"urlTemplate\":\"https:\/\/instytutpolski.pl\/budapest\/?s={search_term_string}\"},\"query-input\":{\"@type\":\"PropertyValueSpecification\",\"valueRequired\":true,\"valueName\":\"search_term_string\"}}],\"inLanguage\":\"pl-PL\"},{\"@type\":\"Person\",\"@id\":\"https:\/\/instytutpolski.pl\/budapest\/#\/schema\/person\/fd121a6bc6dcf2d0463b3c2c4d5e3c06\",\"name\":\"Joanna\",\"image\":{\"@type\":\"ImageObject\",\"inLanguage\":\"pl-PL\",\"@id\":\"https:\/\/instytutpolski.pl\/budapest\/#\/schema\/person\/image\/\",\"url\":\"https:\/\/secure.gravatar.com\/avatar\/26941f822c57f14e1a2f2a756e19e518?s=96&d=mm&r=g\",\"contentUrl\":\"https:\/\/secure.gravatar.com\/avatar\/26941f822c57f14e1a2f2a756e19e518?s=96&d=mm&r=g\",\"caption\":\"Joanna\"},\"url\":\"https:\/\/instytutpolski.pl\/budapest\/author\/urbanskaj\/\"}]}<\/script>\n<!-- \/ Yoast SEO plugin. -->","yoast_head_json":{"title":"80 \u00e9vesek lett\u00fcnk! - Instytut Polski w Budapeszcie","robots":{"index":"index","follow":"follow","max-snippet":"max-snippet:-1","max-image-preview":"max-image-preview:large","max-video-preview":"max-video-preview:-1"},"canonical":"https:\/\/instytutpolski.pl\/budapest\/2019\/06\/06\/80-evesek-lettunk\/","og_locale":"pl_PL","og_type":"article","og_title":"80 \u00e9vesek lett\u00fcnk! - Instytut Polski w Budapeszcie","og_description":"K\u00f6sz\u00f6nj\u00fck a j\u00f3 t\u00e1rsas\u00e1got, vid\u00e1m hangulatot! Aj\u00e1nljuk szeretettel figyelmetekbe fot\u00f3gal\u00e9ri\u00e1nkat, ahol visszaid\u00e9zhetitek a programsorozat legizgalmasabb, legeml\u00e9kezetesebb pillanatait. https:\/\/www.facebook.com\/pg\/lengyel.intezet\/photos\/?tab=album&amp;album_id=2325105234219145 https:\/\/www.facebook.com\/pg\/lengyel.intezet\/photos\/?tab=album&amp;album_id=2328457597217242 Maradjatok vel\u00fcnk a k\u00f6vetkez\u0151 nyolcvan \u00e9vben is!","og_url":"https:\/\/instytutpolski.pl\/budapest\/2019\/06\/06\/80-evesek-lettunk\/","og_site_name":"Instytut Polski w Budapeszcie","article_published_time":"2019-06-06T12:04:00+00:00","article_modified_time":"2020-05-25T12:06:32+00:00","og_image":[{"width":350,"height":233,"url":"https:\/\/instytutpolski.pl\/budapest\/wp-content\/uploads\/sites\/21\/2020\/05\/61688788_2324201860976149_5940812215664771072_n.jpg","type":"image\/jpeg"}],"author":"Joanna","twitter_card":"summary_large_image","twitter_misc":{"Napisane przez":"Joanna"},"schema":{"@context":"https:\/\/schema.org","@graph":[{"@type":"event","@id":"https:\/\/instytutpolski.pl\/budapest\/2019\/06\/06\/80-evesek-lettunk\/","url":"https:\/\/instytutpolski.pl\/budapest\/2019\/06\/06\/80-evesek-lettunk\/","name":"80 \u00e9vesek lett\u00fcnk!","isPartOf":{"@id":"https:\/\/instytutpolski.pl\/budapest\/#website"},"primaryImageOfPage":{"@id":"https:\/\/instytutpolski.pl\/budapest\/2019\/06\/06\/80-evesek-lettunk\/#primaryimage"},"image":["https:\/\/instytutpolski.pl\/budapest\/wp-content\/uploads\/sites\/21\/2020\/05\/61688788_2324201860976149_5940812215664771072_n.jpg","https:\/\/instytutpolski.pl\/budapest\/wp-content\/uploads\/sites\/21\/2020\/05\/61688788_2324201860976149_5940812215664771072_n-300x200.jpg","https:\/\/instytutpolski.pl\/budapest\/wp-content\/uploads\/sites\/21\/2020\/05\/61688788_2324201860976149_5940812215664771072_n.jpg","https:\/\/instytutpolski.pl\/budapest\/wp-content\/uploads\/sites\/21\/2020\/05\/61688788_2324201860976149_5940812215664771072_n.jpg"],"thumbnailUrl":"https:\/\/instytutpolski.pl\/budapest\/wp-content\/uploads\/sites\/21\/2020\/05\/61688788_2324201860976149_5940812215664771072_n.jpg","datePublished":"2019-06-06T12:04:00+02:00","dateModified":"2020-05-25T12:06:32+02:00","author":{"@id":"https:\/\/instytutpolski.pl\/budapest\/#\/schema\/person\/fd121a6bc6dcf2d0463b3c2c4d5e3c06"},"breadcrumb":{"@id":"https:\/\/instytutpolski.pl\/budapest\/2019\/06\/06\/80-evesek-lettunk\/#breadcrumb"},"inLanguage":"pl-PL","potentialAction":[{"@type":"ReadAction","target":["https:\/\/instytutpolski.pl\/budapest\/2019\/06\/06\/80-evesek-lettunk\/"]}],"@context":"https:\/\/schema.org","startDate":"2019-06-06","endDate":"2019-06-06","eventStatus":"EventScheduled","eventAttendanceMode":"OfflineEventAttendanceMode","location":{"@type":"place","name":"","address":"","geo":{"@type":"GeoCoordinates","latitude":"","longitude":""}},"description":"K\u00f6sz\u00f6nj\u00fck a j\u00f3 t\u00e1rsas\u00e1got, vid\u00e1m hangulatot! Aj\u00e1nljuk szeretettel figyelmetekbe fot\u00f3gal\u00e9ri\u00e1nkat, ahol visszaid\u00e9zhetitek a programsorozat legizgalmasabb, legeml\u00e9kezetesebb pillanatait.\nhttps:\/\/www.facebook.com\/pg\/lengyel.intezet\/photos\/?tab=album&amp;album_id=2325105234219145\nhttps:\/\/www.facebook.com\/pg\/lengyel.intezet\/photos\/?tab=album&amp;album_id=2328457597217242\nMaradjatok vel\u00fcnk a k\u00f6vetkez\u0151 nyolcvan \u00e9vben is!"},{"@type":"ImageObject","inLanguage":"pl-PL","@id":"https:\/\/instytutpolski.pl\/budapest\/2019\/06\/06\/80-evesek-lettunk\/#primaryimage","url":"https:\/\/instytutpolski.pl\/budapest\/wp-content\/uploads\/sites\/21\/2020\/05\/61688788_2324201860976149_5940812215664771072_n.jpg","contentUrl":"https:\/\/instytutpolski.pl\/budapest\/wp-content\/uploads\/sites\/21\/2020\/05\/61688788_2324201860976149_5940812215664771072_n.jpg","width":350,"height":233},{"@type":"BreadcrumbList","@id":"https:\/\/instytutpolski.pl\/budapest\/2019\/06\/06\/80-evesek-lettunk\/#breadcrumb","itemListElement":[{"@type":"ListItem","position":1,"name":"Home","item":"https:\/\/instytutpolski.pl\/budapest\/"},{"@type":"ListItem","position":2,"name":"80 \u00e9vesek lett\u00fcnk!"}]},{"@type":"WebSite","@id":"https:\/\/instytutpolski.pl\/budapest\/#website","url":"https:\/\/instytutpolski.pl\/budapest\/","name":"Instytut Polski w Budapeszcie","description":"Instytuty Polskie","potentialAction":[{"@type":"SearchAction","target":{"@type":"EntryPoint","urlTemplate":"https:\/\/instytutpolski.pl\/budapest\/?s={search_term_string}"},"query-input":{"@type":"PropertyValueSpecification","valueRequired":true,"valueName":"search_term_string"}}],"inLanguage":"pl-PL"},{"@type":"Person","@id":"https:\/\/instytutpolski.pl\/budapest\/#\/schema\/person\/fd121a6bc6dcf2d0463b3c2c4d5e3c06","name":"Joanna","image":{"@type":"ImageObject","inLanguage":"pl-PL","@id":"https:\/\/instytutpolski.pl\/budapest\/#\/schema\/person\/image\/","url":"https:\/\/secure.gravatar.com\/avatar\/26941f822c57f14e1a2f2a756e19e518?s=96&d=mm&r=g","contentUrl":"https:\/\/secure.gravatar.com\/avatar\/26941f822c57f14e1a2f2a756e19e518?s=96&d=mm&r=g","caption":"Joanna"},"url":"https:\/\/instytutpolski.pl\/budapest\/author\/urbanskaj\/"}]}},"_links":{"self":[{"href":"https:\/\/instytutpolski.pl\/budapest\/wp-json\/wp\/v2\/posts\/8218","targetHints":{"allow":["GET"]}}],"collection":[{"href":"https:\/\/instytutpolski.pl\/budapest\/wp-json\/wp\/v2\/posts"}],"about":[{"href":"https:\/\/instytutpolski.pl\/budapest\/wp-json\/wp\/v2\/types\/post"}],"author":[{"embeddable":true,"href":"https:\/\/instytutpolski.pl\/budapest\/wp-json\/wp\/v2\/users\/66"}],"replies":[{"embeddable":true,"href":"https:\/\/instytutpolski.pl\/budapest\/wp-json\/wp\/v2\/comments?post=8218"}],"version-history":[{"count":2,"href":"https:\/\/instytutpolski.pl\/budapest\/wp-json\/wp\/v2\/posts\/8218\/revisions"}],"predecessor-version":[{"id":8221,"href":"https:\/\/instytutpolski.pl\/budapest\/wp-json\/wp\/v2\/posts\/8218\/revisions\/8221"}],"wp:featuredmedia":[{"embeddable":true,"href":"https:\/\/instytutpolski.pl\/budapest\/wp-json\/wp\/v2\/media\/8219"}],"wp:attachment":[{"href":"https:\/\/instytutpolski.pl\/budapest\/wp-json\/wp\/v2\/media?parent=8218"}],"wp:term":[{"taxonomy":"category","embeddable":true,"href":"https:\/\/instytutpolski.pl\/budapest\/wp-json\/wp\/v2\/categories?post=8218"},{"taxonomy":"post_tag","embeddable":true,"href":"https:\/\/instytutpolski.pl\/budapest\/wp-json\/wp\/v2\/tags?post=8218"}],"curies":[{"name":"wp","href":"https:\/\/api.w.org\/{rel}","templated":true}]}}