{"id":10705,"date":"2024-10-10T16:10:05","date_gmt":"2024-10-10T14:10:05","guid":{"rendered":"https:\/\/instytutpolski.pl\/duesseldorf\/?p=10705"},"modified":"2024-12-06T12:04:59","modified_gmt":"2024-12-06T11:04:59","slug":"mikolaj-sobczak-na-wystawie-zbiorowej-cutting-the-puppeteers-strings","status":"publish","type":"post","link":"https:\/\/instytutpolski.pl\/duesseldorf\/pl\/2024\/10\/10\/mikolaj-sobczak-na-wystawie-zbiorowej-cutting-the-puppeteers-strings\/","title":{"rendered":"Miko\u0142aj Sobczak na wystawie zbiorowej \u201eCutting the Puppeteer&#8217;s Strings\u201d"},"content":{"rendered":"\n<p>Miko\u0142aj Sobczak na wystawie zbiorowej \u201eCutting the Puppeteer&#8217;s Strings\u201d<\/p>\n<p>w Sammlung Philara, D\u00fcsseldorf, Birkenstra\u00dfe 47 a, 40233 D\u00fcsseldorf http:\/\/www.philara.de<\/p>\n<p>20 pa\u017adziernika 2024 &#8211; 1 czerwca 2025<\/p>\n<p>Otwarcie: 20 pa\u017adziernika 2024 r., godz. 14-18<\/p>\n<p>Arty\u015bci: Sa\u00e2dane Afif, Nathalie Djurberg &amp; Hans Berg, Marcel Dzama, Antoni Fa\u0142at, Val\u00e9rie Favre, Hans-Peter Feldmann, FORT, Rochelle Goldberg, Dan Graham, Jos De Gruyter &amp; Harald Thys, Leila Hekmat, Lili Huston-Herterich, Jella Jess, Ruprecht von Kaufmann, Anna K.E., Eva Ko\u0165\u00e1tkov\u00e1, Friedrich Kunath, Lap-See Lam, Rosa Loy, Florian Meisenberg, Hedda Schattanik, Wael Shawky, Miko\u0142aj Sobczak, Andreas Schmitten, Emma Talbot, Kara Walker, G\u00fcnter Weseler, Dardan Zhegrova i inni.<\/p>\n<p>Philara Collection ma przyjemno\u015b\u0107 zaprezentowa\u0107 \u201eCutting the Puppeteer&#8217;s Strings\u201d, kompleksow\u0105 wystaw\u0119 zbiorow\u0105 o powierzchni 1700 metr\u00f3w kwadratowych. Prezentacja dotyczy marionetek i teatru lalek, teatru cieni i lalkarstwa, a tak\u017ce powi\u0105zanych aspekt\u00f3w sceny, ekspozycji i postaci w sztuce wsp\u00f3\u0142czesnej &#8211; gdzie tradycyjne rzemios\u0142o teatru lalek cieszy si\u0119 obecnie szczeg\u00f3ln\u0105 uwag\u0105. Prezentowane prace stawiaj\u0105 pytania, czasem w humorystyczny spos\u00f3b, dotycz\u0105ce naszych mo\u017cliwo\u015bci dzia\u0142ania na poziomie prywatnym lub politycznym i zapewniaj\u0105 podej\u015bcie do ponownego przemy\u015blenia. Wystawa obejmuje prace z kolekcji Gila Bronnera, wypo\u017cyczone i nowe produkcje specjalnie na wystaw\u0119, kt\u00f3re s\u0105 uzupe\u0142nione wsp\u00f3\u0142prac\u0105 z Teatrem Marionetek w D\u00fcsseldorfie.<\/p>\n<p>Kuratorzy wystawy: Julika Bosch, Hannah Niemeier, Dana M. A. Bulic<\/p>\n","protected":false},"excerpt":{"rendered":"<p>Miko\u0142aj Sobczak na wystawie zbiorowej \u201eCutting the Puppeteer&#8217;s Strings\u201d w Sammlung Philara, D\u00fcsseldorf, Birkenstra\u00dfe 47 a, 40233 D\u00fcsseldorf http:\/\/www.philara.de 20 pa\u017adziernika 2024 &#8211; 1 czerwca 2025 Otwarcie: 20 pa\u017adziernika 2024 r., godz. 14-18 Arty\u015bci: Sa\u00e2dane Afif, Nathalie Djurberg &amp; Hans Berg, Marcel Dzama, Antoni Fa\u0142at, Val\u00e9rie Favre, Hans-Peter Feldmann, FORT, Rochelle Goldberg, Dan Graham, Jos [&hellip;]<\/p>\n","protected":false},"author":103,"featured_media":10661,"comment_status":"open","ping_status":"open","sticky":false,"template":"","format":"standard","meta":{"inline_featured_image":false,"_monsterinsights_skip_tracking":false,"_monsterinsights_sitenote_active":false,"_monsterinsights_sitenote_note":"","_monsterinsights_sitenote_category":0,"footnotes":""},"categories":[158],"tags":[],"class_list":["post-10705","post","type-post","status-publish","format-standard","has-post-thumbnail","hentry","category-uncategorized-pl"],"yoast_head":"<!-- This site is optimized with the Yoast SEO plugin v24.6 - https:\/\/yoast.com\/wordpress\/plugins\/seo\/ -->\n<title>Miko\u0142aj Sobczak na wystawie zbiorowej \u201eCutting the Puppeteer&#039;s Strings\u201d - Instytut Polski w Dusseldorfie<\/title>\n<meta name=\"robots\" content=\"index, follow, max-snippet:-1, max-image-preview:large, max-video-preview:-1\" \/>\n<link rel=\"canonical\" href=\"https:\/\/instytutpolski.pl\/duesseldorf\/pl\/2024\/10\/10\/mikolaj-sobczak-na-wystawie-zbiorowej-cutting-the-puppeteers-strings\/\" \/>\n<meta property=\"og:locale\" content=\"pl_PL\" \/>\n<meta property=\"og:type\" content=\"article\" \/>\n<meta property=\"og:title\" content=\"Miko\u0142aj Sobczak na wystawie zbiorowej \u201eCutting the Puppeteer&#039;s Strings\u201d - Instytut Polski w Dusseldorfie\" \/>\n<meta property=\"og:description\" content=\"Miko\u0142aj Sobczak na wystawie zbiorowej \u201eCutting the Puppeteer&#8217;s Strings\u201d w Sammlung Philara, D\u00fcsseldorf, Birkenstra\u00dfe 47 a, 40233 D\u00fcsseldorf http:\/\/www.philara.de 20 pa\u017adziernika 2024 &#8211; 1 czerwca 2025 Otwarcie: 20 pa\u017adziernika 2024 r., godz. 14-18 Arty\u015bci: Sa\u00e2dane Afif, Nathalie Djurberg &amp; Hans Berg, Marcel Dzama, Antoni Fa\u0142at, Val\u00e9rie Favre, Hans-Peter Feldmann, FORT, Rochelle Goldberg, Dan Graham, Jos [&hellip;]\" \/>\n<meta property=\"og:url\" content=\"https:\/\/instytutpolski.pl\/duesseldorf\/pl\/2024\/10\/10\/mikolaj-sobczak-na-wystawie-zbiorowej-cutting-the-puppeteers-strings\/\" \/>\n<meta property=\"og:site_name\" content=\"Instytut Polski w Dusseldorfie\" \/>\n<meta property=\"article:published_time\" content=\"2024-10-10T14:10:05+00:00\" \/>\n<meta property=\"article:modified_time\" content=\"2024-12-06T11:04:59+00:00\" \/>\n<meta property=\"og:image\" content=\"https:\/\/instytutpolski.pl\/duesseldorf\/wp-content\/uploads\/sites\/5\/2024\/10\/1-MikolajSobczak_LutziPuppeWutzi_Photoby-Wolf-Silveri.jpg\" \/>\n\t<meta property=\"og:image:width\" content=\"2200\" \/>\n\t<meta property=\"og:image:height\" content=\"1467\" \/>\n\t<meta property=\"og:image:type\" content=\"image\/jpeg\" \/>\n<meta name=\"author\" content=\"kolinskia\" \/>\n<meta name=\"twitter:card\" content=\"summary_large_image\" \/>\n<meta name=\"twitter:label1\" content=\"Napisane przez\" \/>\n\t<meta name=\"twitter:data1\" content=\"kolinskia\" \/>\n\t<meta name=\"twitter:label2\" content=\"Szacowany czas czytania\" \/>\n\t<meta name=\"twitter:data2\" content=\"2 minuty\" \/>\n<script type=\"application\/ld+json\" class=\"yoast-schema-graph\">{\"@context\":\"https:\/\/schema.org\",\"@graph\":[{\"@type\":\"event\",\"@id\":\"https:\/\/instytutpolski.pl\/duesseldorf\/pl\/2024\/10\/10\/mikolaj-sobczak-na-wystawie-zbiorowej-cutting-the-puppeteers-strings\/\",\"url\":\"https:\/\/instytutpolski.pl\/duesseldorf\/pl\/2024\/10\/10\/mikolaj-sobczak-na-wystawie-zbiorowej-cutting-the-puppeteers-strings\/\",\"name\":\"Miko\u0142aj Sobczak na wystawie zbiorowej \u201eCutting the Puppeteer's Strings\u201d\",\"isPartOf\":{\"@id\":\"https:\/\/instytutpolski.pl\/duesseldorf\/#website\"},\"primaryImageOfPage\":{\"@id\":\"https:\/\/instytutpolski.pl\/duesseldorf\/pl\/2024\/10\/10\/mikolaj-sobczak-na-wystawie-zbiorowej-cutting-the-puppeteers-strings\/#primaryimage\"},\"image\":[\"https:\/\/instytutpolski.pl\/duesseldorf\/wp-content\/uploads\/sites\/5\/2024\/10\/1-MikolajSobczak_LutziPuppeWutzi_Photoby-Wolf-Silveri.jpg\",\"https:\/\/instytutpolski.pl\/duesseldorf\/wp-content\/uploads\/sites\/5\/2024\/10\/1-MikolajSobczak_LutziPuppeWutzi_Photoby-Wolf-Silveri-300x200.jpg\",\"https:\/\/instytutpolski.pl\/duesseldorf\/wp-content\/uploads\/sites\/5\/2024\/10\/1-MikolajSobczak_LutziPuppeWutzi_Photoby-Wolf-Silveri-1024x683.jpg\",\"https:\/\/instytutpolski.pl\/duesseldorf\/wp-content\/uploads\/sites\/5\/2024\/10\/1-MikolajSobczak_LutziPuppeWutzi_Photoby-Wolf-Silveri.jpg\"],\"thumbnailUrl\":\"https:\/\/instytutpolski.pl\/duesseldorf\/wp-content\/uploads\/sites\/5\/2024\/10\/1-MikolajSobczak_LutziPuppeWutzi_Photoby-Wolf-Silveri.jpg\",\"datePublished\":\"2024-10-10T14:10:05+02:00\",\"dateModified\":\"2024-12-06T11:04:59+02:00\",\"author\":{\"@id\":\"https:\/\/instytutpolski.pl\/duesseldorf\/#\/schema\/person\/6b4b76776c5d49a1eb862046e311998e\"},\"breadcrumb\":{\"@id\":\"https:\/\/instytutpolski.pl\/duesseldorf\/pl\/2024\/10\/10\/mikolaj-sobczak-na-wystawie-zbiorowej-cutting-the-puppeteers-strings\/#breadcrumb\"},\"inLanguage\":\"pl-PL\",\"potentialAction\":[{\"@type\":\"ReadAction\",\"target\":[\"https:\/\/instytutpolski.pl\/duesseldorf\/pl\/2024\/10\/10\/mikolaj-sobczak-na-wystawie-zbiorowej-cutting-the-puppeteers-strings\/\"]}],\"@context\":\"https:\/\/schema.org\",\"startDate\":\"2024-10-20\",\"endDate\":\"2025-06-01\",\"eventStatus\":\"EventScheduled\",\"eventAttendanceMode\":\"OfflineEventAttendanceMode\",\"location\":{\"@type\":\"place\",\"name\":\"\",\"address\":\"\",\"geo\":{\"@type\":\"GeoCoordinates\",\"latitude\":\"\",\"longitude\":\"\"}},\"description\":\"Miko\u0142aj Sobczak na wystawie zbiorowej \u201eCutting the Puppeteer's Strings\u201d\\nw Sammlung Philara, D\u00fcsseldorf, Birkenstra\u00dfe 47 a, 40233 D\u00fcsseldorf http:\/\/www.philara.de\\n20 pa\u017adziernika 2024 - 1 czerwca 2025\\nOtwarcie: 20 pa\u017adziernika 2024 r., godz. 14-18\\nArty\u015bci: Sa\u00e2dane Afif, Nathalie Djurberg &amp; Hans Berg, Marcel Dzama, Antoni Fa\u0142at, Val\u00e9rie Favre, Hans-Peter Feldmann, FORT, Rochelle Goldberg, Dan Graham, Jos De Gruyter &amp; Harald Thys, Leila Hekmat, Lili Huston-Herterich, Jella Jess, Ruprecht von Kaufmann, Anna K.E., Eva Ko\u0165\u00e1tkov\u00e1, Friedrich Kunath, Lap-See Lam, Rosa Loy, Florian Meisenberg, Hedda Schattanik, Wael Shawky, Miko\u0142aj Sobczak, Andreas Schmitten, Emma Talbot, Kara Walker, G\u00fcnter Weseler, Dardan Zhegrova i inni.\\nPhilara Collection ma przyjemno\u015b\u0107 zaprezentowa\u0107 \u201eCutting the Puppeteer's Strings\u201d, kompleksow\u0105 wystaw\u0119 zbiorow\u0105 o powierzchni 1700 metr\u00f3w kwadratowych. Prezentacja dotyczy marionetek i teatru lalek, teatru cieni i lalkarstwa, a tak\u017ce powi\u0105zanych aspekt\u00f3w sceny, ekspozycji i postaci w sztuce wsp\u00f3\u0142czesnej - gdzie tradycyjne rzemios\u0142o teatru lalek cieszy si\u0119 obecnie szczeg\u00f3ln\u0105 uwag\u0105. Prezentowane prace stawiaj\u0105 pytania, czasem w humorystyczny spos\u00f3b, dotycz\u0105ce naszych mo\u017cliwo\u015bci dzia\u0142ania na poziomie prywatnym lub politycznym i zapewniaj\u0105 podej\u015bcie do ponownego przemy\u015blenia. Wystawa obejmuje prace z kolekcji Gila Bronnera, wypo\u017cyczone i nowe produkcje specjalnie na wystaw\u0119, kt\u00f3re s\u0105 uzupe\u0142nione wsp\u00f3\u0142prac\u0105 z Teatrem Marionetek w D\u00fcsseldorfie.\\nKuratorzy wystawy: Julika Bosch, Hannah Niemeier, Dana M. A. Bulic\"},{\"@type\":\"ImageObject\",\"inLanguage\":\"pl-PL\",\"@id\":\"https:\/\/instytutpolski.pl\/duesseldorf\/pl\/2024\/10\/10\/mikolaj-sobczak-na-wystawie-zbiorowej-cutting-the-puppeteers-strings\/#primaryimage\",\"url\":\"https:\/\/instytutpolski.pl\/duesseldorf\/wp-content\/uploads\/sites\/5\/2024\/10\/1-MikolajSobczak_LutziPuppeWutzi_Photoby-Wolf-Silveri.jpg\",\"contentUrl\":\"https:\/\/instytutpolski.pl\/duesseldorf\/wp-content\/uploads\/sites\/5\/2024\/10\/1-MikolajSobczak_LutziPuppeWutzi_Photoby-Wolf-Silveri.jpg\",\"width\":2200,\"height\":1467,\"caption\":\"MikolajSobczak_LutziPuppeWutzi_Photoby Wolf Silveri\"},{\"@type\":\"BreadcrumbList\",\"@id\":\"https:\/\/instytutpolski.pl\/duesseldorf\/pl\/2024\/10\/10\/mikolaj-sobczak-na-wystawie-zbiorowej-cutting-the-puppeteers-strings\/#breadcrumb\",\"itemListElement\":[{\"@type\":\"ListItem\",\"position\":1,\"name\":\"Home\",\"item\":\"https:\/\/instytutpolski.pl\/duesseldorf\/\"},{\"@type\":\"ListItem\",\"position\":2,\"name\":\"Miko\u0142aj Sobczak na wystawie zbiorowej \u201eCutting the Puppeteer&#8217;s Strings\u201d\"}]},{\"@type\":\"WebSite\",\"@id\":\"https:\/\/instytutpolski.pl\/duesseldorf\/#website\",\"url\":\"https:\/\/instytutpolski.pl\/duesseldorf\/\",\"name\":\"Instytut Polski w Dusseldorfie\",\"description\":\"Instytuty Polskie\",\"potentialAction\":[{\"@type\":\"SearchAction\",\"target\":{\"@type\":\"EntryPoint\",\"urlTemplate\":\"https:\/\/instytutpolski.pl\/duesseldorf\/?s={search_term_string}\"},\"query-input\":{\"@type\":\"PropertyValueSpecification\",\"valueRequired\":true,\"valueName\":\"search_term_string\"}}],\"inLanguage\":\"pl-PL\"},{\"@type\":\"Person\",\"@id\":\"https:\/\/instytutpolski.pl\/duesseldorf\/#\/schema\/person\/6b4b76776c5d49a1eb862046e311998e\",\"name\":\"kolinskia\",\"image\":{\"@type\":\"ImageObject\",\"inLanguage\":\"pl-PL\",\"@id\":\"https:\/\/instytutpolski.pl\/duesseldorf\/#\/schema\/person\/image\/\",\"url\":\"https:\/\/secure.gravatar.com\/avatar\/9bb79075402c1d25f1e9e4e8260c2d13?s=96&d=mm&r=g\",\"contentUrl\":\"https:\/\/secure.gravatar.com\/avatar\/9bb79075402c1d25f1e9e4e8260c2d13?s=96&d=mm&r=g\",\"caption\":\"kolinskia\"},\"url\":\"https:\/\/instytutpolski.pl\/duesseldorf\/author\/kolinskia\/\"}]}<\/script>\n<!-- \/ Yoast SEO plugin. -->","yoast_head_json":{"title":"Miko\u0142aj Sobczak na wystawie zbiorowej \u201eCutting the Puppeteer's Strings\u201d - Instytut Polski w Dusseldorfie","robots":{"index":"index","follow":"follow","max-snippet":"max-snippet:-1","max-image-preview":"max-image-preview:large","max-video-preview":"max-video-preview:-1"},"canonical":"https:\/\/instytutpolski.pl\/duesseldorf\/pl\/2024\/10\/10\/mikolaj-sobczak-na-wystawie-zbiorowej-cutting-the-puppeteers-strings\/","og_locale":"pl_PL","og_type":"article","og_title":"Miko\u0142aj Sobczak na wystawie zbiorowej \u201eCutting the Puppeteer's Strings\u201d - Instytut Polski w Dusseldorfie","og_description":"Miko\u0142aj Sobczak na wystawie zbiorowej \u201eCutting the Puppeteer&#8217;s Strings\u201d w Sammlung Philara, D\u00fcsseldorf, Birkenstra\u00dfe 47 a, 40233 D\u00fcsseldorf http:\/\/www.philara.de 20 pa\u017adziernika 2024 &#8211; 1 czerwca 2025 Otwarcie: 20 pa\u017adziernika 2024 r., godz. 14-18 Arty\u015bci: Sa\u00e2dane Afif, Nathalie Djurberg &amp; Hans Berg, Marcel Dzama, Antoni Fa\u0142at, Val\u00e9rie Favre, Hans-Peter Feldmann, FORT, Rochelle Goldberg, Dan Graham, Jos [&hellip;]","og_url":"https:\/\/instytutpolski.pl\/duesseldorf\/pl\/2024\/10\/10\/mikolaj-sobczak-na-wystawie-zbiorowej-cutting-the-puppeteers-strings\/","og_site_name":"Instytut Polski w Dusseldorfie","article_published_time":"2024-10-10T14:10:05+00:00","article_modified_time":"2024-12-06T11:04:59+00:00","og_image":[{"width":2200,"height":1467,"url":"https:\/\/instytutpolski.pl\/duesseldorf\/wp-content\/uploads\/sites\/5\/2024\/10\/1-MikolajSobczak_LutziPuppeWutzi_Photoby-Wolf-Silveri.jpg","type":"image\/jpeg"}],"author":"kolinskia","twitter_card":"summary_large_image","twitter_misc":{"Napisane przez":"kolinskia","Szacowany czas czytania":"2 minuty"},"schema":{"@context":"https:\/\/schema.org","@graph":[{"@type":"event","@id":"https:\/\/instytutpolski.pl\/duesseldorf\/pl\/2024\/10\/10\/mikolaj-sobczak-na-wystawie-zbiorowej-cutting-the-puppeteers-strings\/","url":"https:\/\/instytutpolski.pl\/duesseldorf\/pl\/2024\/10\/10\/mikolaj-sobczak-na-wystawie-zbiorowej-cutting-the-puppeteers-strings\/","name":"Miko\u0142aj Sobczak na wystawie zbiorowej \u201eCutting the Puppeteer's Strings\u201d","isPartOf":{"@id":"https:\/\/instytutpolski.pl\/duesseldorf\/#website"},"primaryImageOfPage":{"@id":"https:\/\/instytutpolski.pl\/duesseldorf\/pl\/2024\/10\/10\/mikolaj-sobczak-na-wystawie-zbiorowej-cutting-the-puppeteers-strings\/#primaryimage"},"image":["https:\/\/instytutpolski.pl\/duesseldorf\/wp-content\/uploads\/sites\/5\/2024\/10\/1-MikolajSobczak_LutziPuppeWutzi_Photoby-Wolf-Silveri.jpg","https:\/\/instytutpolski.pl\/duesseldorf\/wp-content\/uploads\/sites\/5\/2024\/10\/1-MikolajSobczak_LutziPuppeWutzi_Photoby-Wolf-Silveri-300x200.jpg","https:\/\/instytutpolski.pl\/duesseldorf\/wp-content\/uploads\/sites\/5\/2024\/10\/1-MikolajSobczak_LutziPuppeWutzi_Photoby-Wolf-Silveri-1024x683.jpg","https:\/\/instytutpolski.pl\/duesseldorf\/wp-content\/uploads\/sites\/5\/2024\/10\/1-MikolajSobczak_LutziPuppeWutzi_Photoby-Wolf-Silveri.jpg"],"thumbnailUrl":"https:\/\/instytutpolski.pl\/duesseldorf\/wp-content\/uploads\/sites\/5\/2024\/10\/1-MikolajSobczak_LutziPuppeWutzi_Photoby-Wolf-Silveri.jpg","datePublished":"2024-10-10T14:10:05+02:00","dateModified":"2024-12-06T11:04:59+02:00","author":{"@id":"https:\/\/instytutpolski.pl\/duesseldorf\/#\/schema\/person\/6b4b76776c5d49a1eb862046e311998e"},"breadcrumb":{"@id":"https:\/\/instytutpolski.pl\/duesseldorf\/pl\/2024\/10\/10\/mikolaj-sobczak-na-wystawie-zbiorowej-cutting-the-puppeteers-strings\/#breadcrumb"},"inLanguage":"pl-PL","potentialAction":[{"@type":"ReadAction","target":["https:\/\/instytutpolski.pl\/duesseldorf\/pl\/2024\/10\/10\/mikolaj-sobczak-na-wystawie-zbiorowej-cutting-the-puppeteers-strings\/"]}],"@context":"https:\/\/schema.org","startDate":"2024-10-20","endDate":"2025-06-01","eventStatus":"EventScheduled","eventAttendanceMode":"OfflineEventAttendanceMode","location":{"@type":"place","name":"","address":"","geo":{"@type":"GeoCoordinates","latitude":"","longitude":""}},"description":"Miko\u0142aj Sobczak na wystawie zbiorowej \u201eCutting the Puppeteer's Strings\u201d\nw Sammlung Philara, D\u00fcsseldorf, Birkenstra\u00dfe 47 a, 40233 D\u00fcsseldorf http:\/\/www.philara.de\n20 pa\u017adziernika 2024 - 1 czerwca 2025\nOtwarcie: 20 pa\u017adziernika 2024 r., godz. 14-18\nArty\u015bci: Sa\u00e2dane Afif, Nathalie Djurberg &amp; Hans Berg, Marcel Dzama, Antoni Fa\u0142at, Val\u00e9rie Favre, Hans-Peter Feldmann, FORT, Rochelle Goldberg, Dan Graham, Jos De Gruyter &amp; Harald Thys, Leila Hekmat, Lili Huston-Herterich, Jella Jess, Ruprecht von Kaufmann, Anna K.E., Eva Ko\u0165\u00e1tkov\u00e1, Friedrich Kunath, Lap-See Lam, Rosa Loy, Florian Meisenberg, Hedda Schattanik, Wael Shawky, Miko\u0142aj Sobczak, Andreas Schmitten, Emma Talbot, Kara Walker, G\u00fcnter Weseler, Dardan Zhegrova i inni.\nPhilara Collection ma przyjemno\u015b\u0107 zaprezentowa\u0107 \u201eCutting the Puppeteer's Strings\u201d, kompleksow\u0105 wystaw\u0119 zbiorow\u0105 o powierzchni 1700 metr\u00f3w kwadratowych. Prezentacja dotyczy marionetek i teatru lalek, teatru cieni i lalkarstwa, a tak\u017ce powi\u0105zanych aspekt\u00f3w sceny, ekspozycji i postaci w sztuce wsp\u00f3\u0142czesnej - gdzie tradycyjne rzemios\u0142o teatru lalek cieszy si\u0119 obecnie szczeg\u00f3ln\u0105 uwag\u0105. Prezentowane prace stawiaj\u0105 pytania, czasem w humorystyczny spos\u00f3b, dotycz\u0105ce naszych mo\u017cliwo\u015bci dzia\u0142ania na poziomie prywatnym lub politycznym i zapewniaj\u0105 podej\u015bcie do ponownego przemy\u015blenia. Wystawa obejmuje prace z kolekcji Gila Bronnera, wypo\u017cyczone i nowe produkcje specjalnie na wystaw\u0119, kt\u00f3re s\u0105 uzupe\u0142nione wsp\u00f3\u0142prac\u0105 z Teatrem Marionetek w D\u00fcsseldorfie.\nKuratorzy wystawy: Julika Bosch, Hannah Niemeier, Dana M. A. Bulic"},{"@type":"ImageObject","inLanguage":"pl-PL","@id":"https:\/\/instytutpolski.pl\/duesseldorf\/pl\/2024\/10\/10\/mikolaj-sobczak-na-wystawie-zbiorowej-cutting-the-puppeteers-strings\/#primaryimage","url":"https:\/\/instytutpolski.pl\/duesseldorf\/wp-content\/uploads\/sites\/5\/2024\/10\/1-MikolajSobczak_LutziPuppeWutzi_Photoby-Wolf-Silveri.jpg","contentUrl":"https:\/\/instytutpolski.pl\/duesseldorf\/wp-content\/uploads\/sites\/5\/2024\/10\/1-MikolajSobczak_LutziPuppeWutzi_Photoby-Wolf-Silveri.jpg","width":2200,"height":1467,"caption":"MikolajSobczak_LutziPuppeWutzi_Photoby Wolf Silveri"},{"@type":"BreadcrumbList","@id":"https:\/\/instytutpolski.pl\/duesseldorf\/pl\/2024\/10\/10\/mikolaj-sobczak-na-wystawie-zbiorowej-cutting-the-puppeteers-strings\/#breadcrumb","itemListElement":[{"@type":"ListItem","position":1,"name":"Home","item":"https:\/\/instytutpolski.pl\/duesseldorf\/"},{"@type":"ListItem","position":2,"name":"Miko\u0142aj Sobczak na wystawie zbiorowej \u201eCutting the Puppeteer&#8217;s Strings\u201d"}]},{"@type":"WebSite","@id":"https:\/\/instytutpolski.pl\/duesseldorf\/#website","url":"https:\/\/instytutpolski.pl\/duesseldorf\/","name":"Instytut Polski w Dusseldorfie","description":"Instytuty Polskie","potentialAction":[{"@type":"SearchAction","target":{"@type":"EntryPoint","urlTemplate":"https:\/\/instytutpolski.pl\/duesseldorf\/?s={search_term_string}"},"query-input":{"@type":"PropertyValueSpecification","valueRequired":true,"valueName":"search_term_string"}}],"inLanguage":"pl-PL"},{"@type":"Person","@id":"https:\/\/instytutpolski.pl\/duesseldorf\/#\/schema\/person\/6b4b76776c5d49a1eb862046e311998e","name":"kolinskia","image":{"@type":"ImageObject","inLanguage":"pl-PL","@id":"https:\/\/instytutpolski.pl\/duesseldorf\/#\/schema\/person\/image\/","url":"https:\/\/secure.gravatar.com\/avatar\/9bb79075402c1d25f1e9e4e8260c2d13?s=96&d=mm&r=g","contentUrl":"https:\/\/secure.gravatar.com\/avatar\/9bb79075402c1d25f1e9e4e8260c2d13?s=96&d=mm&r=g","caption":"kolinskia"},"url":"https:\/\/instytutpolski.pl\/duesseldorf\/author\/kolinskia\/"}]}},"_links":{"self":[{"href":"https:\/\/instytutpolski.pl\/duesseldorf\/wp-json\/wp\/v2\/posts\/10705","targetHints":{"allow":["GET"]}}],"collection":[{"href":"https:\/\/instytutpolski.pl\/duesseldorf\/wp-json\/wp\/v2\/posts"}],"about":[{"href":"https:\/\/instytutpolski.pl\/duesseldorf\/wp-json\/wp\/v2\/types\/post"}],"author":[{"embeddable":true,"href":"https:\/\/instytutpolski.pl\/duesseldorf\/wp-json\/wp\/v2\/users\/103"}],"replies":[{"embeddable":true,"href":"https:\/\/instytutpolski.pl\/duesseldorf\/wp-json\/wp\/v2\/comments?post=10705"}],"version-history":[{"count":1,"href":"https:\/\/instytutpolski.pl\/duesseldorf\/wp-json\/wp\/v2\/posts\/10705\/revisions"}],"predecessor-version":[{"id":10706,"href":"https:\/\/instytutpolski.pl\/duesseldorf\/wp-json\/wp\/v2\/posts\/10705\/revisions\/10706"}],"wp:featuredmedia":[{"embeddable":true,"href":"https:\/\/instytutpolski.pl\/duesseldorf\/wp-json\/wp\/v2\/media\/10661"}],"wp:attachment":[{"href":"https:\/\/instytutpolski.pl\/duesseldorf\/wp-json\/wp\/v2\/media?parent=10705"}],"wp:term":[{"taxonomy":"category","embeddable":true,"href":"https:\/\/instytutpolski.pl\/duesseldorf\/wp-json\/wp\/v2\/categories?post=10705"},{"taxonomy":"post_tag","embeddable":true,"href":"https:\/\/instytutpolski.pl\/duesseldorf\/wp-json\/wp\/v2\/tags?post=10705"}],"curies":[{"name":"wp","href":"https:\/\/api.w.org\/{rel}","templated":true}]}}