{"id":16779,"date":"2026-09-03T14:42:04","date_gmt":"2026-09-03T12:42:04","guid":{"rendered":"https:\/\/instytutpolski.pl\/duesseldorf\/?p=16779"},"modified":"2026-09-03T14:42:06","modified_gmt":"2026-09-03T12:42:06","slug":"verborgene-parameter","status":"publish","type":"post","link":"https:\/\/instytutpolski.pl\/duesseldorf\/2026\/09\/03\/verborgene-parameter\/","title":{"rendered":"Verborgene Parameter"},"content":{"rendered":"\n<p><strong>Ausstellung &#8211;\u00a0<\/strong><strong><em>Verborgene Paramete<\/em><\/strong><strong>r<\/strong><\/p>\n<p>K\u00fcnstler und K\u00fcnstlerinnen:\u00a0 P55 Mirrors (Beata Ludwin, \u0141ukasz Wo\u0142ek), Iza Tarasewicz, Anna Bera;,Huba (Jakub Ciemachowski, Piotr Ko\u0142akowski), Marek Wodzis\u0142awski, Agata Marchlewicz, Olga Mici\u0144ska, Zinaida Tchelidze, Rest Studio (Dominika Gacka, Julia Piekarska), Olga Milczy\u0144ska\/Wies\u0142aw Bartkowski, Jakub \u015awi\u0119cicki, Anna Pohl\/Barbara Kubska, Pawe\u0142 Szeibel\u00a0<\/p>\n<p>14. November 2026 \u2013 5. Februar 2027<\/p>\n<p>Galerie des Polnischen Instituts D\u00fcsseldorf, Citadellstrasse 7, 40213 D\u017csseldorf<\/p>\n<p>Kuratorin: Marta Lisok<\/p>\n<p>Mitveranstalter: N\u00f3w. Nowe Rzemios\u0142o<\/p>\n<p>Polnisches Institut D\u00fcsseldorf \/ Galerie<\/p>\n<p>Im Rahmen des Festivals \u201e<em>Polish Freedom Weekend\u201d <\/em>ist die<em> Galerie <\/em>am Sa. 14 und So. 15 November ge\u00f6ffnet.<\/p>\n<p>Die Ausstellung ist als Aufzeichnung k\u00f6rperlicher Aktivit\u00e4t gedacht \u2013 unerm\u00fcdliches Sammeln, Gl\u00e4tten, Weben und Verbinden. Sie ist Teil eines langfristigen Projekts, in dem eine Gruppe von Teilnehmer:innen mit unterschiedlichen Materialien experimentiert. W\u00e4hrend sie in Methoden wurzelt, die aus Handwerkstraditionen abgeleitet sind, bezieht sie zugleich konzeptuelle Strategien ein. Im Zentrum dieses Austauschs steht der Versuch, Werkzeuge zu entwickeln, um neue Formen des Wahrnehmens und Denkens zu erproben. An der Schnittstelle von Wissenschaft, Kunst und Handwerk funktioniert das Projekt wie eine Art Heilprogramm, das als Antwort auf die \u00f6kologischen Herausforderungen unserer Zeit durchgef\u00fchrt wird.<\/p>\n<p>Bild:<\/p>\n<p>Jakub \u015awi\u0119cicki <em>Historie Widziane i s\u0142yszane \/ Gesehene und geh\u00f6rte Geschichten<\/em>, 2025<\/p>\n<p>unten Olga Milczy\u0144ska\/ Wies\u0142aw Bartkowski <em>Black Mountain, <\/em>2025, photo Alicja Kielan \u00a9 OP ENHEIM, N\u00f3w. Nowe Rzemios\u0142o.<\/p>\n","protected":false},"excerpt":{"rendered":"<p>Ausstellung &#8211;\u00a0Verborgene Parameter K\u00fcnstler und K\u00fcnstlerinnen:\u00a0 P55 Mirrors (Beata Ludwin, \u0141ukasz Wo\u0142ek), Iza Tarasewicz, Anna Bera;,Huba (Jakub Ciemachowski, Piotr Ko\u0142akowski), Marek Wodzis\u0142awski, Agata Marchlewicz, Olga Mici\u0144ska, Zinaida Tchelidze, Rest Studio (Dominika Gacka, Julia Piekarska), Olga Milczy\u0144ska\/Wies\u0142aw Bartkowski, Jakub \u015awi\u0119cicki, Anna Pohl\/Barbara Kubska, Pawe\u0142 Szeibel\u00a0 14. November 2026 \u2013 5. Februar 2027 Galerie des Polnischen Instituts [&hellip;]<\/p>\n","protected":false},"author":103,"featured_media":16780,"comment_status":"open","ping_status":"open","sticky":false,"template":"","format":"standard","meta":{"inline_featured_image":false,"_monsterinsights_skip_tracking":false,"_monsterinsights_sitenote_active":false,"_monsterinsights_sitenote_note":"","_monsterinsights_sitenote_category":0,"footnotes":""},"categories":[297,25,103],"tags":[],"class_list":["post-16779","post","type-post","status-publish","format-standard","has-post-thumbnail","hentry","category-ausstellungen","category-kunst","category-programm"],"yoast_head":"<!-- This site is optimized with the Yoast SEO plugin v24.6 - https:\/\/yoast.com\/wordpress\/plugins\/seo\/ -->\n<title>Verborgene Parameter - Instytut Polski w Dusseldorfie<\/title>\n<meta name=\"robots\" content=\"index, follow, max-snippet:-1, max-image-preview:large, max-video-preview:-1\" \/>\n<link rel=\"canonical\" href=\"https:\/\/instytutpolski.pl\/duesseldorf\/2026\/09\/03\/verborgene-parameter\/\" \/>\n<meta property=\"og:locale\" content=\"pl_PL\" \/>\n<meta property=\"og:type\" content=\"article\" \/>\n<meta property=\"og:title\" content=\"Verborgene Parameter - Instytut Polski w Dusseldorfie\" \/>\n<meta property=\"og:description\" content=\"Ausstellung &#8211;\u00a0Verborgene Parameter K\u00fcnstler und K\u00fcnstlerinnen:\u00a0 P55 Mirrors (Beata Ludwin, \u0141ukasz Wo\u0142ek), Iza Tarasewicz, Anna Bera;,Huba (Jakub Ciemachowski, Piotr Ko\u0142akowski), Marek Wodzis\u0142awski, Agata Marchlewicz, Olga Mici\u0144ska, Zinaida Tchelidze, Rest Studio (Dominika Gacka, Julia Piekarska), Olga Milczy\u0144ska\/Wies\u0142aw Bartkowski, Jakub \u015awi\u0119cicki, Anna Pohl\/Barbara Kubska, Pawe\u0142 Szeibel\u00a0 14. November 2026 \u2013 5. Februar 2027 Galerie des Polnischen Instituts [&hellip;]\" \/>\n<meta property=\"og:url\" content=\"https:\/\/instytutpolski.pl\/duesseldorf\/2026\/09\/03\/verborgene-parameter\/\" \/>\n<meta property=\"og:site_name\" content=\"Instytut Polski w Dusseldorfie\" \/>\n<meta property=\"article:published_time\" content=\"2026-09-03T12:42:04+00:00\" \/>\n<meta property=\"article:modified_time\" content=\"2026-09-03T12:42:06+00:00\" \/>\n<meta property=\"og:image\" content=\"https:\/\/instytutpolski.pl\/duesseldorf\/wp-content\/uploads\/sites\/5\/2026\/09\/Foto_Verborgene_Parameter_1_11_ph_alicjakielan.jpg\" \/>\n\t<meta property=\"og:image:width\" content=\"1065\" \/>\n\t<meta property=\"og:image:height\" content=\"1600\" \/>\n\t<meta property=\"og:image:type\" content=\"image\/jpeg\" \/>\n<meta name=\"author\" content=\"kolinskia\" \/>\n<meta name=\"twitter:card\" content=\"summary_large_image\" \/>\n<meta name=\"twitter:label1\" content=\"Napisane przez\" \/>\n\t<meta name=\"twitter:data1\" content=\"kolinskia\" \/>\n\t<meta name=\"twitter:label2\" content=\"Szacowany czas czytania\" \/>\n\t<meta name=\"twitter:data2\" content=\"2 minuty\" \/>\n<script type=\"application\/ld+json\" class=\"yoast-schema-graph\">{\"@context\":\"https:\/\/schema.org\",\"@graph\":[{\"@type\":\"event\",\"@id\":\"https:\/\/instytutpolski.pl\/duesseldorf\/2026\/09\/03\/verborgene-parameter\/\",\"url\":\"https:\/\/instytutpolski.pl\/duesseldorf\/2026\/09\/03\/verborgene-parameter\/\",\"name\":\"Verborgene Parameter\",\"isPartOf\":{\"@id\":\"https:\/\/instytutpolski.pl\/duesseldorf\/#website\"},\"primaryImageOfPage\":{\"@id\":\"https:\/\/instytutpolski.pl\/duesseldorf\/2026\/09\/03\/verborgene-parameter\/#primaryimage\"},\"image\":[\"https:\/\/instytutpolski.pl\/duesseldorf\/wp-content\/uploads\/sites\/5\/2026\/09\/Foto_Verborgene_Parameter_1_11_ph_alicjakielan.jpg\",\"https:\/\/instytutpolski.pl\/duesseldorf\/wp-content\/uploads\/sites\/5\/2026\/09\/Foto_Verborgene_Parameter_1_11_ph_alicjakielan-200x300.jpg\",\"https:\/\/instytutpolski.pl\/duesseldorf\/wp-content\/uploads\/sites\/5\/2026\/09\/Foto_Verborgene_Parameter_1_11_ph_alicjakielan-682x1024.jpg\",\"https:\/\/instytutpolski.pl\/duesseldorf\/wp-content\/uploads\/sites\/5\/2026\/09\/Foto_Verborgene_Parameter_1_11_ph_alicjakielan.jpg\"],\"thumbnailUrl\":\"https:\/\/instytutpolski.pl\/duesseldorf\/wp-content\/uploads\/sites\/5\/2026\/09\/Foto_Verborgene_Parameter_1_11_ph_alicjakielan.jpg\",\"datePublished\":\"2026-09-03T12:42:04+02:00\",\"dateModified\":\"2026-09-03T12:42:06+02:00\",\"author\":{\"@id\":\"https:\/\/instytutpolski.pl\/duesseldorf\/#\/schema\/person\/6b4b76776c5d49a1eb862046e311998e\"},\"breadcrumb\":{\"@id\":\"https:\/\/instytutpolski.pl\/duesseldorf\/2026\/09\/03\/verborgene-parameter\/#breadcrumb\"},\"inLanguage\":\"pl-PL\",\"potentialAction\":[{\"@type\":\"ReadAction\",\"target\":[\"https:\/\/instytutpolski.pl\/duesseldorf\/2026\/09\/03\/verborgene-parameter\/\"]}],\"@context\":\"https:\/\/schema.org\",\"startDate\":\"2026-11-14\",\"endDate\":\"2027-02-05\",\"eventStatus\":\"EventScheduled\",\"eventAttendanceMode\":\"OfflineEventAttendanceMode\",\"location\":{\"@type\":\"place\",\"name\":\"\",\"address\":\"\",\"geo\":{\"@type\":\"GeoCoordinates\",\"latitude\":\"\",\"longitude\":\"\"}},\"description\":\"Ausstellung -\u00a0Verborgene Parameter\\nK\u00fcnstler und K\u00fcnstlerinnen:\u00a0 P55 Mirrors (Beata Ludwin, \u0141ukasz Wo\u0142ek), Iza Tarasewicz, Anna Bera;,Huba (Jakub Ciemachowski, Piotr Ko\u0142akowski), Marek Wodzis\u0142awski, Agata Marchlewicz, Olga Mici\u0144ska, Zinaida Tchelidze, Rest Studio (Dominika Gacka, Julia Piekarska), Olga Milczy\u0144ska\/Wies\u0142aw Bartkowski, Jakub \u015awi\u0119cicki, Anna Pohl\/Barbara Kubska, Pawe\u0142 Szeibel\u00a0\\n14. November 2026 \u2013 5. Februar 2027\\nGalerie des Polnischen Instituts D\u00fcsseldorf, Citadellstrasse 7, 40213 D\u017csseldorf\\nKuratorin: Marta Lisok\\nMitveranstalter: N\u00f3w. Nowe Rzemios\u0142o\\nPolnisches Institut D\u00fcsseldorf \/ Galerie\\nIm Rahmen des Festivals \u201ePolish Freedom Weekend\u201d ist die Galerie am Sa. 14 und So. 15 November ge\u00f6ffnet.\\nDie Ausstellung ist als Aufzeichnung k\u00f6rperlicher Aktivit\u00e4t gedacht \u2013 unerm\u00fcdliches Sammeln, Gl\u00e4tten, Weben und Verbinden. Sie ist Teil eines langfristigen Projekts, in dem eine Gruppe von Teilnehmer:innen mit unterschiedlichen Materialien experimentiert. W\u00e4hrend sie in Methoden wurzelt, die aus Handwerkstraditionen abgeleitet sind, bezieht sie zugleich konzeptuelle Strategien ein. Im Zentrum dieses Austauschs steht der Versuch, Werkzeuge zu entwickeln, um neue Formen des Wahrnehmens und Denkens zu erproben. An der Schnittstelle von Wissenschaft, Kunst und Handwerk funktioniert das Projekt wie eine Art Heilprogramm, das als Antwort auf die \u00f6kologischen Herausforderungen unserer Zeit durchgef\u00fchrt wird.\\nBild:\\nJakub \u015awi\u0119cicki Historie Widziane i s\u0142yszane \/ Gesehene und geh\u00f6rte Geschichten, 2025\\nunten Olga Milczy\u0144ska\/ Wies\u0142aw Bartkowski Black Mountain, 2025, photo Alicja Kielan \u00a9 OP ENHEIM, N\u00f3w. Nowe Rzemios\u0142o.\"},{\"@type\":\"ImageObject\",\"inLanguage\":\"pl-PL\",\"@id\":\"https:\/\/instytutpolski.pl\/duesseldorf\/2026\/09\/03\/verborgene-parameter\/#primaryimage\",\"url\":\"https:\/\/instytutpolski.pl\/duesseldorf\/wp-content\/uploads\/sites\/5\/2026\/09\/Foto_Verborgene_Parameter_1_11_ph_alicjakielan.jpg\",\"contentUrl\":\"https:\/\/instytutpolski.pl\/duesseldorf\/wp-content\/uploads\/sites\/5\/2026\/09\/Foto_Verborgene_Parameter_1_11_ph_alicjakielan.jpg\",\"width\":1065,\"height\":1600},{\"@type\":\"BreadcrumbList\",\"@id\":\"https:\/\/instytutpolski.pl\/duesseldorf\/2026\/09\/03\/verborgene-parameter\/#breadcrumb\",\"itemListElement\":[{\"@type\":\"ListItem\",\"position\":1,\"name\":\"Home\",\"item\":\"https:\/\/instytutpolski.pl\/duesseldorf\/\"},{\"@type\":\"ListItem\",\"position\":2,\"name\":\"Verborgene Parameter\"}]},{\"@type\":\"WebSite\",\"@id\":\"https:\/\/instytutpolski.pl\/duesseldorf\/#website\",\"url\":\"https:\/\/instytutpolski.pl\/duesseldorf\/\",\"name\":\"Instytut Polski w Dusseldorfie\",\"description\":\"Instytuty Polskie\",\"potentialAction\":[{\"@type\":\"SearchAction\",\"target\":{\"@type\":\"EntryPoint\",\"urlTemplate\":\"https:\/\/instytutpolski.pl\/duesseldorf\/?s={search_term_string}\"},\"query-input\":{\"@type\":\"PropertyValueSpecification\",\"valueRequired\":true,\"valueName\":\"search_term_string\"}}],\"inLanguage\":\"pl-PL\"},{\"@type\":\"Person\",\"@id\":\"https:\/\/instytutpolski.pl\/duesseldorf\/#\/schema\/person\/6b4b76776c5d49a1eb862046e311998e\",\"name\":\"kolinskia\",\"image\":{\"@type\":\"ImageObject\",\"inLanguage\":\"pl-PL\",\"@id\":\"https:\/\/instytutpolski.pl\/duesseldorf\/#\/schema\/person\/image\/\",\"url\":\"https:\/\/secure.gravatar.com\/avatar\/9bb79075402c1d25f1e9e4e8260c2d13?s=96&d=mm&r=g\",\"contentUrl\":\"https:\/\/secure.gravatar.com\/avatar\/9bb79075402c1d25f1e9e4e8260c2d13?s=96&d=mm&r=g\",\"caption\":\"kolinskia\"},\"url\":\"https:\/\/instytutpolski.pl\/duesseldorf\/author\/kolinskia\/\"}]}<\/script>\n<!-- \/ Yoast SEO plugin. -->","yoast_head_json":{"title":"Verborgene Parameter - Instytut Polski w Dusseldorfie","robots":{"index":"index","follow":"follow","max-snippet":"max-snippet:-1","max-image-preview":"max-image-preview:large","max-video-preview":"max-video-preview:-1"},"canonical":"https:\/\/instytutpolski.pl\/duesseldorf\/2026\/09\/03\/verborgene-parameter\/","og_locale":"pl_PL","og_type":"article","og_title":"Verborgene Parameter - Instytut Polski w Dusseldorfie","og_description":"Ausstellung &#8211;\u00a0Verborgene Parameter K\u00fcnstler und K\u00fcnstlerinnen:\u00a0 P55 Mirrors (Beata Ludwin, \u0141ukasz Wo\u0142ek), Iza Tarasewicz, Anna Bera;,Huba (Jakub Ciemachowski, Piotr Ko\u0142akowski), Marek Wodzis\u0142awski, Agata Marchlewicz, Olga Mici\u0144ska, Zinaida Tchelidze, Rest Studio (Dominika Gacka, Julia Piekarska), Olga Milczy\u0144ska\/Wies\u0142aw Bartkowski, Jakub \u015awi\u0119cicki, Anna Pohl\/Barbara Kubska, Pawe\u0142 Szeibel\u00a0 14. November 2026 \u2013 5. Februar 2027 Galerie des Polnischen Instituts [&hellip;]","og_url":"https:\/\/instytutpolski.pl\/duesseldorf\/2026\/09\/03\/verborgene-parameter\/","og_site_name":"Instytut Polski w Dusseldorfie","article_published_time":"2026-09-03T12:42:04+00:00","article_modified_time":"2026-09-03T12:42:06+00:00","og_image":[{"width":1065,"height":1600,"url":"https:\/\/instytutpolski.pl\/duesseldorf\/wp-content\/uploads\/sites\/5\/2026\/09\/Foto_Verborgene_Parameter_1_11_ph_alicjakielan.jpg","type":"image\/jpeg"}],"author":"kolinskia","twitter_card":"summary_large_image","twitter_misc":{"Napisane przez":"kolinskia","Szacowany czas czytania":"2 minuty"},"schema":{"@context":"https:\/\/schema.org","@graph":[{"@type":"event","@id":"https:\/\/instytutpolski.pl\/duesseldorf\/2026\/09\/03\/verborgene-parameter\/","url":"https:\/\/instytutpolski.pl\/duesseldorf\/2026\/09\/03\/verborgene-parameter\/","name":"Verborgene Parameter","isPartOf":{"@id":"https:\/\/instytutpolski.pl\/duesseldorf\/#website"},"primaryImageOfPage":{"@id":"https:\/\/instytutpolski.pl\/duesseldorf\/2026\/09\/03\/verborgene-parameter\/#primaryimage"},"image":["https:\/\/instytutpolski.pl\/duesseldorf\/wp-content\/uploads\/sites\/5\/2026\/09\/Foto_Verborgene_Parameter_1_11_ph_alicjakielan.jpg","https:\/\/instytutpolski.pl\/duesseldorf\/wp-content\/uploads\/sites\/5\/2026\/09\/Foto_Verborgene_Parameter_1_11_ph_alicjakielan-200x300.jpg","https:\/\/instytutpolski.pl\/duesseldorf\/wp-content\/uploads\/sites\/5\/2026\/09\/Foto_Verborgene_Parameter_1_11_ph_alicjakielan-682x1024.jpg","https:\/\/instytutpolski.pl\/duesseldorf\/wp-content\/uploads\/sites\/5\/2026\/09\/Foto_Verborgene_Parameter_1_11_ph_alicjakielan.jpg"],"thumbnailUrl":"https:\/\/instytutpolski.pl\/duesseldorf\/wp-content\/uploads\/sites\/5\/2026\/09\/Foto_Verborgene_Parameter_1_11_ph_alicjakielan.jpg","datePublished":"2026-09-03T12:42:04+02:00","dateModified":"2026-09-03T12:42:06+02:00","author":{"@id":"https:\/\/instytutpolski.pl\/duesseldorf\/#\/schema\/person\/6b4b76776c5d49a1eb862046e311998e"},"breadcrumb":{"@id":"https:\/\/instytutpolski.pl\/duesseldorf\/2026\/09\/03\/verborgene-parameter\/#breadcrumb"},"inLanguage":"pl-PL","potentialAction":[{"@type":"ReadAction","target":["https:\/\/instytutpolski.pl\/duesseldorf\/2026\/09\/03\/verborgene-parameter\/"]}],"@context":"https:\/\/schema.org","startDate":"2026-11-14","endDate":"2027-02-05","eventStatus":"EventScheduled","eventAttendanceMode":"OfflineEventAttendanceMode","location":{"@type":"place","name":"","address":"","geo":{"@type":"GeoCoordinates","latitude":"","longitude":""}},"description":"Ausstellung -\u00a0Verborgene Parameter\nK\u00fcnstler und K\u00fcnstlerinnen:\u00a0 P55 Mirrors (Beata Ludwin, \u0141ukasz Wo\u0142ek), Iza Tarasewicz, Anna Bera;,Huba (Jakub Ciemachowski, Piotr Ko\u0142akowski), Marek Wodzis\u0142awski, Agata Marchlewicz, Olga Mici\u0144ska, Zinaida Tchelidze, Rest Studio (Dominika Gacka, Julia Piekarska), Olga Milczy\u0144ska\/Wies\u0142aw Bartkowski, Jakub \u015awi\u0119cicki, Anna Pohl\/Barbara Kubska, Pawe\u0142 Szeibel\u00a0\n14. November 2026 \u2013 5. Februar 2027\nGalerie des Polnischen Instituts D\u00fcsseldorf, Citadellstrasse 7, 40213 D\u017csseldorf\nKuratorin: Marta Lisok\nMitveranstalter: N\u00f3w. Nowe Rzemios\u0142o\nPolnisches Institut D\u00fcsseldorf \/ Galerie\nIm Rahmen des Festivals \u201ePolish Freedom Weekend\u201d ist die Galerie am Sa. 14 und So. 15 November ge\u00f6ffnet.\nDie Ausstellung ist als Aufzeichnung k\u00f6rperlicher Aktivit\u00e4t gedacht \u2013 unerm\u00fcdliches Sammeln, Gl\u00e4tten, Weben und Verbinden. Sie ist Teil eines langfristigen Projekts, in dem eine Gruppe von Teilnehmer:innen mit unterschiedlichen Materialien experimentiert. W\u00e4hrend sie in Methoden wurzelt, die aus Handwerkstraditionen abgeleitet sind, bezieht sie zugleich konzeptuelle Strategien ein. Im Zentrum dieses Austauschs steht der Versuch, Werkzeuge zu entwickeln, um neue Formen des Wahrnehmens und Denkens zu erproben. An der Schnittstelle von Wissenschaft, Kunst und Handwerk funktioniert das Projekt wie eine Art Heilprogramm, das als Antwort auf die \u00f6kologischen Herausforderungen unserer Zeit durchgef\u00fchrt wird.\nBild:\nJakub \u015awi\u0119cicki Historie Widziane i s\u0142yszane \/ Gesehene und geh\u00f6rte Geschichten, 2025\nunten Olga Milczy\u0144ska\/ Wies\u0142aw Bartkowski Black Mountain, 2025, photo Alicja Kielan \u00a9 OP ENHEIM, N\u00f3w. Nowe Rzemios\u0142o."},{"@type":"ImageObject","inLanguage":"pl-PL","@id":"https:\/\/instytutpolski.pl\/duesseldorf\/2026\/09\/03\/verborgene-parameter\/#primaryimage","url":"https:\/\/instytutpolski.pl\/duesseldorf\/wp-content\/uploads\/sites\/5\/2026\/09\/Foto_Verborgene_Parameter_1_11_ph_alicjakielan.jpg","contentUrl":"https:\/\/instytutpolski.pl\/duesseldorf\/wp-content\/uploads\/sites\/5\/2026\/09\/Foto_Verborgene_Parameter_1_11_ph_alicjakielan.jpg","width":1065,"height":1600},{"@type":"BreadcrumbList","@id":"https:\/\/instytutpolski.pl\/duesseldorf\/2026\/09\/03\/verborgene-parameter\/#breadcrumb","itemListElement":[{"@type":"ListItem","position":1,"name":"Home","item":"https:\/\/instytutpolski.pl\/duesseldorf\/"},{"@type":"ListItem","position":2,"name":"Verborgene Parameter"}]},{"@type":"WebSite","@id":"https:\/\/instytutpolski.pl\/duesseldorf\/#website","url":"https:\/\/instytutpolski.pl\/duesseldorf\/","name":"Instytut Polski w Dusseldorfie","description":"Instytuty Polskie","potentialAction":[{"@type":"SearchAction","target":{"@type":"EntryPoint","urlTemplate":"https:\/\/instytutpolski.pl\/duesseldorf\/?s={search_term_string}"},"query-input":{"@type":"PropertyValueSpecification","valueRequired":true,"valueName":"search_term_string"}}],"inLanguage":"pl-PL"},{"@type":"Person","@id":"https:\/\/instytutpolski.pl\/duesseldorf\/#\/schema\/person\/6b4b76776c5d49a1eb862046e311998e","name":"kolinskia","image":{"@type":"ImageObject","inLanguage":"pl-PL","@id":"https:\/\/instytutpolski.pl\/duesseldorf\/#\/schema\/person\/image\/","url":"https:\/\/secure.gravatar.com\/avatar\/9bb79075402c1d25f1e9e4e8260c2d13?s=96&d=mm&r=g","contentUrl":"https:\/\/secure.gravatar.com\/avatar\/9bb79075402c1d25f1e9e4e8260c2d13?s=96&d=mm&r=g","caption":"kolinskia"},"url":"https:\/\/instytutpolski.pl\/duesseldorf\/author\/kolinskia\/"}]}},"_links":{"self":[{"href":"https:\/\/instytutpolski.pl\/duesseldorf\/wp-json\/wp\/v2\/posts\/16779","targetHints":{"allow":["GET"]}}],"collection":[{"href":"https:\/\/instytutpolski.pl\/duesseldorf\/wp-json\/wp\/v2\/posts"}],"about":[{"href":"https:\/\/instytutpolski.pl\/duesseldorf\/wp-json\/wp\/v2\/types\/post"}],"author":[{"embeddable":true,"href":"https:\/\/instytutpolski.pl\/duesseldorf\/wp-json\/wp\/v2\/users\/103"}],"replies":[{"embeddable":true,"href":"https:\/\/instytutpolski.pl\/duesseldorf\/wp-json\/wp\/v2\/comments?post=16779"}],"version-history":[{"count":1,"href":"https:\/\/instytutpolski.pl\/duesseldorf\/wp-json\/wp\/v2\/posts\/16779\/revisions"}],"predecessor-version":[{"id":16781,"href":"https:\/\/instytutpolski.pl\/duesseldorf\/wp-json\/wp\/v2\/posts\/16779\/revisions\/16781"}],"wp:featuredmedia":[{"embeddable":true,"href":"https:\/\/instytutpolski.pl\/duesseldorf\/wp-json\/wp\/v2\/media\/16780"}],"wp:attachment":[{"href":"https:\/\/instytutpolski.pl\/duesseldorf\/wp-json\/wp\/v2\/media?parent=16779"}],"wp:term":[{"taxonomy":"category","embeddable":true,"href":"https:\/\/instytutpolski.pl\/duesseldorf\/wp-json\/wp\/v2\/categories?post=16779"},{"taxonomy":"post_tag","embeddable":true,"href":"https:\/\/instytutpolski.pl\/duesseldorf\/wp-json\/wp\/v2\/tags?post=16779"}],"curies":[{"name":"wp","href":"https:\/\/api.w.org\/{rel}","templated":true}]}}