{"id":2490,"date":"2018-06-05T12:04:00","date_gmt":"2018-06-05T10:04:00","guid":{"rendered":"https:\/\/instytutpolski.pl\/duesseldorf\/?p=2490"},"modified":"2020-06-23T12:18:36","modified_gmt":"2020-06-23T10:18:36","slug":"filmklub-der-polnischen-jugend-filmakademie-tarapaty","status":"publish","type":"post","link":"https:\/\/instytutpolski.pl\/duesseldorf\/2018\/06\/05\/filmklub-der-polnischen-jugend-filmakademie-tarapaty\/","title":{"rendered":"Filmklub der Polnischen Jugend-Filmakademie &#8211; Tarapaty"},"content":{"rendered":"\n<p class=\"news-info\">Di 05.06.2018, 16.45 Uhr<br \/>Black Box, Kino im Filmmuseum D\u00fcsseldorf, Schulstrasse 4<\/p>\n<p>Wszystkich, kt\u00f3rzy chcieliby zobaczy\u0107, jak mog\u0105 wygl\u0105da\u0107 wakacje bez rodzic\u00f3w, kt\u00f3rych interesuj\u0105 zagadki, przygody, przyjemny dreszcz sensacji i\u2026 prawdziwa przyja\u017a\u0144 zapraszamy na film \u201eTarapaty\u201d w re\u017cyserii Marty Karwowskiej.<br \/><br \/>Instytut Polski w D\u00fcsseldorfie serdecznie zaprasza Was na kolejny pokaz w ramach M\u0142odzie\u017cowej Akademii Filmowej, czyli cykliczne wydarzenie organizowanego dla polskich i polskoj\u0119zycznych dzieci i m\u0142odzie\u017cy, oraz mi\u0142o\u015bnik\u00f3w dobrego i m\u0105drego kina.<br \/><br \/>Przyja\u017a\u0144 to wcale nie jest taka prosta sprawa i Julka dobrze o tym wie. Ma 12 lat, chodzi do szko\u0142y z internatem i jeszcze nigdy nie mia\u0142a \u2026 prawdziwej przyjaci\u00f3\u0142ki. Zaczynaj\u0105 si\u0119 wakacje, a razem z nimi k\u0142opoty. Julka zamiast do rodzic\u00f3w w Kanadzie, trafia do ciotki w Warszawie. W tej samej kamienicy mieszka Olek i jego zwariowany pies zwany Pulpet. Nieoczekiwanie w r\u0119ce Julki i Olka wpada plan prowadz\u0105cy do \u2013 jak\u017ceby inaczej &#8211; ukrytego skarbu i tutaj zaczyna si\u0119 ich wielka przygoda. Na drodze do rozwi\u0105zania zagadki staje z\u0142odziejska szajka, niania &#8211; na\u0142ogowa palaczka i podejrzany po\u017ceracz cukierk\u00f3w. Nikt nie jest tym, za kogo si\u0119 podaje, a wy\u015bcig z czasem trwa. \u017beby wyj\u015b\u0107 ca\u0142o z tej historii, Julka musi pokona\u0107 nieufno\u015b\u0107 i odwa\u017cy\u0107 si\u0119 na przyja\u017a\u0144. Bo bez przyja\u017ani nie ma szans wybrn\u0105\u0107 z tarapat\u00f3w.<br \/><br \/>W obsadzie filmu opr\u00f3cz debiutuj\u0105cych Hanny Hryniewieckiej i Jakuba Jonaty-Bzowskiego m.in. Roma G\u0105siorowska, Piotr G\u0142owacki, Joanna Szepkowska, Jadwiga Jankowska-Cie\u015blak, Krzysztof Stroi\u0144ski.<br \/><br \/>Do zobaczenia w kinie!<br \/><br \/>Gdzie: Black Box Kino im Filmmuseum, Schulstr. 4, D\u00fcsseldorf<br \/>Kiedy: wtorek, 5 czerwca 2018, godz. 16.45<br \/>Bilety: bezp\u0142atne<br \/>Wa\u017cne: film od 12 lat, w polskiej wersji j\u0119zykowej, trwa 83 minuty.<br \/><br \/>Inicjatywa i organizacja: Instytut Polski w D\u00fcsseldorfie, www.polnisches-institut.de<br \/>Dalsze informacje: Lidia Jansen, T.: 0211 866 96 14, lidia.jansen@instytutpolski.org<\/p>\n","protected":false},"excerpt":{"rendered":"<p>Di 05.06.2018, 16.45 UhrBlack Box, Kino im Filmmuseum D\u00fcsseldorf, Schulstrasse 4 Wszystkich, kt\u00f3rzy chcieliby zobaczy\u0107, jak mog\u0105 wygl\u0105da\u0107 wakacje bez rodzic\u00f3w, kt\u00f3rych interesuj\u0105 zagadki, przygody, przyjemny dreszcz sensacji i\u2026 prawdziwa przyja\u017a\u0144 zapraszamy na film \u201eTarapaty\u201d w re\u017cyserii Marty Karwowskiej. Instytut Polski w D\u00fcsseldorfie serdecznie zaprasza Was na kolejny pokaz w ramach M\u0142odzie\u017cowej Akademii Filmowej, czyli [&hellip;]<\/p>\n","protected":false},"author":103,"featured_media":2491,"comment_status":"open","ping_status":"open","sticky":false,"template":"","format":"standard","meta":{"inline_featured_image":false,"_monsterinsights_skip_tracking":false,"_monsterinsights_sitenote_active":false,"_monsterinsights_sitenote_note":"","_monsterinsights_sitenote_category":0,"footnotes":""},"categories":[14,149,103],"tags":[],"class_list":["post-2490","post","type-post","status-publish","format-standard","has-post-thumbnail","hentry","category-film","category-kinder","category-programm"],"yoast_head":"<!-- This site is optimized with the Yoast SEO plugin v24.6 - https:\/\/yoast.com\/wordpress\/plugins\/seo\/ -->\n<title>Filmklub der Polnischen Jugend-Filmakademie - Tarapaty - Instytut Polski w Dusseldorfie<\/title>\n<meta name=\"robots\" content=\"index, follow, max-snippet:-1, max-image-preview:large, max-video-preview:-1\" \/>\n<link rel=\"canonical\" href=\"https:\/\/instytutpolski.pl\/duesseldorf\/2018\/06\/05\/filmklub-der-polnischen-jugend-filmakademie-tarapaty\/\" \/>\n<meta property=\"og:locale\" content=\"pl_PL\" \/>\n<meta property=\"og:type\" content=\"article\" \/>\n<meta property=\"og:title\" content=\"Filmklub der Polnischen Jugend-Filmakademie - Tarapaty - Instytut Polski w Dusseldorfie\" \/>\n<meta property=\"og:description\" content=\"Di 05.06.2018, 16.45 UhrBlack Box, Kino im Filmmuseum D\u00fcsseldorf, Schulstrasse 4 Wszystkich, kt\u00f3rzy chcieliby zobaczy\u0107, jak mog\u0105 wygl\u0105da\u0107 wakacje bez rodzic\u00f3w, kt\u00f3rych interesuj\u0105 zagadki, przygody, przyjemny dreszcz sensacji i\u2026 prawdziwa przyja\u017a\u0144 zapraszamy na film \u201eTarapaty\u201d w re\u017cyserii Marty Karwowskiej. Instytut Polski w D\u00fcsseldorfie serdecznie zaprasza Was na kolejny pokaz w ramach M\u0142odzie\u017cowej Akademii Filmowej, czyli [&hellip;]\" \/>\n<meta property=\"og:url\" content=\"https:\/\/instytutpolski.pl\/duesseldorf\/2018\/06\/05\/filmklub-der-polnischen-jugend-filmakademie-tarapaty\/\" \/>\n<meta property=\"og:site_name\" content=\"Instytut Polski w Dusseldorfie\" \/>\n<meta property=\"article:published_time\" content=\"2018-06-05T10:04:00+00:00\" \/>\n<meta property=\"article:modified_time\" content=\"2020-06-23T10:18:36+00:00\" \/>\n<meta property=\"og:image\" content=\"https:\/\/instytutpolski.pl\/duesseldorf\/wp-content\/uploads\/sites\/5\/2020\/06\/020.jpg\" \/>\n\t<meta property=\"og:image:width\" content=\"2048\" \/>\n\t<meta property=\"og:image:height\" content=\"858\" \/>\n\t<meta property=\"og:image:type\" content=\"image\/jpeg\" \/>\n<meta name=\"author\" content=\"kolinskia\" \/>\n<meta name=\"twitter:card\" content=\"summary_large_image\" \/>\n<meta name=\"twitter:label1\" content=\"Napisane przez\" \/>\n\t<meta name=\"twitter:data1\" content=\"kolinskia\" \/>\n\t<meta name=\"twitter:label2\" content=\"Szacowany czas czytania\" \/>\n\t<meta name=\"twitter:data2\" content=\"2 minuty\" \/>\n<script type=\"application\/ld+json\" class=\"yoast-schema-graph\">{\"@context\":\"https:\/\/schema.org\",\"@graph\":[{\"@type\":\"event\",\"@id\":\"https:\/\/instytutpolski.pl\/duesseldorf\/2018\/06\/05\/filmklub-der-polnischen-jugend-filmakademie-tarapaty\/\",\"url\":\"https:\/\/instytutpolski.pl\/duesseldorf\/2018\/06\/05\/filmklub-der-polnischen-jugend-filmakademie-tarapaty\/\",\"name\":\"Filmklub der Polnischen Jugend-Filmakademie - Tarapaty\",\"isPartOf\":{\"@id\":\"https:\/\/instytutpolski.pl\/duesseldorf\/#website\"},\"primaryImageOfPage\":{\"@id\":\"https:\/\/instytutpolski.pl\/duesseldorf\/2018\/06\/05\/filmklub-der-polnischen-jugend-filmakademie-tarapaty\/#primaryimage\"},\"image\":[\"https:\/\/instytutpolski.pl\/duesseldorf\/wp-content\/uploads\/sites\/5\/2020\/06\/020.jpg\",\"https:\/\/instytutpolski.pl\/duesseldorf\/wp-content\/uploads\/sites\/5\/2020\/06\/020-300x126.jpg\",\"https:\/\/instytutpolski.pl\/duesseldorf\/wp-content\/uploads\/sites\/5\/2020\/06\/020-1024x429.jpg\",\"https:\/\/instytutpolski.pl\/duesseldorf\/wp-content\/uploads\/sites\/5\/2020\/06\/020.jpg\"],\"thumbnailUrl\":\"https:\/\/instytutpolski.pl\/duesseldorf\/wp-content\/uploads\/sites\/5\/2020\/06\/020.jpg\",\"datePublished\":\"2018-06-05T10:04:00+02:00\",\"dateModified\":\"2020-06-23T10:18:36+02:00\",\"author\":{\"@id\":\"https:\/\/instytutpolski.pl\/duesseldorf\/#\/schema\/person\/6b4b76776c5d49a1eb862046e311998e\"},\"breadcrumb\":{\"@id\":\"https:\/\/instytutpolski.pl\/duesseldorf\/2018\/06\/05\/filmklub-der-polnischen-jugend-filmakademie-tarapaty\/#breadcrumb\"},\"inLanguage\":\"pl-PL\",\"potentialAction\":[{\"@type\":\"ReadAction\",\"target\":[\"https:\/\/instytutpolski.pl\/duesseldorf\/2018\/06\/05\/filmklub-der-polnischen-jugend-filmakademie-tarapaty\/\"]}],\"@context\":\"https:\/\/schema.org\",\"startDate\":\"2018-06-05\",\"endDate\":\"2018-06-05\",\"eventStatus\":\"EventScheduled\",\"eventAttendanceMode\":\"OfflineEventAttendanceMode\",\"location\":{\"@type\":\"place\",\"name\":\"Black Box Kino D\u00fcsseldorf\",\"address\":\"Black Box Kino D\u00fcsseldorf\",\"geo\":{\"@type\":\"GeoCoordinates\",\"latitude\":\"51.2241059\",\"longitude\":\"6.7707394\"}},\"description\":\"Di 05.06.2018, 16.45 UhrBlack Box, Kino im Filmmuseum D\u00fcsseldorf, Schulstrasse 4\\nWszystkich, kt\u00f3rzy chcieliby zobaczy\u0107, jak mog\u0105 wygl\u0105da\u0107 wakacje bez rodzic\u00f3w, kt\u00f3rych interesuj\u0105 zagadki, przygody, przyjemny dreszcz sensacji i\u2026 prawdziwa przyja\u017a\u0144 zapraszamy na film \u201eTarapaty\u201d w re\u017cyserii Marty Karwowskiej.Instytut Polski w D\u00fcsseldorfie serdecznie zaprasza Was na kolejny pokaz w ramach M\u0142odzie\u017cowej Akademii Filmowej, czyli cykliczne wydarzenie organizowanego dla polskich i polskoj\u0119zycznych dzieci i m\u0142odzie\u017cy, oraz mi\u0142o\u015bnik\u00f3w dobrego i m\u0105drego kina.Przyja\u017a\u0144 to wcale nie jest taka prosta sprawa i Julka dobrze o tym wie. Ma 12 lat, chodzi do szko\u0142y z internatem i jeszcze nigdy nie mia\u0142a \u2026 prawdziwej przyjaci\u00f3\u0142ki. Zaczynaj\u0105 si\u0119 wakacje, a razem z nimi k\u0142opoty. Julka zamiast do rodzic\u00f3w w Kanadzie, trafia do ciotki w Warszawie. W tej samej kamienicy mieszka Olek i jego zwariowany pies zwany Pulpet. Nieoczekiwanie w r\u0119ce Julki i Olka wpada plan prowadz\u0105cy do \u2013 jak\u017ceby inaczej - ukrytego skarbu i tutaj zaczyna si\u0119 ich wielka przygoda. Na drodze do rozwi\u0105zania zagadki staje z\u0142odziejska szajka, niania - na\u0142ogowa palaczka i podejrzany po\u017ceracz cukierk\u00f3w. Nikt nie jest tym, za kogo si\u0119 podaje, a wy\u015bcig z czasem trwa. \u017beby wyj\u015b\u0107 ca\u0142o z tej historii, Julka musi pokona\u0107 nieufno\u015b\u0107 i odwa\u017cy\u0107 si\u0119 na przyja\u017a\u0144. Bo bez przyja\u017ani nie ma szans wybrn\u0105\u0107 z tarapat\u00f3w.W obsadzie filmu opr\u00f3cz debiutuj\u0105cych Hanny Hryniewieckiej i Jakuba Jonaty-Bzowskiego m.in. Roma G\u0105siorowska, Piotr G\u0142owacki, Joanna Szepkowska, Jadwiga Jankowska-Cie\u015blak, Krzysztof Stroi\u0144ski.Do zobaczenia w kinie!Gdzie: Black Box Kino im Filmmuseum, Schulstr. 4, D\u00fcsseldorfKiedy: wtorek, 5 czerwca 2018, godz. 16.45Bilety: bezp\u0142atneWa\u017cne: film od 12 lat, w polskiej wersji j\u0119zykowej, trwa 83 minuty.Inicjatywa i organizacja: Instytut Polski w D\u00fcsseldorfie, www.polnisches-institut.deDalsze informacje: Lidia Jansen, T.: 0211 866 96 14, lidia.jansen@instytutpolski.org\"},{\"@type\":\"ImageObject\",\"inLanguage\":\"pl-PL\",\"@id\":\"https:\/\/instytutpolski.pl\/duesseldorf\/2018\/06\/05\/filmklub-der-polnischen-jugend-filmakademie-tarapaty\/#primaryimage\",\"url\":\"https:\/\/instytutpolski.pl\/duesseldorf\/wp-content\/uploads\/sites\/5\/2020\/06\/020.jpg\",\"contentUrl\":\"https:\/\/instytutpolski.pl\/duesseldorf\/wp-content\/uploads\/sites\/5\/2020\/06\/020.jpg\",\"width\":2048,\"height\":858},{\"@type\":\"BreadcrumbList\",\"@id\":\"https:\/\/instytutpolski.pl\/duesseldorf\/2018\/06\/05\/filmklub-der-polnischen-jugend-filmakademie-tarapaty\/#breadcrumb\",\"itemListElement\":[{\"@type\":\"ListItem\",\"position\":1,\"name\":\"Home\",\"item\":\"https:\/\/instytutpolski.pl\/duesseldorf\/\"},{\"@type\":\"ListItem\",\"position\":2,\"name\":\"Filmklub der Polnischen Jugend-Filmakademie &#8211; Tarapaty\"}]},{\"@type\":\"WebSite\",\"@id\":\"https:\/\/instytutpolski.pl\/duesseldorf\/#website\",\"url\":\"https:\/\/instytutpolski.pl\/duesseldorf\/\",\"name\":\"Instytut Polski w Dusseldorfie\",\"description\":\"Instytuty Polskie\",\"potentialAction\":[{\"@type\":\"SearchAction\",\"target\":{\"@type\":\"EntryPoint\",\"urlTemplate\":\"https:\/\/instytutpolski.pl\/duesseldorf\/?s={search_term_string}\"},\"query-input\":{\"@type\":\"PropertyValueSpecification\",\"valueRequired\":true,\"valueName\":\"search_term_string\"}}],\"inLanguage\":\"pl-PL\"},{\"@type\":\"Person\",\"@id\":\"https:\/\/instytutpolski.pl\/duesseldorf\/#\/schema\/person\/6b4b76776c5d49a1eb862046e311998e\",\"name\":\"kolinskia\",\"image\":{\"@type\":\"ImageObject\",\"inLanguage\":\"pl-PL\",\"@id\":\"https:\/\/instytutpolski.pl\/duesseldorf\/#\/schema\/person\/image\/\",\"url\":\"https:\/\/secure.gravatar.com\/avatar\/9bb79075402c1d25f1e9e4e8260c2d13?s=96&d=mm&r=g\",\"contentUrl\":\"https:\/\/secure.gravatar.com\/avatar\/9bb79075402c1d25f1e9e4e8260c2d13?s=96&d=mm&r=g\",\"caption\":\"kolinskia\"},\"url\":\"https:\/\/instytutpolski.pl\/duesseldorf\/author\/kolinskia\/\"}]}<\/script>\n<!-- \/ Yoast SEO plugin. -->","yoast_head_json":{"title":"Filmklub der Polnischen Jugend-Filmakademie - Tarapaty - Instytut Polski w Dusseldorfie","robots":{"index":"index","follow":"follow","max-snippet":"max-snippet:-1","max-image-preview":"max-image-preview:large","max-video-preview":"max-video-preview:-1"},"canonical":"https:\/\/instytutpolski.pl\/duesseldorf\/2018\/06\/05\/filmklub-der-polnischen-jugend-filmakademie-tarapaty\/","og_locale":"pl_PL","og_type":"article","og_title":"Filmklub der Polnischen Jugend-Filmakademie - Tarapaty - Instytut Polski w Dusseldorfie","og_description":"Di 05.06.2018, 16.45 UhrBlack Box, Kino im Filmmuseum D\u00fcsseldorf, Schulstrasse 4 Wszystkich, kt\u00f3rzy chcieliby zobaczy\u0107, jak mog\u0105 wygl\u0105da\u0107 wakacje bez rodzic\u00f3w, kt\u00f3rych interesuj\u0105 zagadki, przygody, przyjemny dreszcz sensacji i\u2026 prawdziwa przyja\u017a\u0144 zapraszamy na film \u201eTarapaty\u201d w re\u017cyserii Marty Karwowskiej. Instytut Polski w D\u00fcsseldorfie serdecznie zaprasza Was na kolejny pokaz w ramach M\u0142odzie\u017cowej Akademii Filmowej, czyli [&hellip;]","og_url":"https:\/\/instytutpolski.pl\/duesseldorf\/2018\/06\/05\/filmklub-der-polnischen-jugend-filmakademie-tarapaty\/","og_site_name":"Instytut Polski w Dusseldorfie","article_published_time":"2018-06-05T10:04:00+00:00","article_modified_time":"2020-06-23T10:18:36+00:00","og_image":[{"width":2048,"height":858,"url":"https:\/\/instytutpolski.pl\/duesseldorf\/wp-content\/uploads\/sites\/5\/2020\/06\/020.jpg","type":"image\/jpeg"}],"author":"kolinskia","twitter_card":"summary_large_image","twitter_misc":{"Napisane przez":"kolinskia","Szacowany czas czytania":"2 minuty"},"schema":{"@context":"https:\/\/schema.org","@graph":[{"@type":"event","@id":"https:\/\/instytutpolski.pl\/duesseldorf\/2018\/06\/05\/filmklub-der-polnischen-jugend-filmakademie-tarapaty\/","url":"https:\/\/instytutpolski.pl\/duesseldorf\/2018\/06\/05\/filmklub-der-polnischen-jugend-filmakademie-tarapaty\/","name":"Filmklub der Polnischen Jugend-Filmakademie - Tarapaty","isPartOf":{"@id":"https:\/\/instytutpolski.pl\/duesseldorf\/#website"},"primaryImageOfPage":{"@id":"https:\/\/instytutpolski.pl\/duesseldorf\/2018\/06\/05\/filmklub-der-polnischen-jugend-filmakademie-tarapaty\/#primaryimage"},"image":["https:\/\/instytutpolski.pl\/duesseldorf\/wp-content\/uploads\/sites\/5\/2020\/06\/020.jpg","https:\/\/instytutpolski.pl\/duesseldorf\/wp-content\/uploads\/sites\/5\/2020\/06\/020-300x126.jpg","https:\/\/instytutpolski.pl\/duesseldorf\/wp-content\/uploads\/sites\/5\/2020\/06\/020-1024x429.jpg","https:\/\/instytutpolski.pl\/duesseldorf\/wp-content\/uploads\/sites\/5\/2020\/06\/020.jpg"],"thumbnailUrl":"https:\/\/instytutpolski.pl\/duesseldorf\/wp-content\/uploads\/sites\/5\/2020\/06\/020.jpg","datePublished":"2018-06-05T10:04:00+02:00","dateModified":"2020-06-23T10:18:36+02:00","author":{"@id":"https:\/\/instytutpolski.pl\/duesseldorf\/#\/schema\/person\/6b4b76776c5d49a1eb862046e311998e"},"breadcrumb":{"@id":"https:\/\/instytutpolski.pl\/duesseldorf\/2018\/06\/05\/filmklub-der-polnischen-jugend-filmakademie-tarapaty\/#breadcrumb"},"inLanguage":"pl-PL","potentialAction":[{"@type":"ReadAction","target":["https:\/\/instytutpolski.pl\/duesseldorf\/2018\/06\/05\/filmklub-der-polnischen-jugend-filmakademie-tarapaty\/"]}],"@context":"https:\/\/schema.org","startDate":"2018-06-05","endDate":"2018-06-05","eventStatus":"EventScheduled","eventAttendanceMode":"OfflineEventAttendanceMode","location":{"@type":"place","name":"Black Box Kino D\u00fcsseldorf","address":"Black Box Kino D\u00fcsseldorf","geo":{"@type":"GeoCoordinates","latitude":"51.2241059","longitude":"6.7707394"}},"description":"Di 05.06.2018, 16.45 UhrBlack Box, Kino im Filmmuseum D\u00fcsseldorf, Schulstrasse 4\nWszystkich, kt\u00f3rzy chcieliby zobaczy\u0107, jak mog\u0105 wygl\u0105da\u0107 wakacje bez rodzic\u00f3w, kt\u00f3rych interesuj\u0105 zagadki, przygody, przyjemny dreszcz sensacji i\u2026 prawdziwa przyja\u017a\u0144 zapraszamy na film \u201eTarapaty\u201d w re\u017cyserii Marty Karwowskiej.Instytut Polski w D\u00fcsseldorfie serdecznie zaprasza Was na kolejny pokaz w ramach M\u0142odzie\u017cowej Akademii Filmowej, czyli cykliczne wydarzenie organizowanego dla polskich i polskoj\u0119zycznych dzieci i m\u0142odzie\u017cy, oraz mi\u0142o\u015bnik\u00f3w dobrego i m\u0105drego kina.Przyja\u017a\u0144 to wcale nie jest taka prosta sprawa i Julka dobrze o tym wie. Ma 12 lat, chodzi do szko\u0142y z internatem i jeszcze nigdy nie mia\u0142a \u2026 prawdziwej przyjaci\u00f3\u0142ki. Zaczynaj\u0105 si\u0119 wakacje, a razem z nimi k\u0142opoty. Julka zamiast do rodzic\u00f3w w Kanadzie, trafia do ciotki w Warszawie. W tej samej kamienicy mieszka Olek i jego zwariowany pies zwany Pulpet. Nieoczekiwanie w r\u0119ce Julki i Olka wpada plan prowadz\u0105cy do \u2013 jak\u017ceby inaczej - ukrytego skarbu i tutaj zaczyna si\u0119 ich wielka przygoda. Na drodze do rozwi\u0105zania zagadki staje z\u0142odziejska szajka, niania - na\u0142ogowa palaczka i podejrzany po\u017ceracz cukierk\u00f3w. Nikt nie jest tym, za kogo si\u0119 podaje, a wy\u015bcig z czasem trwa. \u017beby wyj\u015b\u0107 ca\u0142o z tej historii, Julka musi pokona\u0107 nieufno\u015b\u0107 i odwa\u017cy\u0107 si\u0119 na przyja\u017a\u0144. Bo bez przyja\u017ani nie ma szans wybrn\u0105\u0107 z tarapat\u00f3w.W obsadzie filmu opr\u00f3cz debiutuj\u0105cych Hanny Hryniewieckiej i Jakuba Jonaty-Bzowskiego m.in. Roma G\u0105siorowska, Piotr G\u0142owacki, Joanna Szepkowska, Jadwiga Jankowska-Cie\u015blak, Krzysztof Stroi\u0144ski.Do zobaczenia w kinie!Gdzie: Black Box Kino im Filmmuseum, Schulstr. 4, D\u00fcsseldorfKiedy: wtorek, 5 czerwca 2018, godz. 16.45Bilety: bezp\u0142atneWa\u017cne: film od 12 lat, w polskiej wersji j\u0119zykowej, trwa 83 minuty.Inicjatywa i organizacja: Instytut Polski w D\u00fcsseldorfie, www.polnisches-institut.deDalsze informacje: Lidia Jansen, T.: 0211 866 96 14, lidia.jansen@instytutpolski.org"},{"@type":"ImageObject","inLanguage":"pl-PL","@id":"https:\/\/instytutpolski.pl\/duesseldorf\/2018\/06\/05\/filmklub-der-polnischen-jugend-filmakademie-tarapaty\/#primaryimage","url":"https:\/\/instytutpolski.pl\/duesseldorf\/wp-content\/uploads\/sites\/5\/2020\/06\/020.jpg","contentUrl":"https:\/\/instytutpolski.pl\/duesseldorf\/wp-content\/uploads\/sites\/5\/2020\/06\/020.jpg","width":2048,"height":858},{"@type":"BreadcrumbList","@id":"https:\/\/instytutpolski.pl\/duesseldorf\/2018\/06\/05\/filmklub-der-polnischen-jugend-filmakademie-tarapaty\/#breadcrumb","itemListElement":[{"@type":"ListItem","position":1,"name":"Home","item":"https:\/\/instytutpolski.pl\/duesseldorf\/"},{"@type":"ListItem","position":2,"name":"Filmklub der Polnischen Jugend-Filmakademie &#8211; Tarapaty"}]},{"@type":"WebSite","@id":"https:\/\/instytutpolski.pl\/duesseldorf\/#website","url":"https:\/\/instytutpolski.pl\/duesseldorf\/","name":"Instytut Polski w Dusseldorfie","description":"Instytuty Polskie","potentialAction":[{"@type":"SearchAction","target":{"@type":"EntryPoint","urlTemplate":"https:\/\/instytutpolski.pl\/duesseldorf\/?s={search_term_string}"},"query-input":{"@type":"PropertyValueSpecification","valueRequired":true,"valueName":"search_term_string"}}],"inLanguage":"pl-PL"},{"@type":"Person","@id":"https:\/\/instytutpolski.pl\/duesseldorf\/#\/schema\/person\/6b4b76776c5d49a1eb862046e311998e","name":"kolinskia","image":{"@type":"ImageObject","inLanguage":"pl-PL","@id":"https:\/\/instytutpolski.pl\/duesseldorf\/#\/schema\/person\/image\/","url":"https:\/\/secure.gravatar.com\/avatar\/9bb79075402c1d25f1e9e4e8260c2d13?s=96&d=mm&r=g","contentUrl":"https:\/\/secure.gravatar.com\/avatar\/9bb79075402c1d25f1e9e4e8260c2d13?s=96&d=mm&r=g","caption":"kolinskia"},"url":"https:\/\/instytutpolski.pl\/duesseldorf\/author\/kolinskia\/"}]}},"_links":{"self":[{"href":"https:\/\/instytutpolski.pl\/duesseldorf\/wp-json\/wp\/v2\/posts\/2490","targetHints":{"allow":["GET"]}}],"collection":[{"href":"https:\/\/instytutpolski.pl\/duesseldorf\/wp-json\/wp\/v2\/posts"}],"about":[{"href":"https:\/\/instytutpolski.pl\/duesseldorf\/wp-json\/wp\/v2\/types\/post"}],"author":[{"embeddable":true,"href":"https:\/\/instytutpolski.pl\/duesseldorf\/wp-json\/wp\/v2\/users\/103"}],"replies":[{"embeddable":true,"href":"https:\/\/instytutpolski.pl\/duesseldorf\/wp-json\/wp\/v2\/comments?post=2490"}],"version-history":[{"count":1,"href":"https:\/\/instytutpolski.pl\/duesseldorf\/wp-json\/wp\/v2\/posts\/2490\/revisions"}],"predecessor-version":[{"id":2492,"href":"https:\/\/instytutpolski.pl\/duesseldorf\/wp-json\/wp\/v2\/posts\/2490\/revisions\/2492"}],"wp:featuredmedia":[{"embeddable":true,"href":"https:\/\/instytutpolski.pl\/duesseldorf\/wp-json\/wp\/v2\/media\/2491"}],"wp:attachment":[{"href":"https:\/\/instytutpolski.pl\/duesseldorf\/wp-json\/wp\/v2\/media?parent=2490"}],"wp:term":[{"taxonomy":"category","embeddable":true,"href":"https:\/\/instytutpolski.pl\/duesseldorf\/wp-json\/wp\/v2\/categories?post=2490"},{"taxonomy":"post_tag","embeddable":true,"href":"https:\/\/instytutpolski.pl\/duesseldorf\/wp-json\/wp\/v2\/tags?post=2490"}],"curies":[{"name":"wp","href":"https:\/\/api.w.org\/{rel}","templated":true}]}}