{"id":2681,"date":"2015-04-22T17:10:00","date_gmt":"2015-04-22T15:10:00","guid":{"rendered":"https:\/\/instytutpolski.pl\/duesseldorf\/?p=2681"},"modified":"2020-07-08T17:22:42","modified_gmt":"2020-07-08T15:22:42","slug":"goeast-15-festival-des-mittel-und-osteuropaischen-films","status":"publish","type":"post","link":"https:\/\/instytutpolski.pl\/duesseldorf\/2015\/04\/22\/goeast-15-festival-des-mittel-und-osteuropaischen-films\/","title":{"rendered":"goEast 15. Festival des Mittel- und Osteurop\u00e4ischen Films"},"content":{"rendered":"\n<p class=\"h3_title\">22.04.2015 &#8211; 28.04.2015, <span style=\"font-size: inherit\">Wiesbaden<\/span><\/p>\n<div class=\"edytor programm\">Seit 2001 feiert goEast die k\u00fcnstlerische Vielfalt und den filmischen Reichtum des mittel- und osteurop\u00e4ischen Kinos. Das Drama \u201eBody\u201c von Ma\u0142gorzata Szumowska, ausgezeichnet mit dem Regiepreis der Berlinale, er\u00f6ffnet die 15. Ausgabe des Festivals in Wiesbaden. Neben den Klassikern, wie etwa \u201eDer achte Wochentag\u201c von Aleksander Ford nach dem gleichnamigen Roman von Marek H\u0142asko, folgen weitere neueste, spannende Spiel- und Dokumentarfilme aus Polen. Die Filmvorf\u00fchrungen erg\u00e4nzen Gespr\u00e4che mit den polnischen Filmemachern, Schauspielern und Produzenten: Jerzy Stuhr, Justyna Suwa\u0142a, Elwira Niewiera und Piotr Roso\u0142owski.<br \/><br \/>ER\u00d6FFNUNGSFILM<br \/><strong>Cia\u0142o\/ Body\u00a0<\/strong>von Ma\u0142gorzata Szumowska<br \/><br \/>WETTBEWERB SPIELFILM<br \/><strong>Obywatel\/ B\u00fcrger\u00a0<\/strong>von Jerzy Stuhr<br \/><strong>Kebab i horoskop\/ Kebab &amp; Horoskop\u00a0<\/strong>von Grzegorz Jaroszuk<br \/><br \/>SPECIALS<br \/><strong>Bogowie\/ G\u00f6tter<\/strong>\u00a0von \u0141ukasz Palkowski<br \/><strong>W poszukiwaniu utraconego krajobrazu\/ Auf der Suche nach der verlorenen Landschaft\u00a0<\/strong>von Leo Kantor<br \/><br \/>SYMPOSIUM<br \/><strong>\u00d3smy dzie\u0144 tygodnia\/ Der achte Wochentag<\/strong>\u00a0von Aleksander Ford<br \/><strong>Eine Liebe in Deutschland\/ Mi\u0142o\u015b\u0107 w Niemczech<\/strong>\u00a0von Andrzej Wajda<br \/><strong>Hitlerjunge Salomon\/ Europa, Europa<\/strong>\u00a0von Agnieszka Holland<br \/><strong>Wedle wyrok\u00f3w twoich\/ Zu Freiwild verdammt\u00a0<\/strong>von Jerzy Hoffmann<br \/><br \/>BEYOND BELONGING<br \/><strong>Efekt domina\/ Domino Effekt<\/strong>\u00a0von Elwira Niewiera, Piotr Roso\u0142owski<br \/><br \/>Genaue Infos \u00fcber Termine und Veranstaltungsorte:\u00a0<a href=\"http:\/\/www.filmfestival-goeast.de\/\">http:\/\/www.filmfestival-goeast.de<\/a><\/div>\n","protected":false},"excerpt":{"rendered":"<p>22.04.2015 &#8211; 28.04.2015, Wiesbaden Seit 2001 feiert goEast die k\u00fcnstlerische Vielfalt und den filmischen Reichtum des mittel- und osteurop\u00e4ischen Kinos. Das Drama \u201eBody\u201c von Ma\u0142gorzata Szumowska, ausgezeichnet mit dem Regiepreis der Berlinale, er\u00f6ffnet die 15. Ausgabe des Festivals in Wiesbaden. Neben den Klassikern, wie etwa \u201eDer achte Wochentag\u201c von Aleksander Ford nach dem gleichnamigen Roman [&hellip;]<\/p>\n","protected":false},"author":103,"featured_media":2682,"comment_status":"open","ping_status":"open","sticky":false,"template":"","format":"standard","meta":{"inline_featured_image":false,"_monsterinsights_skip_tracking":false,"_monsterinsights_sitenote_active":false,"_monsterinsights_sitenote_note":"","_monsterinsights_sitenote_category":0,"footnotes":""},"categories":[14,103],"tags":[],"class_list":["post-2681","post","type-post","status-publish","format-standard","has-post-thumbnail","hentry","category-film","category-programm"],"yoast_head":"<!-- This site is optimized with the Yoast SEO plugin v24.6 - https:\/\/yoast.com\/wordpress\/plugins\/seo\/ -->\n<title>goEast 15. Festival des Mittel- und Osteurop\u00e4ischen Films - Instytut Polski w Dusseldorfie<\/title>\n<meta name=\"robots\" content=\"index, follow, max-snippet:-1, max-image-preview:large, max-video-preview:-1\" \/>\n<link rel=\"canonical\" href=\"https:\/\/instytutpolski.pl\/duesseldorf\/2015\/04\/22\/goeast-15-festival-des-mittel-und-osteuropaischen-films\/\" \/>\n<meta property=\"og:locale\" content=\"pl_PL\" \/>\n<meta property=\"og:type\" content=\"article\" \/>\n<meta property=\"og:title\" content=\"goEast 15. Festival des Mittel- und Osteurop\u00e4ischen Films - Instytut Polski w Dusseldorfie\" \/>\n<meta property=\"og:description\" content=\"22.04.2015 &#8211; 28.04.2015, Wiesbaden Seit 2001 feiert goEast die k\u00fcnstlerische Vielfalt und den filmischen Reichtum des mittel- und osteurop\u00e4ischen Kinos. Das Drama \u201eBody\u201c von Ma\u0142gorzata Szumowska, ausgezeichnet mit dem Regiepreis der Berlinale, er\u00f6ffnet die 15. Ausgabe des Festivals in Wiesbaden. Neben den Klassikern, wie etwa \u201eDer achte Wochentag\u201c von Aleksander Ford nach dem gleichnamigen Roman [&hellip;]\" \/>\n<meta property=\"og:url\" content=\"https:\/\/instytutpolski.pl\/duesseldorf\/2015\/04\/22\/goeast-15-festival-des-mittel-und-osteuropaischen-films\/\" \/>\n<meta property=\"og:site_name\" content=\"Instytut Polski w Dusseldorfie\" \/>\n<meta property=\"article:published_time\" content=\"2015-04-22T15:10:00+00:00\" \/>\n<meta property=\"article:modified_time\" content=\"2020-07-08T15:22:42+00:00\" \/>\n<meta property=\"og:image\" content=\"https:\/\/instytutpolski.pl\/duesseldorf\/wp-content\/uploads\/sites\/5\/2020\/07\/Bogowie_Goetter-FB.jpg\" \/>\n\t<meta property=\"og:image:width\" content=\"1024\" \/>\n\t<meta property=\"og:image:height\" content=\"662\" \/>\n\t<meta property=\"og:image:type\" content=\"image\/jpeg\" \/>\n<meta name=\"author\" content=\"kolinskia\" \/>\n<meta name=\"twitter:card\" content=\"summary_large_image\" \/>\n<meta name=\"twitter:label1\" content=\"Napisane przez\" \/>\n\t<meta name=\"twitter:data1\" content=\"kolinskia\" \/>\n\t<meta name=\"twitter:label2\" content=\"Szacowany czas czytania\" \/>\n\t<meta name=\"twitter:data2\" content=\"1 minuta\" \/>\n<script type=\"application\/ld+json\" class=\"yoast-schema-graph\">{\"@context\":\"https:\/\/schema.org\",\"@graph\":[{\"@type\":\"event\",\"@id\":\"https:\/\/instytutpolski.pl\/duesseldorf\/2015\/04\/22\/goeast-15-festival-des-mittel-und-osteuropaischen-films\/\",\"url\":\"https:\/\/instytutpolski.pl\/duesseldorf\/2015\/04\/22\/goeast-15-festival-des-mittel-und-osteuropaischen-films\/\",\"name\":\"goEast 15. Festival des Mittel- und Osteurop\u00e4ischen Films\",\"isPartOf\":{\"@id\":\"https:\/\/instytutpolski.pl\/duesseldorf\/#website\"},\"primaryImageOfPage\":{\"@id\":\"https:\/\/instytutpolski.pl\/duesseldorf\/2015\/04\/22\/goeast-15-festival-des-mittel-und-osteuropaischen-films\/#primaryimage\"},\"image\":[\"https:\/\/instytutpolski.pl\/duesseldorf\/wp-content\/uploads\/sites\/5\/2020\/07\/Bogowie_Goetter-FB.jpg\",\"https:\/\/instytutpolski.pl\/duesseldorf\/wp-content\/uploads\/sites\/5\/2020\/07\/Bogowie_Goetter-FB-300x194.jpg\",\"https:\/\/instytutpolski.pl\/duesseldorf\/wp-content\/uploads\/sites\/5\/2020\/07\/Bogowie_Goetter-FB.jpg\",\"https:\/\/instytutpolski.pl\/duesseldorf\/wp-content\/uploads\/sites\/5\/2020\/07\/Bogowie_Goetter-FB.jpg\"],\"thumbnailUrl\":\"https:\/\/instytutpolski.pl\/duesseldorf\/wp-content\/uploads\/sites\/5\/2020\/07\/Bogowie_Goetter-FB.jpg\",\"datePublished\":\"2015-04-22T15:10:00+02:00\",\"dateModified\":\"2020-07-08T15:22:42+02:00\",\"author\":{\"@id\":\"https:\/\/instytutpolski.pl\/duesseldorf\/#\/schema\/person\/6b4b76776c5d49a1eb862046e311998e\"},\"breadcrumb\":{\"@id\":\"https:\/\/instytutpolski.pl\/duesseldorf\/2015\/04\/22\/goeast-15-festival-des-mittel-und-osteuropaischen-films\/#breadcrumb\"},\"inLanguage\":\"pl-PL\",\"potentialAction\":[{\"@type\":\"ReadAction\",\"target\":[\"https:\/\/instytutpolski.pl\/duesseldorf\/2015\/04\/22\/goeast-15-festival-des-mittel-und-osteuropaischen-films\/\"]}],\"@context\":\"https:\/\/schema.org\",\"startDate\":\"2015-04-22\",\"endDate\":\"2015-04-28\",\"eventStatus\":\"EventScheduled\",\"eventAttendanceMode\":\"OfflineEventAttendanceMode\",\"location\":{\"@type\":\"place\",\"name\":\"\",\"address\":\"\",\"geo\":{\"@type\":\"GeoCoordinates\",\"latitude\":\"\",\"longitude\":\"\"}},\"description\":\"22.04.2015 - 28.04.2015, Wiesbaden\\nSeit 2001 feiert goEast die k\u00fcnstlerische Vielfalt und den filmischen Reichtum des mittel- und osteurop\u00e4ischen Kinos. Das Drama \u201eBody\u201c von Ma\u0142gorzata Szumowska, ausgezeichnet mit dem Regiepreis der Berlinale, er\u00f6ffnet die 15. Ausgabe des Festivals in Wiesbaden. Neben den Klassikern, wie etwa \u201eDer achte Wochentag\u201c von Aleksander Ford nach dem gleichnamigen Roman von Marek H\u0142asko, folgen weitere neueste, spannende Spiel- und Dokumentarfilme aus Polen. Die Filmvorf\u00fchrungen erg\u00e4nzen Gespr\u00e4che mit den polnischen Filmemachern, Schauspielern und Produzenten: Jerzy Stuhr, Justyna Suwa\u0142a, Elwira Niewiera und Piotr Roso\u0142owski.ER\u00d6FFNUNGSFILMCia\u0142o\/ Body\u00a0von Ma\u0142gorzata SzumowskaWETTBEWERB SPIELFILMObywatel\/ B\u00fcrger\u00a0von Jerzy StuhrKebab i horoskop\/ Kebab &amp; Horoskop\u00a0von Grzegorz JaroszukSPECIALSBogowie\/ G\u00f6tter\u00a0von \u0141ukasz PalkowskiW poszukiwaniu utraconego krajobrazu\/ Auf der Suche nach der verlorenen Landschaft\u00a0von Leo KantorSYMPOSIUM\u00d3smy dzie\u0144 tygodnia\/ Der achte Wochentag\u00a0von Aleksander FordEine Liebe in Deutschland\/ Mi\u0142o\u015b\u0107 w Niemczech\u00a0von Andrzej WajdaHitlerjunge Salomon\/ Europa, Europa\u00a0von Agnieszka HollandWedle wyrok\u00f3w twoich\/ Zu Freiwild verdammt\u00a0von Jerzy HoffmannBEYOND BELONGINGEfekt domina\/ Domino Effekt\u00a0von Elwira Niewiera, Piotr Roso\u0142owskiGenaue Infos \u00fcber Termine und Veranstaltungsorte:\u00a0http:\/\/www.filmfestival-goeast.de\"},{\"@type\":\"ImageObject\",\"inLanguage\":\"pl-PL\",\"@id\":\"https:\/\/instytutpolski.pl\/duesseldorf\/2015\/04\/22\/goeast-15-festival-des-mittel-und-osteuropaischen-films\/#primaryimage\",\"url\":\"https:\/\/instytutpolski.pl\/duesseldorf\/wp-content\/uploads\/sites\/5\/2020\/07\/Bogowie_Goetter-FB.jpg\",\"contentUrl\":\"https:\/\/instytutpolski.pl\/duesseldorf\/wp-content\/uploads\/sites\/5\/2020\/07\/Bogowie_Goetter-FB.jpg\",\"width\":1024,\"height\":662},{\"@type\":\"BreadcrumbList\",\"@id\":\"https:\/\/instytutpolski.pl\/duesseldorf\/2015\/04\/22\/goeast-15-festival-des-mittel-und-osteuropaischen-films\/#breadcrumb\",\"itemListElement\":[{\"@type\":\"ListItem\",\"position\":1,\"name\":\"Home\",\"item\":\"https:\/\/instytutpolski.pl\/duesseldorf\/\"},{\"@type\":\"ListItem\",\"position\":2,\"name\":\"goEast 15. Festival des Mittel- und Osteurop\u00e4ischen Films\"}]},{\"@type\":\"WebSite\",\"@id\":\"https:\/\/instytutpolski.pl\/duesseldorf\/#website\",\"url\":\"https:\/\/instytutpolski.pl\/duesseldorf\/\",\"name\":\"Instytut Polski w Dusseldorfie\",\"description\":\"Instytuty Polskie\",\"potentialAction\":[{\"@type\":\"SearchAction\",\"target\":{\"@type\":\"EntryPoint\",\"urlTemplate\":\"https:\/\/instytutpolski.pl\/duesseldorf\/?s={search_term_string}\"},\"query-input\":{\"@type\":\"PropertyValueSpecification\",\"valueRequired\":true,\"valueName\":\"search_term_string\"}}],\"inLanguage\":\"pl-PL\"},{\"@type\":\"Person\",\"@id\":\"https:\/\/instytutpolski.pl\/duesseldorf\/#\/schema\/person\/6b4b76776c5d49a1eb862046e311998e\",\"name\":\"kolinskia\",\"image\":{\"@type\":\"ImageObject\",\"inLanguage\":\"pl-PL\",\"@id\":\"https:\/\/instytutpolski.pl\/duesseldorf\/#\/schema\/person\/image\/\",\"url\":\"https:\/\/secure.gravatar.com\/avatar\/9bb79075402c1d25f1e9e4e8260c2d13?s=96&d=mm&r=g\",\"contentUrl\":\"https:\/\/secure.gravatar.com\/avatar\/9bb79075402c1d25f1e9e4e8260c2d13?s=96&d=mm&r=g\",\"caption\":\"kolinskia\"},\"url\":\"https:\/\/instytutpolski.pl\/duesseldorf\/author\/kolinskia\/\"}]}<\/script>\n<!-- \/ Yoast SEO plugin. -->","yoast_head_json":{"title":"goEast 15. Festival des Mittel- und Osteurop\u00e4ischen Films - Instytut Polski w Dusseldorfie","robots":{"index":"index","follow":"follow","max-snippet":"max-snippet:-1","max-image-preview":"max-image-preview:large","max-video-preview":"max-video-preview:-1"},"canonical":"https:\/\/instytutpolski.pl\/duesseldorf\/2015\/04\/22\/goeast-15-festival-des-mittel-und-osteuropaischen-films\/","og_locale":"pl_PL","og_type":"article","og_title":"goEast 15. Festival des Mittel- und Osteurop\u00e4ischen Films - Instytut Polski w Dusseldorfie","og_description":"22.04.2015 &#8211; 28.04.2015, Wiesbaden Seit 2001 feiert goEast die k\u00fcnstlerische Vielfalt und den filmischen Reichtum des mittel- und osteurop\u00e4ischen Kinos. Das Drama \u201eBody\u201c von Ma\u0142gorzata Szumowska, ausgezeichnet mit dem Regiepreis der Berlinale, er\u00f6ffnet die 15. Ausgabe des Festivals in Wiesbaden. Neben den Klassikern, wie etwa \u201eDer achte Wochentag\u201c von Aleksander Ford nach dem gleichnamigen Roman [&hellip;]","og_url":"https:\/\/instytutpolski.pl\/duesseldorf\/2015\/04\/22\/goeast-15-festival-des-mittel-und-osteuropaischen-films\/","og_site_name":"Instytut Polski w Dusseldorfie","article_published_time":"2015-04-22T15:10:00+00:00","article_modified_time":"2020-07-08T15:22:42+00:00","og_image":[{"width":1024,"height":662,"url":"https:\/\/instytutpolski.pl\/duesseldorf\/wp-content\/uploads\/sites\/5\/2020\/07\/Bogowie_Goetter-FB.jpg","type":"image\/jpeg"}],"author":"kolinskia","twitter_card":"summary_large_image","twitter_misc":{"Napisane przez":"kolinskia","Szacowany czas czytania":"1 minuta"},"schema":{"@context":"https:\/\/schema.org","@graph":[{"@type":"event","@id":"https:\/\/instytutpolski.pl\/duesseldorf\/2015\/04\/22\/goeast-15-festival-des-mittel-und-osteuropaischen-films\/","url":"https:\/\/instytutpolski.pl\/duesseldorf\/2015\/04\/22\/goeast-15-festival-des-mittel-und-osteuropaischen-films\/","name":"goEast 15. Festival des Mittel- und Osteurop\u00e4ischen Films","isPartOf":{"@id":"https:\/\/instytutpolski.pl\/duesseldorf\/#website"},"primaryImageOfPage":{"@id":"https:\/\/instytutpolski.pl\/duesseldorf\/2015\/04\/22\/goeast-15-festival-des-mittel-und-osteuropaischen-films\/#primaryimage"},"image":["https:\/\/instytutpolski.pl\/duesseldorf\/wp-content\/uploads\/sites\/5\/2020\/07\/Bogowie_Goetter-FB.jpg","https:\/\/instytutpolski.pl\/duesseldorf\/wp-content\/uploads\/sites\/5\/2020\/07\/Bogowie_Goetter-FB-300x194.jpg","https:\/\/instytutpolski.pl\/duesseldorf\/wp-content\/uploads\/sites\/5\/2020\/07\/Bogowie_Goetter-FB.jpg","https:\/\/instytutpolski.pl\/duesseldorf\/wp-content\/uploads\/sites\/5\/2020\/07\/Bogowie_Goetter-FB.jpg"],"thumbnailUrl":"https:\/\/instytutpolski.pl\/duesseldorf\/wp-content\/uploads\/sites\/5\/2020\/07\/Bogowie_Goetter-FB.jpg","datePublished":"2015-04-22T15:10:00+02:00","dateModified":"2020-07-08T15:22:42+02:00","author":{"@id":"https:\/\/instytutpolski.pl\/duesseldorf\/#\/schema\/person\/6b4b76776c5d49a1eb862046e311998e"},"breadcrumb":{"@id":"https:\/\/instytutpolski.pl\/duesseldorf\/2015\/04\/22\/goeast-15-festival-des-mittel-und-osteuropaischen-films\/#breadcrumb"},"inLanguage":"pl-PL","potentialAction":[{"@type":"ReadAction","target":["https:\/\/instytutpolski.pl\/duesseldorf\/2015\/04\/22\/goeast-15-festival-des-mittel-und-osteuropaischen-films\/"]}],"@context":"https:\/\/schema.org","startDate":"2015-04-22","endDate":"2015-04-28","eventStatus":"EventScheduled","eventAttendanceMode":"OfflineEventAttendanceMode","location":{"@type":"place","name":"","address":"","geo":{"@type":"GeoCoordinates","latitude":"","longitude":""}},"description":"22.04.2015 - 28.04.2015, Wiesbaden\nSeit 2001 feiert goEast die k\u00fcnstlerische Vielfalt und den filmischen Reichtum des mittel- und osteurop\u00e4ischen Kinos. Das Drama \u201eBody\u201c von Ma\u0142gorzata Szumowska, ausgezeichnet mit dem Regiepreis der Berlinale, er\u00f6ffnet die 15. Ausgabe des Festivals in Wiesbaden. Neben den Klassikern, wie etwa \u201eDer achte Wochentag\u201c von Aleksander Ford nach dem gleichnamigen Roman von Marek H\u0142asko, folgen weitere neueste, spannende Spiel- und Dokumentarfilme aus Polen. Die Filmvorf\u00fchrungen erg\u00e4nzen Gespr\u00e4che mit den polnischen Filmemachern, Schauspielern und Produzenten: Jerzy Stuhr, Justyna Suwa\u0142a, Elwira Niewiera und Piotr Roso\u0142owski.ER\u00d6FFNUNGSFILMCia\u0142o\/ Body\u00a0von Ma\u0142gorzata SzumowskaWETTBEWERB SPIELFILMObywatel\/ B\u00fcrger\u00a0von Jerzy StuhrKebab i horoskop\/ Kebab &amp; Horoskop\u00a0von Grzegorz JaroszukSPECIALSBogowie\/ G\u00f6tter\u00a0von \u0141ukasz PalkowskiW poszukiwaniu utraconego krajobrazu\/ Auf der Suche nach der verlorenen Landschaft\u00a0von Leo KantorSYMPOSIUM\u00d3smy dzie\u0144 tygodnia\/ Der achte Wochentag\u00a0von Aleksander FordEine Liebe in Deutschland\/ Mi\u0142o\u015b\u0107 w Niemczech\u00a0von Andrzej WajdaHitlerjunge Salomon\/ Europa, Europa\u00a0von Agnieszka HollandWedle wyrok\u00f3w twoich\/ Zu Freiwild verdammt\u00a0von Jerzy HoffmannBEYOND BELONGINGEfekt domina\/ Domino Effekt\u00a0von Elwira Niewiera, Piotr Roso\u0142owskiGenaue Infos \u00fcber Termine und Veranstaltungsorte:\u00a0http:\/\/www.filmfestival-goeast.de"},{"@type":"ImageObject","inLanguage":"pl-PL","@id":"https:\/\/instytutpolski.pl\/duesseldorf\/2015\/04\/22\/goeast-15-festival-des-mittel-und-osteuropaischen-films\/#primaryimage","url":"https:\/\/instytutpolski.pl\/duesseldorf\/wp-content\/uploads\/sites\/5\/2020\/07\/Bogowie_Goetter-FB.jpg","contentUrl":"https:\/\/instytutpolski.pl\/duesseldorf\/wp-content\/uploads\/sites\/5\/2020\/07\/Bogowie_Goetter-FB.jpg","width":1024,"height":662},{"@type":"BreadcrumbList","@id":"https:\/\/instytutpolski.pl\/duesseldorf\/2015\/04\/22\/goeast-15-festival-des-mittel-und-osteuropaischen-films\/#breadcrumb","itemListElement":[{"@type":"ListItem","position":1,"name":"Home","item":"https:\/\/instytutpolski.pl\/duesseldorf\/"},{"@type":"ListItem","position":2,"name":"goEast 15. Festival des Mittel- und Osteurop\u00e4ischen Films"}]},{"@type":"WebSite","@id":"https:\/\/instytutpolski.pl\/duesseldorf\/#website","url":"https:\/\/instytutpolski.pl\/duesseldorf\/","name":"Instytut Polski w Dusseldorfie","description":"Instytuty Polskie","potentialAction":[{"@type":"SearchAction","target":{"@type":"EntryPoint","urlTemplate":"https:\/\/instytutpolski.pl\/duesseldorf\/?s={search_term_string}"},"query-input":{"@type":"PropertyValueSpecification","valueRequired":true,"valueName":"search_term_string"}}],"inLanguage":"pl-PL"},{"@type":"Person","@id":"https:\/\/instytutpolski.pl\/duesseldorf\/#\/schema\/person\/6b4b76776c5d49a1eb862046e311998e","name":"kolinskia","image":{"@type":"ImageObject","inLanguage":"pl-PL","@id":"https:\/\/instytutpolski.pl\/duesseldorf\/#\/schema\/person\/image\/","url":"https:\/\/secure.gravatar.com\/avatar\/9bb79075402c1d25f1e9e4e8260c2d13?s=96&d=mm&r=g","contentUrl":"https:\/\/secure.gravatar.com\/avatar\/9bb79075402c1d25f1e9e4e8260c2d13?s=96&d=mm&r=g","caption":"kolinskia"},"url":"https:\/\/instytutpolski.pl\/duesseldorf\/author\/kolinskia\/"}]}},"_links":{"self":[{"href":"https:\/\/instytutpolski.pl\/duesseldorf\/wp-json\/wp\/v2\/posts\/2681","targetHints":{"allow":["GET"]}}],"collection":[{"href":"https:\/\/instytutpolski.pl\/duesseldorf\/wp-json\/wp\/v2\/posts"}],"about":[{"href":"https:\/\/instytutpolski.pl\/duesseldorf\/wp-json\/wp\/v2\/types\/post"}],"author":[{"embeddable":true,"href":"https:\/\/instytutpolski.pl\/duesseldorf\/wp-json\/wp\/v2\/users\/103"}],"replies":[{"embeddable":true,"href":"https:\/\/instytutpolski.pl\/duesseldorf\/wp-json\/wp\/v2\/comments?post=2681"}],"version-history":[{"count":1,"href":"https:\/\/instytutpolski.pl\/duesseldorf\/wp-json\/wp\/v2\/posts\/2681\/revisions"}],"predecessor-version":[{"id":2683,"href":"https:\/\/instytutpolski.pl\/duesseldorf\/wp-json\/wp\/v2\/posts\/2681\/revisions\/2683"}],"wp:featuredmedia":[{"embeddable":true,"href":"https:\/\/instytutpolski.pl\/duesseldorf\/wp-json\/wp\/v2\/media\/2682"}],"wp:attachment":[{"href":"https:\/\/instytutpolski.pl\/duesseldorf\/wp-json\/wp\/v2\/media?parent=2681"}],"wp:term":[{"taxonomy":"category","embeddable":true,"href":"https:\/\/instytutpolski.pl\/duesseldorf\/wp-json\/wp\/v2\/categories?post=2681"},{"taxonomy":"post_tag","embeddable":true,"href":"https:\/\/instytutpolski.pl\/duesseldorf\/wp-json\/wp\/v2\/tags?post=2681"}],"curies":[{"name":"wp","href":"https:\/\/api.w.org\/{rel}","templated":true}]}}