{"id":2848,"date":"2015-04-09T15:29:00","date_gmt":"2015-04-09T13:29:00","guid":{"rendered":"https:\/\/instytutpolski.pl\/duesseldorf\/?p=2848"},"modified":"2020-08-25T15:50:20","modified_gmt":"2020-08-25T13:50:20","slug":"in-meinem-kopf-ein-universum","status":"publish","type":"post","link":"https:\/\/instytutpolski.pl\/duesseldorf\/2015\/04\/09\/in-meinem-kopf-ein-universum\/","title":{"rendered":"In meinem Kopf ein Universum"},"content":{"rendered":"\n<p><strong>In meinem Kopf ein Universum\/ (Chce si\u0119 \u017cy\u0107 \/ Life feels good)<\/strong><br \/>Polen 2013 &#8211; 107 Min. &#8211; Regie: Maciej Pieprzyca.<br \/>Mit Dawid Ogrodnik, Dorota Kolak, Kamil Tkacz, Arkadiusz Jakubik u.a.<br \/>Originalfassung mit dt. Untertiteln<\/p>\n<p>Kino Bambi, D\u00fcsseldorf, Kloster Str.<br \/><br \/>Mateusz liebt die Sterne. Oft sitzt er am Fenster und blickt in die Tiefen des Universums. Und immer stellt er sich die eine Frage: \u201eWie kann ich zeigen, dass ich nicht zur\u00fcckgeblieben bin, dass ich f\u00fchle und denke wie jeder andere?\u201c<br \/>Mateusz leidet unter einer zerebralen Bewegungsst\u00f6rung. Obwohl er nicht mit seiner Umwelt kommunizieren kann, nimmt er doch alles um sich herum wahr: Die absto\u00dfenden Bemerkungen seiner Schwester, die liebevolle F\u00fcrsorge seiner Mutter und die \u00fcppigen Br\u00fcste der netten Nachbarin. Doch der Tag wird kommen, an dem er es allen zeigen wird\u2026<br \/><br \/>Ein schwieriges Thema, das hier so enorm einf\u00fchlsam wie liebevoll erz\u00e4hlt wird. Regisseur Maciej Pieprzyca behandelt seine Figuren mit Respekt und W\u00fcrde und kann auf einen derart \u00fcberzeugenden Hauptdarsteller z\u00e4hlen, dass man geschworen h\u00e4tte, er w\u00e4re selbst behindert. Auch wenn der Film keine anklagenden T\u00f6ne kennt, so fragt man sich manchmal, ob hier nicht auch Kritik h\u00e4tte ge\u00fcbt werden m\u00fcssen, z.B. am Pflege- und Behandlungssystem, aber sein gr\u00f6\u00dfter Verdienst liegt in der Intensit\u00e4t und Klarheit, mit der er uns zeigt, was es f\u00fcr ein extremes Schicksal ist, ein Leben lang nicht seine W\u00fcnsche, Gef\u00fchle oder Probleme thematisieren zu k\u00f6nnen. Der Film beruht auf einer wahren Geschichte und erz\u00e4hlt aus selbstironischer Perspektive. Wenn auch Behinderte nur selten zu Stars im Kino werden, Mateusz h\u00e4tte es verdient, denn derart bewegt hat uns bestenfalls Daniel Day Lewis in einer \u00e4hnlichen Rolle in \u201eMein linker Fuss\u201c. F\u00fcr die hat er 1990 zu Recht einen Oscar bekommen. (Kalle Somnitz)<\/p>\n","protected":false},"excerpt":{"rendered":"<p>In meinem Kopf ein Universum\/ (Chce si\u0119 \u017cy\u0107 \/ Life feels good)Polen 2013 &#8211; 107 Min. &#8211; Regie: Maciej Pieprzyca.Mit Dawid Ogrodnik, Dorota Kolak, Kamil Tkacz, Arkadiusz Jakubik u.a.Originalfassung mit dt. Untertiteln Kino Bambi, D\u00fcsseldorf, Kloster Str. Mateusz liebt die Sterne. Oft sitzt er am Fenster und blickt in die Tiefen des Universums. Und immer [&hellip;]<\/p>\n","protected":false},"author":103,"featured_media":2850,"comment_status":"open","ping_status":"open","sticky":false,"template":"","format":"standard","meta":{"inline_featured_image":false,"_monsterinsights_skip_tracking":false,"_monsterinsights_sitenote_active":false,"_monsterinsights_sitenote_note":"","_monsterinsights_sitenote_category":0,"footnotes":""},"categories":[14,103],"tags":[],"class_list":["post-2848","post","type-post","status-publish","format-standard","has-post-thumbnail","hentry","category-film","category-programm"],"yoast_head":"<!-- This site is optimized with the Yoast SEO plugin v24.6 - https:\/\/yoast.com\/wordpress\/plugins\/seo\/ -->\n<title>In meinem Kopf ein Universum - Instytut Polski w Dusseldorfie<\/title>\n<meta name=\"robots\" content=\"index, follow, max-snippet:-1, max-image-preview:large, max-video-preview:-1\" \/>\n<link rel=\"canonical\" href=\"https:\/\/instytutpolski.pl\/duesseldorf\/2015\/04\/09\/in-meinem-kopf-ein-universum\/\" \/>\n<meta property=\"og:locale\" content=\"pl_PL\" \/>\n<meta property=\"og:type\" content=\"article\" \/>\n<meta property=\"og:title\" content=\"In meinem Kopf ein Universum - Instytut Polski w Dusseldorfie\" \/>\n<meta property=\"og:description\" content=\"In meinem Kopf ein Universum\/ (Chce si\u0119 \u017cy\u0107 \/ Life feels good)Polen 2013 &#8211; 107 Min. &#8211; Regie: Maciej Pieprzyca.Mit Dawid Ogrodnik, Dorota Kolak, Kamil Tkacz, Arkadiusz Jakubik u.a.Originalfassung mit dt. Untertiteln Kino Bambi, D\u00fcsseldorf, Kloster Str. Mateusz liebt die Sterne. Oft sitzt er am Fenster und blickt in die Tiefen des Universums. Und immer [&hellip;]\" \/>\n<meta property=\"og:url\" content=\"https:\/\/instytutpolski.pl\/duesseldorf\/2015\/04\/09\/in-meinem-kopf-ein-universum\/\" \/>\n<meta property=\"og:site_name\" content=\"Instytut Polski w Dusseldorfie\" \/>\n<meta property=\"article:published_time\" content=\"2015-04-09T13:29:00+00:00\" \/>\n<meta property=\"article:modified_time\" content=\"2020-08-25T13:50:20+00:00\" \/>\n<meta property=\"og:image\" content=\"https:\/\/instytutpolski.pl\/duesseldorf\/wp-content\/uploads\/sites\/5\/2020\/08\/LIFE-07-sc_96_2-A100_C003_07122T.jpg\" \/>\n\t<meta property=\"og:image:width\" content=\"1000\" \/>\n\t<meta property=\"og:image:height\" content=\"417\" \/>\n\t<meta property=\"og:image:type\" content=\"image\/jpeg\" \/>\n<meta name=\"author\" content=\"kolinskia\" \/>\n<meta name=\"twitter:card\" content=\"summary_large_image\" \/>\n<meta name=\"twitter:label1\" content=\"Napisane przez\" \/>\n\t<meta name=\"twitter:data1\" content=\"kolinskia\" \/>\n\t<meta name=\"twitter:label2\" content=\"Szacowany czas czytania\" \/>\n\t<meta name=\"twitter:data2\" content=\"2 minuty\" \/>\n<script type=\"application\/ld+json\" class=\"yoast-schema-graph\">{\"@context\":\"https:\/\/schema.org\",\"@graph\":[{\"@type\":\"event\",\"@id\":\"https:\/\/instytutpolski.pl\/duesseldorf\/2015\/04\/09\/in-meinem-kopf-ein-universum\/\",\"url\":\"https:\/\/instytutpolski.pl\/duesseldorf\/2015\/04\/09\/in-meinem-kopf-ein-universum\/\",\"name\":\"In meinem Kopf ein Universum\",\"isPartOf\":{\"@id\":\"https:\/\/instytutpolski.pl\/duesseldorf\/#website\"},\"primaryImageOfPage\":{\"@id\":\"https:\/\/instytutpolski.pl\/duesseldorf\/2015\/04\/09\/in-meinem-kopf-ein-universum\/#primaryimage\"},\"image\":[\"https:\/\/instytutpolski.pl\/duesseldorf\/wp-content\/uploads\/sites\/5\/2020\/08\/LIFE-07-sc_96_2-A100_C003_07122T.jpg\",\"https:\/\/instytutpolski.pl\/duesseldorf\/wp-content\/uploads\/sites\/5\/2020\/08\/LIFE-07-sc_96_2-A100_C003_07122T-300x125.jpg\",\"https:\/\/instytutpolski.pl\/duesseldorf\/wp-content\/uploads\/sites\/5\/2020\/08\/LIFE-07-sc_96_2-A100_C003_07122T.jpg\",\"https:\/\/instytutpolski.pl\/duesseldorf\/wp-content\/uploads\/sites\/5\/2020\/08\/LIFE-07-sc_96_2-A100_C003_07122T.jpg\"],\"thumbnailUrl\":\"https:\/\/instytutpolski.pl\/duesseldorf\/wp-content\/uploads\/sites\/5\/2020\/08\/LIFE-07-sc_96_2-A100_C003_07122T.jpg\",\"datePublished\":\"2015-04-09T13:29:00+02:00\",\"dateModified\":\"2020-08-25T13:50:20+02:00\",\"author\":{\"@id\":\"https:\/\/instytutpolski.pl\/duesseldorf\/#\/schema\/person\/6b4b76776c5d49a1eb862046e311998e\"},\"breadcrumb\":{\"@id\":\"https:\/\/instytutpolski.pl\/duesseldorf\/2015\/04\/09\/in-meinem-kopf-ein-universum\/#breadcrumb\"},\"inLanguage\":\"pl-PL\",\"potentialAction\":[{\"@type\":\"ReadAction\",\"target\":[\"https:\/\/instytutpolski.pl\/duesseldorf\/2015\/04\/09\/in-meinem-kopf-ein-universum\/\"]}],\"@context\":\"https:\/\/schema.org\",\"startDate\":\"2015-04-09\",\"endDate\":\"2015-04-09\",\"eventStatus\":\"EventScheduled\",\"eventAttendanceMode\":\"OfflineEventAttendanceMode\",\"location\":{\"@type\":\"place\",\"name\":\"\",\"address\":\"\",\"geo\":{\"@type\":\"GeoCoordinates\",\"latitude\":\"\",\"longitude\":\"\"}},\"description\":\"In meinem Kopf ein Universum\/ (Chce si\u0119 \u017cy\u0107 \/ Life feels good)Polen 2013 - 107 Min. - Regie: Maciej Pieprzyca.Mit Dawid Ogrodnik, Dorota Kolak, Kamil Tkacz, Arkadiusz Jakubik u.a.Originalfassung mit dt. Untertiteln\\nKino Bambi, D\u00fcsseldorf, Kloster Str.Mateusz liebt die Sterne. Oft sitzt er am Fenster und blickt in die Tiefen des Universums. Und immer stellt er sich die eine Frage: \u201eWie kann ich zeigen, dass ich nicht zur\u00fcckgeblieben bin, dass ich f\u00fchle und denke wie jeder andere?\u201cMateusz leidet unter einer zerebralen Bewegungsst\u00f6rung. Obwohl er nicht mit seiner Umwelt kommunizieren kann, nimmt er doch alles um sich herum wahr: Die absto\u00dfenden Bemerkungen seiner Schwester, die liebevolle F\u00fcrsorge seiner Mutter und die \u00fcppigen Br\u00fcste der netten Nachbarin. Doch der Tag wird kommen, an dem er es allen zeigen wird\u2026Ein schwieriges Thema, das hier so enorm einf\u00fchlsam wie liebevoll erz\u00e4hlt wird. Regisseur Maciej Pieprzyca behandelt seine Figuren mit Respekt und W\u00fcrde und kann auf einen derart \u00fcberzeugenden Hauptdarsteller z\u00e4hlen, dass man geschworen h\u00e4tte, er w\u00e4re selbst behindert. Auch wenn der Film keine anklagenden T\u00f6ne kennt, so fragt man sich manchmal, ob hier nicht auch Kritik h\u00e4tte ge\u00fcbt werden m\u00fcssen, z.B. am Pflege- und Behandlungssystem, aber sein gr\u00f6\u00dfter Verdienst liegt in der Intensit\u00e4t und Klarheit, mit der er uns zeigt, was es f\u00fcr ein extremes Schicksal ist, ein Leben lang nicht seine W\u00fcnsche, Gef\u00fchle oder Probleme thematisieren zu k\u00f6nnen. Der Film beruht auf einer wahren Geschichte und erz\u00e4hlt aus selbstironischer Perspektive. Wenn auch Behinderte nur selten zu Stars im Kino werden, Mateusz h\u00e4tte es verdient, denn derart bewegt hat uns bestenfalls Daniel Day Lewis in einer \u00e4hnlichen Rolle in \u201eMein linker Fuss\u201c. F\u00fcr die hat er 1990 zu Recht einen Oscar bekommen. (Kalle Somnitz)\"},{\"@type\":\"ImageObject\",\"inLanguage\":\"pl-PL\",\"@id\":\"https:\/\/instytutpolski.pl\/duesseldorf\/2015\/04\/09\/in-meinem-kopf-ein-universum\/#primaryimage\",\"url\":\"https:\/\/instytutpolski.pl\/duesseldorf\/wp-content\/uploads\/sites\/5\/2020\/08\/LIFE-07-sc_96_2-A100_C003_07122T.jpg\",\"contentUrl\":\"https:\/\/instytutpolski.pl\/duesseldorf\/wp-content\/uploads\/sites\/5\/2020\/08\/LIFE-07-sc_96_2-A100_C003_07122T.jpg\",\"width\":1000,\"height\":417},{\"@type\":\"BreadcrumbList\",\"@id\":\"https:\/\/instytutpolski.pl\/duesseldorf\/2015\/04\/09\/in-meinem-kopf-ein-universum\/#breadcrumb\",\"itemListElement\":[{\"@type\":\"ListItem\",\"position\":1,\"name\":\"Home\",\"item\":\"https:\/\/instytutpolski.pl\/duesseldorf\/\"},{\"@type\":\"ListItem\",\"position\":2,\"name\":\"In meinem Kopf ein Universum\"}]},{\"@type\":\"WebSite\",\"@id\":\"https:\/\/instytutpolski.pl\/duesseldorf\/#website\",\"url\":\"https:\/\/instytutpolski.pl\/duesseldorf\/\",\"name\":\"Instytut Polski w Dusseldorfie\",\"description\":\"Instytuty Polskie\",\"potentialAction\":[{\"@type\":\"SearchAction\",\"target\":{\"@type\":\"EntryPoint\",\"urlTemplate\":\"https:\/\/instytutpolski.pl\/duesseldorf\/?s={search_term_string}\"},\"query-input\":{\"@type\":\"PropertyValueSpecification\",\"valueRequired\":true,\"valueName\":\"search_term_string\"}}],\"inLanguage\":\"pl-PL\"},{\"@type\":\"Person\",\"@id\":\"https:\/\/instytutpolski.pl\/duesseldorf\/#\/schema\/person\/6b4b76776c5d49a1eb862046e311998e\",\"name\":\"kolinskia\",\"image\":{\"@type\":\"ImageObject\",\"inLanguage\":\"pl-PL\",\"@id\":\"https:\/\/instytutpolski.pl\/duesseldorf\/#\/schema\/person\/image\/\",\"url\":\"https:\/\/secure.gravatar.com\/avatar\/9bb79075402c1d25f1e9e4e8260c2d13?s=96&d=mm&r=g\",\"contentUrl\":\"https:\/\/secure.gravatar.com\/avatar\/9bb79075402c1d25f1e9e4e8260c2d13?s=96&d=mm&r=g\",\"caption\":\"kolinskia\"},\"url\":\"https:\/\/instytutpolski.pl\/duesseldorf\/author\/kolinskia\/\"}]}<\/script>\n<!-- \/ Yoast SEO plugin. -->","yoast_head_json":{"title":"In meinem Kopf ein Universum - Instytut Polski w Dusseldorfie","robots":{"index":"index","follow":"follow","max-snippet":"max-snippet:-1","max-image-preview":"max-image-preview:large","max-video-preview":"max-video-preview:-1"},"canonical":"https:\/\/instytutpolski.pl\/duesseldorf\/2015\/04\/09\/in-meinem-kopf-ein-universum\/","og_locale":"pl_PL","og_type":"article","og_title":"In meinem Kopf ein Universum - Instytut Polski w Dusseldorfie","og_description":"In meinem Kopf ein Universum\/ (Chce si\u0119 \u017cy\u0107 \/ Life feels good)Polen 2013 &#8211; 107 Min. &#8211; Regie: Maciej Pieprzyca.Mit Dawid Ogrodnik, Dorota Kolak, Kamil Tkacz, Arkadiusz Jakubik u.a.Originalfassung mit dt. Untertiteln Kino Bambi, D\u00fcsseldorf, Kloster Str. Mateusz liebt die Sterne. Oft sitzt er am Fenster und blickt in die Tiefen des Universums. Und immer [&hellip;]","og_url":"https:\/\/instytutpolski.pl\/duesseldorf\/2015\/04\/09\/in-meinem-kopf-ein-universum\/","og_site_name":"Instytut Polski w Dusseldorfie","article_published_time":"2015-04-09T13:29:00+00:00","article_modified_time":"2020-08-25T13:50:20+00:00","og_image":[{"width":1000,"height":417,"url":"https:\/\/instytutpolski.pl\/duesseldorf\/wp-content\/uploads\/sites\/5\/2020\/08\/LIFE-07-sc_96_2-A100_C003_07122T.jpg","type":"image\/jpeg"}],"author":"kolinskia","twitter_card":"summary_large_image","twitter_misc":{"Napisane przez":"kolinskia","Szacowany czas czytania":"2 minuty"},"schema":{"@context":"https:\/\/schema.org","@graph":[{"@type":"event","@id":"https:\/\/instytutpolski.pl\/duesseldorf\/2015\/04\/09\/in-meinem-kopf-ein-universum\/","url":"https:\/\/instytutpolski.pl\/duesseldorf\/2015\/04\/09\/in-meinem-kopf-ein-universum\/","name":"In meinem Kopf ein Universum","isPartOf":{"@id":"https:\/\/instytutpolski.pl\/duesseldorf\/#website"},"primaryImageOfPage":{"@id":"https:\/\/instytutpolski.pl\/duesseldorf\/2015\/04\/09\/in-meinem-kopf-ein-universum\/#primaryimage"},"image":["https:\/\/instytutpolski.pl\/duesseldorf\/wp-content\/uploads\/sites\/5\/2020\/08\/LIFE-07-sc_96_2-A100_C003_07122T.jpg","https:\/\/instytutpolski.pl\/duesseldorf\/wp-content\/uploads\/sites\/5\/2020\/08\/LIFE-07-sc_96_2-A100_C003_07122T-300x125.jpg","https:\/\/instytutpolski.pl\/duesseldorf\/wp-content\/uploads\/sites\/5\/2020\/08\/LIFE-07-sc_96_2-A100_C003_07122T.jpg","https:\/\/instytutpolski.pl\/duesseldorf\/wp-content\/uploads\/sites\/5\/2020\/08\/LIFE-07-sc_96_2-A100_C003_07122T.jpg"],"thumbnailUrl":"https:\/\/instytutpolski.pl\/duesseldorf\/wp-content\/uploads\/sites\/5\/2020\/08\/LIFE-07-sc_96_2-A100_C003_07122T.jpg","datePublished":"2015-04-09T13:29:00+02:00","dateModified":"2020-08-25T13:50:20+02:00","author":{"@id":"https:\/\/instytutpolski.pl\/duesseldorf\/#\/schema\/person\/6b4b76776c5d49a1eb862046e311998e"},"breadcrumb":{"@id":"https:\/\/instytutpolski.pl\/duesseldorf\/2015\/04\/09\/in-meinem-kopf-ein-universum\/#breadcrumb"},"inLanguage":"pl-PL","potentialAction":[{"@type":"ReadAction","target":["https:\/\/instytutpolski.pl\/duesseldorf\/2015\/04\/09\/in-meinem-kopf-ein-universum\/"]}],"@context":"https:\/\/schema.org","startDate":"2015-04-09","endDate":"2015-04-09","eventStatus":"EventScheduled","eventAttendanceMode":"OfflineEventAttendanceMode","location":{"@type":"place","name":"","address":"","geo":{"@type":"GeoCoordinates","latitude":"","longitude":""}},"description":"In meinem Kopf ein Universum\/ (Chce si\u0119 \u017cy\u0107 \/ Life feels good)Polen 2013 - 107 Min. - Regie: Maciej Pieprzyca.Mit Dawid Ogrodnik, Dorota Kolak, Kamil Tkacz, Arkadiusz Jakubik u.a.Originalfassung mit dt. Untertiteln\nKino Bambi, D\u00fcsseldorf, Kloster Str.Mateusz liebt die Sterne. Oft sitzt er am Fenster und blickt in die Tiefen des Universums. Und immer stellt er sich die eine Frage: \u201eWie kann ich zeigen, dass ich nicht zur\u00fcckgeblieben bin, dass ich f\u00fchle und denke wie jeder andere?\u201cMateusz leidet unter einer zerebralen Bewegungsst\u00f6rung. Obwohl er nicht mit seiner Umwelt kommunizieren kann, nimmt er doch alles um sich herum wahr: Die absto\u00dfenden Bemerkungen seiner Schwester, die liebevolle F\u00fcrsorge seiner Mutter und die \u00fcppigen Br\u00fcste der netten Nachbarin. Doch der Tag wird kommen, an dem er es allen zeigen wird\u2026Ein schwieriges Thema, das hier so enorm einf\u00fchlsam wie liebevoll erz\u00e4hlt wird. Regisseur Maciej Pieprzyca behandelt seine Figuren mit Respekt und W\u00fcrde und kann auf einen derart \u00fcberzeugenden Hauptdarsteller z\u00e4hlen, dass man geschworen h\u00e4tte, er w\u00e4re selbst behindert. Auch wenn der Film keine anklagenden T\u00f6ne kennt, so fragt man sich manchmal, ob hier nicht auch Kritik h\u00e4tte ge\u00fcbt werden m\u00fcssen, z.B. am Pflege- und Behandlungssystem, aber sein gr\u00f6\u00dfter Verdienst liegt in der Intensit\u00e4t und Klarheit, mit der er uns zeigt, was es f\u00fcr ein extremes Schicksal ist, ein Leben lang nicht seine W\u00fcnsche, Gef\u00fchle oder Probleme thematisieren zu k\u00f6nnen. Der Film beruht auf einer wahren Geschichte und erz\u00e4hlt aus selbstironischer Perspektive. Wenn auch Behinderte nur selten zu Stars im Kino werden, Mateusz h\u00e4tte es verdient, denn derart bewegt hat uns bestenfalls Daniel Day Lewis in einer \u00e4hnlichen Rolle in \u201eMein linker Fuss\u201c. F\u00fcr die hat er 1990 zu Recht einen Oscar bekommen. (Kalle Somnitz)"},{"@type":"ImageObject","inLanguage":"pl-PL","@id":"https:\/\/instytutpolski.pl\/duesseldorf\/2015\/04\/09\/in-meinem-kopf-ein-universum\/#primaryimage","url":"https:\/\/instytutpolski.pl\/duesseldorf\/wp-content\/uploads\/sites\/5\/2020\/08\/LIFE-07-sc_96_2-A100_C003_07122T.jpg","contentUrl":"https:\/\/instytutpolski.pl\/duesseldorf\/wp-content\/uploads\/sites\/5\/2020\/08\/LIFE-07-sc_96_2-A100_C003_07122T.jpg","width":1000,"height":417},{"@type":"BreadcrumbList","@id":"https:\/\/instytutpolski.pl\/duesseldorf\/2015\/04\/09\/in-meinem-kopf-ein-universum\/#breadcrumb","itemListElement":[{"@type":"ListItem","position":1,"name":"Home","item":"https:\/\/instytutpolski.pl\/duesseldorf\/"},{"@type":"ListItem","position":2,"name":"In meinem Kopf ein Universum"}]},{"@type":"WebSite","@id":"https:\/\/instytutpolski.pl\/duesseldorf\/#website","url":"https:\/\/instytutpolski.pl\/duesseldorf\/","name":"Instytut Polski w Dusseldorfie","description":"Instytuty Polskie","potentialAction":[{"@type":"SearchAction","target":{"@type":"EntryPoint","urlTemplate":"https:\/\/instytutpolski.pl\/duesseldorf\/?s={search_term_string}"},"query-input":{"@type":"PropertyValueSpecification","valueRequired":true,"valueName":"search_term_string"}}],"inLanguage":"pl-PL"},{"@type":"Person","@id":"https:\/\/instytutpolski.pl\/duesseldorf\/#\/schema\/person\/6b4b76776c5d49a1eb862046e311998e","name":"kolinskia","image":{"@type":"ImageObject","inLanguage":"pl-PL","@id":"https:\/\/instytutpolski.pl\/duesseldorf\/#\/schema\/person\/image\/","url":"https:\/\/secure.gravatar.com\/avatar\/9bb79075402c1d25f1e9e4e8260c2d13?s=96&d=mm&r=g","contentUrl":"https:\/\/secure.gravatar.com\/avatar\/9bb79075402c1d25f1e9e4e8260c2d13?s=96&d=mm&r=g","caption":"kolinskia"},"url":"https:\/\/instytutpolski.pl\/duesseldorf\/author\/kolinskia\/"}]}},"_links":{"self":[{"href":"https:\/\/instytutpolski.pl\/duesseldorf\/wp-json\/wp\/v2\/posts\/2848","targetHints":{"allow":["GET"]}}],"collection":[{"href":"https:\/\/instytutpolski.pl\/duesseldorf\/wp-json\/wp\/v2\/posts"}],"about":[{"href":"https:\/\/instytutpolski.pl\/duesseldorf\/wp-json\/wp\/v2\/types\/post"}],"author":[{"embeddable":true,"href":"https:\/\/instytutpolski.pl\/duesseldorf\/wp-json\/wp\/v2\/users\/103"}],"replies":[{"embeddable":true,"href":"https:\/\/instytutpolski.pl\/duesseldorf\/wp-json\/wp\/v2\/comments?post=2848"}],"version-history":[{"count":1,"href":"https:\/\/instytutpolski.pl\/duesseldorf\/wp-json\/wp\/v2\/posts\/2848\/revisions"}],"predecessor-version":[{"id":2851,"href":"https:\/\/instytutpolski.pl\/duesseldorf\/wp-json\/wp\/v2\/posts\/2848\/revisions\/2851"}],"wp:featuredmedia":[{"embeddable":true,"href":"https:\/\/instytutpolski.pl\/duesseldorf\/wp-json\/wp\/v2\/media\/2850"}],"wp:attachment":[{"href":"https:\/\/instytutpolski.pl\/duesseldorf\/wp-json\/wp\/v2\/media?parent=2848"}],"wp:term":[{"taxonomy":"category","embeddable":true,"href":"https:\/\/instytutpolski.pl\/duesseldorf\/wp-json\/wp\/v2\/categories?post=2848"},{"taxonomy":"post_tag","embeddable":true,"href":"https:\/\/instytutpolski.pl\/duesseldorf\/wp-json\/wp\/v2\/tags?post=2848"}],"curies":[{"name":"wp","href":"https:\/\/api.w.org\/{rel}","templated":true}]}}