{"id":2855,"date":"2015-03-29T16:06:00","date_gmt":"2015-03-29T14:06:00","guid":{"rendered":"https:\/\/instytutpolski.pl\/duesseldorf\/?p=2855"},"modified":"2020-08-25T16:14:35","modified_gmt":"2020-08-25T14:14:35","slug":"die-muhle-und-das-kreuz-mlyn-i-krzyz","status":"publish","type":"post","link":"https:\/\/instytutpolski.pl\/duesseldorf\/2015\/03\/29\/die-muhle-und-das-kreuz-mlyn-i-krzyz\/","title":{"rendered":"Die M\u00fchle und das Kreuz\/ M\u0142yn i krzy\u017c"},"content":{"rendered":"\n<p>Filmvorf\u00fchrung<br \/><strong>&#8222;Die M\u00fchle und das Kreuz\/ M\u0142yn i krzy\u017c\u201c<\/strong><br \/>Regie Lech Majewski, Polen\/ Schweden 2011, 96 Min., deutsche Fassung.<\/p>\n<p>Kino Metropolis, Kurt-Schumacher-Platz 13, 44787 Bochum<\/p>\n<p>Der Film \u201eDie M\u00fchle und das Kreuz\u201c als eine kunsthistorische Interpretation des Gem\u00e4ldes \u201eDie Kreuztragung Christi\u201c von Pieter Bruegel dem \u00c4lteren vereint thematisch den Symbolcharakter des Leidens Christi mit der politisch-religi\u00f6sen Situation Flanderns (Niederlande\/Belgien), welches im 16. Jh. unter der inquisitorischen Unterdr\u00fcckung Spaniens leidet. Am Beispiel Flanderns wird ebenfalls die Radikalisierung der Religion sehr plastisch dargelegt und damit auch die Frage nach aktuellen Formen der extremen Religionsaus\u00fcbung als gesellschaftliches machtpolitisches Instrument in den Raum gestellt.<br \/>R.: Lech Majewski, B.: Michael Francis Gibson, Lech Majewski, K.: Pawe\u0142 Edelman, M.: Lech Majewski, mit Rutger Hauer, Michael York, Charlotte Rampling u.a.<br \/><br \/>Im Anschluss findet eine Diskussion mit dem Regisseur Lech Majewski statt.<br \/><br \/><strong>Lech Majewski\u00a0<\/strong>geh\u00f6rt zu den zeitgen\u00f6ssischen polnischen K\u00fcnstlern, die in unterschiedlichen Kunstsph\u00e4ren weltweite Ber\u00fchmtheit erlangte. Er ist nicht nur als Maler, Poet, Essayist und Theaterregisseur bekannt, sondern vor allem als experimentierfreudiger und genre\u00fcbergreifender Filmregisseur verzaubert er seit Jahrzehnten immer wieder von neuem sein Publikum.<br \/><br \/><a href=\"http:\/\/www.themillandthecross.com\/\">http:\/\/www.themillandthecross.com\/<\/a><br \/><br \/>Eine Veranstaltung des OSTWEST Vereins f\u00fcr kulture<\/p>\n","protected":false},"excerpt":{"rendered":"<p>Filmvorf\u00fchrung&#8222;Die M\u00fchle und das Kreuz\/ M\u0142yn i krzy\u017c\u201cRegie Lech Majewski, Polen\/ Schweden 2011, 96 Min., deutsche Fassung. Kino Metropolis, Kurt-Schumacher-Platz 13, 44787 Bochum Der Film \u201eDie M\u00fchle und das Kreuz\u201c als eine kunsthistorische Interpretation des Gem\u00e4ldes \u201eDie Kreuztragung Christi\u201c von Pieter Bruegel dem \u00c4lteren vereint thematisch den Symbolcharakter des Leidens Christi mit der politisch-religi\u00f6sen Situation [&hellip;]<\/p>\n","protected":false},"author":103,"featured_media":2854,"comment_status":"open","ping_status":"open","sticky":false,"template":"","format":"standard","meta":{"inline_featured_image":false,"_monsterinsights_skip_tracking":false,"_monsterinsights_sitenote_active":false,"_monsterinsights_sitenote_note":"","_monsterinsights_sitenote_category":0,"footnotes":""},"categories":[14,103],"tags":[],"class_list":["post-2855","post","type-post","status-publish","format-standard","has-post-thumbnail","hentry","category-film","category-programm"],"yoast_head":"<!-- This site is optimized with the Yoast SEO plugin v24.6 - https:\/\/yoast.com\/wordpress\/plugins\/seo\/ -->\n<title>Die M\u00fchle und das Kreuz\/ M\u0142yn i krzy\u017c - Instytut Polski w Dusseldorfie<\/title>\n<meta name=\"robots\" content=\"index, follow, max-snippet:-1, max-image-preview:large, max-video-preview:-1\" \/>\n<link rel=\"canonical\" href=\"https:\/\/instytutpolski.pl\/duesseldorf\/2015\/03\/29\/die-muhle-und-das-kreuz-mlyn-i-krzyz\/\" \/>\n<meta property=\"og:locale\" content=\"pl_PL\" \/>\n<meta property=\"og:type\" content=\"article\" \/>\n<meta property=\"og:title\" content=\"Die M\u00fchle und das Kreuz\/ M\u0142yn i krzy\u017c - Instytut Polski w Dusseldorfie\" \/>\n<meta property=\"og:description\" content=\"Filmvorf\u00fchrung&#8222;Die M\u00fchle und das Kreuz\/ M\u0142yn i krzy\u017c\u201cRegie Lech Majewski, Polen\/ Schweden 2011, 96 Min., deutsche Fassung. Kino Metropolis, Kurt-Schumacher-Platz 13, 44787 Bochum Der Film \u201eDie M\u00fchle und das Kreuz\u201c als eine kunsthistorische Interpretation des Gem\u00e4ldes \u201eDie Kreuztragung Christi\u201c von Pieter Bruegel dem \u00c4lteren vereint thematisch den Symbolcharakter des Leidens Christi mit der politisch-religi\u00f6sen Situation [&hellip;]\" \/>\n<meta property=\"og:url\" content=\"https:\/\/instytutpolski.pl\/duesseldorf\/2015\/03\/29\/die-muhle-und-das-kreuz-mlyn-i-krzyz\/\" \/>\n<meta property=\"og:site_name\" content=\"Instytut Polski w Dusseldorfie\" \/>\n<meta property=\"article:published_time\" content=\"2015-03-29T14:06:00+00:00\" \/>\n<meta property=\"article:modified_time\" content=\"2020-08-25T14:14:35+00:00\" \/>\n<meta property=\"og:image\" content=\"https:\/\/instytutpolski.pl\/duesseldorf\/wp-content\/uploads\/sites\/5\/2020\/08\/mk_majewski.jpg\" \/>\n\t<meta property=\"og:image:width\" content=\"1049\" \/>\n\t<meta property=\"og:image:height\" content=\"728\" \/>\n\t<meta property=\"og:image:type\" content=\"image\/jpeg\" \/>\n<meta name=\"author\" content=\"kolinskia\" \/>\n<meta name=\"twitter:card\" content=\"summary_large_image\" \/>\n<meta name=\"twitter:label1\" content=\"Napisane przez\" \/>\n\t<meta name=\"twitter:data1\" content=\"kolinskia\" \/>\n\t<meta name=\"twitter:label2\" content=\"Szacowany czas czytania\" \/>\n\t<meta name=\"twitter:data2\" content=\"1 minuta\" \/>\n<script type=\"application\/ld+json\" class=\"yoast-schema-graph\">{\"@context\":\"https:\/\/schema.org\",\"@graph\":[{\"@type\":\"event\",\"@id\":\"https:\/\/instytutpolski.pl\/duesseldorf\/2015\/03\/29\/die-muhle-und-das-kreuz-mlyn-i-krzyz\/\",\"url\":\"https:\/\/instytutpolski.pl\/duesseldorf\/2015\/03\/29\/die-muhle-und-das-kreuz-mlyn-i-krzyz\/\",\"name\":\"Die M\u00fchle und das Kreuz\/ M\u0142yn i krzy\u017c\",\"isPartOf\":{\"@id\":\"https:\/\/instytutpolski.pl\/duesseldorf\/#website\"},\"primaryImageOfPage\":{\"@id\":\"https:\/\/instytutpolski.pl\/duesseldorf\/2015\/03\/29\/die-muhle-und-das-kreuz-mlyn-i-krzyz\/#primaryimage\"},\"image\":[\"https:\/\/instytutpolski.pl\/duesseldorf\/wp-content\/uploads\/sites\/5\/2020\/08\/mk_majewski.jpg\",\"https:\/\/instytutpolski.pl\/duesseldorf\/wp-content\/uploads\/sites\/5\/2020\/08\/mk_majewski-300x208.jpg\",\"https:\/\/instytutpolski.pl\/duesseldorf\/wp-content\/uploads\/sites\/5\/2020\/08\/mk_majewski-1024x711.jpg\",\"https:\/\/instytutpolski.pl\/duesseldorf\/wp-content\/uploads\/sites\/5\/2020\/08\/mk_majewski.jpg\"],\"thumbnailUrl\":\"https:\/\/instytutpolski.pl\/duesseldorf\/wp-content\/uploads\/sites\/5\/2020\/08\/mk_majewski.jpg\",\"datePublished\":\"2015-03-29T14:06:00+02:00\",\"dateModified\":\"2020-08-25T14:14:35+02:00\",\"author\":{\"@id\":\"https:\/\/instytutpolski.pl\/duesseldorf\/#\/schema\/person\/6b4b76776c5d49a1eb862046e311998e\"},\"breadcrumb\":{\"@id\":\"https:\/\/instytutpolski.pl\/duesseldorf\/2015\/03\/29\/die-muhle-und-das-kreuz-mlyn-i-krzyz\/#breadcrumb\"},\"inLanguage\":\"pl-PL\",\"potentialAction\":[{\"@type\":\"ReadAction\",\"target\":[\"https:\/\/instytutpolski.pl\/duesseldorf\/2015\/03\/29\/die-muhle-und-das-kreuz-mlyn-i-krzyz\/\"]}],\"@context\":\"https:\/\/schema.org\",\"startDate\":\"2015-03-29\",\"endDate\":\"2015-03-29\",\"eventStatus\":\"EventScheduled\",\"eventAttendanceMode\":\"OfflineEventAttendanceMode\",\"location\":{\"@type\":\"place\",\"name\":\"\",\"address\":\"\",\"geo\":{\"@type\":\"GeoCoordinates\",\"latitude\":\"\",\"longitude\":\"\"}},\"description\":\"Filmvorf\u00fchrung\\\"Die M\u00fchle und das Kreuz\/ M\u0142yn i krzy\u017c\u201cRegie Lech Majewski, Polen\/ Schweden 2011, 96 Min., deutsche Fassung.\\nKino Metropolis, Kurt-Schumacher-Platz 13, 44787 Bochum\\nDer Film \u201eDie M\u00fchle und das Kreuz\u201c als eine kunsthistorische Interpretation des Gem\u00e4ldes \u201eDie Kreuztragung Christi\u201c von Pieter Bruegel dem \u00c4lteren vereint thematisch den Symbolcharakter des Leidens Christi mit der politisch-religi\u00f6sen Situation Flanderns (Niederlande\/Belgien), welches im 16. Jh. unter der inquisitorischen Unterdr\u00fcckung Spaniens leidet. Am Beispiel Flanderns wird ebenfalls die Radikalisierung der Religion sehr plastisch dargelegt und damit auch die Frage nach aktuellen Formen der extremen Religionsaus\u00fcbung als gesellschaftliches machtpolitisches Instrument in den Raum gestellt.R.: Lech Majewski, B.: Michael Francis Gibson, Lech Majewski, K.: Pawe\u0142 Edelman, M.: Lech Majewski, mit Rutger Hauer, Michael York, Charlotte Rampling u.a.Im Anschluss findet eine Diskussion mit dem Regisseur Lech Majewski statt.Lech Majewski\u00a0geh\u00f6rt zu den zeitgen\u00f6ssischen polnischen K\u00fcnstlern, die in unterschiedlichen Kunstsph\u00e4ren weltweite Ber\u00fchmtheit erlangte. Er ist nicht nur als Maler, Poet, Essayist und Theaterregisseur bekannt, sondern vor allem als experimentierfreudiger und genre\u00fcbergreifender Filmregisseur verzaubert er seit Jahrzehnten immer wieder von neuem sein Publikum.http:\/\/www.themillandthecross.com\/Eine Veranstaltung des OSTWEST Vereins f\u00fcr kulture\"},{\"@type\":\"ImageObject\",\"inLanguage\":\"pl-PL\",\"@id\":\"https:\/\/instytutpolski.pl\/duesseldorf\/2015\/03\/29\/die-muhle-und-das-kreuz-mlyn-i-krzyz\/#primaryimage\",\"url\":\"https:\/\/instytutpolski.pl\/duesseldorf\/wp-content\/uploads\/sites\/5\/2020\/08\/mk_majewski.jpg\",\"contentUrl\":\"https:\/\/instytutpolski.pl\/duesseldorf\/wp-content\/uploads\/sites\/5\/2020\/08\/mk_majewski.jpg\",\"width\":1049,\"height\":728},{\"@type\":\"BreadcrumbList\",\"@id\":\"https:\/\/instytutpolski.pl\/duesseldorf\/2015\/03\/29\/die-muhle-und-das-kreuz-mlyn-i-krzyz\/#breadcrumb\",\"itemListElement\":[{\"@type\":\"ListItem\",\"position\":1,\"name\":\"Home\",\"item\":\"https:\/\/instytutpolski.pl\/duesseldorf\/\"},{\"@type\":\"ListItem\",\"position\":2,\"name\":\"Die M\u00fchle und das Kreuz\/ M\u0142yn i krzy\u017c\"}]},{\"@type\":\"WebSite\",\"@id\":\"https:\/\/instytutpolski.pl\/duesseldorf\/#website\",\"url\":\"https:\/\/instytutpolski.pl\/duesseldorf\/\",\"name\":\"Instytut Polski w Dusseldorfie\",\"description\":\"Instytuty Polskie\",\"potentialAction\":[{\"@type\":\"SearchAction\",\"target\":{\"@type\":\"EntryPoint\",\"urlTemplate\":\"https:\/\/instytutpolski.pl\/duesseldorf\/?s={search_term_string}\"},\"query-input\":{\"@type\":\"PropertyValueSpecification\",\"valueRequired\":true,\"valueName\":\"search_term_string\"}}],\"inLanguage\":\"pl-PL\"},{\"@type\":\"Person\",\"@id\":\"https:\/\/instytutpolski.pl\/duesseldorf\/#\/schema\/person\/6b4b76776c5d49a1eb862046e311998e\",\"name\":\"kolinskia\",\"image\":{\"@type\":\"ImageObject\",\"inLanguage\":\"pl-PL\",\"@id\":\"https:\/\/instytutpolski.pl\/duesseldorf\/#\/schema\/person\/image\/\",\"url\":\"https:\/\/secure.gravatar.com\/avatar\/9bb79075402c1d25f1e9e4e8260c2d13?s=96&d=mm&r=g\",\"contentUrl\":\"https:\/\/secure.gravatar.com\/avatar\/9bb79075402c1d25f1e9e4e8260c2d13?s=96&d=mm&r=g\",\"caption\":\"kolinskia\"},\"url\":\"https:\/\/instytutpolski.pl\/duesseldorf\/author\/kolinskia\/\"}]}<\/script>\n<!-- \/ Yoast SEO plugin. -->","yoast_head_json":{"title":"Die M\u00fchle und das Kreuz\/ M\u0142yn i krzy\u017c - Instytut Polski w Dusseldorfie","robots":{"index":"index","follow":"follow","max-snippet":"max-snippet:-1","max-image-preview":"max-image-preview:large","max-video-preview":"max-video-preview:-1"},"canonical":"https:\/\/instytutpolski.pl\/duesseldorf\/2015\/03\/29\/die-muhle-und-das-kreuz-mlyn-i-krzyz\/","og_locale":"pl_PL","og_type":"article","og_title":"Die M\u00fchle und das Kreuz\/ M\u0142yn i krzy\u017c - Instytut Polski w Dusseldorfie","og_description":"Filmvorf\u00fchrung&#8222;Die M\u00fchle und das Kreuz\/ M\u0142yn i krzy\u017c\u201cRegie Lech Majewski, Polen\/ Schweden 2011, 96 Min., deutsche Fassung. Kino Metropolis, Kurt-Schumacher-Platz 13, 44787 Bochum Der Film \u201eDie M\u00fchle und das Kreuz\u201c als eine kunsthistorische Interpretation des Gem\u00e4ldes \u201eDie Kreuztragung Christi\u201c von Pieter Bruegel dem \u00c4lteren vereint thematisch den Symbolcharakter des Leidens Christi mit der politisch-religi\u00f6sen Situation [&hellip;]","og_url":"https:\/\/instytutpolski.pl\/duesseldorf\/2015\/03\/29\/die-muhle-und-das-kreuz-mlyn-i-krzyz\/","og_site_name":"Instytut Polski w Dusseldorfie","article_published_time":"2015-03-29T14:06:00+00:00","article_modified_time":"2020-08-25T14:14:35+00:00","og_image":[{"width":1049,"height":728,"url":"https:\/\/instytutpolski.pl\/duesseldorf\/wp-content\/uploads\/sites\/5\/2020\/08\/mk_majewski.jpg","type":"image\/jpeg"}],"author":"kolinskia","twitter_card":"summary_large_image","twitter_misc":{"Napisane przez":"kolinskia","Szacowany czas czytania":"1 minuta"},"schema":{"@context":"https:\/\/schema.org","@graph":[{"@type":"event","@id":"https:\/\/instytutpolski.pl\/duesseldorf\/2015\/03\/29\/die-muhle-und-das-kreuz-mlyn-i-krzyz\/","url":"https:\/\/instytutpolski.pl\/duesseldorf\/2015\/03\/29\/die-muhle-und-das-kreuz-mlyn-i-krzyz\/","name":"Die M\u00fchle und das Kreuz\/ M\u0142yn i krzy\u017c","isPartOf":{"@id":"https:\/\/instytutpolski.pl\/duesseldorf\/#website"},"primaryImageOfPage":{"@id":"https:\/\/instytutpolski.pl\/duesseldorf\/2015\/03\/29\/die-muhle-und-das-kreuz-mlyn-i-krzyz\/#primaryimage"},"image":["https:\/\/instytutpolski.pl\/duesseldorf\/wp-content\/uploads\/sites\/5\/2020\/08\/mk_majewski.jpg","https:\/\/instytutpolski.pl\/duesseldorf\/wp-content\/uploads\/sites\/5\/2020\/08\/mk_majewski-300x208.jpg","https:\/\/instytutpolski.pl\/duesseldorf\/wp-content\/uploads\/sites\/5\/2020\/08\/mk_majewski-1024x711.jpg","https:\/\/instytutpolski.pl\/duesseldorf\/wp-content\/uploads\/sites\/5\/2020\/08\/mk_majewski.jpg"],"thumbnailUrl":"https:\/\/instytutpolski.pl\/duesseldorf\/wp-content\/uploads\/sites\/5\/2020\/08\/mk_majewski.jpg","datePublished":"2015-03-29T14:06:00+02:00","dateModified":"2020-08-25T14:14:35+02:00","author":{"@id":"https:\/\/instytutpolski.pl\/duesseldorf\/#\/schema\/person\/6b4b76776c5d49a1eb862046e311998e"},"breadcrumb":{"@id":"https:\/\/instytutpolski.pl\/duesseldorf\/2015\/03\/29\/die-muhle-und-das-kreuz-mlyn-i-krzyz\/#breadcrumb"},"inLanguage":"pl-PL","potentialAction":[{"@type":"ReadAction","target":["https:\/\/instytutpolski.pl\/duesseldorf\/2015\/03\/29\/die-muhle-und-das-kreuz-mlyn-i-krzyz\/"]}],"@context":"https:\/\/schema.org","startDate":"2015-03-29","endDate":"2015-03-29","eventStatus":"EventScheduled","eventAttendanceMode":"OfflineEventAttendanceMode","location":{"@type":"place","name":"","address":"","geo":{"@type":"GeoCoordinates","latitude":"","longitude":""}},"description":"Filmvorf\u00fchrung\"Die M\u00fchle und das Kreuz\/ M\u0142yn i krzy\u017c\u201cRegie Lech Majewski, Polen\/ Schweden 2011, 96 Min., deutsche Fassung.\nKino Metropolis, Kurt-Schumacher-Platz 13, 44787 Bochum\nDer Film \u201eDie M\u00fchle und das Kreuz\u201c als eine kunsthistorische Interpretation des Gem\u00e4ldes \u201eDie Kreuztragung Christi\u201c von Pieter Bruegel dem \u00c4lteren vereint thematisch den Symbolcharakter des Leidens Christi mit der politisch-religi\u00f6sen Situation Flanderns (Niederlande\/Belgien), welches im 16. Jh. unter der inquisitorischen Unterdr\u00fcckung Spaniens leidet. Am Beispiel Flanderns wird ebenfalls die Radikalisierung der Religion sehr plastisch dargelegt und damit auch die Frage nach aktuellen Formen der extremen Religionsaus\u00fcbung als gesellschaftliches machtpolitisches Instrument in den Raum gestellt.R.: Lech Majewski, B.: Michael Francis Gibson, Lech Majewski, K.: Pawe\u0142 Edelman, M.: Lech Majewski, mit Rutger Hauer, Michael York, Charlotte Rampling u.a.Im Anschluss findet eine Diskussion mit dem Regisseur Lech Majewski statt.Lech Majewski\u00a0geh\u00f6rt zu den zeitgen\u00f6ssischen polnischen K\u00fcnstlern, die in unterschiedlichen Kunstsph\u00e4ren weltweite Ber\u00fchmtheit erlangte. Er ist nicht nur als Maler, Poet, Essayist und Theaterregisseur bekannt, sondern vor allem als experimentierfreudiger und genre\u00fcbergreifender Filmregisseur verzaubert er seit Jahrzehnten immer wieder von neuem sein Publikum.http:\/\/www.themillandthecross.com\/Eine Veranstaltung des OSTWEST Vereins f\u00fcr kulture"},{"@type":"ImageObject","inLanguage":"pl-PL","@id":"https:\/\/instytutpolski.pl\/duesseldorf\/2015\/03\/29\/die-muhle-und-das-kreuz-mlyn-i-krzyz\/#primaryimage","url":"https:\/\/instytutpolski.pl\/duesseldorf\/wp-content\/uploads\/sites\/5\/2020\/08\/mk_majewski.jpg","contentUrl":"https:\/\/instytutpolski.pl\/duesseldorf\/wp-content\/uploads\/sites\/5\/2020\/08\/mk_majewski.jpg","width":1049,"height":728},{"@type":"BreadcrumbList","@id":"https:\/\/instytutpolski.pl\/duesseldorf\/2015\/03\/29\/die-muhle-und-das-kreuz-mlyn-i-krzyz\/#breadcrumb","itemListElement":[{"@type":"ListItem","position":1,"name":"Home","item":"https:\/\/instytutpolski.pl\/duesseldorf\/"},{"@type":"ListItem","position":2,"name":"Die M\u00fchle und das Kreuz\/ M\u0142yn i krzy\u017c"}]},{"@type":"WebSite","@id":"https:\/\/instytutpolski.pl\/duesseldorf\/#website","url":"https:\/\/instytutpolski.pl\/duesseldorf\/","name":"Instytut Polski w Dusseldorfie","description":"Instytuty Polskie","potentialAction":[{"@type":"SearchAction","target":{"@type":"EntryPoint","urlTemplate":"https:\/\/instytutpolski.pl\/duesseldorf\/?s={search_term_string}"},"query-input":{"@type":"PropertyValueSpecification","valueRequired":true,"valueName":"search_term_string"}}],"inLanguage":"pl-PL"},{"@type":"Person","@id":"https:\/\/instytutpolski.pl\/duesseldorf\/#\/schema\/person\/6b4b76776c5d49a1eb862046e311998e","name":"kolinskia","image":{"@type":"ImageObject","inLanguage":"pl-PL","@id":"https:\/\/instytutpolski.pl\/duesseldorf\/#\/schema\/person\/image\/","url":"https:\/\/secure.gravatar.com\/avatar\/9bb79075402c1d25f1e9e4e8260c2d13?s=96&d=mm&r=g","contentUrl":"https:\/\/secure.gravatar.com\/avatar\/9bb79075402c1d25f1e9e4e8260c2d13?s=96&d=mm&r=g","caption":"kolinskia"},"url":"https:\/\/instytutpolski.pl\/duesseldorf\/author\/kolinskia\/"}]}},"_links":{"self":[{"href":"https:\/\/instytutpolski.pl\/duesseldorf\/wp-json\/wp\/v2\/posts\/2855","targetHints":{"allow":["GET"]}}],"collection":[{"href":"https:\/\/instytutpolski.pl\/duesseldorf\/wp-json\/wp\/v2\/posts"}],"about":[{"href":"https:\/\/instytutpolski.pl\/duesseldorf\/wp-json\/wp\/v2\/types\/post"}],"author":[{"embeddable":true,"href":"https:\/\/instytutpolski.pl\/duesseldorf\/wp-json\/wp\/v2\/users\/103"}],"replies":[{"embeddable":true,"href":"https:\/\/instytutpolski.pl\/duesseldorf\/wp-json\/wp\/v2\/comments?post=2855"}],"version-history":[{"count":4,"href":"https:\/\/instytutpolski.pl\/duesseldorf\/wp-json\/wp\/v2\/posts\/2855\/revisions"}],"predecessor-version":[{"id":2859,"href":"https:\/\/instytutpolski.pl\/duesseldorf\/wp-json\/wp\/v2\/posts\/2855\/revisions\/2859"}],"wp:featuredmedia":[{"embeddable":true,"href":"https:\/\/instytutpolski.pl\/duesseldorf\/wp-json\/wp\/v2\/media\/2854"}],"wp:attachment":[{"href":"https:\/\/instytutpolski.pl\/duesseldorf\/wp-json\/wp\/v2\/media?parent=2855"}],"wp:term":[{"taxonomy":"category","embeddable":true,"href":"https:\/\/instytutpolski.pl\/duesseldorf\/wp-json\/wp\/v2\/categories?post=2855"},{"taxonomy":"post_tag","embeddable":true,"href":"https:\/\/instytutpolski.pl\/duesseldorf\/wp-json\/wp\/v2\/tags?post=2855"}],"curies":[{"name":"wp","href":"https:\/\/api.w.org\/{rel}","templated":true}]}}