{"id":2891,"date":"2018-03-13T15:38:00","date_gmt":"2018-03-13T14:38:00","guid":{"rendered":"https:\/\/instytutpolski.pl\/duesseldorf\/?p=2891"},"modified":"2020-08-26T15:55:12","modified_gmt":"2020-08-26T13:55:12","slug":"wyklety-der-verfemte-von-konrad-lecki","status":"publish","type":"post","link":"https:\/\/instytutpolski.pl\/duesseldorf\/2018\/03\/13\/wyklety-der-verfemte-von-konrad-lecki\/","title":{"rendered":"Wykl\u0119ty\/ Der Verfemte von Konrad \u0141\u0119cki"},"content":{"rendered":"\n<p>Zum Nationalen Gedenktag an die Verfemten Soldaten<\/p>\n<p>Filmvorf\u00fchrung\u00a0<br \/>&#8222;Wykl\u0119ty\/ Der Verfemte&#8221; von Konrad \u0141\u0119cki, PL 2017, 105 Min., OF mit deutschen Untertiteln<\/p>\n<p>Polnisches Institut D\u00fcsseldorf, Citadellstr. 7<\/p>\n<p>Der Spielfilm basiert auf der wahren Geschichte eines der letzten &#8222;Verfemten Soldaten&#8221; und Untergrundk\u00e4mpfer: J\u00f3zef Franczak (Lalek). Die Handlung spielt im Polen der sp\u00e4teren 1940er-Jahre. Die Hauptfiguren sind Mitglieder des bewaffneten antikommunistischen Untergrunds, Menschen, die trotz der enormen \u00dcberlegenheit des Sicherheitsministeriums, unterst\u00fctzt vom sowjetischen Innenministerium NKWD, bis zum Schluss f\u00fcr ihre Sache einstehen.<br \/><br \/>Die sog. &#8222;Verfemten Soldaten&#8221; waren Angeh\u00f6rige des polnischen Untergrunds, die in der Nachkriegszeit gegen die kommunistische Macht in Polen k\u00e4mpften. Sie wurden jahrelang vom kommunistischen Regime verfolgt, hingerichtet oder zu langen Gef\u00e4ngnisstrafen verurteilt. Die nach dem Krieg in Polen t\u00e4tigen kommunistischen Sicherheitsorgane waren stets r\u00fccksichtslos in der Bek\u00e4mpfung des Widerstands. In der Volksrepublik Polen wurde ein verf\u00e4lschtes Bild der Untergrundsoldaten verbreitet und ihre patriotische Einstellung verschwiegen. Die Erinnerung an die Mitglieder des antikommunistischen Untergrunds der Jahre 1944 bis 1956 erfuhr 2011 die lang erwartete Etablierung des Nationalen Gedenktages an die Verfemten Soldaten. Er wird am 1. M\u00e4rz begangen, dem Jahrestag der Vollstreckung des Todesurteils gegen die letzten Anf\u00fchrer der Vereinigung &#8222;Freiheit und Unabh\u00e4ngigkeit&#8221;.<br \/><br \/>R.: und B.: Konrad \u0141\u0119cki, K.: Karol \u0141akomiec, A.: Joanna Biskup-Brykczy\u0144ska, K.: Anna und Konrad \u0141\u0119cki, M.: Szymnon Szewczyk, P.: Fundacja Mi\u0119dzy S\u0142owami, D.: Wojciech Niemczyk, Marcin Kwa\u015bny, Robert Wrzosek, Hanna \u015awi\u0119tnicka.<br \/><br \/>In der Kooperation mit dem Polnischen Institut Wien.<\/p>\n","protected":false},"excerpt":{"rendered":"<p>Zum Nationalen Gedenktag an die Verfemten Soldaten Filmvorf\u00fchrung\u00a0&#8222;Wykl\u0119ty\/ Der Verfemte&#8221; von Konrad \u0141\u0119cki, PL 2017, 105 Min., OF mit deutschen Untertiteln Polnisches Institut D\u00fcsseldorf, Citadellstr. 7 Der Spielfilm basiert auf der wahren Geschichte eines der letzten &#8222;Verfemten Soldaten&#8221; und Untergrundk\u00e4mpfer: J\u00f3zef Franczak (Lalek). Die Handlung spielt im Polen der sp\u00e4teren 1940er-Jahre. Die Hauptfiguren sind Mitglieder [&hellip;]<\/p>\n","protected":false},"author":103,"featured_media":2893,"comment_status":"open","ping_status":"open","sticky":false,"template":"","format":"standard","meta":{"inline_featured_image":false,"_monsterinsights_skip_tracking":false,"_monsterinsights_sitenote_active":false,"_monsterinsights_sitenote_note":"","_monsterinsights_sitenote_category":0,"footnotes":""},"categories":[14,103],"tags":[],"class_list":["post-2891","post","type-post","status-publish","format-standard","has-post-thumbnail","hentry","category-film","category-programm"],"yoast_head":"<!-- This site is optimized with the Yoast SEO plugin v24.6 - https:\/\/yoast.com\/wordpress\/plugins\/seo\/ -->\n<title>Wykl\u0119ty\/ Der Verfemte von Konrad \u0141\u0119cki - Instytut Polski w Dusseldorfie<\/title>\n<meta name=\"robots\" content=\"index, follow, max-snippet:-1, max-image-preview:large, max-video-preview:-1\" \/>\n<link rel=\"canonical\" href=\"https:\/\/instytutpolski.pl\/duesseldorf\/2018\/03\/13\/wyklety-der-verfemte-von-konrad-lecki\/\" \/>\n<meta property=\"og:locale\" content=\"pl_PL\" \/>\n<meta property=\"og:type\" content=\"article\" \/>\n<meta property=\"og:title\" content=\"Wykl\u0119ty\/ Der Verfemte von Konrad \u0141\u0119cki - Instytut Polski w Dusseldorfie\" \/>\n<meta property=\"og:description\" content=\"Zum Nationalen Gedenktag an die Verfemten Soldaten Filmvorf\u00fchrung\u00a0&#8222;Wykl\u0119ty\/ Der Verfemte&#8221; von Konrad \u0141\u0119cki, PL 2017, 105 Min., OF mit deutschen Untertiteln Polnisches Institut D\u00fcsseldorf, Citadellstr. 7 Der Spielfilm basiert auf der wahren Geschichte eines der letzten &#8222;Verfemten Soldaten&#8221; und Untergrundk\u00e4mpfer: J\u00f3zef Franczak (Lalek). Die Handlung spielt im Polen der sp\u00e4teren 1940er-Jahre. Die Hauptfiguren sind Mitglieder [&hellip;]\" \/>\n<meta property=\"og:url\" content=\"https:\/\/instytutpolski.pl\/duesseldorf\/2018\/03\/13\/wyklety-der-verfemte-von-konrad-lecki\/\" \/>\n<meta property=\"og:site_name\" content=\"Instytut Polski w Dusseldorfie\" \/>\n<meta property=\"article:published_time\" content=\"2018-03-13T14:38:00+00:00\" \/>\n<meta property=\"article:modified_time\" content=\"2020-08-26T13:55:12+00:00\" \/>\n<meta property=\"og:image\" content=\"https:\/\/instytutpolski.pl\/duesseldorf\/wp-content\/uploads\/sites\/5\/2020\/08\/1-Wykl\u0119ty-re\u017c.-Konrad-\u0141\u0119cki-fot.-Wojciech-Marczak_34-1.jpg\" \/>\n\t<meta property=\"og:image:width\" content=\"1876\" \/>\n\t<meta property=\"og:image:height\" content=\"1239\" \/>\n\t<meta property=\"og:image:type\" content=\"image\/jpeg\" \/>\n<meta name=\"author\" content=\"kolinskia\" \/>\n<meta name=\"twitter:card\" content=\"summary_large_image\" \/>\n<meta name=\"twitter:label1\" content=\"Napisane przez\" \/>\n\t<meta name=\"twitter:data1\" content=\"kolinskia\" \/>\n\t<meta name=\"twitter:label2\" content=\"Szacowany czas czytania\" \/>\n\t<meta name=\"twitter:data2\" content=\"1 minuta\" \/>\n<script type=\"application\/ld+json\" class=\"yoast-schema-graph\">{\"@context\":\"https:\/\/schema.org\",\"@graph\":[{\"@type\":\"event\",\"@id\":\"https:\/\/instytutpolski.pl\/duesseldorf\/2018\/03\/13\/wyklety-der-verfemte-von-konrad-lecki\/\",\"url\":\"https:\/\/instytutpolski.pl\/duesseldorf\/2018\/03\/13\/wyklety-der-verfemte-von-konrad-lecki\/\",\"name\":\"Wykl\u0119ty\/ Der Verfemte von Konrad \u0141\u0119cki\",\"isPartOf\":{\"@id\":\"https:\/\/instytutpolski.pl\/duesseldorf\/#website\"},\"primaryImageOfPage\":{\"@id\":\"https:\/\/instytutpolski.pl\/duesseldorf\/2018\/03\/13\/wyklety-der-verfemte-von-konrad-lecki\/#primaryimage\"},\"image\":[\"https:\/\/instytutpolski.pl\/duesseldorf\/wp-content\/uploads\/sites\/5\/2020\/08\/1-Wykl\u0119ty-re\u017c.-Konrad-\u0141\u0119cki-fot.-Wojciech-Marczak_34-1.jpg\",\"https:\/\/instytutpolski.pl\/duesseldorf\/wp-content\/uploads\/sites\/5\/2020\/08\/1-Wykl\u0119ty-re\u017c.-Konrad-\u0141\u0119cki-fot.-Wojciech-Marczak_34-1-300x198.jpg\",\"https:\/\/instytutpolski.pl\/duesseldorf\/wp-content\/uploads\/sites\/5\/2020\/08\/1-Wykl\u0119ty-re\u017c.-Konrad-\u0141\u0119cki-fot.-Wojciech-Marczak_34-1-1024x676.jpg\",\"https:\/\/instytutpolski.pl\/duesseldorf\/wp-content\/uploads\/sites\/5\/2020\/08\/1-Wykl\u0119ty-re\u017c.-Konrad-\u0141\u0119cki-fot.-Wojciech-Marczak_34-1.jpg\"],\"thumbnailUrl\":\"https:\/\/instytutpolski.pl\/duesseldorf\/wp-content\/uploads\/sites\/5\/2020\/08\/1-Wykl\u0119ty-re\u017c.-Konrad-\u0141\u0119cki-fot.-Wojciech-Marczak_34-1.jpg\",\"datePublished\":\"2018-03-13T14:38:00+02:00\",\"dateModified\":\"2020-08-26T13:55:12+02:00\",\"author\":{\"@id\":\"https:\/\/instytutpolski.pl\/duesseldorf\/#\/schema\/person\/6b4b76776c5d49a1eb862046e311998e\"},\"breadcrumb\":{\"@id\":\"https:\/\/instytutpolski.pl\/duesseldorf\/2018\/03\/13\/wyklety-der-verfemte-von-konrad-lecki\/#breadcrumb\"},\"inLanguage\":\"pl-PL\",\"potentialAction\":[{\"@type\":\"ReadAction\",\"target\":[\"https:\/\/instytutpolski.pl\/duesseldorf\/2018\/03\/13\/wyklety-der-verfemte-von-konrad-lecki\/\"]}],\"@context\":\"https:\/\/schema.org\",\"startDate\":\"2018-03-13\",\"endDate\":\"2018-03-13\",\"eventStatus\":\"EventScheduled\",\"eventAttendanceMode\":\"OfflineEventAttendanceMode\",\"location\":{\"@type\":\"place\",\"name\":\"\",\"address\":\"\",\"geo\":{\"@type\":\"GeoCoordinates\",\"latitude\":\"\",\"longitude\":\"\"}},\"description\":\"Zum Nationalen Gedenktag an die Verfemten Soldaten\\nFilmvorf\u00fchrung\u00a0\\\"Wykl\u0119ty\/ Der Verfemte\\\" von Konrad \u0141\u0119cki, PL 2017, 105 Min., OF mit deutschen Untertiteln\\nPolnisches Institut D\u00fcsseldorf, Citadellstr. 7\\nDer Spielfilm basiert auf der wahren Geschichte eines der letzten \\\"Verfemten Soldaten\\\" und Untergrundk\u00e4mpfer: J\u00f3zef Franczak (Lalek). Die Handlung spielt im Polen der sp\u00e4teren 1940er-Jahre. Die Hauptfiguren sind Mitglieder des bewaffneten antikommunistischen Untergrunds, Menschen, die trotz der enormen \u00dcberlegenheit des Sicherheitsministeriums, unterst\u00fctzt vom sowjetischen Innenministerium NKWD, bis zum Schluss f\u00fcr ihre Sache einstehen.Die sog. \\\"Verfemten Soldaten\\\" waren Angeh\u00f6rige des polnischen Untergrunds, die in der Nachkriegszeit gegen die kommunistische Macht in Polen k\u00e4mpften. Sie wurden jahrelang vom kommunistischen Regime verfolgt, hingerichtet oder zu langen Gef\u00e4ngnisstrafen verurteilt. Die nach dem Krieg in Polen t\u00e4tigen kommunistischen Sicherheitsorgane waren stets r\u00fccksichtslos in der Bek\u00e4mpfung des Widerstands. In der Volksrepublik Polen wurde ein verf\u00e4lschtes Bild der Untergrundsoldaten verbreitet und ihre patriotische Einstellung verschwiegen. Die Erinnerung an die Mitglieder des antikommunistischen Untergrunds der Jahre 1944 bis 1956 erfuhr 2011 die lang erwartete Etablierung des Nationalen Gedenktages an die Verfemten Soldaten. Er wird am 1. M\u00e4rz begangen, dem Jahrestag der Vollstreckung des Todesurteils gegen die letzten Anf\u00fchrer der Vereinigung \\\"Freiheit und Unabh\u00e4ngigkeit\\\".R.: und B.: Konrad \u0141\u0119cki, K.: Karol \u0141akomiec, A.: Joanna Biskup-Brykczy\u0144ska, K.: Anna und Konrad \u0141\u0119cki, M.: Szymnon Szewczyk, P.: Fundacja Mi\u0119dzy S\u0142owami, D.: Wojciech Niemczyk, Marcin Kwa\u015bny, Robert Wrzosek, Hanna \u015awi\u0119tnicka.In der Kooperation mit dem Polnischen Institut Wien.\"},{\"@type\":\"ImageObject\",\"inLanguage\":\"pl-PL\",\"@id\":\"https:\/\/instytutpolski.pl\/duesseldorf\/2018\/03\/13\/wyklety-der-verfemte-von-konrad-lecki\/#primaryimage\",\"url\":\"https:\/\/instytutpolski.pl\/duesseldorf\/wp-content\/uploads\/sites\/5\/2020\/08\/1-Wykl\u0119ty-re\u017c.-Konrad-\u0141\u0119cki-fot.-Wojciech-Marczak_34-1.jpg\",\"contentUrl\":\"https:\/\/instytutpolski.pl\/duesseldorf\/wp-content\/uploads\/sites\/5\/2020\/08\/1-Wykl\u0119ty-re\u017c.-Konrad-\u0141\u0119cki-fot.-Wojciech-Marczak_34-1.jpg\",\"width\":1876,\"height\":1239},{\"@type\":\"BreadcrumbList\",\"@id\":\"https:\/\/instytutpolski.pl\/duesseldorf\/2018\/03\/13\/wyklety-der-verfemte-von-konrad-lecki\/#breadcrumb\",\"itemListElement\":[{\"@type\":\"ListItem\",\"position\":1,\"name\":\"Home\",\"item\":\"https:\/\/instytutpolski.pl\/duesseldorf\/\"},{\"@type\":\"ListItem\",\"position\":2,\"name\":\"Wykl\u0119ty\/ Der Verfemte von Konrad \u0141\u0119cki\"}]},{\"@type\":\"WebSite\",\"@id\":\"https:\/\/instytutpolski.pl\/duesseldorf\/#website\",\"url\":\"https:\/\/instytutpolski.pl\/duesseldorf\/\",\"name\":\"Instytut Polski w Dusseldorfie\",\"description\":\"Instytuty Polskie\",\"potentialAction\":[{\"@type\":\"SearchAction\",\"target\":{\"@type\":\"EntryPoint\",\"urlTemplate\":\"https:\/\/instytutpolski.pl\/duesseldorf\/?s={search_term_string}\"},\"query-input\":{\"@type\":\"PropertyValueSpecification\",\"valueRequired\":true,\"valueName\":\"search_term_string\"}}],\"inLanguage\":\"pl-PL\"},{\"@type\":\"Person\",\"@id\":\"https:\/\/instytutpolski.pl\/duesseldorf\/#\/schema\/person\/6b4b76776c5d49a1eb862046e311998e\",\"name\":\"kolinskia\",\"image\":{\"@type\":\"ImageObject\",\"inLanguage\":\"pl-PL\",\"@id\":\"https:\/\/instytutpolski.pl\/duesseldorf\/#\/schema\/person\/image\/\",\"url\":\"https:\/\/secure.gravatar.com\/avatar\/9bb79075402c1d25f1e9e4e8260c2d13?s=96&d=mm&r=g\",\"contentUrl\":\"https:\/\/secure.gravatar.com\/avatar\/9bb79075402c1d25f1e9e4e8260c2d13?s=96&d=mm&r=g\",\"caption\":\"kolinskia\"},\"url\":\"https:\/\/instytutpolski.pl\/duesseldorf\/author\/kolinskia\/\"}]}<\/script>\n<!-- \/ Yoast SEO plugin. -->","yoast_head_json":{"title":"Wykl\u0119ty\/ Der Verfemte von Konrad \u0141\u0119cki - Instytut Polski w Dusseldorfie","robots":{"index":"index","follow":"follow","max-snippet":"max-snippet:-1","max-image-preview":"max-image-preview:large","max-video-preview":"max-video-preview:-1"},"canonical":"https:\/\/instytutpolski.pl\/duesseldorf\/2018\/03\/13\/wyklety-der-verfemte-von-konrad-lecki\/","og_locale":"pl_PL","og_type":"article","og_title":"Wykl\u0119ty\/ Der Verfemte von Konrad \u0141\u0119cki - Instytut Polski w Dusseldorfie","og_description":"Zum Nationalen Gedenktag an die Verfemten Soldaten Filmvorf\u00fchrung\u00a0&#8222;Wykl\u0119ty\/ Der Verfemte&#8221; von Konrad \u0141\u0119cki, PL 2017, 105 Min., OF mit deutschen Untertiteln Polnisches Institut D\u00fcsseldorf, Citadellstr. 7 Der Spielfilm basiert auf der wahren Geschichte eines der letzten &#8222;Verfemten Soldaten&#8221; und Untergrundk\u00e4mpfer: J\u00f3zef Franczak (Lalek). Die Handlung spielt im Polen der sp\u00e4teren 1940er-Jahre. Die Hauptfiguren sind Mitglieder [&hellip;]","og_url":"https:\/\/instytutpolski.pl\/duesseldorf\/2018\/03\/13\/wyklety-der-verfemte-von-konrad-lecki\/","og_site_name":"Instytut Polski w Dusseldorfie","article_published_time":"2018-03-13T14:38:00+00:00","article_modified_time":"2020-08-26T13:55:12+00:00","og_image":[{"width":1876,"height":1239,"url":"https:\/\/instytutpolski.pl\/duesseldorf\/wp-content\/uploads\/sites\/5\/2020\/08\/1-Wykl\u0119ty-re\u017c.-Konrad-\u0141\u0119cki-fot.-Wojciech-Marczak_34-1.jpg","type":"image\/jpeg"}],"author":"kolinskia","twitter_card":"summary_large_image","twitter_misc":{"Napisane przez":"kolinskia","Szacowany czas czytania":"1 minuta"},"schema":{"@context":"https:\/\/schema.org","@graph":[{"@type":"event","@id":"https:\/\/instytutpolski.pl\/duesseldorf\/2018\/03\/13\/wyklety-der-verfemte-von-konrad-lecki\/","url":"https:\/\/instytutpolski.pl\/duesseldorf\/2018\/03\/13\/wyklety-der-verfemte-von-konrad-lecki\/","name":"Wykl\u0119ty\/ Der Verfemte von Konrad \u0141\u0119cki","isPartOf":{"@id":"https:\/\/instytutpolski.pl\/duesseldorf\/#website"},"primaryImageOfPage":{"@id":"https:\/\/instytutpolski.pl\/duesseldorf\/2018\/03\/13\/wyklety-der-verfemte-von-konrad-lecki\/#primaryimage"},"image":["https:\/\/instytutpolski.pl\/duesseldorf\/wp-content\/uploads\/sites\/5\/2020\/08\/1-Wykl\u0119ty-re\u017c.-Konrad-\u0141\u0119cki-fot.-Wojciech-Marczak_34-1.jpg","https:\/\/instytutpolski.pl\/duesseldorf\/wp-content\/uploads\/sites\/5\/2020\/08\/1-Wykl\u0119ty-re\u017c.-Konrad-\u0141\u0119cki-fot.-Wojciech-Marczak_34-1-300x198.jpg","https:\/\/instytutpolski.pl\/duesseldorf\/wp-content\/uploads\/sites\/5\/2020\/08\/1-Wykl\u0119ty-re\u017c.-Konrad-\u0141\u0119cki-fot.-Wojciech-Marczak_34-1-1024x676.jpg","https:\/\/instytutpolski.pl\/duesseldorf\/wp-content\/uploads\/sites\/5\/2020\/08\/1-Wykl\u0119ty-re\u017c.-Konrad-\u0141\u0119cki-fot.-Wojciech-Marczak_34-1.jpg"],"thumbnailUrl":"https:\/\/instytutpolski.pl\/duesseldorf\/wp-content\/uploads\/sites\/5\/2020\/08\/1-Wykl\u0119ty-re\u017c.-Konrad-\u0141\u0119cki-fot.-Wojciech-Marczak_34-1.jpg","datePublished":"2018-03-13T14:38:00+02:00","dateModified":"2020-08-26T13:55:12+02:00","author":{"@id":"https:\/\/instytutpolski.pl\/duesseldorf\/#\/schema\/person\/6b4b76776c5d49a1eb862046e311998e"},"breadcrumb":{"@id":"https:\/\/instytutpolski.pl\/duesseldorf\/2018\/03\/13\/wyklety-der-verfemte-von-konrad-lecki\/#breadcrumb"},"inLanguage":"pl-PL","potentialAction":[{"@type":"ReadAction","target":["https:\/\/instytutpolski.pl\/duesseldorf\/2018\/03\/13\/wyklety-der-verfemte-von-konrad-lecki\/"]}],"@context":"https:\/\/schema.org","startDate":"2018-03-13","endDate":"2018-03-13","eventStatus":"EventScheduled","eventAttendanceMode":"OfflineEventAttendanceMode","location":{"@type":"place","name":"","address":"","geo":{"@type":"GeoCoordinates","latitude":"","longitude":""}},"description":"Zum Nationalen Gedenktag an die Verfemten Soldaten\nFilmvorf\u00fchrung\u00a0\"Wykl\u0119ty\/ Der Verfemte\" von Konrad \u0141\u0119cki, PL 2017, 105 Min., OF mit deutschen Untertiteln\nPolnisches Institut D\u00fcsseldorf, Citadellstr. 7\nDer Spielfilm basiert auf der wahren Geschichte eines der letzten \"Verfemten Soldaten\" und Untergrundk\u00e4mpfer: J\u00f3zef Franczak (Lalek). Die Handlung spielt im Polen der sp\u00e4teren 1940er-Jahre. Die Hauptfiguren sind Mitglieder des bewaffneten antikommunistischen Untergrunds, Menschen, die trotz der enormen \u00dcberlegenheit des Sicherheitsministeriums, unterst\u00fctzt vom sowjetischen Innenministerium NKWD, bis zum Schluss f\u00fcr ihre Sache einstehen.Die sog. \"Verfemten Soldaten\" waren Angeh\u00f6rige des polnischen Untergrunds, die in der Nachkriegszeit gegen die kommunistische Macht in Polen k\u00e4mpften. Sie wurden jahrelang vom kommunistischen Regime verfolgt, hingerichtet oder zu langen Gef\u00e4ngnisstrafen verurteilt. Die nach dem Krieg in Polen t\u00e4tigen kommunistischen Sicherheitsorgane waren stets r\u00fccksichtslos in der Bek\u00e4mpfung des Widerstands. In der Volksrepublik Polen wurde ein verf\u00e4lschtes Bild der Untergrundsoldaten verbreitet und ihre patriotische Einstellung verschwiegen. Die Erinnerung an die Mitglieder des antikommunistischen Untergrunds der Jahre 1944 bis 1956 erfuhr 2011 die lang erwartete Etablierung des Nationalen Gedenktages an die Verfemten Soldaten. Er wird am 1. M\u00e4rz begangen, dem Jahrestag der Vollstreckung des Todesurteils gegen die letzten Anf\u00fchrer der Vereinigung \"Freiheit und Unabh\u00e4ngigkeit\".R.: und B.: Konrad \u0141\u0119cki, K.: Karol \u0141akomiec, A.: Joanna Biskup-Brykczy\u0144ska, K.: Anna und Konrad \u0141\u0119cki, M.: Szymnon Szewczyk, P.: Fundacja Mi\u0119dzy S\u0142owami, D.: Wojciech Niemczyk, Marcin Kwa\u015bny, Robert Wrzosek, Hanna \u015awi\u0119tnicka.In der Kooperation mit dem Polnischen Institut Wien."},{"@type":"ImageObject","inLanguage":"pl-PL","@id":"https:\/\/instytutpolski.pl\/duesseldorf\/2018\/03\/13\/wyklety-der-verfemte-von-konrad-lecki\/#primaryimage","url":"https:\/\/instytutpolski.pl\/duesseldorf\/wp-content\/uploads\/sites\/5\/2020\/08\/1-Wykl\u0119ty-re\u017c.-Konrad-\u0141\u0119cki-fot.-Wojciech-Marczak_34-1.jpg","contentUrl":"https:\/\/instytutpolski.pl\/duesseldorf\/wp-content\/uploads\/sites\/5\/2020\/08\/1-Wykl\u0119ty-re\u017c.-Konrad-\u0141\u0119cki-fot.-Wojciech-Marczak_34-1.jpg","width":1876,"height":1239},{"@type":"BreadcrumbList","@id":"https:\/\/instytutpolski.pl\/duesseldorf\/2018\/03\/13\/wyklety-der-verfemte-von-konrad-lecki\/#breadcrumb","itemListElement":[{"@type":"ListItem","position":1,"name":"Home","item":"https:\/\/instytutpolski.pl\/duesseldorf\/"},{"@type":"ListItem","position":2,"name":"Wykl\u0119ty\/ Der Verfemte von Konrad \u0141\u0119cki"}]},{"@type":"WebSite","@id":"https:\/\/instytutpolski.pl\/duesseldorf\/#website","url":"https:\/\/instytutpolski.pl\/duesseldorf\/","name":"Instytut Polski w Dusseldorfie","description":"Instytuty Polskie","potentialAction":[{"@type":"SearchAction","target":{"@type":"EntryPoint","urlTemplate":"https:\/\/instytutpolski.pl\/duesseldorf\/?s={search_term_string}"},"query-input":{"@type":"PropertyValueSpecification","valueRequired":true,"valueName":"search_term_string"}}],"inLanguage":"pl-PL"},{"@type":"Person","@id":"https:\/\/instytutpolski.pl\/duesseldorf\/#\/schema\/person\/6b4b76776c5d49a1eb862046e311998e","name":"kolinskia","image":{"@type":"ImageObject","inLanguage":"pl-PL","@id":"https:\/\/instytutpolski.pl\/duesseldorf\/#\/schema\/person\/image\/","url":"https:\/\/secure.gravatar.com\/avatar\/9bb79075402c1d25f1e9e4e8260c2d13?s=96&d=mm&r=g","contentUrl":"https:\/\/secure.gravatar.com\/avatar\/9bb79075402c1d25f1e9e4e8260c2d13?s=96&d=mm&r=g","caption":"kolinskia"},"url":"https:\/\/instytutpolski.pl\/duesseldorf\/author\/kolinskia\/"}]}},"_links":{"self":[{"href":"https:\/\/instytutpolski.pl\/duesseldorf\/wp-json\/wp\/v2\/posts\/2891","targetHints":{"allow":["GET"]}}],"collection":[{"href":"https:\/\/instytutpolski.pl\/duesseldorf\/wp-json\/wp\/v2\/posts"}],"about":[{"href":"https:\/\/instytutpolski.pl\/duesseldorf\/wp-json\/wp\/v2\/types\/post"}],"author":[{"embeddable":true,"href":"https:\/\/instytutpolski.pl\/duesseldorf\/wp-json\/wp\/v2\/users\/103"}],"replies":[{"embeddable":true,"href":"https:\/\/instytutpolski.pl\/duesseldorf\/wp-json\/wp\/v2\/comments?post=2891"}],"version-history":[{"count":1,"href":"https:\/\/instytutpolski.pl\/duesseldorf\/wp-json\/wp\/v2\/posts\/2891\/revisions"}],"predecessor-version":[{"id":2896,"href":"https:\/\/instytutpolski.pl\/duesseldorf\/wp-json\/wp\/v2\/posts\/2891\/revisions\/2896"}],"wp:featuredmedia":[{"embeddable":true,"href":"https:\/\/instytutpolski.pl\/duesseldorf\/wp-json\/wp\/v2\/media\/2893"}],"wp:attachment":[{"href":"https:\/\/instytutpolski.pl\/duesseldorf\/wp-json\/wp\/v2\/media?parent=2891"}],"wp:term":[{"taxonomy":"category","embeddable":true,"href":"https:\/\/instytutpolski.pl\/duesseldorf\/wp-json\/wp\/v2\/categories?post=2891"},{"taxonomy":"post_tag","embeddable":true,"href":"https:\/\/instytutpolski.pl\/duesseldorf\/wp-json\/wp\/v2\/tags?post=2891"}],"curies":[{"name":"wp","href":"https:\/\/api.w.org\/{rel}","templated":true}]}}