{"id":3988,"date":"2021-04-15T12:12:00","date_gmt":"2021-04-15T10:12:00","guid":{"rendered":"https:\/\/instytutpolski.pl\/duesseldorf\/?p=3988"},"modified":"2021-04-07T12:52:21","modified_gmt":"2021-04-07T10:52:21","slug":"wybitne-polki-wislawa-szymborska","status":"publish","type":"post","link":"https:\/\/instytutpolski.pl\/duesseldorf\/pl\/2021\/04\/15\/wybitne-polki-wislawa-szymborska\/","title":{"rendered":"Wybitne Polki: Wis\u0142awa Szymborska"},"content":{"rendered":"\n<p>Jej tw\u00f3rczo\u015b\u0107 emanowa\u0142a m\u0105dro\u015bci\u0105, b\u0142yskotliwo\u015bci\u0105 i humorem. Unika\u0142a patosu i wielkich s\u0142\u00f3w. W swojej poezji najbardziej ceni\u0142a podnoszenie wydarze\u0144 zwyk\u0142ych do rangi wydarze\u0144 wyj\u0105tkowych. Nie znosi\u0142a za to patosu.<\/p>\n<p>&#8222;Zawsze, kiedy pisz\u0119, mam uczucie, jakby kto\u015b za mn\u0105 sta\u0142 i stroi\u0142 b\u0142aze\u0144skie miny. Dlatego bardzo si\u0119 pilnuj\u0119 i unikam, jak mog\u0119, wielkich s\u0142\u00f3w&#8221;, m\u00f3wi\u0142a.<\/p>\n<p>Poczucie humoru towarzyszy\u0142o jej nie tylko w poezji, ale i w \u017cyciu codziennym. Przejawia\u0142o si\u0119 m.in. w zami\u0142owaniu do kola\u017cy, kt\u00f3re tworzy\u0142a z wycink\u00f3w z gazet, tekst\u00f3w i zdj\u0119\u0107, komponowa\u0142a pod konkretnego adresata.<\/p>\n<p>By\u0142a poetk\u0105, ale tak\u017ce krytyczk\u0105 literack\u0105, eseistk\u0105 i t\u0142umaczk\u0105 francuskiej poezji barokowej.<\/p>\n<p>Mowa o Wis\u0142awie Szymborskiej, pierwszej Polce i dziewi\u0105tej kobiecie na \u015bwiecie, kt\u00f3rej przyznano #NagrodaNobla w dziedzinie literatury.<\/p>\n<p>Dowiedz si\u0119 wi\u0119cej:\u00a0<a href=\"https:\/\/issuu.com\/msz.gov.pl\/docs\/3_wislawa_szymborska_pl_en\">https:\/\/issuu.com\/msz.gov.pl\/docs\/3_wislawa_szymborska_pl_en<\/a><\/p>\n<p>#OutstandingPLWomen&#x1f1f5;&#x1f1f1; #Poles4theWorld<\/p>\n","protected":false},"excerpt":{"rendered":"<p>Jej tw\u00f3rczo\u015b\u0107 emanowa\u0142a m\u0105dro\u015bci\u0105, b\u0142yskotliwo\u015bci\u0105 i humorem. Unika\u0142a patosu i wielkich s\u0142\u00f3w. W swojej poezji najbardziej ceni\u0142a podnoszenie wydarze\u0144 zwyk\u0142ych do rangi wydarze\u0144 wyj\u0105tkowych. Nie znosi\u0142a za to patosu. &#8222;Zawsze, kiedy pisz\u0119, mam uczucie, jakby kto\u015b za mn\u0105 sta\u0142 i stroi\u0142 b\u0142aze\u0144skie miny. Dlatego bardzo si\u0119 pilnuj\u0119 i unikam, jak mog\u0119, wielkich s\u0142\u00f3w&#8221;, m\u00f3wi\u0142a. Poczucie [&hellip;]<\/p>\n","protected":false},"author":103,"featured_media":4315,"comment_status":"open","ping_status":"open","sticky":false,"template":"","format":"standard","meta":{"inline_featured_image":false,"_monsterinsights_skip_tracking":false,"_monsterinsights_sitenote_active":false,"_monsterinsights_sitenote_note":"","_monsterinsights_sitenote_category":0,"footnotes":""},"categories":[185],"tags":[],"class_list":["post-3988","post","type-post","status-publish","format-standard","has-post-thumbnail","hentry","category-aktualnosc"],"yoast_head":"<!-- This site is optimized with the Yoast SEO plugin v24.6 - https:\/\/yoast.com\/wordpress\/plugins\/seo\/ -->\n<title>Wybitne Polki: Wis\u0142awa Szymborska - Instytut Polski w Dusseldorfie<\/title>\n<meta name=\"robots\" content=\"index, follow, max-snippet:-1, max-image-preview:large, max-video-preview:-1\" \/>\n<link rel=\"canonical\" href=\"https:\/\/instytutpolski.pl\/duesseldorf\/pl\/2021\/04\/15\/wybitne-polki-wislawa-szymborska\/\" \/>\n<meta property=\"og:locale\" content=\"pl_PL\" \/>\n<meta property=\"og:type\" content=\"article\" \/>\n<meta property=\"og:title\" content=\"Wybitne Polki: Wis\u0142awa Szymborska - Instytut Polski w Dusseldorfie\" \/>\n<meta property=\"og:description\" content=\"Jej tw\u00f3rczo\u015b\u0107 emanowa\u0142a m\u0105dro\u015bci\u0105, b\u0142yskotliwo\u015bci\u0105 i humorem. Unika\u0142a patosu i wielkich s\u0142\u00f3w. W swojej poezji najbardziej ceni\u0142a podnoszenie wydarze\u0144 zwyk\u0142ych do rangi wydarze\u0144 wyj\u0105tkowych. Nie znosi\u0142a za to patosu. &#8222;Zawsze, kiedy pisz\u0119, mam uczucie, jakby kto\u015b za mn\u0105 sta\u0142 i stroi\u0142 b\u0142aze\u0144skie miny. Dlatego bardzo si\u0119 pilnuj\u0119 i unikam, jak mog\u0119, wielkich s\u0142\u00f3w&#8221;, m\u00f3wi\u0142a. Poczucie [&hellip;]\" \/>\n<meta property=\"og:url\" content=\"https:\/\/instytutpolski.pl\/duesseldorf\/pl\/2021\/04\/15\/wybitne-polki-wislawa-szymborska\/\" \/>\n<meta property=\"og:site_name\" content=\"Instytut Polski w Dusseldorfie\" \/>\n<meta property=\"article:published_time\" content=\"2021-04-15T10:12:00+00:00\" \/>\n<meta property=\"og:image\" content=\"https:\/\/instytutpolski.pl\/duesseldorf\/wp-content\/uploads\/sites\/5\/2021\/04\/Rutkiewicz-Wanda-2.jpg\" \/>\n\t<meta property=\"og:image:width\" content=\"1550\" \/>\n\t<meta property=\"og:image:height\" content=\"1448\" \/>\n\t<meta property=\"og:image:type\" content=\"image\/jpeg\" \/>\n<meta name=\"author\" content=\"kolinskia\" \/>\n<meta name=\"twitter:card\" content=\"summary_large_image\" \/>\n<meta name=\"twitter:label1\" content=\"Napisane przez\" \/>\n\t<meta name=\"twitter:data1\" content=\"kolinskia\" \/>\n\t<meta name=\"twitter:label2\" content=\"Szacowany czas czytania\" \/>\n\t<meta name=\"twitter:data2\" content=\"1 minuta\" \/>\n<script type=\"application\/ld+json\" class=\"yoast-schema-graph\">{\"@context\":\"https:\/\/schema.org\",\"@graph\":[{\"@type\":\"event\",\"@id\":\"https:\/\/instytutpolski.pl\/duesseldorf\/pl\/2021\/04\/15\/wybitne-polki-wislawa-szymborska\/\",\"url\":\"https:\/\/instytutpolski.pl\/duesseldorf\/pl\/2021\/04\/15\/wybitne-polki-wislawa-szymborska\/\",\"name\":\"Wybitne Polki: Wis\u0142awa Szymborska\",\"isPartOf\":{\"@id\":\"https:\/\/instytutpolski.pl\/duesseldorf\/#website\"},\"primaryImageOfPage\":{\"@id\":\"https:\/\/instytutpolski.pl\/duesseldorf\/pl\/2021\/04\/15\/wybitne-polki-wislawa-szymborska\/#primaryimage\"},\"image\":[\"https:\/\/instytutpolski.pl\/duesseldorf\/wp-content\/uploads\/sites\/5\/2021\/04\/Rutkiewicz-Wanda-2.jpg\",\"https:\/\/instytutpolski.pl\/duesseldorf\/wp-content\/uploads\/sites\/5\/2021\/04\/Rutkiewicz-Wanda-2-300x280.jpg\",\"https:\/\/instytutpolski.pl\/duesseldorf\/wp-content\/uploads\/sites\/5\/2021\/04\/Rutkiewicz-Wanda-2-1024x957.jpg\",\"https:\/\/instytutpolski.pl\/duesseldorf\/wp-content\/uploads\/sites\/5\/2021\/04\/Rutkiewicz-Wanda-2.jpg\"],\"thumbnailUrl\":\"https:\/\/instytutpolski.pl\/duesseldorf\/wp-content\/uploads\/sites\/5\/2021\/04\/Rutkiewicz-Wanda-2.jpg\",\"datePublished\":\"2021-04-15T10:12:00+02:00\",\"author\":{\"@id\":\"https:\/\/instytutpolski.pl\/duesseldorf\/#\/schema\/person\/6b4b76776c5d49a1eb862046e311998e\"},\"breadcrumb\":{\"@id\":\"https:\/\/instytutpolski.pl\/duesseldorf\/pl\/2021\/04\/15\/wybitne-polki-wislawa-szymborska\/#breadcrumb\"},\"inLanguage\":\"pl-PL\",\"potentialAction\":[{\"@type\":\"ReadAction\",\"target\":[\"https:\/\/instytutpolski.pl\/duesseldorf\/pl\/2021\/04\/15\/wybitne-polki-wislawa-szymborska\/\"]}],\"@context\":\"https:\/\/schema.org\",\"dateModified\":\"2021-04-07T10:52:21+02:00\",\"startDate\":\"2021-04-07\",\"endDate\":\"2021-04-07\",\"eventStatus\":\"EventScheduled\",\"eventAttendanceMode\":\"OnlineEventAttendanceMode\",\"location\":{\"@type\":\"VirtualLocation\",\"url\":\"\"},\"description\":\"Jej tw\u00f3rczo\u015b\u0107 emanowa\u0142a m\u0105dro\u015bci\u0105, b\u0142yskotliwo\u015bci\u0105 i humorem. Unika\u0142a patosu i wielkich s\u0142\u00f3w. W swojej poezji najbardziej ceni\u0142a podnoszenie wydarze\u0144 zwyk\u0142ych do rangi wydarze\u0144 wyj\u0105tkowych. Nie znosi\u0142a za to patosu.\\n\\\"Zawsze, kiedy pisz\u0119, mam uczucie, jakby kto\u015b za mn\u0105 sta\u0142 i stroi\u0142 b\u0142aze\u0144skie miny. Dlatego bardzo si\u0119 pilnuj\u0119 i unikam, jak mog\u0119, wielkich s\u0142\u00f3w\\\", m\u00f3wi\u0142a.\\nPoczucie humoru towarzyszy\u0142o jej nie tylko w poezji, ale i w \u017cyciu codziennym. Przejawia\u0142o si\u0119 m.in. w zami\u0142owaniu do kola\u017cy, kt\u00f3re tworzy\u0142a z wycink\u00f3w z gazet, tekst\u00f3w i zdj\u0119\u0107, komponowa\u0142a pod konkretnego adresata.\\nBy\u0142a poetk\u0105, ale tak\u017ce krytyczk\u0105 literack\u0105, eseistk\u0105 i t\u0142umaczk\u0105 francuskiej poezji barokowej.\\nMowa o Wis\u0142awie Szymborskiej, pierwszej Polce i dziewi\u0105tej kobiecie na \u015bwiecie, kt\u00f3rej przyznano #NagrodaNobla w dziedzinie literatury.\\nDowiedz si\u0119 wi\u0119cej:\u00a0https:\/\/issuu.com\/msz.gov.pl\/docs\/3_wislawa_szymborska_pl_en\\n#OutstandingPLWomen&#x1f1f5;&#x1f1f1; #Poles4theWorld\"},{\"@type\":\"ImageObject\",\"inLanguage\":\"pl-PL\",\"@id\":\"https:\/\/instytutpolski.pl\/duesseldorf\/pl\/2021\/04\/15\/wybitne-polki-wislawa-szymborska\/#primaryimage\",\"url\":\"https:\/\/instytutpolski.pl\/duesseldorf\/wp-content\/uploads\/sites\/5\/2021\/04\/Rutkiewicz-Wanda-2.jpg\",\"contentUrl\":\"https:\/\/instytutpolski.pl\/duesseldorf\/wp-content\/uploads\/sites\/5\/2021\/04\/Rutkiewicz-Wanda-2.jpg\",\"width\":1550,\"height\":1448,\"caption\":\"polnische Frauen, Polinnen, Frauen aus Polen, herausragende polnische Frauen, ber\u00fchmte Polinnen, polnische Schriftstellerinnen, polnische Dichterinnen, Polki, wybitne Polki, polskie kobiety, kobietyz Polski, polskie pisarki, s\u0142awne Polki, polskie poetki, Anna Walentynowicz, Krystyna Chojnowska-Liskiewicz, Wis\u0142awa Szymborska, Maria Sk\u0142odowska-Curie, Olga Bozna\u0144ska, Olga Tokarczuk, Wanda Rutkiewicz, Irena Sendler\"},{\"@type\":\"BreadcrumbList\",\"@id\":\"https:\/\/instytutpolski.pl\/duesseldorf\/pl\/2021\/04\/15\/wybitne-polki-wislawa-szymborska\/#breadcrumb\",\"itemListElement\":[{\"@type\":\"ListItem\",\"position\":1,\"name\":\"Home\",\"item\":\"https:\/\/instytutpolski.pl\/duesseldorf\/\"},{\"@type\":\"ListItem\",\"position\":2,\"name\":\"Wybitne Polki: Wis\u0142awa Szymborska\"}]},{\"@type\":\"WebSite\",\"@id\":\"https:\/\/instytutpolski.pl\/duesseldorf\/#website\",\"url\":\"https:\/\/instytutpolski.pl\/duesseldorf\/\",\"name\":\"Instytut Polski w Dusseldorfie\",\"description\":\"Instytuty Polskie\",\"potentialAction\":[{\"@type\":\"SearchAction\",\"target\":{\"@type\":\"EntryPoint\",\"urlTemplate\":\"https:\/\/instytutpolski.pl\/duesseldorf\/?s={search_term_string}\"},\"query-input\":{\"@type\":\"PropertyValueSpecification\",\"valueRequired\":true,\"valueName\":\"search_term_string\"}}],\"inLanguage\":\"pl-PL\"},{\"@type\":\"Person\",\"@id\":\"https:\/\/instytutpolski.pl\/duesseldorf\/#\/schema\/person\/6b4b76776c5d49a1eb862046e311998e\",\"name\":\"kolinskia\",\"image\":{\"@type\":\"ImageObject\",\"inLanguage\":\"pl-PL\",\"@id\":\"https:\/\/instytutpolski.pl\/duesseldorf\/#\/schema\/person\/image\/\",\"url\":\"https:\/\/secure.gravatar.com\/avatar\/9bb79075402c1d25f1e9e4e8260c2d13?s=96&d=mm&r=g\",\"contentUrl\":\"https:\/\/secure.gravatar.com\/avatar\/9bb79075402c1d25f1e9e4e8260c2d13?s=96&d=mm&r=g\",\"caption\":\"kolinskia\"},\"url\":\"https:\/\/instytutpolski.pl\/duesseldorf\/author\/kolinskia\/\"}]}<\/script>\n<!-- \/ Yoast SEO plugin. -->","yoast_head_json":{"title":"Wybitne Polki: Wis\u0142awa Szymborska - Instytut Polski w Dusseldorfie","robots":{"index":"index","follow":"follow","max-snippet":"max-snippet:-1","max-image-preview":"max-image-preview:large","max-video-preview":"max-video-preview:-1"},"canonical":"https:\/\/instytutpolski.pl\/duesseldorf\/pl\/2021\/04\/15\/wybitne-polki-wislawa-szymborska\/","og_locale":"pl_PL","og_type":"article","og_title":"Wybitne Polki: Wis\u0142awa Szymborska - Instytut Polski w Dusseldorfie","og_description":"Jej tw\u00f3rczo\u015b\u0107 emanowa\u0142a m\u0105dro\u015bci\u0105, b\u0142yskotliwo\u015bci\u0105 i humorem. Unika\u0142a patosu i wielkich s\u0142\u00f3w. W swojej poezji najbardziej ceni\u0142a podnoszenie wydarze\u0144 zwyk\u0142ych do rangi wydarze\u0144 wyj\u0105tkowych. Nie znosi\u0142a za to patosu. &#8222;Zawsze, kiedy pisz\u0119, mam uczucie, jakby kto\u015b za mn\u0105 sta\u0142 i stroi\u0142 b\u0142aze\u0144skie miny. Dlatego bardzo si\u0119 pilnuj\u0119 i unikam, jak mog\u0119, wielkich s\u0142\u00f3w&#8221;, m\u00f3wi\u0142a. Poczucie [&hellip;]","og_url":"https:\/\/instytutpolski.pl\/duesseldorf\/pl\/2021\/04\/15\/wybitne-polki-wislawa-szymborska\/","og_site_name":"Instytut Polski w Dusseldorfie","article_published_time":"2021-04-15T10:12:00+00:00","og_image":[{"width":1550,"height":1448,"url":"https:\/\/instytutpolski.pl\/duesseldorf\/wp-content\/uploads\/sites\/5\/2021\/04\/Rutkiewicz-Wanda-2.jpg","type":"image\/jpeg"}],"author":"kolinskia","twitter_card":"summary_large_image","twitter_misc":{"Napisane przez":"kolinskia","Szacowany czas czytania":"1 minuta"},"schema":{"@context":"https:\/\/schema.org","@graph":[{"@type":"event","@id":"https:\/\/instytutpolski.pl\/duesseldorf\/pl\/2021\/04\/15\/wybitne-polki-wislawa-szymborska\/","url":"https:\/\/instytutpolski.pl\/duesseldorf\/pl\/2021\/04\/15\/wybitne-polki-wislawa-szymborska\/","name":"Wybitne Polki: Wis\u0142awa Szymborska","isPartOf":{"@id":"https:\/\/instytutpolski.pl\/duesseldorf\/#website"},"primaryImageOfPage":{"@id":"https:\/\/instytutpolski.pl\/duesseldorf\/pl\/2021\/04\/15\/wybitne-polki-wislawa-szymborska\/#primaryimage"},"image":["https:\/\/instytutpolski.pl\/duesseldorf\/wp-content\/uploads\/sites\/5\/2021\/04\/Rutkiewicz-Wanda-2.jpg","https:\/\/instytutpolski.pl\/duesseldorf\/wp-content\/uploads\/sites\/5\/2021\/04\/Rutkiewicz-Wanda-2-300x280.jpg","https:\/\/instytutpolski.pl\/duesseldorf\/wp-content\/uploads\/sites\/5\/2021\/04\/Rutkiewicz-Wanda-2-1024x957.jpg","https:\/\/instytutpolski.pl\/duesseldorf\/wp-content\/uploads\/sites\/5\/2021\/04\/Rutkiewicz-Wanda-2.jpg"],"thumbnailUrl":"https:\/\/instytutpolski.pl\/duesseldorf\/wp-content\/uploads\/sites\/5\/2021\/04\/Rutkiewicz-Wanda-2.jpg","datePublished":"2021-04-15T10:12:00+02:00","author":{"@id":"https:\/\/instytutpolski.pl\/duesseldorf\/#\/schema\/person\/6b4b76776c5d49a1eb862046e311998e"},"breadcrumb":{"@id":"https:\/\/instytutpolski.pl\/duesseldorf\/pl\/2021\/04\/15\/wybitne-polki-wislawa-szymborska\/#breadcrumb"},"inLanguage":"pl-PL","potentialAction":[{"@type":"ReadAction","target":["https:\/\/instytutpolski.pl\/duesseldorf\/pl\/2021\/04\/15\/wybitne-polki-wislawa-szymborska\/"]}],"@context":"https:\/\/schema.org","dateModified":"2021-04-07T10:52:21+02:00","startDate":"2021-04-07","endDate":"2021-04-07","eventStatus":"EventScheduled","eventAttendanceMode":"OnlineEventAttendanceMode","location":{"@type":"VirtualLocation","url":""},"description":"Jej tw\u00f3rczo\u015b\u0107 emanowa\u0142a m\u0105dro\u015bci\u0105, b\u0142yskotliwo\u015bci\u0105 i humorem. Unika\u0142a patosu i wielkich s\u0142\u00f3w. W swojej poezji najbardziej ceni\u0142a podnoszenie wydarze\u0144 zwyk\u0142ych do rangi wydarze\u0144 wyj\u0105tkowych. Nie znosi\u0142a za to patosu.\n\"Zawsze, kiedy pisz\u0119, mam uczucie, jakby kto\u015b za mn\u0105 sta\u0142 i stroi\u0142 b\u0142aze\u0144skie miny. Dlatego bardzo si\u0119 pilnuj\u0119 i unikam, jak mog\u0119, wielkich s\u0142\u00f3w\", m\u00f3wi\u0142a.\nPoczucie humoru towarzyszy\u0142o jej nie tylko w poezji, ale i w \u017cyciu codziennym. Przejawia\u0142o si\u0119 m.in. w zami\u0142owaniu do kola\u017cy, kt\u00f3re tworzy\u0142a z wycink\u00f3w z gazet, tekst\u00f3w i zdj\u0119\u0107, komponowa\u0142a pod konkretnego adresata.\nBy\u0142a poetk\u0105, ale tak\u017ce krytyczk\u0105 literack\u0105, eseistk\u0105 i t\u0142umaczk\u0105 francuskiej poezji barokowej.\nMowa o Wis\u0142awie Szymborskiej, pierwszej Polce i dziewi\u0105tej kobiecie na \u015bwiecie, kt\u00f3rej przyznano #NagrodaNobla w dziedzinie literatury.\nDowiedz si\u0119 wi\u0119cej:\u00a0https:\/\/issuu.com\/msz.gov.pl\/docs\/3_wislawa_szymborska_pl_en\n#OutstandingPLWomen&#x1f1f5;&#x1f1f1; #Poles4theWorld"},{"@type":"ImageObject","inLanguage":"pl-PL","@id":"https:\/\/instytutpolski.pl\/duesseldorf\/pl\/2021\/04\/15\/wybitne-polki-wislawa-szymborska\/#primaryimage","url":"https:\/\/instytutpolski.pl\/duesseldorf\/wp-content\/uploads\/sites\/5\/2021\/04\/Rutkiewicz-Wanda-2.jpg","contentUrl":"https:\/\/instytutpolski.pl\/duesseldorf\/wp-content\/uploads\/sites\/5\/2021\/04\/Rutkiewicz-Wanda-2.jpg","width":1550,"height":1448,"caption":"polnische Frauen, Polinnen, Frauen aus Polen, herausragende polnische Frauen, ber\u00fchmte Polinnen, polnische Schriftstellerinnen, polnische Dichterinnen, Polki, wybitne Polki, polskie kobiety, kobietyz Polski, polskie pisarki, s\u0142awne Polki, polskie poetki, Anna Walentynowicz, Krystyna Chojnowska-Liskiewicz, Wis\u0142awa Szymborska, Maria Sk\u0142odowska-Curie, Olga Bozna\u0144ska, Olga Tokarczuk, Wanda Rutkiewicz, Irena Sendler"},{"@type":"BreadcrumbList","@id":"https:\/\/instytutpolski.pl\/duesseldorf\/pl\/2021\/04\/15\/wybitne-polki-wislawa-szymborska\/#breadcrumb","itemListElement":[{"@type":"ListItem","position":1,"name":"Home","item":"https:\/\/instytutpolski.pl\/duesseldorf\/"},{"@type":"ListItem","position":2,"name":"Wybitne Polki: Wis\u0142awa Szymborska"}]},{"@type":"WebSite","@id":"https:\/\/instytutpolski.pl\/duesseldorf\/#website","url":"https:\/\/instytutpolski.pl\/duesseldorf\/","name":"Instytut Polski w Dusseldorfie","description":"Instytuty Polskie","potentialAction":[{"@type":"SearchAction","target":{"@type":"EntryPoint","urlTemplate":"https:\/\/instytutpolski.pl\/duesseldorf\/?s={search_term_string}"},"query-input":{"@type":"PropertyValueSpecification","valueRequired":true,"valueName":"search_term_string"}}],"inLanguage":"pl-PL"},{"@type":"Person","@id":"https:\/\/instytutpolski.pl\/duesseldorf\/#\/schema\/person\/6b4b76776c5d49a1eb862046e311998e","name":"kolinskia","image":{"@type":"ImageObject","inLanguage":"pl-PL","@id":"https:\/\/instytutpolski.pl\/duesseldorf\/#\/schema\/person\/image\/","url":"https:\/\/secure.gravatar.com\/avatar\/9bb79075402c1d25f1e9e4e8260c2d13?s=96&d=mm&r=g","contentUrl":"https:\/\/secure.gravatar.com\/avatar\/9bb79075402c1d25f1e9e4e8260c2d13?s=96&d=mm&r=g","caption":"kolinskia"},"url":"https:\/\/instytutpolski.pl\/duesseldorf\/author\/kolinskia\/"}]}},"_links":{"self":[{"href":"https:\/\/instytutpolski.pl\/duesseldorf\/wp-json\/wp\/v2\/posts\/3988","targetHints":{"allow":["GET"]}}],"collection":[{"href":"https:\/\/instytutpolski.pl\/duesseldorf\/wp-json\/wp\/v2\/posts"}],"about":[{"href":"https:\/\/instytutpolski.pl\/duesseldorf\/wp-json\/wp\/v2\/types\/post"}],"author":[{"embeddable":true,"href":"https:\/\/instytutpolski.pl\/duesseldorf\/wp-json\/wp\/v2\/users\/103"}],"replies":[{"embeddable":true,"href":"https:\/\/instytutpolski.pl\/duesseldorf\/wp-json\/wp\/v2\/comments?post=3988"}],"version-history":[{"count":1,"href":"https:\/\/instytutpolski.pl\/duesseldorf\/wp-json\/wp\/v2\/posts\/3988\/revisions"}],"predecessor-version":[{"id":3989,"href":"https:\/\/instytutpolski.pl\/duesseldorf\/wp-json\/wp\/v2\/posts\/3988\/revisions\/3989"}],"wp:featuredmedia":[{"embeddable":true,"href":"https:\/\/instytutpolski.pl\/duesseldorf\/wp-json\/wp\/v2\/media\/4315"}],"wp:attachment":[{"href":"https:\/\/instytutpolski.pl\/duesseldorf\/wp-json\/wp\/v2\/media?parent=3988"}],"wp:term":[{"taxonomy":"category","embeddable":true,"href":"https:\/\/instytutpolski.pl\/duesseldorf\/wp-json\/wp\/v2\/categories?post=3988"},{"taxonomy":"post_tag","embeddable":true,"href":"https:\/\/instytutpolski.pl\/duesseldorf\/wp-json\/wp\/v2\/tags?post=3988"}],"curies":[{"name":"wp","href":"https:\/\/api.w.org\/{rel}","templated":true}]}}