{"id":4592,"date":"2014-05-01T12:58:00","date_gmt":"2014-05-01T10:58:00","guid":{"rendered":"https:\/\/instytutpolski.pl\/duesseldorf\/?p=4592"},"modified":"2021-06-07T13:02:06","modified_gmt":"2021-06-07T11:02:06","slug":"60-kurzfilmtage-oberhausen-wojciech-bakowski","status":"publish","type":"post","link":"https:\/\/instytutpolski.pl\/duesseldorf\/2014\/05\/01\/60-kurzfilmtage-oberhausen-wojciech-bakowski\/","title":{"rendered":"60. Kurzfilmtage Oberhausen &#8211; Wojciech Bakowski"},"content":{"rendered":"\n<h3 class=\"h3_title\">\u00a0<\/h3>\n<div class=\"edytor programm\">\n<p class=\"news-info\"><strong>Do 01.05.2014 &#8211; Di 06.05.2014 <\/strong>Oberhausen www.kurzfilmtage.de<\/p>\n<strong>PROFIL Wojciech B\u0105kowski und Filmoteka des Warschauer Museums f\u00fcr Moderne Kunst bei den Internationalen Kurzfilmtagen Oberhausen<br \/><br \/>Profil Wojciech B\u0105kowski<\/strong><br \/>Wojciech B\u0105kowski \u2014 Filmemacher, K\u00fcnstler, Dichter und Musiker \u2014 geh\u00f6rt zu den bedeutendsten K\u00fcnstlern der j\u00fcngeren Generation in Polen. Seine unspektakul\u00e4ren und unterk\u00fchlten Arbeiten hinterfragen unsere Wahrnehmung und unser Verst\u00e4ndnis der Umgebung und unserer Beziehungen. Zu seinen bekanntesten Werken geh\u00f6rt der Zyklus \u201eFilmy m\u00f3wione\u201c (\u201eGesprochene Filme\u201c), in denen direkt auf den Filmstreifen gemalte Bilder mit Gedankenfetzen, Redensarten hinterlegt sind \u2014 einem Strom von Gedanken und Visionen, vom K\u00fcnstler selbst gesprochen. Das Profi gibt einen \u00dcberblick \u00fcber B\u0105kowskis Gesamtwerk und zeigt einige seiner neuesten Arbeiten.<br \/>SA 3.05.2014, 17 Uhr, Lichtburg Filmpalast, Els\u00e4sser Str. 26, Oberhausen<br \/><br \/><strong>Wojciech B\u0105kowskis Auftritt\u00a0<\/strong>als Musiker in der Festival Bar<br \/>FR, 2.05.2014, ab 22 Uhr, Druckluft, Am F\u00f6rderturm 27, Oberhausen<br \/><br \/><strong>Archive: Filmoteka des Warschauer Museums f\u00fcr Moderne Kunst<\/strong><br \/>Filmoteka des Warschauer Museums f\u00fcr Moderne Kunst archiviert einige der wichtigsten Bewegbild-Arbeiten polnischer K\u00fcnstler des 20. und 21. Jahrhunderts, darunter Filme, Videokunst, Performances und dokumentarisches Material \u00fcber Kunst. Zweck des Archivs ist die Verbreitung und Digitalisierung des polnischen Experimentalfilms. Die meisten Arbeiten \u2014 mehr als 500 \u2014 k\u00f6nnen online auf der Website der Filmoteka gesichtet werden, darunter Arbeiten von Pawe\u0142 Althamer, Katarzyna Kozyra, J\u00f3zef Robakowski, Artur \u017bmijewski und vielen anderen. In Oberhausen werden restaurierte Arbeiten polnischer K\u00fcnstler aus den 1970er Jahren sowie Fundst\u00fccke aus den privaten Videoarchiven von K\u00fcnstlern aus den folgenden zwei Dekaden gezeigt.<br \/>MO 5.05.2014, 14.30 Uhr, Lichtburg Filmpalast, Els\u00e4sser Str. 26, Oberhausen<br \/><br \/><a href=\"http:\/\/www.kurzfilmtage.de\/\">www.kurzfilmtage.de<\/a><\/div>\n","protected":false},"excerpt":{"rendered":"<p>\u00a0 Do 01.05.2014 &#8211; Di 06.05.2014 Oberhausen www.kurzfilmtage.de PROFIL Wojciech B\u0105kowski und Filmoteka des Warschauer Museums f\u00fcr Moderne Kunst bei den Internationalen Kurzfilmtagen Oberhausen Profil Wojciech B\u0105kowskiWojciech B\u0105kowski \u2014 Filmemacher, K\u00fcnstler, Dichter und Musiker \u2014 geh\u00f6rt zu den bedeutendsten K\u00fcnstlern der j\u00fcngeren Generation in Polen. Seine unspektakul\u00e4ren und unterk\u00fchlten Arbeiten hinterfragen unsere Wahrnehmung und unser [&hellip;]<\/p>\n","protected":false},"author":103,"featured_media":4593,"comment_status":"open","ping_status":"open","sticky":false,"template":"","format":"standard","meta":{"inline_featured_image":false,"_monsterinsights_skip_tracking":false,"_monsterinsights_sitenote_active":false,"_monsterinsights_sitenote_note":"","_monsterinsights_sitenote_category":0,"footnotes":""},"categories":[14,103],"tags":[],"class_list":["post-4592","post","type-post","status-publish","format-standard","has-post-thumbnail","hentry","category-film","category-programm"],"yoast_head":"<!-- This site is optimized with the Yoast SEO plugin v24.6 - https:\/\/yoast.com\/wordpress\/plugins\/seo\/ -->\n<title>60. Kurzfilmtage Oberhausen - Wojciech Bakowski - Instytut Polski w Dusseldorfie<\/title>\n<meta name=\"robots\" content=\"index, follow, max-snippet:-1, max-image-preview:large, max-video-preview:-1\" \/>\n<link rel=\"canonical\" href=\"https:\/\/instytutpolski.pl\/duesseldorf\/2014\/05\/01\/60-kurzfilmtage-oberhausen-wojciech-bakowski\/\" \/>\n<meta property=\"og:locale\" content=\"pl_PL\" \/>\n<meta property=\"og:type\" content=\"article\" \/>\n<meta property=\"og:title\" content=\"60. Kurzfilmtage Oberhausen - Wojciech Bakowski - Instytut Polski w Dusseldorfie\" \/>\n<meta property=\"og:description\" content=\"\u00a0 Do 01.05.2014 &#8211; Di 06.05.2014 Oberhausen www.kurzfilmtage.de PROFIL Wojciech B\u0105kowski und Filmoteka des Warschauer Museums f\u00fcr Moderne Kunst bei den Internationalen Kurzfilmtagen Oberhausen Profil Wojciech B\u0105kowskiWojciech B\u0105kowski \u2014 Filmemacher, K\u00fcnstler, Dichter und Musiker \u2014 geh\u00f6rt zu den bedeutendsten K\u00fcnstlern der j\u00fcngeren Generation in Polen. Seine unspektakul\u00e4ren und unterk\u00fchlten Arbeiten hinterfragen unsere Wahrnehmung und unser [&hellip;]\" \/>\n<meta property=\"og:url\" content=\"https:\/\/instytutpolski.pl\/duesseldorf\/2014\/05\/01\/60-kurzfilmtage-oberhausen-wojciech-bakowski\/\" \/>\n<meta property=\"og:site_name\" content=\"Instytut Polski w Dusseldorfie\" \/>\n<meta property=\"article:published_time\" content=\"2014-05-01T10:58:00+00:00\" \/>\n<meta property=\"article:modified_time\" content=\"2021-06-07T11:02:06+00:00\" \/>\n<meta property=\"og:image\" content=\"https:\/\/instytutpolski.pl\/duesseldorf\/wp-content\/uploads\/sites\/5\/2021\/06\/Suchy-Pion-Bakowski.jpg\" \/>\n\t<meta property=\"og:image:width\" content=\"160\" \/>\n\t<meta property=\"og:image:height\" content=\"128\" \/>\n\t<meta property=\"og:image:type\" content=\"image\/jpeg\" \/>\n<meta name=\"author\" content=\"kolinskia\" \/>\n<meta name=\"twitter:card\" content=\"summary_large_image\" \/>\n<meta name=\"twitter:label1\" content=\"Napisane przez\" \/>\n\t<meta name=\"twitter:data1\" content=\"kolinskia\" \/>\n\t<meta name=\"twitter:label2\" content=\"Szacowany czas czytania\" \/>\n\t<meta name=\"twitter:data2\" content=\"1 minuta\" \/>\n<script type=\"application\/ld+json\" class=\"yoast-schema-graph\">{\"@context\":\"https:\/\/schema.org\",\"@graph\":[{\"@type\":\"event\",\"@id\":\"https:\/\/instytutpolski.pl\/duesseldorf\/2014\/05\/01\/60-kurzfilmtage-oberhausen-wojciech-bakowski\/\",\"url\":\"https:\/\/instytutpolski.pl\/duesseldorf\/2014\/05\/01\/60-kurzfilmtage-oberhausen-wojciech-bakowski\/\",\"name\":\"60. Kurzfilmtage Oberhausen - Wojciech Bakowski\",\"isPartOf\":{\"@id\":\"https:\/\/instytutpolski.pl\/duesseldorf\/#website\"},\"primaryImageOfPage\":{\"@id\":\"https:\/\/instytutpolski.pl\/duesseldorf\/2014\/05\/01\/60-kurzfilmtage-oberhausen-wojciech-bakowski\/#primaryimage\"},\"image\":[\"https:\/\/instytutpolski.pl\/duesseldorf\/wp-content\/uploads\/sites\/5\/2021\/06\/Suchy-Pion-Bakowski.jpg\",\"https:\/\/instytutpolski.pl\/duesseldorf\/wp-content\/uploads\/sites\/5\/2021\/06\/Suchy-Pion-Bakowski.jpg\",\"https:\/\/instytutpolski.pl\/duesseldorf\/wp-content\/uploads\/sites\/5\/2021\/06\/Suchy-Pion-Bakowski.jpg\",\"https:\/\/instytutpolski.pl\/duesseldorf\/wp-content\/uploads\/sites\/5\/2021\/06\/Suchy-Pion-Bakowski.jpg\"],\"thumbnailUrl\":\"https:\/\/instytutpolski.pl\/duesseldorf\/wp-content\/uploads\/sites\/5\/2021\/06\/Suchy-Pion-Bakowski.jpg\",\"datePublished\":\"2014-05-01T10:58:00+02:00\",\"dateModified\":\"2021-06-07T11:02:06+02:00\",\"author\":{\"@id\":\"https:\/\/instytutpolski.pl\/duesseldorf\/#\/schema\/person\/6b4b76776c5d49a1eb862046e311998e\"},\"breadcrumb\":{\"@id\":\"https:\/\/instytutpolski.pl\/duesseldorf\/2014\/05\/01\/60-kurzfilmtage-oberhausen-wojciech-bakowski\/#breadcrumb\"},\"inLanguage\":\"pl-PL\",\"potentialAction\":[{\"@type\":\"ReadAction\",\"target\":[\"https:\/\/instytutpolski.pl\/duesseldorf\/2014\/05\/01\/60-kurzfilmtage-oberhausen-wojciech-bakowski\/\"]}],\"@context\":\"https:\/\/schema.org\",\"startDate\":\"2014-05-01\",\"endDate\":\"2014-05-06\",\"eventStatus\":\"EventScheduled\",\"eventAttendanceMode\":\"OfflineEventAttendanceMode\",\"location\":{\"@type\":\"place\",\"name\":\"\",\"address\":\"\",\"geo\":{\"@type\":\"GeoCoordinates\",\"latitude\":\"\",\"longitude\":\"\"}},\"description\":\"\u00a0\\nDo 01.05.2014 - Di 06.05.2014 Oberhausen www.kurzfilmtage.de\\nPROFIL Wojciech B\u0105kowski und Filmoteka des Warschauer Museums f\u00fcr Moderne Kunst bei den Internationalen Kurzfilmtagen OberhausenProfil Wojciech B\u0105kowskiWojciech B\u0105kowski \u2014 Filmemacher, K\u00fcnstler, Dichter und Musiker \u2014 geh\u00f6rt zu den bedeutendsten K\u00fcnstlern der j\u00fcngeren Generation in Polen. Seine unspektakul\u00e4ren und unterk\u00fchlten Arbeiten hinterfragen unsere Wahrnehmung und unser Verst\u00e4ndnis der Umgebung und unserer Beziehungen. Zu seinen bekanntesten Werken geh\u00f6rt der Zyklus \u201eFilmy m\u00f3wione\u201c (\u201eGesprochene Filme\u201c), in denen direkt auf den Filmstreifen gemalte Bilder mit Gedankenfetzen, Redensarten hinterlegt sind \u2014 einem Strom von Gedanken und Visionen, vom K\u00fcnstler selbst gesprochen. Das Profi gibt einen \u00dcberblick \u00fcber B\u0105kowskis Gesamtwerk und zeigt einige seiner neuesten Arbeiten.SA 3.05.2014, 17 Uhr, Lichtburg Filmpalast, Els\u00e4sser Str. 26, OberhausenWojciech B\u0105kowskis Auftritt\u00a0als Musiker in der Festival BarFR, 2.05.2014, ab 22 Uhr, Druckluft, Am F\u00f6rderturm 27, OberhausenArchive: Filmoteka des Warschauer Museums f\u00fcr Moderne KunstFilmoteka des Warschauer Museums f\u00fcr Moderne Kunst archiviert einige der wichtigsten Bewegbild-Arbeiten polnischer K\u00fcnstler des 20. und 21. Jahrhunderts, darunter Filme, Videokunst, Performances und dokumentarisches Material \u00fcber Kunst. Zweck des Archivs ist die Verbreitung und Digitalisierung des polnischen Experimentalfilms. Die meisten Arbeiten \u2014 mehr als 500 \u2014 k\u00f6nnen online auf der Website der Filmoteka gesichtet werden, darunter Arbeiten von Pawe\u0142 Althamer, Katarzyna Kozyra, J\u00f3zef Robakowski, Artur \u017bmijewski und vielen anderen. In Oberhausen werden restaurierte Arbeiten polnischer K\u00fcnstler aus den 1970er Jahren sowie Fundst\u00fccke aus den privaten Videoarchiven von K\u00fcnstlern aus den folgenden zwei Dekaden gezeigt.MO 5.05.2014, 14.30 Uhr, Lichtburg Filmpalast, Els\u00e4sser Str. 26, Oberhausenwww.kurzfilmtage.de\"},{\"@type\":\"ImageObject\",\"inLanguage\":\"pl-PL\",\"@id\":\"https:\/\/instytutpolski.pl\/duesseldorf\/2014\/05\/01\/60-kurzfilmtage-oberhausen-wojciech-bakowski\/#primaryimage\",\"url\":\"https:\/\/instytutpolski.pl\/duesseldorf\/wp-content\/uploads\/sites\/5\/2021\/06\/Suchy-Pion-Bakowski.jpg\",\"contentUrl\":\"https:\/\/instytutpolski.pl\/duesseldorf\/wp-content\/uploads\/sites\/5\/2021\/06\/Suchy-Pion-Bakowski.jpg\",\"width\":160,\"height\":128},{\"@type\":\"BreadcrumbList\",\"@id\":\"https:\/\/instytutpolski.pl\/duesseldorf\/2014\/05\/01\/60-kurzfilmtage-oberhausen-wojciech-bakowski\/#breadcrumb\",\"itemListElement\":[{\"@type\":\"ListItem\",\"position\":1,\"name\":\"Home\",\"item\":\"https:\/\/instytutpolski.pl\/duesseldorf\/\"},{\"@type\":\"ListItem\",\"position\":2,\"name\":\"60. Kurzfilmtage Oberhausen &#8211; Wojciech Bakowski\"}]},{\"@type\":\"WebSite\",\"@id\":\"https:\/\/instytutpolski.pl\/duesseldorf\/#website\",\"url\":\"https:\/\/instytutpolski.pl\/duesseldorf\/\",\"name\":\"Instytut Polski w Dusseldorfie\",\"description\":\"Instytuty Polskie\",\"potentialAction\":[{\"@type\":\"SearchAction\",\"target\":{\"@type\":\"EntryPoint\",\"urlTemplate\":\"https:\/\/instytutpolski.pl\/duesseldorf\/?s={search_term_string}\"},\"query-input\":{\"@type\":\"PropertyValueSpecification\",\"valueRequired\":true,\"valueName\":\"search_term_string\"}}],\"inLanguage\":\"pl-PL\"},{\"@type\":\"Person\",\"@id\":\"https:\/\/instytutpolski.pl\/duesseldorf\/#\/schema\/person\/6b4b76776c5d49a1eb862046e311998e\",\"name\":\"kolinskia\",\"image\":{\"@type\":\"ImageObject\",\"inLanguage\":\"pl-PL\",\"@id\":\"https:\/\/instytutpolski.pl\/duesseldorf\/#\/schema\/person\/image\/\",\"url\":\"https:\/\/secure.gravatar.com\/avatar\/9bb79075402c1d25f1e9e4e8260c2d13?s=96&d=mm&r=g\",\"contentUrl\":\"https:\/\/secure.gravatar.com\/avatar\/9bb79075402c1d25f1e9e4e8260c2d13?s=96&d=mm&r=g\",\"caption\":\"kolinskia\"},\"url\":\"https:\/\/instytutpolski.pl\/duesseldorf\/author\/kolinskia\/\"}]}<\/script>\n<!-- \/ Yoast SEO plugin. -->","yoast_head_json":{"title":"60. Kurzfilmtage Oberhausen - Wojciech Bakowski - Instytut Polski w Dusseldorfie","robots":{"index":"index","follow":"follow","max-snippet":"max-snippet:-1","max-image-preview":"max-image-preview:large","max-video-preview":"max-video-preview:-1"},"canonical":"https:\/\/instytutpolski.pl\/duesseldorf\/2014\/05\/01\/60-kurzfilmtage-oberhausen-wojciech-bakowski\/","og_locale":"pl_PL","og_type":"article","og_title":"60. Kurzfilmtage Oberhausen - Wojciech Bakowski - Instytut Polski w Dusseldorfie","og_description":"\u00a0 Do 01.05.2014 &#8211; Di 06.05.2014 Oberhausen www.kurzfilmtage.de PROFIL Wojciech B\u0105kowski und Filmoteka des Warschauer Museums f\u00fcr Moderne Kunst bei den Internationalen Kurzfilmtagen Oberhausen Profil Wojciech B\u0105kowskiWojciech B\u0105kowski \u2014 Filmemacher, K\u00fcnstler, Dichter und Musiker \u2014 geh\u00f6rt zu den bedeutendsten K\u00fcnstlern der j\u00fcngeren Generation in Polen. Seine unspektakul\u00e4ren und unterk\u00fchlten Arbeiten hinterfragen unsere Wahrnehmung und unser [&hellip;]","og_url":"https:\/\/instytutpolski.pl\/duesseldorf\/2014\/05\/01\/60-kurzfilmtage-oberhausen-wojciech-bakowski\/","og_site_name":"Instytut Polski w Dusseldorfie","article_published_time":"2014-05-01T10:58:00+00:00","article_modified_time":"2021-06-07T11:02:06+00:00","og_image":[{"width":160,"height":128,"url":"https:\/\/instytutpolski.pl\/duesseldorf\/wp-content\/uploads\/sites\/5\/2021\/06\/Suchy-Pion-Bakowski.jpg","type":"image\/jpeg"}],"author":"kolinskia","twitter_card":"summary_large_image","twitter_misc":{"Napisane przez":"kolinskia","Szacowany czas czytania":"1 minuta"},"schema":{"@context":"https:\/\/schema.org","@graph":[{"@type":"event","@id":"https:\/\/instytutpolski.pl\/duesseldorf\/2014\/05\/01\/60-kurzfilmtage-oberhausen-wojciech-bakowski\/","url":"https:\/\/instytutpolski.pl\/duesseldorf\/2014\/05\/01\/60-kurzfilmtage-oberhausen-wojciech-bakowski\/","name":"60. Kurzfilmtage Oberhausen - Wojciech Bakowski","isPartOf":{"@id":"https:\/\/instytutpolski.pl\/duesseldorf\/#website"},"primaryImageOfPage":{"@id":"https:\/\/instytutpolski.pl\/duesseldorf\/2014\/05\/01\/60-kurzfilmtage-oberhausen-wojciech-bakowski\/#primaryimage"},"image":["https:\/\/instytutpolski.pl\/duesseldorf\/wp-content\/uploads\/sites\/5\/2021\/06\/Suchy-Pion-Bakowski.jpg","https:\/\/instytutpolski.pl\/duesseldorf\/wp-content\/uploads\/sites\/5\/2021\/06\/Suchy-Pion-Bakowski.jpg","https:\/\/instytutpolski.pl\/duesseldorf\/wp-content\/uploads\/sites\/5\/2021\/06\/Suchy-Pion-Bakowski.jpg","https:\/\/instytutpolski.pl\/duesseldorf\/wp-content\/uploads\/sites\/5\/2021\/06\/Suchy-Pion-Bakowski.jpg"],"thumbnailUrl":"https:\/\/instytutpolski.pl\/duesseldorf\/wp-content\/uploads\/sites\/5\/2021\/06\/Suchy-Pion-Bakowski.jpg","datePublished":"2014-05-01T10:58:00+02:00","dateModified":"2021-06-07T11:02:06+02:00","author":{"@id":"https:\/\/instytutpolski.pl\/duesseldorf\/#\/schema\/person\/6b4b76776c5d49a1eb862046e311998e"},"breadcrumb":{"@id":"https:\/\/instytutpolski.pl\/duesseldorf\/2014\/05\/01\/60-kurzfilmtage-oberhausen-wojciech-bakowski\/#breadcrumb"},"inLanguage":"pl-PL","potentialAction":[{"@type":"ReadAction","target":["https:\/\/instytutpolski.pl\/duesseldorf\/2014\/05\/01\/60-kurzfilmtage-oberhausen-wojciech-bakowski\/"]}],"@context":"https:\/\/schema.org","startDate":"2014-05-01","endDate":"2014-05-06","eventStatus":"EventScheduled","eventAttendanceMode":"OfflineEventAttendanceMode","location":{"@type":"place","name":"","address":"","geo":{"@type":"GeoCoordinates","latitude":"","longitude":""}},"description":"\u00a0\nDo 01.05.2014 - Di 06.05.2014 Oberhausen www.kurzfilmtage.de\nPROFIL Wojciech B\u0105kowski und Filmoteka des Warschauer Museums f\u00fcr Moderne Kunst bei den Internationalen Kurzfilmtagen OberhausenProfil Wojciech B\u0105kowskiWojciech B\u0105kowski \u2014 Filmemacher, K\u00fcnstler, Dichter und Musiker \u2014 geh\u00f6rt zu den bedeutendsten K\u00fcnstlern der j\u00fcngeren Generation in Polen. Seine unspektakul\u00e4ren und unterk\u00fchlten Arbeiten hinterfragen unsere Wahrnehmung und unser Verst\u00e4ndnis der Umgebung und unserer Beziehungen. Zu seinen bekanntesten Werken geh\u00f6rt der Zyklus \u201eFilmy m\u00f3wione\u201c (\u201eGesprochene Filme\u201c), in denen direkt auf den Filmstreifen gemalte Bilder mit Gedankenfetzen, Redensarten hinterlegt sind \u2014 einem Strom von Gedanken und Visionen, vom K\u00fcnstler selbst gesprochen. Das Profi gibt einen \u00dcberblick \u00fcber B\u0105kowskis Gesamtwerk und zeigt einige seiner neuesten Arbeiten.SA 3.05.2014, 17 Uhr, Lichtburg Filmpalast, Els\u00e4sser Str. 26, OberhausenWojciech B\u0105kowskis Auftritt\u00a0als Musiker in der Festival BarFR, 2.05.2014, ab 22 Uhr, Druckluft, Am F\u00f6rderturm 27, OberhausenArchive: Filmoteka des Warschauer Museums f\u00fcr Moderne KunstFilmoteka des Warschauer Museums f\u00fcr Moderne Kunst archiviert einige der wichtigsten Bewegbild-Arbeiten polnischer K\u00fcnstler des 20. und 21. Jahrhunderts, darunter Filme, Videokunst, Performances und dokumentarisches Material \u00fcber Kunst. Zweck des Archivs ist die Verbreitung und Digitalisierung des polnischen Experimentalfilms. Die meisten Arbeiten \u2014 mehr als 500 \u2014 k\u00f6nnen online auf der Website der Filmoteka gesichtet werden, darunter Arbeiten von Pawe\u0142 Althamer, Katarzyna Kozyra, J\u00f3zef Robakowski, Artur \u017bmijewski und vielen anderen. In Oberhausen werden restaurierte Arbeiten polnischer K\u00fcnstler aus den 1970er Jahren sowie Fundst\u00fccke aus den privaten Videoarchiven von K\u00fcnstlern aus den folgenden zwei Dekaden gezeigt.MO 5.05.2014, 14.30 Uhr, Lichtburg Filmpalast, Els\u00e4sser Str. 26, Oberhausenwww.kurzfilmtage.de"},{"@type":"ImageObject","inLanguage":"pl-PL","@id":"https:\/\/instytutpolski.pl\/duesseldorf\/2014\/05\/01\/60-kurzfilmtage-oberhausen-wojciech-bakowski\/#primaryimage","url":"https:\/\/instytutpolski.pl\/duesseldorf\/wp-content\/uploads\/sites\/5\/2021\/06\/Suchy-Pion-Bakowski.jpg","contentUrl":"https:\/\/instytutpolski.pl\/duesseldorf\/wp-content\/uploads\/sites\/5\/2021\/06\/Suchy-Pion-Bakowski.jpg","width":160,"height":128},{"@type":"BreadcrumbList","@id":"https:\/\/instytutpolski.pl\/duesseldorf\/2014\/05\/01\/60-kurzfilmtage-oberhausen-wojciech-bakowski\/#breadcrumb","itemListElement":[{"@type":"ListItem","position":1,"name":"Home","item":"https:\/\/instytutpolski.pl\/duesseldorf\/"},{"@type":"ListItem","position":2,"name":"60. Kurzfilmtage Oberhausen &#8211; Wojciech Bakowski"}]},{"@type":"WebSite","@id":"https:\/\/instytutpolski.pl\/duesseldorf\/#website","url":"https:\/\/instytutpolski.pl\/duesseldorf\/","name":"Instytut Polski w Dusseldorfie","description":"Instytuty Polskie","potentialAction":[{"@type":"SearchAction","target":{"@type":"EntryPoint","urlTemplate":"https:\/\/instytutpolski.pl\/duesseldorf\/?s={search_term_string}"},"query-input":{"@type":"PropertyValueSpecification","valueRequired":true,"valueName":"search_term_string"}}],"inLanguage":"pl-PL"},{"@type":"Person","@id":"https:\/\/instytutpolski.pl\/duesseldorf\/#\/schema\/person\/6b4b76776c5d49a1eb862046e311998e","name":"kolinskia","image":{"@type":"ImageObject","inLanguage":"pl-PL","@id":"https:\/\/instytutpolski.pl\/duesseldorf\/#\/schema\/person\/image\/","url":"https:\/\/secure.gravatar.com\/avatar\/9bb79075402c1d25f1e9e4e8260c2d13?s=96&d=mm&r=g","contentUrl":"https:\/\/secure.gravatar.com\/avatar\/9bb79075402c1d25f1e9e4e8260c2d13?s=96&d=mm&r=g","caption":"kolinskia"},"url":"https:\/\/instytutpolski.pl\/duesseldorf\/author\/kolinskia\/"}]}},"_links":{"self":[{"href":"https:\/\/instytutpolski.pl\/duesseldorf\/wp-json\/wp\/v2\/posts\/4592","targetHints":{"allow":["GET"]}}],"collection":[{"href":"https:\/\/instytutpolski.pl\/duesseldorf\/wp-json\/wp\/v2\/posts"}],"about":[{"href":"https:\/\/instytutpolski.pl\/duesseldorf\/wp-json\/wp\/v2\/types\/post"}],"author":[{"embeddable":true,"href":"https:\/\/instytutpolski.pl\/duesseldorf\/wp-json\/wp\/v2\/users\/103"}],"replies":[{"embeddable":true,"href":"https:\/\/instytutpolski.pl\/duesseldorf\/wp-json\/wp\/v2\/comments?post=4592"}],"version-history":[{"count":1,"href":"https:\/\/instytutpolski.pl\/duesseldorf\/wp-json\/wp\/v2\/posts\/4592\/revisions"}],"predecessor-version":[{"id":4594,"href":"https:\/\/instytutpolski.pl\/duesseldorf\/wp-json\/wp\/v2\/posts\/4592\/revisions\/4594"}],"wp:featuredmedia":[{"embeddable":true,"href":"https:\/\/instytutpolski.pl\/duesseldorf\/wp-json\/wp\/v2\/media\/4593"}],"wp:attachment":[{"href":"https:\/\/instytutpolski.pl\/duesseldorf\/wp-json\/wp\/v2\/media?parent=4592"}],"wp:term":[{"taxonomy":"category","embeddable":true,"href":"https:\/\/instytutpolski.pl\/duesseldorf\/wp-json\/wp\/v2\/categories?post=4592"},{"taxonomy":"post_tag","embeddable":true,"href":"https:\/\/instytutpolski.pl\/duesseldorf\/wp-json\/wp\/v2\/tags?post=4592"}],"curies":[{"name":"wp","href":"https:\/\/api.w.org\/{rel}","templated":true}]}}