{"id":4598,"date":"2014-04-09T13:15:00","date_gmt":"2014-04-09T11:15:00","guid":{"rendered":"https:\/\/instytutpolski.pl\/duesseldorf\/?p=4598"},"modified":"2021-06-07T13:19:09","modified_gmt":"2021-06-07T11:19:09","slug":"umfangreiches-polnisches-programm-beim-goeast-filmfestival","status":"publish","type":"post","link":"https:\/\/instytutpolski.pl\/duesseldorf\/2014\/04\/09\/umfangreiches-polnisches-programm-beim-goeast-filmfestival\/","title":{"rendered":"Umfangreiches polnisches Programm beim goEast &#8211; Filmfestival"},"content":{"rendered":"\n<h3 class=\"h3_title\">\u00a0<\/h3>\n<div class=\"edytor programm\">\n<p class=\"news-info\"><strong>Mi 09.04.2014 &#8211; Di 15.04.2014 <\/strong>Wiesbaden<\/p>\nDas Festivalprogram wartet mit aktuellen Produktionen, filmhistorischen Rarit\u00e4ten und zahlreichen Gelegenheiten zur Diskussion auf und gem\u00e4\u00df dem Motto \u201ejung, wild, ausdrucksstark\u201c stehet die diesj\u00e4hrige Festivaledition unter dem Vorzeichen des filmischen Sturm und Drang.<br \/>Im Wettbewerb von polnischer Seite aus werden der Spielfilm \u201eIda\u201c von Pawe\u0142 Pawlikowski und der Dokumentationsfilm \u201eVater und Sohn machen eine Reise\u201c von Marcel \u0141ozi\u0144ski ins Rennen geschickt.<br \/>Das Symposium \u201eNouvelle Vague Polonaise\u201c wirft einen Blick auf die radikalen und formal innovativen Anf\u00e4nge polnischer Regisseure wie Roman Polanski, Jerzy Skolimowski, Krzysztof Zanussi, Andrzej \u017bu\u0142awski und Grzegorz Kr\u00f3likiewicz und bespricht das Ph\u00e4nomen des sogenannten Dritten Polnischen Kinos.<br \/>Ma\u0142go\u015bka Szumowska, einer aufregenden polnischen Filmemacherin, die vor keinen kontroversen Themen Abstand h\u00e4lt, ist das Portr\u00e4t gewidmet:\u00a0<br \/><br \/>goEast 14. Festival des Mittel- und Osteurop\u00e4ischen Films Filmfestival<br \/>Wiesbaden 9.04.-15.04.2014,\u00a0<a href=\"http:\/\/www.filmfestival-goeast.de\/\">www.filmfestival-goeast.de<\/a><br \/><br \/><br \/><strong>WETTBEWERB:<\/strong><br \/>IDA, R.: Pawe\u0142 Pawlikowski<br \/>VATER UND SOHN MACHEN EINE REISE\/ OJCIE I SYN W PODR\u00d3\u017bY, R.: Marcel \u0141ozi\u0144ski<br \/><br \/><strong>NOUVELLE VAGUE POLONAISE:<\/strong><br \/>N\u00d3\u017b W WODZIE \/ DAS MESSER IM WASSER, R.: Roman Pola\u0144ski<br \/>RYSOPIS \/ BESONDERE KENNZEICHEN: KEINE, R.: Jerzy Skolimowski<br \/>WALKOWER \/ WALKOVER \/ WALKOVER, R.: Jerzy Skolimowski<br \/>BARIERA \/ BARRIERE, R.: Jerzy Skolimowski<br \/>R\u0118CE DO G\u00d3RY \/ H\u00c4NDE HOCH, R.: Jerzy Skolimowski<br \/>STRUKTURA KRYSZTA\u0141U \/ STRUKTUR DES KRISTALLS, R.: Krzysztof Zanussi<br \/>ILUMINACJA \/ ILLUMINATION, R.: Krzysztof Zanussi<br \/>\u017bYWOT MATEUSZA \/ DAS LEBEN DES MATTH\u00c4US, R.: Witold Leszczy\u0144ski<br \/>REJS \/ DER AUSFLUG, R.: Marek Piwowski<br \/>NA WYLOT \/ DURCH UND DURCH, R.: Grzegorz Kr\u00f3likiewicz<br \/>TRZECIA CZ\u0118\u015a\u0106 NOCY \/ DER DRITTE TEIL DER NACHT, R.: Andrzej \u017bu\u0142awski<br \/>DIABE\u0141 \/ THE DEVIL \/ DER TEUFEL, R.: Andrzej \u017bu\u0142awski<br \/><br \/><strong>PORT\u00c4T MA\u0141GO\u015aKA SZUMOWSKA<\/strong><br \/>W IMI\u0118 &#8230; \/ IM NAMEN DES &#8230;<br \/>ELLES \/ DAS BESSERE LEBEN<br \/>33 SCENY Z \u017bYCIA \/ 33 SZENEN AUS DEM LEBEN<br \/>ONO \/ LEBEN IN MIR<br \/>SZCZ\u0118\u015aLIWY CZ\u0141OWIEK \/ EIN GL\u00dcCKLICHER MENSCH<br \/><br \/><strong>HIGHLIGHTS:<\/strong><br \/>CHCE SIE \u017bY\u0106 \/ DAS LEBEN IST SCH\u00d6N, R.: Maciej Pieprzyca<br \/><br \/><strong>KURZFILMPROGRAMM:<\/strong><br \/>HUBA \/ PARASIT, R.: Anka Sasnal, Wilhelm Sasnal<\/div>\n","protected":false},"excerpt":{"rendered":"<p>\u00a0 Mi 09.04.2014 &#8211; Di 15.04.2014 Wiesbaden Das Festivalprogram wartet mit aktuellen Produktionen, filmhistorischen Rarit\u00e4ten und zahlreichen Gelegenheiten zur Diskussion auf und gem\u00e4\u00df dem Motto \u201ejung, wild, ausdrucksstark\u201c stehet die diesj\u00e4hrige Festivaledition unter dem Vorzeichen des filmischen Sturm und Drang.Im Wettbewerb von polnischer Seite aus werden der Spielfilm \u201eIda\u201c von Pawe\u0142 Pawlikowski und der Dokumentationsfilm [&hellip;]<\/p>\n","protected":false},"author":103,"featured_media":4599,"comment_status":"open","ping_status":"open","sticky":false,"template":"","format":"standard","meta":{"inline_featured_image":false,"_monsterinsights_skip_tracking":false,"_monsterinsights_sitenote_active":false,"_monsterinsights_sitenote_note":"","_monsterinsights_sitenote_category":0,"footnotes":""},"categories":[14,103],"tags":[],"class_list":["post-4598","post","type-post","status-publish","format-standard","has-post-thumbnail","hentry","category-film","category-programm"],"yoast_head":"<!-- This site is optimized with the Yoast SEO plugin v24.6 - https:\/\/yoast.com\/wordpress\/plugins\/seo\/ -->\n<title>Umfangreiches polnisches Programm beim goEast - Filmfestival - Instytut Polski w Dusseldorfie<\/title>\n<meta name=\"robots\" content=\"index, follow, max-snippet:-1, max-image-preview:large, max-video-preview:-1\" \/>\n<link rel=\"canonical\" href=\"https:\/\/instytutpolski.pl\/duesseldorf\/2014\/04\/09\/umfangreiches-polnisches-programm-beim-goeast-filmfestival\/\" \/>\n<meta property=\"og:locale\" content=\"pl_PL\" \/>\n<meta property=\"og:type\" content=\"article\" \/>\n<meta property=\"og:title\" content=\"Umfangreiches polnisches Programm beim goEast - Filmfestival - Instytut Polski w Dusseldorfie\" \/>\n<meta property=\"og:description\" content=\"\u00a0 Mi 09.04.2014 &#8211; Di 15.04.2014 Wiesbaden Das Festivalprogram wartet mit aktuellen Produktionen, filmhistorischen Rarit\u00e4ten und zahlreichen Gelegenheiten zur Diskussion auf und gem\u00e4\u00df dem Motto \u201ejung, wild, ausdrucksstark\u201c stehet die diesj\u00e4hrige Festivaledition unter dem Vorzeichen des filmischen Sturm und Drang.Im Wettbewerb von polnischer Seite aus werden der Spielfilm \u201eIda\u201c von Pawe\u0142 Pawlikowski und der Dokumentationsfilm [&hellip;]\" \/>\n<meta property=\"og:url\" content=\"https:\/\/instytutpolski.pl\/duesseldorf\/2014\/04\/09\/umfangreiches-polnisches-programm-beim-goeast-filmfestival\/\" \/>\n<meta property=\"og:site_name\" content=\"Instytut Polski w Dusseldorfie\" \/>\n<meta property=\"article:published_time\" content=\"2014-04-09T11:15:00+00:00\" \/>\n<meta property=\"article:modified_time\" content=\"2021-06-07T11:19:09+00:00\" \/>\n<meta property=\"og:image\" content=\"https:\/\/instytutpolski.pl\/duesseldorf\/wp-content\/uploads\/sites\/5\/2021\/06\/goEast.jpg\" \/>\n\t<meta property=\"og:image:width\" content=\"1859\" \/>\n\t<meta property=\"og:image:height\" content=\"1314\" \/>\n\t<meta property=\"og:image:type\" content=\"image\/jpeg\" \/>\n<meta name=\"author\" content=\"kolinskia\" \/>\n<meta name=\"twitter:card\" content=\"summary_large_image\" \/>\n<meta name=\"twitter:label1\" content=\"Napisane przez\" \/>\n\t<meta name=\"twitter:data1\" content=\"kolinskia\" \/>\n\t<meta name=\"twitter:label2\" content=\"Szacowany czas czytania\" \/>\n\t<meta name=\"twitter:data2\" content=\"2 minuty\" \/>\n<script type=\"application\/ld+json\" class=\"yoast-schema-graph\">{\"@context\":\"https:\/\/schema.org\",\"@graph\":[{\"@type\":\"event\",\"@id\":\"https:\/\/instytutpolski.pl\/duesseldorf\/2014\/04\/09\/umfangreiches-polnisches-programm-beim-goeast-filmfestival\/\",\"url\":\"https:\/\/instytutpolski.pl\/duesseldorf\/2014\/04\/09\/umfangreiches-polnisches-programm-beim-goeast-filmfestival\/\",\"name\":\"Umfangreiches polnisches Programm beim goEast - Filmfestival\",\"isPartOf\":{\"@id\":\"https:\/\/instytutpolski.pl\/duesseldorf\/#website\"},\"primaryImageOfPage\":{\"@id\":\"https:\/\/instytutpolski.pl\/duesseldorf\/2014\/04\/09\/umfangreiches-polnisches-programm-beim-goeast-filmfestival\/#primaryimage\"},\"image\":[\"https:\/\/instytutpolski.pl\/duesseldorf\/wp-content\/uploads\/sites\/5\/2021\/06\/goEast.jpg\",\"https:\/\/instytutpolski.pl\/duesseldorf\/wp-content\/uploads\/sites\/5\/2021\/06\/goEast-300x212.jpg\",\"https:\/\/instytutpolski.pl\/duesseldorf\/wp-content\/uploads\/sites\/5\/2021\/06\/goEast-1024x724.jpg\",\"https:\/\/instytutpolski.pl\/duesseldorf\/wp-content\/uploads\/sites\/5\/2021\/06\/goEast.jpg\"],\"thumbnailUrl\":\"https:\/\/instytutpolski.pl\/duesseldorf\/wp-content\/uploads\/sites\/5\/2021\/06\/goEast.jpg\",\"datePublished\":\"2014-04-09T11:15:00+02:00\",\"dateModified\":\"2021-06-07T11:19:09+02:00\",\"author\":{\"@id\":\"https:\/\/instytutpolski.pl\/duesseldorf\/#\/schema\/person\/6b4b76776c5d49a1eb862046e311998e\"},\"breadcrumb\":{\"@id\":\"https:\/\/instytutpolski.pl\/duesseldorf\/2014\/04\/09\/umfangreiches-polnisches-programm-beim-goeast-filmfestival\/#breadcrumb\"},\"inLanguage\":\"pl-PL\",\"potentialAction\":[{\"@type\":\"ReadAction\",\"target\":[\"https:\/\/instytutpolski.pl\/duesseldorf\/2014\/04\/09\/umfangreiches-polnisches-programm-beim-goeast-filmfestival\/\"]}],\"@context\":\"https:\/\/schema.org\",\"startDate\":\"2014-04-09\",\"endDate\":\"2014-04-15\",\"eventStatus\":\"EventScheduled\",\"eventAttendanceMode\":\"OfflineEventAttendanceMode\",\"location\":{\"@type\":\"place\",\"name\":\"\",\"address\":\"\",\"geo\":{\"@type\":\"GeoCoordinates\",\"latitude\":\"\",\"longitude\":\"\"}},\"description\":\"\u00a0\\nMi 09.04.2014 - Di 15.04.2014 Wiesbaden\\nDas Festivalprogram wartet mit aktuellen Produktionen, filmhistorischen Rarit\u00e4ten und zahlreichen Gelegenheiten zur Diskussion auf und gem\u00e4\u00df dem Motto \u201ejung, wild, ausdrucksstark\u201c stehet die diesj\u00e4hrige Festivaledition unter dem Vorzeichen des filmischen Sturm und Drang.Im Wettbewerb von polnischer Seite aus werden der Spielfilm \u201eIda\u201c von Pawe\u0142 Pawlikowski und der Dokumentationsfilm \u201eVater und Sohn machen eine Reise\u201c von Marcel \u0141ozi\u0144ski ins Rennen geschickt.Das Symposium \u201eNouvelle Vague Polonaise\u201c wirft einen Blick auf die radikalen und formal innovativen Anf\u00e4nge polnischer Regisseure wie Roman Polanski, Jerzy Skolimowski, Krzysztof Zanussi, Andrzej \u017bu\u0142awski und Grzegorz Kr\u00f3likiewicz und bespricht das Ph\u00e4nomen des sogenannten Dritten Polnischen Kinos.Ma\u0142go\u015bka Szumowska, einer aufregenden polnischen Filmemacherin, die vor keinen kontroversen Themen Abstand h\u00e4lt, ist das Portr\u00e4t gewidmet:\u00a0goEast 14. Festival des Mittel- und Osteurop\u00e4ischen Films FilmfestivalWiesbaden 9.04.-15.04.2014,\u00a0www.filmfestival-goeast.deWETTBEWERB:IDA, R.: Pawe\u0142 PawlikowskiVATER UND SOHN MACHEN EINE REISE\/ OJCIE I SYN W PODR\u00d3\u017bY, R.: Marcel \u0141ozi\u0144skiNOUVELLE VAGUE POLONAISE:N\u00d3\u017b W WODZIE \/ DAS MESSER IM WASSER, R.: Roman Pola\u0144skiRYSOPIS \/ BESONDERE KENNZEICHEN: KEINE, R.: Jerzy SkolimowskiWALKOWER \/ WALKOVER \/ WALKOVER, R.: Jerzy SkolimowskiBARIERA \/ BARRIERE, R.: Jerzy SkolimowskiR\u0118CE DO G\u00d3RY \/ H\u00c4NDE HOCH, R.: Jerzy SkolimowskiSTRUKTURA KRYSZTA\u0141U \/ STRUKTUR DES KRISTALLS, R.: Krzysztof ZanussiILUMINACJA \/ ILLUMINATION, R.: Krzysztof Zanussi\u017bYWOT MATEUSZA \/ DAS LEBEN DES MATTH\u00c4US, R.: Witold Leszczy\u0144skiREJS \/ DER AUSFLUG, R.: Marek PiwowskiNA WYLOT \/ DURCH UND DURCH, R.: Grzegorz Kr\u00f3likiewiczTRZECIA CZ\u0118\u015a\u0106 NOCY \/ DER DRITTE TEIL DER NACHT, R.: Andrzej \u017bu\u0142awskiDIABE\u0141 \/ THE DEVIL \/ DER TEUFEL, R.: Andrzej \u017bu\u0142awskiPORT\u00c4T MA\u0141GO\u015aKA SZUMOWSKAW IMI\u0118 ... \/ IM NAMEN DES ...ELLES \/ DAS BESSERE LEBEN33 SCENY Z \u017bYCIA \/ 33 SZENEN AUS DEM LEBENONO \/ LEBEN IN MIRSZCZ\u0118\u015aLIWY CZ\u0141OWIEK \/ EIN GL\u00dcCKLICHER MENSCHHIGHLIGHTS:CHCE SIE \u017bY\u0106 \/ DAS LEBEN IST SCH\u00d6N, R.: Maciej PieprzycaKURZFILMPROGRAMM:HUBA \/ PARASIT, R.: Anka Sasnal, Wilhelm Sasnal\"},{\"@type\":\"ImageObject\",\"inLanguage\":\"pl-PL\",\"@id\":\"https:\/\/instytutpolski.pl\/duesseldorf\/2014\/04\/09\/umfangreiches-polnisches-programm-beim-goeast-filmfestival\/#primaryimage\",\"url\":\"https:\/\/instytutpolski.pl\/duesseldorf\/wp-content\/uploads\/sites\/5\/2021\/06\/goEast.jpg\",\"contentUrl\":\"https:\/\/instytutpolski.pl\/duesseldorf\/wp-content\/uploads\/sites\/5\/2021\/06\/goEast.jpg\",\"width\":1859,\"height\":1314},{\"@type\":\"BreadcrumbList\",\"@id\":\"https:\/\/instytutpolski.pl\/duesseldorf\/2014\/04\/09\/umfangreiches-polnisches-programm-beim-goeast-filmfestival\/#breadcrumb\",\"itemListElement\":[{\"@type\":\"ListItem\",\"position\":1,\"name\":\"Home\",\"item\":\"https:\/\/instytutpolski.pl\/duesseldorf\/\"},{\"@type\":\"ListItem\",\"position\":2,\"name\":\"Umfangreiches polnisches Programm beim goEast &#8211; Filmfestival\"}]},{\"@type\":\"WebSite\",\"@id\":\"https:\/\/instytutpolski.pl\/duesseldorf\/#website\",\"url\":\"https:\/\/instytutpolski.pl\/duesseldorf\/\",\"name\":\"Instytut Polski w Dusseldorfie\",\"description\":\"Instytuty Polskie\",\"potentialAction\":[{\"@type\":\"SearchAction\",\"target\":{\"@type\":\"EntryPoint\",\"urlTemplate\":\"https:\/\/instytutpolski.pl\/duesseldorf\/?s={search_term_string}\"},\"query-input\":{\"@type\":\"PropertyValueSpecification\",\"valueRequired\":true,\"valueName\":\"search_term_string\"}}],\"inLanguage\":\"pl-PL\"},{\"@type\":\"Person\",\"@id\":\"https:\/\/instytutpolski.pl\/duesseldorf\/#\/schema\/person\/6b4b76776c5d49a1eb862046e311998e\",\"name\":\"kolinskia\",\"image\":{\"@type\":\"ImageObject\",\"inLanguage\":\"pl-PL\",\"@id\":\"https:\/\/instytutpolski.pl\/duesseldorf\/#\/schema\/person\/image\/\",\"url\":\"https:\/\/secure.gravatar.com\/avatar\/9bb79075402c1d25f1e9e4e8260c2d13?s=96&d=mm&r=g\",\"contentUrl\":\"https:\/\/secure.gravatar.com\/avatar\/9bb79075402c1d25f1e9e4e8260c2d13?s=96&d=mm&r=g\",\"caption\":\"kolinskia\"},\"url\":\"https:\/\/instytutpolski.pl\/duesseldorf\/author\/kolinskia\/\"}]}<\/script>\n<!-- \/ Yoast SEO plugin. -->","yoast_head_json":{"title":"Umfangreiches polnisches Programm beim goEast - Filmfestival - Instytut Polski w Dusseldorfie","robots":{"index":"index","follow":"follow","max-snippet":"max-snippet:-1","max-image-preview":"max-image-preview:large","max-video-preview":"max-video-preview:-1"},"canonical":"https:\/\/instytutpolski.pl\/duesseldorf\/2014\/04\/09\/umfangreiches-polnisches-programm-beim-goeast-filmfestival\/","og_locale":"pl_PL","og_type":"article","og_title":"Umfangreiches polnisches Programm beim goEast - Filmfestival - Instytut Polski w Dusseldorfie","og_description":"\u00a0 Mi 09.04.2014 &#8211; Di 15.04.2014 Wiesbaden Das Festivalprogram wartet mit aktuellen Produktionen, filmhistorischen Rarit\u00e4ten und zahlreichen Gelegenheiten zur Diskussion auf und gem\u00e4\u00df dem Motto \u201ejung, wild, ausdrucksstark\u201c stehet die diesj\u00e4hrige Festivaledition unter dem Vorzeichen des filmischen Sturm und Drang.Im Wettbewerb von polnischer Seite aus werden der Spielfilm \u201eIda\u201c von Pawe\u0142 Pawlikowski und der Dokumentationsfilm [&hellip;]","og_url":"https:\/\/instytutpolski.pl\/duesseldorf\/2014\/04\/09\/umfangreiches-polnisches-programm-beim-goeast-filmfestival\/","og_site_name":"Instytut Polski w Dusseldorfie","article_published_time":"2014-04-09T11:15:00+00:00","article_modified_time":"2021-06-07T11:19:09+00:00","og_image":[{"width":1859,"height":1314,"url":"https:\/\/instytutpolski.pl\/duesseldorf\/wp-content\/uploads\/sites\/5\/2021\/06\/goEast.jpg","type":"image\/jpeg"}],"author":"kolinskia","twitter_card":"summary_large_image","twitter_misc":{"Napisane przez":"kolinskia","Szacowany czas czytania":"2 minuty"},"schema":{"@context":"https:\/\/schema.org","@graph":[{"@type":"event","@id":"https:\/\/instytutpolski.pl\/duesseldorf\/2014\/04\/09\/umfangreiches-polnisches-programm-beim-goeast-filmfestival\/","url":"https:\/\/instytutpolski.pl\/duesseldorf\/2014\/04\/09\/umfangreiches-polnisches-programm-beim-goeast-filmfestival\/","name":"Umfangreiches polnisches Programm beim goEast - Filmfestival","isPartOf":{"@id":"https:\/\/instytutpolski.pl\/duesseldorf\/#website"},"primaryImageOfPage":{"@id":"https:\/\/instytutpolski.pl\/duesseldorf\/2014\/04\/09\/umfangreiches-polnisches-programm-beim-goeast-filmfestival\/#primaryimage"},"image":["https:\/\/instytutpolski.pl\/duesseldorf\/wp-content\/uploads\/sites\/5\/2021\/06\/goEast.jpg","https:\/\/instytutpolski.pl\/duesseldorf\/wp-content\/uploads\/sites\/5\/2021\/06\/goEast-300x212.jpg","https:\/\/instytutpolski.pl\/duesseldorf\/wp-content\/uploads\/sites\/5\/2021\/06\/goEast-1024x724.jpg","https:\/\/instytutpolski.pl\/duesseldorf\/wp-content\/uploads\/sites\/5\/2021\/06\/goEast.jpg"],"thumbnailUrl":"https:\/\/instytutpolski.pl\/duesseldorf\/wp-content\/uploads\/sites\/5\/2021\/06\/goEast.jpg","datePublished":"2014-04-09T11:15:00+02:00","dateModified":"2021-06-07T11:19:09+02:00","author":{"@id":"https:\/\/instytutpolski.pl\/duesseldorf\/#\/schema\/person\/6b4b76776c5d49a1eb862046e311998e"},"breadcrumb":{"@id":"https:\/\/instytutpolski.pl\/duesseldorf\/2014\/04\/09\/umfangreiches-polnisches-programm-beim-goeast-filmfestival\/#breadcrumb"},"inLanguage":"pl-PL","potentialAction":[{"@type":"ReadAction","target":["https:\/\/instytutpolski.pl\/duesseldorf\/2014\/04\/09\/umfangreiches-polnisches-programm-beim-goeast-filmfestival\/"]}],"@context":"https:\/\/schema.org","startDate":"2014-04-09","endDate":"2014-04-15","eventStatus":"EventScheduled","eventAttendanceMode":"OfflineEventAttendanceMode","location":{"@type":"place","name":"","address":"","geo":{"@type":"GeoCoordinates","latitude":"","longitude":""}},"description":"\u00a0\nMi 09.04.2014 - Di 15.04.2014 Wiesbaden\nDas Festivalprogram wartet mit aktuellen Produktionen, filmhistorischen Rarit\u00e4ten und zahlreichen Gelegenheiten zur Diskussion auf und gem\u00e4\u00df dem Motto \u201ejung, wild, ausdrucksstark\u201c stehet die diesj\u00e4hrige Festivaledition unter dem Vorzeichen des filmischen Sturm und Drang.Im Wettbewerb von polnischer Seite aus werden der Spielfilm \u201eIda\u201c von Pawe\u0142 Pawlikowski und der Dokumentationsfilm \u201eVater und Sohn machen eine Reise\u201c von Marcel \u0141ozi\u0144ski ins Rennen geschickt.Das Symposium \u201eNouvelle Vague Polonaise\u201c wirft einen Blick auf die radikalen und formal innovativen Anf\u00e4nge polnischer Regisseure wie Roman Polanski, Jerzy Skolimowski, Krzysztof Zanussi, Andrzej \u017bu\u0142awski und Grzegorz Kr\u00f3likiewicz und bespricht das Ph\u00e4nomen des sogenannten Dritten Polnischen Kinos.Ma\u0142go\u015bka Szumowska, einer aufregenden polnischen Filmemacherin, die vor keinen kontroversen Themen Abstand h\u00e4lt, ist das Portr\u00e4t gewidmet:\u00a0goEast 14. Festival des Mittel- und Osteurop\u00e4ischen Films FilmfestivalWiesbaden 9.04.-15.04.2014,\u00a0www.filmfestival-goeast.deWETTBEWERB:IDA, R.: Pawe\u0142 PawlikowskiVATER UND SOHN MACHEN EINE REISE\/ OJCIE I SYN W PODR\u00d3\u017bY, R.: Marcel \u0141ozi\u0144skiNOUVELLE VAGUE POLONAISE:N\u00d3\u017b W WODZIE \/ DAS MESSER IM WASSER, R.: Roman Pola\u0144skiRYSOPIS \/ BESONDERE KENNZEICHEN: KEINE, R.: Jerzy SkolimowskiWALKOWER \/ WALKOVER \/ WALKOVER, R.: Jerzy SkolimowskiBARIERA \/ BARRIERE, R.: Jerzy SkolimowskiR\u0118CE DO G\u00d3RY \/ H\u00c4NDE HOCH, R.: Jerzy SkolimowskiSTRUKTURA KRYSZTA\u0141U \/ STRUKTUR DES KRISTALLS, R.: Krzysztof ZanussiILUMINACJA \/ ILLUMINATION, R.: Krzysztof Zanussi\u017bYWOT MATEUSZA \/ DAS LEBEN DES MATTH\u00c4US, R.: Witold Leszczy\u0144skiREJS \/ DER AUSFLUG, R.: Marek PiwowskiNA WYLOT \/ DURCH UND DURCH, R.: Grzegorz Kr\u00f3likiewiczTRZECIA CZ\u0118\u015a\u0106 NOCY \/ DER DRITTE TEIL DER NACHT, R.: Andrzej \u017bu\u0142awskiDIABE\u0141 \/ THE DEVIL \/ DER TEUFEL, R.: Andrzej \u017bu\u0142awskiPORT\u00c4T MA\u0141GO\u015aKA SZUMOWSKAW IMI\u0118 ... \/ IM NAMEN DES ...ELLES \/ DAS BESSERE LEBEN33 SCENY Z \u017bYCIA \/ 33 SZENEN AUS DEM LEBENONO \/ LEBEN IN MIRSZCZ\u0118\u015aLIWY CZ\u0141OWIEK \/ EIN GL\u00dcCKLICHER MENSCHHIGHLIGHTS:CHCE SIE \u017bY\u0106 \/ DAS LEBEN IST SCH\u00d6N, R.: Maciej PieprzycaKURZFILMPROGRAMM:HUBA \/ PARASIT, R.: Anka Sasnal, Wilhelm Sasnal"},{"@type":"ImageObject","inLanguage":"pl-PL","@id":"https:\/\/instytutpolski.pl\/duesseldorf\/2014\/04\/09\/umfangreiches-polnisches-programm-beim-goeast-filmfestival\/#primaryimage","url":"https:\/\/instytutpolski.pl\/duesseldorf\/wp-content\/uploads\/sites\/5\/2021\/06\/goEast.jpg","contentUrl":"https:\/\/instytutpolski.pl\/duesseldorf\/wp-content\/uploads\/sites\/5\/2021\/06\/goEast.jpg","width":1859,"height":1314},{"@type":"BreadcrumbList","@id":"https:\/\/instytutpolski.pl\/duesseldorf\/2014\/04\/09\/umfangreiches-polnisches-programm-beim-goeast-filmfestival\/#breadcrumb","itemListElement":[{"@type":"ListItem","position":1,"name":"Home","item":"https:\/\/instytutpolski.pl\/duesseldorf\/"},{"@type":"ListItem","position":2,"name":"Umfangreiches polnisches Programm beim goEast &#8211; Filmfestival"}]},{"@type":"WebSite","@id":"https:\/\/instytutpolski.pl\/duesseldorf\/#website","url":"https:\/\/instytutpolski.pl\/duesseldorf\/","name":"Instytut Polski w Dusseldorfie","description":"Instytuty Polskie","potentialAction":[{"@type":"SearchAction","target":{"@type":"EntryPoint","urlTemplate":"https:\/\/instytutpolski.pl\/duesseldorf\/?s={search_term_string}"},"query-input":{"@type":"PropertyValueSpecification","valueRequired":true,"valueName":"search_term_string"}}],"inLanguage":"pl-PL"},{"@type":"Person","@id":"https:\/\/instytutpolski.pl\/duesseldorf\/#\/schema\/person\/6b4b76776c5d49a1eb862046e311998e","name":"kolinskia","image":{"@type":"ImageObject","inLanguage":"pl-PL","@id":"https:\/\/instytutpolski.pl\/duesseldorf\/#\/schema\/person\/image\/","url":"https:\/\/secure.gravatar.com\/avatar\/9bb79075402c1d25f1e9e4e8260c2d13?s=96&d=mm&r=g","contentUrl":"https:\/\/secure.gravatar.com\/avatar\/9bb79075402c1d25f1e9e4e8260c2d13?s=96&d=mm&r=g","caption":"kolinskia"},"url":"https:\/\/instytutpolski.pl\/duesseldorf\/author\/kolinskia\/"}]}},"_links":{"self":[{"href":"https:\/\/instytutpolski.pl\/duesseldorf\/wp-json\/wp\/v2\/posts\/4598","targetHints":{"allow":["GET"]}}],"collection":[{"href":"https:\/\/instytutpolski.pl\/duesseldorf\/wp-json\/wp\/v2\/posts"}],"about":[{"href":"https:\/\/instytutpolski.pl\/duesseldorf\/wp-json\/wp\/v2\/types\/post"}],"author":[{"embeddable":true,"href":"https:\/\/instytutpolski.pl\/duesseldorf\/wp-json\/wp\/v2\/users\/103"}],"replies":[{"embeddable":true,"href":"https:\/\/instytutpolski.pl\/duesseldorf\/wp-json\/wp\/v2\/comments?post=4598"}],"version-history":[{"count":1,"href":"https:\/\/instytutpolski.pl\/duesseldorf\/wp-json\/wp\/v2\/posts\/4598\/revisions"}],"predecessor-version":[{"id":4600,"href":"https:\/\/instytutpolski.pl\/duesseldorf\/wp-json\/wp\/v2\/posts\/4598\/revisions\/4600"}],"wp:featuredmedia":[{"embeddable":true,"href":"https:\/\/instytutpolski.pl\/duesseldorf\/wp-json\/wp\/v2\/media\/4599"}],"wp:attachment":[{"href":"https:\/\/instytutpolski.pl\/duesseldorf\/wp-json\/wp\/v2\/media?parent=4598"}],"wp:term":[{"taxonomy":"category","embeddable":true,"href":"https:\/\/instytutpolski.pl\/duesseldorf\/wp-json\/wp\/v2\/categories?post=4598"},{"taxonomy":"post_tag","embeddable":true,"href":"https:\/\/instytutpolski.pl\/duesseldorf\/wp-json\/wp\/v2\/tags?post=4598"}],"curies":[{"name":"wp","href":"https:\/\/api.w.org\/{rel}","templated":true}]}}