{"id":4607,"date":"2014-03-06T13:37:00","date_gmt":"2014-03-06T12:37:00","guid":{"rendered":"https:\/\/instytutpolski.pl\/duesseldorf\/?p=4607"},"modified":"2021-06-07T14:38:56","modified_gmt":"2021-06-07T12:38:56","slug":"pawel-edelman-erhalt-den-marburger-kamerapreis-2014","status":"publish","type":"post","link":"https:\/\/instytutpolski.pl\/duesseldorf\/2014\/03\/06\/pawel-edelman-erhalt-den-marburger-kamerapreis-2014\/","title":{"rendered":"Pawe\u0142 Edelman erh\u00e4lt den Marburger Kamerapreis 2014"},"content":{"rendered":"\n<h3 class=\"h3_title\">\u00a0<\/h3>\n<div class=\"edytor programm\">\n<p class=\"news-info\"><strong>Do 06.03.2014 &#8211; Mi 12.03.2014 <\/strong>Sitzungssaal der Stadt Marburg, Barf\u00fc\u00dferstr. 11 und Marburger Filmkunsttheater<\/p>\nPawe\u0142 Edelman erh\u00e4lt den Marburger Kamerapreis 2014.<br \/>Neben Workshops und Werkstattgespr\u00e4chen zeigen die Marburger Filmkunsttheater\u00a0in einem Rahmenprogramm vom 8.03. bis zum 12.03.2014\u00a0folgende Filme, zu denen Paw\u0142e Edelman Kamera f\u00fchrte:<br \/>&#8222;Der Ghostwriter&#8221; von Roman Polanski (2010)<br \/>&#8222;Ray&#8221; von Taylor Hackford (2004)<br \/>&#8222;Pok\u0142osie&#8221;\/\u00a0&#8222;Nachlese&#8221;\u00a0von W\u0142adys\u0142aw Pasikowski (2012)<br \/>&#8222;Das Massaker von Katyn&#8221; von Andrzej Wajda (2007)<br \/>&#8222;Der Pianist&#8221; von Roman Polanski (2002)<br \/>&#8222;Oliver Twist&#8221; von Roman Polanski (2005)<br \/>&#8222;Gott des Gemetzels&#8221; von Roman Polanski<br \/>&#8222;Venus im Pelz&#8221; von Roman Polanski (2013)<br \/>&#8222;Pan Tadeusz&#8221; von Andrzej Wajda (1999)<br \/><br \/>Genaues Programm zur Preisverleihung:<a href=\"http:\/\/www.marburger-kamerapreis.de\/allgemein\/1066\/\"><br \/>http:\/\/www.marburger-kamerapreis.de\/allgemein\/1066\/<\/a><\/div>\n","protected":false},"excerpt":{"rendered":"<p>\u00a0 Do 06.03.2014 &#8211; Mi 12.03.2014 Sitzungssaal der Stadt Marburg, Barf\u00fc\u00dferstr. 11 und Marburger Filmkunsttheater Pawe\u0142 Edelman erh\u00e4lt den Marburger Kamerapreis 2014.Neben Workshops und Werkstattgespr\u00e4chen zeigen die Marburger Filmkunsttheater\u00a0in einem Rahmenprogramm vom 8.03. bis zum 12.03.2014\u00a0folgende Filme, zu denen Paw\u0142e Edelman Kamera f\u00fchrte:&#8222;Der Ghostwriter&#8221; von Roman Polanski (2010)&#8222;Ray&#8221; von Taylor Hackford (2004)&#8222;Pok\u0142osie&#8221;\/\u00a0&#8222;Nachlese&#8221;\u00a0von W\u0142adys\u0142aw Pasikowski (2012)&#8222;Das [&hellip;]<\/p>\n","protected":false},"author":103,"featured_media":4608,"comment_status":"open","ping_status":"open","sticky":false,"template":"","format":"standard","meta":{"inline_featured_image":false,"_monsterinsights_skip_tracking":false,"_monsterinsights_sitenote_active":false,"_monsterinsights_sitenote_note":"","_monsterinsights_sitenote_category":0,"footnotes":""},"categories":[14,103],"tags":[],"class_list":["post-4607","post","type-post","status-publish","format-standard","has-post-thumbnail","hentry","category-film","category-programm"],"yoast_head":"<!-- This site is optimized with the Yoast SEO plugin v24.6 - https:\/\/yoast.com\/wordpress\/plugins\/seo\/ -->\n<title>Pawe\u0142 Edelman erh\u00e4lt den Marburger Kamerapreis 2014 - Instytut Polski w Dusseldorfie<\/title>\n<meta name=\"robots\" content=\"index, follow, max-snippet:-1, max-image-preview:large, max-video-preview:-1\" \/>\n<link rel=\"canonical\" href=\"https:\/\/instytutpolski.pl\/duesseldorf\/2014\/03\/06\/pawel-edelman-erhalt-den-marburger-kamerapreis-2014\/\" \/>\n<meta property=\"og:locale\" content=\"pl_PL\" \/>\n<meta property=\"og:type\" content=\"article\" \/>\n<meta property=\"og:title\" content=\"Pawe\u0142 Edelman erh\u00e4lt den Marburger Kamerapreis 2014 - Instytut Polski w Dusseldorfie\" \/>\n<meta property=\"og:description\" content=\"\u00a0 Do 06.03.2014 &#8211; Mi 12.03.2014 Sitzungssaal der Stadt Marburg, Barf\u00fc\u00dferstr. 11 und Marburger Filmkunsttheater Pawe\u0142 Edelman erh\u00e4lt den Marburger Kamerapreis 2014.Neben Workshops und Werkstattgespr\u00e4chen zeigen die Marburger Filmkunsttheater\u00a0in einem Rahmenprogramm vom 8.03. bis zum 12.03.2014\u00a0folgende Filme, zu denen Paw\u0142e Edelman Kamera f\u00fchrte:&#8222;Der Ghostwriter&#8221; von Roman Polanski (2010)&#8222;Ray&#8221; von Taylor Hackford (2004)&#8222;Pok\u0142osie&#8221;\/\u00a0&#8222;Nachlese&#8221;\u00a0von W\u0142adys\u0142aw Pasikowski (2012)&#8222;Das [&hellip;]\" \/>\n<meta property=\"og:url\" content=\"https:\/\/instytutpolski.pl\/duesseldorf\/2014\/03\/06\/pawel-edelman-erhalt-den-marburger-kamerapreis-2014\/\" \/>\n<meta property=\"og:site_name\" content=\"Instytut Polski w Dusseldorfie\" \/>\n<meta property=\"article:published_time\" content=\"2014-03-06T12:37:00+00:00\" \/>\n<meta property=\"article:modified_time\" content=\"2021-06-07T12:38:56+00:00\" \/>\n<meta property=\"og:image\" content=\"https:\/\/instytutpolski.pl\/duesseldorf\/wp-content\/uploads\/sites\/5\/2021\/06\/gallery_Marburger_Kameragespraeche.png\" \/>\n\t<meta property=\"og:image:width\" content=\"1712\" \/>\n\t<meta property=\"og:image:height\" content=\"1050\" \/>\n\t<meta property=\"og:image:type\" content=\"image\/png\" \/>\n<meta name=\"author\" content=\"kolinskia\" \/>\n<meta name=\"twitter:card\" content=\"summary_large_image\" \/>\n<meta name=\"twitter:label1\" content=\"Napisane przez\" \/>\n\t<meta name=\"twitter:data1\" content=\"kolinskia\" \/>\n\t<meta name=\"twitter:label2\" content=\"Szacowany czas czytania\" \/>\n\t<meta name=\"twitter:data2\" content=\"1 minuta\" \/>\n<script type=\"application\/ld+json\" class=\"yoast-schema-graph\">{\"@context\":\"https:\/\/schema.org\",\"@graph\":[{\"@type\":\"event\",\"@id\":\"https:\/\/instytutpolski.pl\/duesseldorf\/2014\/03\/06\/pawel-edelman-erhalt-den-marburger-kamerapreis-2014\/\",\"url\":\"https:\/\/instytutpolski.pl\/duesseldorf\/2014\/03\/06\/pawel-edelman-erhalt-den-marburger-kamerapreis-2014\/\",\"name\":\"Pawe\u0142 Edelman erh\u00e4lt den Marburger Kamerapreis 2014\",\"isPartOf\":{\"@id\":\"https:\/\/instytutpolski.pl\/duesseldorf\/#website\"},\"primaryImageOfPage\":{\"@id\":\"https:\/\/instytutpolski.pl\/duesseldorf\/2014\/03\/06\/pawel-edelman-erhalt-den-marburger-kamerapreis-2014\/#primaryimage\"},\"image\":[\"https:\/\/instytutpolski.pl\/duesseldorf\/wp-content\/uploads\/sites\/5\/2021\/06\/gallery_Marburger_Kameragespraeche.png\",\"https:\/\/instytutpolski.pl\/duesseldorf\/wp-content\/uploads\/sites\/5\/2021\/06\/gallery_Marburger_Kameragespraeche-300x184.png\",\"https:\/\/instytutpolski.pl\/duesseldorf\/wp-content\/uploads\/sites\/5\/2021\/06\/gallery_Marburger_Kameragespraeche-1024x628.png\",\"https:\/\/instytutpolski.pl\/duesseldorf\/wp-content\/uploads\/sites\/5\/2021\/06\/gallery_Marburger_Kameragespraeche.png\"],\"thumbnailUrl\":\"https:\/\/instytutpolski.pl\/duesseldorf\/wp-content\/uploads\/sites\/5\/2021\/06\/gallery_Marburger_Kameragespraeche.png\",\"datePublished\":\"2014-03-06T12:37:00+02:00\",\"dateModified\":\"2021-06-07T12:38:56+02:00\",\"author\":{\"@id\":\"https:\/\/instytutpolski.pl\/duesseldorf\/#\/schema\/person\/6b4b76776c5d49a1eb862046e311998e\"},\"breadcrumb\":{\"@id\":\"https:\/\/instytutpolski.pl\/duesseldorf\/2014\/03\/06\/pawel-edelman-erhalt-den-marburger-kamerapreis-2014\/#breadcrumb\"},\"inLanguage\":\"pl-PL\",\"potentialAction\":[{\"@type\":\"ReadAction\",\"target\":[\"https:\/\/instytutpolski.pl\/duesseldorf\/2014\/03\/06\/pawel-edelman-erhalt-den-marburger-kamerapreis-2014\/\"]}],\"@context\":\"https:\/\/schema.org\",\"startDate\":\"2014-03-06\",\"endDate\":\"2014-03-12\",\"eventStatus\":\"EventScheduled\",\"eventAttendanceMode\":\"OfflineEventAttendanceMode\",\"location\":{\"@type\":\"place\",\"name\":\"\",\"address\":\"\",\"geo\":{\"@type\":\"GeoCoordinates\",\"latitude\":\"\",\"longitude\":\"\"}},\"description\":\"\u00a0\\nDo 06.03.2014 - Mi 12.03.2014 Sitzungssaal der Stadt Marburg, Barf\u00fc\u00dferstr. 11 und Marburger Filmkunsttheater\\nPawe\u0142 Edelman erh\u00e4lt den Marburger Kamerapreis 2014.Neben Workshops und Werkstattgespr\u00e4chen zeigen die Marburger Filmkunsttheater\u00a0in einem Rahmenprogramm vom 8.03. bis zum 12.03.2014\u00a0folgende Filme, zu denen Paw\u0142e Edelman Kamera f\u00fchrte:\\\"Der Ghostwriter\\\" von Roman Polanski (2010)\\\"Ray\\\" von Taylor Hackford (2004)\\\"Pok\u0142osie\\\"\/\u00a0\\\"Nachlese\\\"\u00a0von W\u0142adys\u0142aw Pasikowski (2012)\\\"Das Massaker von Katyn\\\" von Andrzej Wajda (2007)\\\"Der Pianist\\\" von Roman Polanski (2002)\\\"Oliver Twist\\\" von Roman Polanski (2005)\\\"Gott des Gemetzels\\\" von Roman Polanski\\\"Venus im Pelz\\\" von Roman Polanski (2013)\\\"Pan Tadeusz\\\" von Andrzej Wajda (1999)Genaues Programm zur Preisverleihung:http:\/\/www.marburger-kamerapreis.de\/allgemein\/1066\/\"},{\"@type\":\"ImageObject\",\"inLanguage\":\"pl-PL\",\"@id\":\"https:\/\/instytutpolski.pl\/duesseldorf\/2014\/03\/06\/pawel-edelman-erhalt-den-marburger-kamerapreis-2014\/#primaryimage\",\"url\":\"https:\/\/instytutpolski.pl\/duesseldorf\/wp-content\/uploads\/sites\/5\/2021\/06\/gallery_Marburger_Kameragespraeche.png\",\"contentUrl\":\"https:\/\/instytutpolski.pl\/duesseldorf\/wp-content\/uploads\/sites\/5\/2021\/06\/gallery_Marburger_Kameragespraeche.png\",\"width\":1712,\"height\":1050},{\"@type\":\"BreadcrumbList\",\"@id\":\"https:\/\/instytutpolski.pl\/duesseldorf\/2014\/03\/06\/pawel-edelman-erhalt-den-marburger-kamerapreis-2014\/#breadcrumb\",\"itemListElement\":[{\"@type\":\"ListItem\",\"position\":1,\"name\":\"Home\",\"item\":\"https:\/\/instytutpolski.pl\/duesseldorf\/\"},{\"@type\":\"ListItem\",\"position\":2,\"name\":\"Pawe\u0142 Edelman erh\u00e4lt den Marburger Kamerapreis 2014\"}]},{\"@type\":\"WebSite\",\"@id\":\"https:\/\/instytutpolski.pl\/duesseldorf\/#website\",\"url\":\"https:\/\/instytutpolski.pl\/duesseldorf\/\",\"name\":\"Instytut Polski w Dusseldorfie\",\"description\":\"Instytuty Polskie\",\"potentialAction\":[{\"@type\":\"SearchAction\",\"target\":{\"@type\":\"EntryPoint\",\"urlTemplate\":\"https:\/\/instytutpolski.pl\/duesseldorf\/?s={search_term_string}\"},\"query-input\":{\"@type\":\"PropertyValueSpecification\",\"valueRequired\":true,\"valueName\":\"search_term_string\"}}],\"inLanguage\":\"pl-PL\"},{\"@type\":\"Person\",\"@id\":\"https:\/\/instytutpolski.pl\/duesseldorf\/#\/schema\/person\/6b4b76776c5d49a1eb862046e311998e\",\"name\":\"kolinskia\",\"image\":{\"@type\":\"ImageObject\",\"inLanguage\":\"pl-PL\",\"@id\":\"https:\/\/instytutpolski.pl\/duesseldorf\/#\/schema\/person\/image\/\",\"url\":\"https:\/\/secure.gravatar.com\/avatar\/9bb79075402c1d25f1e9e4e8260c2d13?s=96&d=mm&r=g\",\"contentUrl\":\"https:\/\/secure.gravatar.com\/avatar\/9bb79075402c1d25f1e9e4e8260c2d13?s=96&d=mm&r=g\",\"caption\":\"kolinskia\"},\"url\":\"https:\/\/instytutpolski.pl\/duesseldorf\/author\/kolinskia\/\"}]}<\/script>\n<!-- \/ Yoast SEO plugin. -->","yoast_head_json":{"title":"Pawe\u0142 Edelman erh\u00e4lt den Marburger Kamerapreis 2014 - Instytut Polski w Dusseldorfie","robots":{"index":"index","follow":"follow","max-snippet":"max-snippet:-1","max-image-preview":"max-image-preview:large","max-video-preview":"max-video-preview:-1"},"canonical":"https:\/\/instytutpolski.pl\/duesseldorf\/2014\/03\/06\/pawel-edelman-erhalt-den-marburger-kamerapreis-2014\/","og_locale":"pl_PL","og_type":"article","og_title":"Pawe\u0142 Edelman erh\u00e4lt den Marburger Kamerapreis 2014 - Instytut Polski w Dusseldorfie","og_description":"\u00a0 Do 06.03.2014 &#8211; Mi 12.03.2014 Sitzungssaal der Stadt Marburg, Barf\u00fc\u00dferstr. 11 und Marburger Filmkunsttheater Pawe\u0142 Edelman erh\u00e4lt den Marburger Kamerapreis 2014.Neben Workshops und Werkstattgespr\u00e4chen zeigen die Marburger Filmkunsttheater\u00a0in einem Rahmenprogramm vom 8.03. bis zum 12.03.2014\u00a0folgende Filme, zu denen Paw\u0142e Edelman Kamera f\u00fchrte:&#8222;Der Ghostwriter&#8221; von Roman Polanski (2010)&#8222;Ray&#8221; von Taylor Hackford (2004)&#8222;Pok\u0142osie&#8221;\/\u00a0&#8222;Nachlese&#8221;\u00a0von W\u0142adys\u0142aw Pasikowski (2012)&#8222;Das [&hellip;]","og_url":"https:\/\/instytutpolski.pl\/duesseldorf\/2014\/03\/06\/pawel-edelman-erhalt-den-marburger-kamerapreis-2014\/","og_site_name":"Instytut Polski w Dusseldorfie","article_published_time":"2014-03-06T12:37:00+00:00","article_modified_time":"2021-06-07T12:38:56+00:00","og_image":[{"width":1712,"height":1050,"url":"https:\/\/instytutpolski.pl\/duesseldorf\/wp-content\/uploads\/sites\/5\/2021\/06\/gallery_Marburger_Kameragespraeche.png","type":"image\/png"}],"author":"kolinskia","twitter_card":"summary_large_image","twitter_misc":{"Napisane przez":"kolinskia","Szacowany czas czytania":"1 minuta"},"schema":{"@context":"https:\/\/schema.org","@graph":[{"@type":"event","@id":"https:\/\/instytutpolski.pl\/duesseldorf\/2014\/03\/06\/pawel-edelman-erhalt-den-marburger-kamerapreis-2014\/","url":"https:\/\/instytutpolski.pl\/duesseldorf\/2014\/03\/06\/pawel-edelman-erhalt-den-marburger-kamerapreis-2014\/","name":"Pawe\u0142 Edelman erh\u00e4lt den Marburger Kamerapreis 2014","isPartOf":{"@id":"https:\/\/instytutpolski.pl\/duesseldorf\/#website"},"primaryImageOfPage":{"@id":"https:\/\/instytutpolski.pl\/duesseldorf\/2014\/03\/06\/pawel-edelman-erhalt-den-marburger-kamerapreis-2014\/#primaryimage"},"image":["https:\/\/instytutpolski.pl\/duesseldorf\/wp-content\/uploads\/sites\/5\/2021\/06\/gallery_Marburger_Kameragespraeche.png","https:\/\/instytutpolski.pl\/duesseldorf\/wp-content\/uploads\/sites\/5\/2021\/06\/gallery_Marburger_Kameragespraeche-300x184.png","https:\/\/instytutpolski.pl\/duesseldorf\/wp-content\/uploads\/sites\/5\/2021\/06\/gallery_Marburger_Kameragespraeche-1024x628.png","https:\/\/instytutpolski.pl\/duesseldorf\/wp-content\/uploads\/sites\/5\/2021\/06\/gallery_Marburger_Kameragespraeche.png"],"thumbnailUrl":"https:\/\/instytutpolski.pl\/duesseldorf\/wp-content\/uploads\/sites\/5\/2021\/06\/gallery_Marburger_Kameragespraeche.png","datePublished":"2014-03-06T12:37:00+02:00","dateModified":"2021-06-07T12:38:56+02:00","author":{"@id":"https:\/\/instytutpolski.pl\/duesseldorf\/#\/schema\/person\/6b4b76776c5d49a1eb862046e311998e"},"breadcrumb":{"@id":"https:\/\/instytutpolski.pl\/duesseldorf\/2014\/03\/06\/pawel-edelman-erhalt-den-marburger-kamerapreis-2014\/#breadcrumb"},"inLanguage":"pl-PL","potentialAction":[{"@type":"ReadAction","target":["https:\/\/instytutpolski.pl\/duesseldorf\/2014\/03\/06\/pawel-edelman-erhalt-den-marburger-kamerapreis-2014\/"]}],"@context":"https:\/\/schema.org","startDate":"2014-03-06","endDate":"2014-03-12","eventStatus":"EventScheduled","eventAttendanceMode":"OfflineEventAttendanceMode","location":{"@type":"place","name":"","address":"","geo":{"@type":"GeoCoordinates","latitude":"","longitude":""}},"description":"\u00a0\nDo 06.03.2014 - Mi 12.03.2014 Sitzungssaal der Stadt Marburg, Barf\u00fc\u00dferstr. 11 und Marburger Filmkunsttheater\nPawe\u0142 Edelman erh\u00e4lt den Marburger Kamerapreis 2014.Neben Workshops und Werkstattgespr\u00e4chen zeigen die Marburger Filmkunsttheater\u00a0in einem Rahmenprogramm vom 8.03. bis zum 12.03.2014\u00a0folgende Filme, zu denen Paw\u0142e Edelman Kamera f\u00fchrte:\"Der Ghostwriter\" von Roman Polanski (2010)\"Ray\" von Taylor Hackford (2004)\"Pok\u0142osie\"\/\u00a0\"Nachlese\"\u00a0von W\u0142adys\u0142aw Pasikowski (2012)\"Das Massaker von Katyn\" von Andrzej Wajda (2007)\"Der Pianist\" von Roman Polanski (2002)\"Oliver Twist\" von Roman Polanski (2005)\"Gott des Gemetzels\" von Roman Polanski\"Venus im Pelz\" von Roman Polanski (2013)\"Pan Tadeusz\" von Andrzej Wajda (1999)Genaues Programm zur Preisverleihung:http:\/\/www.marburger-kamerapreis.de\/allgemein\/1066\/"},{"@type":"ImageObject","inLanguage":"pl-PL","@id":"https:\/\/instytutpolski.pl\/duesseldorf\/2014\/03\/06\/pawel-edelman-erhalt-den-marburger-kamerapreis-2014\/#primaryimage","url":"https:\/\/instytutpolski.pl\/duesseldorf\/wp-content\/uploads\/sites\/5\/2021\/06\/gallery_Marburger_Kameragespraeche.png","contentUrl":"https:\/\/instytutpolski.pl\/duesseldorf\/wp-content\/uploads\/sites\/5\/2021\/06\/gallery_Marburger_Kameragespraeche.png","width":1712,"height":1050},{"@type":"BreadcrumbList","@id":"https:\/\/instytutpolski.pl\/duesseldorf\/2014\/03\/06\/pawel-edelman-erhalt-den-marburger-kamerapreis-2014\/#breadcrumb","itemListElement":[{"@type":"ListItem","position":1,"name":"Home","item":"https:\/\/instytutpolski.pl\/duesseldorf\/"},{"@type":"ListItem","position":2,"name":"Pawe\u0142 Edelman erh\u00e4lt den Marburger Kamerapreis 2014"}]},{"@type":"WebSite","@id":"https:\/\/instytutpolski.pl\/duesseldorf\/#website","url":"https:\/\/instytutpolski.pl\/duesseldorf\/","name":"Instytut Polski w Dusseldorfie","description":"Instytuty Polskie","potentialAction":[{"@type":"SearchAction","target":{"@type":"EntryPoint","urlTemplate":"https:\/\/instytutpolski.pl\/duesseldorf\/?s={search_term_string}"},"query-input":{"@type":"PropertyValueSpecification","valueRequired":true,"valueName":"search_term_string"}}],"inLanguage":"pl-PL"},{"@type":"Person","@id":"https:\/\/instytutpolski.pl\/duesseldorf\/#\/schema\/person\/6b4b76776c5d49a1eb862046e311998e","name":"kolinskia","image":{"@type":"ImageObject","inLanguage":"pl-PL","@id":"https:\/\/instytutpolski.pl\/duesseldorf\/#\/schema\/person\/image\/","url":"https:\/\/secure.gravatar.com\/avatar\/9bb79075402c1d25f1e9e4e8260c2d13?s=96&d=mm&r=g","contentUrl":"https:\/\/secure.gravatar.com\/avatar\/9bb79075402c1d25f1e9e4e8260c2d13?s=96&d=mm&r=g","caption":"kolinskia"},"url":"https:\/\/instytutpolski.pl\/duesseldorf\/author\/kolinskia\/"}]}},"_links":{"self":[{"href":"https:\/\/instytutpolski.pl\/duesseldorf\/wp-json\/wp\/v2\/posts\/4607","targetHints":{"allow":["GET"]}}],"collection":[{"href":"https:\/\/instytutpolski.pl\/duesseldorf\/wp-json\/wp\/v2\/posts"}],"about":[{"href":"https:\/\/instytutpolski.pl\/duesseldorf\/wp-json\/wp\/v2\/types\/post"}],"author":[{"embeddable":true,"href":"https:\/\/instytutpolski.pl\/duesseldorf\/wp-json\/wp\/v2\/users\/103"}],"replies":[{"embeddable":true,"href":"https:\/\/instytutpolski.pl\/duesseldorf\/wp-json\/wp\/v2\/comments?post=4607"}],"version-history":[{"count":1,"href":"https:\/\/instytutpolski.pl\/duesseldorf\/wp-json\/wp\/v2\/posts\/4607\/revisions"}],"predecessor-version":[{"id":4609,"href":"https:\/\/instytutpolski.pl\/duesseldorf\/wp-json\/wp\/v2\/posts\/4607\/revisions\/4609"}],"wp:featuredmedia":[{"embeddable":true,"href":"https:\/\/instytutpolski.pl\/duesseldorf\/wp-json\/wp\/v2\/media\/4608"}],"wp:attachment":[{"href":"https:\/\/instytutpolski.pl\/duesseldorf\/wp-json\/wp\/v2\/media?parent=4607"}],"wp:term":[{"taxonomy":"category","embeddable":true,"href":"https:\/\/instytutpolski.pl\/duesseldorf\/wp-json\/wp\/v2\/categories?post=4607"},{"taxonomy":"post_tag","embeddable":true,"href":"https:\/\/instytutpolski.pl\/duesseldorf\/wp-json\/wp\/v2\/tags?post=4607"}],"curies":[{"name":"wp","href":"https:\/\/api.w.org\/{rel}","templated":true}]}}