{"id":4627,"date":"2013-08-28T11:27:00","date_gmt":"2013-08-28T09:27:00","guid":{"rendered":"https:\/\/instytutpolski.pl\/duesseldorf\/?p=4627"},"modified":"2021-06-08T11:31:42","modified_gmt":"2021-06-08T09:31:42","slug":"walesa-czlowiek-z-nadzieji-weltpremiere-des-films-von-andrzej-wajda-in-venedig","status":"publish","type":"post","link":"https:\/\/instytutpolski.pl\/duesseldorf\/2013\/08\/28\/walesa-czlowiek-z-nadzieji-weltpremiere-des-films-von-andrzej-wajda-in-venedig\/","title":{"rendered":"&#8222;Wa\u0142\u0119sa. Cz\u0142owiek z nadzieji&#8221; &#8211; Weltpremiere des Films von Andrzej Wajda in Venedig"},"content":{"rendered":"\n<h3 class=\"h3_title\">\u00a0<\/h3>\n<div class=\"edytor programm\">\n<p class=\"news-info\"><strong>Mi 28.08.2013 &#8211; Sa 07.09.2013<\/strong><\/p>\nDie Premiere des neuesten Films von Oskarpreistr\u00e4ger Andrzej Wajda &#8222;Wa\u0142\u0119sa. Cz\u0142owiek z nadziei&#8221; (deutsch etwa &#8222;Wa\u0142\u0119sa. Der Mann aus Hoffnung&#8221;) findet au\u00dferhalb des Wettbewerbs auf den Internationalen Filmfestspielen in Venedig 28.8.-07.09.2013 statt.<br \/>Filmstart in polnischen Kinos: 04.10.2013<br \/>\u00a0Die Hauptrolle spielt Robert Wi\u0119ckiewicz, Danuta Wa\u0142\u0119sa wird gespielt von Agnieszka Grochowska. Drehbuch: Janusz G\u0142owacki, Kamera: Pawe\u0142 Edelman, Regie: Andrzej Wajda, Musik: Pawe\u0142 Mykietyn.<br \/>Nach &#8222;Der Mann aus Marmor&#8221; (1976)\u00a0und &#8222;Der Mann aus Eisen&#8221; (1981) schliesst der neueste Film von Wajda den Tryptichon \u00fcber den Kampf eines Mannes gegen das totalit\u00e4re kommunistische System.<\/div>\n","protected":false},"excerpt":{"rendered":"<p>\u00a0 Mi 28.08.2013 &#8211; Sa 07.09.2013 Die Premiere des neuesten Films von Oskarpreistr\u00e4ger Andrzej Wajda &#8222;Wa\u0142\u0119sa. Cz\u0142owiek z nadziei&#8221; (deutsch etwa &#8222;Wa\u0142\u0119sa. Der Mann aus Hoffnung&#8221;) findet au\u00dferhalb des Wettbewerbs auf den Internationalen Filmfestspielen in Venedig 28.8.-07.09.2013 statt.Filmstart in polnischen Kinos: 04.10.2013\u00a0Die Hauptrolle spielt Robert Wi\u0119ckiewicz, Danuta Wa\u0142\u0119sa wird gespielt von Agnieszka Grochowska. Drehbuch: Janusz [&hellip;]<\/p>\n","protected":false},"author":103,"featured_media":4628,"comment_status":"open","ping_status":"open","sticky":false,"template":"","format":"standard","meta":{"inline_featured_image":false,"_monsterinsights_skip_tracking":false,"_monsterinsights_sitenote_active":false,"_monsterinsights_sitenote_note":"","_monsterinsights_sitenote_category":0,"footnotes":""},"categories":[14,103],"tags":[],"class_list":["post-4627","post","type-post","status-publish","format-standard","has-post-thumbnail","hentry","category-film","category-programm"],"yoast_head":"<!-- This site is optimized with the Yoast SEO plugin v24.6 - https:\/\/yoast.com\/wordpress\/plugins\/seo\/ -->\n<title>&quot;Wa\u0142\u0119sa. Cz\u0142owiek z nadzieji&quot; - Weltpremiere des Films von Andrzej Wajda in Venedig - Instytut Polski w Dusseldorfie<\/title>\n<meta name=\"robots\" content=\"index, follow, max-snippet:-1, max-image-preview:large, max-video-preview:-1\" \/>\n<link rel=\"canonical\" href=\"https:\/\/instytutpolski.pl\/duesseldorf\/2013\/08\/28\/walesa-czlowiek-z-nadzieji-weltpremiere-des-films-von-andrzej-wajda-in-venedig\/\" \/>\n<meta property=\"og:locale\" content=\"pl_PL\" \/>\n<meta property=\"og:type\" content=\"article\" \/>\n<meta property=\"og:title\" content=\"&quot;Wa\u0142\u0119sa. Cz\u0142owiek z nadzieji&quot; - Weltpremiere des Films von Andrzej Wajda in Venedig - Instytut Polski w Dusseldorfie\" \/>\n<meta property=\"og:description\" content=\"\u00a0 Mi 28.08.2013 &#8211; Sa 07.09.2013 Die Premiere des neuesten Films von Oskarpreistr\u00e4ger Andrzej Wajda &#8222;Wa\u0142\u0119sa. Cz\u0142owiek z nadziei&#8221; (deutsch etwa &#8222;Wa\u0142\u0119sa. Der Mann aus Hoffnung&#8221;) findet au\u00dferhalb des Wettbewerbs auf den Internationalen Filmfestspielen in Venedig 28.8.-07.09.2013 statt.Filmstart in polnischen Kinos: 04.10.2013\u00a0Die Hauptrolle spielt Robert Wi\u0119ckiewicz, Danuta Wa\u0142\u0119sa wird gespielt von Agnieszka Grochowska. Drehbuch: Janusz [&hellip;]\" \/>\n<meta property=\"og:url\" content=\"https:\/\/instytutpolski.pl\/duesseldorf\/2013\/08\/28\/walesa-czlowiek-z-nadzieji-weltpremiere-des-films-von-andrzej-wajda-in-venedig\/\" \/>\n<meta property=\"og:site_name\" content=\"Instytut Polski w Dusseldorfie\" \/>\n<meta property=\"article:published_time\" content=\"2013-08-28T09:27:00+00:00\" \/>\n<meta property=\"article:modified_time\" content=\"2021-06-08T09:31:42+00:00\" \/>\n<meta property=\"og:image\" content=\"https:\/\/instytutpolski.pl\/duesseldorf\/wp-content\/uploads\/sites\/5\/2021\/06\/Andrzej-Wajda-Foto-iti-cinema.jpg\" \/>\n\t<meta property=\"og:image:width\" content=\"1788\" \/>\n\t<meta property=\"og:image:height\" content=\"1181\" \/>\n\t<meta property=\"og:image:type\" content=\"image\/jpeg\" \/>\n<meta name=\"author\" content=\"kolinskia\" \/>\n<meta name=\"twitter:card\" content=\"summary_large_image\" \/>\n<meta name=\"twitter:label1\" content=\"Napisane przez\" \/>\n\t<meta name=\"twitter:data1\" content=\"kolinskia\" \/>\n\t<meta name=\"twitter:label2\" content=\"Szacowany czas czytania\" \/>\n\t<meta name=\"twitter:data2\" content=\"1 minuta\" \/>\n<script type=\"application\/ld+json\" class=\"yoast-schema-graph\">{\"@context\":\"https:\/\/schema.org\",\"@graph\":[{\"@type\":\"event\",\"@id\":\"https:\/\/instytutpolski.pl\/duesseldorf\/2013\/08\/28\/walesa-czlowiek-z-nadzieji-weltpremiere-des-films-von-andrzej-wajda-in-venedig\/\",\"url\":\"https:\/\/instytutpolski.pl\/duesseldorf\/2013\/08\/28\/walesa-czlowiek-z-nadzieji-weltpremiere-des-films-von-andrzej-wajda-in-venedig\/\",\"name\":\"\\\"Wa\u0142\u0119sa. Cz\u0142owiek z nadzieji\\\" - Weltpremiere des Films von Andrzej Wajda in Venedig\",\"isPartOf\":{\"@id\":\"https:\/\/instytutpolski.pl\/duesseldorf\/#website\"},\"primaryImageOfPage\":{\"@id\":\"https:\/\/instytutpolski.pl\/duesseldorf\/2013\/08\/28\/walesa-czlowiek-z-nadzieji-weltpremiere-des-films-von-andrzej-wajda-in-venedig\/#primaryimage\"},\"image\":[\"https:\/\/instytutpolski.pl\/duesseldorf\/wp-content\/uploads\/sites\/5\/2021\/06\/Andrzej-Wajda-Foto-iti-cinema.jpg\",\"https:\/\/instytutpolski.pl\/duesseldorf\/wp-content\/uploads\/sites\/5\/2021\/06\/Andrzej-Wajda-Foto-iti-cinema-300x198.jpg\",\"https:\/\/instytutpolski.pl\/duesseldorf\/wp-content\/uploads\/sites\/5\/2021\/06\/Andrzej-Wajda-Foto-iti-cinema-1024x676.jpg\",\"https:\/\/instytutpolski.pl\/duesseldorf\/wp-content\/uploads\/sites\/5\/2021\/06\/Andrzej-Wajda-Foto-iti-cinema.jpg\"],\"thumbnailUrl\":\"https:\/\/instytutpolski.pl\/duesseldorf\/wp-content\/uploads\/sites\/5\/2021\/06\/Andrzej-Wajda-Foto-iti-cinema.jpg\",\"datePublished\":\"2013-08-28T09:27:00+02:00\",\"dateModified\":\"2021-06-08T09:31:42+02:00\",\"author\":{\"@id\":\"https:\/\/instytutpolski.pl\/duesseldorf\/#\/schema\/person\/6b4b76776c5d49a1eb862046e311998e\"},\"breadcrumb\":{\"@id\":\"https:\/\/instytutpolski.pl\/duesseldorf\/2013\/08\/28\/walesa-czlowiek-z-nadzieji-weltpremiere-des-films-von-andrzej-wajda-in-venedig\/#breadcrumb\"},\"inLanguage\":\"pl-PL\",\"potentialAction\":[{\"@type\":\"ReadAction\",\"target\":[\"https:\/\/instytutpolski.pl\/duesseldorf\/2013\/08\/28\/walesa-czlowiek-z-nadzieji-weltpremiere-des-films-von-andrzej-wajda-in-venedig\/\"]}],\"@context\":\"https:\/\/schema.org\",\"startDate\":\"2013-08-28\",\"endDate\":\"2013-09-07\",\"eventStatus\":\"EventScheduled\",\"eventAttendanceMode\":\"OfflineEventAttendanceMode\",\"location\":{\"@type\":\"place\",\"name\":\"\",\"address\":\"\",\"geo\":{\"@type\":\"GeoCoordinates\",\"latitude\":\"\",\"longitude\":\"\"}},\"description\":\"\u00a0\\nMi 28.08.2013 - Sa 07.09.2013\\nDie Premiere des neuesten Films von Oskarpreistr\u00e4ger Andrzej Wajda \\\"Wa\u0142\u0119sa. Cz\u0142owiek z nadziei\\\" (deutsch etwa \\\"Wa\u0142\u0119sa. Der Mann aus Hoffnung\\\") findet au\u00dferhalb des Wettbewerbs auf den Internationalen Filmfestspielen in Venedig 28.8.-07.09.2013 statt.Filmstart in polnischen Kinos: 04.10.2013\u00a0Die Hauptrolle spielt Robert Wi\u0119ckiewicz, Danuta Wa\u0142\u0119sa wird gespielt von Agnieszka Grochowska. Drehbuch: Janusz G\u0142owacki, Kamera: Pawe\u0142 Edelman, Regie: Andrzej Wajda, Musik: Pawe\u0142 Mykietyn.Nach \\\"Der Mann aus Marmor\\\" (1976)\u00a0und \\\"Der Mann aus Eisen\\\" (1981) schliesst der neueste Film von Wajda den Tryptichon \u00fcber den Kampf eines Mannes gegen das totalit\u00e4re kommunistische System.\"},{\"@type\":\"ImageObject\",\"inLanguage\":\"pl-PL\",\"@id\":\"https:\/\/instytutpolski.pl\/duesseldorf\/2013\/08\/28\/walesa-czlowiek-z-nadzieji-weltpremiere-des-films-von-andrzej-wajda-in-venedig\/#primaryimage\",\"url\":\"https:\/\/instytutpolski.pl\/duesseldorf\/wp-content\/uploads\/sites\/5\/2021\/06\/Andrzej-Wajda-Foto-iti-cinema.jpg\",\"contentUrl\":\"https:\/\/instytutpolski.pl\/duesseldorf\/wp-content\/uploads\/sites\/5\/2021\/06\/Andrzej-Wajda-Foto-iti-cinema.jpg\",\"width\":1788,\"height\":1181,\"caption\":\"WA\u0141\u0118SA\"},{\"@type\":\"BreadcrumbList\",\"@id\":\"https:\/\/instytutpolski.pl\/duesseldorf\/2013\/08\/28\/walesa-czlowiek-z-nadzieji-weltpremiere-des-films-von-andrzej-wajda-in-venedig\/#breadcrumb\",\"itemListElement\":[{\"@type\":\"ListItem\",\"position\":1,\"name\":\"Home\",\"item\":\"https:\/\/instytutpolski.pl\/duesseldorf\/\"},{\"@type\":\"ListItem\",\"position\":2,\"name\":\"&#8222;Wa\u0142\u0119sa. Cz\u0142owiek z nadzieji&#8220; &#8211; Weltpremiere des Films von Andrzej Wajda in Venedig\"}]},{\"@type\":\"WebSite\",\"@id\":\"https:\/\/instytutpolski.pl\/duesseldorf\/#website\",\"url\":\"https:\/\/instytutpolski.pl\/duesseldorf\/\",\"name\":\"Instytut Polski w Dusseldorfie\",\"description\":\"Instytuty Polskie\",\"potentialAction\":[{\"@type\":\"SearchAction\",\"target\":{\"@type\":\"EntryPoint\",\"urlTemplate\":\"https:\/\/instytutpolski.pl\/duesseldorf\/?s={search_term_string}\"},\"query-input\":{\"@type\":\"PropertyValueSpecification\",\"valueRequired\":true,\"valueName\":\"search_term_string\"}}],\"inLanguage\":\"pl-PL\"},{\"@type\":\"Person\",\"@id\":\"https:\/\/instytutpolski.pl\/duesseldorf\/#\/schema\/person\/6b4b76776c5d49a1eb862046e311998e\",\"name\":\"kolinskia\",\"image\":{\"@type\":\"ImageObject\",\"inLanguage\":\"pl-PL\",\"@id\":\"https:\/\/instytutpolski.pl\/duesseldorf\/#\/schema\/person\/image\/\",\"url\":\"https:\/\/secure.gravatar.com\/avatar\/9bb79075402c1d25f1e9e4e8260c2d13?s=96&d=mm&r=g\",\"contentUrl\":\"https:\/\/secure.gravatar.com\/avatar\/9bb79075402c1d25f1e9e4e8260c2d13?s=96&d=mm&r=g\",\"caption\":\"kolinskia\"},\"url\":\"https:\/\/instytutpolski.pl\/duesseldorf\/author\/kolinskia\/\"}]}<\/script>\n<!-- \/ Yoast SEO plugin. -->","yoast_head_json":{"title":"\"Wa\u0142\u0119sa. Cz\u0142owiek z nadzieji\" - Weltpremiere des Films von Andrzej Wajda in Venedig - Instytut Polski w Dusseldorfie","robots":{"index":"index","follow":"follow","max-snippet":"max-snippet:-1","max-image-preview":"max-image-preview:large","max-video-preview":"max-video-preview:-1"},"canonical":"https:\/\/instytutpolski.pl\/duesseldorf\/2013\/08\/28\/walesa-czlowiek-z-nadzieji-weltpremiere-des-films-von-andrzej-wajda-in-venedig\/","og_locale":"pl_PL","og_type":"article","og_title":"\"Wa\u0142\u0119sa. Cz\u0142owiek z nadzieji\" - Weltpremiere des Films von Andrzej Wajda in Venedig - Instytut Polski w Dusseldorfie","og_description":"\u00a0 Mi 28.08.2013 &#8211; Sa 07.09.2013 Die Premiere des neuesten Films von Oskarpreistr\u00e4ger Andrzej Wajda &#8222;Wa\u0142\u0119sa. Cz\u0142owiek z nadziei&#8221; (deutsch etwa &#8222;Wa\u0142\u0119sa. Der Mann aus Hoffnung&#8221;) findet au\u00dferhalb des Wettbewerbs auf den Internationalen Filmfestspielen in Venedig 28.8.-07.09.2013 statt.Filmstart in polnischen Kinos: 04.10.2013\u00a0Die Hauptrolle spielt Robert Wi\u0119ckiewicz, Danuta Wa\u0142\u0119sa wird gespielt von Agnieszka Grochowska. Drehbuch: Janusz [&hellip;]","og_url":"https:\/\/instytutpolski.pl\/duesseldorf\/2013\/08\/28\/walesa-czlowiek-z-nadzieji-weltpremiere-des-films-von-andrzej-wajda-in-venedig\/","og_site_name":"Instytut Polski w Dusseldorfie","article_published_time":"2013-08-28T09:27:00+00:00","article_modified_time":"2021-06-08T09:31:42+00:00","og_image":[{"width":1788,"height":1181,"url":"https:\/\/instytutpolski.pl\/duesseldorf\/wp-content\/uploads\/sites\/5\/2021\/06\/Andrzej-Wajda-Foto-iti-cinema.jpg","type":"image\/jpeg"}],"author":"kolinskia","twitter_card":"summary_large_image","twitter_misc":{"Napisane przez":"kolinskia","Szacowany czas czytania":"1 minuta"},"schema":{"@context":"https:\/\/schema.org","@graph":[{"@type":"event","@id":"https:\/\/instytutpolski.pl\/duesseldorf\/2013\/08\/28\/walesa-czlowiek-z-nadzieji-weltpremiere-des-films-von-andrzej-wajda-in-venedig\/","url":"https:\/\/instytutpolski.pl\/duesseldorf\/2013\/08\/28\/walesa-czlowiek-z-nadzieji-weltpremiere-des-films-von-andrzej-wajda-in-venedig\/","name":"\"Wa\u0142\u0119sa. Cz\u0142owiek z nadzieji\" - Weltpremiere des Films von Andrzej Wajda in Venedig","isPartOf":{"@id":"https:\/\/instytutpolski.pl\/duesseldorf\/#website"},"primaryImageOfPage":{"@id":"https:\/\/instytutpolski.pl\/duesseldorf\/2013\/08\/28\/walesa-czlowiek-z-nadzieji-weltpremiere-des-films-von-andrzej-wajda-in-venedig\/#primaryimage"},"image":["https:\/\/instytutpolski.pl\/duesseldorf\/wp-content\/uploads\/sites\/5\/2021\/06\/Andrzej-Wajda-Foto-iti-cinema.jpg","https:\/\/instytutpolski.pl\/duesseldorf\/wp-content\/uploads\/sites\/5\/2021\/06\/Andrzej-Wajda-Foto-iti-cinema-300x198.jpg","https:\/\/instytutpolski.pl\/duesseldorf\/wp-content\/uploads\/sites\/5\/2021\/06\/Andrzej-Wajda-Foto-iti-cinema-1024x676.jpg","https:\/\/instytutpolski.pl\/duesseldorf\/wp-content\/uploads\/sites\/5\/2021\/06\/Andrzej-Wajda-Foto-iti-cinema.jpg"],"thumbnailUrl":"https:\/\/instytutpolski.pl\/duesseldorf\/wp-content\/uploads\/sites\/5\/2021\/06\/Andrzej-Wajda-Foto-iti-cinema.jpg","datePublished":"2013-08-28T09:27:00+02:00","dateModified":"2021-06-08T09:31:42+02:00","author":{"@id":"https:\/\/instytutpolski.pl\/duesseldorf\/#\/schema\/person\/6b4b76776c5d49a1eb862046e311998e"},"breadcrumb":{"@id":"https:\/\/instytutpolski.pl\/duesseldorf\/2013\/08\/28\/walesa-czlowiek-z-nadzieji-weltpremiere-des-films-von-andrzej-wajda-in-venedig\/#breadcrumb"},"inLanguage":"pl-PL","potentialAction":[{"@type":"ReadAction","target":["https:\/\/instytutpolski.pl\/duesseldorf\/2013\/08\/28\/walesa-czlowiek-z-nadzieji-weltpremiere-des-films-von-andrzej-wajda-in-venedig\/"]}],"@context":"https:\/\/schema.org","startDate":"2013-08-28","endDate":"2013-09-07","eventStatus":"EventScheduled","eventAttendanceMode":"OfflineEventAttendanceMode","location":{"@type":"place","name":"","address":"","geo":{"@type":"GeoCoordinates","latitude":"","longitude":""}},"description":"\u00a0\nMi 28.08.2013 - Sa 07.09.2013\nDie Premiere des neuesten Films von Oskarpreistr\u00e4ger Andrzej Wajda \"Wa\u0142\u0119sa. Cz\u0142owiek z nadziei\" (deutsch etwa \"Wa\u0142\u0119sa. Der Mann aus Hoffnung\") findet au\u00dferhalb des Wettbewerbs auf den Internationalen Filmfestspielen in Venedig 28.8.-07.09.2013 statt.Filmstart in polnischen Kinos: 04.10.2013\u00a0Die Hauptrolle spielt Robert Wi\u0119ckiewicz, Danuta Wa\u0142\u0119sa wird gespielt von Agnieszka Grochowska. Drehbuch: Janusz G\u0142owacki, Kamera: Pawe\u0142 Edelman, Regie: Andrzej Wajda, Musik: Pawe\u0142 Mykietyn.Nach \"Der Mann aus Marmor\" (1976)\u00a0und \"Der Mann aus Eisen\" (1981) schliesst der neueste Film von Wajda den Tryptichon \u00fcber den Kampf eines Mannes gegen das totalit\u00e4re kommunistische System."},{"@type":"ImageObject","inLanguage":"pl-PL","@id":"https:\/\/instytutpolski.pl\/duesseldorf\/2013\/08\/28\/walesa-czlowiek-z-nadzieji-weltpremiere-des-films-von-andrzej-wajda-in-venedig\/#primaryimage","url":"https:\/\/instytutpolski.pl\/duesseldorf\/wp-content\/uploads\/sites\/5\/2021\/06\/Andrzej-Wajda-Foto-iti-cinema.jpg","contentUrl":"https:\/\/instytutpolski.pl\/duesseldorf\/wp-content\/uploads\/sites\/5\/2021\/06\/Andrzej-Wajda-Foto-iti-cinema.jpg","width":1788,"height":1181,"caption":"WA\u0141\u0118SA"},{"@type":"BreadcrumbList","@id":"https:\/\/instytutpolski.pl\/duesseldorf\/2013\/08\/28\/walesa-czlowiek-z-nadzieji-weltpremiere-des-films-von-andrzej-wajda-in-venedig\/#breadcrumb","itemListElement":[{"@type":"ListItem","position":1,"name":"Home","item":"https:\/\/instytutpolski.pl\/duesseldorf\/"},{"@type":"ListItem","position":2,"name":"&#8222;Wa\u0142\u0119sa. Cz\u0142owiek z nadzieji&#8220; &#8211; Weltpremiere des Films von Andrzej Wajda in Venedig"}]},{"@type":"WebSite","@id":"https:\/\/instytutpolski.pl\/duesseldorf\/#website","url":"https:\/\/instytutpolski.pl\/duesseldorf\/","name":"Instytut Polski w Dusseldorfie","description":"Instytuty Polskie","potentialAction":[{"@type":"SearchAction","target":{"@type":"EntryPoint","urlTemplate":"https:\/\/instytutpolski.pl\/duesseldorf\/?s={search_term_string}"},"query-input":{"@type":"PropertyValueSpecification","valueRequired":true,"valueName":"search_term_string"}}],"inLanguage":"pl-PL"},{"@type":"Person","@id":"https:\/\/instytutpolski.pl\/duesseldorf\/#\/schema\/person\/6b4b76776c5d49a1eb862046e311998e","name":"kolinskia","image":{"@type":"ImageObject","inLanguage":"pl-PL","@id":"https:\/\/instytutpolski.pl\/duesseldorf\/#\/schema\/person\/image\/","url":"https:\/\/secure.gravatar.com\/avatar\/9bb79075402c1d25f1e9e4e8260c2d13?s=96&d=mm&r=g","contentUrl":"https:\/\/secure.gravatar.com\/avatar\/9bb79075402c1d25f1e9e4e8260c2d13?s=96&d=mm&r=g","caption":"kolinskia"},"url":"https:\/\/instytutpolski.pl\/duesseldorf\/author\/kolinskia\/"}]}},"_links":{"self":[{"href":"https:\/\/instytutpolski.pl\/duesseldorf\/wp-json\/wp\/v2\/posts\/4627","targetHints":{"allow":["GET"]}}],"collection":[{"href":"https:\/\/instytutpolski.pl\/duesseldorf\/wp-json\/wp\/v2\/posts"}],"about":[{"href":"https:\/\/instytutpolski.pl\/duesseldorf\/wp-json\/wp\/v2\/types\/post"}],"author":[{"embeddable":true,"href":"https:\/\/instytutpolski.pl\/duesseldorf\/wp-json\/wp\/v2\/users\/103"}],"replies":[{"embeddable":true,"href":"https:\/\/instytutpolski.pl\/duesseldorf\/wp-json\/wp\/v2\/comments?post=4627"}],"version-history":[{"count":1,"href":"https:\/\/instytutpolski.pl\/duesseldorf\/wp-json\/wp\/v2\/posts\/4627\/revisions"}],"predecessor-version":[{"id":4629,"href":"https:\/\/instytutpolski.pl\/duesseldorf\/wp-json\/wp\/v2\/posts\/4627\/revisions\/4629"}],"wp:featuredmedia":[{"embeddable":true,"href":"https:\/\/instytutpolski.pl\/duesseldorf\/wp-json\/wp\/v2\/media\/4628"}],"wp:attachment":[{"href":"https:\/\/instytutpolski.pl\/duesseldorf\/wp-json\/wp\/v2\/media?parent=4627"}],"wp:term":[{"taxonomy":"category","embeddable":true,"href":"https:\/\/instytutpolski.pl\/duesseldorf\/wp-json\/wp\/v2\/categories?post=4627"},{"taxonomy":"post_tag","embeddable":true,"href":"https:\/\/instytutpolski.pl\/duesseldorf\/wp-json\/wp\/v2\/tags?post=4627"}],"curies":[{"name":"wp","href":"https:\/\/api.w.org\/{rel}","templated":true}]}}