{"id":4636,"date":"2013-05-02T12:30:00","date_gmt":"2013-05-02T10:30:00","guid":{"rendered":"https:\/\/instytutpolski.pl\/duesseldorf\/?p=4636"},"modified":"2021-06-08T12:36:18","modified_gmt":"2021-06-08T10:36:18","slug":"polnische-preistrager-bei-59-internationalen-kurzfilmtagen-oberhausen","status":"publish","type":"post","link":"https:\/\/instytutpolski.pl\/duesseldorf\/2013\/05\/02\/polnische-preistrager-bei-59-internationalen-kurzfilmtagen-oberhausen\/","title":{"rendered":"Polnische Preistr\u00e4ger bei 59. Internationalen Kurzfilmtagen Oberhausen"},"content":{"rendered":"\n<h3 class=\"h3_title\">\u00a0<\/h3>\n<div class=\"edytor programm\">\n<p class=\"news-info\"><strong>Do 02.05.2013 &#8211; Di 07.05.2013 <\/strong>Oberhausen<\/p>\nDer polnische Regisseur\u00a0<strong>Tomasz Popakul\u00a0<\/strong>mit seinem Film &#8222;<strong>Ziegenort<\/strong>&#8221; hat den Hauptpreis von der internationalen Jury\u00a0der 59. Internationalen Kurzfilmtage Oberhausen bekommen. Ausgezeichnet wurde auch\u00a0<strong>Pawe\u0142 Ziemilski\u00a0<\/strong>f\u00fcr seinen Film &#8222;<strong>Rogalik<\/strong>&#8222;.<br \/><br \/>Hauptpreis<br \/><em><strong>Ziegenort<\/strong><\/em>, Regie: Tomasz Popakul, Polen 2013, 19 min, DCP, Farbe<br \/><br \/>Aus der J\u00fcry-Begr\u00fcndung:<br \/>&#8222;Der Sch\u00f6pfer dieser Arbeit hat sich entschieden, seinen Film mit dem gro\u00dfz\u00fcgigen Vorschlag einzuf\u00fchren, dass wir alle gut zueinander sein sollen. Diese Botschaft wird k\u00fcnstlerisch gestaltet und mit Hilfe einer Reihe animierter Zeichnungen verk\u00fcndet, die zahlreiche Tiefen und Perspektiven aufweisen. Diese regionale und semi-autobiographische Erz\u00e4hlung bleibt auf die sch\u00f6nste Art und Weise unvergesslich. Tomasz Popakul, Danke, dass du uns ans Meer mitnimmst: durch schwarzwei\u00dfe Bilder, die komplexe, schwelende Atmosph\u00e4ren schaffen, ohne Schnorchel oder Sauerstofftank.&#8221;<br \/><br \/>Lobende Erw\u00e4hnungen der Internationalen Jury:<br \/><em><strong>Rogalik<\/strong><\/em>, Regie: Pawe\u0142 Ziemilski, Polen 2012, 17 min 30 sec, DCP, Farbe<\/div>\n","protected":false},"excerpt":{"rendered":"<p>\u00a0 Do 02.05.2013 &#8211; Di 07.05.2013 Oberhausen Der polnische Regisseur\u00a0Tomasz Popakul\u00a0mit seinem Film &#8222;Ziegenort&#8221; hat den Hauptpreis von der internationalen Jury\u00a0der 59. Internationalen Kurzfilmtage Oberhausen bekommen. Ausgezeichnet wurde auch\u00a0Pawe\u0142 Ziemilski\u00a0f\u00fcr seinen Film &#8222;Rogalik&#8222;. HauptpreisZiegenort, Regie: Tomasz Popakul, Polen 2013, 19 min, DCP, Farbe Aus der J\u00fcry-Begr\u00fcndung:&#8222;Der Sch\u00f6pfer dieser Arbeit hat sich entschieden, seinen Film mit [&hellip;]<\/p>\n","protected":false},"author":103,"featured_media":4637,"comment_status":"open","ping_status":"open","sticky":false,"template":"","format":"standard","meta":{"inline_featured_image":false,"_monsterinsights_skip_tracking":false,"_monsterinsights_sitenote_active":false,"_monsterinsights_sitenote_note":"","_monsterinsights_sitenote_category":0,"footnotes":""},"categories":[14,103],"tags":[],"class_list":["post-4636","post","type-post","status-publish","format-standard","has-post-thumbnail","hentry","category-film","category-programm"],"yoast_head":"<!-- This site is optimized with the Yoast SEO plugin v24.6 - https:\/\/yoast.com\/wordpress\/plugins\/seo\/ -->\n<title>Polnische Preistr\u00e4ger bei 59. Internationalen Kurzfilmtagen Oberhausen - Instytut Polski w Dusseldorfie<\/title>\n<meta name=\"robots\" content=\"index, follow, max-snippet:-1, max-image-preview:large, max-video-preview:-1\" \/>\n<link rel=\"canonical\" href=\"https:\/\/instytutpolski.pl\/duesseldorf\/2013\/05\/02\/polnische-preistrager-bei-59-internationalen-kurzfilmtagen-oberhausen\/\" \/>\n<meta property=\"og:locale\" content=\"pl_PL\" \/>\n<meta property=\"og:type\" content=\"article\" \/>\n<meta property=\"og:title\" content=\"Polnische Preistr\u00e4ger bei 59. Internationalen Kurzfilmtagen Oberhausen - Instytut Polski w Dusseldorfie\" \/>\n<meta property=\"og:description\" content=\"\u00a0 Do 02.05.2013 &#8211; Di 07.05.2013 Oberhausen Der polnische Regisseur\u00a0Tomasz Popakul\u00a0mit seinem Film &#8222;Ziegenort&#8221; hat den Hauptpreis von der internationalen Jury\u00a0der 59. Internationalen Kurzfilmtage Oberhausen bekommen. Ausgezeichnet wurde auch\u00a0Pawe\u0142 Ziemilski\u00a0f\u00fcr seinen Film &#8222;Rogalik&#8222;. HauptpreisZiegenort, Regie: Tomasz Popakul, Polen 2013, 19 min, DCP, Farbe Aus der J\u00fcry-Begr\u00fcndung:&#8222;Der Sch\u00f6pfer dieser Arbeit hat sich entschieden, seinen Film mit [&hellip;]\" \/>\n<meta property=\"og:url\" content=\"https:\/\/instytutpolski.pl\/duesseldorf\/2013\/05\/02\/polnische-preistrager-bei-59-internationalen-kurzfilmtagen-oberhausen\/\" \/>\n<meta property=\"og:site_name\" content=\"Instytut Polski w Dusseldorfie\" \/>\n<meta property=\"article:published_time\" content=\"2013-05-02T10:30:00+00:00\" \/>\n<meta property=\"article:modified_time\" content=\"2021-06-08T10:36:18+00:00\" \/>\n<meta property=\"og:image\" content=\"https:\/\/instytutpolski.pl\/duesseldorf\/wp-content\/uploads\/sites\/5\/2021\/06\/tomasz-popakul.jpg\" \/>\n\t<meta property=\"og:image:width\" content=\"300\" \/>\n\t<meta property=\"og:image:height\" content=\"168\" \/>\n\t<meta property=\"og:image:type\" content=\"image\/jpeg\" \/>\n<meta name=\"author\" content=\"kolinskia\" \/>\n<meta name=\"twitter:card\" content=\"summary_large_image\" \/>\n<meta name=\"twitter:label1\" content=\"Napisane przez\" \/>\n\t<meta name=\"twitter:data1\" content=\"kolinskia\" \/>\n\t<meta name=\"twitter:label2\" content=\"Szacowany czas czytania\" \/>\n\t<meta name=\"twitter:data2\" content=\"1 minuta\" \/>\n<script type=\"application\/ld+json\" class=\"yoast-schema-graph\">{\"@context\":\"https:\/\/schema.org\",\"@graph\":[{\"@type\":\"event\",\"@id\":\"https:\/\/instytutpolski.pl\/duesseldorf\/2013\/05\/02\/polnische-preistrager-bei-59-internationalen-kurzfilmtagen-oberhausen\/\",\"url\":\"https:\/\/instytutpolski.pl\/duesseldorf\/2013\/05\/02\/polnische-preistrager-bei-59-internationalen-kurzfilmtagen-oberhausen\/\",\"name\":\"Polnische Preistr\u00e4ger bei 59. Internationalen Kurzfilmtagen Oberhausen\",\"isPartOf\":{\"@id\":\"https:\/\/instytutpolski.pl\/duesseldorf\/#website\"},\"primaryImageOfPage\":{\"@id\":\"https:\/\/instytutpolski.pl\/duesseldorf\/2013\/05\/02\/polnische-preistrager-bei-59-internationalen-kurzfilmtagen-oberhausen\/#primaryimage\"},\"image\":[\"https:\/\/instytutpolski.pl\/duesseldorf\/wp-content\/uploads\/sites\/5\/2021\/06\/tomasz-popakul.jpg\",\"https:\/\/instytutpolski.pl\/duesseldorf\/wp-content\/uploads\/sites\/5\/2021\/06\/tomasz-popakul.jpg\",\"https:\/\/instytutpolski.pl\/duesseldorf\/wp-content\/uploads\/sites\/5\/2021\/06\/tomasz-popakul.jpg\",\"https:\/\/instytutpolski.pl\/duesseldorf\/wp-content\/uploads\/sites\/5\/2021\/06\/tomasz-popakul.jpg\"],\"thumbnailUrl\":\"https:\/\/instytutpolski.pl\/duesseldorf\/wp-content\/uploads\/sites\/5\/2021\/06\/tomasz-popakul.jpg\",\"datePublished\":\"2013-05-02T10:30:00+02:00\",\"dateModified\":\"2021-06-08T10:36:18+02:00\",\"author\":{\"@id\":\"https:\/\/instytutpolski.pl\/duesseldorf\/#\/schema\/person\/6b4b76776c5d49a1eb862046e311998e\"},\"breadcrumb\":{\"@id\":\"https:\/\/instytutpolski.pl\/duesseldorf\/2013\/05\/02\/polnische-preistrager-bei-59-internationalen-kurzfilmtagen-oberhausen\/#breadcrumb\"},\"inLanguage\":\"pl-PL\",\"potentialAction\":[{\"@type\":\"ReadAction\",\"target\":[\"https:\/\/instytutpolski.pl\/duesseldorf\/2013\/05\/02\/polnische-preistrager-bei-59-internationalen-kurzfilmtagen-oberhausen\/\"]}],\"@context\":\"https:\/\/schema.org\",\"startDate\":\"2013-05-02\",\"endDate\":\"2013-05-07\",\"eventStatus\":\"EventScheduled\",\"eventAttendanceMode\":\"OfflineEventAttendanceMode\",\"location\":{\"@type\":\"place\",\"name\":\"\",\"address\":\"\",\"geo\":{\"@type\":\"GeoCoordinates\",\"latitude\":\"\",\"longitude\":\"\"}},\"description\":\"\u00a0\\nDo 02.05.2013 - Di 07.05.2013 Oberhausen\\nDer polnische Regisseur\u00a0Tomasz Popakul\u00a0mit seinem Film \\\"Ziegenort\\\" hat den Hauptpreis von der internationalen Jury\u00a0der 59. Internationalen Kurzfilmtage Oberhausen bekommen. Ausgezeichnet wurde auch\u00a0Pawe\u0142 Ziemilski\u00a0f\u00fcr seinen Film \\\"Rogalik\\\".HauptpreisZiegenort, Regie: Tomasz Popakul, Polen 2013, 19 min, DCP, FarbeAus der J\u00fcry-Begr\u00fcndung:\\\"Der Sch\u00f6pfer dieser Arbeit hat sich entschieden, seinen Film mit dem gro\u00dfz\u00fcgigen Vorschlag einzuf\u00fchren, dass wir alle gut zueinander sein sollen. Diese Botschaft wird k\u00fcnstlerisch gestaltet und mit Hilfe einer Reihe animierter Zeichnungen verk\u00fcndet, die zahlreiche Tiefen und Perspektiven aufweisen. Diese regionale und semi-autobiographische Erz\u00e4hlung bleibt auf die sch\u00f6nste Art und Weise unvergesslich. Tomasz Popakul, Danke, dass du uns ans Meer mitnimmst: durch schwarzwei\u00dfe Bilder, die komplexe, schwelende Atmosph\u00e4ren schaffen, ohne Schnorchel oder Sauerstofftank.\\\"Lobende Erw\u00e4hnungen der Internationalen Jury:Rogalik, Regie: Pawe\u0142 Ziemilski, Polen 2012, 17 min 30 sec, DCP, Farbe\"},{\"@type\":\"ImageObject\",\"inLanguage\":\"pl-PL\",\"@id\":\"https:\/\/instytutpolski.pl\/duesseldorf\/2013\/05\/02\/polnische-preistrager-bei-59-internationalen-kurzfilmtagen-oberhausen\/#primaryimage\",\"url\":\"https:\/\/instytutpolski.pl\/duesseldorf\/wp-content\/uploads\/sites\/5\/2021\/06\/tomasz-popakul.jpg\",\"contentUrl\":\"https:\/\/instytutpolski.pl\/duesseldorf\/wp-content\/uploads\/sites\/5\/2021\/06\/tomasz-popakul.jpg\",\"width\":300,\"height\":168},{\"@type\":\"BreadcrumbList\",\"@id\":\"https:\/\/instytutpolski.pl\/duesseldorf\/2013\/05\/02\/polnische-preistrager-bei-59-internationalen-kurzfilmtagen-oberhausen\/#breadcrumb\",\"itemListElement\":[{\"@type\":\"ListItem\",\"position\":1,\"name\":\"Home\",\"item\":\"https:\/\/instytutpolski.pl\/duesseldorf\/\"},{\"@type\":\"ListItem\",\"position\":2,\"name\":\"Polnische Preistr\u00e4ger bei 59. Internationalen Kurzfilmtagen Oberhausen\"}]},{\"@type\":\"WebSite\",\"@id\":\"https:\/\/instytutpolski.pl\/duesseldorf\/#website\",\"url\":\"https:\/\/instytutpolski.pl\/duesseldorf\/\",\"name\":\"Instytut Polski w Dusseldorfie\",\"description\":\"Instytuty Polskie\",\"potentialAction\":[{\"@type\":\"SearchAction\",\"target\":{\"@type\":\"EntryPoint\",\"urlTemplate\":\"https:\/\/instytutpolski.pl\/duesseldorf\/?s={search_term_string}\"},\"query-input\":{\"@type\":\"PropertyValueSpecification\",\"valueRequired\":true,\"valueName\":\"search_term_string\"}}],\"inLanguage\":\"pl-PL\"},{\"@type\":\"Person\",\"@id\":\"https:\/\/instytutpolski.pl\/duesseldorf\/#\/schema\/person\/6b4b76776c5d49a1eb862046e311998e\",\"name\":\"kolinskia\",\"image\":{\"@type\":\"ImageObject\",\"inLanguage\":\"pl-PL\",\"@id\":\"https:\/\/instytutpolski.pl\/duesseldorf\/#\/schema\/person\/image\/\",\"url\":\"https:\/\/secure.gravatar.com\/avatar\/9bb79075402c1d25f1e9e4e8260c2d13?s=96&d=mm&r=g\",\"contentUrl\":\"https:\/\/secure.gravatar.com\/avatar\/9bb79075402c1d25f1e9e4e8260c2d13?s=96&d=mm&r=g\",\"caption\":\"kolinskia\"},\"url\":\"https:\/\/instytutpolski.pl\/duesseldorf\/author\/kolinskia\/\"}]}<\/script>\n<!-- \/ Yoast SEO plugin. -->","yoast_head_json":{"title":"Polnische Preistr\u00e4ger bei 59. Internationalen Kurzfilmtagen Oberhausen - Instytut Polski w Dusseldorfie","robots":{"index":"index","follow":"follow","max-snippet":"max-snippet:-1","max-image-preview":"max-image-preview:large","max-video-preview":"max-video-preview:-1"},"canonical":"https:\/\/instytutpolski.pl\/duesseldorf\/2013\/05\/02\/polnische-preistrager-bei-59-internationalen-kurzfilmtagen-oberhausen\/","og_locale":"pl_PL","og_type":"article","og_title":"Polnische Preistr\u00e4ger bei 59. Internationalen Kurzfilmtagen Oberhausen - Instytut Polski w Dusseldorfie","og_description":"\u00a0 Do 02.05.2013 &#8211; Di 07.05.2013 Oberhausen Der polnische Regisseur\u00a0Tomasz Popakul\u00a0mit seinem Film &#8222;Ziegenort&#8221; hat den Hauptpreis von der internationalen Jury\u00a0der 59. Internationalen Kurzfilmtage Oberhausen bekommen. Ausgezeichnet wurde auch\u00a0Pawe\u0142 Ziemilski\u00a0f\u00fcr seinen Film &#8222;Rogalik&#8222;. HauptpreisZiegenort, Regie: Tomasz Popakul, Polen 2013, 19 min, DCP, Farbe Aus der J\u00fcry-Begr\u00fcndung:&#8222;Der Sch\u00f6pfer dieser Arbeit hat sich entschieden, seinen Film mit [&hellip;]","og_url":"https:\/\/instytutpolski.pl\/duesseldorf\/2013\/05\/02\/polnische-preistrager-bei-59-internationalen-kurzfilmtagen-oberhausen\/","og_site_name":"Instytut Polski w Dusseldorfie","article_published_time":"2013-05-02T10:30:00+00:00","article_modified_time":"2021-06-08T10:36:18+00:00","og_image":[{"width":300,"height":168,"url":"https:\/\/instytutpolski.pl\/duesseldorf\/wp-content\/uploads\/sites\/5\/2021\/06\/tomasz-popakul.jpg","type":"image\/jpeg"}],"author":"kolinskia","twitter_card":"summary_large_image","twitter_misc":{"Napisane przez":"kolinskia","Szacowany czas czytania":"1 minuta"},"schema":{"@context":"https:\/\/schema.org","@graph":[{"@type":"event","@id":"https:\/\/instytutpolski.pl\/duesseldorf\/2013\/05\/02\/polnische-preistrager-bei-59-internationalen-kurzfilmtagen-oberhausen\/","url":"https:\/\/instytutpolski.pl\/duesseldorf\/2013\/05\/02\/polnische-preistrager-bei-59-internationalen-kurzfilmtagen-oberhausen\/","name":"Polnische Preistr\u00e4ger bei 59. Internationalen Kurzfilmtagen Oberhausen","isPartOf":{"@id":"https:\/\/instytutpolski.pl\/duesseldorf\/#website"},"primaryImageOfPage":{"@id":"https:\/\/instytutpolski.pl\/duesseldorf\/2013\/05\/02\/polnische-preistrager-bei-59-internationalen-kurzfilmtagen-oberhausen\/#primaryimage"},"image":["https:\/\/instytutpolski.pl\/duesseldorf\/wp-content\/uploads\/sites\/5\/2021\/06\/tomasz-popakul.jpg","https:\/\/instytutpolski.pl\/duesseldorf\/wp-content\/uploads\/sites\/5\/2021\/06\/tomasz-popakul.jpg","https:\/\/instytutpolski.pl\/duesseldorf\/wp-content\/uploads\/sites\/5\/2021\/06\/tomasz-popakul.jpg","https:\/\/instytutpolski.pl\/duesseldorf\/wp-content\/uploads\/sites\/5\/2021\/06\/tomasz-popakul.jpg"],"thumbnailUrl":"https:\/\/instytutpolski.pl\/duesseldorf\/wp-content\/uploads\/sites\/5\/2021\/06\/tomasz-popakul.jpg","datePublished":"2013-05-02T10:30:00+02:00","dateModified":"2021-06-08T10:36:18+02:00","author":{"@id":"https:\/\/instytutpolski.pl\/duesseldorf\/#\/schema\/person\/6b4b76776c5d49a1eb862046e311998e"},"breadcrumb":{"@id":"https:\/\/instytutpolski.pl\/duesseldorf\/2013\/05\/02\/polnische-preistrager-bei-59-internationalen-kurzfilmtagen-oberhausen\/#breadcrumb"},"inLanguage":"pl-PL","potentialAction":[{"@type":"ReadAction","target":["https:\/\/instytutpolski.pl\/duesseldorf\/2013\/05\/02\/polnische-preistrager-bei-59-internationalen-kurzfilmtagen-oberhausen\/"]}],"@context":"https:\/\/schema.org","startDate":"2013-05-02","endDate":"2013-05-07","eventStatus":"EventScheduled","eventAttendanceMode":"OfflineEventAttendanceMode","location":{"@type":"place","name":"","address":"","geo":{"@type":"GeoCoordinates","latitude":"","longitude":""}},"description":"\u00a0\nDo 02.05.2013 - Di 07.05.2013 Oberhausen\nDer polnische Regisseur\u00a0Tomasz Popakul\u00a0mit seinem Film \"Ziegenort\" hat den Hauptpreis von der internationalen Jury\u00a0der 59. Internationalen Kurzfilmtage Oberhausen bekommen. Ausgezeichnet wurde auch\u00a0Pawe\u0142 Ziemilski\u00a0f\u00fcr seinen Film \"Rogalik\".HauptpreisZiegenort, Regie: Tomasz Popakul, Polen 2013, 19 min, DCP, FarbeAus der J\u00fcry-Begr\u00fcndung:\"Der Sch\u00f6pfer dieser Arbeit hat sich entschieden, seinen Film mit dem gro\u00dfz\u00fcgigen Vorschlag einzuf\u00fchren, dass wir alle gut zueinander sein sollen. Diese Botschaft wird k\u00fcnstlerisch gestaltet und mit Hilfe einer Reihe animierter Zeichnungen verk\u00fcndet, die zahlreiche Tiefen und Perspektiven aufweisen. Diese regionale und semi-autobiographische Erz\u00e4hlung bleibt auf die sch\u00f6nste Art und Weise unvergesslich. Tomasz Popakul, Danke, dass du uns ans Meer mitnimmst: durch schwarzwei\u00dfe Bilder, die komplexe, schwelende Atmosph\u00e4ren schaffen, ohne Schnorchel oder Sauerstofftank.\"Lobende Erw\u00e4hnungen der Internationalen Jury:Rogalik, Regie: Pawe\u0142 Ziemilski, Polen 2012, 17 min 30 sec, DCP, Farbe"},{"@type":"ImageObject","inLanguage":"pl-PL","@id":"https:\/\/instytutpolski.pl\/duesseldorf\/2013\/05\/02\/polnische-preistrager-bei-59-internationalen-kurzfilmtagen-oberhausen\/#primaryimage","url":"https:\/\/instytutpolski.pl\/duesseldorf\/wp-content\/uploads\/sites\/5\/2021\/06\/tomasz-popakul.jpg","contentUrl":"https:\/\/instytutpolski.pl\/duesseldorf\/wp-content\/uploads\/sites\/5\/2021\/06\/tomasz-popakul.jpg","width":300,"height":168},{"@type":"BreadcrumbList","@id":"https:\/\/instytutpolski.pl\/duesseldorf\/2013\/05\/02\/polnische-preistrager-bei-59-internationalen-kurzfilmtagen-oberhausen\/#breadcrumb","itemListElement":[{"@type":"ListItem","position":1,"name":"Home","item":"https:\/\/instytutpolski.pl\/duesseldorf\/"},{"@type":"ListItem","position":2,"name":"Polnische Preistr\u00e4ger bei 59. Internationalen Kurzfilmtagen Oberhausen"}]},{"@type":"WebSite","@id":"https:\/\/instytutpolski.pl\/duesseldorf\/#website","url":"https:\/\/instytutpolski.pl\/duesseldorf\/","name":"Instytut Polski w Dusseldorfie","description":"Instytuty Polskie","potentialAction":[{"@type":"SearchAction","target":{"@type":"EntryPoint","urlTemplate":"https:\/\/instytutpolski.pl\/duesseldorf\/?s={search_term_string}"},"query-input":{"@type":"PropertyValueSpecification","valueRequired":true,"valueName":"search_term_string"}}],"inLanguage":"pl-PL"},{"@type":"Person","@id":"https:\/\/instytutpolski.pl\/duesseldorf\/#\/schema\/person\/6b4b76776c5d49a1eb862046e311998e","name":"kolinskia","image":{"@type":"ImageObject","inLanguage":"pl-PL","@id":"https:\/\/instytutpolski.pl\/duesseldorf\/#\/schema\/person\/image\/","url":"https:\/\/secure.gravatar.com\/avatar\/9bb79075402c1d25f1e9e4e8260c2d13?s=96&d=mm&r=g","contentUrl":"https:\/\/secure.gravatar.com\/avatar\/9bb79075402c1d25f1e9e4e8260c2d13?s=96&d=mm&r=g","caption":"kolinskia"},"url":"https:\/\/instytutpolski.pl\/duesseldorf\/author\/kolinskia\/"}]}},"_links":{"self":[{"href":"https:\/\/instytutpolski.pl\/duesseldorf\/wp-json\/wp\/v2\/posts\/4636","targetHints":{"allow":["GET"]}}],"collection":[{"href":"https:\/\/instytutpolski.pl\/duesseldorf\/wp-json\/wp\/v2\/posts"}],"about":[{"href":"https:\/\/instytutpolski.pl\/duesseldorf\/wp-json\/wp\/v2\/types\/post"}],"author":[{"embeddable":true,"href":"https:\/\/instytutpolski.pl\/duesseldorf\/wp-json\/wp\/v2\/users\/103"}],"replies":[{"embeddable":true,"href":"https:\/\/instytutpolski.pl\/duesseldorf\/wp-json\/wp\/v2\/comments?post=4636"}],"version-history":[{"count":1,"href":"https:\/\/instytutpolski.pl\/duesseldorf\/wp-json\/wp\/v2\/posts\/4636\/revisions"}],"predecessor-version":[{"id":4638,"href":"https:\/\/instytutpolski.pl\/duesseldorf\/wp-json\/wp\/v2\/posts\/4636\/revisions\/4638"}],"wp:featuredmedia":[{"embeddable":true,"href":"https:\/\/instytutpolski.pl\/duesseldorf\/wp-json\/wp\/v2\/media\/4637"}],"wp:attachment":[{"href":"https:\/\/instytutpolski.pl\/duesseldorf\/wp-json\/wp\/v2\/media?parent=4636"}],"wp:term":[{"taxonomy":"category","embeddable":true,"href":"https:\/\/instytutpolski.pl\/duesseldorf\/wp-json\/wp\/v2\/categories?post=4636"},{"taxonomy":"post_tag","embeddable":true,"href":"https:\/\/instytutpolski.pl\/duesseldorf\/wp-json\/wp\/v2\/tags?post=4636"}],"curies":[{"name":"wp","href":"https:\/\/api.w.org\/{rel}","templated":true}]}}