{"id":4652,"date":"2013-04-10T10:57:00","date_gmt":"2013-04-10T08:57:00","guid":{"rendered":"https:\/\/instytutpolski.pl\/duesseldorf\/?p=4652"},"modified":"2021-06-09T11:11:55","modified_gmt":"2021-06-09T09:11:55","slug":"polnisches-programm-beim-internationalen-frauenfilmfestival","status":"publish","type":"post","link":"https:\/\/instytutpolski.pl\/duesseldorf\/2013\/04\/10\/polnisches-programm-beim-internationalen-frauenfilmfestival\/","title":{"rendered":"Polnisches Programm beim Internationalen Frauenfilmfestival"},"content":{"rendered":"\n<h3 class=\"h3_title\">\u00a0<\/h3>\n<div class=\"edytor programm\">\n<p class=\"news-info\"><strong>Mi 10.04.2013 &#8211; Sa 13.04.2013 <\/strong>Dortmund und K\u00f6ln<\/p>\nSechs Tage lang r\u00fcckt das Festival in Dortmund das Filmschaffen von Frauen in den Blickpunkt der \u00d6ffentlichkeit. Thema ist in diesem Jahr EXZESS. Das Publikum darf sich auf ein gro\u00dfes internationales Filmprogramm freuen, in dem bildgewaltige Spielfilme neben engagierten Dokumentarfilmen und Kurz- und Experimentalfilmen zu sehen sind. Wir m\u00f6chten Sie besonders auf Arbeiten aus Polen hinweisen.<br \/><br \/><em><strong>Wintertochter<\/strong><\/em>, R.: Johannes Schmid, PL 2011, 94\u2018<br \/>Die Drehbuchautorin Michaela Hinnenthal ist zum Filmgespr\u00e4ch eingeladen.<br \/>MI 10.04.2013, 9.00 Uhr, Kino im U, Leonie-Reygers-Terasse in Dortmund<br \/>DO 11.04.2013, 11.30 Uhr, Filmforum NRW im Museum Ludwig, Bischofsgartenstr. 1, K\u00f6ln<br \/><br \/><em><strong>Die Lebenden<\/strong><\/em>, R.: Barbara Albert, AT\/D\/PL 2012, 112\u2018, Spielfilmwettbewerb<br \/>Die Regisseurin Barbara Albert ist zum Filmgepr\u00e4ch eingeladen.<br \/>FR 12.04.2013, 17.30 Uhr, Kino im U, Leonie-Reygers-Terasse in Dortmund<br \/>SA 13.04.2013, 15.00 Uhr, Filmforum NRW im Museum Ludwig, Bischofsgartenstr. 1, K\u00f6ln<br \/><br \/><em><strong>In the Name of &#8211; W imi\u0119\u2026,\u00a0<\/strong><\/em>R.: Ma\u0142go\u015bka Szumowska, PL 2012, 96&#8242;, Spielfilmwettbewerb<br \/>Die Produzentin Agnieszka Kurzyd\u0142o ist zum Filmgespr\u00e4ch eingeladen.<br \/>SA 13.04.2013, 17.30 Uhr, Kino im U, Leonie-Reygers-Terasse in Dortmund<br \/><br \/><em><strong>Lebensgl\u00fccksmusik mit Bildern, Tanz und Sahne<br \/>Eine Performance des ensemble labsa mit Zofia Bartoszewicz<\/strong><\/em><br \/>In Kooperation mit Plateau<br \/>SA 13.04.2013, ab 20 Uhr, Plateau, Br\u00fcckstra\u00dfe 28 in Dortmund<\/div>\n","protected":false},"excerpt":{"rendered":"<p>\u00a0 Mi 10.04.2013 &#8211; Sa 13.04.2013 Dortmund und K\u00f6ln Sechs Tage lang r\u00fcckt das Festival in Dortmund das Filmschaffen von Frauen in den Blickpunkt der \u00d6ffentlichkeit. Thema ist in diesem Jahr EXZESS. Das Publikum darf sich auf ein gro\u00dfes internationales Filmprogramm freuen, in dem bildgewaltige Spielfilme neben engagierten Dokumentarfilmen und Kurz- und Experimentalfilmen zu sehen [&hellip;]<\/p>\n","protected":false},"author":103,"featured_media":4653,"comment_status":"open","ping_status":"open","sticky":false,"template":"","format":"standard","meta":{"inline_featured_image":false,"_monsterinsights_skip_tracking":false,"_monsterinsights_sitenote_active":false,"_monsterinsights_sitenote_note":"","_monsterinsights_sitenote_category":0,"footnotes":""},"categories":[14,103],"tags":[],"class_list":["post-4652","post","type-post","status-publish","format-standard","has-post-thumbnail","hentry","category-film","category-programm"],"yoast_head":"<!-- This site is optimized with the Yoast SEO plugin v24.6 - https:\/\/yoast.com\/wordpress\/plugins\/seo\/ -->\n<title>Polnisches Programm beim Internationalen Frauenfilmfestival - Instytut Polski w Dusseldorfie<\/title>\n<meta name=\"robots\" content=\"index, follow, max-snippet:-1, max-image-preview:large, max-video-preview:-1\" \/>\n<link rel=\"canonical\" href=\"https:\/\/instytutpolski.pl\/duesseldorf\/2013\/04\/10\/polnisches-programm-beim-internationalen-frauenfilmfestival\/\" \/>\n<meta property=\"og:locale\" content=\"pl_PL\" \/>\n<meta property=\"og:type\" content=\"article\" \/>\n<meta property=\"og:title\" content=\"Polnisches Programm beim Internationalen Frauenfilmfestival - Instytut Polski w Dusseldorfie\" \/>\n<meta property=\"og:description\" content=\"\u00a0 Mi 10.04.2013 &#8211; Sa 13.04.2013 Dortmund und K\u00f6ln Sechs Tage lang r\u00fcckt das Festival in Dortmund das Filmschaffen von Frauen in den Blickpunkt der \u00d6ffentlichkeit. Thema ist in diesem Jahr EXZESS. Das Publikum darf sich auf ein gro\u00dfes internationales Filmprogramm freuen, in dem bildgewaltige Spielfilme neben engagierten Dokumentarfilmen und Kurz- und Experimentalfilmen zu sehen [&hellip;]\" \/>\n<meta property=\"og:url\" content=\"https:\/\/instytutpolski.pl\/duesseldorf\/2013\/04\/10\/polnisches-programm-beim-internationalen-frauenfilmfestival\/\" \/>\n<meta property=\"og:site_name\" content=\"Instytut Polski w Dusseldorfie\" \/>\n<meta property=\"article:published_time\" content=\"2013-04-10T08:57:00+00:00\" \/>\n<meta property=\"article:modified_time\" content=\"2021-06-09T09:11:55+00:00\" \/>\n<meta property=\"og:image\" content=\"https:\/\/instytutpolski.pl\/duesseldorf\/wp-content\/uploads\/sites\/5\/2021\/06\/Die-Lebenden-1024x620.jpg\" \/>\n\t<meta property=\"og:image:width\" content=\"1024\" \/>\n\t<meta property=\"og:image:height\" content=\"620\" \/>\n\t<meta property=\"og:image:type\" content=\"image\/jpeg\" \/>\n<meta name=\"author\" content=\"kolinskia\" \/>\n<meta name=\"twitter:card\" content=\"summary_large_image\" \/>\n<meta name=\"twitter:label1\" content=\"Napisane przez\" \/>\n\t<meta name=\"twitter:data1\" content=\"kolinskia\" \/>\n\t<meta name=\"twitter:label2\" content=\"Szacowany czas czytania\" \/>\n\t<meta name=\"twitter:data2\" content=\"1 minuta\" \/>\n<script type=\"application\/ld+json\" class=\"yoast-schema-graph\">{\"@context\":\"https:\/\/schema.org\",\"@graph\":[{\"@type\":\"event\",\"@id\":\"https:\/\/instytutpolski.pl\/duesseldorf\/2013\/04\/10\/polnisches-programm-beim-internationalen-frauenfilmfestival\/\",\"url\":\"https:\/\/instytutpolski.pl\/duesseldorf\/2013\/04\/10\/polnisches-programm-beim-internationalen-frauenfilmfestival\/\",\"name\":\"Polnisches Programm beim Internationalen Frauenfilmfestival\",\"isPartOf\":{\"@id\":\"https:\/\/instytutpolski.pl\/duesseldorf\/#website\"},\"primaryImageOfPage\":{\"@id\":\"https:\/\/instytutpolski.pl\/duesseldorf\/2013\/04\/10\/polnisches-programm-beim-internationalen-frauenfilmfestival\/#primaryimage\"},\"image\":[\"https:\/\/instytutpolski.pl\/duesseldorf\/wp-content\/uploads\/sites\/5\/2021\/06\/Die-Lebenden.jpg\",\"https:\/\/instytutpolski.pl\/duesseldorf\/wp-content\/uploads\/sites\/5\/2021\/06\/Die-Lebenden-300x182.jpg\",\"https:\/\/instytutpolski.pl\/duesseldorf\/wp-content\/uploads\/sites\/5\/2021\/06\/Die-Lebenden-1024x620.jpg\",\"https:\/\/instytutpolski.pl\/duesseldorf\/wp-content\/uploads\/sites\/5\/2021\/06\/Die-Lebenden.jpg\"],\"thumbnailUrl\":\"https:\/\/instytutpolski.pl\/duesseldorf\/wp-content\/uploads\/sites\/5\/2021\/06\/Die-Lebenden.jpg\",\"datePublished\":\"2013-04-10T08:57:00+02:00\",\"dateModified\":\"2021-06-09T09:11:55+02:00\",\"author\":{\"@id\":\"https:\/\/instytutpolski.pl\/duesseldorf\/#\/schema\/person\/6b4b76776c5d49a1eb862046e311998e\"},\"breadcrumb\":{\"@id\":\"https:\/\/instytutpolski.pl\/duesseldorf\/2013\/04\/10\/polnisches-programm-beim-internationalen-frauenfilmfestival\/#breadcrumb\"},\"inLanguage\":\"pl-PL\",\"potentialAction\":[{\"@type\":\"ReadAction\",\"target\":[\"https:\/\/instytutpolski.pl\/duesseldorf\/2013\/04\/10\/polnisches-programm-beim-internationalen-frauenfilmfestival\/\"]}],\"@context\":\"https:\/\/schema.org\",\"startDate\":\"2013-04-10\",\"endDate\":\"2013-04-13\",\"eventStatus\":\"EventScheduled\",\"eventAttendanceMode\":\"OfflineEventAttendanceMode\",\"location\":{\"@type\":\"place\",\"name\":\"\",\"address\":\"\",\"geo\":{\"@type\":\"GeoCoordinates\",\"latitude\":\"\",\"longitude\":\"\"}},\"description\":\"\u00a0\\nMi 10.04.2013 - Sa 13.04.2013 Dortmund und K\u00f6ln\\nSechs Tage lang r\u00fcckt das Festival in Dortmund das Filmschaffen von Frauen in den Blickpunkt der \u00d6ffentlichkeit. Thema ist in diesem Jahr EXZESS. Das Publikum darf sich auf ein gro\u00dfes internationales Filmprogramm freuen, in dem bildgewaltige Spielfilme neben engagierten Dokumentarfilmen und Kurz- und Experimentalfilmen zu sehen sind. Wir m\u00f6chten Sie besonders auf Arbeiten aus Polen hinweisen.Wintertochter, R.: Johannes Schmid, PL 2011, 94\u2018Die Drehbuchautorin Michaela Hinnenthal ist zum Filmgespr\u00e4ch eingeladen.MI 10.04.2013, 9.00 Uhr, Kino im U, Leonie-Reygers-Terasse in DortmundDO 11.04.2013, 11.30 Uhr, Filmforum NRW im Museum Ludwig, Bischofsgartenstr. 1, K\u00f6lnDie Lebenden, R.: Barbara Albert, AT\/D\/PL 2012, 112\u2018, SpielfilmwettbewerbDie Regisseurin Barbara Albert ist zum Filmgepr\u00e4ch eingeladen.FR 12.04.2013, 17.30 Uhr, Kino im U, Leonie-Reygers-Terasse in DortmundSA 13.04.2013, 15.00 Uhr, Filmforum NRW im Museum Ludwig, Bischofsgartenstr. 1, K\u00f6lnIn the Name of - W imi\u0119\u2026,\u00a0R.: Ma\u0142go\u015bka Szumowska, PL 2012, 96', SpielfilmwettbewerbDie Produzentin Agnieszka Kurzyd\u0142o ist zum Filmgespr\u00e4ch eingeladen.SA 13.04.2013, 17.30 Uhr, Kino im U, Leonie-Reygers-Terasse in DortmundLebensgl\u00fccksmusik mit Bildern, Tanz und SahneEine Performance des ensemble labsa mit Zofia BartoszewiczIn Kooperation mit PlateauSA 13.04.2013, ab 20 Uhr, Plateau, Br\u00fcckstra\u00dfe 28 in Dortmund\"},{\"@type\":\"ImageObject\",\"inLanguage\":\"pl-PL\",\"@id\":\"https:\/\/instytutpolski.pl\/duesseldorf\/2013\/04\/10\/polnisches-programm-beim-internationalen-frauenfilmfestival\/#primaryimage\",\"url\":\"https:\/\/instytutpolski.pl\/duesseldorf\/wp-content\/uploads\/sites\/5\/2021\/06\/Die-Lebenden.jpg\",\"contentUrl\":\"https:\/\/instytutpolski.pl\/duesseldorf\/wp-content\/uploads\/sites\/5\/2021\/06\/Die-Lebenden.jpg\",\"width\":1880,\"height\":1138},{\"@type\":\"BreadcrumbList\",\"@id\":\"https:\/\/instytutpolski.pl\/duesseldorf\/2013\/04\/10\/polnisches-programm-beim-internationalen-frauenfilmfestival\/#breadcrumb\",\"itemListElement\":[{\"@type\":\"ListItem\",\"position\":1,\"name\":\"Home\",\"item\":\"https:\/\/instytutpolski.pl\/duesseldorf\/\"},{\"@type\":\"ListItem\",\"position\":2,\"name\":\"Polnisches Programm beim Internationalen Frauenfilmfestival\"}]},{\"@type\":\"WebSite\",\"@id\":\"https:\/\/instytutpolski.pl\/duesseldorf\/#website\",\"url\":\"https:\/\/instytutpolski.pl\/duesseldorf\/\",\"name\":\"Instytut Polski w Dusseldorfie\",\"description\":\"Instytuty Polskie\",\"potentialAction\":[{\"@type\":\"SearchAction\",\"target\":{\"@type\":\"EntryPoint\",\"urlTemplate\":\"https:\/\/instytutpolski.pl\/duesseldorf\/?s={search_term_string}\"},\"query-input\":{\"@type\":\"PropertyValueSpecification\",\"valueRequired\":true,\"valueName\":\"search_term_string\"}}],\"inLanguage\":\"pl-PL\"},{\"@type\":\"Person\",\"@id\":\"https:\/\/instytutpolski.pl\/duesseldorf\/#\/schema\/person\/6b4b76776c5d49a1eb862046e311998e\",\"name\":\"kolinskia\",\"image\":{\"@type\":\"ImageObject\",\"inLanguage\":\"pl-PL\",\"@id\":\"https:\/\/instytutpolski.pl\/duesseldorf\/#\/schema\/person\/image\/\",\"url\":\"https:\/\/secure.gravatar.com\/avatar\/9bb79075402c1d25f1e9e4e8260c2d13?s=96&d=mm&r=g\",\"contentUrl\":\"https:\/\/secure.gravatar.com\/avatar\/9bb79075402c1d25f1e9e4e8260c2d13?s=96&d=mm&r=g\",\"caption\":\"kolinskia\"},\"url\":\"https:\/\/instytutpolski.pl\/duesseldorf\/author\/kolinskia\/\"}]}<\/script>\n<!-- \/ Yoast SEO plugin. -->","yoast_head_json":{"title":"Polnisches Programm beim Internationalen Frauenfilmfestival - Instytut Polski w Dusseldorfie","robots":{"index":"index","follow":"follow","max-snippet":"max-snippet:-1","max-image-preview":"max-image-preview:large","max-video-preview":"max-video-preview:-1"},"canonical":"https:\/\/instytutpolski.pl\/duesseldorf\/2013\/04\/10\/polnisches-programm-beim-internationalen-frauenfilmfestival\/","og_locale":"pl_PL","og_type":"article","og_title":"Polnisches Programm beim Internationalen Frauenfilmfestival - Instytut Polski w Dusseldorfie","og_description":"\u00a0 Mi 10.04.2013 &#8211; Sa 13.04.2013 Dortmund und K\u00f6ln Sechs Tage lang r\u00fcckt das Festival in Dortmund das Filmschaffen von Frauen in den Blickpunkt der \u00d6ffentlichkeit. Thema ist in diesem Jahr EXZESS. Das Publikum darf sich auf ein gro\u00dfes internationales Filmprogramm freuen, in dem bildgewaltige Spielfilme neben engagierten Dokumentarfilmen und Kurz- und Experimentalfilmen zu sehen [&hellip;]","og_url":"https:\/\/instytutpolski.pl\/duesseldorf\/2013\/04\/10\/polnisches-programm-beim-internationalen-frauenfilmfestival\/","og_site_name":"Instytut Polski w Dusseldorfie","article_published_time":"2013-04-10T08:57:00+00:00","article_modified_time":"2021-06-09T09:11:55+00:00","og_image":[{"width":1024,"height":620,"url":"https:\/\/instytutpolski.pl\/duesseldorf\/wp-content\/uploads\/sites\/5\/2021\/06\/Die-Lebenden-1024x620.jpg","type":"image\/jpeg"}],"author":"kolinskia","twitter_card":"summary_large_image","twitter_misc":{"Napisane przez":"kolinskia","Szacowany czas czytania":"1 minuta"},"schema":{"@context":"https:\/\/schema.org","@graph":[{"@type":"event","@id":"https:\/\/instytutpolski.pl\/duesseldorf\/2013\/04\/10\/polnisches-programm-beim-internationalen-frauenfilmfestival\/","url":"https:\/\/instytutpolski.pl\/duesseldorf\/2013\/04\/10\/polnisches-programm-beim-internationalen-frauenfilmfestival\/","name":"Polnisches Programm beim Internationalen Frauenfilmfestival","isPartOf":{"@id":"https:\/\/instytutpolski.pl\/duesseldorf\/#website"},"primaryImageOfPage":{"@id":"https:\/\/instytutpolski.pl\/duesseldorf\/2013\/04\/10\/polnisches-programm-beim-internationalen-frauenfilmfestival\/#primaryimage"},"image":["https:\/\/instytutpolski.pl\/duesseldorf\/wp-content\/uploads\/sites\/5\/2021\/06\/Die-Lebenden.jpg","https:\/\/instytutpolski.pl\/duesseldorf\/wp-content\/uploads\/sites\/5\/2021\/06\/Die-Lebenden-300x182.jpg","https:\/\/instytutpolski.pl\/duesseldorf\/wp-content\/uploads\/sites\/5\/2021\/06\/Die-Lebenden-1024x620.jpg","https:\/\/instytutpolski.pl\/duesseldorf\/wp-content\/uploads\/sites\/5\/2021\/06\/Die-Lebenden.jpg"],"thumbnailUrl":"https:\/\/instytutpolski.pl\/duesseldorf\/wp-content\/uploads\/sites\/5\/2021\/06\/Die-Lebenden.jpg","datePublished":"2013-04-10T08:57:00+02:00","dateModified":"2021-06-09T09:11:55+02:00","author":{"@id":"https:\/\/instytutpolski.pl\/duesseldorf\/#\/schema\/person\/6b4b76776c5d49a1eb862046e311998e"},"breadcrumb":{"@id":"https:\/\/instytutpolski.pl\/duesseldorf\/2013\/04\/10\/polnisches-programm-beim-internationalen-frauenfilmfestival\/#breadcrumb"},"inLanguage":"pl-PL","potentialAction":[{"@type":"ReadAction","target":["https:\/\/instytutpolski.pl\/duesseldorf\/2013\/04\/10\/polnisches-programm-beim-internationalen-frauenfilmfestival\/"]}],"@context":"https:\/\/schema.org","startDate":"2013-04-10","endDate":"2013-04-13","eventStatus":"EventScheduled","eventAttendanceMode":"OfflineEventAttendanceMode","location":{"@type":"place","name":"","address":"","geo":{"@type":"GeoCoordinates","latitude":"","longitude":""}},"description":"\u00a0\nMi 10.04.2013 - Sa 13.04.2013 Dortmund und K\u00f6ln\nSechs Tage lang r\u00fcckt das Festival in Dortmund das Filmschaffen von Frauen in den Blickpunkt der \u00d6ffentlichkeit. Thema ist in diesem Jahr EXZESS. Das Publikum darf sich auf ein gro\u00dfes internationales Filmprogramm freuen, in dem bildgewaltige Spielfilme neben engagierten Dokumentarfilmen und Kurz- und Experimentalfilmen zu sehen sind. Wir m\u00f6chten Sie besonders auf Arbeiten aus Polen hinweisen.Wintertochter, R.: Johannes Schmid, PL 2011, 94\u2018Die Drehbuchautorin Michaela Hinnenthal ist zum Filmgespr\u00e4ch eingeladen.MI 10.04.2013, 9.00 Uhr, Kino im U, Leonie-Reygers-Terasse in DortmundDO 11.04.2013, 11.30 Uhr, Filmforum NRW im Museum Ludwig, Bischofsgartenstr. 1, K\u00f6lnDie Lebenden, R.: Barbara Albert, AT\/D\/PL 2012, 112\u2018, SpielfilmwettbewerbDie Regisseurin Barbara Albert ist zum Filmgepr\u00e4ch eingeladen.FR 12.04.2013, 17.30 Uhr, Kino im U, Leonie-Reygers-Terasse in DortmundSA 13.04.2013, 15.00 Uhr, Filmforum NRW im Museum Ludwig, Bischofsgartenstr. 1, K\u00f6lnIn the Name of - W imi\u0119\u2026,\u00a0R.: Ma\u0142go\u015bka Szumowska, PL 2012, 96', SpielfilmwettbewerbDie Produzentin Agnieszka Kurzyd\u0142o ist zum Filmgespr\u00e4ch eingeladen.SA 13.04.2013, 17.30 Uhr, Kino im U, Leonie-Reygers-Terasse in DortmundLebensgl\u00fccksmusik mit Bildern, Tanz und SahneEine Performance des ensemble labsa mit Zofia BartoszewiczIn Kooperation mit PlateauSA 13.04.2013, ab 20 Uhr, Plateau, Br\u00fcckstra\u00dfe 28 in Dortmund"},{"@type":"ImageObject","inLanguage":"pl-PL","@id":"https:\/\/instytutpolski.pl\/duesseldorf\/2013\/04\/10\/polnisches-programm-beim-internationalen-frauenfilmfestival\/#primaryimage","url":"https:\/\/instytutpolski.pl\/duesseldorf\/wp-content\/uploads\/sites\/5\/2021\/06\/Die-Lebenden.jpg","contentUrl":"https:\/\/instytutpolski.pl\/duesseldorf\/wp-content\/uploads\/sites\/5\/2021\/06\/Die-Lebenden.jpg","width":1880,"height":1138},{"@type":"BreadcrumbList","@id":"https:\/\/instytutpolski.pl\/duesseldorf\/2013\/04\/10\/polnisches-programm-beim-internationalen-frauenfilmfestival\/#breadcrumb","itemListElement":[{"@type":"ListItem","position":1,"name":"Home","item":"https:\/\/instytutpolski.pl\/duesseldorf\/"},{"@type":"ListItem","position":2,"name":"Polnisches Programm beim Internationalen Frauenfilmfestival"}]},{"@type":"WebSite","@id":"https:\/\/instytutpolski.pl\/duesseldorf\/#website","url":"https:\/\/instytutpolski.pl\/duesseldorf\/","name":"Instytut Polski w Dusseldorfie","description":"Instytuty Polskie","potentialAction":[{"@type":"SearchAction","target":{"@type":"EntryPoint","urlTemplate":"https:\/\/instytutpolski.pl\/duesseldorf\/?s={search_term_string}"},"query-input":{"@type":"PropertyValueSpecification","valueRequired":true,"valueName":"search_term_string"}}],"inLanguage":"pl-PL"},{"@type":"Person","@id":"https:\/\/instytutpolski.pl\/duesseldorf\/#\/schema\/person\/6b4b76776c5d49a1eb862046e311998e","name":"kolinskia","image":{"@type":"ImageObject","inLanguage":"pl-PL","@id":"https:\/\/instytutpolski.pl\/duesseldorf\/#\/schema\/person\/image\/","url":"https:\/\/secure.gravatar.com\/avatar\/9bb79075402c1d25f1e9e4e8260c2d13?s=96&d=mm&r=g","contentUrl":"https:\/\/secure.gravatar.com\/avatar\/9bb79075402c1d25f1e9e4e8260c2d13?s=96&d=mm&r=g","caption":"kolinskia"},"url":"https:\/\/instytutpolski.pl\/duesseldorf\/author\/kolinskia\/"}]}},"_links":{"self":[{"href":"https:\/\/instytutpolski.pl\/duesseldorf\/wp-json\/wp\/v2\/posts\/4652","targetHints":{"allow":["GET"]}}],"collection":[{"href":"https:\/\/instytutpolski.pl\/duesseldorf\/wp-json\/wp\/v2\/posts"}],"about":[{"href":"https:\/\/instytutpolski.pl\/duesseldorf\/wp-json\/wp\/v2\/types\/post"}],"author":[{"embeddable":true,"href":"https:\/\/instytutpolski.pl\/duesseldorf\/wp-json\/wp\/v2\/users\/103"}],"replies":[{"embeddable":true,"href":"https:\/\/instytutpolski.pl\/duesseldorf\/wp-json\/wp\/v2\/comments?post=4652"}],"version-history":[{"count":1,"href":"https:\/\/instytutpolski.pl\/duesseldorf\/wp-json\/wp\/v2\/posts\/4652\/revisions"}],"predecessor-version":[{"id":4654,"href":"https:\/\/instytutpolski.pl\/duesseldorf\/wp-json\/wp\/v2\/posts\/4652\/revisions\/4654"}],"wp:featuredmedia":[{"embeddable":true,"href":"https:\/\/instytutpolski.pl\/duesseldorf\/wp-json\/wp\/v2\/media\/4653"}],"wp:attachment":[{"href":"https:\/\/instytutpolski.pl\/duesseldorf\/wp-json\/wp\/v2\/media?parent=4652"}],"wp:term":[{"taxonomy":"category","embeddable":true,"href":"https:\/\/instytutpolski.pl\/duesseldorf\/wp-json\/wp\/v2\/categories?post=4652"},{"taxonomy":"post_tag","embeddable":true,"href":"https:\/\/instytutpolski.pl\/duesseldorf\/wp-json\/wp\/v2\/tags?post=4652"}],"curies":[{"name":"wp","href":"https:\/\/api.w.org\/{rel}","templated":true}]}}